{"id":35097,"date":"2025-03-08T11:41:40","date_gmt":"2025-03-08T08:41:40","guid":{"rendered":"https:\/\/denizcankizil.tr\/uncategorized-tr\/cenaze-pazar-gunu\/"},"modified":"2025-03-08T11:41:40","modified_gmt":"2025-03-08T08:41:40","slug":"cenaze-pazar-gunu","status":"publish","type":"post","link":"http:\/\/denizcankizil.tr\/ru\/haberler\/gundem\/cenaze-pazar-gunu\/","title":{"rendered":"Cenaze Pazar G\u00fcn\u00fc"},"content":{"rendered":"<p>Arabas\u0131n\u0131 dahi Turuncu mavi renklerle boyayarak kentin tak\u0131m\u0131n\u0131n simgesi olan Amigo Ali\u2019nin vefat\u0131 camiay\u0131 derinden \u00fczd\u00fc. \u0130skenderun Spor A\u015f\u0131\u011f\u0131 Amigo Ali\u2019nin Cenazesi yar\u0131n ( Pazar) g\u00fcn\u00fc \u00f6\u011flen Namaz\u0131na m\u00fcteakip kaptan pa\u015fa camiinden kald\u0131r\u0131l\u0131p Bekbele \u00c7aml\u0131 tarla mezarl\u0131\u011f\u0131na defnedilecek.<\/p>\n<p>\u200b\u0130skenderunspor\u2019un y\u0131llarca amigolu\u011funu yapan ve rahats\u0131zl\u0131\u011f\u0131 nedeniyle ma\u00e7lar\u0131 uzaktan takip eden Ali Da\u011fl\u0131 hayat\u0131n\u0131 kaybetti.\u00a0<\/p>\n<p>\u200bHaberin Al\u0131nt\u0131land\u0131\u011f\u0131 Kaynak: www.iskenderun.org<\/p>","protected":false},"excerpt":{"rendered":"<p>Arabas\u0131n\u0131 dahi Turuncu mavi renklerle boyayarak kentin tak\u0131m\u0131n\u0131n simgesi olan Amigo Ali\u2019nin vefat\u0131 camiay\u0131 derinden \u00fczd\u00fc. \u0130skenderun Spor A\u015f\u0131\u011f\u0131 Amigo Ali\u2019nin Cenazesi yar\u0131n ( Pazar) g\u00fcn\u00fc \u00f6\u011flen Namaz\u0131na m\u00fcteakip kaptan pa\u015fa camiinden kald\u0131r\u0131l\u0131p Bekbele \u00c7aml\u0131 tarla mezarl\u0131\u011f\u0131na defnedilecek. \u200b\u0130skenderunspor\u2019un y\u0131llarca amigolu\u011funu yapan ve rahats\u0131zl\u0131\u011f\u0131 nedeniyle ma\u00e7lar\u0131 uzaktan takip eden Ali Da\u011fl\u0131 hayat\u0131n\u0131 kaybetti.\u00a0 \u200bHaberin Al\u0131nt\u0131land\u0131\u011f\u0131 Kaynak: www.iskenderun.org<\/p>","protected":false},"author":1,"featured_media":0,"comment_status":"open","ping_status":"open","sticky":false,"template":"","format":"standard","meta":{"_acf_changed":false,"footnotes":""},"categories":[24],"tags":[],"class_list":["post-35097","post","type-post","status-publish","format-standard","has-post-thumbnail","hentry","category-gundem"],"acf":[],"yoast_head":"<!-- This site is optimized with the Yoast SEO Premium plugin v26.6 (Yoast SEO v27.1.1) - https:\/\/yoast.com\/product\/yoast-seo-premium-wordpress\/ -->\n<title>Cenaze Pazar G\u00fcn\u00fc - Av. Deniz Can K\u0131z\u0131l<\/title>\n<meta name=\"robots\" content=\"index, follow, max-snippet:-1, max-image-preview:large, max-video-preview:-1\" \/>\n<link rel=\"canonical\" href=\"http:\/\/denizcankizil.tr\/ru\/haberler\/gundem\/cenaze-pazar-gunu\/\" \/>\n<meta property=\"og:locale\" content=\"ru_RU\" \/>\n<meta property=\"og:type\" content=\"article\" \/>\n<meta property=\"og:title\" content=\"Cenaze Pazar G\u00fcn\u00fc\" \/>\n<meta property=\"og:description\" content=\"Arabas\u0131n\u0131 dahi Turuncu mavi renklerle boyayarak kentin tak\u0131m\u0131n\u0131n simgesi olan Amigo Ali\u2019nin vefat\u0131 camiay\u0131 derinden \u00fczd\u00fc. \u0130skenderun Spor A\u015f\u0131\u011f\u0131 Amigo Ali\u2019nin Cenazesi yar\u0131n ( Pazar) g\u00fcn\u00fc \u00f6\u011flen Namaz\u0131na m\u00fcteakip kaptan pa\u015fa camiinden kald\u0131r\u0131l\u0131p Bekbele \u00c7aml\u0131 tarla mezarl\u0131\u011f\u0131na defnedilecek. \u200b\u0130skenderunspor\u2019un y\u0131llarca amigolu\u011funu yapan ve rahats\u0131zl\u0131\u011f\u0131 nedeniyle ma\u00e7lar\u0131 uzaktan takip eden Ali Da\u011fl\u0131 hayat\u0131n\u0131 kaybetti.\u00a0 \u200bHaberin Al\u0131nt\u0131land\u0131\u011f\u0131 Kaynak: www.iskenderun.org\" \/>\n<meta property=\"og:url\" content=\"http:\/\/denizcankizil.tr\/ru\/haberler\/gundem\/cenaze-pazar-gunu\/\" \/>\n<meta property=\"og:site_name\" content=\"Av. Deniz Can K\u0131z\u0131l\" \/>\n<meta property=\"article:published_time\" content=\"2025-03-08T08:41:40+00:00\" \/>\n<meta name=\"author\" content=\"admin\" \/>\n<meta name=\"twitter:card\" content=\"summary_large_image\" \/>\n<meta name=\"twitter:label1\" content=\"\u041d\u0430\u043f\u0438\u0441\u0430\u043d\u043e \u0430\u0432\u0442\u043e\u0440\u043e\u043c\" \/>\n\t<meta name=\"twitter:data1\" content=\"admin\" \/>\n<script type=\"application\/ld+json\" class=\"yoast-schema-graph\">{\"@context\":\"https:\/\/schema.org\",\"@graph\":[{\"@type\":\"Article\",\"@id\":\"http:\/\/denizcankizil.tr\/ru\/haberler\/gundem\/cenaze-pazar-gunu\/#article\",\"isPartOf\":{\"@id\":\"http:\/\/denizcankizil.tr\/ru\/haberler\/gundem\/cenaze-pazar-gunu\/\"},\"author\":{\"name\":\"admin\",\"@id\":\"https:\/\/denizcankizil.tr\/#\/schema\/person\/be3c05fe6a12686905512445d8185489\"},\"headline\":\"Cenaze Pazar G\u00fcn\u00fc\",\"datePublished\":\"2025-03-08T08:41:40+00:00\",\"mainEntityOfPage\":{\"@id\":\"http:\/\/denizcankizil.tr\/ru\/haberler\/gundem\/cenaze-pazar-gunu\/\"},\"wordCount\":86,\"commentCount\":0,\"publisher\":{\"@id\":\"https:\/\/denizcankizil.tr\/#organization\"},\"articleSection\":[\"G\u00fcndem\"],\"inLanguage\":\"ru-RU\",\"potentialAction\":[{\"@type\":\"CommentAction\",\"name\":\"Comment\",\"target\":[\"http:\/\/denizcankizil.tr\/ru\/haberler\/gundem\/cenaze-pazar-gunu\/#respond\"]}]},{\"@type\":\"WebPage\",\"@id\":\"http:\/\/denizcankizil.tr\/ru\/haberler\/gundem\/cenaze-pazar-gunu\/\",\"url\":\"http:\/\/denizcankizil.tr\/ru\/haberler\/gundem\/cenaze-pazar-gunu\/\",\"name\":\"Cenaze Pazar G\u00fcn\u00fc - Av. Deniz Can K\u0131z\u0131l\",\"isPartOf\":{\"@id\":\"https:\/\/denizcankizil.tr\/#website\"},\"datePublished\":\"2025-03-08T08:41:40+00:00\",\"breadcrumb\":{\"@id\":\"http:\/\/denizcankizil.tr\/ru\/haberler\/gundem\/cenaze-pazar-gunu\/#breadcrumb\"},\"inLanguage\":\"ru-RU\",\"potentialAction\":[{\"@type\":\"ReadAction\",\"target\":[\"http:\/\/denizcankizil.tr\/ru\/haberler\/gundem\/cenaze-pazar-gunu\/\"]}]},{\"@type\":\"BreadcrumbList\",\"@id\":\"http:\/\/denizcankizil.tr\/ru\/haberler\/gundem\/cenaze-pazar-gunu\/#breadcrumb\",\"itemListElement\":[{\"@type\":\"ListItem\",\"position\":1,\"name\":\"Home\",\"item\":\"https:\/\/denizcankizil.tr\/de\/\"},{\"@type\":\"ListItem\",\"position\":2,\"name\":\"Cenaze Pazar G\u00fcn\u00fc\"}]},{\"@type\":\"WebSite\",\"@id\":\"https:\/\/denizcankizil.tr\/#website\",\"url\":\"https:\/\/denizcankizil.tr\/\",\"name\":\"Av. Deniz Can K\u0131z\u0131l\",\"description\":\"Avukat Deniz Can K\u0131z\u0131l Antalya Barosu\",\"publisher\":{\"@id\":\"https:\/\/denizcankizil.tr\/#organization\"},\"potentialAction\":[{\"@type\":\"SearchAction\",\"target\":{\"@type\":\"EntryPoint\",\"urlTemplate\":\"https:\/\/denizcankizil.tr\/?s={search_term_string}\"},\"query-input\":{\"@type\":\"PropertyValueSpecification\",\"valueRequired\":true,\"valueName\":\"search_term_string\"}}],\"inLanguage\":\"ru-RU\"},{\"@type\":\"Organization\",\"@id\":\"https:\/\/denizcankizil.tr\/#organization\",\"name\":\"Av. Deniz Can K\u0131z\u0131l\",\"url\":\"https:\/\/denizcankizil.tr\/\",\"logo\":{\"@type\":\"ImageObject\",\"inLanguage\":\"ru-RU\",\"@id\":\"https:\/\/denizcankizil.tr\/#\/schema\/logo\/image\/\",\"url\":\"http:\/\/denizcankizil.tr\/wp-content\/uploads\/2024\/10\/siyah-logo-svg.svg\",\"contentUrl\":\"http:\/\/denizcankizil.tr\/wp-content\/uploads\/2024\/10\/siyah-logo-svg.svg\",\"width\":1080,\"height\":1080,\"caption\":\"Av. Deniz Can K\u0131z\u0131l\"},\"image\":{\"@id\":\"https:\/\/denizcankizil.tr\/#\/schema\/logo\/image\/\"}},{\"@type\":\"Person\",\"@id\":\"https:\/\/denizcankizil.tr\/#\/schema\/person\/be3c05fe6a12686905512445d8185489\",\"name\":\"admin\",\"image\":{\"@type\":\"ImageObject\",\"inLanguage\":\"ru-RU\",\"@id\":\"https:\/\/denizcankizil.tr\/#\/schema\/person\/image\/\",\"url\":\"https:\/\/secure.gravatar.com\/avatar\/c1fce94c830dc79107e174f890d7210541c4a63e8e5d816341794a2151c9d58c?s=96&d=mm&r=g\",\"contentUrl\":\"https:\/\/secure.gravatar.com\/avatar\/c1fce94c830dc79107e174f890d7210541c4a63e8e5d816341794a2151c9d58c?s=96&d=mm&r=g\",\"caption\":\"admin\"},\"sameAs\":[\"http:\/\/denizcankizil.tr\"],\"url\":\"https:\/\/www.iskenderun.org\/cenaze-pazar-gunu\"}]}<\/script>\n<!-- \/ Yoast SEO Premium plugin. -->","yoast_head_json":{"title":"Cenaze Pazar G\u00fcn\u00fc - Av. Deniz Can K\u0131z\u0131l","robots":{"index":"index","follow":"follow","max-snippet":"max-snippet:-1","max-image-preview":"max-image-preview:large","max-video-preview":"max-video-preview:-1"},"canonical":"http:\/\/denizcankizil.tr\/ru\/haberler\/gundem\/cenaze-pazar-gunu\/","og_locale":"ru_RU","og_type":"article","og_title":"Cenaze Pazar G\u00fcn\u00fc","og_description":"Arabas\u0131n\u0131 dahi Turuncu mavi renklerle boyayarak kentin tak\u0131m\u0131n\u0131n simgesi olan Amigo Ali\u2019nin vefat\u0131 camiay\u0131 derinden \u00fczd\u00fc. \u0130skenderun Spor A\u015f\u0131\u011f\u0131 Amigo Ali\u2019nin Cenazesi yar\u0131n ( Pazar) g\u00fcn\u00fc \u00f6\u011flen Namaz\u0131na m\u00fcteakip kaptan pa\u015fa camiinden kald\u0131r\u0131l\u0131p Bekbele \u00c7aml\u0131 tarla mezarl\u0131\u011f\u0131na defnedilecek. \u200b\u0130skenderunspor\u2019un y\u0131llarca amigolu\u011funu yapan ve rahats\u0131zl\u0131\u011f\u0131 nedeniyle ma\u00e7lar\u0131 uzaktan takip eden Ali Da\u011fl\u0131 hayat\u0131n\u0131 kaybetti.\u00a0 \u200bHaberin Al\u0131nt\u0131land\u0131\u011f\u0131 Kaynak: www.iskenderun.org","og_url":"http:\/\/denizcankizil.tr\/ru\/haberler\/gundem\/cenaze-pazar-gunu\/","og_site_name":"Av. Deniz Can K\u0131z\u0131l","article_published_time":"2025-03-08T08:41:40+00:00","author":"admin","twitter_card":"summary_large_image","twitter_misc":{"\u041d\u0430\u043f\u0438\u0441\u0430\u043d\u043e \u0430\u0432\u0442\u043e\u0440\u043e\u043c":"admin"},"schema":{"@context":"https:\/\/schema.org","@graph":[{"@type":"Article","@id":"http:\/\/denizcankizil.tr\/ru\/haberler\/gundem\/cenaze-pazar-gunu\/#article","isPartOf":{"@id":"http:\/\/denizcankizil.tr\/ru\/haberler\/gundem\/cenaze-pazar-gunu\/"},"author":{"name":"admin","@id":"https:\/\/denizcankizil.tr\/#\/schema\/person\/be3c05fe6a12686905512445d8185489"},"headline":"Cenaze Pazar G\u00fcn\u00fc","datePublished":"2025-03-08T08:41:40+00:00","mainEntityOfPage":{"@id":"http:\/\/denizcankizil.tr\/ru\/haberler\/gundem\/cenaze-pazar-gunu\/"},"wordCount":86,"commentCount":0,"publisher":{"@id":"https:\/\/denizcankizil.tr\/#organization"},"articleSection":["G\u00fcndem"],"inLanguage":"ru-RU","potentialAction":[{"@type":"CommentAction","name":"Comment","target":["http:\/\/denizcankizil.tr\/ru\/haberler\/gundem\/cenaze-pazar-gunu\/#respond"]}]},{"@type":"WebPage","@id":"http:\/\/denizcankizil.tr\/ru\/haberler\/gundem\/cenaze-pazar-gunu\/","url":"http:\/\/denizcankizil.tr\/ru\/haberler\/gundem\/cenaze-pazar-gunu\/","name":"Cenaze Pazar G\u00fcn\u00fc - Av. Deniz Can K\u0131z\u0131l","isPartOf":{"@id":"https:\/\/denizcankizil.tr\/#website"},"datePublished":"2025-03-08T08:41:40+00:00","breadcrumb":{"@id":"http:\/\/denizcankizil.tr\/ru\/haberler\/gundem\/cenaze-pazar-gunu\/#breadcrumb"},"inLanguage":"ru-RU","potentialAction":[{"@type":"ReadAction","target":["http:\/\/denizcankizil.tr\/ru\/haberler\/gundem\/cenaze-pazar-gunu\/"]}]},{"@type":"BreadcrumbList","@id":"http:\/\/denizcankizil.tr\/ru\/haberler\/gundem\/cenaze-pazar-gunu\/#breadcrumb","itemListElement":[{"@type":"ListItem","position":1,"name":"Home","item":"https:\/\/denizcankizil.tr\/de\/"},{"@type":"ListItem","position":2,"name":"Cenaze Pazar G\u00fcn\u00fc"}]},{"@type":"WebSite","@id":"https:\/\/denizcankizil.tr\/#website","url":"https:\/\/denizcankizil.tr\/","name":"Av. Deniz Can K\u0131z\u0131l","description":"Avukat Deniz Can K\u0131z\u0131l Antalya Barosu","publisher":{"@id":"https:\/\/denizcankizil.tr\/#organization"},"potentialAction":[{"@type":"SearchAction","target":{"@type":"EntryPoint","urlTemplate":"https:\/\/denizcankizil.tr\/?s={search_term_string}"},"query-input":{"@type":"PropertyValueSpecification","valueRequired":true,"valueName":"search_term_string"}}],"inLanguage":"ru-RU"},{"@type":"Organization","@id":"https:\/\/denizcankizil.tr\/#organization","name":"Av. Deniz Can K\u0131z\u0131l","url":"https:\/\/denizcankizil.tr\/","logo":{"@type":"ImageObject","inLanguage":"ru-RU","@id":"https:\/\/denizcankizil.tr\/#\/schema\/logo\/image\/","url":"http:\/\/denizcankizil.tr\/wp-content\/uploads\/2024\/10\/siyah-logo-svg.svg","contentUrl":"http:\/\/denizcankizil.tr\/wp-content\/uploads\/2024\/10\/siyah-logo-svg.svg","width":1080,"height":1080,"caption":"Av. Deniz Can K\u0131z\u0131l"},"image":{"@id":"https:\/\/denizcankizil.tr\/#\/schema\/logo\/image\/"}},{"@type":"Person","@id":"https:\/\/denizcankizil.tr\/#\/schema\/person\/be3c05fe6a12686905512445d8185489","name":"\u0430\u0434\u043c\u0438\u043d","image":{"@type":"ImageObject","inLanguage":"ru-RU","@id":"https:\/\/denizcankizil.tr\/#\/schema\/person\/image\/","url":"https:\/\/secure.gravatar.com\/avatar\/c1fce94c830dc79107e174f890d7210541c4a63e8e5d816341794a2151c9d58c?s=96&d=mm&r=g","contentUrl":"https:\/\/secure.gravatar.com\/avatar\/c1fce94c830dc79107e174f890d7210541c4a63e8e5d816341794a2151c9d58c?s=96&d=mm&r=g","caption":"admin"},"sameAs":["http:\/\/denizcankizil.tr"],"url":"https:\/\/www.iskenderun.org\/cenaze-pazar-gunu"}]}},"_links":{"self":[{"href":"http:\/\/denizcankizil.tr\/ru\/wp-json\/wp\/v2\/posts\/35097","targetHints":{"allow":["GET"]}}],"collection":[{"href":"http:\/\/denizcankizil.tr\/ru\/wp-json\/wp\/v2\/posts"}],"about":[{"href":"http:\/\/denizcankizil.tr\/ru\/wp-json\/wp\/v2\/types\/post"}],"author":[{"embeddable":true,"href":"http:\/\/denizcankizil.tr\/ru\/wp-json\/wp\/v2\/users\/1"}],"replies":[{"embeddable":true,"href":"http:\/\/denizcankizil.tr\/ru\/wp-json\/wp\/v2\/comments?post=35097"}],"version-history":[{"count":0,"href":"http:\/\/denizcankizil.tr\/ru\/wp-json\/wp\/v2\/posts\/35097\/revisions"}],"wp:attachment":[{"href":"http:\/\/denizcankizil.tr\/ru\/wp-json\/wp\/v2\/media?parent=35097"}],"wp:term":[{"taxonomy":"category","embeddable":true,"href":"http:\/\/denizcankizil.tr\/ru\/wp-json\/wp\/v2\/categories?post=35097"},{"taxonomy":"post_tag","embeddable":true,"href":"http:\/\/denizcankizil.tr\/ru\/wp-json\/wp\/v2\/tags?post=35097"}],"curies":[{"name":"wp","href":"https:\/\/api.w.org\/{rel}","templated":true}]}}