{"id":34672,"date":"2025-03-04T15:09:28","date_gmt":"2025-03-04T12:09:28","guid":{"rendered":"https:\/\/denizcankizil.tr\/uncategorized-tr\/hukumlu-hak-sahibi-ile-cocugun-kisisel-iliski-kurmasi\/"},"modified":"2025-03-04T15:09:28","modified_gmt":"2025-03-04T12:09:28","slug":"hukumlu-hak-sahibi-ile-cocugun-kisisel-iliski-kurmasi","status":"publish","type":"post","link":"http:\/\/denizcankizil.tr\/ru\/koseyazilari\/degerlendirme\/hukumlu-hak-sahibi-ile-cocugun-kisisel-iliski-kurmasi\/","title":{"rendered":"H\u00fck\u00fcml\u00fc Hak Sahibi ile \u00c7ocu\u011fun Ki\u015fisel \u0130li\u015fki Kurmas\u0131"},"content":{"rendered":"<p> <strong>H\u00fck\u00fcml\u00fc Hak Sahibi ile \u00c7ocu\u011fun Ki\u015fisel \u0130li\u015fki Kurmas\u0131: Hukuki \u00c7er\u00e7eve ve Uygulama Sorunlar\u0131<\/strong><\/p>\n<p>Hukukun temel ilkelerinden\u200c biri, bireylerin temel\u200c hak ve \u00f6zg\u00fcrl\u00fcklerinin korunmas\u0131d\u0131r.Bu\u2063 ba\u011flamda, h\u00fck\u00fcml\u00fc bireylerin \u00e7ocuklar\u0131yla olan\u2064 ili\u015fkileri, \u2062hem aile\u200c hukuku hem de ceza\u2064 hukuku a\u00e7\u0131s\u0131ndan \u00f6nemli bir \u200dtart\u0131\u015fma konusunu olu\u015fturmaktad\u0131r. H\u00fck\u00fcml\u00fc hak sahibi ile \u00e7ocu\u011fu aras\u0131ndaki ki\u015fisel ili\u015fki, yaln\u0131zca\u2064 bireysel haklar\u0131n korunmas\u0131 de\u011fil, ayn\u0131 \u2062zamanda \u00e7ocu\u011fun geli\u015fimi ve psikolojik\u2063 sa\u011fl\u0131\u011f\u0131 a\u00e7\u0131s\u0131ndan\u2064 da kritik bir \u00f6neme \u200dsahiptir. T\u00fcrk Medeni \u2062Kanunu ve ilgili mevzuatlar \u2062\u00e7er\u00e7evesinde, h\u00fck\u00fcml\u00fc bireylerin\u200d \u00e7ocuklar\u0131yla olan ili\u015fkilerinin d\u00fczenlenmesi, hem hukuki hem de sosyal\u200b boyutlar\u0131yla ele \u200bal\u0131nmal\u0131d\u0131r. Bu makalede, h\u00fck\u00fcml\u00fc hak sahibinin \u200b\u00e7ocuklar\u0131yla ki\u015fisel \u200bili\u015fki \u2064kurma\u200d hakk\u0131, bu\u2062 ili\u015fkinin hukuki dayanaklar\u0131\u200d ve \u2062uygulamada kar\u015f\u0131la\u015f\u0131lan zorluklar\u2064 incelenecektir. Ayr\u0131ca, \u2063\u00e7ocuklar\u0131n bu ili\u015fkiden nas\u0131l etkilendi\u011fi ve bu ba\u011flamda \u200bal\u0131nmas\u0131 gereken \u00f6nlemler \u00fczerinde durulacakt\u0131r.<br \/><img decoding=\"async\" class=\"kimage_class lazyload\" data-src=\"https:\/\/denizcankizil.tr\/wp-content\/uploads\/2024\/10\/3637-types-of-cases-handled-by-real-estate-attorneys-in-antalya.jpg\" alt=\"H\u00fck\u00fcml\u00fc Hak Sahibi ile \u00c7ocu\u011fun\u200b ki\u015fisel \u2063\u0130li\u015fki \u2064Kurmas\u0131n\u0131n Hukuki \u00c7er\u00e7evesi\" src=\"data:image\/svg+xml;base64,PHN2ZyB3aWR0aD0iMSIgaGVpZ2h0PSIxIiB4bWxucz0iaHR0cDovL3d3dy53My5vcmcvMjAwMC9zdmciPjwvc3ZnPg==\"><\/p>\n<h2 id=\"hukumlu-hak-sahibi-ile-cocugun-kisisel-iliski-kurmasinin-hukuki-cercevesi\">H\u00fck\u00fcml\u00fc Hak Sahibi ile \u00c7ocu\u011fun Ki\u015fisel\u2062 \u0130li\u015fki Kurmas\u0131n\u0131n Hukuki \u2063\u00c7er\u00e7evesi<\/h2>\n<p>H\u00fck\u00fcml\u00fc hak \u200bsahibi ile \u00e7ocu\u011fun ki\u015fisel ili\u015fki kurmas\u0131, \u200bT\u00fcrk\u200c hukuk\u200b sisteminde \u00f6nemli bir yer tutmaktad\u0131r. \u2063Bu \u2064ba\u011flamda, \u200b <strong>\u0413\u0440\u0430\u0436\u0434\u0430\u043d\u0441\u043a\u0438\u0439 \u043a\u043e\u0434\u0435\u043a\u0441 \u0422\u0443\u0440\u0446\u0438\u0438<\/strong> \u0432\u0435 <strong>\u00c7ocuk Koruma Kanunu<\/strong> \u00e7er\u00e7evesinde, \u2062\u00e7ocu\u011fun \u00fcst\u00fcn \u2064yarar\u0131 g\u00f6zetilerek d\u00fczenlemeler \u200dyap\u0131lm\u0131\u015ft\u0131r. H\u00fck\u00fcml\u00fc olan ebeveynin,\u00e7ocu\u011fuyla \u2062olan ili\u015fkisi,hem\u200d hukuki hem de duygusal a\u00e7\u0131dan dikkate al\u0131nmas\u0131 gereken\u200c bir konudur.<\/p>\n<p>H\u00fck\u00fcml\u00fc ebeveynin \u00e7ocukla ki\u015fisel\u200d ili\u015fki \u200bkurabilmesi \u2063i\u00e7in \u200bbelirli \u015fartlar ve prosed\u00fcrler bulunmaktad\u0131r.\u200c Bu s\u00fcre\u00e7te g\u00f6z \u00f6n\u00fcnde bulundurulmas\u0131 gereken ba\u015fl\u0131ca\u200c unsurlar \u015funlard\u0131r:<\/p>\n<ul>\n<li><strong>\u00c7ocu\u011fun Ya\u015f\u0131 ve geli\u015fim D\u00fczeyi:<\/strong> \u00c7ocu\u011fun ya\u015f\u0131, ki\u015fisel\u200c ili\u015fki\u2062 kurma \u015fekli \u00fczerinde\u200b etkili olmaktad\u0131r. K\u00fc\u00e7\u00fck ya\u015f gruplar\u0131ndaki\u2062 \u00e7ocuklar\u2062 i\u00e7in daha dikkatli bir \u200dyakla\u015f\u0131m\u200d gerekmektedir.<\/li>\n<li><strong>H\u00fck\u00fcml\u00fc Ebeveynin Durumu:<\/strong> \u2064 H\u00fck\u00fcml\u00fc olan ebeveynin ceza infaz\u2063 durumu, ki\u015fisel ili\u015fki \u2063kurma hakk\u0131n\u0131 etkileyebilir. \u00d6rne\u011fin,cezaevi ko\u015fullar\u0131\u2064 ve ziyaret saatleri gibi \u200dfakt\u00f6rler \u00f6nemlidir.<\/li>\n<li><strong>\u00c7ocu\u011fun Psikolojik Durumu:<\/strong> \u00c7ocu\u011fun ruhsal \u2064sa\u011fl\u0131\u011f\u0131, h\u00fck\u00fcml\u00fc \u2064ebeveynle\u200d olan\u2064 ili\u015fkisini etkileyebilir.\u2062 Bu \u2063nedenle, uzman g\u00f6r\u00fc\u015fleri al\u0131nmas\u0131\u200b faydal\u0131\u200b olabilir.<\/li>\n<\/ul>\n<p>Sonu\u00e7 olarak,h\u00fck\u00fcml\u00fc \u2062hak sahibi ile \u2062\u00e7ocu\u011fun ki\u015fisel ili\u015fki\u200d kurmas\u0131,hukuki \u2064bir \u00e7er\u00e7eveye oturtulmu\u015f \u2064olmakla\u200d birlikte,her durumun kendine \u200d\u00f6zg\u00fc dinamikleri bulunmaktad\u0131r.Bu nedenle, her\u200c iki taraf\u0131n \u200cda haklar\u0131 ve y\u00fck\u00fcml\u00fcl\u00fckleri dikkate al\u0131narak, \u00e7ocu\u011fun en\u2064 iyi\u200b \u015fekilde\u2064 korunmas\u0131 hedeflenmelidir.<\/p>\n<p><img decoding=\"async\" class=\"kimage_class lazyload\" data-src=\"https:\/\/denizcankizil.tr\/wp-content\/uploads\/2024\/10\/4382-antalyada-ticaret-hukuku-avukatlarinin-yetki-alanlari.jpg\" alt=\"H\u00fck\u00fcml\u00fc Hak Sahibinin\u2064 \u00c7ocuk \u00dczerindeki Ebeveynlik Haklar\u0131\" src=\"data:image\/svg+xml;base64,PHN2ZyB3aWR0aD0iMSIgaGVpZ2h0PSIxIiB4bWxucz0iaHR0cDovL3d3dy53My5vcmcvMjAwMC9zdmciPjwvc3ZnPg==\"><\/p>\n<h2 id=\"hukumlu-hak-sahibinin-cocuk-uzerindeki-ebeveynlik-haklari\">H\u00fck\u00fcml\u00fc Hak \u200csahibinin\u200d \u00c7ocuk \u00dczerindeki Ebeveynlik Haklar\u0131<\/h2>\n<p>H\u00fck\u00fcml\u00fc \u200bhak sahibinin \u00e7ocuk \u00fczerindeki ebeveynlik haklar\u0131, \u00e7ocu\u011fun\u200b geli\u015fimi ve psikolojik sa\u011fl\u0131\u011f\u0131 a\u00e7\u0131s\u0131ndan son derece\u2062 \u00f6nemlidir. \u200dEbeveynlik haklar\u0131, yaln\u0131zca fiziksel varl\u0131kla s\u0131n\u0131rl\u0131 kalmay\u0131p, \u200bayn\u0131 zamanda duygusal ve sosyal\u2063 ba\u011flar\u0131n da s\u00fcrd\u00fcr\u00fclmesini\u2064 gerektirir. Bu ba\u011flamda, h\u00fck\u00fcml\u00fc ebeveynin \u00e7ocukla olan\u200b ili\u015fkisi, \u00e7e\u015fitli hukuki d\u00fczenlemeler ve \u2062uygulamalar \u00e7er\u00e7evesinde\u2064 \u015fekillenmektedir.<\/p>\n<p>H\u00fck\u00fcml\u00fc ebeveynin \u00e7ocukla ki\u015fisel ili\u015fki kurabilmesi\u200b i\u00e7in \u2064a\u015fa\u011f\u0131daki hususlara dikkat \u2063edilmesi gerekmektedir:<\/p>\n<ul>\n<li><strong>\u0130leti\u015fim Haklar\u0131:<\/strong> \u200bH\u00fck\u00fcml\u00fc ebeveyn, \u2063\u00e7ocukla d\u00fczenli\u2062 olarak \u2064ileti\u015fim kurma\u2062 hakk\u0131na sahiptir.\u2062 Bu ileti\u015fim, mektup, telefon\u2064 g\u00f6r\u00fc\u015fmesi veya video konferans\u2062 gibi y\u00f6ntemlerle\u2062 sa\u011flanabilir.<\/li>\n<li><strong>G\u00f6r\u00fc\u015fme D\u00fczenlemeleri:<\/strong> \u00c7ocu\u011fun h\u00fck\u00fcml\u00fc ebeveyniyle \u200cg\u00f6r\u00fc\u015fme s\u0131kl\u0131\u011f\u0131 ve s\u00fcresi, mahkeme kararlar\u0131 do\u011frultusunda belirlenir. Bu g\u00f6r\u00fc\u015fmelerin \u00e7ocu\u011fun \u2063yarar\u0131na olacak \u015fekilde planlanmas\u0131 \u00f6nemlidir.<\/li>\n<li><strong>\u00c7ocu\u011fun Psikolojik \u200dDurumu:<\/strong> \u2063H\u00fck\u00fcml\u00fc ebeveynin \u00e7ocukla olan ili\u015fkisi,\u00e7ocu\u011fun psikolojik sa\u011fl\u0131\u011f\u0131 \u00fczerinde \u2063etkili\u2064 olabilir. Bu\u200b nedenle,g\u00f6r\u00fc\u015fmelerin\u200c \u00e7ocu\u011fun geli\u015fim s\u00fcrecine olumlu\u2063 katk\u0131 sa\u011flamas\u0131 hedeflenmelidir.<\/li>\n<\/ul>\n<p>Sonu\u00e7 olarak, h\u00fck\u00fcml\u00fc hak sahibinin \u00e7ocuk \u00fczerindeki ebeveynlik\u200d haklar\u0131, \u00e7ocu\u011fun sa\u011fl\u0131kl\u0131 \u200cbir birey olarak yeti\u015fmesi i\u00e7in kritik bir rol \u2064oynamaktad\u0131r.\u200c Bu haklar\u0131n etkin bir \u015fekilde kullan\u0131lmas\u0131, \u200dhem \u00e7ocu\u011fun hem de ebeveynin duygusal ba\u011flar\u0131n\u0131n \u200dg\u00fc\u00e7lenmesine \u2063katk\u0131da bulunacakt\u0131r.<\/p>\n<p><img decoding=\"async\" class=\"kimage_class lazyload\" data-src=\"https:\/\/denizcankizil.tr\/wp-content\/uploads\/2024\/10\/ounsel-scaled.jpg\" alt=\"\u00c7ocuklar\u0131n\u2062 H\u00fck\u00fcml\u00fc Ebeveynleri\u200b ile \u0130li\u015fki Kurma S\u00fcrecindeki Psikolojik Etkiler\" src=\"data:image\/svg+xml;base64,PHN2ZyB3aWR0aD0iMSIgaGVpZ2h0PSIxIiB4bWxucz0iaHR0cDovL3d3dy53My5vcmcvMjAwMC9zdmciPjwvc3ZnPg==\"><\/p>\n<h2 id=\"cocuklarin-hukumlu-ebeveynleri-ile-iliski-kurma-surecindeki-psikolojik-etkiler\">\u00c7ocuklar\u0131n \u2064H\u00fck\u00fcml\u00fc Ebeveynleri\u2062 ile \u0130li\u015fki\u200c Kurma S\u00fcrecindeki Psikolojik Etkiler<\/h2>\n<p>H\u00fck\u00fcml\u00fc ebeveynlerle \u00e7ocuklar\u0131 aras\u0131ndaki ili\u015fki, bir\u00e7ok psikolojik etkiyi beraberinde getirebilir. Bu s\u00fcre\u00e7, \u00e7ocuklar\u0131n duygusal ve sosyal geli\u015fimlerini etkileyen \u00f6nemli bir fakt\u00f6rd\u00fcr. \u00c7ocuklar,\u200b ebeveynlerinin cezaevinde bulunmas\u0131 nedeniyle \u00e7e\u015fitli zorluklarla kar\u015f\u0131la\u015fabilirler. Bu \u200czorluklar aras\u0131nda \u015funlar yer al\u0131r:<\/p>\n<ul>\n<li><strong>Duygusal Yaln\u0131zl\u0131k:<\/strong> H\u00fck\u00fcml\u00fc \u2063ebeveynin yoklu\u011fu, \u00e7ocuklarda\u2062 yaln\u0131zl\u0131k hissine yol\u2064 a\u00e7abilir. Bu durum,\u200b \u00e7ocuklar\u0131n kendilerini\u2063 d\u0131\u015flanm\u0131\u015f\u2062 hissetmelerine neden olabilir.<\/li>\n<li><strong>Kimlik Geli\u015fimi\u200b \u00dczerindeki Etkiler:<\/strong> Ebeveynin cezaevinde\u200d olmas\u0131, \u200c\u00e7ocu\u011fun kimlik \u200cgeli\u015fimini \u200columsuz \u2063y\u00f6nde etkileyebilir. \u00c7ocuklar, ebeveynlerinin su\u00e7lu olmas\u0131 nedeniyle toplumda damgalanma \u200bkorkusu ya\u015fayabilirler.<\/li>\n<li><strong>Ba\u011flanma Sorunlar\u0131:<\/strong> H\u00fck\u00fcml\u00fc\u200c ebeveynle kurulan ili\u015fki,\u00e7ocuklar\u0131n ba\u011flanma stillerini etkileyebilir. G\u00fcvensiz ba\u011flanma, ilerleyen ya\u015flarda ili\u015fkilerde sorunlara\u2064 yol a\u00e7abilir.<\/li>\n<li><strong>Davran\u0131\u015fsal Problemler:<\/strong> \u2062 Ebeveynin \u200ccezaevinde \u2063olmas\u0131, \u00e7ocuklarda davran\u0131\u015fsal sorunlar\u0131n ortaya \u00e7\u0131kmas\u0131na \u2063neden olabilir. Bu \u2062durum, \u2064okul ba\u015far\u0131s\u0131n\u0131 ve \u2064sosyal\u200d ili\u015fkileri olumsuz\u2063 etkileyebilir.<\/li>\n<\/ul>\n<p>Bu ba\u011flamda, \u00e7ocuklar\u0131n\u2063 h\u00fck\u00fcml\u00fc ebeveynleriyle ili\u015fkilerini desteklemek i\u00e7in \u00e7e\u015fitli psikolojik m\u00fcdahale y\u00f6ntemleri uygulanabilir. Aile terapisi, bireysel dan\u0131\u015fmanl\u0131k ve grup terapileri, \u00e7ocuklar\u0131n bu s\u00fcre\u00e7te \u200cya\u015fad\u0131klar\u0131 zorluklar\u0131 a\u015fmalar\u0131na\u2063 yard\u0131mc\u0131 olabilir. Ayr\u0131ca, h\u00fck\u00fcml\u00fc ebeveynlerin \u00e7ocuklar\u0131yla ileti\u015fim kurmalar\u0131n\u0131 sa\u011flayacak programlar geli\u015ftirilmesi, bu ili\u015fkinin g\u00fc\u00e7lenmesine katk\u0131da bulunabilir.<\/p>\n<h2 id=\"hukumlu-hak-sahibi-ile-cocuk-arasindaki-iletisim-yontemleri\">H\u00fck\u00fcml\u00fc Hak\u200d Sahibi ile \u200d\u00c7ocuk Aras\u0131ndaki \u0130leti\u015fim Y\u00f6ntemleri<\/h2>\n<section>\n<p>H\u00fck\u00fcml\u00fc hak sahibi ile \u00e7ocuk aras\u0131ndaki ileti\u015fim,\u200d \u00e7ocu\u011fun psikolojik geli\u015fimi ve sosyal ili\u015fkileri\u200d a\u00e7\u0131s\u0131ndan b\u00fcy\u00fck\u200d bir \u00f6neme sahiptir. Bu\u200d ileti\u015fimin sa\u011fl\u0131kl\u0131\u200c bir \u015fekilde y\u00fcr\u00fct\u00fclmesi, \u00e7ocu\u011fun duygusal ihtiya\u00e7lar\u0131n\u0131n kar\u015f\u0131lanmas\u0131 ve aile ba\u011flar\u0131n\u0131n g\u00fc\u00e7lendirilmesi a\u00e7\u0131s\u0131ndan \u2064kritik bir rol\u200d oynamaktad\u0131r. H\u00fck\u00fcml\u00fc bireylerin \u00e7ocuklar\u0131yla olan ili\u015fkilerini s\u00fcrd\u00fcrebilmeleri i\u00e7in \u200b\u00e7e\u015fitli ileti\u015fim \u2064y\u00f6ntemleri bulunmaktad\u0131r.<\/p>\n<p>Bu\u2063 y\u00f6ntemler\u2063 aras\u0131nda \u015funlar yer almaktad\u0131r:<\/p>\n<ul>\n<li><strong>Yaz\u0131l\u0131 \u0130leti\u015fim:<\/strong> \u200bMektup yazma, \u00e7ocukla duygusal \u200dba\u011f kurman\u0131n etkili bir yoludur. H\u00fck\u00fcml\u00fc, \u00e7ocu\u011funa\u200c mektuplar\u2062 yazarak\u200c d\u00fc\u015f\u00fcncelerini ve\u200c duygular\u0131n\u0131 payla\u015fabilir.<\/li>\n<li><strong>Telefon \u200cG\u00f6r\u00fc\u015fmeleri:<\/strong> Belirli zaman\u2064 dilimlerinde yap\u0131lan telefon g\u00f6r\u00fc\u015fmeleri, y\u00fcz y\u00fcze ileti\u015fim olmasa da, duygusal ba\u011f\u0131n s\u00fcrd\u00fcr\u00fclmesine \u2064yard\u0131mc\u0131 olur.<\/li>\n<li><strong>G\u00f6r\u00fc\u015fme Zamanlar\u0131:<\/strong> Ceza \u2063infaz kurumlar\u0131nda belirlenen g\u00f6r\u00fc\u015fme saatleri,\u2062 h\u00fck\u00fcml\u00fc\u200d ile \u00e7ocu\u011fun\u200c bir araya gelerek y\u00fcz y\u00fcze\u2064 ileti\u015fim \u200dkurmas\u0131n\u0131 sa\u011flar. \u200cbu g\u00f6r\u00fc\u015fmeler, \u00e7ocuk i\u00e7in \u00f6nemli bir destek kayna\u011f\u0131d\u0131r.<\/li>\n<li><strong>Video G\u00f6r\u00fc\u015fmeler:<\/strong> teknolojinin geli\u015fmesiyle birlikte, video g\u00f6r\u00fc\u015fmeleri \u200bde ileti\u015fim y\u00f6ntemleri aras\u0131nda yer almaktad\u0131r.\u2063 bu y\u00f6ntem, \u00e7ocuk ile \u2064h\u00fck\u00fcml\u00fc aras\u0131nda \u2064daha \u2062samimi bir ileti\u015fim kurulmas\u0131na olanak tan\u0131r.<\/li>\n<\/ul>\n<p>Bu \u2063ileti\u015fim y\u00f6ntemlerinin etkin\u2062 bir \u015fekilde \u2062kullan\u0131lmas\u0131, \u00e7ocu\u011fun\u2062 ruhsal \u2062sa\u011fl\u0131\u011f\u0131 \u200cve geli\u015fimi a\u00e7\u0131s\u0131ndan son \u200bderece \u200b\u00f6nemlidir. H\u00fck\u00fcml\u00fc hak sahibinin,\u2062 \u00e7ocu\u011fuyla olan\u2062 ili\u015fkisini g\u00fc\u00e7lendirmek i\u00e7in bu y\u00f6ntemleri\u200b dikkate almas\u0131 \u200cgerekmektedir. B\u00f6ylece, \u00e7ocuk,\u2064 aile ba\u011flar\u0131n\u0131 hissetmeye devam\u200d edecek ve duygusal olarak daha sa\u011flam bir temel \u00fczerinde b\u00fcy\u00fcyecektir.<\/p>\n<\/section>\n<p><img decoding=\"async\" class=\"kimage_class lazyload\" data-src=\"https:\/\/denizcankizil.tr\/wp-content\/uploads\/2024\/10\/fNqXg-253D.jpg\" alt=\"Yarg\u0131tay \u0130\u00e7tihatlar\u0131 I\u015f\u0131\u011f\u0131nda H\u00fck\u00fcml\u00fc Ebeveynlerin Haklar\u0131\" src=\"data:image\/svg+xml;base64,PHN2ZyB3aWR0aD0iMSIgaGVpZ2h0PSIxIiB4bWxucz0iaHR0cDovL3d3dy53My5vcmcvMjAwMC9zdmciPjwvc3ZnPg==\"><\/p>\n<h2 id=\"yargitay-ictihatlari-isiginda-hukumlu-ebeveynlerin-haklari\">Yarg\u0131tay \u0130\u00e7tihatlar\u0131 I\u015f\u0131\u011f\u0131nda H\u00fck\u00fcml\u00fc Ebeveynlerin \u2064Haklar\u0131<\/h2>\n<p>H\u00fck\u00fcml\u00fc ebeveynlerin\u2063 \u00e7ocuklar\u0131yla olan ili\u015fkileri, hem\u2063 hukuki hem de \u200bduygusal \u2063a\u00e7\u0131dan \u00f6nemli \u2064bir konudur. \u2062Yarg\u0131tay i\u00e7tihatlar\u0131, bu \u2063ba\u011flamda\u200b <a href=\"https:\/\/denizcankizil.tr\/ru\/koseyazilari\/degerlendirme\/mirasta-sakli-pay\/\" title=\"\u0414\u043e\u043b\u044f, \u0441\u043a\u0440\u044b\u0442\u0430\u044f \u0432 \u043d\u0430\u0441\u043b\u0435\u0434\u0441\u0442\u0432\u0435\">ebeveynlerin haklar\u0131<\/a>n\u0131 ve \u00e7ocuklar\u0131n bu haklardan nas\u0131l faydaland\u0131\u011f\u0131n\u0131 belirleyen\u2064 \u00f6nemli bir\u2063 kaynak te\u015fkil etmektedir.\u2063 H\u00fck\u00fcml\u00fc ebeveynlerin \u00e7ocuklar\u0131yla ki\u015fisel \u200bili\u015fki kurma haklar\u0131, T\u00fcrk\u2062 Medeni kanunu ve ilgili mevzuatlar \u00e7er\u00e7evesinde \u2063d\u00fczenlenmi\u015ftir.<\/p>\n<p>Yarg\u0131tay, h\u00fck\u00fcml\u00fc ebeveynlerin \u00e7ocuklar\u0131yla olan ili\u015fkilerinin s\u00fcrd\u00fcr\u00fclmesinin, \u00e7ocu\u011fun \u200dgeli\u015fimi\u200d a\u00e7\u0131s\u0131ndan kritik\u200b oldu\u011funu vurgulamaktad\u0131r. Bu ba\u011flamda, <a href=\"https:\/\/denizcankizil.tr\/ru\/koseyazilari\/degerlendirme\/evlatlik-iliskilerinde-ivazli-tasarruflarin-anayasa-ile-celiskisi\/\" title=\"Evlatl\u0131k \u0130li\u015fkilerinde \u0130vazl\u0131 Tasarruflar\u0131n Anayasa \u0130le \u00c7eli\u015fkisi\">a\u015fa\u011f\u0131daki\u2062 hususlar dikkate al\u0131nmal\u0131d\u0131r<\/a>:<\/p>\n<ul>\n<li><strong>Ki\u015fisel \u0130li\u015fki\u200c Kurma \u200bHakk\u0131:<\/strong> H\u00fck\u00fcml\u00fc ebeveynlerin \u200d\u00e7ocuklar\u0131yla d\u00fczenli olarak \u200cg\u00f6r\u00fc\u015fme hakk\u0131 bulunmaktad\u0131r.\u200b bu g\u00f6r\u00fc\u015fmeler, \u00e7ocu\u011fun\u2064 psikolojik ve sosyal\u2064 geli\u015fimi i\u00e7in \u200d\u00f6nemlidir.<\/li>\n<li><strong>G\u00f6r\u00fc\u015fme\u2063 Ko\u015fullar\u0131:<\/strong> \u2063G\u00f6r\u00fc\u015fmelerin nas\u0131l \u200bger\u00e7ekle\u015ftirilece\u011fi, ceza infaz\u200d kurumunun\u200d d\u00fczenlemeleri ve \u200c\u00e7ocu\u011fun ya\u015f\u0131na g\u00f6re belirlenmektedir.<\/li>\n<li><strong>\u00c7ocu\u011fun Menfaati:<\/strong> Ebeveynin ceza alm\u0131\u015f olmas\u0131,\u00e7ocu\u011fun\u200c ebeveyniyle olan ili\u015fkisinin\u200b sona ermesi anlam\u0131na \u200dgelmez. \u00c7ocu\u011fun menfaati her \u200bzaman \u200c\u00f6n planda tutulmal\u0131d\u0131r.<\/li>\n<\/ul>\n<p>Sonu\u00e7 olarak, Yarg\u0131tay i\u00e7tihatlar\u0131, h\u00fck\u00fcml\u00fc ebeveynlerin \u00e7ocuklar\u0131yla olan\u200d ili\u015fkilerinin s\u00fcrd\u00fcr\u00fclmesi gerekti\u011fini ve bu \u2062ili\u015fkilerin \u00e7ocu\u011fun geli\u015fimi\u2062 a\u00e7\u0131s\u0131ndan \u00f6nem ta\u015f\u0131d\u0131\u011f\u0131n\u0131 \u2063ortaya\u2063 koymaktad\u0131r. Ebeveynlerin haklar\u0131, \u00e7ocuklar\u0131n \u2064sa\u011fl\u0131kl\u0131 bir birey olarak\u200d yeti\u015fmesi i\u00e7in \u2063kritik bir rol \u200coynamaktad\u0131r.<\/p>\n<p><img decoding=\"async\" class=\"kimage_class lazyload\" data-src=\"https:\/\/denizcankizil.tr\/wp-content\/uploads\/2024\/10\/YhAY-253D.jpg\" alt=\"H\u00fck\u00fcml\u00fc Hak \u2063Sahibi ile \u00c7ocuk\u2062 \u0130li\u015fkilerinin Toplumsal \u2062Yans\u0131malar\u0131\" src=\"data:image\/svg+xml;base64,PHN2ZyB3aWR0aD0iMSIgaGVpZ2h0PSIxIiB4bWxucz0iaHR0cDovL3d3dy53My5vcmcvMjAwMC9zdmciPjwvc3ZnPg==\"><\/p>\n<h2 id=\"hukumlu-hak-sahibi-ile-cocuk-iliskilerinin-toplumsal-yansimalari\">H\u00fck\u00fcml\u00fc\u200c Hak \u2063Sahibi ile \u00c7ocuk \u0130li\u015fkilerinin Toplumsal \u200cYans\u0131malar\u0131<\/h2>\n<p>H\u00fck\u00fcml\u00fc hak\u2063 sahibi ile \u00e7ocuk aras\u0131ndaki ili\u015fkiler,\u2062 toplumsal\u200d yap\u0131n\u0131n \u00f6nemli \u2063bir par\u00e7as\u0131n\u0131 olu\u015fturmaktad\u0131r. Bu ili\u015fkilerin sa\u011fl\u0131kl\u0131 bir\u2064 \u015fekilde s\u00fcrd\u00fcr\u00fclmesi, hem bireylerin hem de\u200b toplumun genel refah\u0131 \u2063a\u00e7\u0131s\u0131ndan kritik \u00f6neme\u2064 sahiptir. H\u00fck\u00fcml\u00fc bireylerin \u00e7ocuklar\u0131yla olan ba\u011flar\u0131, \u2064\u00e7e\u015fitli \u2062sosyal ve psikolojik etkilere yol a\u00e7abilmektedir.\u200b Bu ba\u011flamda,<a href=\"https:\/\/denizcankizil.tr\/ru\/koseyazilari\/degerlendirme\/hukuk-ve-mantik-iliskisi-teorik-ve-pratik-boyutlar\/\" title=\"Hukuk ve Mant\u0131k \u0130li\u015fkisi: Teorik ve Pratik Boyutlar\">a\u015fa\u011f\u0131daki unsurlar dikkate al\u0131nmal\u0131d\u0131r<\/a>:<\/p>\n<ul>\n<li><strong>\u00c7ocuklar\u0131n\u200b Psiko-sosyal\u2064 Geli\u015fimi:<\/strong> H\u00fck\u00fcml\u00fc\u200d ebeveynlerin\u2063 \u00e7ocuklar\u0131,ebeveynlerinin \u2063ceza infaz\u0131 s\u00fcrecinden etkilenebilir. Bu durum, \u00e7ocuklar\u0131n\u200c duygusal\u200c ve sosyal geli\u015fimlerini olumsuz y\u00f6nde etkileyebilir.<\/li>\n<li><strong>Toplumsal\u2062 Alg\u0131:<\/strong> H\u00fck\u00fcml\u00fc bireylerin \u00e7ocuklar\u0131,toplumda damgalanma riski ta\u015f\u0131maktad\u0131r. Bu durum, \u00e7ocuklar\u0131n sosyal ili\u015fkilerini\u200c ve kendilik alg\u0131lar\u0131n\u0131 \u200bolumsuz etkileyebilir.<\/li>\n<li><strong>\u0130leti\u015fim ve \u200bBa\u011flant\u0131:<\/strong> \u2064 H\u00fck\u00fcml\u00fc\u2063 ebeveynler ile \u00e7ocuklar\u0131 aras\u0131ndaki ileti\u015fim, cezaevi ko\u015fullar\u0131na ba\u011fl\u0131 olarak s\u0131n\u0131rl\u0131 olabilir.\u2064 Bu\u200d s\u0131n\u0131rlamalar, ili\u015fkilerin niteli\u011fini etkileyebilir.<\/li>\n<\/ul>\n<p>Sonu\u00e7 olarak, h\u00fck\u00fcml\u00fc hak sahibi ile \u00e7ocuk aras\u0131ndaki \u2063ili\u015fkilerin\u200b toplumsal yans\u0131malar\u0131, bireysel ve \u200btoplumsal d\u00fczeyde \u2062\u00f6nemli sonu\u00e7lar \u2063do\u011furmaktad\u0131r. Bu ili\u015fkilerin g\u00fc\u00e7lendirilmesi, hem \u00e7ocuklar\u0131n sa\u011fl\u0131kl\u0131 geli\u015fimi hem de toplumun genel yap\u0131s\u0131n\u0131n iyile\u015ftirilmesi a\u00e7\u0131s\u0131ndan\u200c gereklidir. \u2063Bu ba\u011flamda,ilgili kurumlar\u0131n ve toplumun bu konuda daha fazla\u2062 duyarl\u0131l\u0131k \u200bg\u00f6stermesi \u200b\u00f6nem arz etmektedir.<\/p>\n<p>Sonu\u00e7 olarak, h\u00fck\u00fcml\u00fc hak sahibi ile \u00e7ocu\u011fun ki\u015fisel ili\u015fki \u2063kurmas\u0131, hem hukuki\u2063 hem de psikolojik a\u00e7\u0131dan\u200c \u00f6nemli bir\u2062 konudur.\u200b T\u00fcrk Medeni Kanunu ve ilgili\u200b mevzuatlar \u00e7er\u00e7evesinde, bu \u200bili\u015fkinin sa\u011fl\u0131kl\u0131 bir \u015fekilde s\u00fcrd\u00fcr\u00fclmesi i\u00e7in gerekli \u2063d\u00fczenlemelerin yap\u0131lmas\u0131 gerekmektedir. \u200dH\u00fck\u00fcml\u00fc bireylerin \u200b\u00e7ocuklar\u0131yla olan ili\u015fkileri, yaln\u0131zca\u2064 bireysel haklar\u0131n \u200dkorunmas\u0131 \u2063a\u00e7\u0131s\u0131ndan de\u011fil, \u200bayn\u0131 zamanda \u00e7ocu\u011fun geli\u015fimi ve psikolojik \u2062sa\u011fl\u0131\u011f\u0131 a\u00e7\u0131s\u0131ndan\u200d da kritik bir \u00f6neme sahiptir. Bu ba\u011flamda, mahkemelerin ve\u2063 sosyal hizmetlerin, h\u00fck\u00fcml\u00fc hak\u2062 sahiplerinin \u00e7ocuklar\u0131yla olan ili\u015fkilerini destekleyici ve \u2064y\u00f6nlendirici\u2064 bir rol \u00fcstlenmeleri b\u00fcy\u00fck bir gereklilik\u200b arz \u200detmektedir. Gelecek \u00e7al\u0131\u015fmalar\u0131n, bu konudaki uygulamalar\u0131 ve sonu\u00e7lar\u0131 \u200bdaha \u200bderinlemesine incelemesi,\u200d hem hukuki d\u00fczenlemelerin geli\u015ftirilmesine hem de \u00e7ocuklar\u0131n en iyi\u2064 \u00e7\u0131karlar\u0131n\u0131n g\u00f6zetilmesine katk\u0131 sa\u011flayacakt\u0131r. <\/p>","protected":false},"excerpt":{"rendered":"<p>H\u00fck\u00fcml\u00fc hak sahibi ile \u00e7ocu\u011fun ki\u015fisel ili\u015fki kurmas\u0131, T\u00fcrk Medeni Kanunu ve Ceza \u0130nfaz Kanunu \u00e7er\u00e7evesinde d\u00fczenlenmi\u015ftir. Bu ili\u015fkilerin sa\u011fl\u0131kl\u0131 bir \u015fekilde s\u00fcrd\u00fcr\u00fclmesi, \u00e7ocu\u011fun psikolojik geli\u015fimi a\u00e7\u0131s\u0131ndan b\u00fcy\u00fck \u00f6nem ta\u015f\u0131maktad\u0131r.<\/p>","protected":false},"author":4,"featured_media":0,"comment_status":"open","ping_status":"open","sticky":false,"template":"","format":"standard","meta":{"_acf_changed":false,"footnotes":""},"categories":[22],"tags":[],"class_list":["post-34672","post","type-post","status-publish","format-standard","hentry","category-degerlendirme"],"acf":[],"yoast_head":"<!-- This site is optimized with the Yoast SEO Premium plugin v26.6 (Yoast SEO v27.1.1) - https:\/\/yoast.com\/product\/yoast-seo-premium-wordpress\/ -->\n<title>H\u00fck\u00fcml\u00fc Hak Sahibi ile \u00c7ocu\u011fun Ki\u015fisel \u0130li\u015fki Kurmas\u0131 - Av. Deniz Can K\u0131z\u0131l<\/title>\n<meta name=\"robots\" content=\"index, follow, max-snippet:-1, max-image-preview:large, max-video-preview:-1\" \/>\n<link rel=\"canonical\" href=\"http:\/\/denizcankizil.tr\/ru\/koseyazilari\/degerlendirme\/hukumlu-hak-sahibi-ile-cocugun-kisisel-iliski-kurmasi\/\" \/>\n<meta property=\"og:locale\" content=\"ru_RU\" \/>\n<meta property=\"og:type\" content=\"article\" \/>\n<meta property=\"og:title\" content=\"H\u00fck\u00fcml\u00fc Hak Sahibi ile \u00c7ocu\u011fun Ki\u015fisel \u0130li\u015fki Kurmas\u0131\" \/>\n<meta property=\"og:description\" content=\"H\u00fck\u00fcml\u00fc hak sahibi ile \u00e7ocu\u011fun ki\u015fisel ili\u015fki kurmas\u0131, T\u00fcrk Medeni Kanunu ve Ceza \u0130nfaz Kanunu \u00e7er\u00e7evesinde d\u00fczenlenmi\u015ftir. Bu ili\u015fkilerin sa\u011fl\u0131kl\u0131 bir \u015fekilde s\u00fcrd\u00fcr\u00fclmesi, \u00e7ocu\u011fun psikolojik geli\u015fimi a\u00e7\u0131s\u0131ndan b\u00fcy\u00fck \u00f6nem ta\u015f\u0131maktad\u0131r.\" \/>\n<meta property=\"og:url\" content=\"http:\/\/denizcankizil.tr\/ru\/koseyazilari\/degerlendirme\/hukumlu-hak-sahibi-ile-cocugun-kisisel-iliski-kurmasi\/\" \/>\n<meta property=\"og:site_name\" content=\"Av. Deniz Can K\u0131z\u0131l\" \/>\n<meta property=\"article:published_time\" content=\"2025-03-04T12:09:28+00:00\" \/>\n<meta property=\"og:image\" content=\"https:\/\/denizcankizil.tr\/wp-content\/uploads\/2024\/10\/3637-types-of-cases-handled-by-real-estate-attorneys-in-antalya.jpg\" \/>\n<meta name=\"author\" content=\"Av. Deniz Can K\u0131z\u0131l\" \/>\n<meta name=\"twitter:card\" content=\"summary_large_image\" \/>\n<meta name=\"twitter:label1\" content=\"\u041d\u0430\u043f\u0438\u0441\u0430\u043d\u043e \u0430\u0432\u0442\u043e\u0440\u043e\u043c\" \/>\n\t<meta name=\"twitter:data1\" content=\"Av. Deniz Can K\u0131z\u0131l\" \/>\n\t<meta name=\"twitter:label2\" content=\"\u041f\u0440\u0438\u043c\u0435\u0440\u043d\u043e\u0435 \u0432\u0440\u0435\u043c\u044f \u0434\u043b\u044f \u0447\u0442\u0435\u043d\u0438\u044f\" \/>\n\t<meta name=\"twitter:data2\" content=\"10 \u043c\u0438\u043d\u0443\u0442\" \/>\n<script type=\"application\/ld+json\" class=\"yoast-schema-graph\">{\"@context\":\"https:\/\/schema.org\",\"@graph\":[{\"@type\":\"Article\",\"@id\":\"http:\/\/denizcankizil.tr\/ru\/koseyazilari\/degerlendirme\/hukumlu-hak-sahibi-ile-cocugun-kisisel-iliski-kurmasi\/#article\",\"isPartOf\":{\"@id\":\"http:\/\/denizcankizil.tr\/ru\/koseyazilari\/degerlendirme\/hukumlu-hak-sahibi-ile-cocugun-kisisel-iliski-kurmasi\/\"},\"author\":{\"name\":\"Av. Deniz Can K\u0131z\u0131l\",\"@id\":\"https:\/\/denizcankizil.tr\/#\/schema\/person\/5dc1b22991bd7ac833867c10afc9b0ff\"},\"headline\":\"H\u00fck\u00fcml\u00fc Hak Sahibi ile \u00c7ocu\u011fun Ki\u015fisel \u0130li\u015fki Kurmas\u0131\",\"datePublished\":\"2025-03-04T12:09:28+00:00\",\"mainEntityOfPage\":{\"@id\":\"http:\/\/denizcankizil.tr\/ru\/koseyazilari\/degerlendirme\/hukumlu-hak-sahibi-ile-cocugun-kisisel-iliski-kurmasi\/\"},\"wordCount\":1975,\"commentCount\":0,\"publisher\":{\"@id\":\"https:\/\/denizcankizil.tr\/#organization\"},\"image\":{\"@id\":\"http:\/\/denizcankizil.tr\/ru\/koseyazilari\/degerlendirme\/hukumlu-hak-sahibi-ile-cocugun-kisisel-iliski-kurmasi\/#primaryimage\"},\"thumbnailUrl\":\"https:\/\/denizcankizil.tr\/wp-content\/uploads\/2024\/10\/3637-types-of-cases-handled-by-real-estate-attorneys-in-antalya.jpg\",\"articleSection\":[\"De\u011ferlendirme\"],\"inLanguage\":\"ru-RU\",\"potentialAction\":[{\"@type\":\"CommentAction\",\"name\":\"Comment\",\"target\":[\"http:\/\/denizcankizil.tr\/ru\/koseyazilari\/degerlendirme\/hukumlu-hak-sahibi-ile-cocugun-kisisel-iliski-kurmasi\/#respond\"]}]},{\"@type\":\"WebPage\",\"@id\":\"http:\/\/denizcankizil.tr\/ru\/koseyazilari\/degerlendirme\/hukumlu-hak-sahibi-ile-cocugun-kisisel-iliski-kurmasi\/\",\"url\":\"http:\/\/denizcankizil.tr\/ru\/koseyazilari\/degerlendirme\/hukumlu-hak-sahibi-ile-cocugun-kisisel-iliski-kurmasi\/\",\"name\":\"H\u00fck\u00fcml\u00fc Hak Sahibi ile \u00c7ocu\u011fun Ki\u015fisel \u0130li\u015fki Kurmas\u0131 - Av. Deniz Can K\u0131z\u0131l\",\"isPartOf\":{\"@id\":\"https:\/\/denizcankizil.tr\/#website\"},\"primaryImageOfPage\":{\"@id\":\"http:\/\/denizcankizil.tr\/ru\/koseyazilari\/degerlendirme\/hukumlu-hak-sahibi-ile-cocugun-kisisel-iliski-kurmasi\/#primaryimage\"},\"image\":{\"@id\":\"http:\/\/denizcankizil.tr\/ru\/koseyazilari\/degerlendirme\/hukumlu-hak-sahibi-ile-cocugun-kisisel-iliski-kurmasi\/#primaryimage\"},\"thumbnailUrl\":\"https:\/\/denizcankizil.tr\/wp-content\/uploads\/2024\/10\/3637-types-of-cases-handled-by-real-estate-attorneys-in-antalya.jpg\",\"datePublished\":\"2025-03-04T12:09:28+00:00\",\"breadcrumb\":{\"@id\":\"http:\/\/denizcankizil.tr\/ru\/koseyazilari\/degerlendirme\/hukumlu-hak-sahibi-ile-cocugun-kisisel-iliski-kurmasi\/#breadcrumb\"},\"inLanguage\":\"ru-RU\",\"potentialAction\":[{\"@type\":\"ReadAction\",\"target\":[\"http:\/\/denizcankizil.tr\/ru\/koseyazilari\/degerlendirme\/hukumlu-hak-sahibi-ile-cocugun-kisisel-iliski-kurmasi\/\"]}]},{\"@type\":\"ImageObject\",\"inLanguage\":\"ru-RU\",\"@id\":\"http:\/\/denizcankizil.tr\/ru\/koseyazilari\/degerlendirme\/hukumlu-hak-sahibi-ile-cocugun-kisisel-iliski-kurmasi\/#primaryimage\",\"url\":\"https:\/\/denizcankizil.tr\/wp-content\/uploads\/2024\/10\/3637-types-of-cases-handled-by-real-estate-attorneys-in-antalya.jpg\",\"contentUrl\":\"https:\/\/denizcankizil.tr\/wp-content\/uploads\/2024\/10\/3637-types-of-cases-handled-by-real-estate-attorneys-in-antalya.jpg\"},{\"@type\":\"BreadcrumbList\",\"@id\":\"http:\/\/denizcankizil.tr\/ru\/koseyazilari\/degerlendirme\/hukumlu-hak-sahibi-ile-cocugun-kisisel-iliski-kurmasi\/#breadcrumb\",\"itemListElement\":[{\"@type\":\"ListItem\",\"position\":1,\"name\":\"Home\",\"item\":\"https:\/\/denizcankizil.tr\/de\/\"},{\"@type\":\"ListItem\",\"position\":2,\"name\":\"H\u00fck\u00fcml\u00fc Hak Sahibi ile \u00c7ocu\u011fun Ki\u015fisel \u0130li\u015fki Kurmas\u0131\"}]},{\"@type\":\"WebSite\",\"@id\":\"https:\/\/denizcankizil.tr\/#website\",\"url\":\"https:\/\/denizcankizil.tr\/\",\"name\":\"Av. Deniz Can K\u0131z\u0131l\",\"description\":\"Avukat Deniz Can K\u0131z\u0131l Antalya Barosu\",\"publisher\":{\"@id\":\"https:\/\/denizcankizil.tr\/#organization\"},\"potentialAction\":[{\"@type\":\"SearchAction\",\"target\":{\"@type\":\"EntryPoint\",\"urlTemplate\":\"https:\/\/denizcankizil.tr\/?s={search_term_string}\"},\"query-input\":{\"@type\":\"PropertyValueSpecification\",\"valueRequired\":true,\"valueName\":\"search_term_string\"}}],\"inLanguage\":\"ru-RU\"},{\"@type\":\"Organization\",\"@id\":\"https:\/\/denizcankizil.tr\/#organization\",\"name\":\"Av. Deniz Can K\u0131z\u0131l\",\"url\":\"https:\/\/denizcankizil.tr\/\",\"logo\":{\"@type\":\"ImageObject\",\"inLanguage\":\"ru-RU\",\"@id\":\"https:\/\/denizcankizil.tr\/#\/schema\/logo\/image\/\",\"url\":\"http:\/\/denizcankizil.tr\/wp-content\/uploads\/2024\/10\/siyah-logo-svg.svg\",\"contentUrl\":\"http:\/\/denizcankizil.tr\/wp-content\/uploads\/2024\/10\/siyah-logo-svg.svg\",\"width\":1080,\"height\":1080,\"caption\":\"Av. Deniz Can K\u0131z\u0131l\"},\"image\":{\"@id\":\"https:\/\/denizcankizil.tr\/#\/schema\/logo\/image\/\"}},{\"@type\":\"Person\",\"@id\":\"https:\/\/denizcankizil.tr\/#\/schema\/person\/5dc1b22991bd7ac833867c10afc9b0ff\",\"name\":\"Av. Deniz Can K\u0131z\u0131l\",\"image\":{\"@type\":\"ImageObject\",\"inLanguage\":\"ru-RU\",\"@id\":\"https:\/\/denizcankizil.tr\/#\/schema\/person\/image\/\",\"url\":\"https:\/\/secure.gravatar.com\/avatar\/a0b128fb9855c79efc976d5640eedb31dc35ec297594d6016d2cf7c60e975bb6?s=96&d=mm&r=g\",\"contentUrl\":\"https:\/\/secure.gravatar.com\/avatar\/a0b128fb9855c79efc976d5640eedb31dc35ec297594d6016d2cf7c60e975bb6?s=96&d=mm&r=g\",\"caption\":\"Av. Deniz Can K\u0131z\u0131l\"},\"sameAs\":[\"http:\/\/www.denizcankizil.tr\"],\"url\":\"http:\/\/denizcankizil.tr\/ru\/author\/denizcankizil\/\"}]}<\/script>\n<!-- \/ Yoast SEO Premium plugin. -->","yoast_head_json":{"title":"H\u00fck\u00fcml\u00fc Hak Sahibi ile \u00c7ocu\u011fun Ki\u015fisel \u0130li\u015fki Kurmas\u0131 - Av. Deniz Can K\u0131z\u0131l","robots":{"index":"index","follow":"follow","max-snippet":"max-snippet:-1","max-image-preview":"max-image-preview:large","max-video-preview":"max-video-preview:-1"},"canonical":"http:\/\/denizcankizil.tr\/ru\/koseyazilari\/degerlendirme\/hukumlu-hak-sahibi-ile-cocugun-kisisel-iliski-kurmasi\/","og_locale":"ru_RU","og_type":"article","og_title":"H\u00fck\u00fcml\u00fc Hak Sahibi ile \u00c7ocu\u011fun Ki\u015fisel \u0130li\u015fki Kurmas\u0131","og_description":"H\u00fck\u00fcml\u00fc hak sahibi ile \u00e7ocu\u011fun ki\u015fisel ili\u015fki kurmas\u0131, T\u00fcrk Medeni Kanunu ve Ceza \u0130nfaz Kanunu \u00e7er\u00e7evesinde d\u00fczenlenmi\u015ftir. Bu ili\u015fkilerin sa\u011fl\u0131kl\u0131 bir \u015fekilde s\u00fcrd\u00fcr\u00fclmesi, \u00e7ocu\u011fun psikolojik geli\u015fimi a\u00e7\u0131s\u0131ndan b\u00fcy\u00fck \u00f6nem ta\u015f\u0131maktad\u0131r.","og_url":"http:\/\/denizcankizil.tr\/ru\/koseyazilari\/degerlendirme\/hukumlu-hak-sahibi-ile-cocugun-kisisel-iliski-kurmasi\/","og_site_name":"Av. Deniz Can K\u0131z\u0131l","article_published_time":"2025-03-04T12:09:28+00:00","og_image":[{"url":"https:\/\/denizcankizil.tr\/wp-content\/uploads\/2024\/10\/3637-types-of-cases-handled-by-real-estate-attorneys-in-antalya.jpg","type":"","width":"","height":""}],"author":"Av. Deniz Can K\u0131z\u0131l","twitter_card":"summary_large_image","twitter_misc":{"\u041d\u0430\u043f\u0438\u0441\u0430\u043d\u043e \u0430\u0432\u0442\u043e\u0440\u043e\u043c":"Av. Deniz Can K\u0131z\u0131l","\u041f\u0440\u0438\u043c\u0435\u0440\u043d\u043e\u0435 \u0432\u0440\u0435\u043c\u044f \u0434\u043b\u044f \u0447\u0442\u0435\u043d\u0438\u044f":"10 \u043c\u0438\u043d\u0443\u0442"},"schema":{"@context":"https:\/\/schema.org","@graph":[{"@type":"Article","@id":"http:\/\/denizcankizil.tr\/ru\/koseyazilari\/degerlendirme\/hukumlu-hak-sahibi-ile-cocugun-kisisel-iliski-kurmasi\/#article","isPartOf":{"@id":"http:\/\/denizcankizil.tr\/ru\/koseyazilari\/degerlendirme\/hukumlu-hak-sahibi-ile-cocugun-kisisel-iliski-kurmasi\/"},"author":{"name":"Av. Deniz Can K\u0131z\u0131l","@id":"https:\/\/denizcankizil.tr\/#\/schema\/person\/5dc1b22991bd7ac833867c10afc9b0ff"},"headline":"H\u00fck\u00fcml\u00fc Hak Sahibi ile \u00c7ocu\u011fun Ki\u015fisel \u0130li\u015fki Kurmas\u0131","datePublished":"2025-03-04T12:09:28+00:00","mainEntityOfPage":{"@id":"http:\/\/denizcankizil.tr\/ru\/koseyazilari\/degerlendirme\/hukumlu-hak-sahibi-ile-cocugun-kisisel-iliski-kurmasi\/"},"wordCount":1975,"commentCount":0,"publisher":{"@id":"https:\/\/denizcankizil.tr\/#organization"},"image":{"@id":"http:\/\/denizcankizil.tr\/ru\/koseyazilari\/degerlendirme\/hukumlu-hak-sahibi-ile-cocugun-kisisel-iliski-kurmasi\/#primaryimage"},"thumbnailUrl":"https:\/\/denizcankizil.tr\/wp-content\/uploads\/2024\/10\/3637-types-of-cases-handled-by-real-estate-attorneys-in-antalya.jpg","articleSection":["De\u011ferlendirme"],"inLanguage":"ru-RU","potentialAction":[{"@type":"CommentAction","name":"Comment","target":["http:\/\/denizcankizil.tr\/ru\/koseyazilari\/degerlendirme\/hukumlu-hak-sahibi-ile-cocugun-kisisel-iliski-kurmasi\/#respond"]}]},{"@type":"WebPage","@id":"http:\/\/denizcankizil.tr\/ru\/koseyazilari\/degerlendirme\/hukumlu-hak-sahibi-ile-cocugun-kisisel-iliski-kurmasi\/","url":"http:\/\/denizcankizil.tr\/ru\/koseyazilari\/degerlendirme\/hukumlu-hak-sahibi-ile-cocugun-kisisel-iliski-kurmasi\/","name":"H\u00fck\u00fcml\u00fc Hak Sahibi ile \u00c7ocu\u011fun Ki\u015fisel \u0130li\u015fki Kurmas\u0131 - Av. Deniz Can K\u0131z\u0131l","isPartOf":{"@id":"https:\/\/denizcankizil.tr\/#website"},"primaryImageOfPage":{"@id":"http:\/\/denizcankizil.tr\/ru\/koseyazilari\/degerlendirme\/hukumlu-hak-sahibi-ile-cocugun-kisisel-iliski-kurmasi\/#primaryimage"},"image":{"@id":"http:\/\/denizcankizil.tr\/ru\/koseyazilari\/degerlendirme\/hukumlu-hak-sahibi-ile-cocugun-kisisel-iliski-kurmasi\/#primaryimage"},"thumbnailUrl":"https:\/\/denizcankizil.tr\/wp-content\/uploads\/2024\/10\/3637-types-of-cases-handled-by-real-estate-attorneys-in-antalya.jpg","datePublished":"2025-03-04T12:09:28+00:00","breadcrumb":{"@id":"http:\/\/denizcankizil.tr\/ru\/koseyazilari\/degerlendirme\/hukumlu-hak-sahibi-ile-cocugun-kisisel-iliski-kurmasi\/#breadcrumb"},"inLanguage":"ru-RU","potentialAction":[{"@type":"ReadAction","target":["http:\/\/denizcankizil.tr\/ru\/koseyazilari\/degerlendirme\/hukumlu-hak-sahibi-ile-cocugun-kisisel-iliski-kurmasi\/"]}]},{"@type":"ImageObject","inLanguage":"ru-RU","@id":"http:\/\/denizcankizil.tr\/ru\/koseyazilari\/degerlendirme\/hukumlu-hak-sahibi-ile-cocugun-kisisel-iliski-kurmasi\/#primaryimage","url":"https:\/\/denizcankizil.tr\/wp-content\/uploads\/2024\/10\/3637-types-of-cases-handled-by-real-estate-attorneys-in-antalya.jpg","contentUrl":"https:\/\/denizcankizil.tr\/wp-content\/uploads\/2024\/10\/3637-types-of-cases-handled-by-real-estate-attorneys-in-antalya.jpg"},{"@type":"BreadcrumbList","@id":"http:\/\/denizcankizil.tr\/ru\/koseyazilari\/degerlendirme\/hukumlu-hak-sahibi-ile-cocugun-kisisel-iliski-kurmasi\/#breadcrumb","itemListElement":[{"@type":"ListItem","position":1,"name":"Home","item":"https:\/\/denizcankizil.tr\/de\/"},{"@type":"ListItem","position":2,"name":"H\u00fck\u00fcml\u00fc Hak Sahibi ile \u00c7ocu\u011fun Ki\u015fisel \u0130li\u015fki Kurmas\u0131"}]},{"@type":"WebSite","@id":"https:\/\/denizcankizil.tr\/#website","url":"https:\/\/denizcankizil.tr\/","name":"Av. Deniz Can K\u0131z\u0131l","description":"Avukat Deniz Can K\u0131z\u0131l Antalya Barosu","publisher":{"@id":"https:\/\/denizcankizil.tr\/#organization"},"potentialAction":[{"@type":"SearchAction","target":{"@type":"EntryPoint","urlTemplate":"https:\/\/denizcankizil.tr\/?s={search_term_string}"},"query-input":{"@type":"PropertyValueSpecification","valueRequired":true,"valueName":"search_term_string"}}],"inLanguage":"ru-RU"},{"@type":"Organization","@id":"https:\/\/denizcankizil.tr\/#organization","name":"Av. Deniz Can K\u0131z\u0131l","url":"https:\/\/denizcankizil.tr\/","logo":{"@type":"ImageObject","inLanguage":"ru-RU","@id":"https:\/\/denizcankizil.tr\/#\/schema\/logo\/image\/","url":"http:\/\/denizcankizil.tr\/wp-content\/uploads\/2024\/10\/siyah-logo-svg.svg","contentUrl":"http:\/\/denizcankizil.tr\/wp-content\/uploads\/2024\/10\/siyah-logo-svg.svg","width":1080,"height":1080,"caption":"Av. Deniz Can K\u0131z\u0131l"},"image":{"@id":"https:\/\/denizcankizil.tr\/#\/schema\/logo\/image\/"}},{"@type":"Person","@id":"https:\/\/denizcankizil.tr\/#\/schema\/person\/5dc1b22991bd7ac833867c10afc9b0ff","name":"Av. Deniz Can K\u0131z\u0131l","image":{"@type":"ImageObject","inLanguage":"ru-RU","@id":"https:\/\/denizcankizil.tr\/#\/schema\/person\/image\/","url":"https:\/\/secure.gravatar.com\/avatar\/a0b128fb9855c79efc976d5640eedb31dc35ec297594d6016d2cf7c60e975bb6?s=96&d=mm&r=g","contentUrl":"https:\/\/secure.gravatar.com\/avatar\/a0b128fb9855c79efc976d5640eedb31dc35ec297594d6016d2cf7c60e975bb6?s=96&d=mm&r=g","caption":"Av. Deniz Can K\u0131z\u0131l"},"sameAs":["http:\/\/www.denizcankizil.tr"],"url":"http:\/\/denizcankizil.tr\/ru\/author\/denizcankizil\/"}]}},"_links":{"self":[{"href":"http:\/\/denizcankizil.tr\/ru\/wp-json\/wp\/v2\/posts\/34672","targetHints":{"allow":["GET"]}}],"collection":[{"href":"http:\/\/denizcankizil.tr\/ru\/wp-json\/wp\/v2\/posts"}],"about":[{"href":"http:\/\/denizcankizil.tr\/ru\/wp-json\/wp\/v2\/types\/post"}],"author":[{"embeddable":true,"href":"http:\/\/denizcankizil.tr\/ru\/wp-json\/wp\/v2\/users\/4"}],"replies":[{"embeddable":true,"href":"http:\/\/denizcankizil.tr\/ru\/wp-json\/wp\/v2\/comments?post=34672"}],"version-history":[{"count":0,"href":"http:\/\/denizcankizil.tr\/ru\/wp-json\/wp\/v2\/posts\/34672\/revisions"}],"wp:attachment":[{"href":"http:\/\/denizcankizil.tr\/ru\/wp-json\/wp\/v2\/media?parent=34672"}],"wp:term":[{"taxonomy":"category","embeddable":true,"href":"http:\/\/denizcankizil.tr\/ru\/wp-json\/wp\/v2\/categories?post=34672"},{"taxonomy":"post_tag","embeddable":true,"href":"http:\/\/denizcankizil.tr\/ru\/wp-json\/wp\/v2\/tags?post=34672"}],"curies":[{"name":"wp","href":"https:\/\/api.w.org\/{rel}","templated":true}]}}