{"id":34610,"date":"2025-03-03T17:41:15","date_gmt":"2025-03-03T14:41:15","guid":{"rendered":"https:\/\/denizcankizil.tr\/uncategorized-tr\/kadinlara-guvenli-alan-yok-2025-subat-ayinda-16-kadin-oldruldu\/"},"modified":"2025-03-03T17:41:15","modified_gmt":"2025-03-03T14:41:15","slug":"kadinlara-guvenli-alan-yok-2025-subat-ayinda-16-kadin-oldruldu","status":"publish","type":"post","link":"http:\/\/denizcankizil.tr\/ru\/haberler\/gundem\/kadinlara-guvenli-alan-yok-2025-subat-ayinda-16-kadin-oldruldu\/","title":{"rendered":"Kad\u0131nlara g\u00fcvenli alan yok: 2025 \u015eubat ay\u0131nda 16 kad\u0131n \u00f6ld*r\u00fcld\u00fc"},"content":{"rendered":"<p>Kad\u0131n Cinayetlerini Durduraca\u011f\u0131z Platformu, \u015eubat ay\u0131 raporunu a\u00e7\u0131klad\u0131. Rapora g\u00f6re \u015fubat ay\u0131nda 16 kad\u0131n, erkekler taraf\u0131ndan \u00f6ld\u00fcr\u00fcld\u00fc. 21 kad\u0131n, \u015f\u00fcpheli \u015fekilde hayat\u0131n\u0131 kaybetti. Kad\u0131nlar\u0131n \u00e7o\u011funlu\u011fu en \u00e7ok g\u00fcvende olmalar\u0131 gereken yerde, yani evlerinde \u00f6ld\u00fcr\u00fcld\u00fc.<\/p>\n<p>SON 28 G\u00dcNDE 16 KADIN YA\u015eAMDAN KOPARILDI\u00a0<\/p>\n<p>Kad\u0131n Cinayetlerini Durduraca\u011f\u0131z Platformu, 2025 \u015eubat Raporu\u2019na g\u00f6re \u00fclke genelinde 28 g\u00fcnde 16 kad\u0131n cinayeti i\u015flendi. 21 kad\u0131n \u015f\u00fcpheli \u015fekilde \u00f6l\u00fc bulundu. 1 Mart 2024 ile 1 Mart 2025 tarihleri aras\u0131nda ise 239 kad\u0131n, aile \u00fcyesi erkekler taraf\u0131ndan \u00f6ld\u00fcr\u00fcld\u00fc.<\/p>\n<p>KADINA Y\u00d6NEL\u0130K \u015e\u0130DDET\u0130N SONUCU\u00a0<\/p>\n<p>16 kad\u0131ndan 3\u2019\u00fc bo\u015fanmak istedi\u011fi, bar\u0131\u015fmay\u0131 reddetti\u011fi, evlenmeyi reddetti\u011fi, ili\u015fkiyi reddetti\u011fi gibi bahanelerle \u00f6ld\u00fcr\u00fcld\u00fc. 1 kad\u0131n, o\u011flunun \u00e7al\u0131\u015fmamas\u0131 hakk\u0131nda konu\u015fmas\u0131 bahanesiyle \u00f6ld\u00fcr\u00fcld\u00fc. 12 kad\u0131n\u0131n ise hangi bahaneyle \u00f6ld\u00fcr\u00fcld\u00fc\u011f\u00fc tespit edilemedi. Raporda, 12 kad\u0131n\u0131n hangi bahaneyle \u00f6ld\u00fcr\u00fcld\u00fc\u011f\u00fcn\u00fcn tespit edilememesi, kad\u0131na y\u00f6nelik \u015fiddetin ve kad\u0131n cinayetlerinin g\u00f6r\u00fcnmez k\u0131l\u0131nmas\u0131n\u0131n bir sonucu olarak de\u011ferlendirildi.<\/p>\n<p>KADINLAR EVLER\u0130NDE \u00d6LD\u00dcR\u00dcL\u00dcYOR<\/p>\n<p>\u015eubat ay\u0131nda \u00f6ld\u00fcr\u00fclen 16 kad\u0131n\u0131n 4\u2019\u00fc evli oldu\u011fu erkek, 4\u2019\u00fc eskiden evli oldu\u011fu erkek, 3\u2019\u00fc o\u011flu, 2\u2019si eskiden birlikte oldu\u011fu erkek, 1\u2019i birlikte oldu\u011fu erkek, 1\u2019i babas\u0131, 1\u2019i akrabas\u0131 taraf\u0131ndan \u00f6ld\u00fcr\u00fcld\u00fc. Kad\u0131nlar\u0131n 11\u2019i evinde, 2\u2019si sokakta, 1\u2019i \u0131ss\u0131z bir yerde, 1\u2019i i\u015fyerinde ve 1\u2019i okul \u00f6n\u00fcnde \u00f6ld\u00fcr\u00fclm\u00fc\u015ft\u00fcr. Bu ay \u00f6ld\u00fcr\u00fclen kad\u0131nlar\u0131n y\u00fczde 69\u2019u evlerinde \u00f6ld\u00fcr\u00fcld\u00fc. Bu ay \u00f6ld\u00fcr\u00fclen kad\u0131nlar\u0131n 9\u2019u ate\u015fli silahlarla, 5\u2019i kesici aletle, 2\u2019si bo\u011fularak \u00f6ld\u00fcr\u00fcld\u00fc. Bu ay \u00f6ld\u00fcr\u00fclen kad\u0131nlar\u0131n y\u00fczde 56\u2019s\u0131 ate\u015fli silah ile \u00f6ld\u00fcr\u00fcld\u00fc.<\/p>\n<p>1 YILDA 239 KADIN KATLED\u0130LD\u0130<\/p>\n<p>1 Mart 2024- 1 Mart 2025 tarihleri aras\u0131nda ise 239 kad\u0131n, aile \u00fcyesi erkekler taraf\u0131ndan katledildi. Bu kad\u0131nlardan 154\u2019\u00fc evli olduklar\u0131 erkekler, 26\u2019s\u0131 babalar\u0131, 22\u2019si o\u011fullar\u0131, 27\u2019si erkek akrabalar\u0131 ve 10\u2019u erkek karde\u015fleri taraf\u0131ndan \u00f6ld\u00fcr\u00fcld\u00fc.<\/p>\n<p>\u00a0<\/p>\n<p>\u200bT\u00fcrkiye\u2019de kad\u0131n cinay*tleri bitmek bilmiyor,  \u00dclke genelinde 2025&#8217;in sadece \u015eubat ay\u0131nda 16 kad\u0131n\u0131n \u00f6ld\u00fcr\u00fclmesi, durumun ciddiyetini g\u00f6zler \u00f6n\u00fcne seriyor. Kad\u0131n cinay*tlerinin b\u00fcy\u00fck b\u00f6l\u00fcm\u00fcn\u00fcn ya\u015fad\u0131klar\u0131 evde meydana gelmesi ise d\u00fc\u015f\u00fcnd\u00fcr\u00fcc\u00fc.\u00a0<\/p>\n<p>\u200bHaberin Al\u0131nt\u0131land\u0131\u011f\u0131 Kaynak: www.antalyakorfez.com<\/p>","protected":false},"excerpt":{"rendered":"<p>Kad\u0131n Cinayetlerini Durduraca\u011f\u0131z Platformu, \u015eubat ay\u0131 raporunu a\u00e7\u0131klad\u0131. Rapora g\u00f6re \u015fubat ay\u0131nda 16 kad\u0131n, erkekler taraf\u0131ndan \u00f6ld\u00fcr\u00fcld\u00fc. 21 kad\u0131n, \u015f\u00fcpheli \u015fekilde hayat\u0131n\u0131 kaybetti. Kad\u0131nlar\u0131n \u00e7o\u011funlu\u011fu en \u00e7ok g\u00fcvende olmalar\u0131 gereken yerde, yani evlerinde \u00f6ld\u00fcr\u00fcld\u00fc. SON 28 G\u00dcNDE 16 KADIN YA\u015eAMDAN KOPARILDI\u00a0 Kad\u0131n Cinayetlerini Durduraca\u011f\u0131z Platformu, 2025 \u015eubat Raporu\u2019na g\u00f6re \u00fclke genelinde 28 g\u00fcnde 16 kad\u0131n cinayeti i\u015flendi. 21 kad\u0131n \u015f\u00fcpheli \u015fekilde \u00f6l\u00fc bulundu. 1 Mart 2024 ile 1 Mart 2025 tarihleri aras\u0131nda ise 239 kad\u0131n, aile \u00fcyesi erkekler taraf\u0131ndan \u00f6ld\u00fcr\u00fcld\u00fc. KADINA Y\u00d6NEL\u0130K \u015e\u0130DDET\u0130N SONUCU\u00a0 16 kad\u0131ndan 3\u2019\u00fc bo\u015fanmak istedi\u011fi, bar\u0131\u015fmay\u0131 reddetti\u011fi, evlenmeyi reddetti\u011fi, ili\u015fkiyi reddetti\u011fi gibi bahanelerle \u00f6ld\u00fcr\u00fcld\u00fc. 1 kad\u0131n, o\u011flunun \u00e7al\u0131\u015fmamas\u0131 hakk\u0131nda konu\u015fmas\u0131 bahanesiyle \u00f6ld\u00fcr\u00fcld\u00fc. 12 kad\u0131n\u0131n ise hangi bahaneyle \u00f6ld\u00fcr\u00fcld\u00fc\u011f\u00fc tespit edilemedi. Raporda, 12 kad\u0131n\u0131n hangi bahaneyle \u00f6ld\u00fcr\u00fcld\u00fc\u011f\u00fcn\u00fcn tespit edilememesi, kad\u0131na y\u00f6nelik \u015fiddetin ve kad\u0131n cinayetlerinin g\u00f6r\u00fcnmez k\u0131l\u0131nmas\u0131n\u0131n bir sonucu olarak de\u011ferlendirildi. KADINLAR EVLER\u0130NDE \u00d6LD\u00dcR\u00dcL\u00dcYOR \u015eubat ay\u0131nda \u00f6ld\u00fcr\u00fclen 16 kad\u0131n\u0131n 4\u2019\u00fc evli oldu\u011fu erkek, 4\u2019\u00fc eskiden evli oldu\u011fu erkek, 3\u2019\u00fc o\u011flu, 2\u2019si eskiden birlikte oldu\u011fu erkek, 1\u2019i birlikte oldu\u011fu erkek, 1\u2019i babas\u0131, 1\u2019i akrabas\u0131 taraf\u0131ndan \u00f6ld\u00fcr\u00fcld\u00fc. Kad\u0131nlar\u0131n 11\u2019i evinde, 2\u2019si sokakta, 1\u2019i \u0131ss\u0131z bir yerde, 1\u2019i i\u015fyerinde ve 1\u2019i okul \u00f6n\u00fcnde \u00f6ld\u00fcr\u00fclm\u00fc\u015ft\u00fcr. Bu ay \u00f6ld\u00fcr\u00fclen kad\u0131nlar\u0131n y\u00fczde 69\u2019u evlerinde \u00f6ld\u00fcr\u00fcld\u00fc. Bu ay \u00f6ld\u00fcr\u00fclen kad\u0131nlar\u0131n 9\u2019u ate\u015fli silahlarla, 5\u2019i &hellip;<\/p>","protected":false},"author":5,"featured_media":0,"comment_status":"open","ping_status":"open","sticky":false,"template":"","format":"standard","meta":{"_acf_changed":false,"footnotes":""},"categories":[24],"tags":[],"class_list":["post-34610","post","type-post","status-publish","format-standard","has-post-thumbnail","hentry","category-gundem"],"acf":[],"yoast_head":"<!-- This site is optimized with the Yoast SEO Premium plugin v26.6 (Yoast SEO v27.1.1) - https:\/\/yoast.com\/product\/yoast-seo-premium-wordpress\/ -->\n<title>Kad\u0131nlara g\u00fcvenli alan yok: 2025 \u015eubat ay\u0131nda 16 kad\u0131n \u00f6ld*r\u00fcld\u00fc - Av. Deniz Can K\u0131z\u0131l<\/title>\n<meta name=\"robots\" content=\"index, follow, max-snippet:-1, max-image-preview:large, max-video-preview:-1\" \/>\n<link rel=\"canonical\" href=\"http:\/\/denizcankizil.tr\/ru\/haberler\/gundem\/kadinlara-guvenli-alan-yok-2025-subat-ayinda-16-kadin-oldruldu\/\" \/>\n<meta property=\"og:locale\" content=\"ru_RU\" \/>\n<meta property=\"og:type\" content=\"article\" \/>\n<meta property=\"og:title\" content=\"Kad\u0131nlara g\u00fcvenli alan yok: 2025 \u015eubat ay\u0131nda 16 kad\u0131n \u00f6ld*r\u00fcld\u00fc\" \/>\n<meta property=\"og:description\" content=\"Kad\u0131n Cinayetlerini Durduraca\u011f\u0131z Platformu, \u015eubat ay\u0131 raporunu a\u00e7\u0131klad\u0131. Rapora g\u00f6re \u015fubat ay\u0131nda 16 kad\u0131n, erkekler taraf\u0131ndan \u00f6ld\u00fcr\u00fcld\u00fc. 21 kad\u0131n, \u015f\u00fcpheli \u015fekilde hayat\u0131n\u0131 kaybetti. Kad\u0131nlar\u0131n \u00e7o\u011funlu\u011fu en \u00e7ok g\u00fcvende olmalar\u0131 gereken yerde, yani evlerinde \u00f6ld\u00fcr\u00fcld\u00fc. SON 28 G\u00dcNDE 16 KADIN YA\u015eAMDAN KOPARILDI\u00a0 Kad\u0131n Cinayetlerini Durduraca\u011f\u0131z Platformu, 2025 \u015eubat Raporu\u2019na g\u00f6re \u00fclke genelinde 28 g\u00fcnde 16 kad\u0131n cinayeti i\u015flendi. 21 kad\u0131n \u015f\u00fcpheli \u015fekilde \u00f6l\u00fc bulundu. 1 Mart 2024 ile 1 Mart 2025 tarihleri aras\u0131nda ise 239 kad\u0131n, aile \u00fcyesi erkekler taraf\u0131ndan \u00f6ld\u00fcr\u00fcld\u00fc. KADINA Y\u00d6NEL\u0130K \u015e\u0130DDET\u0130N SONUCU\u00a0 16 kad\u0131ndan 3\u2019\u00fc bo\u015fanmak istedi\u011fi, bar\u0131\u015fmay\u0131 reddetti\u011fi, evlenmeyi reddetti\u011fi, ili\u015fkiyi reddetti\u011fi gibi bahanelerle \u00f6ld\u00fcr\u00fcld\u00fc. 1 kad\u0131n, o\u011flunun \u00e7al\u0131\u015fmamas\u0131 hakk\u0131nda konu\u015fmas\u0131 bahanesiyle \u00f6ld\u00fcr\u00fcld\u00fc. 12 kad\u0131n\u0131n ise hangi bahaneyle \u00f6ld\u00fcr\u00fcld\u00fc\u011f\u00fc tespit edilemedi. Raporda, 12 kad\u0131n\u0131n hangi bahaneyle \u00f6ld\u00fcr\u00fcld\u00fc\u011f\u00fcn\u00fcn tespit edilememesi, kad\u0131na y\u00f6nelik \u015fiddetin ve kad\u0131n cinayetlerinin g\u00f6r\u00fcnmez k\u0131l\u0131nmas\u0131n\u0131n bir sonucu olarak de\u011ferlendirildi. KADINLAR EVLER\u0130NDE \u00d6LD\u00dcR\u00dcL\u00dcYOR \u015eubat ay\u0131nda \u00f6ld\u00fcr\u00fclen 16 kad\u0131n\u0131n 4\u2019\u00fc evli oldu\u011fu erkek, 4\u2019\u00fc eskiden evli oldu\u011fu erkek, 3\u2019\u00fc o\u011flu, 2\u2019si eskiden birlikte oldu\u011fu erkek, 1\u2019i birlikte oldu\u011fu erkek, 1\u2019i babas\u0131, 1\u2019i akrabas\u0131 taraf\u0131ndan \u00f6ld\u00fcr\u00fcld\u00fc. Kad\u0131nlar\u0131n 11\u2019i evinde, 2\u2019si sokakta, 1\u2019i \u0131ss\u0131z bir yerde, 1\u2019i i\u015fyerinde ve 1\u2019i okul \u00f6n\u00fcnde \u00f6ld\u00fcr\u00fclm\u00fc\u015ft\u00fcr. Bu ay \u00f6ld\u00fcr\u00fclen kad\u0131nlar\u0131n y\u00fczde 69\u2019u evlerinde \u00f6ld\u00fcr\u00fcld\u00fc. Bu ay \u00f6ld\u00fcr\u00fclen kad\u0131nlar\u0131n 9\u2019u ate\u015fli silahlarla, 5\u2019i &hellip;\" \/>\n<meta property=\"og:url\" content=\"http:\/\/denizcankizil.tr\/ru\/haberler\/gundem\/kadinlara-guvenli-alan-yok-2025-subat-ayinda-16-kadin-oldruldu\/\" \/>\n<meta property=\"og:site_name\" content=\"Av. Deniz Can K\u0131z\u0131l\" \/>\n<meta property=\"article:published_time\" content=\"2025-03-03T14:41:15+00:00\" \/>\n<meta name=\"author\" content=\"Antalya K\u00f6rfez\" \/>\n<meta name=\"twitter:card\" content=\"summary_large_image\" \/>\n<meta name=\"twitter:label1\" content=\"\u041d\u0430\u043f\u0438\u0441\u0430\u043d\u043e \u0430\u0432\u0442\u043e\u0440\u043e\u043c\" \/>\n\t<meta name=\"twitter:data1\" content=\"Antalya K\u00f6rfez\" \/>\n\t<meta name=\"twitter:label2\" content=\"\u041f\u0440\u0438\u043c\u0435\u0440\u043d\u043e\u0435 \u0432\u0440\u0435\u043c\u044f \u0434\u043b\u044f \u0447\u0442\u0435\u043d\u0438\u044f\" \/>\n\t<meta name=\"twitter:data2\" content=\"2 \u043c\u0438\u043d\u0443\u0442\u044b\" \/>\n<script type=\"application\/ld+json\" class=\"yoast-schema-graph\">{\"@context\":\"https:\/\/schema.org\",\"@graph\":[{\"@type\":\"Article\",\"@id\":\"http:\/\/denizcankizil.tr\/ru\/haberler\/gundem\/kadinlara-guvenli-alan-yok-2025-subat-ayinda-16-kadin-oldruldu\/#article\",\"isPartOf\":{\"@id\":\"http:\/\/denizcankizil.tr\/ru\/haberler\/gundem\/kadinlara-guvenli-alan-yok-2025-subat-ayinda-16-kadin-oldruldu\/\"},\"author\":{\"name\":\"Antalya K\u00f6rfez\",\"@id\":\"https:\/\/denizcankizil.tr\/de\/#\/schema\/person\/e1eb71bb4dd684d46563f0af307e1234\"},\"headline\":\"Kad\u0131nlara g\u00fcvenli alan yok: 2025 \u015eubat ay\u0131nda 16 kad\u0131n \u00f6ld*r\u00fcld\u00fc\",\"datePublished\":\"2025-03-03T14:41:15+00:00\",\"mainEntityOfPage\":{\"@id\":\"http:\/\/denizcankizil.tr\/ru\/haberler\/gundem\/kadinlara-guvenli-alan-yok-2025-subat-ayinda-16-kadin-oldruldu\/\"},\"wordCount\":432,\"commentCount\":0,\"publisher\":{\"@id\":\"https:\/\/denizcankizil.tr\/de\/#organization\"},\"articleSection\":[\"G\u00fcndem\"],\"inLanguage\":\"ru-RU\",\"potentialAction\":[{\"@type\":\"CommentAction\",\"name\":\"Comment\",\"target\":[\"http:\/\/denizcankizil.tr\/ru\/haberler\/gundem\/kadinlara-guvenli-alan-yok-2025-subat-ayinda-16-kadin-oldruldu\/#respond\"]}]},{\"@type\":\"WebPage\",\"@id\":\"http:\/\/denizcankizil.tr\/ru\/haberler\/gundem\/kadinlara-guvenli-alan-yok-2025-subat-ayinda-16-kadin-oldruldu\/\",\"url\":\"http:\/\/denizcankizil.tr\/ru\/haberler\/gundem\/kadinlara-guvenli-alan-yok-2025-subat-ayinda-16-kadin-oldruldu\/\",\"name\":\"Kad\u0131nlara g\u00fcvenli alan yok: 2025 \u015eubat ay\u0131nda 16 kad\u0131n \u00f6ld*r\u00fcld\u00fc - Av. Deniz Can K\u0131z\u0131l\",\"isPartOf\":{\"@id\":\"https:\/\/denizcankizil.tr\/de\/#website\"},\"datePublished\":\"2025-03-03T14:41:15+00:00\",\"breadcrumb\":{\"@id\":\"http:\/\/denizcankizil.tr\/ru\/haberler\/gundem\/kadinlara-guvenli-alan-yok-2025-subat-ayinda-16-kadin-oldruldu\/#breadcrumb\"},\"inLanguage\":\"ru-RU\",\"potentialAction\":[{\"@type\":\"ReadAction\",\"target\":[\"http:\/\/denizcankizil.tr\/ru\/haberler\/gundem\/kadinlara-guvenli-alan-yok-2025-subat-ayinda-16-kadin-oldruldu\/\"]}]},{\"@type\":\"BreadcrumbList\",\"@id\":\"http:\/\/denizcankizil.tr\/ru\/haberler\/gundem\/kadinlara-guvenli-alan-yok-2025-subat-ayinda-16-kadin-oldruldu\/#breadcrumb\",\"itemListElement\":[{\"@type\":\"ListItem\",\"position\":1,\"name\":\"Home\",\"item\":\"https:\/\/denizcankizil.tr\/de\/\"},{\"@type\":\"ListItem\",\"position\":2,\"name\":\"Kad\u0131nlara g\u00fcvenli alan yok: 2025 \u015eubat ay\u0131nda 16 kad\u0131n \u00f6ld*r\u00fcld\u00fc\"}]},{\"@type\":\"WebSite\",\"@id\":\"https:\/\/denizcankizil.tr\/de\/#website\",\"url\":\"https:\/\/denizcankizil.tr\/de\/\",\"name\":\"Av. Deniz Can K\u0131z\u0131l\",\"description\":\"Avukat Deniz Can K\u0131z\u0131l Antalya Barosu\",\"publisher\":{\"@id\":\"https:\/\/denizcankizil.tr\/de\/#organization\"},\"potentialAction\":[{\"@type\":\"SearchAction\",\"target\":{\"@type\":\"EntryPoint\",\"urlTemplate\":\"https:\/\/denizcankizil.tr\/de\/?s={search_term_string}\"},\"query-input\":{\"@type\":\"PropertyValueSpecification\",\"valueRequired\":true,\"valueName\":\"search_term_string\"}}],\"inLanguage\":\"ru-RU\"},{\"@type\":\"Organization\",\"@id\":\"https:\/\/denizcankizil.tr\/de\/#organization\",\"name\":\"Av. Deniz Can K\u0131z\u0131l\",\"url\":\"https:\/\/denizcankizil.tr\/de\/\",\"logo\":{\"@type\":\"ImageObject\",\"inLanguage\":\"ru-RU\",\"@id\":\"https:\/\/denizcankizil.tr\/de\/#\/schema\/logo\/image\/\",\"url\":\"http:\/\/denizcankizil.tr\/wp-content\/uploads\/2024\/10\/siyah-logo-svg.svg\",\"contentUrl\":\"http:\/\/denizcankizil.tr\/wp-content\/uploads\/2024\/10\/siyah-logo-svg.svg\",\"width\":1080,\"height\":1080,\"caption\":\"Av. Deniz Can K\u0131z\u0131l\"},\"image\":{\"@id\":\"https:\/\/denizcankizil.tr\/de\/#\/schema\/logo\/image\/\"}},{\"@type\":\"Person\",\"@id\":\"https:\/\/denizcankizil.tr\/de\/#\/schema\/person\/e1eb71bb4dd684d46563f0af307e1234\",\"name\":\"Antalya K\u00f6rfez\",\"image\":{\"@type\":\"ImageObject\",\"inLanguage\":\"ru-RU\",\"@id\":\"https:\/\/denizcankizil.tr\/de\/#\/schema\/person\/image\/\",\"url\":\"https:\/\/secure.gravatar.com\/avatar\/42b01982558a48a0b501fdcab6a408d3717ea5919095ee2e67b0e521799c5905?s=96&d=mm&r=g\",\"contentUrl\":\"https:\/\/secure.gravatar.com\/avatar\/42b01982558a48a0b501fdcab6a408d3717ea5919095ee2e67b0e521799c5905?s=96&d=mm&r=g\",\"caption\":\"Antalya K\u00f6rfez\"},\"sameAs\":[\"http:\/\/www.antalyakorfez.com\"],\"url\":\"https:\/\/www.antalyakorfez.com\/kadinlara-guvenli-alan-yok-2025-subat-ayinda-16-kadin-oldruldu\"}]}<\/script>\n<!-- \/ Yoast SEO Premium plugin. -->","yoast_head_json":{"title":"Kad\u0131nlara g\u00fcvenli alan yok: 2025 \u015eubat ay\u0131nda 16 kad\u0131n \u00f6ld*r\u00fcld\u00fc - Av. Deniz Can K\u0131z\u0131l","robots":{"index":"index","follow":"follow","max-snippet":"max-snippet:-1","max-image-preview":"max-image-preview:large","max-video-preview":"max-video-preview:-1"},"canonical":"http:\/\/denizcankizil.tr\/ru\/haberler\/gundem\/kadinlara-guvenli-alan-yok-2025-subat-ayinda-16-kadin-oldruldu\/","og_locale":"ru_RU","og_type":"article","og_title":"Kad\u0131nlara g\u00fcvenli alan yok: 2025 \u015eubat ay\u0131nda 16 kad\u0131n \u00f6ld*r\u00fcld\u00fc","og_description":"Kad\u0131n Cinayetlerini Durduraca\u011f\u0131z Platformu, \u015eubat ay\u0131 raporunu a\u00e7\u0131klad\u0131. Rapora g\u00f6re \u015fubat ay\u0131nda 16 kad\u0131n, erkekler taraf\u0131ndan \u00f6ld\u00fcr\u00fcld\u00fc. 21 kad\u0131n, \u015f\u00fcpheli \u015fekilde hayat\u0131n\u0131 kaybetti. Kad\u0131nlar\u0131n \u00e7o\u011funlu\u011fu en \u00e7ok g\u00fcvende olmalar\u0131 gereken yerde, yani evlerinde \u00f6ld\u00fcr\u00fcld\u00fc. SON 28 G\u00dcNDE 16 KADIN YA\u015eAMDAN KOPARILDI\u00a0 Kad\u0131n Cinayetlerini Durduraca\u011f\u0131z Platformu, 2025 \u015eubat Raporu\u2019na g\u00f6re \u00fclke genelinde 28 g\u00fcnde 16 kad\u0131n cinayeti i\u015flendi. 21 kad\u0131n \u015f\u00fcpheli \u015fekilde \u00f6l\u00fc bulundu. 1 Mart 2024 ile 1 Mart 2025 tarihleri aras\u0131nda ise 239 kad\u0131n, aile \u00fcyesi erkekler taraf\u0131ndan \u00f6ld\u00fcr\u00fcld\u00fc. KADINA Y\u00d6NEL\u0130K \u015e\u0130DDET\u0130N SONUCU\u00a0 16 kad\u0131ndan 3\u2019\u00fc bo\u015fanmak istedi\u011fi, bar\u0131\u015fmay\u0131 reddetti\u011fi, evlenmeyi reddetti\u011fi, ili\u015fkiyi reddetti\u011fi gibi bahanelerle \u00f6ld\u00fcr\u00fcld\u00fc. 1 kad\u0131n, o\u011flunun \u00e7al\u0131\u015fmamas\u0131 hakk\u0131nda konu\u015fmas\u0131 bahanesiyle \u00f6ld\u00fcr\u00fcld\u00fc. 12 kad\u0131n\u0131n ise hangi bahaneyle \u00f6ld\u00fcr\u00fcld\u00fc\u011f\u00fc tespit edilemedi. Raporda, 12 kad\u0131n\u0131n hangi bahaneyle \u00f6ld\u00fcr\u00fcld\u00fc\u011f\u00fcn\u00fcn tespit edilememesi, kad\u0131na y\u00f6nelik \u015fiddetin ve kad\u0131n cinayetlerinin g\u00f6r\u00fcnmez k\u0131l\u0131nmas\u0131n\u0131n bir sonucu olarak de\u011ferlendirildi. KADINLAR EVLER\u0130NDE \u00d6LD\u00dcR\u00dcL\u00dcYOR \u015eubat ay\u0131nda \u00f6ld\u00fcr\u00fclen 16 kad\u0131n\u0131n 4\u2019\u00fc evli oldu\u011fu erkek, 4\u2019\u00fc eskiden evli oldu\u011fu erkek, 3\u2019\u00fc o\u011flu, 2\u2019si eskiden birlikte oldu\u011fu erkek, 1\u2019i birlikte oldu\u011fu erkek, 1\u2019i babas\u0131, 1\u2019i akrabas\u0131 taraf\u0131ndan \u00f6ld\u00fcr\u00fcld\u00fc. Kad\u0131nlar\u0131n 11\u2019i evinde, 2\u2019si sokakta, 1\u2019i \u0131ss\u0131z bir yerde, 1\u2019i i\u015fyerinde ve 1\u2019i okul \u00f6n\u00fcnde \u00f6ld\u00fcr\u00fclm\u00fc\u015ft\u00fcr. Bu ay \u00f6ld\u00fcr\u00fclen kad\u0131nlar\u0131n y\u00fczde 69\u2019u evlerinde \u00f6ld\u00fcr\u00fcld\u00fc. Bu ay \u00f6ld\u00fcr\u00fclen kad\u0131nlar\u0131n 9\u2019u ate\u015fli silahlarla, 5\u2019i &hellip;","og_url":"http:\/\/denizcankizil.tr\/ru\/haberler\/gundem\/kadinlara-guvenli-alan-yok-2025-subat-ayinda-16-kadin-oldruldu\/","og_site_name":"Av. Deniz Can K\u0131z\u0131l","article_published_time":"2025-03-03T14:41:15+00:00","author":"Antalya K\u00f6rfez","twitter_card":"summary_large_image","twitter_misc":{"\u041d\u0430\u043f\u0438\u0441\u0430\u043d\u043e \u0430\u0432\u0442\u043e\u0440\u043e\u043c":"Antalya K\u00f6rfez","\u041f\u0440\u0438\u043c\u0435\u0440\u043d\u043e\u0435 \u0432\u0440\u0435\u043c\u044f \u0434\u043b\u044f \u0447\u0442\u0435\u043d\u0438\u044f":"2 \u043c\u0438\u043d\u0443\u0442\u044b"},"schema":{"@context":"https:\/\/schema.org","@graph":[{"@type":"Article","@id":"http:\/\/denizcankizil.tr\/ru\/haberler\/gundem\/kadinlara-guvenli-alan-yok-2025-subat-ayinda-16-kadin-oldruldu\/#article","isPartOf":{"@id":"http:\/\/denizcankizil.tr\/ru\/haberler\/gundem\/kadinlara-guvenli-alan-yok-2025-subat-ayinda-16-kadin-oldruldu\/"},"author":{"name":"Antalya K\u00f6rfez","@id":"https:\/\/denizcankizil.tr\/de\/#\/schema\/person\/e1eb71bb4dd684d46563f0af307e1234"},"headline":"Kad\u0131nlara g\u00fcvenli alan yok: 2025 \u015eubat ay\u0131nda 16 kad\u0131n \u00f6ld*r\u00fcld\u00fc","datePublished":"2025-03-03T14:41:15+00:00","mainEntityOfPage":{"@id":"http:\/\/denizcankizil.tr\/ru\/haberler\/gundem\/kadinlara-guvenli-alan-yok-2025-subat-ayinda-16-kadin-oldruldu\/"},"wordCount":432,"commentCount":0,"publisher":{"@id":"https:\/\/denizcankizil.tr\/de\/#organization"},"articleSection":["G\u00fcndem"],"inLanguage":"ru-RU","potentialAction":[{"@type":"CommentAction","name":"Comment","target":["http:\/\/denizcankizil.tr\/ru\/haberler\/gundem\/kadinlara-guvenli-alan-yok-2025-subat-ayinda-16-kadin-oldruldu\/#respond"]}]},{"@type":"WebPage","@id":"http:\/\/denizcankizil.tr\/ru\/haberler\/gundem\/kadinlara-guvenli-alan-yok-2025-subat-ayinda-16-kadin-oldruldu\/","url":"http:\/\/denizcankizil.tr\/ru\/haberler\/gundem\/kadinlara-guvenli-alan-yok-2025-subat-ayinda-16-kadin-oldruldu\/","name":"Kad\u0131nlara g\u00fcvenli alan yok: 2025 \u015eubat ay\u0131nda 16 kad\u0131n \u00f6ld*r\u00fcld\u00fc - Av. Deniz Can K\u0131z\u0131l","isPartOf":{"@id":"https:\/\/denizcankizil.tr\/de\/#website"},"datePublished":"2025-03-03T14:41:15+00:00","breadcrumb":{"@id":"http:\/\/denizcankizil.tr\/ru\/haberler\/gundem\/kadinlara-guvenli-alan-yok-2025-subat-ayinda-16-kadin-oldruldu\/#breadcrumb"},"inLanguage":"ru-RU","potentialAction":[{"@type":"ReadAction","target":["http:\/\/denizcankizil.tr\/ru\/haberler\/gundem\/kadinlara-guvenli-alan-yok-2025-subat-ayinda-16-kadin-oldruldu\/"]}]},{"@type":"BreadcrumbList","@id":"http:\/\/denizcankizil.tr\/ru\/haberler\/gundem\/kadinlara-guvenli-alan-yok-2025-subat-ayinda-16-kadin-oldruldu\/#breadcrumb","itemListElement":[{"@type":"ListItem","position":1,"name":"Home","item":"https:\/\/denizcankizil.tr\/de\/"},{"@type":"ListItem","position":2,"name":"Kad\u0131nlara g\u00fcvenli alan yok: 2025 \u015eubat ay\u0131nda 16 kad\u0131n \u00f6ld*r\u00fcld\u00fc"}]},{"@type":"WebSite","@id":"https:\/\/denizcankizil.tr\/de\/#website","url":"https:\/\/denizcankizil.tr\/de\/","name":"Av. Deniz Can K\u0131z\u0131l","description":"Avukat Deniz Can K\u0131z\u0131l Antalya Barosu","publisher":{"@id":"https:\/\/denizcankizil.tr\/de\/#organization"},"potentialAction":[{"@type":"SearchAction","target":{"@type":"EntryPoint","urlTemplate":"https:\/\/denizcankizil.tr\/de\/?s={search_term_string}"},"query-input":{"@type":"PropertyValueSpecification","valueRequired":true,"valueName":"search_term_string"}}],"inLanguage":"ru-RU"},{"@type":"Organization","@id":"https:\/\/denizcankizil.tr\/de\/#organization","name":"Av. Deniz Can K\u0131z\u0131l","url":"https:\/\/denizcankizil.tr\/de\/","logo":{"@type":"ImageObject","inLanguage":"ru-RU","@id":"https:\/\/denizcankizil.tr\/de\/#\/schema\/logo\/image\/","url":"http:\/\/denizcankizil.tr\/wp-content\/uploads\/2024\/10\/siyah-logo-svg.svg","contentUrl":"http:\/\/denizcankizil.tr\/wp-content\/uploads\/2024\/10\/siyah-logo-svg.svg","width":1080,"height":1080,"caption":"Av. Deniz Can K\u0131z\u0131l"},"image":{"@id":"https:\/\/denizcankizil.tr\/de\/#\/schema\/logo\/image\/"}},{"@type":"Person","@id":"https:\/\/denizcankizil.tr\/de\/#\/schema\/person\/e1eb71bb4dd684d46563f0af307e1234","name":"Antalya K\u00f6rfez","image":{"@type":"ImageObject","inLanguage":"ru-RU","@id":"https:\/\/denizcankizil.tr\/de\/#\/schema\/person\/image\/","url":"https:\/\/secure.gravatar.com\/avatar\/42b01982558a48a0b501fdcab6a408d3717ea5919095ee2e67b0e521799c5905?s=96&d=mm&r=g","contentUrl":"https:\/\/secure.gravatar.com\/avatar\/42b01982558a48a0b501fdcab6a408d3717ea5919095ee2e67b0e521799c5905?s=96&d=mm&r=g","caption":"Antalya K\u00f6rfez"},"sameAs":["http:\/\/www.antalyakorfez.com"],"url":"https:\/\/www.antalyakorfez.com\/kadinlara-guvenli-alan-yok-2025-subat-ayinda-16-kadin-oldruldu"}]}},"_links":{"self":[{"href":"http:\/\/denizcankizil.tr\/ru\/wp-json\/wp\/v2\/posts\/34610","targetHints":{"allow":["GET"]}}],"collection":[{"href":"http:\/\/denizcankizil.tr\/ru\/wp-json\/wp\/v2\/posts"}],"about":[{"href":"http:\/\/denizcankizil.tr\/ru\/wp-json\/wp\/v2\/types\/post"}],"author":[{"embeddable":true,"href":"http:\/\/denizcankizil.tr\/ru\/wp-json\/wp\/v2\/users\/5"}],"replies":[{"embeddable":true,"href":"http:\/\/denizcankizil.tr\/ru\/wp-json\/wp\/v2\/comments?post=34610"}],"version-history":[{"count":0,"href":"http:\/\/denizcankizil.tr\/ru\/wp-json\/wp\/v2\/posts\/34610\/revisions"}],"wp:attachment":[{"href":"http:\/\/denizcankizil.tr\/ru\/wp-json\/wp\/v2\/media?parent=34610"}],"wp:term":[{"taxonomy":"category","embeddable":true,"href":"http:\/\/denizcankizil.tr\/ru\/wp-json\/wp\/v2\/categories?post=34610"},{"taxonomy":"post_tag","embeddable":true,"href":"http:\/\/denizcankizil.tr\/ru\/wp-json\/wp\/v2\/tags?post=34610"}],"curies":[{"name":"wp","href":"https:\/\/api.w.org\/{rel}","templated":true}]}}