{"id":34587,"date":"2025-03-03T13:41:56","date_gmt":"2025-03-03T10:41:56","guid":{"rendered":"https:\/\/denizcankizil.tr\/uncategorized-tr\/tamer-gursoy-muzik-listelerine-hizli-giris-yapti\/"},"modified":"2025-03-03T13:41:56","modified_gmt":"2025-03-03T10:41:56","slug":"tamer-gursoy-muzik-listelerine-hizli-giris-yapti","status":"publish","type":"post","link":"http:\/\/denizcankizil.tr\/ru\/haberler\/gundem\/tamer-gursoy-muzik-listelerine-hizli-giris-yapti\/","title":{"rendered":"Tamer G\u00fcrsoy m\u00fczik listelerine h\u0131zl\u0131 giri\u015f yapt\u0131"},"content":{"rendered":"<p>Ge\u00e7ti\u011fimiz aylarda Esma Er ile yay\u0131nlad\u0131\u011f\u0131 ortak projesi \u2018Ayr\u0131lmayal\u0131m\u2019 ile b\u00fcy\u00fck be\u011feni toplayan ba\u015far\u0131l\u0131 sanat\u00e7\u0131 Tamer G\u00fcrsoy, ilk solo projesi \u201cKendime Ya\u015fayaca\u011f\u0131m\u201d \u0131 dinleyicilerle bulu\u015fturdu.<\/p>\n<p>\u200bGe\u00e7ti\u011fimiz aylarda Esma Er ile yay\u0131nlad\u0131\u011f\u0131 ortak projesi \u2018Ayr\u0131lmayal\u0131m\u2019 ile b\u00fcy\u00fck be\u011feni toplayan ba\u015far\u0131l\u0131 sanat\u00e7\u0131 Tamer G\u00fcrsoy, ilk solo projesi \u201cKendime Ya\u015fayaca\u011f\u0131m\u201d \u0131 dinleyicilerle bulu\u015fturdu.\u00a0<\/p>\n<p>\u200bHaberin Al\u0131nt\u0131land\u0131\u011f\u0131 Kaynak: www.iskenderun.org<\/p>","protected":false},"excerpt":{"rendered":"<p>Ge\u00e7ti\u011fimiz aylarda Esma Er ile yay\u0131nlad\u0131\u011f\u0131 ortak projesi \u2018Ayr\u0131lmayal\u0131m\u2019 ile b\u00fcy\u00fck be\u011feni toplayan ba\u015far\u0131l\u0131 sanat\u00e7\u0131 Tamer G\u00fcrsoy, ilk solo projesi \u201cKendime Ya\u015fayaca\u011f\u0131m\u201d \u0131 dinleyicilerle bulu\u015fturdu. \u200bGe\u00e7ti\u011fimiz aylarda Esma Er ile yay\u0131nlad\u0131\u011f\u0131 ortak projesi \u2018Ayr\u0131lmayal\u0131m\u2019 ile b\u00fcy\u00fck be\u011feni toplayan ba\u015far\u0131l\u0131 sanat\u00e7\u0131 Tamer G\u00fcrsoy, ilk solo projesi \u201cKendime Ya\u015fayaca\u011f\u0131m\u201d \u0131 dinleyicilerle bulu\u015fturdu.\u00a0 \u200bHaberin Al\u0131nt\u0131land\u0131\u011f\u0131 Kaynak: www.iskenderun.org<\/p>","protected":false},"author":1,"featured_media":0,"comment_status":"open","ping_status":"open","sticky":false,"template":"","format":"standard","meta":{"_acf_changed":false,"footnotes":""},"categories":[24],"tags":[],"class_list":["post-34587","post","type-post","status-publish","format-standard","has-post-thumbnail","hentry","category-gundem"],"acf":[],"yoast_head":"<!-- This site is optimized with the Yoast SEO Premium plugin v26.6 (Yoast SEO v27.1.1) - https:\/\/yoast.com\/product\/yoast-seo-premium-wordpress\/ -->\n<title>Tamer G\u00fcrsoy m\u00fczik listelerine h\u0131zl\u0131 giri\u015f yapt\u0131 - Av. Deniz Can K\u0131z\u0131l<\/title>\n<meta name=\"robots\" content=\"index, follow, max-snippet:-1, max-image-preview:large, max-video-preview:-1\" \/>\n<link rel=\"canonical\" href=\"http:\/\/denizcankizil.tr\/ru\/haberler\/gundem\/tamer-gursoy-muzik-listelerine-hizli-giris-yapti\/\" \/>\n<meta property=\"og:locale\" content=\"ru_RU\" \/>\n<meta property=\"og:type\" content=\"article\" \/>\n<meta property=\"og:title\" content=\"Tamer G\u00fcrsoy m\u00fczik listelerine h\u0131zl\u0131 giri\u015f yapt\u0131\" \/>\n<meta property=\"og:description\" content=\"Ge\u00e7ti\u011fimiz aylarda Esma Er ile yay\u0131nlad\u0131\u011f\u0131 ortak projesi \u2018Ayr\u0131lmayal\u0131m\u2019 ile b\u00fcy\u00fck be\u011feni toplayan ba\u015far\u0131l\u0131 sanat\u00e7\u0131 Tamer G\u00fcrsoy, ilk solo projesi \u201cKendime Ya\u015fayaca\u011f\u0131m\u201d \u0131 dinleyicilerle bulu\u015fturdu. \u200bGe\u00e7ti\u011fimiz aylarda Esma Er ile yay\u0131nlad\u0131\u011f\u0131 ortak projesi \u2018Ayr\u0131lmayal\u0131m\u2019 ile b\u00fcy\u00fck be\u011feni toplayan ba\u015far\u0131l\u0131 sanat\u00e7\u0131 Tamer G\u00fcrsoy, ilk solo projesi \u201cKendime Ya\u015fayaca\u011f\u0131m\u201d \u0131 dinleyicilerle bulu\u015fturdu.\u00a0 \u200bHaberin Al\u0131nt\u0131land\u0131\u011f\u0131 Kaynak: www.iskenderun.org\" \/>\n<meta property=\"og:url\" content=\"http:\/\/denizcankizil.tr\/ru\/haberler\/gundem\/tamer-gursoy-muzik-listelerine-hizli-giris-yapti\/\" \/>\n<meta property=\"og:site_name\" content=\"Av. Deniz Can K\u0131z\u0131l\" \/>\n<meta property=\"article:published_time\" content=\"2025-03-03T10:41:56+00:00\" \/>\n<meta name=\"author\" content=\"admin\" \/>\n<meta name=\"twitter:card\" content=\"summary_large_image\" \/>\n<meta name=\"twitter:label1\" content=\"\u041d\u0430\u043f\u0438\u0441\u0430\u043d\u043e \u0430\u0432\u0442\u043e\u0440\u043e\u043c\" \/>\n\t<meta name=\"twitter:data1\" content=\"admin\" \/>\n<script type=\"application\/ld+json\" class=\"yoast-schema-graph\">{\"@context\":\"https:\/\/schema.org\",\"@graph\":[{\"@type\":\"Article\",\"@id\":\"http:\/\/denizcankizil.tr\/ru\/haberler\/gundem\/tamer-gursoy-muzik-listelerine-hizli-giris-yapti\/#article\",\"isPartOf\":{\"@id\":\"http:\/\/denizcankizil.tr\/ru\/haberler\/gundem\/tamer-gursoy-muzik-listelerine-hizli-giris-yapti\/\"},\"author\":{\"name\":\"admin\",\"@id\":\"https:\/\/denizcankizil.tr\/de\/#\/schema\/person\/be3c05fe6a12686905512445d8185489\"},\"headline\":\"Tamer G\u00fcrsoy m\u00fczik listelerine h\u0131zl\u0131 giri\u015f yapt\u0131\",\"datePublished\":\"2025-03-03T10:41:56+00:00\",\"mainEntityOfPage\":{\"@id\":\"http:\/\/denizcankizil.tr\/ru\/haberler\/gundem\/tamer-gursoy-muzik-listelerine-hizli-giris-yapti\/\"},\"wordCount\":94,\"commentCount\":0,\"publisher\":{\"@id\":\"https:\/\/denizcankizil.tr\/de\/#organization\"},\"articleSection\":[\"G\u00fcndem\"],\"inLanguage\":\"ru-RU\",\"potentialAction\":[{\"@type\":\"CommentAction\",\"name\":\"Comment\",\"target\":[\"http:\/\/denizcankizil.tr\/ru\/haberler\/gundem\/tamer-gursoy-muzik-listelerine-hizli-giris-yapti\/#respond\"]}]},{\"@type\":\"WebPage\",\"@id\":\"http:\/\/denizcankizil.tr\/ru\/haberler\/gundem\/tamer-gursoy-muzik-listelerine-hizli-giris-yapti\/\",\"url\":\"http:\/\/denizcankizil.tr\/ru\/haberler\/gundem\/tamer-gursoy-muzik-listelerine-hizli-giris-yapti\/\",\"name\":\"Tamer G\u00fcrsoy m\u00fczik listelerine h\u0131zl\u0131 giri\u015f yapt\u0131 - Av. Deniz Can K\u0131z\u0131l\",\"isPartOf\":{\"@id\":\"https:\/\/denizcankizil.tr\/de\/#website\"},\"datePublished\":\"2025-03-03T10:41:56+00:00\",\"breadcrumb\":{\"@id\":\"http:\/\/denizcankizil.tr\/ru\/haberler\/gundem\/tamer-gursoy-muzik-listelerine-hizli-giris-yapti\/#breadcrumb\"},\"inLanguage\":\"ru-RU\",\"potentialAction\":[{\"@type\":\"ReadAction\",\"target\":[\"http:\/\/denizcankizil.tr\/ru\/haberler\/gundem\/tamer-gursoy-muzik-listelerine-hizli-giris-yapti\/\"]}]},{\"@type\":\"BreadcrumbList\",\"@id\":\"http:\/\/denizcankizil.tr\/ru\/haberler\/gundem\/tamer-gursoy-muzik-listelerine-hizli-giris-yapti\/#breadcrumb\",\"itemListElement\":[{\"@type\":\"ListItem\",\"position\":1,\"name\":\"Home\",\"item\":\"https:\/\/denizcankizil.tr\/de\/\"},{\"@type\":\"ListItem\",\"position\":2,\"name\":\"Tamer G\u00fcrsoy m\u00fczik listelerine h\u0131zl\u0131 giri\u015f yapt\u0131\"}]},{\"@type\":\"WebSite\",\"@id\":\"https:\/\/denizcankizil.tr\/de\/#website\",\"url\":\"https:\/\/denizcankizil.tr\/de\/\",\"name\":\"Av. Deniz Can K\u0131z\u0131l\",\"description\":\"Avukat Deniz Can K\u0131z\u0131l Antalya Barosu\",\"publisher\":{\"@id\":\"https:\/\/denizcankizil.tr\/de\/#organization\"},\"potentialAction\":[{\"@type\":\"SearchAction\",\"target\":{\"@type\":\"EntryPoint\",\"urlTemplate\":\"https:\/\/denizcankizil.tr\/de\/?s={search_term_string}\"},\"query-input\":{\"@type\":\"PropertyValueSpecification\",\"valueRequired\":true,\"valueName\":\"search_term_string\"}}],\"inLanguage\":\"ru-RU\"},{\"@type\":\"Organization\",\"@id\":\"https:\/\/denizcankizil.tr\/de\/#organization\",\"name\":\"Av. Deniz Can K\u0131z\u0131l\",\"url\":\"https:\/\/denizcankizil.tr\/de\/\",\"logo\":{\"@type\":\"ImageObject\",\"inLanguage\":\"ru-RU\",\"@id\":\"https:\/\/denizcankizil.tr\/de\/#\/schema\/logo\/image\/\",\"url\":\"http:\/\/denizcankizil.tr\/wp-content\/uploads\/2024\/10\/siyah-logo-svg.svg\",\"contentUrl\":\"http:\/\/denizcankizil.tr\/wp-content\/uploads\/2024\/10\/siyah-logo-svg.svg\",\"width\":1080,\"height\":1080,\"caption\":\"Av. Deniz Can K\u0131z\u0131l\"},\"image\":{\"@id\":\"https:\/\/denizcankizil.tr\/de\/#\/schema\/logo\/image\/\"}},{\"@type\":\"Person\",\"@id\":\"https:\/\/denizcankizil.tr\/de\/#\/schema\/person\/be3c05fe6a12686905512445d8185489\",\"name\":\"admin\",\"image\":{\"@type\":\"ImageObject\",\"inLanguage\":\"ru-RU\",\"@id\":\"https:\/\/denizcankizil.tr\/de\/#\/schema\/person\/image\/\",\"url\":\"https:\/\/secure.gravatar.com\/avatar\/c1fce94c830dc79107e174f890d7210541c4a63e8e5d816341794a2151c9d58c?s=96&d=mm&r=g\",\"contentUrl\":\"https:\/\/secure.gravatar.com\/avatar\/c1fce94c830dc79107e174f890d7210541c4a63e8e5d816341794a2151c9d58c?s=96&d=mm&r=g\",\"caption\":\"admin\"},\"sameAs\":[\"http:\/\/denizcankizil.tr\"],\"url\":\"https:\/\/www.iskenderun.org\/tamer-gursoy-muzik-listelerine-hizli-giris-yapti\"}]}<\/script>\n<!-- \/ Yoast SEO Premium plugin. -->","yoast_head_json":{"title":"Tamer G\u00fcrsoy m\u00fczik listelerine h\u0131zl\u0131 giri\u015f yapt\u0131 - Av. Deniz Can K\u0131z\u0131l","robots":{"index":"index","follow":"follow","max-snippet":"max-snippet:-1","max-image-preview":"max-image-preview:large","max-video-preview":"max-video-preview:-1"},"canonical":"http:\/\/denizcankizil.tr\/ru\/haberler\/gundem\/tamer-gursoy-muzik-listelerine-hizli-giris-yapti\/","og_locale":"ru_RU","og_type":"article","og_title":"Tamer G\u00fcrsoy m\u00fczik listelerine h\u0131zl\u0131 giri\u015f yapt\u0131","og_description":"Ge\u00e7ti\u011fimiz aylarda Esma Er ile yay\u0131nlad\u0131\u011f\u0131 ortak projesi \u2018Ayr\u0131lmayal\u0131m\u2019 ile b\u00fcy\u00fck be\u011feni toplayan ba\u015far\u0131l\u0131 sanat\u00e7\u0131 Tamer G\u00fcrsoy, ilk solo projesi \u201cKendime Ya\u015fayaca\u011f\u0131m\u201d \u0131 dinleyicilerle bulu\u015fturdu. \u200bGe\u00e7ti\u011fimiz aylarda Esma Er ile yay\u0131nlad\u0131\u011f\u0131 ortak projesi \u2018Ayr\u0131lmayal\u0131m\u2019 ile b\u00fcy\u00fck be\u011feni toplayan ba\u015far\u0131l\u0131 sanat\u00e7\u0131 Tamer G\u00fcrsoy, ilk solo projesi \u201cKendime Ya\u015fayaca\u011f\u0131m\u201d \u0131 dinleyicilerle bulu\u015fturdu.\u00a0 \u200bHaberin Al\u0131nt\u0131land\u0131\u011f\u0131 Kaynak: www.iskenderun.org","og_url":"http:\/\/denizcankizil.tr\/ru\/haberler\/gundem\/tamer-gursoy-muzik-listelerine-hizli-giris-yapti\/","og_site_name":"Av. Deniz Can K\u0131z\u0131l","article_published_time":"2025-03-03T10:41:56+00:00","author":"admin","twitter_card":"summary_large_image","twitter_misc":{"\u041d\u0430\u043f\u0438\u0441\u0430\u043d\u043e \u0430\u0432\u0442\u043e\u0440\u043e\u043c":"admin"},"schema":{"@context":"https:\/\/schema.org","@graph":[{"@type":"Article","@id":"http:\/\/denizcankizil.tr\/ru\/haberler\/gundem\/tamer-gursoy-muzik-listelerine-hizli-giris-yapti\/#article","isPartOf":{"@id":"http:\/\/denizcankizil.tr\/ru\/haberler\/gundem\/tamer-gursoy-muzik-listelerine-hizli-giris-yapti\/"},"author":{"name":"admin","@id":"https:\/\/denizcankizil.tr\/de\/#\/schema\/person\/be3c05fe6a12686905512445d8185489"},"headline":"Tamer G\u00fcrsoy m\u00fczik listelerine h\u0131zl\u0131 giri\u015f yapt\u0131","datePublished":"2025-03-03T10:41:56+00:00","mainEntityOfPage":{"@id":"http:\/\/denizcankizil.tr\/ru\/haberler\/gundem\/tamer-gursoy-muzik-listelerine-hizli-giris-yapti\/"},"wordCount":94,"commentCount":0,"publisher":{"@id":"https:\/\/denizcankizil.tr\/de\/#organization"},"articleSection":["G\u00fcndem"],"inLanguage":"ru-RU","potentialAction":[{"@type":"CommentAction","name":"Comment","target":["http:\/\/denizcankizil.tr\/ru\/haberler\/gundem\/tamer-gursoy-muzik-listelerine-hizli-giris-yapti\/#respond"]}]},{"@type":"WebPage","@id":"http:\/\/denizcankizil.tr\/ru\/haberler\/gundem\/tamer-gursoy-muzik-listelerine-hizli-giris-yapti\/","url":"http:\/\/denizcankizil.tr\/ru\/haberler\/gundem\/tamer-gursoy-muzik-listelerine-hizli-giris-yapti\/","name":"Tamer G\u00fcrsoy m\u00fczik listelerine h\u0131zl\u0131 giri\u015f yapt\u0131 - Av. Deniz Can K\u0131z\u0131l","isPartOf":{"@id":"https:\/\/denizcankizil.tr\/de\/#website"},"datePublished":"2025-03-03T10:41:56+00:00","breadcrumb":{"@id":"http:\/\/denizcankizil.tr\/ru\/haberler\/gundem\/tamer-gursoy-muzik-listelerine-hizli-giris-yapti\/#breadcrumb"},"inLanguage":"ru-RU","potentialAction":[{"@type":"ReadAction","target":["http:\/\/denizcankizil.tr\/ru\/haberler\/gundem\/tamer-gursoy-muzik-listelerine-hizli-giris-yapti\/"]}]},{"@type":"BreadcrumbList","@id":"http:\/\/denizcankizil.tr\/ru\/haberler\/gundem\/tamer-gursoy-muzik-listelerine-hizli-giris-yapti\/#breadcrumb","itemListElement":[{"@type":"ListItem","position":1,"name":"Home","item":"https:\/\/denizcankizil.tr\/de\/"},{"@type":"ListItem","position":2,"name":"Tamer G\u00fcrsoy m\u00fczik listelerine h\u0131zl\u0131 giri\u015f yapt\u0131"}]},{"@type":"WebSite","@id":"https:\/\/denizcankizil.tr\/de\/#website","url":"https:\/\/denizcankizil.tr\/de\/","name":"Av. Deniz Can K\u0131z\u0131l","description":"Avukat Deniz Can K\u0131z\u0131l Antalya Barosu","publisher":{"@id":"https:\/\/denizcankizil.tr\/de\/#organization"},"potentialAction":[{"@type":"SearchAction","target":{"@type":"EntryPoint","urlTemplate":"https:\/\/denizcankizil.tr\/de\/?s={search_term_string}"},"query-input":{"@type":"PropertyValueSpecification","valueRequired":true,"valueName":"search_term_string"}}],"inLanguage":"ru-RU"},{"@type":"Organization","@id":"https:\/\/denizcankizil.tr\/de\/#organization","name":"Av. Deniz Can K\u0131z\u0131l","url":"https:\/\/denizcankizil.tr\/de\/","logo":{"@type":"ImageObject","inLanguage":"ru-RU","@id":"https:\/\/denizcankizil.tr\/de\/#\/schema\/logo\/image\/","url":"http:\/\/denizcankizil.tr\/wp-content\/uploads\/2024\/10\/siyah-logo-svg.svg","contentUrl":"http:\/\/denizcankizil.tr\/wp-content\/uploads\/2024\/10\/siyah-logo-svg.svg","width":1080,"height":1080,"caption":"Av. Deniz Can K\u0131z\u0131l"},"image":{"@id":"https:\/\/denizcankizil.tr\/de\/#\/schema\/logo\/image\/"}},{"@type":"Person","@id":"https:\/\/denizcankizil.tr\/de\/#\/schema\/person\/be3c05fe6a12686905512445d8185489","name":"\u0430\u0434\u043c\u0438\u043d","image":{"@type":"ImageObject","inLanguage":"ru-RU","@id":"https:\/\/denizcankizil.tr\/de\/#\/schema\/person\/image\/","url":"https:\/\/secure.gravatar.com\/avatar\/c1fce94c830dc79107e174f890d7210541c4a63e8e5d816341794a2151c9d58c?s=96&d=mm&r=g","contentUrl":"https:\/\/secure.gravatar.com\/avatar\/c1fce94c830dc79107e174f890d7210541c4a63e8e5d816341794a2151c9d58c?s=96&d=mm&r=g","caption":"admin"},"sameAs":["http:\/\/denizcankizil.tr"],"url":"https:\/\/www.iskenderun.org\/tamer-gursoy-muzik-listelerine-hizli-giris-yapti"}]}},"_links":{"self":[{"href":"http:\/\/denizcankizil.tr\/ru\/wp-json\/wp\/v2\/posts\/34587","targetHints":{"allow":["GET"]}}],"collection":[{"href":"http:\/\/denizcankizil.tr\/ru\/wp-json\/wp\/v2\/posts"}],"about":[{"href":"http:\/\/denizcankizil.tr\/ru\/wp-json\/wp\/v2\/types\/post"}],"author":[{"embeddable":true,"href":"http:\/\/denizcankizil.tr\/ru\/wp-json\/wp\/v2\/users\/1"}],"replies":[{"embeddable":true,"href":"http:\/\/denizcankizil.tr\/ru\/wp-json\/wp\/v2\/comments?post=34587"}],"version-history":[{"count":0,"href":"http:\/\/denizcankizil.tr\/ru\/wp-json\/wp\/v2\/posts\/34587\/revisions"}],"wp:attachment":[{"href":"http:\/\/denizcankizil.tr\/ru\/wp-json\/wp\/v2\/media?parent=34587"}],"wp:term":[{"taxonomy":"category","embeddable":true,"href":"http:\/\/denizcankizil.tr\/ru\/wp-json\/wp\/v2\/categories?post=34587"},{"taxonomy":"post_tag","embeddable":true,"href":"http:\/\/denizcankizil.tr\/ru\/wp-json\/wp\/v2\/tags?post=34587"}],"curies":[{"name":"wp","href":"https:\/\/api.w.org\/{rel}","templated":true}]}}