{"id":34495,"date":"2025-03-02T11:41:15","date_gmt":"2025-03-02T08:41:15","guid":{"rendered":"https:\/\/denizcankizil.tr\/uncategorized-tr\/antalyada-uzmanlardan-rant-haykirisi-projeler-sehirleri-felakete-surukleyecek\/"},"modified":"2025-03-02T11:41:15","modified_gmt":"2025-03-02T08:41:15","slug":"antalyada-uzmanlardan-rant-haykirisi-projeler-sehirleri-felakete-surukleyecek","status":"publish","type":"post","link":"http:\/\/denizcankizil.tr\/ru\/haberler\/gundem\/antalyada-uzmanlardan-rant-haykirisi-projeler-sehirleri-felakete-surukleyecek\/","title":{"rendered":"Antalya\u2019da uzmanlardan rant hayk\u0131r\u0131\u015f\u0131: Projeler \u015fehirleri felakete s\u00fcr\u00fckleyecek"},"content":{"rendered":"<p>Jeoloji M\u00fchendisleri Odas\u0131 Antalya \u015eubesi Ba\u015fkan\u0131 Mustafa Karanc\u0131, cumhuriyet tarihi boyunca ya\u015fanan depremlerde 100 binden fazla insan\u0131n hayat\u0131n\u0131 kaybetti\u011fini hat\u0131rlatt\u0131. Olas\u0131 bir depremde ya\u015fanacak felaketlerin \u00f6nlenmesine y\u00f6nelik ad\u0131mlar\u0131n at\u0131lmad\u0131\u011f\u0131n\u0131 savunan Mustafa Karanc\u0131, aksine rant odakl\u0131 kentsel d\u00f6n\u00fc\u015f\u00fcm projeleri y\u00fcr\u00fctenlerin \u015fehirleri adeta felakete s\u00fcr\u00fckledi\u011fini s\u00f6yledi.\u00a0<\/p>\n<p>DEPREMLERE D\u0130KKAT \u00c7EKT\u0130\u00a0<\/p>\n<p>Jeoloji M\u00fchendisleri Odas\u0131 Antalya \u015eubesi Ba\u015fkan\u0131 Mustafa Karanc\u0131, 1-7 Mart Deprem Haftas\u0131 dolay\u0131s\u0131 ile bir mesaj yay\u0131nlad\u0131. Mustafa Karanc\u0131 mesaj\u0131nda dikkat \u00e7ekici ger\u00e7eklere vurgu yapt\u0131. Cumhuriyet tarihi boyunca \u00fclkenin \u00e7ok b\u00fcy\u00fck depremler ya\u015fad\u0131\u011f\u0131n\u0131 belirten Karanc\u0131, depremlerde 100 binden fazla insan\u0131n hayat\u0131n\u0131 kaybetti\u011fini s\u00f6yledi. Kahramanmara\u015f\u2019ta 2 y\u0131l \u00f6nce ya\u015fanan asr\u0131n felaketinde 53 binden fazla insan\u0131n hayat\u0131n\u0131 kaybetti\u011fini hat\u0131rlatan Mustafa Karanc\u0131, depremlerden \u00f6nce defalarca uyard\u0131klar\u0131n\u0131 belirtti.\u00a0<\/p>\n<p>YETERL\u0130 ADIMLAR ATILMIYOR<\/p>\n<p>Antalya K\u00f6rfez Gazetesi muhabiri Ertu\u011frul G\u00fcn&#8217;\u00fcn haberine g\u00f6re resmi yaz\u0131lar yazarak g\u00fcndem olu\u015fturduklar\u0131n\u0131 belirten Mustafa Karanc\u0131, \u201c&#8221;Bu fay hareketli, bu b\u00f6lge tehlikeli, \u00f6nlem al\u0131n!&#8221; dedik. Yerel y\u00f6netimler, merkezi idare, karar vericiler duyars\u0131z ve yetersiz kald\u0131 ya da sesimizi duyan olmad\u0131! Sonu\u00e7 olarak \u00f6ng\u00f6r\u00fclerimiz ger\u00e7ekle\u015fti. \u00a0Her felaketten sonra &#8220;ders ald\u0131k&#8221; diyorlar. Ald\u0131\u011f\u0131n\u0131z\u0131 sand\u0131\u011f\u0131n\u0131z dersin s\u0131nav vakti geldi\u011finde, lafla ve s\u00f6ylemle diren\u00e7li kentler kurulamayaca\u011f\u0131n\u0131 ya g\u00f6\u00e7\u00fck alt\u0131nda kalanlardan ya da \u00fcst\u00fcnde g\u00f6zya\u015f\u0131 d\u00f6kenlerden oldu\u011fumuzda anlayacaks\u0131n\u0131z. \u00dcz\u00fclerek g\u00f6zlemliyoruz ki bug\u00fcn h\u00e2l\u00e2 afetlere kar\u015f\u0131 diren\u00e7li \u015fehirler i\u00e7in yeterli ad\u0131mlar at\u0131lm\u0131yor.\u201d dedi.\u00a0<\/p>\n<p>B\u0130Z\u0130 YEN\u0130 FELAKETLERE S\u00dcR\u00dcKL\u00dcYOR<\/p>\n<p>Tar\u0131m arazilerine ve dere yataklar\u0131na binalar yap\u0131lmaya devam edildi\u011fini a\u00e7\u0131klayan Mustafa Karanc\u0131, \u201cZemin et\u00fctleri gerekti\u011fi gibi denetlenmiyor. H\u00e2l\u00e2 belediyelerin ilgili birimlerinde jeoloji m\u00fchendisleri olmadan in\u015faat izinleri veriliyor! Baz\u0131lar\u0131, &#8220;Her zeminde, her b\u00fct\u00e7eyle g\u00fcvenli yap\u0131lar in\u015fa edilebilece\u011fini&#8221; san\u0131yor. \u0130mara esas jeolojik ve jeoteknik et\u00fctler, parsel baz\u0131nda temel ve zemin et\u00fctleri, mali kayg\u0131larla i\u015flevsizle\u015ftirilmeye \u00e7al\u0131\u015f\u0131l\u0131yor. Mesle\u011fimize yeterli sayg\u0131 g\u00f6sterilmeyen, bilimsel esaslara de\u011fil, rant odakl\u0131 kentsel d\u00f6n\u00fc\u015f\u00fcm projeleri y\u00fcr\u00fctenler yeni riskler yarat\u0131yor ve bizi yeni felaketlere s\u00fcr\u00fckl\u00fcyor.\u201d a\u00e7\u0131klamas\u0131nda bulundu.\u00a0<\/p>\n<p>UYARMAKTAN ASLA VAZGE\u00c7MEYECE\u011e\u0130Z<\/p>\n<p>Depremin \u00f6nlenemeyece\u011fini y\u0131k\u0131m\u0131n ise \u00f6nlenebilir oldu\u011funu s\u00f6zlerine ekleyen Mustafa Karanc\u0131, \u201cBilimi dinleyece\u011fiz. Jeoloji m\u00fchendislerine kulak vereceksiniz. Zemin yap\u0131s\u0131na uygun planlamalar yapacaks\u0131n\u0131z. \u00a0Art\u0131k felaketleri anmak de\u011fil, \u00f6nlemek istiyoruz. 1-7 Mart Deprem Haftas\u0131, &#8220;Ac\u0131m\u0131z h\u00e2l\u00e2 taze&#8221; deyip yas tuttu\u011fumuz bir hafta olmamal\u0131. Bu hafta, &#8220;Daha fazla \u00f6lmemek i\u00e7in ne yapmal\u0131y\u0131z?&#8221; diye kendimize sormam\u0131z gereken bir hafta olmal\u0131! Biz Jeoloji M\u00fchendisleri Odas\u0131 Antalya \u015eubesi olarak &#8220;Bilimle, emekle, umutla, inatla&#8221; yetkilileri uyarmaktan asla vazge\u00e7meyece\u011fiz. Ama sadece bizim konu\u015fmam\u0131z yetmez. Hep birlikte sesimizi y\u00fckseltmezsek, faylar f\u0131s\u0131ldamay\u0131 b\u0131rak\u0131p bir g\u00fcn yine hayk\u0131racak ve biz bir kez daha enkaz ba\u015f\u0131nda a\u011f\u0131t yakaca\u011f\u0131z.\u201d dedi.\u00a0<\/p>\n<p>\u200bJeoloji M\u00fchendisleri Odas\u0131 Antalya \u015eubesi Ba\u015fkan\u0131 Mustafa Karanc\u0131, olas\u0131 deprem senaryolar\u0131na dikkat \u00e7ekti. Karanc\u0131, aksine rant odakl\u0131 kentsel d\u00f6n\u00fc\u015f\u00fcm projeleri y\u00fcr\u00fctenlerin \u015fehirleri adeta felakete s\u00fcr\u00fckledi\u011fini s\u00f6yledi.\u00a0<\/p>\n<p>\u200bHaberin Al\u0131nt\u0131land\u0131\u011f\u0131 Kaynak: www.antalyakorfez.com<\/p>","protected":false},"excerpt":{"rendered":"<p>Jeoloji M\u00fchendisleri Odas\u0131 Antalya \u015eubesi Ba\u015fkan\u0131 Mustafa Karanc\u0131, cumhuriyet tarihi boyunca ya\u015fanan depremlerde 100 binden fazla insan\u0131n hayat\u0131n\u0131 kaybetti\u011fini hat\u0131rlatt\u0131. Olas\u0131 bir depremde ya\u015fanacak felaketlerin \u00f6nlenmesine y\u00f6nelik ad\u0131mlar\u0131n at\u0131lmad\u0131\u011f\u0131n\u0131 savunan Mustafa Karanc\u0131, aksine rant odakl\u0131 kentsel d\u00f6n\u00fc\u015f\u00fcm projeleri y\u00fcr\u00fctenlerin \u015fehirleri adeta felakete s\u00fcr\u00fckledi\u011fini s\u00f6yledi.\u00a0 DEPREMLERE D\u0130KKAT \u00c7EKT\u0130\u00a0 Jeoloji M\u00fchendisleri Odas\u0131 Antalya \u015eubesi Ba\u015fkan\u0131 Mustafa Karanc\u0131, 1-7 Mart Deprem Haftas\u0131 dolay\u0131s\u0131 ile bir mesaj yay\u0131nlad\u0131. Mustafa Karanc\u0131 mesaj\u0131nda dikkat \u00e7ekici ger\u00e7eklere vurgu yapt\u0131. Cumhuriyet tarihi boyunca \u00fclkenin \u00e7ok b\u00fcy\u00fck depremler ya\u015fad\u0131\u011f\u0131n\u0131 belirten Karanc\u0131, depremlerde 100 binden fazla insan\u0131n hayat\u0131n\u0131 kaybetti\u011fini s\u00f6yledi. Kahramanmara\u015f\u2019ta 2 y\u0131l \u00f6nce ya\u015fanan asr\u0131n felaketinde 53 binden fazla insan\u0131n hayat\u0131n\u0131 kaybetti\u011fini hat\u0131rlatan Mustafa Karanc\u0131, depremlerden \u00f6nce defalarca uyard\u0131klar\u0131n\u0131 belirtti.\u00a0 YETERL\u0130 ADIMLAR ATILMIYOR Antalya K\u00f6rfez Gazetesi muhabiri Ertu\u011frul G\u00fcn&#8217;\u00fcn haberine g\u00f6re resmi yaz\u0131lar yazarak g\u00fcndem olu\u015fturduklar\u0131n\u0131 belirten Mustafa Karanc\u0131, \u201c&#8221;Bu fay hareketli, bu b\u00f6lge tehlikeli, \u00f6nlem al\u0131n!&#8221; dedik. Yerel y\u00f6netimler, merkezi idare, karar vericiler duyars\u0131z ve yetersiz kald\u0131 ya da sesimizi duyan olmad\u0131! Sonu\u00e7 olarak \u00f6ng\u00f6r\u00fclerimiz ger\u00e7ekle\u015fti. \u00a0Her felaketten sonra &#8220;ders ald\u0131k&#8221; diyorlar. Ald\u0131\u011f\u0131n\u0131z\u0131 sand\u0131\u011f\u0131n\u0131z dersin s\u0131nav vakti geldi\u011finde, lafla ve s\u00f6ylemle diren\u00e7li kentler kurulamayaca\u011f\u0131n\u0131 ya g\u00f6\u00e7\u00fck alt\u0131nda kalanlardan ya da \u00fcst\u00fcnde g\u00f6zya\u015f\u0131 d\u00f6kenlerden oldu\u011fumuzda anlayacaks\u0131n\u0131z. \u00dcz\u00fclerek g\u00f6zlemliyoruz ki bug\u00fcn h\u00e2l\u00e2 afetlere kar\u015f\u0131 diren\u00e7li \u015fehirler i\u00e7in yeterli ad\u0131mlar at\u0131lm\u0131yor.\u201d &hellip;<\/p>","protected":false},"author":5,"featured_media":0,"comment_status":"open","ping_status":"open","sticky":false,"template":"","format":"standard","meta":{"_acf_changed":false,"footnotes":""},"categories":[24],"tags":[],"class_list":["post-34495","post","type-post","status-publish","format-standard","has-post-thumbnail","hentry","category-gundem"],"acf":[],"yoast_head":"<!-- This site is optimized with the Yoast SEO Premium plugin v26.6 (Yoast SEO v27.1.1) - https:\/\/yoast.com\/product\/yoast-seo-premium-wordpress\/ -->\n<title>Antalya\u2019da uzmanlardan rant hayk\u0131r\u0131\u015f\u0131: Projeler \u015fehirleri felakete s\u00fcr\u00fckleyecek - Av. Deniz Can K\u0131z\u0131l<\/title>\n<meta name=\"robots\" content=\"index, follow, max-snippet:-1, max-image-preview:large, max-video-preview:-1\" \/>\n<link rel=\"canonical\" href=\"http:\/\/denizcankizil.tr\/ru\/haberler\/gundem\/antalyada-uzmanlardan-rant-haykirisi-projeler-sehirleri-felakete-surukleyecek\/\" \/>\n<meta property=\"og:locale\" content=\"ru_RU\" \/>\n<meta property=\"og:type\" content=\"article\" \/>\n<meta property=\"og:title\" content=\"Antalya\u2019da uzmanlardan rant hayk\u0131r\u0131\u015f\u0131: Projeler \u015fehirleri felakete s\u00fcr\u00fckleyecek\" \/>\n<meta property=\"og:description\" content=\"Jeoloji M\u00fchendisleri Odas\u0131 Antalya \u015eubesi Ba\u015fkan\u0131 Mustafa Karanc\u0131, cumhuriyet tarihi boyunca ya\u015fanan depremlerde 100 binden fazla insan\u0131n hayat\u0131n\u0131 kaybetti\u011fini hat\u0131rlatt\u0131. Olas\u0131 bir depremde ya\u015fanacak felaketlerin \u00f6nlenmesine y\u00f6nelik ad\u0131mlar\u0131n at\u0131lmad\u0131\u011f\u0131n\u0131 savunan Mustafa Karanc\u0131, aksine rant odakl\u0131 kentsel d\u00f6n\u00fc\u015f\u00fcm projeleri y\u00fcr\u00fctenlerin \u015fehirleri adeta felakete s\u00fcr\u00fckledi\u011fini s\u00f6yledi.\u00a0 DEPREMLERE D\u0130KKAT \u00c7EKT\u0130\u00a0 Jeoloji M\u00fchendisleri Odas\u0131 Antalya \u015eubesi Ba\u015fkan\u0131 Mustafa Karanc\u0131, 1-7 Mart Deprem Haftas\u0131 dolay\u0131s\u0131 ile bir mesaj yay\u0131nlad\u0131. Mustafa Karanc\u0131 mesaj\u0131nda dikkat \u00e7ekici ger\u00e7eklere vurgu yapt\u0131. Cumhuriyet tarihi boyunca \u00fclkenin \u00e7ok b\u00fcy\u00fck depremler ya\u015fad\u0131\u011f\u0131n\u0131 belirten Karanc\u0131, depremlerde 100 binden fazla insan\u0131n hayat\u0131n\u0131 kaybetti\u011fini s\u00f6yledi. Kahramanmara\u015f\u2019ta 2 y\u0131l \u00f6nce ya\u015fanan asr\u0131n felaketinde 53 binden fazla insan\u0131n hayat\u0131n\u0131 kaybetti\u011fini hat\u0131rlatan Mustafa Karanc\u0131, depremlerden \u00f6nce defalarca uyard\u0131klar\u0131n\u0131 belirtti.\u00a0 YETERL\u0130 ADIMLAR ATILMIYOR Antalya K\u00f6rfez Gazetesi muhabiri Ertu\u011frul G\u00fcn&#8217;\u00fcn haberine g\u00f6re resmi yaz\u0131lar yazarak g\u00fcndem olu\u015fturduklar\u0131n\u0131 belirten Mustafa Karanc\u0131, \u201c&#8221;Bu fay hareketli, bu b\u00f6lge tehlikeli, \u00f6nlem al\u0131n!&#8221; dedik. Yerel y\u00f6netimler, merkezi idare, karar vericiler duyars\u0131z ve yetersiz kald\u0131 ya da sesimizi duyan olmad\u0131! Sonu\u00e7 olarak \u00f6ng\u00f6r\u00fclerimiz ger\u00e7ekle\u015fti. \u00a0Her felaketten sonra &#8220;ders ald\u0131k&#8221; diyorlar. Ald\u0131\u011f\u0131n\u0131z\u0131 sand\u0131\u011f\u0131n\u0131z dersin s\u0131nav vakti geldi\u011finde, lafla ve s\u00f6ylemle diren\u00e7li kentler kurulamayaca\u011f\u0131n\u0131 ya g\u00f6\u00e7\u00fck alt\u0131nda kalanlardan ya da \u00fcst\u00fcnde g\u00f6zya\u015f\u0131 d\u00f6kenlerden oldu\u011fumuzda anlayacaks\u0131n\u0131z. \u00dcz\u00fclerek g\u00f6zlemliyoruz ki bug\u00fcn h\u00e2l\u00e2 afetlere kar\u015f\u0131 diren\u00e7li \u015fehirler i\u00e7in yeterli ad\u0131mlar at\u0131lm\u0131yor.\u201d &hellip;\" \/>\n<meta property=\"og:url\" content=\"http:\/\/denizcankizil.tr\/ru\/haberler\/gundem\/antalyada-uzmanlardan-rant-haykirisi-projeler-sehirleri-felakete-surukleyecek\/\" \/>\n<meta property=\"og:site_name\" content=\"Av. Deniz Can K\u0131z\u0131l\" \/>\n<meta property=\"article:published_time\" content=\"2025-03-02T08:41:15+00:00\" \/>\n<meta name=\"author\" content=\"Antalya K\u00f6rfez\" \/>\n<meta name=\"twitter:card\" content=\"summary_large_image\" \/>\n<meta name=\"twitter:label1\" content=\"\u041d\u0430\u043f\u0438\u0441\u0430\u043d\u043e \u0430\u0432\u0442\u043e\u0440\u043e\u043c\" \/>\n\t<meta name=\"twitter:data1\" content=\"Antalya K\u00f6rfez\" \/>\n\t<meta name=\"twitter:label2\" content=\"\u041f\u0440\u0438\u043c\u0435\u0440\u043d\u043e\u0435 \u0432\u0440\u0435\u043c\u044f \u0434\u043b\u044f \u0447\u0442\u0435\u043d\u0438\u044f\" \/>\n\t<meta name=\"twitter:data2\" content=\"3 \u043c\u0438\u043d\u0443\u0442\u044b\" \/>\n<script type=\"application\/ld+json\" class=\"yoast-schema-graph\">{\"@context\":\"https:\/\/schema.org\",\"@graph\":[{\"@type\":\"Article\",\"@id\":\"http:\/\/denizcankizil.tr\/ru\/haberler\/gundem\/antalyada-uzmanlardan-rant-haykirisi-projeler-sehirleri-felakete-surukleyecek\/#article\",\"isPartOf\":{\"@id\":\"http:\/\/denizcankizil.tr\/ru\/haberler\/gundem\/antalyada-uzmanlardan-rant-haykirisi-projeler-sehirleri-felakete-surukleyecek\/\"},\"author\":{\"name\":\"Antalya K\u00f6rfez\",\"@id\":\"https:\/\/denizcankizil.tr\/de\/#\/schema\/person\/e1eb71bb4dd684d46563f0af307e1234\"},\"headline\":\"Antalya\u2019da uzmanlardan rant hayk\u0131r\u0131\u015f\u0131: Projeler \u015fehirleri felakete s\u00fcr\u00fckleyecek\",\"datePublished\":\"2025-03-02T08:41:15+00:00\",\"mainEntityOfPage\":{\"@id\":\"http:\/\/denizcankizil.tr\/ru\/haberler\/gundem\/antalyada-uzmanlardan-rant-haykirisi-projeler-sehirleri-felakete-surukleyecek\/\"},\"wordCount\":605,\"commentCount\":0,\"publisher\":{\"@id\":\"https:\/\/denizcankizil.tr\/de\/#organization\"},\"articleSection\":[\"G\u00fcndem\"],\"inLanguage\":\"ru-RU\",\"potentialAction\":[{\"@type\":\"CommentAction\",\"name\":\"Comment\",\"target\":[\"http:\/\/denizcankizil.tr\/ru\/haberler\/gundem\/antalyada-uzmanlardan-rant-haykirisi-projeler-sehirleri-felakete-surukleyecek\/#respond\"]}]},{\"@type\":\"WebPage\",\"@id\":\"http:\/\/denizcankizil.tr\/ru\/haberler\/gundem\/antalyada-uzmanlardan-rant-haykirisi-projeler-sehirleri-felakete-surukleyecek\/\",\"url\":\"http:\/\/denizcankizil.tr\/ru\/haberler\/gundem\/antalyada-uzmanlardan-rant-haykirisi-projeler-sehirleri-felakete-surukleyecek\/\",\"name\":\"Antalya\u2019da uzmanlardan rant hayk\u0131r\u0131\u015f\u0131: Projeler \u015fehirleri felakete s\u00fcr\u00fckleyecek - Av. Deniz Can K\u0131z\u0131l\",\"isPartOf\":{\"@id\":\"https:\/\/denizcankizil.tr\/de\/#website\"},\"datePublished\":\"2025-03-02T08:41:15+00:00\",\"breadcrumb\":{\"@id\":\"http:\/\/denizcankizil.tr\/ru\/haberler\/gundem\/antalyada-uzmanlardan-rant-haykirisi-projeler-sehirleri-felakete-surukleyecek\/#breadcrumb\"},\"inLanguage\":\"ru-RU\",\"potentialAction\":[{\"@type\":\"ReadAction\",\"target\":[\"http:\/\/denizcankizil.tr\/ru\/haberler\/gundem\/antalyada-uzmanlardan-rant-haykirisi-projeler-sehirleri-felakete-surukleyecek\/\"]}]},{\"@type\":\"BreadcrumbList\",\"@id\":\"http:\/\/denizcankizil.tr\/ru\/haberler\/gundem\/antalyada-uzmanlardan-rant-haykirisi-projeler-sehirleri-felakete-surukleyecek\/#breadcrumb\",\"itemListElement\":[{\"@type\":\"ListItem\",\"position\":1,\"name\":\"Home\",\"item\":\"https:\/\/denizcankizil.tr\/de\/\"},{\"@type\":\"ListItem\",\"position\":2,\"name\":\"Antalya\u2019da uzmanlardan rant hayk\u0131r\u0131\u015f\u0131: Projeler \u015fehirleri felakete s\u00fcr\u00fckleyecek\"}]},{\"@type\":\"WebSite\",\"@id\":\"https:\/\/denizcankizil.tr\/de\/#website\",\"url\":\"https:\/\/denizcankizil.tr\/de\/\",\"name\":\"Av. Deniz Can K\u0131z\u0131l\",\"description\":\"Avukat Deniz Can K\u0131z\u0131l Antalya Barosu\",\"publisher\":{\"@id\":\"https:\/\/denizcankizil.tr\/de\/#organization\"},\"potentialAction\":[{\"@type\":\"SearchAction\",\"target\":{\"@type\":\"EntryPoint\",\"urlTemplate\":\"https:\/\/denizcankizil.tr\/de\/?s={search_term_string}\"},\"query-input\":{\"@type\":\"PropertyValueSpecification\",\"valueRequired\":true,\"valueName\":\"search_term_string\"}}],\"inLanguage\":\"ru-RU\"},{\"@type\":\"Organization\",\"@id\":\"https:\/\/denizcankizil.tr\/de\/#organization\",\"name\":\"Av. Deniz Can K\u0131z\u0131l\",\"url\":\"https:\/\/denizcankizil.tr\/de\/\",\"logo\":{\"@type\":\"ImageObject\",\"inLanguage\":\"ru-RU\",\"@id\":\"https:\/\/denizcankizil.tr\/de\/#\/schema\/logo\/image\/\",\"url\":\"http:\/\/denizcankizil.tr\/wp-content\/uploads\/2024\/10\/siyah-logo-svg.svg\",\"contentUrl\":\"http:\/\/denizcankizil.tr\/wp-content\/uploads\/2024\/10\/siyah-logo-svg.svg\",\"width\":1080,\"height\":1080,\"caption\":\"Av. Deniz Can K\u0131z\u0131l\"},\"image\":{\"@id\":\"https:\/\/denizcankizil.tr\/de\/#\/schema\/logo\/image\/\"}},{\"@type\":\"Person\",\"@id\":\"https:\/\/denizcankizil.tr\/de\/#\/schema\/person\/e1eb71bb4dd684d46563f0af307e1234\",\"name\":\"Antalya K\u00f6rfez\",\"image\":{\"@type\":\"ImageObject\",\"inLanguage\":\"ru-RU\",\"@id\":\"https:\/\/denizcankizil.tr\/de\/#\/schema\/person\/image\/\",\"url\":\"https:\/\/secure.gravatar.com\/avatar\/42b01982558a48a0b501fdcab6a408d3717ea5919095ee2e67b0e521799c5905?s=96&d=mm&r=g\",\"contentUrl\":\"https:\/\/secure.gravatar.com\/avatar\/42b01982558a48a0b501fdcab6a408d3717ea5919095ee2e67b0e521799c5905?s=96&d=mm&r=g\",\"caption\":\"Antalya K\u00f6rfez\"},\"sameAs\":[\"http:\/\/www.antalyakorfez.com\"],\"url\":\"https:\/\/www.antalyakorfez.com\/antalyada-uzmanlardan-rant-haykirisi-projeler-sehirleri-felakete-surukleyecek\"}]}<\/script>\n<!-- \/ Yoast SEO Premium plugin. -->","yoast_head_json":{"title":"Antalya\u2019da uzmanlardan rant hayk\u0131r\u0131\u015f\u0131: Projeler \u015fehirleri felakete s\u00fcr\u00fckleyecek - Av. Deniz Can K\u0131z\u0131l","robots":{"index":"index","follow":"follow","max-snippet":"max-snippet:-1","max-image-preview":"max-image-preview:large","max-video-preview":"max-video-preview:-1"},"canonical":"http:\/\/denizcankizil.tr\/ru\/haberler\/gundem\/antalyada-uzmanlardan-rant-haykirisi-projeler-sehirleri-felakete-surukleyecek\/","og_locale":"ru_RU","og_type":"article","og_title":"Antalya\u2019da uzmanlardan rant hayk\u0131r\u0131\u015f\u0131: Projeler \u015fehirleri felakete s\u00fcr\u00fckleyecek","og_description":"Jeoloji M\u00fchendisleri Odas\u0131 Antalya \u015eubesi Ba\u015fkan\u0131 Mustafa Karanc\u0131, cumhuriyet tarihi boyunca ya\u015fanan depremlerde 100 binden fazla insan\u0131n hayat\u0131n\u0131 kaybetti\u011fini hat\u0131rlatt\u0131. Olas\u0131 bir depremde ya\u015fanacak felaketlerin \u00f6nlenmesine y\u00f6nelik ad\u0131mlar\u0131n at\u0131lmad\u0131\u011f\u0131n\u0131 savunan Mustafa Karanc\u0131, aksine rant odakl\u0131 kentsel d\u00f6n\u00fc\u015f\u00fcm projeleri y\u00fcr\u00fctenlerin \u015fehirleri adeta felakete s\u00fcr\u00fckledi\u011fini s\u00f6yledi.\u00a0 DEPREMLERE D\u0130KKAT \u00c7EKT\u0130\u00a0 Jeoloji M\u00fchendisleri Odas\u0131 Antalya \u015eubesi Ba\u015fkan\u0131 Mustafa Karanc\u0131, 1-7 Mart Deprem Haftas\u0131 dolay\u0131s\u0131 ile bir mesaj yay\u0131nlad\u0131. Mustafa Karanc\u0131 mesaj\u0131nda dikkat \u00e7ekici ger\u00e7eklere vurgu yapt\u0131. Cumhuriyet tarihi boyunca \u00fclkenin \u00e7ok b\u00fcy\u00fck depremler ya\u015fad\u0131\u011f\u0131n\u0131 belirten Karanc\u0131, depremlerde 100 binden fazla insan\u0131n hayat\u0131n\u0131 kaybetti\u011fini s\u00f6yledi. Kahramanmara\u015f\u2019ta 2 y\u0131l \u00f6nce ya\u015fanan asr\u0131n felaketinde 53 binden fazla insan\u0131n hayat\u0131n\u0131 kaybetti\u011fini hat\u0131rlatan Mustafa Karanc\u0131, depremlerden \u00f6nce defalarca uyard\u0131klar\u0131n\u0131 belirtti.\u00a0 YETERL\u0130 ADIMLAR ATILMIYOR Antalya K\u00f6rfez Gazetesi muhabiri Ertu\u011frul G\u00fcn&#8217;\u00fcn haberine g\u00f6re resmi yaz\u0131lar yazarak g\u00fcndem olu\u015fturduklar\u0131n\u0131 belirten Mustafa Karanc\u0131, \u201c&#8221;Bu fay hareketli, bu b\u00f6lge tehlikeli, \u00f6nlem al\u0131n!&#8221; dedik. Yerel y\u00f6netimler, merkezi idare, karar vericiler duyars\u0131z ve yetersiz kald\u0131 ya da sesimizi duyan olmad\u0131! Sonu\u00e7 olarak \u00f6ng\u00f6r\u00fclerimiz ger\u00e7ekle\u015fti. \u00a0Her felaketten sonra &#8220;ders ald\u0131k&#8221; diyorlar. Ald\u0131\u011f\u0131n\u0131z\u0131 sand\u0131\u011f\u0131n\u0131z dersin s\u0131nav vakti geldi\u011finde, lafla ve s\u00f6ylemle diren\u00e7li kentler kurulamayaca\u011f\u0131n\u0131 ya g\u00f6\u00e7\u00fck alt\u0131nda kalanlardan ya da \u00fcst\u00fcnde g\u00f6zya\u015f\u0131 d\u00f6kenlerden oldu\u011fumuzda anlayacaks\u0131n\u0131z. \u00dcz\u00fclerek g\u00f6zlemliyoruz ki bug\u00fcn h\u00e2l\u00e2 afetlere kar\u015f\u0131 diren\u00e7li \u015fehirler i\u00e7in yeterli ad\u0131mlar at\u0131lm\u0131yor.\u201d &hellip;","og_url":"http:\/\/denizcankizil.tr\/ru\/haberler\/gundem\/antalyada-uzmanlardan-rant-haykirisi-projeler-sehirleri-felakete-surukleyecek\/","og_site_name":"Av. Deniz Can K\u0131z\u0131l","article_published_time":"2025-03-02T08:41:15+00:00","author":"Antalya K\u00f6rfez","twitter_card":"summary_large_image","twitter_misc":{"\u041d\u0430\u043f\u0438\u0441\u0430\u043d\u043e \u0430\u0432\u0442\u043e\u0440\u043e\u043c":"Antalya K\u00f6rfez","\u041f\u0440\u0438\u043c\u0435\u0440\u043d\u043e\u0435 \u0432\u0440\u0435\u043c\u044f \u0434\u043b\u044f \u0447\u0442\u0435\u043d\u0438\u044f":"3 \u043c\u0438\u043d\u0443\u0442\u044b"},"schema":{"@context":"https:\/\/schema.org","@graph":[{"@type":"Article","@id":"http:\/\/denizcankizil.tr\/ru\/haberler\/gundem\/antalyada-uzmanlardan-rant-haykirisi-projeler-sehirleri-felakete-surukleyecek\/#article","isPartOf":{"@id":"http:\/\/denizcankizil.tr\/ru\/haberler\/gundem\/antalyada-uzmanlardan-rant-haykirisi-projeler-sehirleri-felakete-surukleyecek\/"},"author":{"name":"Antalya K\u00f6rfez","@id":"https:\/\/denizcankizil.tr\/de\/#\/schema\/person\/e1eb71bb4dd684d46563f0af307e1234"},"headline":"Antalya\u2019da uzmanlardan rant hayk\u0131r\u0131\u015f\u0131: Projeler \u015fehirleri felakete s\u00fcr\u00fckleyecek","datePublished":"2025-03-02T08:41:15+00:00","mainEntityOfPage":{"@id":"http:\/\/denizcankizil.tr\/ru\/haberler\/gundem\/antalyada-uzmanlardan-rant-haykirisi-projeler-sehirleri-felakete-surukleyecek\/"},"wordCount":605,"commentCount":0,"publisher":{"@id":"https:\/\/denizcankizil.tr\/de\/#organization"},"articleSection":["G\u00fcndem"],"inLanguage":"ru-RU","potentialAction":[{"@type":"CommentAction","name":"Comment","target":["http:\/\/denizcankizil.tr\/ru\/haberler\/gundem\/antalyada-uzmanlardan-rant-haykirisi-projeler-sehirleri-felakete-surukleyecek\/#respond"]}]},{"@type":"WebPage","@id":"http:\/\/denizcankizil.tr\/ru\/haberler\/gundem\/antalyada-uzmanlardan-rant-haykirisi-projeler-sehirleri-felakete-surukleyecek\/","url":"http:\/\/denizcankizil.tr\/ru\/haberler\/gundem\/antalyada-uzmanlardan-rant-haykirisi-projeler-sehirleri-felakete-surukleyecek\/","name":"Antalya\u2019da uzmanlardan rant hayk\u0131r\u0131\u015f\u0131: Projeler \u015fehirleri felakete s\u00fcr\u00fckleyecek - Av. Deniz Can K\u0131z\u0131l","isPartOf":{"@id":"https:\/\/denizcankizil.tr\/de\/#website"},"datePublished":"2025-03-02T08:41:15+00:00","breadcrumb":{"@id":"http:\/\/denizcankizil.tr\/ru\/haberler\/gundem\/antalyada-uzmanlardan-rant-haykirisi-projeler-sehirleri-felakete-surukleyecek\/#breadcrumb"},"inLanguage":"ru-RU","potentialAction":[{"@type":"ReadAction","target":["http:\/\/denizcankizil.tr\/ru\/haberler\/gundem\/antalyada-uzmanlardan-rant-haykirisi-projeler-sehirleri-felakete-surukleyecek\/"]}]},{"@type":"BreadcrumbList","@id":"http:\/\/denizcankizil.tr\/ru\/haberler\/gundem\/antalyada-uzmanlardan-rant-haykirisi-projeler-sehirleri-felakete-surukleyecek\/#breadcrumb","itemListElement":[{"@type":"ListItem","position":1,"name":"Home","item":"https:\/\/denizcankizil.tr\/de\/"},{"@type":"ListItem","position":2,"name":"Antalya\u2019da uzmanlardan rant hayk\u0131r\u0131\u015f\u0131: Projeler \u015fehirleri felakete s\u00fcr\u00fckleyecek"}]},{"@type":"WebSite","@id":"https:\/\/denizcankizil.tr\/de\/#website","url":"https:\/\/denizcankizil.tr\/de\/","name":"Av. Deniz Can K\u0131z\u0131l","description":"Avukat Deniz Can K\u0131z\u0131l Antalya Barosu","publisher":{"@id":"https:\/\/denizcankizil.tr\/de\/#organization"},"potentialAction":[{"@type":"SearchAction","target":{"@type":"EntryPoint","urlTemplate":"https:\/\/denizcankizil.tr\/de\/?s={search_term_string}"},"query-input":{"@type":"PropertyValueSpecification","valueRequired":true,"valueName":"search_term_string"}}],"inLanguage":"ru-RU"},{"@type":"Organization","@id":"https:\/\/denizcankizil.tr\/de\/#organization","name":"Av. Deniz Can K\u0131z\u0131l","url":"https:\/\/denizcankizil.tr\/de\/","logo":{"@type":"ImageObject","inLanguage":"ru-RU","@id":"https:\/\/denizcankizil.tr\/de\/#\/schema\/logo\/image\/","url":"http:\/\/denizcankizil.tr\/wp-content\/uploads\/2024\/10\/siyah-logo-svg.svg","contentUrl":"http:\/\/denizcankizil.tr\/wp-content\/uploads\/2024\/10\/siyah-logo-svg.svg","width":1080,"height":1080,"caption":"Av. Deniz Can K\u0131z\u0131l"},"image":{"@id":"https:\/\/denizcankizil.tr\/de\/#\/schema\/logo\/image\/"}},{"@type":"Person","@id":"https:\/\/denizcankizil.tr\/de\/#\/schema\/person\/e1eb71bb4dd684d46563f0af307e1234","name":"Antalya K\u00f6rfez","image":{"@type":"ImageObject","inLanguage":"ru-RU","@id":"https:\/\/denizcankizil.tr\/de\/#\/schema\/person\/image\/","url":"https:\/\/secure.gravatar.com\/avatar\/42b01982558a48a0b501fdcab6a408d3717ea5919095ee2e67b0e521799c5905?s=96&d=mm&r=g","contentUrl":"https:\/\/secure.gravatar.com\/avatar\/42b01982558a48a0b501fdcab6a408d3717ea5919095ee2e67b0e521799c5905?s=96&d=mm&r=g","caption":"Antalya K\u00f6rfez"},"sameAs":["http:\/\/www.antalyakorfez.com"],"url":"https:\/\/www.antalyakorfez.com\/antalyada-uzmanlardan-rant-haykirisi-projeler-sehirleri-felakete-surukleyecek"}]}},"_links":{"self":[{"href":"http:\/\/denizcankizil.tr\/ru\/wp-json\/wp\/v2\/posts\/34495","targetHints":{"allow":["GET"]}}],"collection":[{"href":"http:\/\/denizcankizil.tr\/ru\/wp-json\/wp\/v2\/posts"}],"about":[{"href":"http:\/\/denizcankizil.tr\/ru\/wp-json\/wp\/v2\/types\/post"}],"author":[{"embeddable":true,"href":"http:\/\/denizcankizil.tr\/ru\/wp-json\/wp\/v2\/users\/5"}],"replies":[{"embeddable":true,"href":"http:\/\/denizcankizil.tr\/ru\/wp-json\/wp\/v2\/comments?post=34495"}],"version-history":[{"count":0,"href":"http:\/\/denizcankizil.tr\/ru\/wp-json\/wp\/v2\/posts\/34495\/revisions"}],"wp:attachment":[{"href":"http:\/\/denizcankizil.tr\/ru\/wp-json\/wp\/v2\/media?parent=34495"}],"wp:term":[{"taxonomy":"category","embeddable":true,"href":"http:\/\/denizcankizil.tr\/ru\/wp-json\/wp\/v2\/categories?post=34495"},{"taxonomy":"post_tag","embeddable":true,"href":"http:\/\/denizcankizil.tr\/ru\/wp-json\/wp\/v2\/tags?post=34495"}],"curies":[{"name":"wp","href":"https:\/\/api.w.org\/{rel}","templated":true}]}}