{"id":33686,"date":"2025-02-20T15:57:00","date_gmt":"2025-02-20T12:57:00","guid":{"rendered":"https:\/\/denizcankizil.tr\/uncategorized-tr\/aymnin-2022-60278-basvuru-numarali-karari\/"},"modified":"2025-02-20T15:57:00","modified_gmt":"2025-02-20T12:57:00","slug":"aymnin-2022-60278-basvuru-numarali-karari","status":"publish","type":"post","link":"http:\/\/denizcankizil.tr\/ru\/hukukihaber\/aymnin-2022-60278-basvuru-numarali-karari\/","title":{"rendered":"AYM&#8217;nin 2022\/60278 ba\u015fvuru numaral\u0131 karar\u0131"},"content":{"rendered":"<p>T\u00dcRK\u0130YE CUMHUR\u0130YET\u0130<\/p>\n<p>   ANAYASA MAHKEMES\u0130<\/p>\n<p>   \u00a0<\/p>\n<p>   \u00a0<\/p>\n<p>   B\u0130R\u0130NC\u0130 B\u00d6L\u00dcM<\/p>\n<p>   \u00a0<\/p>\n<p>   KARAR<\/p>\n<p>   \u00a0<\/p>\n<p>   HARUN M\u00dcSELL\u0130M BA\u015eVURUSU<\/p>\n<p>   (Ba\u015fvuru Numaras\u0131: 2022\/60278)<\/p>\n<p>   \u00a0<\/p>\n<p>   Karar Tarihi: 18\/12\/2024<\/p>\n<p>   B\u0130R\u0130NC\u0130 B\u00d6L\u00dcM<\/p>\n<p>   \u00a0<\/p>\n<p>   KARAR<\/p>\n<p>   \u00a0<\/p>\n<p>\u00a0<\/p>\n<p>   Ba\u015fkan<\/p>\n<p>   :<\/p>\n<p>   Hasan Tahsin G\u00d6KCAN<\/p>\n<p>   \u00dcyeler<\/p>\n<p>   :<\/p>\n<p>   Recai AKYEL<\/p>\n<p>   \u00a0<\/p>\n<p>   \u00a0<\/p>\n<p>   Yusuf \u015eevki HAKYEMEZ<\/p>\n<p>   \u00a0<\/p>\n<p>   \u00a0<\/p>\n<p>   Selahaddin MENTE\u015e<\/p>\n<p>   \u00a0<\/p>\n<p>   \u00a0<\/p>\n<p>   Y\u0131lmaz AK\u00c7\u0130L<\/p>\n<p>   Raport\u00f6r<\/p>\n<p>   :<\/p>\n<p>   Yusuf Enes KAYA<\/p>\n<p>   Ba\u015fvurucu<\/p>\n<p>   :<\/p>\n<p>   Harun M\u00dcSELL\u0130M<\/p>\n<p>\u00a0<\/p>\n<p>I. BA\u015eVURUNUN \u00d6ZET\u0130<\/p>\n<p>1. Ba\u015fvuru; ko\u015fullu sal\u0131vermenin geri al\u0131nmas\u0131 nedeniyle ki\u015fi h\u00fcrriyeti ve g\u00fcvenli\u011fi hakk\u0131n\u0131n, ko\u015fullu sal\u0131verilmenin geri al\u0131nmas\u0131 ve buna ba\u011fl\u0131 olarak d\u00fczenlenen m\u00fcddetnamenin hukuka ayk\u0131r\u0131 oldu\u011fu gerek\u00e7esiyle infaz h\u00e2kimliklerine yap\u0131lan itirazlar\u0131n g\u00f6revsizlik ve yetkisizlik kararlar\u0131 verilmesinden dolay\u0131 incelenememesi nedeniyle de adil yarg\u0131lanma hakk\u0131n\u0131n ihlal edildi\u011fi iddias\u0131na ili\u015fkindir.<\/p>\n<p>2. Ba\u015fvurucu, kasten \u00f6ld\u00fcrme su\u00e7undan Zonguldak 2. A\u011f\u0131r Ceza Mahkemesinin 13\/11\/2001 tarihli karar\u0131yla 28 y\u0131l a\u011f\u0131r hapis cezas\u0131na mahk\u00fbm edilmi\u015ftir. S\u00f6z konusu karar Yarg\u0131tay 1. Ceza Dairesince 4\/6\/2002 tarihinde onanarak kesinle\u015fmi\u015ftir.<\/p>\n<p>3. Ba\u015fvurucunun bu cezas\u0131ndan dolay\u0131 Zonguldak 2. A\u011f\u0131r Ceza Mahkemesinin 8\/7\/2002 tarihli karar\u0131yla ko\u015fullu sal\u0131verilmesine karar verilmi\u015ftir.<\/p>\n<p>4. Zonguldak 2. A\u011f\u0131r Ceza Mahkemesince 19\/1\/2015 tarihinde ba\u015fvurucunun denetim s\u00fcresi i\u00e7inde kas\u0131tl\u0131 bir su\u00e7tan mahk\u00fbm edilmesi nedeniyle ko\u015fullu sal\u0131verilmenin geri al\u0131nmas\u0131na, 22\/2\/2005-22\/5\/2026 tarihleri aras\u0131ndaki 7.759 g\u00fcn hapis cezas\u0131n\u0131n aynen infaz edilmesine karar verilmi\u015ftir. Ba\u015fvurucu, s\u00f6z konusu karara kar\u015f\u0131 13\/2\/2015 tarihli dilek\u00e7esiyle Zonguldak 1. A\u011f\u0131r Ceza Mahkemesine itiraz ba\u015fvurusunda bulunmu\u015f, Zonguldak 1. A\u011f\u0131r Ceza Mahkemesi 16\/2\/2015 tarihinde itiraz\u0131n reddine karar vermi\u015ftir. Ba\u015fvurucu, bu karara kar\u015f\u0131 18\/2\/2015 tarihli ek dilek\u00e7eyle ikinci defa itiraz ba\u015fvurusunda bulunmu\u015f; Zonguldak 1. A\u011f\u0131r Ceza Mahkemesi 5\/3\/2015 tarihinde itiraz\u0131n reddine karar vermi\u015ftir. Bu karar 24\/4\/2015 tarihinde ba\u015fvurucuya tebli\u011f edilmi\u015ftir.<\/p>\n<p>5. \u00d6te yandan 10\/3\/2014 tarihinde ba\u015fvurucu Karab\u00fck T Tipi Kapal\u0131 Ceza \u0130nfaz Kurumundan Zonguldak 2. A\u011f\u0131r Ceza Mahkemesinin 15\/5\/2014 tarihli i\u00e7tima karar\u0131 ile27 y\u0131l 21 ay hapis cezas\u0131na h\u00fck\u00fcml\u00fc olarak Adana F Tipi Y\u00fcksek G\u00fcvenlikli Kapal\u0131 Ceza \u0130nfaz Kurumuna nakil edilmi\u015f, an\u0131lan Kurumda bar\u0131nd\u0131r\u0131lmakta iken 2\/6\/2015 tarihinde aynen \u00e7ektirme karar\u0131 nedeniyle 27 y\u0131l 21 ay hapis cezas\u0131n\u0131n infaz\u0131na ara verilerek 7.759 g\u00fcn hapis cezas\u0131n\u0131n infaz\u0131na ba\u015flanm\u0131\u015ft\u0131r. Ba\u015fvurucunun en son Van Y\u00fcksek G\u00fcvenlikli Kapal\u0131 Ceza \u0130nfaz Kurumuna nakledildi\u011fi, h\u00e2l\u00e2 an\u0131lan Kurumda cezas\u0131n\u0131 infaz etti\u011fi anla\u015f\u0131lm\u0131\u015ft\u0131r.<\/p>\n<p>6. Ba\u015fvurucu, 17\/10\/2016 tarihli dilek\u00e7esiyle Adalet Bakanl\u0131\u011f\u0131na (Bakanl\u0131k) ko\u015fullu sal\u0131vermenin geri al\u0131nmas\u0131 karar\u0131yla ilgili kanun yarar\u0131na bozma yoluna gidilmesi talebinde bulunmu\u015ftur. Bakanl\u0131k 13\/6\/2017 tarihinde kanun yarar\u0131na bozma yoluna gidilmemesine karar vermi\u015f, ilgili karar 7\/7\/2017 tarihinde ba\u015fvurucuya tebli\u011f edilmi\u015ftir.<\/p>\n<p>7. Bakanl\u0131k 1\/10\/2020 tarihinde de ba\u015fvurucunun yapt\u0131\u011f\u0131 benzer taleple ilgili kanun yarar\u0131na bozma yoluna gidilmemesine karar vermi\u015ftir.<\/p>\n<p>8. Ba\u015fvurucu 1\/3\/2022 tarihinde ko\u015fullu sal\u0131verilmenin geri al\u0131nmas\u0131na ili\u015fkin karara kar\u015f\u0131 kanun yarar\u0131na bozma yoluna gidilmesi ve yeniden m\u00fcddetname d\u00fczenlenmesi talebinde bulunmu\u015ftur.<\/p>\n<p>9. Diyarbak\u0131r Cumhuriyet Ba\u015fsavc\u0131l\u0131\u011f\u0131, Bakanl\u0131\u011f\u0131n 13\/6\/2017 tarihli karar\u0131yla kanun yarar\u0131na bozma yoluna gidilmemesine karar verildi\u011finden kanun yarar\u0131na bozma yoluna gidilmesine yer olmad\u0131\u011f\u0131 karar\u0131n\u0131 1\/3\/2022 tarihli dilek\u00e7eye cevaben 7\/4\/2022 tarihinde ba\u015fvurucuya bildirmi\u015ftir.<\/p>\n<p>10. Diyarbak\u0131r \u0130nfaz H\u00e2kimli\u011fi 10\/5\/2022 tarihinde yetkisizlik karar\u0131 vererek dosyay\u0131 Zonguldak \u0130nfaz H\u00e2kimli\u011fine g\u00f6ndermi\u015ftir.<\/p>\n<p>11. Yetkisizlik karar\u0131 sonras\u0131nda Zonguldak \u0130nfaz H\u00e2kimli\u011fi 20\/5\/2022 tarihli kararla ko\u015fullu sal\u0131vermenin geri al\u0131nmas\u0131na y\u00f6nelik kanun yarar\u0131na bozma fezlekesi d\u00fczenleme yetki ve g\u00f6revinin infaz\u0131n yap\u0131ld\u0131\u011f\u0131 yer olan Diyarbak\u0131r Cumhuriyet Ba\u015fsavc\u0131l\u0131\u011f\u0131 oldu\u011funu, ayn\u0131 \u015fekilde h\u00fck\u00fcml\u00fcn\u00fcn yeni m\u00fcddetname d\u00fczenleme yetki ve g\u00f6revinin de Diyarbak\u0131r Cumhuriyet Ba\u015fsavc\u0131l\u0131\u011f\u0131na ait oldu\u011funu belirterek dosyay\u0131 yetkili ve g\u00f6revli Diyarbak\u0131r Cumhuriyet Ba\u015fsavc\u0131l\u0131\u011f\u0131na g\u00f6ndermi\u015ftir.<\/p>\n<p>12. Ba\u015fvurucu, bu karara kar\u015f\u0131 itiraz etmi\u015f; Zonguldak 1. A\u011f\u0131r Ceza Mahkemesi 24\/5\/2022 tarihinde itiraz\u0131n reddine karar vermi\u015ftir. S\u00f6z konusu karar 31\/5\/2022 tarihinde ba\u015fvurucuya tebli\u011f edilmi\u015ftir.<\/p>\n<p>13. Ba\u015fvurucu 6\/6\/2022 tarihinde bireysel ba\u015fvuruda bulunmu\u015ftur.<\/p>\n<p>14. Komisyonca ba\u015fvurucunun adli yard\u0131m talebinin kabul\u00fcne, yarg\u0131lama giderlerini \u00f6demekten ge\u00e7ici olarak muaf tutulmas\u0131na, ayr\u0131ca ba\u015fvurunun kabul edilebilirlik ve esas incelemesinin B\u00f6l\u00fcm taraf\u0131ndan yap\u0131lmas\u0131na karar verilmi\u015ftir.<\/p>\n<p>II. DE\u011eERLEND\u0130RME<\/p>\n<p>A. Ki\u015fi H\u00fcrriyeti ve G\u00fcvenli\u011fi Hakk\u0131n\u0131n \u0130hlal Edildi\u011fine \u0130li\u015fkin \u0130ddia<\/p>\n<p>15. Ba\u015fvurucu, ko\u015fullu sal\u0131verme karar\u0131n\u0131n geri al\u0131nmas\u0131ndan dolay\u0131 22\/2\/2005-22\/5\/2026 tarihleri aras\u0131ndaki 7.759 g\u00fcn hapis cezas\u0131n\u0131n aynen infaz\u0131na karar verildi\u011fini belirterek ki\u015fi h\u00fcrriyeti ve g\u00fcvenli\u011fi hakk\u0131n\u0131n ihlal edildi\u011fini ileri s\u00fcrm\u00fc\u015ft\u00fcr.<\/p>\n<p>16. Ba\u015fvuru belgelerinin bir \u00f6rne\u011fi bilgi i\u00e7in Bakanl\u0131\u011fa g\u00f6nderilmi\u015ftir. Bakanl\u0131k, g\u00f6r\u00fc\u015f\u00fcn\u00fc bildirmi\u015ftir. Ba\u015fvurucu, Bakanl\u0131k g\u00f6r\u00fc\u015f\u00fcne kar\u015f\u0131 s\u00fcresinde beyanda bulunmu\u015ftur.<\/p>\n<p>17. 30\/3\/2011 tarihli ve 6216 say\u0131l\u0131 Anayasa Mahkemesinin Kurulu\u015fu ve Yarg\u0131lama Usulleri Hakk\u0131nda Kanun\u2019un 47. maddesinin (5) numaral\u0131 f\u0131kras\u0131 ile Anayasa Mahkemesi \u0130\u00e7t\u00fcz\u00fc\u011f\u00fc&#8217;n\u00fcn 64. maddesinin (1) numaral\u0131 f\u0131kras\u0131 uyar\u0131nca ba\u015fvuru yollar\u0131n\u0131n t\u00fcketildi\u011fi, ba\u015fvuru yolu \u00f6ng\u00f6r\u00fclmemi\u015f ise ihlalin \u00f6\u011frenildi\u011fi tarihten itibaren otuz g\u00fcn i\u00e7inde bireysel ba\u015fvuru yap\u0131lmas\u0131 gerekir.<\/p>\n<p>18. Somut olayda ba\u015fvurucu hakk\u0131nda verilen ko\u015fullu sal\u0131verilmenin geri al\u0131nmas\u0131na ili\u015fkin karar, itiraz kanun yolu da t\u00fcketildikten sonra 5\/3\/2015 tarihinde kesinle\u015fmi\u015f, nihai karar 24\/4\/2015 tarihinde ba\u015fvurucuya tebli\u011f edilmi\u015ftir. Ba\u015fvurucunun daha sonra infaz hakimliklerine ba\u015fvurmas\u0131n\u0131n ve kanun yarar\u0131na bozma yoluna gidilmesi talebinde bulunmas\u0131n\u0131n etkisiz yolu canland\u0131rma niteli\u011finde bir giri\u015fim oldu\u011fu de\u011ferlendirilmi\u015f ve bunun bir sonucu olarak 2015 y\u0131l\u0131nda kesinle\u015fen karardan sonra s\u00fcresinde ba\u015fvuru yap\u0131lmad\u0131\u011f\u0131 kanaatine ula\u015f\u0131lm\u0131\u015ft\u0131r.<\/p>\n<p>19. A\u00e7\u0131klanan gerek\u00e7elerle ba\u015fvurunun bu k\u0131sm\u0131n\u0131n s\u00fcre a\u015f\u0131m\u0131 nedeniyle kabul edilemez oldu\u011funa karar verilmesi gerekir.<\/p>\n<p>B. Adil Yarg\u0131lanma Hakk\u0131n\u0131n \u0130hlal Edildi\u011fine \u0130li\u015fkin \u0130ddia<\/p>\n<p>20. Ba\u015fvurucu; ko\u015fullu sal\u0131verilmenin geri al\u0131nmas\u0131 ve buna ba\u011fl\u0131 olarak d\u00fczenlenen m\u00fcddetnamenin hukuka ayk\u0131r\u0131 oldu\u011fu gerek\u00e7esiyle infaz h\u00e2kimliklerine yapt\u0131\u011f\u0131 itirazlar\u0131n\u0131n g\u00f6revsizlik ve yetkisizlik kararlar\u0131 verilmesi nedeniyle incelenemedi\u011fini, h\u00e2kimliklerin g\u00f6rev ve yetkileri kapsam\u0131ndaki davalara bakmaktan ka\u00e7\u0131nd\u0131klar\u0131n\u0131, s\u00f6zl\u00fc yarg\u0131lama yap\u0131lmadan, yarg\u0131lamalara kat\u0131l\u0131m\u0131 sa\u011flanmadan taleplerinin reddedildi\u011fini belirterek adil yarg\u0131lanma hakk\u0131 da d\u00e2hil olmak \u00fczere anayasal haklar\u0131n\u0131n ihlal edildi\u011fini ileri s\u00fcrm\u00fc\u015ft\u00fcr.<\/p>\n<p>21. Ba\u015fvurucunun iddialar\u0131 adil yarg\u0131lanma hakk\u0131yla ilgili g\u00f6r\u00fclm\u00fc\u015ft\u00fcr.<\/p>\n<p>22. 6216 say\u0131l\u0131 Kanun&#8217;un 45. maddesinin (1) numaral\u0131 f\u0131kras\u0131na g\u00f6re bireysel ba\u015fvurunun incelenebilmesi i\u00e7in kamu g\u00fcc\u00fc taraf\u0131ndan ihlal edildi\u011fi iddia edilen hakk\u0131n Anayasa\u2019da g\u00fcvence alt\u0131na al\u0131nm\u0131\u015f olmas\u0131n\u0131n yan\u0131 s\u0131ra Avrupa \u0130nsan Haklar\u0131 S\u00f6zle\u015fmesi (S\u00f6zle\u015fme) ve T\u00fcrkiye\u2019nin taraf oldu\u011fu S\u00f6zle\u015fme&#8217;ye ek protokoller kapsam\u0131na da girmesi gerekir. Anayasa ve S\u00f6zle\u015fme\u2019nin ortak koruma alan\u0131 d\u0131\u015f\u0131nda kalan hak ihlali iddias\u0131n\u0131 i\u00e7eren ba\u015fvurular bireysel ba\u015fvurunun kapsam\u0131nda de\u011fildir (Onurhan Solmaz, B. No: 2012\/1049, 26\/3\/2013, \u00a7 18).<\/p>\n<p>23. S\u00f6zle\u015fme\u2019nin 6. maddesinde, adil yarg\u0131lanmaya ili\u015fkin hak ve ilkelerin medeni hak ve y\u00fck\u00fcml\u00fcl\u00fckler ile ilgili uyu\u015fmazl\u0131klar\u0131n ve bir su\u00e7 isnad\u0131n\u0131n esas\u0131n\u0131n karara ba\u011flanmas\u0131 esnas\u0131nda ge\u00e7erli oldu\u011fu belirtilerek hakk\u0131n kapsam\u0131 bu konularla s\u0131n\u0131rland\u0131r\u0131lm\u0131\u015ft\u0131r. Bahsedilen h\u00e2ller d\u0131\u015f\u0131nda kalan adil yarg\u0131lanma hakk\u0131n\u0131n ihlali iddias\u0131na dayanan ba\u015fvurular, Anayasa ve S\u00f6zle\u015fme kapsam\u0131 d\u0131\u015f\u0131nda kalaca\u011f\u0131ndan bireysel ba\u015fvuruya konu olamaz. Dolay\u0131s\u0131yla bir ceza davas\u0131nda haklar\u0131nda su\u00e7 isnad\u0131 bulunmayan ma\u011fdur, su\u00e7tan zarar g\u00f6ren, \u015fik\u00e2yet\u00e7i veya kat\u0131lan s\u0131fat\u0131n\u0131 haiz ki\u015filer S\u00f6zle\u015fme\u2019nin 6. maddesinin koruma alan\u0131 d\u0131\u015f\u0131nda kalmaktad\u0131r (Onurhan Solmaz, \u00a7\u00a7 23, 24).<\/p>\n<p>24. Somut olayda ba\u015fvurucunun m\u00fcddetname d\u00fczenlenmesi ve ko\u015fullu sal\u0131verilmesinin geri al\u0131nmas\u0131na kar\u015f\u0131 kanun yarar\u0131na bozma yoluna gidilmesi, cezas\u0131n\u0131n aynen infaz\u0131n\u0131n durdurulmas\u0131 taleplerinin su\u00e7 isnad\u0131n\u0131n esas\u0131n\u0131n \u00e7\u00f6z\u00fcmlenmesinden di\u011fer bir deyi\u015fle mahk\u00fbmiyet h\u00fckm\u00fcn\u00fcn kesinle\u015fmesinden sonraki bir a\u015famaya ili\u015fkin oldu\u011fu g\u00f6r\u00fclmektedir. Ba\u015fvurucunun iddialar\u0131n\u0131n ba\u015fvurucunun su\u00e7 isnad\u0131 alt\u0131nda oldu\u011fu bir a\u015famaya ili\u015fkin olmad\u0131\u011f\u0131, dolay\u0131s\u0131yla ba\u015fvurunun bu k\u0131sm\u0131n\u0131n adil yarg\u0131lanma hakk\u0131 kapsam\u0131na girmedi\u011fi anla\u015f\u0131lmaktad\u0131r (infaz\u0131n ertelenmesi talebi ba\u011flam\u0131nda benzer y\u00f6nde de\u011ferlendirmeler i\u00e7inbkz. Topo Kaya, B. No: 2014\/5363, 5\/12\/2017, \u00a7\u00a7 20-28).<\/p>\n<p>25. A\u00e7\u0131klanan gerek\u00e7elerle ba\u015fvurunun bu k\u0131sm\u0131n\u0131n konu bak\u0131m\u0131ndan yetkisizlik nedeniyle kabul edilemez oldu\u011funa karar verilmesi gerekir.<\/p>\n<p>III. H\u00dcK\u00dcM<\/p>\n<p>A\u00e7\u0131klanan gerek\u00e7elerle;<\/p>\n<p>A. 1. Ki\u015fi h\u00fcrriyeti ve g\u00fcvenli\u011fi hakk\u0131n\u0131n ihlal edildi\u011fine ili\u015fkin iddian\u0131n s\u00fcre a\u015f\u0131m\u0131 nedeniyle KABUL ED\u0130LEMEZ OLDU\u011eUNA,<\/p>\n<p>2. Adil yarg\u0131lanma hakk\u0131n\u0131n ihlal edildi\u011fine ili\u015fkin iddian\u0131n konu bak\u0131m\u0131ndan yetkisizlik nedeniyle KABUL ED\u0130LEMEZ OLDU\u011eUNA,<\/p>\n<p>B. 12\/1\/2011 tarihli ve 6100 say\u0131l\u0131 Hukuk Muhakemeleri Kanunu\u2019nun 339. maddesinin (2) numaral\u0131 f\u0131kras\u0131 uyar\u0131nca tahsil edilmesi ma\u011fduriyete neden olaca\u011f\u0131ndan adli yard\u0131m talebi kabul edilen ba\u015fvurucunun yarg\u0131lama giderlerini \u00f6demekten TAMAMEN MUAF TUTULMASINA 18\/12\/2024 tarihinde OYB\u0130RL\u0130\u011e\u0130YLE karar verildi.<\/p>\n<p>\u200bAnayasa Mahkemesi&#8217;nin 18\/12\/2024 tarihli ve 2022\/60278 ba\u015fvuru numaral\u0131 karar\u0131\u00a0Hukuki Haber<\/p>\n<p>Haberin Al\u0131nt\u0131land\u0131\u011f\u0131 Kaynak: www.hukukihaber.net<\/p>","protected":false},"excerpt":{"rendered":"<p>T\u00dcRK\u0130YE CUMHUR\u0130YET\u0130 ANAYASA MAHKEMES\u0130 \u00a0 \u00a0 B\u0130R\u0130NC\u0130 B\u00d6L\u00dcM \u00a0 KARAR \u00a0 HARUN M\u00dcSELL\u0130M BA\u015eVURUSU (Ba\u015fvuru Numaras\u0131: 2022\/60278) \u00a0 Karar Tarihi: 18\/12\/2024 B\u0130R\u0130NC\u0130 B\u00d6L\u00dcM \u00a0 KARAR \u00a0 \u00a0 Ba\u015fkan : Hasan Tahsin G\u00d6KCAN \u00dcyeler : Recai AKYEL \u00a0 \u00a0 Yusuf \u015eevki HAKYEMEZ \u00a0 \u00a0 Selahaddin MENTE\u015e \u00a0 \u00a0 Y\u0131lmaz AK\u00c7\u0130L Raport\u00f6r : Yusuf Enes KAYA Ba\u015fvurucu : Harun M\u00dcSELL\u0130M \u00a0 I. BA\u015eVURUNUN \u00d6ZET\u0130 1. Ba\u015fvuru; ko\u015fullu sal\u0131vermenin geri al\u0131nmas\u0131 nedeniyle ki\u015fi h\u00fcrriyeti ve g\u00fcvenli\u011fi hakk\u0131n\u0131n, ko\u015fullu sal\u0131verilmenin geri al\u0131nmas\u0131 ve buna ba\u011fl\u0131 olarak d\u00fczenlenen m\u00fcddetnamenin hukuka ayk\u0131r\u0131 oldu\u011fu gerek\u00e7esiyle infaz h\u00e2kimliklerine yap\u0131lan itirazlar\u0131n g\u00f6revsizlik ve yetkisizlik kararlar\u0131 verilmesinden dolay\u0131 incelenememesi nedeniyle de adil yarg\u0131lanma hakk\u0131n\u0131n ihlal edildi\u011fi iddias\u0131na ili\u015fkindir. 2. Ba\u015fvurucu, kasten \u00f6ld\u00fcrme su\u00e7undan Zonguldak 2. A\u011f\u0131r Ceza Mahkemesinin 13\/11\/2001 tarihli karar\u0131yla 28 y\u0131l a\u011f\u0131r hapis cezas\u0131na mahk\u00fbm edilmi\u015ftir. S\u00f6z konusu karar Yarg\u0131tay 1. Ceza Dairesince 4\/6\/2002 tarihinde onanarak kesinle\u015fmi\u015ftir. 3. Ba\u015fvurucunun bu cezas\u0131ndan dolay\u0131 Zonguldak 2. A\u011f\u0131r Ceza Mahkemesinin 8\/7\/2002 tarihli karar\u0131yla ko\u015fullu sal\u0131verilmesine karar verilmi\u015ftir. 4. Zonguldak 2. A\u011f\u0131r Ceza Mahkemesince 19\/1\/2015 tarihinde ba\u015fvurucunun denetim s\u00fcresi i\u00e7inde kas\u0131tl\u0131 bir su\u00e7tan mahk\u00fbm edilmesi nedeniyle ko\u015fullu sal\u0131verilmenin geri al\u0131nmas\u0131na, 22\/2\/2005-22\/5\/2026 tarihleri aras\u0131ndaki 7.759 g\u00fcn hapis cezas\u0131n\u0131n aynen infaz edilmesine karar verilmi\u015ftir. Ba\u015fvurucu, s\u00f6z konusu karara kar\u015f\u0131 13\/2\/2015 tarihli dilek\u00e7esiyle Zonguldak 1. &hellip;<\/p>","protected":false},"author":3,"featured_media":0,"comment_status":"open","ping_status":"open","sticky":false,"template":"","format":"standard","meta":{"_acf_changed":false,"footnotes":""},"categories":[27],"tags":[],"class_list":["post-33686","post","type-post","status-publish","format-standard","has-post-thumbnail","hentry","category-hukukihaber"],"acf":[],"yoast_head":"<!-- This site is optimized with the Yoast SEO Premium plugin v26.6 (Yoast SEO v27.1.1) - https:\/\/yoast.com\/product\/yoast-seo-premium-wordpress\/ -->\n<title>AYM&#039;nin 2022\/60278 ba\u015fvuru numaral\u0131 karar\u0131 - Av. Deniz Can K\u0131z\u0131l<\/title>\n<meta name=\"robots\" content=\"index, follow, max-snippet:-1, max-image-preview:large, max-video-preview:-1\" \/>\n<link rel=\"canonical\" href=\"http:\/\/denizcankizil.tr\/ru\/hukukihaber\/aymnin-2022-60278-basvuru-numarali-karari\/\" \/>\n<meta property=\"og:locale\" content=\"ru_RU\" \/>\n<meta property=\"og:type\" content=\"article\" \/>\n<meta property=\"og:title\" content=\"AYM&#039;nin 2022\/60278 ba\u015fvuru numaral\u0131 karar\u0131\" \/>\n<meta property=\"og:description\" content=\"T\u00dcRK\u0130YE CUMHUR\u0130YET\u0130 ANAYASA MAHKEMES\u0130 \u00a0 \u00a0 B\u0130R\u0130NC\u0130 B\u00d6L\u00dcM \u00a0 KARAR \u00a0 HARUN M\u00dcSELL\u0130M BA\u015eVURUSU (Ba\u015fvuru Numaras\u0131: 2022\/60278) \u00a0 Karar Tarihi: 18\/12\/2024 B\u0130R\u0130NC\u0130 B\u00d6L\u00dcM \u00a0 KARAR \u00a0 \u00a0 Ba\u015fkan : Hasan Tahsin G\u00d6KCAN \u00dcyeler : Recai AKYEL \u00a0 \u00a0 Yusuf \u015eevki HAKYEMEZ \u00a0 \u00a0 Selahaddin MENTE\u015e \u00a0 \u00a0 Y\u0131lmaz AK\u00c7\u0130L Raport\u00f6r : Yusuf Enes KAYA Ba\u015fvurucu : Harun M\u00dcSELL\u0130M \u00a0 I. BA\u015eVURUNUN \u00d6ZET\u0130 1. Ba\u015fvuru; ko\u015fullu sal\u0131vermenin geri al\u0131nmas\u0131 nedeniyle ki\u015fi h\u00fcrriyeti ve g\u00fcvenli\u011fi hakk\u0131n\u0131n, ko\u015fullu sal\u0131verilmenin geri al\u0131nmas\u0131 ve buna ba\u011fl\u0131 olarak d\u00fczenlenen m\u00fcddetnamenin hukuka ayk\u0131r\u0131 oldu\u011fu gerek\u00e7esiyle infaz h\u00e2kimliklerine yap\u0131lan itirazlar\u0131n g\u00f6revsizlik ve yetkisizlik kararlar\u0131 verilmesinden dolay\u0131 incelenememesi nedeniyle de adil yarg\u0131lanma hakk\u0131n\u0131n ihlal edildi\u011fi iddias\u0131na ili\u015fkindir. 2. Ba\u015fvurucu, kasten \u00f6ld\u00fcrme su\u00e7undan Zonguldak 2. A\u011f\u0131r Ceza Mahkemesinin 13\/11\/2001 tarihli karar\u0131yla 28 y\u0131l a\u011f\u0131r hapis cezas\u0131na mahk\u00fbm edilmi\u015ftir. S\u00f6z konusu karar Yarg\u0131tay 1. Ceza Dairesince 4\/6\/2002 tarihinde onanarak kesinle\u015fmi\u015ftir. 3. Ba\u015fvurucunun bu cezas\u0131ndan dolay\u0131 Zonguldak 2. A\u011f\u0131r Ceza Mahkemesinin 8\/7\/2002 tarihli karar\u0131yla ko\u015fullu sal\u0131verilmesine karar verilmi\u015ftir. 4. Zonguldak 2. A\u011f\u0131r Ceza Mahkemesince 19\/1\/2015 tarihinde ba\u015fvurucunun denetim s\u00fcresi i\u00e7inde kas\u0131tl\u0131 bir su\u00e7tan mahk\u00fbm edilmesi nedeniyle ko\u015fullu sal\u0131verilmenin geri al\u0131nmas\u0131na, 22\/2\/2005-22\/5\/2026 tarihleri aras\u0131ndaki 7.759 g\u00fcn hapis cezas\u0131n\u0131n aynen infaz edilmesine karar verilmi\u015ftir. Ba\u015fvurucu, s\u00f6z konusu karara kar\u015f\u0131 13\/2\/2015 tarihli dilek\u00e7esiyle Zonguldak 1. &hellip;\" \/>\n<meta property=\"og:url\" content=\"http:\/\/denizcankizil.tr\/ru\/hukukihaber\/aymnin-2022-60278-basvuru-numarali-karari\/\" \/>\n<meta property=\"og:site_name\" content=\"Av. Deniz Can K\u0131z\u0131l\" \/>\n<meta property=\"article:published_time\" content=\"2025-02-20T12:57:00+00:00\" \/>\n<meta name=\"author\" content=\"Hukuki Haber.net\" \/>\n<meta name=\"twitter:card\" content=\"summary_large_image\" \/>\n<meta name=\"twitter:label1\" content=\"\u041d\u0430\u043f\u0438\u0441\u0430\u043d\u043e \u0430\u0432\u0442\u043e\u0440\u043e\u043c\" \/>\n\t<meta name=\"twitter:data1\" content=\"Hukuki Haber.net\" \/>\n\t<meta name=\"twitter:label2\" content=\"\u041f\u0440\u0438\u043c\u0435\u0440\u043d\u043e\u0435 \u0432\u0440\u0435\u043c\u044f \u0434\u043b\u044f \u0447\u0442\u0435\u043d\u0438\u044f\" \/>\n\t<meta name=\"twitter:data2\" content=\"8 \u043c\u0438\u043d\u0443\u0442\" \/>\n<script type=\"application\/ld+json\" class=\"yoast-schema-graph\">{\"@context\":\"https:\/\/schema.org\",\"@graph\":[{\"@type\":\"Article\",\"@id\":\"http:\/\/denizcankizil.tr\/ru\/hukukihaber\/aymnin-2022-60278-basvuru-numarali-karari\/#article\",\"isPartOf\":{\"@id\":\"http:\/\/denizcankizil.tr\/ru\/hukukihaber\/aymnin-2022-60278-basvuru-numarali-karari\/\"},\"author\":{\"name\":\"Hukuki Haber.net\",\"@id\":\"https:\/\/denizcankizil.tr\/de\/#\/schema\/person\/001a271de994a0aa3f90eea084424822\"},\"headline\":\"AYM&#8217;nin 2022\/60278 ba\u015fvuru numaral\u0131 karar\u0131\",\"datePublished\":\"2025-02-20T12:57:00+00:00\",\"mainEntityOfPage\":{\"@id\":\"http:\/\/denizcankizil.tr\/ru\/hukukihaber\/aymnin-2022-60278-basvuru-numarali-karari\/\"},\"wordCount\":1662,\"commentCount\":0,\"publisher\":{\"@id\":\"https:\/\/denizcankizil.tr\/de\/#organization\"},\"articleSection\":[\"Hukuki Haberler\"],\"inLanguage\":\"ru-RU\",\"potentialAction\":[{\"@type\":\"CommentAction\",\"name\":\"Comment\",\"target\":[\"http:\/\/denizcankizil.tr\/ru\/hukukihaber\/aymnin-2022-60278-basvuru-numarali-karari\/#respond\"]}]},{\"@type\":\"WebPage\",\"@id\":\"http:\/\/denizcankizil.tr\/ru\/hukukihaber\/aymnin-2022-60278-basvuru-numarali-karari\/\",\"url\":\"http:\/\/denizcankizil.tr\/ru\/hukukihaber\/aymnin-2022-60278-basvuru-numarali-karari\/\",\"name\":\"AYM'nin 2022\/60278 ba\u015fvuru numaral\u0131 karar\u0131 - Av. Deniz Can K\u0131z\u0131l\",\"isPartOf\":{\"@id\":\"https:\/\/denizcankizil.tr\/de\/#website\"},\"datePublished\":\"2025-02-20T12:57:00+00:00\",\"breadcrumb\":{\"@id\":\"http:\/\/denizcankizil.tr\/ru\/hukukihaber\/aymnin-2022-60278-basvuru-numarali-karari\/#breadcrumb\"},\"inLanguage\":\"ru-RU\",\"potentialAction\":[{\"@type\":\"ReadAction\",\"target\":[\"http:\/\/denizcankizil.tr\/ru\/hukukihaber\/aymnin-2022-60278-basvuru-numarali-karari\/\"]}]},{\"@type\":\"BreadcrumbList\",\"@id\":\"http:\/\/denizcankizil.tr\/ru\/hukukihaber\/aymnin-2022-60278-basvuru-numarali-karari\/#breadcrumb\",\"itemListElement\":[{\"@type\":\"ListItem\",\"position\":1,\"name\":\"Home\",\"item\":\"https:\/\/denizcankizil.tr\/de\/\"},{\"@type\":\"ListItem\",\"position\":2,\"name\":\"AYM&#8217;nin 2022\/60278 ba\u015fvuru numaral\u0131 karar\u0131\"}]},{\"@type\":\"WebSite\",\"@id\":\"https:\/\/denizcankizil.tr\/de\/#website\",\"url\":\"https:\/\/denizcankizil.tr\/de\/\",\"name\":\"Av. Deniz Can K\u0131z\u0131l\",\"description\":\"Avukat Deniz Can K\u0131z\u0131l Antalya Barosu\",\"publisher\":{\"@id\":\"https:\/\/denizcankizil.tr\/de\/#organization\"},\"potentialAction\":[{\"@type\":\"SearchAction\",\"target\":{\"@type\":\"EntryPoint\",\"urlTemplate\":\"https:\/\/denizcankizil.tr\/de\/?s={search_term_string}\"},\"query-input\":{\"@type\":\"PropertyValueSpecification\",\"valueRequired\":true,\"valueName\":\"search_term_string\"}}],\"inLanguage\":\"ru-RU\"},{\"@type\":\"Organization\",\"@id\":\"https:\/\/denizcankizil.tr\/de\/#organization\",\"name\":\"Av. Deniz Can K\u0131z\u0131l\",\"url\":\"https:\/\/denizcankizil.tr\/de\/\",\"logo\":{\"@type\":\"ImageObject\",\"inLanguage\":\"ru-RU\",\"@id\":\"https:\/\/denizcankizil.tr\/de\/#\/schema\/logo\/image\/\",\"url\":\"http:\/\/denizcankizil.tr\/wp-content\/uploads\/2024\/10\/siyah-logo-svg.svg\",\"contentUrl\":\"http:\/\/denizcankizil.tr\/wp-content\/uploads\/2024\/10\/siyah-logo-svg.svg\",\"width\":1080,\"height\":1080,\"caption\":\"Av. Deniz Can K\u0131z\u0131l\"},\"image\":{\"@id\":\"https:\/\/denizcankizil.tr\/de\/#\/schema\/logo\/image\/\"}},{\"@type\":\"Person\",\"@id\":\"https:\/\/denizcankizil.tr\/de\/#\/schema\/person\/001a271de994a0aa3f90eea084424822\",\"name\":\"Hukuki Haber.net\",\"image\":{\"@type\":\"ImageObject\",\"inLanguage\":\"ru-RU\",\"@id\":\"https:\/\/denizcankizil.tr\/de\/#\/schema\/person\/image\/\",\"url\":\"https:\/\/secure.gravatar.com\/avatar\/57d8a49151495586611a149d29fc42865b951dc053a84709a3172ccb5abf3118?s=96&d=mm&r=g\",\"contentUrl\":\"https:\/\/secure.gravatar.com\/avatar\/57d8a49151495586611a149d29fc42865b951dc053a84709a3172ccb5abf3118?s=96&d=mm&r=g\",\"caption\":\"Hukuki Haber.net\"},\"sameAs\":[\"http:\/\/www.hukukihaber.net\"],\"url\":\"http:\/\/denizcankizil.tr\/ru\/author\/hukukihabernet\/\"}]}<\/script>\n<!-- \/ Yoast SEO Premium plugin. -->","yoast_head_json":{"title":"AYM'nin 2022\/60278 ba\u015fvuru numaral\u0131 karar\u0131 - Av. Deniz Can K\u0131z\u0131l","robots":{"index":"index","follow":"follow","max-snippet":"max-snippet:-1","max-image-preview":"max-image-preview:large","max-video-preview":"max-video-preview:-1"},"canonical":"http:\/\/denizcankizil.tr\/ru\/hukukihaber\/aymnin-2022-60278-basvuru-numarali-karari\/","og_locale":"ru_RU","og_type":"article","og_title":"AYM'nin 2022\/60278 ba\u015fvuru numaral\u0131 karar\u0131","og_description":"T\u00dcRK\u0130YE CUMHUR\u0130YET\u0130 ANAYASA MAHKEMES\u0130 \u00a0 \u00a0 B\u0130R\u0130NC\u0130 B\u00d6L\u00dcM \u00a0 KARAR \u00a0 HARUN M\u00dcSELL\u0130M BA\u015eVURUSU (Ba\u015fvuru Numaras\u0131: 2022\/60278) \u00a0 Karar Tarihi: 18\/12\/2024 B\u0130R\u0130NC\u0130 B\u00d6L\u00dcM \u00a0 KARAR \u00a0 \u00a0 Ba\u015fkan : Hasan Tahsin G\u00d6KCAN \u00dcyeler : Recai AKYEL \u00a0 \u00a0 Yusuf \u015eevki HAKYEMEZ \u00a0 \u00a0 Selahaddin MENTE\u015e \u00a0 \u00a0 Y\u0131lmaz AK\u00c7\u0130L Raport\u00f6r : Yusuf Enes KAYA Ba\u015fvurucu : Harun M\u00dcSELL\u0130M \u00a0 I. BA\u015eVURUNUN \u00d6ZET\u0130 1. Ba\u015fvuru; ko\u015fullu sal\u0131vermenin geri al\u0131nmas\u0131 nedeniyle ki\u015fi h\u00fcrriyeti ve g\u00fcvenli\u011fi hakk\u0131n\u0131n, ko\u015fullu sal\u0131verilmenin geri al\u0131nmas\u0131 ve buna ba\u011fl\u0131 olarak d\u00fczenlenen m\u00fcddetnamenin hukuka ayk\u0131r\u0131 oldu\u011fu gerek\u00e7esiyle infaz h\u00e2kimliklerine yap\u0131lan itirazlar\u0131n g\u00f6revsizlik ve yetkisizlik kararlar\u0131 verilmesinden dolay\u0131 incelenememesi nedeniyle de adil yarg\u0131lanma hakk\u0131n\u0131n ihlal edildi\u011fi iddias\u0131na ili\u015fkindir. 2. Ba\u015fvurucu, kasten \u00f6ld\u00fcrme su\u00e7undan Zonguldak 2. A\u011f\u0131r Ceza Mahkemesinin 13\/11\/2001 tarihli karar\u0131yla 28 y\u0131l a\u011f\u0131r hapis cezas\u0131na mahk\u00fbm edilmi\u015ftir. S\u00f6z konusu karar Yarg\u0131tay 1. Ceza Dairesince 4\/6\/2002 tarihinde onanarak kesinle\u015fmi\u015ftir. 3. Ba\u015fvurucunun bu cezas\u0131ndan dolay\u0131 Zonguldak 2. A\u011f\u0131r Ceza Mahkemesinin 8\/7\/2002 tarihli karar\u0131yla ko\u015fullu sal\u0131verilmesine karar verilmi\u015ftir. 4. Zonguldak 2. A\u011f\u0131r Ceza Mahkemesince 19\/1\/2015 tarihinde ba\u015fvurucunun denetim s\u00fcresi i\u00e7inde kas\u0131tl\u0131 bir su\u00e7tan mahk\u00fbm edilmesi nedeniyle ko\u015fullu sal\u0131verilmenin geri al\u0131nmas\u0131na, 22\/2\/2005-22\/5\/2026 tarihleri aras\u0131ndaki 7.759 g\u00fcn hapis cezas\u0131n\u0131n aynen infaz edilmesine karar verilmi\u015ftir. Ba\u015fvurucu, s\u00f6z konusu karara kar\u015f\u0131 13\/2\/2015 tarihli dilek\u00e7esiyle Zonguldak 1. &hellip;","og_url":"http:\/\/denizcankizil.tr\/ru\/hukukihaber\/aymnin-2022-60278-basvuru-numarali-karari\/","og_site_name":"Av. Deniz Can K\u0131z\u0131l","article_published_time":"2025-02-20T12:57:00+00:00","author":"Hukuki Haber.net","twitter_card":"summary_large_image","twitter_misc":{"\u041d\u0430\u043f\u0438\u0441\u0430\u043d\u043e \u0430\u0432\u0442\u043e\u0440\u043e\u043c":"Hukuki Haber.net","\u041f\u0440\u0438\u043c\u0435\u0440\u043d\u043e\u0435 \u0432\u0440\u0435\u043c\u044f \u0434\u043b\u044f \u0447\u0442\u0435\u043d\u0438\u044f":"8 \u043c\u0438\u043d\u0443\u0442"},"schema":{"@context":"https:\/\/schema.org","@graph":[{"@type":"Article","@id":"http:\/\/denizcankizil.tr\/ru\/hukukihaber\/aymnin-2022-60278-basvuru-numarali-karari\/#article","isPartOf":{"@id":"http:\/\/denizcankizil.tr\/ru\/hukukihaber\/aymnin-2022-60278-basvuru-numarali-karari\/"},"author":{"name":"Hukuki Haber.net","@id":"https:\/\/denizcankizil.tr\/de\/#\/schema\/person\/001a271de994a0aa3f90eea084424822"},"headline":"AYM&#8217;nin 2022\/60278 ba\u015fvuru numaral\u0131 karar\u0131","datePublished":"2025-02-20T12:57:00+00:00","mainEntityOfPage":{"@id":"http:\/\/denizcankizil.tr\/ru\/hukukihaber\/aymnin-2022-60278-basvuru-numarali-karari\/"},"wordCount":1662,"commentCount":0,"publisher":{"@id":"https:\/\/denizcankizil.tr\/de\/#organization"},"articleSection":["Hukuki Haberler"],"inLanguage":"ru-RU","potentialAction":[{"@type":"CommentAction","name":"Comment","target":["http:\/\/denizcankizil.tr\/ru\/hukukihaber\/aymnin-2022-60278-basvuru-numarali-karari\/#respond"]}]},{"@type":"WebPage","@id":"http:\/\/denizcankizil.tr\/ru\/hukukihaber\/aymnin-2022-60278-basvuru-numarali-karari\/","url":"http:\/\/denizcankizil.tr\/ru\/hukukihaber\/aymnin-2022-60278-basvuru-numarali-karari\/","name":"AYM'nin 2022\/60278 ba\u015fvuru numaral\u0131 karar\u0131 - Av. Deniz Can K\u0131z\u0131l","isPartOf":{"@id":"https:\/\/denizcankizil.tr\/de\/#website"},"datePublished":"2025-02-20T12:57:00+00:00","breadcrumb":{"@id":"http:\/\/denizcankizil.tr\/ru\/hukukihaber\/aymnin-2022-60278-basvuru-numarali-karari\/#breadcrumb"},"inLanguage":"ru-RU","potentialAction":[{"@type":"ReadAction","target":["http:\/\/denizcankizil.tr\/ru\/hukukihaber\/aymnin-2022-60278-basvuru-numarali-karari\/"]}]},{"@type":"BreadcrumbList","@id":"http:\/\/denizcankizil.tr\/ru\/hukukihaber\/aymnin-2022-60278-basvuru-numarali-karari\/#breadcrumb","itemListElement":[{"@type":"ListItem","position":1,"name":"Home","item":"https:\/\/denizcankizil.tr\/de\/"},{"@type":"ListItem","position":2,"name":"AYM&#8217;nin 2022\/60278 ba\u015fvuru numaral\u0131 karar\u0131"}]},{"@type":"WebSite","@id":"https:\/\/denizcankizil.tr\/de\/#website","url":"https:\/\/denizcankizil.tr\/de\/","name":"Av. Deniz Can K\u0131z\u0131l","description":"Avukat Deniz Can K\u0131z\u0131l Antalya Barosu","publisher":{"@id":"https:\/\/denizcankizil.tr\/de\/#organization"},"potentialAction":[{"@type":"SearchAction","target":{"@type":"EntryPoint","urlTemplate":"https:\/\/denizcankizil.tr\/de\/?s={search_term_string}"},"query-input":{"@type":"PropertyValueSpecification","valueRequired":true,"valueName":"search_term_string"}}],"inLanguage":"ru-RU"},{"@type":"Organization","@id":"https:\/\/denizcankizil.tr\/de\/#organization","name":"Av. Deniz Can K\u0131z\u0131l","url":"https:\/\/denizcankizil.tr\/de\/","logo":{"@type":"ImageObject","inLanguage":"ru-RU","@id":"https:\/\/denizcankizil.tr\/de\/#\/schema\/logo\/image\/","url":"http:\/\/denizcankizil.tr\/wp-content\/uploads\/2024\/10\/siyah-logo-svg.svg","contentUrl":"http:\/\/denizcankizil.tr\/wp-content\/uploads\/2024\/10\/siyah-logo-svg.svg","width":1080,"height":1080,"caption":"Av. Deniz Can K\u0131z\u0131l"},"image":{"@id":"https:\/\/denizcankizil.tr\/de\/#\/schema\/logo\/image\/"}},{"@type":"Person","@id":"https:\/\/denizcankizil.tr\/de\/#\/schema\/person\/001a271de994a0aa3f90eea084424822","name":"Hukuki Haber.net","image":{"@type":"ImageObject","inLanguage":"ru-RU","@id":"https:\/\/denizcankizil.tr\/de\/#\/schema\/person\/image\/","url":"https:\/\/secure.gravatar.com\/avatar\/57d8a49151495586611a149d29fc42865b951dc053a84709a3172ccb5abf3118?s=96&d=mm&r=g","contentUrl":"https:\/\/secure.gravatar.com\/avatar\/57d8a49151495586611a149d29fc42865b951dc053a84709a3172ccb5abf3118?s=96&d=mm&r=g","caption":"Hukuki Haber.net"},"sameAs":["http:\/\/www.hukukihaber.net"],"url":"http:\/\/denizcankizil.tr\/ru\/author\/hukukihabernet\/"}]}},"_links":{"self":[{"href":"http:\/\/denizcankizil.tr\/ru\/wp-json\/wp\/v2\/posts\/33686","targetHints":{"allow":["GET"]}}],"collection":[{"href":"http:\/\/denizcankizil.tr\/ru\/wp-json\/wp\/v2\/posts"}],"about":[{"href":"http:\/\/denizcankizil.tr\/ru\/wp-json\/wp\/v2\/types\/post"}],"author":[{"embeddable":true,"href":"http:\/\/denizcankizil.tr\/ru\/wp-json\/wp\/v2\/users\/3"}],"replies":[{"embeddable":true,"href":"http:\/\/denizcankizil.tr\/ru\/wp-json\/wp\/v2\/comments?post=33686"}],"version-history":[{"count":0,"href":"http:\/\/denizcankizil.tr\/ru\/wp-json\/wp\/v2\/posts\/33686\/revisions"}],"wp:attachment":[{"href":"http:\/\/denizcankizil.tr\/ru\/wp-json\/wp\/v2\/media?parent=33686"}],"wp:term":[{"taxonomy":"category","embeddable":true,"href":"http:\/\/denizcankizil.tr\/ru\/wp-json\/wp\/v2\/categories?post=33686"},{"taxonomy":"post_tag","embeddable":true,"href":"http:\/\/denizcankizil.tr\/ru\/wp-json\/wp\/v2\/tags?post=33686"}],"curies":[{"name":"wp","href":"https:\/\/api.w.org\/{rel}","templated":true}]}}