{"id":3347,"date":"2024-10-16T12:45:28","date_gmt":"2024-10-16T09:45:28","guid":{"rendered":"https:\/\/denizcankizil.tr\/uncategorized\/adiyamanda-intihar-girisiminde-bulunan-genci-annesi-kurtardi\/"},"modified":"2024-10-16T12:45:28","modified_gmt":"2024-10-16T09:45:28","slug":"adiyamanda-intihar-girisiminde-bulunan-genci-annesi-kurtardi","status":"publish","type":"post","link":"http:\/\/denizcankizil.tr\/ru\/haberler\/gundem\/adiyamanda-intihar-girisiminde-bulunan-genci-annesi-kurtardi\/","title":{"rendered":"Ad\u0131yaman\u2019da intihar giri\u015fiminde bulunan genci annesi kurtard\u0131"},"content":{"rendered":"<p>Ad\u0131yaman\u2019\u0131n Kayal\u0131k Mahallesi\u2019nde ya\u015fanan bir olayda, kendi evinde intihar giri\u015fiminde bulunan bir gen\u00e7, annesinin h\u0131zl\u0131 m\u00fcdahalesi sayesinde kurtar\u0131ld\u0131.ADIYAMAN (\u0130GFA) &#8211; Olay, gencin annesini g\u00f6r\u00fcnt\u00fcl\u00fc arayarak intihar giri\u015fiminde bulundu\u011funu s\u00f6ylemesiyle ortaya \u00e7\u0131kt\u0131.<br \/>\nDurumu fark eden anne, hemen polisi arayarak yard\u0131m istedi.<br \/>\nPolis ekipleri, ihbar \u00fczerine h\u0131zla olay yerine intikal etti. K\u0131sa s\u00fcrede eve ula\u015fan polisler, genci m\u00fcdahale ederek kurtard\u0131.<\/p>\n<p>Gencin durumu iyiye giderken, olay sonras\u0131 sa\u011fl\u0131k ekipleri taraf\u0131ndan kontrol alt\u0131na al\u0131nd\u0131 ve gerekli psikolojik destek sa\u011fland\u0131. Yetkililer, bu t\u00fcr vakalarda aile bireylerinin ve \u00e7evrenin dikkatli olmas\u0131n\u0131n, benzer olaylar\u0131n \u00f6nlenmesi a\u00e7\u0131s\u0131ndan hayati \u00f6neme sahip oldu\u011funu vurgulad\u0131.<\/p>\n<p>\u200bAd\u0131yaman\u2019\u0131n Kayal\u0131k Mahallesi\u2019nde ya\u015fanan bir olayda, kendi evinde intihar giri\u015fiminde bulunan bir gen\u00e7, annesinin h\u0131zl\u0131 m\u00fcdahalesi sayesinde kurtar\u0131ld\u0131\u00a0<\/p>\n<p>\u200bHaberin Al\u0131nt\u0131land\u0131\u011f\u0131 Kaynak: www.iskenderun.org<\/p>","protected":false},"excerpt":{"rendered":"<p>Ad\u0131yaman\u2019\u0131n Kayal\u0131k Mahallesi\u2019nde ya\u015fanan bir olayda, kendi evinde intihar giri\u015fiminde bulunan bir gen\u00e7, annesinin h\u0131zl\u0131 m\u00fcdahalesi sayesinde kurtar\u0131ld\u0131.ADIYAMAN (\u0130GFA) &#8211; Olay, gencin annesini g\u00f6r\u00fcnt\u00fcl\u00fc arayarak intihar giri\u015fiminde bulundu\u011funu s\u00f6ylemesiyle ortaya \u00e7\u0131kt\u0131. Durumu fark eden anne, hemen polisi arayarak yard\u0131m istedi. Polis ekipleri, ihbar \u00fczerine h\u0131zla olay yerine intikal etti. K\u0131sa s\u00fcrede eve ula\u015fan polisler, genci m\u00fcdahale ederek kurtard\u0131. Gencin durumu iyiye giderken, olay sonras\u0131 sa\u011fl\u0131k ekipleri taraf\u0131ndan kontrol alt\u0131na al\u0131nd\u0131 ve gerekli psikolojik destek sa\u011fland\u0131. Yetkililer, bu t\u00fcr vakalarda aile bireylerinin ve \u00e7evrenin dikkatli olmas\u0131n\u0131n, benzer olaylar\u0131n \u00f6nlenmesi a\u00e7\u0131s\u0131ndan hayati \u00f6neme sahip oldu\u011funu vurgulad\u0131. \u200bAd\u0131yaman\u2019\u0131n Kayal\u0131k Mahallesi\u2019nde ya\u015fanan bir olayda, kendi evinde intihar giri\u015fiminde bulunan bir gen\u00e7, annesinin h\u0131zl\u0131 m\u00fcdahalesi sayesinde kurtar\u0131ld\u0131\u00a0 \u200bHaberin Al\u0131nt\u0131land\u0131\u011f\u0131 Kaynak: www.iskenderun.org<\/p>","protected":false},"author":0,"featured_media":0,"comment_status":"open","ping_status":"open","sticky":false,"template":"","format":"standard","meta":{"_acf_changed":false,"footnotes":""},"categories":[24],"tags":[],"class_list":["post-3347","post","type-post","status-publish","format-standard","has-post-thumbnail","hentry","category-gundem"],"acf":[],"yoast_head":"<!-- This site is optimized with the Yoast SEO Premium plugin v26.6 (Yoast SEO v27.1.1) - https:\/\/yoast.com\/product\/yoast-seo-premium-wordpress\/ -->\n<title>Ad\u0131yaman\u2019da intihar giri\u015fiminde bulunan genci annesi kurtard\u0131 - Av. Deniz Can K\u0131z\u0131l<\/title>\n<meta name=\"robots\" content=\"index, follow, max-snippet:-1, max-image-preview:large, max-video-preview:-1\" \/>\n<link rel=\"canonical\" href=\"http:\/\/denizcankizil.tr\/ru\/haberler\/gundem\/adiyamanda-intihar-girisiminde-bulunan-genci-annesi-kurtardi\/\" \/>\n<meta property=\"og:locale\" content=\"ru_RU\" \/>\n<meta property=\"og:type\" content=\"article\" \/>\n<meta property=\"og:title\" content=\"Ad\u0131yaman\u2019da intihar giri\u015fiminde bulunan genci annesi kurtard\u0131\" \/>\n<meta property=\"og:description\" content=\"Ad\u0131yaman\u2019\u0131n Kayal\u0131k Mahallesi\u2019nde ya\u015fanan bir olayda, kendi evinde intihar giri\u015fiminde bulunan bir gen\u00e7, annesinin h\u0131zl\u0131 m\u00fcdahalesi sayesinde kurtar\u0131ld\u0131.ADIYAMAN (\u0130GFA) &#8211; Olay, gencin annesini g\u00f6r\u00fcnt\u00fcl\u00fc arayarak intihar giri\u015fiminde bulundu\u011funu s\u00f6ylemesiyle ortaya \u00e7\u0131kt\u0131. Durumu fark eden anne, hemen polisi arayarak yard\u0131m istedi. Polis ekipleri, ihbar \u00fczerine h\u0131zla olay yerine intikal etti. K\u0131sa s\u00fcrede eve ula\u015fan polisler, genci m\u00fcdahale ederek kurtard\u0131. Gencin durumu iyiye giderken, olay sonras\u0131 sa\u011fl\u0131k ekipleri taraf\u0131ndan kontrol alt\u0131na al\u0131nd\u0131 ve gerekli psikolojik destek sa\u011fland\u0131. Yetkililer, bu t\u00fcr vakalarda aile bireylerinin ve \u00e7evrenin dikkatli olmas\u0131n\u0131n, benzer olaylar\u0131n \u00f6nlenmesi a\u00e7\u0131s\u0131ndan hayati \u00f6neme sahip oldu\u011funu vurgulad\u0131. \u200bAd\u0131yaman\u2019\u0131n Kayal\u0131k Mahallesi\u2019nde ya\u015fanan bir olayda, kendi evinde intihar giri\u015fiminde bulunan bir gen\u00e7, annesinin h\u0131zl\u0131 m\u00fcdahalesi sayesinde kurtar\u0131ld\u0131\u00a0 \u200bHaberin Al\u0131nt\u0131land\u0131\u011f\u0131 Kaynak: www.iskenderun.org\" \/>\n<meta property=\"og:url\" content=\"http:\/\/denizcankizil.tr\/ru\/haberler\/gundem\/adiyamanda-intihar-girisiminde-bulunan-genci-annesi-kurtardi\/\" \/>\n<meta property=\"og:site_name\" content=\"Av. Deniz Can K\u0131z\u0131l\" \/>\n<meta property=\"article:published_time\" content=\"2024-10-16T09:45:28+00:00\" \/>\n<meta name=\"twitter:card\" content=\"summary_large_image\" \/>\n<meta name=\"twitter:label1\" content=\"\u041f\u0440\u0438\u043c\u0435\u0440\u043d\u043e\u0435 \u0432\u0440\u0435\u043c\u044f \u0434\u043b\u044f \u0447\u0442\u0435\u043d\u0438\u044f\" \/>\n\t<meta name=\"twitter:data1\" content=\"1 \u043c\u0438\u043d\u0443\u0442\u0430\" \/>\n<script type=\"application\/ld+json\" class=\"yoast-schema-graph\">{\"@context\":\"https:\/\/schema.org\",\"@graph\":[{\"@type\":\"Article\",\"@id\":\"http:\/\/denizcankizil.tr\/ru\/haberler\/gundem\/adiyamanda-intihar-girisiminde-bulunan-genci-annesi-kurtardi\/#article\",\"isPartOf\":{\"@id\":\"http:\/\/denizcankizil.tr\/ru\/haberler\/gundem\/adiyamanda-intihar-girisiminde-bulunan-genci-annesi-kurtardi\/\"},\"author\":{\"name\":\"\",\"@id\":\"\"},\"headline\":\"Ad\u0131yaman\u2019da intihar giri\u015fiminde bulunan genci annesi kurtard\u0131\",\"datePublished\":\"2024-10-16T09:45:28+00:00\",\"mainEntityOfPage\":{\"@id\":\"http:\/\/denizcankizil.tr\/ru\/haberler\/gundem\/adiyamanda-intihar-girisiminde-bulunan-genci-annesi-kurtardi\/\"},\"wordCount\":174,\"commentCount\":0,\"publisher\":{\"@id\":\"https:\/\/denizcankizil.tr\/#organization\"},\"articleSection\":[\"G\u00fcndem\"],\"inLanguage\":\"ru-RU\",\"potentialAction\":[{\"@type\":\"CommentAction\",\"name\":\"Comment\",\"target\":[\"http:\/\/denizcankizil.tr\/ru\/haberler\/gundem\/adiyamanda-intihar-girisiminde-bulunan-genci-annesi-kurtardi\/#respond\"]}]},{\"@type\":\"WebPage\",\"@id\":\"http:\/\/denizcankizil.tr\/ru\/haberler\/gundem\/adiyamanda-intihar-girisiminde-bulunan-genci-annesi-kurtardi\/\",\"url\":\"http:\/\/denizcankizil.tr\/ru\/haberler\/gundem\/adiyamanda-intihar-girisiminde-bulunan-genci-annesi-kurtardi\/\",\"name\":\"Ad\u0131yaman\u2019da intihar giri\u015fiminde bulunan genci annesi kurtard\u0131 - Av. Deniz Can K\u0131z\u0131l\",\"isPartOf\":{\"@id\":\"https:\/\/denizcankizil.tr\/#website\"},\"datePublished\":\"2024-10-16T09:45:28+00:00\",\"breadcrumb\":{\"@id\":\"http:\/\/denizcankizil.tr\/ru\/haberler\/gundem\/adiyamanda-intihar-girisiminde-bulunan-genci-annesi-kurtardi\/#breadcrumb\"},\"inLanguage\":\"ru-RU\",\"potentialAction\":[{\"@type\":\"ReadAction\",\"target\":[\"http:\/\/denizcankizil.tr\/ru\/haberler\/gundem\/adiyamanda-intihar-girisiminde-bulunan-genci-annesi-kurtardi\/\"]}]},{\"@type\":\"BreadcrumbList\",\"@id\":\"http:\/\/denizcankizil.tr\/ru\/haberler\/gundem\/adiyamanda-intihar-girisiminde-bulunan-genci-annesi-kurtardi\/#breadcrumb\",\"itemListElement\":[{\"@type\":\"ListItem\",\"position\":1,\"name\":\"Home\",\"item\":\"https:\/\/denizcankizil.tr\/de\/\"},{\"@type\":\"ListItem\",\"position\":2,\"name\":\"Ad\u0131yaman\u2019da intihar giri\u015fiminde bulunan genci annesi kurtard\u0131\"}]},{\"@type\":\"WebSite\",\"@id\":\"https:\/\/denizcankizil.tr\/#website\",\"url\":\"https:\/\/denizcankizil.tr\/\",\"name\":\"Av. Deniz Can K\u0131z\u0131l\",\"description\":\"Avukat Deniz Can K\u0131z\u0131l Antalya Barosu\",\"publisher\":{\"@id\":\"https:\/\/denizcankizil.tr\/#organization\"},\"potentialAction\":[{\"@type\":\"SearchAction\",\"target\":{\"@type\":\"EntryPoint\",\"urlTemplate\":\"https:\/\/denizcankizil.tr\/?s={search_term_string}\"},\"query-input\":{\"@type\":\"PropertyValueSpecification\",\"valueRequired\":true,\"valueName\":\"search_term_string\"}}],\"inLanguage\":\"ru-RU\"},{\"@type\":\"Organization\",\"@id\":\"https:\/\/denizcankizil.tr\/#organization\",\"name\":\"Av. Deniz Can K\u0131z\u0131l\",\"url\":\"https:\/\/denizcankizil.tr\/\",\"logo\":{\"@type\":\"ImageObject\",\"inLanguage\":\"ru-RU\",\"@id\":\"https:\/\/denizcankizil.tr\/#\/schema\/logo\/image\/\",\"url\":\"http:\/\/denizcankizil.tr\/wp-content\/uploads\/2024\/10\/siyah-logo-svg.svg\",\"contentUrl\":\"http:\/\/denizcankizil.tr\/wp-content\/uploads\/2024\/10\/siyah-logo-svg.svg\",\"width\":1080,\"height\":1080,\"caption\":\"Av. Deniz Can K\u0131z\u0131l\"},\"image\":{\"@id\":\"https:\/\/denizcankizil.tr\/#\/schema\/logo\/image\/\"}}]}<\/script>\n<!-- \/ Yoast SEO Premium plugin. -->","yoast_head_json":{"title":"Ad\u0131yaman\u2019da intihar giri\u015fiminde bulunan genci annesi kurtard\u0131 - Av. Deniz Can K\u0131z\u0131l","robots":{"index":"index","follow":"follow","max-snippet":"max-snippet:-1","max-image-preview":"max-image-preview:large","max-video-preview":"max-video-preview:-1"},"canonical":"http:\/\/denizcankizil.tr\/ru\/haberler\/gundem\/adiyamanda-intihar-girisiminde-bulunan-genci-annesi-kurtardi\/","og_locale":"ru_RU","og_type":"article","og_title":"Ad\u0131yaman\u2019da intihar giri\u015fiminde bulunan genci annesi kurtard\u0131","og_description":"Ad\u0131yaman\u2019\u0131n Kayal\u0131k Mahallesi\u2019nde ya\u015fanan bir olayda, kendi evinde intihar giri\u015fiminde bulunan bir gen\u00e7, annesinin h\u0131zl\u0131 m\u00fcdahalesi sayesinde kurtar\u0131ld\u0131.ADIYAMAN (\u0130GFA) &#8211; Olay, gencin annesini g\u00f6r\u00fcnt\u00fcl\u00fc arayarak intihar giri\u015fiminde bulundu\u011funu s\u00f6ylemesiyle ortaya \u00e7\u0131kt\u0131. Durumu fark eden anne, hemen polisi arayarak yard\u0131m istedi. Polis ekipleri, ihbar \u00fczerine h\u0131zla olay yerine intikal etti. K\u0131sa s\u00fcrede eve ula\u015fan polisler, genci m\u00fcdahale ederek kurtard\u0131. Gencin durumu iyiye giderken, olay sonras\u0131 sa\u011fl\u0131k ekipleri taraf\u0131ndan kontrol alt\u0131na al\u0131nd\u0131 ve gerekli psikolojik destek sa\u011fland\u0131. Yetkililer, bu t\u00fcr vakalarda aile bireylerinin ve \u00e7evrenin dikkatli olmas\u0131n\u0131n, benzer olaylar\u0131n \u00f6nlenmesi a\u00e7\u0131s\u0131ndan hayati \u00f6neme sahip oldu\u011funu vurgulad\u0131. \u200bAd\u0131yaman\u2019\u0131n Kayal\u0131k Mahallesi\u2019nde ya\u015fanan bir olayda, kendi evinde intihar giri\u015fiminde bulunan bir gen\u00e7, annesinin h\u0131zl\u0131 m\u00fcdahalesi sayesinde kurtar\u0131ld\u0131\u00a0 \u200bHaberin Al\u0131nt\u0131land\u0131\u011f\u0131 Kaynak: www.iskenderun.org","og_url":"http:\/\/denizcankizil.tr\/ru\/haberler\/gundem\/adiyamanda-intihar-girisiminde-bulunan-genci-annesi-kurtardi\/","og_site_name":"Av. Deniz Can K\u0131z\u0131l","article_published_time":"2024-10-16T09:45:28+00:00","twitter_card":"summary_large_image","twitter_misc":{"\u041f\u0440\u0438\u043c\u0435\u0440\u043d\u043e\u0435 \u0432\u0440\u0435\u043c\u044f \u0434\u043b\u044f \u0447\u0442\u0435\u043d\u0438\u044f":"1 \u043c\u0438\u043d\u0443\u0442\u0430"},"schema":{"@context":"https:\/\/schema.org","@graph":[{"@type":"Article","@id":"http:\/\/denizcankizil.tr\/ru\/haberler\/gundem\/adiyamanda-intihar-girisiminde-bulunan-genci-annesi-kurtardi\/#article","isPartOf":{"@id":"http:\/\/denizcankizil.tr\/ru\/haberler\/gundem\/adiyamanda-intihar-girisiminde-bulunan-genci-annesi-kurtardi\/"},"author":{"name":"","@id":""},"headline":"Ad\u0131yaman\u2019da intihar giri\u015fiminde bulunan genci annesi kurtard\u0131","datePublished":"2024-10-16T09:45:28+00:00","mainEntityOfPage":{"@id":"http:\/\/denizcankizil.tr\/ru\/haberler\/gundem\/adiyamanda-intihar-girisiminde-bulunan-genci-annesi-kurtardi\/"},"wordCount":174,"commentCount":0,"publisher":{"@id":"https:\/\/denizcankizil.tr\/#organization"},"articleSection":["G\u00fcndem"],"inLanguage":"ru-RU","potentialAction":[{"@type":"CommentAction","name":"Comment","target":["http:\/\/denizcankizil.tr\/ru\/haberler\/gundem\/adiyamanda-intihar-girisiminde-bulunan-genci-annesi-kurtardi\/#respond"]}]},{"@type":"WebPage","@id":"http:\/\/denizcankizil.tr\/ru\/haberler\/gundem\/adiyamanda-intihar-girisiminde-bulunan-genci-annesi-kurtardi\/","url":"http:\/\/denizcankizil.tr\/ru\/haberler\/gundem\/adiyamanda-intihar-girisiminde-bulunan-genci-annesi-kurtardi\/","name":"Ad\u0131yaman\u2019da intihar giri\u015fiminde bulunan genci annesi kurtard\u0131 - Av. Deniz Can K\u0131z\u0131l","isPartOf":{"@id":"https:\/\/denizcankizil.tr\/#website"},"datePublished":"2024-10-16T09:45:28+00:00","breadcrumb":{"@id":"http:\/\/denizcankizil.tr\/ru\/haberler\/gundem\/adiyamanda-intihar-girisiminde-bulunan-genci-annesi-kurtardi\/#breadcrumb"},"inLanguage":"ru-RU","potentialAction":[{"@type":"ReadAction","target":["http:\/\/denizcankizil.tr\/ru\/haberler\/gundem\/adiyamanda-intihar-girisiminde-bulunan-genci-annesi-kurtardi\/"]}]},{"@type":"BreadcrumbList","@id":"http:\/\/denizcankizil.tr\/ru\/haberler\/gundem\/adiyamanda-intihar-girisiminde-bulunan-genci-annesi-kurtardi\/#breadcrumb","itemListElement":[{"@type":"ListItem","position":1,"name":"Home","item":"https:\/\/denizcankizil.tr\/de\/"},{"@type":"ListItem","position":2,"name":"Ad\u0131yaman\u2019da intihar giri\u015fiminde bulunan genci annesi kurtard\u0131"}]},{"@type":"WebSite","@id":"https:\/\/denizcankizil.tr\/#website","url":"https:\/\/denizcankizil.tr\/","name":"Av. Deniz Can K\u0131z\u0131l","description":"Avukat Deniz Can K\u0131z\u0131l Antalya Barosu","publisher":{"@id":"https:\/\/denizcankizil.tr\/#organization"},"potentialAction":[{"@type":"SearchAction","target":{"@type":"EntryPoint","urlTemplate":"https:\/\/denizcankizil.tr\/?s={search_term_string}"},"query-input":{"@type":"PropertyValueSpecification","valueRequired":true,"valueName":"search_term_string"}}],"inLanguage":"ru-RU"},{"@type":"Organization","@id":"https:\/\/denizcankizil.tr\/#organization","name":"Av. Deniz Can K\u0131z\u0131l","url":"https:\/\/denizcankizil.tr\/","logo":{"@type":"ImageObject","inLanguage":"ru-RU","@id":"https:\/\/denizcankizil.tr\/#\/schema\/logo\/image\/","url":"http:\/\/denizcankizil.tr\/wp-content\/uploads\/2024\/10\/siyah-logo-svg.svg","contentUrl":"http:\/\/denizcankizil.tr\/wp-content\/uploads\/2024\/10\/siyah-logo-svg.svg","width":1080,"height":1080,"caption":"Av. Deniz Can K\u0131z\u0131l"},"image":{"@id":"https:\/\/denizcankizil.tr\/#\/schema\/logo\/image\/"}}]}},"_links":{"self":[{"href":"http:\/\/denizcankizil.tr\/ru\/wp-json\/wp\/v2\/posts\/3347","targetHints":{"allow":["GET"]}}],"collection":[{"href":"http:\/\/denizcankizil.tr\/ru\/wp-json\/wp\/v2\/posts"}],"about":[{"href":"http:\/\/denizcankizil.tr\/ru\/wp-json\/wp\/v2\/types\/post"}],"replies":[{"embeddable":true,"href":"http:\/\/denizcankizil.tr\/ru\/wp-json\/wp\/v2\/comments?post=3347"}],"version-history":[{"count":0,"href":"http:\/\/denizcankizil.tr\/ru\/wp-json\/wp\/v2\/posts\/3347\/revisions"}],"wp:attachment":[{"href":"http:\/\/denizcankizil.tr\/ru\/wp-json\/wp\/v2\/media?parent=3347"}],"wp:term":[{"taxonomy":"category","embeddable":true,"href":"http:\/\/denizcankizil.tr\/ru\/wp-json\/wp\/v2\/categories?post=3347"},{"taxonomy":"post_tag","embeddable":true,"href":"http:\/\/denizcankizil.tr\/ru\/wp-json\/wp\/v2\/tags?post=3347"}],"curies":[{"name":"wp","href":"https:\/\/api.w.org\/{rel}","templated":true}]}}