{"id":33378,"date":"2025-02-18T15:41:32","date_gmt":"2025-02-18T12:41:32","guid":{"rendered":"https:\/\/denizcankizil.tr\/uncategorized-tr\/avukat-ethem-urcun-son-yolculuguna-ugurlandi\/"},"modified":"2025-02-18T15:41:32","modified_gmt":"2025-02-18T12:41:32","slug":"avukat-ethem-urcun-son-yolculuguna-ugurlandi","status":"publish","type":"post","link":"http:\/\/denizcankizil.tr\/ru\/haberler\/gundem\/avukat-ethem-urcun-son-yolculuguna-ugurlandi\/","title":{"rendered":"Avukat Ethem Urcun Son Yolculu\u011funa U\u011furland\u0131"},"content":{"rendered":"<p>Merhum Av. Ethem Urcun\u2019un cenazesi, sabah saatlerinde \u0130skenderun Adalet Saray\u0131\u2019na getirildi. T\u00f6rende, Urcun\u2019un biyografisi okunarak meslek hayat\u0131na dair an\u0131lar payla\u015f\u0131ld\u0131. Meslekta\u015flar\u0131 ve yak\u0131nlar\u0131, ailesine taziyelerini iletti. Okunan dualar\u0131n ard\u0131ndan cenaze, Arsuz Karaa\u011fa\u00e7 \u015earkonak Mahallesi 577 Sok No:14&#8217;te bulunan evine g\u00f6t\u00fcr\u00fclerek burada da helallik al\u0131nd\u0131.<\/p>\n<p>Dualar e\u015fli\u011finde Nard\u00fcz\u00fc Mezarl\u0131\u011f\u0131\u2019na getirilen Av. Ethem Urcun, saat 13.30\u2019da sevenlerinin g\u00f6zya\u015flar\u0131 ve dualar\u0131 aras\u0131nda topra\u011fa verildi. Hatay Barosu camias\u0131, Avukatlar Nadir, Adil ve Nevzat Urcun&#8217;un Babalar\u0131 merhum Av. Ethem Urcu\u2019a Allah\u2019tan rahmet, ailesine ve yak\u0131nlar\u0131na ba\u015fsa\u011fl\u0131\u011f\u0131 diledi.<\/p>\n<p>\u200bHatay Barosu avukatlar\u0131ndan Av. Ethem Urcun, \u0130skenderun Adliyesi\u2019nde d\u00fczenlenen veda t\u00f6reniyle meslekta\u015flar\u0131 taraf\u0131ndan son yolculu\u011funa u\u011furland\u0131.\u00a0<\/p>\n<p>\u200bHaberin Al\u0131nt\u0131land\u0131\u011f\u0131 Kaynak: www.iskenderun.org<\/p>","protected":false},"excerpt":{"rendered":"<p>Merhum Av. Ethem Urcun\u2019un cenazesi, sabah saatlerinde \u0130skenderun Adalet Saray\u0131\u2019na getirildi. T\u00f6rende, Urcun\u2019un biyografisi okunarak meslek hayat\u0131na dair an\u0131lar payla\u015f\u0131ld\u0131. Meslekta\u015flar\u0131 ve yak\u0131nlar\u0131, ailesine taziyelerini iletti. Okunan dualar\u0131n ard\u0131ndan cenaze, Arsuz Karaa\u011fa\u00e7 \u015earkonak Mahallesi 577 Sok No:14&#8217;te bulunan evine g\u00f6t\u00fcr\u00fclerek burada da helallik al\u0131nd\u0131. Dualar e\u015fli\u011finde Nard\u00fcz\u00fc Mezarl\u0131\u011f\u0131\u2019na getirilen Av. Ethem Urcun, saat 13.30\u2019da sevenlerinin g\u00f6zya\u015flar\u0131 ve dualar\u0131 aras\u0131nda topra\u011fa verildi. Hatay Barosu camias\u0131, Avukatlar Nadir, Adil ve Nevzat Urcun&#8217;un Babalar\u0131 merhum Av. Ethem Urcu\u2019a Allah\u2019tan rahmet, ailesine ve yak\u0131nlar\u0131na ba\u015fsa\u011fl\u0131\u011f\u0131 diledi. \u200bHatay Barosu avukatlar\u0131ndan Av. Ethem Urcun, \u0130skenderun Adliyesi\u2019nde d\u00fczenlenen veda t\u00f6reniyle meslekta\u015flar\u0131 taraf\u0131ndan son yolculu\u011funa u\u011furland\u0131.\u00a0 \u200bHaberin Al\u0131nt\u0131land\u0131\u011f\u0131 Kaynak: www.iskenderun.org<\/p>","protected":false},"author":1,"featured_media":0,"comment_status":"open","ping_status":"open","sticky":false,"template":"","format":"standard","meta":{"_acf_changed":false,"footnotes":""},"categories":[24],"tags":[],"class_list":["post-33378","post","type-post","status-publish","format-standard","has-post-thumbnail","hentry","category-gundem"],"acf":[],"yoast_head":"<!-- This site is optimized with the Yoast SEO Premium plugin v26.6 (Yoast SEO v27.1.1) - https:\/\/yoast.com\/product\/yoast-seo-premium-wordpress\/ -->\n<title>Avukat Ethem Urcun Son Yolculu\u011funa U\u011furland\u0131 - Av. Deniz Can K\u0131z\u0131l<\/title>\n<meta name=\"robots\" content=\"index, follow, max-snippet:-1, max-image-preview:large, max-video-preview:-1\" \/>\n<link rel=\"canonical\" href=\"http:\/\/denizcankizil.tr\/ru\/haberler\/gundem\/avukat-ethem-urcun-son-yolculuguna-ugurlandi\/\" \/>\n<meta property=\"og:locale\" content=\"ru_RU\" \/>\n<meta property=\"og:type\" content=\"article\" \/>\n<meta property=\"og:title\" content=\"Avukat Ethem Urcun Son Yolculu\u011funa U\u011furland\u0131\" \/>\n<meta property=\"og:description\" content=\"Merhum Av. Ethem Urcun\u2019un cenazesi, sabah saatlerinde \u0130skenderun Adalet Saray\u0131\u2019na getirildi. T\u00f6rende, Urcun\u2019un biyografisi okunarak meslek hayat\u0131na dair an\u0131lar payla\u015f\u0131ld\u0131. Meslekta\u015flar\u0131 ve yak\u0131nlar\u0131, ailesine taziyelerini iletti. Okunan dualar\u0131n ard\u0131ndan cenaze, Arsuz Karaa\u011fa\u00e7 \u015earkonak Mahallesi 577 Sok No:14&#8217;te bulunan evine g\u00f6t\u00fcr\u00fclerek burada da helallik al\u0131nd\u0131. Dualar e\u015fli\u011finde Nard\u00fcz\u00fc Mezarl\u0131\u011f\u0131\u2019na getirilen Av. Ethem Urcun, saat 13.30\u2019da sevenlerinin g\u00f6zya\u015flar\u0131 ve dualar\u0131 aras\u0131nda topra\u011fa verildi. Hatay Barosu camias\u0131, Avukatlar Nadir, Adil ve Nevzat Urcun&#8217;un Babalar\u0131 merhum Av. Ethem Urcu\u2019a Allah\u2019tan rahmet, ailesine ve yak\u0131nlar\u0131na ba\u015fsa\u011fl\u0131\u011f\u0131 diledi. \u200bHatay Barosu avukatlar\u0131ndan Av. Ethem Urcun, \u0130skenderun Adliyesi\u2019nde d\u00fczenlenen veda t\u00f6reniyle meslekta\u015flar\u0131 taraf\u0131ndan son yolculu\u011funa u\u011furland\u0131.\u00a0 \u200bHaberin Al\u0131nt\u0131land\u0131\u011f\u0131 Kaynak: www.iskenderun.org\" \/>\n<meta property=\"og:url\" content=\"http:\/\/denizcankizil.tr\/ru\/haberler\/gundem\/avukat-ethem-urcun-son-yolculuguna-ugurlandi\/\" \/>\n<meta property=\"og:site_name\" content=\"Av. Deniz Can K\u0131z\u0131l\" \/>\n<meta property=\"article:published_time\" content=\"2025-02-18T12:41:32+00:00\" \/>\n<meta name=\"author\" content=\"admin\" \/>\n<meta name=\"twitter:card\" content=\"summary_large_image\" \/>\n<meta name=\"twitter:label1\" content=\"\u041d\u0430\u043f\u0438\u0441\u0430\u043d\u043e \u0430\u0432\u0442\u043e\u0440\u043e\u043c\" \/>\n\t<meta name=\"twitter:data1\" content=\"admin\" \/>\n\t<meta name=\"twitter:label2\" content=\"\u041f\u0440\u0438\u043c\u0435\u0440\u043d\u043e\u0435 \u0432\u0440\u0435\u043c\u044f \u0434\u043b\u044f \u0447\u0442\u0435\u043d\u0438\u044f\" \/>\n\t<meta name=\"twitter:data2\" content=\"1 \u043c\u0438\u043d\u0443\u0442\u0430\" \/>\n<script type=\"application\/ld+json\" class=\"yoast-schema-graph\">{\"@context\":\"https:\/\/schema.org\",\"@graph\":[{\"@type\":\"Article\",\"@id\":\"http:\/\/denizcankizil.tr\/ru\/haberler\/gundem\/avukat-ethem-urcun-son-yolculuguna-ugurlandi\/#article\",\"isPartOf\":{\"@id\":\"http:\/\/denizcankizil.tr\/ru\/haberler\/gundem\/avukat-ethem-urcun-son-yolculuguna-ugurlandi\/\"},\"author\":{\"name\":\"admin\",\"@id\":\"https:\/\/denizcankizil.tr\/#\/schema\/person\/be3c05fe6a12686905512445d8185489\"},\"headline\":\"Avukat Ethem Urcun Son Yolculu\u011funa U\u011furland\u0131\",\"datePublished\":\"2025-02-18T12:41:32+00:00\",\"mainEntityOfPage\":{\"@id\":\"http:\/\/denizcankizil.tr\/ru\/haberler\/gundem\/avukat-ethem-urcun-son-yolculuguna-ugurlandi\/\"},\"wordCount\":153,\"commentCount\":0,\"publisher\":{\"@id\":\"https:\/\/denizcankizil.tr\/#organization\"},\"articleSection\":[\"G\u00fcndem\"],\"inLanguage\":\"ru-RU\",\"potentialAction\":[{\"@type\":\"CommentAction\",\"name\":\"Comment\",\"target\":[\"http:\/\/denizcankizil.tr\/ru\/haberler\/gundem\/avukat-ethem-urcun-son-yolculuguna-ugurlandi\/#respond\"]}]},{\"@type\":\"WebPage\",\"@id\":\"http:\/\/denizcankizil.tr\/ru\/haberler\/gundem\/avukat-ethem-urcun-son-yolculuguna-ugurlandi\/\",\"url\":\"http:\/\/denizcankizil.tr\/ru\/haberler\/gundem\/avukat-ethem-urcun-son-yolculuguna-ugurlandi\/\",\"name\":\"Avukat Ethem Urcun Son Yolculu\u011funa U\u011furland\u0131 - Av. Deniz Can K\u0131z\u0131l\",\"isPartOf\":{\"@id\":\"https:\/\/denizcankizil.tr\/#website\"},\"datePublished\":\"2025-02-18T12:41:32+00:00\",\"breadcrumb\":{\"@id\":\"http:\/\/denizcankizil.tr\/ru\/haberler\/gundem\/avukat-ethem-urcun-son-yolculuguna-ugurlandi\/#breadcrumb\"},\"inLanguage\":\"ru-RU\",\"potentialAction\":[{\"@type\":\"ReadAction\",\"target\":[\"http:\/\/denizcankizil.tr\/ru\/haberler\/gundem\/avukat-ethem-urcun-son-yolculuguna-ugurlandi\/\"]}]},{\"@type\":\"BreadcrumbList\",\"@id\":\"http:\/\/denizcankizil.tr\/ru\/haberler\/gundem\/avukat-ethem-urcun-son-yolculuguna-ugurlandi\/#breadcrumb\",\"itemListElement\":[{\"@type\":\"ListItem\",\"position\":1,\"name\":\"Home\",\"item\":\"https:\/\/denizcankizil.tr\/uk\/\"},{\"@type\":\"ListItem\",\"position\":2,\"name\":\"Avukat Ethem Urcun Son Yolculu\u011funa U\u011furland\u0131\"}]},{\"@type\":\"WebSite\",\"@id\":\"https:\/\/denizcankizil.tr\/#website\",\"url\":\"https:\/\/denizcankizil.tr\/\",\"name\":\"Av. Deniz Can K\u0131z\u0131l\",\"description\":\"Avukat Deniz Can K\u0131z\u0131l Antalya Barosu\",\"publisher\":{\"@id\":\"https:\/\/denizcankizil.tr\/#organization\"},\"potentialAction\":[{\"@type\":\"SearchAction\",\"target\":{\"@type\":\"EntryPoint\",\"urlTemplate\":\"https:\/\/denizcankizil.tr\/?s={search_term_string}\"},\"query-input\":{\"@type\":\"PropertyValueSpecification\",\"valueRequired\":true,\"valueName\":\"search_term_string\"}}],\"inLanguage\":\"ru-RU\"},{\"@type\":\"Organization\",\"@id\":\"https:\/\/denizcankizil.tr\/#organization\",\"name\":\"Av. Deniz Can K\u0131z\u0131l\",\"url\":\"https:\/\/denizcankizil.tr\/\",\"logo\":{\"@type\":\"ImageObject\",\"inLanguage\":\"ru-RU\",\"@id\":\"https:\/\/denizcankizil.tr\/#\/schema\/logo\/image\/\",\"url\":\"http:\/\/denizcankizil.tr\/wp-content\/uploads\/2024\/10\/siyah-logo-svg.svg\",\"contentUrl\":\"http:\/\/denizcankizil.tr\/wp-content\/uploads\/2024\/10\/siyah-logo-svg.svg\",\"width\":1080,\"height\":1080,\"caption\":\"Av. Deniz Can K\u0131z\u0131l\"},\"image\":{\"@id\":\"https:\/\/denizcankizil.tr\/#\/schema\/logo\/image\/\"}},{\"@type\":\"Person\",\"@id\":\"https:\/\/denizcankizil.tr\/#\/schema\/person\/be3c05fe6a12686905512445d8185489\",\"name\":\"admin\",\"image\":{\"@type\":\"ImageObject\",\"inLanguage\":\"ru-RU\",\"@id\":\"https:\/\/denizcankizil.tr\/#\/schema\/person\/image\/\",\"url\":\"https:\/\/secure.gravatar.com\/avatar\/c1fce94c830dc79107e174f890d7210541c4a63e8e5d816341794a2151c9d58c?s=96&d=mm&r=g\",\"contentUrl\":\"https:\/\/secure.gravatar.com\/avatar\/c1fce94c830dc79107e174f890d7210541c4a63e8e5d816341794a2151c9d58c?s=96&d=mm&r=g\",\"caption\":\"admin\"},\"sameAs\":[\"http:\/\/denizcankizil.tr\"],\"url\":\"https:\/\/www.iskenderun.org\/avukat-ethem-urcun-son-yolculuguna-ugurlandi\"}]}<\/script>\n<!-- \/ Yoast SEO Premium plugin. -->","yoast_head_json":{"title":"Avukat Ethem Urcun Son Yolculu\u011funa U\u011furland\u0131 - Av. Deniz Can K\u0131z\u0131l","robots":{"index":"index","follow":"follow","max-snippet":"max-snippet:-1","max-image-preview":"max-image-preview:large","max-video-preview":"max-video-preview:-1"},"canonical":"http:\/\/denizcankizil.tr\/ru\/haberler\/gundem\/avukat-ethem-urcun-son-yolculuguna-ugurlandi\/","og_locale":"ru_RU","og_type":"article","og_title":"Avukat Ethem Urcun Son Yolculu\u011funa U\u011furland\u0131","og_description":"Merhum Av. Ethem Urcun\u2019un cenazesi, sabah saatlerinde \u0130skenderun Adalet Saray\u0131\u2019na getirildi. T\u00f6rende, Urcun\u2019un biyografisi okunarak meslek hayat\u0131na dair an\u0131lar payla\u015f\u0131ld\u0131. Meslekta\u015flar\u0131 ve yak\u0131nlar\u0131, ailesine taziyelerini iletti. Okunan dualar\u0131n ard\u0131ndan cenaze, Arsuz Karaa\u011fa\u00e7 \u015earkonak Mahallesi 577 Sok No:14&#8217;te bulunan evine g\u00f6t\u00fcr\u00fclerek burada da helallik al\u0131nd\u0131. Dualar e\u015fli\u011finde Nard\u00fcz\u00fc Mezarl\u0131\u011f\u0131\u2019na getirilen Av. Ethem Urcun, saat 13.30\u2019da sevenlerinin g\u00f6zya\u015flar\u0131 ve dualar\u0131 aras\u0131nda topra\u011fa verildi. Hatay Barosu camias\u0131, Avukatlar Nadir, Adil ve Nevzat Urcun&#8217;un Babalar\u0131 merhum Av. Ethem Urcu\u2019a Allah\u2019tan rahmet, ailesine ve yak\u0131nlar\u0131na ba\u015fsa\u011fl\u0131\u011f\u0131 diledi. \u200bHatay Barosu avukatlar\u0131ndan Av. Ethem Urcun, \u0130skenderun Adliyesi\u2019nde d\u00fczenlenen veda t\u00f6reniyle meslekta\u015flar\u0131 taraf\u0131ndan son yolculu\u011funa u\u011furland\u0131.\u00a0 \u200bHaberin Al\u0131nt\u0131land\u0131\u011f\u0131 Kaynak: www.iskenderun.org","og_url":"http:\/\/denizcankizil.tr\/ru\/haberler\/gundem\/avukat-ethem-urcun-son-yolculuguna-ugurlandi\/","og_site_name":"Av. Deniz Can K\u0131z\u0131l","article_published_time":"2025-02-18T12:41:32+00:00","author":"admin","twitter_card":"summary_large_image","twitter_misc":{"\u041d\u0430\u043f\u0438\u0441\u0430\u043d\u043e \u0430\u0432\u0442\u043e\u0440\u043e\u043c":"admin","\u041f\u0440\u0438\u043c\u0435\u0440\u043d\u043e\u0435 \u0432\u0440\u0435\u043c\u044f \u0434\u043b\u044f \u0447\u0442\u0435\u043d\u0438\u044f":"1 \u043c\u0438\u043d\u0443\u0442\u0430"},"schema":{"@context":"https:\/\/schema.org","@graph":[{"@type":"Article","@id":"http:\/\/denizcankizil.tr\/ru\/haberler\/gundem\/avukat-ethem-urcun-son-yolculuguna-ugurlandi\/#article","isPartOf":{"@id":"http:\/\/denizcankizil.tr\/ru\/haberler\/gundem\/avukat-ethem-urcun-son-yolculuguna-ugurlandi\/"},"author":{"name":"admin","@id":"https:\/\/denizcankizil.tr\/#\/schema\/person\/be3c05fe6a12686905512445d8185489"},"headline":"Avukat Ethem Urcun Son Yolculu\u011funa U\u011furland\u0131","datePublished":"2025-02-18T12:41:32+00:00","mainEntityOfPage":{"@id":"http:\/\/denizcankizil.tr\/ru\/haberler\/gundem\/avukat-ethem-urcun-son-yolculuguna-ugurlandi\/"},"wordCount":153,"commentCount":0,"publisher":{"@id":"https:\/\/denizcankizil.tr\/#organization"},"articleSection":["G\u00fcndem"],"inLanguage":"ru-RU","potentialAction":[{"@type":"CommentAction","name":"Comment","target":["http:\/\/denizcankizil.tr\/ru\/haberler\/gundem\/avukat-ethem-urcun-son-yolculuguna-ugurlandi\/#respond"]}]},{"@type":"WebPage","@id":"http:\/\/denizcankizil.tr\/ru\/haberler\/gundem\/avukat-ethem-urcun-son-yolculuguna-ugurlandi\/","url":"http:\/\/denizcankizil.tr\/ru\/haberler\/gundem\/avukat-ethem-urcun-son-yolculuguna-ugurlandi\/","name":"Avukat Ethem Urcun Son Yolculu\u011funa U\u011furland\u0131 - Av. Deniz Can K\u0131z\u0131l","isPartOf":{"@id":"https:\/\/denizcankizil.tr\/#website"},"datePublished":"2025-02-18T12:41:32+00:00","breadcrumb":{"@id":"http:\/\/denizcankizil.tr\/ru\/haberler\/gundem\/avukat-ethem-urcun-son-yolculuguna-ugurlandi\/#breadcrumb"},"inLanguage":"ru-RU","potentialAction":[{"@type":"ReadAction","target":["http:\/\/denizcankizil.tr\/ru\/haberler\/gundem\/avukat-ethem-urcun-son-yolculuguna-ugurlandi\/"]}]},{"@type":"BreadcrumbList","@id":"http:\/\/denizcankizil.tr\/ru\/haberler\/gundem\/avukat-ethem-urcun-son-yolculuguna-ugurlandi\/#breadcrumb","itemListElement":[{"@type":"ListItem","position":1,"name":"Home","item":"https:\/\/denizcankizil.tr\/uk\/"},{"@type":"ListItem","position":2,"name":"Avukat Ethem Urcun Son Yolculu\u011funa U\u011furland\u0131"}]},{"@type":"WebSite","@id":"https:\/\/denizcankizil.tr\/#website","url":"https:\/\/denizcankizil.tr\/","name":"Av. Deniz Can K\u0131z\u0131l","description":"Avukat Deniz Can K\u0131z\u0131l Antalya Barosu","publisher":{"@id":"https:\/\/denizcankizil.tr\/#organization"},"potentialAction":[{"@type":"SearchAction","target":{"@type":"EntryPoint","urlTemplate":"https:\/\/denizcankizil.tr\/?s={search_term_string}"},"query-input":{"@type":"PropertyValueSpecification","valueRequired":true,"valueName":"search_term_string"}}],"inLanguage":"ru-RU"},{"@type":"Organization","@id":"https:\/\/denizcankizil.tr\/#organization","name":"Av. Deniz Can K\u0131z\u0131l","url":"https:\/\/denizcankizil.tr\/","logo":{"@type":"ImageObject","inLanguage":"ru-RU","@id":"https:\/\/denizcankizil.tr\/#\/schema\/logo\/image\/","url":"http:\/\/denizcankizil.tr\/wp-content\/uploads\/2024\/10\/siyah-logo-svg.svg","contentUrl":"http:\/\/denizcankizil.tr\/wp-content\/uploads\/2024\/10\/siyah-logo-svg.svg","width":1080,"height":1080,"caption":"Av. Deniz Can K\u0131z\u0131l"},"image":{"@id":"https:\/\/denizcankizil.tr\/#\/schema\/logo\/image\/"}},{"@type":"Person","@id":"https:\/\/denizcankizil.tr\/#\/schema\/person\/be3c05fe6a12686905512445d8185489","name":"\u0430\u0434\u043c\u0438\u043d","image":{"@type":"ImageObject","inLanguage":"ru-RU","@id":"https:\/\/denizcankizil.tr\/#\/schema\/person\/image\/","url":"https:\/\/secure.gravatar.com\/avatar\/c1fce94c830dc79107e174f890d7210541c4a63e8e5d816341794a2151c9d58c?s=96&d=mm&r=g","contentUrl":"https:\/\/secure.gravatar.com\/avatar\/c1fce94c830dc79107e174f890d7210541c4a63e8e5d816341794a2151c9d58c?s=96&d=mm&r=g","caption":"admin"},"sameAs":["http:\/\/denizcankizil.tr"],"url":"https:\/\/www.iskenderun.org\/avukat-ethem-urcun-son-yolculuguna-ugurlandi"}]}},"_links":{"self":[{"href":"http:\/\/denizcankizil.tr\/ru\/wp-json\/wp\/v2\/posts\/33378","targetHints":{"allow":["GET"]}}],"collection":[{"href":"http:\/\/denizcankizil.tr\/ru\/wp-json\/wp\/v2\/posts"}],"about":[{"href":"http:\/\/denizcankizil.tr\/ru\/wp-json\/wp\/v2\/types\/post"}],"author":[{"embeddable":true,"href":"http:\/\/denizcankizil.tr\/ru\/wp-json\/wp\/v2\/users\/1"}],"replies":[{"embeddable":true,"href":"http:\/\/denizcankizil.tr\/ru\/wp-json\/wp\/v2\/comments?post=33378"}],"version-history":[{"count":0,"href":"http:\/\/denizcankizil.tr\/ru\/wp-json\/wp\/v2\/posts\/33378\/revisions"}],"wp:attachment":[{"href":"http:\/\/denizcankizil.tr\/ru\/wp-json\/wp\/v2\/media?parent=33378"}],"wp:term":[{"taxonomy":"category","embeddable":true,"href":"http:\/\/denizcankizil.tr\/ru\/wp-json\/wp\/v2\/categories?post=33378"},{"taxonomy":"post_tag","embeddable":true,"href":"http:\/\/denizcankizil.tr\/ru\/wp-json\/wp\/v2\/tags?post=33378"}],"curies":[{"name":"wp","href":"https:\/\/api.w.org\/{rel}","templated":true}]}}