{"id":32004,"date":"2025-02-11T14:41:50","date_gmt":"2025-02-11T11:41:50","guid":{"rendered":"https:\/\/denizcankizil.tr\/uncategorized-tr\/aliagali-karateciler-basarilarina-yenisini-ekledi\/"},"modified":"2025-02-11T14:41:50","modified_gmt":"2025-02-11T11:41:50","slug":"aliagali-karateciler-basarilarina-yenisini-ekledi","status":"publish","type":"post","link":"http:\/\/denizcankizil.tr\/ru\/haberler\/gundem\/aliagali-karateciler-basarilarina-yenisini-ekledi\/","title":{"rendered":"Alia\u011fal\u0131 Karateciler Ba\u015far\u0131lar\u0131na Yenisini Ekledi"},"content":{"rendered":"<p>Alia\u011fa Belediyesi Spor Okullar\u0131\u2019nda e\u011fitim g\u00f6ren karate \u00f6\u011frencileri, 2. Etap Ege Ligi \u0130ller Aras\u0131 Karate \u015eampiyonas\u0131\u2019nda elde ettikleri birincilik ve ikincilik madalyalar\u0131 ile b\u00fcy\u00fck bir ba\u015far\u0131ya imza att\u0131.<\/p>\n<p>\u200bAlia\u011fa Belediyesi Spor Okullar\u0131\u2019nda e\u011fitim g\u00f6ren karate \u00f6\u011frencileri, 2. Etap Ege Ligi \u0130ller Aras\u0131 Karate \u015eampiyonas\u0131\u2019nda elde ettikleri birincilik ve ikincilik madalyalar\u0131 ile b\u00fcy\u00fck bir ba\u015far\u0131ya imza att\u0131.\u00a0<\/p>\n<p>\u200bHaberin Al\u0131nt\u0131land\u0131\u011f\u0131 Kaynak: www.iskenderun.org<\/p>","protected":false},"excerpt":{"rendered":"<p>Alia\u011fa Belediyesi Spor Okullar\u0131\u2019nda e\u011fitim g\u00f6ren karate \u00f6\u011frencileri, 2. Etap Ege Ligi \u0130ller Aras\u0131 Karate \u015eampiyonas\u0131\u2019nda elde ettikleri birincilik ve ikincilik madalyalar\u0131 ile b\u00fcy\u00fck bir ba\u015far\u0131ya imza att\u0131. \u200bAlia\u011fa Belediyesi Spor Okullar\u0131\u2019nda e\u011fitim g\u00f6ren karate \u00f6\u011frencileri, 2. Etap Ege Ligi \u0130ller Aras\u0131 Karate \u015eampiyonas\u0131\u2019nda elde ettikleri birincilik ve ikincilik madalyalar\u0131 ile b\u00fcy\u00fck bir ba\u015far\u0131ya imza att\u0131.\u00a0 \u200bHaberin Al\u0131nt\u0131land\u0131\u011f\u0131 Kaynak: www.iskenderun.org<\/p>","protected":false},"author":1,"featured_media":0,"comment_status":"open","ping_status":"open","sticky":false,"template":"","format":"standard","meta":{"_acf_changed":false,"footnotes":""},"categories":[24],"tags":[],"class_list":["post-32004","post","type-post","status-publish","format-standard","has-post-thumbnail","hentry","category-gundem"],"acf":[],"yoast_head":"<!-- This site is optimized with the Yoast SEO Premium plugin v26.6 (Yoast SEO v27.1.1) - https:\/\/yoast.com\/product\/yoast-seo-premium-wordpress\/ -->\n<title>Alia\u011fal\u0131 Karateciler Ba\u015far\u0131lar\u0131na Yenisini Ekledi - Av. Deniz Can K\u0131z\u0131l<\/title>\n<meta name=\"robots\" content=\"index, follow, max-snippet:-1, max-image-preview:large, max-video-preview:-1\" \/>\n<link rel=\"canonical\" href=\"http:\/\/denizcankizil.tr\/ru\/haberler\/gundem\/aliagali-karateciler-basarilarina-yenisini-ekledi\/\" \/>\n<meta property=\"og:locale\" content=\"ru_RU\" \/>\n<meta property=\"og:type\" content=\"article\" \/>\n<meta property=\"og:title\" content=\"Alia\u011fal\u0131 Karateciler Ba\u015far\u0131lar\u0131na Yenisini Ekledi\" \/>\n<meta property=\"og:description\" content=\"Alia\u011fa Belediyesi Spor Okullar\u0131\u2019nda e\u011fitim g\u00f6ren karate \u00f6\u011frencileri, 2. Etap Ege Ligi \u0130ller Aras\u0131 Karate \u015eampiyonas\u0131\u2019nda elde ettikleri birincilik ve ikincilik madalyalar\u0131 ile b\u00fcy\u00fck bir ba\u015far\u0131ya imza att\u0131. \u200bAlia\u011fa Belediyesi Spor Okullar\u0131\u2019nda e\u011fitim g\u00f6ren karate \u00f6\u011frencileri, 2. Etap Ege Ligi \u0130ller Aras\u0131 Karate \u015eampiyonas\u0131\u2019nda elde ettikleri birincilik ve ikincilik madalyalar\u0131 ile b\u00fcy\u00fck bir ba\u015far\u0131ya imza att\u0131.\u00a0 \u200bHaberin Al\u0131nt\u0131land\u0131\u011f\u0131 Kaynak: www.iskenderun.org\" \/>\n<meta property=\"og:url\" content=\"http:\/\/denizcankizil.tr\/ru\/haberler\/gundem\/aliagali-karateciler-basarilarina-yenisini-ekledi\/\" \/>\n<meta property=\"og:site_name\" content=\"Av. Deniz Can K\u0131z\u0131l\" \/>\n<meta property=\"article:published_time\" content=\"2025-02-11T11:41:50+00:00\" \/>\n<meta name=\"author\" content=\"admin\" \/>\n<meta name=\"twitter:card\" content=\"summary_large_image\" \/>\n<meta name=\"twitter:label1\" content=\"\u041d\u0430\u043f\u0438\u0441\u0430\u043d\u043e \u0430\u0432\u0442\u043e\u0440\u043e\u043c\" \/>\n\t<meta name=\"twitter:data1\" content=\"admin\" \/>\n<script type=\"application\/ld+json\" class=\"yoast-schema-graph\">{\"@context\":\"https:\/\/schema.org\",\"@graph\":[{\"@type\":\"Article\",\"@id\":\"http:\/\/denizcankizil.tr\/ru\/haberler\/gundem\/aliagali-karateciler-basarilarina-yenisini-ekledi\/#article\",\"isPartOf\":{\"@id\":\"http:\/\/denizcankizil.tr\/ru\/haberler\/gundem\/aliagali-karateciler-basarilarina-yenisini-ekledi\/\"},\"author\":{\"name\":\"admin\",\"@id\":\"https:\/\/denizcankizil.tr\/de\/#\/schema\/person\/be3c05fe6a12686905512445d8185489\"},\"headline\":\"Alia\u011fal\u0131 Karateciler Ba\u015far\u0131lar\u0131na Yenisini Ekledi\",\"datePublished\":\"2025-02-11T11:41:50+00:00\",\"mainEntityOfPage\":{\"@id\":\"http:\/\/denizcankizil.tr\/ru\/haberler\/gundem\/aliagali-karateciler-basarilarina-yenisini-ekledi\/\"},\"wordCount\":89,\"commentCount\":0,\"publisher\":{\"@id\":\"https:\/\/denizcankizil.tr\/de\/#organization\"},\"articleSection\":[\"G\u00fcndem\"],\"inLanguage\":\"ru-RU\",\"potentialAction\":[{\"@type\":\"CommentAction\",\"name\":\"Comment\",\"target\":[\"http:\/\/denizcankizil.tr\/ru\/haberler\/gundem\/aliagali-karateciler-basarilarina-yenisini-ekledi\/#respond\"]}]},{\"@type\":\"WebPage\",\"@id\":\"http:\/\/denizcankizil.tr\/ru\/haberler\/gundem\/aliagali-karateciler-basarilarina-yenisini-ekledi\/\",\"url\":\"http:\/\/denizcankizil.tr\/ru\/haberler\/gundem\/aliagali-karateciler-basarilarina-yenisini-ekledi\/\",\"name\":\"Alia\u011fal\u0131 Karateciler Ba\u015far\u0131lar\u0131na Yenisini Ekledi - Av. Deniz Can K\u0131z\u0131l\",\"isPartOf\":{\"@id\":\"https:\/\/denizcankizil.tr\/de\/#website\"},\"datePublished\":\"2025-02-11T11:41:50+00:00\",\"breadcrumb\":{\"@id\":\"http:\/\/denizcankizil.tr\/ru\/haberler\/gundem\/aliagali-karateciler-basarilarina-yenisini-ekledi\/#breadcrumb\"},\"inLanguage\":\"ru-RU\",\"potentialAction\":[{\"@type\":\"ReadAction\",\"target\":[\"http:\/\/denizcankizil.tr\/ru\/haberler\/gundem\/aliagali-karateciler-basarilarina-yenisini-ekledi\/\"]}]},{\"@type\":\"BreadcrumbList\",\"@id\":\"http:\/\/denizcankizil.tr\/ru\/haberler\/gundem\/aliagali-karateciler-basarilarina-yenisini-ekledi\/#breadcrumb\",\"itemListElement\":[{\"@type\":\"ListItem\",\"position\":1,\"name\":\"Home\",\"item\":\"https:\/\/denizcankizil.tr\/de\/\"},{\"@type\":\"ListItem\",\"position\":2,\"name\":\"Alia\u011fal\u0131 Karateciler Ba\u015far\u0131lar\u0131na Yenisini Ekledi\"}]},{\"@type\":\"WebSite\",\"@id\":\"https:\/\/denizcankizil.tr\/de\/#website\",\"url\":\"https:\/\/denizcankizil.tr\/de\/\",\"name\":\"Av. Deniz Can K\u0131z\u0131l\",\"description\":\"Avukat Deniz Can K\u0131z\u0131l Antalya Barosu\",\"publisher\":{\"@id\":\"https:\/\/denizcankizil.tr\/de\/#organization\"},\"potentialAction\":[{\"@type\":\"SearchAction\",\"target\":{\"@type\":\"EntryPoint\",\"urlTemplate\":\"https:\/\/denizcankizil.tr\/de\/?s={search_term_string}\"},\"query-input\":{\"@type\":\"PropertyValueSpecification\",\"valueRequired\":true,\"valueName\":\"search_term_string\"}}],\"inLanguage\":\"ru-RU\"},{\"@type\":\"Organization\",\"@id\":\"https:\/\/denizcankizil.tr\/de\/#organization\",\"name\":\"Av. Deniz Can K\u0131z\u0131l\",\"url\":\"https:\/\/denizcankizil.tr\/de\/\",\"logo\":{\"@type\":\"ImageObject\",\"inLanguage\":\"ru-RU\",\"@id\":\"https:\/\/denizcankizil.tr\/de\/#\/schema\/logo\/image\/\",\"url\":\"http:\/\/denizcankizil.tr\/wp-content\/uploads\/2024\/10\/siyah-logo-svg.svg\",\"contentUrl\":\"http:\/\/denizcankizil.tr\/wp-content\/uploads\/2024\/10\/siyah-logo-svg.svg\",\"width\":1080,\"height\":1080,\"caption\":\"Av. Deniz Can K\u0131z\u0131l\"},\"image\":{\"@id\":\"https:\/\/denizcankizil.tr\/de\/#\/schema\/logo\/image\/\"}},{\"@type\":\"Person\",\"@id\":\"https:\/\/denizcankizil.tr\/de\/#\/schema\/person\/be3c05fe6a12686905512445d8185489\",\"name\":\"admin\",\"image\":{\"@type\":\"ImageObject\",\"inLanguage\":\"ru-RU\",\"@id\":\"https:\/\/denizcankizil.tr\/de\/#\/schema\/person\/image\/\",\"url\":\"https:\/\/secure.gravatar.com\/avatar\/c1fce94c830dc79107e174f890d7210541c4a63e8e5d816341794a2151c9d58c?s=96&d=mm&r=g\",\"contentUrl\":\"https:\/\/secure.gravatar.com\/avatar\/c1fce94c830dc79107e174f890d7210541c4a63e8e5d816341794a2151c9d58c?s=96&d=mm&r=g\",\"caption\":\"admin\"},\"sameAs\":[\"http:\/\/denizcankizil.tr\"],\"url\":\"https:\/\/www.iskenderun.org\/aliagali-karateciler-basarilarina-yenisini-ekledi\"}]}<\/script>\n<!-- \/ Yoast SEO Premium plugin. -->","yoast_head_json":{"title":"Alia\u011fal\u0131 Karateciler Ba\u015far\u0131lar\u0131na Yenisini Ekledi - Av. Deniz Can K\u0131z\u0131l","robots":{"index":"index","follow":"follow","max-snippet":"max-snippet:-1","max-image-preview":"max-image-preview:large","max-video-preview":"max-video-preview:-1"},"canonical":"http:\/\/denizcankizil.tr\/ru\/haberler\/gundem\/aliagali-karateciler-basarilarina-yenisini-ekledi\/","og_locale":"ru_RU","og_type":"article","og_title":"Alia\u011fal\u0131 Karateciler Ba\u015far\u0131lar\u0131na Yenisini Ekledi","og_description":"Alia\u011fa Belediyesi Spor Okullar\u0131\u2019nda e\u011fitim g\u00f6ren karate \u00f6\u011frencileri, 2. Etap Ege Ligi \u0130ller Aras\u0131 Karate \u015eampiyonas\u0131\u2019nda elde ettikleri birincilik ve ikincilik madalyalar\u0131 ile b\u00fcy\u00fck bir ba\u015far\u0131ya imza att\u0131. \u200bAlia\u011fa Belediyesi Spor Okullar\u0131\u2019nda e\u011fitim g\u00f6ren karate \u00f6\u011frencileri, 2. Etap Ege Ligi \u0130ller Aras\u0131 Karate \u015eampiyonas\u0131\u2019nda elde ettikleri birincilik ve ikincilik madalyalar\u0131 ile b\u00fcy\u00fck bir ba\u015far\u0131ya imza att\u0131.\u00a0 \u200bHaberin Al\u0131nt\u0131land\u0131\u011f\u0131 Kaynak: www.iskenderun.org","og_url":"http:\/\/denizcankizil.tr\/ru\/haberler\/gundem\/aliagali-karateciler-basarilarina-yenisini-ekledi\/","og_site_name":"Av. Deniz Can K\u0131z\u0131l","article_published_time":"2025-02-11T11:41:50+00:00","author":"admin","twitter_card":"summary_large_image","twitter_misc":{"\u041d\u0430\u043f\u0438\u0441\u0430\u043d\u043e \u0430\u0432\u0442\u043e\u0440\u043e\u043c":"admin"},"schema":{"@context":"https:\/\/schema.org","@graph":[{"@type":"Article","@id":"http:\/\/denizcankizil.tr\/ru\/haberler\/gundem\/aliagali-karateciler-basarilarina-yenisini-ekledi\/#article","isPartOf":{"@id":"http:\/\/denizcankizil.tr\/ru\/haberler\/gundem\/aliagali-karateciler-basarilarina-yenisini-ekledi\/"},"author":{"name":"admin","@id":"https:\/\/denizcankizil.tr\/de\/#\/schema\/person\/be3c05fe6a12686905512445d8185489"},"headline":"Alia\u011fal\u0131 Karateciler Ba\u015far\u0131lar\u0131na Yenisini Ekledi","datePublished":"2025-02-11T11:41:50+00:00","mainEntityOfPage":{"@id":"http:\/\/denizcankizil.tr\/ru\/haberler\/gundem\/aliagali-karateciler-basarilarina-yenisini-ekledi\/"},"wordCount":89,"commentCount":0,"publisher":{"@id":"https:\/\/denizcankizil.tr\/de\/#organization"},"articleSection":["G\u00fcndem"],"inLanguage":"ru-RU","potentialAction":[{"@type":"CommentAction","name":"Comment","target":["http:\/\/denizcankizil.tr\/ru\/haberler\/gundem\/aliagali-karateciler-basarilarina-yenisini-ekledi\/#respond"]}]},{"@type":"WebPage","@id":"http:\/\/denizcankizil.tr\/ru\/haberler\/gundem\/aliagali-karateciler-basarilarina-yenisini-ekledi\/","url":"http:\/\/denizcankizil.tr\/ru\/haberler\/gundem\/aliagali-karateciler-basarilarina-yenisini-ekledi\/","name":"Alia\u011fal\u0131 Karateciler Ba\u015far\u0131lar\u0131na Yenisini Ekledi - Av. Deniz Can K\u0131z\u0131l","isPartOf":{"@id":"https:\/\/denizcankizil.tr\/de\/#website"},"datePublished":"2025-02-11T11:41:50+00:00","breadcrumb":{"@id":"http:\/\/denizcankizil.tr\/ru\/haberler\/gundem\/aliagali-karateciler-basarilarina-yenisini-ekledi\/#breadcrumb"},"inLanguage":"ru-RU","potentialAction":[{"@type":"ReadAction","target":["http:\/\/denizcankizil.tr\/ru\/haberler\/gundem\/aliagali-karateciler-basarilarina-yenisini-ekledi\/"]}]},{"@type":"BreadcrumbList","@id":"http:\/\/denizcankizil.tr\/ru\/haberler\/gundem\/aliagali-karateciler-basarilarina-yenisini-ekledi\/#breadcrumb","itemListElement":[{"@type":"ListItem","position":1,"name":"Home","item":"https:\/\/denizcankizil.tr\/de\/"},{"@type":"ListItem","position":2,"name":"Alia\u011fal\u0131 Karateciler Ba\u015far\u0131lar\u0131na Yenisini Ekledi"}]},{"@type":"WebSite","@id":"https:\/\/denizcankizil.tr\/de\/#website","url":"https:\/\/denizcankizil.tr\/de\/","name":"Av. Deniz Can K\u0131z\u0131l","description":"Avukat Deniz Can K\u0131z\u0131l Antalya Barosu","publisher":{"@id":"https:\/\/denizcankizil.tr\/de\/#organization"},"potentialAction":[{"@type":"SearchAction","target":{"@type":"EntryPoint","urlTemplate":"https:\/\/denizcankizil.tr\/de\/?s={search_term_string}"},"query-input":{"@type":"PropertyValueSpecification","valueRequired":true,"valueName":"search_term_string"}}],"inLanguage":"ru-RU"},{"@type":"Organization","@id":"https:\/\/denizcankizil.tr\/de\/#organization","name":"Av. Deniz Can K\u0131z\u0131l","url":"https:\/\/denizcankizil.tr\/de\/","logo":{"@type":"ImageObject","inLanguage":"ru-RU","@id":"https:\/\/denizcankizil.tr\/de\/#\/schema\/logo\/image\/","url":"http:\/\/denizcankizil.tr\/wp-content\/uploads\/2024\/10\/siyah-logo-svg.svg","contentUrl":"http:\/\/denizcankizil.tr\/wp-content\/uploads\/2024\/10\/siyah-logo-svg.svg","width":1080,"height":1080,"caption":"Av. Deniz Can K\u0131z\u0131l"},"image":{"@id":"https:\/\/denizcankizil.tr\/de\/#\/schema\/logo\/image\/"}},{"@type":"Person","@id":"https:\/\/denizcankizil.tr\/de\/#\/schema\/person\/be3c05fe6a12686905512445d8185489","name":"\u0430\u0434\u043c\u0438\u043d","image":{"@type":"ImageObject","inLanguage":"ru-RU","@id":"https:\/\/denizcankizil.tr\/de\/#\/schema\/person\/image\/","url":"https:\/\/secure.gravatar.com\/avatar\/c1fce94c830dc79107e174f890d7210541c4a63e8e5d816341794a2151c9d58c?s=96&d=mm&r=g","contentUrl":"https:\/\/secure.gravatar.com\/avatar\/c1fce94c830dc79107e174f890d7210541c4a63e8e5d816341794a2151c9d58c?s=96&d=mm&r=g","caption":"admin"},"sameAs":["http:\/\/denizcankizil.tr"],"url":"https:\/\/www.iskenderun.org\/aliagali-karateciler-basarilarina-yenisini-ekledi"}]}},"_links":{"self":[{"href":"http:\/\/denizcankizil.tr\/ru\/wp-json\/wp\/v2\/posts\/32004","targetHints":{"allow":["GET"]}}],"collection":[{"href":"http:\/\/denizcankizil.tr\/ru\/wp-json\/wp\/v2\/posts"}],"about":[{"href":"http:\/\/denizcankizil.tr\/ru\/wp-json\/wp\/v2\/types\/post"}],"author":[{"embeddable":true,"href":"http:\/\/denizcankizil.tr\/ru\/wp-json\/wp\/v2\/users\/1"}],"replies":[{"embeddable":true,"href":"http:\/\/denizcankizil.tr\/ru\/wp-json\/wp\/v2\/comments?post=32004"}],"version-history":[{"count":0,"href":"http:\/\/denizcankizil.tr\/ru\/wp-json\/wp\/v2\/posts\/32004\/revisions"}],"wp:attachment":[{"href":"http:\/\/denizcankizil.tr\/ru\/wp-json\/wp\/v2\/media?parent=32004"}],"wp:term":[{"taxonomy":"category","embeddable":true,"href":"http:\/\/denizcankizil.tr\/ru\/wp-json\/wp\/v2\/categories?post=32004"},{"taxonomy":"post_tag","embeddable":true,"href":"http:\/\/denizcankizil.tr\/ru\/wp-json\/wp\/v2\/tags?post=32004"}],"curies":[{"name":"wp","href":"https:\/\/api.w.org\/{rel}","templated":true}]}}