{"id":31988,"date":"2025-02-11T14:41:25","date_gmt":"2025-02-11T11:41:25","guid":{"rendered":"https:\/\/denizcankizil.tr\/uncategorized-tr\/manavgatta-temizlik-personeline-is-sagligi-ve-guvenligi-egitimi\/"},"modified":"2025-02-11T14:41:25","modified_gmt":"2025-02-11T11:41:25","slug":"manavgatta-temizlik-personeline-is-sagligi-ve-guvenligi-egitimi","status":"publish","type":"post","link":"http:\/\/denizcankizil.tr\/ru\/haberler\/antalya\/manavgatta-temizlik-personeline-is-sagligi-ve-guvenligi-egitimi\/","title":{"rendered":"Manavgat&#8217;ta temizlik personeline i\u015f sa\u011fl\u0131\u011f\u0131 ve g\u00fcvenli\u011fi e\u011fitimi"},"content":{"rendered":"<p>Belediye \u0130\u015f Yeri G\u00fcvenlik Uzman\u0131 taraf\u0131ndan, Temizlik \u0130\u015fleri M\u00fcd\u00fcrl\u00fc\u011f\u00fc personeline y\u00f6nelik &#8220;Temel \u0130\u015f Sa\u011fl\u0131\u011f\u0131 ve \u0130\u015f G\u00fcvenli\u011fi E\u011fitimi&#8221; yo\u011fun bir kat\u0131l\u0131mla Atat\u00fcrk K\u00fclt\u00fcr Merkezi\u2019nde ger\u00e7ekle\u015ftirildi. \u00c7al\u0131\u015fanlara, i\u015f yerinde kar\u015f\u0131la\u015fabilecekleri riskler ve al\u0131nmas\u0131 gereken \u00f6nlemler hakk\u0131nda bilgiler verildi. E\u011fitimde, i\u015f kazalar\u0131n\u0131n \u00f6nlenmesi, acil durumlarda yap\u0131lmas\u0131 gerekenler, ki\u015fisel koruyucu ekipman kullan\u0131m\u0131 ve g\u00fcvenli \u00e7al\u0131\u015fma y\u00f6ntemleri gibi konular ele al\u0131nd\u0131. Temizlik personelinin g\u00fcnl\u00fck i\u015flerinde en s\u0131k kar\u015f\u0131la\u015ft\u0131klar\u0131 riskler ve bu risklere kar\u015f\u0131 al\u0131nmas\u0131 gereken \u00f6nlemler \u00fczerinde ise \u00f6zel olarak duruldu.<br \/>\nManavgat Belediyesi, t\u00fcm belediye personeline y\u00f6nelik i\u015f sa\u011fl\u0131\u011f\u0131 ve g\u00fcvenli\u011fi e\u011fitimlerinin s\u00fcrd\u00fcr\u00fclece\u011fini duyurdu.<\/p>\n<p>Kaynak: www.kanalv.com.tr Haber Sitesinden Al\u0131nm\u0131\u015ft\u0131r.<\/p>","protected":false},"excerpt":{"rendered":"<p>Belediye \u0130\u015f Yeri G\u00fcvenlik Uzman\u0131 taraf\u0131ndan, Temizlik \u0130\u015fleri M\u00fcd\u00fcrl\u00fc\u011f\u00fc personeline y\u00f6nelik &#8220;Temel \u0130\u015f Sa\u011fl\u0131\u011f\u0131 ve \u0130\u015f G\u00fcvenli\u011fi E\u011fitimi&#8221; yo\u011fun bir kat\u0131l\u0131mla Atat\u00fcrk K\u00fclt\u00fcr Merkezi\u2019nde ger\u00e7ekle\u015ftirildi. \u00c7al\u0131\u015fanlara, i\u015f yerinde kar\u015f\u0131la\u015fabilecekleri riskler ve al\u0131nmas\u0131 gereken \u00f6nlemler hakk\u0131nda bilgiler verildi. E\u011fitimde, i\u015f kazalar\u0131n\u0131n \u00f6nlenmesi, acil durumlarda yap\u0131lmas\u0131 gerekenler, ki\u015fisel koruyucu ekipman kullan\u0131m\u0131 ve g\u00fcvenli \u00e7al\u0131\u015fma y\u00f6ntemleri gibi konular ele al\u0131nd\u0131. Temizlik personelinin g\u00fcnl\u00fck i\u015flerinde en s\u0131k kar\u015f\u0131la\u015ft\u0131klar\u0131 riskler ve bu risklere kar\u015f\u0131 al\u0131nmas\u0131 gereken \u00f6nlemler \u00fczerinde ise \u00f6zel olarak duruldu. Manavgat Belediyesi, t\u00fcm belediye personeline y\u00f6nelik i\u015f sa\u011fl\u0131\u011f\u0131 ve g\u00fcvenli\u011fi e\u011fitimlerinin s\u00fcrd\u00fcr\u00fclece\u011fini duyurdu. Kaynak: www.kanalv.com.tr Haber Sitesinden Al\u0131nm\u0131\u015ft\u0131r.<\/p>","protected":false},"author":4,"featured_media":31989,"comment_status":"open","ping_status":"open","sticky":false,"template":"","format":"standard","meta":{"_acf_changed":false,"footnotes":""},"categories":[26],"tags":[],"class_list":["post-31988","post","type-post","status-publish","format-standard","has-post-thumbnail","hentry","category-antalya"],"acf":[],"yoast_head":"<!-- This site is optimized with the Yoast SEO Premium plugin v26.6 (Yoast SEO v27.1.1) - https:\/\/yoast.com\/product\/yoast-seo-premium-wordpress\/ -->\n<title>Manavgat&#039;ta temizlik personeline i\u015f sa\u011fl\u0131\u011f\u0131 ve g\u00fcvenli\u011fi e\u011fitimi - Av. Deniz Can K\u0131z\u0131l<\/title>\n<meta name=\"robots\" content=\"index, follow, max-snippet:-1, max-image-preview:large, max-video-preview:-1\" \/>\n<link rel=\"canonical\" href=\"http:\/\/denizcankizil.tr\/ru\/haberler\/antalya\/manavgatta-temizlik-personeline-is-sagligi-ve-guvenligi-egitimi\/\" \/>\n<meta property=\"og:locale\" content=\"ru_RU\" \/>\n<meta property=\"og:type\" content=\"article\" \/>\n<meta property=\"og:title\" content=\"Manavgat&#039;ta temizlik personeline i\u015f sa\u011fl\u0131\u011f\u0131 ve g\u00fcvenli\u011fi e\u011fitimi\" \/>\n<meta property=\"og:description\" content=\"Belediye \u0130\u015f Yeri G\u00fcvenlik Uzman\u0131 taraf\u0131ndan, Temizlik \u0130\u015fleri M\u00fcd\u00fcrl\u00fc\u011f\u00fc personeline y\u00f6nelik &#8220;Temel \u0130\u015f Sa\u011fl\u0131\u011f\u0131 ve \u0130\u015f G\u00fcvenli\u011fi E\u011fitimi&#8221; yo\u011fun bir kat\u0131l\u0131mla Atat\u00fcrk K\u00fclt\u00fcr Merkezi\u2019nde ger\u00e7ekle\u015ftirildi. \u00c7al\u0131\u015fanlara, i\u015f yerinde kar\u015f\u0131la\u015fabilecekleri riskler ve al\u0131nmas\u0131 gereken \u00f6nlemler hakk\u0131nda bilgiler verildi. E\u011fitimde, i\u015f kazalar\u0131n\u0131n \u00f6nlenmesi, acil durumlarda yap\u0131lmas\u0131 gerekenler, ki\u015fisel koruyucu ekipman kullan\u0131m\u0131 ve g\u00fcvenli \u00e7al\u0131\u015fma y\u00f6ntemleri gibi konular ele al\u0131nd\u0131. Temizlik personelinin g\u00fcnl\u00fck i\u015flerinde en s\u0131k kar\u015f\u0131la\u015ft\u0131klar\u0131 riskler ve bu risklere kar\u015f\u0131 al\u0131nmas\u0131 gereken \u00f6nlemler \u00fczerinde ise \u00f6zel olarak duruldu. Manavgat Belediyesi, t\u00fcm belediye personeline y\u00f6nelik i\u015f sa\u011fl\u0131\u011f\u0131 ve g\u00fcvenli\u011fi e\u011fitimlerinin s\u00fcrd\u00fcr\u00fclece\u011fini duyurdu. Kaynak: www.kanalv.com.tr Haber Sitesinden Al\u0131nm\u0131\u015ft\u0131r.\" \/>\n<meta property=\"og:url\" content=\"http:\/\/denizcankizil.tr\/ru\/haberler\/antalya\/manavgatta-temizlik-personeline-is-sagligi-ve-guvenligi-egitimi\/\" \/>\n<meta property=\"og:site_name\" content=\"Av. Deniz Can K\u0131z\u0131l\" \/>\n<meta property=\"article:published_time\" content=\"2025-02-11T11:41:25+00:00\" \/>\n<meta property=\"og:image\" content=\"http:\/\/denizcankizil.tr\/wp-content\/uploads\/2025\/02\/4574-01-7JUCdj.jpeg\" \/>\n\t<meta property=\"og:image:width\" content=\"1280\" \/>\n\t<meta property=\"og:image:height\" content=\"720\" \/>\n\t<meta property=\"og:image:type\" content=\"image\/jpeg\" \/>\n<meta name=\"author\" content=\"Av. Deniz Can K\u0131z\u0131l\" \/>\n<meta name=\"twitter:card\" content=\"summary_large_image\" \/>\n<meta name=\"twitter:label1\" content=\"\u041d\u0430\u043f\u0438\u0441\u0430\u043d\u043e \u0430\u0432\u0442\u043e\u0440\u043e\u043c\" \/>\n\t<meta name=\"twitter:data1\" content=\"Av. Deniz Can K\u0131z\u0131l\" \/>\n\t<meta name=\"twitter:label2\" content=\"\u041f\u0440\u0438\u043c\u0435\u0440\u043d\u043e\u0435 \u0432\u0440\u0435\u043c\u044f \u0434\u043b\u044f \u0447\u0442\u0435\u043d\u0438\u044f\" \/>\n\t<meta name=\"twitter:data2\" content=\"1 \u043c\u0438\u043d\u0443\u0442\u0430\" \/>\n<script type=\"application\/ld+json\" class=\"yoast-schema-graph\">{\"@context\":\"https:\/\/schema.org\",\"@graph\":[{\"@type\":\"Article\",\"@id\":\"http:\/\/denizcankizil.tr\/ru\/haberler\/antalya\/manavgatta-temizlik-personeline-is-sagligi-ve-guvenligi-egitimi\/#article\",\"isPartOf\":{\"@id\":\"http:\/\/denizcankizil.tr\/ru\/haberler\/antalya\/manavgatta-temizlik-personeline-is-sagligi-ve-guvenligi-egitimi\/\"},\"author\":{\"name\":\"Av. Deniz Can K\u0131z\u0131l\",\"@id\":\"https:\/\/denizcankizil.tr\/de\/#\/schema\/person\/5dc1b22991bd7ac833867c10afc9b0ff\"},\"headline\":\"Manavgat&#8217;ta temizlik personeline i\u015f sa\u011fl\u0131\u011f\u0131 ve g\u00fcvenli\u011fi e\u011fitimi\",\"datePublished\":\"2025-02-11T11:41:25+00:00\",\"mainEntityOfPage\":{\"@id\":\"http:\/\/denizcankizil.tr\/ru\/haberler\/antalya\/manavgatta-temizlik-personeline-is-sagligi-ve-guvenligi-egitimi\/\"},\"wordCount\":162,\"commentCount\":0,\"publisher\":{\"@id\":\"https:\/\/denizcankizil.tr\/de\/#organization\"},\"image\":{\"@id\":\"http:\/\/denizcankizil.tr\/ru\/haberler\/antalya\/manavgatta-temizlik-personeline-is-sagligi-ve-guvenligi-egitimi\/#primaryimage\"},\"thumbnailUrl\":\"http:\/\/denizcankizil.tr\/wp-content\/uploads\/2025\/02\/4574-01-7JUCdj.jpeg\",\"articleSection\":[\"Antalya\"],\"inLanguage\":\"ru-RU\",\"potentialAction\":[{\"@type\":\"CommentAction\",\"name\":\"Comment\",\"target\":[\"http:\/\/denizcankizil.tr\/ru\/haberler\/antalya\/manavgatta-temizlik-personeline-is-sagligi-ve-guvenligi-egitimi\/#respond\"]}]},{\"@type\":\"WebPage\",\"@id\":\"http:\/\/denizcankizil.tr\/ru\/haberler\/antalya\/manavgatta-temizlik-personeline-is-sagligi-ve-guvenligi-egitimi\/\",\"url\":\"http:\/\/denizcankizil.tr\/ru\/haberler\/antalya\/manavgatta-temizlik-personeline-is-sagligi-ve-guvenligi-egitimi\/\",\"name\":\"Manavgat'ta temizlik personeline i\u015f sa\u011fl\u0131\u011f\u0131 ve g\u00fcvenli\u011fi e\u011fitimi - Av. Deniz Can K\u0131z\u0131l\",\"isPartOf\":{\"@id\":\"https:\/\/denizcankizil.tr\/de\/#website\"},\"primaryImageOfPage\":{\"@id\":\"http:\/\/denizcankizil.tr\/ru\/haberler\/antalya\/manavgatta-temizlik-personeline-is-sagligi-ve-guvenligi-egitimi\/#primaryimage\"},\"image\":{\"@id\":\"http:\/\/denizcankizil.tr\/ru\/haberler\/antalya\/manavgatta-temizlik-personeline-is-sagligi-ve-guvenligi-egitimi\/#primaryimage\"},\"thumbnailUrl\":\"http:\/\/denizcankizil.tr\/wp-content\/uploads\/2025\/02\/4574-01-7JUCdj.jpeg\",\"datePublished\":\"2025-02-11T11:41:25+00:00\",\"breadcrumb\":{\"@id\":\"http:\/\/denizcankizil.tr\/ru\/haberler\/antalya\/manavgatta-temizlik-personeline-is-sagligi-ve-guvenligi-egitimi\/#breadcrumb\"},\"inLanguage\":\"ru-RU\",\"potentialAction\":[{\"@type\":\"ReadAction\",\"target\":[\"http:\/\/denizcankizil.tr\/ru\/haberler\/antalya\/manavgatta-temizlik-personeline-is-sagligi-ve-guvenligi-egitimi\/\"]}]},{\"@type\":\"ImageObject\",\"inLanguage\":\"ru-RU\",\"@id\":\"http:\/\/denizcankizil.tr\/ru\/haberler\/antalya\/manavgatta-temizlik-personeline-is-sagligi-ve-guvenligi-egitimi\/#primaryimage\",\"url\":\"http:\/\/denizcankizil.tr\/wp-content\/uploads\/2025\/02\/4574-01-7JUCdj.jpeg\",\"contentUrl\":\"http:\/\/denizcankizil.tr\/wp-content\/uploads\/2025\/02\/4574-01-7JUCdj.jpeg\",\"width\":1280,\"height\":720},{\"@type\":\"BreadcrumbList\",\"@id\":\"http:\/\/denizcankizil.tr\/ru\/haberler\/antalya\/manavgatta-temizlik-personeline-is-sagligi-ve-guvenligi-egitimi\/#breadcrumb\",\"itemListElement\":[{\"@type\":\"ListItem\",\"position\":1,\"name\":\"Home\",\"item\":\"https:\/\/denizcankizil.tr\/de\/\"},{\"@type\":\"ListItem\",\"position\":2,\"name\":\"Manavgat&#8217;ta temizlik personeline i\u015f sa\u011fl\u0131\u011f\u0131 ve g\u00fcvenli\u011fi e\u011fitimi\"}]},{\"@type\":\"WebSite\",\"@id\":\"https:\/\/denizcankizil.tr\/de\/#website\",\"url\":\"https:\/\/denizcankizil.tr\/de\/\",\"name\":\"Av. Deniz Can K\u0131z\u0131l\",\"description\":\"Avukat Deniz Can K\u0131z\u0131l Antalya Barosu\",\"publisher\":{\"@id\":\"https:\/\/denizcankizil.tr\/de\/#organization\"},\"potentialAction\":[{\"@type\":\"SearchAction\",\"target\":{\"@type\":\"EntryPoint\",\"urlTemplate\":\"https:\/\/denizcankizil.tr\/de\/?s={search_term_string}\"},\"query-input\":{\"@type\":\"PropertyValueSpecification\",\"valueRequired\":true,\"valueName\":\"search_term_string\"}}],\"inLanguage\":\"ru-RU\"},{\"@type\":\"Organization\",\"@id\":\"https:\/\/denizcankizil.tr\/de\/#organization\",\"name\":\"Av. Deniz Can K\u0131z\u0131l\",\"url\":\"https:\/\/denizcankizil.tr\/de\/\",\"logo\":{\"@type\":\"ImageObject\",\"inLanguage\":\"ru-RU\",\"@id\":\"https:\/\/denizcankizil.tr\/de\/#\/schema\/logo\/image\/\",\"url\":\"http:\/\/denizcankizil.tr\/wp-content\/uploads\/2024\/10\/siyah-logo-svg.svg\",\"contentUrl\":\"http:\/\/denizcankizil.tr\/wp-content\/uploads\/2024\/10\/siyah-logo-svg.svg\",\"width\":1080,\"height\":1080,\"caption\":\"Av. Deniz Can K\u0131z\u0131l\"},\"image\":{\"@id\":\"https:\/\/denizcankizil.tr\/de\/#\/schema\/logo\/image\/\"}},{\"@type\":\"Person\",\"@id\":\"https:\/\/denizcankizil.tr\/de\/#\/schema\/person\/5dc1b22991bd7ac833867c10afc9b0ff\",\"name\":\"Av. Deniz Can K\u0131z\u0131l\",\"image\":{\"@type\":\"ImageObject\",\"inLanguage\":\"ru-RU\",\"@id\":\"https:\/\/denizcankizil.tr\/de\/#\/schema\/person\/image\/\",\"url\":\"https:\/\/secure.gravatar.com\/avatar\/a0b128fb9855c79efc976d5640eedb31dc35ec297594d6016d2cf7c60e975bb6?s=96&d=mm&r=g\",\"contentUrl\":\"https:\/\/secure.gravatar.com\/avatar\/a0b128fb9855c79efc976d5640eedb31dc35ec297594d6016d2cf7c60e975bb6?s=96&d=mm&r=g\",\"caption\":\"Av. Deniz Can K\u0131z\u0131l\"},\"sameAs\":[\"http:\/\/www.denizcankizil.tr\"],\"url\":\"http:\/\/denizcankizil.tr\/ru\/author\/denizcankizil\/\"}]}<\/script>\n<!-- \/ Yoast SEO Premium plugin. -->","yoast_head_json":{"title":"Manavgat'ta temizlik personeline i\u015f sa\u011fl\u0131\u011f\u0131 ve g\u00fcvenli\u011fi e\u011fitimi - Av. Deniz Can K\u0131z\u0131l","robots":{"index":"index","follow":"follow","max-snippet":"max-snippet:-1","max-image-preview":"max-image-preview:large","max-video-preview":"max-video-preview:-1"},"canonical":"http:\/\/denizcankizil.tr\/ru\/haberler\/antalya\/manavgatta-temizlik-personeline-is-sagligi-ve-guvenligi-egitimi\/","og_locale":"ru_RU","og_type":"article","og_title":"Manavgat'ta temizlik personeline i\u015f sa\u011fl\u0131\u011f\u0131 ve g\u00fcvenli\u011fi e\u011fitimi","og_description":"Belediye \u0130\u015f Yeri G\u00fcvenlik Uzman\u0131 taraf\u0131ndan, Temizlik \u0130\u015fleri M\u00fcd\u00fcrl\u00fc\u011f\u00fc personeline y\u00f6nelik &#8220;Temel \u0130\u015f Sa\u011fl\u0131\u011f\u0131 ve \u0130\u015f G\u00fcvenli\u011fi E\u011fitimi&#8221; yo\u011fun bir kat\u0131l\u0131mla Atat\u00fcrk K\u00fclt\u00fcr Merkezi\u2019nde ger\u00e7ekle\u015ftirildi. \u00c7al\u0131\u015fanlara, i\u015f yerinde kar\u015f\u0131la\u015fabilecekleri riskler ve al\u0131nmas\u0131 gereken \u00f6nlemler hakk\u0131nda bilgiler verildi. E\u011fitimde, i\u015f kazalar\u0131n\u0131n \u00f6nlenmesi, acil durumlarda yap\u0131lmas\u0131 gerekenler, ki\u015fisel koruyucu ekipman kullan\u0131m\u0131 ve g\u00fcvenli \u00e7al\u0131\u015fma y\u00f6ntemleri gibi konular ele al\u0131nd\u0131. Temizlik personelinin g\u00fcnl\u00fck i\u015flerinde en s\u0131k kar\u015f\u0131la\u015ft\u0131klar\u0131 riskler ve bu risklere kar\u015f\u0131 al\u0131nmas\u0131 gereken \u00f6nlemler \u00fczerinde ise \u00f6zel olarak duruldu. Manavgat Belediyesi, t\u00fcm belediye personeline y\u00f6nelik i\u015f sa\u011fl\u0131\u011f\u0131 ve g\u00fcvenli\u011fi e\u011fitimlerinin s\u00fcrd\u00fcr\u00fclece\u011fini duyurdu. Kaynak: www.kanalv.com.tr Haber Sitesinden Al\u0131nm\u0131\u015ft\u0131r.","og_url":"http:\/\/denizcankizil.tr\/ru\/haberler\/antalya\/manavgatta-temizlik-personeline-is-sagligi-ve-guvenligi-egitimi\/","og_site_name":"Av. Deniz Can K\u0131z\u0131l","article_published_time":"2025-02-11T11:41:25+00:00","og_image":[{"width":1280,"height":720,"url":"http:\/\/denizcankizil.tr\/wp-content\/uploads\/2025\/02\/4574-01-7JUCdj.jpeg","type":"image\/jpeg"}],"author":"Av. Deniz Can K\u0131z\u0131l","twitter_card":"summary_large_image","twitter_misc":{"\u041d\u0430\u043f\u0438\u0441\u0430\u043d\u043e \u0430\u0432\u0442\u043e\u0440\u043e\u043c":"Av. Deniz Can K\u0131z\u0131l","\u041f\u0440\u0438\u043c\u0435\u0440\u043d\u043e\u0435 \u0432\u0440\u0435\u043c\u044f \u0434\u043b\u044f \u0447\u0442\u0435\u043d\u0438\u044f":"1 \u043c\u0438\u043d\u0443\u0442\u0430"},"schema":{"@context":"https:\/\/schema.org","@graph":[{"@type":"Article","@id":"http:\/\/denizcankizil.tr\/ru\/haberler\/antalya\/manavgatta-temizlik-personeline-is-sagligi-ve-guvenligi-egitimi\/#article","isPartOf":{"@id":"http:\/\/denizcankizil.tr\/ru\/haberler\/antalya\/manavgatta-temizlik-personeline-is-sagligi-ve-guvenligi-egitimi\/"},"author":{"name":"Av. Deniz Can K\u0131z\u0131l","@id":"https:\/\/denizcankizil.tr\/de\/#\/schema\/person\/5dc1b22991bd7ac833867c10afc9b0ff"},"headline":"Manavgat&#8217;ta temizlik personeline i\u015f sa\u011fl\u0131\u011f\u0131 ve g\u00fcvenli\u011fi e\u011fitimi","datePublished":"2025-02-11T11:41:25+00:00","mainEntityOfPage":{"@id":"http:\/\/denizcankizil.tr\/ru\/haberler\/antalya\/manavgatta-temizlik-personeline-is-sagligi-ve-guvenligi-egitimi\/"},"wordCount":162,"commentCount":0,"publisher":{"@id":"https:\/\/denizcankizil.tr\/de\/#organization"},"image":{"@id":"http:\/\/denizcankizil.tr\/ru\/haberler\/antalya\/manavgatta-temizlik-personeline-is-sagligi-ve-guvenligi-egitimi\/#primaryimage"},"thumbnailUrl":"http:\/\/denizcankizil.tr\/wp-content\/uploads\/2025\/02\/4574-01-7JUCdj.jpeg","articleSection":["Antalya"],"inLanguage":"ru-RU","potentialAction":[{"@type":"CommentAction","name":"Comment","target":["http:\/\/denizcankizil.tr\/ru\/haberler\/antalya\/manavgatta-temizlik-personeline-is-sagligi-ve-guvenligi-egitimi\/#respond"]}]},{"@type":"WebPage","@id":"http:\/\/denizcankizil.tr\/ru\/haberler\/antalya\/manavgatta-temizlik-personeline-is-sagligi-ve-guvenligi-egitimi\/","url":"http:\/\/denizcankizil.tr\/ru\/haberler\/antalya\/manavgatta-temizlik-personeline-is-sagligi-ve-guvenligi-egitimi\/","name":"Manavgat'ta temizlik personeline i\u015f sa\u011fl\u0131\u011f\u0131 ve g\u00fcvenli\u011fi e\u011fitimi - Av. Deniz Can K\u0131z\u0131l","isPartOf":{"@id":"https:\/\/denizcankizil.tr\/de\/#website"},"primaryImageOfPage":{"@id":"http:\/\/denizcankizil.tr\/ru\/haberler\/antalya\/manavgatta-temizlik-personeline-is-sagligi-ve-guvenligi-egitimi\/#primaryimage"},"image":{"@id":"http:\/\/denizcankizil.tr\/ru\/haberler\/antalya\/manavgatta-temizlik-personeline-is-sagligi-ve-guvenligi-egitimi\/#primaryimage"},"thumbnailUrl":"http:\/\/denizcankizil.tr\/wp-content\/uploads\/2025\/02\/4574-01-7JUCdj.jpeg","datePublished":"2025-02-11T11:41:25+00:00","breadcrumb":{"@id":"http:\/\/denizcankizil.tr\/ru\/haberler\/antalya\/manavgatta-temizlik-personeline-is-sagligi-ve-guvenligi-egitimi\/#breadcrumb"},"inLanguage":"ru-RU","potentialAction":[{"@type":"ReadAction","target":["http:\/\/denizcankizil.tr\/ru\/haberler\/antalya\/manavgatta-temizlik-personeline-is-sagligi-ve-guvenligi-egitimi\/"]}]},{"@type":"ImageObject","inLanguage":"ru-RU","@id":"http:\/\/denizcankizil.tr\/ru\/haberler\/antalya\/manavgatta-temizlik-personeline-is-sagligi-ve-guvenligi-egitimi\/#primaryimage","url":"http:\/\/denizcankizil.tr\/wp-content\/uploads\/2025\/02\/4574-01-7JUCdj.jpeg","contentUrl":"http:\/\/denizcankizil.tr\/wp-content\/uploads\/2025\/02\/4574-01-7JUCdj.jpeg","width":1280,"height":720},{"@type":"BreadcrumbList","@id":"http:\/\/denizcankizil.tr\/ru\/haberler\/antalya\/manavgatta-temizlik-personeline-is-sagligi-ve-guvenligi-egitimi\/#breadcrumb","itemListElement":[{"@type":"ListItem","position":1,"name":"Home","item":"https:\/\/denizcankizil.tr\/de\/"},{"@type":"ListItem","position":2,"name":"Manavgat&#8217;ta temizlik personeline i\u015f sa\u011fl\u0131\u011f\u0131 ve g\u00fcvenli\u011fi e\u011fitimi"}]},{"@type":"WebSite","@id":"https:\/\/denizcankizil.tr\/de\/#website","url":"https:\/\/denizcankizil.tr\/de\/","name":"Av. Deniz Can K\u0131z\u0131l","description":"Avukat Deniz Can K\u0131z\u0131l Antalya Barosu","publisher":{"@id":"https:\/\/denizcankizil.tr\/de\/#organization"},"potentialAction":[{"@type":"SearchAction","target":{"@type":"EntryPoint","urlTemplate":"https:\/\/denizcankizil.tr\/de\/?s={search_term_string}"},"query-input":{"@type":"PropertyValueSpecification","valueRequired":true,"valueName":"search_term_string"}}],"inLanguage":"ru-RU"},{"@type":"Organization","@id":"https:\/\/denizcankizil.tr\/de\/#organization","name":"Av. Deniz Can K\u0131z\u0131l","url":"https:\/\/denizcankizil.tr\/de\/","logo":{"@type":"ImageObject","inLanguage":"ru-RU","@id":"https:\/\/denizcankizil.tr\/de\/#\/schema\/logo\/image\/","url":"http:\/\/denizcankizil.tr\/wp-content\/uploads\/2024\/10\/siyah-logo-svg.svg","contentUrl":"http:\/\/denizcankizil.tr\/wp-content\/uploads\/2024\/10\/siyah-logo-svg.svg","width":1080,"height":1080,"caption":"Av. Deniz Can K\u0131z\u0131l"},"image":{"@id":"https:\/\/denizcankizil.tr\/de\/#\/schema\/logo\/image\/"}},{"@type":"Person","@id":"https:\/\/denizcankizil.tr\/de\/#\/schema\/person\/5dc1b22991bd7ac833867c10afc9b0ff","name":"Av. Deniz Can K\u0131z\u0131l","image":{"@type":"ImageObject","inLanguage":"ru-RU","@id":"https:\/\/denizcankizil.tr\/de\/#\/schema\/person\/image\/","url":"https:\/\/secure.gravatar.com\/avatar\/a0b128fb9855c79efc976d5640eedb31dc35ec297594d6016d2cf7c60e975bb6?s=96&d=mm&r=g","contentUrl":"https:\/\/secure.gravatar.com\/avatar\/a0b128fb9855c79efc976d5640eedb31dc35ec297594d6016d2cf7c60e975bb6?s=96&d=mm&r=g","caption":"Av. Deniz Can K\u0131z\u0131l"},"sameAs":["http:\/\/www.denizcankizil.tr"],"url":"http:\/\/denizcankizil.tr\/ru\/author\/denizcankizil\/"}]}},"_links":{"self":[{"href":"http:\/\/denizcankizil.tr\/ru\/wp-json\/wp\/v2\/posts\/31988","targetHints":{"allow":["GET"]}}],"collection":[{"href":"http:\/\/denizcankizil.tr\/ru\/wp-json\/wp\/v2\/posts"}],"about":[{"href":"http:\/\/denizcankizil.tr\/ru\/wp-json\/wp\/v2\/types\/post"}],"author":[{"embeddable":true,"href":"http:\/\/denizcankizil.tr\/ru\/wp-json\/wp\/v2\/users\/4"}],"replies":[{"embeddable":true,"href":"http:\/\/denizcankizil.tr\/ru\/wp-json\/wp\/v2\/comments?post=31988"}],"version-history":[{"count":0,"href":"http:\/\/denizcankizil.tr\/ru\/wp-json\/wp\/v2\/posts\/31988\/revisions"}],"wp:featuredmedia":[{"embeddable":true,"href":"http:\/\/denizcankizil.tr\/ru\/wp-json\/wp\/v2\/media\/31989"}],"wp:attachment":[{"href":"http:\/\/denizcankizil.tr\/ru\/wp-json\/wp\/v2\/media?parent=31988"}],"wp:term":[{"taxonomy":"category","embeddable":true,"href":"http:\/\/denizcankizil.tr\/ru\/wp-json\/wp\/v2\/categories?post=31988"},{"taxonomy":"post_tag","embeddable":true,"href":"http:\/\/denizcankizil.tr\/ru\/wp-json\/wp\/v2\/tags?post=31988"}],"curies":[{"name":"wp","href":"https:\/\/api.w.org\/{rel}","templated":true}]}}