{"id":31939,"date":"2025-02-11T10:42:23","date_gmt":"2025-02-11T07:42:23","guid":{"rendered":"https:\/\/denizcankizil.tr\/uncategorized-tr\/balkonda-patlayan-cep-telefonu-bataryalari-mahalleyi-sokaga-doktu\/"},"modified":"2025-02-11T10:42:23","modified_gmt":"2025-02-11T07:42:23","slug":"balkonda-patlayan-cep-telefonu-bataryalari-mahalleyi-sokaga-doktu","status":"publish","type":"post","link":"http:\/\/denizcankizil.tr\/ru\/haberler\/antalya\/balkonda-patlayan-cep-telefonu-bataryalari-mahalleyi-sokaga-doktu\/","title":{"rendered":"Balkonda patlayan cep telefonu bataryalar\u0131 mahalleyi soka\u011fa d\u00f6kt\u00fc"},"content":{"rendered":"<p>Yang\u0131n, saat 19.00 s\u0131ralar\u0131nda Kepez il\u00e7esi Kar\u015f\u0131yaka Mahallesi 3920. Sokak&#8217;ta bulunan 3 katl\u0131 bir binan\u0131n ikinci kat\u0131ndaki dairede meydana geldi. Edinilen bilgiye g\u00f6re, yoldan ge\u00e7en vatanda\u015flar dairenin balkonundan dumanlar \u00e7\u0131kt\u0131\u011f\u0131n\u0131 fark ederek durumu 112 Acil \u00c7a\u011fr\u0131 Merkezi\u2019ne bildirdi. Bu s\u0131rada yoldan ge\u00e7mekte olan bir ki\u015fi de apartman\u0131n kap\u0131 zillerini tek tek \u00e7alarak, binada oturan vatanda\u015flar\u0131 uyard\u0131. K\u0131sa s\u00fcrede b\u00fcy\u00fcyen yang\u0131nda alevler balkonu sararken, evin i\u00e7erisine de sirayet etti.<\/p>\n<p>Mahalle sakinleri endi\u015feli g\u00f6zlerle izledi<br \/>\nB\u00fcy\u00fck panik ya\u015fayan apartman sakinleri apar topar evlerinden \u00e7\u0131karken, balkondan patlama seslerini duyan mahalle sakinleri de korku i\u00e7erisinde soka\u011fa d\u00f6k\u00fcld\u00fc. K\u0131sa s\u00fcrede verilen adrese gelen Antalya B\u00fcy\u00fck\u015fehir Belediyesi \u0130tfaiye Daire Ba\u015fkanl\u0131\u011f\u0131\u2019na ba\u011fl\u0131 ekipler alevlere m\u00fcdahale ederken, mahalle sakinleri ekiplerin \u00e7al\u0131\u015fmas\u0131n\u0131 endi\u015feli g\u00f6zlerle izledi. Ekiplerin yakla\u015f\u0131k 1.5 saatlik \u00e7al\u0131\u015fmas\u0131n\u0131n ard\u0131ndan yang\u0131n s\u00f6nd\u00fcr\u00fcld\u00fc. Yang\u0131nda dairede b\u00fcy\u00fck \u00e7apta hasar meydana geldi. Yang\u0131n s\u0131ras\u0131nda evinde olan ve kom\u015fular\u0131n\u0131n haber vermesi ile d\u0131\u015far\u0131 \u00e7\u0131kan ya\u015fl\u0131 bir kad\u0131n\u0131n ise b\u00fcy\u00fck korku ya\u015fad\u0131\u011f\u0131 g\u00f6r\u00fcld\u00fc.<\/p>\n<p>&#8220;Alevler balkonu sarm\u0131\u015ft\u0131&#8221;<br \/>\nYang\u0131n\u0131n daha \u00f6nceden cep telefonu malzemeleri sat\u0131\u015f\u0131 ile u\u011fra\u015fan ikamet sahibinin i\u015fletmesini kapatt\u0131ktan sonra elinde kalan ve balkona koydu\u011fu cep telefonu bataryalar\u0131ndan \u00e7\u0131kt\u0131\u011f\u0131 \u00f6ne s\u00fcr\u00fcld\u00fc. Al\u0131\u015fveri\u015f i\u00e7in evden \u00e7\u0131kt\u0131\u011f\u0131 s\u0131rada gelen telefonla yang\u0131ndan haberi oldu\u011funu belirten bir apartman sakini, &#8220;Ak\u015fam 19 civar\u0131 ba\u015flam\u0131\u015f, kar\u015f\u0131 tarafa al\u0131\u015fveri\u015f i\u00e7in evden \u00e7\u0131km\u0131\u015ft\u0131m. Evden \u00e7ocu\u011fum beni arad\u0131, \u2018Baba bina yan\u0131yor\u2019 dedi. Ben de ko\u015farak geldim, balkon sa\u011flam alev alm\u0131\u015ft\u0131. \u00c7ok k\u00f6t\u00fc yan\u0131yordu. Alevler balkonu tamamen sarm\u0131\u015ft\u0131&#8221; dedi.<\/p>\n<p>&#8220;Binay\u0131 acilen bo\u015faltt\u0131k&#8221;<br \/>\nApartman sakinlerinin \u00e7o\u011funun yang\u0131n an\u0131nda ikametlerinde oldu\u011funu belirten apartman sakini, &#8220;\u00c7o\u011fu bina sakini evdeydi. Acilen bo\u015faltt\u0131k binay\u0131 komple, ben de hemen ana \u015falteri kapatt\u0131m daha fazla yay\u0131lmas\u0131n diye. Balkonda olan malzemelerden tutu\u015fmu\u015f, alevler oradan \u00e7\u0131km\u0131\u015f. Neyin sebep oldu\u011fu itfaiyenin verece\u011fi detaylara ba\u011fl\u0131&#8221; ifadelerini kulland\u0131.<br \/>\n\u00d6te yandan, itfaiye ekiplerinin \u00e7al\u0131\u015fmas\u0131n\u0131n ard\u0131ndan balkondan a\u015fa\u011f\u0131ya at\u0131lan malzemeler aras\u0131nda \u00e7ok say\u0131da cep telefonu bataryas\u0131 oldu\u011fu g\u00f6r\u00fcld\u00fc.<\/p>\n<p>Kaynak: www.kanalv.com.tr Haber Sitesinden Al\u0131nm\u0131\u015ft\u0131r.<\/p>","protected":false},"excerpt":{"rendered":"<p>Yang\u0131n, saat 19.00 s\u0131ralar\u0131nda Kepez il\u00e7esi Kar\u015f\u0131yaka Mahallesi 3920. Sokak&#8217;ta bulunan 3 katl\u0131 bir binan\u0131n ikinci kat\u0131ndaki dairede meydana geldi. Edinilen bilgiye g\u00f6re, yoldan ge\u00e7en vatanda\u015flar dairenin balkonundan dumanlar \u00e7\u0131kt\u0131\u011f\u0131n\u0131 fark ederek durumu 112 Acil \u00c7a\u011fr\u0131 Merkezi\u2019ne bildirdi. Bu s\u0131rada yoldan ge\u00e7mekte olan bir ki\u015fi de apartman\u0131n kap\u0131 zillerini tek tek \u00e7alarak, binada oturan vatanda\u015flar\u0131 uyard\u0131. K\u0131sa s\u00fcrede b\u00fcy\u00fcyen yang\u0131nda alevler balkonu sararken, evin i\u00e7erisine de sirayet etti. Mahalle sakinleri endi\u015feli g\u00f6zlerle izledi B\u00fcy\u00fck panik ya\u015fayan apartman sakinleri apar topar evlerinden \u00e7\u0131karken, balkondan patlama seslerini duyan mahalle sakinleri de korku i\u00e7erisinde soka\u011fa d\u00f6k\u00fcld\u00fc. K\u0131sa s\u00fcrede verilen adrese gelen Antalya B\u00fcy\u00fck\u015fehir Belediyesi \u0130tfaiye Daire Ba\u015fkanl\u0131\u011f\u0131\u2019na ba\u011fl\u0131 ekipler alevlere m\u00fcdahale ederken, mahalle sakinleri ekiplerin \u00e7al\u0131\u015fmas\u0131n\u0131 endi\u015feli g\u00f6zlerle izledi. Ekiplerin yakla\u015f\u0131k 1.5 saatlik \u00e7al\u0131\u015fmas\u0131n\u0131n ard\u0131ndan yang\u0131n s\u00f6nd\u00fcr\u00fcld\u00fc. Yang\u0131nda dairede b\u00fcy\u00fck \u00e7apta hasar meydana geldi. Yang\u0131n s\u0131ras\u0131nda evinde olan ve kom\u015fular\u0131n\u0131n haber vermesi ile d\u0131\u015far\u0131 \u00e7\u0131kan ya\u015fl\u0131 bir kad\u0131n\u0131n ise b\u00fcy\u00fck korku ya\u015fad\u0131\u011f\u0131 g\u00f6r\u00fcld\u00fc. &#8220;Alevler balkonu sarm\u0131\u015ft\u0131&#8221; Yang\u0131n\u0131n daha \u00f6nceden cep telefonu malzemeleri sat\u0131\u015f\u0131 ile u\u011fra\u015fan ikamet sahibinin i\u015fletmesini kapatt\u0131ktan sonra elinde kalan ve balkona koydu\u011fu cep telefonu bataryalar\u0131ndan \u00e7\u0131kt\u0131\u011f\u0131 \u00f6ne s\u00fcr\u00fcld\u00fc. Al\u0131\u015fveri\u015f i\u00e7in evden \u00e7\u0131kt\u0131\u011f\u0131 s\u0131rada gelen telefonla yang\u0131ndan haberi oldu\u011funu belirten bir apartman sakini, &#8220;Ak\u015fam 19 civar\u0131 ba\u015flam\u0131\u015f, kar\u015f\u0131 tarafa al\u0131\u015fveri\u015f i\u00e7in &hellip;<\/p>","protected":false},"author":4,"featured_media":31940,"comment_status":"open","ping_status":"open","sticky":false,"template":"","format":"standard","meta":{"_acf_changed":false,"footnotes":""},"categories":[26],"tags":[],"class_list":["post-31939","post","type-post","status-publish","format-standard","has-post-thumbnail","hentry","category-antalya"],"acf":[],"yoast_head":"<!-- This site is optimized with the Yoast SEO Premium plugin v26.6 (Yoast SEO v27.1.1) - https:\/\/yoast.com\/product\/yoast-seo-premium-wordpress\/ -->\n<title>Balkonda patlayan cep telefonu bataryalar\u0131 mahalleyi soka\u011fa d\u00f6kt\u00fc - Av. Deniz Can K\u0131z\u0131l<\/title>\n<meta name=\"robots\" content=\"index, follow, max-snippet:-1, max-image-preview:large, max-video-preview:-1\" \/>\n<link rel=\"canonical\" href=\"http:\/\/denizcankizil.tr\/ru\/haberler\/antalya\/balkonda-patlayan-cep-telefonu-bataryalari-mahalleyi-sokaga-doktu\/\" \/>\n<meta property=\"og:locale\" content=\"ru_RU\" \/>\n<meta property=\"og:type\" content=\"article\" \/>\n<meta property=\"og:title\" content=\"Balkonda patlayan cep telefonu bataryalar\u0131 mahalleyi soka\u011fa d\u00f6kt\u00fc\" \/>\n<meta property=\"og:description\" content=\"Yang\u0131n, saat 19.00 s\u0131ralar\u0131nda Kepez il\u00e7esi Kar\u015f\u0131yaka Mahallesi 3920. Sokak&#8217;ta bulunan 3 katl\u0131 bir binan\u0131n ikinci kat\u0131ndaki dairede meydana geldi. Edinilen bilgiye g\u00f6re, yoldan ge\u00e7en vatanda\u015flar dairenin balkonundan dumanlar \u00e7\u0131kt\u0131\u011f\u0131n\u0131 fark ederek durumu 112 Acil \u00c7a\u011fr\u0131 Merkezi\u2019ne bildirdi. Bu s\u0131rada yoldan ge\u00e7mekte olan bir ki\u015fi de apartman\u0131n kap\u0131 zillerini tek tek \u00e7alarak, binada oturan vatanda\u015flar\u0131 uyard\u0131. K\u0131sa s\u00fcrede b\u00fcy\u00fcyen yang\u0131nda alevler balkonu sararken, evin i\u00e7erisine de sirayet etti. Mahalle sakinleri endi\u015feli g\u00f6zlerle izledi B\u00fcy\u00fck panik ya\u015fayan apartman sakinleri apar topar evlerinden \u00e7\u0131karken, balkondan patlama seslerini duyan mahalle sakinleri de korku i\u00e7erisinde soka\u011fa d\u00f6k\u00fcld\u00fc. K\u0131sa s\u00fcrede verilen adrese gelen Antalya B\u00fcy\u00fck\u015fehir Belediyesi \u0130tfaiye Daire Ba\u015fkanl\u0131\u011f\u0131\u2019na ba\u011fl\u0131 ekipler alevlere m\u00fcdahale ederken, mahalle sakinleri ekiplerin \u00e7al\u0131\u015fmas\u0131n\u0131 endi\u015feli g\u00f6zlerle izledi. Ekiplerin yakla\u015f\u0131k 1.5 saatlik \u00e7al\u0131\u015fmas\u0131n\u0131n ard\u0131ndan yang\u0131n s\u00f6nd\u00fcr\u00fcld\u00fc. Yang\u0131nda dairede b\u00fcy\u00fck \u00e7apta hasar meydana geldi. Yang\u0131n s\u0131ras\u0131nda evinde olan ve kom\u015fular\u0131n\u0131n haber vermesi ile d\u0131\u015far\u0131 \u00e7\u0131kan ya\u015fl\u0131 bir kad\u0131n\u0131n ise b\u00fcy\u00fck korku ya\u015fad\u0131\u011f\u0131 g\u00f6r\u00fcld\u00fc. &#8220;Alevler balkonu sarm\u0131\u015ft\u0131&#8221; Yang\u0131n\u0131n daha \u00f6nceden cep telefonu malzemeleri sat\u0131\u015f\u0131 ile u\u011fra\u015fan ikamet sahibinin i\u015fletmesini kapatt\u0131ktan sonra elinde kalan ve balkona koydu\u011fu cep telefonu bataryalar\u0131ndan \u00e7\u0131kt\u0131\u011f\u0131 \u00f6ne s\u00fcr\u00fcld\u00fc. Al\u0131\u015fveri\u015f i\u00e7in evden \u00e7\u0131kt\u0131\u011f\u0131 s\u0131rada gelen telefonla yang\u0131ndan haberi oldu\u011funu belirten bir apartman sakini, &#8220;Ak\u015fam 19 civar\u0131 ba\u015flam\u0131\u015f, kar\u015f\u0131 tarafa al\u0131\u015fveri\u015f i\u00e7in &hellip;\" \/>\n<meta property=\"og:url\" content=\"http:\/\/denizcankizil.tr\/ru\/haberler\/antalya\/balkonda-patlayan-cep-telefonu-bataryalari-mahalleyi-sokaga-doktu\/\" \/>\n<meta property=\"og:site_name\" content=\"Av. Deniz Can K\u0131z\u0131l\" \/>\n<meta property=\"article:published_time\" content=\"2025-02-11T07:42:23+00:00\" \/>\n<meta property=\"og:image\" content=\"http:\/\/denizcankizil.tr\/wp-content\/uploads\/2025\/02\/4567-01-GZdr0T.jpeg\" \/>\n\t<meta property=\"og:image:width\" content=\"1280\" \/>\n\t<meta property=\"og:image:height\" content=\"720\" \/>\n\t<meta property=\"og:image:type\" content=\"image\/jpeg\" \/>\n<meta name=\"author\" content=\"Av. Deniz Can K\u0131z\u0131l\" \/>\n<meta name=\"twitter:card\" content=\"summary_large_image\" \/>\n<meta name=\"twitter:label1\" content=\"\u041d\u0430\u043f\u0438\u0441\u0430\u043d\u043e \u0430\u0432\u0442\u043e\u0440\u043e\u043c\" \/>\n\t<meta name=\"twitter:data1\" content=\"Av. Deniz Can K\u0131z\u0131l\" \/>\n\t<meta name=\"twitter:label2\" content=\"\u041f\u0440\u0438\u043c\u0435\u0440\u043d\u043e\u0435 \u0432\u0440\u0435\u043c\u044f \u0434\u043b\u044f \u0447\u0442\u0435\u043d\u0438\u044f\" \/>\n\t<meta name=\"twitter:data2\" content=\"2 \u043c\u0438\u043d\u0443\u0442\u044b\" \/>\n<script type=\"application\/ld+json\" class=\"yoast-schema-graph\">{\"@context\":\"https:\/\/schema.org\",\"@graph\":[{\"@type\":\"Article\",\"@id\":\"http:\/\/denizcankizil.tr\/ru\/haberler\/antalya\/balkonda-patlayan-cep-telefonu-bataryalari-mahalleyi-sokaga-doktu\/#article\",\"isPartOf\":{\"@id\":\"http:\/\/denizcankizil.tr\/ru\/haberler\/antalya\/balkonda-patlayan-cep-telefonu-bataryalari-mahalleyi-sokaga-doktu\/\"},\"author\":{\"name\":\"Av. Deniz Can K\u0131z\u0131l\",\"@id\":\"https:\/\/denizcankizil.tr\/de\/#\/schema\/person\/5dc1b22991bd7ac833867c10afc9b0ff\"},\"headline\":\"Balkonda patlayan cep telefonu bataryalar\u0131 mahalleyi soka\u011fa d\u00f6kt\u00fc\",\"datePublished\":\"2025-02-11T07:42:23+00:00\",\"mainEntityOfPage\":{\"@id\":\"http:\/\/denizcankizil.tr\/ru\/haberler\/antalya\/balkonda-patlayan-cep-telefonu-bataryalari-mahalleyi-sokaga-doktu\/\"},\"wordCount\":438,\"commentCount\":0,\"publisher\":{\"@id\":\"https:\/\/denizcankizil.tr\/de\/#organization\"},\"image\":{\"@id\":\"http:\/\/denizcankizil.tr\/ru\/haberler\/antalya\/balkonda-patlayan-cep-telefonu-bataryalari-mahalleyi-sokaga-doktu\/#primaryimage\"},\"thumbnailUrl\":\"http:\/\/denizcankizil.tr\/wp-content\/uploads\/2025\/02\/4567-01-GZdr0T.jpeg\",\"articleSection\":[\"Antalya\"],\"inLanguage\":\"ru-RU\",\"potentialAction\":[{\"@type\":\"CommentAction\",\"name\":\"Comment\",\"target\":[\"http:\/\/denizcankizil.tr\/ru\/haberler\/antalya\/balkonda-patlayan-cep-telefonu-bataryalari-mahalleyi-sokaga-doktu\/#respond\"]}]},{\"@type\":\"WebPage\",\"@id\":\"http:\/\/denizcankizil.tr\/ru\/haberler\/antalya\/balkonda-patlayan-cep-telefonu-bataryalari-mahalleyi-sokaga-doktu\/\",\"url\":\"http:\/\/denizcankizil.tr\/ru\/haberler\/antalya\/balkonda-patlayan-cep-telefonu-bataryalari-mahalleyi-sokaga-doktu\/\",\"name\":\"Balkonda patlayan cep telefonu bataryalar\u0131 mahalleyi soka\u011fa d\u00f6kt\u00fc - Av. Deniz Can K\u0131z\u0131l\",\"isPartOf\":{\"@id\":\"https:\/\/denizcankizil.tr\/de\/#website\"},\"primaryImageOfPage\":{\"@id\":\"http:\/\/denizcankizil.tr\/ru\/haberler\/antalya\/balkonda-patlayan-cep-telefonu-bataryalari-mahalleyi-sokaga-doktu\/#primaryimage\"},\"image\":{\"@id\":\"http:\/\/denizcankizil.tr\/ru\/haberler\/antalya\/balkonda-patlayan-cep-telefonu-bataryalari-mahalleyi-sokaga-doktu\/#primaryimage\"},\"thumbnailUrl\":\"http:\/\/denizcankizil.tr\/wp-content\/uploads\/2025\/02\/4567-01-GZdr0T.jpeg\",\"datePublished\":\"2025-02-11T07:42:23+00:00\",\"breadcrumb\":{\"@id\":\"http:\/\/denizcankizil.tr\/ru\/haberler\/antalya\/balkonda-patlayan-cep-telefonu-bataryalari-mahalleyi-sokaga-doktu\/#breadcrumb\"},\"inLanguage\":\"ru-RU\",\"potentialAction\":[{\"@type\":\"ReadAction\",\"target\":[\"http:\/\/denizcankizil.tr\/ru\/haberler\/antalya\/balkonda-patlayan-cep-telefonu-bataryalari-mahalleyi-sokaga-doktu\/\"]}]},{\"@type\":\"ImageObject\",\"inLanguage\":\"ru-RU\",\"@id\":\"http:\/\/denizcankizil.tr\/ru\/haberler\/antalya\/balkonda-patlayan-cep-telefonu-bataryalari-mahalleyi-sokaga-doktu\/#primaryimage\",\"url\":\"http:\/\/denizcankizil.tr\/wp-content\/uploads\/2025\/02\/4567-01-GZdr0T.jpeg\",\"contentUrl\":\"http:\/\/denizcankizil.tr\/wp-content\/uploads\/2025\/02\/4567-01-GZdr0T.jpeg\",\"width\":1280,\"height\":720},{\"@type\":\"BreadcrumbList\",\"@id\":\"http:\/\/denizcankizil.tr\/ru\/haberler\/antalya\/balkonda-patlayan-cep-telefonu-bataryalari-mahalleyi-sokaga-doktu\/#breadcrumb\",\"itemListElement\":[{\"@type\":\"ListItem\",\"position\":1,\"name\":\"Home\",\"item\":\"https:\/\/denizcankizil.tr\/de\/\"},{\"@type\":\"ListItem\",\"position\":2,\"name\":\"Balkonda patlayan cep telefonu bataryalar\u0131 mahalleyi soka\u011fa d\u00f6kt\u00fc\"}]},{\"@type\":\"WebSite\",\"@id\":\"https:\/\/denizcankizil.tr\/de\/#website\",\"url\":\"https:\/\/denizcankizil.tr\/de\/\",\"name\":\"Av. Deniz Can K\u0131z\u0131l\",\"description\":\"Avukat Deniz Can K\u0131z\u0131l Antalya Barosu\",\"publisher\":{\"@id\":\"https:\/\/denizcankizil.tr\/de\/#organization\"},\"potentialAction\":[{\"@type\":\"SearchAction\",\"target\":{\"@type\":\"EntryPoint\",\"urlTemplate\":\"https:\/\/denizcankizil.tr\/de\/?s={search_term_string}\"},\"query-input\":{\"@type\":\"PropertyValueSpecification\",\"valueRequired\":true,\"valueName\":\"search_term_string\"}}],\"inLanguage\":\"ru-RU\"},{\"@type\":\"Organization\",\"@id\":\"https:\/\/denizcankizil.tr\/de\/#organization\",\"name\":\"Av. Deniz Can K\u0131z\u0131l\",\"url\":\"https:\/\/denizcankizil.tr\/de\/\",\"logo\":{\"@type\":\"ImageObject\",\"inLanguage\":\"ru-RU\",\"@id\":\"https:\/\/denizcankizil.tr\/de\/#\/schema\/logo\/image\/\",\"url\":\"http:\/\/denizcankizil.tr\/wp-content\/uploads\/2024\/10\/siyah-logo-svg.svg\",\"contentUrl\":\"http:\/\/denizcankizil.tr\/wp-content\/uploads\/2024\/10\/siyah-logo-svg.svg\",\"width\":1080,\"height\":1080,\"caption\":\"Av. Deniz Can K\u0131z\u0131l\"},\"image\":{\"@id\":\"https:\/\/denizcankizil.tr\/de\/#\/schema\/logo\/image\/\"}},{\"@type\":\"Person\",\"@id\":\"https:\/\/denizcankizil.tr\/de\/#\/schema\/person\/5dc1b22991bd7ac833867c10afc9b0ff\",\"name\":\"Av. Deniz Can K\u0131z\u0131l\",\"image\":{\"@type\":\"ImageObject\",\"inLanguage\":\"ru-RU\",\"@id\":\"https:\/\/denizcankizil.tr\/de\/#\/schema\/person\/image\/\",\"url\":\"https:\/\/secure.gravatar.com\/avatar\/a0b128fb9855c79efc976d5640eedb31dc35ec297594d6016d2cf7c60e975bb6?s=96&d=mm&r=g\",\"contentUrl\":\"https:\/\/secure.gravatar.com\/avatar\/a0b128fb9855c79efc976d5640eedb31dc35ec297594d6016d2cf7c60e975bb6?s=96&d=mm&r=g\",\"caption\":\"Av. Deniz Can K\u0131z\u0131l\"},\"sameAs\":[\"http:\/\/www.denizcankizil.tr\"],\"url\":\"http:\/\/denizcankizil.tr\/ru\/author\/denizcankizil\/\"}]}<\/script>\n<!-- \/ Yoast SEO Premium plugin. -->","yoast_head_json":{"title":"Balkonda patlayan cep telefonu bataryalar\u0131 mahalleyi soka\u011fa d\u00f6kt\u00fc - Av. Deniz Can K\u0131z\u0131l","robots":{"index":"index","follow":"follow","max-snippet":"max-snippet:-1","max-image-preview":"max-image-preview:large","max-video-preview":"max-video-preview:-1"},"canonical":"http:\/\/denizcankizil.tr\/ru\/haberler\/antalya\/balkonda-patlayan-cep-telefonu-bataryalari-mahalleyi-sokaga-doktu\/","og_locale":"ru_RU","og_type":"article","og_title":"Balkonda patlayan cep telefonu bataryalar\u0131 mahalleyi soka\u011fa d\u00f6kt\u00fc","og_description":"Yang\u0131n, saat 19.00 s\u0131ralar\u0131nda Kepez il\u00e7esi Kar\u015f\u0131yaka Mahallesi 3920. Sokak&#8217;ta bulunan 3 katl\u0131 bir binan\u0131n ikinci kat\u0131ndaki dairede meydana geldi. Edinilen bilgiye g\u00f6re, yoldan ge\u00e7en vatanda\u015flar dairenin balkonundan dumanlar \u00e7\u0131kt\u0131\u011f\u0131n\u0131 fark ederek durumu 112 Acil \u00c7a\u011fr\u0131 Merkezi\u2019ne bildirdi. Bu s\u0131rada yoldan ge\u00e7mekte olan bir ki\u015fi de apartman\u0131n kap\u0131 zillerini tek tek \u00e7alarak, binada oturan vatanda\u015flar\u0131 uyard\u0131. K\u0131sa s\u00fcrede b\u00fcy\u00fcyen yang\u0131nda alevler balkonu sararken, evin i\u00e7erisine de sirayet etti. Mahalle sakinleri endi\u015feli g\u00f6zlerle izledi B\u00fcy\u00fck panik ya\u015fayan apartman sakinleri apar topar evlerinden \u00e7\u0131karken, balkondan patlama seslerini duyan mahalle sakinleri de korku i\u00e7erisinde soka\u011fa d\u00f6k\u00fcld\u00fc. K\u0131sa s\u00fcrede verilen adrese gelen Antalya B\u00fcy\u00fck\u015fehir Belediyesi \u0130tfaiye Daire Ba\u015fkanl\u0131\u011f\u0131\u2019na ba\u011fl\u0131 ekipler alevlere m\u00fcdahale ederken, mahalle sakinleri ekiplerin \u00e7al\u0131\u015fmas\u0131n\u0131 endi\u015feli g\u00f6zlerle izledi. Ekiplerin yakla\u015f\u0131k 1.5 saatlik \u00e7al\u0131\u015fmas\u0131n\u0131n ard\u0131ndan yang\u0131n s\u00f6nd\u00fcr\u00fcld\u00fc. Yang\u0131nda dairede b\u00fcy\u00fck \u00e7apta hasar meydana geldi. Yang\u0131n s\u0131ras\u0131nda evinde olan ve kom\u015fular\u0131n\u0131n haber vermesi ile d\u0131\u015far\u0131 \u00e7\u0131kan ya\u015fl\u0131 bir kad\u0131n\u0131n ise b\u00fcy\u00fck korku ya\u015fad\u0131\u011f\u0131 g\u00f6r\u00fcld\u00fc. &#8220;Alevler balkonu sarm\u0131\u015ft\u0131&#8221; Yang\u0131n\u0131n daha \u00f6nceden cep telefonu malzemeleri sat\u0131\u015f\u0131 ile u\u011fra\u015fan ikamet sahibinin i\u015fletmesini kapatt\u0131ktan sonra elinde kalan ve balkona koydu\u011fu cep telefonu bataryalar\u0131ndan \u00e7\u0131kt\u0131\u011f\u0131 \u00f6ne s\u00fcr\u00fcld\u00fc. Al\u0131\u015fveri\u015f i\u00e7in evden \u00e7\u0131kt\u0131\u011f\u0131 s\u0131rada gelen telefonla yang\u0131ndan haberi oldu\u011funu belirten bir apartman sakini, &#8220;Ak\u015fam 19 civar\u0131 ba\u015flam\u0131\u015f, kar\u015f\u0131 tarafa al\u0131\u015fveri\u015f i\u00e7in &hellip;","og_url":"http:\/\/denizcankizil.tr\/ru\/haberler\/antalya\/balkonda-patlayan-cep-telefonu-bataryalari-mahalleyi-sokaga-doktu\/","og_site_name":"Av. Deniz Can K\u0131z\u0131l","article_published_time":"2025-02-11T07:42:23+00:00","og_image":[{"width":1280,"height":720,"url":"http:\/\/denizcankizil.tr\/wp-content\/uploads\/2025\/02\/4567-01-GZdr0T.jpeg","type":"image\/jpeg"}],"author":"Av. Deniz Can K\u0131z\u0131l","twitter_card":"summary_large_image","twitter_misc":{"\u041d\u0430\u043f\u0438\u0441\u0430\u043d\u043e \u0430\u0432\u0442\u043e\u0440\u043e\u043c":"Av. Deniz Can K\u0131z\u0131l","\u041f\u0440\u0438\u043c\u0435\u0440\u043d\u043e\u0435 \u0432\u0440\u0435\u043c\u044f \u0434\u043b\u044f \u0447\u0442\u0435\u043d\u0438\u044f":"2 \u043c\u0438\u043d\u0443\u0442\u044b"},"schema":{"@context":"https:\/\/schema.org","@graph":[{"@type":"Article","@id":"http:\/\/denizcankizil.tr\/ru\/haberler\/antalya\/balkonda-patlayan-cep-telefonu-bataryalari-mahalleyi-sokaga-doktu\/#article","isPartOf":{"@id":"http:\/\/denizcankizil.tr\/ru\/haberler\/antalya\/balkonda-patlayan-cep-telefonu-bataryalari-mahalleyi-sokaga-doktu\/"},"author":{"name":"Av. Deniz Can K\u0131z\u0131l","@id":"https:\/\/denizcankizil.tr\/de\/#\/schema\/person\/5dc1b22991bd7ac833867c10afc9b0ff"},"headline":"Balkonda patlayan cep telefonu bataryalar\u0131 mahalleyi soka\u011fa d\u00f6kt\u00fc","datePublished":"2025-02-11T07:42:23+00:00","mainEntityOfPage":{"@id":"http:\/\/denizcankizil.tr\/ru\/haberler\/antalya\/balkonda-patlayan-cep-telefonu-bataryalari-mahalleyi-sokaga-doktu\/"},"wordCount":438,"commentCount":0,"publisher":{"@id":"https:\/\/denizcankizil.tr\/de\/#organization"},"image":{"@id":"http:\/\/denizcankizil.tr\/ru\/haberler\/antalya\/balkonda-patlayan-cep-telefonu-bataryalari-mahalleyi-sokaga-doktu\/#primaryimage"},"thumbnailUrl":"http:\/\/denizcankizil.tr\/wp-content\/uploads\/2025\/02\/4567-01-GZdr0T.jpeg","articleSection":["Antalya"],"inLanguage":"ru-RU","potentialAction":[{"@type":"CommentAction","name":"Comment","target":["http:\/\/denizcankizil.tr\/ru\/haberler\/antalya\/balkonda-patlayan-cep-telefonu-bataryalari-mahalleyi-sokaga-doktu\/#respond"]}]},{"@type":"WebPage","@id":"http:\/\/denizcankizil.tr\/ru\/haberler\/antalya\/balkonda-patlayan-cep-telefonu-bataryalari-mahalleyi-sokaga-doktu\/","url":"http:\/\/denizcankizil.tr\/ru\/haberler\/antalya\/balkonda-patlayan-cep-telefonu-bataryalari-mahalleyi-sokaga-doktu\/","name":"Balkonda patlayan cep telefonu bataryalar\u0131 mahalleyi soka\u011fa d\u00f6kt\u00fc - Av. Deniz Can K\u0131z\u0131l","isPartOf":{"@id":"https:\/\/denizcankizil.tr\/de\/#website"},"primaryImageOfPage":{"@id":"http:\/\/denizcankizil.tr\/ru\/haberler\/antalya\/balkonda-patlayan-cep-telefonu-bataryalari-mahalleyi-sokaga-doktu\/#primaryimage"},"image":{"@id":"http:\/\/denizcankizil.tr\/ru\/haberler\/antalya\/balkonda-patlayan-cep-telefonu-bataryalari-mahalleyi-sokaga-doktu\/#primaryimage"},"thumbnailUrl":"http:\/\/denizcankizil.tr\/wp-content\/uploads\/2025\/02\/4567-01-GZdr0T.jpeg","datePublished":"2025-02-11T07:42:23+00:00","breadcrumb":{"@id":"http:\/\/denizcankizil.tr\/ru\/haberler\/antalya\/balkonda-patlayan-cep-telefonu-bataryalari-mahalleyi-sokaga-doktu\/#breadcrumb"},"inLanguage":"ru-RU","potentialAction":[{"@type":"ReadAction","target":["http:\/\/denizcankizil.tr\/ru\/haberler\/antalya\/balkonda-patlayan-cep-telefonu-bataryalari-mahalleyi-sokaga-doktu\/"]}]},{"@type":"ImageObject","inLanguage":"ru-RU","@id":"http:\/\/denizcankizil.tr\/ru\/haberler\/antalya\/balkonda-patlayan-cep-telefonu-bataryalari-mahalleyi-sokaga-doktu\/#primaryimage","url":"http:\/\/denizcankizil.tr\/wp-content\/uploads\/2025\/02\/4567-01-GZdr0T.jpeg","contentUrl":"http:\/\/denizcankizil.tr\/wp-content\/uploads\/2025\/02\/4567-01-GZdr0T.jpeg","width":1280,"height":720},{"@type":"BreadcrumbList","@id":"http:\/\/denizcankizil.tr\/ru\/haberler\/antalya\/balkonda-patlayan-cep-telefonu-bataryalari-mahalleyi-sokaga-doktu\/#breadcrumb","itemListElement":[{"@type":"ListItem","position":1,"name":"Home","item":"https:\/\/denizcankizil.tr\/de\/"},{"@type":"ListItem","position":2,"name":"Balkonda patlayan cep telefonu bataryalar\u0131 mahalleyi soka\u011fa d\u00f6kt\u00fc"}]},{"@type":"WebSite","@id":"https:\/\/denizcankizil.tr\/de\/#website","url":"https:\/\/denizcankizil.tr\/de\/","name":"Av. Deniz Can K\u0131z\u0131l","description":"Avukat Deniz Can K\u0131z\u0131l Antalya Barosu","publisher":{"@id":"https:\/\/denizcankizil.tr\/de\/#organization"},"potentialAction":[{"@type":"SearchAction","target":{"@type":"EntryPoint","urlTemplate":"https:\/\/denizcankizil.tr\/de\/?s={search_term_string}"},"query-input":{"@type":"PropertyValueSpecification","valueRequired":true,"valueName":"search_term_string"}}],"inLanguage":"ru-RU"},{"@type":"Organization","@id":"https:\/\/denizcankizil.tr\/de\/#organization","name":"Av. Deniz Can K\u0131z\u0131l","url":"https:\/\/denizcankizil.tr\/de\/","logo":{"@type":"ImageObject","inLanguage":"ru-RU","@id":"https:\/\/denizcankizil.tr\/de\/#\/schema\/logo\/image\/","url":"http:\/\/denizcankizil.tr\/wp-content\/uploads\/2024\/10\/siyah-logo-svg.svg","contentUrl":"http:\/\/denizcankizil.tr\/wp-content\/uploads\/2024\/10\/siyah-logo-svg.svg","width":1080,"height":1080,"caption":"Av. Deniz Can K\u0131z\u0131l"},"image":{"@id":"https:\/\/denizcankizil.tr\/de\/#\/schema\/logo\/image\/"}},{"@type":"Person","@id":"https:\/\/denizcankizil.tr\/de\/#\/schema\/person\/5dc1b22991bd7ac833867c10afc9b0ff","name":"Av. Deniz Can K\u0131z\u0131l","image":{"@type":"ImageObject","inLanguage":"ru-RU","@id":"https:\/\/denizcankizil.tr\/de\/#\/schema\/person\/image\/","url":"https:\/\/secure.gravatar.com\/avatar\/a0b128fb9855c79efc976d5640eedb31dc35ec297594d6016d2cf7c60e975bb6?s=96&d=mm&r=g","contentUrl":"https:\/\/secure.gravatar.com\/avatar\/a0b128fb9855c79efc976d5640eedb31dc35ec297594d6016d2cf7c60e975bb6?s=96&d=mm&r=g","caption":"Av. Deniz Can K\u0131z\u0131l"},"sameAs":["http:\/\/www.denizcankizil.tr"],"url":"http:\/\/denizcankizil.tr\/ru\/author\/denizcankizil\/"}]}},"_links":{"self":[{"href":"http:\/\/denizcankizil.tr\/ru\/wp-json\/wp\/v2\/posts\/31939","targetHints":{"allow":["GET"]}}],"collection":[{"href":"http:\/\/denizcankizil.tr\/ru\/wp-json\/wp\/v2\/posts"}],"about":[{"href":"http:\/\/denizcankizil.tr\/ru\/wp-json\/wp\/v2\/types\/post"}],"author":[{"embeddable":true,"href":"http:\/\/denizcankizil.tr\/ru\/wp-json\/wp\/v2\/users\/4"}],"replies":[{"embeddable":true,"href":"http:\/\/denizcankizil.tr\/ru\/wp-json\/wp\/v2\/comments?post=31939"}],"version-history":[{"count":0,"href":"http:\/\/denizcankizil.tr\/ru\/wp-json\/wp\/v2\/posts\/31939\/revisions"}],"wp:featuredmedia":[{"embeddable":true,"href":"http:\/\/denizcankizil.tr\/ru\/wp-json\/wp\/v2\/media\/31940"}],"wp:attachment":[{"href":"http:\/\/denizcankizil.tr\/ru\/wp-json\/wp\/v2\/media?parent=31939"}],"wp:term":[{"taxonomy":"category","embeddable":true,"href":"http:\/\/denizcankizil.tr\/ru\/wp-json\/wp\/v2\/categories?post=31939"},{"taxonomy":"post_tag","embeddable":true,"href":"http:\/\/denizcankizil.tr\/ru\/wp-json\/wp\/v2\/tags?post=31939"}],"curies":[{"name":"wp","href":"https:\/\/api.w.org\/{rel}","templated":true}]}}