{"id":31503,"date":"2025-02-09T17:41:16","date_gmt":"2025-02-09T14:41:16","guid":{"rendered":"https:\/\/denizcankizil.tr\/uncategorized-tr\/antalyada-dolandiricilarin-hedefinde-sma-hastasi-cocuklar-var\/"},"modified":"2025-02-09T17:41:16","modified_gmt":"2025-02-09T14:41:16","slug":"antalyada-dolandiricilarin-hedefinde-sma-hastasi-cocuklar-var","status":"publish","type":"post","link":"http:\/\/denizcankizil.tr\/ru\/haberler\/gundem\/antalyada-dolandiricilarin-hedefinde-sma-hastasi-cocuklar-var\/","title":{"rendered":"Antalya\u2019da doland\u0131r\u0131c\u0131lar\u0131n hedefinde SMA hastas\u0131 \u00e7ocuklar var!"},"content":{"rendered":"<p>Antalya Valili\u011fi, son d\u00f6nemde SMA Tip-1 hastal\u0131\u011f\u0131na y\u00f6nelik yard\u0131m kampanyalar\u0131nda ya\u015fanan art\u0131\u015fa dikkat \u00e7ekerek, vatanda\u015flar\u0131 doland\u0131r\u0131c\u0131lara kar\u015f\u0131 uyard\u0131. Valilik, resmi onay olmadan ba\u015flat\u0131lan kampanyalar\u0131n, vatanda\u015flar\u0131n iyi niyetini suiistimal edebilece\u011fi konusunda \u00f6nemli bir a\u00e7\u0131klama yapt\u0131. A\u00e7\u0131klamada, Antalya\u2019da y\u00fcr\u00fct\u00fclen yard\u0131m kampanyalar\u0131n\u0131n, valilik ve ilgili di\u011fer resmi mercilerin izni do\u011frultusunda ger\u00e7ekle\u015ftirildi\u011fi vurguland\u0131. Ancak, baz\u0131 kampanyalar\u0131n izinsiz bir \u015fekilde organize edilerek sosyal medya platformlar\u0131 ve \u00e7e\u015fitli dijital kanallar arac\u0131l\u0131\u011f\u0131yla duyuruldu\u011fu tespit edildi. Bu kampanyalar\u0131n valilik onay\u0131 olmadan ba\u015flat\u0131ld\u0131\u011f\u0131 ve tabloda yer almad\u0131\u011f\u0131 belirtildi.<\/p>\n<p>HEDEFLER\u0130NDE SMA HASTASI \u00c7OCUKLAR VAR<\/p>\n<p>Antalya K\u00f6rfez Gazetesi muhabiri Ertu\u011frul G\u00fcn&#8217;\u00fcn haberine g\u00f6re; valilik yetkilileri, yard\u0131mlar\u0131n do\u011fru adreslere ula\u015fmas\u0131 ve k\u00f6t\u00fc niyetli ki\u015filerin ma\u011fduriyet yaratmamas\u0131 ad\u0131na vatanda\u015flar\u0131n bu t\u00fcr kampanyalara kar\u015f\u0131 dikkatli olmas\u0131 noktas\u0131nda uyard\u0131. Yap\u0131lan yaz\u0131l\u0131 a\u00e7\u0131klamada, \u201cSMA Tip-1 hastas\u0131 vatanda\u015flar\u0131m\u0131z\u0131n tedavisi ile ilgili d\u00fczenlenen yard\u0131m kampanyalar\u0131 valilik oluru al\u0131narak yap\u0131lmaktad\u0131r. Valili\u011fimizce olur verilen yard\u0131m kampanyalar\u0131na ait hasta bilgileri, valilik olur tarih ve say\u0131s\u0131, faaliyet numaralar\u0131, banka ad\u0131 ve \u015fubesi, hesap numaralar\u0131 ve varsa sms numaralar\u0131n\u0131 i\u00e7eren tablo a\u015fa\u011f\u0131da sunuldu. Tabloda yer almayan yard\u0131m kampanyalar\u0131 valili\u011fimizin oluru olmadan ger\u00e7ekle\u015ftiriliyor. Doland\u0131r\u0131c\u0131l\u0131k olaylar\u0131na kar\u015f\u0131 duyarl\u0131 olunmas\u0131 amac\u0131yla t\u00fcm kamuoyuna sayg\u0131yla duyurulur.\u201d ifadelerine yer verildi.<\/p>\n<p>\u200bAntalya Valili\u011fi son g\u00fcnlerde artan SMA Tip-1 yard\u0131m kampanyalar\u0131na kar\u015f\u0131 uyar\u0131larda bulundu. Valilik tabloda yer almayan yard\u0131m kampanyalar\u0131n\u0131n valili\u011fin oluru olmadan ger\u00e7ekle\u015ftirildi\u011fini belirterek vatanda\u015flar\u0131n ma\u011fdur olmamalar\u0131 i\u00e7in dikkatli olmas\u0131 gerekti\u011fini belirtti.\u00a0<\/p>\n<p>\u200bHaberin Al\u0131nt\u0131land\u0131\u011f\u0131 Kaynak: www.antalyakorfez.com<\/p>","protected":false},"excerpt":{"rendered":"<p>Antalya Valili\u011fi, son d\u00f6nemde SMA Tip-1 hastal\u0131\u011f\u0131na y\u00f6nelik yard\u0131m kampanyalar\u0131nda ya\u015fanan art\u0131\u015fa dikkat \u00e7ekerek, vatanda\u015flar\u0131 doland\u0131r\u0131c\u0131lara kar\u015f\u0131 uyard\u0131. Valilik, resmi onay olmadan ba\u015flat\u0131lan kampanyalar\u0131n, vatanda\u015flar\u0131n iyi niyetini suiistimal edebilece\u011fi konusunda \u00f6nemli bir a\u00e7\u0131klama yapt\u0131. A\u00e7\u0131klamada, Antalya\u2019da y\u00fcr\u00fct\u00fclen yard\u0131m kampanyalar\u0131n\u0131n, valilik ve ilgili di\u011fer resmi mercilerin izni do\u011frultusunda ger\u00e7ekle\u015ftirildi\u011fi vurguland\u0131. Ancak, baz\u0131 kampanyalar\u0131n izinsiz bir \u015fekilde organize edilerek sosyal medya platformlar\u0131 ve \u00e7e\u015fitli dijital kanallar arac\u0131l\u0131\u011f\u0131yla duyuruldu\u011fu tespit edildi. Bu kampanyalar\u0131n valilik onay\u0131 olmadan ba\u015flat\u0131ld\u0131\u011f\u0131 ve tabloda yer almad\u0131\u011f\u0131 belirtildi. HEDEFLER\u0130NDE SMA HASTASI \u00c7OCUKLAR VAR Antalya K\u00f6rfez Gazetesi muhabiri Ertu\u011frul G\u00fcn&#8217;\u00fcn haberine g\u00f6re; valilik yetkilileri, yard\u0131mlar\u0131n do\u011fru adreslere ula\u015fmas\u0131 ve k\u00f6t\u00fc niyetli ki\u015filerin ma\u011fduriyet yaratmamas\u0131 ad\u0131na vatanda\u015flar\u0131n bu t\u00fcr kampanyalara kar\u015f\u0131 dikkatli olmas\u0131 noktas\u0131nda uyard\u0131. Yap\u0131lan yaz\u0131l\u0131 a\u00e7\u0131klamada, \u201cSMA Tip-1 hastas\u0131 vatanda\u015flar\u0131m\u0131z\u0131n tedavisi ile ilgili d\u00fczenlenen yard\u0131m kampanyalar\u0131 valilik oluru al\u0131narak yap\u0131lmaktad\u0131r. Valili\u011fimizce olur verilen yard\u0131m kampanyalar\u0131na ait hasta bilgileri, valilik olur tarih ve say\u0131s\u0131, faaliyet numaralar\u0131, banka ad\u0131 ve \u015fubesi, hesap numaralar\u0131 ve varsa sms numaralar\u0131n\u0131 i\u00e7eren tablo a\u015fa\u011f\u0131da sunuldu. Tabloda yer almayan yard\u0131m kampanyalar\u0131 valili\u011fimizin oluru olmadan ger\u00e7ekle\u015ftiriliyor. Doland\u0131r\u0131c\u0131l\u0131k olaylar\u0131na kar\u015f\u0131 duyarl\u0131 olunmas\u0131 amac\u0131yla t\u00fcm kamuoyuna sayg\u0131yla duyurulur.\u201d ifadelerine yer verildi. \u200bAntalya Valili\u011fi son g\u00fcnlerde artan SMA Tip-1 yard\u0131m kampanyalar\u0131na kar\u015f\u0131 uyar\u0131larda bulundu. Valilik tabloda yer almayan yard\u0131m kampanyalar\u0131n\u0131n &hellip;<\/p>","protected":false},"author":5,"featured_media":0,"comment_status":"open","ping_status":"open","sticky":false,"template":"","format":"standard","meta":{"_acf_changed":false,"footnotes":""},"categories":[24],"tags":[],"class_list":["post-31503","post","type-post","status-publish","format-standard","has-post-thumbnail","hentry","category-gundem"],"acf":[],"yoast_head":"<!-- This site is optimized with the Yoast SEO Premium plugin v26.6 (Yoast SEO v27.1.1) - https:\/\/yoast.com\/product\/yoast-seo-premium-wordpress\/ -->\n<title>Antalya\u2019da doland\u0131r\u0131c\u0131lar\u0131n hedefinde SMA hastas\u0131 \u00e7ocuklar var! - Av. Deniz Can K\u0131z\u0131l<\/title>\n<meta name=\"robots\" content=\"index, follow, max-snippet:-1, max-image-preview:large, max-video-preview:-1\" \/>\n<link rel=\"canonical\" href=\"https:\/\/denizcankizil.tr\/ru\/haberler\/gundem\/antalyada-dolandiricilarin-hedefinde-sma-hastasi-cocuklar-var\/\" \/>\n<meta property=\"og:locale\" content=\"ru_RU\" \/>\n<meta property=\"og:type\" content=\"article\" \/>\n<meta property=\"og:title\" content=\"Antalya\u2019da doland\u0131r\u0131c\u0131lar\u0131n hedefinde SMA hastas\u0131 \u00e7ocuklar var!\" \/>\n<meta property=\"og:description\" content=\"Antalya Valili\u011fi, son d\u00f6nemde SMA Tip-1 hastal\u0131\u011f\u0131na y\u00f6nelik yard\u0131m kampanyalar\u0131nda ya\u015fanan art\u0131\u015fa dikkat \u00e7ekerek, vatanda\u015flar\u0131 doland\u0131r\u0131c\u0131lara kar\u015f\u0131 uyard\u0131. Valilik, resmi onay olmadan ba\u015flat\u0131lan kampanyalar\u0131n, vatanda\u015flar\u0131n iyi niyetini suiistimal edebilece\u011fi konusunda \u00f6nemli bir a\u00e7\u0131klama yapt\u0131. A\u00e7\u0131klamada, Antalya\u2019da y\u00fcr\u00fct\u00fclen yard\u0131m kampanyalar\u0131n\u0131n, valilik ve ilgili di\u011fer resmi mercilerin izni do\u011frultusunda ger\u00e7ekle\u015ftirildi\u011fi vurguland\u0131. Ancak, baz\u0131 kampanyalar\u0131n izinsiz bir \u015fekilde organize edilerek sosyal medya platformlar\u0131 ve \u00e7e\u015fitli dijital kanallar arac\u0131l\u0131\u011f\u0131yla duyuruldu\u011fu tespit edildi. Bu kampanyalar\u0131n valilik onay\u0131 olmadan ba\u015flat\u0131ld\u0131\u011f\u0131 ve tabloda yer almad\u0131\u011f\u0131 belirtildi. HEDEFLER\u0130NDE SMA HASTASI \u00c7OCUKLAR VAR Antalya K\u00f6rfez Gazetesi muhabiri Ertu\u011frul G\u00fcn&#8217;\u00fcn haberine g\u00f6re; valilik yetkilileri, yard\u0131mlar\u0131n do\u011fru adreslere ula\u015fmas\u0131 ve k\u00f6t\u00fc niyetli ki\u015filerin ma\u011fduriyet yaratmamas\u0131 ad\u0131na vatanda\u015flar\u0131n bu t\u00fcr kampanyalara kar\u015f\u0131 dikkatli olmas\u0131 noktas\u0131nda uyard\u0131. Yap\u0131lan yaz\u0131l\u0131 a\u00e7\u0131klamada, \u201cSMA Tip-1 hastas\u0131 vatanda\u015flar\u0131m\u0131z\u0131n tedavisi ile ilgili d\u00fczenlenen yard\u0131m kampanyalar\u0131 valilik oluru al\u0131narak yap\u0131lmaktad\u0131r. Valili\u011fimizce olur verilen yard\u0131m kampanyalar\u0131na ait hasta bilgileri, valilik olur tarih ve say\u0131s\u0131, faaliyet numaralar\u0131, banka ad\u0131 ve \u015fubesi, hesap numaralar\u0131 ve varsa sms numaralar\u0131n\u0131 i\u00e7eren tablo a\u015fa\u011f\u0131da sunuldu. Tabloda yer almayan yard\u0131m kampanyalar\u0131 valili\u011fimizin oluru olmadan ger\u00e7ekle\u015ftiriliyor. Doland\u0131r\u0131c\u0131l\u0131k olaylar\u0131na kar\u015f\u0131 duyarl\u0131 olunmas\u0131 amac\u0131yla t\u00fcm kamuoyuna sayg\u0131yla duyurulur.\u201d ifadelerine yer verildi. \u200bAntalya Valili\u011fi son g\u00fcnlerde artan SMA Tip-1 yard\u0131m kampanyalar\u0131na kar\u015f\u0131 uyar\u0131larda bulundu. Valilik tabloda yer almayan yard\u0131m kampanyalar\u0131n\u0131n &hellip;\" \/>\n<meta property=\"og:url\" content=\"https:\/\/denizcankizil.tr\/ru\/haberler\/gundem\/antalyada-dolandiricilarin-hedefinde-sma-hastasi-cocuklar-var\/\" \/>\n<meta property=\"og:site_name\" content=\"Av. Deniz Can K\u0131z\u0131l\" \/>\n<meta property=\"article:published_time\" content=\"2025-02-09T14:41:16+00:00\" \/>\n<meta name=\"author\" content=\"Antalya K\u00f6rfez\" \/>\n<meta name=\"twitter:card\" content=\"summary_large_image\" \/>\n<meta name=\"twitter:label1\" content=\"\u041d\u0430\u043f\u0438\u0441\u0430\u043d\u043e \u0430\u0432\u0442\u043e\u0440\u043e\u043c\" \/>\n\t<meta name=\"twitter:data1\" content=\"Antalya K\u00f6rfez\" \/>\n\t<meta name=\"twitter:label2\" content=\"\u041f\u0440\u0438\u043c\u0435\u0440\u043d\u043e\u0435 \u0432\u0440\u0435\u043c\u044f \u0434\u043b\u044f \u0447\u0442\u0435\u043d\u0438\u044f\" \/>\n\t<meta name=\"twitter:data2\" content=\"2 \u043c\u0438\u043d\u0443\u0442\u044b\" \/>\n<script type=\"application\/ld+json\" class=\"yoast-schema-graph\">{\"@context\":\"https:\/\/schema.org\",\"@graph\":[{\"@type\":\"Article\",\"@id\":\"https:\/\/denizcankizil.tr\/de\/haberler\/gundem\/antalyada-dolandiricilarin-hedefinde-sma-hastasi-cocuklar-var\/#article\",\"isPartOf\":{\"@id\":\"https:\/\/denizcankizil.tr\/de\/haberler\/gundem\/antalyada-dolandiricilarin-hedefinde-sma-hastasi-cocuklar-var\/\"},\"author\":{\"name\":\"Antalya K\u00f6rfez\",\"@id\":\"https:\/\/denizcankizil.tr\/de\/#\/schema\/person\/e1eb71bb4dd684d46563f0af307e1234\"},\"headline\":\"Antalya\u2019da doland\u0131r\u0131c\u0131lar\u0131n hedefinde SMA hastas\u0131 \u00e7ocuklar var!\",\"datePublished\":\"2025-02-09T14:41:16+00:00\",\"mainEntityOfPage\":{\"@id\":\"https:\/\/denizcankizil.tr\/de\/haberler\/gundem\/antalyada-dolandiricilarin-hedefinde-sma-hastasi-cocuklar-var\/\"},\"wordCount\":340,\"commentCount\":0,\"publisher\":{\"@id\":\"https:\/\/denizcankizil.tr\/de\/#organization\"},\"articleSection\":[\"G\u00fcndem\"],\"inLanguage\":\"ru-RU\",\"potentialAction\":[{\"@type\":\"CommentAction\",\"name\":\"Comment\",\"target\":[\"https:\/\/denizcankizil.tr\/de\/haberler\/gundem\/antalyada-dolandiricilarin-hedefinde-sma-hastasi-cocuklar-var\/#respond\"]}]},{\"@type\":\"WebPage\",\"@id\":\"https:\/\/denizcankizil.tr\/de\/haberler\/gundem\/antalyada-dolandiricilarin-hedefinde-sma-hastasi-cocuklar-var\/\",\"url\":\"https:\/\/denizcankizil.tr\/de\/haberler\/gundem\/antalyada-dolandiricilarin-hedefinde-sma-hastasi-cocuklar-var\/\",\"name\":\"Antalya\u2019da doland\u0131r\u0131c\u0131lar\u0131n hedefinde SMA hastas\u0131 \u00e7ocuklar var! - Av. Deniz Can K\u0131z\u0131l\",\"isPartOf\":{\"@id\":\"https:\/\/denizcankizil.tr\/de\/#website\"},\"datePublished\":\"2025-02-09T14:41:16+00:00\",\"breadcrumb\":{\"@id\":\"https:\/\/denizcankizil.tr\/de\/haberler\/gundem\/antalyada-dolandiricilarin-hedefinde-sma-hastasi-cocuklar-var\/#breadcrumb\"},\"inLanguage\":\"ru-RU\",\"potentialAction\":[{\"@type\":\"ReadAction\",\"target\":[\"https:\/\/denizcankizil.tr\/de\/haberler\/gundem\/antalyada-dolandiricilarin-hedefinde-sma-hastasi-cocuklar-var\/\"]}]},{\"@type\":\"BreadcrumbList\",\"@id\":\"https:\/\/denizcankizil.tr\/de\/haberler\/gundem\/antalyada-dolandiricilarin-hedefinde-sma-hastasi-cocuklar-var\/#breadcrumb\",\"itemListElement\":[{\"@type\":\"ListItem\",\"position\":1,\"name\":\"Home\",\"item\":\"https:\/\/denizcankizil.tr\/de\/\"},{\"@type\":\"ListItem\",\"position\":2,\"name\":\"Antalya\u2019da doland\u0131r\u0131c\u0131lar\u0131n hedefinde SMA hastas\u0131 \u00e7ocuklar var!\"}]},{\"@type\":\"WebSite\",\"@id\":\"https:\/\/denizcankizil.tr\/de\/#website\",\"url\":\"https:\/\/denizcankizil.tr\/de\/\",\"name\":\"Av. Deniz Can K\u0131z\u0131l\",\"description\":\"Avukat Deniz Can K\u0131z\u0131l Antalya Barosu\",\"publisher\":{\"@id\":\"https:\/\/denizcankizil.tr\/de\/#organization\"},\"potentialAction\":[{\"@type\":\"SearchAction\",\"target\":{\"@type\":\"EntryPoint\",\"urlTemplate\":\"https:\/\/denizcankizil.tr\/de\/?s={search_term_string}\"},\"query-input\":{\"@type\":\"PropertyValueSpecification\",\"valueRequired\":true,\"valueName\":\"search_term_string\"}}],\"inLanguage\":\"ru-RU\"},{\"@type\":\"Organization\",\"@id\":\"https:\/\/denizcankizil.tr\/de\/#organization\",\"name\":\"Av. Deniz Can K\u0131z\u0131l\",\"url\":\"https:\/\/denizcankizil.tr\/de\/\",\"logo\":{\"@type\":\"ImageObject\",\"inLanguage\":\"ru-RU\",\"@id\":\"https:\/\/denizcankizil.tr\/de\/#\/schema\/logo\/image\/\",\"url\":\"http:\/\/denizcankizil.tr\/wp-content\/uploads\/2024\/10\/siyah-logo-svg.svg\",\"contentUrl\":\"http:\/\/denizcankizil.tr\/wp-content\/uploads\/2024\/10\/siyah-logo-svg.svg\",\"width\":1080,\"height\":1080,\"caption\":\"Av. Deniz Can K\u0131z\u0131l\"},\"image\":{\"@id\":\"https:\/\/denizcankizil.tr\/de\/#\/schema\/logo\/image\/\"}},{\"@type\":\"Person\",\"@id\":\"https:\/\/denizcankizil.tr\/de\/#\/schema\/person\/e1eb71bb4dd684d46563f0af307e1234\",\"name\":\"Antalya K\u00f6rfez\",\"image\":{\"@type\":\"ImageObject\",\"inLanguage\":\"ru-RU\",\"@id\":\"https:\/\/denizcankizil.tr\/de\/#\/schema\/person\/image\/\",\"url\":\"https:\/\/secure.gravatar.com\/avatar\/42b01982558a48a0b501fdcab6a408d3717ea5919095ee2e67b0e521799c5905?s=96&d=mm&r=g\",\"contentUrl\":\"https:\/\/secure.gravatar.com\/avatar\/42b01982558a48a0b501fdcab6a408d3717ea5919095ee2e67b0e521799c5905?s=96&d=mm&r=g\",\"caption\":\"Antalya K\u00f6rfez\"},\"sameAs\":[\"http:\/\/www.antalyakorfez.com\"],\"url\":\"https:\/\/www.antalyakorfez.com\/antalyada-dolandiricilarin-hedefinde-sma-hastasi-cocuklar-var\"}]}<\/script>\n<!-- \/ Yoast SEO Premium plugin. -->","yoast_head_json":{"title":"Antalya\u2019da doland\u0131r\u0131c\u0131lar\u0131n hedefinde SMA hastas\u0131 \u00e7ocuklar var! - Av. Deniz Can K\u0131z\u0131l","robots":{"index":"index","follow":"follow","max-snippet":"max-snippet:-1","max-image-preview":"max-image-preview:large","max-video-preview":"max-video-preview:-1"},"canonical":"https:\/\/denizcankizil.tr\/ru\/haberler\/gundem\/antalyada-dolandiricilarin-hedefinde-sma-hastasi-cocuklar-var\/","og_locale":"ru_RU","og_type":"article","og_title":"Antalya\u2019da doland\u0131r\u0131c\u0131lar\u0131n hedefinde SMA hastas\u0131 \u00e7ocuklar var!","og_description":"Antalya Valili\u011fi, son d\u00f6nemde SMA Tip-1 hastal\u0131\u011f\u0131na y\u00f6nelik yard\u0131m kampanyalar\u0131nda ya\u015fanan art\u0131\u015fa dikkat \u00e7ekerek, vatanda\u015flar\u0131 doland\u0131r\u0131c\u0131lara kar\u015f\u0131 uyard\u0131. Valilik, resmi onay olmadan ba\u015flat\u0131lan kampanyalar\u0131n, vatanda\u015flar\u0131n iyi niyetini suiistimal edebilece\u011fi konusunda \u00f6nemli bir a\u00e7\u0131klama yapt\u0131. A\u00e7\u0131klamada, Antalya\u2019da y\u00fcr\u00fct\u00fclen yard\u0131m kampanyalar\u0131n\u0131n, valilik ve ilgili di\u011fer resmi mercilerin izni do\u011frultusunda ger\u00e7ekle\u015ftirildi\u011fi vurguland\u0131. Ancak, baz\u0131 kampanyalar\u0131n izinsiz bir \u015fekilde organize edilerek sosyal medya platformlar\u0131 ve \u00e7e\u015fitli dijital kanallar arac\u0131l\u0131\u011f\u0131yla duyuruldu\u011fu tespit edildi. Bu kampanyalar\u0131n valilik onay\u0131 olmadan ba\u015flat\u0131ld\u0131\u011f\u0131 ve tabloda yer almad\u0131\u011f\u0131 belirtildi. HEDEFLER\u0130NDE SMA HASTASI \u00c7OCUKLAR VAR Antalya K\u00f6rfez Gazetesi muhabiri Ertu\u011frul G\u00fcn&#8217;\u00fcn haberine g\u00f6re; valilik yetkilileri, yard\u0131mlar\u0131n do\u011fru adreslere ula\u015fmas\u0131 ve k\u00f6t\u00fc niyetli ki\u015filerin ma\u011fduriyet yaratmamas\u0131 ad\u0131na vatanda\u015flar\u0131n bu t\u00fcr kampanyalara kar\u015f\u0131 dikkatli olmas\u0131 noktas\u0131nda uyard\u0131. Yap\u0131lan yaz\u0131l\u0131 a\u00e7\u0131klamada, \u201cSMA Tip-1 hastas\u0131 vatanda\u015flar\u0131m\u0131z\u0131n tedavisi ile ilgili d\u00fczenlenen yard\u0131m kampanyalar\u0131 valilik oluru al\u0131narak yap\u0131lmaktad\u0131r. Valili\u011fimizce olur verilen yard\u0131m kampanyalar\u0131na ait hasta bilgileri, valilik olur tarih ve say\u0131s\u0131, faaliyet numaralar\u0131, banka ad\u0131 ve \u015fubesi, hesap numaralar\u0131 ve varsa sms numaralar\u0131n\u0131 i\u00e7eren tablo a\u015fa\u011f\u0131da sunuldu. Tabloda yer almayan yard\u0131m kampanyalar\u0131 valili\u011fimizin oluru olmadan ger\u00e7ekle\u015ftiriliyor. Doland\u0131r\u0131c\u0131l\u0131k olaylar\u0131na kar\u015f\u0131 duyarl\u0131 olunmas\u0131 amac\u0131yla t\u00fcm kamuoyuna sayg\u0131yla duyurulur.\u201d ifadelerine yer verildi. \u200bAntalya Valili\u011fi son g\u00fcnlerde artan SMA Tip-1 yard\u0131m kampanyalar\u0131na kar\u015f\u0131 uyar\u0131larda bulundu. Valilik tabloda yer almayan yard\u0131m kampanyalar\u0131n\u0131n &hellip;","og_url":"https:\/\/denizcankizil.tr\/ru\/haberler\/gundem\/antalyada-dolandiricilarin-hedefinde-sma-hastasi-cocuklar-var\/","og_site_name":"Av. Deniz Can K\u0131z\u0131l","article_published_time":"2025-02-09T14:41:16+00:00","author":"Antalya K\u00f6rfez","twitter_card":"summary_large_image","twitter_misc":{"\u041d\u0430\u043f\u0438\u0441\u0430\u043d\u043e \u0430\u0432\u0442\u043e\u0440\u043e\u043c":"Antalya K\u00f6rfez","\u041f\u0440\u0438\u043c\u0435\u0440\u043d\u043e\u0435 \u0432\u0440\u0435\u043c\u044f \u0434\u043b\u044f \u0447\u0442\u0435\u043d\u0438\u044f":"2 \u043c\u0438\u043d\u0443\u0442\u044b"},"schema":{"@context":"https:\/\/schema.org","@graph":[{"@type":"Article","@id":"https:\/\/denizcankizil.tr\/de\/haberler\/gundem\/antalyada-dolandiricilarin-hedefinde-sma-hastasi-cocuklar-var\/#article","isPartOf":{"@id":"https:\/\/denizcankizil.tr\/de\/haberler\/gundem\/antalyada-dolandiricilarin-hedefinde-sma-hastasi-cocuklar-var\/"},"author":{"name":"Antalya K\u00f6rfez","@id":"https:\/\/denizcankizil.tr\/de\/#\/schema\/person\/e1eb71bb4dd684d46563f0af307e1234"},"headline":"Antalya\u2019da doland\u0131r\u0131c\u0131lar\u0131n hedefinde SMA hastas\u0131 \u00e7ocuklar var!","datePublished":"2025-02-09T14:41:16+00:00","mainEntityOfPage":{"@id":"https:\/\/denizcankizil.tr\/de\/haberler\/gundem\/antalyada-dolandiricilarin-hedefinde-sma-hastasi-cocuklar-var\/"},"wordCount":340,"commentCount":0,"publisher":{"@id":"https:\/\/denizcankizil.tr\/de\/#organization"},"articleSection":["G\u00fcndem"],"inLanguage":"ru-RU","potentialAction":[{"@type":"CommentAction","name":"Comment","target":["https:\/\/denizcankizil.tr\/de\/haberler\/gundem\/antalyada-dolandiricilarin-hedefinde-sma-hastasi-cocuklar-var\/#respond"]}]},{"@type":"WebPage","@id":"https:\/\/denizcankizil.tr\/de\/haberler\/gundem\/antalyada-dolandiricilarin-hedefinde-sma-hastasi-cocuklar-var\/","url":"https:\/\/denizcankizil.tr\/de\/haberler\/gundem\/antalyada-dolandiricilarin-hedefinde-sma-hastasi-cocuklar-var\/","name":"Antalya\u2019da doland\u0131r\u0131c\u0131lar\u0131n hedefinde SMA hastas\u0131 \u00e7ocuklar var! - Av. Deniz Can K\u0131z\u0131l","isPartOf":{"@id":"https:\/\/denizcankizil.tr\/de\/#website"},"datePublished":"2025-02-09T14:41:16+00:00","breadcrumb":{"@id":"https:\/\/denizcankizil.tr\/de\/haberler\/gundem\/antalyada-dolandiricilarin-hedefinde-sma-hastasi-cocuklar-var\/#breadcrumb"},"inLanguage":"ru-RU","potentialAction":[{"@type":"ReadAction","target":["https:\/\/denizcankizil.tr\/de\/haberler\/gundem\/antalyada-dolandiricilarin-hedefinde-sma-hastasi-cocuklar-var\/"]}]},{"@type":"BreadcrumbList","@id":"https:\/\/denizcankizil.tr\/de\/haberler\/gundem\/antalyada-dolandiricilarin-hedefinde-sma-hastasi-cocuklar-var\/#breadcrumb","itemListElement":[{"@type":"ListItem","position":1,"name":"Home","item":"https:\/\/denizcankizil.tr\/de\/"},{"@type":"ListItem","position":2,"name":"Antalya\u2019da doland\u0131r\u0131c\u0131lar\u0131n hedefinde SMA hastas\u0131 \u00e7ocuklar var!"}]},{"@type":"WebSite","@id":"https:\/\/denizcankizil.tr\/de\/#website","url":"https:\/\/denizcankizil.tr\/de\/","name":"Av. Deniz Can K\u0131z\u0131l","description":"Avukat Deniz Can K\u0131z\u0131l Antalya Barosu","publisher":{"@id":"https:\/\/denizcankizil.tr\/de\/#organization"},"potentialAction":[{"@type":"SearchAction","target":{"@type":"EntryPoint","urlTemplate":"https:\/\/denizcankizil.tr\/de\/?s={search_term_string}"},"query-input":{"@type":"PropertyValueSpecification","valueRequired":true,"valueName":"search_term_string"}}],"inLanguage":"ru-RU"},{"@type":"Organization","@id":"https:\/\/denizcankizil.tr\/de\/#organization","name":"Av. Deniz Can K\u0131z\u0131l","url":"https:\/\/denizcankizil.tr\/de\/","logo":{"@type":"ImageObject","inLanguage":"ru-RU","@id":"https:\/\/denizcankizil.tr\/de\/#\/schema\/logo\/image\/","url":"http:\/\/denizcankizil.tr\/wp-content\/uploads\/2024\/10\/siyah-logo-svg.svg","contentUrl":"http:\/\/denizcankizil.tr\/wp-content\/uploads\/2024\/10\/siyah-logo-svg.svg","width":1080,"height":1080,"caption":"Av. Deniz Can K\u0131z\u0131l"},"image":{"@id":"https:\/\/denizcankizil.tr\/de\/#\/schema\/logo\/image\/"}},{"@type":"Person","@id":"https:\/\/denizcankizil.tr\/de\/#\/schema\/person\/e1eb71bb4dd684d46563f0af307e1234","name":"Antalya K\u00f6rfez","image":{"@type":"ImageObject","inLanguage":"ru-RU","@id":"https:\/\/denizcankizil.tr\/de\/#\/schema\/person\/image\/","url":"https:\/\/secure.gravatar.com\/avatar\/42b01982558a48a0b501fdcab6a408d3717ea5919095ee2e67b0e521799c5905?s=96&d=mm&r=g","contentUrl":"https:\/\/secure.gravatar.com\/avatar\/42b01982558a48a0b501fdcab6a408d3717ea5919095ee2e67b0e521799c5905?s=96&d=mm&r=g","caption":"Antalya K\u00f6rfez"},"sameAs":["http:\/\/www.antalyakorfez.com"],"url":"https:\/\/www.antalyakorfez.com\/antalyada-dolandiricilarin-hedefinde-sma-hastasi-cocuklar-var"}]}},"_links":{"self":[{"href":"http:\/\/denizcankizil.tr\/ru\/wp-json\/wp\/v2\/posts\/31503","targetHints":{"allow":["GET"]}}],"collection":[{"href":"http:\/\/denizcankizil.tr\/ru\/wp-json\/wp\/v2\/posts"}],"about":[{"href":"http:\/\/denizcankizil.tr\/ru\/wp-json\/wp\/v2\/types\/post"}],"author":[{"embeddable":true,"href":"http:\/\/denizcankizil.tr\/ru\/wp-json\/wp\/v2\/users\/5"}],"replies":[{"embeddable":true,"href":"http:\/\/denizcankizil.tr\/ru\/wp-json\/wp\/v2\/comments?post=31503"}],"version-history":[{"count":0,"href":"http:\/\/denizcankizil.tr\/ru\/wp-json\/wp\/v2\/posts\/31503\/revisions"}],"wp:attachment":[{"href":"http:\/\/denizcankizil.tr\/ru\/wp-json\/wp\/v2\/media?parent=31503"}],"wp:term":[{"taxonomy":"category","embeddable":true,"href":"http:\/\/denizcankizil.tr\/ru\/wp-json\/wp\/v2\/categories?post=31503"},{"taxonomy":"post_tag","embeddable":true,"href":"http:\/\/denizcankizil.tr\/ru\/wp-json\/wp\/v2\/tags?post=31503"}],"curies":[{"name":"wp","href":"https:\/\/api.w.org\/{rel}","templated":true}]}}