{"id":31484,"date":"2025-02-09T14:56:19","date_gmt":"2025-02-09T11:56:19","guid":{"rendered":"https:\/\/denizcankizil.tr\/uncategorized-tr\/turk-hukukunda-silah-kavrami-tanim-ve-hukuki-cerceve\/"},"modified":"2025-02-09T14:56:19","modified_gmt":"2025-02-09T11:56:19","slug":"turk-hukukunda-silah-kavrami-tanim-ve-hukuki-cerceve","status":"publish","type":"post","link":"http:\/\/denizcankizil.tr\/ru\/koseyazilari\/degerlendirme\/turk-hukukunda-silah-kavrami-tanim-ve-hukuki-cerceve\/","title":{"rendered":"T\u00fcrk Hukukunda Silah Kavram\u0131: Tan\u0131m ve Hukuki \u00c7er\u00e7eve"},"content":{"rendered":"<p> <strong>T\u00fcrk \u200dHukukunda Silah Kavram\u0131: Tan\u0131m ve Hukuki \u00c7er\u00e7eve<\/strong><\/p>\n<p>Silah kavram\u0131, hukuk sistemleri\u200d a\u00e7\u0131s\u0131ndan \u00f6nemli bir yer tutmakta olup, \u00f6zellikle ceza hukuku ve kamu g\u00fcvenli\u011fi ba\u011flam\u0131nda derinlemesine incelenmesi gereken bir konudur. T\u00fcrk \u2064hukukunda <a href=\"https:\/\/denizcankizil.tr\/ru\/hukukihaber\/aymnin-2020-6821-basvuru-numarali-karari\/\" title=\"AYM&#039;nin 2020\/6821 ba\u015fvuru numaral\u0131 karar\u0131\">silah<\/a>, yaln\u0131zca fiziksel bir nesne olman\u0131n \u00f6tesinde, bireylerin hak \u2063ve \u00f6zg\u00fcrl\u00fckleri\u2063 ile toplumsal d\u00fczenin\u2064 korunmas\u0131\u200b a\u00e7\u0131s\u0131ndan kritik\u200b bir \u2064unsurdur. Bu makalede, T\u00fcrk hukukunda silah\u0131n tan\u0131m\u0131, \u200bhukuki \u200c\u00e7er\u00e7evesi ve \u2064ilgili\u200b mevzuatlar \u0131\u015f\u0131\u011f\u0131nda de\u011ferlendirilmesi ama\u00e7lanmaktad\u0131r. Ayr\u0131ca, silah\u200b kavram\u0131n\u0131n yasal d\u00fczenlemelerle \u200cnas\u0131l \u015fekillendi\u011fi ve uygulamadaki yans\u0131malar\u0131 \u00fczerinde durulacakt\u0131r. Bu ba\u011flamda, \u200dsilah\u0131n tan\u0131m\u0131na dair farkl\u0131 g\u00f6r\u00fc\u015fler, yasal d\u00fczenlemeler ve Yarg\u0131tay i\u00e7tihatlar\u0131 \u0131\u015f\u0131\u011f\u0131nda konunun derinlemesine analizi yap\u0131lacakt\u0131r. B\u00f6ylece,\u2062 T\u00fcrk \u2064hukukundaki silah kavram\u0131n\u0131n kapsam\u0131 ve \u00f6nemi daha iyi anla\u015f\u0131lacakt\u0131r.<br \/><img decoding=\"async\" class=\"kimage_class lazyload\" data-src=\"https:\/\/denizcankizil.tr\/wp-content\/uploads\/2024\/10\/4380-antalyada-sahtecilik-suclarina-bakan-avukat-ve-mahkemeler.jpg\" alt=\"T\u00fcrk \u200dHukukunda \u200dSilah Kavram\u0131n\u0131n Tan\u0131m\u0131 ve \u00d6nemi\" src=\"data:image\/svg+xml;base64,PHN2ZyB3aWR0aD0iMSIgaGVpZ2h0PSIxIiB4bWxucz0iaHR0cDovL3d3dy53My5vcmcvMjAwMC9zdmciPjwvc3ZnPg==\"><\/p>\n<h2 id=\"turk-hukukunda-silah-kavraminin-tanimi-ve-onemi\">T\u00fcrk Hukukunda\u2063 Silah Kavram\u0131n\u0131n Tan\u0131m\u0131 ve \u00d6nemi<\/h2>\n<p><strong>T\u00fcrk hukukunda silah \u2064kavram\u0131, ceza hukuku ve g\u00fcvenlik hukuku a\u00e7\u0131s\u0131ndan b\u00fcy\u00fck\u200b bir \u00f6neme sahiptir.<\/strong> Silah, <a href=\"https:\/\/denizcankizil.tr\/ru\/hukukihaber\/aymnin-2020-16404-basvuru-numarali-karari\/\" title=\"AYM&#039;nin 2020\/16404 ba\u015fvuru numaral\u0131 karar\u0131\">genel olarak<\/a>, bir ki\u015finin ba\u015fkalar\u0131na zarar verme amac\u0131yla\u200c kullanabilece\u011fi, \u2064fiziksel bir g\u00fc\u00e7 unsuru olarak tan\u0131mlanabilir. Bu tan\u0131m,\u200c hem \u200cate\u015fli \u200csilahlar\u0131\u200c hem de ate\u015fsiz\u200b silahlar\u0131 kapsar. T\u00fcrk \u2064Ceza Kanunu&#8217;nda silahlar\u0131n tan\u0131m\u0131 ve kullan\u0131m\u0131\u200c ile ilgili \u00e7e\u015fitli d\u00fczenlemeler bulunmaktad\u0131r. Bu d\u00fczenlemeler,\u2062 silahlar\u0131n edinimi, ta\u015f\u0131nmas\u0131 ve\u200c bulundurulmas\u0131 gibi konular\u0131 kapsamaktad\u0131r.<\/p>\n<p><strong>Silah kavram\u0131n\u0131n hukuki \u00e7er\u00e7evesi, g\u00fcvenlik ve kamu d\u00fczeninin korunmas\u0131 a\u00e7\u0131s\u0131ndan kritik\u2063 bir rol oynamaktad\u0131r.<\/strong> Silahlar\u0131n kontrol\u00fc, su\u00e7 oranlar\u0131n\u0131n\u200c azalt\u0131lmas\u0131\u200b ve toplumda g\u00fcvenli\u011fin sa\u011flanmas\u0131 amac\u0131yla\u2062 devlet\u2062 taraf\u0131ndan s\u0131k\u0131 bir \u015fekilde\u200c denetlenmektedir. Bu \u2062ba\u011flamda, silah bulundurma izni, belirli \u015fartlara ba\u011fl\u0131 olarak verilmektedir. Ayr\u0131ca, silahlar\u0131n k\u00f6t\u00fcye kullan\u0131lmas\u0131n\u0131 \u00f6nlemek amac\u0131yla, \u00e7e\u015fitli yapt\u0131r\u0131mlar ve \u200bcezai m\u00fceyyideler \u00f6ng\u00f6r\u00fclmektedir.<\/p>\n<p><strong>Sonu\u00e7 olarak, T\u00fcrk hukukunda silah kavram\u0131, hem bireysel haklar\u0131n korunmas\u0131 hem de toplumsal g\u00fcvenli\u011fin\u2063 sa\u011flanmas\u0131 a\u00e7\u0131s\u0131ndan \u00f6nemli bir yere\u200d sahiptir.<\/strong> \u200c Bu nedenle, silahlar\u0131n hukuki stat\u00fcs\u00fc ve d\u00fczenlemeleri, hukuk sisteminin temel unsurlar\u0131ndan biri \u200bolarak de\u011ferlendirilmektedir.\u200b Silahlar\u0131n\u2064 kullan\u0131m\u0131 ve kontrol\u00fc ile ilgili yasalar\u0131n\u200c etkin bir \u015fekilde uygulanmas\u0131, toplumda g\u00fcvenli\u011fin \u2064tesis edilmesi a\u00e7\u0131s\u0131ndan hayati\u200b \u00f6neme sahiptir.<\/p>\n<p><img decoding=\"async\" class=\"kimage_class lazyload\" data-src=\"https:\/\/denizcankizil.tr\/wp-content\/uploads\/2024\/10\/78x381.jpg\" alt=\"Silah\u200c Kavram\u0131n\u0131n Tarihsel Geli\u015fimi\" src=\"data:image\/svg+xml;base64,PHN2ZyB3aWR0aD0iMSIgaGVpZ2h0PSIxIiB4bWxucz0iaHR0cDovL3d3dy53My5vcmcvMjAwMC9zdmciPjwvc3ZnPg==\"><\/p>\n<h2 id=\"silah-kavraminin-tarihsel-gelisimi\">Silah Kavram\u0131n\u0131n Tarihsel Geli\u015fimi<\/h2>\n<section>\n<p>Silah kavram\u0131, insanl\u0131k tarihi boyunca \u00e7e\u015fitli evrelerden ge\u00e7erek \u200bg\u00fcn\u00fcm\u00fcze ula\u015fm\u0131\u015ft\u0131r. \u0130lk\u200b d\u00f6nemlerde, silahlar basit \u200caletler olarak ortaya \u00e7\u0131km\u0131\u015f, zamanla teknolojik geli\u015fmelerle birlikte daha karma\u015f\u0131k ve etkili hale\u200b gelmi\u015ftir.\u200b Bu s\u00fcre\u00e7te,\u2064 silahlar\u0131n toplumsal ve hukuki boyutlar\u0131\u200b da \u00f6nemli bir yer tutmu\u015ftur.<\/p>\n<p>Silahlar\u0131n tarihsel geli\u015fimi, a\u015fa\u011f\u0131daki unsurlarla \u015fekillenmi\u015ftir:<\/p>\n<ul>\n<li><strong>Antik D\u00f6nem:<\/strong> \u0130lk silahlar, avc\u0131l\u0131k\u200c ve savunma amac\u0131yla kullan\u0131lan ta\u015f ve metal aletlerdir.<\/li>\n<li><strong>Orta\u200c \u00c7a\u011f:<\/strong> \u200bK\u0131l\u0131\u00e7lar, m\u0131zraklar ve \u2063oklar gibi daha geli\u015fmi\u015f silahlar, sava\u015flar\u0131n seyrini de\u011fi\u015ftirmi\u015ftir.<\/li>\n<li><strong>Modern D\u00f6nem:<\/strong> \u200cAte\u015fli silahlar\u0131n icad\u0131, sava\u015f stratejilerini ve toplumsal yap\u0131lar\u0131 derinden etkilemi\u015ftir.<\/li>\n<\/ul>\n<p>G\u00fcn\u00fcm\u00fczde, silah kavram\u0131 sadece \u2064fiziksel bir nesne olman\u0131n \u00f6tesine ge\u00e7erek, hukuki d\u00fczenlemelerle de \u015fekillenmektedir. Bu ba\u011flamda, silahlar\u0131n \u200bkullan\u0131m\u0131, bulundurulmas\u0131 ve ta\u015f\u0131nmas\u0131 \u200bgibi konular, \u00e7e\u015fitli yasalar ve \u2064y\u00f6netmeliklerle d\u00fczenlenmektedir. \u200cT\u00fcrk hukukunda da \u200csilah kavram\u0131, bu \u00e7er\u00e7evede ele \u2064al\u0131nmakta ve hukuki normlarla belirlenmektedir.<\/p>\n<\/section>\n<h2 id=\"turk-ceza-kanununda-silahlarin-siniflandirilmasi\">T\u00fcrk Ceza Kanununda \u2064Silahlar\u0131n S\u0131n\u0131fland\u0131r\u0131lmas\u0131<\/h2>\n<section>\n<p>T\u00fcrk Ceza Kanunu, silahlar\u0131n s\u0131n\u0131fland\u0131r\u0131lmas\u0131na ili\u015fkin belirli d\u00fczenlemeler i\u00e7ermektedir. Bu d\u00fczenlemeler, silahlar\u0131n t\u00fcrlerine g\u00f6re farkl\u0131 kategorilere ayr\u0131lmas\u0131n\u0131 sa\u011flamaktad\u0131r. Silahlar\u0131n s\u0131n\u0131fland\u0131r\u0131lmas\u0131, hem g\u00fcvenlik hem de hukuki sorumluluk a\u00e7\u0131s\u0131ndan \u2063b\u00fcy\u00fck \u00f6nem ta\u015f\u0131maktad\u0131r.\u200d T\u00fcrk Ceza Kanunu&#8217;nda silahlar \u2062genel olarak a\u015fa\u011f\u0131daki gibi \u200ds\u0131n\u0131fland\u0131r\u0131lmaktad\u0131r:<\/p>\n<ul>\n<li><strong>Yasak Silahlar:<\/strong> Kullan\u0131m\u0131 tamamen \u2062yasak olan silahlar, toplum g\u00fcvenli\u011fini tehdit eden unsurlar aras\u0131nda\u200b yer almaktad\u0131r.<\/li>\n<li><strong>\u0130zinli Silahlar:<\/strong> \u200dBelirli \u2062\u015fartlar alt\u0131nda ve\u200c resmi izinle bulundurulabilen silahlar, yasal \u00e7er\u00e7evede tan\u0131mlanmaktad\u0131r.<\/li>\n<li><strong>Askeri\u200c Silahlar:<\/strong> \u200cSadece askeri \u200bpersonel taraf\u0131ndan kullan\u0131labilen ve \u00f6zel d\u00fczenlemelere tabi \u2064olan silahlar, bu kategoriye \u200cgirmektedir.<\/li>\n<\/ul>\n<p>Bu s\u0131n\u0131fland\u0131rma, silahlar\u0131n kullan\u0131m\u0131na ili\u015fkin hukuki \u00e7er\u00e7eveyi belirlerken, ayn\u0131 zamanda su\u00e7 te\u015fkil\u2063 eden\u200b eylemlerin de \u2064tan\u0131mlanmas\u0131na yard\u0131mc\u0131 \u2063olmaktad\u0131r. Silahlar\u0131n \u2063bulundurulmas\u0131, ta\u015f\u0131nmas\u0131 ve kullan\u0131lmas\u0131 ile \u200bilgili \u200bkurallar,\u200c T\u00fcrk\u2063 Ceza Kanunu&#8217;nda\u200c a\u00e7\u0131k\u00e7a belirtilmi\u015f olup, bu kurallara ayk\u0131r\u0131 hareket eden bireyler i\u00e7in \u00e7e\u015fitli yapt\u0131r\u0131mlar \u00f6ng\u00f6r\u00fclmektedir. Dolay\u0131s\u0131yla, silahlar\u0131n hukuki stat\u00fcs\u00fc, bireylerin ve toplumun\u2062 g\u00fcvenli\u011fi a\u00e7\u0131s\u0131ndan kritik bir\u200d \u00f6neme sahiptir.<\/p>\n<\/section>\n<p><img decoding=\"async\" class=\"kimage_class lazyload\" data-src=\"https:\/\/denizcankizil.tr\/wp-content\/uploads\/2024\/10\/mpmXk-253D.jpg\" alt=\"Silahlar\u0131n Bulundurulmas\u0131 ve Ta\u015f\u0131nmas\u0131 ile \u0130lgili Hukuki D\u00fczenlemeler\" src=\"data:image\/svg+xml;base64,PHN2ZyB3aWR0aD0iMSIgaGVpZ2h0PSIxIiB4bWxucz0iaHR0cDovL3d3dy53My5vcmcvMjAwMC9zdmciPjwvc3ZnPg==\"><\/p>\n<h2 id=\"silahlarin-bulundurulmasi-ve-tasinmasi-ile-ilgili-hukuki-duzenlemeler\">Silahlar\u0131n \u200dBulundurulmas\u0131 ve Ta\u015f\u0131nmas\u0131 ile\u200b \u0130lgili\u200b Hukuki D\u00fczenlemeler<\/h2>\n<section>\n<p>T\u00fcrk\u200b hukukunda silahlar\u0131n bulundurulmas\u0131 ve ta\u015f\u0131nmas\u0131, belirli \u200dyasal \u00e7er\u00e7eveler i\u00e7erisinde d\u00fczenlenmi\u015ftir. Bu d\u00fczenlemeler, \u200bbireylerin g\u00fcvenli\u011fini sa\u011flamak ve kamu\u200b d\u00fczenini korumak \u200bamac\u0131yla olu\u015fturulmu\u015ftur. Silah bulundurma ve \u2064ta\u015f\u0131ma izinleri, <strong>6136 say\u0131l\u0131 Ate\u015fli\u2063 Silahlar ve B\u0131\u00e7aklar\u200c ile Di\u011fer Aletler Hakk\u0131nda Kanun<\/strong> ile belirlenmi\u015f\u200d olup,\u200b bu\u200b kanun \u00e7er\u00e7evesinde \u00e7e\u015fitli \u015fartlar ve prosed\u00fcrler\u2062 \u00f6ng\u00f6r\u00fclmektedir.<\/p>\n<p>Silah bulundurmak isteyen bireylerin, \u2063\u00f6ncelikle belirli kriterleri kar\u015f\u0131lamas\u0131 gerekmektedir. Bu kriterler aras\u0131nda:<\/p>\n<ul>\n<li>18 ya\u015f\u0131n\u0131 \u2064doldurmu\u015f olmak,<\/li>\n<li>Adli\u2062 sicil kayd\u0131n\u0131n\u2064 temiz olmas\u0131,<\/li>\n<li>Silah\u0131n\u2062 <a href=\"https:\/\/denizcankizil.tr\/ru\/hukukihaber\/gemiadamlari-ve-kilavuz-kaptanlar-yonetmeligi\/\" title=\"Gemiadamlar\u0131 ve K\u0131lavuz Kaptanlar Y\u00f6netmeli\u011fi\">kullan\u0131m amac\u0131<\/a>n\u0131n belirlenmesi.<\/li>\n<\/ul>\n<p>Ayr\u0131ca, silah ta\u015f\u0131ma \u2064izni almak\u2064 isteyen ki\u015filerin, ilgili makamlara ba\u015fvurarak\u200d gerekli \u2063belgeleri sunmas\u0131 ve belirli bir \u2062e\u011fitim s\u00fcrecinden ge\u00e7mesi gerekmektedir. Bu s\u00fcre\u00e7, silahlar\u0131n g\u00fcvenli bir \u015fekilde kullan\u0131lmas\u0131 ve ta\u015f\u0131nmas\u0131 a\u00e7\u0131s\u0131ndan b\u00fcy\u00fck \u00f6nem ta\u015f\u0131maktad\u0131r. Yasal\u200d d\u00fczenlemeler, silahlar\u0131n hangi ko\u015fullarda ta\u015f\u0131nabilece\u011fini de belirlemekte, bu kapsamda kamuya a\u00e7\u0131k alanlarda silah ta\u015f\u0131mak i\u00e7in \u00f6zel izinler gerekmektedir.<\/p>\n<p>Sonu\u00e7 olarak, T\u00fcrk\u2062 hukukunda silahlar\u0131n bulundurulmas\u0131 ve ta\u015f\u0131nmas\u0131, bireylerin haklar\u0131 ile kamu g\u00fcvenli\u011fi aras\u0131nda bir denge kurmay\u0131 ama\u00e7layan kapsaml\u0131\u2064 bir d\u00fczenleme ile ele\u200d al\u0131nmaktad\u0131r.\u200d Bu d\u00fczenlemelere uyulmas\u0131, hem bireylerin \u2063hem de toplumun g\u00fcvenli\u011fi a\u00e7\u0131s\u0131ndan kritik bir \u00f6neme sahiptir.<\/p>\n<\/section>\n<p><img decoding=\"async\" class=\"kimage_class lazyload\" data-src=\"https:\/\/denizcankizil.tr\/wp-content\/uploads\/2024\/10\/4698-d180d0bed0bbd18c-d0b0d0b4d0b2d0bed0bad0b0d182d0b0-d0b2-d0b4d0b5d0bbd0b0d185-d0be-d0b3d180d0b0d0b6d0b4d0b0d0bdd181d182d0b2d0b5-d0b8-d0b8.jpg\" alt=\"Silahlar\u0131n Kullan\u0131m\u0131na \u2063\u0130li\u015fkin Yasal S\u0131n\u0131rlamalar\" src=\"data:image\/svg+xml;base64,PHN2ZyB3aWR0aD0iMSIgaGVpZ2h0PSIxIiB4bWxucz0iaHR0cDovL3d3dy53My5vcmcvMjAwMC9zdmciPjwvc3ZnPg==\"><\/p>\n<h2 id=\"silahlarin-kullanimina-iliskin-yasal-sinirlamalar\">Silahlar\u0131n\u200c Kullan\u0131m\u0131na \u0130li\u015fkin Yasal S\u0131n\u0131rlamalar<\/h2>\n<section>\n<p>T\u00fcrk\u2063 hukukunda silahlar\u0131n kullan\u0131m\u0131,\u2064 belirli yasal \u00e7er\u00e7evelerle \u200dd\u00fczenlenmi\u015ftir. Bu d\u00fczenlemeler, hem bireylerin \u200cg\u00fcvenli\u011fini sa\u011flamak hem de kamu d\u00fczenini \u200bkorumak amac\u0131 ta\u015f\u0131maktad\u0131r. Silahlar\u0131n \u2062kullan\u0131m\u0131yla ilgili <a href=\"https:\/\/denizcankizil.tr\/ru\/hukukihaber\/aymnin-2024-114-esas-2024-186-karar-sayili-karari\/\" title=\"AYM&#039;nin 2024\/114 esas - 2024\/186 karar say\u0131l\u0131 karar\u0131\">yasal s\u0131n\u0131rlamalar<\/a>, 6136 say\u0131l\u0131 Kanun ile belirlenmi\u015f \u200colup, bu kanun \u00e7er\u00e7evesinde \u00e7e\u015fitli maddelerle silah edinme, \u200bta\u015f\u0131ma ve kullanma \u015fartlar\u0131 net \u2063bir \u015fekilde ortaya \u2064konulmu\u015ftur.<\/p>\n<p>Silahlar\u0131n kullan\u0131m\u0131yla ilgili yasal\u2063 s\u0131n\u0131rlamalar a\u015fa\u011f\u0131daki gibi \u00f6zetlenebilir:<\/p>\n<ul>\n<li><strong>Silah Edinme \u0130zni:<\/strong> Bireylerin silah edinmesi i\u00e7in \u00f6ncelikle gerekli izinleri \u200dalmas\u0131 gerekmektedir. Bu izinler, belirli \u015fartlar\u0131n yerine getirilmesiyle verilmektedir.<\/li>\n<li><strong>Ta\u015f\u0131ma \u0130zni:<\/strong> \u200b Silah ta\u015f\u0131ma izni, yaln\u0131zca belirli ko\u015fullar\u0131 sa\u011flayan bireylere verilmektedir. Ta\u015f\u0131ma izni olmayan ki\u015filerin silah bulundurmas\u0131 \u2062yasakt\u0131r.<\/li>\n<li><strong>Kullan\u0131m Amac\u0131:<\/strong> \u2062Silahlar\u0131n\u2064 hangi ama\u00e7larla kullan\u0131labilece\u011fi, yasal d\u00fczenlemelerle belirlenmi\u015ftir. Bu ama\u00e7lar d\u0131\u015f\u0131nda \u2064silah kullan\u0131m\u0131, \u2063hukuka ayk\u0131r\u0131 olarak de\u011ferlendirilmektedir.<\/li>\n<li><strong>Ceza\u00ee Sorumluluk:<\/strong> Yasalara ayk\u0131r\u0131 olarak silah kullanan bireyler, ciddi \u2063ceza\u00ee yapt\u0131r\u0131mlarla kar\u015f\u0131la\u015fabilirler. \u2064Bu durum, silahlar\u0131n sorumlu bir \u015fekilde kullan\u0131lmas\u0131n\u0131n \u200d\u00f6nemini vurgulamaktad\u0131r.<\/li>\n<\/ul>\n<p>Sonu\u00e7 olarak,\u2063 T\u00fcrk hukukunda\u2064 silahlar\u0131n kullan\u0131m\u0131, bireylerin ve toplumun g\u00fcvenli\u011fini \u200bsa\u011flamak amac\u0131yla s\u0131k\u0131 \u2063bir \u015fekilde denetlenmektedir. Yasal s\u0131n\u0131rlamalar, silahlar\u0131n sorumlu bir \u015fekilde kullan\u0131lmas\u0131n\u0131 te\u015fvik etmekte ve hukuka\u2062 ayk\u0131r\u0131 davran\u0131\u015flar\u0131n \u00f6n\u00fcne ge\u00e7meyi\u2063 hedeflemektedir.<\/p>\n<\/section>\n<h2 id=\"silah-kavraminin-uygulamadaki-problemleri-ve-cozum-onerileri\">Silah Kavram\u0131n\u0131n Uygulamadaki\u2062 Problemleri ve \u00c7\u00f6z\u00fcm \u00d6nerileri<\/h2>\n<section>\n<p>Silah\u2064 kavram\u0131, T\u00fcrk\u200c hukuk sisteminde \u00f6nemli bir yere sahiptir\u2063 ve \u2062bu kavram\u0131n uygulamadaki \u2062sorunlar\u0131, \u00e7e\u015fitli hukuki ve toplumsal boyutlar\u0131yla ele al\u0131nmal\u0131d\u0131r. \u2063Silahlar\u0131n \u200dtan\u0131m\u0131 ve s\u0131n\u0131fland\u0131r\u0131lmas\u0131, hukukun farkl\u0131 alanlar\u0131nda \u2064farkl\u0131l\u0131klar g\u00f6stermektedir. Bu durum, uygulay\u0131c\u0131lar aras\u0131nda belirsizliklere\u200b yol a\u00e7makta ve hukukun etkinli\u011fini zay\u0131flatmaktad\u0131r. \u00d6zellikle, silahlar\u0131n\u200d ruhsatland\u0131r\u0131lmas\u0131 ve denetimi konular\u0131nda ya\u015fanan sorunlar, toplumda g\u00fcvenlik kayg\u0131lar\u0131n\u0131\u200c art\u0131rmaktad\u0131r.<\/p>\n<p>Uygulamadaki problemler \u2064aras\u0131nda \u200c\u015funlar yer almaktad\u0131r:<\/p>\n<ul>\n<li><strong>Tan\u0131m Belirsizlikleri:<\/strong> \u2064Silah \u2064kavram\u0131n\u0131n hukuki tan\u0131m\u0131nda ya\u015fanan \u200dbelirsizlikler, farkl\u0131\u200b yorumlara neden olmaktad\u0131r.<\/li>\n<li><strong>Ruhsat \u200cS\u00fcre\u00e7leri:<\/strong> Silah ruhsat\u0131 almak i\u00e7in \u200dgereken prosed\u00fcrlerin karma\u015f\u0131kl\u0131\u011f\u0131,\u2062 ba\u015fvuru sahiplerini zor durumda b\u0131rakmaktad\u0131r.<\/li>\n<li><strong>Denetim Eksiklikleri:<\/strong> \u200d Silahlar\u0131n kontrol\u00fc ve \u2064denetimi \u2064konusunda ya\u015fanan yetersizlikler, yasad\u0131\u015f\u0131 silah\u2063 kullan\u0131m\u0131n\u0131 art\u0131rmaktad\u0131r.<\/li>\n<\/ul>\n<p>Bu \u200bsorunlar\u0131n \u200c\u00e7\u00f6z\u00fcm\u00fc i\u00e7in \u00f6nerilen baz\u0131 yakla\u015f\u0131mlar \u015funlard\u0131r:<\/p>\n<ul>\n<li><strong>Hukuki Tan\u0131mlar\u0131n Netle\u015ftirilmesi:<\/strong> Silah kavram\u0131n\u0131n hukuki \u00e7er\u00e7evesinin net bir \u015fekilde belirlenmesi, uygulay\u0131c\u0131lar aras\u0131nda tutarl\u0131l\u0131\u011f\u0131 art\u0131racakt\u0131r.<\/li>\n<li><strong>Ruhsat S\u00fcre\u00e7lerinin Basitle\u015ftirilmesi:<\/strong> Silah ruhsat\u0131 alma s\u00fcre\u00e7lerinin daha anla\u015f\u0131l\u0131r ve eri\u015filebilir hale getirilmesi, ba\u015fvuru sahiplerinin y\u00fck\u00fcn\u00fc hafifletecektir.<\/li>\n<li><strong>Denetim\u2062 Mekanizmalar\u0131n\u0131n G\u00fc\u00e7lendirilmesi:<\/strong> Silahlar\u0131n kontrol\u00fc i\u00e7in daha etkili denetim mekanizmalar\u0131n\u0131n olu\u015fturulmas\u0131, yasad\u0131\u015f\u0131 \u2062kullan\u0131m\u0131 azaltacakt\u0131r.<\/li>\n<\/ul>\n<p>Sonu\u00e7 olarak, silah\u2064 kavram\u0131n\u0131n \u2062hukuki \u00e7er\u00e7evesinin \u2062ve uygulama\u2062 s\u00fcre\u00e7lerinin\u200c g\u00f6zden ge\u00e7irilmesi, T\u00fcrk hukuk sisteminin etkinli\u011fini art\u0131racak\u200b ve toplumsal g\u00fcvenli\u011fi \u200bsa\u011flamada \u00f6nemli bir ad\u0131m\u200d olacakt\u0131r.<\/p>\n<\/section>\n<p>Sonu\u00e7 olarak, \u2063T\u00fcrk\u2062 hukukunda silah kavram\u0131, hem ceza hukuku hem \u200cde \u00f6zel hukuk a\u00e7\u0131s\u0131ndan \u00f6nemli bir yere sahiptir. Silah\u0131n tan\u0131m\u0131, hukuki \u200d\u00e7er\u00e7evesi ve d\u00fczenlemeleri, bireylerin g\u00fcvenli\u011fi ile kamu d\u00fczeninin korunmas\u0131 \u200ca\u00e7\u0131s\u0131ndan kritik bir\u2063 rol oynamaktad\u0131r. Bu ba\u011flamda, silahlar\u0131n edinimi, ta\u015f\u0131nmas\u0131 \u2063ve kullan\u0131m\u0131 ile ilgili yasalar\u0131n titizlikle uygulanmas\u0131, toplumsal bar\u0131\u015f\u0131n sa\u011flanmas\u0131 ve su\u00e7\u200c oranlar\u0131n\u0131n azalt\u0131lmas\u0131 a\u00e7\u0131s\u0131ndan b\u00fcy\u00fck \u00f6nem ta\u015f\u0131maktad\u0131r. \u200cT\u00fcrk hukuk sisteminin, \u200bsilah kavram\u0131n\u0131 ele\u2063 al\u0131rken, hem ulusal hem \u2062de uluslararas\u0131 normlara uygun bir yakla\u015f\u0131m sergilemesi gerekmektedir. Gelecek \u00e7al\u0131\u015fmalar\u0131n, silah kavram\u0131n\u0131n evrimi ve g\u00fcncel hukuki\u200d d\u00fczenlemeler \u2064\u00fczerindeki etkilerini daha derinlemesine incelemesi, bu alandaki \u2064hukuki\u200b belirsizliklerin giderilmesine katk\u0131 sa\u011flayacakt\u0131r. \u2064Bu nedenle, silah kavram\u0131n\u0131n hukuki \u00e7er\u00e7evesinin s\u00fcrekli \u2063olarak g\u00f6zden \u200dge\u00e7irilmesi ve\u2062 g\u00fcncellenmesi, T\u00fcrk hukukunun geli\u015fimi a\u00e7\u0131s\u0131ndan elzemdir. <\/p>","protected":false},"excerpt":{"rendered":"<p>T\u00fcrk hukukunda silah kavram\u0131, Ceza Kanunu ve ilgili mevzuat \u00e7er\u00e7evesinde tan\u0131mlanmakta olup, bireylerin g\u00fcvenli\u011fi ve kamu d\u00fczeninin korunmas\u0131 a\u00e7\u0131s\u0131ndan \u00f6nemli bir yere sahiptir. Silahlar\u0131n bulundurulmas\u0131 ve ta\u015f\u0131nmas\u0131, belirli hukuki d\u00fczenlemelere tabidir.<\/p>","protected":false},"author":4,"featured_media":31485,"comment_status":"open","ping_status":"open","sticky":false,"template":"","format":"standard","meta":{"_acf_changed":false,"footnotes":""},"categories":[22],"tags":[],"class_list":["post-31484","post","type-post","status-publish","format-standard","has-post-thumbnail","hentry","category-degerlendirme"],"acf":[],"yoast_head":"<!-- This site is optimized with the Yoast SEO Premium plugin v26.6 (Yoast SEO v27.1.1) - https:\/\/yoast.com\/product\/yoast-seo-premium-wordpress\/ -->\n<title>T\u00fcrk Hukukunda Silah Kavram\u0131: Tan\u0131m ve Hukuki \u00c7er\u00e7eve - Av. Deniz Can K\u0131z\u0131l<\/title>\n<meta name=\"robots\" content=\"index, follow, max-snippet:-1, max-image-preview:large, max-video-preview:-1\" \/>\n<link rel=\"canonical\" href=\"http:\/\/denizcankizil.tr\/ru\/koseyazilari\/degerlendirme\/turk-hukukunda-silah-kavrami-tanim-ve-hukuki-cerceve\/\" \/>\n<meta property=\"og:locale\" content=\"ru_RU\" \/>\n<meta property=\"og:type\" content=\"article\" \/>\n<meta property=\"og:title\" content=\"T\u00fcrk Hukukunda Silah Kavram\u0131: Tan\u0131m ve Hukuki \u00c7er\u00e7eve\" \/>\n<meta property=\"og:description\" content=\"T\u00fcrk hukukunda silah kavram\u0131, Ceza Kanunu ve ilgili mevzuat \u00e7er\u00e7evesinde tan\u0131mlanmakta olup, bireylerin g\u00fcvenli\u011fi ve kamu d\u00fczeninin korunmas\u0131 a\u00e7\u0131s\u0131ndan \u00f6nemli bir yere sahiptir. Silahlar\u0131n bulundurulmas\u0131 ve ta\u015f\u0131nmas\u0131, belirli hukuki d\u00fczenlemelere tabidir.\" \/>\n<meta property=\"og:url\" content=\"http:\/\/denizcankizil.tr\/ru\/koseyazilari\/degerlendirme\/turk-hukukunda-silah-kavrami-tanim-ve-hukuki-cerceve\/\" \/>\n<meta property=\"og:site_name\" content=\"Av. Deniz Can K\u0131z\u0131l\" \/>\n<meta property=\"article:published_time\" content=\"2025-02-09T11:56:19+00:00\" \/>\n<meta property=\"og:image\" content=\"http:\/\/denizcankizil.tr\/wp-content\/uploads\/2025\/02\/31484-turk-hukukunda-silah-kavrami-tanim-ve-hukuki-cerceve.jpg\" \/>\n\t<meta property=\"og:image:width\" content=\"800\" \/>\n\t<meta property=\"og:image:height\" content=\"800\" \/>\n\t<meta property=\"og:image:type\" content=\"image\/jpeg\" \/>\n<meta name=\"author\" content=\"Av. Deniz Can K\u0131z\u0131l\" \/>\n<meta name=\"twitter:card\" content=\"summary_large_image\" \/>\n<meta name=\"twitter:label1\" content=\"\u041d\u0430\u043f\u0438\u0441\u0430\u043d\u043e \u0430\u0432\u0442\u043e\u0440\u043e\u043c\" \/>\n\t<meta name=\"twitter:data1\" content=\"Av. Deniz Can K\u0131z\u0131l\" \/>\n\t<meta name=\"twitter:label2\" content=\"\u041f\u0440\u0438\u043c\u0435\u0440\u043d\u043e\u0435 \u0432\u0440\u0435\u043c\u044f \u0434\u043b\u044f \u0447\u0442\u0435\u043d\u0438\u044f\" \/>\n\t<meta name=\"twitter:data2\" content=\"9 \u043c\u0438\u043d\u0443\u0442\" \/>\n<script type=\"application\/ld+json\" class=\"yoast-schema-graph\">{\"@context\":\"https:\/\/schema.org\",\"@graph\":[{\"@type\":\"Article\",\"@id\":\"http:\/\/denizcankizil.tr\/ru\/koseyazilari\/degerlendirme\/turk-hukukunda-silah-kavrami-tanim-ve-hukuki-cerceve\/#article\",\"isPartOf\":{\"@id\":\"http:\/\/denizcankizil.tr\/ru\/koseyazilari\/degerlendirme\/turk-hukukunda-silah-kavrami-tanim-ve-hukuki-cerceve\/\"},\"author\":{\"name\":\"Av. Deniz Can K\u0131z\u0131l\",\"@id\":\"https:\/\/denizcankizil.tr\/#\/schema\/person\/5dc1b22991bd7ac833867c10afc9b0ff\"},\"headline\":\"T\u00fcrk Hukukunda Silah Kavram\u0131: Tan\u0131m ve Hukuki \u00c7er\u00e7eve\",\"datePublished\":\"2025-02-09T11:56:19+00:00\",\"mainEntityOfPage\":{\"@id\":\"http:\/\/denizcankizil.tr\/ru\/koseyazilari\/degerlendirme\/turk-hukukunda-silah-kavrami-tanim-ve-hukuki-cerceve\/\"},\"wordCount\":1812,\"commentCount\":0,\"publisher\":{\"@id\":\"https:\/\/denizcankizil.tr\/#organization\"},\"image\":{\"@id\":\"http:\/\/denizcankizil.tr\/ru\/koseyazilari\/degerlendirme\/turk-hukukunda-silah-kavrami-tanim-ve-hukuki-cerceve\/#primaryimage\"},\"thumbnailUrl\":\"http:\/\/denizcankizil.tr\/wp-content\/uploads\/2025\/02\/31484-turk-hukukunda-silah-kavrami-tanim-ve-hukuki-cerceve.jpg\",\"articleSection\":[\"De\u011ferlendirme\"],\"inLanguage\":\"ru-RU\",\"potentialAction\":[{\"@type\":\"CommentAction\",\"name\":\"Comment\",\"target\":[\"http:\/\/denizcankizil.tr\/ru\/koseyazilari\/degerlendirme\/turk-hukukunda-silah-kavrami-tanim-ve-hukuki-cerceve\/#respond\"]}]},{\"@type\":\"WebPage\",\"@id\":\"http:\/\/denizcankizil.tr\/ru\/koseyazilari\/degerlendirme\/turk-hukukunda-silah-kavrami-tanim-ve-hukuki-cerceve\/\",\"url\":\"http:\/\/denizcankizil.tr\/ru\/koseyazilari\/degerlendirme\/turk-hukukunda-silah-kavrami-tanim-ve-hukuki-cerceve\/\",\"name\":\"T\u00fcrk Hukukunda Silah Kavram\u0131: Tan\u0131m ve Hukuki \u00c7er\u00e7eve - Av. Deniz Can K\u0131z\u0131l\",\"isPartOf\":{\"@id\":\"https:\/\/denizcankizil.tr\/#website\"},\"primaryImageOfPage\":{\"@id\":\"http:\/\/denizcankizil.tr\/ru\/koseyazilari\/degerlendirme\/turk-hukukunda-silah-kavrami-tanim-ve-hukuki-cerceve\/#primaryimage\"},\"image\":{\"@id\":\"http:\/\/denizcankizil.tr\/ru\/koseyazilari\/degerlendirme\/turk-hukukunda-silah-kavrami-tanim-ve-hukuki-cerceve\/#primaryimage\"},\"thumbnailUrl\":\"http:\/\/denizcankizil.tr\/wp-content\/uploads\/2025\/02\/31484-turk-hukukunda-silah-kavrami-tanim-ve-hukuki-cerceve.jpg\",\"datePublished\":\"2025-02-09T11:56:19+00:00\",\"breadcrumb\":{\"@id\":\"http:\/\/denizcankizil.tr\/ru\/koseyazilari\/degerlendirme\/turk-hukukunda-silah-kavrami-tanim-ve-hukuki-cerceve\/#breadcrumb\"},\"inLanguage\":\"ru-RU\",\"potentialAction\":[{\"@type\":\"ReadAction\",\"target\":[\"http:\/\/denizcankizil.tr\/ru\/koseyazilari\/degerlendirme\/turk-hukukunda-silah-kavrami-tanim-ve-hukuki-cerceve\/\"]}]},{\"@type\":\"ImageObject\",\"inLanguage\":\"ru-RU\",\"@id\":\"http:\/\/denizcankizil.tr\/ru\/koseyazilari\/degerlendirme\/turk-hukukunda-silah-kavrami-tanim-ve-hukuki-cerceve\/#primaryimage\",\"url\":\"http:\/\/denizcankizil.tr\/wp-content\/uploads\/2025\/02\/31484-turk-hukukunda-silah-kavrami-tanim-ve-hukuki-cerceve.jpg\",\"contentUrl\":\"http:\/\/denizcankizil.tr\/wp-content\/uploads\/2025\/02\/31484-turk-hukukunda-silah-kavrami-tanim-ve-hukuki-cerceve.jpg\",\"width\":800,\"height\":800,\"caption\":\"T\u00fcrk Hukukunda Silah Kavram\u0131: Tan\u0131m ve Hukuki \u00c7er\u00e7eve\"},{\"@type\":\"BreadcrumbList\",\"@id\":\"http:\/\/denizcankizil.tr\/ru\/koseyazilari\/degerlendirme\/turk-hukukunda-silah-kavrami-tanim-ve-hukuki-cerceve\/#breadcrumb\",\"itemListElement\":[{\"@type\":\"ListItem\",\"position\":1,\"name\":\"Home\",\"item\":\"https:\/\/denizcankizil.tr\/de\/\"},{\"@type\":\"ListItem\",\"position\":2,\"name\":\"T\u00fcrk Hukukunda Silah Kavram\u0131: Tan\u0131m ve Hukuki \u00c7er\u00e7eve\"}]},{\"@type\":\"WebSite\",\"@id\":\"https:\/\/denizcankizil.tr\/#website\",\"url\":\"https:\/\/denizcankizil.tr\/\",\"name\":\"Av. Deniz Can K\u0131z\u0131l\",\"description\":\"Avukat Deniz Can K\u0131z\u0131l Antalya Barosu\",\"publisher\":{\"@id\":\"https:\/\/denizcankizil.tr\/#organization\"},\"potentialAction\":[{\"@type\":\"SearchAction\",\"target\":{\"@type\":\"EntryPoint\",\"urlTemplate\":\"https:\/\/denizcankizil.tr\/?s={search_term_string}\"},\"query-input\":{\"@type\":\"PropertyValueSpecification\",\"valueRequired\":true,\"valueName\":\"search_term_string\"}}],\"inLanguage\":\"ru-RU\"},{\"@type\":\"Organization\",\"@id\":\"https:\/\/denizcankizil.tr\/#organization\",\"name\":\"Av. Deniz Can K\u0131z\u0131l\",\"url\":\"https:\/\/denizcankizil.tr\/\",\"logo\":{\"@type\":\"ImageObject\",\"inLanguage\":\"ru-RU\",\"@id\":\"https:\/\/denizcankizil.tr\/#\/schema\/logo\/image\/\",\"url\":\"http:\/\/denizcankizil.tr\/wp-content\/uploads\/2024\/10\/siyah-logo-svg.svg\",\"contentUrl\":\"http:\/\/denizcankizil.tr\/wp-content\/uploads\/2024\/10\/siyah-logo-svg.svg\",\"width\":1080,\"height\":1080,\"caption\":\"Av. Deniz Can K\u0131z\u0131l\"},\"image\":{\"@id\":\"https:\/\/denizcankizil.tr\/#\/schema\/logo\/image\/\"}},{\"@type\":\"Person\",\"@id\":\"https:\/\/denizcankizil.tr\/#\/schema\/person\/5dc1b22991bd7ac833867c10afc9b0ff\",\"name\":\"Av. Deniz Can K\u0131z\u0131l\",\"image\":{\"@type\":\"ImageObject\",\"inLanguage\":\"ru-RU\",\"@id\":\"https:\/\/denizcankizil.tr\/#\/schema\/person\/image\/\",\"url\":\"https:\/\/secure.gravatar.com\/avatar\/a0b128fb9855c79efc976d5640eedb31dc35ec297594d6016d2cf7c60e975bb6?s=96&d=mm&r=g\",\"contentUrl\":\"https:\/\/secure.gravatar.com\/avatar\/a0b128fb9855c79efc976d5640eedb31dc35ec297594d6016d2cf7c60e975bb6?s=96&d=mm&r=g\",\"caption\":\"Av. Deniz Can K\u0131z\u0131l\"},\"sameAs\":[\"http:\/\/www.denizcankizil.tr\"],\"url\":\"http:\/\/denizcankizil.tr\/ru\/author\/denizcankizil\/\"}]}<\/script>\n<!-- \/ Yoast SEO Premium plugin. -->","yoast_head_json":{"title":"T\u00fcrk Hukukunda Silah Kavram\u0131: Tan\u0131m ve Hukuki \u00c7er\u00e7eve - Av. Deniz Can K\u0131z\u0131l","robots":{"index":"index","follow":"follow","max-snippet":"max-snippet:-1","max-image-preview":"max-image-preview:large","max-video-preview":"max-video-preview:-1"},"canonical":"http:\/\/denizcankizil.tr\/ru\/koseyazilari\/degerlendirme\/turk-hukukunda-silah-kavrami-tanim-ve-hukuki-cerceve\/","og_locale":"ru_RU","og_type":"article","og_title":"T\u00fcrk Hukukunda Silah Kavram\u0131: Tan\u0131m ve Hukuki \u00c7er\u00e7eve","og_description":"T\u00fcrk hukukunda silah kavram\u0131, Ceza Kanunu ve ilgili mevzuat \u00e7er\u00e7evesinde tan\u0131mlanmakta olup, bireylerin g\u00fcvenli\u011fi ve kamu d\u00fczeninin korunmas\u0131 a\u00e7\u0131s\u0131ndan \u00f6nemli bir yere sahiptir. Silahlar\u0131n bulundurulmas\u0131 ve ta\u015f\u0131nmas\u0131, belirli hukuki d\u00fczenlemelere tabidir.","og_url":"http:\/\/denizcankizil.tr\/ru\/koseyazilari\/degerlendirme\/turk-hukukunda-silah-kavrami-tanim-ve-hukuki-cerceve\/","og_site_name":"Av. Deniz Can K\u0131z\u0131l","article_published_time":"2025-02-09T11:56:19+00:00","og_image":[{"width":800,"height":800,"url":"http:\/\/denizcankizil.tr\/wp-content\/uploads\/2025\/02\/31484-turk-hukukunda-silah-kavrami-tanim-ve-hukuki-cerceve.jpg","type":"image\/jpeg"}],"author":"Av. Deniz Can K\u0131z\u0131l","twitter_card":"summary_large_image","twitter_misc":{"\u041d\u0430\u043f\u0438\u0441\u0430\u043d\u043e \u0430\u0432\u0442\u043e\u0440\u043e\u043c":"Av. Deniz Can K\u0131z\u0131l","\u041f\u0440\u0438\u043c\u0435\u0440\u043d\u043e\u0435 \u0432\u0440\u0435\u043c\u044f \u0434\u043b\u044f \u0447\u0442\u0435\u043d\u0438\u044f":"9 \u043c\u0438\u043d\u0443\u0442"},"schema":{"@context":"https:\/\/schema.org","@graph":[{"@type":"Article","@id":"http:\/\/denizcankizil.tr\/ru\/koseyazilari\/degerlendirme\/turk-hukukunda-silah-kavrami-tanim-ve-hukuki-cerceve\/#article","isPartOf":{"@id":"http:\/\/denizcankizil.tr\/ru\/koseyazilari\/degerlendirme\/turk-hukukunda-silah-kavrami-tanim-ve-hukuki-cerceve\/"},"author":{"name":"Av. Deniz Can K\u0131z\u0131l","@id":"https:\/\/denizcankizil.tr\/#\/schema\/person\/5dc1b22991bd7ac833867c10afc9b0ff"},"headline":"T\u00fcrk Hukukunda Silah Kavram\u0131: Tan\u0131m ve Hukuki \u00c7er\u00e7eve","datePublished":"2025-02-09T11:56:19+00:00","mainEntityOfPage":{"@id":"http:\/\/denizcankizil.tr\/ru\/koseyazilari\/degerlendirme\/turk-hukukunda-silah-kavrami-tanim-ve-hukuki-cerceve\/"},"wordCount":1812,"commentCount":0,"publisher":{"@id":"https:\/\/denizcankizil.tr\/#organization"},"image":{"@id":"http:\/\/denizcankizil.tr\/ru\/koseyazilari\/degerlendirme\/turk-hukukunda-silah-kavrami-tanim-ve-hukuki-cerceve\/#primaryimage"},"thumbnailUrl":"http:\/\/denizcankizil.tr\/wp-content\/uploads\/2025\/02\/31484-turk-hukukunda-silah-kavrami-tanim-ve-hukuki-cerceve.jpg","articleSection":["De\u011ferlendirme"],"inLanguage":"ru-RU","potentialAction":[{"@type":"CommentAction","name":"Comment","target":["http:\/\/denizcankizil.tr\/ru\/koseyazilari\/degerlendirme\/turk-hukukunda-silah-kavrami-tanim-ve-hukuki-cerceve\/#respond"]}]},{"@type":"WebPage","@id":"http:\/\/denizcankizil.tr\/ru\/koseyazilari\/degerlendirme\/turk-hukukunda-silah-kavrami-tanim-ve-hukuki-cerceve\/","url":"http:\/\/denizcankizil.tr\/ru\/koseyazilari\/degerlendirme\/turk-hukukunda-silah-kavrami-tanim-ve-hukuki-cerceve\/","name":"T\u00fcrk Hukukunda Silah Kavram\u0131: Tan\u0131m ve Hukuki \u00c7er\u00e7eve - Av. Deniz Can K\u0131z\u0131l","isPartOf":{"@id":"https:\/\/denizcankizil.tr\/#website"},"primaryImageOfPage":{"@id":"http:\/\/denizcankizil.tr\/ru\/koseyazilari\/degerlendirme\/turk-hukukunda-silah-kavrami-tanim-ve-hukuki-cerceve\/#primaryimage"},"image":{"@id":"http:\/\/denizcankizil.tr\/ru\/koseyazilari\/degerlendirme\/turk-hukukunda-silah-kavrami-tanim-ve-hukuki-cerceve\/#primaryimage"},"thumbnailUrl":"http:\/\/denizcankizil.tr\/wp-content\/uploads\/2025\/02\/31484-turk-hukukunda-silah-kavrami-tanim-ve-hukuki-cerceve.jpg","datePublished":"2025-02-09T11:56:19+00:00","breadcrumb":{"@id":"http:\/\/denizcankizil.tr\/ru\/koseyazilari\/degerlendirme\/turk-hukukunda-silah-kavrami-tanim-ve-hukuki-cerceve\/#breadcrumb"},"inLanguage":"ru-RU","potentialAction":[{"@type":"ReadAction","target":["http:\/\/denizcankizil.tr\/ru\/koseyazilari\/degerlendirme\/turk-hukukunda-silah-kavrami-tanim-ve-hukuki-cerceve\/"]}]},{"@type":"ImageObject","inLanguage":"ru-RU","@id":"http:\/\/denizcankizil.tr\/ru\/koseyazilari\/degerlendirme\/turk-hukukunda-silah-kavrami-tanim-ve-hukuki-cerceve\/#primaryimage","url":"http:\/\/denizcankizil.tr\/wp-content\/uploads\/2025\/02\/31484-turk-hukukunda-silah-kavrami-tanim-ve-hukuki-cerceve.jpg","contentUrl":"http:\/\/denizcankizil.tr\/wp-content\/uploads\/2025\/02\/31484-turk-hukukunda-silah-kavrami-tanim-ve-hukuki-cerceve.jpg","width":800,"height":800,"caption":"T\u00fcrk Hukukunda Silah Kavram\u0131: Tan\u0131m ve Hukuki \u00c7er\u00e7eve"},{"@type":"BreadcrumbList","@id":"http:\/\/denizcankizil.tr\/ru\/koseyazilari\/degerlendirme\/turk-hukukunda-silah-kavrami-tanim-ve-hukuki-cerceve\/#breadcrumb","itemListElement":[{"@type":"ListItem","position":1,"name":"Home","item":"https:\/\/denizcankizil.tr\/de\/"},{"@type":"ListItem","position":2,"name":"T\u00fcrk Hukukunda Silah Kavram\u0131: Tan\u0131m ve Hukuki \u00c7er\u00e7eve"}]},{"@type":"WebSite","@id":"https:\/\/denizcankizil.tr\/#website","url":"https:\/\/denizcankizil.tr\/","name":"Av. Deniz Can K\u0131z\u0131l","description":"Avukat Deniz Can K\u0131z\u0131l Antalya Barosu","publisher":{"@id":"https:\/\/denizcankizil.tr\/#organization"},"potentialAction":[{"@type":"SearchAction","target":{"@type":"EntryPoint","urlTemplate":"https:\/\/denizcankizil.tr\/?s={search_term_string}"},"query-input":{"@type":"PropertyValueSpecification","valueRequired":true,"valueName":"search_term_string"}}],"inLanguage":"ru-RU"},{"@type":"Organization","@id":"https:\/\/denizcankizil.tr\/#organization","name":"Av. Deniz Can K\u0131z\u0131l","url":"https:\/\/denizcankizil.tr\/","logo":{"@type":"ImageObject","inLanguage":"ru-RU","@id":"https:\/\/denizcankizil.tr\/#\/schema\/logo\/image\/","url":"http:\/\/denizcankizil.tr\/wp-content\/uploads\/2024\/10\/siyah-logo-svg.svg","contentUrl":"http:\/\/denizcankizil.tr\/wp-content\/uploads\/2024\/10\/siyah-logo-svg.svg","width":1080,"height":1080,"caption":"Av. Deniz Can K\u0131z\u0131l"},"image":{"@id":"https:\/\/denizcankizil.tr\/#\/schema\/logo\/image\/"}},{"@type":"Person","@id":"https:\/\/denizcankizil.tr\/#\/schema\/person\/5dc1b22991bd7ac833867c10afc9b0ff","name":"Av. Deniz Can K\u0131z\u0131l","image":{"@type":"ImageObject","inLanguage":"ru-RU","@id":"https:\/\/denizcankizil.tr\/#\/schema\/person\/image\/","url":"https:\/\/secure.gravatar.com\/avatar\/a0b128fb9855c79efc976d5640eedb31dc35ec297594d6016d2cf7c60e975bb6?s=96&d=mm&r=g","contentUrl":"https:\/\/secure.gravatar.com\/avatar\/a0b128fb9855c79efc976d5640eedb31dc35ec297594d6016d2cf7c60e975bb6?s=96&d=mm&r=g","caption":"Av. Deniz Can K\u0131z\u0131l"},"sameAs":["http:\/\/www.denizcankizil.tr"],"url":"http:\/\/denizcankizil.tr\/ru\/author\/denizcankizil\/"}]}},"_links":{"self":[{"href":"http:\/\/denizcankizil.tr\/ru\/wp-json\/wp\/v2\/posts\/31484","targetHints":{"allow":["GET"]}}],"collection":[{"href":"http:\/\/denizcankizil.tr\/ru\/wp-json\/wp\/v2\/posts"}],"about":[{"href":"http:\/\/denizcankizil.tr\/ru\/wp-json\/wp\/v2\/types\/post"}],"author":[{"embeddable":true,"href":"http:\/\/denizcankizil.tr\/ru\/wp-json\/wp\/v2\/users\/4"}],"replies":[{"embeddable":true,"href":"http:\/\/denizcankizil.tr\/ru\/wp-json\/wp\/v2\/comments?post=31484"}],"version-history":[{"count":0,"href":"http:\/\/denizcankizil.tr\/ru\/wp-json\/wp\/v2\/posts\/31484\/revisions"}],"wp:featuredmedia":[{"embeddable":true,"href":"http:\/\/denizcankizil.tr\/ru\/wp-json\/wp\/v2\/media\/31485"}],"wp:attachment":[{"href":"http:\/\/denizcankizil.tr\/ru\/wp-json\/wp\/v2\/media?parent=31484"}],"wp:term":[{"taxonomy":"category","embeddable":true,"href":"http:\/\/denizcankizil.tr\/ru\/wp-json\/wp\/v2\/categories?post=31484"},{"taxonomy":"post_tag","embeddable":true,"href":"http:\/\/denizcankizil.tr\/ru\/wp-json\/wp\/v2\/tags?post=31484"}],"curies":[{"name":"wp","href":"https:\/\/api.w.org\/{rel}","templated":true}]}}