{"id":31439,"date":"2025-02-09T10:41:19","date_gmt":"2025-02-09T07:41:19","guid":{"rendered":"https:\/\/denizcankizil.tr\/uncategorized-tr\/antalya-buyuksehir-belediyesi-208-milyon-tl-kira-gelirini-tahsil-edemiyor\/"},"modified":"2025-02-09T10:41:19","modified_gmt":"2025-02-09T07:41:19","slug":"antalya-buyuksehir-belediyesi-208-milyon-tl-kira-gelirini-tahsil-edemiyor","status":"publish","type":"post","link":"http:\/\/denizcankizil.tr\/ru\/haberler\/gundem\/antalya-buyuksehir-belediyesi-208-milyon-tl-kira-gelirini-tahsil-edemiyor\/","title":{"rendered":"Antalya B\u00fcy\u00fck\u015fehir Belediyesi 208 milyon TL kira gelirini tahsil edemiyor"},"content":{"rendered":"<p>Say\u0131\u015ftay\u2019\u0131n 2023 y\u0131l\u0131nda d\u00fczenledi\u011fi D\u00fczenlilik Denetim Raporu\u2019nda Antalya B\u00fcy\u00fck\u015fehir Belediyesi i\u00e7in \u00e7arp\u0131c\u0131 detaylar yer ald\u0131. \u00a0B\u00fcy\u00fck\u015fehir Belediyesi\u2019nin 2023 y\u0131l\u0131nda ve \u00f6nceki y\u0131llarda tahsil edilemeyen 69 milyon 665 bin 542 TL kiran bedelinin 9 milyon 926 bini ecrimisil ve 128 milyon 635 bin 769 TL ta\u015f\u0131nmaz kullan\u0131m bedeli alaca\u011f\u0131 \u00fczerine toplam 208 milyon 227 bin 798 TL alaca\u011f\u0131 bulundu\u011fu tespit edildi. Fakat B\u00fcy\u00fck\u015fehir Belediyesi\u2019nin uzun bir s\u00fcredir bu alacaklar\u0131n\u0131 tahsil edemedi\u011fi ortaya \u00e7\u0131kt\u0131.\u00a0<\/p>\n<p>ALACAKLAR \u0130\u00c7\u0130N DAVA A\u00c7ILMAMI\u015e\u00a0<\/p>\n<p>Raporda belediyenin bu alacaklar\u0131n\u0131 tahsil edemedi\u011fi, mevzuat h\u00fck\u00fcmleri c\u0327erc\u0327evesinde sistematik olarak yaz\u0131l\u0131 ihtarda bulunulmad\u0131\u011f\u0131, kira borcunu ge\u00e7\u0327 \u00f6demeyi veya \u00f6dememeyi al\u0131\u015fkanl\u0131k haline getiren kirac\u0131lar\u0131n kira s\u00f6zle\u015fmelerinin feshedilmedi\u011fi, ta\u015f\u0131nmazdan tahliyelerinin yap\u0131lmad\u0131\u011f\u0131, kira alacaklar\u0131n\u0131n bir k\u0131sm\u0131 i\u00e7in icra takibi ba\u015flat\u0131lmad\u0131\u011f\u0131, ayr\u0131ca be\u015f\u0327 y\u0131ll\u0131k kira su\u0308resini asan kirac\u0131lar i\u00e7in be\u015f\u0327 y\u0131l\u0131n sonunda, yeni kira y\u0131l\u0131nda uygulanacak kira bedelinin g\u00fcn\u00fcn \u015fartlar\u0131 ve ilin geli\u015fimine uygun olarak yeniden belirlenmesi i\u00e7in dava veya anla\u015fma yoluna gidilmedi\u011fi tespit edildi.<\/p>\n<p>B\u00dcY\u00dcK\u015eEH\u0130R BELED\u0130YES\u0130\u2019N\u0130N SAVUNMASI\u00a0<\/p>\n<p>Antalya B\u00fcy\u00fck\u015fehir Belediyesi ise vadesi ge\u00e7mi\u015f\u0327 kira bedellerine ilis\u0327kin bor\u00e7lar\u0131n tahsili amac\u0131 ile icra takip i\u015flemlerinin ba\u015flat\u0131ld\u0131\u011f\u0131n\u0131, 2021, 2022 ve 2023 y\u0131llar\u0131na ait vadesi ge\u00e7mi\u015f\u0327 kira bedeli ve kullan\u0131m bedeli bor\u00e7lar\u0131n\u0131n \u00f6denmesine ilis\u0327kin kirac\u0131lara \u00a0tebligat g\u00f6nderildi\u011fini, baz\u0131 ta\u015f\u0131nmazlarda ise tahliye i\u015flemlerinin ger\u00e7ekle\u015ftirildi\u011fini Say\u0131\u015ftay\u2019a bildirdi.\u00a0<\/p>\n<p>\u200bSay\u0131\u015ftay\u0131n yay\u0131nlad\u0131\u011f\u0131 2023 y\u0131l\u0131 D\u00fczenlilik Denetim Raporu\u2019nda Antalya B\u00fcy\u00fck\u015fehir Belediyesi\u2019nin 208 milyon TL kira alaca\u011f\u0131n\u0131 tahsil edemedi\u011fi ve bu alacaklar\u0131 i\u00e7in herhangi bir dava veya anla\u015fma yoluna gitmedi\u011fi ortaya \u00e7\u0131kt\u0131.\u00a0<\/p>\n<p>\u200bHaberin Al\u0131nt\u0131land\u0131\u011f\u0131 Kaynak: www.antalyakorfez.com<\/p>","protected":false},"excerpt":{"rendered":"<p>Say\u0131\u015ftay\u2019\u0131n 2023 y\u0131l\u0131nda d\u00fczenledi\u011fi D\u00fczenlilik Denetim Raporu\u2019nda Antalya B\u00fcy\u00fck\u015fehir Belediyesi i\u00e7in \u00e7arp\u0131c\u0131 detaylar yer ald\u0131. \u00a0B\u00fcy\u00fck\u015fehir Belediyesi\u2019nin 2023 y\u0131l\u0131nda ve \u00f6nceki y\u0131llarda tahsil edilemeyen 69 milyon 665 bin 542 TL kiran bedelinin 9 milyon 926 bini ecrimisil ve 128 milyon 635 bin 769 TL ta\u015f\u0131nmaz kullan\u0131m bedeli alaca\u011f\u0131 \u00fczerine toplam 208 milyon 227 bin 798 TL alaca\u011f\u0131 bulundu\u011fu tespit edildi. Fakat B\u00fcy\u00fck\u015fehir Belediyesi\u2019nin uzun bir s\u00fcredir bu alacaklar\u0131n\u0131 tahsil edemedi\u011fi ortaya \u00e7\u0131kt\u0131.\u00a0 ALACAKLAR \u0130\u00c7\u0130N DAVA A\u00c7ILMAMI\u015e\u00a0 Raporda belediyenin bu alacaklar\u0131n\u0131 tahsil edemedi\u011fi, mevzuat h\u00fck\u00fcmleri c\u0327erc\u0327evesinde sistematik olarak yaz\u0131l\u0131 ihtarda bulunulmad\u0131\u011f\u0131, kira borcunu ge\u00e7\u0327 \u00f6demeyi veya \u00f6dememeyi al\u0131\u015fkanl\u0131k haline getiren kirac\u0131lar\u0131n kira s\u00f6zle\u015fmelerinin feshedilmedi\u011fi, ta\u015f\u0131nmazdan tahliyelerinin yap\u0131lmad\u0131\u011f\u0131, kira alacaklar\u0131n\u0131n bir k\u0131sm\u0131 i\u00e7in icra takibi ba\u015flat\u0131lmad\u0131\u011f\u0131, ayr\u0131ca be\u015f\u0327 y\u0131ll\u0131k kira su\u0308resini asan kirac\u0131lar i\u00e7in be\u015f\u0327 y\u0131l\u0131n sonunda, yeni kira y\u0131l\u0131nda uygulanacak kira bedelinin g\u00fcn\u00fcn \u015fartlar\u0131 ve ilin geli\u015fimine uygun olarak yeniden belirlenmesi i\u00e7in dava veya anla\u015fma yoluna gidilmedi\u011fi tespit edildi. B\u00dcY\u00dcK\u015eEH\u0130R BELED\u0130YES\u0130\u2019N\u0130N SAVUNMASI\u00a0 Antalya B\u00fcy\u00fck\u015fehir Belediyesi ise vadesi ge\u00e7mi\u015f\u0327 kira bedellerine ilis\u0327kin bor\u00e7lar\u0131n tahsili amac\u0131 ile icra takip i\u015flemlerinin ba\u015flat\u0131ld\u0131\u011f\u0131n\u0131, 2021, 2022 ve 2023 y\u0131llar\u0131na ait vadesi ge\u00e7mi\u015f\u0327 kira bedeli ve kullan\u0131m bedeli bor\u00e7lar\u0131n\u0131n \u00f6denmesine ilis\u0327kin kirac\u0131lara \u00a0tebligat g\u00f6nderildi\u011fini, baz\u0131 ta\u015f\u0131nmazlarda ise tahliye i\u015flemlerinin ger\u00e7ekle\u015ftirildi\u011fini Say\u0131\u015ftay\u2019a bildirdi.\u00a0 \u200bSay\u0131\u015ftay\u0131n yay\u0131nlad\u0131\u011f\u0131 2023 y\u0131l\u0131 D\u00fczenlilik &hellip;<\/p>","protected":false},"author":5,"featured_media":0,"comment_status":"open","ping_status":"open","sticky":false,"template":"","format":"standard","meta":{"_acf_changed":false,"footnotes":""},"categories":[24],"tags":[],"class_list":["post-31439","post","type-post","status-publish","format-standard","has-post-thumbnail","hentry","category-gundem"],"acf":[],"yoast_head":"<!-- This site is optimized with the Yoast SEO Premium plugin v26.6 (Yoast SEO v27.1.1) - https:\/\/yoast.com\/product\/yoast-seo-premium-wordpress\/ -->\n<title>Antalya B\u00fcy\u00fck\u015fehir Belediyesi 208 milyon TL kira gelirini tahsil edemiyor - Av. Deniz Can K\u0131z\u0131l<\/title>\n<meta name=\"robots\" content=\"index, follow, max-snippet:-1, max-image-preview:large, max-video-preview:-1\" \/>\n<link rel=\"canonical\" href=\"https:\/\/denizcankizil.tr\/ru\/haberler\/gundem\/antalya-buyuksehir-belediyesi-208-milyon-tl-kira-gelirini-tahsil-edemiyor\/\" \/>\n<meta property=\"og:locale\" content=\"ru_RU\" \/>\n<meta property=\"og:type\" content=\"article\" \/>\n<meta property=\"og:title\" content=\"Antalya B\u00fcy\u00fck\u015fehir Belediyesi 208 milyon TL kira gelirini tahsil edemiyor\" \/>\n<meta property=\"og:description\" content=\"Say\u0131\u015ftay\u2019\u0131n 2023 y\u0131l\u0131nda d\u00fczenledi\u011fi D\u00fczenlilik Denetim Raporu\u2019nda Antalya B\u00fcy\u00fck\u015fehir Belediyesi i\u00e7in \u00e7arp\u0131c\u0131 detaylar yer ald\u0131. \u00a0B\u00fcy\u00fck\u015fehir Belediyesi\u2019nin 2023 y\u0131l\u0131nda ve \u00f6nceki y\u0131llarda tahsil edilemeyen 69 milyon 665 bin 542 TL kiran bedelinin 9 milyon 926 bini ecrimisil ve 128 milyon 635 bin 769 TL ta\u015f\u0131nmaz kullan\u0131m bedeli alaca\u011f\u0131 \u00fczerine toplam 208 milyon 227 bin 798 TL alaca\u011f\u0131 bulundu\u011fu tespit edildi. Fakat B\u00fcy\u00fck\u015fehir Belediyesi\u2019nin uzun bir s\u00fcredir bu alacaklar\u0131n\u0131 tahsil edemedi\u011fi ortaya \u00e7\u0131kt\u0131.\u00a0 ALACAKLAR \u0130\u00c7\u0130N DAVA A\u00c7ILMAMI\u015e\u00a0 Raporda belediyenin bu alacaklar\u0131n\u0131 tahsil edemedi\u011fi, mevzuat h\u00fck\u00fcmleri c\u0327erc\u0327evesinde sistematik olarak yaz\u0131l\u0131 ihtarda bulunulmad\u0131\u011f\u0131, kira borcunu ge\u00e7\u0327 \u00f6demeyi veya \u00f6dememeyi al\u0131\u015fkanl\u0131k haline getiren kirac\u0131lar\u0131n kira s\u00f6zle\u015fmelerinin feshedilmedi\u011fi, ta\u015f\u0131nmazdan tahliyelerinin yap\u0131lmad\u0131\u011f\u0131, kira alacaklar\u0131n\u0131n bir k\u0131sm\u0131 i\u00e7in icra takibi ba\u015flat\u0131lmad\u0131\u011f\u0131, ayr\u0131ca be\u015f\u0327 y\u0131ll\u0131k kira su\u0308resini asan kirac\u0131lar i\u00e7in be\u015f\u0327 y\u0131l\u0131n sonunda, yeni kira y\u0131l\u0131nda uygulanacak kira bedelinin g\u00fcn\u00fcn \u015fartlar\u0131 ve ilin geli\u015fimine uygun olarak yeniden belirlenmesi i\u00e7in dava veya anla\u015fma yoluna gidilmedi\u011fi tespit edildi. B\u00dcY\u00dcK\u015eEH\u0130R BELED\u0130YES\u0130\u2019N\u0130N SAVUNMASI\u00a0 Antalya B\u00fcy\u00fck\u015fehir Belediyesi ise vadesi ge\u00e7mi\u015f\u0327 kira bedellerine ilis\u0327kin bor\u00e7lar\u0131n tahsili amac\u0131 ile icra takip i\u015flemlerinin ba\u015flat\u0131ld\u0131\u011f\u0131n\u0131, 2021, 2022 ve 2023 y\u0131llar\u0131na ait vadesi ge\u00e7mi\u015f\u0327 kira bedeli ve kullan\u0131m bedeli bor\u00e7lar\u0131n\u0131n \u00f6denmesine ilis\u0327kin kirac\u0131lara \u00a0tebligat g\u00f6nderildi\u011fini, baz\u0131 ta\u015f\u0131nmazlarda ise tahliye i\u015flemlerinin ger\u00e7ekle\u015ftirildi\u011fini Say\u0131\u015ftay\u2019a bildirdi.\u00a0 \u200bSay\u0131\u015ftay\u0131n yay\u0131nlad\u0131\u011f\u0131 2023 y\u0131l\u0131 D\u00fczenlilik &hellip;\" \/>\n<meta property=\"og:url\" content=\"https:\/\/denizcankizil.tr\/ru\/haberler\/gundem\/antalya-buyuksehir-belediyesi-208-milyon-tl-kira-gelirini-tahsil-edemiyor\/\" \/>\n<meta property=\"og:site_name\" content=\"Av. Deniz Can K\u0131z\u0131l\" \/>\n<meta property=\"article:published_time\" content=\"2025-02-09T07:41:19+00:00\" \/>\n<meta name=\"author\" content=\"Antalya K\u00f6rfez\" \/>\n<meta name=\"twitter:card\" content=\"summary_large_image\" \/>\n<meta name=\"twitter:label1\" content=\"\u041d\u0430\u043f\u0438\u0441\u0430\u043d\u043e \u0430\u0432\u0442\u043e\u0440\u043e\u043c\" \/>\n\t<meta name=\"twitter:data1\" content=\"Antalya K\u00f6rfez\" \/>\n\t<meta name=\"twitter:label2\" content=\"\u041f\u0440\u0438\u043c\u0435\u0440\u043d\u043e\u0435 \u0432\u0440\u0435\u043c\u044f \u0434\u043b\u044f \u0447\u0442\u0435\u043d\u0438\u044f\" \/>\n\t<meta name=\"twitter:data2\" content=\"2 \u043c\u0438\u043d\u0443\u0442\u044b\" \/>\n<script type=\"application\/ld+json\" class=\"yoast-schema-graph\">{\"@context\":\"https:\/\/schema.org\",\"@graph\":[{\"@type\":\"Article\",\"@id\":\"https:\/\/denizcankizil.tr\/haberler\/gundem\/antalya-buyuksehir-belediyesi-208-milyon-tl-kira-gelirini-tahsil-edemiyor\/#article\",\"isPartOf\":{\"@id\":\"https:\/\/denizcankizil.tr\/haberler\/gundem\/antalya-buyuksehir-belediyesi-208-milyon-tl-kira-gelirini-tahsil-edemiyor\/\"},\"author\":{\"name\":\"Antalya K\u00f6rfez\",\"@id\":\"https:\/\/denizcankizil.tr\/de\/#\/schema\/person\/e1eb71bb4dd684d46563f0af307e1234\"},\"headline\":\"Antalya B\u00fcy\u00fck\u015fehir Belediyesi 208 milyon TL kira gelirini tahsil edemiyor\",\"datePublished\":\"2025-02-09T07:41:19+00:00\",\"mainEntityOfPage\":{\"@id\":\"https:\/\/denizcankizil.tr\/haberler\/gundem\/antalya-buyuksehir-belediyesi-208-milyon-tl-kira-gelirini-tahsil-edemiyor\/\"},\"wordCount\":347,\"commentCount\":0,\"publisher\":{\"@id\":\"https:\/\/denizcankizil.tr\/de\/#organization\"},\"articleSection\":[\"G\u00fcndem\"],\"inLanguage\":\"ru-RU\",\"potentialAction\":[{\"@type\":\"CommentAction\",\"name\":\"Comment\",\"target\":[\"https:\/\/denizcankizil.tr\/haberler\/gundem\/antalya-buyuksehir-belediyesi-208-milyon-tl-kira-gelirini-tahsil-edemiyor\/#respond\"]}]},{\"@type\":\"WebPage\",\"@id\":\"https:\/\/denizcankizil.tr\/haberler\/gundem\/antalya-buyuksehir-belediyesi-208-milyon-tl-kira-gelirini-tahsil-edemiyor\/\",\"url\":\"https:\/\/denizcankizil.tr\/haberler\/gundem\/antalya-buyuksehir-belediyesi-208-milyon-tl-kira-gelirini-tahsil-edemiyor\/\",\"name\":\"Antalya B\u00fcy\u00fck\u015fehir Belediyesi 208 milyon TL kira gelirini tahsil edemiyor - Av. Deniz Can K\u0131z\u0131l\",\"isPartOf\":{\"@id\":\"https:\/\/denizcankizil.tr\/de\/#website\"},\"datePublished\":\"2025-02-09T07:41:19+00:00\",\"breadcrumb\":{\"@id\":\"https:\/\/denizcankizil.tr\/haberler\/gundem\/antalya-buyuksehir-belediyesi-208-milyon-tl-kira-gelirini-tahsil-edemiyor\/#breadcrumb\"},\"inLanguage\":\"ru-RU\",\"potentialAction\":[{\"@type\":\"ReadAction\",\"target\":[\"https:\/\/denizcankizil.tr\/haberler\/gundem\/antalya-buyuksehir-belediyesi-208-milyon-tl-kira-gelirini-tahsil-edemiyor\/\"]}]},{\"@type\":\"BreadcrumbList\",\"@id\":\"https:\/\/denizcankizil.tr\/haberler\/gundem\/antalya-buyuksehir-belediyesi-208-milyon-tl-kira-gelirini-tahsil-edemiyor\/#breadcrumb\",\"itemListElement\":[{\"@type\":\"ListItem\",\"position\":1,\"name\":\"Home\",\"item\":\"https:\/\/denizcankizil.tr\/de\/\"},{\"@type\":\"ListItem\",\"position\":2,\"name\":\"Antalya B\u00fcy\u00fck\u015fehir Belediyesi 208 milyon TL kira gelirini tahsil edemiyor\"}]},{\"@type\":\"WebSite\",\"@id\":\"https:\/\/denizcankizil.tr\/de\/#website\",\"url\":\"https:\/\/denizcankizil.tr\/de\/\",\"name\":\"Av. Deniz Can K\u0131z\u0131l\",\"description\":\"Avukat Deniz Can K\u0131z\u0131l Antalya Barosu\",\"publisher\":{\"@id\":\"https:\/\/denizcankizil.tr\/de\/#organization\"},\"potentialAction\":[{\"@type\":\"SearchAction\",\"target\":{\"@type\":\"EntryPoint\",\"urlTemplate\":\"https:\/\/denizcankizil.tr\/de\/?s={search_term_string}\"},\"query-input\":{\"@type\":\"PropertyValueSpecification\",\"valueRequired\":true,\"valueName\":\"search_term_string\"}}],\"inLanguage\":\"ru-RU\"},{\"@type\":\"Organization\",\"@id\":\"https:\/\/denizcankizil.tr\/de\/#organization\",\"name\":\"Av. Deniz Can K\u0131z\u0131l\",\"url\":\"https:\/\/denizcankizil.tr\/de\/\",\"logo\":{\"@type\":\"ImageObject\",\"inLanguage\":\"ru-RU\",\"@id\":\"https:\/\/denizcankizil.tr\/de\/#\/schema\/logo\/image\/\",\"url\":\"http:\/\/denizcankizil.tr\/wp-content\/uploads\/2024\/10\/siyah-logo-svg.svg\",\"contentUrl\":\"http:\/\/denizcankizil.tr\/wp-content\/uploads\/2024\/10\/siyah-logo-svg.svg\",\"width\":1080,\"height\":1080,\"caption\":\"Av. Deniz Can K\u0131z\u0131l\"},\"image\":{\"@id\":\"https:\/\/denizcankizil.tr\/de\/#\/schema\/logo\/image\/\"}},{\"@type\":\"Person\",\"@id\":\"https:\/\/denizcankizil.tr\/de\/#\/schema\/person\/e1eb71bb4dd684d46563f0af307e1234\",\"name\":\"Antalya K\u00f6rfez\",\"image\":{\"@type\":\"ImageObject\",\"inLanguage\":\"ru-RU\",\"@id\":\"https:\/\/denizcankizil.tr\/de\/#\/schema\/person\/image\/\",\"url\":\"https:\/\/secure.gravatar.com\/avatar\/42b01982558a48a0b501fdcab6a408d3717ea5919095ee2e67b0e521799c5905?s=96&d=mm&r=g\",\"contentUrl\":\"https:\/\/secure.gravatar.com\/avatar\/42b01982558a48a0b501fdcab6a408d3717ea5919095ee2e67b0e521799c5905?s=96&d=mm&r=g\",\"caption\":\"Antalya K\u00f6rfez\"},\"sameAs\":[\"http:\/\/www.antalyakorfez.com\"],\"url\":\"https:\/\/www.antalyakorfez.com\/antalya-buyuksehir-belediyesi-208-milyon-tl-kira-gelirini-tahsil-edemiyor\"}]}<\/script>\n<!-- \/ Yoast SEO Premium plugin. -->","yoast_head_json":{"title":"Antalya B\u00fcy\u00fck\u015fehir Belediyesi 208 milyon TL kira gelirini tahsil edemiyor - Av. Deniz Can K\u0131z\u0131l","robots":{"index":"index","follow":"follow","max-snippet":"max-snippet:-1","max-image-preview":"max-image-preview:large","max-video-preview":"max-video-preview:-1"},"canonical":"https:\/\/denizcankizil.tr\/ru\/haberler\/gundem\/antalya-buyuksehir-belediyesi-208-milyon-tl-kira-gelirini-tahsil-edemiyor\/","og_locale":"ru_RU","og_type":"article","og_title":"Antalya B\u00fcy\u00fck\u015fehir Belediyesi 208 milyon TL kira gelirini tahsil edemiyor","og_description":"Say\u0131\u015ftay\u2019\u0131n 2023 y\u0131l\u0131nda d\u00fczenledi\u011fi D\u00fczenlilik Denetim Raporu\u2019nda Antalya B\u00fcy\u00fck\u015fehir Belediyesi i\u00e7in \u00e7arp\u0131c\u0131 detaylar yer ald\u0131. \u00a0B\u00fcy\u00fck\u015fehir Belediyesi\u2019nin 2023 y\u0131l\u0131nda ve \u00f6nceki y\u0131llarda tahsil edilemeyen 69 milyon 665 bin 542 TL kiran bedelinin 9 milyon 926 bini ecrimisil ve 128 milyon 635 bin 769 TL ta\u015f\u0131nmaz kullan\u0131m bedeli alaca\u011f\u0131 \u00fczerine toplam 208 milyon 227 bin 798 TL alaca\u011f\u0131 bulundu\u011fu tespit edildi. Fakat B\u00fcy\u00fck\u015fehir Belediyesi\u2019nin uzun bir s\u00fcredir bu alacaklar\u0131n\u0131 tahsil edemedi\u011fi ortaya \u00e7\u0131kt\u0131.\u00a0 ALACAKLAR \u0130\u00c7\u0130N DAVA A\u00c7ILMAMI\u015e\u00a0 Raporda belediyenin bu alacaklar\u0131n\u0131 tahsil edemedi\u011fi, mevzuat h\u00fck\u00fcmleri c\u0327erc\u0327evesinde sistematik olarak yaz\u0131l\u0131 ihtarda bulunulmad\u0131\u011f\u0131, kira borcunu ge\u00e7\u0327 \u00f6demeyi veya \u00f6dememeyi al\u0131\u015fkanl\u0131k haline getiren kirac\u0131lar\u0131n kira s\u00f6zle\u015fmelerinin feshedilmedi\u011fi, ta\u015f\u0131nmazdan tahliyelerinin yap\u0131lmad\u0131\u011f\u0131, kira alacaklar\u0131n\u0131n bir k\u0131sm\u0131 i\u00e7in icra takibi ba\u015flat\u0131lmad\u0131\u011f\u0131, ayr\u0131ca be\u015f\u0327 y\u0131ll\u0131k kira su\u0308resini asan kirac\u0131lar i\u00e7in be\u015f\u0327 y\u0131l\u0131n sonunda, yeni kira y\u0131l\u0131nda uygulanacak kira bedelinin g\u00fcn\u00fcn \u015fartlar\u0131 ve ilin geli\u015fimine uygun olarak yeniden belirlenmesi i\u00e7in dava veya anla\u015fma yoluna gidilmedi\u011fi tespit edildi. B\u00dcY\u00dcK\u015eEH\u0130R BELED\u0130YES\u0130\u2019N\u0130N SAVUNMASI\u00a0 Antalya B\u00fcy\u00fck\u015fehir Belediyesi ise vadesi ge\u00e7mi\u015f\u0327 kira bedellerine ilis\u0327kin bor\u00e7lar\u0131n tahsili amac\u0131 ile icra takip i\u015flemlerinin ba\u015flat\u0131ld\u0131\u011f\u0131n\u0131, 2021, 2022 ve 2023 y\u0131llar\u0131na ait vadesi ge\u00e7mi\u015f\u0327 kira bedeli ve kullan\u0131m bedeli bor\u00e7lar\u0131n\u0131n \u00f6denmesine ilis\u0327kin kirac\u0131lara \u00a0tebligat g\u00f6nderildi\u011fini, baz\u0131 ta\u015f\u0131nmazlarda ise tahliye i\u015flemlerinin ger\u00e7ekle\u015ftirildi\u011fini Say\u0131\u015ftay\u2019a bildirdi.\u00a0 \u200bSay\u0131\u015ftay\u0131n yay\u0131nlad\u0131\u011f\u0131 2023 y\u0131l\u0131 D\u00fczenlilik &hellip;","og_url":"https:\/\/denizcankizil.tr\/ru\/haberler\/gundem\/antalya-buyuksehir-belediyesi-208-milyon-tl-kira-gelirini-tahsil-edemiyor\/","og_site_name":"Av. Deniz Can K\u0131z\u0131l","article_published_time":"2025-02-09T07:41:19+00:00","author":"Antalya K\u00f6rfez","twitter_card":"summary_large_image","twitter_misc":{"\u041d\u0430\u043f\u0438\u0441\u0430\u043d\u043e \u0430\u0432\u0442\u043e\u0440\u043e\u043c":"Antalya K\u00f6rfez","\u041f\u0440\u0438\u043c\u0435\u0440\u043d\u043e\u0435 \u0432\u0440\u0435\u043c\u044f \u0434\u043b\u044f \u0447\u0442\u0435\u043d\u0438\u044f":"2 \u043c\u0438\u043d\u0443\u0442\u044b"},"schema":{"@context":"https:\/\/schema.org","@graph":[{"@type":"Article","@id":"https:\/\/denizcankizil.tr\/haberler\/gundem\/antalya-buyuksehir-belediyesi-208-milyon-tl-kira-gelirini-tahsil-edemiyor\/#article","isPartOf":{"@id":"https:\/\/denizcankizil.tr\/haberler\/gundem\/antalya-buyuksehir-belediyesi-208-milyon-tl-kira-gelirini-tahsil-edemiyor\/"},"author":{"name":"Antalya K\u00f6rfez","@id":"https:\/\/denizcankizil.tr\/de\/#\/schema\/person\/e1eb71bb4dd684d46563f0af307e1234"},"headline":"Antalya B\u00fcy\u00fck\u015fehir Belediyesi 208 milyon TL kira gelirini tahsil edemiyor","datePublished":"2025-02-09T07:41:19+00:00","mainEntityOfPage":{"@id":"https:\/\/denizcankizil.tr\/haberler\/gundem\/antalya-buyuksehir-belediyesi-208-milyon-tl-kira-gelirini-tahsil-edemiyor\/"},"wordCount":347,"commentCount":0,"publisher":{"@id":"https:\/\/denizcankizil.tr\/de\/#organization"},"articleSection":["G\u00fcndem"],"inLanguage":"ru-RU","potentialAction":[{"@type":"CommentAction","name":"Comment","target":["https:\/\/denizcankizil.tr\/haberler\/gundem\/antalya-buyuksehir-belediyesi-208-milyon-tl-kira-gelirini-tahsil-edemiyor\/#respond"]}]},{"@type":"WebPage","@id":"https:\/\/denizcankizil.tr\/haberler\/gundem\/antalya-buyuksehir-belediyesi-208-milyon-tl-kira-gelirini-tahsil-edemiyor\/","url":"https:\/\/denizcankizil.tr\/haberler\/gundem\/antalya-buyuksehir-belediyesi-208-milyon-tl-kira-gelirini-tahsil-edemiyor\/","name":"Antalya B\u00fcy\u00fck\u015fehir Belediyesi 208 milyon TL kira gelirini tahsil edemiyor - Av. Deniz Can K\u0131z\u0131l","isPartOf":{"@id":"https:\/\/denizcankizil.tr\/de\/#website"},"datePublished":"2025-02-09T07:41:19+00:00","breadcrumb":{"@id":"https:\/\/denizcankizil.tr\/haberler\/gundem\/antalya-buyuksehir-belediyesi-208-milyon-tl-kira-gelirini-tahsil-edemiyor\/#breadcrumb"},"inLanguage":"ru-RU","potentialAction":[{"@type":"ReadAction","target":["https:\/\/denizcankizil.tr\/haberler\/gundem\/antalya-buyuksehir-belediyesi-208-milyon-tl-kira-gelirini-tahsil-edemiyor\/"]}]},{"@type":"BreadcrumbList","@id":"https:\/\/denizcankizil.tr\/haberler\/gundem\/antalya-buyuksehir-belediyesi-208-milyon-tl-kira-gelirini-tahsil-edemiyor\/#breadcrumb","itemListElement":[{"@type":"ListItem","position":1,"name":"Home","item":"https:\/\/denizcankizil.tr\/de\/"},{"@type":"ListItem","position":2,"name":"Antalya B\u00fcy\u00fck\u015fehir Belediyesi 208 milyon TL kira gelirini tahsil edemiyor"}]},{"@type":"WebSite","@id":"https:\/\/denizcankizil.tr\/de\/#website","url":"https:\/\/denizcankizil.tr\/de\/","name":"Av. Deniz Can K\u0131z\u0131l","description":"Avukat Deniz Can K\u0131z\u0131l Antalya Barosu","publisher":{"@id":"https:\/\/denizcankizil.tr\/de\/#organization"},"potentialAction":[{"@type":"SearchAction","target":{"@type":"EntryPoint","urlTemplate":"https:\/\/denizcankizil.tr\/de\/?s={search_term_string}"},"query-input":{"@type":"PropertyValueSpecification","valueRequired":true,"valueName":"search_term_string"}}],"inLanguage":"ru-RU"},{"@type":"Organization","@id":"https:\/\/denizcankizil.tr\/de\/#organization","name":"Av. Deniz Can K\u0131z\u0131l","url":"https:\/\/denizcankizil.tr\/de\/","logo":{"@type":"ImageObject","inLanguage":"ru-RU","@id":"https:\/\/denizcankizil.tr\/de\/#\/schema\/logo\/image\/","url":"http:\/\/denizcankizil.tr\/wp-content\/uploads\/2024\/10\/siyah-logo-svg.svg","contentUrl":"http:\/\/denizcankizil.tr\/wp-content\/uploads\/2024\/10\/siyah-logo-svg.svg","width":1080,"height":1080,"caption":"Av. Deniz Can K\u0131z\u0131l"},"image":{"@id":"https:\/\/denizcankizil.tr\/de\/#\/schema\/logo\/image\/"}},{"@type":"Person","@id":"https:\/\/denizcankizil.tr\/de\/#\/schema\/person\/e1eb71bb4dd684d46563f0af307e1234","name":"Antalya K\u00f6rfez","image":{"@type":"ImageObject","inLanguage":"ru-RU","@id":"https:\/\/denizcankizil.tr\/de\/#\/schema\/person\/image\/","url":"https:\/\/secure.gravatar.com\/avatar\/42b01982558a48a0b501fdcab6a408d3717ea5919095ee2e67b0e521799c5905?s=96&d=mm&r=g","contentUrl":"https:\/\/secure.gravatar.com\/avatar\/42b01982558a48a0b501fdcab6a408d3717ea5919095ee2e67b0e521799c5905?s=96&d=mm&r=g","caption":"Antalya K\u00f6rfez"},"sameAs":["http:\/\/www.antalyakorfez.com"],"url":"https:\/\/www.antalyakorfez.com\/antalya-buyuksehir-belediyesi-208-milyon-tl-kira-gelirini-tahsil-edemiyor"}]}},"_links":{"self":[{"href":"http:\/\/denizcankizil.tr\/ru\/wp-json\/wp\/v2\/posts\/31439","targetHints":{"allow":["GET"]}}],"collection":[{"href":"http:\/\/denizcankizil.tr\/ru\/wp-json\/wp\/v2\/posts"}],"about":[{"href":"http:\/\/denizcankizil.tr\/ru\/wp-json\/wp\/v2\/types\/post"}],"author":[{"embeddable":true,"href":"http:\/\/denizcankizil.tr\/ru\/wp-json\/wp\/v2\/users\/5"}],"replies":[{"embeddable":true,"href":"http:\/\/denizcankizil.tr\/ru\/wp-json\/wp\/v2\/comments?post=31439"}],"version-history":[{"count":0,"href":"http:\/\/denizcankizil.tr\/ru\/wp-json\/wp\/v2\/posts\/31439\/revisions"}],"wp:attachment":[{"href":"http:\/\/denizcankizil.tr\/ru\/wp-json\/wp\/v2\/media?parent=31439"}],"wp:term":[{"taxonomy":"category","embeddable":true,"href":"http:\/\/denizcankizil.tr\/ru\/wp-json\/wp\/v2\/categories?post=31439"},{"taxonomy":"post_tag","embeddable":true,"href":"http:\/\/denizcankizil.tr\/ru\/wp-json\/wp\/v2\/tags?post=31439"}],"curies":[{"name":"wp","href":"https:\/\/api.w.org\/{rel}","templated":true}]}}