{"id":31099,"date":"2025-02-08T00:41:42","date_gmt":"2025-02-07T21:41:42","guid":{"rendered":"https:\/\/denizcankizil.tr\/uncategorized-tr\/kocaeli-ulasimina-27-yeni-otobus-daha\/"},"modified":"2025-02-08T00:41:42","modified_gmt":"2025-02-07T21:41:42","slug":"kocaeli-ulasimina-27-yeni-otobus-daha","status":"publish","type":"post","link":"http:\/\/denizcankizil.tr\/ru\/haberler\/gundem\/kocaeli-ulasimina-27-yeni-otobus-daha\/","title":{"rendered":"Kocaeli ula\u015f\u0131m\u0131na 27 yeni otob\u00fcs daha"},"content":{"rendered":"<p>Kocaeli B\u00fcy\u00fck\u015fehir Belediye Ba\u015fkan\u0131 Do\u00e7.Dr.Tahir B\u00fcy\u00fckak\u0131n, \u0130zmit ile Sabiha G\u00f6k\u00e7en Havaalan\u0131 aras\u0131nda kullan\u0131lacak 27 yeni otob\u00fcs\u00fcn tan\u0131t\u0131m\u0131n\u0131 ger\u00e7ekle\u015ftirdi. B\u00fcy\u00fckak\u0131n, ula\u015f\u0131m hizmetine de\u011fer katmay\u0131 s\u00fcrd\u00fcreceklerini s\u00f6yledi.KOCAEL\u0130 (\u0130GFA) &#8211; Kocaeli B\u00fcy\u00fck\u015fehir Belediyesi, \u0130zmit ile Sabiha G\u00f6k\u00e7en Havaalan\u0131 aras\u0131ndaki ula\u015f\u0131mda kullan\u0131lan ara\u00e7 filosuna 27 yeni otob\u00fcs daha ekledi.<br \/>\n\u0130zmit ile Sabiha G\u00f6k\u00e7en Havaalan\u0131 aras\u0131nda kullan\u0131lmak \u00fczere filoya dahil edilen 27 yeni otob\u00fcs\u00fcn tan\u0131t\u0131m\u0131n\u0131 ger\u00e7ekle\u015ftirdi. B\u00fcy\u00fck\u015fehir, \u015fehirleraras\u0131 ula\u015f\u0131m hizmetlerine de\u011fer katmaya devam ederek vatanda\u015flar\u0131n konforlu ve g\u00fcvenli yolculuk yapabilmesi i\u00e7in yeni otob\u00fcsleri envanterine ekledi.<br \/>\nF\u0130LONUN TOPLAM SAYISI 671\u2019E \u00c7IKTI<br \/>\nBa\u015fkan B\u00fcy\u00fckak\u0131n, 27 yeni arac\u0131n ve 18 k\u00f6r\u00fckl\u00fc arac\u0131n da ilk kez t\u00f6renle halk\u0131n kullan\u0131m\u0131na sunuldu\u011funu duyurdu. Yeni ara\u00e7lar\u0131n toplam yat\u0131r\u0131m b\u00fct\u00e7esinin 194 milyon TL oldu\u011funu belirten B\u00fcy\u00fckak\u0131n, \u201cToplu ta\u015f\u0131mayla ula\u015f\u0131m sa\u011flama oran\u0131 Avrupa&#8217;da y\u00fczde 30 civar\u0131ndayken, Kocaeli\u2019de bu oran y\u00fczde 7 idi. Biz bunu y\u00fczde 16\u2019ya \u00e7\u0131karmak i\u00e7in m\u00fccadele ediyorduk ve \u015fu anda bu hedefe h\u0131zl\u0131 ad\u0131mlarla ilerliyoruz\u201d dedi. Kocaeli\u2019deki toplu ta\u015f\u0131ma filo say\u0131s\u0131n\u0131n 671\u2019e \u00e7\u0131kt\u0131\u011f\u0131n\u0131 belirten Ba\u015fkan B\u00fcy\u00fckak\u0131n, 342 arac\u0131n 2021 y\u0131l\u0131ndan itibaren al\u0131nd\u0131\u011f\u0131n\u0131 ve bu yat\u0131r\u0131mlar i\u00e7in 1 milyar 904 milyon lira harcand\u0131\u011f\u0131n\u0131 s\u00f6yledi.<\/p>\n<p>KADIN S\u00dcR\u00dcC\u00dcLER\u0130N SAYISI ARTIYOR<br \/>\nToplu ta\u015f\u0131mada kad\u0131n s\u00fcr\u00fcc\u00fclerinin say\u0131s\u0131n\u0131n art\u0131r\u0131lmas\u0131 gerekti\u011fini belirten Ba\u015fkan B\u00fcy\u00fckak\u0131n, \u201c3 kad\u0131n otob\u00fcs s\u00fcr\u00fcc\u00fcm\u00fcz var, say\u0131s\u0131n\u0131n artmas\u0131n\u0131 istiyoruz. Kad\u0131nlar, toplu ta\u015f\u0131ma sekt\u00f6r\u00fcnde \u00e7ok \u00f6nemli bir yere sahip. 2 tane de kad\u0131n vatman\u0131m\u0131z var. Kad\u0131n s\u00fcr\u00fcc\u00fclerimizin say\u0131s\u0131 artt\u0131k\u00e7a kalitenin de gelece\u011fine inan\u0131yorum\u201d dedi.<\/p>\n<p>\u200bKocaeli B\u00fcy\u00fck\u015fehir Belediye Ba\u015fkan\u0131 Do\u00e7.Dr.Tahir B\u00fcy\u00fckak\u0131n, \u0130zmit ile Sabiha G\u00f6k\u00e7en Havaalan\u0131 aras\u0131nda kullan\u0131lacak 27 yeni otob\u00fcs\u00fcn tan\u0131t\u0131m\u0131n\u0131 ger\u00e7ekle\u015ftirdi. B\u00fcy\u00fckak\u0131n, ula\u015f\u0131m hizmetine de\u011fer katmay\u0131 s\u00fcrd\u00fcreceklerini s\u00f6yledi.KOCAEL\u0130 (\u0130GFA) &#8211; Kocaeli B\u00fcy\u00fck\u015fehir Belediyesi, \u0130zmit ile Sabiha G\u00f6k\u00e7en Havaalan\u0131 aras\u0131ndaki ula\u015f\u0131mda kullan\u0131lan ara\u00e7 filosuna 27 yeni otob\u00fcs daha ekledi.<br \/>\n\u0130zmit ile Sabiha G\u00f6k\u00e7en Havaalan\u0131 aras\u0131nda kullan\u0131lmak \u00fczere filoya dahil edilen 27 yeni otob\u00fcs\u00fcn tan\u0131t\u0131m\u0131n\u0131 ger\u00e7ekle\u015ftirdi. B\u00fcy\u00fck\u015fehir, \u015fehirleraras\u0131 ula\u015f\u0131m hizmetlerine de\u011fer katmaya devam ederek vatanda\u015flar\u0131n konforlu ve g\u00fcvenli yolculuk yapabilmesi i\u00e7in yeni otob\u00fcsleri envanterine ekledi.<br \/>\nF\u0130LONUN TOPLAM SAYISI 671\u2019E \u00c7IKTI<br \/>\nBa\u015fkan B\u00fcy\u00fckak\u0131n, 27 yeni arac\u0131n ve 18 k\u00f6r\u00fckl\u00fc arac\u0131n da ilk kez t\u00f6renle halk\u0131n kullan\u0131m\u0131na sunuldu\u011funu duyurdu. Yeni ara\u00e7lar\u0131n toplam yat\u0131r\u0131m b\u00fct\u00e7esinin 194 milyon TL oldu\u011funu belirten B\u00fcy\u00fckak\u0131n, \u201cToplu ta\u015f\u0131mayla ula\u015f\u0131m sa\u011flama oran\u0131 Avrupa&#8217;da y\u00fczde 30 civar\u0131ndayken, Kocaeli\u2019de bu oran y\u00fczde 7 idi. Biz bunu y\u00fczde 16\u2019ya \u00e7\u0131karmak i\u00e7in m\u00fccadele ediyorduk ve \u015fu anda bu hedefe h\u0131zl\u0131 ad\u0131mlarla ilerliyoruz\u201d dedi. Kocaeli\u2019deki toplu ta\u015f\u0131ma filo say\u0131s\u0131n\u0131n 671\u2019e \u00e7\u0131kt\u0131\u011f\u0131n\u0131 belirten Ba\u015fkan B\u00fcy\u00fckak\u0131n, 342 arac\u0131n 2021 y\u0131l\u0131ndan itibaren al\u0131nd\u0131\u011f\u0131n\u0131 ve bu yat\u0131r\u0131mlar i\u00e7in 1 milyar 904 milyon lira harcand\u0131\u011f\u0131n\u0131 s\u00f6yledi.<\/p>\n<p>KADIN S\u00dcR\u00dcC\u00dcLER\u0130N SAYISI ARTIYOR<br \/>\nToplu ta\u015f\u0131mada kad\u0131n s\u00fcr\u00fcc\u00fclerinin say\u0131s\u0131n\u0131n art\u0131r\u0131lmas\u0131 gerekti\u011fini belirten Ba\u015fkan B\u00fcy\u00fckak\u0131n, \u201c3 kad\u0131n otob\u00fcs s\u00fcr\u00fcc\u00fcm\u00fcz var, say\u0131s\u0131n\u0131n artmas\u0131n\u0131 istiyoruz. Kad\u0131nlar, toplu ta\u015f\u0131ma sekt\u00f6r\u00fcnde \u00e7ok \u00f6nemli bir yere sahip. 2 tane de kad\u0131n vatman\u0131m\u0131z var. Kad\u0131n s\u00fcr\u00fcc\u00fclerimizin say\u0131s\u0131 artt\u0131k\u00e7a kalitenin de gelece\u011fine inan\u0131yorum\u201d dedi.\u00a0<\/p>\n<p>\u200bHaberin Al\u0131nt\u0131land\u0131\u011f\u0131 Kaynak: www.iskenderun.org<\/p>","protected":false},"excerpt":{"rendered":"<p>Kocaeli B\u00fcy\u00fck\u015fehir Belediye Ba\u015fkan\u0131 Do\u00e7.Dr.Tahir B\u00fcy\u00fckak\u0131n, \u0130zmit ile Sabiha G\u00f6k\u00e7en Havaalan\u0131 aras\u0131nda kullan\u0131lacak 27 yeni otob\u00fcs\u00fcn tan\u0131t\u0131m\u0131n\u0131 ger\u00e7ekle\u015ftirdi. B\u00fcy\u00fckak\u0131n, ula\u015f\u0131m hizmetine de\u011fer katmay\u0131 s\u00fcrd\u00fcreceklerini s\u00f6yledi.KOCAEL\u0130 (\u0130GFA) &#8211; Kocaeli B\u00fcy\u00fck\u015fehir Belediyesi, \u0130zmit ile Sabiha G\u00f6k\u00e7en Havaalan\u0131 aras\u0131ndaki ula\u015f\u0131mda kullan\u0131lan ara\u00e7 filosuna 27 yeni otob\u00fcs daha ekledi. \u0130zmit ile Sabiha G\u00f6k\u00e7en Havaalan\u0131 aras\u0131nda kullan\u0131lmak \u00fczere filoya dahil edilen 27 yeni otob\u00fcs\u00fcn tan\u0131t\u0131m\u0131n\u0131 ger\u00e7ekle\u015ftirdi. B\u00fcy\u00fck\u015fehir, \u015fehirleraras\u0131 ula\u015f\u0131m hizmetlerine de\u011fer katmaya devam ederek vatanda\u015flar\u0131n konforlu ve g\u00fcvenli yolculuk yapabilmesi i\u00e7in yeni otob\u00fcsleri envanterine ekledi. F\u0130LONUN TOPLAM SAYISI 671\u2019E \u00c7IKTI Ba\u015fkan B\u00fcy\u00fckak\u0131n, 27 yeni arac\u0131n ve 18 k\u00f6r\u00fckl\u00fc arac\u0131n da ilk kez t\u00f6renle halk\u0131n kullan\u0131m\u0131na sunuldu\u011funu duyurdu. Yeni ara\u00e7lar\u0131n toplam yat\u0131r\u0131m b\u00fct\u00e7esinin 194 milyon TL oldu\u011funu belirten B\u00fcy\u00fckak\u0131n, \u201cToplu ta\u015f\u0131mayla ula\u015f\u0131m sa\u011flama oran\u0131 Avrupa&#8217;da y\u00fczde 30 civar\u0131ndayken, Kocaeli\u2019de bu oran y\u00fczde 7 idi. Biz bunu y\u00fczde 16\u2019ya \u00e7\u0131karmak i\u00e7in m\u00fccadele ediyorduk ve \u015fu anda bu hedefe h\u0131zl\u0131 ad\u0131mlarla ilerliyoruz\u201d dedi. Kocaeli\u2019deki toplu ta\u015f\u0131ma filo say\u0131s\u0131n\u0131n 671\u2019e \u00e7\u0131kt\u0131\u011f\u0131n\u0131 belirten Ba\u015fkan B\u00fcy\u00fckak\u0131n, 342 arac\u0131n 2021 y\u0131l\u0131ndan itibaren al\u0131nd\u0131\u011f\u0131n\u0131 ve bu yat\u0131r\u0131mlar i\u00e7in 1 milyar 904 milyon lira harcand\u0131\u011f\u0131n\u0131 s\u00f6yledi. KADIN S\u00dcR\u00dcC\u00dcLER\u0130N SAYISI ARTIYOR Toplu ta\u015f\u0131mada kad\u0131n s\u00fcr\u00fcc\u00fclerinin say\u0131s\u0131n\u0131n art\u0131r\u0131lmas\u0131 gerekti\u011fini belirten Ba\u015fkan B\u00fcy\u00fckak\u0131n, \u201c3 kad\u0131n otob\u00fcs s\u00fcr\u00fcc\u00fcm\u00fcz var, say\u0131s\u0131n\u0131n artmas\u0131n\u0131 istiyoruz. Kad\u0131nlar, toplu ta\u015f\u0131ma sekt\u00f6r\u00fcnde \u00e7ok \u00f6nemli &hellip;<\/p>","protected":false},"author":1,"featured_media":0,"comment_status":"open","ping_status":"open","sticky":false,"template":"","format":"standard","meta":{"_acf_changed":false,"footnotes":""},"categories":[24],"tags":[],"class_list":["post-31099","post","type-post","status-publish","format-standard","has-post-thumbnail","hentry","category-gundem"],"acf":[],"yoast_head":"<!-- This site is optimized with the Yoast SEO Premium plugin v26.6 (Yoast SEO v27.1.1) - https:\/\/yoast.com\/product\/yoast-seo-premium-wordpress\/ -->\n<title>Kocaeli ula\u015f\u0131m\u0131na 27 yeni otob\u00fcs daha - Av. Deniz Can K\u0131z\u0131l<\/title>\n<meta name=\"robots\" content=\"index, follow, max-snippet:-1, max-image-preview:large, max-video-preview:-1\" \/>\n<link rel=\"canonical\" href=\"http:\/\/denizcankizil.tr\/ru\/haberler\/gundem\/kocaeli-ulasimina-27-yeni-otobus-daha\/\" \/>\n<meta property=\"og:locale\" content=\"ru_RU\" \/>\n<meta property=\"og:type\" content=\"article\" \/>\n<meta property=\"og:title\" content=\"Kocaeli ula\u015f\u0131m\u0131na 27 yeni otob\u00fcs daha\" \/>\n<meta property=\"og:description\" content=\"Kocaeli B\u00fcy\u00fck\u015fehir Belediye Ba\u015fkan\u0131 Do\u00e7.Dr.Tahir B\u00fcy\u00fckak\u0131n, \u0130zmit ile Sabiha G\u00f6k\u00e7en Havaalan\u0131 aras\u0131nda kullan\u0131lacak 27 yeni otob\u00fcs\u00fcn tan\u0131t\u0131m\u0131n\u0131 ger\u00e7ekle\u015ftirdi. B\u00fcy\u00fckak\u0131n, ula\u015f\u0131m hizmetine de\u011fer katmay\u0131 s\u00fcrd\u00fcreceklerini s\u00f6yledi.KOCAEL\u0130 (\u0130GFA) &#8211; Kocaeli B\u00fcy\u00fck\u015fehir Belediyesi, \u0130zmit ile Sabiha G\u00f6k\u00e7en Havaalan\u0131 aras\u0131ndaki ula\u015f\u0131mda kullan\u0131lan ara\u00e7 filosuna 27 yeni otob\u00fcs daha ekledi. \u0130zmit ile Sabiha G\u00f6k\u00e7en Havaalan\u0131 aras\u0131nda kullan\u0131lmak \u00fczere filoya dahil edilen 27 yeni otob\u00fcs\u00fcn tan\u0131t\u0131m\u0131n\u0131 ger\u00e7ekle\u015ftirdi. B\u00fcy\u00fck\u015fehir, \u015fehirleraras\u0131 ula\u015f\u0131m hizmetlerine de\u011fer katmaya devam ederek vatanda\u015flar\u0131n konforlu ve g\u00fcvenli yolculuk yapabilmesi i\u00e7in yeni otob\u00fcsleri envanterine ekledi. F\u0130LONUN TOPLAM SAYISI 671\u2019E \u00c7IKTI Ba\u015fkan B\u00fcy\u00fckak\u0131n, 27 yeni arac\u0131n ve 18 k\u00f6r\u00fckl\u00fc arac\u0131n da ilk kez t\u00f6renle halk\u0131n kullan\u0131m\u0131na sunuldu\u011funu duyurdu. Yeni ara\u00e7lar\u0131n toplam yat\u0131r\u0131m b\u00fct\u00e7esinin 194 milyon TL oldu\u011funu belirten B\u00fcy\u00fckak\u0131n, \u201cToplu ta\u015f\u0131mayla ula\u015f\u0131m sa\u011flama oran\u0131 Avrupa&#8217;da y\u00fczde 30 civar\u0131ndayken, Kocaeli\u2019de bu oran y\u00fczde 7 idi. Biz bunu y\u00fczde 16\u2019ya \u00e7\u0131karmak i\u00e7in m\u00fccadele ediyorduk ve \u015fu anda bu hedefe h\u0131zl\u0131 ad\u0131mlarla ilerliyoruz\u201d dedi. Kocaeli\u2019deki toplu ta\u015f\u0131ma filo say\u0131s\u0131n\u0131n 671\u2019e \u00e7\u0131kt\u0131\u011f\u0131n\u0131 belirten Ba\u015fkan B\u00fcy\u00fckak\u0131n, 342 arac\u0131n 2021 y\u0131l\u0131ndan itibaren al\u0131nd\u0131\u011f\u0131n\u0131 ve bu yat\u0131r\u0131mlar i\u00e7in 1 milyar 904 milyon lira harcand\u0131\u011f\u0131n\u0131 s\u00f6yledi. KADIN S\u00dcR\u00dcC\u00dcLER\u0130N SAYISI ARTIYOR Toplu ta\u015f\u0131mada kad\u0131n s\u00fcr\u00fcc\u00fclerinin say\u0131s\u0131n\u0131n art\u0131r\u0131lmas\u0131 gerekti\u011fini belirten Ba\u015fkan B\u00fcy\u00fckak\u0131n, \u201c3 kad\u0131n otob\u00fcs s\u00fcr\u00fcc\u00fcm\u00fcz var, say\u0131s\u0131n\u0131n artmas\u0131n\u0131 istiyoruz. Kad\u0131nlar, toplu ta\u015f\u0131ma sekt\u00f6r\u00fcnde \u00e7ok \u00f6nemli &hellip;\" \/>\n<meta property=\"og:url\" content=\"http:\/\/denizcankizil.tr\/ru\/haberler\/gundem\/kocaeli-ulasimina-27-yeni-otobus-daha\/\" \/>\n<meta property=\"og:site_name\" content=\"Av. Deniz Can K\u0131z\u0131l\" \/>\n<meta property=\"article:published_time\" content=\"2025-02-07T21:41:42+00:00\" \/>\n<meta name=\"author\" content=\"admin\" \/>\n<meta name=\"twitter:card\" content=\"summary_large_image\" \/>\n<meta name=\"twitter:label1\" content=\"\u041d\u0430\u043f\u0438\u0441\u0430\u043d\u043e \u0430\u0432\u0442\u043e\u0440\u043e\u043c\" \/>\n\t<meta name=\"twitter:data1\" content=\"admin\" \/>\n\t<meta name=\"twitter:label2\" content=\"\u041f\u0440\u0438\u043c\u0435\u0440\u043d\u043e\u0435 \u0432\u0440\u0435\u043c\u044f \u0434\u043b\u044f \u0447\u0442\u0435\u043d\u0438\u044f\" \/>\n\t<meta name=\"twitter:data2\" content=\"4 \u043c\u0438\u043d\u0443\u0442\u044b\" \/>\n<script type=\"application\/ld+json\" class=\"yoast-schema-graph\">{\"@context\":\"https:\/\/schema.org\",\"@graph\":[{\"@type\":\"Article\",\"@id\":\"http:\/\/denizcankizil.tr\/ru\/haberler\/gundem\/kocaeli-ulasimina-27-yeni-otobus-daha\/#article\",\"isPartOf\":{\"@id\":\"http:\/\/denizcankizil.tr\/ru\/haberler\/gundem\/kocaeli-ulasimina-27-yeni-otobus-daha\/\"},\"author\":{\"name\":\"admin\",\"@id\":\"https:\/\/denizcankizil.tr\/de\/#\/schema\/person\/be3c05fe6a12686905512445d8185489\"},\"headline\":\"Kocaeli ula\u015f\u0131m\u0131na 27 yeni otob\u00fcs daha\",\"datePublished\":\"2025-02-07T21:41:42+00:00\",\"mainEntityOfPage\":{\"@id\":\"http:\/\/denizcankizil.tr\/ru\/haberler\/gundem\/kocaeli-ulasimina-27-yeni-otobus-daha\/\"},\"wordCount\":746,\"commentCount\":0,\"publisher\":{\"@id\":\"https:\/\/denizcankizil.tr\/de\/#organization\"},\"articleSection\":[\"G\u00fcndem\"],\"inLanguage\":\"ru-RU\",\"potentialAction\":[{\"@type\":\"CommentAction\",\"name\":\"Comment\",\"target\":[\"http:\/\/denizcankizil.tr\/ru\/haberler\/gundem\/kocaeli-ulasimina-27-yeni-otobus-daha\/#respond\"]}]},{\"@type\":\"WebPage\",\"@id\":\"http:\/\/denizcankizil.tr\/ru\/haberler\/gundem\/kocaeli-ulasimina-27-yeni-otobus-daha\/\",\"url\":\"http:\/\/denizcankizil.tr\/ru\/haberler\/gundem\/kocaeli-ulasimina-27-yeni-otobus-daha\/\",\"name\":\"Kocaeli ula\u015f\u0131m\u0131na 27 yeni otob\u00fcs daha - Av. Deniz Can K\u0131z\u0131l\",\"isPartOf\":{\"@id\":\"https:\/\/denizcankizil.tr\/de\/#website\"},\"datePublished\":\"2025-02-07T21:41:42+00:00\",\"breadcrumb\":{\"@id\":\"http:\/\/denizcankizil.tr\/ru\/haberler\/gundem\/kocaeli-ulasimina-27-yeni-otobus-daha\/#breadcrumb\"},\"inLanguage\":\"ru-RU\",\"potentialAction\":[{\"@type\":\"ReadAction\",\"target\":[\"http:\/\/denizcankizil.tr\/ru\/haberler\/gundem\/kocaeli-ulasimina-27-yeni-otobus-daha\/\"]}]},{\"@type\":\"BreadcrumbList\",\"@id\":\"http:\/\/denizcankizil.tr\/ru\/haberler\/gundem\/kocaeli-ulasimina-27-yeni-otobus-daha\/#breadcrumb\",\"itemListElement\":[{\"@type\":\"ListItem\",\"position\":1,\"name\":\"Home\",\"item\":\"https:\/\/denizcankizil.tr\/de\/\"},{\"@type\":\"ListItem\",\"position\":2,\"name\":\"Kocaeli ula\u015f\u0131m\u0131na 27 yeni otob\u00fcs daha\"}]},{\"@type\":\"WebSite\",\"@id\":\"https:\/\/denizcankizil.tr\/de\/#website\",\"url\":\"https:\/\/denizcankizil.tr\/de\/\",\"name\":\"Av. Deniz Can K\u0131z\u0131l\",\"description\":\"Avukat Deniz Can K\u0131z\u0131l Antalya Barosu\",\"publisher\":{\"@id\":\"https:\/\/denizcankizil.tr\/de\/#organization\"},\"potentialAction\":[{\"@type\":\"SearchAction\",\"target\":{\"@type\":\"EntryPoint\",\"urlTemplate\":\"https:\/\/denizcankizil.tr\/de\/?s={search_term_string}\"},\"query-input\":{\"@type\":\"PropertyValueSpecification\",\"valueRequired\":true,\"valueName\":\"search_term_string\"}}],\"inLanguage\":\"ru-RU\"},{\"@type\":\"Organization\",\"@id\":\"https:\/\/denizcankizil.tr\/de\/#organization\",\"name\":\"Av. Deniz Can K\u0131z\u0131l\",\"url\":\"https:\/\/denizcankizil.tr\/de\/\",\"logo\":{\"@type\":\"ImageObject\",\"inLanguage\":\"ru-RU\",\"@id\":\"https:\/\/denizcankizil.tr\/de\/#\/schema\/logo\/image\/\",\"url\":\"http:\/\/denizcankizil.tr\/wp-content\/uploads\/2024\/10\/siyah-logo-svg.svg\",\"contentUrl\":\"http:\/\/denizcankizil.tr\/wp-content\/uploads\/2024\/10\/siyah-logo-svg.svg\",\"width\":1080,\"height\":1080,\"caption\":\"Av. Deniz Can K\u0131z\u0131l\"},\"image\":{\"@id\":\"https:\/\/denizcankizil.tr\/de\/#\/schema\/logo\/image\/\"}},{\"@type\":\"Person\",\"@id\":\"https:\/\/denizcankizil.tr\/de\/#\/schema\/person\/be3c05fe6a12686905512445d8185489\",\"name\":\"admin\",\"image\":{\"@type\":\"ImageObject\",\"inLanguage\":\"ru-RU\",\"@id\":\"https:\/\/denizcankizil.tr\/de\/#\/schema\/person\/image\/\",\"url\":\"https:\/\/secure.gravatar.com\/avatar\/c1fce94c830dc79107e174f890d7210541c4a63e8e5d816341794a2151c9d58c?s=96&d=mm&r=g\",\"contentUrl\":\"https:\/\/secure.gravatar.com\/avatar\/c1fce94c830dc79107e174f890d7210541c4a63e8e5d816341794a2151c9d58c?s=96&d=mm&r=g\",\"caption\":\"admin\"},\"sameAs\":[\"http:\/\/denizcankizil.tr\"],\"url\":\"https:\/\/www.iskenderun.org\/kocaeli-ulasimina-27-yeni-otobus-daha\"}]}<\/script>\n<!-- \/ Yoast SEO Premium plugin. -->","yoast_head_json":{"title":"Kocaeli ula\u015f\u0131m\u0131na 27 yeni otob\u00fcs daha - Av. Deniz Can K\u0131z\u0131l","robots":{"index":"index","follow":"follow","max-snippet":"max-snippet:-1","max-image-preview":"max-image-preview:large","max-video-preview":"max-video-preview:-1"},"canonical":"http:\/\/denizcankizil.tr\/ru\/haberler\/gundem\/kocaeli-ulasimina-27-yeni-otobus-daha\/","og_locale":"ru_RU","og_type":"article","og_title":"Kocaeli ula\u015f\u0131m\u0131na 27 yeni otob\u00fcs daha","og_description":"Kocaeli B\u00fcy\u00fck\u015fehir Belediye Ba\u015fkan\u0131 Do\u00e7.Dr.Tahir B\u00fcy\u00fckak\u0131n, \u0130zmit ile Sabiha G\u00f6k\u00e7en Havaalan\u0131 aras\u0131nda kullan\u0131lacak 27 yeni otob\u00fcs\u00fcn tan\u0131t\u0131m\u0131n\u0131 ger\u00e7ekle\u015ftirdi. B\u00fcy\u00fckak\u0131n, ula\u015f\u0131m hizmetine de\u011fer katmay\u0131 s\u00fcrd\u00fcreceklerini s\u00f6yledi.KOCAEL\u0130 (\u0130GFA) &#8211; Kocaeli B\u00fcy\u00fck\u015fehir Belediyesi, \u0130zmit ile Sabiha G\u00f6k\u00e7en Havaalan\u0131 aras\u0131ndaki ula\u015f\u0131mda kullan\u0131lan ara\u00e7 filosuna 27 yeni otob\u00fcs daha ekledi. \u0130zmit ile Sabiha G\u00f6k\u00e7en Havaalan\u0131 aras\u0131nda kullan\u0131lmak \u00fczere filoya dahil edilen 27 yeni otob\u00fcs\u00fcn tan\u0131t\u0131m\u0131n\u0131 ger\u00e7ekle\u015ftirdi. B\u00fcy\u00fck\u015fehir, \u015fehirleraras\u0131 ula\u015f\u0131m hizmetlerine de\u011fer katmaya devam ederek vatanda\u015flar\u0131n konforlu ve g\u00fcvenli yolculuk yapabilmesi i\u00e7in yeni otob\u00fcsleri envanterine ekledi. F\u0130LONUN TOPLAM SAYISI 671\u2019E \u00c7IKTI Ba\u015fkan B\u00fcy\u00fckak\u0131n, 27 yeni arac\u0131n ve 18 k\u00f6r\u00fckl\u00fc arac\u0131n da ilk kez t\u00f6renle halk\u0131n kullan\u0131m\u0131na sunuldu\u011funu duyurdu. Yeni ara\u00e7lar\u0131n toplam yat\u0131r\u0131m b\u00fct\u00e7esinin 194 milyon TL oldu\u011funu belirten B\u00fcy\u00fckak\u0131n, \u201cToplu ta\u015f\u0131mayla ula\u015f\u0131m sa\u011flama oran\u0131 Avrupa&#8217;da y\u00fczde 30 civar\u0131ndayken, Kocaeli\u2019de bu oran y\u00fczde 7 idi. Biz bunu y\u00fczde 16\u2019ya \u00e7\u0131karmak i\u00e7in m\u00fccadele ediyorduk ve \u015fu anda bu hedefe h\u0131zl\u0131 ad\u0131mlarla ilerliyoruz\u201d dedi. Kocaeli\u2019deki toplu ta\u015f\u0131ma filo say\u0131s\u0131n\u0131n 671\u2019e \u00e7\u0131kt\u0131\u011f\u0131n\u0131 belirten Ba\u015fkan B\u00fcy\u00fckak\u0131n, 342 arac\u0131n 2021 y\u0131l\u0131ndan itibaren al\u0131nd\u0131\u011f\u0131n\u0131 ve bu yat\u0131r\u0131mlar i\u00e7in 1 milyar 904 milyon lira harcand\u0131\u011f\u0131n\u0131 s\u00f6yledi. KADIN S\u00dcR\u00dcC\u00dcLER\u0130N SAYISI ARTIYOR Toplu ta\u015f\u0131mada kad\u0131n s\u00fcr\u00fcc\u00fclerinin say\u0131s\u0131n\u0131n art\u0131r\u0131lmas\u0131 gerekti\u011fini belirten Ba\u015fkan B\u00fcy\u00fckak\u0131n, \u201c3 kad\u0131n otob\u00fcs s\u00fcr\u00fcc\u00fcm\u00fcz var, say\u0131s\u0131n\u0131n artmas\u0131n\u0131 istiyoruz. Kad\u0131nlar, toplu ta\u015f\u0131ma sekt\u00f6r\u00fcnde \u00e7ok \u00f6nemli &hellip;","og_url":"http:\/\/denizcankizil.tr\/ru\/haberler\/gundem\/kocaeli-ulasimina-27-yeni-otobus-daha\/","og_site_name":"Av. Deniz Can K\u0131z\u0131l","article_published_time":"2025-02-07T21:41:42+00:00","author":"admin","twitter_card":"summary_large_image","twitter_misc":{"\u041d\u0430\u043f\u0438\u0441\u0430\u043d\u043e \u0430\u0432\u0442\u043e\u0440\u043e\u043c":"admin","\u041f\u0440\u0438\u043c\u0435\u0440\u043d\u043e\u0435 \u0432\u0440\u0435\u043c\u044f \u0434\u043b\u044f \u0447\u0442\u0435\u043d\u0438\u044f":"4 \u043c\u0438\u043d\u0443\u0442\u044b"},"schema":{"@context":"https:\/\/schema.org","@graph":[{"@type":"Article","@id":"http:\/\/denizcankizil.tr\/ru\/haberler\/gundem\/kocaeli-ulasimina-27-yeni-otobus-daha\/#article","isPartOf":{"@id":"http:\/\/denizcankizil.tr\/ru\/haberler\/gundem\/kocaeli-ulasimina-27-yeni-otobus-daha\/"},"author":{"name":"admin","@id":"https:\/\/denizcankizil.tr\/de\/#\/schema\/person\/be3c05fe6a12686905512445d8185489"},"headline":"Kocaeli ula\u015f\u0131m\u0131na 27 yeni otob\u00fcs daha","datePublished":"2025-02-07T21:41:42+00:00","mainEntityOfPage":{"@id":"http:\/\/denizcankizil.tr\/ru\/haberler\/gundem\/kocaeli-ulasimina-27-yeni-otobus-daha\/"},"wordCount":746,"commentCount":0,"publisher":{"@id":"https:\/\/denizcankizil.tr\/de\/#organization"},"articleSection":["G\u00fcndem"],"inLanguage":"ru-RU","potentialAction":[{"@type":"CommentAction","name":"Comment","target":["http:\/\/denizcankizil.tr\/ru\/haberler\/gundem\/kocaeli-ulasimina-27-yeni-otobus-daha\/#respond"]}]},{"@type":"WebPage","@id":"http:\/\/denizcankizil.tr\/ru\/haberler\/gundem\/kocaeli-ulasimina-27-yeni-otobus-daha\/","url":"http:\/\/denizcankizil.tr\/ru\/haberler\/gundem\/kocaeli-ulasimina-27-yeni-otobus-daha\/","name":"Kocaeli ula\u015f\u0131m\u0131na 27 yeni otob\u00fcs daha - Av. Deniz Can K\u0131z\u0131l","isPartOf":{"@id":"https:\/\/denizcankizil.tr\/de\/#website"},"datePublished":"2025-02-07T21:41:42+00:00","breadcrumb":{"@id":"http:\/\/denizcankizil.tr\/ru\/haberler\/gundem\/kocaeli-ulasimina-27-yeni-otobus-daha\/#breadcrumb"},"inLanguage":"ru-RU","potentialAction":[{"@type":"ReadAction","target":["http:\/\/denizcankizil.tr\/ru\/haberler\/gundem\/kocaeli-ulasimina-27-yeni-otobus-daha\/"]}]},{"@type":"BreadcrumbList","@id":"http:\/\/denizcankizil.tr\/ru\/haberler\/gundem\/kocaeli-ulasimina-27-yeni-otobus-daha\/#breadcrumb","itemListElement":[{"@type":"ListItem","position":1,"name":"Home","item":"https:\/\/denizcankizil.tr\/de\/"},{"@type":"ListItem","position":2,"name":"Kocaeli ula\u015f\u0131m\u0131na 27 yeni otob\u00fcs daha"}]},{"@type":"WebSite","@id":"https:\/\/denizcankizil.tr\/de\/#website","url":"https:\/\/denizcankizil.tr\/de\/","name":"Av. Deniz Can K\u0131z\u0131l","description":"Avukat Deniz Can K\u0131z\u0131l Antalya Barosu","publisher":{"@id":"https:\/\/denizcankizil.tr\/de\/#organization"},"potentialAction":[{"@type":"SearchAction","target":{"@type":"EntryPoint","urlTemplate":"https:\/\/denizcankizil.tr\/de\/?s={search_term_string}"},"query-input":{"@type":"PropertyValueSpecification","valueRequired":true,"valueName":"search_term_string"}}],"inLanguage":"ru-RU"},{"@type":"Organization","@id":"https:\/\/denizcankizil.tr\/de\/#organization","name":"Av. Deniz Can K\u0131z\u0131l","url":"https:\/\/denizcankizil.tr\/de\/","logo":{"@type":"ImageObject","inLanguage":"ru-RU","@id":"https:\/\/denizcankizil.tr\/de\/#\/schema\/logo\/image\/","url":"http:\/\/denizcankizil.tr\/wp-content\/uploads\/2024\/10\/siyah-logo-svg.svg","contentUrl":"http:\/\/denizcankizil.tr\/wp-content\/uploads\/2024\/10\/siyah-logo-svg.svg","width":1080,"height":1080,"caption":"Av. Deniz Can K\u0131z\u0131l"},"image":{"@id":"https:\/\/denizcankizil.tr\/de\/#\/schema\/logo\/image\/"}},{"@type":"Person","@id":"https:\/\/denizcankizil.tr\/de\/#\/schema\/person\/be3c05fe6a12686905512445d8185489","name":"\u0430\u0434\u043c\u0438\u043d","image":{"@type":"ImageObject","inLanguage":"ru-RU","@id":"https:\/\/denizcankizil.tr\/de\/#\/schema\/person\/image\/","url":"https:\/\/secure.gravatar.com\/avatar\/c1fce94c830dc79107e174f890d7210541c4a63e8e5d816341794a2151c9d58c?s=96&d=mm&r=g","contentUrl":"https:\/\/secure.gravatar.com\/avatar\/c1fce94c830dc79107e174f890d7210541c4a63e8e5d816341794a2151c9d58c?s=96&d=mm&r=g","caption":"admin"},"sameAs":["http:\/\/denizcankizil.tr"],"url":"https:\/\/www.iskenderun.org\/kocaeli-ulasimina-27-yeni-otobus-daha"}]}},"_links":{"self":[{"href":"http:\/\/denizcankizil.tr\/ru\/wp-json\/wp\/v2\/posts\/31099","targetHints":{"allow":["GET"]}}],"collection":[{"href":"http:\/\/denizcankizil.tr\/ru\/wp-json\/wp\/v2\/posts"}],"about":[{"href":"http:\/\/denizcankizil.tr\/ru\/wp-json\/wp\/v2\/types\/post"}],"author":[{"embeddable":true,"href":"http:\/\/denizcankizil.tr\/ru\/wp-json\/wp\/v2\/users\/1"}],"replies":[{"embeddable":true,"href":"http:\/\/denizcankizil.tr\/ru\/wp-json\/wp\/v2\/comments?post=31099"}],"version-history":[{"count":0,"href":"http:\/\/denizcankizil.tr\/ru\/wp-json\/wp\/v2\/posts\/31099\/revisions"}],"wp:attachment":[{"href":"http:\/\/denizcankizil.tr\/ru\/wp-json\/wp\/v2\/media?parent=31099"}],"wp:term":[{"taxonomy":"category","embeddable":true,"href":"http:\/\/denizcankizil.tr\/ru\/wp-json\/wp\/v2\/categories?post=31099"},{"taxonomy":"post_tag","embeddable":true,"href":"http:\/\/denizcankizil.tr\/ru\/wp-json\/wp\/v2\/tags?post=31099"}],"curies":[{"name":"wp","href":"https:\/\/api.w.org\/{rel}","templated":true}]}}