{"id":30746,"date":"2025-02-06T17:41:15","date_gmt":"2025-02-06T14:41:15","guid":{"rendered":"https:\/\/denizcankizil.tr\/uncategorized-tr\/antalyada-anma-toreni\/"},"modified":"2025-02-06T17:41:15","modified_gmt":"2025-02-06T14:41:15","slug":"antalyada-anma-toreni","status":"publish","type":"post","link":"http:\/\/denizcankizil.tr\/ru\/haberler\/antalya\/antalyada-anma-toreni\/","title":{"rendered":"Antalya&#8217;da anma t\u00f6reni"},"content":{"rendered":"<p>Asr\u0131n felaketinde Malatya Valisi olarak g\u00f6rev yapan Antalya Valisi Hulusi \u015eahin, \u015fehirlerin sa\u011fl\u0131kl\u0131 ve g\u00fcvenli in\u015fa edilmesi gerekti\u011fine vurgu yaparak, &#8220;Hi\u00e7 unutmuyorum. Malatya&#8217;da e\u015fini, \u00fc\u00e7 k\u0131z\u0131n\u0131 kaybetmi\u015f olan bir vatanda\u015f \u015f\u00f6yle demi\u015fti; \u2018Ben me\u011fer ev almam\u0131\u015f\u0131m? \u00c7ocuklar\u0131ma tabut alm\u0131\u015f\u0131m. \u00c7ocuklar\u0131ma mezar alm\u0131\u015f\u0131m.&#8217; Ev yapal\u0131m, insanlara ya\u015fayabilecekleri \u015fehirler kural\u0131m. Mezarlar, mezarl\u0131klar yapmayal\u0131m&#8221; dedi.<br \/>\n6 \u015eubat 2023 tarihinde ya\u015fanan ve &#8220;asr\u0131n felaketi&#8221; olarak nitelendirilen Kahramanmara\u015f merkezli depremlerin ikinci y\u0131l d\u00f6n\u00fcm\u00fc nedeniyle Antalya&#8217;da anma program\u0131 ger\u00e7ekle\u015ftirildi. Antalya Valili\u011fi ve AFAD taraf\u0131ndan Erdem Bayaz\u0131t K\u00fclt\u00fcr Merkezi&#8217;nde ger\u00e7ekle\u015ftirilen programda, depremlerde hayat\u0131n\u0131 kaybedenler i\u00e7in bir anma ve arma t\u00f6reni yap\u0131ld\u0131. Kur&#8217;an-\u0131 Kerim ve dualar\u0131n okundu\u011fu programda, deprem s\u0131ras\u0131nda Malatya Valisi olan Antalya Valisi Hulusi \u015eahin o d\u00f6nem ya\u015fad\u0131klar\u0131n\u0131 aktard\u0131. Vali \u015eahin, &#8220;6 \u015eubat sabah\u0131 ya\u015fad\u0131klar\u0131m\u0131z\u0131 kelimeler tarif edemez. 6 \u015eubat&#8217;\u0131n tam bu saatlerinde benim kar\u015f\u0131la\u015ft\u0131\u011f\u0131m konular\u0131 Allah kimseyi bir daha ya\u015fatmas\u0131n, g\u00f6stermesin. Birinci deprem olmu\u015f. Ekiplerimizi elimizde ne kadar varsa y\u0131k\u0131lan binalar\u0131n enkazlar\u0131na g\u00f6ndermi\u015fiz. Hepsi \u00e7al\u0131\u015f\u0131yorlar. Enkaz alt\u0131ndan insanlar\u0131m\u0131z\u0131 kurtarmaya \u00e7al\u0131\u015f\u0131yorlar. O arada ikinci deprem oluyor ve \u015f\u00f6yle haber geliyor; \u2018Arama kurtarma ekiplerimizin \u00fczerine binalar devrildi. Ekiplerimiz enkaz alt\u0131nda kald\u0131.&#8217; Nas\u0131l bir duygu ya\u015fad\u0131\u011f\u0131m\u0131z\u0131 hayal edebiliyor musunuz? \u00c7ok a\u011f\u0131r bir imtihan. Bir taraftan haber geliyor, Malatya&#8217;y\u0131 g\u00fcneye ba\u011flayan Erkenek T\u00fcneli y\u0131k\u0131ld\u0131. Bir telefon geliyor, kuzeye ba\u011flayan viyad\u00fck y\u0131k\u0131ld\u0131. Bir haber geliyor, bat\u0131ya ba\u011flayan yol tipi nedeniyle kapal\u0131. Bir ba\u015fka haber geliyor. \u0130\u00e7me suyu \u00e7amur ak\u0131yor. \u0130\u00e7me suyu hatt\u0131n\u0131 kullanam\u0131yorsunuz. Bir ba\u015fka haber geliyor. Tipi nedeniyle u\u00e7aklar inemiyor. Ayn\u0131 anda ya\u015fam\u0131\u015f oldu\u011fumuz say\u0131s\u0131z b\u00fcy\u00fck felaket. Bu b\u00fcy\u00fck felaketin alt\u0131ndan nas\u0131l kalkt\u0131k ger\u00e7ekten?&#8221; dedi.<\/p>\n<p>&#8220;Deprem ba\u015fka bir afete benzemiyor&#8221;<br \/>\n\u015eahin, yard\u0131m ve dayan\u0131\u015fman\u0131n b\u00fcy\u00fck bir organizasyon gerektirdi\u011fini belirterek, &#8220;Ben \u015fimdi bu milletin g\u00fcc\u00fcne bir kere daha iman ediyorum ki bu millet \u00f6yle zannedildi\u011fi gibi bir millet de\u011fil, \u00e7ok g\u00fc\u00e7l\u00fc bir millet. Birka\u00e7 saat i\u00e7erisinde nereden geldiklerini anlamad\u0131\u011f\u0131m\u0131z b\u00f6yle melekler geldi ve ara\u00e7larla ekmekler, sular, say\u0131s\u0131z yard\u0131m malzemesi akmaya ba\u015flad\u0131. Saatler ilerledik\u00e7e o kadar \u00e7ok destek ve o kadar \u00e7ok yard\u0131m geldi ki bunlar\u0131 tasnif etmeye yeti\u015femez olduk. Deprem ba\u015fka bir afete benzemiyor. Di\u011fer afetlerde afet b\u00f6lgesi zarar g\u00f6r\u00fcr ama hayat devam eder, halbuki depremde sadece binalar y\u0131k\u0131lm\u0131yor. B\u00fct\u00fcn \u015fehrin t\u00fcm yap\u0131s\u0131 elden \u00e7\u0131k\u0131yor ve o \u015fehirde ya\u015fayan herkes depremzede oluyor. \u0130ster binas\u0131 y\u0131k\u0131ls\u0131n ister y\u0131k\u0131lmas\u0131n. \u00d6yle bir durumda koca bir \u015fehrin t\u00fcm ihtiya\u00e7lar\u0131n\u0131 kar\u015f\u0131la\u015fman\u0131z laz\u0131m. Toplumlar\u0131n kalitesini, toplumlar\u0131n zor zamanlardaki dayan\u0131\u015fma k\u00fclt\u00fcr\u00fc belirler. Biz \u00e7ok iyi bir s\u0131nav verdik. Bunu sadece biz s\u00f6ylemiyoruz. D\u00fcnyan\u0131n \u00e7ok say\u0131da milleti oraya deste\u011fe geldi. Onlar\u0131n yetkilileriyle de konu\u015ftuk, onlardan da ayn\u0131 geri d\u00f6n\u00fc\u015fleri ald\u0131k&#8221; diye konu\u015ftu.<\/p>\n<p>&#8220;Mezarlar, mezarl\u0131klar yapmayal\u0131m&#8221;<br \/>\nVali \u015eahin, \u015fehirlerin sa\u011fl\u0131kl\u0131 ve g\u00fcvenli in\u015fa edilmesi gerekti\u011fine vurgu yaparak, &#8220;Hi\u00e7 unutmuyorum. Malatya&#8217;da e\u015fini, \u00fc\u00e7 k\u0131z\u0131n\u0131 kaybetmi\u015f olan bir vatanda\u015f \u015f\u00f6yle demi\u015fti; \u2018Ben me\u011fer ev almam\u0131\u015f\u0131m? \u00c7ocuklar\u0131ma tabut alm\u0131\u015f\u0131m. \u00c7ocuklar\u0131ma mezar alm\u0131\u015f\u0131m.&#8217; Ev yapal\u0131m, insanlara ya\u015fayabilecekleri \u015fehirler kural\u0131m. Mezarlar, mezarl\u0131klar yapmayal\u0131m. Bunun i\u00e7in kural neyse kurala uyal\u0131m. \u0130\u015f ahlak\u0131m\u0131z\u0131 yapt\u0131\u011f\u0131m\u0131z her i\u015fte \u00f6ncelikli olarak kendimize bir g\u00f6rev edinelim&#8221; dedi.<\/p>\n<p>&#8220;Antalya bir afet \u015fehri&#8221;<br \/>\nAntalya&#8217;n\u0131n da bir afet \u015fehri oldu\u011funa dikkat \u00e7eken Vali \u015eahin, do\u011fal afetlere kar\u015f\u0131 her an haz\u0131rl\u0131kl\u0131 olunmas\u0131n\u0131n \u00f6nemine de\u011findi. \u015eahin, \u015f\u00f6yle devam etti:<br \/>\n&#8220;Antalya bir afet \u015fehri, bunu hi\u00e7 unutmay\u0131n\u0131z. Afet tan\u0131mlamaya kalkarsan\u0131z, depremle beraber ba\u015flayal\u0131m. Antik kentlerimiz var de\u011fil mi? Hepsi y\u0131k\u0131k. Bunlar\u0131n \u00f6nemli bir k\u0131sm\u0131 depremden y\u0131k\u0131lm\u0131\u015f, \u00f6zellikle bat\u0131 Antalya&#8217;dakiler. Dolay\u0131s\u0131yla buras\u0131 depremden azade bir \u015fehir de\u011fil. Sel, Antalya bir sel \u015fehri. Yang\u0131n, bak\u0131n \u015fu anda bir yang\u0131n\u0131m\u0131z var \u015fubat ay\u0131nda. Arkada\u015flar\u0131m\u0131z m\u00fcdahale ediyor, kontrol alt\u0131na almak \u00fczereler. \u00c7ok b\u00fcy\u00fck bir yang\u0131n\u0131 da yine \u015fu yak\u0131n zamanda ya\u015fad\u0131k. Hani en olmaz ne olabilir Antalya i\u00e7in? \u00c7\u0131\u011f de\u011fil mi? Antalya&#8217;da \u00e7\u0131\u011f oldu. Bu k\u0131\u015f bir vatanda\u015f\u0131m\u0131z\u0131 kaybettik. Antalya tam bir afet \u015fehri. O y\u00fczden haz\u0131rl\u0131kl\u0131 olmam\u0131z laz\u0131m. Bu arada sadece bizde olur ve buna haz\u0131rl\u0131kl\u0131 oluruz. Bu yakla\u015f\u0131m da do\u011fru de\u011fil. Antalya bir d\u00fcnya \u015fehri. T\u00fcrkiye&#8217;nin ve d\u00fcnyan\u0131n herhangi bir yerinde ya\u015fanabilecek bir afette biz Antalya olarak onlar\u0131n yard\u0131m\u0131na \u00f6ncelikle ko\u015fmak sorumlulu\u011funday\u0131z. Bu sorumlulu\u011fu hissedelim.&#8221;<\/p>\n<p>&#8220;K\u00fc\u00e7\u00fck hatalar b\u00fcy\u00fck felaketlere sebebiyet verir&#8221;<br \/>\n\u015eahin, &#8220;Hangi i\u015fi yap\u0131yorsak o i\u015fin gere\u011fi neyse onu yapmay\u0131 ilke edinelim. Bunu herkese \u00f6\u011fretelim ve denetleyelim. E\u011fer bunu yaparsak emin olun \u015fehirlerimiz depremle di\u011fer afetlere kar\u015f\u0131 \u00e7ok daha g\u00fcvende olur. Yeter ki i\u015fimizi do\u011fru yapal\u0131m, \u015fehirlerimizi do\u011fru kural\u0131m, binalar\u0131m\u0131z\u0131 do\u011fru yapal\u0131m. En son 78 evlad\u0131m\u0131z\u0131 kaybetti\u011fimiz Bolu&#8217;daki yang\u0131n benzeri de\u011fil mi? Basit bir mutfak kazas\u0131 nas\u0131l devasa bir felakete, bir faciaya sebebiyet verir? Do\u011fru hamle yap\u0131lsayd\u0131, do\u011fru m\u00fcdahale yap\u0131lsayd\u0131 o mutfak kazas\u0131 belki de hi\u00e7 haberimiz olmayacak \u015fekilde 15 saniyede \u00e7\u00f6z\u00fclecekti, o 78 vatan evlad\u0131 bug\u00fcn aram\u0131zda olacakt\u0131. K\u00fc\u00e7\u00fck hatalar b\u00fcy\u00fck felaketlere sebebiyet verir. Bu da en hassas olmak zorunda oldu\u011fumuz konu diye d\u00fc\u015f\u00fcn\u00fcyorum&#8221; dedi.<br \/>\nProgram sonunda AFAD&#8217;dan akredite alan STK g\u00f6n\u00fcll\u00fclerine arma tak\u0131ld\u0131. Programa Antalya Valisi Hulusi \u015eahin, \u0130l Jandarma Komutan\u0131 Tar\u0131k Hekimo\u011flu, \u0130l Afet ve Acil Durum M\u00fcd\u00fcr\u00fc Necmi Er\u00e7in ve \u00e7ok say\u0131da sivil toplum kurulu\u015fu \u00fcyesi kat\u0131ld\u0131.<\/p>\n<p>Kaynak: www.kanalv.com.tr Haber Sitesinden Al\u0131nm\u0131\u015ft\u0131r.<\/p>","protected":false},"excerpt":{"rendered":"<p>Asr\u0131n felaketinde Malatya Valisi olarak g\u00f6rev yapan Antalya Valisi Hulusi \u015eahin, \u015fehirlerin sa\u011fl\u0131kl\u0131 ve g\u00fcvenli in\u015fa edilmesi gerekti\u011fine vurgu yaparak, &#8220;Hi\u00e7 unutmuyorum. Malatya&#8217;da e\u015fini, \u00fc\u00e7 k\u0131z\u0131n\u0131 kaybetmi\u015f olan bir vatanda\u015f \u015f\u00f6yle demi\u015fti; \u2018Ben me\u011fer ev almam\u0131\u015f\u0131m? \u00c7ocuklar\u0131ma tabut alm\u0131\u015f\u0131m. \u00c7ocuklar\u0131ma mezar alm\u0131\u015f\u0131m.&#8217; Ev yapal\u0131m, insanlara ya\u015fayabilecekleri \u015fehirler kural\u0131m. Mezarlar, mezarl\u0131klar yapmayal\u0131m&#8221; dedi. 6 \u015eubat 2023 tarihinde ya\u015fanan ve &#8220;asr\u0131n felaketi&#8221; olarak nitelendirilen Kahramanmara\u015f merkezli depremlerin ikinci y\u0131l d\u00f6n\u00fcm\u00fc nedeniyle Antalya&#8217;da anma program\u0131 ger\u00e7ekle\u015ftirildi. Antalya Valili\u011fi ve AFAD taraf\u0131ndan Erdem Bayaz\u0131t K\u00fclt\u00fcr Merkezi&#8217;nde ger\u00e7ekle\u015ftirilen programda, depremlerde hayat\u0131n\u0131 kaybedenler i\u00e7in bir anma ve arma t\u00f6reni yap\u0131ld\u0131. Kur&#8217;an-\u0131 Kerim ve dualar\u0131n okundu\u011fu programda, deprem s\u0131ras\u0131nda Malatya Valisi olan Antalya Valisi Hulusi \u015eahin o d\u00f6nem ya\u015fad\u0131klar\u0131n\u0131 aktard\u0131. Vali \u015eahin, &#8220;6 \u015eubat sabah\u0131 ya\u015fad\u0131klar\u0131m\u0131z\u0131 kelimeler tarif edemez. 6 \u015eubat&#8217;\u0131n tam bu saatlerinde benim kar\u015f\u0131la\u015ft\u0131\u011f\u0131m konular\u0131 Allah kimseyi bir daha ya\u015fatmas\u0131n, g\u00f6stermesin. Birinci deprem olmu\u015f. Ekiplerimizi elimizde ne kadar varsa y\u0131k\u0131lan binalar\u0131n enkazlar\u0131na g\u00f6ndermi\u015fiz. Hepsi \u00e7al\u0131\u015f\u0131yorlar. Enkaz alt\u0131ndan insanlar\u0131m\u0131z\u0131 kurtarmaya \u00e7al\u0131\u015f\u0131yorlar. O arada ikinci deprem oluyor ve \u015f\u00f6yle haber geliyor; \u2018Arama kurtarma ekiplerimizin \u00fczerine binalar devrildi. Ekiplerimiz enkaz alt\u0131nda kald\u0131.&#8217; Nas\u0131l bir duygu ya\u015fad\u0131\u011f\u0131m\u0131z\u0131 hayal edebiliyor musunuz? \u00c7ok a\u011f\u0131r bir imtihan. Bir taraftan haber geliyor, Malatya&#8217;y\u0131 g\u00fcneye ba\u011flayan Erkenek T\u00fcneli y\u0131k\u0131ld\u0131. Bir telefon geliyor, kuzeye ba\u011flayan &hellip;<\/p>","protected":false},"author":4,"featured_media":30747,"comment_status":"open","ping_status":"open","sticky":false,"template":"","format":"standard","meta":{"_acf_changed":false,"footnotes":""},"categories":[26],"tags":[],"class_list":["post-30746","post","type-post","status-publish","format-standard","has-post-thumbnail","hentry","category-antalya"],"acf":[],"yoast_head":"<!-- This site is optimized with the Yoast SEO Premium plugin v26.6 (Yoast SEO v27.1.1) - https:\/\/yoast.com\/product\/yoast-seo-premium-wordpress\/ -->\n<title>Antalya&#039;da anma t\u00f6reni - Av. Deniz Can K\u0131z\u0131l<\/title>\n<meta name=\"robots\" content=\"index, follow, max-snippet:-1, max-image-preview:large, max-video-preview:-1\" \/>\n<link rel=\"canonical\" href=\"http:\/\/denizcankizil.tr\/ru\/haberler\/antalya\/antalyada-anma-toreni\/\" \/>\n<meta property=\"og:locale\" content=\"ru_RU\" \/>\n<meta property=\"og:type\" content=\"article\" \/>\n<meta property=\"og:title\" content=\"Antalya&#039;da anma t\u00f6reni\" \/>\n<meta property=\"og:description\" content=\"Asr\u0131n felaketinde Malatya Valisi olarak g\u00f6rev yapan Antalya Valisi Hulusi \u015eahin, \u015fehirlerin sa\u011fl\u0131kl\u0131 ve g\u00fcvenli in\u015fa edilmesi gerekti\u011fine vurgu yaparak, &#8220;Hi\u00e7 unutmuyorum. Malatya&#8217;da e\u015fini, \u00fc\u00e7 k\u0131z\u0131n\u0131 kaybetmi\u015f olan bir vatanda\u015f \u015f\u00f6yle demi\u015fti; \u2018Ben me\u011fer ev almam\u0131\u015f\u0131m? \u00c7ocuklar\u0131ma tabut alm\u0131\u015f\u0131m. \u00c7ocuklar\u0131ma mezar alm\u0131\u015f\u0131m.&#8217; Ev yapal\u0131m, insanlara ya\u015fayabilecekleri \u015fehirler kural\u0131m. Mezarlar, mezarl\u0131klar yapmayal\u0131m&#8221; dedi. 6 \u015eubat 2023 tarihinde ya\u015fanan ve &#8220;asr\u0131n felaketi&#8221; olarak nitelendirilen Kahramanmara\u015f merkezli depremlerin ikinci y\u0131l d\u00f6n\u00fcm\u00fc nedeniyle Antalya&#8217;da anma program\u0131 ger\u00e7ekle\u015ftirildi. Antalya Valili\u011fi ve AFAD taraf\u0131ndan Erdem Bayaz\u0131t K\u00fclt\u00fcr Merkezi&#8217;nde ger\u00e7ekle\u015ftirilen programda, depremlerde hayat\u0131n\u0131 kaybedenler i\u00e7in bir anma ve arma t\u00f6reni yap\u0131ld\u0131. Kur&#8217;an-\u0131 Kerim ve dualar\u0131n okundu\u011fu programda, deprem s\u0131ras\u0131nda Malatya Valisi olan Antalya Valisi Hulusi \u015eahin o d\u00f6nem ya\u015fad\u0131klar\u0131n\u0131 aktard\u0131. Vali \u015eahin, &#8220;6 \u015eubat sabah\u0131 ya\u015fad\u0131klar\u0131m\u0131z\u0131 kelimeler tarif edemez. 6 \u015eubat&#8217;\u0131n tam bu saatlerinde benim kar\u015f\u0131la\u015ft\u0131\u011f\u0131m konular\u0131 Allah kimseyi bir daha ya\u015fatmas\u0131n, g\u00f6stermesin. Birinci deprem olmu\u015f. Ekiplerimizi elimizde ne kadar varsa y\u0131k\u0131lan binalar\u0131n enkazlar\u0131na g\u00f6ndermi\u015fiz. Hepsi \u00e7al\u0131\u015f\u0131yorlar. Enkaz alt\u0131ndan insanlar\u0131m\u0131z\u0131 kurtarmaya \u00e7al\u0131\u015f\u0131yorlar. O arada ikinci deprem oluyor ve \u015f\u00f6yle haber geliyor; \u2018Arama kurtarma ekiplerimizin \u00fczerine binalar devrildi. Ekiplerimiz enkaz alt\u0131nda kald\u0131.&#8217; Nas\u0131l bir duygu ya\u015fad\u0131\u011f\u0131m\u0131z\u0131 hayal edebiliyor musunuz? \u00c7ok a\u011f\u0131r bir imtihan. Bir taraftan haber geliyor, Malatya&#8217;y\u0131 g\u00fcneye ba\u011flayan Erkenek T\u00fcneli y\u0131k\u0131ld\u0131. Bir telefon geliyor, kuzeye ba\u011flayan &hellip;\" \/>\n<meta property=\"og:url\" content=\"http:\/\/denizcankizil.tr\/ru\/haberler\/antalya\/antalyada-anma-toreni\/\" \/>\n<meta property=\"og:site_name\" content=\"Av. Deniz Can K\u0131z\u0131l\" \/>\n<meta property=\"article:published_time\" content=\"2025-02-06T14:41:15+00:00\" \/>\n<meta property=\"og:image\" content=\"http:\/\/denizcankizil.tr\/wp-content\/uploads\/2025\/02\/4516-01-9t9Ize.jpeg\" \/>\n\t<meta property=\"og:image:width\" content=\"1280\" \/>\n\t<meta property=\"og:image:height\" content=\"720\" \/>\n\t<meta property=\"og:image:type\" content=\"image\/jpeg\" \/>\n<meta name=\"author\" content=\"Av. Deniz Can K\u0131z\u0131l\" \/>\n<meta name=\"twitter:card\" content=\"summary_large_image\" \/>\n<meta name=\"twitter:label1\" content=\"\u041d\u0430\u043f\u0438\u0441\u0430\u043d\u043e \u0430\u0432\u0442\u043e\u0440\u043e\u043c\" \/>\n\t<meta name=\"twitter:data1\" content=\"Av. Deniz Can K\u0131z\u0131l\" \/>\n\t<meta name=\"twitter:label2\" content=\"\u041f\u0440\u0438\u043c\u0435\u0440\u043d\u043e\u0435 \u0432\u0440\u0435\u043c\u044f \u0434\u043b\u044f \u0447\u0442\u0435\u043d\u0438\u044f\" \/>\n\t<meta name=\"twitter:data2\" content=\"5 \u043c\u0438\u043d\u0443\u0442\" \/>\n<script type=\"application\/ld+json\" class=\"yoast-schema-graph\">{\"@context\":\"https:\/\/schema.org\",\"@graph\":[{\"@type\":\"Article\",\"@id\":\"http:\/\/denizcankizil.tr\/ru\/haberler\/antalya\/antalyada-anma-toreni\/#article\",\"isPartOf\":{\"@id\":\"http:\/\/denizcankizil.tr\/ru\/haberler\/antalya\/antalyada-anma-toreni\/\"},\"author\":{\"name\":\"Av. Deniz Can K\u0131z\u0131l\",\"@id\":\"https:\/\/denizcankizil.tr\/de\/#\/schema\/person\/5dc1b22991bd7ac833867c10afc9b0ff\"},\"headline\":\"Antalya&#8217;da anma t\u00f6reni\",\"datePublished\":\"2025-02-06T14:41:15+00:00\",\"mainEntityOfPage\":{\"@id\":\"http:\/\/denizcankizil.tr\/ru\/haberler\/antalya\/antalyada-anma-toreni\/\"},\"wordCount\":1111,\"commentCount\":0,\"publisher\":{\"@id\":\"https:\/\/denizcankizil.tr\/de\/#organization\"},\"image\":{\"@id\":\"http:\/\/denizcankizil.tr\/ru\/haberler\/antalya\/antalyada-anma-toreni\/#primaryimage\"},\"thumbnailUrl\":\"http:\/\/denizcankizil.tr\/wp-content\/uploads\/2025\/02\/4516-01-9t9Ize.jpeg\",\"articleSection\":[\"Antalya\"],\"inLanguage\":\"ru-RU\",\"potentialAction\":[{\"@type\":\"CommentAction\",\"name\":\"Comment\",\"target\":[\"http:\/\/denizcankizil.tr\/ru\/haberler\/antalya\/antalyada-anma-toreni\/#respond\"]}]},{\"@type\":\"WebPage\",\"@id\":\"http:\/\/denizcankizil.tr\/ru\/haberler\/antalya\/antalyada-anma-toreni\/\",\"url\":\"http:\/\/denizcankizil.tr\/ru\/haberler\/antalya\/antalyada-anma-toreni\/\",\"name\":\"Antalya'da anma t\u00f6reni - Av. Deniz Can K\u0131z\u0131l\",\"isPartOf\":{\"@id\":\"https:\/\/denizcankizil.tr\/de\/#website\"},\"primaryImageOfPage\":{\"@id\":\"http:\/\/denizcankizil.tr\/ru\/haberler\/antalya\/antalyada-anma-toreni\/#primaryimage\"},\"image\":{\"@id\":\"http:\/\/denizcankizil.tr\/ru\/haberler\/antalya\/antalyada-anma-toreni\/#primaryimage\"},\"thumbnailUrl\":\"http:\/\/denizcankizil.tr\/wp-content\/uploads\/2025\/02\/4516-01-9t9Ize.jpeg\",\"datePublished\":\"2025-02-06T14:41:15+00:00\",\"breadcrumb\":{\"@id\":\"http:\/\/denizcankizil.tr\/ru\/haberler\/antalya\/antalyada-anma-toreni\/#breadcrumb\"},\"inLanguage\":\"ru-RU\",\"potentialAction\":[{\"@type\":\"ReadAction\",\"target\":[\"http:\/\/denizcankizil.tr\/ru\/haberler\/antalya\/antalyada-anma-toreni\/\"]}]},{\"@type\":\"ImageObject\",\"inLanguage\":\"ru-RU\",\"@id\":\"http:\/\/denizcankizil.tr\/ru\/haberler\/antalya\/antalyada-anma-toreni\/#primaryimage\",\"url\":\"http:\/\/denizcankizil.tr\/wp-content\/uploads\/2025\/02\/4516-01-9t9Ize.jpeg\",\"contentUrl\":\"http:\/\/denizcankizil.tr\/wp-content\/uploads\/2025\/02\/4516-01-9t9Ize.jpeg\",\"width\":1280,\"height\":720},{\"@type\":\"BreadcrumbList\",\"@id\":\"http:\/\/denizcankizil.tr\/ru\/haberler\/antalya\/antalyada-anma-toreni\/#breadcrumb\",\"itemListElement\":[{\"@type\":\"ListItem\",\"position\":1,\"name\":\"Home\",\"item\":\"https:\/\/denizcankizil.tr\/de\/\"},{\"@type\":\"ListItem\",\"position\":2,\"name\":\"Antalya&#8217;da anma t\u00f6reni\"}]},{\"@type\":\"WebSite\",\"@id\":\"https:\/\/denizcankizil.tr\/de\/#website\",\"url\":\"https:\/\/denizcankizil.tr\/de\/\",\"name\":\"Av. Deniz Can K\u0131z\u0131l\",\"description\":\"Avukat Deniz Can K\u0131z\u0131l Antalya Barosu\",\"publisher\":{\"@id\":\"https:\/\/denizcankizil.tr\/de\/#organization\"},\"potentialAction\":[{\"@type\":\"SearchAction\",\"target\":{\"@type\":\"EntryPoint\",\"urlTemplate\":\"https:\/\/denizcankizil.tr\/de\/?s={search_term_string}\"},\"query-input\":{\"@type\":\"PropertyValueSpecification\",\"valueRequired\":true,\"valueName\":\"search_term_string\"}}],\"inLanguage\":\"ru-RU\"},{\"@type\":\"Organization\",\"@id\":\"https:\/\/denizcankizil.tr\/de\/#organization\",\"name\":\"Av. Deniz Can K\u0131z\u0131l\",\"url\":\"https:\/\/denizcankizil.tr\/de\/\",\"logo\":{\"@type\":\"ImageObject\",\"inLanguage\":\"ru-RU\",\"@id\":\"https:\/\/denizcankizil.tr\/de\/#\/schema\/logo\/image\/\",\"url\":\"http:\/\/denizcankizil.tr\/wp-content\/uploads\/2024\/10\/siyah-logo-svg.svg\",\"contentUrl\":\"http:\/\/denizcankizil.tr\/wp-content\/uploads\/2024\/10\/siyah-logo-svg.svg\",\"width\":1080,\"height\":1080,\"caption\":\"Av. Deniz Can K\u0131z\u0131l\"},\"image\":{\"@id\":\"https:\/\/denizcankizil.tr\/de\/#\/schema\/logo\/image\/\"}},{\"@type\":\"Person\",\"@id\":\"https:\/\/denizcankizil.tr\/de\/#\/schema\/person\/5dc1b22991bd7ac833867c10afc9b0ff\",\"name\":\"Av. Deniz Can K\u0131z\u0131l\",\"image\":{\"@type\":\"ImageObject\",\"inLanguage\":\"ru-RU\",\"@id\":\"https:\/\/denizcankizil.tr\/de\/#\/schema\/person\/image\/\",\"url\":\"https:\/\/secure.gravatar.com\/avatar\/a0b128fb9855c79efc976d5640eedb31dc35ec297594d6016d2cf7c60e975bb6?s=96&d=mm&r=g\",\"contentUrl\":\"https:\/\/secure.gravatar.com\/avatar\/a0b128fb9855c79efc976d5640eedb31dc35ec297594d6016d2cf7c60e975bb6?s=96&d=mm&r=g\",\"caption\":\"Av. Deniz Can K\u0131z\u0131l\"},\"sameAs\":[\"http:\/\/www.denizcankizil.tr\"],\"url\":\"http:\/\/denizcankizil.tr\/ru\/author\/denizcankizil\/\"}]}<\/script>\n<!-- \/ Yoast SEO Premium plugin. -->","yoast_head_json":{"title":"Antalya'da anma t\u00f6reni - Av. Deniz Can K\u0131z\u0131l","robots":{"index":"index","follow":"follow","max-snippet":"max-snippet:-1","max-image-preview":"max-image-preview:large","max-video-preview":"max-video-preview:-1"},"canonical":"http:\/\/denizcankizil.tr\/ru\/haberler\/antalya\/antalyada-anma-toreni\/","og_locale":"ru_RU","og_type":"article","og_title":"Antalya'da anma t\u00f6reni","og_description":"Asr\u0131n felaketinde Malatya Valisi olarak g\u00f6rev yapan Antalya Valisi Hulusi \u015eahin, \u015fehirlerin sa\u011fl\u0131kl\u0131 ve g\u00fcvenli in\u015fa edilmesi gerekti\u011fine vurgu yaparak, &#8220;Hi\u00e7 unutmuyorum. Malatya&#8217;da e\u015fini, \u00fc\u00e7 k\u0131z\u0131n\u0131 kaybetmi\u015f olan bir vatanda\u015f \u015f\u00f6yle demi\u015fti; \u2018Ben me\u011fer ev almam\u0131\u015f\u0131m? \u00c7ocuklar\u0131ma tabut alm\u0131\u015f\u0131m. \u00c7ocuklar\u0131ma mezar alm\u0131\u015f\u0131m.&#8217; Ev yapal\u0131m, insanlara ya\u015fayabilecekleri \u015fehirler kural\u0131m. Mezarlar, mezarl\u0131klar yapmayal\u0131m&#8221; dedi. 6 \u015eubat 2023 tarihinde ya\u015fanan ve &#8220;asr\u0131n felaketi&#8221; olarak nitelendirilen Kahramanmara\u015f merkezli depremlerin ikinci y\u0131l d\u00f6n\u00fcm\u00fc nedeniyle Antalya&#8217;da anma program\u0131 ger\u00e7ekle\u015ftirildi. Antalya Valili\u011fi ve AFAD taraf\u0131ndan Erdem Bayaz\u0131t K\u00fclt\u00fcr Merkezi&#8217;nde ger\u00e7ekle\u015ftirilen programda, depremlerde hayat\u0131n\u0131 kaybedenler i\u00e7in bir anma ve arma t\u00f6reni yap\u0131ld\u0131. Kur&#8217;an-\u0131 Kerim ve dualar\u0131n okundu\u011fu programda, deprem s\u0131ras\u0131nda Malatya Valisi olan Antalya Valisi Hulusi \u015eahin o d\u00f6nem ya\u015fad\u0131klar\u0131n\u0131 aktard\u0131. Vali \u015eahin, &#8220;6 \u015eubat sabah\u0131 ya\u015fad\u0131klar\u0131m\u0131z\u0131 kelimeler tarif edemez. 6 \u015eubat&#8217;\u0131n tam bu saatlerinde benim kar\u015f\u0131la\u015ft\u0131\u011f\u0131m konular\u0131 Allah kimseyi bir daha ya\u015fatmas\u0131n, g\u00f6stermesin. Birinci deprem olmu\u015f. Ekiplerimizi elimizde ne kadar varsa y\u0131k\u0131lan binalar\u0131n enkazlar\u0131na g\u00f6ndermi\u015fiz. Hepsi \u00e7al\u0131\u015f\u0131yorlar. Enkaz alt\u0131ndan insanlar\u0131m\u0131z\u0131 kurtarmaya \u00e7al\u0131\u015f\u0131yorlar. O arada ikinci deprem oluyor ve \u015f\u00f6yle haber geliyor; \u2018Arama kurtarma ekiplerimizin \u00fczerine binalar devrildi. Ekiplerimiz enkaz alt\u0131nda kald\u0131.&#8217; Nas\u0131l bir duygu ya\u015fad\u0131\u011f\u0131m\u0131z\u0131 hayal edebiliyor musunuz? \u00c7ok a\u011f\u0131r bir imtihan. Bir taraftan haber geliyor, Malatya&#8217;y\u0131 g\u00fcneye ba\u011flayan Erkenek T\u00fcneli y\u0131k\u0131ld\u0131. Bir telefon geliyor, kuzeye ba\u011flayan &hellip;","og_url":"http:\/\/denizcankizil.tr\/ru\/haberler\/antalya\/antalyada-anma-toreni\/","og_site_name":"Av. Deniz Can K\u0131z\u0131l","article_published_time":"2025-02-06T14:41:15+00:00","og_image":[{"width":1280,"height":720,"url":"http:\/\/denizcankizil.tr\/wp-content\/uploads\/2025\/02\/4516-01-9t9Ize.jpeg","type":"image\/jpeg"}],"author":"Av. Deniz Can K\u0131z\u0131l","twitter_card":"summary_large_image","twitter_misc":{"\u041d\u0430\u043f\u0438\u0441\u0430\u043d\u043e \u0430\u0432\u0442\u043e\u0440\u043e\u043c":"Av. Deniz Can K\u0131z\u0131l","\u041f\u0440\u0438\u043c\u0435\u0440\u043d\u043e\u0435 \u0432\u0440\u0435\u043c\u044f \u0434\u043b\u044f \u0447\u0442\u0435\u043d\u0438\u044f":"5 \u043c\u0438\u043d\u0443\u0442"},"schema":{"@context":"https:\/\/schema.org","@graph":[{"@type":"Article","@id":"http:\/\/denizcankizil.tr\/ru\/haberler\/antalya\/antalyada-anma-toreni\/#article","isPartOf":{"@id":"http:\/\/denizcankizil.tr\/ru\/haberler\/antalya\/antalyada-anma-toreni\/"},"author":{"name":"Av. Deniz Can K\u0131z\u0131l","@id":"https:\/\/denizcankizil.tr\/de\/#\/schema\/person\/5dc1b22991bd7ac833867c10afc9b0ff"},"headline":"Antalya&#8217;da anma t\u00f6reni","datePublished":"2025-02-06T14:41:15+00:00","mainEntityOfPage":{"@id":"http:\/\/denizcankizil.tr\/ru\/haberler\/antalya\/antalyada-anma-toreni\/"},"wordCount":1111,"commentCount":0,"publisher":{"@id":"https:\/\/denizcankizil.tr\/de\/#organization"},"image":{"@id":"http:\/\/denizcankizil.tr\/ru\/haberler\/antalya\/antalyada-anma-toreni\/#primaryimage"},"thumbnailUrl":"http:\/\/denizcankizil.tr\/wp-content\/uploads\/2025\/02\/4516-01-9t9Ize.jpeg","articleSection":["Antalya"],"inLanguage":"ru-RU","potentialAction":[{"@type":"CommentAction","name":"Comment","target":["http:\/\/denizcankizil.tr\/ru\/haberler\/antalya\/antalyada-anma-toreni\/#respond"]}]},{"@type":"WebPage","@id":"http:\/\/denizcankizil.tr\/ru\/haberler\/antalya\/antalyada-anma-toreni\/","url":"http:\/\/denizcankizil.tr\/ru\/haberler\/antalya\/antalyada-anma-toreni\/","name":"Antalya'da anma t\u00f6reni - Av. Deniz Can K\u0131z\u0131l","isPartOf":{"@id":"https:\/\/denizcankizil.tr\/de\/#website"},"primaryImageOfPage":{"@id":"http:\/\/denizcankizil.tr\/ru\/haberler\/antalya\/antalyada-anma-toreni\/#primaryimage"},"image":{"@id":"http:\/\/denizcankizil.tr\/ru\/haberler\/antalya\/antalyada-anma-toreni\/#primaryimage"},"thumbnailUrl":"http:\/\/denizcankizil.tr\/wp-content\/uploads\/2025\/02\/4516-01-9t9Ize.jpeg","datePublished":"2025-02-06T14:41:15+00:00","breadcrumb":{"@id":"http:\/\/denizcankizil.tr\/ru\/haberler\/antalya\/antalyada-anma-toreni\/#breadcrumb"},"inLanguage":"ru-RU","potentialAction":[{"@type":"ReadAction","target":["http:\/\/denizcankizil.tr\/ru\/haberler\/antalya\/antalyada-anma-toreni\/"]}]},{"@type":"ImageObject","inLanguage":"ru-RU","@id":"http:\/\/denizcankizil.tr\/ru\/haberler\/antalya\/antalyada-anma-toreni\/#primaryimage","url":"http:\/\/denizcankizil.tr\/wp-content\/uploads\/2025\/02\/4516-01-9t9Ize.jpeg","contentUrl":"http:\/\/denizcankizil.tr\/wp-content\/uploads\/2025\/02\/4516-01-9t9Ize.jpeg","width":1280,"height":720},{"@type":"BreadcrumbList","@id":"http:\/\/denizcankizil.tr\/ru\/haberler\/antalya\/antalyada-anma-toreni\/#breadcrumb","itemListElement":[{"@type":"ListItem","position":1,"name":"Home","item":"https:\/\/denizcankizil.tr\/de\/"},{"@type":"ListItem","position":2,"name":"Antalya&#8217;da anma t\u00f6reni"}]},{"@type":"WebSite","@id":"https:\/\/denizcankizil.tr\/de\/#website","url":"https:\/\/denizcankizil.tr\/de\/","name":"Av. Deniz Can K\u0131z\u0131l","description":"Avukat Deniz Can K\u0131z\u0131l Antalya Barosu","publisher":{"@id":"https:\/\/denizcankizil.tr\/de\/#organization"},"potentialAction":[{"@type":"SearchAction","target":{"@type":"EntryPoint","urlTemplate":"https:\/\/denizcankizil.tr\/de\/?s={search_term_string}"},"query-input":{"@type":"PropertyValueSpecification","valueRequired":true,"valueName":"search_term_string"}}],"inLanguage":"ru-RU"},{"@type":"Organization","@id":"https:\/\/denizcankizil.tr\/de\/#organization","name":"Av. Deniz Can K\u0131z\u0131l","url":"https:\/\/denizcankizil.tr\/de\/","logo":{"@type":"ImageObject","inLanguage":"ru-RU","@id":"https:\/\/denizcankizil.tr\/de\/#\/schema\/logo\/image\/","url":"http:\/\/denizcankizil.tr\/wp-content\/uploads\/2024\/10\/siyah-logo-svg.svg","contentUrl":"http:\/\/denizcankizil.tr\/wp-content\/uploads\/2024\/10\/siyah-logo-svg.svg","width":1080,"height":1080,"caption":"Av. Deniz Can K\u0131z\u0131l"},"image":{"@id":"https:\/\/denizcankizil.tr\/de\/#\/schema\/logo\/image\/"}},{"@type":"Person","@id":"https:\/\/denizcankizil.tr\/de\/#\/schema\/person\/5dc1b22991bd7ac833867c10afc9b0ff","name":"Av. Deniz Can K\u0131z\u0131l","image":{"@type":"ImageObject","inLanguage":"ru-RU","@id":"https:\/\/denizcankizil.tr\/de\/#\/schema\/person\/image\/","url":"https:\/\/secure.gravatar.com\/avatar\/a0b128fb9855c79efc976d5640eedb31dc35ec297594d6016d2cf7c60e975bb6?s=96&d=mm&r=g","contentUrl":"https:\/\/secure.gravatar.com\/avatar\/a0b128fb9855c79efc976d5640eedb31dc35ec297594d6016d2cf7c60e975bb6?s=96&d=mm&r=g","caption":"Av. Deniz Can K\u0131z\u0131l"},"sameAs":["http:\/\/www.denizcankizil.tr"],"url":"http:\/\/denizcankizil.tr\/ru\/author\/denizcankizil\/"}]}},"_links":{"self":[{"href":"http:\/\/denizcankizil.tr\/ru\/wp-json\/wp\/v2\/posts\/30746","targetHints":{"allow":["GET"]}}],"collection":[{"href":"http:\/\/denizcankizil.tr\/ru\/wp-json\/wp\/v2\/posts"}],"about":[{"href":"http:\/\/denizcankizil.tr\/ru\/wp-json\/wp\/v2\/types\/post"}],"author":[{"embeddable":true,"href":"http:\/\/denizcankizil.tr\/ru\/wp-json\/wp\/v2\/users\/4"}],"replies":[{"embeddable":true,"href":"http:\/\/denizcankizil.tr\/ru\/wp-json\/wp\/v2\/comments?post=30746"}],"version-history":[{"count":0,"href":"http:\/\/denizcankizil.tr\/ru\/wp-json\/wp\/v2\/posts\/30746\/revisions"}],"wp:featuredmedia":[{"embeddable":true,"href":"http:\/\/denizcankizil.tr\/ru\/wp-json\/wp\/v2\/media\/30747"}],"wp:attachment":[{"href":"http:\/\/denizcankizil.tr\/ru\/wp-json\/wp\/v2\/media?parent=30746"}],"wp:term":[{"taxonomy":"category","embeddable":true,"href":"http:\/\/denizcankizil.tr\/ru\/wp-json\/wp\/v2\/categories?post=30746"},{"taxonomy":"post_tag","embeddable":true,"href":"http:\/\/denizcankizil.tr\/ru\/wp-json\/wp\/v2\/tags?post=30746"}],"curies":[{"name":"wp","href":"https:\/\/api.w.org\/{rel}","templated":true}]}}