{"id":30034,"date":"2025-02-04T12:41:17","date_gmt":"2025-02-04T09:41:17","guid":{"rendered":"https:\/\/denizcankizil.tr\/uncategorized-tr\/mahalle-sakinleri-tedirgin-cozum-bekliyor\/"},"modified":"2025-02-04T12:41:17","modified_gmt":"2025-02-04T09:41:17","slug":"mahalle-sakinleri-tedirgin-cozum-bekliyor","status":"publish","type":"post","link":"http:\/\/denizcankizil.tr\/ru\/haberler\/antalya\/mahalle-sakinleri-tedirgin-cozum-bekliyor\/","title":{"rendered":"Mahalle sakinleri tedirgin, \u00e7\u00f6z\u00fcm bekliyor"},"content":{"rendered":"<p>Mahalledeki tarihi yap\u0131lar\u0131n g\u00f6z g\u00f6re g\u00f6re yok oldu\u011funu belirten Balbey Muhtar Abdullah Uyaro\u011flu ise, &#8220;Kalei\u00e7i&#8217;nden sonra surlar\u0131n d\u0131\u015f\u0131nda kurulan ilk T\u00fcrk mahallesi Balbey Mahallemiz ama hak etti\u011fi de\u011feri bir t\u00fcrl\u00fc bulam\u0131yor. Senelerdir en ufak bir geli\u015fme kaydedemedik&#8221; dedi.<br \/>\nMuratpa\u015fa il\u00e7esi Balbey Mahallesi 426 Sokak&#8217;ta bulunan, i\u00e7i bo\u015f ve tescilli konak, ge\u00e7ti\u011fimiz g\u00fcnlerde gece saatlerinde \u00e7\u0131kan yang\u0131nda alevlere teslim oldu. Ah\u015fap yap\u0131s\u0131 nedeniyle yang\u0131n k\u0131sa s\u00fcrede b\u00fcy\u00fcrken, mahalle sakinlerinin ihbar\u0131 \u00fczerine olay yerine gelen itfaiye ekipleri, dar sokaklar ve park halindeki ara\u00e7lar nedeniyle binaya ula\u015fmakta g\u00fc\u00e7l\u00fck \u00e7ekti. Yakla\u015f\u0131k bir saatlik yo\u011fun \u00e7al\u0131\u015fman\u0131n ard\u0131ndan yang\u0131n kontrol alt\u0131na al\u0131n\u0131rken, tarihi bina kullan\u0131lamaz hale geldi.<\/p>\n<p>Mahalle sakinleri \u00e7\u00f6z\u00fcm bekliyor<br \/>\nYang\u0131n\u0131n ard\u0131ndan mahalle sakinleri, b\u00f6lgedeki metruk binalar\u0131n olu\u015fturdu\u011fu tehlikeye dikkat \u00e7ekerek yetkililerden \u00e7\u00f6z\u00fcm istedi. Yanan binan\u0131n sahibi Abdullah \u00c7ilenger, &#8220;Evi o\u011flum iki y\u0131l \u00f6nce ald\u0131, \u00f6nlemlerimizi ald\u0131k. \u0130\u00e7indeki kirac\u0131lar madde ba\u011f\u0131ml\u0131s\u0131yd\u0131, icra yoluyla \u00e7\u0131kard\u0131k. Ancak binaya s\u00fcrekli giren \u00e7\u0131kan oluyordu. Kom\u015fular rahats\u0131z oluyordu. D\u00fcn gece yang\u0131n \u00e7\u0131kt\u0131\u011f\u0131n\u0131 sabah polis memuru haber verdi. Tadilat yapt\u0131rmay\u0131 d\u00fc\u015f\u00fcn\u00fcyoruz, \u00f6l\u00e7t\u00fcrd\u00fck&#8221; dedi.<\/p>\n<p>&#8220;Balbey yok oluyor&#8221;<br \/>\nBalbey Mahalle Muhtar\u0131 Abdullah Uyaro\u011flu, mahalledeki tarihi yap\u0131lar\u0131n g\u00f6z g\u00f6re g\u00f6re yok oldu\u011funu belirterek, &#8220;Kalei\u00e7i&#8217;nden sonra surlar\u0131n d\u0131\u015f\u0131nda kurulan ilk T\u00fcrk mahallesi Balbey Mahallemiz ama hak etti\u011fi de\u011feri bir t\u00fcrl\u00fc bulam\u0131yor. Buras\u0131 Eski\u015fehir Odunpazar\u0131 gibi, Safranbolu gibi bir cazibe merkezi olmal\u0131 ama yetkililer sessiz kal\u0131yor&#8221; \u015feklinde konu\u015ftu. Uyaro\u011flu \u015f\u00f6yle devam etti:<br \/>\n&#8220;Balbey&#8217;in i\u00e7inde 42 tane tescilli konak vard\u0131. Bug\u00fcn bunlar\u0131n \u00e7o\u011fu ya yand\u0131 ya da y\u0131k\u0131ld\u0131. Yan\u0131p da yerine apartman elbette dikilmiyor. Bunlar\u0131n hepsinin r\u00f6l\u00f6ve projeleri haz\u0131r. Yansa da y\u0131k\u0131lsa da An\u0131tlar Koruma Kurulu asl\u0131na uygun yap\u0131lmas\u0131na izin veriyor. Buras\u0131 Muratpa\u015fa&#8217;n\u0131n kalbi. Be\u015f dakika ilerisi Kalei\u00e7i, yat liman\u0131, saat kulesi, on dakika ilerisi d\u00fcnyaca \u00fcnl\u00fc Konyaalt\u0131 plaj\u0131. Valla \u00fcz\u00fcnt\u00fcl\u00fcy\u00fcz. Senelerdir en ufak bir geli\u015fme kaydedemedik.&#8221;<\/p>\n<p>&#8220;Proje, bir y\u0131ld\u0131r bekliyor&#8221;<br \/>\nMuhtar Uyaro\u011flu, Balbey Yenileme Projesi&#8217;nin hala ba\u015flamam\u0131\u015f olmas\u0131n\u0131 da ele\u015ftirerek, &#8220;Ge\u00e7en y\u0131l 15 Mart&#8217;ta Balbey Yenileme Projesi&#8217;nin temeli at\u0131ld\u0131, ancak hala bir ilerleme kaydedilmedi. Bir tane binan\u0131n istimlak edilmesi gerekiyordu, belediye bunu yapt\u0131 ama hala hi\u00e7bir \u00e7al\u0131\u015fma ba\u015flamad\u0131. Bug\u00fcn yar\u0131n ba\u015flayaca\u011f\u0131n\u0131 \u00fcmit ediyoruz. Oras\u0131 da 1 bu\u00e7uk 2 sene i\u00e7inde bitecek. 125 tane hak sahibine, oradaki evleri, d\u00fckkanlar\u0131, ofisleri neyi varsa verilecek. Bu birinci etap. Proje, etap etap Balbey&#8217;in i\u00e7ine do\u011fru gelecek&#8221; ifadelerini kulland\u0131.<\/p>\n<p>&#8220;Antalya&#8217;n\u0131n g\u00f6be\u011finde g\u00fcvensiz bir ortam&#8221;<br \/>\nMahalle sakini Canbay Gebizli ise y\u0131llard\u0131r b\u00f6lgedeki sorunlara dikkat \u00e7ektiklerini belirterek, &#8220;53 y\u0131ld\u0131r bu mahallede ya\u015f\u0131yorum. Buras\u0131 Antalya&#8217;n\u0131n kalbi, en g\u00fczel yeri ama ayn\u0131 zamanda en terk edilmi\u015f yeri. Ev sahipleri m\u00fclklerini terk ediyor, metruk binalar ba\u011f\u0131ml\u0131lar taraf\u0131ndan i\u015fgal ediliyor. Geceleri mahallede onlarca insan girip \u00e7\u0131k\u0131yor, g\u00fcvenli bir ortam kalmad\u0131. \u00c7ocuklar\u0131m\u0131z saat 10&#8217;dan sonra d\u0131\u015far\u0131 \u00e7\u0131kam\u0131yor. Delikanl\u0131 o\u011flum var saat 10&#8217;dan sonra evime giremiyor. En ge\u00e7 10&#8217;da eve gelmek zorunda \u00e7\u00fcnk\u00fc mahallenin g\u00fcvenli\u011fi yok. Bizler de ayn\u0131 \u015fekildeyiz, g\u00fcvenliksiz bir ortam. Defalarca yetkililere bildirdik, emniyete haber verdik ama de\u011fi\u015fen hi\u00e7bir \u015fey yok. Mahallenin sakini olarak; Antalya&#8217;n\u0131n g\u00f6be\u011finde, bu mahalle de bu \u015fekilde ya\u015famaktan b\u0131kt\u0131k art\u0131k. Buna bir \u00e7\u00f6z\u00fcm getirmeleri gerekiyor&#8221; dedi.<\/p>\n<p>Mahalleli destek bekliyor<br \/>\nGebizli, ya\u015fanan ihmalkarl\u0131k nedeniyle \u00f6fkesini dile getirerek \u015f\u00f6yle devam etti: &#8220;Yetkililer buraya bir dron u\u00e7urup mahallemizin halini g\u00f6rs\u00fcnler. Her yer \u00e7\u00f6pl\u00fc\u011fe d\u00f6n\u00fc\u015ft\u00fc, hurdac\u0131lar mahallenin her yan\u0131n\u0131 sard\u0131. Art\u0131k buraya \u2018Hurdac\u0131lar Mahallesi&#8217; bile diyebilirler. Yang\u0131n \u00e7\u0131kt\u0131\u011f\u0131nda itfaiye zaman\u0131nda geldi ama dar sokaklar ve geli\u015fig\u00fczel park edilen ara\u00e7lar y\u00fcz\u00fcnden m\u00fcdahale gecikti. Buran\u0131n da bu \u015fekilde olaca\u011f\u0131 belliydi. Ev sahibine defalarca bunu s\u00f6yledik. Dedik ki \u00f6nlemimizi al\u0131n. Buraya giren \u00e7\u0131kan insanlar\u0131n haddi hesab\u0131 yok. Biz y\u0131llard\u0131r bu mahallede ya\u015famaya \u00e7al\u0131\u015f\u0131yoruz ama kimse bizimle ilgilenmiyor. Art\u0131k bir \u00e7\u00f6z\u00fcm istiyoruz.&#8221;<br \/>\nBir di\u011fer mahalle sakini G\u00fclderen Tanku\u015f da, &#8220;Anneannemin annesinden kalan evde oturuyoruz. Bu memleketin insan\u0131y\u0131z ve atalar\u0131m\u0131zdan kalan yerlerin sahibiyiz. Buradaki herkes m\u00fclk sahibi ama art\u0131k hepimiz b\u0131kt\u0131k. \u015eehir merkezindeyiz, Kalei\u00e7i&#8217;nden bile daha de\u011ferli bir konumday\u0131z. Yang\u0131n s\u00f6nd\u00fc ama olay kapanmad\u0131. B\u00fct\u00fcn yerel y\u00f6neticilere soruyorum: Buraya neden sahip \u00e7\u0131k\u0131lm\u0131yor? Yaz\u0131klar olsun, biz kendi elimizle Antalya&#8217;y\u0131 mahvediyoruz. Bir T\u00fcrk vatanda\u015f\u0131 ve Antalya&#8217;n\u0131n yerlisi olarak g\u00f6zlerim doluyor, duyars\u0131zl\u0131\u011fa \u00fcz\u00fcl\u00fcyorum. Bizi insan yerine koymuyorlar. Bir a\u00e7\u0131klama bekliyoruz&#8221; diyerek tepkisini dile getirdi.<br \/>\nYang\u0131n sonras\u0131 Balbey Mahallesi&#8217;nde g\u00fcvenlik \u00f6nlemlerinin art\u0131r\u0131lmas\u0131 gerekti\u011fini belirten mahalle sakinleri, yetkililere seslenerek bir an \u00f6nce metruk binalar\u0131n rehabilite edilmesini ve b\u00f6lgenin tarihi dokusuna uygun \u015fekilde restore edilmesini talep etti. Yang\u0131n\u0131n ard\u0131ndan Muratpa\u015fa Kaymakam\u0131 olay yerine gelerek incelemelerde bulundu ve g\u00fcvenlik \u00f6nlemlerinin art\u0131r\u0131laca\u011f\u0131n\u0131 duyurdu. Mahalle sakinleri, Balbey&#8217;in tarihi de\u011ferine sahip \u00e7\u0131k\u0131lmas\u0131n\u0131 ve b\u00f6lgenin hak etti\u011fi ilgiyi g\u00f6rmesini istiyor.<\/p>\n<p>Kaynak: www.kanalv.com.tr Haber Sitesinden Al\u0131nm\u0131\u015ft\u0131r.<\/p>","protected":false},"excerpt":{"rendered":"<p>Mahalledeki tarihi yap\u0131lar\u0131n g\u00f6z g\u00f6re g\u00f6re yok oldu\u011funu belirten Balbey Muhtar Abdullah Uyaro\u011flu ise, &#8220;Kalei\u00e7i&#8217;nden sonra surlar\u0131n d\u0131\u015f\u0131nda kurulan ilk T\u00fcrk mahallesi Balbey Mahallemiz ama hak etti\u011fi de\u011feri bir t\u00fcrl\u00fc bulam\u0131yor. Senelerdir en ufak bir geli\u015fme kaydedemedik&#8221; dedi. Muratpa\u015fa il\u00e7esi Balbey Mahallesi 426 Sokak&#8217;ta bulunan, i\u00e7i bo\u015f ve tescilli konak, ge\u00e7ti\u011fimiz g\u00fcnlerde gece saatlerinde \u00e7\u0131kan yang\u0131nda alevlere teslim oldu. Ah\u015fap yap\u0131s\u0131 nedeniyle yang\u0131n k\u0131sa s\u00fcrede b\u00fcy\u00fcrken, mahalle sakinlerinin ihbar\u0131 \u00fczerine olay yerine gelen itfaiye ekipleri, dar sokaklar ve park halindeki ara\u00e7lar nedeniyle binaya ula\u015fmakta g\u00fc\u00e7l\u00fck \u00e7ekti. Yakla\u015f\u0131k bir saatlik yo\u011fun \u00e7al\u0131\u015fman\u0131n ard\u0131ndan yang\u0131n kontrol alt\u0131na al\u0131n\u0131rken, tarihi bina kullan\u0131lamaz hale geldi. Mahalle sakinleri \u00e7\u00f6z\u00fcm bekliyor Yang\u0131n\u0131n ard\u0131ndan mahalle sakinleri, b\u00f6lgedeki metruk binalar\u0131n olu\u015fturdu\u011fu tehlikeye dikkat \u00e7ekerek yetkililerden \u00e7\u00f6z\u00fcm istedi. Yanan binan\u0131n sahibi Abdullah \u00c7ilenger, &#8220;Evi o\u011flum iki y\u0131l \u00f6nce ald\u0131, \u00f6nlemlerimizi ald\u0131k. \u0130\u00e7indeki kirac\u0131lar madde ba\u011f\u0131ml\u0131s\u0131yd\u0131, icra yoluyla \u00e7\u0131kard\u0131k. Ancak binaya s\u00fcrekli giren \u00e7\u0131kan oluyordu. Kom\u015fular rahats\u0131z oluyordu. D\u00fcn gece yang\u0131n \u00e7\u0131kt\u0131\u011f\u0131n\u0131 sabah polis memuru haber verdi. Tadilat yapt\u0131rmay\u0131 d\u00fc\u015f\u00fcn\u00fcyoruz, \u00f6l\u00e7t\u00fcrd\u00fck&#8221; dedi. &#8220;Balbey yok oluyor&#8221; Balbey Mahalle Muhtar\u0131 Abdullah Uyaro\u011flu, mahalledeki tarihi yap\u0131lar\u0131n g\u00f6z g\u00f6re g\u00f6re yok oldu\u011funu belirterek, &#8220;Kalei\u00e7i&#8217;nden sonra surlar\u0131n d\u0131\u015f\u0131nda kurulan ilk T\u00fcrk mahallesi Balbey Mahallemiz ama hak etti\u011fi de\u011feri bir t\u00fcrl\u00fc bulam\u0131yor. Buras\u0131 Eski\u015fehir Odunpazar\u0131 gibi, &hellip;<\/p>","protected":false},"author":4,"featured_media":30035,"comment_status":"open","ping_status":"open","sticky":false,"template":"","format":"standard","meta":{"_acf_changed":false,"footnotes":""},"categories":[26],"tags":[],"class_list":["post-30034","post","type-post","status-publish","format-standard","has-post-thumbnail","hentry","category-antalya"],"acf":[],"yoast_head":"<!-- This site is optimized with the Yoast SEO Premium plugin v26.6 (Yoast SEO v27.1.1) - https:\/\/yoast.com\/product\/yoast-seo-premium-wordpress\/ -->\n<title>Mahalle sakinleri tedirgin, \u00e7\u00f6z\u00fcm bekliyor - Av. Deniz Can K\u0131z\u0131l<\/title>\n<meta name=\"robots\" content=\"index, follow, max-snippet:-1, max-image-preview:large, max-video-preview:-1\" \/>\n<link rel=\"canonical\" href=\"http:\/\/denizcankizil.tr\/ru\/haberler\/antalya\/mahalle-sakinleri-tedirgin-cozum-bekliyor\/\" \/>\n<meta property=\"og:locale\" content=\"ru_RU\" \/>\n<meta property=\"og:type\" content=\"article\" \/>\n<meta property=\"og:title\" content=\"Mahalle sakinleri tedirgin, \u00e7\u00f6z\u00fcm bekliyor\" \/>\n<meta property=\"og:description\" content=\"Mahalledeki tarihi yap\u0131lar\u0131n g\u00f6z g\u00f6re g\u00f6re yok oldu\u011funu belirten Balbey Muhtar Abdullah Uyaro\u011flu ise, &#8220;Kalei\u00e7i&#8217;nden sonra surlar\u0131n d\u0131\u015f\u0131nda kurulan ilk T\u00fcrk mahallesi Balbey Mahallemiz ama hak etti\u011fi de\u011feri bir t\u00fcrl\u00fc bulam\u0131yor. Senelerdir en ufak bir geli\u015fme kaydedemedik&#8221; dedi. Muratpa\u015fa il\u00e7esi Balbey Mahallesi 426 Sokak&#8217;ta bulunan, i\u00e7i bo\u015f ve tescilli konak, ge\u00e7ti\u011fimiz g\u00fcnlerde gece saatlerinde \u00e7\u0131kan yang\u0131nda alevlere teslim oldu. Ah\u015fap yap\u0131s\u0131 nedeniyle yang\u0131n k\u0131sa s\u00fcrede b\u00fcy\u00fcrken, mahalle sakinlerinin ihbar\u0131 \u00fczerine olay yerine gelen itfaiye ekipleri, dar sokaklar ve park halindeki ara\u00e7lar nedeniyle binaya ula\u015fmakta g\u00fc\u00e7l\u00fck \u00e7ekti. Yakla\u015f\u0131k bir saatlik yo\u011fun \u00e7al\u0131\u015fman\u0131n ard\u0131ndan yang\u0131n kontrol alt\u0131na al\u0131n\u0131rken, tarihi bina kullan\u0131lamaz hale geldi. Mahalle sakinleri \u00e7\u00f6z\u00fcm bekliyor Yang\u0131n\u0131n ard\u0131ndan mahalle sakinleri, b\u00f6lgedeki metruk binalar\u0131n olu\u015fturdu\u011fu tehlikeye dikkat \u00e7ekerek yetkililerden \u00e7\u00f6z\u00fcm istedi. Yanan binan\u0131n sahibi Abdullah \u00c7ilenger, &#8220;Evi o\u011flum iki y\u0131l \u00f6nce ald\u0131, \u00f6nlemlerimizi ald\u0131k. \u0130\u00e7indeki kirac\u0131lar madde ba\u011f\u0131ml\u0131s\u0131yd\u0131, icra yoluyla \u00e7\u0131kard\u0131k. Ancak binaya s\u00fcrekli giren \u00e7\u0131kan oluyordu. Kom\u015fular rahats\u0131z oluyordu. D\u00fcn gece yang\u0131n \u00e7\u0131kt\u0131\u011f\u0131n\u0131 sabah polis memuru haber verdi. Tadilat yapt\u0131rmay\u0131 d\u00fc\u015f\u00fcn\u00fcyoruz, \u00f6l\u00e7t\u00fcrd\u00fck&#8221; dedi. &#8220;Balbey yok oluyor&#8221; Balbey Mahalle Muhtar\u0131 Abdullah Uyaro\u011flu, mahalledeki tarihi yap\u0131lar\u0131n g\u00f6z g\u00f6re g\u00f6re yok oldu\u011funu belirterek, &#8220;Kalei\u00e7i&#8217;nden sonra surlar\u0131n d\u0131\u015f\u0131nda kurulan ilk T\u00fcrk mahallesi Balbey Mahallemiz ama hak etti\u011fi de\u011feri bir t\u00fcrl\u00fc bulam\u0131yor. Buras\u0131 Eski\u015fehir Odunpazar\u0131 gibi, &hellip;\" \/>\n<meta property=\"og:url\" content=\"http:\/\/denizcankizil.tr\/ru\/haberler\/antalya\/mahalle-sakinleri-tedirgin-cozum-bekliyor\/\" \/>\n<meta property=\"og:site_name\" content=\"Av. Deniz Can K\u0131z\u0131l\" \/>\n<meta property=\"article:published_time\" content=\"2025-02-04T09:41:17+00:00\" \/>\n<meta property=\"og:image\" content=\"http:\/\/denizcankizil.tr\/wp-content\/uploads\/2025\/02\/4472-01-1w7syZ.jpeg\" \/>\n\t<meta property=\"og:image:width\" content=\"1280\" \/>\n\t<meta property=\"og:image:height\" content=\"720\" \/>\n\t<meta property=\"og:image:type\" content=\"image\/jpeg\" \/>\n<meta name=\"author\" content=\"Av. Deniz Can K\u0131z\u0131l\" \/>\n<meta name=\"twitter:card\" content=\"summary_large_image\" \/>\n<meta name=\"twitter:label1\" content=\"\u041d\u0430\u043f\u0438\u0441\u0430\u043d\u043e \u0430\u0432\u0442\u043e\u0440\u043e\u043c\" \/>\n\t<meta name=\"twitter:data1\" content=\"Av. Deniz Can K\u0131z\u0131l\" \/>\n\t<meta name=\"twitter:label2\" content=\"\u041f\u0440\u0438\u043c\u0435\u0440\u043d\u043e\u0435 \u0432\u0440\u0435\u043c\u044f \u0434\u043b\u044f \u0447\u0442\u0435\u043d\u0438\u044f\" \/>\n\t<meta name=\"twitter:data2\" content=\"5 \u043c\u0438\u043d\u0443\u0442\" \/>\n<script type=\"application\/ld+json\" class=\"yoast-schema-graph\">{\"@context\":\"https:\/\/schema.org\",\"@graph\":[{\"@type\":\"Article\",\"@id\":\"http:\/\/denizcankizil.tr\/ru\/haberler\/antalya\/mahalle-sakinleri-tedirgin-cozum-bekliyor\/#article\",\"isPartOf\":{\"@id\":\"http:\/\/denizcankizil.tr\/ru\/haberler\/antalya\/mahalle-sakinleri-tedirgin-cozum-bekliyor\/\"},\"author\":{\"name\":\"Av. Deniz Can K\u0131z\u0131l\",\"@id\":\"https:\/\/denizcankizil.tr\/#\/schema\/person\/5dc1b22991bd7ac833867c10afc9b0ff\"},\"headline\":\"Mahalle sakinleri tedirgin, \u00e7\u00f6z\u00fcm bekliyor\",\"datePublished\":\"2025-02-04T09:41:17+00:00\",\"mainEntityOfPage\":{\"@id\":\"http:\/\/denizcankizil.tr\/ru\/haberler\/antalya\/mahalle-sakinleri-tedirgin-cozum-bekliyor\/\"},\"wordCount\":985,\"commentCount\":0,\"publisher\":{\"@id\":\"https:\/\/denizcankizil.tr\/#organization\"},\"image\":{\"@id\":\"http:\/\/denizcankizil.tr\/ru\/haberler\/antalya\/mahalle-sakinleri-tedirgin-cozum-bekliyor\/#primaryimage\"},\"thumbnailUrl\":\"http:\/\/denizcankizil.tr\/wp-content\/uploads\/2025\/02\/4472-01-1w7syZ.jpeg\",\"articleSection\":[\"Antalya\"],\"inLanguage\":\"ru-RU\",\"potentialAction\":[{\"@type\":\"CommentAction\",\"name\":\"Comment\",\"target\":[\"http:\/\/denizcankizil.tr\/ru\/haberler\/antalya\/mahalle-sakinleri-tedirgin-cozum-bekliyor\/#respond\"]}]},{\"@type\":\"WebPage\",\"@id\":\"http:\/\/denizcankizil.tr\/ru\/haberler\/antalya\/mahalle-sakinleri-tedirgin-cozum-bekliyor\/\",\"url\":\"http:\/\/denizcankizil.tr\/ru\/haberler\/antalya\/mahalle-sakinleri-tedirgin-cozum-bekliyor\/\",\"name\":\"Mahalle sakinleri tedirgin, \u00e7\u00f6z\u00fcm bekliyor - Av. Deniz Can K\u0131z\u0131l\",\"isPartOf\":{\"@id\":\"https:\/\/denizcankizil.tr\/#website\"},\"primaryImageOfPage\":{\"@id\":\"http:\/\/denizcankizil.tr\/ru\/haberler\/antalya\/mahalle-sakinleri-tedirgin-cozum-bekliyor\/#primaryimage\"},\"image\":{\"@id\":\"http:\/\/denizcankizil.tr\/ru\/haberler\/antalya\/mahalle-sakinleri-tedirgin-cozum-bekliyor\/#primaryimage\"},\"thumbnailUrl\":\"http:\/\/denizcankizil.tr\/wp-content\/uploads\/2025\/02\/4472-01-1w7syZ.jpeg\",\"datePublished\":\"2025-02-04T09:41:17+00:00\",\"breadcrumb\":{\"@id\":\"http:\/\/denizcankizil.tr\/ru\/haberler\/antalya\/mahalle-sakinleri-tedirgin-cozum-bekliyor\/#breadcrumb\"},\"inLanguage\":\"ru-RU\",\"potentialAction\":[{\"@type\":\"ReadAction\",\"target\":[\"http:\/\/denizcankizil.tr\/ru\/haberler\/antalya\/mahalle-sakinleri-tedirgin-cozum-bekliyor\/\"]}]},{\"@type\":\"ImageObject\",\"inLanguage\":\"ru-RU\",\"@id\":\"http:\/\/denizcankizil.tr\/ru\/haberler\/antalya\/mahalle-sakinleri-tedirgin-cozum-bekliyor\/#primaryimage\",\"url\":\"http:\/\/denizcankizil.tr\/wp-content\/uploads\/2025\/02\/4472-01-1w7syZ.jpeg\",\"contentUrl\":\"http:\/\/denizcankizil.tr\/wp-content\/uploads\/2025\/02\/4472-01-1w7syZ.jpeg\",\"width\":1280,\"height\":720},{\"@type\":\"BreadcrumbList\",\"@id\":\"http:\/\/denizcankizil.tr\/ru\/haberler\/antalya\/mahalle-sakinleri-tedirgin-cozum-bekliyor\/#breadcrumb\",\"itemListElement\":[{\"@type\":\"ListItem\",\"position\":1,\"name\":\"Home\",\"item\":\"https:\/\/denizcankizil.tr\/de\/\"},{\"@type\":\"ListItem\",\"position\":2,\"name\":\"Mahalle sakinleri tedirgin, \u00e7\u00f6z\u00fcm bekliyor\"}]},{\"@type\":\"WebSite\",\"@id\":\"https:\/\/denizcankizil.tr\/#website\",\"url\":\"https:\/\/denizcankizil.tr\/\",\"name\":\"Av. Deniz Can K\u0131z\u0131l\",\"description\":\"Avukat Deniz Can K\u0131z\u0131l Antalya Barosu\",\"publisher\":{\"@id\":\"https:\/\/denizcankizil.tr\/#organization\"},\"potentialAction\":[{\"@type\":\"SearchAction\",\"target\":{\"@type\":\"EntryPoint\",\"urlTemplate\":\"https:\/\/denizcankizil.tr\/?s={search_term_string}\"},\"query-input\":{\"@type\":\"PropertyValueSpecification\",\"valueRequired\":true,\"valueName\":\"search_term_string\"}}],\"inLanguage\":\"ru-RU\"},{\"@type\":\"Organization\",\"@id\":\"https:\/\/denizcankizil.tr\/#organization\",\"name\":\"Av. Deniz Can K\u0131z\u0131l\",\"url\":\"https:\/\/denizcankizil.tr\/\",\"logo\":{\"@type\":\"ImageObject\",\"inLanguage\":\"ru-RU\",\"@id\":\"https:\/\/denizcankizil.tr\/#\/schema\/logo\/image\/\",\"url\":\"http:\/\/denizcankizil.tr\/wp-content\/uploads\/2024\/10\/siyah-logo-svg.svg\",\"contentUrl\":\"http:\/\/denizcankizil.tr\/wp-content\/uploads\/2024\/10\/siyah-logo-svg.svg\",\"width\":1080,\"height\":1080,\"caption\":\"Av. Deniz Can K\u0131z\u0131l\"},\"image\":{\"@id\":\"https:\/\/denizcankizil.tr\/#\/schema\/logo\/image\/\"}},{\"@type\":\"Person\",\"@id\":\"https:\/\/denizcankizil.tr\/#\/schema\/person\/5dc1b22991bd7ac833867c10afc9b0ff\",\"name\":\"Av. Deniz Can K\u0131z\u0131l\",\"image\":{\"@type\":\"ImageObject\",\"inLanguage\":\"ru-RU\",\"@id\":\"https:\/\/denizcankizil.tr\/#\/schema\/person\/image\/\",\"url\":\"https:\/\/secure.gravatar.com\/avatar\/a0b128fb9855c79efc976d5640eedb31dc35ec297594d6016d2cf7c60e975bb6?s=96&d=mm&r=g\",\"contentUrl\":\"https:\/\/secure.gravatar.com\/avatar\/a0b128fb9855c79efc976d5640eedb31dc35ec297594d6016d2cf7c60e975bb6?s=96&d=mm&r=g\",\"caption\":\"Av. Deniz Can K\u0131z\u0131l\"},\"sameAs\":[\"http:\/\/www.denizcankizil.tr\"],\"url\":\"http:\/\/denizcankizil.tr\/ru\/author\/denizcankizil\/\"}]}<\/script>\n<!-- \/ Yoast SEO Premium plugin. -->","yoast_head_json":{"title":"Mahalle sakinleri tedirgin, \u00e7\u00f6z\u00fcm bekliyor - Av. Deniz Can K\u0131z\u0131l","robots":{"index":"index","follow":"follow","max-snippet":"max-snippet:-1","max-image-preview":"max-image-preview:large","max-video-preview":"max-video-preview:-1"},"canonical":"http:\/\/denizcankizil.tr\/ru\/haberler\/antalya\/mahalle-sakinleri-tedirgin-cozum-bekliyor\/","og_locale":"ru_RU","og_type":"article","og_title":"Mahalle sakinleri tedirgin, \u00e7\u00f6z\u00fcm bekliyor","og_description":"Mahalledeki tarihi yap\u0131lar\u0131n g\u00f6z g\u00f6re g\u00f6re yok oldu\u011funu belirten Balbey Muhtar Abdullah Uyaro\u011flu ise, &#8220;Kalei\u00e7i&#8217;nden sonra surlar\u0131n d\u0131\u015f\u0131nda kurulan ilk T\u00fcrk mahallesi Balbey Mahallemiz ama hak etti\u011fi de\u011feri bir t\u00fcrl\u00fc bulam\u0131yor. Senelerdir en ufak bir geli\u015fme kaydedemedik&#8221; dedi. Muratpa\u015fa il\u00e7esi Balbey Mahallesi 426 Sokak&#8217;ta bulunan, i\u00e7i bo\u015f ve tescilli konak, ge\u00e7ti\u011fimiz g\u00fcnlerde gece saatlerinde \u00e7\u0131kan yang\u0131nda alevlere teslim oldu. Ah\u015fap yap\u0131s\u0131 nedeniyle yang\u0131n k\u0131sa s\u00fcrede b\u00fcy\u00fcrken, mahalle sakinlerinin ihbar\u0131 \u00fczerine olay yerine gelen itfaiye ekipleri, dar sokaklar ve park halindeki ara\u00e7lar nedeniyle binaya ula\u015fmakta g\u00fc\u00e7l\u00fck \u00e7ekti. Yakla\u015f\u0131k bir saatlik yo\u011fun \u00e7al\u0131\u015fman\u0131n ard\u0131ndan yang\u0131n kontrol alt\u0131na al\u0131n\u0131rken, tarihi bina kullan\u0131lamaz hale geldi. Mahalle sakinleri \u00e7\u00f6z\u00fcm bekliyor Yang\u0131n\u0131n ard\u0131ndan mahalle sakinleri, b\u00f6lgedeki metruk binalar\u0131n olu\u015fturdu\u011fu tehlikeye dikkat \u00e7ekerek yetkililerden \u00e7\u00f6z\u00fcm istedi. Yanan binan\u0131n sahibi Abdullah \u00c7ilenger, &#8220;Evi o\u011flum iki y\u0131l \u00f6nce ald\u0131, \u00f6nlemlerimizi ald\u0131k. \u0130\u00e7indeki kirac\u0131lar madde ba\u011f\u0131ml\u0131s\u0131yd\u0131, icra yoluyla \u00e7\u0131kard\u0131k. Ancak binaya s\u00fcrekli giren \u00e7\u0131kan oluyordu. Kom\u015fular rahats\u0131z oluyordu. D\u00fcn gece yang\u0131n \u00e7\u0131kt\u0131\u011f\u0131n\u0131 sabah polis memuru haber verdi. Tadilat yapt\u0131rmay\u0131 d\u00fc\u015f\u00fcn\u00fcyoruz, \u00f6l\u00e7t\u00fcrd\u00fck&#8221; dedi. &#8220;Balbey yok oluyor&#8221; Balbey Mahalle Muhtar\u0131 Abdullah Uyaro\u011flu, mahalledeki tarihi yap\u0131lar\u0131n g\u00f6z g\u00f6re g\u00f6re yok oldu\u011funu belirterek, &#8220;Kalei\u00e7i&#8217;nden sonra surlar\u0131n d\u0131\u015f\u0131nda kurulan ilk T\u00fcrk mahallesi Balbey Mahallemiz ama hak etti\u011fi de\u011feri bir t\u00fcrl\u00fc bulam\u0131yor. Buras\u0131 Eski\u015fehir Odunpazar\u0131 gibi, &hellip;","og_url":"http:\/\/denizcankizil.tr\/ru\/haberler\/antalya\/mahalle-sakinleri-tedirgin-cozum-bekliyor\/","og_site_name":"Av. Deniz Can K\u0131z\u0131l","article_published_time":"2025-02-04T09:41:17+00:00","og_image":[{"width":1280,"height":720,"url":"http:\/\/denizcankizil.tr\/wp-content\/uploads\/2025\/02\/4472-01-1w7syZ.jpeg","type":"image\/jpeg"}],"author":"Av. Deniz Can K\u0131z\u0131l","twitter_card":"summary_large_image","twitter_misc":{"\u041d\u0430\u043f\u0438\u0441\u0430\u043d\u043e \u0430\u0432\u0442\u043e\u0440\u043e\u043c":"Av. Deniz Can K\u0131z\u0131l","\u041f\u0440\u0438\u043c\u0435\u0440\u043d\u043e\u0435 \u0432\u0440\u0435\u043c\u044f \u0434\u043b\u044f \u0447\u0442\u0435\u043d\u0438\u044f":"5 \u043c\u0438\u043d\u0443\u0442"},"schema":{"@context":"https:\/\/schema.org","@graph":[{"@type":"Article","@id":"http:\/\/denizcankizil.tr\/ru\/haberler\/antalya\/mahalle-sakinleri-tedirgin-cozum-bekliyor\/#article","isPartOf":{"@id":"http:\/\/denizcankizil.tr\/ru\/haberler\/antalya\/mahalle-sakinleri-tedirgin-cozum-bekliyor\/"},"author":{"name":"Av. Deniz Can K\u0131z\u0131l","@id":"https:\/\/denizcankizil.tr\/#\/schema\/person\/5dc1b22991bd7ac833867c10afc9b0ff"},"headline":"Mahalle sakinleri tedirgin, \u00e7\u00f6z\u00fcm bekliyor","datePublished":"2025-02-04T09:41:17+00:00","mainEntityOfPage":{"@id":"http:\/\/denizcankizil.tr\/ru\/haberler\/antalya\/mahalle-sakinleri-tedirgin-cozum-bekliyor\/"},"wordCount":985,"commentCount":0,"publisher":{"@id":"https:\/\/denizcankizil.tr\/#organization"},"image":{"@id":"http:\/\/denizcankizil.tr\/ru\/haberler\/antalya\/mahalle-sakinleri-tedirgin-cozum-bekliyor\/#primaryimage"},"thumbnailUrl":"http:\/\/denizcankizil.tr\/wp-content\/uploads\/2025\/02\/4472-01-1w7syZ.jpeg","articleSection":["Antalya"],"inLanguage":"ru-RU","potentialAction":[{"@type":"CommentAction","name":"Comment","target":["http:\/\/denizcankizil.tr\/ru\/haberler\/antalya\/mahalle-sakinleri-tedirgin-cozum-bekliyor\/#respond"]}]},{"@type":"WebPage","@id":"http:\/\/denizcankizil.tr\/ru\/haberler\/antalya\/mahalle-sakinleri-tedirgin-cozum-bekliyor\/","url":"http:\/\/denizcankizil.tr\/ru\/haberler\/antalya\/mahalle-sakinleri-tedirgin-cozum-bekliyor\/","name":"Mahalle sakinleri tedirgin, \u00e7\u00f6z\u00fcm bekliyor - Av. Deniz Can K\u0131z\u0131l","isPartOf":{"@id":"https:\/\/denizcankizil.tr\/#website"},"primaryImageOfPage":{"@id":"http:\/\/denizcankizil.tr\/ru\/haberler\/antalya\/mahalle-sakinleri-tedirgin-cozum-bekliyor\/#primaryimage"},"image":{"@id":"http:\/\/denizcankizil.tr\/ru\/haberler\/antalya\/mahalle-sakinleri-tedirgin-cozum-bekliyor\/#primaryimage"},"thumbnailUrl":"http:\/\/denizcankizil.tr\/wp-content\/uploads\/2025\/02\/4472-01-1w7syZ.jpeg","datePublished":"2025-02-04T09:41:17+00:00","breadcrumb":{"@id":"http:\/\/denizcankizil.tr\/ru\/haberler\/antalya\/mahalle-sakinleri-tedirgin-cozum-bekliyor\/#breadcrumb"},"inLanguage":"ru-RU","potentialAction":[{"@type":"ReadAction","target":["http:\/\/denizcankizil.tr\/ru\/haberler\/antalya\/mahalle-sakinleri-tedirgin-cozum-bekliyor\/"]}]},{"@type":"ImageObject","inLanguage":"ru-RU","@id":"http:\/\/denizcankizil.tr\/ru\/haberler\/antalya\/mahalle-sakinleri-tedirgin-cozum-bekliyor\/#primaryimage","url":"http:\/\/denizcankizil.tr\/wp-content\/uploads\/2025\/02\/4472-01-1w7syZ.jpeg","contentUrl":"http:\/\/denizcankizil.tr\/wp-content\/uploads\/2025\/02\/4472-01-1w7syZ.jpeg","width":1280,"height":720},{"@type":"BreadcrumbList","@id":"http:\/\/denizcankizil.tr\/ru\/haberler\/antalya\/mahalle-sakinleri-tedirgin-cozum-bekliyor\/#breadcrumb","itemListElement":[{"@type":"ListItem","position":1,"name":"Home","item":"https:\/\/denizcankizil.tr\/de\/"},{"@type":"ListItem","position":2,"name":"Mahalle sakinleri tedirgin, \u00e7\u00f6z\u00fcm bekliyor"}]},{"@type":"WebSite","@id":"https:\/\/denizcankizil.tr\/#website","url":"https:\/\/denizcankizil.tr\/","name":"Av. Deniz Can K\u0131z\u0131l","description":"Avukat Deniz Can K\u0131z\u0131l Antalya Barosu","publisher":{"@id":"https:\/\/denizcankizil.tr\/#organization"},"potentialAction":[{"@type":"SearchAction","target":{"@type":"EntryPoint","urlTemplate":"https:\/\/denizcankizil.tr\/?s={search_term_string}"},"query-input":{"@type":"PropertyValueSpecification","valueRequired":true,"valueName":"search_term_string"}}],"inLanguage":"ru-RU"},{"@type":"Organization","@id":"https:\/\/denizcankizil.tr\/#organization","name":"Av. Deniz Can K\u0131z\u0131l","url":"https:\/\/denizcankizil.tr\/","logo":{"@type":"ImageObject","inLanguage":"ru-RU","@id":"https:\/\/denizcankizil.tr\/#\/schema\/logo\/image\/","url":"http:\/\/denizcankizil.tr\/wp-content\/uploads\/2024\/10\/siyah-logo-svg.svg","contentUrl":"http:\/\/denizcankizil.tr\/wp-content\/uploads\/2024\/10\/siyah-logo-svg.svg","width":1080,"height":1080,"caption":"Av. Deniz Can K\u0131z\u0131l"},"image":{"@id":"https:\/\/denizcankizil.tr\/#\/schema\/logo\/image\/"}},{"@type":"Person","@id":"https:\/\/denizcankizil.tr\/#\/schema\/person\/5dc1b22991bd7ac833867c10afc9b0ff","name":"Av. Deniz Can K\u0131z\u0131l","image":{"@type":"ImageObject","inLanguage":"ru-RU","@id":"https:\/\/denizcankizil.tr\/#\/schema\/person\/image\/","url":"https:\/\/secure.gravatar.com\/avatar\/a0b128fb9855c79efc976d5640eedb31dc35ec297594d6016d2cf7c60e975bb6?s=96&d=mm&r=g","contentUrl":"https:\/\/secure.gravatar.com\/avatar\/a0b128fb9855c79efc976d5640eedb31dc35ec297594d6016d2cf7c60e975bb6?s=96&d=mm&r=g","caption":"Av. Deniz Can K\u0131z\u0131l"},"sameAs":["http:\/\/www.denizcankizil.tr"],"url":"http:\/\/denizcankizil.tr\/ru\/author\/denizcankizil\/"}]}},"_links":{"self":[{"href":"http:\/\/denizcankizil.tr\/ru\/wp-json\/wp\/v2\/posts\/30034","targetHints":{"allow":["GET"]}}],"collection":[{"href":"http:\/\/denizcankizil.tr\/ru\/wp-json\/wp\/v2\/posts"}],"about":[{"href":"http:\/\/denizcankizil.tr\/ru\/wp-json\/wp\/v2\/types\/post"}],"author":[{"embeddable":true,"href":"http:\/\/denizcankizil.tr\/ru\/wp-json\/wp\/v2\/users\/4"}],"replies":[{"embeddable":true,"href":"http:\/\/denizcankizil.tr\/ru\/wp-json\/wp\/v2\/comments?post=30034"}],"version-history":[{"count":0,"href":"http:\/\/denizcankizil.tr\/ru\/wp-json\/wp\/v2\/posts\/30034\/revisions"}],"wp:featuredmedia":[{"embeddable":true,"href":"http:\/\/denizcankizil.tr\/ru\/wp-json\/wp\/v2\/media\/30035"}],"wp:attachment":[{"href":"http:\/\/denizcankizil.tr\/ru\/wp-json\/wp\/v2\/media?parent=30034"}],"wp:term":[{"taxonomy":"category","embeddable":true,"href":"http:\/\/denizcankizil.tr\/ru\/wp-json\/wp\/v2\/categories?post=30034"},{"taxonomy":"post_tag","embeddable":true,"href":"http:\/\/denizcankizil.tr\/ru\/wp-json\/wp\/v2\/tags?post=30034"}],"curies":[{"name":"wp","href":"https:\/\/api.w.org\/{rel}","templated":true}]}}