{"id":30033,"date":"2025-02-04T11:42:30","date_gmt":"2025-02-04T08:42:30","guid":{"rendered":"https:\/\/denizcankizil.tr\/uncategorized-tr\/hastavuka-sikayetlerin-ardi-arkasi-kesilmiyor-hastavukulari-artiyor\/"},"modified":"2025-02-04T11:42:30","modified_gmt":"2025-02-04T08:42:30","slug":"hastavuka-sikayetlerin-ardi-arkasi-kesilmiyor-hastavukulari-artiyor","status":"publish","type":"post","link":"http:\/\/denizcankizil.tr\/ru\/haberler\/gundem\/hastavuka-sikayetlerin-ardi-arkasi-kesilmiyor-hastavukulari-artiyor\/","title":{"rendered":"Hastavuk&#8217;a \u015fikayetlerin ard\u0131 arkas\u0131 kesilmiyor! Hasta&#8217;vuku&#8217;lar\u0131 art\u0131yor!"},"content":{"rendered":"<p>Yemek sekt\u00f6r\u00fc markas\u0131 Hastavuk, \u00fcr\u00fcn kalitesi \u015fikayetleriyle g\u00fcndemde. M\u00fc\u015fteriler bozuk tavuklar, k\u00f6t\u00fc kokular ve i\u00e7inden \u00e7\u0131kan yabanc\u0131 cisimler dolay\u0131s\u0131yla markaya tepki g\u00f6sterirken, \u015fikayetlere yan\u0131t gelmemesi tepkileri daha da artt\u0131rd\u0131.BURSA (\u0130GFA) &#8211;\u00a0\u00a0Yemek sekt\u00f6r\u00fcn\u00fcn en bilinen markalar\u0131ndan biri olan Hastavuk hakk\u0131nda \u015fikayetler art\u0131yor. M\u00fc\u015fteriler ald\u0131klar\u0131 \u00fcr\u00fcnlerde ya\u015fad\u0131klar\u0131 sorunlar dolay\u0131s\u0131yla bir daha bu markan\u0131n \u00fcr\u00fcnlerini almayacaklar\u0131n\u0131 belirtiyor.\u00a0<br \/>\nSon zamanlarda m\u00fc\u015fterilerin \u015fikayetleri ve memnuniyetsizlikleri ile ad\u0131ndan s\u0131k\u00e7a s\u00f6z ettirmeye ba\u015flayan Hastavuk, \u015fikayetlere geri d\u00f6n\u00fc\u015f de yapm\u0131yor.<br \/>\nYEN\u0130 ALINAN TAVUKTA K\u00d6T\u00dc KOKU!<br \/>\nMarket al\u0131\u015fveri\u015finde Hastavuk markal\u0131 \u00e7i\u011f pili\u00e7 ald\u0131\u011f\u0131n\u0131 belirten bir vatanda\u015f, pi\u015firmek i\u00e7in po\u015fetten \u00e7\u0131kard\u0131klar\u0131 tavu\u011fun bozulmu\u015f gibi koktu\u011funu, markete giderek iade etmek istedi\u011finde ise po\u015feti a\u00e7\u0131ld\u0131\u011f\u0131 i\u00e7in iade olamayaca\u011f\u0131 \u015feklinde bir yan\u0131t ald\u0131\u011f\u0131n\u0131 ifade etti.<br \/>\n\u201cGAR\u0130P PAR\u00c7ALAR \u00c7IKTI\u201d<br \/>\nHastavuk markas\u0131ndan b\u00fct\u00fcn pili\u00e7 alan ba\u015fka bir vatanda\u015f ise pi\u015firmesinin uzun s\u00fcrd\u00fc\u011f\u00fcn\u00fc ve kokusunun da tuhaf oldu\u011funu belirtti. \u015e\u00fcphe \u00fczerine tavu\u011fu par\u00e7alad\u0131\u011f\u0131n\u0131 s\u00f6yleyen vatanda\u015f, \u201c\u0130\u00e7inden sanki daha sonradan doldurulmu\u015f gibi garip par\u00e7alar \u00e7\u0131kt\u0131. Foto\u011frafta detayl\u0131 \u00e7ektim zaten. Tavu\u011fun i\u00e7inde garip renklerde bir \u015feyler var, hemen \u00e7\u00f6pe att\u0131k. Bu durumu ayr\u0131ca payla\u015fmak istedim. \u0130nsan sa\u011fl\u0131\u011f\u0131 bu kadar de\u011fersiz olmamal\u0131.\u201d \u015feklinde \u015fikayet iletti.<\/p>\n<p>P\u0130\u015e\u0130R\u0130LM\u0130\u015e D\u00d6NERDEN \u00c7\u0130\u011e ET \u00c7IKTI<br \/>\n18 Ocak tarihinde bir marketten ald\u0131\u011f\u0131 Hastavuk pi\u015firilmi\u015f tavuk yaprak d\u00f6ner ald\u0131\u011f\u0131nda \u015foka girdi\u011fini belirten ba\u015fka bir ki\u015fi ise \u2018ke\u015fke almaz olsayd\u0131m\u2019 dedi. Pi\u015fmi\u015f ve paketlenmi\u015f tavu\u011fun i\u00e7inden \u00e7\u0131kan \u015feyi foto\u011fraflarla kan\u0131tlayan vatanda\u015f, \u201cTavuk pi\u015fmemi\u015f, \u00e7i\u011f \u00e7i\u011f paketlemi\u015fler. Herhangi bir sa\u011fl\u0131k sorunumda A101 ve Hastavuk sorumludur.\u201d notunu d\u00fc\u015ft\u00fc.<\/p>\n<p>\u201cB\u0130R \u00c7OCU\u011eA ZARAR GELSEYD\u0130\u2026\u201d<br \/>\nHastavuk markas\u0131na \u015fikayetler gittik\u00e7e artarken, bozuk \u00fcr\u00fcnlerin yan\u0131 s\u0131ra tavuktan farkl\u0131 cisimler de \u00e7\u0131kt\u0131\u011f\u0131 belirtildi.<br \/>\nHastavuk markas\u0131ndan d\u00f6ner ald\u0131\u011f\u0131n\u0131 belirten bir vatanda\u015f, tavu\u011fun i\u00e7inden keskin bir cisim \u00e7\u0131kt\u0131\u011f\u0131n\u0131 s\u00f6yledi. 3 ayd\u0131r konuyla ilgili \u015fikayet hatt\u0131n\u0131 arad\u0131\u011f\u0131n\u0131 da belirten ki\u015fi, \u201c\u015eikayet \u00fczerine kimse d\u00f6n\u00fc\u015f yapmad\u0131. B\u00f6yle bir \u015fey nas\u0131l ihmal edilir? \u00c7ocuklar\u0131m yedi bunu. Bir \u00e7ocu\u011fa zarar gelseydi, bir de bir d\u00f6n\u00fc\u015f bile yap\u0131lm\u0131yor. Bu kadar umursamazl\u0131k olamaz. B\u00fct\u00fcn \u015fikayet haklar\u0131m\u0131 kullanaca\u011f\u0131m, buna \u00f6z\u00fcr bile denilmiyor.\u201d \u015feklinde tepkisini belli etti.<\/p>\n<p>\u200bYemek sekt\u00f6r\u00fc markas\u0131 Hastavuk, \u00fcr\u00fcn kalitesi \u015fikayetleriyle g\u00fcndemde. M\u00fc\u015fteriler bozuk tavuklar, k\u00f6t\u00fc kokular ve i\u00e7inden \u00e7\u0131kan yabanc\u0131 cisimler dolay\u0131s\u0131yla markaya tepki g\u00f6sterirken, \u015fikayetlere yan\u0131t gelmemesi tepkileri daha da artt\u0131rd\u0131.BURSA (\u0130GFA) &#8211;\u00a0\u00a0Yemek sekt\u00f6r\u00fcn\u00fcn en bilinen markalar\u0131ndan biri olan Hastavuk hakk\u0131nda \u015fikayetler art\u0131yor. M\u00fc\u015fteriler ald\u0131klar\u0131 \u00fcr\u00fcnlerde ya\u015fad\u0131klar\u0131 sorunlar dolay\u0131s\u0131yla bir daha bu markan\u0131n \u00fcr\u00fcnlerini almayacaklar\u0131n\u0131 belirtiyor.\u00a0<br \/>\nSon zamanlarda m\u00fc\u015fterilerin \u015fikayetleri ve memnuniyetsizlikleri ile ad\u0131ndan s\u0131k\u00e7a s\u00f6z ettirmeye ba\u015flayan Hastavuk, \u015fikayetlere geri d\u00f6n\u00fc\u015f de yapm\u0131yor.<br \/>\nYEN\u0130 ALINAN TAVUKTA K\u00d6T\u00dc KOKU!<br \/>\nMarket al\u0131\u015fveri\u015finde Hastavuk markal\u0131 \u00e7i\u011f pili\u00e7 ald\u0131\u011f\u0131n\u0131 belirten bir vatanda\u015f, pi\u015firmek i\u00e7in po\u015fetten \u00e7\u0131kard\u0131klar\u0131 tavu\u011fun bozulmu\u015f gibi koktu\u011funu, markete giderek iade etmek istedi\u011finde ise po\u015feti a\u00e7\u0131ld\u0131\u011f\u0131 i\u00e7in iade olamayaca\u011f\u0131 \u015feklinde bir yan\u0131t ald\u0131\u011f\u0131n\u0131 ifade etti.<br \/>\n\u201cGAR\u0130P PAR\u00c7ALAR \u00c7IKTI\u201d<br \/>\nHastavuk markas\u0131ndan b\u00fct\u00fcn pili\u00e7 alan ba\u015fka bir vatanda\u015f ise pi\u015firmesinin uzun s\u00fcrd\u00fc\u011f\u00fcn\u00fc ve kokusunun da tuhaf oldu\u011funu belirtti. \u015e\u00fcphe \u00fczerine tavu\u011fu par\u00e7alad\u0131\u011f\u0131n\u0131 s\u00f6yleyen vatanda\u015f, \u201c\u0130\u00e7inden sanki daha sonradan doldurulmu\u015f gibi garip par\u00e7alar \u00e7\u0131kt\u0131. Foto\u011frafta detayl\u0131 \u00e7ektim zaten. Tavu\u011fun i\u00e7inde garip renklerde bir \u015feyler var, hemen \u00e7\u00f6pe att\u0131k. Bu durumu ayr\u0131ca payla\u015fmak istedim. \u0130nsan sa\u011fl\u0131\u011f\u0131 bu kadar de\u011fersiz olmamal\u0131.\u201d \u015feklinde \u015fikayet iletti.<\/p>\n<p>P\u0130\u015e\u0130R\u0130LM\u0130\u015e D\u00d6NERDEN \u00c7\u0130\u011e ET \u00c7IKTI<br \/>\n18 Ocak tarihinde bir marketten ald\u0131\u011f\u0131 Hastavuk pi\u015firilmi\u015f tavuk yaprak d\u00f6ner ald\u0131\u011f\u0131nda \u015foka girdi\u011fini belirten ba\u015fka bir ki\u015fi ise \u2018ke\u015fke almaz olsayd\u0131m\u2019 dedi. Pi\u015fmi\u015f ve paketlenmi\u015f tavu\u011fun i\u00e7inden \u00e7\u0131kan \u015feyi foto\u011fraflarla kan\u0131tlayan vatanda\u015f, \u201cTavuk pi\u015fmemi\u015f, \u00e7i\u011f \u00e7i\u011f paketlemi\u015fler. Herhangi bir sa\u011fl\u0131k sorunumda A101 ve Hastavuk sorumludur.\u201d notunu d\u00fc\u015ft\u00fc.<\/p>\n<p>\u201cB\u0130R \u00c7OCU\u011eA ZARAR GELSEYD\u0130\u2026\u201d<br \/>\nHastavuk markas\u0131na \u015fikayetler gittik\u00e7e artarken, bozuk \u00fcr\u00fcnlerin yan\u0131 s\u0131ra tavuktan farkl\u0131 cisimler de \u00e7\u0131kt\u0131\u011f\u0131 belirtildi.<br \/>\nHastavuk markas\u0131ndan d\u00f6ner ald\u0131\u011f\u0131n\u0131 belirten bir vatanda\u015f, tavu\u011fun i\u00e7inden keskin bir cisim \u00e7\u0131kt\u0131\u011f\u0131n\u0131 s\u00f6yledi. 3 ayd\u0131r konuyla ilgili \u015fikayet hatt\u0131n\u0131 arad\u0131\u011f\u0131n\u0131 da belirten ki\u015fi, \u201c\u015eikayet \u00fczerine kimse d\u00f6n\u00fc\u015f yapmad\u0131. B\u00f6yle bir \u015fey nas\u0131l ihmal edilir? \u00c7ocuklar\u0131m yedi bunu. Bir \u00e7ocu\u011fa zarar gelseydi, bir de bir d\u00f6n\u00fc\u015f bile yap\u0131lm\u0131yor. Bu kadar umursamazl\u0131k olamaz. B\u00fct\u00fcn \u015fikayet haklar\u0131m\u0131 kullanaca\u011f\u0131m, buna \u00f6z\u00fcr bile denilmiyor.\u201d \u015feklinde tepkisini belli etti.\u00a0<\/p>\n<p>\u200bHaberin Al\u0131nt\u0131land\u0131\u011f\u0131 Kaynak: www.iskenderun.org<\/p>","protected":false},"excerpt":{"rendered":"<p>Yemek sekt\u00f6r\u00fc markas\u0131 Hastavuk, \u00fcr\u00fcn kalitesi \u015fikayetleriyle g\u00fcndemde. M\u00fc\u015fteriler bozuk tavuklar, k\u00f6t\u00fc kokular ve i\u00e7inden \u00e7\u0131kan yabanc\u0131 cisimler dolay\u0131s\u0131yla markaya tepki g\u00f6sterirken, \u015fikayetlere yan\u0131t gelmemesi tepkileri daha da artt\u0131rd\u0131.BURSA (\u0130GFA) &#8211;\u00a0\u00a0Yemek sekt\u00f6r\u00fcn\u00fcn en bilinen markalar\u0131ndan biri olan Hastavuk hakk\u0131nda \u015fikayetler art\u0131yor. M\u00fc\u015fteriler ald\u0131klar\u0131 \u00fcr\u00fcnlerde ya\u015fad\u0131klar\u0131 sorunlar dolay\u0131s\u0131yla bir daha bu markan\u0131n \u00fcr\u00fcnlerini almayacaklar\u0131n\u0131 belirtiyor.\u00a0 Son zamanlarda m\u00fc\u015fterilerin \u015fikayetleri ve memnuniyetsizlikleri ile ad\u0131ndan s\u0131k\u00e7a s\u00f6z ettirmeye ba\u015flayan Hastavuk, \u015fikayetlere geri d\u00f6n\u00fc\u015f de yapm\u0131yor. YEN\u0130 ALINAN TAVUKTA K\u00d6T\u00dc KOKU! Market al\u0131\u015fveri\u015finde Hastavuk markal\u0131 \u00e7i\u011f pili\u00e7 ald\u0131\u011f\u0131n\u0131 belirten bir vatanda\u015f, pi\u015firmek i\u00e7in po\u015fetten \u00e7\u0131kard\u0131klar\u0131 tavu\u011fun bozulmu\u015f gibi koktu\u011funu, markete giderek iade etmek istedi\u011finde ise po\u015feti a\u00e7\u0131ld\u0131\u011f\u0131 i\u00e7in iade olamayaca\u011f\u0131 \u015feklinde bir yan\u0131t ald\u0131\u011f\u0131n\u0131 ifade etti. \u201cGAR\u0130P PAR\u00c7ALAR \u00c7IKTI\u201d Hastavuk markas\u0131ndan b\u00fct\u00fcn pili\u00e7 alan ba\u015fka bir vatanda\u015f ise pi\u015firmesinin uzun s\u00fcrd\u00fc\u011f\u00fcn\u00fc ve kokusunun da tuhaf oldu\u011funu belirtti. \u015e\u00fcphe \u00fczerine tavu\u011fu par\u00e7alad\u0131\u011f\u0131n\u0131 s\u00f6yleyen vatanda\u015f, \u201c\u0130\u00e7inden sanki daha sonradan doldurulmu\u015f gibi garip par\u00e7alar \u00e7\u0131kt\u0131. Foto\u011frafta detayl\u0131 \u00e7ektim zaten. Tavu\u011fun i\u00e7inde garip renklerde bir \u015feyler var, hemen \u00e7\u00f6pe att\u0131k. Bu durumu ayr\u0131ca payla\u015fmak istedim. \u0130nsan sa\u011fl\u0131\u011f\u0131 bu kadar de\u011fersiz olmamal\u0131.\u201d \u015feklinde \u015fikayet iletti. P\u0130\u015e\u0130R\u0130LM\u0130\u015e D\u00d6NERDEN \u00c7\u0130\u011e ET \u00c7IKTI 18 Ocak tarihinde bir marketten ald\u0131\u011f\u0131 Hastavuk pi\u015firilmi\u015f tavuk yaprak d\u00f6ner ald\u0131\u011f\u0131nda \u015foka girdi\u011fini belirten ba\u015fka bir ki\u015fi ise &hellip;<\/p>","protected":false},"author":1,"featured_media":0,"comment_status":"open","ping_status":"open","sticky":false,"template":"","format":"standard","meta":{"_acf_changed":false,"footnotes":""},"categories":[24],"tags":[],"class_list":["post-30033","post","type-post","status-publish","format-standard","has-post-thumbnail","hentry","category-gundem"],"acf":[],"yoast_head":"<!-- This site is optimized with the Yoast SEO Premium plugin v26.6 (Yoast SEO v27.1.1) - https:\/\/yoast.com\/product\/yoast-seo-premium-wordpress\/ -->\n<title>Hastavuk&#039;a \u015fikayetlerin ard\u0131 arkas\u0131 kesilmiyor! Hasta&#039;vuku&#039;lar\u0131 art\u0131yor! - Av. Deniz Can K\u0131z\u0131l<\/title>\n<meta name=\"robots\" content=\"index, follow, max-snippet:-1, max-image-preview:large, max-video-preview:-1\" \/>\n<link rel=\"canonical\" href=\"http:\/\/denizcankizil.tr\/ru\/haberler\/gundem\/hastavuka-sikayetlerin-ardi-arkasi-kesilmiyor-hastavukulari-artiyor\/\" \/>\n<meta property=\"og:locale\" content=\"ru_RU\" \/>\n<meta property=\"og:type\" content=\"article\" \/>\n<meta property=\"og:title\" content=\"Hastavuk&#039;a \u015fikayetlerin ard\u0131 arkas\u0131 kesilmiyor! Hasta&#039;vuku&#039;lar\u0131 art\u0131yor!\" \/>\n<meta property=\"og:description\" content=\"Yemek sekt\u00f6r\u00fc markas\u0131 Hastavuk, \u00fcr\u00fcn kalitesi \u015fikayetleriyle g\u00fcndemde. M\u00fc\u015fteriler bozuk tavuklar, k\u00f6t\u00fc kokular ve i\u00e7inden \u00e7\u0131kan yabanc\u0131 cisimler dolay\u0131s\u0131yla markaya tepki g\u00f6sterirken, \u015fikayetlere yan\u0131t gelmemesi tepkileri daha da artt\u0131rd\u0131.BURSA (\u0130GFA) &#8211;\u00a0\u00a0Yemek sekt\u00f6r\u00fcn\u00fcn en bilinen markalar\u0131ndan biri olan Hastavuk hakk\u0131nda \u015fikayetler art\u0131yor. M\u00fc\u015fteriler ald\u0131klar\u0131 \u00fcr\u00fcnlerde ya\u015fad\u0131klar\u0131 sorunlar dolay\u0131s\u0131yla bir daha bu markan\u0131n \u00fcr\u00fcnlerini almayacaklar\u0131n\u0131 belirtiyor.\u00a0 Son zamanlarda m\u00fc\u015fterilerin \u015fikayetleri ve memnuniyetsizlikleri ile ad\u0131ndan s\u0131k\u00e7a s\u00f6z ettirmeye ba\u015flayan Hastavuk, \u015fikayetlere geri d\u00f6n\u00fc\u015f de yapm\u0131yor. YEN\u0130 ALINAN TAVUKTA K\u00d6T\u00dc KOKU! Market al\u0131\u015fveri\u015finde Hastavuk markal\u0131 \u00e7i\u011f pili\u00e7 ald\u0131\u011f\u0131n\u0131 belirten bir vatanda\u015f, pi\u015firmek i\u00e7in po\u015fetten \u00e7\u0131kard\u0131klar\u0131 tavu\u011fun bozulmu\u015f gibi koktu\u011funu, markete giderek iade etmek istedi\u011finde ise po\u015feti a\u00e7\u0131ld\u0131\u011f\u0131 i\u00e7in iade olamayaca\u011f\u0131 \u015feklinde bir yan\u0131t ald\u0131\u011f\u0131n\u0131 ifade etti. \u201cGAR\u0130P PAR\u00c7ALAR \u00c7IKTI\u201d Hastavuk markas\u0131ndan b\u00fct\u00fcn pili\u00e7 alan ba\u015fka bir vatanda\u015f ise pi\u015firmesinin uzun s\u00fcrd\u00fc\u011f\u00fcn\u00fc ve kokusunun da tuhaf oldu\u011funu belirtti. \u015e\u00fcphe \u00fczerine tavu\u011fu par\u00e7alad\u0131\u011f\u0131n\u0131 s\u00f6yleyen vatanda\u015f, \u201c\u0130\u00e7inden sanki daha sonradan doldurulmu\u015f gibi garip par\u00e7alar \u00e7\u0131kt\u0131. Foto\u011frafta detayl\u0131 \u00e7ektim zaten. Tavu\u011fun i\u00e7inde garip renklerde bir \u015feyler var, hemen \u00e7\u00f6pe att\u0131k. Bu durumu ayr\u0131ca payla\u015fmak istedim. \u0130nsan sa\u011fl\u0131\u011f\u0131 bu kadar de\u011fersiz olmamal\u0131.\u201d \u015feklinde \u015fikayet iletti. P\u0130\u015e\u0130R\u0130LM\u0130\u015e D\u00d6NERDEN \u00c7\u0130\u011e ET \u00c7IKTI 18 Ocak tarihinde bir marketten ald\u0131\u011f\u0131 Hastavuk pi\u015firilmi\u015f tavuk yaprak d\u00f6ner ald\u0131\u011f\u0131nda \u015foka girdi\u011fini belirten ba\u015fka bir ki\u015fi ise &hellip;\" \/>\n<meta property=\"og:url\" content=\"http:\/\/denizcankizil.tr\/ru\/haberler\/gundem\/hastavuka-sikayetlerin-ardi-arkasi-kesilmiyor-hastavukulari-artiyor\/\" \/>\n<meta property=\"og:site_name\" content=\"Av. Deniz Can K\u0131z\u0131l\" \/>\n<meta property=\"article:published_time\" content=\"2025-02-04T08:42:30+00:00\" \/>\n<meta name=\"author\" content=\"admin\" \/>\n<meta name=\"twitter:card\" content=\"summary_large_image\" \/>\n<meta name=\"twitter:label1\" content=\"\u041d\u0430\u043f\u0438\u0441\u0430\u043d\u043e \u0430\u0432\u0442\u043e\u0440\u043e\u043c\" \/>\n\t<meta name=\"twitter:data1\" content=\"admin\" \/>\n\t<meta name=\"twitter:label2\" content=\"\u041f\u0440\u0438\u043c\u0435\u0440\u043d\u043e\u0435 \u0432\u0440\u0435\u043c\u044f \u0434\u043b\u044f \u0447\u0442\u0435\u043d\u0438\u044f\" \/>\n\t<meta name=\"twitter:data2\" content=\"4 \u043c\u0438\u043d\u0443\u0442\u044b\" \/>\n<script type=\"application\/ld+json\" class=\"yoast-schema-graph\">{\"@context\":\"https:\/\/schema.org\",\"@graph\":[{\"@type\":\"Article\",\"@id\":\"http:\/\/denizcankizil.tr\/de\/haberler\/gundem\/hastavuka-sikayetlerin-ardi-arkasi-kesilmiyor-hastavukulari-artiyor\/#article\",\"isPartOf\":{\"@id\":\"http:\/\/denizcankizil.tr\/de\/haberler\/gundem\/hastavuka-sikayetlerin-ardi-arkasi-kesilmiyor-hastavukulari-artiyor\/\"},\"author\":{\"name\":\"admin\",\"@id\":\"https:\/\/denizcankizil.tr\/de\/#\/schema\/person\/be3c05fe6a12686905512445d8185489\"},\"headline\":\"Hastavuk&#8217;a \u015fikayetlerin ard\u0131 arkas\u0131 kesilmiyor! Hasta&#8217;vuku&#8217;lar\u0131 art\u0131yor!\",\"datePublished\":\"2025-02-04T08:42:30+00:00\",\"mainEntityOfPage\":{\"@id\":\"http:\/\/denizcankizil.tr\/de\/haberler\/gundem\/hastavuka-sikayetlerin-ardi-arkasi-kesilmiyor-hastavukulari-artiyor\/\"},\"wordCount\":893,\"commentCount\":0,\"publisher\":{\"@id\":\"https:\/\/denizcankizil.tr\/de\/#organization\"},\"articleSection\":[\"G\u00fcndem\"],\"inLanguage\":\"ru-RU\",\"potentialAction\":[{\"@type\":\"CommentAction\",\"name\":\"Comment\",\"target\":[\"http:\/\/denizcankizil.tr\/de\/haberler\/gundem\/hastavuka-sikayetlerin-ardi-arkasi-kesilmiyor-hastavukulari-artiyor\/#respond\"]}]},{\"@type\":\"WebPage\",\"@id\":\"http:\/\/denizcankizil.tr\/de\/haberler\/gundem\/hastavuka-sikayetlerin-ardi-arkasi-kesilmiyor-hastavukulari-artiyor\/\",\"url\":\"http:\/\/denizcankizil.tr\/de\/haberler\/gundem\/hastavuka-sikayetlerin-ardi-arkasi-kesilmiyor-hastavukulari-artiyor\/\",\"name\":\"Hastavuk'a \u015fikayetlerin ard\u0131 arkas\u0131 kesilmiyor! Hasta'vuku'lar\u0131 art\u0131yor! - Av. Deniz Can K\u0131z\u0131l\",\"isPartOf\":{\"@id\":\"https:\/\/denizcankizil.tr\/de\/#website\"},\"datePublished\":\"2025-02-04T08:42:30+00:00\",\"breadcrumb\":{\"@id\":\"http:\/\/denizcankizil.tr\/de\/haberler\/gundem\/hastavuka-sikayetlerin-ardi-arkasi-kesilmiyor-hastavukulari-artiyor\/#breadcrumb\"},\"inLanguage\":\"ru-RU\",\"potentialAction\":[{\"@type\":\"ReadAction\",\"target\":[\"http:\/\/denizcankizil.tr\/de\/haberler\/gundem\/hastavuka-sikayetlerin-ardi-arkasi-kesilmiyor-hastavukulari-artiyor\/\"]}]},{\"@type\":\"BreadcrumbList\",\"@id\":\"http:\/\/denizcankizil.tr\/de\/haberler\/gundem\/hastavuka-sikayetlerin-ardi-arkasi-kesilmiyor-hastavukulari-artiyor\/#breadcrumb\",\"itemListElement\":[{\"@type\":\"ListItem\",\"position\":1,\"name\":\"Home\",\"item\":\"https:\/\/denizcankizil.tr\/de\/\"},{\"@type\":\"ListItem\",\"position\":2,\"name\":\"Hastavuk&#8217;a \u015fikayetlerin ard\u0131 arkas\u0131 kesilmiyor! Hasta&#8217;vuku&#8217;lar\u0131 art\u0131yor!\"}]},{\"@type\":\"WebSite\",\"@id\":\"https:\/\/denizcankizil.tr\/de\/#website\",\"url\":\"https:\/\/denizcankizil.tr\/de\/\",\"name\":\"Av. Deniz Can K\u0131z\u0131l\",\"description\":\"Avukat Deniz Can K\u0131z\u0131l Antalya Barosu\",\"publisher\":{\"@id\":\"https:\/\/denizcankizil.tr\/de\/#organization\"},\"potentialAction\":[{\"@type\":\"SearchAction\",\"target\":{\"@type\":\"EntryPoint\",\"urlTemplate\":\"https:\/\/denizcankizil.tr\/de\/?s={search_term_string}\"},\"query-input\":{\"@type\":\"PropertyValueSpecification\",\"valueRequired\":true,\"valueName\":\"search_term_string\"}}],\"inLanguage\":\"ru-RU\"},{\"@type\":\"Organization\",\"@id\":\"https:\/\/denizcankizil.tr\/de\/#organization\",\"name\":\"Av. Deniz Can K\u0131z\u0131l\",\"url\":\"https:\/\/denizcankizil.tr\/de\/\",\"logo\":{\"@type\":\"ImageObject\",\"inLanguage\":\"ru-RU\",\"@id\":\"https:\/\/denizcankizil.tr\/de\/#\/schema\/logo\/image\/\",\"url\":\"http:\/\/denizcankizil.tr\/wp-content\/uploads\/2024\/10\/siyah-logo-svg.svg\",\"contentUrl\":\"http:\/\/denizcankizil.tr\/wp-content\/uploads\/2024\/10\/siyah-logo-svg.svg\",\"width\":1080,\"height\":1080,\"caption\":\"Av. Deniz Can K\u0131z\u0131l\"},\"image\":{\"@id\":\"https:\/\/denizcankizil.tr\/de\/#\/schema\/logo\/image\/\"}},{\"@type\":\"Person\",\"@id\":\"https:\/\/denizcankizil.tr\/de\/#\/schema\/person\/be3c05fe6a12686905512445d8185489\",\"name\":\"admin\",\"image\":{\"@type\":\"ImageObject\",\"inLanguage\":\"ru-RU\",\"@id\":\"https:\/\/denizcankizil.tr\/de\/#\/schema\/person\/image\/\",\"url\":\"https:\/\/secure.gravatar.com\/avatar\/c1fce94c830dc79107e174f890d7210541c4a63e8e5d816341794a2151c9d58c?s=96&d=mm&r=g\",\"contentUrl\":\"https:\/\/secure.gravatar.com\/avatar\/c1fce94c830dc79107e174f890d7210541c4a63e8e5d816341794a2151c9d58c?s=96&d=mm&r=g\",\"caption\":\"admin\"},\"sameAs\":[\"http:\/\/denizcankizil.tr\"],\"url\":\"https:\/\/www.iskenderun.org\/hastavuka-sikayetlerin-ardi-arkasi-kesilmiyor-hastavukulari-artiyor\"}]}<\/script>\n<!-- \/ Yoast SEO Premium plugin. -->","yoast_head_json":{"title":"Hastavuk'a \u015fikayetlerin ard\u0131 arkas\u0131 kesilmiyor! Hasta'vuku'lar\u0131 art\u0131yor! - Av. Deniz Can K\u0131z\u0131l","robots":{"index":"index","follow":"follow","max-snippet":"max-snippet:-1","max-image-preview":"max-image-preview:large","max-video-preview":"max-video-preview:-1"},"canonical":"http:\/\/denizcankizil.tr\/ru\/haberler\/gundem\/hastavuka-sikayetlerin-ardi-arkasi-kesilmiyor-hastavukulari-artiyor\/","og_locale":"ru_RU","og_type":"article","og_title":"Hastavuk'a \u015fikayetlerin ard\u0131 arkas\u0131 kesilmiyor! Hasta'vuku'lar\u0131 art\u0131yor!","og_description":"Yemek sekt\u00f6r\u00fc markas\u0131 Hastavuk, \u00fcr\u00fcn kalitesi \u015fikayetleriyle g\u00fcndemde. M\u00fc\u015fteriler bozuk tavuklar, k\u00f6t\u00fc kokular ve i\u00e7inden \u00e7\u0131kan yabanc\u0131 cisimler dolay\u0131s\u0131yla markaya tepki g\u00f6sterirken, \u015fikayetlere yan\u0131t gelmemesi tepkileri daha da artt\u0131rd\u0131.BURSA (\u0130GFA) &#8211;\u00a0\u00a0Yemek sekt\u00f6r\u00fcn\u00fcn en bilinen markalar\u0131ndan biri olan Hastavuk hakk\u0131nda \u015fikayetler art\u0131yor. M\u00fc\u015fteriler ald\u0131klar\u0131 \u00fcr\u00fcnlerde ya\u015fad\u0131klar\u0131 sorunlar dolay\u0131s\u0131yla bir daha bu markan\u0131n \u00fcr\u00fcnlerini almayacaklar\u0131n\u0131 belirtiyor.\u00a0 Son zamanlarda m\u00fc\u015fterilerin \u015fikayetleri ve memnuniyetsizlikleri ile ad\u0131ndan s\u0131k\u00e7a s\u00f6z ettirmeye ba\u015flayan Hastavuk, \u015fikayetlere geri d\u00f6n\u00fc\u015f de yapm\u0131yor. YEN\u0130 ALINAN TAVUKTA K\u00d6T\u00dc KOKU! Market al\u0131\u015fveri\u015finde Hastavuk markal\u0131 \u00e7i\u011f pili\u00e7 ald\u0131\u011f\u0131n\u0131 belirten bir vatanda\u015f, pi\u015firmek i\u00e7in po\u015fetten \u00e7\u0131kard\u0131klar\u0131 tavu\u011fun bozulmu\u015f gibi koktu\u011funu, markete giderek iade etmek istedi\u011finde ise po\u015feti a\u00e7\u0131ld\u0131\u011f\u0131 i\u00e7in iade olamayaca\u011f\u0131 \u015feklinde bir yan\u0131t ald\u0131\u011f\u0131n\u0131 ifade etti. \u201cGAR\u0130P PAR\u00c7ALAR \u00c7IKTI\u201d Hastavuk markas\u0131ndan b\u00fct\u00fcn pili\u00e7 alan ba\u015fka bir vatanda\u015f ise pi\u015firmesinin uzun s\u00fcrd\u00fc\u011f\u00fcn\u00fc ve kokusunun da tuhaf oldu\u011funu belirtti. \u015e\u00fcphe \u00fczerine tavu\u011fu par\u00e7alad\u0131\u011f\u0131n\u0131 s\u00f6yleyen vatanda\u015f, \u201c\u0130\u00e7inden sanki daha sonradan doldurulmu\u015f gibi garip par\u00e7alar \u00e7\u0131kt\u0131. Foto\u011frafta detayl\u0131 \u00e7ektim zaten. Tavu\u011fun i\u00e7inde garip renklerde bir \u015feyler var, hemen \u00e7\u00f6pe att\u0131k. Bu durumu ayr\u0131ca payla\u015fmak istedim. \u0130nsan sa\u011fl\u0131\u011f\u0131 bu kadar de\u011fersiz olmamal\u0131.\u201d \u015feklinde \u015fikayet iletti. P\u0130\u015e\u0130R\u0130LM\u0130\u015e D\u00d6NERDEN \u00c7\u0130\u011e ET \u00c7IKTI 18 Ocak tarihinde bir marketten ald\u0131\u011f\u0131 Hastavuk pi\u015firilmi\u015f tavuk yaprak d\u00f6ner ald\u0131\u011f\u0131nda \u015foka girdi\u011fini belirten ba\u015fka bir ki\u015fi ise &hellip;","og_url":"http:\/\/denizcankizil.tr\/ru\/haberler\/gundem\/hastavuka-sikayetlerin-ardi-arkasi-kesilmiyor-hastavukulari-artiyor\/","og_site_name":"Av. Deniz Can K\u0131z\u0131l","article_published_time":"2025-02-04T08:42:30+00:00","author":"admin","twitter_card":"summary_large_image","twitter_misc":{"\u041d\u0430\u043f\u0438\u0441\u0430\u043d\u043e \u0430\u0432\u0442\u043e\u0440\u043e\u043c":"admin","\u041f\u0440\u0438\u043c\u0435\u0440\u043d\u043e\u0435 \u0432\u0440\u0435\u043c\u044f \u0434\u043b\u044f \u0447\u0442\u0435\u043d\u0438\u044f":"4 \u043c\u0438\u043d\u0443\u0442\u044b"},"schema":{"@context":"https:\/\/schema.org","@graph":[{"@type":"Article","@id":"http:\/\/denizcankizil.tr\/de\/haberler\/gundem\/hastavuka-sikayetlerin-ardi-arkasi-kesilmiyor-hastavukulari-artiyor\/#article","isPartOf":{"@id":"http:\/\/denizcankizil.tr\/de\/haberler\/gundem\/hastavuka-sikayetlerin-ardi-arkasi-kesilmiyor-hastavukulari-artiyor\/"},"author":{"name":"admin","@id":"https:\/\/denizcankizil.tr\/de\/#\/schema\/person\/be3c05fe6a12686905512445d8185489"},"headline":"Hastavuk&#8217;a \u015fikayetlerin ard\u0131 arkas\u0131 kesilmiyor! Hasta&#8217;vuku&#8217;lar\u0131 art\u0131yor!","datePublished":"2025-02-04T08:42:30+00:00","mainEntityOfPage":{"@id":"http:\/\/denizcankizil.tr\/de\/haberler\/gundem\/hastavuka-sikayetlerin-ardi-arkasi-kesilmiyor-hastavukulari-artiyor\/"},"wordCount":893,"commentCount":0,"publisher":{"@id":"https:\/\/denizcankizil.tr\/de\/#organization"},"articleSection":["G\u00fcndem"],"inLanguage":"ru-RU","potentialAction":[{"@type":"CommentAction","name":"Comment","target":["http:\/\/denizcankizil.tr\/de\/haberler\/gundem\/hastavuka-sikayetlerin-ardi-arkasi-kesilmiyor-hastavukulari-artiyor\/#respond"]}]},{"@type":"WebPage","@id":"http:\/\/denizcankizil.tr\/de\/haberler\/gundem\/hastavuka-sikayetlerin-ardi-arkasi-kesilmiyor-hastavukulari-artiyor\/","url":"http:\/\/denizcankizil.tr\/de\/haberler\/gundem\/hastavuka-sikayetlerin-ardi-arkasi-kesilmiyor-hastavukulari-artiyor\/","name":"Hastavuk'a \u015fikayetlerin ard\u0131 arkas\u0131 kesilmiyor! Hasta'vuku'lar\u0131 art\u0131yor! - Av. Deniz Can K\u0131z\u0131l","isPartOf":{"@id":"https:\/\/denizcankizil.tr\/de\/#website"},"datePublished":"2025-02-04T08:42:30+00:00","breadcrumb":{"@id":"http:\/\/denizcankizil.tr\/de\/haberler\/gundem\/hastavuka-sikayetlerin-ardi-arkasi-kesilmiyor-hastavukulari-artiyor\/#breadcrumb"},"inLanguage":"ru-RU","potentialAction":[{"@type":"ReadAction","target":["http:\/\/denizcankizil.tr\/de\/haberler\/gundem\/hastavuka-sikayetlerin-ardi-arkasi-kesilmiyor-hastavukulari-artiyor\/"]}]},{"@type":"BreadcrumbList","@id":"http:\/\/denizcankizil.tr\/de\/haberler\/gundem\/hastavuka-sikayetlerin-ardi-arkasi-kesilmiyor-hastavukulari-artiyor\/#breadcrumb","itemListElement":[{"@type":"ListItem","position":1,"name":"Home","item":"https:\/\/denizcankizil.tr\/de\/"},{"@type":"ListItem","position":2,"name":"Hastavuk&#8217;a \u015fikayetlerin ard\u0131 arkas\u0131 kesilmiyor! Hasta&#8217;vuku&#8217;lar\u0131 art\u0131yor!"}]},{"@type":"WebSite","@id":"https:\/\/denizcankizil.tr\/de\/#website","url":"https:\/\/denizcankizil.tr\/de\/","name":"Av. Deniz Can K\u0131z\u0131l","description":"Avukat Deniz Can K\u0131z\u0131l Antalya Barosu","publisher":{"@id":"https:\/\/denizcankizil.tr\/de\/#organization"},"potentialAction":[{"@type":"SearchAction","target":{"@type":"EntryPoint","urlTemplate":"https:\/\/denizcankizil.tr\/de\/?s={search_term_string}"},"query-input":{"@type":"PropertyValueSpecification","valueRequired":true,"valueName":"search_term_string"}}],"inLanguage":"ru-RU"},{"@type":"Organization","@id":"https:\/\/denizcankizil.tr\/de\/#organization","name":"Av. Deniz Can K\u0131z\u0131l","url":"https:\/\/denizcankizil.tr\/de\/","logo":{"@type":"ImageObject","inLanguage":"ru-RU","@id":"https:\/\/denizcankizil.tr\/de\/#\/schema\/logo\/image\/","url":"http:\/\/denizcankizil.tr\/wp-content\/uploads\/2024\/10\/siyah-logo-svg.svg","contentUrl":"http:\/\/denizcankizil.tr\/wp-content\/uploads\/2024\/10\/siyah-logo-svg.svg","width":1080,"height":1080,"caption":"Av. Deniz Can K\u0131z\u0131l"},"image":{"@id":"https:\/\/denizcankizil.tr\/de\/#\/schema\/logo\/image\/"}},{"@type":"Person","@id":"https:\/\/denizcankizil.tr\/de\/#\/schema\/person\/be3c05fe6a12686905512445d8185489","name":"\u0430\u0434\u043c\u0438\u043d","image":{"@type":"ImageObject","inLanguage":"ru-RU","@id":"https:\/\/denizcankizil.tr\/de\/#\/schema\/person\/image\/","url":"https:\/\/secure.gravatar.com\/avatar\/c1fce94c830dc79107e174f890d7210541c4a63e8e5d816341794a2151c9d58c?s=96&d=mm&r=g","contentUrl":"https:\/\/secure.gravatar.com\/avatar\/c1fce94c830dc79107e174f890d7210541c4a63e8e5d816341794a2151c9d58c?s=96&d=mm&r=g","caption":"admin"},"sameAs":["http:\/\/denizcankizil.tr"],"url":"https:\/\/www.iskenderun.org\/hastavuka-sikayetlerin-ardi-arkasi-kesilmiyor-hastavukulari-artiyor"}]}},"_links":{"self":[{"href":"http:\/\/denizcankizil.tr\/ru\/wp-json\/wp\/v2\/posts\/30033","targetHints":{"allow":["GET"]}}],"collection":[{"href":"http:\/\/denizcankizil.tr\/ru\/wp-json\/wp\/v2\/posts"}],"about":[{"href":"http:\/\/denizcankizil.tr\/ru\/wp-json\/wp\/v2\/types\/post"}],"author":[{"embeddable":true,"href":"http:\/\/denizcankizil.tr\/ru\/wp-json\/wp\/v2\/users\/1"}],"replies":[{"embeddable":true,"href":"http:\/\/denizcankizil.tr\/ru\/wp-json\/wp\/v2\/comments?post=30033"}],"version-history":[{"count":0,"href":"http:\/\/denizcankizil.tr\/ru\/wp-json\/wp\/v2\/posts\/30033\/revisions"}],"wp:attachment":[{"href":"http:\/\/denizcankizil.tr\/ru\/wp-json\/wp\/v2\/media?parent=30033"}],"wp:term":[{"taxonomy":"category","embeddable":true,"href":"http:\/\/denizcankizil.tr\/ru\/wp-json\/wp\/v2\/categories?post=30033"},{"taxonomy":"post_tag","embeddable":true,"href":"http:\/\/denizcankizil.tr\/ru\/wp-json\/wp\/v2\/tags?post=30033"}],"curies":[{"name":"wp","href":"https:\/\/api.w.org\/{rel}","templated":true}]}}