{"id":29841,"date":"2025-02-03T18:41:38","date_gmt":"2025-02-03T15:41:38","guid":{"rendered":"https:\/\/denizcankizil.tr\/uncategorized-tr\/chp-basin-sozcusu-yesildagdan-sert-elestiri\/"},"modified":"2025-02-03T18:41:38","modified_gmt":"2025-02-03T15:41:38","slug":"chp-basin-sozcusu-yesildagdan-sert-elestiri","status":"publish","type":"post","link":"http:\/\/denizcankizil.tr\/ru\/haberler\/gundem\/chp-basin-sozcusu-yesildagdan-sert-elestiri\/","title":{"rendered":"CHP Bas\u0131n S\u00f6zc\u00fcs\u00fc \u00a0Ye\u015filda\u011f&#8217;dan Sert Ele\u015ftiri\u2026"},"content":{"rendered":"<p>Ye\u015filda\u011f, a\u00e7\u0131klamas\u0131nda, \u201cMaalesef bug\u00fcn ihmalk\u00e2rl\u0131k ve denetimsizlik y\u00fcz\u00fcnden okullar\u0131nda ikinci d\u00f6neme ba\u015flayamayan 36 \u00e7ocu\u011fumuz var. Onlar yar\u0131y\u0131l tatilinde aileleriyle birlikte gittikleri Kartalkaya&#8217;da yanarak can verdiler,\u201d dedi.<\/p>\n<p>Yetkililerin sorumluluk almay\u0131 kabul etmedi\u011fi ihmaller y\u00fcz\u00fcnden hayat\u0131n\u0131 kaybeden 78 vatanda\u015f i\u00e7in Allah&#8217;tan rahmet, yak\u0131nlar\u0131 ve sevenlerine ba\u015fsa\u011fl\u0131\u011f\u0131 dile\u011finde bulunan Ye\u015filda\u011f, \u00a0\u201cBu felaketle birlikte okullar\u0131n ve yurtlar\u0131n g\u00fcvenli\u011fini bir kez daha d\u00fc\u015f\u00fcnmeliyiz. Defalarca uyarmam\u0131za ra\u011fmen hi\u00e7bir tedbir al\u0131nmamas\u0131 nedeniyle, okul kazalar\u0131, afetler, acil durumlar, i\u015f g\u00fcvenli\u011fi, trafik g\u00fcvenli\u011fi, okul g\u00fcvenli\u011fi ve d\u0131\u015f alan g\u00fcvenli\u011fi gibi konulardaki yetersizlikler \u00e7ocuklar\u0131m\u0131z\u0131n ve \u00f6\u011fretmenlerimizin can\u0131na mal oluyor\u201d diye konu\u015ftu.<\/p>\n<p>M\u00fcfetti\u015flik sisteminin de tarumar edilmesi sonucu okullar\u0131n yeterince denetlenmedi\u011fine dikkat \u00e7eken Ye\u015filda\u011f \u201cOkullar\u0131n, \u00e7ocuklar i\u00e7in en g\u00fcvenilir alanlardan biri olmas\u0131 gerekir. Ya\u015fanan \u00fcz\u00fcc\u00fc olaylara \u00f6rnekler verecek olursak; \u20182 Eyl\u00fcl&#8217;de birinci s\u0131n\u0131fa ba\u015flayacak olan Miray Aslan \u00e7ocu\u011fumuz, okul bah\u00e7esinde ge\u00e7irdi\u011fi trafik kazas\u0131nda hayat\u0131n\u0131 kaybetti. 16 ya\u015f\u0131ndaki Mehmet Eren Parlak ise, arkada\u015f\u0131 taraf\u0131ndan okulda tabanca ile vurularak \u00f6ld\u00fcr\u00fcld\u00fc. Sibel Turan \u00f6\u011fretmenimiz i\u015f g\u00fcvenli\u011fi ve yeterli personel olmad\u0131\u011f\u0131 i\u00e7in, \u0130brahim Oktugan \u00f6\u011fretmenimiz ise okul g\u00fcvenli\u011fi yetersizli\u011fi nedeniyle hayat\u0131n\u0131 kaybetti&#8221; \u015feklinde konu\u015ftu.<\/p>\n<p>6 \u015eubat Kahramanmara\u015f ve Hatay depremlerinin ikinci y\u0131l d\u00f6n\u00fcm\u00fcn\u00fcn ya\u015fand\u0131\u011f\u0131n\u0131 hat\u0131rlatan Ye\u015filda\u011f, depremde hayat\u0131n\u0131 kaybeden t\u00fcm vatanda\u015flara Allah&#8217;tan rahmet, sevenlerine ve \u00fclkeye ba\u015fsa\u011fl\u0131\u011f\u0131 diledi.<\/p>\n<p>Deprem sonras\u0131 b\u00f6lgede ya\u015fayan yurtta\u015flar\u0131n, \u00f6\u011fretmenlerin ve \u00f6\u011frencilerin sorunlar\u0131n\u0131n h\u00e2l\u00e2 \u00e7\u00f6z\u00fcme kavu\u015fmad\u0131\u011f\u0131n\u0131 belirten Ye\u015filda\u011f, ayr\u0131ca, h\u00fck\u00fcmetin evlere yerle\u015fim s\u00f6z\u00fc tutturamamas\u0131, halk\u0131n d\u00f6rtte birinin hala konteyner kentlerde ya\u015famas\u0131, \u00f6\u011fretmenlerin bor\u00e7lar nedeniyle elektri\u011finin kesilmesi, depremde sa\u011flam kalan okullar\u0131n kamu kurumlar\u0131 taraf\u0131ndan kullan\u0131lmaya devam etmesi gibi pek \u00e7ok sorunu da dile getirdi.<\/p>\n<p>E\u011fitim ve okul g\u00fcvenli\u011finin sa\u011flanamad\u0131\u011f\u0131 s\u00fcrece \u00e7ocuklar\u0131n ve e\u011fitim camias\u0131n\u0131n daha fazla ma\u011fduriyet ya\u015famaya devam edece\u011finin alt\u0131n\u0131 \u00e7izen Ye\u015filda\u011f, ilgili kurumlar\u0131n gerekli \u00f6nlemleri acilen almas\u0131 \u00e7a\u011fr\u0131s\u0131nda bulunarak \u015funlar\u0131 kaydetti: \u201cOkullar fiziki olarak e\u011fitime uygun hale getirilmedi, temizlenemedi. \u00c7ocuklar\u0131m\u0131z nitelikli e\u011fitim alamad\u0131, okullar\u0131n g\u00fcvenli\u011fi sa\u011flanamad\u0131. \u00d6\u011fretmenlerimiz atanmad\u0131, m\u00fclakatla ma\u011fdur edildi. Yoksulluk s\u0131n\u0131r\u0131 alt\u0131nda maa\u015flarla, can g\u00fcvenli\u011fi olmadan e\u011fitim vermeye devam etti. \u00c7ocuklar\u0131m\u0131z okullara a\u00e7 gitti, temiz suya eri\u015femedi ve MESEM&#8217;lerde hayatlar\u0131n\u0131 kaybetti,\u201d<\/p>\n<p>\u200bCHP Bas\u0131n S\u00f6zc\u00fcs\u00fc Filiz Ye\u015filda\u011f, 2024-2025 E\u011fitim \u00d6\u011fretim Y\u0131l\u0131&#8217;n\u0131n ikinci yar\u0131s\u0131n\u0131n bug\u00fcn ba\u015flamas\u0131 vesilesiyle, okul ve e\u011fitim g\u00fcvenli\u011fi konusundaki ihmallerin yaratt\u0131\u011f\u0131 can kay\u0131plar\u0131na de\u011findi.\u00a0<\/p>\n<p>\u200bHaberin Al\u0131nt\u0131land\u0131\u011f\u0131 Kaynak: www.iskenderun.org<\/p>","protected":false},"excerpt":{"rendered":"<p>Ye\u015filda\u011f, a\u00e7\u0131klamas\u0131nda, \u201cMaalesef bug\u00fcn ihmalk\u00e2rl\u0131k ve denetimsizlik y\u00fcz\u00fcnden okullar\u0131nda ikinci d\u00f6neme ba\u015flayamayan 36 \u00e7ocu\u011fumuz var. Onlar yar\u0131y\u0131l tatilinde aileleriyle birlikte gittikleri Kartalkaya&#8217;da yanarak can verdiler,\u201d dedi. Yetkililerin sorumluluk almay\u0131 kabul etmedi\u011fi ihmaller y\u00fcz\u00fcnden hayat\u0131n\u0131 kaybeden 78 vatanda\u015f i\u00e7in Allah&#8217;tan rahmet, yak\u0131nlar\u0131 ve sevenlerine ba\u015fsa\u011fl\u0131\u011f\u0131 dile\u011finde bulunan Ye\u015filda\u011f, \u00a0\u201cBu felaketle birlikte okullar\u0131n ve yurtlar\u0131n g\u00fcvenli\u011fini bir kez daha d\u00fc\u015f\u00fcnmeliyiz. Defalarca uyarmam\u0131za ra\u011fmen hi\u00e7bir tedbir al\u0131nmamas\u0131 nedeniyle, okul kazalar\u0131, afetler, acil durumlar, i\u015f g\u00fcvenli\u011fi, trafik g\u00fcvenli\u011fi, okul g\u00fcvenli\u011fi ve d\u0131\u015f alan g\u00fcvenli\u011fi gibi konulardaki yetersizlikler \u00e7ocuklar\u0131m\u0131z\u0131n ve \u00f6\u011fretmenlerimizin can\u0131na mal oluyor\u201d diye konu\u015ftu. M\u00fcfetti\u015flik sisteminin de tarumar edilmesi sonucu okullar\u0131n yeterince denetlenmedi\u011fine dikkat \u00e7eken Ye\u015filda\u011f \u201cOkullar\u0131n, \u00e7ocuklar i\u00e7in en g\u00fcvenilir alanlardan biri olmas\u0131 gerekir. Ya\u015fanan \u00fcz\u00fcc\u00fc olaylara \u00f6rnekler verecek olursak; \u20182 Eyl\u00fcl&#8217;de birinci s\u0131n\u0131fa ba\u015flayacak olan Miray Aslan \u00e7ocu\u011fumuz, okul bah\u00e7esinde ge\u00e7irdi\u011fi trafik kazas\u0131nda hayat\u0131n\u0131 kaybetti. 16 ya\u015f\u0131ndaki Mehmet Eren Parlak ise, arkada\u015f\u0131 taraf\u0131ndan okulda tabanca ile vurularak \u00f6ld\u00fcr\u00fcld\u00fc. Sibel Turan \u00f6\u011fretmenimiz i\u015f g\u00fcvenli\u011fi ve yeterli personel olmad\u0131\u011f\u0131 i\u00e7in, \u0130brahim Oktugan \u00f6\u011fretmenimiz ise okul g\u00fcvenli\u011fi yetersizli\u011fi nedeniyle hayat\u0131n\u0131 kaybetti&#8221; \u015feklinde konu\u015ftu. 6 \u015eubat Kahramanmara\u015f ve Hatay depremlerinin ikinci y\u0131l d\u00f6n\u00fcm\u00fcn\u00fcn ya\u015fand\u0131\u011f\u0131n\u0131 hat\u0131rlatan Ye\u015filda\u011f, depremde hayat\u0131n\u0131 kaybeden t\u00fcm vatanda\u015flara Allah&#8217;tan rahmet, sevenlerine ve \u00fclkeye ba\u015fsa\u011fl\u0131\u011f\u0131 diledi. Deprem sonras\u0131 b\u00f6lgede ya\u015fayan yurtta\u015flar\u0131n, \u00f6\u011fretmenlerin ve &hellip;<\/p>","protected":false},"author":1,"featured_media":0,"comment_status":"open","ping_status":"open","sticky":false,"template":"","format":"standard","meta":{"_acf_changed":false,"footnotes":""},"categories":[24],"tags":[],"class_list":["post-29841","post","type-post","status-publish","format-standard","has-post-thumbnail","hentry","category-gundem"],"acf":[],"yoast_head":"<!-- This site is optimized with the Yoast SEO Premium plugin v26.6 (Yoast SEO v27.1.1) - https:\/\/yoast.com\/product\/yoast-seo-premium-wordpress\/ -->\n<title>CHP Bas\u0131n S\u00f6zc\u00fcs\u00fc \u00a0Ye\u015filda\u011f&#039;dan Sert Ele\u015ftiri\u2026 - Av. Deniz Can K\u0131z\u0131l<\/title>\n<meta name=\"robots\" content=\"index, follow, max-snippet:-1, max-image-preview:large, max-video-preview:-1\" \/>\n<link rel=\"canonical\" href=\"http:\/\/denizcankizil.tr\/ru\/haberler\/gundem\/chp-basin-sozcusu-yesildagdan-sert-elestiri\/\" \/>\n<meta property=\"og:locale\" content=\"ru_RU\" \/>\n<meta property=\"og:type\" content=\"article\" \/>\n<meta property=\"og:title\" content=\"CHP Bas\u0131n S\u00f6zc\u00fcs\u00fc \u00a0Ye\u015filda\u011f&#039;dan Sert Ele\u015ftiri\u2026\" \/>\n<meta property=\"og:description\" content=\"Ye\u015filda\u011f, a\u00e7\u0131klamas\u0131nda, \u201cMaalesef bug\u00fcn ihmalk\u00e2rl\u0131k ve denetimsizlik y\u00fcz\u00fcnden okullar\u0131nda ikinci d\u00f6neme ba\u015flayamayan 36 \u00e7ocu\u011fumuz var. Onlar yar\u0131y\u0131l tatilinde aileleriyle birlikte gittikleri Kartalkaya&#8217;da yanarak can verdiler,\u201d dedi. Yetkililerin sorumluluk almay\u0131 kabul etmedi\u011fi ihmaller y\u00fcz\u00fcnden hayat\u0131n\u0131 kaybeden 78 vatanda\u015f i\u00e7in Allah&#8217;tan rahmet, yak\u0131nlar\u0131 ve sevenlerine ba\u015fsa\u011fl\u0131\u011f\u0131 dile\u011finde bulunan Ye\u015filda\u011f, \u00a0\u201cBu felaketle birlikte okullar\u0131n ve yurtlar\u0131n g\u00fcvenli\u011fini bir kez daha d\u00fc\u015f\u00fcnmeliyiz. Defalarca uyarmam\u0131za ra\u011fmen hi\u00e7bir tedbir al\u0131nmamas\u0131 nedeniyle, okul kazalar\u0131, afetler, acil durumlar, i\u015f g\u00fcvenli\u011fi, trafik g\u00fcvenli\u011fi, okul g\u00fcvenli\u011fi ve d\u0131\u015f alan g\u00fcvenli\u011fi gibi konulardaki yetersizlikler \u00e7ocuklar\u0131m\u0131z\u0131n ve \u00f6\u011fretmenlerimizin can\u0131na mal oluyor\u201d diye konu\u015ftu. M\u00fcfetti\u015flik sisteminin de tarumar edilmesi sonucu okullar\u0131n yeterince denetlenmedi\u011fine dikkat \u00e7eken Ye\u015filda\u011f \u201cOkullar\u0131n, \u00e7ocuklar i\u00e7in en g\u00fcvenilir alanlardan biri olmas\u0131 gerekir. Ya\u015fanan \u00fcz\u00fcc\u00fc olaylara \u00f6rnekler verecek olursak; \u20182 Eyl\u00fcl&#8217;de birinci s\u0131n\u0131fa ba\u015flayacak olan Miray Aslan \u00e7ocu\u011fumuz, okul bah\u00e7esinde ge\u00e7irdi\u011fi trafik kazas\u0131nda hayat\u0131n\u0131 kaybetti. 16 ya\u015f\u0131ndaki Mehmet Eren Parlak ise, arkada\u015f\u0131 taraf\u0131ndan okulda tabanca ile vurularak \u00f6ld\u00fcr\u00fcld\u00fc. Sibel Turan \u00f6\u011fretmenimiz i\u015f g\u00fcvenli\u011fi ve yeterli personel olmad\u0131\u011f\u0131 i\u00e7in, \u0130brahim Oktugan \u00f6\u011fretmenimiz ise okul g\u00fcvenli\u011fi yetersizli\u011fi nedeniyle hayat\u0131n\u0131 kaybetti&#8221; \u015feklinde konu\u015ftu. 6 \u015eubat Kahramanmara\u015f ve Hatay depremlerinin ikinci y\u0131l d\u00f6n\u00fcm\u00fcn\u00fcn ya\u015fand\u0131\u011f\u0131n\u0131 hat\u0131rlatan Ye\u015filda\u011f, depremde hayat\u0131n\u0131 kaybeden t\u00fcm vatanda\u015flara Allah&#8217;tan rahmet, sevenlerine ve \u00fclkeye ba\u015fsa\u011fl\u0131\u011f\u0131 diledi. Deprem sonras\u0131 b\u00f6lgede ya\u015fayan yurtta\u015flar\u0131n, \u00f6\u011fretmenlerin ve &hellip;\" \/>\n<meta property=\"og:url\" content=\"http:\/\/denizcankizil.tr\/ru\/haberler\/gundem\/chp-basin-sozcusu-yesildagdan-sert-elestiri\/\" \/>\n<meta property=\"og:site_name\" content=\"Av. Deniz Can K\u0131z\u0131l\" \/>\n<meta property=\"article:published_time\" content=\"2025-02-03T15:41:38+00:00\" \/>\n<meta name=\"author\" content=\"admin\" \/>\n<meta name=\"twitter:card\" content=\"summary_large_image\" \/>\n<meta name=\"twitter:label1\" content=\"\u041d\u0430\u043f\u0438\u0441\u0430\u043d\u043e \u0430\u0432\u0442\u043e\u0440\u043e\u043c\" \/>\n\t<meta name=\"twitter:data1\" content=\"admin\" \/>\n\t<meta name=\"twitter:label2\" content=\"\u041f\u0440\u0438\u043c\u0435\u0440\u043d\u043e\u0435 \u0432\u0440\u0435\u043c\u044f \u0434\u043b\u044f \u0447\u0442\u0435\u043d\u0438\u044f\" \/>\n\t<meta name=\"twitter:data2\" content=\"3 \u043c\u0438\u043d\u0443\u0442\u044b\" \/>\n<script type=\"application\/ld+json\" class=\"yoast-schema-graph\">{\"@context\":\"https:\/\/schema.org\",\"@graph\":[{\"@type\":\"Article\",\"@id\":\"http:\/\/denizcankizil.tr\/ru\/haberler\/gundem\/chp-basin-sozcusu-yesildagdan-sert-elestiri\/#article\",\"isPartOf\":{\"@id\":\"http:\/\/denizcankizil.tr\/ru\/haberler\/gundem\/chp-basin-sozcusu-yesildagdan-sert-elestiri\/\"},\"author\":{\"name\":\"admin\",\"@id\":\"https:\/\/denizcankizil.tr\/#\/schema\/person\/be3c05fe6a12686905512445d8185489\"},\"headline\":\"CHP Bas\u0131n S\u00f6zc\u00fcs\u00fc \u00a0Ye\u015filda\u011f&#8217;dan Sert Ele\u015ftiri\u2026\",\"datePublished\":\"2025-02-03T15:41:38+00:00\",\"mainEntityOfPage\":{\"@id\":\"http:\/\/denizcankizil.tr\/ru\/haberler\/gundem\/chp-basin-sozcusu-yesildagdan-sert-elestiri\/\"},\"wordCount\":532,\"commentCount\":0,\"publisher\":{\"@id\":\"https:\/\/denizcankizil.tr\/#organization\"},\"articleSection\":[\"G\u00fcndem\"],\"inLanguage\":\"ru-RU\",\"potentialAction\":[{\"@type\":\"CommentAction\",\"name\":\"Comment\",\"target\":[\"http:\/\/denizcankizil.tr\/ru\/haberler\/gundem\/chp-basin-sozcusu-yesildagdan-sert-elestiri\/#respond\"]}]},{\"@type\":\"WebPage\",\"@id\":\"http:\/\/denizcankizil.tr\/ru\/haberler\/gundem\/chp-basin-sozcusu-yesildagdan-sert-elestiri\/\",\"url\":\"http:\/\/denizcankizil.tr\/ru\/haberler\/gundem\/chp-basin-sozcusu-yesildagdan-sert-elestiri\/\",\"name\":\"CHP Bas\u0131n S\u00f6zc\u00fcs\u00fc \u00a0Ye\u015filda\u011f'dan Sert Ele\u015ftiri\u2026 - Av. Deniz Can K\u0131z\u0131l\",\"isPartOf\":{\"@id\":\"https:\/\/denizcankizil.tr\/#website\"},\"datePublished\":\"2025-02-03T15:41:38+00:00\",\"breadcrumb\":{\"@id\":\"http:\/\/denizcankizil.tr\/ru\/haberler\/gundem\/chp-basin-sozcusu-yesildagdan-sert-elestiri\/#breadcrumb\"},\"inLanguage\":\"ru-RU\",\"potentialAction\":[{\"@type\":\"ReadAction\",\"target\":[\"http:\/\/denizcankizil.tr\/ru\/haberler\/gundem\/chp-basin-sozcusu-yesildagdan-sert-elestiri\/\"]}]},{\"@type\":\"BreadcrumbList\",\"@id\":\"http:\/\/denizcankizil.tr\/ru\/haberler\/gundem\/chp-basin-sozcusu-yesildagdan-sert-elestiri\/#breadcrumb\",\"itemListElement\":[{\"@type\":\"ListItem\",\"position\":1,\"name\":\"Home\",\"item\":\"https:\/\/denizcankizil.tr\/de\/\"},{\"@type\":\"ListItem\",\"position\":2,\"name\":\"CHP Bas\u0131n S\u00f6zc\u00fcs\u00fc \u00a0Ye\u015filda\u011f&#8217;dan Sert Ele\u015ftiri\u2026\"}]},{\"@type\":\"WebSite\",\"@id\":\"https:\/\/denizcankizil.tr\/#website\",\"url\":\"https:\/\/denizcankizil.tr\/\",\"name\":\"Av. Deniz Can K\u0131z\u0131l\",\"description\":\"Avukat Deniz Can K\u0131z\u0131l Antalya Barosu\",\"publisher\":{\"@id\":\"https:\/\/denizcankizil.tr\/#organization\"},\"potentialAction\":[{\"@type\":\"SearchAction\",\"target\":{\"@type\":\"EntryPoint\",\"urlTemplate\":\"https:\/\/denizcankizil.tr\/?s={search_term_string}\"},\"query-input\":{\"@type\":\"PropertyValueSpecification\",\"valueRequired\":true,\"valueName\":\"search_term_string\"}}],\"inLanguage\":\"ru-RU\"},{\"@type\":\"Organization\",\"@id\":\"https:\/\/denizcankizil.tr\/#organization\",\"name\":\"Av. Deniz Can K\u0131z\u0131l\",\"url\":\"https:\/\/denizcankizil.tr\/\",\"logo\":{\"@type\":\"ImageObject\",\"inLanguage\":\"ru-RU\",\"@id\":\"https:\/\/denizcankizil.tr\/#\/schema\/logo\/image\/\",\"url\":\"http:\/\/denizcankizil.tr\/wp-content\/uploads\/2024\/10\/siyah-logo-svg.svg\",\"contentUrl\":\"http:\/\/denizcankizil.tr\/wp-content\/uploads\/2024\/10\/siyah-logo-svg.svg\",\"width\":1080,\"height\":1080,\"caption\":\"Av. Deniz Can K\u0131z\u0131l\"},\"image\":{\"@id\":\"https:\/\/denizcankizil.tr\/#\/schema\/logo\/image\/\"}},{\"@type\":\"Person\",\"@id\":\"https:\/\/denizcankizil.tr\/#\/schema\/person\/be3c05fe6a12686905512445d8185489\",\"name\":\"admin\",\"image\":{\"@type\":\"ImageObject\",\"inLanguage\":\"ru-RU\",\"@id\":\"https:\/\/denizcankizil.tr\/#\/schema\/person\/image\/\",\"url\":\"https:\/\/secure.gravatar.com\/avatar\/c1fce94c830dc79107e174f890d7210541c4a63e8e5d816341794a2151c9d58c?s=96&d=mm&r=g\",\"contentUrl\":\"https:\/\/secure.gravatar.com\/avatar\/c1fce94c830dc79107e174f890d7210541c4a63e8e5d816341794a2151c9d58c?s=96&d=mm&r=g\",\"caption\":\"admin\"},\"sameAs\":[\"http:\/\/denizcankizil.tr\"],\"url\":\"https:\/\/www.iskenderun.org\/chp-basin-sozcusu-yesildagdan-sert-elestiri\"}]}<\/script>\n<!-- \/ Yoast SEO Premium plugin. -->","yoast_head_json":{"title":"CHP Bas\u0131n S\u00f6zc\u00fcs\u00fc \u00a0Ye\u015filda\u011f'dan Sert Ele\u015ftiri\u2026 - Av. Deniz Can K\u0131z\u0131l","robots":{"index":"index","follow":"follow","max-snippet":"max-snippet:-1","max-image-preview":"max-image-preview:large","max-video-preview":"max-video-preview:-1"},"canonical":"http:\/\/denizcankizil.tr\/ru\/haberler\/gundem\/chp-basin-sozcusu-yesildagdan-sert-elestiri\/","og_locale":"ru_RU","og_type":"article","og_title":"CHP Bas\u0131n S\u00f6zc\u00fcs\u00fc \u00a0Ye\u015filda\u011f'dan Sert Ele\u015ftiri\u2026","og_description":"Ye\u015filda\u011f, a\u00e7\u0131klamas\u0131nda, \u201cMaalesef bug\u00fcn ihmalk\u00e2rl\u0131k ve denetimsizlik y\u00fcz\u00fcnden okullar\u0131nda ikinci d\u00f6neme ba\u015flayamayan 36 \u00e7ocu\u011fumuz var. Onlar yar\u0131y\u0131l tatilinde aileleriyle birlikte gittikleri Kartalkaya&#8217;da yanarak can verdiler,\u201d dedi. Yetkililerin sorumluluk almay\u0131 kabul etmedi\u011fi ihmaller y\u00fcz\u00fcnden hayat\u0131n\u0131 kaybeden 78 vatanda\u015f i\u00e7in Allah&#8217;tan rahmet, yak\u0131nlar\u0131 ve sevenlerine ba\u015fsa\u011fl\u0131\u011f\u0131 dile\u011finde bulunan Ye\u015filda\u011f, \u00a0\u201cBu felaketle birlikte okullar\u0131n ve yurtlar\u0131n g\u00fcvenli\u011fini bir kez daha d\u00fc\u015f\u00fcnmeliyiz. Defalarca uyarmam\u0131za ra\u011fmen hi\u00e7bir tedbir al\u0131nmamas\u0131 nedeniyle, okul kazalar\u0131, afetler, acil durumlar, i\u015f g\u00fcvenli\u011fi, trafik g\u00fcvenli\u011fi, okul g\u00fcvenli\u011fi ve d\u0131\u015f alan g\u00fcvenli\u011fi gibi konulardaki yetersizlikler \u00e7ocuklar\u0131m\u0131z\u0131n ve \u00f6\u011fretmenlerimizin can\u0131na mal oluyor\u201d diye konu\u015ftu. M\u00fcfetti\u015flik sisteminin de tarumar edilmesi sonucu okullar\u0131n yeterince denetlenmedi\u011fine dikkat \u00e7eken Ye\u015filda\u011f \u201cOkullar\u0131n, \u00e7ocuklar i\u00e7in en g\u00fcvenilir alanlardan biri olmas\u0131 gerekir. Ya\u015fanan \u00fcz\u00fcc\u00fc olaylara \u00f6rnekler verecek olursak; \u20182 Eyl\u00fcl&#8217;de birinci s\u0131n\u0131fa ba\u015flayacak olan Miray Aslan \u00e7ocu\u011fumuz, okul bah\u00e7esinde ge\u00e7irdi\u011fi trafik kazas\u0131nda hayat\u0131n\u0131 kaybetti. 16 ya\u015f\u0131ndaki Mehmet Eren Parlak ise, arkada\u015f\u0131 taraf\u0131ndan okulda tabanca ile vurularak \u00f6ld\u00fcr\u00fcld\u00fc. Sibel Turan \u00f6\u011fretmenimiz i\u015f g\u00fcvenli\u011fi ve yeterli personel olmad\u0131\u011f\u0131 i\u00e7in, \u0130brahim Oktugan \u00f6\u011fretmenimiz ise okul g\u00fcvenli\u011fi yetersizli\u011fi nedeniyle hayat\u0131n\u0131 kaybetti&#8221; \u015feklinde konu\u015ftu. 6 \u015eubat Kahramanmara\u015f ve Hatay depremlerinin ikinci y\u0131l d\u00f6n\u00fcm\u00fcn\u00fcn ya\u015fand\u0131\u011f\u0131n\u0131 hat\u0131rlatan Ye\u015filda\u011f, depremde hayat\u0131n\u0131 kaybeden t\u00fcm vatanda\u015flara Allah&#8217;tan rahmet, sevenlerine ve \u00fclkeye ba\u015fsa\u011fl\u0131\u011f\u0131 diledi. Deprem sonras\u0131 b\u00f6lgede ya\u015fayan yurtta\u015flar\u0131n, \u00f6\u011fretmenlerin ve &hellip;","og_url":"http:\/\/denizcankizil.tr\/ru\/haberler\/gundem\/chp-basin-sozcusu-yesildagdan-sert-elestiri\/","og_site_name":"Av. Deniz Can K\u0131z\u0131l","article_published_time":"2025-02-03T15:41:38+00:00","author":"admin","twitter_card":"summary_large_image","twitter_misc":{"\u041d\u0430\u043f\u0438\u0441\u0430\u043d\u043e \u0430\u0432\u0442\u043e\u0440\u043e\u043c":"admin","\u041f\u0440\u0438\u043c\u0435\u0440\u043d\u043e\u0435 \u0432\u0440\u0435\u043c\u044f \u0434\u043b\u044f \u0447\u0442\u0435\u043d\u0438\u044f":"3 \u043c\u0438\u043d\u0443\u0442\u044b"},"schema":{"@context":"https:\/\/schema.org","@graph":[{"@type":"Article","@id":"http:\/\/denizcankizil.tr\/ru\/haberler\/gundem\/chp-basin-sozcusu-yesildagdan-sert-elestiri\/#article","isPartOf":{"@id":"http:\/\/denizcankizil.tr\/ru\/haberler\/gundem\/chp-basin-sozcusu-yesildagdan-sert-elestiri\/"},"author":{"name":"admin","@id":"https:\/\/denizcankizil.tr\/#\/schema\/person\/be3c05fe6a12686905512445d8185489"},"headline":"CHP Bas\u0131n S\u00f6zc\u00fcs\u00fc \u00a0Ye\u015filda\u011f&#8217;dan Sert Ele\u015ftiri\u2026","datePublished":"2025-02-03T15:41:38+00:00","mainEntityOfPage":{"@id":"http:\/\/denizcankizil.tr\/ru\/haberler\/gundem\/chp-basin-sozcusu-yesildagdan-sert-elestiri\/"},"wordCount":532,"commentCount":0,"publisher":{"@id":"https:\/\/denizcankizil.tr\/#organization"},"articleSection":["G\u00fcndem"],"inLanguage":"ru-RU","potentialAction":[{"@type":"CommentAction","name":"Comment","target":["http:\/\/denizcankizil.tr\/ru\/haberler\/gundem\/chp-basin-sozcusu-yesildagdan-sert-elestiri\/#respond"]}]},{"@type":"WebPage","@id":"http:\/\/denizcankizil.tr\/ru\/haberler\/gundem\/chp-basin-sozcusu-yesildagdan-sert-elestiri\/","url":"http:\/\/denizcankizil.tr\/ru\/haberler\/gundem\/chp-basin-sozcusu-yesildagdan-sert-elestiri\/","name":"CHP Bas\u0131n S\u00f6zc\u00fcs\u00fc \u00a0Ye\u015filda\u011f'dan Sert Ele\u015ftiri\u2026 - Av. Deniz Can K\u0131z\u0131l","isPartOf":{"@id":"https:\/\/denizcankizil.tr\/#website"},"datePublished":"2025-02-03T15:41:38+00:00","breadcrumb":{"@id":"http:\/\/denizcankizil.tr\/ru\/haberler\/gundem\/chp-basin-sozcusu-yesildagdan-sert-elestiri\/#breadcrumb"},"inLanguage":"ru-RU","potentialAction":[{"@type":"ReadAction","target":["http:\/\/denizcankizil.tr\/ru\/haberler\/gundem\/chp-basin-sozcusu-yesildagdan-sert-elestiri\/"]}]},{"@type":"BreadcrumbList","@id":"http:\/\/denizcankizil.tr\/ru\/haberler\/gundem\/chp-basin-sozcusu-yesildagdan-sert-elestiri\/#breadcrumb","itemListElement":[{"@type":"ListItem","position":1,"name":"Home","item":"https:\/\/denizcankizil.tr\/de\/"},{"@type":"ListItem","position":2,"name":"CHP Bas\u0131n S\u00f6zc\u00fcs\u00fc \u00a0Ye\u015filda\u011f&#8217;dan Sert Ele\u015ftiri\u2026"}]},{"@type":"WebSite","@id":"https:\/\/denizcankizil.tr\/#website","url":"https:\/\/denizcankizil.tr\/","name":"Av. Deniz Can K\u0131z\u0131l","description":"Avukat Deniz Can K\u0131z\u0131l Antalya Barosu","publisher":{"@id":"https:\/\/denizcankizil.tr\/#organization"},"potentialAction":[{"@type":"SearchAction","target":{"@type":"EntryPoint","urlTemplate":"https:\/\/denizcankizil.tr\/?s={search_term_string}"},"query-input":{"@type":"PropertyValueSpecification","valueRequired":true,"valueName":"search_term_string"}}],"inLanguage":"ru-RU"},{"@type":"Organization","@id":"https:\/\/denizcankizil.tr\/#organization","name":"Av. Deniz Can K\u0131z\u0131l","url":"https:\/\/denizcankizil.tr\/","logo":{"@type":"ImageObject","inLanguage":"ru-RU","@id":"https:\/\/denizcankizil.tr\/#\/schema\/logo\/image\/","url":"http:\/\/denizcankizil.tr\/wp-content\/uploads\/2024\/10\/siyah-logo-svg.svg","contentUrl":"http:\/\/denizcankizil.tr\/wp-content\/uploads\/2024\/10\/siyah-logo-svg.svg","width":1080,"height":1080,"caption":"Av. Deniz Can K\u0131z\u0131l"},"image":{"@id":"https:\/\/denizcankizil.tr\/#\/schema\/logo\/image\/"}},{"@type":"Person","@id":"https:\/\/denizcankizil.tr\/#\/schema\/person\/be3c05fe6a12686905512445d8185489","name":"\u0430\u0434\u043c\u0438\u043d","image":{"@type":"ImageObject","inLanguage":"ru-RU","@id":"https:\/\/denizcankizil.tr\/#\/schema\/person\/image\/","url":"https:\/\/secure.gravatar.com\/avatar\/c1fce94c830dc79107e174f890d7210541c4a63e8e5d816341794a2151c9d58c?s=96&d=mm&r=g","contentUrl":"https:\/\/secure.gravatar.com\/avatar\/c1fce94c830dc79107e174f890d7210541c4a63e8e5d816341794a2151c9d58c?s=96&d=mm&r=g","caption":"admin"},"sameAs":["http:\/\/denizcankizil.tr"],"url":"https:\/\/www.iskenderun.org\/chp-basin-sozcusu-yesildagdan-sert-elestiri"}]}},"_links":{"self":[{"href":"http:\/\/denizcankizil.tr\/ru\/wp-json\/wp\/v2\/posts\/29841","targetHints":{"allow":["GET"]}}],"collection":[{"href":"http:\/\/denizcankizil.tr\/ru\/wp-json\/wp\/v2\/posts"}],"about":[{"href":"http:\/\/denizcankizil.tr\/ru\/wp-json\/wp\/v2\/types\/post"}],"author":[{"embeddable":true,"href":"http:\/\/denizcankizil.tr\/ru\/wp-json\/wp\/v2\/users\/1"}],"replies":[{"embeddable":true,"href":"http:\/\/denizcankizil.tr\/ru\/wp-json\/wp\/v2\/comments?post=29841"}],"version-history":[{"count":0,"href":"http:\/\/denizcankizil.tr\/ru\/wp-json\/wp\/v2\/posts\/29841\/revisions"}],"wp:attachment":[{"href":"http:\/\/denizcankizil.tr\/ru\/wp-json\/wp\/v2\/media?parent=29841"}],"wp:term":[{"taxonomy":"category","embeddable":true,"href":"http:\/\/denizcankizil.tr\/ru\/wp-json\/wp\/v2\/categories?post=29841"},{"taxonomy":"post_tag","embeddable":true,"href":"http:\/\/denizcankizil.tr\/ru\/wp-json\/wp\/v2\/tags?post=29841"}],"curies":[{"name":"wp","href":"https:\/\/api.w.org\/{rel}","templated":true}]}}