{"id":2949,"date":"2024-10-15T19:59:37","date_gmt":"2024-10-15T16:59:37","guid":{"rendered":"https:\/\/denizcankizil.tr\/uncategorized\/meme-kanseri-farkindalik-bulusmalari-buyuk-ilgi-gordu\/"},"modified":"2024-10-15T19:59:37","modified_gmt":"2024-10-15T16:59:37","slug":"meme-kanseri-farkindalik-bulusmalari-buyuk-ilgi-gordu","status":"publish","type":"post","link":"http:\/\/denizcankizil.tr\/ru\/haberler\/gundem\/meme-kanseri-farkindalik-bulusmalari-buyuk-ilgi-gordu\/","title":{"rendered":"\u2018Meme Kanseri Fark\u0131ndal\u0131k Bulu\u015fmalar\u0131\u2019 b\u00fcy\u00fck ilgi g\u00f6rd\u00fc"},"content":{"rendered":"<p>Meme Kanseri Fark\u0131ndal\u0131k Ay\u0131 kapsam\u0131nda, \u00c7i\u011fli Belediyesi taraf\u0131ndan d\u00fczenlenen \u2018Meme Kanseri Fark\u0131ndal\u0131k Bulu\u015fmalar\u0131n\u0131n\u2019 ilk dura\u011f\u0131 e\u015f zamanl\u0131 olarak Sasal\u0131 ve \u015eirintepe Mahallelerinde yap\u0131ld\u0131.<\/p>\n<p>\u200bMeme Kanseri Fark\u0131ndal\u0131k Ay\u0131 kapsam\u0131nda, \u00c7i\u011fli Belediyesi taraf\u0131ndan d\u00fczenlenen \u2018Meme Kanseri Fark\u0131ndal\u0131k Bulu\u015fmalar\u0131n\u0131n\u2019 ilk dura\u011f\u0131 e\u015f zamanl\u0131 olarak Sasal\u0131 ve \u015eirintepe Mahallelerinde yap\u0131ld\u0131.\u00a0<\/p>\n<p>\u200bHaberin Al\u0131nt\u0131land\u0131\u011f\u0131 Kaynak: www.iskenderun.org<\/p>","protected":false},"excerpt":{"rendered":"<p>Meme Kanseri Fark\u0131ndal\u0131k Ay\u0131 kapsam\u0131nda, \u00c7i\u011fli Belediyesi taraf\u0131ndan d\u00fczenlenen \u2018Meme Kanseri Fark\u0131ndal\u0131k Bulu\u015fmalar\u0131n\u0131n\u2019 ilk dura\u011f\u0131 e\u015f zamanl\u0131 olarak Sasal\u0131 ve \u015eirintepe Mahallelerinde yap\u0131ld\u0131. \u200bMeme Kanseri Fark\u0131ndal\u0131k Ay\u0131 kapsam\u0131nda, \u00c7i\u011fli Belediyesi taraf\u0131ndan d\u00fczenlenen \u2018Meme Kanseri Fark\u0131ndal\u0131k Bulu\u015fmalar\u0131n\u0131n\u2019 ilk dura\u011f\u0131 e\u015f zamanl\u0131 olarak Sasal\u0131 ve \u015eirintepe Mahallelerinde yap\u0131ld\u0131.\u00a0 \u200bHaberin Al\u0131nt\u0131land\u0131\u011f\u0131 Kaynak: www.iskenderun.org<\/p>","protected":false},"author":0,"featured_media":0,"comment_status":"open","ping_status":"open","sticky":false,"template":"","format":"standard","meta":{"_acf_changed":false,"footnotes":""},"categories":[24],"tags":[],"class_list":["post-2949","post","type-post","status-publish","format-standard","has-post-thumbnail","hentry","category-gundem"],"acf":[],"yoast_head":"<!-- This site is optimized with the Yoast SEO Premium plugin v26.6 (Yoast SEO v27.1.1) - https:\/\/yoast.com\/product\/yoast-seo-premium-wordpress\/ -->\n<title>\u2018Meme Kanseri Fark\u0131ndal\u0131k Bulu\u015fmalar\u0131\u2019 b\u00fcy\u00fck ilgi g\u00f6rd\u00fc - Av. Deniz Can K\u0131z\u0131l<\/title>\n<meta name=\"robots\" content=\"index, follow, max-snippet:-1, max-image-preview:large, max-video-preview:-1\" \/>\n<link rel=\"canonical\" href=\"http:\/\/denizcankizil.tr\/ru\/haberler\/gundem\/meme-kanseri-farkindalik-bulusmalari-buyuk-ilgi-gordu\/\" \/>\n<meta property=\"og:locale\" content=\"ru_RU\" \/>\n<meta property=\"og:type\" content=\"article\" \/>\n<meta property=\"og:title\" content=\"\u2018Meme Kanseri Fark\u0131ndal\u0131k Bulu\u015fmalar\u0131\u2019 b\u00fcy\u00fck ilgi g\u00f6rd\u00fc\" \/>\n<meta property=\"og:description\" content=\"Meme Kanseri Fark\u0131ndal\u0131k Ay\u0131 kapsam\u0131nda, \u00c7i\u011fli Belediyesi taraf\u0131ndan d\u00fczenlenen \u2018Meme Kanseri Fark\u0131ndal\u0131k Bulu\u015fmalar\u0131n\u0131n\u2019 ilk dura\u011f\u0131 e\u015f zamanl\u0131 olarak Sasal\u0131 ve \u015eirintepe Mahallelerinde yap\u0131ld\u0131. \u200bMeme Kanseri Fark\u0131ndal\u0131k Ay\u0131 kapsam\u0131nda, \u00c7i\u011fli Belediyesi taraf\u0131ndan d\u00fczenlenen \u2018Meme Kanseri Fark\u0131ndal\u0131k Bulu\u015fmalar\u0131n\u0131n\u2019 ilk dura\u011f\u0131 e\u015f zamanl\u0131 olarak Sasal\u0131 ve \u015eirintepe Mahallelerinde yap\u0131ld\u0131.\u00a0 \u200bHaberin Al\u0131nt\u0131land\u0131\u011f\u0131 Kaynak: www.iskenderun.org\" \/>\n<meta property=\"og:url\" content=\"http:\/\/denizcankizil.tr\/ru\/haberler\/gundem\/meme-kanseri-farkindalik-bulusmalari-buyuk-ilgi-gordu\/\" \/>\n<meta property=\"og:site_name\" content=\"Av. Deniz Can K\u0131z\u0131l\" \/>\n<meta property=\"article:published_time\" content=\"2024-10-15T16:59:37+00:00\" \/>\n<meta name=\"twitter:card\" content=\"summary_large_image\" \/>\n<script type=\"application\/ld+json\" class=\"yoast-schema-graph\">{\"@context\":\"https:\/\/schema.org\",\"@graph\":[{\"@type\":\"Article\",\"@id\":\"http:\/\/denizcankizil.tr\/ru\/haberler\/gundem\/meme-kanseri-farkindalik-bulusmalari-buyuk-ilgi-gordu\/#article\",\"isPartOf\":{\"@id\":\"http:\/\/denizcankizil.tr\/ru\/haberler\/gundem\/meme-kanseri-farkindalik-bulusmalari-buyuk-ilgi-gordu\/\"},\"author\":{\"name\":\"\",\"@id\":\"\"},\"headline\":\"\u2018Meme Kanseri Fark\u0131ndal\u0131k Bulu\u015fmalar\u0131\u2019 b\u00fcy\u00fck ilgi g\u00f6rd\u00fc\",\"datePublished\":\"2024-10-15T16:59:37+00:00\",\"mainEntityOfPage\":{\"@id\":\"http:\/\/denizcankizil.tr\/ru\/haberler\/gundem\/meme-kanseri-farkindalik-bulusmalari-buyuk-ilgi-gordu\/\"},\"wordCount\":91,\"commentCount\":0,\"publisher\":{\"@id\":\"https:\/\/denizcankizil.tr\/de\/#organization\"},\"articleSection\":[\"G\u00fcndem\"],\"inLanguage\":\"ru-RU\",\"potentialAction\":[{\"@type\":\"CommentAction\",\"name\":\"Comment\",\"target\":[\"http:\/\/denizcankizil.tr\/ru\/haberler\/gundem\/meme-kanseri-farkindalik-bulusmalari-buyuk-ilgi-gordu\/#respond\"]}]},{\"@type\":\"WebPage\",\"@id\":\"http:\/\/denizcankizil.tr\/ru\/haberler\/gundem\/meme-kanseri-farkindalik-bulusmalari-buyuk-ilgi-gordu\/\",\"url\":\"http:\/\/denizcankizil.tr\/ru\/haberler\/gundem\/meme-kanseri-farkindalik-bulusmalari-buyuk-ilgi-gordu\/\",\"name\":\"\u2018Meme Kanseri Fark\u0131ndal\u0131k Bulu\u015fmalar\u0131\u2019 b\u00fcy\u00fck ilgi g\u00f6rd\u00fc - Av. Deniz Can K\u0131z\u0131l\",\"isPartOf\":{\"@id\":\"https:\/\/denizcankizil.tr\/de\/#website\"},\"datePublished\":\"2024-10-15T16:59:37+00:00\",\"breadcrumb\":{\"@id\":\"http:\/\/denizcankizil.tr\/ru\/haberler\/gundem\/meme-kanseri-farkindalik-bulusmalari-buyuk-ilgi-gordu\/#breadcrumb\"},\"inLanguage\":\"ru-RU\",\"potentialAction\":[{\"@type\":\"ReadAction\",\"target\":[\"http:\/\/denizcankizil.tr\/ru\/haberler\/gundem\/meme-kanseri-farkindalik-bulusmalari-buyuk-ilgi-gordu\/\"]}]},{\"@type\":\"BreadcrumbList\",\"@id\":\"http:\/\/denizcankizil.tr\/ru\/haberler\/gundem\/meme-kanseri-farkindalik-bulusmalari-buyuk-ilgi-gordu\/#breadcrumb\",\"itemListElement\":[{\"@type\":\"ListItem\",\"position\":1,\"name\":\"Home\",\"item\":\"https:\/\/denizcankizil.tr\/de\/\"},{\"@type\":\"ListItem\",\"position\":2,\"name\":\"\u2018Meme Kanseri Fark\u0131ndal\u0131k Bulu\u015fmalar\u0131\u2019 b\u00fcy\u00fck ilgi g\u00f6rd\u00fc\"}]},{\"@type\":\"WebSite\",\"@id\":\"https:\/\/denizcankizil.tr\/de\/#website\",\"url\":\"https:\/\/denizcankizil.tr\/de\/\",\"name\":\"Av. Deniz Can K\u0131z\u0131l\",\"description\":\"Avukat Deniz Can K\u0131z\u0131l Antalya Barosu\",\"publisher\":{\"@id\":\"https:\/\/denizcankizil.tr\/de\/#organization\"},\"potentialAction\":[{\"@type\":\"SearchAction\",\"target\":{\"@type\":\"EntryPoint\",\"urlTemplate\":\"https:\/\/denizcankizil.tr\/de\/?s={search_term_string}\"},\"query-input\":{\"@type\":\"PropertyValueSpecification\",\"valueRequired\":true,\"valueName\":\"search_term_string\"}}],\"inLanguage\":\"ru-RU\"},{\"@type\":\"Organization\",\"@id\":\"https:\/\/denizcankizil.tr\/de\/#organization\",\"name\":\"Av. Deniz Can K\u0131z\u0131l\",\"url\":\"https:\/\/denizcankizil.tr\/de\/\",\"logo\":{\"@type\":\"ImageObject\",\"inLanguage\":\"ru-RU\",\"@id\":\"https:\/\/denizcankizil.tr\/de\/#\/schema\/logo\/image\/\",\"url\":\"http:\/\/denizcankizil.tr\/wp-content\/uploads\/2024\/10\/siyah-logo-svg.svg\",\"contentUrl\":\"http:\/\/denizcankizil.tr\/wp-content\/uploads\/2024\/10\/siyah-logo-svg.svg\",\"width\":1080,\"height\":1080,\"caption\":\"Av. Deniz Can K\u0131z\u0131l\"},\"image\":{\"@id\":\"https:\/\/denizcankizil.tr\/de\/#\/schema\/logo\/image\/\"}}]}<\/script>\n<!-- \/ Yoast SEO Premium plugin. -->","yoast_head_json":{"title":"\u2018Meme Kanseri Fark\u0131ndal\u0131k Bulu\u015fmalar\u0131\u2019 b\u00fcy\u00fck ilgi g\u00f6rd\u00fc - Av. Deniz Can K\u0131z\u0131l","robots":{"index":"index","follow":"follow","max-snippet":"max-snippet:-1","max-image-preview":"max-image-preview:large","max-video-preview":"max-video-preview:-1"},"canonical":"http:\/\/denizcankizil.tr\/ru\/haberler\/gundem\/meme-kanseri-farkindalik-bulusmalari-buyuk-ilgi-gordu\/","og_locale":"ru_RU","og_type":"article","og_title":"\u2018Meme Kanseri Fark\u0131ndal\u0131k Bulu\u015fmalar\u0131\u2019 b\u00fcy\u00fck ilgi g\u00f6rd\u00fc","og_description":"Meme Kanseri Fark\u0131ndal\u0131k Ay\u0131 kapsam\u0131nda, \u00c7i\u011fli Belediyesi taraf\u0131ndan d\u00fczenlenen \u2018Meme Kanseri Fark\u0131ndal\u0131k Bulu\u015fmalar\u0131n\u0131n\u2019 ilk dura\u011f\u0131 e\u015f zamanl\u0131 olarak Sasal\u0131 ve \u015eirintepe Mahallelerinde yap\u0131ld\u0131. \u200bMeme Kanseri Fark\u0131ndal\u0131k Ay\u0131 kapsam\u0131nda, \u00c7i\u011fli Belediyesi taraf\u0131ndan d\u00fczenlenen \u2018Meme Kanseri Fark\u0131ndal\u0131k Bulu\u015fmalar\u0131n\u0131n\u2019 ilk dura\u011f\u0131 e\u015f zamanl\u0131 olarak Sasal\u0131 ve \u015eirintepe Mahallelerinde yap\u0131ld\u0131.\u00a0 \u200bHaberin Al\u0131nt\u0131land\u0131\u011f\u0131 Kaynak: www.iskenderun.org","og_url":"http:\/\/denizcankizil.tr\/ru\/haberler\/gundem\/meme-kanseri-farkindalik-bulusmalari-buyuk-ilgi-gordu\/","og_site_name":"Av. Deniz Can K\u0131z\u0131l","article_published_time":"2024-10-15T16:59:37+00:00","twitter_card":"summary_large_image","schema":{"@context":"https:\/\/schema.org","@graph":[{"@type":"Article","@id":"http:\/\/denizcankizil.tr\/ru\/haberler\/gundem\/meme-kanseri-farkindalik-bulusmalari-buyuk-ilgi-gordu\/#article","isPartOf":{"@id":"http:\/\/denizcankizil.tr\/ru\/haberler\/gundem\/meme-kanseri-farkindalik-bulusmalari-buyuk-ilgi-gordu\/"},"author":{"name":"","@id":""},"headline":"\u2018Meme Kanseri Fark\u0131ndal\u0131k Bulu\u015fmalar\u0131\u2019 b\u00fcy\u00fck ilgi g\u00f6rd\u00fc","datePublished":"2024-10-15T16:59:37+00:00","mainEntityOfPage":{"@id":"http:\/\/denizcankizil.tr\/ru\/haberler\/gundem\/meme-kanseri-farkindalik-bulusmalari-buyuk-ilgi-gordu\/"},"wordCount":91,"commentCount":0,"publisher":{"@id":"https:\/\/denizcankizil.tr\/de\/#organization"},"articleSection":["G\u00fcndem"],"inLanguage":"ru-RU","potentialAction":[{"@type":"CommentAction","name":"Comment","target":["http:\/\/denizcankizil.tr\/ru\/haberler\/gundem\/meme-kanseri-farkindalik-bulusmalari-buyuk-ilgi-gordu\/#respond"]}]},{"@type":"WebPage","@id":"http:\/\/denizcankizil.tr\/ru\/haberler\/gundem\/meme-kanseri-farkindalik-bulusmalari-buyuk-ilgi-gordu\/","url":"http:\/\/denizcankizil.tr\/ru\/haberler\/gundem\/meme-kanseri-farkindalik-bulusmalari-buyuk-ilgi-gordu\/","name":"\u2018Meme Kanseri Fark\u0131ndal\u0131k Bulu\u015fmalar\u0131\u2019 b\u00fcy\u00fck ilgi g\u00f6rd\u00fc - Av. Deniz Can K\u0131z\u0131l","isPartOf":{"@id":"https:\/\/denizcankizil.tr\/de\/#website"},"datePublished":"2024-10-15T16:59:37+00:00","breadcrumb":{"@id":"http:\/\/denizcankizil.tr\/ru\/haberler\/gundem\/meme-kanseri-farkindalik-bulusmalari-buyuk-ilgi-gordu\/#breadcrumb"},"inLanguage":"ru-RU","potentialAction":[{"@type":"ReadAction","target":["http:\/\/denizcankizil.tr\/ru\/haberler\/gundem\/meme-kanseri-farkindalik-bulusmalari-buyuk-ilgi-gordu\/"]}]},{"@type":"BreadcrumbList","@id":"http:\/\/denizcankizil.tr\/ru\/haberler\/gundem\/meme-kanseri-farkindalik-bulusmalari-buyuk-ilgi-gordu\/#breadcrumb","itemListElement":[{"@type":"ListItem","position":1,"name":"Home","item":"https:\/\/denizcankizil.tr\/de\/"},{"@type":"ListItem","position":2,"name":"\u2018Meme Kanseri Fark\u0131ndal\u0131k Bulu\u015fmalar\u0131\u2019 b\u00fcy\u00fck ilgi g\u00f6rd\u00fc"}]},{"@type":"WebSite","@id":"https:\/\/denizcankizil.tr\/de\/#website","url":"https:\/\/denizcankizil.tr\/de\/","name":"Av. Deniz Can K\u0131z\u0131l","description":"Avukat Deniz Can K\u0131z\u0131l Antalya Barosu","publisher":{"@id":"https:\/\/denizcankizil.tr\/de\/#organization"},"potentialAction":[{"@type":"SearchAction","target":{"@type":"EntryPoint","urlTemplate":"https:\/\/denizcankizil.tr\/de\/?s={search_term_string}"},"query-input":{"@type":"PropertyValueSpecification","valueRequired":true,"valueName":"search_term_string"}}],"inLanguage":"ru-RU"},{"@type":"Organization","@id":"https:\/\/denizcankizil.tr\/de\/#organization","name":"Av. Deniz Can K\u0131z\u0131l","url":"https:\/\/denizcankizil.tr\/de\/","logo":{"@type":"ImageObject","inLanguage":"ru-RU","@id":"https:\/\/denizcankizil.tr\/de\/#\/schema\/logo\/image\/","url":"http:\/\/denizcankizil.tr\/wp-content\/uploads\/2024\/10\/siyah-logo-svg.svg","contentUrl":"http:\/\/denizcankizil.tr\/wp-content\/uploads\/2024\/10\/siyah-logo-svg.svg","width":1080,"height":1080,"caption":"Av. Deniz Can K\u0131z\u0131l"},"image":{"@id":"https:\/\/denizcankizil.tr\/de\/#\/schema\/logo\/image\/"}}]}},"_links":{"self":[{"href":"http:\/\/denizcankizil.tr\/ru\/wp-json\/wp\/v2\/posts\/2949","targetHints":{"allow":["GET"]}}],"collection":[{"href":"http:\/\/denizcankizil.tr\/ru\/wp-json\/wp\/v2\/posts"}],"about":[{"href":"http:\/\/denizcankizil.tr\/ru\/wp-json\/wp\/v2\/types\/post"}],"replies":[{"embeddable":true,"href":"http:\/\/denizcankizil.tr\/ru\/wp-json\/wp\/v2\/comments?post=2949"}],"version-history":[{"count":0,"href":"http:\/\/denizcankizil.tr\/ru\/wp-json\/wp\/v2\/posts\/2949\/revisions"}],"wp:attachment":[{"href":"http:\/\/denizcankizil.tr\/ru\/wp-json\/wp\/v2\/media?parent=2949"}],"wp:term":[{"taxonomy":"category","embeddable":true,"href":"http:\/\/denizcankizil.tr\/ru\/wp-json\/wp\/v2\/categories?post=2949"},{"taxonomy":"post_tag","embeddable":true,"href":"http:\/\/denizcankizil.tr\/ru\/wp-json\/wp\/v2\/tags?post=2949"}],"curies":[{"name":"wp","href":"https:\/\/api.w.org\/{rel}","templated":true}]}}