{"id":28711,"date":"2025-01-30T13:41:50","date_gmt":"2025-01-30T10:41:50","guid":{"rendered":"https:\/\/denizcankizil.tr\/uncategorized-tr\/baskan-zeyrek-manisada-is-insanlariyla-bulustu\/"},"modified":"2025-01-30T13:41:50","modified_gmt":"2025-01-30T10:41:50","slug":"baskan-zeyrek-manisada-is-insanlariyla-bulustu","status":"publish","type":"post","link":"http:\/\/denizcankizil.tr\/ru\/haberler\/gundem\/baskan-zeyrek-manisada-is-insanlariyla-bulustu\/","title":{"rendered":"Ba\u015fkan Zeyrek Manisa&#8217;da i\u015f insanlar\u0131yla bulu\u015ftu"},"content":{"rendered":"<p>Manisa B\u00fcy\u00fck\u015fehir Belediye Ba\u015fkan\u0131 Mimar Ferdi Zeyrek, Manisa Ticaret ve Sanayi Odas\u0131\u2019n\u0131n (Manisa TSO) ayl\u0131k ola\u011fan meclis toplant\u0131s\u0131na kat\u0131larak, i\u015f insanlar\u0131yla bir araya geldi. Manisa B\u00fcy\u00fck\u015fehir Belediyesi\u2019nin hizmetleri ve projelerini anlatan Ba\u015fkan Zeyrek\u2019e Manisa TSO Ba\u015fkan\u0131 Mehmet Y\u0131lmaz\u2019dan \u00f6vg\u00fc geldi. Y\u0131lmaz, \u201cEskiden muhatap bulam\u0131yorduk, art\u0131k muhatab\u0131m\u0131z var\u201d dedi.MAN\u0130SA (\u0130GFA) &#8211;\u00a0Manisa B\u00fcy\u00fck\u015fehir Belediyesi\u2019nin hizmetleri hakk\u0131nda bilgiler veren Ba\u015fkan Ferdi Zeyrek, sosyal belediyecilik anlay\u0131\u015f\u0131yla \u00f6nemli projeler hayata ge\u00e7irdiklerini belirterek, halk ekmek b\u00fcfelerini yayg\u0131nla\u015ft\u0131rmay\u0131, halk mand\u0131ralar\u0131 ile kent lokantas\u0131 say\u0131s\u0131n\u0131 art\u0131rmay\u0131 hedeflediklerini s\u00f6yledi. Zeyrek, 7 bin 500 ki\u015fiye ula\u015fan Anne Kart, Ho\u015f geldin Bebek, G\u00fcnayd\u0131n \u00c7orbas\u0131, Alzheimer hastalar\u0131 i\u00e7in takip bilekli\u011fi, g\u00fcnd\u00fcz bak\u0131m kamp\u00fcs\u00fc gibi hayata ge\u00e7en ya da \u00fczerinde \u00e7al\u0131\u015f\u0131lan projeler hakk\u0131nda da meclisi bilgilendirdi.<br \/>\n\u00dcreticilere Destek Devam Ediyor<br \/>\nBug\u00fcne kadar tar\u0131m sekt\u00f6r\u00fcne ve \u00fcreticilere destek olduklar\u0131n\u0131, yeni projeler ile de deste\u011fe devam edeceklerini ifade eden Ferdi Zeyrek, kooperatiflerle toplant\u0131lar yapt\u0131klar\u0131n\u0131 belirterek, \u201c50 d\u00f6n\u00fcm alt\u0131ndaki \u00fcreticilere tohum deste\u011fi verdik. Salihli\u2019de \u00fccretsiz toprak analizi yapaca\u011f\u0131z. \u00dcretim tesisleri kurarak \u00fcr\u00fcnleri katma de\u011ferli hale getirece\u011fimiz projeleri kooperatiflerimizle birlikte hayat ge\u00e7irece\u011fiz\u201d dedi.\u00a0<br \/>\n\u201cManisa merkezi OSB s\u00fcrecini doldurdu\u201d<br \/>\nYeni sanayi alanlar\u0131n\u0131n olu\u015fturulmas\u0131 \u00e7al\u0131\u015fmalar\u0131na de\u011finen Ba\u015fkan Zeyrek, sanayi alanlar\u0131n\u0131n Manisa merkezde yo\u011funla\u015ft\u0131\u011f\u0131n\u0131 ve art\u0131k yeni alanlara ihtiya\u00e7 duyuldu\u011funu s\u00f6yledi. Zeyrek, \u201cMerkezin organize sanayi b\u00f6lgesi (OSB) alanlar\u0131n\u0131n s\u00fcrecini doldurdu\u011funu d\u00fc\u015f\u00fcn\u00fcyorum.<br \/>\nManisa merkezde bu alanlar\u0131 tutmay\u0131 uygun bulmuyorum. Bu alanlar\u0131n 17 il\u00e7eyi kapsamas\u0131ndan yanay\u0131m. Bir lojistik merkezi kurarak da\u011f\u0131l\u0131m\u0131 sa\u011flamal\u0131y\u0131z. Yeni d\u00fczenlemeleri sizlerle birlikte yapmak istiyoruz. Alt yap\u0131 ve planlamalar\u0131 birlikte yapal\u0131m. Kooperatiflerimiz gelsinler sizlere, \u00e7al\u0131\u015fs\u0131nlar. \u015eehrin i\u00e7inde kalm\u0131\u015f kooperatiflere yer bulmaya \u00e7al\u0131\u015f\u0131yorum\u201d diyerek, yeni alanlar olu\u015fturulmas\u0131 konusunda \u00e7al\u0131\u015fmalar\u0131n s\u00fcrd\u00fc\u011f\u00fcn\u00fc kaydetti.<br \/>\n\u201cBen bu \u015fehirde ya\u015famak istiyorum\u201d<br \/>\nKoltuklar\u0131n gelip ge\u00e7ici oldu\u011funu vurgulayan ve kentin imar sorunlar\u0131na da de\u011finen Zeyrek, t\u00fcm s\u00fcre\u00e7lerin \u015feffafl\u0131kla y\u00fcr\u00fcyece\u011finin alt\u0131n\u0131 \u00e7izdi. Zeyrek, \u201cBen bu \u015fehirde ya\u015famak istiyorum. G\u00f6revim bittikten sonra da Manisa\u2019da olaca\u011f\u0131m. Bir\u00e7ok ki\u015finin arsas\u0131 vard\u0131r. \u0130mar yap\u0131l\u0131yorsa, herkese e\u015fit bir \u015fekilde yap\u0131lacak. \u0130mardan biri ne kadar faydalan\u0131yorsa herkes o kadar faydalanacak. Birine az birine \u00e7ok olmayacak\u201d diye konu\u015ftu.<br \/>\nManisa\u2019n\u0131n otopark ihtiyac\u0131na da de\u011finen Ba\u015fkan Zeyrek, \u201c5 noktada acil otopark projeleri planl\u0131yoruz. Saruhan Otel kav\u015fa\u011f\u0131 ve farkl\u0131 noktalarda batt\u0131-\u00e7\u0131kt\u0131 projeleri \u00fczerinde \u00e7al\u0131\u015f\u0131yoruz. Alt yap\u0131 hizmetlerini aksatmadan s\u00fcrd\u00fcrece\u011fiz.<br \/>\nBelediye ba\u015fkanlar\u0131 alt yap\u0131ya hizmet yapmay\u0131 sevmez, g\u00f6r\u00fcnmedikleri i\u00e7in. \u0130htiyac\u0131 olan yerlere de alt yap\u0131y\u0131 yapmamak bana koltu\u011fa ihanet olarak geliyor. Alt yap\u0131y\u0131 yenilemeyi ve otopark alanlar\u0131n\u0131 yapmay\u0131 d\u00fc\u015f\u00fcn\u00fcyorum. B\u00fcy\u00fck\u015fehir Belediyesi olarak biz i\u015f birli\u011fine haz\u0131r\u0131z. Kurumlar aras\u0131 ileti\u015fimi sa\u011flayaca\u011f\u0131z. Ortak ak\u0131l ile bu \u015fehri y\u00f6netmek istiyorum. Katk\u0131 sunanlar ile birlikte y\u00fcr\u00fcr\u00fcz. \u015eehre uygun g\u00f6rd\u00fc\u011f\u00fcn\u00fcz projeleri bizimle payla\u015f\u0131n\u201d dedi.<br \/>\n\u201cManisa\u2019y\u0131 dijitale ta\u015f\u0131mak istiyoruz\u201d<br \/>\nManisa\u2019y\u0131 dijitale ta\u015f\u0131mak istediklerini de dile getiren Zeyrek, UNESCO Yarat\u0131c\u0131 \u015eehirler Alan\u0131\u2019na ba\u015fvuruda bulunacaklar\u0131n\u0131, Manisa\u2019y\u0131 sineman\u0131n odak noktas\u0131 haline getirme amac\u0131yla farkl\u0131 \u00e7al\u0131\u015fmalar y\u00fcr\u00fctt\u00fcklerini s\u00f6yledi. Turizm alan\u0131nda da bir\u00e7ok \u00e7al\u0131\u015fmalar\u0131 oldu\u011funu vurgulayan Ba\u015fkan Zeyrek, \u201c\u0130zmir\u2019de turizm fuar\u0131na kat\u0131ld\u0131k. Oradaki en g\u00fczel stant olarak Manisa se\u00e7ildi. \u0130stanbul\u2019da EMIT Fuar\u0131\u2019na kat\u0131l\u0131yoruz. Manisa i\u00e7in gezi ve gastronomi rotalar\u0131 olu\u015fturuyoruz. Turizme y\u00f6nelik internet sitesi olu\u015fturuyoruz\u201d diyerek yap\u0131lanlar\u0131 anlatt\u0131.<br \/>\nToplu Ula\u015f\u0131m Projeleri<br \/>\nManisa\u2019daki servis ta\u015f\u0131mac\u0131l\u0131\u011f\u0131nda trafi\u011fi rahatlatmak ad\u0131na Devlet Demir Yollar\u0131\u2019ndan hat istediklerini, bu hat ile belirli bir noktaya kadar fabrika \u00e7al\u0131\u015fanlar\u0131n\u0131 rayl\u0131 hat \u00fczerinden ta\u015f\u0131may\u0131, trafi\u011fin rahatlad\u0131\u011f\u0131 b\u00f6lgede de bir ara garaj ile fabrika \u00e7al\u0131\u015fanlar\u0131n\u0131 servislere y\u00f6nlendirme \u00fczerine bir plan \u00fczerinde \u00e7al\u0131\u015ft\u0131klar\u0131n\u0131 s\u00f6yleyen Ferdi Zeyrek, \u201cHatt\u0131n verilmemesi halinde iki alternatif olarak, troleyb\u00fcs veya tramvay fikri \u00fczerinde \u00e7al\u0131\u015f\u0131yoruz\u201d diyerek toplu ula\u015f\u0131m projeleri hakk\u0131nda bilgi verdi.<br \/>\nTar\u0131mda Ar\u0131t\u0131lm\u0131\u015f Su Kullan\u0131lacak<br \/>\n\u0130\u00e7me suyunun y\u00fczde 70\u2019inin tar\u0131msal sulamada kullan\u0131ld\u0131\u011f\u0131n\u0131 vurgulayan Ba\u015fkan Zeyrek, Sar\u0131g\u00f6l\u2019de, suyu ar\u0131tarak tar\u0131mda kullanmak i\u00e7in \u00e7al\u0131\u015fma ba\u015flatt\u0131klar\u0131n\u0131 s\u00f6yledi. Ba\u015fkan Zeyrek \u015f\u00f6yle konu\u015ftu, \u201c21 ar\u0131tma tesisimiz var. 20\u2019sinde ileri biyolojik ar\u0131tma yap\u0131yoruz. 3 ay i\u00e7inde ar\u0131t\u0131lm\u0131\u015f suyu tar\u0131mda kullanmaya ba\u015flayaca\u011f\u0131z. B\u00f6ylece Gediz\u2019e bo\u015f yere su salmak yerine, \u00fcreticilerimize katk\u0131 sa\u011flayaca\u011f\u0131z\u201d dedi.\u00a0<br \/>\nBa\u015fkan Zeyrek\u2019e Te\u015fekk\u00fcrlerini \u0130letti<br \/>\nManisa TSO Ba\u015fkan\u0131 Mehmet Y\u0131lmaz toplant\u0131da yapt\u0131\u011f\u0131 konu\u015fmada Manisa B\u00fcy\u00fck\u015fehir Belediye Ba\u015fkan\u0131 Ferdi Zeyrek\u2019e kat\u0131l\u0131m\u0131 nedeniyle te\u015fekk\u00fcrlerini iletti. Ba\u015fkan Y\u0131lmaz, \u201cManisa Avrupa\u2019n\u0131n en m\u00fckemmel organize sanayi b\u00f6lgesine ev sahipli\u011fi yapan bir \u015fehir. Kadim bir \u015fehir. Bu \u015fehirde ya\u015faman\u0131n bir bedeli olmas\u0131 gerekiyor. \u015eehrin de bir de\u011feri olmas\u0131 gerekiyor. Manisa\u2019da biz bir aileyiz. Bug\u00fcn bir tarih yazd\u0131n\u0131z. \u0130lk defa B\u00fcy\u00fck\u015fehir Belediye Ba\u015fkan\u0131 ve t\u00fcm \u00fcst d\u00fczey kadrosuyla bizleri \u015fereflendirdiniz, onurland\u0131rd\u0131n\u0131z. Manisa\u2019n\u0131n y\u0131llard\u0131r bekledi\u011fi bir tablo. Bu tabloyu geni\u015fletme noktas\u0131nda hemfikiriz. Bu meclis 18 bin 700 \u00fcyeyi temsil eden Manisa\u2019n\u0131n t\u00fcm iktisadi hayat\u0131na y\u00f6n veren sanayicisi, \u00fcreticisi, taciri, t\u00fcccar\u0131ndan olu\u015fan bir meclis. Buras\u0131 karma bir meclis. Sizin b\u00fcy\u00fck\u015fehir belediye ba\u015fkanl\u0131\u011f\u0131 yapt\u0131\u011f\u0131n\u0131z bir d\u00f6nemde Manisa bir \u00f6rnek olacak. G\u00f6reve ne kadar devam ederseniz, Manisa o kadar modern bir \u015fehir olma yolunda ilerleyecektir. Bu duygu ve d\u00fc\u015f\u00fcnceyi ta\u015f\u0131yoruz. Sorunlar\u0131m\u0131z ve \u00e7\u00f6z\u00fcmlerimiz var. Eskiden muhatap bulam\u0131yorduk, art\u0131k muhatab\u0131m\u0131z var. Bizlere vakit ay\u0131rd\u0131\u011f\u0131n\u0131z i\u00e7in te\u015fekk\u00fcr ediyorum\u201d dedi.<br \/>\nSorular\u0131n ard\u0131ndan Manisa TSO Ba\u015fkan\u0131 Mehmet Y\u0131lmaz, Manisa B\u00fcy\u00fck\u015fehir Belediye Ba\u015fkan\u0131 Ferdi Zeyrek\u2019e kat\u0131l\u0131mlar\u0131ndan dolay\u0131 te\u015fekk\u00fcrlerini iletti, hediye takdiminde bulundu. G\u00fcn\u00fcn an\u0131s\u0131na t\u00fcm meclis \u00fcyelerinin kat\u0131l\u0131m\u0131yla birlikte hat\u0131ra foto\u011fraf\u0131 \u00e7ektirilmesinin ard\u0131ndan program sonland\u0131.<\/p>\n<p>\u200bManisa B\u00fcy\u00fck\u015fehir Belediye Ba\u015fkan\u0131 Mimar Ferdi Zeyrek, Manisa Ticaret ve Sanayi Odas\u0131\u2019n\u0131n (Manisa TSO) ayl\u0131k ola\u011fan meclis toplant\u0131s\u0131na kat\u0131larak, i\u015f insanlar\u0131yla bir araya geldi. Manisa B\u00fcy\u00fck\u015fehir Belediyesi\u2019nin hizmetleri ve projelerini anlatan Ba\u015fkan Zeyrek\u2019e Manisa TSO Ba\u015fkan\u0131 Mehmet Y\u0131lmaz\u2019dan \u00f6vg\u00fc geldi. Y\u0131lmaz, \u201cEskiden muhatap bulam\u0131yorduk, art\u0131k muhatab\u0131m\u0131z var\u201d dedi.MAN\u0130SA (\u0130GFA) &#8211;\u00a0Manisa B\u00fcy\u00fck\u015fehir Belediyesi\u2019nin hizmetleri hakk\u0131nda bilgiler veren Ba\u015fkan Ferdi Zeyrek, sosyal belediyecilik anlay\u0131\u015f\u0131yla \u00f6nemli projeler hayata ge\u00e7irdiklerini belirterek, halk ekmek b\u00fcfelerini yayg\u0131nla\u015ft\u0131rmay\u0131, halk mand\u0131ralar\u0131 ile kent lokantas\u0131 say\u0131s\u0131n\u0131 art\u0131rmay\u0131 hedeflediklerini s\u00f6yledi. Zeyrek, 7 bin 500 ki\u015fiye ula\u015fan Anne Kart, Ho\u015f geldin Bebek, G\u00fcnayd\u0131n \u00c7orbas\u0131, Alzheimer hastalar\u0131 i\u00e7in takip bilekli\u011fi, g\u00fcnd\u00fcz bak\u0131m kamp\u00fcs\u00fc gibi hayata ge\u00e7en ya da \u00fczerinde \u00e7al\u0131\u015f\u0131lan projeler hakk\u0131nda da meclisi bilgilendirdi.<br \/>\n\u00dcreticilere Destek Devam Ediyor<br \/>\nBug\u00fcne kadar tar\u0131m sekt\u00f6r\u00fcne ve \u00fcreticilere destek olduklar\u0131n\u0131, yeni projeler ile de deste\u011fe devam edeceklerini ifade eden Ferdi Zeyrek, kooperatiflerle toplant\u0131lar yapt\u0131klar\u0131n\u0131 belirterek, \u201c50 d\u00f6n\u00fcm alt\u0131ndaki \u00fcreticilere tohum deste\u011fi verdik. Salihli\u2019de \u00fccretsiz toprak analizi yapaca\u011f\u0131z. \u00dcretim tesisleri kurarak \u00fcr\u00fcnleri katma de\u011ferli hale getirece\u011fimiz projeleri kooperatiflerimizle birlikte hayat ge\u00e7irece\u011fiz\u201d dedi.\u00a0<br \/>\n\u201cManisa merkezi OSB s\u00fcrecini doldurdu\u201d<br \/>\nYeni sanayi alanlar\u0131n\u0131n olu\u015fturulmas\u0131 \u00e7al\u0131\u015fmalar\u0131na de\u011finen Ba\u015fkan Zeyrek, sanayi alanlar\u0131n\u0131n Manisa merkezde yo\u011funla\u015ft\u0131\u011f\u0131n\u0131 ve art\u0131k yeni alanlara ihtiya\u00e7 duyuldu\u011funu s\u00f6yledi. Zeyrek, \u201cMerkezin organize sanayi b\u00f6lgesi (OSB) alanlar\u0131n\u0131n s\u00fcrecini doldurdu\u011funu d\u00fc\u015f\u00fcn\u00fcyorum.<br \/>\nManisa merkezde bu alanlar\u0131 tutmay\u0131 uygun bulmuyorum. Bu alanlar\u0131n 17 il\u00e7eyi kapsamas\u0131ndan yanay\u0131m. Bir lojistik merkezi kurarak da\u011f\u0131l\u0131m\u0131 sa\u011flamal\u0131y\u0131z. Yeni d\u00fczenlemeleri sizlerle birlikte yapmak istiyoruz. Alt yap\u0131 ve planlamalar\u0131 birlikte yapal\u0131m. Kooperatiflerimiz gelsinler sizlere, \u00e7al\u0131\u015fs\u0131nlar. \u015eehrin i\u00e7inde kalm\u0131\u015f kooperatiflere yer bulmaya \u00e7al\u0131\u015f\u0131yorum\u201d diyerek, yeni alanlar olu\u015fturulmas\u0131 konusunda \u00e7al\u0131\u015fmalar\u0131n s\u00fcrd\u00fc\u011f\u00fcn\u00fc kaydetti.<br \/>\n\u201cBen bu \u015fehirde ya\u015famak istiyorum\u201d<br \/>\nKoltuklar\u0131n gelip ge\u00e7ici oldu\u011funu vurgulayan ve kentin imar sorunlar\u0131na da de\u011finen Zeyrek, t\u00fcm s\u00fcre\u00e7lerin \u015feffafl\u0131kla y\u00fcr\u00fcyece\u011finin alt\u0131n\u0131 \u00e7izdi. Zeyrek, \u201cBen bu \u015fehirde ya\u015famak istiyorum. G\u00f6revim bittikten sonra da Manisa\u2019da olaca\u011f\u0131m. Bir\u00e7ok ki\u015finin arsas\u0131 vard\u0131r. \u0130mar yap\u0131l\u0131yorsa, herkese e\u015fit bir \u015fekilde yap\u0131lacak. \u0130mardan biri ne kadar faydalan\u0131yorsa herkes o kadar faydalanacak. Birine az birine \u00e7ok olmayacak\u201d diye konu\u015ftu.<br \/>\nManisa\u2019n\u0131n otopark ihtiyac\u0131na da de\u011finen Ba\u015fkan Zeyrek, \u201c5 noktada acil otopark projeleri planl\u0131yoruz. Saruhan Otel kav\u015fa\u011f\u0131 ve farkl\u0131 noktalarda batt\u0131-\u00e7\u0131kt\u0131 projeleri \u00fczerinde \u00e7al\u0131\u015f\u0131yoruz. Alt yap\u0131 hizmetlerini aksatmadan s\u00fcrd\u00fcrece\u011fiz.<br \/>\nBelediye ba\u015fkanlar\u0131 alt yap\u0131ya hizmet yapmay\u0131 sevmez, g\u00f6r\u00fcnmedikleri i\u00e7in. \u0130htiyac\u0131 olan yerlere de alt yap\u0131y\u0131 yapmamak bana koltu\u011fa ihanet olarak geliyor. Alt yap\u0131y\u0131 yenilemeyi ve otopark alanlar\u0131n\u0131 yapmay\u0131 d\u00fc\u015f\u00fcn\u00fcyorum. B\u00fcy\u00fck\u015fehir Belediyesi olarak biz i\u015f birli\u011fine haz\u0131r\u0131z. Kurumlar aras\u0131 ileti\u015fimi sa\u011flayaca\u011f\u0131z. Ortak ak\u0131l ile bu \u015fehri y\u00f6netmek istiyorum. Katk\u0131 sunanlar ile birlikte y\u00fcr\u00fcr\u00fcz. \u015eehre uygun g\u00f6rd\u00fc\u011f\u00fcn\u00fcz projeleri bizimle payla\u015f\u0131n\u201d dedi.<br \/>\n\u201cManisa\u2019y\u0131 dijitale ta\u015f\u0131mak istiyoruz\u201d<br \/>\nManisa\u2019y\u0131 dijitale ta\u015f\u0131mak istediklerini de dile getiren Zeyrek, UNESCO Yarat\u0131c\u0131 \u015eehirler Alan\u0131\u2019na ba\u015fvuruda bulunacaklar\u0131n\u0131, Manisa\u2019y\u0131 sineman\u0131n odak noktas\u0131 haline getirme amac\u0131yla farkl\u0131 \u00e7al\u0131\u015fmalar y\u00fcr\u00fctt\u00fcklerini s\u00f6yledi. Turizm alan\u0131nda da bir\u00e7ok \u00e7al\u0131\u015fmalar\u0131 oldu\u011funu vurgulayan Ba\u015fkan Zeyrek, \u201c\u0130zmir\u2019de turizm fuar\u0131na kat\u0131ld\u0131k. Oradaki en g\u00fczel stant olarak Manisa se\u00e7ildi. \u0130stanbul\u2019da EMIT Fuar\u0131\u2019na kat\u0131l\u0131yoruz. Manisa i\u00e7in gezi ve gastronomi rotalar\u0131 olu\u015fturuyoruz. Turizme y\u00f6nelik internet sitesi olu\u015fturuyoruz\u201d diyerek yap\u0131lanlar\u0131 anlatt\u0131.<br \/>\nToplu Ula\u015f\u0131m Projeleri<br \/>\nManisa\u2019daki servis ta\u015f\u0131mac\u0131l\u0131\u011f\u0131nda trafi\u011fi rahatlatmak ad\u0131na Devlet Demir Yollar\u0131\u2019ndan hat istediklerini, bu hat ile belirli bir noktaya kadar fabrika \u00e7al\u0131\u015fanlar\u0131n\u0131 rayl\u0131 hat \u00fczerinden ta\u015f\u0131may\u0131, trafi\u011fin rahatlad\u0131\u011f\u0131 b\u00f6lgede de bir ara garaj ile fabrika \u00e7al\u0131\u015fanlar\u0131n\u0131 servislere y\u00f6nlendirme \u00fczerine bir plan \u00fczerinde \u00e7al\u0131\u015ft\u0131klar\u0131n\u0131 s\u00f6yleyen Ferdi Zeyrek, \u201cHatt\u0131n verilmemesi halinde iki alternatif olarak, troleyb\u00fcs veya tramvay fikri \u00fczerinde \u00e7al\u0131\u015f\u0131yoruz\u201d diyerek toplu ula\u015f\u0131m projeleri hakk\u0131nda bilgi verdi.<br \/>\nTar\u0131mda Ar\u0131t\u0131lm\u0131\u015f Su Kullan\u0131lacak<br \/>\n\u0130\u00e7me suyunun y\u00fczde 70\u2019inin tar\u0131msal sulamada kullan\u0131ld\u0131\u011f\u0131n\u0131 vurgulayan Ba\u015fkan Zeyrek, Sar\u0131g\u00f6l\u2019de, suyu ar\u0131tarak tar\u0131mda kullanmak i\u00e7in \u00e7al\u0131\u015fma ba\u015flatt\u0131klar\u0131n\u0131 s\u00f6yledi. Ba\u015fkan Zeyrek \u015f\u00f6yle konu\u015ftu, \u201c21 ar\u0131tma tesisimiz var. 20\u2019sinde ileri biyolojik ar\u0131tma yap\u0131yoruz. 3 ay i\u00e7inde ar\u0131t\u0131lm\u0131\u015f suyu tar\u0131mda kullanmaya ba\u015flayaca\u011f\u0131z. B\u00f6ylece Gediz\u2019e bo\u015f yere su salmak yerine, \u00fcreticilerimize katk\u0131 sa\u011flayaca\u011f\u0131z\u201d dedi.\u00a0<br \/>\nBa\u015fkan Zeyrek\u2019e Te\u015fekk\u00fcrlerini \u0130letti<br \/>\nManisa TSO Ba\u015fkan\u0131 Mehmet Y\u0131lmaz toplant\u0131da yapt\u0131\u011f\u0131 konu\u015fmada Manisa B\u00fcy\u00fck\u015fehir Belediye Ba\u015fkan\u0131 Ferdi Zeyrek\u2019e kat\u0131l\u0131m\u0131 nedeniyle te\u015fekk\u00fcrlerini iletti. Ba\u015fkan Y\u0131lmaz, \u201cManisa Avrupa\u2019n\u0131n en m\u00fckemmel organize sanayi b\u00f6lgesine ev sahipli\u011fi yapan bir \u015fehir. Kadim bir \u015fehir. Bu \u015fehirde ya\u015faman\u0131n bir bedeli olmas\u0131 gerekiyor. \u015eehrin de bir de\u011feri olmas\u0131 gerekiyor. Manisa\u2019da biz bir aileyiz. Bug\u00fcn bir tarih yazd\u0131n\u0131z. \u0130lk defa B\u00fcy\u00fck\u015fehir Belediye Ba\u015fkan\u0131 ve t\u00fcm \u00fcst d\u00fczey kadrosuyla bizleri \u015fereflendirdiniz, onurland\u0131rd\u0131n\u0131z. Manisa\u2019n\u0131n y\u0131llard\u0131r bekledi\u011fi bir tablo. Bu tabloyu geni\u015fletme noktas\u0131nda hemfikiriz. Bu meclis 18 bin 700 \u00fcyeyi temsil eden Manisa\u2019n\u0131n t\u00fcm iktisadi hayat\u0131na y\u00f6n veren sanayicisi, \u00fcreticisi, taciri, t\u00fcccar\u0131ndan olu\u015fan bir meclis. Buras\u0131 karma bir meclis. Sizin b\u00fcy\u00fck\u015fehir belediye ba\u015fkanl\u0131\u011f\u0131 yapt\u0131\u011f\u0131n\u0131z bir d\u00f6nemde Manisa bir \u00f6rnek olacak. G\u00f6reve ne kadar devam ederseniz, Manisa o kadar modern bir \u015fehir olma yolunda ilerleyecektir. Bu duygu ve d\u00fc\u015f\u00fcnceyi ta\u015f\u0131yoruz. Sorunlar\u0131m\u0131z ve \u00e7\u00f6z\u00fcmlerimiz var. Eskiden muhatap bulam\u0131yorduk, art\u0131k muhatab\u0131m\u0131z var. Bizlere vakit ay\u0131rd\u0131\u011f\u0131n\u0131z i\u00e7in te\u015fekk\u00fcr ediyorum\u201d dedi.<br \/>\nSorular\u0131n ard\u0131ndan Manisa TSO Ba\u015fkan\u0131 Mehmet Y\u0131lmaz, Manisa B\u00fcy\u00fck\u015fehir Belediye Ba\u015fkan\u0131 Ferdi Zeyrek\u2019e kat\u0131l\u0131mlar\u0131ndan dolay\u0131 te\u015fekk\u00fcrlerini iletti, hediye takdiminde bulundu. G\u00fcn\u00fcn an\u0131s\u0131na t\u00fcm meclis \u00fcyelerinin kat\u0131l\u0131m\u0131yla birlikte hat\u0131ra foto\u011fraf\u0131 \u00e7ektirilmesinin ard\u0131ndan program sonland\u0131.\u00a0<\/p>\n<p>\u200bHaberin Al\u0131nt\u0131land\u0131\u011f\u0131 Kaynak: www.iskenderun.org<\/p>","protected":false},"excerpt":{"rendered":"<p>Manisa B\u00fcy\u00fck\u015fehir Belediye Ba\u015fkan\u0131 Mimar Ferdi Zeyrek, Manisa Ticaret ve Sanayi Odas\u0131\u2019n\u0131n (Manisa TSO) ayl\u0131k ola\u011fan meclis toplant\u0131s\u0131na kat\u0131larak, i\u015f insanlar\u0131yla bir araya geldi. Manisa B\u00fcy\u00fck\u015fehir Belediyesi\u2019nin hizmetleri ve projelerini anlatan Ba\u015fkan Zeyrek\u2019e Manisa TSO Ba\u015fkan\u0131 Mehmet Y\u0131lmaz\u2019dan \u00f6vg\u00fc geldi. Y\u0131lmaz, \u201cEskiden muhatap bulam\u0131yorduk, art\u0131k muhatab\u0131m\u0131z var\u201d dedi.MAN\u0130SA (\u0130GFA) &#8211;\u00a0Manisa B\u00fcy\u00fck\u015fehir Belediyesi\u2019nin hizmetleri hakk\u0131nda bilgiler veren Ba\u015fkan Ferdi Zeyrek, sosyal belediyecilik anlay\u0131\u015f\u0131yla \u00f6nemli projeler hayata ge\u00e7irdiklerini belirterek, halk ekmek b\u00fcfelerini yayg\u0131nla\u015ft\u0131rmay\u0131, halk mand\u0131ralar\u0131 ile kent lokantas\u0131 say\u0131s\u0131n\u0131 art\u0131rmay\u0131 hedeflediklerini s\u00f6yledi. Zeyrek, 7 bin 500 ki\u015fiye ula\u015fan Anne Kart, Ho\u015f geldin Bebek, G\u00fcnayd\u0131n \u00c7orbas\u0131, Alzheimer hastalar\u0131 i\u00e7in takip bilekli\u011fi, g\u00fcnd\u00fcz bak\u0131m kamp\u00fcs\u00fc gibi hayata ge\u00e7en ya da \u00fczerinde \u00e7al\u0131\u015f\u0131lan projeler hakk\u0131nda da meclisi bilgilendirdi. \u00dcreticilere Destek Devam Ediyor Bug\u00fcne kadar tar\u0131m sekt\u00f6r\u00fcne ve \u00fcreticilere destek olduklar\u0131n\u0131, yeni projeler ile de deste\u011fe devam edeceklerini ifade eden Ferdi Zeyrek, kooperatiflerle toplant\u0131lar yapt\u0131klar\u0131n\u0131 belirterek, \u201c50 d\u00f6n\u00fcm alt\u0131ndaki \u00fcreticilere tohum deste\u011fi verdik. Salihli\u2019de \u00fccretsiz toprak analizi yapaca\u011f\u0131z. \u00dcretim tesisleri kurarak \u00fcr\u00fcnleri katma de\u011ferli hale getirece\u011fimiz projeleri kooperatiflerimizle birlikte hayat ge\u00e7irece\u011fiz\u201d dedi.\u00a0 \u201cManisa merkezi OSB s\u00fcrecini doldurdu\u201d Yeni sanayi alanlar\u0131n\u0131n olu\u015fturulmas\u0131 \u00e7al\u0131\u015fmalar\u0131na de\u011finen Ba\u015fkan Zeyrek, sanayi alanlar\u0131n\u0131n Manisa merkezde yo\u011funla\u015ft\u0131\u011f\u0131n\u0131 ve art\u0131k yeni alanlara ihtiya\u00e7 duyuldu\u011funu s\u00f6yledi. Zeyrek, \u201cMerkezin organize sanayi b\u00f6lgesi (OSB) alanlar\u0131n\u0131n s\u00fcrecini doldurdu\u011funu &hellip;<\/p>","protected":false},"author":1,"featured_media":0,"comment_status":"open","ping_status":"open","sticky":false,"template":"","format":"standard","meta":{"_acf_changed":false,"footnotes":""},"categories":[24],"tags":[],"class_list":["post-28711","post","type-post","status-publish","format-standard","has-post-thumbnail","hentry","category-gundem"],"acf":[],"yoast_head":"<!-- This site is optimized with the Yoast SEO Premium plugin v26.6 (Yoast SEO v27.1.1) - https:\/\/yoast.com\/product\/yoast-seo-premium-wordpress\/ -->\n<title>Ba\u015fkan Zeyrek Manisa&#039;da i\u015f insanlar\u0131yla bulu\u015ftu - Av. Deniz Can K\u0131z\u0131l<\/title>\n<meta name=\"robots\" content=\"index, follow, max-snippet:-1, max-image-preview:large, max-video-preview:-1\" \/>\n<link rel=\"canonical\" href=\"http:\/\/denizcankizil.tr\/ru\/haberler\/gundem\/baskan-zeyrek-manisada-is-insanlariyla-bulustu\/\" \/>\n<meta property=\"og:locale\" content=\"ru_RU\" \/>\n<meta property=\"og:type\" content=\"article\" \/>\n<meta property=\"og:title\" content=\"Ba\u015fkan Zeyrek Manisa&#039;da i\u015f insanlar\u0131yla bulu\u015ftu\" \/>\n<meta property=\"og:description\" content=\"Manisa B\u00fcy\u00fck\u015fehir Belediye Ba\u015fkan\u0131 Mimar Ferdi Zeyrek, Manisa Ticaret ve Sanayi Odas\u0131\u2019n\u0131n (Manisa TSO) ayl\u0131k ola\u011fan meclis toplant\u0131s\u0131na kat\u0131larak, i\u015f insanlar\u0131yla bir araya geldi. Manisa B\u00fcy\u00fck\u015fehir Belediyesi\u2019nin hizmetleri ve projelerini anlatan Ba\u015fkan Zeyrek\u2019e Manisa TSO Ba\u015fkan\u0131 Mehmet Y\u0131lmaz\u2019dan \u00f6vg\u00fc geldi. Y\u0131lmaz, \u201cEskiden muhatap bulam\u0131yorduk, art\u0131k muhatab\u0131m\u0131z var\u201d dedi.MAN\u0130SA (\u0130GFA) &#8211;\u00a0Manisa B\u00fcy\u00fck\u015fehir Belediyesi\u2019nin hizmetleri hakk\u0131nda bilgiler veren Ba\u015fkan Ferdi Zeyrek, sosyal belediyecilik anlay\u0131\u015f\u0131yla \u00f6nemli projeler hayata ge\u00e7irdiklerini belirterek, halk ekmek b\u00fcfelerini yayg\u0131nla\u015ft\u0131rmay\u0131, halk mand\u0131ralar\u0131 ile kent lokantas\u0131 say\u0131s\u0131n\u0131 art\u0131rmay\u0131 hedeflediklerini s\u00f6yledi. Zeyrek, 7 bin 500 ki\u015fiye ula\u015fan Anne Kart, Ho\u015f geldin Bebek, G\u00fcnayd\u0131n \u00c7orbas\u0131, Alzheimer hastalar\u0131 i\u00e7in takip bilekli\u011fi, g\u00fcnd\u00fcz bak\u0131m kamp\u00fcs\u00fc gibi hayata ge\u00e7en ya da \u00fczerinde \u00e7al\u0131\u015f\u0131lan projeler hakk\u0131nda da meclisi bilgilendirdi. \u00dcreticilere Destek Devam Ediyor Bug\u00fcne kadar tar\u0131m sekt\u00f6r\u00fcne ve \u00fcreticilere destek olduklar\u0131n\u0131, yeni projeler ile de deste\u011fe devam edeceklerini ifade eden Ferdi Zeyrek, kooperatiflerle toplant\u0131lar yapt\u0131klar\u0131n\u0131 belirterek, \u201c50 d\u00f6n\u00fcm alt\u0131ndaki \u00fcreticilere tohum deste\u011fi verdik. Salihli\u2019de \u00fccretsiz toprak analizi yapaca\u011f\u0131z. \u00dcretim tesisleri kurarak \u00fcr\u00fcnleri katma de\u011ferli hale getirece\u011fimiz projeleri kooperatiflerimizle birlikte hayat ge\u00e7irece\u011fiz\u201d dedi.\u00a0 \u201cManisa merkezi OSB s\u00fcrecini doldurdu\u201d Yeni sanayi alanlar\u0131n\u0131n olu\u015fturulmas\u0131 \u00e7al\u0131\u015fmalar\u0131na de\u011finen Ba\u015fkan Zeyrek, sanayi alanlar\u0131n\u0131n Manisa merkezde yo\u011funla\u015ft\u0131\u011f\u0131n\u0131 ve art\u0131k yeni alanlara ihtiya\u00e7 duyuldu\u011funu s\u00f6yledi. Zeyrek, \u201cMerkezin organize sanayi b\u00f6lgesi (OSB) alanlar\u0131n\u0131n s\u00fcrecini doldurdu\u011funu &hellip;\" \/>\n<meta property=\"og:url\" content=\"http:\/\/denizcankizil.tr\/ru\/haberler\/gundem\/baskan-zeyrek-manisada-is-insanlariyla-bulustu\/\" \/>\n<meta property=\"og:site_name\" content=\"Av. Deniz Can K\u0131z\u0131l\" \/>\n<meta property=\"article:published_time\" content=\"2025-01-30T10:41:50+00:00\" \/>\n<meta name=\"author\" content=\"admin\" \/>\n<meta name=\"twitter:card\" content=\"summary_large_image\" \/>\n<meta name=\"twitter:label1\" content=\"\u041d\u0430\u043f\u0438\u0441\u0430\u043d\u043e \u0430\u0432\u0442\u043e\u0440\u043e\u043c\" \/>\n\t<meta name=\"twitter:data1\" content=\"admin\" \/>\n\t<meta name=\"twitter:label2\" content=\"\u041f\u0440\u0438\u043c\u0435\u0440\u043d\u043e\u0435 \u0432\u0440\u0435\u043c\u044f \u0434\u043b\u044f \u0447\u0442\u0435\u043d\u0438\u044f\" \/>\n\t<meta name=\"twitter:data2\" content=\"12 \u043c\u0438\u043d\u0443\u0442\" \/>\n<script type=\"application\/ld+json\" class=\"yoast-schema-graph\">{\"@context\":\"https:\/\/schema.org\",\"@graph\":[{\"@type\":\"Article\",\"@id\":\"http:\/\/denizcankizil.tr\/ru\/haberler\/gundem\/baskan-zeyrek-manisada-is-insanlariyla-bulustu\/#article\",\"isPartOf\":{\"@id\":\"http:\/\/denizcankizil.tr\/ru\/haberler\/gundem\/baskan-zeyrek-manisada-is-insanlariyla-bulustu\/\"},\"author\":{\"name\":\"admin\",\"@id\":\"https:\/\/denizcankizil.tr\/#\/schema\/person\/be3c05fe6a12686905512445d8185489\"},\"headline\":\"Ba\u015fkan Zeyrek Manisa&#8217;da i\u015f insanlar\u0131yla bulu\u015ftu\",\"datePublished\":\"2025-01-30T10:41:50+00:00\",\"mainEntityOfPage\":{\"@id\":\"http:\/\/denizcankizil.tr\/ru\/haberler\/gundem\/baskan-zeyrek-manisada-is-insanlariyla-bulustu\/\"},\"wordCount\":2334,\"commentCount\":0,\"publisher\":{\"@id\":\"https:\/\/denizcankizil.tr\/#organization\"},\"articleSection\":[\"G\u00fcndem\"],\"inLanguage\":\"ru-RU\",\"potentialAction\":[{\"@type\":\"CommentAction\",\"name\":\"Comment\",\"target\":[\"http:\/\/denizcankizil.tr\/ru\/haberler\/gundem\/baskan-zeyrek-manisada-is-insanlariyla-bulustu\/#respond\"]}]},{\"@type\":\"WebPage\",\"@id\":\"http:\/\/denizcankizil.tr\/ru\/haberler\/gundem\/baskan-zeyrek-manisada-is-insanlariyla-bulustu\/\",\"url\":\"http:\/\/denizcankizil.tr\/ru\/haberler\/gundem\/baskan-zeyrek-manisada-is-insanlariyla-bulustu\/\",\"name\":\"Ba\u015fkan Zeyrek Manisa'da i\u015f insanlar\u0131yla bulu\u015ftu - Av. Deniz Can K\u0131z\u0131l\",\"isPartOf\":{\"@id\":\"https:\/\/denizcankizil.tr\/#website\"},\"datePublished\":\"2025-01-30T10:41:50+00:00\",\"breadcrumb\":{\"@id\":\"http:\/\/denizcankizil.tr\/ru\/haberler\/gundem\/baskan-zeyrek-manisada-is-insanlariyla-bulustu\/#breadcrumb\"},\"inLanguage\":\"ru-RU\",\"potentialAction\":[{\"@type\":\"ReadAction\",\"target\":[\"http:\/\/denizcankizil.tr\/ru\/haberler\/gundem\/baskan-zeyrek-manisada-is-insanlariyla-bulustu\/\"]}]},{\"@type\":\"BreadcrumbList\",\"@id\":\"http:\/\/denizcankizil.tr\/ru\/haberler\/gundem\/baskan-zeyrek-manisada-is-insanlariyla-bulustu\/#breadcrumb\",\"itemListElement\":[{\"@type\":\"ListItem\",\"position\":1,\"name\":\"Home\",\"item\":\"https:\/\/denizcankizil.tr\/de\/\"},{\"@type\":\"ListItem\",\"position\":2,\"name\":\"Ba\u015fkan Zeyrek Manisa&#8217;da i\u015f insanlar\u0131yla bulu\u015ftu\"}]},{\"@type\":\"WebSite\",\"@id\":\"https:\/\/denizcankizil.tr\/#website\",\"url\":\"https:\/\/denizcankizil.tr\/\",\"name\":\"Av. Deniz Can K\u0131z\u0131l\",\"description\":\"Avukat Deniz Can K\u0131z\u0131l Antalya Barosu\",\"publisher\":{\"@id\":\"https:\/\/denizcankizil.tr\/#organization\"},\"potentialAction\":[{\"@type\":\"SearchAction\",\"target\":{\"@type\":\"EntryPoint\",\"urlTemplate\":\"https:\/\/denizcankizil.tr\/?s={search_term_string}\"},\"query-input\":{\"@type\":\"PropertyValueSpecification\",\"valueRequired\":true,\"valueName\":\"search_term_string\"}}],\"inLanguage\":\"ru-RU\"},{\"@type\":\"Organization\",\"@id\":\"https:\/\/denizcankizil.tr\/#organization\",\"name\":\"Av. Deniz Can K\u0131z\u0131l\",\"url\":\"https:\/\/denizcankizil.tr\/\",\"logo\":{\"@type\":\"ImageObject\",\"inLanguage\":\"ru-RU\",\"@id\":\"https:\/\/denizcankizil.tr\/#\/schema\/logo\/image\/\",\"url\":\"http:\/\/denizcankizil.tr\/wp-content\/uploads\/2024\/10\/siyah-logo-svg.svg\",\"contentUrl\":\"http:\/\/denizcankizil.tr\/wp-content\/uploads\/2024\/10\/siyah-logo-svg.svg\",\"width\":1080,\"height\":1080,\"caption\":\"Av. Deniz Can K\u0131z\u0131l\"},\"image\":{\"@id\":\"https:\/\/denizcankizil.tr\/#\/schema\/logo\/image\/\"}},{\"@type\":\"Person\",\"@id\":\"https:\/\/denizcankizil.tr\/#\/schema\/person\/be3c05fe6a12686905512445d8185489\",\"name\":\"admin\",\"image\":{\"@type\":\"ImageObject\",\"inLanguage\":\"ru-RU\",\"@id\":\"https:\/\/denizcankizil.tr\/#\/schema\/person\/image\/\",\"url\":\"https:\/\/secure.gravatar.com\/avatar\/c1fce94c830dc79107e174f890d7210541c4a63e8e5d816341794a2151c9d58c?s=96&d=mm&r=g\",\"contentUrl\":\"https:\/\/secure.gravatar.com\/avatar\/c1fce94c830dc79107e174f890d7210541c4a63e8e5d816341794a2151c9d58c?s=96&d=mm&r=g\",\"caption\":\"admin\"},\"sameAs\":[\"http:\/\/denizcankizil.tr\"],\"url\":\"https:\/\/www.iskenderun.org\/baskan-zeyrek-manisada-is-insanlariyla-bulustu\"}]}<\/script>\n<!-- \/ Yoast SEO Premium plugin. -->","yoast_head_json":{"title":"Ba\u015fkan Zeyrek Manisa'da i\u015f insanlar\u0131yla bulu\u015ftu - Av. Deniz Can K\u0131z\u0131l","robots":{"index":"index","follow":"follow","max-snippet":"max-snippet:-1","max-image-preview":"max-image-preview:large","max-video-preview":"max-video-preview:-1"},"canonical":"http:\/\/denizcankizil.tr\/ru\/haberler\/gundem\/baskan-zeyrek-manisada-is-insanlariyla-bulustu\/","og_locale":"ru_RU","og_type":"article","og_title":"Ba\u015fkan Zeyrek Manisa'da i\u015f insanlar\u0131yla bulu\u015ftu","og_description":"Manisa B\u00fcy\u00fck\u015fehir Belediye Ba\u015fkan\u0131 Mimar Ferdi Zeyrek, Manisa Ticaret ve Sanayi Odas\u0131\u2019n\u0131n (Manisa TSO) ayl\u0131k ola\u011fan meclis toplant\u0131s\u0131na kat\u0131larak, i\u015f insanlar\u0131yla bir araya geldi. Manisa B\u00fcy\u00fck\u015fehir Belediyesi\u2019nin hizmetleri ve projelerini anlatan Ba\u015fkan Zeyrek\u2019e Manisa TSO Ba\u015fkan\u0131 Mehmet Y\u0131lmaz\u2019dan \u00f6vg\u00fc geldi. Y\u0131lmaz, \u201cEskiden muhatap bulam\u0131yorduk, art\u0131k muhatab\u0131m\u0131z var\u201d dedi.MAN\u0130SA (\u0130GFA) &#8211;\u00a0Manisa B\u00fcy\u00fck\u015fehir Belediyesi\u2019nin hizmetleri hakk\u0131nda bilgiler veren Ba\u015fkan Ferdi Zeyrek, sosyal belediyecilik anlay\u0131\u015f\u0131yla \u00f6nemli projeler hayata ge\u00e7irdiklerini belirterek, halk ekmek b\u00fcfelerini yayg\u0131nla\u015ft\u0131rmay\u0131, halk mand\u0131ralar\u0131 ile kent lokantas\u0131 say\u0131s\u0131n\u0131 art\u0131rmay\u0131 hedeflediklerini s\u00f6yledi. Zeyrek, 7 bin 500 ki\u015fiye ula\u015fan Anne Kart, Ho\u015f geldin Bebek, G\u00fcnayd\u0131n \u00c7orbas\u0131, Alzheimer hastalar\u0131 i\u00e7in takip bilekli\u011fi, g\u00fcnd\u00fcz bak\u0131m kamp\u00fcs\u00fc gibi hayata ge\u00e7en ya da \u00fczerinde \u00e7al\u0131\u015f\u0131lan projeler hakk\u0131nda da meclisi bilgilendirdi. \u00dcreticilere Destek Devam Ediyor Bug\u00fcne kadar tar\u0131m sekt\u00f6r\u00fcne ve \u00fcreticilere destek olduklar\u0131n\u0131, yeni projeler ile de deste\u011fe devam edeceklerini ifade eden Ferdi Zeyrek, kooperatiflerle toplant\u0131lar yapt\u0131klar\u0131n\u0131 belirterek, \u201c50 d\u00f6n\u00fcm alt\u0131ndaki \u00fcreticilere tohum deste\u011fi verdik. Salihli\u2019de \u00fccretsiz toprak analizi yapaca\u011f\u0131z. \u00dcretim tesisleri kurarak \u00fcr\u00fcnleri katma de\u011ferli hale getirece\u011fimiz projeleri kooperatiflerimizle birlikte hayat ge\u00e7irece\u011fiz\u201d dedi.\u00a0 \u201cManisa merkezi OSB s\u00fcrecini doldurdu\u201d Yeni sanayi alanlar\u0131n\u0131n olu\u015fturulmas\u0131 \u00e7al\u0131\u015fmalar\u0131na de\u011finen Ba\u015fkan Zeyrek, sanayi alanlar\u0131n\u0131n Manisa merkezde yo\u011funla\u015ft\u0131\u011f\u0131n\u0131 ve art\u0131k yeni alanlara ihtiya\u00e7 duyuldu\u011funu s\u00f6yledi. Zeyrek, \u201cMerkezin organize sanayi b\u00f6lgesi (OSB) alanlar\u0131n\u0131n s\u00fcrecini doldurdu\u011funu &hellip;","og_url":"http:\/\/denizcankizil.tr\/ru\/haberler\/gundem\/baskan-zeyrek-manisada-is-insanlariyla-bulustu\/","og_site_name":"Av. Deniz Can K\u0131z\u0131l","article_published_time":"2025-01-30T10:41:50+00:00","author":"admin","twitter_card":"summary_large_image","twitter_misc":{"\u041d\u0430\u043f\u0438\u0441\u0430\u043d\u043e \u0430\u0432\u0442\u043e\u0440\u043e\u043c":"admin","\u041f\u0440\u0438\u043c\u0435\u0440\u043d\u043e\u0435 \u0432\u0440\u0435\u043c\u044f \u0434\u043b\u044f \u0447\u0442\u0435\u043d\u0438\u044f":"12 \u043c\u0438\u043d\u0443\u0442"},"schema":{"@context":"https:\/\/schema.org","@graph":[{"@type":"Article","@id":"http:\/\/denizcankizil.tr\/ru\/haberler\/gundem\/baskan-zeyrek-manisada-is-insanlariyla-bulustu\/#article","isPartOf":{"@id":"http:\/\/denizcankizil.tr\/ru\/haberler\/gundem\/baskan-zeyrek-manisada-is-insanlariyla-bulustu\/"},"author":{"name":"admin","@id":"https:\/\/denizcankizil.tr\/#\/schema\/person\/be3c05fe6a12686905512445d8185489"},"headline":"Ba\u015fkan Zeyrek Manisa&#8217;da i\u015f insanlar\u0131yla bulu\u015ftu","datePublished":"2025-01-30T10:41:50+00:00","mainEntityOfPage":{"@id":"http:\/\/denizcankizil.tr\/ru\/haberler\/gundem\/baskan-zeyrek-manisada-is-insanlariyla-bulustu\/"},"wordCount":2334,"commentCount":0,"publisher":{"@id":"https:\/\/denizcankizil.tr\/#organization"},"articleSection":["G\u00fcndem"],"inLanguage":"ru-RU","potentialAction":[{"@type":"CommentAction","name":"Comment","target":["http:\/\/denizcankizil.tr\/ru\/haberler\/gundem\/baskan-zeyrek-manisada-is-insanlariyla-bulustu\/#respond"]}]},{"@type":"WebPage","@id":"http:\/\/denizcankizil.tr\/ru\/haberler\/gundem\/baskan-zeyrek-manisada-is-insanlariyla-bulustu\/","url":"http:\/\/denizcankizil.tr\/ru\/haberler\/gundem\/baskan-zeyrek-manisada-is-insanlariyla-bulustu\/","name":"Ba\u015fkan Zeyrek Manisa'da i\u015f insanlar\u0131yla bulu\u015ftu - Av. Deniz Can K\u0131z\u0131l","isPartOf":{"@id":"https:\/\/denizcankizil.tr\/#website"},"datePublished":"2025-01-30T10:41:50+00:00","breadcrumb":{"@id":"http:\/\/denizcankizil.tr\/ru\/haberler\/gundem\/baskan-zeyrek-manisada-is-insanlariyla-bulustu\/#breadcrumb"},"inLanguage":"ru-RU","potentialAction":[{"@type":"ReadAction","target":["http:\/\/denizcankizil.tr\/ru\/haberler\/gundem\/baskan-zeyrek-manisada-is-insanlariyla-bulustu\/"]}]},{"@type":"BreadcrumbList","@id":"http:\/\/denizcankizil.tr\/ru\/haberler\/gundem\/baskan-zeyrek-manisada-is-insanlariyla-bulustu\/#breadcrumb","itemListElement":[{"@type":"ListItem","position":1,"name":"Home","item":"https:\/\/denizcankizil.tr\/de\/"},{"@type":"ListItem","position":2,"name":"Ba\u015fkan Zeyrek Manisa&#8217;da i\u015f insanlar\u0131yla bulu\u015ftu"}]},{"@type":"WebSite","@id":"https:\/\/denizcankizil.tr\/#website","url":"https:\/\/denizcankizil.tr\/","name":"Av. Deniz Can K\u0131z\u0131l","description":"Avukat Deniz Can K\u0131z\u0131l Antalya Barosu","publisher":{"@id":"https:\/\/denizcankizil.tr\/#organization"},"potentialAction":[{"@type":"SearchAction","target":{"@type":"EntryPoint","urlTemplate":"https:\/\/denizcankizil.tr\/?s={search_term_string}"},"query-input":{"@type":"PropertyValueSpecification","valueRequired":true,"valueName":"search_term_string"}}],"inLanguage":"ru-RU"},{"@type":"Organization","@id":"https:\/\/denizcankizil.tr\/#organization","name":"Av. Deniz Can K\u0131z\u0131l","url":"https:\/\/denizcankizil.tr\/","logo":{"@type":"ImageObject","inLanguage":"ru-RU","@id":"https:\/\/denizcankizil.tr\/#\/schema\/logo\/image\/","url":"http:\/\/denizcankizil.tr\/wp-content\/uploads\/2024\/10\/siyah-logo-svg.svg","contentUrl":"http:\/\/denizcankizil.tr\/wp-content\/uploads\/2024\/10\/siyah-logo-svg.svg","width":1080,"height":1080,"caption":"Av. Deniz Can K\u0131z\u0131l"},"image":{"@id":"https:\/\/denizcankizil.tr\/#\/schema\/logo\/image\/"}},{"@type":"Person","@id":"https:\/\/denizcankizil.tr\/#\/schema\/person\/be3c05fe6a12686905512445d8185489","name":"\u0430\u0434\u043c\u0438\u043d","image":{"@type":"ImageObject","inLanguage":"ru-RU","@id":"https:\/\/denizcankizil.tr\/#\/schema\/person\/image\/","url":"https:\/\/secure.gravatar.com\/avatar\/c1fce94c830dc79107e174f890d7210541c4a63e8e5d816341794a2151c9d58c?s=96&d=mm&r=g","contentUrl":"https:\/\/secure.gravatar.com\/avatar\/c1fce94c830dc79107e174f890d7210541c4a63e8e5d816341794a2151c9d58c?s=96&d=mm&r=g","caption":"admin"},"sameAs":["http:\/\/denizcankizil.tr"],"url":"https:\/\/www.iskenderun.org\/baskan-zeyrek-manisada-is-insanlariyla-bulustu"}]}},"_links":{"self":[{"href":"http:\/\/denizcankizil.tr\/ru\/wp-json\/wp\/v2\/posts\/28711","targetHints":{"allow":["GET"]}}],"collection":[{"href":"http:\/\/denizcankizil.tr\/ru\/wp-json\/wp\/v2\/posts"}],"about":[{"href":"http:\/\/denizcankizil.tr\/ru\/wp-json\/wp\/v2\/types\/post"}],"author":[{"embeddable":true,"href":"http:\/\/denizcankizil.tr\/ru\/wp-json\/wp\/v2\/users\/1"}],"replies":[{"embeddable":true,"href":"http:\/\/denizcankizil.tr\/ru\/wp-json\/wp\/v2\/comments?post=28711"}],"version-history":[{"count":0,"href":"http:\/\/denizcankizil.tr\/ru\/wp-json\/wp\/v2\/posts\/28711\/revisions"}],"wp:attachment":[{"href":"http:\/\/denizcankizil.tr\/ru\/wp-json\/wp\/v2\/media?parent=28711"}],"wp:term":[{"taxonomy":"category","embeddable":true,"href":"http:\/\/denizcankizil.tr\/ru\/wp-json\/wp\/v2\/categories?post=28711"},{"taxonomy":"post_tag","embeddable":true,"href":"http:\/\/denizcankizil.tr\/ru\/wp-json\/wp\/v2\/tags?post=28711"}],"curies":[{"name":"wp","href":"https:\/\/api.w.org\/{rel}","templated":true}]}}