{"id":28395,"date":"2025-01-29T11:41:23","date_gmt":"2025-01-29T08:41:23","guid":{"rendered":"https:\/\/denizcankizil.tr\/uncategorized-tr\/komsulari-icin-gozyasi-doktu\/"},"modified":"2025-01-29T11:41:23","modified_gmt":"2025-01-29T08:41:23","slug":"komsulari-icin-gozyasi-doktu","status":"publish","type":"post","link":"http:\/\/denizcankizil.tr\/ru\/haberler\/antalya\/komsulari-icin-gozyasi-doktu\/","title":{"rendered":"Kom\u015fular\u0131 i\u00e7in g\u00f6zya\u015f\u0131 d\u00f6kt\u00fc"},"content":{"rendered":"<p>Kepez il\u00e7esine ba\u011fl\u0131 Yeni Mahalle 2449 Sokak&#8217;taki 3 katl\u0131 apartman\u0131n 2&#8217;nci kat\u0131nda d\u00fcn saat 17.30 s\u0131ralar\u0131nda yang\u0131n \u00e7\u0131kt\u0131. Dairenin salon k\u0131sm\u0131ndan duman \u00e7\u0131kt\u0131\u011f\u0131n\u0131 fark eden mahalleli, durumu 112 Acil \u00c7a\u011fr\u0131 Merkezi&#8217;ne bildirdi. Yang\u0131n\u0131n \u00e7\u0131kt\u0131\u011f\u0131 dairenin sahibi \u0130brahim Atalm\u0131\u015f ile e\u015fi Fatma Atalm\u0131\u015f, yo\u011fun duman nedeniyle evlerinde mahsur kald\u0131.<\/p>\n<p>\u00c7\u0130FT HASTANEYE KALDIRILDI<\/p>\n<p>Binan\u0131n 3&#8217;\u00fcnc\u00fc kat\u0131nda oturan G\u00fclbeyaz A\u011f\u0131m (80), mahsur kalan kom\u015fular\u0131 i\u00e7in g\u00f6zya\u015f\u0131 d\u00f6kt\u00fc. Kom\u015fular\u0131n\u0131n durumuna \u00fcz\u00fclen kad\u0131n\u0131, mahalleli g\u00fc\u00e7l\u00fckle teselli etti. \u0130hbarla b\u00f6lgeye sevk edilen itfaiye ekipleri, Atalm\u0131\u015f \u00e7iftini kurtar\u0131p, yang\u0131n\u0131 k\u0131sa s\u00fcrede s\u00f6nd\u00fcrd\u00fc. Dumandan etkilenen Atalm\u0131\u015f \u00e7ifti, Kepez Devlet Hastanesi&#8217;ne g\u00f6t\u00fcr\u00fcld\u00fc.<\/p>\n<p>Binada ve dairenin salon k\u0131sm\u0131nda zarar olu\u015furken, yang\u0131n\u0131n \u00e7\u0131k\u0131\u015f nedeni ara\u015ft\u0131r\u0131l\u0131yor<\/p>\n<p>Kaynak: www.kanalv.com.tr Haber Sitesinden Al\u0131nm\u0131\u015ft\u0131r.<\/p>","protected":false},"excerpt":{"rendered":"<p>Kepez il\u00e7esine ba\u011fl\u0131 Yeni Mahalle 2449 Sokak&#8217;taki 3 katl\u0131 apartman\u0131n 2&#8217;nci kat\u0131nda d\u00fcn saat 17.30 s\u0131ralar\u0131nda yang\u0131n \u00e7\u0131kt\u0131. Dairenin salon k\u0131sm\u0131ndan duman \u00e7\u0131kt\u0131\u011f\u0131n\u0131 fark eden mahalleli, durumu 112 Acil \u00c7a\u011fr\u0131 Merkezi&#8217;ne bildirdi. Yang\u0131n\u0131n \u00e7\u0131kt\u0131\u011f\u0131 dairenin sahibi \u0130brahim Atalm\u0131\u015f ile e\u015fi Fatma Atalm\u0131\u015f, yo\u011fun duman nedeniyle evlerinde mahsur kald\u0131. \u00c7\u0130FT HASTANEYE KALDIRILDI Binan\u0131n 3&#8217;\u00fcnc\u00fc kat\u0131nda oturan G\u00fclbeyaz A\u011f\u0131m (80), mahsur kalan kom\u015fular\u0131 i\u00e7in g\u00f6zya\u015f\u0131 d\u00f6kt\u00fc. Kom\u015fular\u0131n\u0131n durumuna \u00fcz\u00fclen kad\u0131n\u0131, mahalleli g\u00fc\u00e7l\u00fckle teselli etti. \u0130hbarla b\u00f6lgeye sevk edilen itfaiye ekipleri, Atalm\u0131\u015f \u00e7iftini kurtar\u0131p, yang\u0131n\u0131 k\u0131sa s\u00fcrede s\u00f6nd\u00fcrd\u00fc. Dumandan etkilenen Atalm\u0131\u015f \u00e7ifti, Kepez Devlet Hastanesi&#8217;ne g\u00f6t\u00fcr\u00fcld\u00fc. Binada ve dairenin salon k\u0131sm\u0131nda zarar olu\u015furken, yang\u0131n\u0131n \u00e7\u0131k\u0131\u015f nedeni ara\u015ft\u0131r\u0131l\u0131yor Kaynak: www.kanalv.com.tr Haber Sitesinden Al\u0131nm\u0131\u015ft\u0131r.<\/p>","protected":false},"author":4,"featured_media":28396,"comment_status":"open","ping_status":"open","sticky":false,"template":"","format":"standard","meta":{"_acf_changed":false,"footnotes":""},"categories":[26],"tags":[],"class_list":["post-28395","post","type-post","status-publish","format-standard","has-post-thumbnail","hentry","category-antalya"],"acf":[],"yoast_head":"<!-- This site is optimized with the Yoast SEO Premium plugin v26.6 (Yoast SEO v27.1.1) - https:\/\/yoast.com\/product\/yoast-seo-premium-wordpress\/ -->\n<title>Kom\u015fular\u0131 i\u00e7in g\u00f6zya\u015f\u0131 d\u00f6kt\u00fc - Av. Deniz Can K\u0131z\u0131l<\/title>\n<meta name=\"robots\" content=\"index, follow, max-snippet:-1, max-image-preview:large, max-video-preview:-1\" \/>\n<link rel=\"canonical\" href=\"http:\/\/denizcankizil.tr\/ru\/haberler\/antalya\/komsulari-icin-gozyasi-doktu\/\" \/>\n<meta property=\"og:locale\" content=\"ru_RU\" \/>\n<meta property=\"og:type\" content=\"article\" \/>\n<meta property=\"og:title\" content=\"Kom\u015fular\u0131 i\u00e7in g\u00f6zya\u015f\u0131 d\u00f6kt\u00fc\" \/>\n<meta property=\"og:description\" content=\"Kepez il\u00e7esine ba\u011fl\u0131 Yeni Mahalle 2449 Sokak&#8217;taki 3 katl\u0131 apartman\u0131n 2&#8217;nci kat\u0131nda d\u00fcn saat 17.30 s\u0131ralar\u0131nda yang\u0131n \u00e7\u0131kt\u0131. Dairenin salon k\u0131sm\u0131ndan duman \u00e7\u0131kt\u0131\u011f\u0131n\u0131 fark eden mahalleli, durumu 112 Acil \u00c7a\u011fr\u0131 Merkezi&#8217;ne bildirdi. Yang\u0131n\u0131n \u00e7\u0131kt\u0131\u011f\u0131 dairenin sahibi \u0130brahim Atalm\u0131\u015f ile e\u015fi Fatma Atalm\u0131\u015f, yo\u011fun duman nedeniyle evlerinde mahsur kald\u0131. \u00c7\u0130FT HASTANEYE KALDIRILDI Binan\u0131n 3&#8217;\u00fcnc\u00fc kat\u0131nda oturan G\u00fclbeyaz A\u011f\u0131m (80), mahsur kalan kom\u015fular\u0131 i\u00e7in g\u00f6zya\u015f\u0131 d\u00f6kt\u00fc. Kom\u015fular\u0131n\u0131n durumuna \u00fcz\u00fclen kad\u0131n\u0131, mahalleli g\u00fc\u00e7l\u00fckle teselli etti. \u0130hbarla b\u00f6lgeye sevk edilen itfaiye ekipleri, Atalm\u0131\u015f \u00e7iftini kurtar\u0131p, yang\u0131n\u0131 k\u0131sa s\u00fcrede s\u00f6nd\u00fcrd\u00fc. Dumandan etkilenen Atalm\u0131\u015f \u00e7ifti, Kepez Devlet Hastanesi&#8217;ne g\u00f6t\u00fcr\u00fcld\u00fc. Binada ve dairenin salon k\u0131sm\u0131nda zarar olu\u015furken, yang\u0131n\u0131n \u00e7\u0131k\u0131\u015f nedeni ara\u015ft\u0131r\u0131l\u0131yor Kaynak: www.kanalv.com.tr Haber Sitesinden Al\u0131nm\u0131\u015ft\u0131r.\" \/>\n<meta property=\"og:url\" content=\"http:\/\/denizcankizil.tr\/ru\/haberler\/antalya\/komsulari-icin-gozyasi-doktu\/\" \/>\n<meta property=\"og:site_name\" content=\"Av. Deniz Can K\u0131z\u0131l\" \/>\n<meta property=\"article:published_time\" content=\"2025-01-29T08:41:23+00:00\" \/>\n<meta property=\"og:image\" content=\"http:\/\/denizcankizil.tr\/wp-content\/uploads\/2025\/01\/4380-01-Qyp533.jpeg\" \/>\n\t<meta property=\"og:image:width\" content=\"1280\" \/>\n\t<meta property=\"og:image:height\" content=\"720\" \/>\n\t<meta property=\"og:image:type\" content=\"image\/jpeg\" \/>\n<meta name=\"author\" content=\"Av. Deniz Can K\u0131z\u0131l\" \/>\n<meta name=\"twitter:card\" content=\"summary_large_image\" \/>\n<meta name=\"twitter:label1\" content=\"\u041d\u0430\u043f\u0438\u0441\u0430\u043d\u043e \u0430\u0432\u0442\u043e\u0440\u043e\u043c\" \/>\n\t<meta name=\"twitter:data1\" content=\"Av. Deniz Can K\u0131z\u0131l\" \/>\n\t<meta name=\"twitter:label2\" content=\"\u041f\u0440\u0438\u043c\u0435\u0440\u043d\u043e\u0435 \u0432\u0440\u0435\u043c\u044f \u0434\u043b\u044f \u0447\u0442\u0435\u043d\u0438\u044f\" \/>\n\t<meta name=\"twitter:data2\" content=\"1 \u043c\u0438\u043d\u0443\u0442\u0430\" \/>\n<script type=\"application\/ld+json\" class=\"yoast-schema-graph\">{\"@context\":\"https:\/\/schema.org\",\"@graph\":[{\"@type\":\"Article\",\"@id\":\"http:\/\/denizcankizil.tr\/ru\/haberler\/antalya\/komsulari-icin-gozyasi-doktu\/#article\",\"isPartOf\":{\"@id\":\"http:\/\/denizcankizil.tr\/ru\/haberler\/antalya\/komsulari-icin-gozyasi-doktu\/\"},\"author\":{\"name\":\"Av. Deniz Can K\u0131z\u0131l\",\"@id\":\"https:\/\/denizcankizil.tr\/de\/#\/schema\/person\/5dc1b22991bd7ac833867c10afc9b0ff\"},\"headline\":\"Kom\u015fular\u0131 i\u00e7in g\u00f6zya\u015f\u0131 d\u00f6kt\u00fc\",\"datePublished\":\"2025-01-29T08:41:23+00:00\",\"mainEntityOfPage\":{\"@id\":\"http:\/\/denizcankizil.tr\/ru\/haberler\/antalya\/komsulari-icin-gozyasi-doktu\/\"},\"wordCount\":171,\"commentCount\":0,\"publisher\":{\"@id\":\"https:\/\/denizcankizil.tr\/de\/#organization\"},\"image\":{\"@id\":\"http:\/\/denizcankizil.tr\/ru\/haberler\/antalya\/komsulari-icin-gozyasi-doktu\/#primaryimage\"},\"thumbnailUrl\":\"http:\/\/denizcankizil.tr\/wp-content\/uploads\/2025\/01\/4380-01-Qyp533.jpeg\",\"articleSection\":[\"Antalya\"],\"inLanguage\":\"ru-RU\",\"potentialAction\":[{\"@type\":\"CommentAction\",\"name\":\"Comment\",\"target\":[\"http:\/\/denizcankizil.tr\/ru\/haberler\/antalya\/komsulari-icin-gozyasi-doktu\/#respond\"]}]},{\"@type\":\"WebPage\",\"@id\":\"http:\/\/denizcankizil.tr\/ru\/haberler\/antalya\/komsulari-icin-gozyasi-doktu\/\",\"url\":\"http:\/\/denizcankizil.tr\/ru\/haberler\/antalya\/komsulari-icin-gozyasi-doktu\/\",\"name\":\"Kom\u015fular\u0131 i\u00e7in g\u00f6zya\u015f\u0131 d\u00f6kt\u00fc - Av. Deniz Can K\u0131z\u0131l\",\"isPartOf\":{\"@id\":\"https:\/\/denizcankizil.tr\/de\/#website\"},\"primaryImageOfPage\":{\"@id\":\"http:\/\/denizcankizil.tr\/ru\/haberler\/antalya\/komsulari-icin-gozyasi-doktu\/#primaryimage\"},\"image\":{\"@id\":\"http:\/\/denizcankizil.tr\/ru\/haberler\/antalya\/komsulari-icin-gozyasi-doktu\/#primaryimage\"},\"thumbnailUrl\":\"http:\/\/denizcankizil.tr\/wp-content\/uploads\/2025\/01\/4380-01-Qyp533.jpeg\",\"datePublished\":\"2025-01-29T08:41:23+00:00\",\"breadcrumb\":{\"@id\":\"http:\/\/denizcankizil.tr\/ru\/haberler\/antalya\/komsulari-icin-gozyasi-doktu\/#breadcrumb\"},\"inLanguage\":\"ru-RU\",\"potentialAction\":[{\"@type\":\"ReadAction\",\"target\":[\"http:\/\/denizcankizil.tr\/ru\/haberler\/antalya\/komsulari-icin-gozyasi-doktu\/\"]}]},{\"@type\":\"ImageObject\",\"inLanguage\":\"ru-RU\",\"@id\":\"http:\/\/denizcankizil.tr\/ru\/haberler\/antalya\/komsulari-icin-gozyasi-doktu\/#primaryimage\",\"url\":\"http:\/\/denizcankizil.tr\/wp-content\/uploads\/2025\/01\/4380-01-Qyp533.jpeg\",\"contentUrl\":\"http:\/\/denizcankizil.tr\/wp-content\/uploads\/2025\/01\/4380-01-Qyp533.jpeg\",\"width\":1280,\"height\":720},{\"@type\":\"BreadcrumbList\",\"@id\":\"http:\/\/denizcankizil.tr\/ru\/haberler\/antalya\/komsulari-icin-gozyasi-doktu\/#breadcrumb\",\"itemListElement\":[{\"@type\":\"ListItem\",\"position\":1,\"name\":\"Home\",\"item\":\"https:\/\/denizcankizil.tr\/de\/\"},{\"@type\":\"ListItem\",\"position\":2,\"name\":\"Kom\u015fular\u0131 i\u00e7in g\u00f6zya\u015f\u0131 d\u00f6kt\u00fc\"}]},{\"@type\":\"WebSite\",\"@id\":\"https:\/\/denizcankizil.tr\/de\/#website\",\"url\":\"https:\/\/denizcankizil.tr\/de\/\",\"name\":\"Av. Deniz Can K\u0131z\u0131l\",\"description\":\"Avukat Deniz Can K\u0131z\u0131l Antalya Barosu\",\"publisher\":{\"@id\":\"https:\/\/denizcankizil.tr\/de\/#organization\"},\"potentialAction\":[{\"@type\":\"SearchAction\",\"target\":{\"@type\":\"EntryPoint\",\"urlTemplate\":\"https:\/\/denizcankizil.tr\/de\/?s={search_term_string}\"},\"query-input\":{\"@type\":\"PropertyValueSpecification\",\"valueRequired\":true,\"valueName\":\"search_term_string\"}}],\"inLanguage\":\"ru-RU\"},{\"@type\":\"Organization\",\"@id\":\"https:\/\/denizcankizil.tr\/de\/#organization\",\"name\":\"Av. Deniz Can K\u0131z\u0131l\",\"url\":\"https:\/\/denizcankizil.tr\/de\/\",\"logo\":{\"@type\":\"ImageObject\",\"inLanguage\":\"ru-RU\",\"@id\":\"https:\/\/denizcankizil.tr\/de\/#\/schema\/logo\/image\/\",\"url\":\"http:\/\/denizcankizil.tr\/wp-content\/uploads\/2024\/10\/siyah-logo-svg.svg\",\"contentUrl\":\"http:\/\/denizcankizil.tr\/wp-content\/uploads\/2024\/10\/siyah-logo-svg.svg\",\"width\":1080,\"height\":1080,\"caption\":\"Av. Deniz Can K\u0131z\u0131l\"},\"image\":{\"@id\":\"https:\/\/denizcankizil.tr\/de\/#\/schema\/logo\/image\/\"}},{\"@type\":\"Person\",\"@id\":\"https:\/\/denizcankizil.tr\/de\/#\/schema\/person\/5dc1b22991bd7ac833867c10afc9b0ff\",\"name\":\"Av. Deniz Can K\u0131z\u0131l\",\"image\":{\"@type\":\"ImageObject\",\"inLanguage\":\"ru-RU\",\"@id\":\"https:\/\/denizcankizil.tr\/de\/#\/schema\/person\/image\/\",\"url\":\"https:\/\/secure.gravatar.com\/avatar\/a0b128fb9855c79efc976d5640eedb31dc35ec297594d6016d2cf7c60e975bb6?s=96&d=mm&r=g\",\"contentUrl\":\"https:\/\/secure.gravatar.com\/avatar\/a0b128fb9855c79efc976d5640eedb31dc35ec297594d6016d2cf7c60e975bb6?s=96&d=mm&r=g\",\"caption\":\"Av. Deniz Can K\u0131z\u0131l\"},\"sameAs\":[\"http:\/\/www.denizcankizil.tr\"],\"url\":\"http:\/\/denizcankizil.tr\/ru\/author\/denizcankizil\/\"}]}<\/script>\n<!-- \/ Yoast SEO Premium plugin. -->","yoast_head_json":{"title":"Kom\u015fular\u0131 i\u00e7in g\u00f6zya\u015f\u0131 d\u00f6kt\u00fc - Av. Deniz Can K\u0131z\u0131l","robots":{"index":"index","follow":"follow","max-snippet":"max-snippet:-1","max-image-preview":"max-image-preview:large","max-video-preview":"max-video-preview:-1"},"canonical":"http:\/\/denizcankizil.tr\/ru\/haberler\/antalya\/komsulari-icin-gozyasi-doktu\/","og_locale":"ru_RU","og_type":"article","og_title":"Kom\u015fular\u0131 i\u00e7in g\u00f6zya\u015f\u0131 d\u00f6kt\u00fc","og_description":"Kepez il\u00e7esine ba\u011fl\u0131 Yeni Mahalle 2449 Sokak&#8217;taki 3 katl\u0131 apartman\u0131n 2&#8217;nci kat\u0131nda d\u00fcn saat 17.30 s\u0131ralar\u0131nda yang\u0131n \u00e7\u0131kt\u0131. Dairenin salon k\u0131sm\u0131ndan duman \u00e7\u0131kt\u0131\u011f\u0131n\u0131 fark eden mahalleli, durumu 112 Acil \u00c7a\u011fr\u0131 Merkezi&#8217;ne bildirdi. Yang\u0131n\u0131n \u00e7\u0131kt\u0131\u011f\u0131 dairenin sahibi \u0130brahim Atalm\u0131\u015f ile e\u015fi Fatma Atalm\u0131\u015f, yo\u011fun duman nedeniyle evlerinde mahsur kald\u0131. \u00c7\u0130FT HASTANEYE KALDIRILDI Binan\u0131n 3&#8217;\u00fcnc\u00fc kat\u0131nda oturan G\u00fclbeyaz A\u011f\u0131m (80), mahsur kalan kom\u015fular\u0131 i\u00e7in g\u00f6zya\u015f\u0131 d\u00f6kt\u00fc. Kom\u015fular\u0131n\u0131n durumuna \u00fcz\u00fclen kad\u0131n\u0131, mahalleli g\u00fc\u00e7l\u00fckle teselli etti. \u0130hbarla b\u00f6lgeye sevk edilen itfaiye ekipleri, Atalm\u0131\u015f \u00e7iftini kurtar\u0131p, yang\u0131n\u0131 k\u0131sa s\u00fcrede s\u00f6nd\u00fcrd\u00fc. Dumandan etkilenen Atalm\u0131\u015f \u00e7ifti, Kepez Devlet Hastanesi&#8217;ne g\u00f6t\u00fcr\u00fcld\u00fc. Binada ve dairenin salon k\u0131sm\u0131nda zarar olu\u015furken, yang\u0131n\u0131n \u00e7\u0131k\u0131\u015f nedeni ara\u015ft\u0131r\u0131l\u0131yor Kaynak: www.kanalv.com.tr Haber Sitesinden Al\u0131nm\u0131\u015ft\u0131r.","og_url":"http:\/\/denizcankizil.tr\/ru\/haberler\/antalya\/komsulari-icin-gozyasi-doktu\/","og_site_name":"Av. Deniz Can K\u0131z\u0131l","article_published_time":"2025-01-29T08:41:23+00:00","og_image":[{"width":1280,"height":720,"url":"http:\/\/denizcankizil.tr\/wp-content\/uploads\/2025\/01\/4380-01-Qyp533.jpeg","type":"image\/jpeg"}],"author":"Av. Deniz Can K\u0131z\u0131l","twitter_card":"summary_large_image","twitter_misc":{"\u041d\u0430\u043f\u0438\u0441\u0430\u043d\u043e \u0430\u0432\u0442\u043e\u0440\u043e\u043c":"Av. Deniz Can K\u0131z\u0131l","\u041f\u0440\u0438\u043c\u0435\u0440\u043d\u043e\u0435 \u0432\u0440\u0435\u043c\u044f \u0434\u043b\u044f \u0447\u0442\u0435\u043d\u0438\u044f":"1 \u043c\u0438\u043d\u0443\u0442\u0430"},"schema":{"@context":"https:\/\/schema.org","@graph":[{"@type":"Article","@id":"http:\/\/denizcankizil.tr\/ru\/haberler\/antalya\/komsulari-icin-gozyasi-doktu\/#article","isPartOf":{"@id":"http:\/\/denizcankizil.tr\/ru\/haberler\/antalya\/komsulari-icin-gozyasi-doktu\/"},"author":{"name":"Av. Deniz Can K\u0131z\u0131l","@id":"https:\/\/denizcankizil.tr\/de\/#\/schema\/person\/5dc1b22991bd7ac833867c10afc9b0ff"},"headline":"Kom\u015fular\u0131 i\u00e7in g\u00f6zya\u015f\u0131 d\u00f6kt\u00fc","datePublished":"2025-01-29T08:41:23+00:00","mainEntityOfPage":{"@id":"http:\/\/denizcankizil.tr\/ru\/haberler\/antalya\/komsulari-icin-gozyasi-doktu\/"},"wordCount":171,"commentCount":0,"publisher":{"@id":"https:\/\/denizcankizil.tr\/de\/#organization"},"image":{"@id":"http:\/\/denizcankizil.tr\/ru\/haberler\/antalya\/komsulari-icin-gozyasi-doktu\/#primaryimage"},"thumbnailUrl":"http:\/\/denizcankizil.tr\/wp-content\/uploads\/2025\/01\/4380-01-Qyp533.jpeg","articleSection":["Antalya"],"inLanguage":"ru-RU","potentialAction":[{"@type":"CommentAction","name":"Comment","target":["http:\/\/denizcankizil.tr\/ru\/haberler\/antalya\/komsulari-icin-gozyasi-doktu\/#respond"]}]},{"@type":"WebPage","@id":"http:\/\/denizcankizil.tr\/ru\/haberler\/antalya\/komsulari-icin-gozyasi-doktu\/","url":"http:\/\/denizcankizil.tr\/ru\/haberler\/antalya\/komsulari-icin-gozyasi-doktu\/","name":"Kom\u015fular\u0131 i\u00e7in g\u00f6zya\u015f\u0131 d\u00f6kt\u00fc - Av. Deniz Can K\u0131z\u0131l","isPartOf":{"@id":"https:\/\/denizcankizil.tr\/de\/#website"},"primaryImageOfPage":{"@id":"http:\/\/denizcankizil.tr\/ru\/haberler\/antalya\/komsulari-icin-gozyasi-doktu\/#primaryimage"},"image":{"@id":"http:\/\/denizcankizil.tr\/ru\/haberler\/antalya\/komsulari-icin-gozyasi-doktu\/#primaryimage"},"thumbnailUrl":"http:\/\/denizcankizil.tr\/wp-content\/uploads\/2025\/01\/4380-01-Qyp533.jpeg","datePublished":"2025-01-29T08:41:23+00:00","breadcrumb":{"@id":"http:\/\/denizcankizil.tr\/ru\/haberler\/antalya\/komsulari-icin-gozyasi-doktu\/#breadcrumb"},"inLanguage":"ru-RU","potentialAction":[{"@type":"ReadAction","target":["http:\/\/denizcankizil.tr\/ru\/haberler\/antalya\/komsulari-icin-gozyasi-doktu\/"]}]},{"@type":"ImageObject","inLanguage":"ru-RU","@id":"http:\/\/denizcankizil.tr\/ru\/haberler\/antalya\/komsulari-icin-gozyasi-doktu\/#primaryimage","url":"http:\/\/denizcankizil.tr\/wp-content\/uploads\/2025\/01\/4380-01-Qyp533.jpeg","contentUrl":"http:\/\/denizcankizil.tr\/wp-content\/uploads\/2025\/01\/4380-01-Qyp533.jpeg","width":1280,"height":720},{"@type":"BreadcrumbList","@id":"http:\/\/denizcankizil.tr\/ru\/haberler\/antalya\/komsulari-icin-gozyasi-doktu\/#breadcrumb","itemListElement":[{"@type":"ListItem","position":1,"name":"Home","item":"https:\/\/denizcankizil.tr\/de\/"},{"@type":"ListItem","position":2,"name":"Kom\u015fular\u0131 i\u00e7in g\u00f6zya\u015f\u0131 d\u00f6kt\u00fc"}]},{"@type":"WebSite","@id":"https:\/\/denizcankizil.tr\/de\/#website","url":"https:\/\/denizcankizil.tr\/de\/","name":"Av. Deniz Can K\u0131z\u0131l","description":"Avukat Deniz Can K\u0131z\u0131l Antalya Barosu","publisher":{"@id":"https:\/\/denizcankizil.tr\/de\/#organization"},"potentialAction":[{"@type":"SearchAction","target":{"@type":"EntryPoint","urlTemplate":"https:\/\/denizcankizil.tr\/de\/?s={search_term_string}"},"query-input":{"@type":"PropertyValueSpecification","valueRequired":true,"valueName":"search_term_string"}}],"inLanguage":"ru-RU"},{"@type":"Organization","@id":"https:\/\/denizcankizil.tr\/de\/#organization","name":"Av. Deniz Can K\u0131z\u0131l","url":"https:\/\/denizcankizil.tr\/de\/","logo":{"@type":"ImageObject","inLanguage":"ru-RU","@id":"https:\/\/denizcankizil.tr\/de\/#\/schema\/logo\/image\/","url":"http:\/\/denizcankizil.tr\/wp-content\/uploads\/2024\/10\/siyah-logo-svg.svg","contentUrl":"http:\/\/denizcankizil.tr\/wp-content\/uploads\/2024\/10\/siyah-logo-svg.svg","width":1080,"height":1080,"caption":"Av. Deniz Can K\u0131z\u0131l"},"image":{"@id":"https:\/\/denizcankizil.tr\/de\/#\/schema\/logo\/image\/"}},{"@type":"Person","@id":"https:\/\/denizcankizil.tr\/de\/#\/schema\/person\/5dc1b22991bd7ac833867c10afc9b0ff","name":"Av. Deniz Can K\u0131z\u0131l","image":{"@type":"ImageObject","inLanguage":"ru-RU","@id":"https:\/\/denizcankizil.tr\/de\/#\/schema\/person\/image\/","url":"https:\/\/secure.gravatar.com\/avatar\/a0b128fb9855c79efc976d5640eedb31dc35ec297594d6016d2cf7c60e975bb6?s=96&d=mm&r=g","contentUrl":"https:\/\/secure.gravatar.com\/avatar\/a0b128fb9855c79efc976d5640eedb31dc35ec297594d6016d2cf7c60e975bb6?s=96&d=mm&r=g","caption":"Av. Deniz Can K\u0131z\u0131l"},"sameAs":["http:\/\/www.denizcankizil.tr"],"url":"http:\/\/denizcankizil.tr\/ru\/author\/denizcankizil\/"}]}},"_links":{"self":[{"href":"http:\/\/denizcankizil.tr\/ru\/wp-json\/wp\/v2\/posts\/28395","targetHints":{"allow":["GET"]}}],"collection":[{"href":"http:\/\/denizcankizil.tr\/ru\/wp-json\/wp\/v2\/posts"}],"about":[{"href":"http:\/\/denizcankizil.tr\/ru\/wp-json\/wp\/v2\/types\/post"}],"author":[{"embeddable":true,"href":"http:\/\/denizcankizil.tr\/ru\/wp-json\/wp\/v2\/users\/4"}],"replies":[{"embeddable":true,"href":"http:\/\/denizcankizil.tr\/ru\/wp-json\/wp\/v2\/comments?post=28395"}],"version-history":[{"count":0,"href":"http:\/\/denizcankizil.tr\/ru\/wp-json\/wp\/v2\/posts\/28395\/revisions"}],"wp:featuredmedia":[{"embeddable":true,"href":"http:\/\/denizcankizil.tr\/ru\/wp-json\/wp\/v2\/media\/28396"}],"wp:attachment":[{"href":"http:\/\/denizcankizil.tr\/ru\/wp-json\/wp\/v2\/media?parent=28395"}],"wp:term":[{"taxonomy":"category","embeddable":true,"href":"http:\/\/denizcankizil.tr\/ru\/wp-json\/wp\/v2\/categories?post=28395"},{"taxonomy":"post_tag","embeddable":true,"href":"http:\/\/denizcankizil.tr\/ru\/wp-json\/wp\/v2\/tags?post=28395"}],"curies":[{"name":"wp","href":"https:\/\/api.w.org\/{rel}","templated":true}]}}