{"id":27226,"date":"2025-01-24T15:41:34","date_gmt":"2025-01-24T12:41:34","guid":{"rendered":"https:\/\/denizcankizil.tr\/uncategorized-tr\/konya-meram-belediyesi-bakanlarla-onemli-gorusmeler-gerceklestirdi\/"},"modified":"2025-01-24T15:41:34","modified_gmt":"2025-01-24T12:41:34","slug":"konya-meram-belediyesi-bakanlarla-onemli-gorusmeler-gerceklestirdi","status":"publish","type":"post","link":"http:\/\/denizcankizil.tr\/ru\/haberler\/gundem\/konya-meram-belediyesi-bakanlarla-onemli-gorusmeler-gerceklestirdi\/","title":{"rendered":"Konya Meram Belediyesi, Bakanlarla \u00f6nemli g\u00f6r\u00fc\u015fmeler ger\u00e7ekle\u015ftirdi"},"content":{"rendered":"<p>Konya Meram Belediye Ba\u015fkan\u0131 Mustafa Kavu\u015f, Ticaret Bakan\u0131 Prof. Dr. \u00d6mer Polat ve Tar\u0131m ve Orman Bakan\u0131 \u0130brahim Yumakl\u0131&#8217;y\u0131 a\u011f\u0131rlad\u0131.KONYA (\u0130GFA) &#8211;\u00a0Cumhurba\u015fkan\u0131 Yard\u0131mc\u0131s\u0131 Cevdet Y\u0131lmaz&#8217;\u0131n ba\u015fkanl\u0131\u011f\u0131ndaki Ekonomi Koordinasyon Kurulu Toplant\u0131s\u0131 i\u00e7in Konya\u2019ya gelen Tar\u0131m ve Orman Bakan\u0131 \u0130brahim Yumakl\u0131 ve Ticaret Bakan\u0131 Prof. Dr. \u00d6mer Bolat, toplant\u0131 \u00f6ncesinde Meram Belediye Ba\u015fkan\u0131 Mustafa Kavu\u015f\u2019u ziyaret ettiler.<br \/>\nMeram Belediyesinin yat\u0131r\u0131m ve projelerinin ele al\u0131nd\u0131\u011f\u0131 ziyarette bakanlara, AK Parti Konya Milletvekili Mehmet Baykan ve MHP Konya Milletvekili Konur Alp Ko\u00e7ak da e\u015flik etti. Meram Belediye Ba\u015fkan\u0131 Mustafa Kavu\u015f, bakanlara belediyenin \u00e7al\u0131\u015fmalar\u0131 ve \u00f6n\u00fcm\u00fczdeki s\u00fcre\u00e7te ger\u00e7ekle\u015ftirilecek projeler hakk\u0131nda bilgi verdi. Yap\u0131lan t\u00fcm \u00e7al\u0131\u015fmalar\u0131 takdirle kar\u015f\u0131lad\u0131klar\u0131n\u0131 ifade eden Tar\u0131m ve Orman Bakan\u0131 Yumakl\u0131 ve Ticaret Bakan\u0131 Bolat, \u00f6zverilerinden dolay\u0131 Ba\u015fkan Kavu\u015f ve ekibine te\u015fekk\u00fcr ettiler.<\/p>\n<p>6 \u0130L\u00c7EN\u0130N \u00c7ALI\u015eMALARI MERAM\u2019DA MASAYA YATIRILDI<br \/>\nTar\u0131m ve Orman Bakan\u0131 \u0130brahim Yumakl\u0131 ve Ticaret Bakan\u0131 Prof. Dr. \u00d6mer Bolat, daha sonra Konya\u2019n\u0131n alt\u0131 il\u00e7e belediyesinin i\u015frirakiyleMeram Belediyesinin ev sahipli\u011finde ger\u00e7ekle\u015ftirilen isti\u015fare toplant\u0131s\u0131na ge\u00e7tiler. Meram, Bey\u015fehir, Derbent, Derebucak, H\u00fcy\u00fck ve Kulu Belediyelerinin kat\u0131ld\u0131\u011f\u0131 toplant\u0131da bu il\u00e7elerde yap\u0131lan \u00e7al\u0131\u015fmalar masaya yat\u0131r\u0131ld\u0131. Ba\u015fkanlardan il\u00e7elerin \u00e7al\u0131\u015fmalar\u0131 hakk\u0131nda bilgi alan Yumakl\u0131 ve Bolat, bu il\u00e7elerde tar\u0131m ve ticaretin geli\u015fmesine y\u00f6nelik yeni i\u015f birli\u011fi f\u0131rsatlar\u0131n\u0131 da ele ald\u0131lar. Bakanlar, Meram ve ta\u015fra belediyelerinin y\u00fcr\u00fctt\u00fc\u011f\u00fc projelere ili\u015fkin de\u011ferlendirmelerde bulunarak, devlet deste\u011fiyle yap\u0131labilecek \u00e7al\u0131\u015fmalar hakk\u0131nda g\u00f6r\u00fc\u015flerini aktar\u0131p bu isti\u015fare toplant\u0131lar\u0131n\u0131n Ekonomi Kurul Toplant\u0131s\u0131 \u00f6ncesi \u00f6nem arz etti\u011fini ve alt yap\u0131 olu\u015fturdu\u011funu ifade ettiler.<\/p>\n<p>Tar\u0131m ve Orman Bakan\u0131 \u0130brahim Yumakl\u0131 ile Ticaret Bakan\u0131 Prof. Dr. \u00d6mer Bolat, Meram Sekine Hatun Camii\u2019nde k\u0131ld\u0131klar\u0131 Cuma Namaz\u0131\u2019n\u0131n ard\u0131ndan KOP Eylem Plan\u0131 ve Ekonomi Koordinasyon Kurulu Toplant\u0131s\u0131lar\u0131na kat\u0131lmak \u00fczere Meram\u2019dan ayr\u0131ld\u0131lar.<\/p>\n<p>\u200bKonya Meram Belediye Ba\u015fkan\u0131 Mustafa Kavu\u015f, Ticaret Bakan\u0131 Prof. Dr. \u00d6mer Polat ve Tar\u0131m ve Orman Bakan\u0131 \u0130brahim Yumakl\u0131&#8217;y\u0131 a\u011f\u0131rlad\u0131.KONYA (\u0130GFA) &#8211;\u00a0Cumhurba\u015fkan\u0131 Yard\u0131mc\u0131s\u0131 Cevdet Y\u0131lmaz&#8217;\u0131n ba\u015fkanl\u0131\u011f\u0131ndaki Ekonomi Koordinasyon Kurulu Toplant\u0131s\u0131 i\u00e7in Konya\u2019ya gelen Tar\u0131m ve Orman Bakan\u0131 \u0130brahim Yumakl\u0131 ve Ticaret Bakan\u0131 Prof. Dr. \u00d6mer Bolat, toplant\u0131 \u00f6ncesinde Meram Belediye Ba\u015fkan\u0131 Mustafa Kavu\u015f\u2019u ziyaret ettiler.<br \/>\nMeram Belediyesinin yat\u0131r\u0131m ve projelerinin ele al\u0131nd\u0131\u011f\u0131 ziyarette bakanlara, AK Parti Konya Milletvekili Mehmet Baykan ve MHP Konya Milletvekili Konur Alp Ko\u00e7ak da e\u015flik etti. Meram Belediye Ba\u015fkan\u0131 Mustafa Kavu\u015f, bakanlara belediyenin \u00e7al\u0131\u015fmalar\u0131 ve \u00f6n\u00fcm\u00fczdeki s\u00fcre\u00e7te ger\u00e7ekle\u015ftirilecek projeler hakk\u0131nda bilgi verdi. Yap\u0131lan t\u00fcm \u00e7al\u0131\u015fmalar\u0131 takdirle kar\u015f\u0131lad\u0131klar\u0131n\u0131 ifade eden Tar\u0131m ve Orman Bakan\u0131 Yumakl\u0131 ve Ticaret Bakan\u0131 Bolat, \u00f6zverilerinden dolay\u0131 Ba\u015fkan Kavu\u015f ve ekibine te\u015fekk\u00fcr ettiler.<\/p>\n<p>6 \u0130L\u00c7EN\u0130N \u00c7ALI\u015eMALARI MERAM\u2019DA MASAYA YATIRILDI<br \/>\nTar\u0131m ve Orman Bakan\u0131 \u0130brahim Yumakl\u0131 ve Ticaret Bakan\u0131 Prof. Dr. \u00d6mer Bolat, daha sonra Konya\u2019n\u0131n alt\u0131 il\u00e7e belediyesinin i\u015frirakiyleMeram Belediyesinin ev sahipli\u011finde ger\u00e7ekle\u015ftirilen isti\u015fare toplant\u0131s\u0131na ge\u00e7tiler. Meram, Bey\u015fehir, Derbent, Derebucak, H\u00fcy\u00fck ve Kulu Belediyelerinin kat\u0131ld\u0131\u011f\u0131 toplant\u0131da bu il\u00e7elerde yap\u0131lan \u00e7al\u0131\u015fmalar masaya yat\u0131r\u0131ld\u0131. Ba\u015fkanlardan il\u00e7elerin \u00e7al\u0131\u015fmalar\u0131 hakk\u0131nda bilgi alan Yumakl\u0131 ve Bolat, bu il\u00e7elerde tar\u0131m ve ticaretin geli\u015fmesine y\u00f6nelik yeni i\u015f birli\u011fi f\u0131rsatlar\u0131n\u0131 da ele ald\u0131lar. Bakanlar, Meram ve ta\u015fra belediyelerinin y\u00fcr\u00fctt\u00fc\u011f\u00fc projelere ili\u015fkin de\u011ferlendirmelerde bulunarak, devlet deste\u011fiyle yap\u0131labilecek \u00e7al\u0131\u015fmalar hakk\u0131nda g\u00f6r\u00fc\u015flerini aktar\u0131p bu isti\u015fare toplant\u0131lar\u0131n\u0131n Ekonomi Kurul Toplant\u0131s\u0131 \u00f6ncesi \u00f6nem arz etti\u011fini ve alt yap\u0131 olu\u015fturdu\u011funu ifade ettiler.<\/p>\n<p>Tar\u0131m ve Orman Bakan\u0131 \u0130brahim Yumakl\u0131 ile Ticaret Bakan\u0131 Prof. Dr. \u00d6mer Bolat, Meram Sekine Hatun Camii\u2019nde k\u0131ld\u0131klar\u0131 Cuma Namaz\u0131\u2019n\u0131n ard\u0131ndan KOP Eylem Plan\u0131 ve Ekonomi Koordinasyon Kurulu Toplant\u0131s\u0131lar\u0131na kat\u0131lmak \u00fczere Meram\u2019dan ayr\u0131ld\u0131lar.\u00a0<\/p>\n<p>\u200bHaberin Al\u0131nt\u0131land\u0131\u011f\u0131 Kaynak: www.iskenderun.org<\/p>","protected":false},"excerpt":{"rendered":"<p>Konya Meram Belediye Ba\u015fkan\u0131 Mustafa Kavu\u015f, Ticaret Bakan\u0131 Prof. Dr. \u00d6mer Polat ve Tar\u0131m ve Orman Bakan\u0131 \u0130brahim Yumakl\u0131&#8217;y\u0131 a\u011f\u0131rlad\u0131.KONYA (\u0130GFA) &#8211;\u00a0Cumhurba\u015fkan\u0131 Yard\u0131mc\u0131s\u0131 Cevdet Y\u0131lmaz&#8217;\u0131n ba\u015fkanl\u0131\u011f\u0131ndaki Ekonomi Koordinasyon Kurulu Toplant\u0131s\u0131 i\u00e7in Konya\u2019ya gelen Tar\u0131m ve Orman Bakan\u0131 \u0130brahim Yumakl\u0131 ve Ticaret Bakan\u0131 Prof. Dr. \u00d6mer Bolat, toplant\u0131 \u00f6ncesinde Meram Belediye Ba\u015fkan\u0131 Mustafa Kavu\u015f\u2019u ziyaret ettiler. Meram Belediyesinin yat\u0131r\u0131m ve projelerinin ele al\u0131nd\u0131\u011f\u0131 ziyarette bakanlara, AK Parti Konya Milletvekili Mehmet Baykan ve MHP Konya Milletvekili Konur Alp Ko\u00e7ak da e\u015flik etti. Meram Belediye Ba\u015fkan\u0131 Mustafa Kavu\u015f, bakanlara belediyenin \u00e7al\u0131\u015fmalar\u0131 ve \u00f6n\u00fcm\u00fczdeki s\u00fcre\u00e7te ger\u00e7ekle\u015ftirilecek projeler hakk\u0131nda bilgi verdi. Yap\u0131lan t\u00fcm \u00e7al\u0131\u015fmalar\u0131 takdirle kar\u015f\u0131lad\u0131klar\u0131n\u0131 ifade eden Tar\u0131m ve Orman Bakan\u0131 Yumakl\u0131 ve Ticaret Bakan\u0131 Bolat, \u00f6zverilerinden dolay\u0131 Ba\u015fkan Kavu\u015f ve ekibine te\u015fekk\u00fcr ettiler. 6 \u0130L\u00c7EN\u0130N \u00c7ALI\u015eMALARI MERAM\u2019DA MASAYA YATIRILDI Tar\u0131m ve Orman Bakan\u0131 \u0130brahim Yumakl\u0131 ve Ticaret Bakan\u0131 Prof. Dr. \u00d6mer Bolat, daha sonra Konya\u2019n\u0131n alt\u0131 il\u00e7e belediyesinin i\u015frirakiyleMeram Belediyesinin ev sahipli\u011finde ger\u00e7ekle\u015ftirilen isti\u015fare toplant\u0131s\u0131na ge\u00e7tiler. Meram, Bey\u015fehir, Derbent, Derebucak, H\u00fcy\u00fck ve Kulu Belediyelerinin kat\u0131ld\u0131\u011f\u0131 toplant\u0131da bu il\u00e7elerde yap\u0131lan \u00e7al\u0131\u015fmalar masaya yat\u0131r\u0131ld\u0131. Ba\u015fkanlardan il\u00e7elerin \u00e7al\u0131\u015fmalar\u0131 hakk\u0131nda bilgi alan Yumakl\u0131 ve Bolat, bu il\u00e7elerde tar\u0131m ve ticaretin geli\u015fmesine y\u00f6nelik yeni i\u015f birli\u011fi f\u0131rsatlar\u0131n\u0131 da ele ald\u0131lar. Bakanlar, Meram ve ta\u015fra belediyelerinin y\u00fcr\u00fctt\u00fc\u011f\u00fc projelere ili\u015fkin &hellip;<\/p>","protected":false},"author":1,"featured_media":0,"comment_status":"open","ping_status":"open","sticky":false,"template":"","format":"standard","meta":{"_acf_changed":false,"footnotes":""},"categories":[24],"tags":[],"class_list":["post-27226","post","type-post","status-publish","format-standard","has-post-thumbnail","hentry","category-gundem"],"acf":[],"yoast_head":"<!-- This site is optimized with the Yoast SEO Premium plugin v26.6 (Yoast SEO v27.1.1) - https:\/\/yoast.com\/product\/yoast-seo-premium-wordpress\/ -->\n<title>Konya Meram Belediyesi, Bakanlarla \u00f6nemli g\u00f6r\u00fc\u015fmeler ger\u00e7ekle\u015ftirdi - Av. Deniz Can K\u0131z\u0131l<\/title>\n<meta name=\"robots\" content=\"index, follow, max-snippet:-1, max-image-preview:large, max-video-preview:-1\" \/>\n<link rel=\"canonical\" href=\"http:\/\/denizcankizil.tr\/ru\/haberler\/gundem\/konya-meram-belediyesi-bakanlarla-onemli-gorusmeler-gerceklestirdi\/\" \/>\n<meta property=\"og:locale\" content=\"ru_RU\" \/>\n<meta property=\"og:type\" content=\"article\" \/>\n<meta property=\"og:title\" content=\"Konya Meram Belediyesi, Bakanlarla \u00f6nemli g\u00f6r\u00fc\u015fmeler ger\u00e7ekle\u015ftirdi\" \/>\n<meta property=\"og:description\" content=\"Konya Meram Belediye Ba\u015fkan\u0131 Mustafa Kavu\u015f, Ticaret Bakan\u0131 Prof. Dr. \u00d6mer Polat ve Tar\u0131m ve Orman Bakan\u0131 \u0130brahim Yumakl\u0131&#8217;y\u0131 a\u011f\u0131rlad\u0131.KONYA (\u0130GFA) &#8211;\u00a0Cumhurba\u015fkan\u0131 Yard\u0131mc\u0131s\u0131 Cevdet Y\u0131lmaz&#8217;\u0131n ba\u015fkanl\u0131\u011f\u0131ndaki Ekonomi Koordinasyon Kurulu Toplant\u0131s\u0131 i\u00e7in Konya\u2019ya gelen Tar\u0131m ve Orman Bakan\u0131 \u0130brahim Yumakl\u0131 ve Ticaret Bakan\u0131 Prof. Dr. \u00d6mer Bolat, toplant\u0131 \u00f6ncesinde Meram Belediye Ba\u015fkan\u0131 Mustafa Kavu\u015f\u2019u ziyaret ettiler. Meram Belediyesinin yat\u0131r\u0131m ve projelerinin ele al\u0131nd\u0131\u011f\u0131 ziyarette bakanlara, AK Parti Konya Milletvekili Mehmet Baykan ve MHP Konya Milletvekili Konur Alp Ko\u00e7ak da e\u015flik etti. Meram Belediye Ba\u015fkan\u0131 Mustafa Kavu\u015f, bakanlara belediyenin \u00e7al\u0131\u015fmalar\u0131 ve \u00f6n\u00fcm\u00fczdeki s\u00fcre\u00e7te ger\u00e7ekle\u015ftirilecek projeler hakk\u0131nda bilgi verdi. Yap\u0131lan t\u00fcm \u00e7al\u0131\u015fmalar\u0131 takdirle kar\u015f\u0131lad\u0131klar\u0131n\u0131 ifade eden Tar\u0131m ve Orman Bakan\u0131 Yumakl\u0131 ve Ticaret Bakan\u0131 Bolat, \u00f6zverilerinden dolay\u0131 Ba\u015fkan Kavu\u015f ve ekibine te\u015fekk\u00fcr ettiler. 6 \u0130L\u00c7EN\u0130N \u00c7ALI\u015eMALARI MERAM\u2019DA MASAYA YATIRILDI Tar\u0131m ve Orman Bakan\u0131 \u0130brahim Yumakl\u0131 ve Ticaret Bakan\u0131 Prof. Dr. \u00d6mer Bolat, daha sonra Konya\u2019n\u0131n alt\u0131 il\u00e7e belediyesinin i\u015frirakiyleMeram Belediyesinin ev sahipli\u011finde ger\u00e7ekle\u015ftirilen isti\u015fare toplant\u0131s\u0131na ge\u00e7tiler. Meram, Bey\u015fehir, Derbent, Derebucak, H\u00fcy\u00fck ve Kulu Belediyelerinin kat\u0131ld\u0131\u011f\u0131 toplant\u0131da bu il\u00e7elerde yap\u0131lan \u00e7al\u0131\u015fmalar masaya yat\u0131r\u0131ld\u0131. Ba\u015fkanlardan il\u00e7elerin \u00e7al\u0131\u015fmalar\u0131 hakk\u0131nda bilgi alan Yumakl\u0131 ve Bolat, bu il\u00e7elerde tar\u0131m ve ticaretin geli\u015fmesine y\u00f6nelik yeni i\u015f birli\u011fi f\u0131rsatlar\u0131n\u0131 da ele ald\u0131lar. Bakanlar, Meram ve ta\u015fra belediyelerinin y\u00fcr\u00fctt\u00fc\u011f\u00fc projelere ili\u015fkin &hellip;\" \/>\n<meta property=\"og:url\" content=\"http:\/\/denizcankizil.tr\/ru\/haberler\/gundem\/konya-meram-belediyesi-bakanlarla-onemli-gorusmeler-gerceklestirdi\/\" \/>\n<meta property=\"og:site_name\" content=\"Av. Deniz Can K\u0131z\u0131l\" \/>\n<meta property=\"article:published_time\" content=\"2025-01-24T12:41:34+00:00\" \/>\n<meta name=\"author\" content=\"admin\" \/>\n<meta name=\"twitter:card\" content=\"summary_large_image\" \/>\n<meta name=\"twitter:label1\" content=\"\u041d\u0430\u043f\u0438\u0441\u0430\u043d\u043e \u0430\u0432\u0442\u043e\u0440\u043e\u043c\" \/>\n\t<meta name=\"twitter:data1\" content=\"admin\" \/>\n\t<meta name=\"twitter:label2\" content=\"\u041f\u0440\u0438\u043c\u0435\u0440\u043d\u043e\u0435 \u0432\u0440\u0435\u043c\u044f \u0434\u043b\u044f \u0447\u0442\u0435\u043d\u0438\u044f\" \/>\n\t<meta name=\"twitter:data2\" content=\"4 \u043c\u0438\u043d\u0443\u0442\u044b\" \/>\n<script type=\"application\/ld+json\" class=\"yoast-schema-graph\">{\"@context\":\"https:\/\/schema.org\",\"@graph\":[{\"@type\":\"Article\",\"@id\":\"http:\/\/denizcankizil.tr\/ru\/haberler\/gundem\/konya-meram-belediyesi-bakanlarla-onemli-gorusmeler-gerceklestirdi\/#article\",\"isPartOf\":{\"@id\":\"http:\/\/denizcankizil.tr\/ru\/haberler\/gundem\/konya-meram-belediyesi-bakanlarla-onemli-gorusmeler-gerceklestirdi\/\"},\"author\":{\"name\":\"admin\",\"@id\":\"https:\/\/denizcankizil.tr\/#\/schema\/person\/be3c05fe6a12686905512445d8185489\"},\"headline\":\"Konya Meram Belediyesi, Bakanlarla \u00f6nemli g\u00f6r\u00fc\u015fmeler ger\u00e7ekle\u015ftirdi\",\"datePublished\":\"2025-01-24T12:41:34+00:00\",\"mainEntityOfPage\":{\"@id\":\"http:\/\/denizcankizil.tr\/ru\/haberler\/gundem\/konya-meram-belediyesi-bakanlarla-onemli-gorusmeler-gerceklestirdi\/\"},\"wordCount\":763,\"commentCount\":0,\"publisher\":{\"@id\":\"https:\/\/denizcankizil.tr\/#organization\"},\"articleSection\":[\"G\u00fcndem\"],\"inLanguage\":\"ru-RU\",\"potentialAction\":[{\"@type\":\"CommentAction\",\"name\":\"Comment\",\"target\":[\"http:\/\/denizcankizil.tr\/ru\/haberler\/gundem\/konya-meram-belediyesi-bakanlarla-onemli-gorusmeler-gerceklestirdi\/#respond\"]}]},{\"@type\":\"WebPage\",\"@id\":\"http:\/\/denizcankizil.tr\/ru\/haberler\/gundem\/konya-meram-belediyesi-bakanlarla-onemli-gorusmeler-gerceklestirdi\/\",\"url\":\"http:\/\/denizcankizil.tr\/ru\/haberler\/gundem\/konya-meram-belediyesi-bakanlarla-onemli-gorusmeler-gerceklestirdi\/\",\"name\":\"Konya Meram Belediyesi, Bakanlarla \u00f6nemli g\u00f6r\u00fc\u015fmeler ger\u00e7ekle\u015ftirdi - Av. Deniz Can K\u0131z\u0131l\",\"isPartOf\":{\"@id\":\"https:\/\/denizcankizil.tr\/#website\"},\"datePublished\":\"2025-01-24T12:41:34+00:00\",\"breadcrumb\":{\"@id\":\"http:\/\/denizcankizil.tr\/ru\/haberler\/gundem\/konya-meram-belediyesi-bakanlarla-onemli-gorusmeler-gerceklestirdi\/#breadcrumb\"},\"inLanguage\":\"ru-RU\",\"potentialAction\":[{\"@type\":\"ReadAction\",\"target\":[\"http:\/\/denizcankizil.tr\/ru\/haberler\/gundem\/konya-meram-belediyesi-bakanlarla-onemli-gorusmeler-gerceklestirdi\/\"]}]},{\"@type\":\"BreadcrumbList\",\"@id\":\"http:\/\/denizcankizil.tr\/ru\/haberler\/gundem\/konya-meram-belediyesi-bakanlarla-onemli-gorusmeler-gerceklestirdi\/#breadcrumb\",\"itemListElement\":[{\"@type\":\"ListItem\",\"position\":1,\"name\":\"Home\",\"item\":\"https:\/\/denizcankizil.tr\/de\/\"},{\"@type\":\"ListItem\",\"position\":2,\"name\":\"Konya Meram Belediyesi, Bakanlarla \u00f6nemli g\u00f6r\u00fc\u015fmeler ger\u00e7ekle\u015ftirdi\"}]},{\"@type\":\"WebSite\",\"@id\":\"https:\/\/denizcankizil.tr\/#website\",\"url\":\"https:\/\/denizcankizil.tr\/\",\"name\":\"Av. Deniz Can K\u0131z\u0131l\",\"description\":\"Avukat Deniz Can K\u0131z\u0131l Antalya Barosu\",\"publisher\":{\"@id\":\"https:\/\/denizcankizil.tr\/#organization\"},\"potentialAction\":[{\"@type\":\"SearchAction\",\"target\":{\"@type\":\"EntryPoint\",\"urlTemplate\":\"https:\/\/denizcankizil.tr\/?s={search_term_string}\"},\"query-input\":{\"@type\":\"PropertyValueSpecification\",\"valueRequired\":true,\"valueName\":\"search_term_string\"}}],\"inLanguage\":\"ru-RU\"},{\"@type\":\"Organization\",\"@id\":\"https:\/\/denizcankizil.tr\/#organization\",\"name\":\"Av. Deniz Can K\u0131z\u0131l\",\"url\":\"https:\/\/denizcankizil.tr\/\",\"logo\":{\"@type\":\"ImageObject\",\"inLanguage\":\"ru-RU\",\"@id\":\"https:\/\/denizcankizil.tr\/#\/schema\/logo\/image\/\",\"url\":\"http:\/\/denizcankizil.tr\/wp-content\/uploads\/2024\/10\/siyah-logo-svg.svg\",\"contentUrl\":\"http:\/\/denizcankizil.tr\/wp-content\/uploads\/2024\/10\/siyah-logo-svg.svg\",\"width\":1080,\"height\":1080,\"caption\":\"Av. Deniz Can K\u0131z\u0131l\"},\"image\":{\"@id\":\"https:\/\/denizcankizil.tr\/#\/schema\/logo\/image\/\"}},{\"@type\":\"Person\",\"@id\":\"https:\/\/denizcankizil.tr\/#\/schema\/person\/be3c05fe6a12686905512445d8185489\",\"name\":\"admin\",\"image\":{\"@type\":\"ImageObject\",\"inLanguage\":\"ru-RU\",\"@id\":\"https:\/\/denizcankizil.tr\/#\/schema\/person\/image\/\",\"url\":\"https:\/\/secure.gravatar.com\/avatar\/c1fce94c830dc79107e174f890d7210541c4a63e8e5d816341794a2151c9d58c?s=96&d=mm&r=g\",\"contentUrl\":\"https:\/\/secure.gravatar.com\/avatar\/c1fce94c830dc79107e174f890d7210541c4a63e8e5d816341794a2151c9d58c?s=96&d=mm&r=g\",\"caption\":\"admin\"},\"sameAs\":[\"http:\/\/denizcankizil.tr\"],\"url\":\"https:\/\/www.iskenderun.org\/konya-meram-belediyesi-bakanlarla-onemli-gorusmeler-gerceklestirdi\"}]}<\/script>\n<!-- \/ Yoast SEO Premium plugin. -->","yoast_head_json":{"title":"Konya Meram Belediyesi, Bakanlarla \u00f6nemli g\u00f6r\u00fc\u015fmeler ger\u00e7ekle\u015ftirdi - Av. Deniz Can K\u0131z\u0131l","robots":{"index":"index","follow":"follow","max-snippet":"max-snippet:-1","max-image-preview":"max-image-preview:large","max-video-preview":"max-video-preview:-1"},"canonical":"http:\/\/denizcankizil.tr\/ru\/haberler\/gundem\/konya-meram-belediyesi-bakanlarla-onemli-gorusmeler-gerceklestirdi\/","og_locale":"ru_RU","og_type":"article","og_title":"Konya Meram Belediyesi, Bakanlarla \u00f6nemli g\u00f6r\u00fc\u015fmeler ger\u00e7ekle\u015ftirdi","og_description":"Konya Meram Belediye Ba\u015fkan\u0131 Mustafa Kavu\u015f, Ticaret Bakan\u0131 Prof. Dr. \u00d6mer Polat ve Tar\u0131m ve Orman Bakan\u0131 \u0130brahim Yumakl\u0131&#8217;y\u0131 a\u011f\u0131rlad\u0131.KONYA (\u0130GFA) &#8211;\u00a0Cumhurba\u015fkan\u0131 Yard\u0131mc\u0131s\u0131 Cevdet Y\u0131lmaz&#8217;\u0131n ba\u015fkanl\u0131\u011f\u0131ndaki Ekonomi Koordinasyon Kurulu Toplant\u0131s\u0131 i\u00e7in Konya\u2019ya gelen Tar\u0131m ve Orman Bakan\u0131 \u0130brahim Yumakl\u0131 ve Ticaret Bakan\u0131 Prof. Dr. \u00d6mer Bolat, toplant\u0131 \u00f6ncesinde Meram Belediye Ba\u015fkan\u0131 Mustafa Kavu\u015f\u2019u ziyaret ettiler. Meram Belediyesinin yat\u0131r\u0131m ve projelerinin ele al\u0131nd\u0131\u011f\u0131 ziyarette bakanlara, AK Parti Konya Milletvekili Mehmet Baykan ve MHP Konya Milletvekili Konur Alp Ko\u00e7ak da e\u015flik etti. Meram Belediye Ba\u015fkan\u0131 Mustafa Kavu\u015f, bakanlara belediyenin \u00e7al\u0131\u015fmalar\u0131 ve \u00f6n\u00fcm\u00fczdeki s\u00fcre\u00e7te ger\u00e7ekle\u015ftirilecek projeler hakk\u0131nda bilgi verdi. Yap\u0131lan t\u00fcm \u00e7al\u0131\u015fmalar\u0131 takdirle kar\u015f\u0131lad\u0131klar\u0131n\u0131 ifade eden Tar\u0131m ve Orman Bakan\u0131 Yumakl\u0131 ve Ticaret Bakan\u0131 Bolat, \u00f6zverilerinden dolay\u0131 Ba\u015fkan Kavu\u015f ve ekibine te\u015fekk\u00fcr ettiler. 6 \u0130L\u00c7EN\u0130N \u00c7ALI\u015eMALARI MERAM\u2019DA MASAYA YATIRILDI Tar\u0131m ve Orman Bakan\u0131 \u0130brahim Yumakl\u0131 ve Ticaret Bakan\u0131 Prof. Dr. \u00d6mer Bolat, daha sonra Konya\u2019n\u0131n alt\u0131 il\u00e7e belediyesinin i\u015frirakiyleMeram Belediyesinin ev sahipli\u011finde ger\u00e7ekle\u015ftirilen isti\u015fare toplant\u0131s\u0131na ge\u00e7tiler. Meram, Bey\u015fehir, Derbent, Derebucak, H\u00fcy\u00fck ve Kulu Belediyelerinin kat\u0131ld\u0131\u011f\u0131 toplant\u0131da bu il\u00e7elerde yap\u0131lan \u00e7al\u0131\u015fmalar masaya yat\u0131r\u0131ld\u0131. Ba\u015fkanlardan il\u00e7elerin \u00e7al\u0131\u015fmalar\u0131 hakk\u0131nda bilgi alan Yumakl\u0131 ve Bolat, bu il\u00e7elerde tar\u0131m ve ticaretin geli\u015fmesine y\u00f6nelik yeni i\u015f birli\u011fi f\u0131rsatlar\u0131n\u0131 da ele ald\u0131lar. Bakanlar, Meram ve ta\u015fra belediyelerinin y\u00fcr\u00fctt\u00fc\u011f\u00fc projelere ili\u015fkin &hellip;","og_url":"http:\/\/denizcankizil.tr\/ru\/haberler\/gundem\/konya-meram-belediyesi-bakanlarla-onemli-gorusmeler-gerceklestirdi\/","og_site_name":"Av. Deniz Can K\u0131z\u0131l","article_published_time":"2025-01-24T12:41:34+00:00","author":"admin","twitter_card":"summary_large_image","twitter_misc":{"\u041d\u0430\u043f\u0438\u0441\u0430\u043d\u043e \u0430\u0432\u0442\u043e\u0440\u043e\u043c":"admin","\u041f\u0440\u0438\u043c\u0435\u0440\u043d\u043e\u0435 \u0432\u0440\u0435\u043c\u044f \u0434\u043b\u044f \u0447\u0442\u0435\u043d\u0438\u044f":"4 \u043c\u0438\u043d\u0443\u0442\u044b"},"schema":{"@context":"https:\/\/schema.org","@graph":[{"@type":"Article","@id":"http:\/\/denizcankizil.tr\/ru\/haberler\/gundem\/konya-meram-belediyesi-bakanlarla-onemli-gorusmeler-gerceklestirdi\/#article","isPartOf":{"@id":"http:\/\/denizcankizil.tr\/ru\/haberler\/gundem\/konya-meram-belediyesi-bakanlarla-onemli-gorusmeler-gerceklestirdi\/"},"author":{"name":"admin","@id":"https:\/\/denizcankizil.tr\/#\/schema\/person\/be3c05fe6a12686905512445d8185489"},"headline":"Konya Meram Belediyesi, Bakanlarla \u00f6nemli g\u00f6r\u00fc\u015fmeler ger\u00e7ekle\u015ftirdi","datePublished":"2025-01-24T12:41:34+00:00","mainEntityOfPage":{"@id":"http:\/\/denizcankizil.tr\/ru\/haberler\/gundem\/konya-meram-belediyesi-bakanlarla-onemli-gorusmeler-gerceklestirdi\/"},"wordCount":763,"commentCount":0,"publisher":{"@id":"https:\/\/denizcankizil.tr\/#organization"},"articleSection":["G\u00fcndem"],"inLanguage":"ru-RU","potentialAction":[{"@type":"CommentAction","name":"Comment","target":["http:\/\/denizcankizil.tr\/ru\/haberler\/gundem\/konya-meram-belediyesi-bakanlarla-onemli-gorusmeler-gerceklestirdi\/#respond"]}]},{"@type":"WebPage","@id":"http:\/\/denizcankizil.tr\/ru\/haberler\/gundem\/konya-meram-belediyesi-bakanlarla-onemli-gorusmeler-gerceklestirdi\/","url":"http:\/\/denizcankizil.tr\/ru\/haberler\/gundem\/konya-meram-belediyesi-bakanlarla-onemli-gorusmeler-gerceklestirdi\/","name":"Konya Meram Belediyesi, Bakanlarla \u00f6nemli g\u00f6r\u00fc\u015fmeler ger\u00e7ekle\u015ftirdi - Av. Deniz Can K\u0131z\u0131l","isPartOf":{"@id":"https:\/\/denizcankizil.tr\/#website"},"datePublished":"2025-01-24T12:41:34+00:00","breadcrumb":{"@id":"http:\/\/denizcankizil.tr\/ru\/haberler\/gundem\/konya-meram-belediyesi-bakanlarla-onemli-gorusmeler-gerceklestirdi\/#breadcrumb"},"inLanguage":"ru-RU","potentialAction":[{"@type":"ReadAction","target":["http:\/\/denizcankizil.tr\/ru\/haberler\/gundem\/konya-meram-belediyesi-bakanlarla-onemli-gorusmeler-gerceklestirdi\/"]}]},{"@type":"BreadcrumbList","@id":"http:\/\/denizcankizil.tr\/ru\/haberler\/gundem\/konya-meram-belediyesi-bakanlarla-onemli-gorusmeler-gerceklestirdi\/#breadcrumb","itemListElement":[{"@type":"ListItem","position":1,"name":"Home","item":"https:\/\/denizcankizil.tr\/de\/"},{"@type":"ListItem","position":2,"name":"Konya Meram Belediyesi, Bakanlarla \u00f6nemli g\u00f6r\u00fc\u015fmeler ger\u00e7ekle\u015ftirdi"}]},{"@type":"WebSite","@id":"https:\/\/denizcankizil.tr\/#website","url":"https:\/\/denizcankizil.tr\/","name":"Av. Deniz Can K\u0131z\u0131l","description":"Avukat Deniz Can K\u0131z\u0131l Antalya Barosu","publisher":{"@id":"https:\/\/denizcankizil.tr\/#organization"},"potentialAction":[{"@type":"SearchAction","target":{"@type":"EntryPoint","urlTemplate":"https:\/\/denizcankizil.tr\/?s={search_term_string}"},"query-input":{"@type":"PropertyValueSpecification","valueRequired":true,"valueName":"search_term_string"}}],"inLanguage":"ru-RU"},{"@type":"Organization","@id":"https:\/\/denizcankizil.tr\/#organization","name":"Av. Deniz Can K\u0131z\u0131l","url":"https:\/\/denizcankizil.tr\/","logo":{"@type":"ImageObject","inLanguage":"ru-RU","@id":"https:\/\/denizcankizil.tr\/#\/schema\/logo\/image\/","url":"http:\/\/denizcankizil.tr\/wp-content\/uploads\/2024\/10\/siyah-logo-svg.svg","contentUrl":"http:\/\/denizcankizil.tr\/wp-content\/uploads\/2024\/10\/siyah-logo-svg.svg","width":1080,"height":1080,"caption":"Av. Deniz Can K\u0131z\u0131l"},"image":{"@id":"https:\/\/denizcankizil.tr\/#\/schema\/logo\/image\/"}},{"@type":"Person","@id":"https:\/\/denizcankizil.tr\/#\/schema\/person\/be3c05fe6a12686905512445d8185489","name":"\u0430\u0434\u043c\u0438\u043d","image":{"@type":"ImageObject","inLanguage":"ru-RU","@id":"https:\/\/denizcankizil.tr\/#\/schema\/person\/image\/","url":"https:\/\/secure.gravatar.com\/avatar\/c1fce94c830dc79107e174f890d7210541c4a63e8e5d816341794a2151c9d58c?s=96&d=mm&r=g","contentUrl":"https:\/\/secure.gravatar.com\/avatar\/c1fce94c830dc79107e174f890d7210541c4a63e8e5d816341794a2151c9d58c?s=96&d=mm&r=g","caption":"admin"},"sameAs":["http:\/\/denizcankizil.tr"],"url":"https:\/\/www.iskenderun.org\/konya-meram-belediyesi-bakanlarla-onemli-gorusmeler-gerceklestirdi"}]}},"_links":{"self":[{"href":"http:\/\/denizcankizil.tr\/ru\/wp-json\/wp\/v2\/posts\/27226","targetHints":{"allow":["GET"]}}],"collection":[{"href":"http:\/\/denizcankizil.tr\/ru\/wp-json\/wp\/v2\/posts"}],"about":[{"href":"http:\/\/denizcankizil.tr\/ru\/wp-json\/wp\/v2\/types\/post"}],"author":[{"embeddable":true,"href":"http:\/\/denizcankizil.tr\/ru\/wp-json\/wp\/v2\/users\/1"}],"replies":[{"embeddable":true,"href":"http:\/\/denizcankizil.tr\/ru\/wp-json\/wp\/v2\/comments?post=27226"}],"version-history":[{"count":0,"href":"http:\/\/denizcankizil.tr\/ru\/wp-json\/wp\/v2\/posts\/27226\/revisions"}],"wp:attachment":[{"href":"http:\/\/denizcankizil.tr\/ru\/wp-json\/wp\/v2\/media?parent=27226"}],"wp:term":[{"taxonomy":"category","embeddable":true,"href":"http:\/\/denizcankizil.tr\/ru\/wp-json\/wp\/v2\/categories?post=27226"},{"taxonomy":"post_tag","embeddable":true,"href":"http:\/\/denizcankizil.tr\/ru\/wp-json\/wp\/v2\/tags?post=27226"}],"curies":[{"name":"wp","href":"https:\/\/api.w.org\/{rel}","templated":true}]}}