{"id":27048,"date":"2025-01-23T23:41:14","date_gmt":"2025-01-23T20:41:14","guid":{"rendered":"https:\/\/denizcankizil.tr\/uncategorized-tr\/pence-kaplan-operasyonunda-1-asker-sehit-dustu\/"},"modified":"2025-01-23T23:41:14","modified_gmt":"2025-01-23T20:41:14","slug":"pence-kaplan-operasyonunda-1-asker-sehit-dustu","status":"publish","type":"post","link":"http:\/\/denizcankizil.tr\/ru\/haberler\/gundem\/pence-kaplan-operasyonunda-1-asker-sehit-dustu\/","title":{"rendered":"Pen\u00e7e-Kaplan operasyonunda 1 asker \u015fehit d\u00fc\u015ft\u00fc"},"content":{"rendered":"<p>Milli Savunma Bakanl\u0131\u011f\u0131, b\u00f6l\u00fcc\u00fc t*r\u00f6r \u00f6rg\u00fct\u00fc mensuplar\u0131 taraf\u0131ndan a\u00e7\u0131lan taciz ate\u015fi sonucu a\u011f\u0131r yaralanan Astsubay K\u0131demli \u00dcst\u00e7avu\u015f Ufuk Ak\u0131nc\u0131&#8217;n\u0131n \u015fehit oldu\u011funu a\u00e7\u0131klad\u0131.<\/p>\n<p>1 ASKER \u015eEH\u0130T D\u00dc\u015eT\u00dc<\/p>\n<p>Milli Savunma Bakanl\u0131\u011f\u0131&#8217;n\u0131n (MSB) a\u00e7\u0131klamas\u0131nda, &#8220;Pen\u00e7e-Kaplan operasyonu b\u00f6lgesinde, b\u00f6l\u00fcc\u00fc t*r\u00f6r \u00f6rg\u00fct\u00fc mensuplar\u0131 taraf\u0131ndan a\u00e7\u0131lan taciz ate\u015fi sonucu a\u011f\u0131r yaralanan kahraman silah arkada\u015f\u0131m\u0131z \u0130s.Asb.\u00dc\u00e7v\u015f. Ufuk AKINCI, hastanede yap\u0131lan t\u00fcm m\u00fcdahalelere ra\u011fmen kurtar\u0131lamayarak 23 Ocak 2025 tarihinde \u015fehit olmu\u015ftur\u201d denildi.\u00a0<\/p>\n<p>\u200bMilli Savunma Bakanl\u0131\u011f\u0131, Pen\u00e7e-Kaplan operasyonunun yap\u0131ld\u0131\u011f\u0131 b\u00f6lgede a\u011f\u0131r yaralanan Astsubay K\u0131demli \u00dcst\u00e7avu\u015f Ufuk Ak\u0131nc\u0131&#8217;n\u0131n \u015fehit oldu\u011funu a\u00e7\u0131klad\u0131\u00a0<\/p>\n<p>\u200bHaberin Al\u0131nt\u0131land\u0131\u011f\u0131 Kaynak: www.antalyakorfez.com<\/p>","protected":false},"excerpt":{"rendered":"<p>Milli Savunma Bakanl\u0131\u011f\u0131, b\u00f6l\u00fcc\u00fc t*r\u00f6r \u00f6rg\u00fct\u00fc mensuplar\u0131 taraf\u0131ndan a\u00e7\u0131lan taciz ate\u015fi sonucu a\u011f\u0131r yaralanan Astsubay K\u0131demli \u00dcst\u00e7avu\u015f Ufuk Ak\u0131nc\u0131&#8217;n\u0131n \u015fehit oldu\u011funu a\u00e7\u0131klad\u0131. 1 ASKER \u015eEH\u0130T D\u00dc\u015eT\u00dc Milli Savunma Bakanl\u0131\u011f\u0131&#8217;n\u0131n (MSB) a\u00e7\u0131klamas\u0131nda, &#8220;Pen\u00e7e-Kaplan operasyonu b\u00f6lgesinde, b\u00f6l\u00fcc\u00fc t*r\u00f6r \u00f6rg\u00fct\u00fc mensuplar\u0131 taraf\u0131ndan a\u00e7\u0131lan taciz ate\u015fi sonucu a\u011f\u0131r yaralanan kahraman silah arkada\u015f\u0131m\u0131z \u0130s.Asb.\u00dc\u00e7v\u015f. Ufuk AKINCI, hastanede yap\u0131lan t\u00fcm m\u00fcdahalelere ra\u011fmen kurtar\u0131lamayarak 23 Ocak 2025 tarihinde \u015fehit olmu\u015ftur\u201d denildi.\u00a0 \u200bMilli Savunma Bakanl\u0131\u011f\u0131, Pen\u00e7e-Kaplan operasyonunun yap\u0131ld\u0131\u011f\u0131 b\u00f6lgede a\u011f\u0131r yaralanan Astsubay K\u0131demli \u00dcst\u00e7avu\u015f Ufuk Ak\u0131nc\u0131&#8217;n\u0131n \u015fehit oldu\u011funu a\u00e7\u0131klad\u0131\u00a0 \u200bHaberin Al\u0131nt\u0131land\u0131\u011f\u0131 Kaynak: www.antalyakorfez.com<\/p>","protected":false},"author":5,"featured_media":0,"comment_status":"open","ping_status":"open","sticky":false,"template":"","format":"standard","meta":{"_acf_changed":false,"footnotes":""},"categories":[24],"tags":[],"class_list":["post-27048","post","type-post","status-publish","format-standard","has-post-thumbnail","hentry","category-gundem"],"acf":[],"yoast_head":"<!-- This site is optimized with the Yoast SEO Premium plugin v26.6 (Yoast SEO v27.1.1) - https:\/\/yoast.com\/product\/yoast-seo-premium-wordpress\/ -->\n<title>Pen\u00e7e-Kaplan operasyonunda 1 asker \u015fehit d\u00fc\u015ft\u00fc - Av. Deniz Can K\u0131z\u0131l<\/title>\n<meta name=\"robots\" content=\"index, follow, max-snippet:-1, max-image-preview:large, max-video-preview:-1\" \/>\n<link rel=\"canonical\" href=\"http:\/\/denizcankizil.tr\/ru\/haberler\/gundem\/pence-kaplan-operasyonunda-1-asker-sehit-dustu\/\" \/>\n<meta property=\"og:locale\" content=\"ru_RU\" \/>\n<meta property=\"og:type\" content=\"article\" \/>\n<meta property=\"og:title\" content=\"Pen\u00e7e-Kaplan operasyonunda 1 asker \u015fehit d\u00fc\u015ft\u00fc\" \/>\n<meta property=\"og:description\" content=\"Milli Savunma Bakanl\u0131\u011f\u0131, b\u00f6l\u00fcc\u00fc t*r\u00f6r \u00f6rg\u00fct\u00fc mensuplar\u0131 taraf\u0131ndan a\u00e7\u0131lan taciz ate\u015fi sonucu a\u011f\u0131r yaralanan Astsubay K\u0131demli \u00dcst\u00e7avu\u015f Ufuk Ak\u0131nc\u0131&#8217;n\u0131n \u015fehit oldu\u011funu a\u00e7\u0131klad\u0131. 1 ASKER \u015eEH\u0130T D\u00dc\u015eT\u00dc Milli Savunma Bakanl\u0131\u011f\u0131&#8217;n\u0131n (MSB) a\u00e7\u0131klamas\u0131nda, &#8220;Pen\u00e7e-Kaplan operasyonu b\u00f6lgesinde, b\u00f6l\u00fcc\u00fc t*r\u00f6r \u00f6rg\u00fct\u00fc mensuplar\u0131 taraf\u0131ndan a\u00e7\u0131lan taciz ate\u015fi sonucu a\u011f\u0131r yaralanan kahraman silah arkada\u015f\u0131m\u0131z \u0130s.Asb.\u00dc\u00e7v\u015f. Ufuk AKINCI, hastanede yap\u0131lan t\u00fcm m\u00fcdahalelere ra\u011fmen kurtar\u0131lamayarak 23 Ocak 2025 tarihinde \u015fehit olmu\u015ftur\u201d denildi.\u00a0 \u200bMilli Savunma Bakanl\u0131\u011f\u0131, Pen\u00e7e-Kaplan operasyonunun yap\u0131ld\u0131\u011f\u0131 b\u00f6lgede a\u011f\u0131r yaralanan Astsubay K\u0131demli \u00dcst\u00e7avu\u015f Ufuk Ak\u0131nc\u0131&#8217;n\u0131n \u015fehit oldu\u011funu a\u00e7\u0131klad\u0131\u00a0 \u200bHaberin Al\u0131nt\u0131land\u0131\u011f\u0131 Kaynak: www.antalyakorfez.com\" \/>\n<meta property=\"og:url\" content=\"http:\/\/denizcankizil.tr\/ru\/haberler\/gundem\/pence-kaplan-operasyonunda-1-asker-sehit-dustu\/\" \/>\n<meta property=\"og:site_name\" content=\"Av. Deniz Can K\u0131z\u0131l\" \/>\n<meta property=\"article:published_time\" content=\"2025-01-23T20:41:14+00:00\" \/>\n<meta name=\"author\" content=\"Antalya K\u00f6rfez\" \/>\n<meta name=\"twitter:card\" content=\"summary_large_image\" \/>\n<meta name=\"twitter:label1\" content=\"\u041d\u0430\u043f\u0438\u0441\u0430\u043d\u043e \u0430\u0432\u0442\u043e\u0440\u043e\u043c\" \/>\n\t<meta name=\"twitter:data1\" content=\"Antalya K\u00f6rfez\" \/>\n\t<meta name=\"twitter:label2\" content=\"\u041f\u0440\u0438\u043c\u0435\u0440\u043d\u043e\u0435 \u0432\u0440\u0435\u043c\u044f \u0434\u043b\u044f \u0447\u0442\u0435\u043d\u0438\u044f\" \/>\n\t<meta name=\"twitter:data2\" content=\"1 \u043c\u0438\u043d\u0443\u0442\u0430\" \/>\n<script type=\"application\/ld+json\" class=\"yoast-schema-graph\">{\"@context\":\"https:\/\/schema.org\",\"@graph\":[{\"@type\":\"Article\",\"@id\":\"http:\/\/denizcankizil.tr\/ru\/haberler\/gundem\/pence-kaplan-operasyonunda-1-asker-sehit-dustu\/#article\",\"isPartOf\":{\"@id\":\"http:\/\/denizcankizil.tr\/ru\/haberler\/gundem\/pence-kaplan-operasyonunda-1-asker-sehit-dustu\/\"},\"author\":{\"name\":\"Antalya K\u00f6rfez\",\"@id\":\"https:\/\/denizcankizil.tr\/#\/schema\/person\/e1eb71bb4dd684d46563f0af307e1234\"},\"headline\":\"Pen\u00e7e-Kaplan operasyonunda 1 asker \u015fehit d\u00fc\u015ft\u00fc\",\"datePublished\":\"2025-01-23T20:41:14+00:00\",\"mainEntityOfPage\":{\"@id\":\"http:\/\/denizcankizil.tr\/ru\/haberler\/gundem\/pence-kaplan-operasyonunda-1-asker-sehit-dustu\/\"},\"wordCount\":147,\"commentCount\":0,\"publisher\":{\"@id\":\"https:\/\/denizcankizil.tr\/#organization\"},\"articleSection\":[\"G\u00fcndem\"],\"inLanguage\":\"ru-RU\",\"potentialAction\":[{\"@type\":\"CommentAction\",\"name\":\"Comment\",\"target\":[\"http:\/\/denizcankizil.tr\/ru\/haberler\/gundem\/pence-kaplan-operasyonunda-1-asker-sehit-dustu\/#respond\"]}]},{\"@type\":\"WebPage\",\"@id\":\"http:\/\/denizcankizil.tr\/ru\/haberler\/gundem\/pence-kaplan-operasyonunda-1-asker-sehit-dustu\/\",\"url\":\"http:\/\/denizcankizil.tr\/ru\/haberler\/gundem\/pence-kaplan-operasyonunda-1-asker-sehit-dustu\/\",\"name\":\"Pen\u00e7e-Kaplan operasyonunda 1 asker \u015fehit d\u00fc\u015ft\u00fc - Av. Deniz Can K\u0131z\u0131l\",\"isPartOf\":{\"@id\":\"https:\/\/denizcankizil.tr\/#website\"},\"datePublished\":\"2025-01-23T20:41:14+00:00\",\"breadcrumb\":{\"@id\":\"http:\/\/denizcankizil.tr\/ru\/haberler\/gundem\/pence-kaplan-operasyonunda-1-asker-sehit-dustu\/#breadcrumb\"},\"inLanguage\":\"ru-RU\",\"potentialAction\":[{\"@type\":\"ReadAction\",\"target\":[\"http:\/\/denizcankizil.tr\/ru\/haberler\/gundem\/pence-kaplan-operasyonunda-1-asker-sehit-dustu\/\"]}]},{\"@type\":\"BreadcrumbList\",\"@id\":\"http:\/\/denizcankizil.tr\/ru\/haberler\/gundem\/pence-kaplan-operasyonunda-1-asker-sehit-dustu\/#breadcrumb\",\"itemListElement\":[{\"@type\":\"ListItem\",\"position\":1,\"name\":\"Home\",\"item\":\"https:\/\/denizcankizil.tr\/de\/\"},{\"@type\":\"ListItem\",\"position\":2,\"name\":\"Pen\u00e7e-Kaplan operasyonunda 1 asker \u015fehit d\u00fc\u015ft\u00fc\"}]},{\"@type\":\"WebSite\",\"@id\":\"https:\/\/denizcankizil.tr\/#website\",\"url\":\"https:\/\/denizcankizil.tr\/\",\"name\":\"Av. Deniz Can K\u0131z\u0131l\",\"description\":\"Avukat Deniz Can K\u0131z\u0131l Antalya Barosu\",\"publisher\":{\"@id\":\"https:\/\/denizcankizil.tr\/#organization\"},\"potentialAction\":[{\"@type\":\"SearchAction\",\"target\":{\"@type\":\"EntryPoint\",\"urlTemplate\":\"https:\/\/denizcankizil.tr\/?s={search_term_string}\"},\"query-input\":{\"@type\":\"PropertyValueSpecification\",\"valueRequired\":true,\"valueName\":\"search_term_string\"}}],\"inLanguage\":\"ru-RU\"},{\"@type\":\"Organization\",\"@id\":\"https:\/\/denizcankizil.tr\/#organization\",\"name\":\"Av. Deniz Can K\u0131z\u0131l\",\"url\":\"https:\/\/denizcankizil.tr\/\",\"logo\":{\"@type\":\"ImageObject\",\"inLanguage\":\"ru-RU\",\"@id\":\"https:\/\/denizcankizil.tr\/#\/schema\/logo\/image\/\",\"url\":\"http:\/\/denizcankizil.tr\/wp-content\/uploads\/2024\/10\/siyah-logo-svg.svg\",\"contentUrl\":\"http:\/\/denizcankizil.tr\/wp-content\/uploads\/2024\/10\/siyah-logo-svg.svg\",\"width\":1080,\"height\":1080,\"caption\":\"Av. Deniz Can K\u0131z\u0131l\"},\"image\":{\"@id\":\"https:\/\/denizcankizil.tr\/#\/schema\/logo\/image\/\"}},{\"@type\":\"Person\",\"@id\":\"https:\/\/denizcankizil.tr\/#\/schema\/person\/e1eb71bb4dd684d46563f0af307e1234\",\"name\":\"Antalya K\u00f6rfez\",\"image\":{\"@type\":\"ImageObject\",\"inLanguage\":\"ru-RU\",\"@id\":\"https:\/\/denizcankizil.tr\/#\/schema\/person\/image\/\",\"url\":\"https:\/\/secure.gravatar.com\/avatar\/42b01982558a48a0b501fdcab6a408d3717ea5919095ee2e67b0e521799c5905?s=96&d=mm&r=g\",\"contentUrl\":\"https:\/\/secure.gravatar.com\/avatar\/42b01982558a48a0b501fdcab6a408d3717ea5919095ee2e67b0e521799c5905?s=96&d=mm&r=g\",\"caption\":\"Antalya K\u00f6rfez\"},\"sameAs\":[\"http:\/\/www.antalyakorfez.com\"],\"url\":\"https:\/\/www.antalyakorfez.com\/pence-kaplan-operasyonunda-1-asker-sehit-dustu\"}]}<\/script>\n<!-- \/ Yoast SEO Premium plugin. -->","yoast_head_json":{"title":"Pen\u00e7e-Kaplan operasyonunda 1 asker \u015fehit d\u00fc\u015ft\u00fc - Av. Deniz Can K\u0131z\u0131l","robots":{"index":"index","follow":"follow","max-snippet":"max-snippet:-1","max-image-preview":"max-image-preview:large","max-video-preview":"max-video-preview:-1"},"canonical":"http:\/\/denizcankizil.tr\/ru\/haberler\/gundem\/pence-kaplan-operasyonunda-1-asker-sehit-dustu\/","og_locale":"ru_RU","og_type":"article","og_title":"Pen\u00e7e-Kaplan operasyonunda 1 asker \u015fehit d\u00fc\u015ft\u00fc","og_description":"Milli Savunma Bakanl\u0131\u011f\u0131, b\u00f6l\u00fcc\u00fc t*r\u00f6r \u00f6rg\u00fct\u00fc mensuplar\u0131 taraf\u0131ndan a\u00e7\u0131lan taciz ate\u015fi sonucu a\u011f\u0131r yaralanan Astsubay K\u0131demli \u00dcst\u00e7avu\u015f Ufuk Ak\u0131nc\u0131&#8217;n\u0131n \u015fehit oldu\u011funu a\u00e7\u0131klad\u0131. 1 ASKER \u015eEH\u0130T D\u00dc\u015eT\u00dc Milli Savunma Bakanl\u0131\u011f\u0131&#8217;n\u0131n (MSB) a\u00e7\u0131klamas\u0131nda, &#8220;Pen\u00e7e-Kaplan operasyonu b\u00f6lgesinde, b\u00f6l\u00fcc\u00fc t*r\u00f6r \u00f6rg\u00fct\u00fc mensuplar\u0131 taraf\u0131ndan a\u00e7\u0131lan taciz ate\u015fi sonucu a\u011f\u0131r yaralanan kahraman silah arkada\u015f\u0131m\u0131z \u0130s.Asb.\u00dc\u00e7v\u015f. Ufuk AKINCI, hastanede yap\u0131lan t\u00fcm m\u00fcdahalelere ra\u011fmen kurtar\u0131lamayarak 23 Ocak 2025 tarihinde \u015fehit olmu\u015ftur\u201d denildi.\u00a0 \u200bMilli Savunma Bakanl\u0131\u011f\u0131, Pen\u00e7e-Kaplan operasyonunun yap\u0131ld\u0131\u011f\u0131 b\u00f6lgede a\u011f\u0131r yaralanan Astsubay K\u0131demli \u00dcst\u00e7avu\u015f Ufuk Ak\u0131nc\u0131&#8217;n\u0131n \u015fehit oldu\u011funu a\u00e7\u0131klad\u0131\u00a0 \u200bHaberin Al\u0131nt\u0131land\u0131\u011f\u0131 Kaynak: www.antalyakorfez.com","og_url":"http:\/\/denizcankizil.tr\/ru\/haberler\/gundem\/pence-kaplan-operasyonunda-1-asker-sehit-dustu\/","og_site_name":"Av. Deniz Can K\u0131z\u0131l","article_published_time":"2025-01-23T20:41:14+00:00","author":"Antalya K\u00f6rfez","twitter_card":"summary_large_image","twitter_misc":{"\u041d\u0430\u043f\u0438\u0441\u0430\u043d\u043e \u0430\u0432\u0442\u043e\u0440\u043e\u043c":"Antalya K\u00f6rfez","\u041f\u0440\u0438\u043c\u0435\u0440\u043d\u043e\u0435 \u0432\u0440\u0435\u043c\u044f \u0434\u043b\u044f \u0447\u0442\u0435\u043d\u0438\u044f":"1 \u043c\u0438\u043d\u0443\u0442\u0430"},"schema":{"@context":"https:\/\/schema.org","@graph":[{"@type":"Article","@id":"http:\/\/denizcankizil.tr\/ru\/haberler\/gundem\/pence-kaplan-operasyonunda-1-asker-sehit-dustu\/#article","isPartOf":{"@id":"http:\/\/denizcankizil.tr\/ru\/haberler\/gundem\/pence-kaplan-operasyonunda-1-asker-sehit-dustu\/"},"author":{"name":"Antalya K\u00f6rfez","@id":"https:\/\/denizcankizil.tr\/#\/schema\/person\/e1eb71bb4dd684d46563f0af307e1234"},"headline":"Pen\u00e7e-Kaplan operasyonunda 1 asker \u015fehit d\u00fc\u015ft\u00fc","datePublished":"2025-01-23T20:41:14+00:00","mainEntityOfPage":{"@id":"http:\/\/denizcankizil.tr\/ru\/haberler\/gundem\/pence-kaplan-operasyonunda-1-asker-sehit-dustu\/"},"wordCount":147,"commentCount":0,"publisher":{"@id":"https:\/\/denizcankizil.tr\/#organization"},"articleSection":["G\u00fcndem"],"inLanguage":"ru-RU","potentialAction":[{"@type":"CommentAction","name":"Comment","target":["http:\/\/denizcankizil.tr\/ru\/haberler\/gundem\/pence-kaplan-operasyonunda-1-asker-sehit-dustu\/#respond"]}]},{"@type":"WebPage","@id":"http:\/\/denizcankizil.tr\/ru\/haberler\/gundem\/pence-kaplan-operasyonunda-1-asker-sehit-dustu\/","url":"http:\/\/denizcankizil.tr\/ru\/haberler\/gundem\/pence-kaplan-operasyonunda-1-asker-sehit-dustu\/","name":"Pen\u00e7e-Kaplan operasyonunda 1 asker \u015fehit d\u00fc\u015ft\u00fc - Av. Deniz Can K\u0131z\u0131l","isPartOf":{"@id":"https:\/\/denizcankizil.tr\/#website"},"datePublished":"2025-01-23T20:41:14+00:00","breadcrumb":{"@id":"http:\/\/denizcankizil.tr\/ru\/haberler\/gundem\/pence-kaplan-operasyonunda-1-asker-sehit-dustu\/#breadcrumb"},"inLanguage":"ru-RU","potentialAction":[{"@type":"ReadAction","target":["http:\/\/denizcankizil.tr\/ru\/haberler\/gundem\/pence-kaplan-operasyonunda-1-asker-sehit-dustu\/"]}]},{"@type":"BreadcrumbList","@id":"http:\/\/denizcankizil.tr\/ru\/haberler\/gundem\/pence-kaplan-operasyonunda-1-asker-sehit-dustu\/#breadcrumb","itemListElement":[{"@type":"ListItem","position":1,"name":"Home","item":"https:\/\/denizcankizil.tr\/de\/"},{"@type":"ListItem","position":2,"name":"Pen\u00e7e-Kaplan operasyonunda 1 asker \u015fehit d\u00fc\u015ft\u00fc"}]},{"@type":"WebSite","@id":"https:\/\/denizcankizil.tr\/#website","url":"https:\/\/denizcankizil.tr\/","name":"Av. Deniz Can K\u0131z\u0131l","description":"Avukat Deniz Can K\u0131z\u0131l Antalya Barosu","publisher":{"@id":"https:\/\/denizcankizil.tr\/#organization"},"potentialAction":[{"@type":"SearchAction","target":{"@type":"EntryPoint","urlTemplate":"https:\/\/denizcankizil.tr\/?s={search_term_string}"},"query-input":{"@type":"PropertyValueSpecification","valueRequired":true,"valueName":"search_term_string"}}],"inLanguage":"ru-RU"},{"@type":"Organization","@id":"https:\/\/denizcankizil.tr\/#organization","name":"Av. Deniz Can K\u0131z\u0131l","url":"https:\/\/denizcankizil.tr\/","logo":{"@type":"ImageObject","inLanguage":"ru-RU","@id":"https:\/\/denizcankizil.tr\/#\/schema\/logo\/image\/","url":"http:\/\/denizcankizil.tr\/wp-content\/uploads\/2024\/10\/siyah-logo-svg.svg","contentUrl":"http:\/\/denizcankizil.tr\/wp-content\/uploads\/2024\/10\/siyah-logo-svg.svg","width":1080,"height":1080,"caption":"Av. Deniz Can K\u0131z\u0131l"},"image":{"@id":"https:\/\/denizcankizil.tr\/#\/schema\/logo\/image\/"}},{"@type":"Person","@id":"https:\/\/denizcankizil.tr\/#\/schema\/person\/e1eb71bb4dd684d46563f0af307e1234","name":"Antalya K\u00f6rfez","image":{"@type":"ImageObject","inLanguage":"ru-RU","@id":"https:\/\/denizcankizil.tr\/#\/schema\/person\/image\/","url":"https:\/\/secure.gravatar.com\/avatar\/42b01982558a48a0b501fdcab6a408d3717ea5919095ee2e67b0e521799c5905?s=96&d=mm&r=g","contentUrl":"https:\/\/secure.gravatar.com\/avatar\/42b01982558a48a0b501fdcab6a408d3717ea5919095ee2e67b0e521799c5905?s=96&d=mm&r=g","caption":"Antalya K\u00f6rfez"},"sameAs":["http:\/\/www.antalyakorfez.com"],"url":"https:\/\/www.antalyakorfez.com\/pence-kaplan-operasyonunda-1-asker-sehit-dustu"}]}},"_links":{"self":[{"href":"http:\/\/denizcankizil.tr\/ru\/wp-json\/wp\/v2\/posts\/27048","targetHints":{"allow":["GET"]}}],"collection":[{"href":"http:\/\/denizcankizil.tr\/ru\/wp-json\/wp\/v2\/posts"}],"about":[{"href":"http:\/\/denizcankizil.tr\/ru\/wp-json\/wp\/v2\/types\/post"}],"author":[{"embeddable":true,"href":"http:\/\/denizcankizil.tr\/ru\/wp-json\/wp\/v2\/users\/5"}],"replies":[{"embeddable":true,"href":"http:\/\/denizcankizil.tr\/ru\/wp-json\/wp\/v2\/comments?post=27048"}],"version-history":[{"count":0,"href":"http:\/\/denizcankizil.tr\/ru\/wp-json\/wp\/v2\/posts\/27048\/revisions"}],"wp:attachment":[{"href":"http:\/\/denizcankizil.tr\/ru\/wp-json\/wp\/v2\/media?parent=27048"}],"wp:term":[{"taxonomy":"category","embeddable":true,"href":"http:\/\/denizcankizil.tr\/ru\/wp-json\/wp\/v2\/categories?post=27048"},{"taxonomy":"post_tag","embeddable":true,"href":"http:\/\/denizcankizil.tr\/ru\/wp-json\/wp\/v2\/tags?post=27048"}],"curies":[{"name":"wp","href":"https:\/\/api.w.org\/{rel}","templated":true}]}}