{"id":26899,"date":"2025-01-23T11:41:14","date_gmt":"2025-01-23T08:41:14","guid":{"rendered":"https:\/\/denizcankizil.tr\/uncategorized-tr\/manavgatta-art-arda-2-farkli-kazada-5-yarali\/"},"modified":"2025-01-23T11:41:14","modified_gmt":"2025-01-23T08:41:14","slug":"manavgatta-art-arda-2-farkli-kazada-5-yarali","status":"publish","type":"post","link":"http:\/\/denizcankizil.tr\/ru\/haberler\/antalya\/manavgatta-art-arda-2-farkli-kazada-5-yarali\/","title":{"rendered":"Manavgat&#8217;ta art arda 2 farkl\u0131 kazada 5 yaral\u0131"},"content":{"rendered":"<p>Kazalar, Beydi\u011fin Mahallesi yeni Antalya-Konya D-687 kara yolundaki Demirkap\u0131 T\u00fcneli giri\u015finde ya\u015fand\u0131. Konya y\u00f6n\u00fcne giden H\u00fcseyin \u00d6.&#8217;n\u00fcn kulland\u0131\u011f\u0131 32 ADD 851 plakal\u0131 kapal\u0131 kasa kamyonet, ayn\u0131 y\u00f6nde seyreden Hakk\u0131 Sedat O.&#8217;nun kulland\u0131\u011f\u0131 42 SZ 660 plakal\u0131 otomobil ile \u00e7arp\u0131\u015ft\u0131. Kazada hurdaya d\u00f6nen otomobildeki Nurhan O., Ay\u015fe Zi\u015fan O. ve Tevfik Efdal O. yaraland\u0131. Yaral\u0131lar, ihbarla gelen sa\u011fl\u0131k ekiplerinin ilk m\u00fcdahalesinin ard\u0131ndan ambulansla hastaneye kald\u0131r\u0131ld\u0131. Yaral\u0131lar\u0131n hayati tehlikelerinin olmad\u0131\u011f\u0131 \u00f6\u011frenildi. Ayn\u0131 noktada 150 metre arayla meydana gelen bir di\u011fer kazada ise \u0130brahim Y.&#8217;nin kulland\u0131\u011f\u0131 42 YT 123 plakal\u0131 otomobil kontrolden \u00e7\u0131karak t\u00fcnel giri\u015findeki beton duvara \u00e7arpt\u0131. Hurdaya d\u00f6nen arac\u0131n s\u00fcr\u00fcc\u00fcs\u00fc \u0130brahim Y. ve ara\u00e7taki Ali K. yaraland\u0131. 112 Sa\u011fl\u0131k ekiplerinin olay yerindeki m\u00fcdahalesinin ard\u0131ndan ambulansla hastaneye kald\u0131r\u0131lan yaral\u0131lar\u0131n hayati tehlikelerinin olmad\u0131\u011f\u0131 \u00f6\u011frenildi.<\/p>\n<p>Kaynak: www.kanalv.com.tr Haber Sitesinden Al\u0131nm\u0131\u015ft\u0131r.<\/p>","protected":false},"excerpt":{"rendered":"<p>Kazalar, Beydi\u011fin Mahallesi yeni Antalya-Konya D-687 kara yolundaki Demirkap\u0131 T\u00fcneli giri\u015finde ya\u015fand\u0131. Konya y\u00f6n\u00fcne giden H\u00fcseyin \u00d6.&#8217;n\u00fcn kulland\u0131\u011f\u0131 32 ADD 851 plakal\u0131 kapal\u0131 kasa kamyonet, ayn\u0131 y\u00f6nde seyreden Hakk\u0131 Sedat O.&#8217;nun kulland\u0131\u011f\u0131 42 SZ 660 plakal\u0131 otomobil ile \u00e7arp\u0131\u015ft\u0131. Kazada hurdaya d\u00f6nen otomobildeki Nurhan O., Ay\u015fe Zi\u015fan O. ve Tevfik Efdal O. yaraland\u0131. Yaral\u0131lar, ihbarla gelen sa\u011fl\u0131k ekiplerinin ilk m\u00fcdahalesinin ard\u0131ndan ambulansla hastaneye kald\u0131r\u0131ld\u0131. Yaral\u0131lar\u0131n hayati tehlikelerinin olmad\u0131\u011f\u0131 \u00f6\u011frenildi. Ayn\u0131 noktada 150 metre arayla meydana gelen bir di\u011fer kazada ise \u0130brahim Y.&#8217;nin kulland\u0131\u011f\u0131 42 YT 123 plakal\u0131 otomobil kontrolden \u00e7\u0131karak t\u00fcnel giri\u015findeki beton duvara \u00e7arpt\u0131. Hurdaya d\u00f6nen arac\u0131n s\u00fcr\u00fcc\u00fcs\u00fc \u0130brahim Y. ve ara\u00e7taki Ali K. yaraland\u0131. 112 Sa\u011fl\u0131k ekiplerinin olay yerindeki m\u00fcdahalesinin ard\u0131ndan ambulansla hastaneye kald\u0131r\u0131lan yaral\u0131lar\u0131n hayati tehlikelerinin olmad\u0131\u011f\u0131 \u00f6\u011frenildi. Kaynak: www.kanalv.com.tr Haber Sitesinden Al\u0131nm\u0131\u015ft\u0131r.<\/p>","protected":false},"author":4,"featured_media":26900,"comment_status":"open","ping_status":"open","sticky":false,"template":"","format":"standard","meta":{"_acf_changed":false,"footnotes":""},"categories":[26],"tags":[],"class_list":["post-26899","post","type-post","status-publish","format-standard","has-post-thumbnail","hentry","category-antalya"],"acf":[],"yoast_head":"<!-- This site is optimized with the Yoast SEO Premium plugin v26.6 (Yoast SEO v27.1.1) - https:\/\/yoast.com\/product\/yoast-seo-premium-wordpress\/ -->\n<title>Manavgat&#039;ta art arda 2 farkl\u0131 kazada 5 yaral\u0131 - Av. Deniz Can K\u0131z\u0131l<\/title>\n<meta name=\"robots\" content=\"index, follow, max-snippet:-1, max-image-preview:large, max-video-preview:-1\" \/>\n<link rel=\"canonical\" href=\"http:\/\/denizcankizil.tr\/ru\/haberler\/antalya\/manavgatta-art-arda-2-farkli-kazada-5-yarali\/\" \/>\n<meta property=\"og:locale\" content=\"ru_RU\" \/>\n<meta property=\"og:type\" content=\"article\" \/>\n<meta property=\"og:title\" content=\"Manavgat&#039;ta art arda 2 farkl\u0131 kazada 5 yaral\u0131\" \/>\n<meta property=\"og:description\" content=\"Kazalar, Beydi\u011fin Mahallesi yeni Antalya-Konya D-687 kara yolundaki Demirkap\u0131 T\u00fcneli giri\u015finde ya\u015fand\u0131. Konya y\u00f6n\u00fcne giden H\u00fcseyin \u00d6.&#8217;n\u00fcn kulland\u0131\u011f\u0131 32 ADD 851 plakal\u0131 kapal\u0131 kasa kamyonet, ayn\u0131 y\u00f6nde seyreden Hakk\u0131 Sedat O.&#8217;nun kulland\u0131\u011f\u0131 42 SZ 660 plakal\u0131 otomobil ile \u00e7arp\u0131\u015ft\u0131. Kazada hurdaya d\u00f6nen otomobildeki Nurhan O., Ay\u015fe Zi\u015fan O. ve Tevfik Efdal O. yaraland\u0131. Yaral\u0131lar, ihbarla gelen sa\u011fl\u0131k ekiplerinin ilk m\u00fcdahalesinin ard\u0131ndan ambulansla hastaneye kald\u0131r\u0131ld\u0131. Yaral\u0131lar\u0131n hayati tehlikelerinin olmad\u0131\u011f\u0131 \u00f6\u011frenildi. Ayn\u0131 noktada 150 metre arayla meydana gelen bir di\u011fer kazada ise \u0130brahim Y.&#8217;nin kulland\u0131\u011f\u0131 42 YT 123 plakal\u0131 otomobil kontrolden \u00e7\u0131karak t\u00fcnel giri\u015findeki beton duvara \u00e7arpt\u0131. Hurdaya d\u00f6nen arac\u0131n s\u00fcr\u00fcc\u00fcs\u00fc \u0130brahim Y. ve ara\u00e7taki Ali K. yaraland\u0131. 112 Sa\u011fl\u0131k ekiplerinin olay yerindeki m\u00fcdahalesinin ard\u0131ndan ambulansla hastaneye kald\u0131r\u0131lan yaral\u0131lar\u0131n hayati tehlikelerinin olmad\u0131\u011f\u0131 \u00f6\u011frenildi. Kaynak: www.kanalv.com.tr Haber Sitesinden Al\u0131nm\u0131\u015ft\u0131r.\" \/>\n<meta property=\"og:url\" content=\"http:\/\/denizcankizil.tr\/ru\/haberler\/antalya\/manavgatta-art-arda-2-farkli-kazada-5-yarali\/\" \/>\n<meta property=\"og:site_name\" content=\"Av. Deniz Can K\u0131z\u0131l\" \/>\n<meta property=\"article:published_time\" content=\"2025-01-23T08:41:14+00:00\" \/>\n<meta property=\"og:image\" content=\"http:\/\/denizcankizil.tr\/wp-content\/uploads\/2025\/01\/4280-01-ppmpzl.jpeg\" \/>\n\t<meta property=\"og:image:width\" content=\"1280\" \/>\n\t<meta property=\"og:image:height\" content=\"720\" \/>\n\t<meta property=\"og:image:type\" content=\"image\/jpeg\" \/>\n<meta name=\"author\" content=\"Av. Deniz Can K\u0131z\u0131l\" \/>\n<meta name=\"twitter:card\" content=\"summary_large_image\" \/>\n<meta name=\"twitter:label1\" content=\"\u041d\u0430\u043f\u0438\u0441\u0430\u043d\u043e \u0430\u0432\u0442\u043e\u0440\u043e\u043c\" \/>\n\t<meta name=\"twitter:data1\" content=\"Av. Deniz Can K\u0131z\u0131l\" \/>\n\t<meta name=\"twitter:label2\" content=\"\u041f\u0440\u0438\u043c\u0435\u0440\u043d\u043e\u0435 \u0432\u0440\u0435\u043c\u044f \u0434\u043b\u044f \u0447\u0442\u0435\u043d\u0438\u044f\" \/>\n\t<meta name=\"twitter:data2\" content=\"1 \u043c\u0438\u043d\u0443\u0442\u0430\" \/>\n<script type=\"application\/ld+json\" class=\"yoast-schema-graph\">{\"@context\":\"https:\/\/schema.org\",\"@graph\":[{\"@type\":\"Article\",\"@id\":\"http:\/\/denizcankizil.tr\/ru\/haberler\/antalya\/manavgatta-art-arda-2-farkli-kazada-5-yarali\/#article\",\"isPartOf\":{\"@id\":\"http:\/\/denizcankizil.tr\/ru\/haberler\/antalya\/manavgatta-art-arda-2-farkli-kazada-5-yarali\/\"},\"author\":{\"name\":\"Av. Deniz Can K\u0131z\u0131l\",\"@id\":\"https:\/\/denizcankizil.tr\/de\/#\/schema\/person\/5dc1b22991bd7ac833867c10afc9b0ff\"},\"headline\":\"Manavgat&#8217;ta art arda 2 farkl\u0131 kazada 5 yaral\u0131\",\"datePublished\":\"2025-01-23T08:41:14+00:00\",\"mainEntityOfPage\":{\"@id\":\"http:\/\/denizcankizil.tr\/ru\/haberler\/antalya\/manavgatta-art-arda-2-farkli-kazada-5-yarali\/\"},\"wordCount\":172,\"commentCount\":0,\"publisher\":{\"@id\":\"https:\/\/denizcankizil.tr\/de\/#organization\"},\"image\":{\"@id\":\"http:\/\/denizcankizil.tr\/ru\/haberler\/antalya\/manavgatta-art-arda-2-farkli-kazada-5-yarali\/#primaryimage\"},\"thumbnailUrl\":\"http:\/\/denizcankizil.tr\/wp-content\/uploads\/2025\/01\/4280-01-ppmpzl.jpeg\",\"articleSection\":[\"Antalya\"],\"inLanguage\":\"ru-RU\",\"potentialAction\":[{\"@type\":\"CommentAction\",\"name\":\"Comment\",\"target\":[\"http:\/\/denizcankizil.tr\/ru\/haberler\/antalya\/manavgatta-art-arda-2-farkli-kazada-5-yarali\/#respond\"]}]},{\"@type\":\"WebPage\",\"@id\":\"http:\/\/denizcankizil.tr\/ru\/haberler\/antalya\/manavgatta-art-arda-2-farkli-kazada-5-yarali\/\",\"url\":\"http:\/\/denizcankizil.tr\/ru\/haberler\/antalya\/manavgatta-art-arda-2-farkli-kazada-5-yarali\/\",\"name\":\"Manavgat'ta art arda 2 farkl\u0131 kazada 5 yaral\u0131 - Av. Deniz Can K\u0131z\u0131l\",\"isPartOf\":{\"@id\":\"https:\/\/denizcankizil.tr\/de\/#website\"},\"primaryImageOfPage\":{\"@id\":\"http:\/\/denizcankizil.tr\/ru\/haberler\/antalya\/manavgatta-art-arda-2-farkli-kazada-5-yarali\/#primaryimage\"},\"image\":{\"@id\":\"http:\/\/denizcankizil.tr\/ru\/haberler\/antalya\/manavgatta-art-arda-2-farkli-kazada-5-yarali\/#primaryimage\"},\"thumbnailUrl\":\"http:\/\/denizcankizil.tr\/wp-content\/uploads\/2025\/01\/4280-01-ppmpzl.jpeg\",\"datePublished\":\"2025-01-23T08:41:14+00:00\",\"breadcrumb\":{\"@id\":\"http:\/\/denizcankizil.tr\/ru\/haberler\/antalya\/manavgatta-art-arda-2-farkli-kazada-5-yarali\/#breadcrumb\"},\"inLanguage\":\"ru-RU\",\"potentialAction\":[{\"@type\":\"ReadAction\",\"target\":[\"http:\/\/denizcankizil.tr\/ru\/haberler\/antalya\/manavgatta-art-arda-2-farkli-kazada-5-yarali\/\"]}]},{\"@type\":\"ImageObject\",\"inLanguage\":\"ru-RU\",\"@id\":\"http:\/\/denizcankizil.tr\/ru\/haberler\/antalya\/manavgatta-art-arda-2-farkli-kazada-5-yarali\/#primaryimage\",\"url\":\"http:\/\/denizcankizil.tr\/wp-content\/uploads\/2025\/01\/4280-01-ppmpzl.jpeg\",\"contentUrl\":\"http:\/\/denizcankizil.tr\/wp-content\/uploads\/2025\/01\/4280-01-ppmpzl.jpeg\",\"width\":1280,\"height\":720},{\"@type\":\"BreadcrumbList\",\"@id\":\"http:\/\/denizcankizil.tr\/ru\/haberler\/antalya\/manavgatta-art-arda-2-farkli-kazada-5-yarali\/#breadcrumb\",\"itemListElement\":[{\"@type\":\"ListItem\",\"position\":1,\"name\":\"Home\",\"item\":\"https:\/\/denizcankizil.tr\/de\/\"},{\"@type\":\"ListItem\",\"position\":2,\"name\":\"Manavgat&#8217;ta art arda 2 farkl\u0131 kazada 5 yaral\u0131\"}]},{\"@type\":\"WebSite\",\"@id\":\"https:\/\/denizcankizil.tr\/de\/#website\",\"url\":\"https:\/\/denizcankizil.tr\/de\/\",\"name\":\"Av. Deniz Can K\u0131z\u0131l\",\"description\":\"Avukat Deniz Can K\u0131z\u0131l Antalya Barosu\",\"publisher\":{\"@id\":\"https:\/\/denizcankizil.tr\/de\/#organization\"},\"potentialAction\":[{\"@type\":\"SearchAction\",\"target\":{\"@type\":\"EntryPoint\",\"urlTemplate\":\"https:\/\/denizcankizil.tr\/de\/?s={search_term_string}\"},\"query-input\":{\"@type\":\"PropertyValueSpecification\",\"valueRequired\":true,\"valueName\":\"search_term_string\"}}],\"inLanguage\":\"ru-RU\"},{\"@type\":\"Organization\",\"@id\":\"https:\/\/denizcankizil.tr\/de\/#organization\",\"name\":\"Av. Deniz Can K\u0131z\u0131l\",\"url\":\"https:\/\/denizcankizil.tr\/de\/\",\"logo\":{\"@type\":\"ImageObject\",\"inLanguage\":\"ru-RU\",\"@id\":\"https:\/\/denizcankizil.tr\/de\/#\/schema\/logo\/image\/\",\"url\":\"http:\/\/denizcankizil.tr\/wp-content\/uploads\/2024\/10\/siyah-logo-svg.svg\",\"contentUrl\":\"http:\/\/denizcankizil.tr\/wp-content\/uploads\/2024\/10\/siyah-logo-svg.svg\",\"width\":1080,\"height\":1080,\"caption\":\"Av. Deniz Can K\u0131z\u0131l\"},\"image\":{\"@id\":\"https:\/\/denizcankizil.tr\/de\/#\/schema\/logo\/image\/\"}},{\"@type\":\"Person\",\"@id\":\"https:\/\/denizcankizil.tr\/de\/#\/schema\/person\/5dc1b22991bd7ac833867c10afc9b0ff\",\"name\":\"Av. Deniz Can K\u0131z\u0131l\",\"image\":{\"@type\":\"ImageObject\",\"inLanguage\":\"ru-RU\",\"@id\":\"https:\/\/denizcankizil.tr\/de\/#\/schema\/person\/image\/\",\"url\":\"https:\/\/secure.gravatar.com\/avatar\/a0b128fb9855c79efc976d5640eedb31dc35ec297594d6016d2cf7c60e975bb6?s=96&d=mm&r=g\",\"contentUrl\":\"https:\/\/secure.gravatar.com\/avatar\/a0b128fb9855c79efc976d5640eedb31dc35ec297594d6016d2cf7c60e975bb6?s=96&d=mm&r=g\",\"caption\":\"Av. Deniz Can K\u0131z\u0131l\"},\"sameAs\":[\"http:\/\/www.denizcankizil.tr\"],\"url\":\"http:\/\/denizcankizil.tr\/ru\/author\/denizcankizil\/\"}]}<\/script>\n<!-- \/ Yoast SEO Premium plugin. -->","yoast_head_json":{"title":"Manavgat'ta art arda 2 farkl\u0131 kazada 5 yaral\u0131 - Av. Deniz Can K\u0131z\u0131l","robots":{"index":"index","follow":"follow","max-snippet":"max-snippet:-1","max-image-preview":"max-image-preview:large","max-video-preview":"max-video-preview:-1"},"canonical":"http:\/\/denizcankizil.tr\/ru\/haberler\/antalya\/manavgatta-art-arda-2-farkli-kazada-5-yarali\/","og_locale":"ru_RU","og_type":"article","og_title":"Manavgat'ta art arda 2 farkl\u0131 kazada 5 yaral\u0131","og_description":"Kazalar, Beydi\u011fin Mahallesi yeni Antalya-Konya D-687 kara yolundaki Demirkap\u0131 T\u00fcneli giri\u015finde ya\u015fand\u0131. Konya y\u00f6n\u00fcne giden H\u00fcseyin \u00d6.&#8217;n\u00fcn kulland\u0131\u011f\u0131 32 ADD 851 plakal\u0131 kapal\u0131 kasa kamyonet, ayn\u0131 y\u00f6nde seyreden Hakk\u0131 Sedat O.&#8217;nun kulland\u0131\u011f\u0131 42 SZ 660 plakal\u0131 otomobil ile \u00e7arp\u0131\u015ft\u0131. Kazada hurdaya d\u00f6nen otomobildeki Nurhan O., Ay\u015fe Zi\u015fan O. ve Tevfik Efdal O. yaraland\u0131. Yaral\u0131lar, ihbarla gelen sa\u011fl\u0131k ekiplerinin ilk m\u00fcdahalesinin ard\u0131ndan ambulansla hastaneye kald\u0131r\u0131ld\u0131. Yaral\u0131lar\u0131n hayati tehlikelerinin olmad\u0131\u011f\u0131 \u00f6\u011frenildi. Ayn\u0131 noktada 150 metre arayla meydana gelen bir di\u011fer kazada ise \u0130brahim Y.&#8217;nin kulland\u0131\u011f\u0131 42 YT 123 plakal\u0131 otomobil kontrolden \u00e7\u0131karak t\u00fcnel giri\u015findeki beton duvara \u00e7arpt\u0131. Hurdaya d\u00f6nen arac\u0131n s\u00fcr\u00fcc\u00fcs\u00fc \u0130brahim Y. ve ara\u00e7taki Ali K. yaraland\u0131. 112 Sa\u011fl\u0131k ekiplerinin olay yerindeki m\u00fcdahalesinin ard\u0131ndan ambulansla hastaneye kald\u0131r\u0131lan yaral\u0131lar\u0131n hayati tehlikelerinin olmad\u0131\u011f\u0131 \u00f6\u011frenildi. Kaynak: www.kanalv.com.tr Haber Sitesinden Al\u0131nm\u0131\u015ft\u0131r.","og_url":"http:\/\/denizcankizil.tr\/ru\/haberler\/antalya\/manavgatta-art-arda-2-farkli-kazada-5-yarali\/","og_site_name":"Av. Deniz Can K\u0131z\u0131l","article_published_time":"2025-01-23T08:41:14+00:00","og_image":[{"width":1280,"height":720,"url":"http:\/\/denizcankizil.tr\/wp-content\/uploads\/2025\/01\/4280-01-ppmpzl.jpeg","type":"image\/jpeg"}],"author":"Av. Deniz Can K\u0131z\u0131l","twitter_card":"summary_large_image","twitter_misc":{"\u041d\u0430\u043f\u0438\u0441\u0430\u043d\u043e \u0430\u0432\u0442\u043e\u0440\u043e\u043c":"Av. Deniz Can K\u0131z\u0131l","\u041f\u0440\u0438\u043c\u0435\u0440\u043d\u043e\u0435 \u0432\u0440\u0435\u043c\u044f \u0434\u043b\u044f \u0447\u0442\u0435\u043d\u0438\u044f":"1 \u043c\u0438\u043d\u0443\u0442\u0430"},"schema":{"@context":"https:\/\/schema.org","@graph":[{"@type":"Article","@id":"http:\/\/denizcankizil.tr\/ru\/haberler\/antalya\/manavgatta-art-arda-2-farkli-kazada-5-yarali\/#article","isPartOf":{"@id":"http:\/\/denizcankizil.tr\/ru\/haberler\/antalya\/manavgatta-art-arda-2-farkli-kazada-5-yarali\/"},"author":{"name":"Av. Deniz Can K\u0131z\u0131l","@id":"https:\/\/denizcankizil.tr\/de\/#\/schema\/person\/5dc1b22991bd7ac833867c10afc9b0ff"},"headline":"Manavgat&#8217;ta art arda 2 farkl\u0131 kazada 5 yaral\u0131","datePublished":"2025-01-23T08:41:14+00:00","mainEntityOfPage":{"@id":"http:\/\/denizcankizil.tr\/ru\/haberler\/antalya\/manavgatta-art-arda-2-farkli-kazada-5-yarali\/"},"wordCount":172,"commentCount":0,"publisher":{"@id":"https:\/\/denizcankizil.tr\/de\/#organization"},"image":{"@id":"http:\/\/denizcankizil.tr\/ru\/haberler\/antalya\/manavgatta-art-arda-2-farkli-kazada-5-yarali\/#primaryimage"},"thumbnailUrl":"http:\/\/denizcankizil.tr\/wp-content\/uploads\/2025\/01\/4280-01-ppmpzl.jpeg","articleSection":["Antalya"],"inLanguage":"ru-RU","potentialAction":[{"@type":"CommentAction","name":"Comment","target":["http:\/\/denizcankizil.tr\/ru\/haberler\/antalya\/manavgatta-art-arda-2-farkli-kazada-5-yarali\/#respond"]}]},{"@type":"WebPage","@id":"http:\/\/denizcankizil.tr\/ru\/haberler\/antalya\/manavgatta-art-arda-2-farkli-kazada-5-yarali\/","url":"http:\/\/denizcankizil.tr\/ru\/haberler\/antalya\/manavgatta-art-arda-2-farkli-kazada-5-yarali\/","name":"Manavgat'ta art arda 2 farkl\u0131 kazada 5 yaral\u0131 - Av. Deniz Can K\u0131z\u0131l","isPartOf":{"@id":"https:\/\/denizcankizil.tr\/de\/#website"},"primaryImageOfPage":{"@id":"http:\/\/denizcankizil.tr\/ru\/haberler\/antalya\/manavgatta-art-arda-2-farkli-kazada-5-yarali\/#primaryimage"},"image":{"@id":"http:\/\/denizcankizil.tr\/ru\/haberler\/antalya\/manavgatta-art-arda-2-farkli-kazada-5-yarali\/#primaryimage"},"thumbnailUrl":"http:\/\/denizcankizil.tr\/wp-content\/uploads\/2025\/01\/4280-01-ppmpzl.jpeg","datePublished":"2025-01-23T08:41:14+00:00","breadcrumb":{"@id":"http:\/\/denizcankizil.tr\/ru\/haberler\/antalya\/manavgatta-art-arda-2-farkli-kazada-5-yarali\/#breadcrumb"},"inLanguage":"ru-RU","potentialAction":[{"@type":"ReadAction","target":["http:\/\/denizcankizil.tr\/ru\/haberler\/antalya\/manavgatta-art-arda-2-farkli-kazada-5-yarali\/"]}]},{"@type":"ImageObject","inLanguage":"ru-RU","@id":"http:\/\/denizcankizil.tr\/ru\/haberler\/antalya\/manavgatta-art-arda-2-farkli-kazada-5-yarali\/#primaryimage","url":"http:\/\/denizcankizil.tr\/wp-content\/uploads\/2025\/01\/4280-01-ppmpzl.jpeg","contentUrl":"http:\/\/denizcankizil.tr\/wp-content\/uploads\/2025\/01\/4280-01-ppmpzl.jpeg","width":1280,"height":720},{"@type":"BreadcrumbList","@id":"http:\/\/denizcankizil.tr\/ru\/haberler\/antalya\/manavgatta-art-arda-2-farkli-kazada-5-yarali\/#breadcrumb","itemListElement":[{"@type":"ListItem","position":1,"name":"Home","item":"https:\/\/denizcankizil.tr\/de\/"},{"@type":"ListItem","position":2,"name":"Manavgat&#8217;ta art arda 2 farkl\u0131 kazada 5 yaral\u0131"}]},{"@type":"WebSite","@id":"https:\/\/denizcankizil.tr\/de\/#website","url":"https:\/\/denizcankizil.tr\/de\/","name":"Av. Deniz Can K\u0131z\u0131l","description":"Avukat Deniz Can K\u0131z\u0131l Antalya Barosu","publisher":{"@id":"https:\/\/denizcankizil.tr\/de\/#organization"},"potentialAction":[{"@type":"SearchAction","target":{"@type":"EntryPoint","urlTemplate":"https:\/\/denizcankizil.tr\/de\/?s={search_term_string}"},"query-input":{"@type":"PropertyValueSpecification","valueRequired":true,"valueName":"search_term_string"}}],"inLanguage":"ru-RU"},{"@type":"Organization","@id":"https:\/\/denizcankizil.tr\/de\/#organization","name":"Av. Deniz Can K\u0131z\u0131l","url":"https:\/\/denizcankizil.tr\/de\/","logo":{"@type":"ImageObject","inLanguage":"ru-RU","@id":"https:\/\/denizcankizil.tr\/de\/#\/schema\/logo\/image\/","url":"http:\/\/denizcankizil.tr\/wp-content\/uploads\/2024\/10\/siyah-logo-svg.svg","contentUrl":"http:\/\/denizcankizil.tr\/wp-content\/uploads\/2024\/10\/siyah-logo-svg.svg","width":1080,"height":1080,"caption":"Av. Deniz Can K\u0131z\u0131l"},"image":{"@id":"https:\/\/denizcankizil.tr\/de\/#\/schema\/logo\/image\/"}},{"@type":"Person","@id":"https:\/\/denizcankizil.tr\/de\/#\/schema\/person\/5dc1b22991bd7ac833867c10afc9b0ff","name":"Av. Deniz Can K\u0131z\u0131l","image":{"@type":"ImageObject","inLanguage":"ru-RU","@id":"https:\/\/denizcankizil.tr\/de\/#\/schema\/person\/image\/","url":"https:\/\/secure.gravatar.com\/avatar\/a0b128fb9855c79efc976d5640eedb31dc35ec297594d6016d2cf7c60e975bb6?s=96&d=mm&r=g","contentUrl":"https:\/\/secure.gravatar.com\/avatar\/a0b128fb9855c79efc976d5640eedb31dc35ec297594d6016d2cf7c60e975bb6?s=96&d=mm&r=g","caption":"Av. Deniz Can K\u0131z\u0131l"},"sameAs":["http:\/\/www.denizcankizil.tr"],"url":"http:\/\/denizcankizil.tr\/ru\/author\/denizcankizil\/"}]}},"_links":{"self":[{"href":"http:\/\/denizcankizil.tr\/ru\/wp-json\/wp\/v2\/posts\/26899","targetHints":{"allow":["GET"]}}],"collection":[{"href":"http:\/\/denizcankizil.tr\/ru\/wp-json\/wp\/v2\/posts"}],"about":[{"href":"http:\/\/denizcankizil.tr\/ru\/wp-json\/wp\/v2\/types\/post"}],"author":[{"embeddable":true,"href":"http:\/\/denizcankizil.tr\/ru\/wp-json\/wp\/v2\/users\/4"}],"replies":[{"embeddable":true,"href":"http:\/\/denizcankizil.tr\/ru\/wp-json\/wp\/v2\/comments?post=26899"}],"version-history":[{"count":0,"href":"http:\/\/denizcankizil.tr\/ru\/wp-json\/wp\/v2\/posts\/26899\/revisions"}],"wp:featuredmedia":[{"embeddable":true,"href":"http:\/\/denizcankizil.tr\/ru\/wp-json\/wp\/v2\/media\/26900"}],"wp:attachment":[{"href":"http:\/\/denizcankizil.tr\/ru\/wp-json\/wp\/v2\/media?parent=26899"}],"wp:term":[{"taxonomy":"category","embeddable":true,"href":"http:\/\/denizcankizil.tr\/ru\/wp-json\/wp\/v2\/categories?post=26899"},{"taxonomy":"post_tag","embeddable":true,"href":"http:\/\/denizcankizil.tr\/ru\/wp-json\/wp\/v2\/tags?post=26899"}],"curies":[{"name":"wp","href":"https:\/\/api.w.org\/{rel}","templated":true}]}}