{"id":26727,"date":"2025-01-22T11:07:00","date_gmt":"2025-01-22T08:07:00","guid":{"rendered":"https:\/\/denizcankizil.tr\/uncategorized-tr\/idare-ve-vergi-mahkemelerinin-kurulmasina-dair-karar-resmi-gazetede\/"},"modified":"2025-01-22T11:07:00","modified_gmt":"2025-01-22T08:07:00","slug":"idare-ve-vergi-mahkemelerinin-kurulmasina-dair-karar-resmi-gazetede","status":"publish","type":"post","link":"http:\/\/denizcankizil.tr\/ru\/hukukihaber\/idare-ve-vergi-mahkemelerinin-kurulmasina-dair-karar-resmi-gazetede\/","title":{"rendered":"\u0130dare ve Vergi Mahkemelerinin kurulmas\u0131na dair karar Resmi Gazete\u2019de"},"content":{"rendered":"<p>\u0130dare ve Vergi Mahkemelerinin Kurulmas\u0131na ve Yarg\u0131 \u00c7evrelerinin Belirlenmesine \u0130li\u015fkin Karar,\u00a022 Ocak 2025 Tarihli ve 32790 Say\u0131l\u0131 Resm\u00ee Gazete&#8217;de\u00a0yay\u0131mland\u0131.<\/p>\n<p>Karara g\u00f6re; Bitlis ilinde idare mahkemesi kurulmas\u0131 ve yarg\u0131 \u00e7evresinin \u2018Bitlis ilinin m\u00fclki s\u0131n\u0131rlar\u0131\u2019 olarak belirlenmesine, Hakk\u00e2ri ilinde 1, 2, 3 ve 4. idare mahkemeleri ile vergi mahkemesinin kurulmas\u0131 ve yarg\u0131 \u00e7evrelerinin \u2018Hakk\u00e2ri ilinin m\u00fclki s\u0131n\u0131rlar\u0131\u2019 olarak belirlenmesine, K\u0131r\u015fehir ilinde idare mahkemesi kurulmas\u0131 ve yarg\u0131 \u00e7evresinin \u2018K\u0131r\u015fehir ilinin m\u00fclki s\u0131n\u0131rlar\u0131\u2019 olarak belirlenmesine, Nev\u015fehir ilinde idare mahkemesi kurulmas\u0131 ve yarg\u0131 \u00e7evresinin \u2018Nev\u015fehir ilinin m\u00fclki s\u0131n\u0131rlar\u0131\u2019 olarak belirlenmesine, Sinop ilinde idare mahkemesi kurulmas\u0131 ve yarg\u0131 \u00e7evresinin \u2018Sinop ilinin m\u00fclki s\u0131n\u0131rlar\u0131\u2019 olarak belirlenmesine karar verildi.<\/p>\n<p>\u200b\u0130dare ve Vergi Mahkemelerinin kurulmas\u0131na ve yarg\u0131 \u00e7evrelerinin belirlenmesine dair karar Resmi Gazete\u2019de yay\u0131mland\u0131.\u00a0Hukuki Haber<\/p>","protected":false},"excerpt":{"rendered":"<p>\u0130dare ve Vergi Mahkemelerinin Kurulmas\u0131na ve Yarg\u0131 \u00c7evrelerinin Belirlenmesine \u0130li\u015fkin Karar,\u00a022 Ocak 2025 Tarihli ve 32790 Say\u0131l\u0131 Resm\u00ee Gazete&#8217;de\u00a0yay\u0131mland\u0131. Karara g\u00f6re; Bitlis ilinde idare mahkemesi kurulmas\u0131 ve yarg\u0131 \u00e7evresinin \u2018Bitlis ilinin m\u00fclki s\u0131n\u0131rlar\u0131\u2019 olarak belirlenmesine, Hakk\u00e2ri ilinde 1, 2, 3 ve 4. idare mahkemeleri ile vergi mahkemesinin kurulmas\u0131 ve yarg\u0131 \u00e7evrelerinin \u2018Hakk\u00e2ri ilinin m\u00fclki s\u0131n\u0131rlar\u0131\u2019 olarak belirlenmesine, K\u0131r\u015fehir ilinde idare mahkemesi kurulmas\u0131 ve yarg\u0131 \u00e7evresinin \u2018K\u0131r\u015fehir ilinin m\u00fclki s\u0131n\u0131rlar\u0131\u2019 olarak belirlenmesine, Nev\u015fehir ilinde idare mahkemesi kurulmas\u0131 ve yarg\u0131 \u00e7evresinin \u2018Nev\u015fehir ilinin m\u00fclki s\u0131n\u0131rlar\u0131\u2019 olarak belirlenmesine, Sinop ilinde idare mahkemesi kurulmas\u0131 ve yarg\u0131 \u00e7evresinin \u2018Sinop ilinin m\u00fclki s\u0131n\u0131rlar\u0131\u2019 olarak belirlenmesine karar verildi. \u200b\u0130dare ve Vergi Mahkemelerinin kurulmas\u0131na ve yarg\u0131 \u00e7evrelerinin belirlenmesine dair karar Resmi Gazete\u2019de yay\u0131mland\u0131.\u00a0Hukuki Haber<\/p>","protected":false},"author":3,"featured_media":0,"comment_status":"open","ping_status":"open","sticky":false,"template":"","format":"standard","meta":{"_acf_changed":false,"footnotes":""},"categories":[27],"tags":[],"class_list":["post-26727","post","type-post","status-publish","format-standard","has-post-thumbnail","hentry","category-hukukihaber"],"acf":[],"yoast_head":"<!-- This site is optimized with the Yoast SEO Premium plugin v26.6 (Yoast SEO v27.1.1) - https:\/\/yoast.com\/product\/yoast-seo-premium-wordpress\/ -->\n<title>\u0130dare ve Vergi Mahkemelerinin kurulmas\u0131na dair karar Resmi Gazete\u2019de - Av. Deniz Can K\u0131z\u0131l<\/title>\n<meta name=\"robots\" content=\"index, follow, max-snippet:-1, max-image-preview:large, max-video-preview:-1\" \/>\n<link rel=\"canonical\" href=\"http:\/\/denizcankizil.tr\/ru\/hukukihaber\/idare-ve-vergi-mahkemelerinin-kurulmasina-dair-karar-resmi-gazetede\/\" \/>\n<meta property=\"og:locale\" content=\"ru_RU\" \/>\n<meta property=\"og:type\" content=\"article\" \/>\n<meta property=\"og:title\" content=\"\u0130dare ve Vergi Mahkemelerinin kurulmas\u0131na dair karar Resmi Gazete\u2019de\" \/>\n<meta property=\"og:description\" content=\"\u0130dare ve Vergi Mahkemelerinin Kurulmas\u0131na ve Yarg\u0131 \u00c7evrelerinin Belirlenmesine \u0130li\u015fkin Karar,\u00a022 Ocak 2025 Tarihli ve 32790 Say\u0131l\u0131 Resm\u00ee Gazete&#8217;de\u00a0yay\u0131mland\u0131. Karara g\u00f6re; Bitlis ilinde idare mahkemesi kurulmas\u0131 ve yarg\u0131 \u00e7evresinin \u2018Bitlis ilinin m\u00fclki s\u0131n\u0131rlar\u0131\u2019 olarak belirlenmesine, Hakk\u00e2ri ilinde 1, 2, 3 ve 4. idare mahkemeleri ile vergi mahkemesinin kurulmas\u0131 ve yarg\u0131 \u00e7evrelerinin \u2018Hakk\u00e2ri ilinin m\u00fclki s\u0131n\u0131rlar\u0131\u2019 olarak belirlenmesine, K\u0131r\u015fehir ilinde idare mahkemesi kurulmas\u0131 ve yarg\u0131 \u00e7evresinin \u2018K\u0131r\u015fehir ilinin m\u00fclki s\u0131n\u0131rlar\u0131\u2019 olarak belirlenmesine, Nev\u015fehir ilinde idare mahkemesi kurulmas\u0131 ve yarg\u0131 \u00e7evresinin \u2018Nev\u015fehir ilinin m\u00fclki s\u0131n\u0131rlar\u0131\u2019 olarak belirlenmesine, Sinop ilinde idare mahkemesi kurulmas\u0131 ve yarg\u0131 \u00e7evresinin \u2018Sinop ilinin m\u00fclki s\u0131n\u0131rlar\u0131\u2019 olarak belirlenmesine karar verildi. \u200b\u0130dare ve Vergi Mahkemelerinin kurulmas\u0131na ve yarg\u0131 \u00e7evrelerinin belirlenmesine dair karar Resmi Gazete\u2019de yay\u0131mland\u0131.\u00a0Hukuki Haber\" \/>\n<meta property=\"og:url\" content=\"http:\/\/denizcankizil.tr\/ru\/hukukihaber\/idare-ve-vergi-mahkemelerinin-kurulmasina-dair-karar-resmi-gazetede\/\" \/>\n<meta property=\"og:site_name\" content=\"Av. Deniz Can K\u0131z\u0131l\" \/>\n<meta property=\"article:published_time\" content=\"2025-01-22T08:07:00+00:00\" \/>\n<meta name=\"author\" content=\"Hukuki Haber.net\" \/>\n<meta name=\"twitter:card\" content=\"summary_large_image\" \/>\n<meta name=\"twitter:label1\" content=\"\u041d\u0430\u043f\u0438\u0441\u0430\u043d\u043e \u0430\u0432\u0442\u043e\u0440\u043e\u043c\" \/>\n\t<meta name=\"twitter:data1\" content=\"Hukuki Haber.net\" \/>\n\t<meta name=\"twitter:label2\" content=\"\u041f\u0440\u0438\u043c\u0435\u0440\u043d\u043e\u0435 \u0432\u0440\u0435\u043c\u044f \u0434\u043b\u044f \u0447\u0442\u0435\u043d\u0438\u044f\" \/>\n\t<meta name=\"twitter:data2\" content=\"1 \u043c\u0438\u043d\u0443\u0442\u0430\" \/>\n<script type=\"application\/ld+json\" class=\"yoast-schema-graph\">{\"@context\":\"https:\/\/schema.org\",\"@graph\":[{\"@type\":\"Article\",\"@id\":\"http:\/\/denizcankizil.tr\/ru\/hukukihaber\/idare-ve-vergi-mahkemelerinin-kurulmasina-dair-karar-resmi-gazetede\/#article\",\"isPartOf\":{\"@id\":\"http:\/\/denizcankizil.tr\/ru\/hukukihaber\/idare-ve-vergi-mahkemelerinin-kurulmasina-dair-karar-resmi-gazetede\/\"},\"author\":{\"name\":\"Hukuki Haber.net\",\"@id\":\"https:\/\/denizcankizil.tr\/#\/schema\/person\/001a271de994a0aa3f90eea084424822\"},\"headline\":\"\u0130dare ve Vergi Mahkemelerinin kurulmas\u0131na dair karar Resmi Gazete\u2019de\",\"datePublished\":\"2025-01-22T08:07:00+00:00\",\"mainEntityOfPage\":{\"@id\":\"http:\/\/denizcankizil.tr\/ru\/hukukihaber\/idare-ve-vergi-mahkemelerinin-kurulmasina-dair-karar-resmi-gazetede\/\"},\"wordCount\":155,\"commentCount\":0,\"publisher\":{\"@id\":\"https:\/\/denizcankizil.tr\/#organization\"},\"articleSection\":[\"Hukuki Haberler\"],\"inLanguage\":\"ru-RU\",\"potentialAction\":[{\"@type\":\"CommentAction\",\"name\":\"Comment\",\"target\":[\"http:\/\/denizcankizil.tr\/ru\/hukukihaber\/idare-ve-vergi-mahkemelerinin-kurulmasina-dair-karar-resmi-gazetede\/#respond\"]}]},{\"@type\":\"WebPage\",\"@id\":\"http:\/\/denizcankizil.tr\/ru\/hukukihaber\/idare-ve-vergi-mahkemelerinin-kurulmasina-dair-karar-resmi-gazetede\/\",\"url\":\"http:\/\/denizcankizil.tr\/ru\/hukukihaber\/idare-ve-vergi-mahkemelerinin-kurulmasina-dair-karar-resmi-gazetede\/\",\"name\":\"\u0130dare ve Vergi Mahkemelerinin kurulmas\u0131na dair karar Resmi Gazete\u2019de - Av. Deniz Can K\u0131z\u0131l\",\"isPartOf\":{\"@id\":\"https:\/\/denizcankizil.tr\/#website\"},\"datePublished\":\"2025-01-22T08:07:00+00:00\",\"breadcrumb\":{\"@id\":\"http:\/\/denizcankizil.tr\/ru\/hukukihaber\/idare-ve-vergi-mahkemelerinin-kurulmasina-dair-karar-resmi-gazetede\/#breadcrumb\"},\"inLanguage\":\"ru-RU\",\"potentialAction\":[{\"@type\":\"ReadAction\",\"target\":[\"http:\/\/denizcankizil.tr\/ru\/hukukihaber\/idare-ve-vergi-mahkemelerinin-kurulmasina-dair-karar-resmi-gazetede\/\"]}]},{\"@type\":\"BreadcrumbList\",\"@id\":\"http:\/\/denizcankizil.tr\/ru\/hukukihaber\/idare-ve-vergi-mahkemelerinin-kurulmasina-dair-karar-resmi-gazetede\/#breadcrumb\",\"itemListElement\":[{\"@type\":\"ListItem\",\"position\":1,\"name\":\"Home\",\"item\":\"https:\/\/denizcankizil.tr\/de\/\"},{\"@type\":\"ListItem\",\"position\":2,\"name\":\"\u0130dare ve Vergi Mahkemelerinin kurulmas\u0131na dair karar Resmi Gazete\u2019de\"}]},{\"@type\":\"WebSite\",\"@id\":\"https:\/\/denizcankizil.tr\/#website\",\"url\":\"https:\/\/denizcankizil.tr\/\",\"name\":\"Av. Deniz Can K\u0131z\u0131l\",\"description\":\"Avukat Deniz Can K\u0131z\u0131l Antalya Barosu\",\"publisher\":{\"@id\":\"https:\/\/denizcankizil.tr\/#organization\"},\"potentialAction\":[{\"@type\":\"SearchAction\",\"target\":{\"@type\":\"EntryPoint\",\"urlTemplate\":\"https:\/\/denizcankizil.tr\/?s={search_term_string}\"},\"query-input\":{\"@type\":\"PropertyValueSpecification\",\"valueRequired\":true,\"valueName\":\"search_term_string\"}}],\"inLanguage\":\"ru-RU\"},{\"@type\":\"Organization\",\"@id\":\"https:\/\/denizcankizil.tr\/#organization\",\"name\":\"Av. Deniz Can K\u0131z\u0131l\",\"url\":\"https:\/\/denizcankizil.tr\/\",\"logo\":{\"@type\":\"ImageObject\",\"inLanguage\":\"ru-RU\",\"@id\":\"https:\/\/denizcankizil.tr\/#\/schema\/logo\/image\/\",\"url\":\"http:\/\/denizcankizil.tr\/wp-content\/uploads\/2024\/10\/siyah-logo-svg.svg\",\"contentUrl\":\"http:\/\/denizcankizil.tr\/wp-content\/uploads\/2024\/10\/siyah-logo-svg.svg\",\"width\":1080,\"height\":1080,\"caption\":\"Av. Deniz Can K\u0131z\u0131l\"},\"image\":{\"@id\":\"https:\/\/denizcankizil.tr\/#\/schema\/logo\/image\/\"}},{\"@type\":\"Person\",\"@id\":\"https:\/\/denizcankizil.tr\/#\/schema\/person\/001a271de994a0aa3f90eea084424822\",\"name\":\"Hukuki Haber.net\",\"image\":{\"@type\":\"ImageObject\",\"inLanguage\":\"ru-RU\",\"@id\":\"https:\/\/denizcankizil.tr\/#\/schema\/person\/image\/\",\"url\":\"https:\/\/secure.gravatar.com\/avatar\/57d8a49151495586611a149d29fc42865b951dc053a84709a3172ccb5abf3118?s=96&d=mm&r=g\",\"contentUrl\":\"https:\/\/secure.gravatar.com\/avatar\/57d8a49151495586611a149d29fc42865b951dc053a84709a3172ccb5abf3118?s=96&d=mm&r=g\",\"caption\":\"Hukuki Haber.net\"},\"sameAs\":[\"http:\/\/www.hukukihaber.net\"],\"url\":\"https:\/\/www.hukukihaber.net\/idare-ve-vergi-mahkemelerinin-kurulmasina-dair-karar-resmi-gazetede\"}]}<\/script>\n<!-- \/ Yoast SEO Premium plugin. -->","yoast_head_json":{"title":"\u0130dare ve Vergi Mahkemelerinin kurulmas\u0131na dair karar Resmi Gazete\u2019de - Av. Deniz Can K\u0131z\u0131l","robots":{"index":"index","follow":"follow","max-snippet":"max-snippet:-1","max-image-preview":"max-image-preview:large","max-video-preview":"max-video-preview:-1"},"canonical":"http:\/\/denizcankizil.tr\/ru\/hukukihaber\/idare-ve-vergi-mahkemelerinin-kurulmasina-dair-karar-resmi-gazetede\/","og_locale":"ru_RU","og_type":"article","og_title":"\u0130dare ve Vergi Mahkemelerinin kurulmas\u0131na dair karar Resmi Gazete\u2019de","og_description":"\u0130dare ve Vergi Mahkemelerinin Kurulmas\u0131na ve Yarg\u0131 \u00c7evrelerinin Belirlenmesine \u0130li\u015fkin Karar,\u00a022 Ocak 2025 Tarihli ve 32790 Say\u0131l\u0131 Resm\u00ee Gazete&#8217;de\u00a0yay\u0131mland\u0131. Karara g\u00f6re; Bitlis ilinde idare mahkemesi kurulmas\u0131 ve yarg\u0131 \u00e7evresinin \u2018Bitlis ilinin m\u00fclki s\u0131n\u0131rlar\u0131\u2019 olarak belirlenmesine, Hakk\u00e2ri ilinde 1, 2, 3 ve 4. idare mahkemeleri ile vergi mahkemesinin kurulmas\u0131 ve yarg\u0131 \u00e7evrelerinin \u2018Hakk\u00e2ri ilinin m\u00fclki s\u0131n\u0131rlar\u0131\u2019 olarak belirlenmesine, K\u0131r\u015fehir ilinde idare mahkemesi kurulmas\u0131 ve yarg\u0131 \u00e7evresinin \u2018K\u0131r\u015fehir ilinin m\u00fclki s\u0131n\u0131rlar\u0131\u2019 olarak belirlenmesine, Nev\u015fehir ilinde idare mahkemesi kurulmas\u0131 ve yarg\u0131 \u00e7evresinin \u2018Nev\u015fehir ilinin m\u00fclki s\u0131n\u0131rlar\u0131\u2019 olarak belirlenmesine, Sinop ilinde idare mahkemesi kurulmas\u0131 ve yarg\u0131 \u00e7evresinin \u2018Sinop ilinin m\u00fclki s\u0131n\u0131rlar\u0131\u2019 olarak belirlenmesine karar verildi. \u200b\u0130dare ve Vergi Mahkemelerinin kurulmas\u0131na ve yarg\u0131 \u00e7evrelerinin belirlenmesine dair karar Resmi Gazete\u2019de yay\u0131mland\u0131.\u00a0Hukuki Haber","og_url":"http:\/\/denizcankizil.tr\/ru\/hukukihaber\/idare-ve-vergi-mahkemelerinin-kurulmasina-dair-karar-resmi-gazetede\/","og_site_name":"Av. Deniz Can K\u0131z\u0131l","article_published_time":"2025-01-22T08:07:00+00:00","author":"Hukuki Haber.net","twitter_card":"summary_large_image","twitter_misc":{"\u041d\u0430\u043f\u0438\u0441\u0430\u043d\u043e \u0430\u0432\u0442\u043e\u0440\u043e\u043c":"Hukuki Haber.net","\u041f\u0440\u0438\u043c\u0435\u0440\u043d\u043e\u0435 \u0432\u0440\u0435\u043c\u044f \u0434\u043b\u044f \u0447\u0442\u0435\u043d\u0438\u044f":"1 \u043c\u0438\u043d\u0443\u0442\u0430"},"schema":{"@context":"https:\/\/schema.org","@graph":[{"@type":"Article","@id":"http:\/\/denizcankizil.tr\/ru\/hukukihaber\/idare-ve-vergi-mahkemelerinin-kurulmasina-dair-karar-resmi-gazetede\/#article","isPartOf":{"@id":"http:\/\/denizcankizil.tr\/ru\/hukukihaber\/idare-ve-vergi-mahkemelerinin-kurulmasina-dair-karar-resmi-gazetede\/"},"author":{"name":"Hukuki Haber.net","@id":"https:\/\/denizcankizil.tr\/#\/schema\/person\/001a271de994a0aa3f90eea084424822"},"headline":"\u0130dare ve Vergi Mahkemelerinin kurulmas\u0131na dair karar Resmi Gazete\u2019de","datePublished":"2025-01-22T08:07:00+00:00","mainEntityOfPage":{"@id":"http:\/\/denizcankizil.tr\/ru\/hukukihaber\/idare-ve-vergi-mahkemelerinin-kurulmasina-dair-karar-resmi-gazetede\/"},"wordCount":155,"commentCount":0,"publisher":{"@id":"https:\/\/denizcankizil.tr\/#organization"},"articleSection":["Hukuki Haberler"],"inLanguage":"ru-RU","potentialAction":[{"@type":"CommentAction","name":"Comment","target":["http:\/\/denizcankizil.tr\/ru\/hukukihaber\/idare-ve-vergi-mahkemelerinin-kurulmasina-dair-karar-resmi-gazetede\/#respond"]}]},{"@type":"WebPage","@id":"http:\/\/denizcankizil.tr\/ru\/hukukihaber\/idare-ve-vergi-mahkemelerinin-kurulmasina-dair-karar-resmi-gazetede\/","url":"http:\/\/denizcankizil.tr\/ru\/hukukihaber\/idare-ve-vergi-mahkemelerinin-kurulmasina-dair-karar-resmi-gazetede\/","name":"\u0130dare ve Vergi Mahkemelerinin kurulmas\u0131na dair karar Resmi Gazete\u2019de - Av. Deniz Can K\u0131z\u0131l","isPartOf":{"@id":"https:\/\/denizcankizil.tr\/#website"},"datePublished":"2025-01-22T08:07:00+00:00","breadcrumb":{"@id":"http:\/\/denizcankizil.tr\/ru\/hukukihaber\/idare-ve-vergi-mahkemelerinin-kurulmasina-dair-karar-resmi-gazetede\/#breadcrumb"},"inLanguage":"ru-RU","potentialAction":[{"@type":"ReadAction","target":["http:\/\/denizcankizil.tr\/ru\/hukukihaber\/idare-ve-vergi-mahkemelerinin-kurulmasina-dair-karar-resmi-gazetede\/"]}]},{"@type":"BreadcrumbList","@id":"http:\/\/denizcankizil.tr\/ru\/hukukihaber\/idare-ve-vergi-mahkemelerinin-kurulmasina-dair-karar-resmi-gazetede\/#breadcrumb","itemListElement":[{"@type":"ListItem","position":1,"name":"Home","item":"https:\/\/denizcankizil.tr\/de\/"},{"@type":"ListItem","position":2,"name":"\u0130dare ve Vergi Mahkemelerinin kurulmas\u0131na dair karar Resmi Gazete\u2019de"}]},{"@type":"WebSite","@id":"https:\/\/denizcankizil.tr\/#website","url":"https:\/\/denizcankizil.tr\/","name":"Av. Deniz Can K\u0131z\u0131l","description":"Avukat Deniz Can K\u0131z\u0131l Antalya Barosu","publisher":{"@id":"https:\/\/denizcankizil.tr\/#organization"},"potentialAction":[{"@type":"SearchAction","target":{"@type":"EntryPoint","urlTemplate":"https:\/\/denizcankizil.tr\/?s={search_term_string}"},"query-input":{"@type":"PropertyValueSpecification","valueRequired":true,"valueName":"search_term_string"}}],"inLanguage":"ru-RU"},{"@type":"Organization","@id":"https:\/\/denizcankizil.tr\/#organization","name":"Av. Deniz Can K\u0131z\u0131l","url":"https:\/\/denizcankizil.tr\/","logo":{"@type":"ImageObject","inLanguage":"ru-RU","@id":"https:\/\/denizcankizil.tr\/#\/schema\/logo\/image\/","url":"http:\/\/denizcankizil.tr\/wp-content\/uploads\/2024\/10\/siyah-logo-svg.svg","contentUrl":"http:\/\/denizcankizil.tr\/wp-content\/uploads\/2024\/10\/siyah-logo-svg.svg","width":1080,"height":1080,"caption":"Av. Deniz Can K\u0131z\u0131l"},"image":{"@id":"https:\/\/denizcankizil.tr\/#\/schema\/logo\/image\/"}},{"@type":"Person","@id":"https:\/\/denizcankizil.tr\/#\/schema\/person\/001a271de994a0aa3f90eea084424822","name":"Hukuki Haber.net","image":{"@type":"ImageObject","inLanguage":"ru-RU","@id":"https:\/\/denizcankizil.tr\/#\/schema\/person\/image\/","url":"https:\/\/secure.gravatar.com\/avatar\/57d8a49151495586611a149d29fc42865b951dc053a84709a3172ccb5abf3118?s=96&d=mm&r=g","contentUrl":"https:\/\/secure.gravatar.com\/avatar\/57d8a49151495586611a149d29fc42865b951dc053a84709a3172ccb5abf3118?s=96&d=mm&r=g","caption":"Hukuki Haber.net"},"sameAs":["http:\/\/www.hukukihaber.net"],"url":"https:\/\/www.hukukihaber.net\/idare-ve-vergi-mahkemelerinin-kurulmasina-dair-karar-resmi-gazetede"}]}},"_links":{"self":[{"href":"http:\/\/denizcankizil.tr\/ru\/wp-json\/wp\/v2\/posts\/26727","targetHints":{"allow":["GET"]}}],"collection":[{"href":"http:\/\/denizcankizil.tr\/ru\/wp-json\/wp\/v2\/posts"}],"about":[{"href":"http:\/\/denizcankizil.tr\/ru\/wp-json\/wp\/v2\/types\/post"}],"author":[{"embeddable":true,"href":"http:\/\/denizcankizil.tr\/ru\/wp-json\/wp\/v2\/users\/3"}],"replies":[{"embeddable":true,"href":"http:\/\/denizcankizil.tr\/ru\/wp-json\/wp\/v2\/comments?post=26727"}],"version-history":[{"count":0,"href":"http:\/\/denizcankizil.tr\/ru\/wp-json\/wp\/v2\/posts\/26727\/revisions"}],"wp:attachment":[{"href":"http:\/\/denizcankizil.tr\/ru\/wp-json\/wp\/v2\/media?parent=26727"}],"wp:term":[{"taxonomy":"category","embeddable":true,"href":"http:\/\/denizcankizil.tr\/ru\/wp-json\/wp\/v2\/categories?post=26727"},{"taxonomy":"post_tag","embeddable":true,"href":"http:\/\/denizcankizil.tr\/ru\/wp-json\/wp\/v2\/tags?post=26727"}],"curies":[{"name":"wp","href":"https:\/\/api.w.org\/{rel}","templated":true}]}}