{"id":26446,"date":"2025-01-21T11:41:28","date_gmt":"2025-01-21T08:41:28","guid":{"rendered":"https:\/\/denizcankizil.tr\/uncategorized-tr\/kipa-tartismasina-katilan-tutuncu-2020-kararini-2024te-neden-iptal-etmediniz\/"},"modified":"2025-01-21T11:41:28","modified_gmt":"2025-01-21T08:41:28","slug":"kipa-tartismasina-katilan-tutuncu-2020-kararini-2024te-neden-iptal-etmediniz","status":"publish","type":"post","link":"http:\/\/denizcankizil.tr\/ru\/haberler\/gundem\/kipa-tartismasina-katilan-tutuncu-2020-kararini-2024te-neden-iptal-etmediniz\/","title":{"rendered":"K\u0130PA tart\u0131\u015fmas\u0131na kat\u0131lan T\u00fct\u00fcnc\u00fc: 2020 karar\u0131n\u0131 2024\u2019te neden iptal etmediniz?"},"content":{"rendered":"<p>Antalya\u2019n\u0131n Kepez il\u00e7esi Fabrikalar Mahallesi\u2019ndeki 2 katl\u0131 K\u0130PA AVM arazisinde, otel, ticari alanlar ve konut kullan\u0131m\u0131 getirilerek 15 katl\u0131 rezidans yap\u0131lmas\u0131n\u0131n \u00f6n\u00fcn\u00fc a\u00e7an imar plan\u0131 de\u011fi\u015fikli\u011fi tart\u0131\u015fmas\u0131 devam ediyor. Kas\u0131m 2024\u2019te Antalya B\u00fcy\u00fck\u015fehir Belediye Meclisi\u2019nde AKP ve CHP grubunun oylar\u0131yla onaylanan imar plan\u0131 de\u011fi\u015fikli\u011fi, Aral\u0131k 2024\u2019de Kepez Belediyesi\u2019nden de ge\u00e7mi\u015fti. Ya\u015fanan s\u00fcre\u00e7 ve konuyla ilgili yap\u0131lan haberlere tepki g\u00f6steren CHP Antalya \u0130l Ba\u015fkan\u0131 Nail Kamac\u0131, imar plan tadilat\u0131nda sorumlu olarak Kepez eski Belediye Ba\u015fkan\u0131 Hakan T\u00fct\u00fcnc\u00fc\u2019y\u00fc g\u00f6sterdi. T\u00fct\u00fcnc\u00fc\u2019den Kamac\u0131\u2019n\u0131n yan\u0131t gecikmedi.<\/p>\n<p>CHP \u0130L BA\u015eKANI KAMACI \u0130MAR RANTI HABERLER\u0130NE ATE\u015e P\u00dcSK\u00dcRM\u00dc\u015eT\u00dc<\/p>\n<p>\u00c7o\u011funlu\u011fu 2 ve 3 katl\u0131 binalardan olu\u015fan Fabrikalar Mahallesi sakinleri ba\u015fta olmak kom\u015fu mahallelerde ya\u015fayanlar ve meslek odalar\u0131 bu d\u00fczenlemeye itiraz etti. Yaz\u0131l\u0131 itirazlar Antalya B\u00fcy\u00fck\u015fehir Belediyesi\u2019ne sunuldu. 13 Ocak 2025 tarihinde yap\u0131lan B\u00fcy\u00fck\u015fehir Belediye Meclisi oturumunun g\u00fcndemine al\u0131nan itirazlar, g\u00f6r\u00fc\u015f\u00fclmek \u00fczere ilgili komisyona havale edildi. 17 Ocak Cuma g\u00fcn\u00fc yap\u0131lan devam Meclisinde g\u00f6r\u00fc\u015f\u00fclmesi beklenen itirazlar g\u00fcndeme al\u0131nmazken, CHP \u0130l Ba\u015fkan\u0131 Nail Kamac\u0131 konuyla ilgili bir bas\u0131n a\u00e7\u0131klamas\u0131 yaparak bas\u0131nda \u00e7\u0131kan haberlere ate\u015f p\u00fcsk\u00fcrd\u00fc.<\/p>\n<p>HAKAN T\u00dcT\u00dcNC\u00dc: \u201cVARSAYIN BEN YAPTIM NEDEN KABUL ETT\u0130N\u0130Z?\u201d<\/p>\n<p>Cumhuriyet Halk Partisi Antalya \u0130l Ba\u015fkan\u0131 Nail Kamac\u0131\u2019n\u0131n kendisiyle ilgili iddialar\u0131 kabul etmeyen Hakan T\u00fct\u00fcnc\u00fc, imar plan tadilatlar\u0131n\u0131n yap\u0131ld\u0131\u011f\u0131 d\u00f6nemlerde Kepez\u2019in de B\u00fcy\u00fck\u015fehir Belediyesi\u2019nin de CHP\u2019de oldu\u011funu ifade etti. \u201c\u0130l Ba\u015fkan\u0131n\u0131n bas\u0131n toplant\u0131s\u0131nda yapt\u0131\u011f\u0131 a\u00e7\u0131klamalar resmen bir komedi\u201d diyen T\u00fct\u00fcnc\u00fc, \u201cBas\u0131n a\u00e7\u0131klamas\u0131nda ilk akl\u0131na gelen isim ben olmu\u015fum. Antalyal\u0131lar olarak resmen bir komedi izledik. CHP\u2019nin yerel y\u00f6netimlerde d\u00fc\u015ft\u00fc\u011f\u00fc durum ne yaz\u0131k ki bu. Bir defa imar tadilatlar\u0131n\u0131n yap\u0131ld\u0131\u011f\u0131 tarihler belli. O tarihlerde Kepez Belediyesi ve B\u00fcy\u00fck\u015fehir Belediyesi CHP\u2019nin elinde. \u015e\u00f6yle d\u00fc\u015f\u00fcn\u00fcn, varsay\u0131n ki benim zaman\u0131mda yap\u0131ld\u0131, peki neden kabul ettiniz?\u201d diye konu\u015ftu.<\/p>\n<p>\u0130L BA\u015eKANININ A\u00c7IKLAMASINA SADECE G\u00dcLD\u00dcM<\/p>\n<p>Kepez Belediyesi \u00f6nceki d\u00f6nem belediyesi ba\u015fkan\u0131 ve 31 Mart yerel se\u00e7imlerinde AKP B\u00fcy\u00fck\u015fehir Belediye Ba\u015fkan Aday\u0131 olan Hakan T\u00fct\u00fcnc\u00fc, CHP \u0130l Ba\u015fkan\u0131n\u0131n ortaya koydu\u011fu iddialar\u0131n tamam\u0131n\u0131n CHP d\u00f6nemine ait oldu\u011funu kaydetti. \u201cBunlara Allah ak\u0131l fikir versin\u201d diye konu\u015fan T\u00fct\u00fcnc\u00fc, \u201cKendi d\u00f6nemlerine ait imar kararlar\u0131n\u0131 ge\u00e7mi\u015f d\u00f6nemlerde yap\u0131lm\u0131\u015f gibi g\u00f6stermek tamda CHP\u2019nin i\u015fi. \u0130l ba\u015fkan\u0131n\u0131n a\u00e7\u0131klamalar\u0131n\u0131 duydum ve sadece g\u00fcld\u00fcm. CHP\u2019li y\u00f6neticilerin geldi\u011fi nokta i\u015fte tamda bu. Yerel y\u00f6netimlerdeki ba\u015far\u0131s\u0131zl\u0131klar\u0131n\u0131 ve bu t\u00fcr imar durumlar\u0131n\u0131 oraya buraya laf atarak \u00f6rtmek istiyorlar\u201d \u015feklinde g\u00f6r\u00fc\u015f belirtti.<\/p>\n<p>K\u0130PA AVM ARAZ\u0130S\u0130YLE \u0130LG\u0130L\u0130 NA\u0130L KAMACI NE DEM\u0130\u015eT\u0130?<\/p>\n<p>Hen\u00fcz imar plan\u0131 meclisten ge\u00e7irilmeden aylar \u00f6nce proje \u00fczerinden daire sat\u0131\u015f\u0131na ba\u015fland\u0131\u011f\u0131 ortaya \u00e7\u0131kan imar revizyonuyla ilgili haberlerde CHP ve AKP birlikteli\u011fi vurgusuna de\u011finen CHP \u0130l Ba\u015fkan\u0131 Kamac\u0131, \u201cDemi\u015fler ki bizim d\u00f6nemimizde 15 katl\u0131 AVM in\u015faat\u0131 iki kat\u0131na \u00e7\u0131kar\u0131lm\u0131\u015f. Onlar\u0131n bu konuyu bilmemesi m\u00fcmk\u00fcn de\u011fil. 2020\u2019de ben yoktum. Bu alan\u0131n d\u00fczenlemesi 4 Eyl\u00fcl 2020 tarihinde 148 say\u0131l\u0131 karar ile Kepez Belediye Meclisi&#8217;nden ge\u00e7mi\u015f. Yine ayn\u0131 \u015fekilde 09 Kas\u0131m 2020 tarihinde de B\u00fcy\u00fck\u015fehir Belediye Meclisi&#8217;nden 771 say\u0131l\u0131 karar ile ilgili ge\u00e7mi\u015f. Bunun karar\u0131n\u0131 veren de d\u00f6nemin Kepez Belediye Ba\u015fkan\u0131 Hakan T\u00fct\u00fcnc\u00fc\u2019d\u00fcr. 11\u2019inci maddeye g\u00f6re \u00f6nerge verilerek g\u00fcndeme al\u0131nm\u0131\u015f. Bizim d\u00f6nemimizi kapsam\u0131yor. Bunu bizim d\u00f6nemimizde yap\u0131l\u0131yormu\u015f gibi g\u00f6sterilmesi itibar suikast\u0131ndan ba\u015fka bir \u015fey de\u011fil\u201d ifadelerini kulland\u0131.<\/p>\n<p>\u200bCHP Antalya \u0130l Ba\u015fkan\u0131 Nail Kamac\u0131\u2019n\u0131n \u201cKipa ile ilgili meclis karar\u0131 Hakan T\u00fct\u00fcnc\u00fc zaman\u0131nda al\u0131nd\u0131\u201d a\u00e7\u0131klamas\u0131na Hakan T\u00fct\u00fcnc\u00fc\u2019den yan\u0131t geldi. T\u00fct\u00fcnc\u00fc, \u201c\u0130l Ba\u015fkan\u0131n\u0131n a\u00e7\u0131klamalar\u0131 tam bir komedi. 2020 y\u0131l\u0131nda karar\u0131 ben alm\u0131\u015f olsam bile 2024\u2019te Kepez ve B\u00fcy\u00fck\u015fehir\u2019de neden karar\u0131 iptal etmediniz\u201d dedi\u00a0<\/p>\n<p>\u200bHaberin Al\u0131nt\u0131land\u0131\u011f\u0131 Kaynak: www.antalyakorfez.com<\/p>","protected":false},"excerpt":{"rendered":"<p>Antalya\u2019n\u0131n Kepez il\u00e7esi Fabrikalar Mahallesi\u2019ndeki 2 katl\u0131 K\u0130PA AVM arazisinde, otel, ticari alanlar ve konut kullan\u0131m\u0131 getirilerek 15 katl\u0131 rezidans yap\u0131lmas\u0131n\u0131n \u00f6n\u00fcn\u00fc a\u00e7an imar plan\u0131 de\u011fi\u015fikli\u011fi tart\u0131\u015fmas\u0131 devam ediyor. Kas\u0131m 2024\u2019te Antalya B\u00fcy\u00fck\u015fehir Belediye Meclisi\u2019nde AKP ve CHP grubunun oylar\u0131yla onaylanan imar plan\u0131 de\u011fi\u015fikli\u011fi, Aral\u0131k 2024\u2019de Kepez Belediyesi\u2019nden de ge\u00e7mi\u015fti. Ya\u015fanan s\u00fcre\u00e7 ve konuyla ilgili yap\u0131lan haberlere tepki g\u00f6steren CHP Antalya \u0130l Ba\u015fkan\u0131 Nail Kamac\u0131, imar plan tadilat\u0131nda sorumlu olarak Kepez eski Belediye Ba\u015fkan\u0131 Hakan T\u00fct\u00fcnc\u00fc\u2019y\u00fc g\u00f6sterdi. T\u00fct\u00fcnc\u00fc\u2019den Kamac\u0131\u2019n\u0131n yan\u0131t gecikmedi. CHP \u0130L BA\u015eKANI KAMACI \u0130MAR RANTI HABERLER\u0130NE ATE\u015e P\u00dcSK\u00dcRM\u00dc\u015eT\u00dc \u00c7o\u011funlu\u011fu 2 ve 3 katl\u0131 binalardan olu\u015fan Fabrikalar Mahallesi sakinleri ba\u015fta olmak kom\u015fu mahallelerde ya\u015fayanlar ve meslek odalar\u0131 bu d\u00fczenlemeye itiraz etti. Yaz\u0131l\u0131 itirazlar Antalya B\u00fcy\u00fck\u015fehir Belediyesi\u2019ne sunuldu. 13 Ocak 2025 tarihinde yap\u0131lan B\u00fcy\u00fck\u015fehir Belediye Meclisi oturumunun g\u00fcndemine al\u0131nan itirazlar, g\u00f6r\u00fc\u015f\u00fclmek \u00fczere ilgili komisyona havale edildi. 17 Ocak Cuma g\u00fcn\u00fc yap\u0131lan devam Meclisinde g\u00f6r\u00fc\u015f\u00fclmesi beklenen itirazlar g\u00fcndeme al\u0131nmazken, CHP \u0130l Ba\u015fkan\u0131 Nail Kamac\u0131 konuyla ilgili bir bas\u0131n a\u00e7\u0131klamas\u0131 yaparak bas\u0131nda \u00e7\u0131kan haberlere ate\u015f p\u00fcsk\u00fcrd\u00fc. HAKAN T\u00dcT\u00dcNC\u00dc: \u201cVARSAYIN BEN YAPTIM NEDEN KABUL ETT\u0130N\u0130Z?\u201d Cumhuriyet Halk Partisi Antalya \u0130l Ba\u015fkan\u0131 Nail Kamac\u0131\u2019n\u0131n kendisiyle ilgili iddialar\u0131 kabul etmeyen Hakan T\u00fct\u00fcnc\u00fc, imar plan tadilatlar\u0131n\u0131n yap\u0131ld\u0131\u011f\u0131 d\u00f6nemlerde Kepez\u2019in de B\u00fcy\u00fck\u015fehir Belediyesi\u2019nin de CHP\u2019de oldu\u011funu ifade &hellip;<\/p>","protected":false},"author":5,"featured_media":0,"comment_status":"open","ping_status":"open","sticky":false,"template":"","format":"standard","meta":{"_acf_changed":false,"footnotes":""},"categories":[24],"tags":[],"class_list":["post-26446","post","type-post","status-publish","format-standard","has-post-thumbnail","hentry","category-gundem"],"acf":[],"yoast_head":"<!-- This site is optimized with the Yoast SEO Premium plugin v26.6 (Yoast SEO v27.1.1) - https:\/\/yoast.com\/product\/yoast-seo-premium-wordpress\/ -->\n<title>K\u0130PA tart\u0131\u015fmas\u0131na kat\u0131lan T\u00fct\u00fcnc\u00fc: 2020 karar\u0131n\u0131 2024\u2019te neden iptal etmediniz? - Av. Deniz Can K\u0131z\u0131l<\/title>\n<meta name=\"robots\" content=\"index, follow, max-snippet:-1, max-image-preview:large, max-video-preview:-1\" \/>\n<link rel=\"canonical\" href=\"https:\/\/denizcankizil.tr\/ru\/haberler\/gundem\/kipa-tartismasina-katilan-tutuncu-2020-kararini-2024te-neden-iptal-etmediniz\/\" \/>\n<meta property=\"og:locale\" content=\"ru_RU\" \/>\n<meta property=\"og:type\" content=\"article\" \/>\n<meta property=\"og:title\" content=\"K\u0130PA tart\u0131\u015fmas\u0131na kat\u0131lan T\u00fct\u00fcnc\u00fc: 2020 karar\u0131n\u0131 2024\u2019te neden iptal etmediniz?\" \/>\n<meta property=\"og:description\" content=\"Antalya\u2019n\u0131n Kepez il\u00e7esi Fabrikalar Mahallesi\u2019ndeki 2 katl\u0131 K\u0130PA AVM arazisinde, otel, ticari alanlar ve konut kullan\u0131m\u0131 getirilerek 15 katl\u0131 rezidans yap\u0131lmas\u0131n\u0131n \u00f6n\u00fcn\u00fc a\u00e7an imar plan\u0131 de\u011fi\u015fikli\u011fi tart\u0131\u015fmas\u0131 devam ediyor. Kas\u0131m 2024\u2019te Antalya B\u00fcy\u00fck\u015fehir Belediye Meclisi\u2019nde AKP ve CHP grubunun oylar\u0131yla onaylanan imar plan\u0131 de\u011fi\u015fikli\u011fi, Aral\u0131k 2024\u2019de Kepez Belediyesi\u2019nden de ge\u00e7mi\u015fti. Ya\u015fanan s\u00fcre\u00e7 ve konuyla ilgili yap\u0131lan haberlere tepki g\u00f6steren CHP Antalya \u0130l Ba\u015fkan\u0131 Nail Kamac\u0131, imar plan tadilat\u0131nda sorumlu olarak Kepez eski Belediye Ba\u015fkan\u0131 Hakan T\u00fct\u00fcnc\u00fc\u2019y\u00fc g\u00f6sterdi. T\u00fct\u00fcnc\u00fc\u2019den Kamac\u0131\u2019n\u0131n yan\u0131t gecikmedi. CHP \u0130L BA\u015eKANI KAMACI \u0130MAR RANTI HABERLER\u0130NE ATE\u015e P\u00dcSK\u00dcRM\u00dc\u015eT\u00dc \u00c7o\u011funlu\u011fu 2 ve 3 katl\u0131 binalardan olu\u015fan Fabrikalar Mahallesi sakinleri ba\u015fta olmak kom\u015fu mahallelerde ya\u015fayanlar ve meslek odalar\u0131 bu d\u00fczenlemeye itiraz etti. Yaz\u0131l\u0131 itirazlar Antalya B\u00fcy\u00fck\u015fehir Belediyesi\u2019ne sunuldu. 13 Ocak 2025 tarihinde yap\u0131lan B\u00fcy\u00fck\u015fehir Belediye Meclisi oturumunun g\u00fcndemine al\u0131nan itirazlar, g\u00f6r\u00fc\u015f\u00fclmek \u00fczere ilgili komisyona havale edildi. 17 Ocak Cuma g\u00fcn\u00fc yap\u0131lan devam Meclisinde g\u00f6r\u00fc\u015f\u00fclmesi beklenen itirazlar g\u00fcndeme al\u0131nmazken, CHP \u0130l Ba\u015fkan\u0131 Nail Kamac\u0131 konuyla ilgili bir bas\u0131n a\u00e7\u0131klamas\u0131 yaparak bas\u0131nda \u00e7\u0131kan haberlere ate\u015f p\u00fcsk\u00fcrd\u00fc. HAKAN T\u00dcT\u00dcNC\u00dc: \u201cVARSAYIN BEN YAPTIM NEDEN KABUL ETT\u0130N\u0130Z?\u201d Cumhuriyet Halk Partisi Antalya \u0130l Ba\u015fkan\u0131 Nail Kamac\u0131\u2019n\u0131n kendisiyle ilgili iddialar\u0131 kabul etmeyen Hakan T\u00fct\u00fcnc\u00fc, imar plan tadilatlar\u0131n\u0131n yap\u0131ld\u0131\u011f\u0131 d\u00f6nemlerde Kepez\u2019in de B\u00fcy\u00fck\u015fehir Belediyesi\u2019nin de CHP\u2019de oldu\u011funu ifade &hellip;\" \/>\n<meta property=\"og:url\" content=\"https:\/\/denizcankizil.tr\/ru\/haberler\/gundem\/kipa-tartismasina-katilan-tutuncu-2020-kararini-2024te-neden-iptal-etmediniz\/\" \/>\n<meta property=\"og:site_name\" content=\"Av. Deniz Can K\u0131z\u0131l\" \/>\n<meta property=\"article:published_time\" content=\"2025-01-21T08:41:28+00:00\" \/>\n<meta name=\"author\" content=\"Antalya K\u00f6rfez\" \/>\n<meta name=\"twitter:card\" content=\"summary_large_image\" \/>\n<meta name=\"twitter:label1\" content=\"\u041d\u0430\u043f\u0438\u0441\u0430\u043d\u043e \u0430\u0432\u0442\u043e\u0440\u043e\u043c\" \/>\n\t<meta name=\"twitter:data1\" content=\"Antalya K\u00f6rfez\" \/>\n\t<meta name=\"twitter:label2\" content=\"\u041f\u0440\u0438\u043c\u0435\u0440\u043d\u043e\u0435 \u0432\u0440\u0435\u043c\u044f \u0434\u043b\u044f \u0447\u0442\u0435\u043d\u0438\u044f\" \/>\n\t<meta name=\"twitter:data2\" content=\"4 \u043c\u0438\u043d\u0443\u0442\u044b\" \/>\n<script type=\"application\/ld+json\" class=\"yoast-schema-graph\">{\"@context\":\"https:\/\/schema.org\",\"@graph\":[{\"@type\":\"Article\",\"@id\":\"https:\/\/denizcankizil.tr\/de\/haberler\/gundem\/kipa-tartismasina-katilan-tutuncu-2020-kararini-2024te-neden-iptal-etmediniz\/#article\",\"isPartOf\":{\"@id\":\"https:\/\/denizcankizil.tr\/de\/haberler\/gundem\/kipa-tartismasina-katilan-tutuncu-2020-kararini-2024te-neden-iptal-etmediniz\/\"},\"author\":{\"name\":\"Antalya K\u00f6rfez\",\"@id\":\"https:\/\/denizcankizil.tr\/de\/#\/schema\/person\/e1eb71bb4dd684d46563f0af307e1234\"},\"headline\":\"K\u0130PA tart\u0131\u015fmas\u0131na kat\u0131lan T\u00fct\u00fcnc\u00fc: 2020 karar\u0131n\u0131 2024\u2019te neden iptal etmediniz?\",\"datePublished\":\"2025-01-21T08:41:28+00:00\",\"mainEntityOfPage\":{\"@id\":\"https:\/\/denizcankizil.tr\/de\/haberler\/gundem\/kipa-tartismasina-katilan-tutuncu-2020-kararini-2024te-neden-iptal-etmediniz\/\"},\"wordCount\":792,\"commentCount\":0,\"publisher\":{\"@id\":\"https:\/\/denizcankizil.tr\/de\/#organization\"},\"articleSection\":[\"G\u00fcndem\"],\"inLanguage\":\"ru-RU\",\"potentialAction\":[{\"@type\":\"CommentAction\",\"name\":\"Comment\",\"target\":[\"https:\/\/denizcankizil.tr\/de\/haberler\/gundem\/kipa-tartismasina-katilan-tutuncu-2020-kararini-2024te-neden-iptal-etmediniz\/#respond\"]}]},{\"@type\":\"WebPage\",\"@id\":\"https:\/\/denizcankizil.tr\/de\/haberler\/gundem\/kipa-tartismasina-katilan-tutuncu-2020-kararini-2024te-neden-iptal-etmediniz\/\",\"url\":\"https:\/\/denizcankizil.tr\/de\/haberler\/gundem\/kipa-tartismasina-katilan-tutuncu-2020-kararini-2024te-neden-iptal-etmediniz\/\",\"name\":\"K\u0130PA tart\u0131\u015fmas\u0131na kat\u0131lan T\u00fct\u00fcnc\u00fc: 2020 karar\u0131n\u0131 2024\u2019te neden iptal etmediniz? - Av. Deniz Can K\u0131z\u0131l\",\"isPartOf\":{\"@id\":\"https:\/\/denizcankizil.tr\/de\/#website\"},\"datePublished\":\"2025-01-21T08:41:28+00:00\",\"breadcrumb\":{\"@id\":\"https:\/\/denizcankizil.tr\/de\/haberler\/gundem\/kipa-tartismasina-katilan-tutuncu-2020-kararini-2024te-neden-iptal-etmediniz\/#breadcrumb\"},\"inLanguage\":\"ru-RU\",\"potentialAction\":[{\"@type\":\"ReadAction\",\"target\":[\"https:\/\/denizcankizil.tr\/de\/haberler\/gundem\/kipa-tartismasina-katilan-tutuncu-2020-kararini-2024te-neden-iptal-etmediniz\/\"]}]},{\"@type\":\"BreadcrumbList\",\"@id\":\"https:\/\/denizcankizil.tr\/de\/haberler\/gundem\/kipa-tartismasina-katilan-tutuncu-2020-kararini-2024te-neden-iptal-etmediniz\/#breadcrumb\",\"itemListElement\":[{\"@type\":\"ListItem\",\"position\":1,\"name\":\"Home\",\"item\":\"https:\/\/denizcankizil.tr\/de\/\"},{\"@type\":\"ListItem\",\"position\":2,\"name\":\"K\u0130PA tart\u0131\u015fmas\u0131na kat\u0131lan T\u00fct\u00fcnc\u00fc: 2020 karar\u0131n\u0131 2024\u2019te neden iptal etmediniz?\"}]},{\"@type\":\"WebSite\",\"@id\":\"https:\/\/denizcankizil.tr\/de\/#website\",\"url\":\"https:\/\/denizcankizil.tr\/de\/\",\"name\":\"Av. Deniz Can K\u0131z\u0131l\",\"description\":\"Avukat Deniz Can K\u0131z\u0131l Antalya Barosu\",\"publisher\":{\"@id\":\"https:\/\/denizcankizil.tr\/de\/#organization\"},\"potentialAction\":[{\"@type\":\"SearchAction\",\"target\":{\"@type\":\"EntryPoint\",\"urlTemplate\":\"https:\/\/denizcankizil.tr\/de\/?s={search_term_string}\"},\"query-input\":{\"@type\":\"PropertyValueSpecification\",\"valueRequired\":true,\"valueName\":\"search_term_string\"}}],\"inLanguage\":\"ru-RU\"},{\"@type\":\"Organization\",\"@id\":\"https:\/\/denizcankizil.tr\/de\/#organization\",\"name\":\"Av. Deniz Can K\u0131z\u0131l\",\"url\":\"https:\/\/denizcankizil.tr\/de\/\",\"logo\":{\"@type\":\"ImageObject\",\"inLanguage\":\"ru-RU\",\"@id\":\"https:\/\/denizcankizil.tr\/de\/#\/schema\/logo\/image\/\",\"url\":\"http:\/\/denizcankizil.tr\/wp-content\/uploads\/2024\/10\/siyah-logo-svg.svg\",\"contentUrl\":\"http:\/\/denizcankizil.tr\/wp-content\/uploads\/2024\/10\/siyah-logo-svg.svg\",\"width\":1080,\"height\":1080,\"caption\":\"Av. Deniz Can K\u0131z\u0131l\"},\"image\":{\"@id\":\"https:\/\/denizcankizil.tr\/de\/#\/schema\/logo\/image\/\"}},{\"@type\":\"Person\",\"@id\":\"https:\/\/denizcankizil.tr\/de\/#\/schema\/person\/e1eb71bb4dd684d46563f0af307e1234\",\"name\":\"Antalya K\u00f6rfez\",\"image\":{\"@type\":\"ImageObject\",\"inLanguage\":\"ru-RU\",\"@id\":\"https:\/\/denizcankizil.tr\/de\/#\/schema\/person\/image\/\",\"url\":\"https:\/\/secure.gravatar.com\/avatar\/42b01982558a48a0b501fdcab6a408d3717ea5919095ee2e67b0e521799c5905?s=96&d=mm&r=g\",\"contentUrl\":\"https:\/\/secure.gravatar.com\/avatar\/42b01982558a48a0b501fdcab6a408d3717ea5919095ee2e67b0e521799c5905?s=96&d=mm&r=g\",\"caption\":\"Antalya K\u00f6rfez\"},\"sameAs\":[\"http:\/\/www.antalyakorfez.com\"],\"url\":\"https:\/\/www.antalyakorfez.com\/kipa-tartismasina-katilan-tutuncu-2020-kararini-2024te-neden-iptal-etmediniz\"}]}<\/script>\n<!-- \/ Yoast SEO Premium plugin. -->","yoast_head_json":{"title":"K\u0130PA tart\u0131\u015fmas\u0131na kat\u0131lan T\u00fct\u00fcnc\u00fc: 2020 karar\u0131n\u0131 2024\u2019te neden iptal etmediniz? - Av. Deniz Can K\u0131z\u0131l","robots":{"index":"index","follow":"follow","max-snippet":"max-snippet:-1","max-image-preview":"max-image-preview:large","max-video-preview":"max-video-preview:-1"},"canonical":"https:\/\/denizcankizil.tr\/ru\/haberler\/gundem\/kipa-tartismasina-katilan-tutuncu-2020-kararini-2024te-neden-iptal-etmediniz\/","og_locale":"ru_RU","og_type":"article","og_title":"K\u0130PA tart\u0131\u015fmas\u0131na kat\u0131lan T\u00fct\u00fcnc\u00fc: 2020 karar\u0131n\u0131 2024\u2019te neden iptal etmediniz?","og_description":"Antalya\u2019n\u0131n Kepez il\u00e7esi Fabrikalar Mahallesi\u2019ndeki 2 katl\u0131 K\u0130PA AVM arazisinde, otel, ticari alanlar ve konut kullan\u0131m\u0131 getirilerek 15 katl\u0131 rezidans yap\u0131lmas\u0131n\u0131n \u00f6n\u00fcn\u00fc a\u00e7an imar plan\u0131 de\u011fi\u015fikli\u011fi tart\u0131\u015fmas\u0131 devam ediyor. Kas\u0131m 2024\u2019te Antalya B\u00fcy\u00fck\u015fehir Belediye Meclisi\u2019nde AKP ve CHP grubunun oylar\u0131yla onaylanan imar plan\u0131 de\u011fi\u015fikli\u011fi, Aral\u0131k 2024\u2019de Kepez Belediyesi\u2019nden de ge\u00e7mi\u015fti. Ya\u015fanan s\u00fcre\u00e7 ve konuyla ilgili yap\u0131lan haberlere tepki g\u00f6steren CHP Antalya \u0130l Ba\u015fkan\u0131 Nail Kamac\u0131, imar plan tadilat\u0131nda sorumlu olarak Kepez eski Belediye Ba\u015fkan\u0131 Hakan T\u00fct\u00fcnc\u00fc\u2019y\u00fc g\u00f6sterdi. T\u00fct\u00fcnc\u00fc\u2019den Kamac\u0131\u2019n\u0131n yan\u0131t gecikmedi. CHP \u0130L BA\u015eKANI KAMACI \u0130MAR RANTI HABERLER\u0130NE ATE\u015e P\u00dcSK\u00dcRM\u00dc\u015eT\u00dc \u00c7o\u011funlu\u011fu 2 ve 3 katl\u0131 binalardan olu\u015fan Fabrikalar Mahallesi sakinleri ba\u015fta olmak kom\u015fu mahallelerde ya\u015fayanlar ve meslek odalar\u0131 bu d\u00fczenlemeye itiraz etti. Yaz\u0131l\u0131 itirazlar Antalya B\u00fcy\u00fck\u015fehir Belediyesi\u2019ne sunuldu. 13 Ocak 2025 tarihinde yap\u0131lan B\u00fcy\u00fck\u015fehir Belediye Meclisi oturumunun g\u00fcndemine al\u0131nan itirazlar, g\u00f6r\u00fc\u015f\u00fclmek \u00fczere ilgili komisyona havale edildi. 17 Ocak Cuma g\u00fcn\u00fc yap\u0131lan devam Meclisinde g\u00f6r\u00fc\u015f\u00fclmesi beklenen itirazlar g\u00fcndeme al\u0131nmazken, CHP \u0130l Ba\u015fkan\u0131 Nail Kamac\u0131 konuyla ilgili bir bas\u0131n a\u00e7\u0131klamas\u0131 yaparak bas\u0131nda \u00e7\u0131kan haberlere ate\u015f p\u00fcsk\u00fcrd\u00fc. HAKAN T\u00dcT\u00dcNC\u00dc: \u201cVARSAYIN BEN YAPTIM NEDEN KABUL ETT\u0130N\u0130Z?\u201d Cumhuriyet Halk Partisi Antalya \u0130l Ba\u015fkan\u0131 Nail Kamac\u0131\u2019n\u0131n kendisiyle ilgili iddialar\u0131 kabul etmeyen Hakan T\u00fct\u00fcnc\u00fc, imar plan tadilatlar\u0131n\u0131n yap\u0131ld\u0131\u011f\u0131 d\u00f6nemlerde Kepez\u2019in de B\u00fcy\u00fck\u015fehir Belediyesi\u2019nin de CHP\u2019de oldu\u011funu ifade &hellip;","og_url":"https:\/\/denizcankizil.tr\/ru\/haberler\/gundem\/kipa-tartismasina-katilan-tutuncu-2020-kararini-2024te-neden-iptal-etmediniz\/","og_site_name":"Av. Deniz Can K\u0131z\u0131l","article_published_time":"2025-01-21T08:41:28+00:00","author":"Antalya K\u00f6rfez","twitter_card":"summary_large_image","twitter_misc":{"\u041d\u0430\u043f\u0438\u0441\u0430\u043d\u043e \u0430\u0432\u0442\u043e\u0440\u043e\u043c":"Antalya K\u00f6rfez","\u041f\u0440\u0438\u043c\u0435\u0440\u043d\u043e\u0435 \u0432\u0440\u0435\u043c\u044f \u0434\u043b\u044f \u0447\u0442\u0435\u043d\u0438\u044f":"4 \u043c\u0438\u043d\u0443\u0442\u044b"},"schema":{"@context":"https:\/\/schema.org","@graph":[{"@type":"Article","@id":"https:\/\/denizcankizil.tr\/de\/haberler\/gundem\/kipa-tartismasina-katilan-tutuncu-2020-kararini-2024te-neden-iptal-etmediniz\/#article","isPartOf":{"@id":"https:\/\/denizcankizil.tr\/de\/haberler\/gundem\/kipa-tartismasina-katilan-tutuncu-2020-kararini-2024te-neden-iptal-etmediniz\/"},"author":{"name":"Antalya K\u00f6rfez","@id":"https:\/\/denizcankizil.tr\/de\/#\/schema\/person\/e1eb71bb4dd684d46563f0af307e1234"},"headline":"K\u0130PA tart\u0131\u015fmas\u0131na kat\u0131lan T\u00fct\u00fcnc\u00fc: 2020 karar\u0131n\u0131 2024\u2019te neden iptal etmediniz?","datePublished":"2025-01-21T08:41:28+00:00","mainEntityOfPage":{"@id":"https:\/\/denizcankizil.tr\/de\/haberler\/gundem\/kipa-tartismasina-katilan-tutuncu-2020-kararini-2024te-neden-iptal-etmediniz\/"},"wordCount":792,"commentCount":0,"publisher":{"@id":"https:\/\/denizcankizil.tr\/de\/#organization"},"articleSection":["G\u00fcndem"],"inLanguage":"ru-RU","potentialAction":[{"@type":"CommentAction","name":"Comment","target":["https:\/\/denizcankizil.tr\/de\/haberler\/gundem\/kipa-tartismasina-katilan-tutuncu-2020-kararini-2024te-neden-iptal-etmediniz\/#respond"]}]},{"@type":"WebPage","@id":"https:\/\/denizcankizil.tr\/de\/haberler\/gundem\/kipa-tartismasina-katilan-tutuncu-2020-kararini-2024te-neden-iptal-etmediniz\/","url":"https:\/\/denizcankizil.tr\/de\/haberler\/gundem\/kipa-tartismasina-katilan-tutuncu-2020-kararini-2024te-neden-iptal-etmediniz\/","name":"K\u0130PA tart\u0131\u015fmas\u0131na kat\u0131lan T\u00fct\u00fcnc\u00fc: 2020 karar\u0131n\u0131 2024\u2019te neden iptal etmediniz? - Av. Deniz Can K\u0131z\u0131l","isPartOf":{"@id":"https:\/\/denizcankizil.tr\/de\/#website"},"datePublished":"2025-01-21T08:41:28+00:00","breadcrumb":{"@id":"https:\/\/denizcankizil.tr\/de\/haberler\/gundem\/kipa-tartismasina-katilan-tutuncu-2020-kararini-2024te-neden-iptal-etmediniz\/#breadcrumb"},"inLanguage":"ru-RU","potentialAction":[{"@type":"ReadAction","target":["https:\/\/denizcankizil.tr\/de\/haberler\/gundem\/kipa-tartismasina-katilan-tutuncu-2020-kararini-2024te-neden-iptal-etmediniz\/"]}]},{"@type":"BreadcrumbList","@id":"https:\/\/denizcankizil.tr\/de\/haberler\/gundem\/kipa-tartismasina-katilan-tutuncu-2020-kararini-2024te-neden-iptal-etmediniz\/#breadcrumb","itemListElement":[{"@type":"ListItem","position":1,"name":"Home","item":"https:\/\/denizcankizil.tr\/de\/"},{"@type":"ListItem","position":2,"name":"K\u0130PA tart\u0131\u015fmas\u0131na kat\u0131lan T\u00fct\u00fcnc\u00fc: 2020 karar\u0131n\u0131 2024\u2019te neden iptal etmediniz?"}]},{"@type":"WebSite","@id":"https:\/\/denizcankizil.tr\/de\/#website","url":"https:\/\/denizcankizil.tr\/de\/","name":"Av. Deniz Can K\u0131z\u0131l","description":"Avukat Deniz Can K\u0131z\u0131l Antalya Barosu","publisher":{"@id":"https:\/\/denizcankizil.tr\/de\/#organization"},"potentialAction":[{"@type":"SearchAction","target":{"@type":"EntryPoint","urlTemplate":"https:\/\/denizcankizil.tr\/de\/?s={search_term_string}"},"query-input":{"@type":"PropertyValueSpecification","valueRequired":true,"valueName":"search_term_string"}}],"inLanguage":"ru-RU"},{"@type":"Organization","@id":"https:\/\/denizcankizil.tr\/de\/#organization","name":"Av. Deniz Can K\u0131z\u0131l","url":"https:\/\/denizcankizil.tr\/de\/","logo":{"@type":"ImageObject","inLanguage":"ru-RU","@id":"https:\/\/denizcankizil.tr\/de\/#\/schema\/logo\/image\/","url":"http:\/\/denizcankizil.tr\/wp-content\/uploads\/2024\/10\/siyah-logo-svg.svg","contentUrl":"http:\/\/denizcankizil.tr\/wp-content\/uploads\/2024\/10\/siyah-logo-svg.svg","width":1080,"height":1080,"caption":"Av. Deniz Can K\u0131z\u0131l"},"image":{"@id":"https:\/\/denizcankizil.tr\/de\/#\/schema\/logo\/image\/"}},{"@type":"Person","@id":"https:\/\/denizcankizil.tr\/de\/#\/schema\/person\/e1eb71bb4dd684d46563f0af307e1234","name":"Antalya K\u00f6rfez","image":{"@type":"ImageObject","inLanguage":"ru-RU","@id":"https:\/\/denizcankizil.tr\/de\/#\/schema\/person\/image\/","url":"https:\/\/secure.gravatar.com\/avatar\/42b01982558a48a0b501fdcab6a408d3717ea5919095ee2e67b0e521799c5905?s=96&d=mm&r=g","contentUrl":"https:\/\/secure.gravatar.com\/avatar\/42b01982558a48a0b501fdcab6a408d3717ea5919095ee2e67b0e521799c5905?s=96&d=mm&r=g","caption":"Antalya K\u00f6rfez"},"sameAs":["http:\/\/www.antalyakorfez.com"],"url":"https:\/\/www.antalyakorfez.com\/kipa-tartismasina-katilan-tutuncu-2020-kararini-2024te-neden-iptal-etmediniz"}]}},"_links":{"self":[{"href":"http:\/\/denizcankizil.tr\/ru\/wp-json\/wp\/v2\/posts\/26446","targetHints":{"allow":["GET"]}}],"collection":[{"href":"http:\/\/denizcankizil.tr\/ru\/wp-json\/wp\/v2\/posts"}],"about":[{"href":"http:\/\/denizcankizil.tr\/ru\/wp-json\/wp\/v2\/types\/post"}],"author":[{"embeddable":true,"href":"http:\/\/denizcankizil.tr\/ru\/wp-json\/wp\/v2\/users\/5"}],"replies":[{"embeddable":true,"href":"http:\/\/denizcankizil.tr\/ru\/wp-json\/wp\/v2\/comments?post=26446"}],"version-history":[{"count":0,"href":"http:\/\/denizcankizil.tr\/ru\/wp-json\/wp\/v2\/posts\/26446\/revisions"}],"wp:attachment":[{"href":"http:\/\/denizcankizil.tr\/ru\/wp-json\/wp\/v2\/media?parent=26446"}],"wp:term":[{"taxonomy":"category","embeddable":true,"href":"http:\/\/denizcankizil.tr\/ru\/wp-json\/wp\/v2\/categories?post=26446"},{"taxonomy":"post_tag","embeddable":true,"href":"http:\/\/denizcankizil.tr\/ru\/wp-json\/wp\/v2\/tags?post=26446"}],"curies":[{"name":"wp","href":"https:\/\/api.w.org\/{rel}","templated":true}]}}