{"id":26159,"date":"2025-01-19T17:41:46","date_gmt":"2025-01-19T14:41:46","guid":{"rendered":"https:\/\/denizcankizil.tr\/uncategorized-tr\/chpli-cosar-manavgat-halki-ozel-hastanelere-mahkum-ediliyor\/"},"modified":"2025-01-19T17:41:46","modified_gmt":"2025-01-19T14:41:46","slug":"chpli-cosar-manavgat-halki-ozel-hastanelere-mahkum-ediliyor","status":"publish","type":"post","link":"http:\/\/denizcankizil.tr\/ru\/haberler\/gundem\/chpli-cosar-manavgat-halki-ozel-hastanelere-mahkum-ediliyor\/","title":{"rendered":"CHP\u2019li Co\u015far: \u201cManavgat halk\u0131 \u00f6zel hastanelere mahkum ediliyor&#8221;"},"content":{"rendered":"<p>CHP Antalya Milletvekili Aliye Co\u015far, 2025 y\u0131l\u0131nda bitirilmesi planlanan Manavgat Devlet Hastanesi\u2019nin in\u015faat alan\u0131n \u00f6n\u00fcnde bir a\u00e7\u0131klama yapt\u0131. Burada \u00e7arp\u0131c\u0131 iddialarda bulunan Co\u015far, hastanenin bu g\u00fcnlerde bitmesi ve a\u00e7\u0131l\u0131\u015f\u0131 yap\u0131lmas\u0131 gerekti\u011fini belirterek, \u201cY\u0131llard\u0131r Manavgat\u2019\u0131n sa\u011fl\u0131k hakk\u0131 iktidara eliyle engelleniyor ve insanlar bu ekonomik krizde mevcut Manavgat Devlet Hastanesi\u2019nin yetersiz bran\u015flar\u0131 y\u00fcz\u00fcnden \u00f6zel hastanelere mahkum ediliyor. Kimse bunun bedelini \u00f6demek zorunda de\u011fil\u201d diye konu\u015ftu.\u00a0<\/p>\n<p>\u0130N\u015eAAT DURDURULDU\u00a0<\/p>\n<p>Antalya\u2019n\u0131n Manavgat il\u00e7esinde in\u015faat\u0131nda 17 \u015eubat 2023 tarihinde ba\u015flanan ve 2025 y\u0131l\u0131nda bitmesi planlanan Yeni Manavgat Devlet Hastanesi\u2019nin in\u015faat\u0131 durduruldu. \u00a0CHP Antalya Milletvekili Aliye Co\u015far ise konuyu g\u00fcndeme getirmek i\u00e7in CHP Antalya Milletvekilleri ve di\u011fer parti \u00fcyeleri ile hastane in\u015faat\u0131 \u00f6n\u00fcnde bir araya gelip, burada \u00e7arp\u0131c\u0131 a\u00e7\u0131klamalarda bulundu.\u00a0<\/p>\n<p>&#8220;BU BATAKLIKTA ISRAR ETT\u0130LER&#8221;\u00a0<\/p>\n<p>Hastanenin in\u015faat\u0131n\u0131n d\u00fcn bitmesi gerekti\u011fin belirten Co\u015far, \u201cD\u00fcn burada bu hastane in\u015faat\u0131n\u0131n bitmemesi gerekiyordu ama maalesef bu olmad\u0131. Y\u0131llar \u00f6nce Manavgat\u2019ta ilk 500 yatakl\u0131 hastane s\u00f6z\u00fcn\u00fc verildi sonra 300 yatakl\u0131 dendi ve bu kadar itirazlara ra\u011fmen Manavgat\u2019ta hi\u00e7bir bo\u015f arsa yer kalmam\u0131\u015f gibi bu batakl\u0131\u011f\u0131 in\u015faatta \u0131srar ettiler. Ben AK Partili Manavgat\u2019\u0131n doktor milletvekiline soruyorum, \u2018Siz Manavgat\u2019tan bihaber misiniz\u2019 \u201cdedi.\u00a0<\/p>\n<p>\u201cY\u00dcZLERCE ARAZ\u0130 TOK\u0130 EL\u0130YLE SATILDI\u201d<\/p>\n<p>Manavgat\u2019taki arazilerin Toki eliyle sat\u0131ld\u0131\u011f\u0131n\u0131 iddia eden Co\u015far,\u201d Manavgat\u2019taki y\u00fczlerce arazi TOK\u0130 eliyle sat\u0131ld\u0131 ve siz gidip belediyeleri su\u00e7luyorsunuz. Belediyelerimiz size yer g\u00f6sterdi ve ne hikmetse burada hastane yap\u0131m\u0131nda \u0131srarc\u0131 oldunuz. Ge\u00e7en sene bu konuyla alakal\u0131 mecliste tam \u00fc\u00e7 kez mecliste soru \u00f6nergesi verdik ve ilkinde cevap vermediler. \u0130kincisinde cevap verdiler. \u20182023 y\u0131l\u0131nda onuncu ayda buran\u0131n ruhsat i\u015flemlerinin tamamland\u0131\u011f\u0131n\u0131 ve 2025 y\u0131l\u0131nda teslim edilece\u011fini\u2019 s\u00f6ylediler. \u00a0Fakat hastanenin in\u015faat\u0131nda yine bir ilerleme yok\u201d s\u00f6zlerini kaydetti.\u00a0<\/p>\n<p>MAL\u0130YET Y\u00dcZDE 10 ARTTI\u00a0<\/p>\n<p>Bir ay \u00f6nce kendilerine bir yaz\u0131 geldi\u011fini ve in\u015faat maliyetinin y\u00fczde 10 artt\u0131\u011f\u0131na de\u011finen CHP\u2019li Co\u015far, \u201cBir ay \u00f6nce bir yaz\u0131 geldi, \u2018Hastanenin zeminin iyile\u015ftirilmesi yap\u0131ld\u0131\u011f\u0131n\u0131 ve s\u00fcrecin bu y\u00fczden uzad\u0131\u011f\u0131n\u0131 ve maliyetin y\u00fczde 10 oran\u0131nda art\u0131\u011f\u0131ndan dolay\u0131 tekrar bir kamu ihalesi yap\u0131laca\u011f\u0131n\u0131\u2019 s\u00f6ylediler. Hatta in\u015faat\u0131n burada devam etti\u011fini belirtilerek, 2025 y\u0131l\u0131nda hastanenin teslim edilece\u011fini s\u00f6ylediler\u201d diye konu\u015ftu. \u00a0<\/p>\n<p>\u201cVATANDA\u015eLAR \u00d6ZEL HASTANELERE MAHKUM ED\u0130L\u0130YOR\u201d\u00a0<\/p>\n<p>Manavgat halk\u0131n\u0131n \u00f6zel hastanelere mahkum edildi\u011fine dikkat \u00e7eken Aliye Co\u015far, \u201cManavgat bir turizm kenti milli gelire en \u00e7ok katk\u0131 sa\u011flayan, il\u00e7elerden biri. Yang\u0131n oldu yine yang\u0131n zedelerinin yan\u0131ndan olmad\u0131lar, Manavgat\u2019\u0131n a\u011fa\u00e7lar\u0131n\u0131 satt\u0131lar ve o paralar\u0131n hesaplar\u0131n\u0131 vermediler. \u00a0Y\u0131llard\u0131r Manavgat\u2019\u0131n sa\u011fl\u0131k hakk\u0131 iktidara eliyle engelleniyor ve insanlar bu ekonomik krizde mevcut Manavgat Devlet Hastanesi\u2019nin yetersiz bran\u015flar\u0131 y\u00fcz\u00fcnden \u00f6zel hastanelere mahkum ediliyor. Kimse bunun bedelini \u00f6demek zorunda de\u011fil\u201d ifadelerini kulland\u0131.<\/p>\n<p>\u201c\u0130NSANLARI DAHA \u00c7OK MA\u011eDUR ETMEY\u0130N\u201d<\/p>\n<p>\u0130ktidara seslenen CHP Milletvekili, \u201cBiz buradan iktidara sesleniyoruz. Bir an \u00f6nce bur yanl\u0131\u015f uygulamadan vazge\u00e7in. Manavgat halk\u0131n\u0131 daha \u00e7ok ma\u011fdur etmeyin. Y\u0131llarca a\u00e7\u0131klama yapm\u0131yorsunuz neden bu hastane konusunda buray\u0131 diretiyorsunuz? \u0130stedi\u011finiz her yere hastane yapabilirsiniz. Manavgat CHP\u2019li oldu\u011fu i\u00e7in mi cezaland\u0131r\u0131l\u0131yor. Bu sorunun cevab\u0131n\u0131 da iktidardan bekliyoruz\u201d dedi.\u00a0<\/p>\n<p>\u00a0<\/p>\n<p>\u200bCHP Antalya Milletvekili Aliye Co\u015far, yap\u0131m\u0131 y\u0131lan hikayesine d\u00f6nen Antalya Manavgat Devlet Hastanesi \u00f6n\u00fcnde a\u00e7\u0131klamalarda bulundu. Co\u015far, \u201cMevcut Manavgat Devlet Hastanesi\u2019nin yetersiz bran\u015flar\u0131 y\u00fcz\u00fcnden vatanda\u015flar \u00f6zel hastanelere mahkum ediliyor. Kimse bunun bedelini \u00f6demek zorunda de\u011fil\u201d dedi.\u00a0<\/p>\n<p>\u200bHaberin Al\u0131nt\u0131land\u0131\u011f\u0131 Kaynak: www.antalyakorfez.com<\/p>","protected":false},"excerpt":{"rendered":"<p>CHP Antalya Milletvekili Aliye Co\u015far, 2025 y\u0131l\u0131nda bitirilmesi planlanan Manavgat Devlet Hastanesi\u2019nin in\u015faat alan\u0131n \u00f6n\u00fcnde bir a\u00e7\u0131klama yapt\u0131. Burada \u00e7arp\u0131c\u0131 iddialarda bulunan Co\u015far, hastanenin bu g\u00fcnlerde bitmesi ve a\u00e7\u0131l\u0131\u015f\u0131 yap\u0131lmas\u0131 gerekti\u011fini belirterek, \u201cY\u0131llard\u0131r Manavgat\u2019\u0131n sa\u011fl\u0131k hakk\u0131 iktidara eliyle engelleniyor ve insanlar bu ekonomik krizde mevcut Manavgat Devlet Hastanesi\u2019nin yetersiz bran\u015flar\u0131 y\u00fcz\u00fcnden \u00f6zel hastanelere mahkum ediliyor. Kimse bunun bedelini \u00f6demek zorunda de\u011fil\u201d diye konu\u015ftu.\u00a0 \u0130N\u015eAAT DURDURULDU\u00a0 Antalya\u2019n\u0131n Manavgat il\u00e7esinde in\u015faat\u0131nda 17 \u015eubat 2023 tarihinde ba\u015flanan ve 2025 y\u0131l\u0131nda bitmesi planlanan Yeni Manavgat Devlet Hastanesi\u2019nin in\u015faat\u0131 durduruldu. \u00a0CHP Antalya Milletvekili Aliye Co\u015far ise konuyu g\u00fcndeme getirmek i\u00e7in CHP Antalya Milletvekilleri ve di\u011fer parti \u00fcyeleri ile hastane in\u015faat\u0131 \u00f6n\u00fcnde bir araya gelip, burada \u00e7arp\u0131c\u0131 a\u00e7\u0131klamalarda bulundu.\u00a0 &#8220;BU BATAKLIKTA ISRAR ETT\u0130LER&#8221;\u00a0 Hastanenin in\u015faat\u0131n\u0131n d\u00fcn bitmesi gerekti\u011fin belirten Co\u015far, \u201cD\u00fcn burada bu hastane in\u015faat\u0131n\u0131n bitmemesi gerekiyordu ama maalesef bu olmad\u0131. Y\u0131llar \u00f6nce Manavgat\u2019ta ilk 500 yatakl\u0131 hastane s\u00f6z\u00fcn\u00fc verildi sonra 300 yatakl\u0131 dendi ve bu kadar itirazlara ra\u011fmen Manavgat\u2019ta hi\u00e7bir bo\u015f arsa yer kalmam\u0131\u015f gibi bu batakl\u0131\u011f\u0131 in\u015faatta \u0131srar ettiler. Ben AK Partili Manavgat\u2019\u0131n doktor milletvekiline soruyorum, \u2018Siz Manavgat\u2019tan bihaber misiniz\u2019 \u201cdedi.\u00a0 \u201cY\u00dcZLERCE ARAZ\u0130 TOK\u0130 EL\u0130YLE SATILDI\u201d Manavgat\u2019taki arazilerin Toki eliyle sat\u0131ld\u0131\u011f\u0131n\u0131 iddia eden Co\u015far,\u201d Manavgat\u2019taki y\u00fczlerce arazi TOK\u0130 eliyle sat\u0131ld\u0131 ve siz gidip belediyeleri &hellip;<\/p>","protected":false},"author":5,"featured_media":0,"comment_status":"open","ping_status":"open","sticky":false,"template":"","format":"standard","meta":{"_acf_changed":false,"footnotes":""},"categories":[24],"tags":[],"class_list":["post-26159","post","type-post","status-publish","format-standard","has-post-thumbnail","hentry","category-gundem"],"acf":[],"yoast_head":"<!-- This site is optimized with the Yoast SEO Premium plugin v26.6 (Yoast SEO v27.1.1) - https:\/\/yoast.com\/product\/yoast-seo-premium-wordpress\/ -->\n<title>CHP\u2019li Co\u015far: \u201cManavgat halk\u0131 \u00f6zel hastanelere mahkum ediliyor&quot; - Av. Deniz Can K\u0131z\u0131l<\/title>\n<meta name=\"robots\" content=\"index, follow, max-snippet:-1, max-image-preview:large, max-video-preview:-1\" \/>\n<link rel=\"canonical\" href=\"http:\/\/denizcankizil.tr\/ru\/haberler\/gundem\/chpli-cosar-manavgat-halki-ozel-hastanelere-mahkum-ediliyor\/\" \/>\n<meta property=\"og:locale\" content=\"ru_RU\" \/>\n<meta property=\"og:type\" content=\"article\" \/>\n<meta property=\"og:title\" content=\"CHP\u2019li Co\u015far: \u201cManavgat halk\u0131 \u00f6zel hastanelere mahkum ediliyor&quot;\" \/>\n<meta property=\"og:description\" content=\"CHP Antalya Milletvekili Aliye Co\u015far, 2025 y\u0131l\u0131nda bitirilmesi planlanan Manavgat Devlet Hastanesi\u2019nin in\u015faat alan\u0131n \u00f6n\u00fcnde bir a\u00e7\u0131klama yapt\u0131. Burada \u00e7arp\u0131c\u0131 iddialarda bulunan Co\u015far, hastanenin bu g\u00fcnlerde bitmesi ve a\u00e7\u0131l\u0131\u015f\u0131 yap\u0131lmas\u0131 gerekti\u011fini belirterek, \u201cY\u0131llard\u0131r Manavgat\u2019\u0131n sa\u011fl\u0131k hakk\u0131 iktidara eliyle engelleniyor ve insanlar bu ekonomik krizde mevcut Manavgat Devlet Hastanesi\u2019nin yetersiz bran\u015flar\u0131 y\u00fcz\u00fcnden \u00f6zel hastanelere mahkum ediliyor. Kimse bunun bedelini \u00f6demek zorunda de\u011fil\u201d diye konu\u015ftu.\u00a0 \u0130N\u015eAAT DURDURULDU\u00a0 Antalya\u2019n\u0131n Manavgat il\u00e7esinde in\u015faat\u0131nda 17 \u015eubat 2023 tarihinde ba\u015flanan ve 2025 y\u0131l\u0131nda bitmesi planlanan Yeni Manavgat Devlet Hastanesi\u2019nin in\u015faat\u0131 durduruldu. \u00a0CHP Antalya Milletvekili Aliye Co\u015far ise konuyu g\u00fcndeme getirmek i\u00e7in CHP Antalya Milletvekilleri ve di\u011fer parti \u00fcyeleri ile hastane in\u015faat\u0131 \u00f6n\u00fcnde bir araya gelip, burada \u00e7arp\u0131c\u0131 a\u00e7\u0131klamalarda bulundu.\u00a0 &#8220;BU BATAKLIKTA ISRAR ETT\u0130LER&#8221;\u00a0 Hastanenin in\u015faat\u0131n\u0131n d\u00fcn bitmesi gerekti\u011fin belirten Co\u015far, \u201cD\u00fcn burada bu hastane in\u015faat\u0131n\u0131n bitmemesi gerekiyordu ama maalesef bu olmad\u0131. Y\u0131llar \u00f6nce Manavgat\u2019ta ilk 500 yatakl\u0131 hastane s\u00f6z\u00fcn\u00fc verildi sonra 300 yatakl\u0131 dendi ve bu kadar itirazlara ra\u011fmen Manavgat\u2019ta hi\u00e7bir bo\u015f arsa yer kalmam\u0131\u015f gibi bu batakl\u0131\u011f\u0131 in\u015faatta \u0131srar ettiler. Ben AK Partili Manavgat\u2019\u0131n doktor milletvekiline soruyorum, \u2018Siz Manavgat\u2019tan bihaber misiniz\u2019 \u201cdedi.\u00a0 \u201cY\u00dcZLERCE ARAZ\u0130 TOK\u0130 EL\u0130YLE SATILDI\u201d Manavgat\u2019taki arazilerin Toki eliyle sat\u0131ld\u0131\u011f\u0131n\u0131 iddia eden Co\u015far,\u201d Manavgat\u2019taki y\u00fczlerce arazi TOK\u0130 eliyle sat\u0131ld\u0131 ve siz gidip belediyeleri &hellip;\" \/>\n<meta property=\"og:url\" content=\"http:\/\/denizcankizil.tr\/ru\/haberler\/gundem\/chpli-cosar-manavgat-halki-ozel-hastanelere-mahkum-ediliyor\/\" \/>\n<meta property=\"og:site_name\" content=\"Av. Deniz Can K\u0131z\u0131l\" \/>\n<meta property=\"article:published_time\" content=\"2025-01-19T14:41:46+00:00\" \/>\n<meta name=\"author\" content=\"Antalya K\u00f6rfez\" \/>\n<meta name=\"twitter:card\" content=\"summary_large_image\" \/>\n<meta name=\"twitter:label1\" content=\"\u041d\u0430\u043f\u0438\u0441\u0430\u043d\u043e \u0430\u0432\u0442\u043e\u0440\u043e\u043c\" \/>\n\t<meta name=\"twitter:data1\" content=\"Antalya K\u00f6rfez\" \/>\n\t<meta name=\"twitter:label2\" content=\"\u041f\u0440\u0438\u043c\u0435\u0440\u043d\u043e\u0435 \u0432\u0440\u0435\u043c\u044f \u0434\u043b\u044f \u0447\u0442\u0435\u043d\u0438\u044f\" \/>\n\t<meta name=\"twitter:data2\" content=\"3 \u043c\u0438\u043d\u0443\u0442\u044b\" \/>\n<script type=\"application\/ld+json\" class=\"yoast-schema-graph\">{\"@context\":\"https:\/\/schema.org\",\"@graph\":[{\"@type\":\"Article\",\"@id\":\"http:\/\/denizcankizil.tr\/ru\/haberler\/gundem\/chpli-cosar-manavgat-halki-ozel-hastanelere-mahkum-ediliyor\/#article\",\"isPartOf\":{\"@id\":\"http:\/\/denizcankizil.tr\/ru\/haberler\/gundem\/chpli-cosar-manavgat-halki-ozel-hastanelere-mahkum-ediliyor\/\"},\"author\":{\"name\":\"Antalya K\u00f6rfez\",\"@id\":\"https:\/\/denizcankizil.tr\/de\/#\/schema\/person\/e1eb71bb4dd684d46563f0af307e1234\"},\"headline\":\"CHP\u2019li Co\u015far: \u201cManavgat halk\u0131 \u00f6zel hastanelere mahkum ediliyor&#8221;\",\"datePublished\":\"2025-01-19T14:41:46+00:00\",\"mainEntityOfPage\":{\"@id\":\"http:\/\/denizcankizil.tr\/ru\/haberler\/gundem\/chpli-cosar-manavgat-halki-ozel-hastanelere-mahkum-ediliyor\/\"},\"wordCount\":664,\"commentCount\":0,\"publisher\":{\"@id\":\"https:\/\/denizcankizil.tr\/de\/#organization\"},\"articleSection\":[\"G\u00fcndem\"],\"inLanguage\":\"ru-RU\",\"potentialAction\":[{\"@type\":\"CommentAction\",\"name\":\"Comment\",\"target\":[\"http:\/\/denizcankizil.tr\/ru\/haberler\/gundem\/chpli-cosar-manavgat-halki-ozel-hastanelere-mahkum-ediliyor\/#respond\"]}]},{\"@type\":\"WebPage\",\"@id\":\"http:\/\/denizcankizil.tr\/ru\/haberler\/gundem\/chpli-cosar-manavgat-halki-ozel-hastanelere-mahkum-ediliyor\/\",\"url\":\"http:\/\/denizcankizil.tr\/ru\/haberler\/gundem\/chpli-cosar-manavgat-halki-ozel-hastanelere-mahkum-ediliyor\/\",\"name\":\"CHP\u2019li Co\u015far: \u201cManavgat halk\u0131 \u00f6zel hastanelere mahkum ediliyor\\\" - Av. Deniz Can K\u0131z\u0131l\",\"isPartOf\":{\"@id\":\"https:\/\/denizcankizil.tr\/de\/#website\"},\"datePublished\":\"2025-01-19T14:41:46+00:00\",\"breadcrumb\":{\"@id\":\"http:\/\/denizcankizil.tr\/ru\/haberler\/gundem\/chpli-cosar-manavgat-halki-ozel-hastanelere-mahkum-ediliyor\/#breadcrumb\"},\"inLanguage\":\"ru-RU\",\"potentialAction\":[{\"@type\":\"ReadAction\",\"target\":[\"http:\/\/denizcankizil.tr\/ru\/haberler\/gundem\/chpli-cosar-manavgat-halki-ozel-hastanelere-mahkum-ediliyor\/\"]}]},{\"@type\":\"BreadcrumbList\",\"@id\":\"http:\/\/denizcankizil.tr\/ru\/haberler\/gundem\/chpli-cosar-manavgat-halki-ozel-hastanelere-mahkum-ediliyor\/#breadcrumb\",\"itemListElement\":[{\"@type\":\"ListItem\",\"position\":1,\"name\":\"Home\",\"item\":\"https:\/\/denizcankizil.tr\/de\/\"},{\"@type\":\"ListItem\",\"position\":2,\"name\":\"CHP\u2019li Co\u015far: \u201cManavgat halk\u0131 \u00f6zel hastanelere mahkum ediliyor&#8221;\"}]},{\"@type\":\"WebSite\",\"@id\":\"https:\/\/denizcankizil.tr\/de\/#website\",\"url\":\"https:\/\/denizcankizil.tr\/de\/\",\"name\":\"Av. Deniz Can K\u0131z\u0131l\",\"description\":\"Avukat Deniz Can K\u0131z\u0131l Antalya Barosu\",\"publisher\":{\"@id\":\"https:\/\/denizcankizil.tr\/de\/#organization\"},\"potentialAction\":[{\"@type\":\"SearchAction\",\"target\":{\"@type\":\"EntryPoint\",\"urlTemplate\":\"https:\/\/denizcankizil.tr\/de\/?s={search_term_string}\"},\"query-input\":{\"@type\":\"PropertyValueSpecification\",\"valueRequired\":true,\"valueName\":\"search_term_string\"}}],\"inLanguage\":\"ru-RU\"},{\"@type\":\"Organization\",\"@id\":\"https:\/\/denizcankizil.tr\/de\/#organization\",\"name\":\"Av. Deniz Can K\u0131z\u0131l\",\"url\":\"https:\/\/denizcankizil.tr\/de\/\",\"logo\":{\"@type\":\"ImageObject\",\"inLanguage\":\"ru-RU\",\"@id\":\"https:\/\/denizcankizil.tr\/de\/#\/schema\/logo\/image\/\",\"url\":\"http:\/\/denizcankizil.tr\/wp-content\/uploads\/2024\/10\/siyah-logo-svg.svg\",\"contentUrl\":\"http:\/\/denizcankizil.tr\/wp-content\/uploads\/2024\/10\/siyah-logo-svg.svg\",\"width\":1080,\"height\":1080,\"caption\":\"Av. Deniz Can K\u0131z\u0131l\"},\"image\":{\"@id\":\"https:\/\/denizcankizil.tr\/de\/#\/schema\/logo\/image\/\"}},{\"@type\":\"Person\",\"@id\":\"https:\/\/denizcankizil.tr\/de\/#\/schema\/person\/e1eb71bb4dd684d46563f0af307e1234\",\"name\":\"Antalya K\u00f6rfez\",\"image\":{\"@type\":\"ImageObject\",\"inLanguage\":\"ru-RU\",\"@id\":\"https:\/\/denizcankizil.tr\/de\/#\/schema\/person\/image\/\",\"url\":\"https:\/\/secure.gravatar.com\/avatar\/42b01982558a48a0b501fdcab6a408d3717ea5919095ee2e67b0e521799c5905?s=96&d=mm&r=g\",\"contentUrl\":\"https:\/\/secure.gravatar.com\/avatar\/42b01982558a48a0b501fdcab6a408d3717ea5919095ee2e67b0e521799c5905?s=96&d=mm&r=g\",\"caption\":\"Antalya K\u00f6rfez\"},\"sameAs\":[\"http:\/\/www.antalyakorfez.com\"],\"url\":\"https:\/\/www.antalyakorfez.com\/chpli-cosar-manavgat-halki-ozel-hastanelere-mahkum-ediliyor\"}]}<\/script>\n<!-- \/ Yoast SEO Premium plugin. -->","yoast_head_json":{"title":"CHP\u2019li Co\u015far: \u201cManavgat halk\u0131 \u00f6zel hastanelere mahkum ediliyor\" - Av. Deniz Can K\u0131z\u0131l","robots":{"index":"index","follow":"follow","max-snippet":"max-snippet:-1","max-image-preview":"max-image-preview:large","max-video-preview":"max-video-preview:-1"},"canonical":"http:\/\/denizcankizil.tr\/ru\/haberler\/gundem\/chpli-cosar-manavgat-halki-ozel-hastanelere-mahkum-ediliyor\/","og_locale":"ru_RU","og_type":"article","og_title":"CHP\u2019li Co\u015far: \u201cManavgat halk\u0131 \u00f6zel hastanelere mahkum ediliyor\"","og_description":"CHP Antalya Milletvekili Aliye Co\u015far, 2025 y\u0131l\u0131nda bitirilmesi planlanan Manavgat Devlet Hastanesi\u2019nin in\u015faat alan\u0131n \u00f6n\u00fcnde bir a\u00e7\u0131klama yapt\u0131. Burada \u00e7arp\u0131c\u0131 iddialarda bulunan Co\u015far, hastanenin bu g\u00fcnlerde bitmesi ve a\u00e7\u0131l\u0131\u015f\u0131 yap\u0131lmas\u0131 gerekti\u011fini belirterek, \u201cY\u0131llard\u0131r Manavgat\u2019\u0131n sa\u011fl\u0131k hakk\u0131 iktidara eliyle engelleniyor ve insanlar bu ekonomik krizde mevcut Manavgat Devlet Hastanesi\u2019nin yetersiz bran\u015flar\u0131 y\u00fcz\u00fcnden \u00f6zel hastanelere mahkum ediliyor. Kimse bunun bedelini \u00f6demek zorunda de\u011fil\u201d diye konu\u015ftu.\u00a0 \u0130N\u015eAAT DURDURULDU\u00a0 Antalya\u2019n\u0131n Manavgat il\u00e7esinde in\u015faat\u0131nda 17 \u015eubat 2023 tarihinde ba\u015flanan ve 2025 y\u0131l\u0131nda bitmesi planlanan Yeni Manavgat Devlet Hastanesi\u2019nin in\u015faat\u0131 durduruldu. \u00a0CHP Antalya Milletvekili Aliye Co\u015far ise konuyu g\u00fcndeme getirmek i\u00e7in CHP Antalya Milletvekilleri ve di\u011fer parti \u00fcyeleri ile hastane in\u015faat\u0131 \u00f6n\u00fcnde bir araya gelip, burada \u00e7arp\u0131c\u0131 a\u00e7\u0131klamalarda bulundu.\u00a0 &#8220;BU BATAKLIKTA ISRAR ETT\u0130LER&#8221;\u00a0 Hastanenin in\u015faat\u0131n\u0131n d\u00fcn bitmesi gerekti\u011fin belirten Co\u015far, \u201cD\u00fcn burada bu hastane in\u015faat\u0131n\u0131n bitmemesi gerekiyordu ama maalesef bu olmad\u0131. Y\u0131llar \u00f6nce Manavgat\u2019ta ilk 500 yatakl\u0131 hastane s\u00f6z\u00fcn\u00fc verildi sonra 300 yatakl\u0131 dendi ve bu kadar itirazlara ra\u011fmen Manavgat\u2019ta hi\u00e7bir bo\u015f arsa yer kalmam\u0131\u015f gibi bu batakl\u0131\u011f\u0131 in\u015faatta \u0131srar ettiler. Ben AK Partili Manavgat\u2019\u0131n doktor milletvekiline soruyorum, \u2018Siz Manavgat\u2019tan bihaber misiniz\u2019 \u201cdedi.\u00a0 \u201cY\u00dcZLERCE ARAZ\u0130 TOK\u0130 EL\u0130YLE SATILDI\u201d Manavgat\u2019taki arazilerin Toki eliyle sat\u0131ld\u0131\u011f\u0131n\u0131 iddia eden Co\u015far,\u201d Manavgat\u2019taki y\u00fczlerce arazi TOK\u0130 eliyle sat\u0131ld\u0131 ve siz gidip belediyeleri &hellip;","og_url":"http:\/\/denizcankizil.tr\/ru\/haberler\/gundem\/chpli-cosar-manavgat-halki-ozel-hastanelere-mahkum-ediliyor\/","og_site_name":"Av. Deniz Can K\u0131z\u0131l","article_published_time":"2025-01-19T14:41:46+00:00","author":"Antalya K\u00f6rfez","twitter_card":"summary_large_image","twitter_misc":{"\u041d\u0430\u043f\u0438\u0441\u0430\u043d\u043e \u0430\u0432\u0442\u043e\u0440\u043e\u043c":"Antalya K\u00f6rfez","\u041f\u0440\u0438\u043c\u0435\u0440\u043d\u043e\u0435 \u0432\u0440\u0435\u043c\u044f \u0434\u043b\u044f \u0447\u0442\u0435\u043d\u0438\u044f":"3 \u043c\u0438\u043d\u0443\u0442\u044b"},"schema":{"@context":"https:\/\/schema.org","@graph":[{"@type":"Article","@id":"http:\/\/denizcankizil.tr\/ru\/haberler\/gundem\/chpli-cosar-manavgat-halki-ozel-hastanelere-mahkum-ediliyor\/#article","isPartOf":{"@id":"http:\/\/denizcankizil.tr\/ru\/haberler\/gundem\/chpli-cosar-manavgat-halki-ozel-hastanelere-mahkum-ediliyor\/"},"author":{"name":"Antalya K\u00f6rfez","@id":"https:\/\/denizcankizil.tr\/de\/#\/schema\/person\/e1eb71bb4dd684d46563f0af307e1234"},"headline":"CHP\u2019li Co\u015far: \u201cManavgat halk\u0131 \u00f6zel hastanelere mahkum ediliyor&#8221;","datePublished":"2025-01-19T14:41:46+00:00","mainEntityOfPage":{"@id":"http:\/\/denizcankizil.tr\/ru\/haberler\/gundem\/chpli-cosar-manavgat-halki-ozel-hastanelere-mahkum-ediliyor\/"},"wordCount":664,"commentCount":0,"publisher":{"@id":"https:\/\/denizcankizil.tr\/de\/#organization"},"articleSection":["G\u00fcndem"],"inLanguage":"ru-RU","potentialAction":[{"@type":"CommentAction","name":"Comment","target":["http:\/\/denizcankizil.tr\/ru\/haberler\/gundem\/chpli-cosar-manavgat-halki-ozel-hastanelere-mahkum-ediliyor\/#respond"]}]},{"@type":"WebPage","@id":"http:\/\/denizcankizil.tr\/ru\/haberler\/gundem\/chpli-cosar-manavgat-halki-ozel-hastanelere-mahkum-ediliyor\/","url":"http:\/\/denizcankizil.tr\/ru\/haberler\/gundem\/chpli-cosar-manavgat-halki-ozel-hastanelere-mahkum-ediliyor\/","name":"CHP\u2019li Co\u015far: \u201cManavgat halk\u0131 \u00f6zel hastanelere mahkum ediliyor\" - Av. Deniz Can K\u0131z\u0131l","isPartOf":{"@id":"https:\/\/denizcankizil.tr\/de\/#website"},"datePublished":"2025-01-19T14:41:46+00:00","breadcrumb":{"@id":"http:\/\/denizcankizil.tr\/ru\/haberler\/gundem\/chpli-cosar-manavgat-halki-ozel-hastanelere-mahkum-ediliyor\/#breadcrumb"},"inLanguage":"ru-RU","potentialAction":[{"@type":"ReadAction","target":["http:\/\/denizcankizil.tr\/ru\/haberler\/gundem\/chpli-cosar-manavgat-halki-ozel-hastanelere-mahkum-ediliyor\/"]}]},{"@type":"BreadcrumbList","@id":"http:\/\/denizcankizil.tr\/ru\/haberler\/gundem\/chpli-cosar-manavgat-halki-ozel-hastanelere-mahkum-ediliyor\/#breadcrumb","itemListElement":[{"@type":"ListItem","position":1,"name":"Home","item":"https:\/\/denizcankizil.tr\/de\/"},{"@type":"ListItem","position":2,"name":"CHP\u2019li Co\u015far: \u201cManavgat halk\u0131 \u00f6zel hastanelere mahkum ediliyor&#8221;"}]},{"@type":"WebSite","@id":"https:\/\/denizcankizil.tr\/de\/#website","url":"https:\/\/denizcankizil.tr\/de\/","name":"Av. Deniz Can K\u0131z\u0131l","description":"Avukat Deniz Can K\u0131z\u0131l Antalya Barosu","publisher":{"@id":"https:\/\/denizcankizil.tr\/de\/#organization"},"potentialAction":[{"@type":"SearchAction","target":{"@type":"EntryPoint","urlTemplate":"https:\/\/denizcankizil.tr\/de\/?s={search_term_string}"},"query-input":{"@type":"PropertyValueSpecification","valueRequired":true,"valueName":"search_term_string"}}],"inLanguage":"ru-RU"},{"@type":"Organization","@id":"https:\/\/denizcankizil.tr\/de\/#organization","name":"Av. Deniz Can K\u0131z\u0131l","url":"https:\/\/denizcankizil.tr\/de\/","logo":{"@type":"ImageObject","inLanguage":"ru-RU","@id":"https:\/\/denizcankizil.tr\/de\/#\/schema\/logo\/image\/","url":"http:\/\/denizcankizil.tr\/wp-content\/uploads\/2024\/10\/siyah-logo-svg.svg","contentUrl":"http:\/\/denizcankizil.tr\/wp-content\/uploads\/2024\/10\/siyah-logo-svg.svg","width":1080,"height":1080,"caption":"Av. Deniz Can K\u0131z\u0131l"},"image":{"@id":"https:\/\/denizcankizil.tr\/de\/#\/schema\/logo\/image\/"}},{"@type":"Person","@id":"https:\/\/denizcankizil.tr\/de\/#\/schema\/person\/e1eb71bb4dd684d46563f0af307e1234","name":"Antalya K\u00f6rfez","image":{"@type":"ImageObject","inLanguage":"ru-RU","@id":"https:\/\/denizcankizil.tr\/de\/#\/schema\/person\/image\/","url":"https:\/\/secure.gravatar.com\/avatar\/42b01982558a48a0b501fdcab6a408d3717ea5919095ee2e67b0e521799c5905?s=96&d=mm&r=g","contentUrl":"https:\/\/secure.gravatar.com\/avatar\/42b01982558a48a0b501fdcab6a408d3717ea5919095ee2e67b0e521799c5905?s=96&d=mm&r=g","caption":"Antalya K\u00f6rfez"},"sameAs":["http:\/\/www.antalyakorfez.com"],"url":"https:\/\/www.antalyakorfez.com\/chpli-cosar-manavgat-halki-ozel-hastanelere-mahkum-ediliyor"}]}},"_links":{"self":[{"href":"http:\/\/denizcankizil.tr\/ru\/wp-json\/wp\/v2\/posts\/26159","targetHints":{"allow":["GET"]}}],"collection":[{"href":"http:\/\/denizcankizil.tr\/ru\/wp-json\/wp\/v2\/posts"}],"about":[{"href":"http:\/\/denizcankizil.tr\/ru\/wp-json\/wp\/v2\/types\/post"}],"author":[{"embeddable":true,"href":"http:\/\/denizcankizil.tr\/ru\/wp-json\/wp\/v2\/users\/5"}],"replies":[{"embeddable":true,"href":"http:\/\/denizcankizil.tr\/ru\/wp-json\/wp\/v2\/comments?post=26159"}],"version-history":[{"count":0,"href":"http:\/\/denizcankizil.tr\/ru\/wp-json\/wp\/v2\/posts\/26159\/revisions"}],"wp:attachment":[{"href":"http:\/\/denizcankizil.tr\/ru\/wp-json\/wp\/v2\/media?parent=26159"}],"wp:term":[{"taxonomy":"category","embeddable":true,"href":"http:\/\/denizcankizil.tr\/ru\/wp-json\/wp\/v2\/categories?post=26159"},{"taxonomy":"post_tag","embeddable":true,"href":"http:\/\/denizcankizil.tr\/ru\/wp-json\/wp\/v2\/tags?post=26159"}],"curies":[{"name":"wp","href":"https:\/\/api.w.org\/{rel}","templated":true}]}}