{"id":25512,"date":"2025-01-15T17:25:00","date_gmt":"2025-01-15T14:25:00","guid":{"rendered":"https:\/\/denizcankizil.tr\/uncategorized-tr\/istanbul-barosu-23-subatta-olaganustu-kurultaya-gidiyor\/"},"modified":"2025-01-15T17:25:00","modified_gmt":"2025-01-15T14:25:00","slug":"istanbul-barosu-23-subatta-olaganustu-kurultaya-gidiyor","status":"publish","type":"post","link":"http:\/\/denizcankizil.tr\/ru\/hukukihaber\/istanbul-barosu-23-subatta-olaganustu-kurultaya-gidiyor\/","title":{"rendered":"\u0130stanbul Barosu 23 \u015eubat&#8217;ta Ola\u011fan\u00fcst\u00fc Kurultay&#8217;a gidiyor!"},"content":{"rendered":"<p>\u0130stanbul Barosu Ba\u015fkan\u0131 Kabo\u011flu, Ola\u011fan\u00fcst\u00fc Kurultay&#8217;a gideceklerini a\u00e7\u0131klad\u0131. Kabo\u011flu, Kurultay&#8217;\u0131n 23 \u015eubat&#8217;ta ger\u00e7ekle\u015fece\u011fini bildirdi.<\/p>\n<p>Ayr\u0131nt\u0131lar geliyor&#8230;<\/p>\n<p>&#8220;ME\u015eRU DAYANA\u011eI YOK&#8221;<\/p>\n<p>Barodan bas\u0131n toplant\u0131s\u0131 i\u00e7in yap\u0131lan \u00e7a\u011fr\u0131da, &#8220;\u0130stanbul Cumhuriyet Ba\u015fsavc\u0131l\u0131\u011f\u0131 taraf\u0131ndan haz\u0131rlanan 14.01.2025 tarihli Davaname ile \u0130stanbul Barosu Y\u00f6netim Kurulu Ba\u015fkan ve \u00fcyelerinin g\u00f6revlerine son verilmesi, yeni baro ba\u015fkan\u0131 ve y\u00f6netim kurulu \u00fcyeleri se\u00e7ilmesi talebiyle Asliye Hukuk Mahkemesinde dava a\u00e7\u0131ld\u0131\u011f\u0131n\u0131 \u00f6\u011frenmi\u015f bulunmaktay\u0131z.<\/p>\n<p>Y\u00f6netim Kurulumuz \u0130stanbul Barosu Genel Kurulu iradesi ile se\u00e7ilmi\u015f olup, Anayasaya, demokrasi ve hukuka ba\u011fl\u0131 olarak g\u00f6rev ve sorumluluklar\u0131n\u0131 yerine getirmektedir. Hi\u00e7bir hukuki ve me\u015fru dayana\u011f\u0131 olmayan bu g\u00f6revden uzakla\u015ft\u0131rma giri\u015fimine kar\u015f\u0131 \u0130stanbul Barosu Genel Kurul iradesine sahip \u00e7\u0131kmak, \u00fcyelerimizi ve kamuoyunu bilgilendirmek y\u00fck\u00fcml\u00fcl\u00fc\u011f\u00fcm\u00fczd\u00fcr.&#8221; denilmi\u015fti.<\/p>\n<p>\u200b\u0130stanbul Barosu Ba\u015fkan\u0131 Kabo\u011flu, Ola\u011fan\u00fcst\u00fc Kurultay&#8217;a gideceklerini a\u00e7\u0131klad\u0131. Kabo\u011flu, Kurultay&#8217;\u0131n 23 \u015eubat&#8217;ta ger\u00e7ekle\u015fece\u011fini bildirdi.\u00a0Hukuki Haber<\/p>","protected":false},"excerpt":{"rendered":"<p>\u0130stanbul Barosu Ba\u015fkan\u0131 Kabo\u011flu, Ola\u011fan\u00fcst\u00fc Kurultay&#8217;a gideceklerini a\u00e7\u0131klad\u0131. Kabo\u011flu, Kurultay&#8217;\u0131n 23 \u015eubat&#8217;ta ger\u00e7ekle\u015fece\u011fini bildirdi. Ayr\u0131nt\u0131lar geliyor&#8230; &#8220;ME\u015eRU DAYANA\u011eI YOK&#8221; Barodan bas\u0131n toplant\u0131s\u0131 i\u00e7in yap\u0131lan \u00e7a\u011fr\u0131da, &#8220;\u0130stanbul Cumhuriyet Ba\u015fsavc\u0131l\u0131\u011f\u0131 taraf\u0131ndan haz\u0131rlanan 14.01.2025 tarihli Davaname ile \u0130stanbul Barosu Y\u00f6netim Kurulu Ba\u015fkan ve \u00fcyelerinin g\u00f6revlerine son verilmesi, yeni baro ba\u015fkan\u0131 ve y\u00f6netim kurulu \u00fcyeleri se\u00e7ilmesi talebiyle Asliye Hukuk Mahkemesinde dava a\u00e7\u0131ld\u0131\u011f\u0131n\u0131 \u00f6\u011frenmi\u015f bulunmaktay\u0131z. Y\u00f6netim Kurulumuz \u0130stanbul Barosu Genel Kurulu iradesi ile se\u00e7ilmi\u015f olup, Anayasaya, demokrasi ve hukuka ba\u011fl\u0131 olarak g\u00f6rev ve sorumluluklar\u0131n\u0131 yerine getirmektedir. Hi\u00e7bir hukuki ve me\u015fru dayana\u011f\u0131 olmayan bu g\u00f6revden uzakla\u015ft\u0131rma giri\u015fimine kar\u015f\u0131 \u0130stanbul Barosu Genel Kurul iradesine sahip \u00e7\u0131kmak, \u00fcyelerimizi ve kamuoyunu bilgilendirmek y\u00fck\u00fcml\u00fcl\u00fc\u011f\u00fcm\u00fczd\u00fcr.&#8221; denilmi\u015fti. \u200b\u0130stanbul Barosu Ba\u015fkan\u0131 Kabo\u011flu, Ola\u011fan\u00fcst\u00fc Kurultay&#8217;a gideceklerini a\u00e7\u0131klad\u0131. Kabo\u011flu, Kurultay&#8217;\u0131n 23 \u015eubat&#8217;ta ger\u00e7ekle\u015fece\u011fini bildirdi.\u00a0Hukuki Haber<\/p>","protected":false},"author":3,"featured_media":0,"comment_status":"open","ping_status":"open","sticky":false,"template":"","format":"standard","meta":{"_acf_changed":false,"footnotes":""},"categories":[27],"tags":[],"class_list":["post-25512","post","type-post","status-publish","format-standard","has-post-thumbnail","hentry","category-hukukihaber"],"acf":[],"yoast_head":"<!-- This site is optimized with the Yoast SEO Premium plugin v26.6 (Yoast SEO v27.1.1) - https:\/\/yoast.com\/product\/yoast-seo-premium-wordpress\/ -->\n<title>\u0130stanbul Barosu 23 \u015eubat&#039;ta Ola\u011fan\u00fcst\u00fc Kurultay&#039;a gidiyor! - Av. Deniz Can K\u0131z\u0131l<\/title>\n<meta name=\"robots\" content=\"index, follow, max-snippet:-1, max-image-preview:large, max-video-preview:-1\" \/>\n<link rel=\"canonical\" href=\"http:\/\/denizcankizil.tr\/ru\/hukukihaber\/istanbul-barosu-23-subatta-olaganustu-kurultaya-gidiyor\/\" \/>\n<meta property=\"og:locale\" content=\"ru_RU\" \/>\n<meta property=\"og:type\" content=\"article\" \/>\n<meta property=\"og:title\" content=\"\u0130stanbul Barosu 23 \u015eubat&#039;ta Ola\u011fan\u00fcst\u00fc Kurultay&#039;a gidiyor!\" \/>\n<meta property=\"og:description\" content=\"\u0130stanbul Barosu Ba\u015fkan\u0131 Kabo\u011flu, Ola\u011fan\u00fcst\u00fc Kurultay&#8217;a gideceklerini a\u00e7\u0131klad\u0131. Kabo\u011flu, Kurultay&#8217;\u0131n 23 \u015eubat&#8217;ta ger\u00e7ekle\u015fece\u011fini bildirdi. Ayr\u0131nt\u0131lar geliyor&#8230; &#8220;ME\u015eRU DAYANA\u011eI YOK&#8221; Barodan bas\u0131n toplant\u0131s\u0131 i\u00e7in yap\u0131lan \u00e7a\u011fr\u0131da, &#8220;\u0130stanbul Cumhuriyet Ba\u015fsavc\u0131l\u0131\u011f\u0131 taraf\u0131ndan haz\u0131rlanan 14.01.2025 tarihli Davaname ile \u0130stanbul Barosu Y\u00f6netim Kurulu Ba\u015fkan ve \u00fcyelerinin g\u00f6revlerine son verilmesi, yeni baro ba\u015fkan\u0131 ve y\u00f6netim kurulu \u00fcyeleri se\u00e7ilmesi talebiyle Asliye Hukuk Mahkemesinde dava a\u00e7\u0131ld\u0131\u011f\u0131n\u0131 \u00f6\u011frenmi\u015f bulunmaktay\u0131z. Y\u00f6netim Kurulumuz \u0130stanbul Barosu Genel Kurulu iradesi ile se\u00e7ilmi\u015f olup, Anayasaya, demokrasi ve hukuka ba\u011fl\u0131 olarak g\u00f6rev ve sorumluluklar\u0131n\u0131 yerine getirmektedir. Hi\u00e7bir hukuki ve me\u015fru dayana\u011f\u0131 olmayan bu g\u00f6revden uzakla\u015ft\u0131rma giri\u015fimine kar\u015f\u0131 \u0130stanbul Barosu Genel Kurul iradesine sahip \u00e7\u0131kmak, \u00fcyelerimizi ve kamuoyunu bilgilendirmek y\u00fck\u00fcml\u00fcl\u00fc\u011f\u00fcm\u00fczd\u00fcr.&#8221; denilmi\u015fti. \u200b\u0130stanbul Barosu Ba\u015fkan\u0131 Kabo\u011flu, Ola\u011fan\u00fcst\u00fc Kurultay&#8217;a gideceklerini a\u00e7\u0131klad\u0131. Kabo\u011flu, Kurultay&#8217;\u0131n 23 \u015eubat&#8217;ta ger\u00e7ekle\u015fece\u011fini bildirdi.\u00a0Hukuki Haber\" \/>\n<meta property=\"og:url\" content=\"http:\/\/denizcankizil.tr\/ru\/hukukihaber\/istanbul-barosu-23-subatta-olaganustu-kurultaya-gidiyor\/\" \/>\n<meta property=\"og:site_name\" content=\"Av. Deniz Can K\u0131z\u0131l\" \/>\n<meta property=\"article:published_time\" content=\"2025-01-15T14:25:00+00:00\" \/>\n<meta name=\"author\" content=\"Hukuki Haber.net\" \/>\n<meta name=\"twitter:card\" content=\"summary_large_image\" \/>\n<meta name=\"twitter:label1\" content=\"\u041d\u0430\u043f\u0438\u0441\u0430\u043d\u043e \u0430\u0432\u0442\u043e\u0440\u043e\u043c\" \/>\n\t<meta name=\"twitter:data1\" content=\"Hukuki Haber.net\" \/>\n\t<meta name=\"twitter:label2\" content=\"\u041f\u0440\u0438\u043c\u0435\u0440\u043d\u043e\u0435 \u0432\u0440\u0435\u043c\u044f \u0434\u043b\u044f \u0447\u0442\u0435\u043d\u0438\u044f\" \/>\n\t<meta name=\"twitter:data2\" content=\"1 \u043c\u0438\u043d\u0443\u0442\u0430\" \/>\n<script type=\"application\/ld+json\" class=\"yoast-schema-graph\">{\"@context\":\"https:\/\/schema.org\",\"@graph\":[{\"@type\":\"Article\",\"@id\":\"http:\/\/denizcankizil.tr\/ru\/hukukihaber\/istanbul-barosu-23-subatta-olaganustu-kurultaya-gidiyor\/#article\",\"isPartOf\":{\"@id\":\"http:\/\/denizcankizil.tr\/ru\/hukukihaber\/istanbul-barosu-23-subatta-olaganustu-kurultaya-gidiyor\/\"},\"author\":{\"name\":\"Hukuki Haber.net\",\"@id\":\"https:\/\/denizcankizil.tr\/de\/#\/schema\/person\/001a271de994a0aa3f90eea084424822\"},\"headline\":\"\u0130stanbul Barosu 23 \u015eubat&#8217;ta Ola\u011fan\u00fcst\u00fc Kurultay&#8217;a gidiyor!\",\"datePublished\":\"2025-01-15T14:25:00+00:00\",\"mainEntityOfPage\":{\"@id\":\"http:\/\/denizcankizil.tr\/ru\/hukukihaber\/istanbul-barosu-23-subatta-olaganustu-kurultaya-gidiyor\/\"},\"wordCount\":193,\"commentCount\":0,\"publisher\":{\"@id\":\"https:\/\/denizcankizil.tr\/de\/#organization\"},\"articleSection\":[\"Hukuki Haberler\"],\"inLanguage\":\"ru-RU\",\"potentialAction\":[{\"@type\":\"CommentAction\",\"name\":\"Comment\",\"target\":[\"http:\/\/denizcankizil.tr\/ru\/hukukihaber\/istanbul-barosu-23-subatta-olaganustu-kurultaya-gidiyor\/#respond\"]}]},{\"@type\":\"WebPage\",\"@id\":\"http:\/\/denizcankizil.tr\/ru\/hukukihaber\/istanbul-barosu-23-subatta-olaganustu-kurultaya-gidiyor\/\",\"url\":\"http:\/\/denizcankizil.tr\/ru\/hukukihaber\/istanbul-barosu-23-subatta-olaganustu-kurultaya-gidiyor\/\",\"name\":\"\u0130stanbul Barosu 23 \u015eubat'ta Ola\u011fan\u00fcst\u00fc Kurultay'a gidiyor! - Av. Deniz Can K\u0131z\u0131l\",\"isPartOf\":{\"@id\":\"https:\/\/denizcankizil.tr\/de\/#website\"},\"datePublished\":\"2025-01-15T14:25:00+00:00\",\"breadcrumb\":{\"@id\":\"http:\/\/denizcankizil.tr\/ru\/hukukihaber\/istanbul-barosu-23-subatta-olaganustu-kurultaya-gidiyor\/#breadcrumb\"},\"inLanguage\":\"ru-RU\",\"potentialAction\":[{\"@type\":\"ReadAction\",\"target\":[\"http:\/\/denizcankizil.tr\/ru\/hukukihaber\/istanbul-barosu-23-subatta-olaganustu-kurultaya-gidiyor\/\"]}]},{\"@type\":\"BreadcrumbList\",\"@id\":\"http:\/\/denizcankizil.tr\/ru\/hukukihaber\/istanbul-barosu-23-subatta-olaganustu-kurultaya-gidiyor\/#breadcrumb\",\"itemListElement\":[{\"@type\":\"ListItem\",\"position\":1,\"name\":\"Home\",\"item\":\"https:\/\/denizcankizil.tr\/de\/\"},{\"@type\":\"ListItem\",\"position\":2,\"name\":\"\u0130stanbul Barosu 23 \u015eubat&#8217;ta Ola\u011fan\u00fcst\u00fc Kurultay&#8217;a gidiyor!\"}]},{\"@type\":\"WebSite\",\"@id\":\"https:\/\/denizcankizil.tr\/de\/#website\",\"url\":\"https:\/\/denizcankizil.tr\/de\/\",\"name\":\"Av. Deniz Can K\u0131z\u0131l\",\"description\":\"Avukat Deniz Can K\u0131z\u0131l Antalya Barosu\",\"publisher\":{\"@id\":\"https:\/\/denizcankizil.tr\/de\/#organization\"},\"potentialAction\":[{\"@type\":\"SearchAction\",\"target\":{\"@type\":\"EntryPoint\",\"urlTemplate\":\"https:\/\/denizcankizil.tr\/de\/?s={search_term_string}\"},\"query-input\":{\"@type\":\"PropertyValueSpecification\",\"valueRequired\":true,\"valueName\":\"search_term_string\"}}],\"inLanguage\":\"ru-RU\"},{\"@type\":\"Organization\",\"@id\":\"https:\/\/denizcankizil.tr\/de\/#organization\",\"name\":\"Av. Deniz Can K\u0131z\u0131l\",\"url\":\"https:\/\/denizcankizil.tr\/de\/\",\"logo\":{\"@type\":\"ImageObject\",\"inLanguage\":\"ru-RU\",\"@id\":\"https:\/\/denizcankizil.tr\/de\/#\/schema\/logo\/image\/\",\"url\":\"http:\/\/denizcankizil.tr\/wp-content\/uploads\/2024\/10\/siyah-logo-svg.svg\",\"contentUrl\":\"http:\/\/denizcankizil.tr\/wp-content\/uploads\/2024\/10\/siyah-logo-svg.svg\",\"width\":1080,\"height\":1080,\"caption\":\"Av. Deniz Can K\u0131z\u0131l\"},\"image\":{\"@id\":\"https:\/\/denizcankizil.tr\/de\/#\/schema\/logo\/image\/\"}},{\"@type\":\"Person\",\"@id\":\"https:\/\/denizcankizil.tr\/de\/#\/schema\/person\/001a271de994a0aa3f90eea084424822\",\"name\":\"Hukuki Haber.net\",\"image\":{\"@type\":\"ImageObject\",\"inLanguage\":\"ru-RU\",\"@id\":\"https:\/\/denizcankizil.tr\/de\/#\/schema\/person\/image\/\",\"url\":\"https:\/\/secure.gravatar.com\/avatar\/57d8a49151495586611a149d29fc42865b951dc053a84709a3172ccb5abf3118?s=96&d=mm&r=g\",\"contentUrl\":\"https:\/\/secure.gravatar.com\/avatar\/57d8a49151495586611a149d29fc42865b951dc053a84709a3172ccb5abf3118?s=96&d=mm&r=g\",\"caption\":\"Hukuki Haber.net\"},\"sameAs\":[\"http:\/\/www.hukukihaber.net\"],\"url\":\"https:\/\/www.hukukihaber.net\/istanbul-barosu-23-subatta-olaganustu-kurultaya-gidiyor\"}]}<\/script>\n<!-- \/ Yoast SEO Premium plugin. -->","yoast_head_json":{"title":"\u0130stanbul Barosu 23 \u015eubat'ta Ola\u011fan\u00fcst\u00fc Kurultay'a gidiyor! - Av. Deniz Can K\u0131z\u0131l","robots":{"index":"index","follow":"follow","max-snippet":"max-snippet:-1","max-image-preview":"max-image-preview:large","max-video-preview":"max-video-preview:-1"},"canonical":"http:\/\/denizcankizil.tr\/ru\/hukukihaber\/istanbul-barosu-23-subatta-olaganustu-kurultaya-gidiyor\/","og_locale":"ru_RU","og_type":"article","og_title":"\u0130stanbul Barosu 23 \u015eubat'ta Ola\u011fan\u00fcst\u00fc Kurultay'a gidiyor!","og_description":"\u0130stanbul Barosu Ba\u015fkan\u0131 Kabo\u011flu, Ola\u011fan\u00fcst\u00fc Kurultay&#8217;a gideceklerini a\u00e7\u0131klad\u0131. Kabo\u011flu, Kurultay&#8217;\u0131n 23 \u015eubat&#8217;ta ger\u00e7ekle\u015fece\u011fini bildirdi. Ayr\u0131nt\u0131lar geliyor&#8230; &#8220;ME\u015eRU DAYANA\u011eI YOK&#8221; Barodan bas\u0131n toplant\u0131s\u0131 i\u00e7in yap\u0131lan \u00e7a\u011fr\u0131da, &#8220;\u0130stanbul Cumhuriyet Ba\u015fsavc\u0131l\u0131\u011f\u0131 taraf\u0131ndan haz\u0131rlanan 14.01.2025 tarihli Davaname ile \u0130stanbul Barosu Y\u00f6netim Kurulu Ba\u015fkan ve \u00fcyelerinin g\u00f6revlerine son verilmesi, yeni baro ba\u015fkan\u0131 ve y\u00f6netim kurulu \u00fcyeleri se\u00e7ilmesi talebiyle Asliye Hukuk Mahkemesinde dava a\u00e7\u0131ld\u0131\u011f\u0131n\u0131 \u00f6\u011frenmi\u015f bulunmaktay\u0131z. Y\u00f6netim Kurulumuz \u0130stanbul Barosu Genel Kurulu iradesi ile se\u00e7ilmi\u015f olup, Anayasaya, demokrasi ve hukuka ba\u011fl\u0131 olarak g\u00f6rev ve sorumluluklar\u0131n\u0131 yerine getirmektedir. Hi\u00e7bir hukuki ve me\u015fru dayana\u011f\u0131 olmayan bu g\u00f6revden uzakla\u015ft\u0131rma giri\u015fimine kar\u015f\u0131 \u0130stanbul Barosu Genel Kurul iradesine sahip \u00e7\u0131kmak, \u00fcyelerimizi ve kamuoyunu bilgilendirmek y\u00fck\u00fcml\u00fcl\u00fc\u011f\u00fcm\u00fczd\u00fcr.&#8221; denilmi\u015fti. \u200b\u0130stanbul Barosu Ba\u015fkan\u0131 Kabo\u011flu, Ola\u011fan\u00fcst\u00fc Kurultay&#8217;a gideceklerini a\u00e7\u0131klad\u0131. Kabo\u011flu, Kurultay&#8217;\u0131n 23 \u015eubat&#8217;ta ger\u00e7ekle\u015fece\u011fini bildirdi.\u00a0Hukuki Haber","og_url":"http:\/\/denizcankizil.tr\/ru\/hukukihaber\/istanbul-barosu-23-subatta-olaganustu-kurultaya-gidiyor\/","og_site_name":"Av. Deniz Can K\u0131z\u0131l","article_published_time":"2025-01-15T14:25:00+00:00","author":"Hukuki Haber.net","twitter_card":"summary_large_image","twitter_misc":{"\u041d\u0430\u043f\u0438\u0441\u0430\u043d\u043e \u0430\u0432\u0442\u043e\u0440\u043e\u043c":"Hukuki Haber.net","\u041f\u0440\u0438\u043c\u0435\u0440\u043d\u043e\u0435 \u0432\u0440\u0435\u043c\u044f \u0434\u043b\u044f \u0447\u0442\u0435\u043d\u0438\u044f":"1 \u043c\u0438\u043d\u0443\u0442\u0430"},"schema":{"@context":"https:\/\/schema.org","@graph":[{"@type":"Article","@id":"http:\/\/denizcankizil.tr\/ru\/hukukihaber\/istanbul-barosu-23-subatta-olaganustu-kurultaya-gidiyor\/#article","isPartOf":{"@id":"http:\/\/denizcankizil.tr\/ru\/hukukihaber\/istanbul-barosu-23-subatta-olaganustu-kurultaya-gidiyor\/"},"author":{"name":"Hukuki Haber.net","@id":"https:\/\/denizcankizil.tr\/de\/#\/schema\/person\/001a271de994a0aa3f90eea084424822"},"headline":"\u0130stanbul Barosu 23 \u015eubat&#8217;ta Ola\u011fan\u00fcst\u00fc Kurultay&#8217;a gidiyor!","datePublished":"2025-01-15T14:25:00+00:00","mainEntityOfPage":{"@id":"http:\/\/denizcankizil.tr\/ru\/hukukihaber\/istanbul-barosu-23-subatta-olaganustu-kurultaya-gidiyor\/"},"wordCount":193,"commentCount":0,"publisher":{"@id":"https:\/\/denizcankizil.tr\/de\/#organization"},"articleSection":["Hukuki Haberler"],"inLanguage":"ru-RU","potentialAction":[{"@type":"CommentAction","name":"Comment","target":["http:\/\/denizcankizil.tr\/ru\/hukukihaber\/istanbul-barosu-23-subatta-olaganustu-kurultaya-gidiyor\/#respond"]}]},{"@type":"WebPage","@id":"http:\/\/denizcankizil.tr\/ru\/hukukihaber\/istanbul-barosu-23-subatta-olaganustu-kurultaya-gidiyor\/","url":"http:\/\/denizcankizil.tr\/ru\/hukukihaber\/istanbul-barosu-23-subatta-olaganustu-kurultaya-gidiyor\/","name":"\u0130stanbul Barosu 23 \u015eubat'ta Ola\u011fan\u00fcst\u00fc Kurultay'a gidiyor! - Av. Deniz Can K\u0131z\u0131l","isPartOf":{"@id":"https:\/\/denizcankizil.tr\/de\/#website"},"datePublished":"2025-01-15T14:25:00+00:00","breadcrumb":{"@id":"http:\/\/denizcankizil.tr\/ru\/hukukihaber\/istanbul-barosu-23-subatta-olaganustu-kurultaya-gidiyor\/#breadcrumb"},"inLanguage":"ru-RU","potentialAction":[{"@type":"ReadAction","target":["http:\/\/denizcankizil.tr\/ru\/hukukihaber\/istanbul-barosu-23-subatta-olaganustu-kurultaya-gidiyor\/"]}]},{"@type":"BreadcrumbList","@id":"http:\/\/denizcankizil.tr\/ru\/hukukihaber\/istanbul-barosu-23-subatta-olaganustu-kurultaya-gidiyor\/#breadcrumb","itemListElement":[{"@type":"ListItem","position":1,"name":"Home","item":"https:\/\/denizcankizil.tr\/de\/"},{"@type":"ListItem","position":2,"name":"\u0130stanbul Barosu 23 \u015eubat&#8217;ta Ola\u011fan\u00fcst\u00fc Kurultay&#8217;a gidiyor!"}]},{"@type":"WebSite","@id":"https:\/\/denizcankizil.tr\/de\/#website","url":"https:\/\/denizcankizil.tr\/de\/","name":"Av. Deniz Can K\u0131z\u0131l","description":"Avukat Deniz Can K\u0131z\u0131l Antalya Barosu","publisher":{"@id":"https:\/\/denizcankizil.tr\/de\/#organization"},"potentialAction":[{"@type":"SearchAction","target":{"@type":"EntryPoint","urlTemplate":"https:\/\/denizcankizil.tr\/de\/?s={search_term_string}"},"query-input":{"@type":"PropertyValueSpecification","valueRequired":true,"valueName":"search_term_string"}}],"inLanguage":"ru-RU"},{"@type":"Organization","@id":"https:\/\/denizcankizil.tr\/de\/#organization","name":"Av. Deniz Can K\u0131z\u0131l","url":"https:\/\/denizcankizil.tr\/de\/","logo":{"@type":"ImageObject","inLanguage":"ru-RU","@id":"https:\/\/denizcankizil.tr\/de\/#\/schema\/logo\/image\/","url":"http:\/\/denizcankizil.tr\/wp-content\/uploads\/2024\/10\/siyah-logo-svg.svg","contentUrl":"http:\/\/denizcankizil.tr\/wp-content\/uploads\/2024\/10\/siyah-logo-svg.svg","width":1080,"height":1080,"caption":"Av. Deniz Can K\u0131z\u0131l"},"image":{"@id":"https:\/\/denizcankizil.tr\/de\/#\/schema\/logo\/image\/"}},{"@type":"Person","@id":"https:\/\/denizcankizil.tr\/de\/#\/schema\/person\/001a271de994a0aa3f90eea084424822","name":"Hukuki Haber.net","image":{"@type":"ImageObject","inLanguage":"ru-RU","@id":"https:\/\/denizcankizil.tr\/de\/#\/schema\/person\/image\/","url":"https:\/\/secure.gravatar.com\/avatar\/57d8a49151495586611a149d29fc42865b951dc053a84709a3172ccb5abf3118?s=96&d=mm&r=g","contentUrl":"https:\/\/secure.gravatar.com\/avatar\/57d8a49151495586611a149d29fc42865b951dc053a84709a3172ccb5abf3118?s=96&d=mm&r=g","caption":"Hukuki Haber.net"},"sameAs":["http:\/\/www.hukukihaber.net"],"url":"https:\/\/www.hukukihaber.net\/istanbul-barosu-23-subatta-olaganustu-kurultaya-gidiyor"}]}},"_links":{"self":[{"href":"http:\/\/denizcankizil.tr\/ru\/wp-json\/wp\/v2\/posts\/25512","targetHints":{"allow":["GET"]}}],"collection":[{"href":"http:\/\/denizcankizil.tr\/ru\/wp-json\/wp\/v2\/posts"}],"about":[{"href":"http:\/\/denizcankizil.tr\/ru\/wp-json\/wp\/v2\/types\/post"}],"author":[{"embeddable":true,"href":"http:\/\/denizcankizil.tr\/ru\/wp-json\/wp\/v2\/users\/3"}],"replies":[{"embeddable":true,"href":"http:\/\/denizcankizil.tr\/ru\/wp-json\/wp\/v2\/comments?post=25512"}],"version-history":[{"count":0,"href":"http:\/\/denizcankizil.tr\/ru\/wp-json\/wp\/v2\/posts\/25512\/revisions"}],"wp:attachment":[{"href":"http:\/\/denizcankizil.tr\/ru\/wp-json\/wp\/v2\/media?parent=25512"}],"wp:term":[{"taxonomy":"category","embeddable":true,"href":"http:\/\/denizcankizil.tr\/ru\/wp-json\/wp\/v2\/categories?post=25512"},{"taxonomy":"post_tag","embeddable":true,"href":"http:\/\/denizcankizil.tr\/ru\/wp-json\/wp\/v2\/tags?post=25512"}],"curies":[{"name":"wp","href":"https:\/\/api.w.org\/{rel}","templated":true}]}}