{"id":25079,"date":"2025-01-13T10:41:28","date_gmt":"2025-01-13T07:41:28","guid":{"rendered":"https:\/\/denizcankizil.tr\/uncategorized-tr\/katman-sergisi-ifsakta\/"},"modified":"2025-01-13T10:41:28","modified_gmt":"2025-01-13T07:41:28","slug":"katman-sergisi-ifsakta","status":"publish","type":"post","link":"http:\/\/denizcankizil.tr\/ru\/haberler\/gundem\/katman-sergisi-ifsakta\/","title":{"rendered":"\u2018KATMAN\u2019 sergisi \u0130FSAK\u2019ta"},"content":{"rendered":"<p>\u2018B\u0130Z\u2019 BUFSAD Kad\u0131n Foto\u011fraf\u00e7\u0131lar Grubu\u2019nun \u2018KATMAN\u2019 Kentin Haf\u0131za Kareleri konulu proje sergisi \u0130FSAK Sergi Salonu\u2019nda sanatseverlerin be\u011fenisine sunuldu.<br \/>\nBURSA (\u0130GFA) &#8211; Aylin K\u0131rg\u00f6zo\u011flu k\u00fcrat\u00f6rl\u00fc\u011f\u00fcnde olu\u015fturulan sergide 17 kad\u0131n foto\u011fraf\u00e7\u0131n\u0131n \u00e7al\u0131\u015fmalar\u0131 yer al\u0131yor.Sanat\u0131n birle\u015ftirici g\u00fcc\u00fcyle birlikte \u00fcreterek ya\u015fama iz b\u0131rakan kad\u0131n foto\u011fraf\u00e7\u0131lar grubu \u2018B\u0130Z\u2019 \u00f6zg\u00fcn \u00e7al\u0131\u015fmalara imza atmaya devam ediyor.<br \/>\n\u0130lk a\u00e7\u0131l\u0131\u015f\u0131 Bursa\u2019da yap\u0131lan serginin ikinci aya\u011f\u0131 \u0130FSAK\u2019ta ger\u00e7ekle\u015fti.\u00a0 \u0130FSAK Ba\u015fkan\u0131 Sn. DaykDanzig ve \u0130fsak Y\u00f6netim Kurulu \u00fcyeleri kat\u0131l\u0131m\u0131yla ger\u00e7ekle\u015fen a\u00e7\u0131l\u0131\u015f foto\u011frafseverlerin yo\u011fun ilgisine sahne oldu.<br \/>\nB\u0130Z BUFSAD Kad\u0131n Foto\u011fraf\u00e7\u0131lar Grubu 2024 y\u0131l\u0131 KATMAN konulu proje sergisi \u0130FSAK Sergi Salonu\u2019nda 16 Ocak 2025 tarihine dek izlenimde kalacakt\u0131r.<\/p>\n<p>\u200b\u2018B\u0130Z\u2019 BUFSAD Kad\u0131n Foto\u011fraf\u00e7\u0131lar Grubu\u2019nun \u2018KATMAN\u2019 Kentin Haf\u0131za Kareleri konulu proje sergisi \u0130FSAK Sergi Salonu\u2019nda sanatseverlerin be\u011fenisine sunuldu.<br \/>\nBURSA (\u0130GFA) &#8211; Aylin K\u0131rg\u00f6zo\u011flu k\u00fcrat\u00f6rl\u00fc\u011f\u00fcnde olu\u015fturulan sergide 17 kad\u0131n foto\u011fraf\u00e7\u0131n\u0131n \u00e7al\u0131\u015fmalar\u0131 yer al\u0131yor.Sanat\u0131n birle\u015ftirici g\u00fcc\u00fcyle birlikte \u00fcreterek ya\u015fama iz b\u0131rakan kad\u0131n foto\u011fraf\u00e7\u0131lar grubu \u2018B\u0130Z\u2019 \u00f6zg\u00fcn \u00e7al\u0131\u015fmalara imza atmaya devam ediyor.<br \/>\n\u0130lk a\u00e7\u0131l\u0131\u015f\u0131 Bursa\u2019da yap\u0131lan serginin ikinci aya\u011f\u0131 \u0130FSAK\u2019ta ger\u00e7ekle\u015fti.\u00a0 \u0130FSAK Ba\u015fkan\u0131 Sn. DaykDanzig ve \u0130fsak Y\u00f6netim Kurulu \u00fcyeleri kat\u0131l\u0131m\u0131yla ger\u00e7ekle\u015fen a\u00e7\u0131l\u0131\u015f foto\u011frafseverlerin yo\u011fun ilgisine sahne oldu.<br \/>\nB\u0130Z BUFSAD Kad\u0131n Foto\u011fraf\u00e7\u0131lar Grubu 2024 y\u0131l\u0131 KATMAN konulu proje sergisi \u0130FSAK Sergi Salonu\u2019nda 16 Ocak 2025 tarihine dek izlenimde kalacakt\u0131r.\u00a0<\/p>\n<p>\u200bHaberin Al\u0131nt\u0131land\u0131\u011f\u0131 Kaynak: www.iskenderun.org<\/p>","protected":false},"excerpt":{"rendered":"<p>\u2018B\u0130Z\u2019 BUFSAD Kad\u0131n Foto\u011fraf\u00e7\u0131lar Grubu\u2019nun \u2018KATMAN\u2019 Kentin Haf\u0131za Kareleri konulu proje sergisi \u0130FSAK Sergi Salonu\u2019nda sanatseverlerin be\u011fenisine sunuldu. BURSA (\u0130GFA) &#8211; Aylin K\u0131rg\u00f6zo\u011flu k\u00fcrat\u00f6rl\u00fc\u011f\u00fcnde olu\u015fturulan sergide 17 kad\u0131n foto\u011fraf\u00e7\u0131n\u0131n \u00e7al\u0131\u015fmalar\u0131 yer al\u0131yor.Sanat\u0131n birle\u015ftirici g\u00fcc\u00fcyle birlikte \u00fcreterek ya\u015fama iz b\u0131rakan kad\u0131n foto\u011fraf\u00e7\u0131lar grubu \u2018B\u0130Z\u2019 \u00f6zg\u00fcn \u00e7al\u0131\u015fmalara imza atmaya devam ediyor. \u0130lk a\u00e7\u0131l\u0131\u015f\u0131 Bursa\u2019da yap\u0131lan serginin ikinci aya\u011f\u0131 \u0130FSAK\u2019ta ger\u00e7ekle\u015fti.\u00a0 \u0130FSAK Ba\u015fkan\u0131 Sn. DaykDanzig ve \u0130fsak Y\u00f6netim Kurulu \u00fcyeleri kat\u0131l\u0131m\u0131yla ger\u00e7ekle\u015fen a\u00e7\u0131l\u0131\u015f foto\u011frafseverlerin yo\u011fun ilgisine sahne oldu. B\u0130Z BUFSAD Kad\u0131n Foto\u011fraf\u00e7\u0131lar Grubu 2024 y\u0131l\u0131 KATMAN konulu proje sergisi \u0130FSAK Sergi Salonu\u2019nda 16 Ocak 2025 tarihine dek izlenimde kalacakt\u0131r. \u200b\u2018B\u0130Z\u2019 BUFSAD Kad\u0131n Foto\u011fraf\u00e7\u0131lar Grubu\u2019nun \u2018KATMAN\u2019 Kentin Haf\u0131za Kareleri konulu proje sergisi \u0130FSAK Sergi Salonu\u2019nda sanatseverlerin be\u011fenisine sunuldu. BURSA (\u0130GFA) &#8211; Aylin K\u0131rg\u00f6zo\u011flu k\u00fcrat\u00f6rl\u00fc\u011f\u00fcnde olu\u015fturulan sergide 17 kad\u0131n foto\u011fraf\u00e7\u0131n\u0131n \u00e7al\u0131\u015fmalar\u0131 yer al\u0131yor.Sanat\u0131n birle\u015ftirici g\u00fcc\u00fcyle birlikte \u00fcreterek ya\u015fama iz b\u0131rakan kad\u0131n foto\u011fraf\u00e7\u0131lar grubu \u2018B\u0130Z\u2019 \u00f6zg\u00fcn \u00e7al\u0131\u015fmalara imza atmaya devam ediyor. \u0130lk a\u00e7\u0131l\u0131\u015f\u0131 Bursa\u2019da yap\u0131lan serginin ikinci aya\u011f\u0131 \u0130FSAK\u2019ta ger\u00e7ekle\u015fti.\u00a0 \u0130FSAK Ba\u015fkan\u0131 Sn. DaykDanzig ve \u0130fsak Y\u00f6netim Kurulu \u00fcyeleri kat\u0131l\u0131m\u0131yla ger\u00e7ekle\u015fen a\u00e7\u0131l\u0131\u015f foto\u011frafseverlerin yo\u011fun ilgisine sahne oldu. B\u0130Z BUFSAD Kad\u0131n Foto\u011fraf\u00e7\u0131lar Grubu 2024 y\u0131l\u0131 KATMAN konulu proje sergisi \u0130FSAK Sergi Salonu\u2019nda 16 Ocak 2025 tarihine dek izlenimde kalacakt\u0131r.\u00a0 \u200bHaberin Al\u0131nt\u0131land\u0131\u011f\u0131 Kaynak: www.iskenderun.org<\/p>","protected":false},"author":1,"featured_media":0,"comment_status":"open","ping_status":"open","sticky":false,"template":"","format":"standard","meta":{"_acf_changed":false,"footnotes":""},"categories":[24],"tags":[],"class_list":["post-25079","post","type-post","status-publish","format-standard","has-post-thumbnail","hentry","category-gundem"],"acf":[],"yoast_head":"<!-- This site is optimized with the Yoast SEO Premium plugin v26.6 (Yoast SEO v27.1.1) - https:\/\/yoast.com\/product\/yoast-seo-premium-wordpress\/ -->\n<title>\u2018KATMAN\u2019 sergisi \u0130FSAK\u2019ta - Av. Deniz Can K\u0131z\u0131l<\/title>\n<meta name=\"robots\" content=\"index, follow, max-snippet:-1, max-image-preview:large, max-video-preview:-1\" \/>\n<link rel=\"canonical\" href=\"http:\/\/denizcankizil.tr\/ru\/haberler\/gundem\/katman-sergisi-ifsakta\/\" \/>\n<meta property=\"og:locale\" content=\"ru_RU\" \/>\n<meta property=\"og:type\" content=\"article\" \/>\n<meta property=\"og:title\" content=\"\u2018KATMAN\u2019 sergisi \u0130FSAK\u2019ta\" \/>\n<meta property=\"og:description\" content=\"\u2018B\u0130Z\u2019 BUFSAD Kad\u0131n Foto\u011fraf\u00e7\u0131lar Grubu\u2019nun \u2018KATMAN\u2019 Kentin Haf\u0131za Kareleri konulu proje sergisi \u0130FSAK Sergi Salonu\u2019nda sanatseverlerin be\u011fenisine sunuldu. BURSA (\u0130GFA) &#8211; Aylin K\u0131rg\u00f6zo\u011flu k\u00fcrat\u00f6rl\u00fc\u011f\u00fcnde olu\u015fturulan sergide 17 kad\u0131n foto\u011fraf\u00e7\u0131n\u0131n \u00e7al\u0131\u015fmalar\u0131 yer al\u0131yor.Sanat\u0131n birle\u015ftirici g\u00fcc\u00fcyle birlikte \u00fcreterek ya\u015fama iz b\u0131rakan kad\u0131n foto\u011fraf\u00e7\u0131lar grubu \u2018B\u0130Z\u2019 \u00f6zg\u00fcn \u00e7al\u0131\u015fmalara imza atmaya devam ediyor. \u0130lk a\u00e7\u0131l\u0131\u015f\u0131 Bursa\u2019da yap\u0131lan serginin ikinci aya\u011f\u0131 \u0130FSAK\u2019ta ger\u00e7ekle\u015fti.\u00a0 \u0130FSAK Ba\u015fkan\u0131 Sn. DaykDanzig ve \u0130fsak Y\u00f6netim Kurulu \u00fcyeleri kat\u0131l\u0131m\u0131yla ger\u00e7ekle\u015fen a\u00e7\u0131l\u0131\u015f foto\u011frafseverlerin yo\u011fun ilgisine sahne oldu. B\u0130Z BUFSAD Kad\u0131n Foto\u011fraf\u00e7\u0131lar Grubu 2024 y\u0131l\u0131 KATMAN konulu proje sergisi \u0130FSAK Sergi Salonu\u2019nda 16 Ocak 2025 tarihine dek izlenimde kalacakt\u0131r. \u200b\u2018B\u0130Z\u2019 BUFSAD Kad\u0131n Foto\u011fraf\u00e7\u0131lar Grubu\u2019nun \u2018KATMAN\u2019 Kentin Haf\u0131za Kareleri konulu proje sergisi \u0130FSAK Sergi Salonu\u2019nda sanatseverlerin be\u011fenisine sunuldu. BURSA (\u0130GFA) &#8211; Aylin K\u0131rg\u00f6zo\u011flu k\u00fcrat\u00f6rl\u00fc\u011f\u00fcnde olu\u015fturulan sergide 17 kad\u0131n foto\u011fraf\u00e7\u0131n\u0131n \u00e7al\u0131\u015fmalar\u0131 yer al\u0131yor.Sanat\u0131n birle\u015ftirici g\u00fcc\u00fcyle birlikte \u00fcreterek ya\u015fama iz b\u0131rakan kad\u0131n foto\u011fraf\u00e7\u0131lar grubu \u2018B\u0130Z\u2019 \u00f6zg\u00fcn \u00e7al\u0131\u015fmalara imza atmaya devam ediyor. \u0130lk a\u00e7\u0131l\u0131\u015f\u0131 Bursa\u2019da yap\u0131lan serginin ikinci aya\u011f\u0131 \u0130FSAK\u2019ta ger\u00e7ekle\u015fti.\u00a0 \u0130FSAK Ba\u015fkan\u0131 Sn. DaykDanzig ve \u0130fsak Y\u00f6netim Kurulu \u00fcyeleri kat\u0131l\u0131m\u0131yla ger\u00e7ekle\u015fen a\u00e7\u0131l\u0131\u015f foto\u011frafseverlerin yo\u011fun ilgisine sahne oldu. B\u0130Z BUFSAD Kad\u0131n Foto\u011fraf\u00e7\u0131lar Grubu 2024 y\u0131l\u0131 KATMAN konulu proje sergisi \u0130FSAK Sergi Salonu\u2019nda 16 Ocak 2025 tarihine dek izlenimde kalacakt\u0131r.\u00a0 \u200bHaberin Al\u0131nt\u0131land\u0131\u011f\u0131 Kaynak: www.iskenderun.org\" \/>\n<meta property=\"og:url\" content=\"http:\/\/denizcankizil.tr\/ru\/haberler\/gundem\/katman-sergisi-ifsakta\/\" \/>\n<meta property=\"og:site_name\" content=\"Av. Deniz Can K\u0131z\u0131l\" \/>\n<meta property=\"article:published_time\" content=\"2025-01-13T07:41:28+00:00\" \/>\n<meta name=\"author\" content=\"admin\" \/>\n<meta name=\"twitter:card\" content=\"summary_large_image\" \/>\n<meta name=\"twitter:label1\" content=\"\u041d\u0430\u043f\u0438\u0441\u0430\u043d\u043e \u0430\u0432\u0442\u043e\u0440\u043e\u043c\" \/>\n\t<meta name=\"twitter:data1\" content=\"admin\" \/>\n\t<meta name=\"twitter:label2\" content=\"\u041f\u0440\u0438\u043c\u0435\u0440\u043d\u043e\u0435 \u0432\u0440\u0435\u043c\u044f \u0434\u043b\u044f \u0447\u0442\u0435\u043d\u0438\u044f\" \/>\n\t<meta name=\"twitter:data2\" content=\"2 \u043c\u0438\u043d\u0443\u0442\u044b\" \/>\n<script type=\"application\/ld+json\" class=\"yoast-schema-graph\">{\"@context\":\"https:\/\/schema.org\",\"@graph\":[{\"@type\":\"Article\",\"@id\":\"http:\/\/denizcankizil.tr\/ru\/haberler\/gundem\/katman-sergisi-ifsakta\/#article\",\"isPartOf\":{\"@id\":\"http:\/\/denizcankizil.tr\/ru\/haberler\/gundem\/katman-sergisi-ifsakta\/\"},\"author\":{\"name\":\"admin\",\"@id\":\"https:\/\/denizcankizil.tr\/#\/schema\/person\/be3c05fe6a12686905512445d8185489\"},\"headline\":\"\u2018KATMAN\u2019 sergisi \u0130FSAK\u2019ta\",\"datePublished\":\"2025-01-13T07:41:28+00:00\",\"mainEntityOfPage\":{\"@id\":\"http:\/\/denizcankizil.tr\/ru\/haberler\/gundem\/katman-sergisi-ifsakta\/\"},\"wordCount\":310,\"commentCount\":0,\"publisher\":{\"@id\":\"https:\/\/denizcankizil.tr\/#organization\"},\"articleSection\":[\"G\u00fcndem\"],\"inLanguage\":\"ru-RU\",\"potentialAction\":[{\"@type\":\"CommentAction\",\"name\":\"Comment\",\"target\":[\"http:\/\/denizcankizil.tr\/ru\/haberler\/gundem\/katman-sergisi-ifsakta\/#respond\"]}]},{\"@type\":\"WebPage\",\"@id\":\"http:\/\/denizcankizil.tr\/ru\/haberler\/gundem\/katman-sergisi-ifsakta\/\",\"url\":\"http:\/\/denizcankizil.tr\/ru\/haberler\/gundem\/katman-sergisi-ifsakta\/\",\"name\":\"\u2018KATMAN\u2019 sergisi \u0130FSAK\u2019ta - Av. Deniz Can K\u0131z\u0131l\",\"isPartOf\":{\"@id\":\"https:\/\/denizcankizil.tr\/#website\"},\"datePublished\":\"2025-01-13T07:41:28+00:00\",\"breadcrumb\":{\"@id\":\"http:\/\/denizcankizil.tr\/ru\/haberler\/gundem\/katman-sergisi-ifsakta\/#breadcrumb\"},\"inLanguage\":\"ru-RU\",\"potentialAction\":[{\"@type\":\"ReadAction\",\"target\":[\"http:\/\/denizcankizil.tr\/ru\/haberler\/gundem\/katman-sergisi-ifsakta\/\"]}]},{\"@type\":\"BreadcrumbList\",\"@id\":\"http:\/\/denizcankizil.tr\/ru\/haberler\/gundem\/katman-sergisi-ifsakta\/#breadcrumb\",\"itemListElement\":[{\"@type\":\"ListItem\",\"position\":1,\"name\":\"Home\",\"item\":\"https:\/\/denizcankizil.tr\/de\/\"},{\"@type\":\"ListItem\",\"position\":2,\"name\":\"\u2018KATMAN\u2019 sergisi \u0130FSAK\u2019ta\"}]},{\"@type\":\"WebSite\",\"@id\":\"https:\/\/denizcankizil.tr\/#website\",\"url\":\"https:\/\/denizcankizil.tr\/\",\"name\":\"Av. Deniz Can K\u0131z\u0131l\",\"description\":\"Avukat Deniz Can K\u0131z\u0131l Antalya Barosu\",\"publisher\":{\"@id\":\"https:\/\/denizcankizil.tr\/#organization\"},\"potentialAction\":[{\"@type\":\"SearchAction\",\"target\":{\"@type\":\"EntryPoint\",\"urlTemplate\":\"https:\/\/denizcankizil.tr\/?s={search_term_string}\"},\"query-input\":{\"@type\":\"PropertyValueSpecification\",\"valueRequired\":true,\"valueName\":\"search_term_string\"}}],\"inLanguage\":\"ru-RU\"},{\"@type\":\"Organization\",\"@id\":\"https:\/\/denizcankizil.tr\/#organization\",\"name\":\"Av. Deniz Can K\u0131z\u0131l\",\"url\":\"https:\/\/denizcankizil.tr\/\",\"logo\":{\"@type\":\"ImageObject\",\"inLanguage\":\"ru-RU\",\"@id\":\"https:\/\/denizcankizil.tr\/#\/schema\/logo\/image\/\",\"url\":\"http:\/\/denizcankizil.tr\/wp-content\/uploads\/2024\/10\/siyah-logo-svg.svg\",\"contentUrl\":\"http:\/\/denizcankizil.tr\/wp-content\/uploads\/2024\/10\/siyah-logo-svg.svg\",\"width\":1080,\"height\":1080,\"caption\":\"Av. Deniz Can K\u0131z\u0131l\"},\"image\":{\"@id\":\"https:\/\/denizcankizil.tr\/#\/schema\/logo\/image\/\"}},{\"@type\":\"Person\",\"@id\":\"https:\/\/denizcankizil.tr\/#\/schema\/person\/be3c05fe6a12686905512445d8185489\",\"name\":\"admin\",\"image\":{\"@type\":\"ImageObject\",\"inLanguage\":\"ru-RU\",\"@id\":\"https:\/\/denizcankizil.tr\/#\/schema\/person\/image\/\",\"url\":\"https:\/\/secure.gravatar.com\/avatar\/c1fce94c830dc79107e174f890d7210541c4a63e8e5d816341794a2151c9d58c?s=96&d=mm&r=g\",\"contentUrl\":\"https:\/\/secure.gravatar.com\/avatar\/c1fce94c830dc79107e174f890d7210541c4a63e8e5d816341794a2151c9d58c?s=96&d=mm&r=g\",\"caption\":\"admin\"},\"sameAs\":[\"http:\/\/denizcankizil.tr\"],\"url\":\"https:\/\/www.iskenderun.org\/katman-sergisi-ifsakta\"}]}<\/script>\n<!-- \/ Yoast SEO Premium plugin. -->","yoast_head_json":{"title":"\u2018KATMAN\u2019 sergisi \u0130FSAK\u2019ta - Av. Deniz Can K\u0131z\u0131l","robots":{"index":"index","follow":"follow","max-snippet":"max-snippet:-1","max-image-preview":"max-image-preview:large","max-video-preview":"max-video-preview:-1"},"canonical":"http:\/\/denizcankizil.tr\/ru\/haberler\/gundem\/katman-sergisi-ifsakta\/","og_locale":"ru_RU","og_type":"article","og_title":"\u2018KATMAN\u2019 sergisi \u0130FSAK\u2019ta","og_description":"\u2018B\u0130Z\u2019 BUFSAD Kad\u0131n Foto\u011fraf\u00e7\u0131lar Grubu\u2019nun \u2018KATMAN\u2019 Kentin Haf\u0131za Kareleri konulu proje sergisi \u0130FSAK Sergi Salonu\u2019nda sanatseverlerin be\u011fenisine sunuldu. BURSA (\u0130GFA) &#8211; Aylin K\u0131rg\u00f6zo\u011flu k\u00fcrat\u00f6rl\u00fc\u011f\u00fcnde olu\u015fturulan sergide 17 kad\u0131n foto\u011fraf\u00e7\u0131n\u0131n \u00e7al\u0131\u015fmalar\u0131 yer al\u0131yor.Sanat\u0131n birle\u015ftirici g\u00fcc\u00fcyle birlikte \u00fcreterek ya\u015fama iz b\u0131rakan kad\u0131n foto\u011fraf\u00e7\u0131lar grubu \u2018B\u0130Z\u2019 \u00f6zg\u00fcn \u00e7al\u0131\u015fmalara imza atmaya devam ediyor. \u0130lk a\u00e7\u0131l\u0131\u015f\u0131 Bursa\u2019da yap\u0131lan serginin ikinci aya\u011f\u0131 \u0130FSAK\u2019ta ger\u00e7ekle\u015fti.\u00a0 \u0130FSAK Ba\u015fkan\u0131 Sn. DaykDanzig ve \u0130fsak Y\u00f6netim Kurulu \u00fcyeleri kat\u0131l\u0131m\u0131yla ger\u00e7ekle\u015fen a\u00e7\u0131l\u0131\u015f foto\u011frafseverlerin yo\u011fun ilgisine sahne oldu. B\u0130Z BUFSAD Kad\u0131n Foto\u011fraf\u00e7\u0131lar Grubu 2024 y\u0131l\u0131 KATMAN konulu proje sergisi \u0130FSAK Sergi Salonu\u2019nda 16 Ocak 2025 tarihine dek izlenimde kalacakt\u0131r. \u200b\u2018B\u0130Z\u2019 BUFSAD Kad\u0131n Foto\u011fraf\u00e7\u0131lar Grubu\u2019nun \u2018KATMAN\u2019 Kentin Haf\u0131za Kareleri konulu proje sergisi \u0130FSAK Sergi Salonu\u2019nda sanatseverlerin be\u011fenisine sunuldu. BURSA (\u0130GFA) &#8211; Aylin K\u0131rg\u00f6zo\u011flu k\u00fcrat\u00f6rl\u00fc\u011f\u00fcnde olu\u015fturulan sergide 17 kad\u0131n foto\u011fraf\u00e7\u0131n\u0131n \u00e7al\u0131\u015fmalar\u0131 yer al\u0131yor.Sanat\u0131n birle\u015ftirici g\u00fcc\u00fcyle birlikte \u00fcreterek ya\u015fama iz b\u0131rakan kad\u0131n foto\u011fraf\u00e7\u0131lar grubu \u2018B\u0130Z\u2019 \u00f6zg\u00fcn \u00e7al\u0131\u015fmalara imza atmaya devam ediyor. \u0130lk a\u00e7\u0131l\u0131\u015f\u0131 Bursa\u2019da yap\u0131lan serginin ikinci aya\u011f\u0131 \u0130FSAK\u2019ta ger\u00e7ekle\u015fti.\u00a0 \u0130FSAK Ba\u015fkan\u0131 Sn. DaykDanzig ve \u0130fsak Y\u00f6netim Kurulu \u00fcyeleri kat\u0131l\u0131m\u0131yla ger\u00e7ekle\u015fen a\u00e7\u0131l\u0131\u015f foto\u011frafseverlerin yo\u011fun ilgisine sahne oldu. B\u0130Z BUFSAD Kad\u0131n Foto\u011fraf\u00e7\u0131lar Grubu 2024 y\u0131l\u0131 KATMAN konulu proje sergisi \u0130FSAK Sergi Salonu\u2019nda 16 Ocak 2025 tarihine dek izlenimde kalacakt\u0131r.\u00a0 \u200bHaberin Al\u0131nt\u0131land\u0131\u011f\u0131 Kaynak: www.iskenderun.org","og_url":"http:\/\/denizcankizil.tr\/ru\/haberler\/gundem\/katman-sergisi-ifsakta\/","og_site_name":"Av. Deniz Can K\u0131z\u0131l","article_published_time":"2025-01-13T07:41:28+00:00","author":"admin","twitter_card":"summary_large_image","twitter_misc":{"\u041d\u0430\u043f\u0438\u0441\u0430\u043d\u043e \u0430\u0432\u0442\u043e\u0440\u043e\u043c":"admin","\u041f\u0440\u0438\u043c\u0435\u0440\u043d\u043e\u0435 \u0432\u0440\u0435\u043c\u044f \u0434\u043b\u044f \u0447\u0442\u0435\u043d\u0438\u044f":"2 \u043c\u0438\u043d\u0443\u0442\u044b"},"schema":{"@context":"https:\/\/schema.org","@graph":[{"@type":"Article","@id":"http:\/\/denizcankizil.tr\/ru\/haberler\/gundem\/katman-sergisi-ifsakta\/#article","isPartOf":{"@id":"http:\/\/denizcankizil.tr\/ru\/haberler\/gundem\/katman-sergisi-ifsakta\/"},"author":{"name":"admin","@id":"https:\/\/denizcankizil.tr\/#\/schema\/person\/be3c05fe6a12686905512445d8185489"},"headline":"\u2018KATMAN\u2019 sergisi \u0130FSAK\u2019ta","datePublished":"2025-01-13T07:41:28+00:00","mainEntityOfPage":{"@id":"http:\/\/denizcankizil.tr\/ru\/haberler\/gundem\/katman-sergisi-ifsakta\/"},"wordCount":310,"commentCount":0,"publisher":{"@id":"https:\/\/denizcankizil.tr\/#organization"},"articleSection":["G\u00fcndem"],"inLanguage":"ru-RU","potentialAction":[{"@type":"CommentAction","name":"Comment","target":["http:\/\/denizcankizil.tr\/ru\/haberler\/gundem\/katman-sergisi-ifsakta\/#respond"]}]},{"@type":"WebPage","@id":"http:\/\/denizcankizil.tr\/ru\/haberler\/gundem\/katman-sergisi-ifsakta\/","url":"http:\/\/denizcankizil.tr\/ru\/haberler\/gundem\/katman-sergisi-ifsakta\/","name":"\u2018KATMAN\u2019 sergisi \u0130FSAK\u2019ta - Av. Deniz Can K\u0131z\u0131l","isPartOf":{"@id":"https:\/\/denizcankizil.tr\/#website"},"datePublished":"2025-01-13T07:41:28+00:00","breadcrumb":{"@id":"http:\/\/denizcankizil.tr\/ru\/haberler\/gundem\/katman-sergisi-ifsakta\/#breadcrumb"},"inLanguage":"ru-RU","potentialAction":[{"@type":"ReadAction","target":["http:\/\/denizcankizil.tr\/ru\/haberler\/gundem\/katman-sergisi-ifsakta\/"]}]},{"@type":"BreadcrumbList","@id":"http:\/\/denizcankizil.tr\/ru\/haberler\/gundem\/katman-sergisi-ifsakta\/#breadcrumb","itemListElement":[{"@type":"ListItem","position":1,"name":"Home","item":"https:\/\/denizcankizil.tr\/de\/"},{"@type":"ListItem","position":2,"name":"\u2018KATMAN\u2019 sergisi \u0130FSAK\u2019ta"}]},{"@type":"WebSite","@id":"https:\/\/denizcankizil.tr\/#website","url":"https:\/\/denizcankizil.tr\/","name":"Av. Deniz Can K\u0131z\u0131l","description":"Avukat Deniz Can K\u0131z\u0131l Antalya Barosu","publisher":{"@id":"https:\/\/denizcankizil.tr\/#organization"},"potentialAction":[{"@type":"SearchAction","target":{"@type":"EntryPoint","urlTemplate":"https:\/\/denizcankizil.tr\/?s={search_term_string}"},"query-input":{"@type":"PropertyValueSpecification","valueRequired":true,"valueName":"search_term_string"}}],"inLanguage":"ru-RU"},{"@type":"Organization","@id":"https:\/\/denizcankizil.tr\/#organization","name":"Av. Deniz Can K\u0131z\u0131l","url":"https:\/\/denizcankizil.tr\/","logo":{"@type":"ImageObject","inLanguage":"ru-RU","@id":"https:\/\/denizcankizil.tr\/#\/schema\/logo\/image\/","url":"http:\/\/denizcankizil.tr\/wp-content\/uploads\/2024\/10\/siyah-logo-svg.svg","contentUrl":"http:\/\/denizcankizil.tr\/wp-content\/uploads\/2024\/10\/siyah-logo-svg.svg","width":1080,"height":1080,"caption":"Av. Deniz Can K\u0131z\u0131l"},"image":{"@id":"https:\/\/denizcankizil.tr\/#\/schema\/logo\/image\/"}},{"@type":"Person","@id":"https:\/\/denizcankizil.tr\/#\/schema\/person\/be3c05fe6a12686905512445d8185489","name":"\u0430\u0434\u043c\u0438\u043d","image":{"@type":"ImageObject","inLanguage":"ru-RU","@id":"https:\/\/denizcankizil.tr\/#\/schema\/person\/image\/","url":"https:\/\/secure.gravatar.com\/avatar\/c1fce94c830dc79107e174f890d7210541c4a63e8e5d816341794a2151c9d58c?s=96&d=mm&r=g","contentUrl":"https:\/\/secure.gravatar.com\/avatar\/c1fce94c830dc79107e174f890d7210541c4a63e8e5d816341794a2151c9d58c?s=96&d=mm&r=g","caption":"admin"},"sameAs":["http:\/\/denizcankizil.tr"],"url":"https:\/\/www.iskenderun.org\/katman-sergisi-ifsakta"}]}},"_links":{"self":[{"href":"http:\/\/denizcankizil.tr\/ru\/wp-json\/wp\/v2\/posts\/25079","targetHints":{"allow":["GET"]}}],"collection":[{"href":"http:\/\/denizcankizil.tr\/ru\/wp-json\/wp\/v2\/posts"}],"about":[{"href":"http:\/\/denizcankizil.tr\/ru\/wp-json\/wp\/v2\/types\/post"}],"author":[{"embeddable":true,"href":"http:\/\/denizcankizil.tr\/ru\/wp-json\/wp\/v2\/users\/1"}],"replies":[{"embeddable":true,"href":"http:\/\/denizcankizil.tr\/ru\/wp-json\/wp\/v2\/comments?post=25079"}],"version-history":[{"count":0,"href":"http:\/\/denizcankizil.tr\/ru\/wp-json\/wp\/v2\/posts\/25079\/revisions"}],"wp:attachment":[{"href":"http:\/\/denizcankizil.tr\/ru\/wp-json\/wp\/v2\/media?parent=25079"}],"wp:term":[{"taxonomy":"category","embeddable":true,"href":"http:\/\/denizcankizil.tr\/ru\/wp-json\/wp\/v2\/categories?post=25079"},{"taxonomy":"post_tag","embeddable":true,"href":"http:\/\/denizcankizil.tr\/ru\/wp-json\/wp\/v2\/tags?post=25079"}],"curies":[{"name":"wp","href":"https:\/\/api.w.org\/{rel}","templated":true}]}}