{"id":24938,"date":"2025-01-11T20:41:33","date_gmt":"2025-01-11T17:41:33","guid":{"rendered":"https:\/\/denizcankizil.tr\/uncategorized-tr\/mersinin-sosyal-medya-fenomeni-kalbine-yenildi\/"},"modified":"2025-01-11T20:41:33","modified_gmt":"2025-01-11T17:41:33","slug":"mersinin-sosyal-medya-fenomeni-kalbine-yenildi","status":"publish","type":"post","link":"http:\/\/denizcankizil.tr\/ru\/haberler\/gundem\/mersinin-sosyal-medya-fenomeni-kalbine-yenildi\/","title":{"rendered":"Mersin&#8217;in Sosyal Medya Fenomeni kalbine yenildi"},"content":{"rendered":"<p>EV\u0130NDE KALP KR\u0130Z\u0130 GE\u00c7\u0130RD\u0130<br \/>\nMersin\u2019in Yeni\u015fehir il\u00e7esindeki evinde kalp krizi ge\u00e7iren 56 ya\u015f\u0131ndaki Bucak, sa\u011fl\u0131k ekiplerinin t\u00fcm m\u00fcdahalelerine ra\u011fmen kurtar\u0131lamad\u0131. Bucak&#8217;\u0131n cenazesi, Mersin \u015eehir Hastanesi morguna kald\u0131r\u0131ld\u0131.<\/p>\n<p>FENOMEN 1 M\u0130LYON MEHMET\u2019\u0130N VEFATI <\/p>\n<p>SOSYAL MEDYADA YANKI BULDU<br \/>\nMehmet Bucak\u2019\u0131n vefat\u0131, ba\u015fta Mersin halk\u0131 olmak \u00fczere t\u00fcm T\u00fcrkiye\u2019de \u00fcz\u00fcnt\u00fcyle kar\u015f\u0131land\u0131. Sosyal medyada geni\u015f yank\u0131 uyand\u0131ran bu kay\u0131p \u00fczerine, binlerce hayran\u0131 ve takip\u00e7isi taziye mesajlar\u0131 payla\u015ft\u0131.<\/p>\n<p>MERS\u0130N\u2019\u0130N RENKL\u0130 S\u0130MASIYDI<br \/>\n1968 y\u0131l\u0131nda Mersin\u2019de do\u011fan Mehmet Bucak, ya\u015fam\u0131n\u0131 kaportac\u0131l\u0131k yaparak s\u00fcrd\u00fcrd\u00fc. Halk aras\u0131nda &#8220;1 Milyon Mehmet&#8221; veya &#8220;1 Milyoncu Mehmet&#8221; lakaplar\u0131yla tan\u0131nan Bucak, psikolojik sorunlar\u0131 nedeniyle insanlardan eski parayla 1 milyon istemesiyle bu lakab\u0131 ald\u0131. Renkli ki\u015fili\u011fi, do\u011fal tav\u0131rlar\u0131 ve mizahi anlat\u0131m\u0131yla Mersin \u00e7ar\u015f\u0131s\u0131n\u0131n simgelerinden biri haline geldi.<\/p>\n<p>SOSYAL MEDYADA <\/p>\n<p>B\u0130R YILDIZ OLDU<br \/>\nYouTube ve Instagram gibi platformlarda \u00e7ekti\u011fi videolarla k\u0131sa s\u00fcrede fenomen olan Bucak, hem Mersin halk\u0131n\u0131n hem de T\u00fcrkiye\u2019nin sevgisini kazand\u0131. Onun esprili anlat\u0131mlar\u0131 ve samimiyeti, sosyal medyada pozitif bir etki b\u0131rakt\u0131.<\/p>\n<p>SON MESAJ: <\/p>\n<p>M\u0130RASI SEVG\u0130 VE G\u00dcL\u00dcMSEME<br \/>\nKalp krizi sonucu ya\u015fam\u0131n\u0131 yitiren Bucak\u2019\u0131n ani \u00f6l\u00fcm\u00fc, sevenlerini yasa bo\u011farken, onun mizah anlay\u0131\u015f\u0131 ve pozitif enerjisi haf\u0131zalarda ya\u015famaya devam edecek. Mehmet Bucak\u2019\u0131n cenaze t\u00f6reni ve defnedilece\u011fi yerle ilgili hen\u00fcz detaylar\u0131n ilerleyen saatlerde payla\u015f\u0131lmas\u0131 bekleniyor.<\/p>\n<p>\u200bMersin\u2019in sevilen sosyal medya fenomeni ve tan\u0131nm\u0131\u015f simalar\u0131ndan Mehmet Bucak, bilinen ad\u0131yla &#8220;1 Milyon Mehmet&#8221;, ge\u00e7irdi\u011fi kalp krizi sonucu bug\u00fcn hayat\u0131n\u0131 kaybetti. Sosyal medya fenomeni Mehmet Bucak\u2019\u0131n vefat\u0131 sevenlerini derinden \u00fczd\u00fc.\u00a0<\/p>\n<p>\u200bHaberin Al\u0131nt\u0131land\u0131\u011f\u0131 Kaynak: www.iskenderun.org<\/p>","protected":false},"excerpt":{"rendered":"<p>EV\u0130NDE KALP KR\u0130Z\u0130 GE\u00c7\u0130RD\u0130 Mersin\u2019in Yeni\u015fehir il\u00e7esindeki evinde kalp krizi ge\u00e7iren 56 ya\u015f\u0131ndaki Bucak, sa\u011fl\u0131k ekiplerinin t\u00fcm m\u00fcdahalelerine ra\u011fmen kurtar\u0131lamad\u0131. Bucak&#8217;\u0131n cenazesi, Mersin \u015eehir Hastanesi morguna kald\u0131r\u0131ld\u0131. FENOMEN 1 M\u0130LYON MEHMET\u2019\u0130N VEFATI SOSYAL MEDYADA YANKI BULDU Mehmet Bucak\u2019\u0131n vefat\u0131, ba\u015fta Mersin halk\u0131 olmak \u00fczere t\u00fcm T\u00fcrkiye\u2019de \u00fcz\u00fcnt\u00fcyle kar\u015f\u0131land\u0131. Sosyal medyada geni\u015f yank\u0131 uyand\u0131ran bu kay\u0131p \u00fczerine, binlerce hayran\u0131 ve takip\u00e7isi taziye mesajlar\u0131 payla\u015ft\u0131. MERS\u0130N\u2019\u0130N RENKL\u0130 S\u0130MASIYDI 1968 y\u0131l\u0131nda Mersin\u2019de do\u011fan Mehmet Bucak, ya\u015fam\u0131n\u0131 kaportac\u0131l\u0131k yaparak s\u00fcrd\u00fcrd\u00fc. Halk aras\u0131nda &#8220;1 Milyon Mehmet&#8221; veya &#8220;1 Milyoncu Mehmet&#8221; lakaplar\u0131yla tan\u0131nan Bucak, psikolojik sorunlar\u0131 nedeniyle insanlardan eski parayla 1 milyon istemesiyle bu lakab\u0131 ald\u0131. Renkli ki\u015fili\u011fi, do\u011fal tav\u0131rlar\u0131 ve mizahi anlat\u0131m\u0131yla Mersin \u00e7ar\u015f\u0131s\u0131n\u0131n simgelerinden biri haline geldi. SOSYAL MEDYADA B\u0130R YILDIZ OLDU YouTube ve Instagram gibi platformlarda \u00e7ekti\u011fi videolarla k\u0131sa s\u00fcrede fenomen olan Bucak, hem Mersin halk\u0131n\u0131n hem de T\u00fcrkiye\u2019nin sevgisini kazand\u0131. Onun esprili anlat\u0131mlar\u0131 ve samimiyeti, sosyal medyada pozitif bir etki b\u0131rakt\u0131. SON MESAJ: M\u0130RASI SEVG\u0130 VE G\u00dcL\u00dcMSEME Kalp krizi sonucu ya\u015fam\u0131n\u0131 yitiren Bucak\u2019\u0131n ani \u00f6l\u00fcm\u00fc, sevenlerini yasa bo\u011farken, onun mizah anlay\u0131\u015f\u0131 ve pozitif enerjisi haf\u0131zalarda ya\u015famaya devam edecek. Mehmet Bucak\u2019\u0131n cenaze t\u00f6reni ve defnedilece\u011fi yerle ilgili hen\u00fcz detaylar\u0131n ilerleyen saatlerde payla\u015f\u0131lmas\u0131 bekleniyor. \u200bMersin\u2019in sevilen sosyal medya fenomeni ve tan\u0131nm\u0131\u015f simalar\u0131ndan Mehmet Bucak, &hellip;<\/p>","protected":false},"author":1,"featured_media":0,"comment_status":"open","ping_status":"open","sticky":false,"template":"","format":"standard","meta":{"_acf_changed":false,"footnotes":""},"categories":[24],"tags":[],"class_list":["post-24938","post","type-post","status-publish","format-standard","has-post-thumbnail","hentry","category-gundem"],"acf":[],"yoast_head":"<!-- This site is optimized with the Yoast SEO Premium plugin v26.6 (Yoast SEO v27.1.1) - https:\/\/yoast.com\/product\/yoast-seo-premium-wordpress\/ -->\n<title>Mersin&#039;in Sosyal Medya Fenomeni kalbine yenildi - Av. Deniz Can K\u0131z\u0131l<\/title>\n<meta name=\"robots\" content=\"index, follow, max-snippet:-1, max-image-preview:large, max-video-preview:-1\" \/>\n<link rel=\"canonical\" href=\"http:\/\/denizcankizil.tr\/ru\/haberler\/gundem\/mersinin-sosyal-medya-fenomeni-kalbine-yenildi\/\" \/>\n<meta property=\"og:locale\" content=\"ru_RU\" \/>\n<meta property=\"og:type\" content=\"article\" \/>\n<meta property=\"og:title\" content=\"Mersin&#039;in Sosyal Medya Fenomeni kalbine yenildi\" \/>\n<meta property=\"og:description\" content=\"EV\u0130NDE KALP KR\u0130Z\u0130 GE\u00c7\u0130RD\u0130 Mersin\u2019in Yeni\u015fehir il\u00e7esindeki evinde kalp krizi ge\u00e7iren 56 ya\u015f\u0131ndaki Bucak, sa\u011fl\u0131k ekiplerinin t\u00fcm m\u00fcdahalelerine ra\u011fmen kurtar\u0131lamad\u0131. Bucak&#8217;\u0131n cenazesi, Mersin \u015eehir Hastanesi morguna kald\u0131r\u0131ld\u0131. FENOMEN 1 M\u0130LYON MEHMET\u2019\u0130N VEFATI SOSYAL MEDYADA YANKI BULDU Mehmet Bucak\u2019\u0131n vefat\u0131, ba\u015fta Mersin halk\u0131 olmak \u00fczere t\u00fcm T\u00fcrkiye\u2019de \u00fcz\u00fcnt\u00fcyle kar\u015f\u0131land\u0131. Sosyal medyada geni\u015f yank\u0131 uyand\u0131ran bu kay\u0131p \u00fczerine, binlerce hayran\u0131 ve takip\u00e7isi taziye mesajlar\u0131 payla\u015ft\u0131. MERS\u0130N\u2019\u0130N RENKL\u0130 S\u0130MASIYDI 1968 y\u0131l\u0131nda Mersin\u2019de do\u011fan Mehmet Bucak, ya\u015fam\u0131n\u0131 kaportac\u0131l\u0131k yaparak s\u00fcrd\u00fcrd\u00fc. Halk aras\u0131nda &#8220;1 Milyon Mehmet&#8221; veya &#8220;1 Milyoncu Mehmet&#8221; lakaplar\u0131yla tan\u0131nan Bucak, psikolojik sorunlar\u0131 nedeniyle insanlardan eski parayla 1 milyon istemesiyle bu lakab\u0131 ald\u0131. Renkli ki\u015fili\u011fi, do\u011fal tav\u0131rlar\u0131 ve mizahi anlat\u0131m\u0131yla Mersin \u00e7ar\u015f\u0131s\u0131n\u0131n simgelerinden biri haline geldi. SOSYAL MEDYADA B\u0130R YILDIZ OLDU YouTube ve Instagram gibi platformlarda \u00e7ekti\u011fi videolarla k\u0131sa s\u00fcrede fenomen olan Bucak, hem Mersin halk\u0131n\u0131n hem de T\u00fcrkiye\u2019nin sevgisini kazand\u0131. Onun esprili anlat\u0131mlar\u0131 ve samimiyeti, sosyal medyada pozitif bir etki b\u0131rakt\u0131. SON MESAJ: M\u0130RASI SEVG\u0130 VE G\u00dcL\u00dcMSEME Kalp krizi sonucu ya\u015fam\u0131n\u0131 yitiren Bucak\u2019\u0131n ani \u00f6l\u00fcm\u00fc, sevenlerini yasa bo\u011farken, onun mizah anlay\u0131\u015f\u0131 ve pozitif enerjisi haf\u0131zalarda ya\u015famaya devam edecek. Mehmet Bucak\u2019\u0131n cenaze t\u00f6reni ve defnedilece\u011fi yerle ilgili hen\u00fcz detaylar\u0131n ilerleyen saatlerde payla\u015f\u0131lmas\u0131 bekleniyor. \u200bMersin\u2019in sevilen sosyal medya fenomeni ve tan\u0131nm\u0131\u015f simalar\u0131ndan Mehmet Bucak, &hellip;\" \/>\n<meta property=\"og:url\" content=\"http:\/\/denizcankizil.tr\/ru\/haberler\/gundem\/mersinin-sosyal-medya-fenomeni-kalbine-yenildi\/\" \/>\n<meta property=\"og:site_name\" content=\"Av. Deniz Can K\u0131z\u0131l\" \/>\n<meta property=\"article:published_time\" content=\"2025-01-11T17:41:33+00:00\" \/>\n<meta name=\"author\" content=\"admin\" \/>\n<meta name=\"twitter:card\" content=\"summary_large_image\" \/>\n<meta name=\"twitter:label1\" content=\"\u041d\u0430\u043f\u0438\u0441\u0430\u043d\u043e \u0430\u0432\u0442\u043e\u0440\u043e\u043c\" \/>\n\t<meta name=\"twitter:data1\" content=\"admin\" \/>\n\t<meta name=\"twitter:label2\" content=\"\u041f\u0440\u0438\u043c\u0435\u0440\u043d\u043e\u0435 \u0432\u0440\u0435\u043c\u044f \u0434\u043b\u044f \u0447\u0442\u0435\u043d\u0438\u044f\" \/>\n\t<meta name=\"twitter:data2\" content=\"2 \u043c\u0438\u043d\u0443\u0442\u044b\" \/>\n<script type=\"application\/ld+json\" class=\"yoast-schema-graph\">{\"@context\":\"https:\/\/schema.org\",\"@graph\":[{\"@type\":\"Article\",\"@id\":\"http:\/\/denizcankizil.tr\/ru\/haberler\/gundem\/mersinin-sosyal-medya-fenomeni-kalbine-yenildi\/#article\",\"isPartOf\":{\"@id\":\"http:\/\/denizcankizil.tr\/ru\/haberler\/gundem\/mersinin-sosyal-medya-fenomeni-kalbine-yenildi\/\"},\"author\":{\"name\":\"admin\",\"@id\":\"https:\/\/denizcankizil.tr\/de\/#\/schema\/person\/be3c05fe6a12686905512445d8185489\"},\"headline\":\"Mersin&#8217;in Sosyal Medya Fenomeni kalbine yenildi\",\"datePublished\":\"2025-01-11T17:41:33+00:00\",\"mainEntityOfPage\":{\"@id\":\"http:\/\/denizcankizil.tr\/ru\/haberler\/gundem\/mersinin-sosyal-medya-fenomeni-kalbine-yenildi\/\"},\"wordCount\":320,\"commentCount\":0,\"publisher\":{\"@id\":\"https:\/\/denizcankizil.tr\/de\/#organization\"},\"articleSection\":[\"G\u00fcndem\"],\"inLanguage\":\"ru-RU\",\"potentialAction\":[{\"@type\":\"CommentAction\",\"name\":\"Comment\",\"target\":[\"http:\/\/denizcankizil.tr\/ru\/haberler\/gundem\/mersinin-sosyal-medya-fenomeni-kalbine-yenildi\/#respond\"]}]},{\"@type\":\"WebPage\",\"@id\":\"http:\/\/denizcankizil.tr\/ru\/haberler\/gundem\/mersinin-sosyal-medya-fenomeni-kalbine-yenildi\/\",\"url\":\"http:\/\/denizcankizil.tr\/ru\/haberler\/gundem\/mersinin-sosyal-medya-fenomeni-kalbine-yenildi\/\",\"name\":\"Mersin'in Sosyal Medya Fenomeni kalbine yenildi - Av. Deniz Can K\u0131z\u0131l\",\"isPartOf\":{\"@id\":\"https:\/\/denizcankizil.tr\/de\/#website\"},\"datePublished\":\"2025-01-11T17:41:33+00:00\",\"breadcrumb\":{\"@id\":\"http:\/\/denizcankizil.tr\/ru\/haberler\/gundem\/mersinin-sosyal-medya-fenomeni-kalbine-yenildi\/#breadcrumb\"},\"inLanguage\":\"ru-RU\",\"potentialAction\":[{\"@type\":\"ReadAction\",\"target\":[\"http:\/\/denizcankizil.tr\/ru\/haberler\/gundem\/mersinin-sosyal-medya-fenomeni-kalbine-yenildi\/\"]}]},{\"@type\":\"BreadcrumbList\",\"@id\":\"http:\/\/denizcankizil.tr\/ru\/haberler\/gundem\/mersinin-sosyal-medya-fenomeni-kalbine-yenildi\/#breadcrumb\",\"itemListElement\":[{\"@type\":\"ListItem\",\"position\":1,\"name\":\"Home\",\"item\":\"https:\/\/denizcankizil.tr\/de\/\"},{\"@type\":\"ListItem\",\"position\":2,\"name\":\"Mersin&#8217;in Sosyal Medya Fenomeni kalbine yenildi\"}]},{\"@type\":\"WebSite\",\"@id\":\"https:\/\/denizcankizil.tr\/de\/#website\",\"url\":\"https:\/\/denizcankizil.tr\/de\/\",\"name\":\"Av. Deniz Can K\u0131z\u0131l\",\"description\":\"Avukat Deniz Can K\u0131z\u0131l Antalya Barosu\",\"publisher\":{\"@id\":\"https:\/\/denizcankizil.tr\/de\/#organization\"},\"potentialAction\":[{\"@type\":\"SearchAction\",\"target\":{\"@type\":\"EntryPoint\",\"urlTemplate\":\"https:\/\/denizcankizil.tr\/de\/?s={search_term_string}\"},\"query-input\":{\"@type\":\"PropertyValueSpecification\",\"valueRequired\":true,\"valueName\":\"search_term_string\"}}],\"inLanguage\":\"ru-RU\"},{\"@type\":\"Organization\",\"@id\":\"https:\/\/denizcankizil.tr\/de\/#organization\",\"name\":\"Av. Deniz Can K\u0131z\u0131l\",\"url\":\"https:\/\/denizcankizil.tr\/de\/\",\"logo\":{\"@type\":\"ImageObject\",\"inLanguage\":\"ru-RU\",\"@id\":\"https:\/\/denizcankizil.tr\/de\/#\/schema\/logo\/image\/\",\"url\":\"http:\/\/denizcankizil.tr\/wp-content\/uploads\/2024\/10\/siyah-logo-svg.svg\",\"contentUrl\":\"http:\/\/denizcankizil.tr\/wp-content\/uploads\/2024\/10\/siyah-logo-svg.svg\",\"width\":1080,\"height\":1080,\"caption\":\"Av. Deniz Can K\u0131z\u0131l\"},\"image\":{\"@id\":\"https:\/\/denizcankizil.tr\/de\/#\/schema\/logo\/image\/\"}},{\"@type\":\"Person\",\"@id\":\"https:\/\/denizcankizil.tr\/de\/#\/schema\/person\/be3c05fe6a12686905512445d8185489\",\"name\":\"admin\",\"image\":{\"@type\":\"ImageObject\",\"inLanguage\":\"ru-RU\",\"@id\":\"https:\/\/denizcankizil.tr\/de\/#\/schema\/person\/image\/\",\"url\":\"https:\/\/secure.gravatar.com\/avatar\/c1fce94c830dc79107e174f890d7210541c4a63e8e5d816341794a2151c9d58c?s=96&d=mm&r=g\",\"contentUrl\":\"https:\/\/secure.gravatar.com\/avatar\/c1fce94c830dc79107e174f890d7210541c4a63e8e5d816341794a2151c9d58c?s=96&d=mm&r=g\",\"caption\":\"admin\"},\"sameAs\":[\"http:\/\/denizcankizil.tr\"],\"url\":\"https:\/\/www.iskenderun.org\/mersinin-sosyal-medya-fenomeni-kalbine-yenildi\"}]}<\/script>\n<!-- \/ Yoast SEO Premium plugin. -->","yoast_head_json":{"title":"Mersin'in Sosyal Medya Fenomeni kalbine yenildi - Av. Deniz Can K\u0131z\u0131l","robots":{"index":"index","follow":"follow","max-snippet":"max-snippet:-1","max-image-preview":"max-image-preview:large","max-video-preview":"max-video-preview:-1"},"canonical":"http:\/\/denizcankizil.tr\/ru\/haberler\/gundem\/mersinin-sosyal-medya-fenomeni-kalbine-yenildi\/","og_locale":"ru_RU","og_type":"article","og_title":"Mersin'in Sosyal Medya Fenomeni kalbine yenildi","og_description":"EV\u0130NDE KALP KR\u0130Z\u0130 GE\u00c7\u0130RD\u0130 Mersin\u2019in Yeni\u015fehir il\u00e7esindeki evinde kalp krizi ge\u00e7iren 56 ya\u015f\u0131ndaki Bucak, sa\u011fl\u0131k ekiplerinin t\u00fcm m\u00fcdahalelerine ra\u011fmen kurtar\u0131lamad\u0131. Bucak&#8217;\u0131n cenazesi, Mersin \u015eehir Hastanesi morguna kald\u0131r\u0131ld\u0131. FENOMEN 1 M\u0130LYON MEHMET\u2019\u0130N VEFATI SOSYAL MEDYADA YANKI BULDU Mehmet Bucak\u2019\u0131n vefat\u0131, ba\u015fta Mersin halk\u0131 olmak \u00fczere t\u00fcm T\u00fcrkiye\u2019de \u00fcz\u00fcnt\u00fcyle kar\u015f\u0131land\u0131. Sosyal medyada geni\u015f yank\u0131 uyand\u0131ran bu kay\u0131p \u00fczerine, binlerce hayran\u0131 ve takip\u00e7isi taziye mesajlar\u0131 payla\u015ft\u0131. MERS\u0130N\u2019\u0130N RENKL\u0130 S\u0130MASIYDI 1968 y\u0131l\u0131nda Mersin\u2019de do\u011fan Mehmet Bucak, ya\u015fam\u0131n\u0131 kaportac\u0131l\u0131k yaparak s\u00fcrd\u00fcrd\u00fc. Halk aras\u0131nda &#8220;1 Milyon Mehmet&#8221; veya &#8220;1 Milyoncu Mehmet&#8221; lakaplar\u0131yla tan\u0131nan Bucak, psikolojik sorunlar\u0131 nedeniyle insanlardan eski parayla 1 milyon istemesiyle bu lakab\u0131 ald\u0131. Renkli ki\u015fili\u011fi, do\u011fal tav\u0131rlar\u0131 ve mizahi anlat\u0131m\u0131yla Mersin \u00e7ar\u015f\u0131s\u0131n\u0131n simgelerinden biri haline geldi. SOSYAL MEDYADA B\u0130R YILDIZ OLDU YouTube ve Instagram gibi platformlarda \u00e7ekti\u011fi videolarla k\u0131sa s\u00fcrede fenomen olan Bucak, hem Mersin halk\u0131n\u0131n hem de T\u00fcrkiye\u2019nin sevgisini kazand\u0131. Onun esprili anlat\u0131mlar\u0131 ve samimiyeti, sosyal medyada pozitif bir etki b\u0131rakt\u0131. SON MESAJ: M\u0130RASI SEVG\u0130 VE G\u00dcL\u00dcMSEME Kalp krizi sonucu ya\u015fam\u0131n\u0131 yitiren Bucak\u2019\u0131n ani \u00f6l\u00fcm\u00fc, sevenlerini yasa bo\u011farken, onun mizah anlay\u0131\u015f\u0131 ve pozitif enerjisi haf\u0131zalarda ya\u015famaya devam edecek. Mehmet Bucak\u2019\u0131n cenaze t\u00f6reni ve defnedilece\u011fi yerle ilgili hen\u00fcz detaylar\u0131n ilerleyen saatlerde payla\u015f\u0131lmas\u0131 bekleniyor. \u200bMersin\u2019in sevilen sosyal medya fenomeni ve tan\u0131nm\u0131\u015f simalar\u0131ndan Mehmet Bucak, &hellip;","og_url":"http:\/\/denizcankizil.tr\/ru\/haberler\/gundem\/mersinin-sosyal-medya-fenomeni-kalbine-yenildi\/","og_site_name":"Av. Deniz Can K\u0131z\u0131l","article_published_time":"2025-01-11T17:41:33+00:00","author":"admin","twitter_card":"summary_large_image","twitter_misc":{"\u041d\u0430\u043f\u0438\u0441\u0430\u043d\u043e \u0430\u0432\u0442\u043e\u0440\u043e\u043c":"admin","\u041f\u0440\u0438\u043c\u0435\u0440\u043d\u043e\u0435 \u0432\u0440\u0435\u043c\u044f \u0434\u043b\u044f \u0447\u0442\u0435\u043d\u0438\u044f":"2 \u043c\u0438\u043d\u0443\u0442\u044b"},"schema":{"@context":"https:\/\/schema.org","@graph":[{"@type":"Article","@id":"http:\/\/denizcankizil.tr\/ru\/haberler\/gundem\/mersinin-sosyal-medya-fenomeni-kalbine-yenildi\/#article","isPartOf":{"@id":"http:\/\/denizcankizil.tr\/ru\/haberler\/gundem\/mersinin-sosyal-medya-fenomeni-kalbine-yenildi\/"},"author":{"name":"admin","@id":"https:\/\/denizcankizil.tr\/de\/#\/schema\/person\/be3c05fe6a12686905512445d8185489"},"headline":"Mersin&#8217;in Sosyal Medya Fenomeni kalbine yenildi","datePublished":"2025-01-11T17:41:33+00:00","mainEntityOfPage":{"@id":"http:\/\/denizcankizil.tr\/ru\/haberler\/gundem\/mersinin-sosyal-medya-fenomeni-kalbine-yenildi\/"},"wordCount":320,"commentCount":0,"publisher":{"@id":"https:\/\/denizcankizil.tr\/de\/#organization"},"articleSection":["G\u00fcndem"],"inLanguage":"ru-RU","potentialAction":[{"@type":"CommentAction","name":"Comment","target":["http:\/\/denizcankizil.tr\/ru\/haberler\/gundem\/mersinin-sosyal-medya-fenomeni-kalbine-yenildi\/#respond"]}]},{"@type":"WebPage","@id":"http:\/\/denizcankizil.tr\/ru\/haberler\/gundem\/mersinin-sosyal-medya-fenomeni-kalbine-yenildi\/","url":"http:\/\/denizcankizil.tr\/ru\/haberler\/gundem\/mersinin-sosyal-medya-fenomeni-kalbine-yenildi\/","name":"Mersin'in Sosyal Medya Fenomeni kalbine yenildi - Av. Deniz Can K\u0131z\u0131l","isPartOf":{"@id":"https:\/\/denizcankizil.tr\/de\/#website"},"datePublished":"2025-01-11T17:41:33+00:00","breadcrumb":{"@id":"http:\/\/denizcankizil.tr\/ru\/haberler\/gundem\/mersinin-sosyal-medya-fenomeni-kalbine-yenildi\/#breadcrumb"},"inLanguage":"ru-RU","potentialAction":[{"@type":"ReadAction","target":["http:\/\/denizcankizil.tr\/ru\/haberler\/gundem\/mersinin-sosyal-medya-fenomeni-kalbine-yenildi\/"]}]},{"@type":"BreadcrumbList","@id":"http:\/\/denizcankizil.tr\/ru\/haberler\/gundem\/mersinin-sosyal-medya-fenomeni-kalbine-yenildi\/#breadcrumb","itemListElement":[{"@type":"ListItem","position":1,"name":"Home","item":"https:\/\/denizcankizil.tr\/de\/"},{"@type":"ListItem","position":2,"name":"Mersin&#8217;in Sosyal Medya Fenomeni kalbine yenildi"}]},{"@type":"WebSite","@id":"https:\/\/denizcankizil.tr\/de\/#website","url":"https:\/\/denizcankizil.tr\/de\/","name":"Av. Deniz Can K\u0131z\u0131l","description":"Avukat Deniz Can K\u0131z\u0131l Antalya Barosu","publisher":{"@id":"https:\/\/denizcankizil.tr\/de\/#organization"},"potentialAction":[{"@type":"SearchAction","target":{"@type":"EntryPoint","urlTemplate":"https:\/\/denizcankizil.tr\/de\/?s={search_term_string}"},"query-input":{"@type":"PropertyValueSpecification","valueRequired":true,"valueName":"search_term_string"}}],"inLanguage":"ru-RU"},{"@type":"Organization","@id":"https:\/\/denizcankizil.tr\/de\/#organization","name":"Av. Deniz Can K\u0131z\u0131l","url":"https:\/\/denizcankizil.tr\/de\/","logo":{"@type":"ImageObject","inLanguage":"ru-RU","@id":"https:\/\/denizcankizil.tr\/de\/#\/schema\/logo\/image\/","url":"http:\/\/denizcankizil.tr\/wp-content\/uploads\/2024\/10\/siyah-logo-svg.svg","contentUrl":"http:\/\/denizcankizil.tr\/wp-content\/uploads\/2024\/10\/siyah-logo-svg.svg","width":1080,"height":1080,"caption":"Av. Deniz Can K\u0131z\u0131l"},"image":{"@id":"https:\/\/denizcankizil.tr\/de\/#\/schema\/logo\/image\/"}},{"@type":"Person","@id":"https:\/\/denizcankizil.tr\/de\/#\/schema\/person\/be3c05fe6a12686905512445d8185489","name":"\u0430\u0434\u043c\u0438\u043d","image":{"@type":"ImageObject","inLanguage":"ru-RU","@id":"https:\/\/denizcankizil.tr\/de\/#\/schema\/person\/image\/","url":"https:\/\/secure.gravatar.com\/avatar\/c1fce94c830dc79107e174f890d7210541c4a63e8e5d816341794a2151c9d58c?s=96&d=mm&r=g","contentUrl":"https:\/\/secure.gravatar.com\/avatar\/c1fce94c830dc79107e174f890d7210541c4a63e8e5d816341794a2151c9d58c?s=96&d=mm&r=g","caption":"admin"},"sameAs":["http:\/\/denizcankizil.tr"],"url":"https:\/\/www.iskenderun.org\/mersinin-sosyal-medya-fenomeni-kalbine-yenildi"}]}},"_links":{"self":[{"href":"http:\/\/denizcankizil.tr\/ru\/wp-json\/wp\/v2\/posts\/24938","targetHints":{"allow":["GET"]}}],"collection":[{"href":"http:\/\/denizcankizil.tr\/ru\/wp-json\/wp\/v2\/posts"}],"about":[{"href":"http:\/\/denizcankizil.tr\/ru\/wp-json\/wp\/v2\/types\/post"}],"author":[{"embeddable":true,"href":"http:\/\/denizcankizil.tr\/ru\/wp-json\/wp\/v2\/users\/1"}],"replies":[{"embeddable":true,"href":"http:\/\/denizcankizil.tr\/ru\/wp-json\/wp\/v2\/comments?post=24938"}],"version-history":[{"count":0,"href":"http:\/\/denizcankizil.tr\/ru\/wp-json\/wp\/v2\/posts\/24938\/revisions"}],"wp:attachment":[{"href":"http:\/\/denizcankizil.tr\/ru\/wp-json\/wp\/v2\/media?parent=24938"}],"wp:term":[{"taxonomy":"category","embeddable":true,"href":"http:\/\/denizcankizil.tr\/ru\/wp-json\/wp\/v2\/categories?post=24938"},{"taxonomy":"post_tag","embeddable":true,"href":"http:\/\/denizcankizil.tr\/ru\/wp-json\/wp\/v2\/tags?post=24938"}],"curies":[{"name":"wp","href":"https:\/\/api.w.org\/{rel}","templated":true}]}}