{"id":24144,"date":"2025-01-06T16:42:10","date_gmt":"2025-01-06T13:42:10","guid":{"rendered":"https:\/\/denizcankizil.tr\/uncategorized-tr\/holdenin-kulkedileri-bursada\/"},"modified":"2025-01-06T16:42:10","modified_gmt":"2025-01-06T13:42:10","slug":"holdenin-kulkedileri-bursada","status":"publish","type":"post","link":"http:\/\/denizcankizil.tr\/ru\/haberler\/gundem\/holdenin-kulkedileri-bursada\/","title":{"rendered":"&#8216;Holden\u2019in K\u00fclkedileri&#8217; Bursa&#8217;da"},"content":{"rendered":"<p>Ankara Devlet Tiyatrosu yap\u0131m\u0131 &#8220;Holden\u2019in K\u00fclkedileri&#8221;, 7-8-9-10 Ocak tarihlerinde Bursa Devlet Tiyatrosu AVP Sahnesinde saat 20.00\u2019de, 11 Ocak tarihinde saat 15.00 ve 20.00\u2019de izleyicilerle bulu\u015facak.BURSA (\u0130GFA) &#8211;\u00a0Abdullah \u00d6zt\u00fcrk\u2019\u00fcn yazd\u0131\u011f\u0131, Aclan B\u00fcy\u00fckt\u00fcrko\u011flu\u2019nun y\u00f6netti\u011fi oyunda; K\u0131van\u00e7 Demirci, Beg\u00fcm Sarp ve Ya\u011fmur Evin rol al\u0131yorlar.<br \/>\nYa\u015fam\u0131n, zorluklar\u0131n ve bask\u0131lar\u0131n yaratt\u0131\u011f\u0131 travma sonucu kuklala\u015fan bir beden\u2026<br \/>\nRuhunda ya\u015fad\u0131\u011f\u0131 ac\u0131lar\u0131, zihninde olu\u015fturdu\u011fu karakterlerle oyunlar oynayarak ifade eden bir adam.<br \/>\nKad\u0131nlar\u0131n, erkeklerin toplum i\u00e7inde kar\u015f\u0131la\u015ft\u0131klar\u0131 zorluklar\u0131 sembolik foto\u011fraflarla, \u015fark\u0131, dans ve g\u00f6ndermelerle anlatan bir oyun\u2026<br \/>\n\u00a0<\/p>\n<p>\u200bAnkara Devlet Tiyatrosu yap\u0131m\u0131 &#8220;Holden\u2019in K\u00fclkedileri&#8221;, 7-8-9-10 Ocak tarihlerinde Bursa Devlet Tiyatrosu AVP Sahnesinde saat 20.00\u2019de, 11 Ocak tarihinde saat 15.00 ve 20.00\u2019de izleyicilerle bulu\u015facak.BURSA (\u0130GFA) &#8211;\u00a0Abdullah \u00d6zt\u00fcrk\u2019\u00fcn yazd\u0131\u011f\u0131, Aclan B\u00fcy\u00fckt\u00fcrko\u011flu\u2019nun y\u00f6netti\u011fi oyunda; K\u0131van\u00e7 Demirci, Beg\u00fcm Sarp ve Ya\u011fmur Evin rol al\u0131yorlar.<br \/>\nYa\u015fam\u0131n, zorluklar\u0131n ve bask\u0131lar\u0131n yaratt\u0131\u011f\u0131 travma sonucu kuklala\u015fan bir beden\u2026<br \/>\nRuhunda ya\u015fad\u0131\u011f\u0131 ac\u0131lar\u0131, zihninde olu\u015fturdu\u011fu karakterlerle oyunlar oynayarak ifade eden bir adam.<br \/>\nKad\u0131nlar\u0131n, erkeklerin toplum i\u00e7inde kar\u015f\u0131la\u015ft\u0131klar\u0131 zorluklar\u0131 sembolik foto\u011fraflarla, \u015fark\u0131, dans ve g\u00f6ndermelerle anlatan bir oyun\u2026<br \/>\n\u00a0\u00a0<\/p>\n<p>\u200bHaberin Al\u0131nt\u0131land\u0131\u011f\u0131 Kaynak: www.iskenderun.org<\/p>","protected":false},"excerpt":{"rendered":"<p>Ankara Devlet Tiyatrosu yap\u0131m\u0131 &#8220;Holden\u2019in K\u00fclkedileri&#8221;, 7-8-9-10 Ocak tarihlerinde Bursa Devlet Tiyatrosu AVP Sahnesinde saat 20.00\u2019de, 11 Ocak tarihinde saat 15.00 ve 20.00\u2019de izleyicilerle bulu\u015facak.BURSA (\u0130GFA) &#8211;\u00a0Abdullah \u00d6zt\u00fcrk\u2019\u00fcn yazd\u0131\u011f\u0131, Aclan B\u00fcy\u00fckt\u00fcrko\u011flu\u2019nun y\u00f6netti\u011fi oyunda; K\u0131van\u00e7 Demirci, Beg\u00fcm Sarp ve Ya\u011fmur Evin rol al\u0131yorlar. Ya\u015fam\u0131n, zorluklar\u0131n ve bask\u0131lar\u0131n yaratt\u0131\u011f\u0131 travma sonucu kuklala\u015fan bir beden\u2026 Ruhunda ya\u015fad\u0131\u011f\u0131 ac\u0131lar\u0131, zihninde olu\u015fturdu\u011fu karakterlerle oyunlar oynayarak ifade eden bir adam. Kad\u0131nlar\u0131n, erkeklerin toplum i\u00e7inde kar\u015f\u0131la\u015ft\u0131klar\u0131 zorluklar\u0131 sembolik foto\u011fraflarla, \u015fark\u0131, dans ve g\u00f6ndermelerle anlatan bir oyun\u2026 \u00a0 \u200bAnkara Devlet Tiyatrosu yap\u0131m\u0131 &#8220;Holden\u2019in K\u00fclkedileri&#8221;, 7-8-9-10 Ocak tarihlerinde Bursa Devlet Tiyatrosu AVP Sahnesinde saat 20.00\u2019de, 11 Ocak tarihinde saat 15.00 ve 20.00\u2019de izleyicilerle bulu\u015facak.BURSA (\u0130GFA) &#8211;\u00a0Abdullah \u00d6zt\u00fcrk\u2019\u00fcn yazd\u0131\u011f\u0131, Aclan B\u00fcy\u00fckt\u00fcrko\u011flu\u2019nun y\u00f6netti\u011fi oyunda; K\u0131van\u00e7 Demirci, Beg\u00fcm Sarp ve Ya\u011fmur Evin rol al\u0131yorlar. Ya\u015fam\u0131n, zorluklar\u0131n ve bask\u0131lar\u0131n yaratt\u0131\u011f\u0131 travma sonucu kuklala\u015fan bir beden\u2026 Ruhunda ya\u015fad\u0131\u011f\u0131 ac\u0131lar\u0131, zihninde olu\u015fturdu\u011fu karakterlerle oyunlar oynayarak ifade eden bir adam. Kad\u0131nlar\u0131n, erkeklerin toplum i\u00e7inde kar\u015f\u0131la\u015ft\u0131klar\u0131 zorluklar\u0131 sembolik foto\u011fraflarla, \u015fark\u0131, dans ve g\u00f6ndermelerle anlatan bir oyun\u2026 \u00a0\u00a0 \u200bHaberin Al\u0131nt\u0131land\u0131\u011f\u0131 Kaynak: www.iskenderun.org<\/p>","protected":false},"author":0,"featured_media":0,"comment_status":"open","ping_status":"open","sticky":false,"template":"","format":"standard","meta":{"_acf_changed":false,"footnotes":""},"categories":[24,535],"tags":[],"class_list":["post-24144","post","type-post","status-publish","format-standard","has-post-thumbnail","hentry","category-gundem","category-uncategorized-tr"],"acf":[],"yoast_head":"<!-- This site is optimized with the Yoast SEO Premium plugin v26.6 (Yoast SEO v27.1.1) - https:\/\/yoast.com\/product\/yoast-seo-premium-wordpress\/ -->\n<title>&#039;Holden\u2019in K\u00fclkedileri&#039; Bursa&#039;da - Av. Deniz Can K\u0131z\u0131l<\/title>\n<meta name=\"robots\" content=\"index, follow, max-snippet:-1, max-image-preview:large, max-video-preview:-1\" \/>\n<link rel=\"canonical\" href=\"http:\/\/denizcankizil.tr\/ru\/haberler\/gundem\/holdenin-kulkedileri-bursada\/\" \/>\n<meta property=\"og:locale\" content=\"ru_RU\" \/>\n<meta property=\"og:type\" content=\"article\" \/>\n<meta property=\"og:title\" content=\"&#039;Holden\u2019in K\u00fclkedileri&#039; Bursa&#039;da\" \/>\n<meta property=\"og:description\" content=\"Ankara Devlet Tiyatrosu yap\u0131m\u0131 &#8220;Holden\u2019in K\u00fclkedileri&#8221;, 7-8-9-10 Ocak tarihlerinde Bursa Devlet Tiyatrosu AVP Sahnesinde saat 20.00\u2019de, 11 Ocak tarihinde saat 15.00 ve 20.00\u2019de izleyicilerle bulu\u015facak.BURSA (\u0130GFA) &#8211;\u00a0Abdullah \u00d6zt\u00fcrk\u2019\u00fcn yazd\u0131\u011f\u0131, Aclan B\u00fcy\u00fckt\u00fcrko\u011flu\u2019nun y\u00f6netti\u011fi oyunda; K\u0131van\u00e7 Demirci, Beg\u00fcm Sarp ve Ya\u011fmur Evin rol al\u0131yorlar. Ya\u015fam\u0131n, zorluklar\u0131n ve bask\u0131lar\u0131n yaratt\u0131\u011f\u0131 travma sonucu kuklala\u015fan bir beden\u2026 Ruhunda ya\u015fad\u0131\u011f\u0131 ac\u0131lar\u0131, zihninde olu\u015fturdu\u011fu karakterlerle oyunlar oynayarak ifade eden bir adam. Kad\u0131nlar\u0131n, erkeklerin toplum i\u00e7inde kar\u015f\u0131la\u015ft\u0131klar\u0131 zorluklar\u0131 sembolik foto\u011fraflarla, \u015fark\u0131, dans ve g\u00f6ndermelerle anlatan bir oyun\u2026 \u00a0 \u200bAnkara Devlet Tiyatrosu yap\u0131m\u0131 &#8220;Holden\u2019in K\u00fclkedileri&#8221;, 7-8-9-10 Ocak tarihlerinde Bursa Devlet Tiyatrosu AVP Sahnesinde saat 20.00\u2019de, 11 Ocak tarihinde saat 15.00 ve 20.00\u2019de izleyicilerle bulu\u015facak.BURSA (\u0130GFA) &#8211;\u00a0Abdullah \u00d6zt\u00fcrk\u2019\u00fcn yazd\u0131\u011f\u0131, Aclan B\u00fcy\u00fckt\u00fcrko\u011flu\u2019nun y\u00f6netti\u011fi oyunda; K\u0131van\u00e7 Demirci, Beg\u00fcm Sarp ve Ya\u011fmur Evin rol al\u0131yorlar. Ya\u015fam\u0131n, zorluklar\u0131n ve bask\u0131lar\u0131n yaratt\u0131\u011f\u0131 travma sonucu kuklala\u015fan bir beden\u2026 Ruhunda ya\u015fad\u0131\u011f\u0131 ac\u0131lar\u0131, zihninde olu\u015fturdu\u011fu karakterlerle oyunlar oynayarak ifade eden bir adam. Kad\u0131nlar\u0131n, erkeklerin toplum i\u00e7inde kar\u015f\u0131la\u015ft\u0131klar\u0131 zorluklar\u0131 sembolik foto\u011fraflarla, \u015fark\u0131, dans ve g\u00f6ndermelerle anlatan bir oyun\u2026 \u00a0\u00a0 \u200bHaberin Al\u0131nt\u0131land\u0131\u011f\u0131 Kaynak: www.iskenderun.org\" \/>\n<meta property=\"og:url\" content=\"http:\/\/denizcankizil.tr\/ru\/haberler\/gundem\/holdenin-kulkedileri-bursada\/\" \/>\n<meta property=\"og:site_name\" content=\"Av. Deniz Can K\u0131z\u0131l\" \/>\n<meta property=\"article:published_time\" content=\"2025-01-06T13:42:10+00:00\" \/>\n<meta name=\"twitter:card\" content=\"summary_large_image\" \/>\n<meta name=\"twitter:label1\" content=\"\u041f\u0440\u0438\u043c\u0435\u0440\u043d\u043e\u0435 \u0432\u0440\u0435\u043c\u044f \u0434\u043b\u044f \u0447\u0442\u0435\u043d\u0438\u044f\" \/>\n\t<meta name=\"twitter:data1\" content=\"1 \u043c\u0438\u043d\u0443\u0442\u0430\" \/>\n<script type=\"application\/ld+json\" class=\"yoast-schema-graph\">{\"@context\":\"https:\/\/schema.org\",\"@graph\":[{\"@type\":\"Article\",\"@id\":\"http:\/\/denizcankizil.tr\/ru\/haberler\/gundem\/holdenin-kulkedileri-bursada\/#article\",\"isPartOf\":{\"@id\":\"http:\/\/denizcankizil.tr\/ru\/haberler\/gundem\/holdenin-kulkedileri-bursada\/\"},\"author\":{\"name\":\"\",\"@id\":\"\"},\"headline\":\"&#8216;Holden\u2019in K\u00fclkedileri&#8217; Bursa&#8217;da\",\"datePublished\":\"2025-01-06T13:42:10+00:00\",\"mainEntityOfPage\":{\"@id\":\"http:\/\/denizcankizil.tr\/ru\/haberler\/gundem\/holdenin-kulkedileri-bursada\/\"},\"wordCount\":246,\"commentCount\":0,\"publisher\":{\"@id\":\"https:\/\/denizcankizil.tr\/#organization\"},\"articleSection\":[\"G\u00fcndem\",\"Uncategorized\"],\"inLanguage\":\"ru-RU\",\"potentialAction\":[{\"@type\":\"CommentAction\",\"name\":\"Comment\",\"target\":[\"http:\/\/denizcankizil.tr\/ru\/haberler\/gundem\/holdenin-kulkedileri-bursada\/#respond\"]}]},{\"@type\":\"WebPage\",\"@id\":\"http:\/\/denizcankizil.tr\/ru\/haberler\/gundem\/holdenin-kulkedileri-bursada\/\",\"url\":\"http:\/\/denizcankizil.tr\/ru\/haberler\/gundem\/holdenin-kulkedileri-bursada\/\",\"name\":\"'Holden\u2019in K\u00fclkedileri' Bursa'da - Av. Deniz Can K\u0131z\u0131l\",\"isPartOf\":{\"@id\":\"https:\/\/denizcankizil.tr\/#website\"},\"datePublished\":\"2025-01-06T13:42:10+00:00\",\"breadcrumb\":{\"@id\":\"http:\/\/denizcankizil.tr\/ru\/haberler\/gundem\/holdenin-kulkedileri-bursada\/#breadcrumb\"},\"inLanguage\":\"ru-RU\",\"potentialAction\":[{\"@type\":\"ReadAction\",\"target\":[\"http:\/\/denizcankizil.tr\/ru\/haberler\/gundem\/holdenin-kulkedileri-bursada\/\"]}]},{\"@type\":\"BreadcrumbList\",\"@id\":\"http:\/\/denizcankizil.tr\/ru\/haberler\/gundem\/holdenin-kulkedileri-bursada\/#breadcrumb\",\"itemListElement\":[{\"@type\":\"ListItem\",\"position\":1,\"name\":\"Home\",\"item\":\"https:\/\/denizcankizil.tr\/de\/\"},{\"@type\":\"ListItem\",\"position\":2,\"name\":\"&#8216;Holden\u2019in K\u00fclkedileri&#8217; Bursa&#8217;da\"}]},{\"@type\":\"WebSite\",\"@id\":\"https:\/\/denizcankizil.tr\/#website\",\"url\":\"https:\/\/denizcankizil.tr\/\",\"name\":\"Av. Deniz Can K\u0131z\u0131l\",\"description\":\"Avukat Deniz Can K\u0131z\u0131l Antalya Barosu\",\"publisher\":{\"@id\":\"https:\/\/denizcankizil.tr\/#organization\"},\"potentialAction\":[{\"@type\":\"SearchAction\",\"target\":{\"@type\":\"EntryPoint\",\"urlTemplate\":\"https:\/\/denizcankizil.tr\/?s={search_term_string}\"},\"query-input\":{\"@type\":\"PropertyValueSpecification\",\"valueRequired\":true,\"valueName\":\"search_term_string\"}}],\"inLanguage\":\"ru-RU\"},{\"@type\":\"Organization\",\"@id\":\"https:\/\/denizcankizil.tr\/#organization\",\"name\":\"Av. Deniz Can K\u0131z\u0131l\",\"url\":\"https:\/\/denizcankizil.tr\/\",\"logo\":{\"@type\":\"ImageObject\",\"inLanguage\":\"ru-RU\",\"@id\":\"https:\/\/denizcankizil.tr\/#\/schema\/logo\/image\/\",\"url\":\"http:\/\/denizcankizil.tr\/wp-content\/uploads\/2024\/10\/siyah-logo-svg.svg\",\"contentUrl\":\"http:\/\/denizcankizil.tr\/wp-content\/uploads\/2024\/10\/siyah-logo-svg.svg\",\"width\":1080,\"height\":1080,\"caption\":\"Av. Deniz Can K\u0131z\u0131l\"},\"image\":{\"@id\":\"https:\/\/denizcankizil.tr\/#\/schema\/logo\/image\/\"}}]}<\/script>\n<!-- \/ Yoast SEO Premium plugin. -->","yoast_head_json":{"title":"'Holden\u2019in K\u00fclkedileri' Bursa'da - Av. Deniz Can K\u0131z\u0131l","robots":{"index":"index","follow":"follow","max-snippet":"max-snippet:-1","max-image-preview":"max-image-preview:large","max-video-preview":"max-video-preview:-1"},"canonical":"http:\/\/denizcankizil.tr\/ru\/haberler\/gundem\/holdenin-kulkedileri-bursada\/","og_locale":"ru_RU","og_type":"article","og_title":"'Holden\u2019in K\u00fclkedileri' Bursa'da","og_description":"Ankara Devlet Tiyatrosu yap\u0131m\u0131 &#8220;Holden\u2019in K\u00fclkedileri&#8221;, 7-8-9-10 Ocak tarihlerinde Bursa Devlet Tiyatrosu AVP Sahnesinde saat 20.00\u2019de, 11 Ocak tarihinde saat 15.00 ve 20.00\u2019de izleyicilerle bulu\u015facak.BURSA (\u0130GFA) &#8211;\u00a0Abdullah \u00d6zt\u00fcrk\u2019\u00fcn yazd\u0131\u011f\u0131, Aclan B\u00fcy\u00fckt\u00fcrko\u011flu\u2019nun y\u00f6netti\u011fi oyunda; K\u0131van\u00e7 Demirci, Beg\u00fcm Sarp ve Ya\u011fmur Evin rol al\u0131yorlar. Ya\u015fam\u0131n, zorluklar\u0131n ve bask\u0131lar\u0131n yaratt\u0131\u011f\u0131 travma sonucu kuklala\u015fan bir beden\u2026 Ruhunda ya\u015fad\u0131\u011f\u0131 ac\u0131lar\u0131, zihninde olu\u015fturdu\u011fu karakterlerle oyunlar oynayarak ifade eden bir adam. Kad\u0131nlar\u0131n, erkeklerin toplum i\u00e7inde kar\u015f\u0131la\u015ft\u0131klar\u0131 zorluklar\u0131 sembolik foto\u011fraflarla, \u015fark\u0131, dans ve g\u00f6ndermelerle anlatan bir oyun\u2026 \u00a0 \u200bAnkara Devlet Tiyatrosu yap\u0131m\u0131 &#8220;Holden\u2019in K\u00fclkedileri&#8221;, 7-8-9-10 Ocak tarihlerinde Bursa Devlet Tiyatrosu AVP Sahnesinde saat 20.00\u2019de, 11 Ocak tarihinde saat 15.00 ve 20.00\u2019de izleyicilerle bulu\u015facak.BURSA (\u0130GFA) &#8211;\u00a0Abdullah \u00d6zt\u00fcrk\u2019\u00fcn yazd\u0131\u011f\u0131, Aclan B\u00fcy\u00fckt\u00fcrko\u011flu\u2019nun y\u00f6netti\u011fi oyunda; K\u0131van\u00e7 Demirci, Beg\u00fcm Sarp ve Ya\u011fmur Evin rol al\u0131yorlar. Ya\u015fam\u0131n, zorluklar\u0131n ve bask\u0131lar\u0131n yaratt\u0131\u011f\u0131 travma sonucu kuklala\u015fan bir beden\u2026 Ruhunda ya\u015fad\u0131\u011f\u0131 ac\u0131lar\u0131, zihninde olu\u015fturdu\u011fu karakterlerle oyunlar oynayarak ifade eden bir adam. Kad\u0131nlar\u0131n, erkeklerin toplum i\u00e7inde kar\u015f\u0131la\u015ft\u0131klar\u0131 zorluklar\u0131 sembolik foto\u011fraflarla, \u015fark\u0131, dans ve g\u00f6ndermelerle anlatan bir oyun\u2026 \u00a0\u00a0 \u200bHaberin Al\u0131nt\u0131land\u0131\u011f\u0131 Kaynak: www.iskenderun.org","og_url":"http:\/\/denizcankizil.tr\/ru\/haberler\/gundem\/holdenin-kulkedileri-bursada\/","og_site_name":"Av. Deniz Can K\u0131z\u0131l","article_published_time":"2025-01-06T13:42:10+00:00","twitter_card":"summary_large_image","twitter_misc":{"\u041f\u0440\u0438\u043c\u0435\u0440\u043d\u043e\u0435 \u0432\u0440\u0435\u043c\u044f \u0434\u043b\u044f \u0447\u0442\u0435\u043d\u0438\u044f":"1 \u043c\u0438\u043d\u0443\u0442\u0430"},"schema":{"@context":"https:\/\/schema.org","@graph":[{"@type":"Article","@id":"http:\/\/denizcankizil.tr\/ru\/haberler\/gundem\/holdenin-kulkedileri-bursada\/#article","isPartOf":{"@id":"http:\/\/denizcankizil.tr\/ru\/haberler\/gundem\/holdenin-kulkedileri-bursada\/"},"author":{"name":"","@id":""},"headline":"&#8216;Holden\u2019in K\u00fclkedileri&#8217; Bursa&#8217;da","datePublished":"2025-01-06T13:42:10+00:00","mainEntityOfPage":{"@id":"http:\/\/denizcankizil.tr\/ru\/haberler\/gundem\/holdenin-kulkedileri-bursada\/"},"wordCount":246,"commentCount":0,"publisher":{"@id":"https:\/\/denizcankizil.tr\/#organization"},"articleSection":["G\u00fcndem","Uncategorized"],"inLanguage":"ru-RU","potentialAction":[{"@type":"CommentAction","name":"Comment","target":["http:\/\/denizcankizil.tr\/ru\/haberler\/gundem\/holdenin-kulkedileri-bursada\/#respond"]}]},{"@type":"WebPage","@id":"http:\/\/denizcankizil.tr\/ru\/haberler\/gundem\/holdenin-kulkedileri-bursada\/","url":"http:\/\/denizcankizil.tr\/ru\/haberler\/gundem\/holdenin-kulkedileri-bursada\/","name":"'Holden\u2019in K\u00fclkedileri' Bursa'da - Av. Deniz Can K\u0131z\u0131l","isPartOf":{"@id":"https:\/\/denizcankizil.tr\/#website"},"datePublished":"2025-01-06T13:42:10+00:00","breadcrumb":{"@id":"http:\/\/denizcankizil.tr\/ru\/haberler\/gundem\/holdenin-kulkedileri-bursada\/#breadcrumb"},"inLanguage":"ru-RU","potentialAction":[{"@type":"ReadAction","target":["http:\/\/denizcankizil.tr\/ru\/haberler\/gundem\/holdenin-kulkedileri-bursada\/"]}]},{"@type":"BreadcrumbList","@id":"http:\/\/denizcankizil.tr\/ru\/haberler\/gundem\/holdenin-kulkedileri-bursada\/#breadcrumb","itemListElement":[{"@type":"ListItem","position":1,"name":"Home","item":"https:\/\/denizcankizil.tr\/de\/"},{"@type":"ListItem","position":2,"name":"&#8216;Holden\u2019in K\u00fclkedileri&#8217; Bursa&#8217;da"}]},{"@type":"WebSite","@id":"https:\/\/denizcankizil.tr\/#website","url":"https:\/\/denizcankizil.tr\/","name":"Av. Deniz Can K\u0131z\u0131l","description":"Avukat Deniz Can K\u0131z\u0131l Antalya Barosu","publisher":{"@id":"https:\/\/denizcankizil.tr\/#organization"},"potentialAction":[{"@type":"SearchAction","target":{"@type":"EntryPoint","urlTemplate":"https:\/\/denizcankizil.tr\/?s={search_term_string}"},"query-input":{"@type":"PropertyValueSpecification","valueRequired":true,"valueName":"search_term_string"}}],"inLanguage":"ru-RU"},{"@type":"Organization","@id":"https:\/\/denizcankizil.tr\/#organization","name":"Av. Deniz Can K\u0131z\u0131l","url":"https:\/\/denizcankizil.tr\/","logo":{"@type":"ImageObject","inLanguage":"ru-RU","@id":"https:\/\/denizcankizil.tr\/#\/schema\/logo\/image\/","url":"http:\/\/denizcankizil.tr\/wp-content\/uploads\/2024\/10\/siyah-logo-svg.svg","contentUrl":"http:\/\/denizcankizil.tr\/wp-content\/uploads\/2024\/10\/siyah-logo-svg.svg","width":1080,"height":1080,"caption":"Av. Deniz Can K\u0131z\u0131l"},"image":{"@id":"https:\/\/denizcankizil.tr\/#\/schema\/logo\/image\/"}}]}},"_links":{"self":[{"href":"http:\/\/denizcankizil.tr\/ru\/wp-json\/wp\/v2\/posts\/24144","targetHints":{"allow":["GET"]}}],"collection":[{"href":"http:\/\/denizcankizil.tr\/ru\/wp-json\/wp\/v2\/posts"}],"about":[{"href":"http:\/\/denizcankizil.tr\/ru\/wp-json\/wp\/v2\/types\/post"}],"replies":[{"embeddable":true,"href":"http:\/\/denizcankizil.tr\/ru\/wp-json\/wp\/v2\/comments?post=24144"}],"version-history":[{"count":0,"href":"http:\/\/denizcankizil.tr\/ru\/wp-json\/wp\/v2\/posts\/24144\/revisions"}],"wp:attachment":[{"href":"http:\/\/denizcankizil.tr\/ru\/wp-json\/wp\/v2\/media?parent=24144"}],"wp:term":[{"taxonomy":"category","embeddable":true,"href":"http:\/\/denizcankizil.tr\/ru\/wp-json\/wp\/v2\/categories?post=24144"},{"taxonomy":"post_tag","embeddable":true,"href":"http:\/\/denizcankizil.tr\/ru\/wp-json\/wp\/v2\/tags?post=24144"}],"curies":[{"name":"wp","href":"https:\/\/api.w.org\/{rel}","templated":true}]}}