{"id":24126,"date":"2025-01-06T15:41:26","date_gmt":"2025-01-06T12:41:26","guid":{"rendered":"https:\/\/denizcankizil.tr\/uncategorized-tr\/otomobiliyle-falezlerden-dusen-gencin-arama-calismalari-devam-ediyor\/"},"modified":"2025-01-06T15:41:26","modified_gmt":"2025-01-06T12:41:26","slug":"otomobiliyle-falezlerden-dusen-gencin-arama-calismalari-devam-ediyor","status":"publish","type":"post","link":"http:\/\/denizcankizil.tr\/ru\/haberler\/antalya\/otomobiliyle-falezlerden-dusen-gencin-arama-calismalari-devam-ediyor\/","title":{"rendered":"Otomobiliyle falezlerden d\u00fc\u015fen gencin arama \u00e7al\u0131\u015fmalar\u0131 devam ediyor"},"content":{"rendered":"<p>25 Aral\u0131k 2024 tarihinde Antalya&#8217;n\u0131n Muratpa\u015fa il\u00e7esi \u015eirinyal\u0131 Mahallesi&#8217;nde meydana gelen olayda 34 CHK 531 plakal\u0131 arac\u0131 ile Eski Lara Caddesi&#8217;nde bulunan Mobil Halk Plaj\u0131&#8217;na gelen Engin \u015eeker, bir s\u00fcre burada bekledikten arac\u0131 ile birlikte yakla\u015f\u0131k 30 metrelik falezlerden denize d\u00fc\u015fm\u00fc\u015ft\u00fc. \u0130hbarla olay yerine \u00e7ok say\u0131da itfaiye, polis, AFAD ve Sahil G\u00fcvenlik ekibi sevk edilirken, \u015fiddetli ya\u011f\u0131\u015f ve f\u0131rt\u0131na ekiplerin arama \u00e7al\u0131\u015fmalar\u0131n\u0131 g\u00fc\u00e7le\u015ftirmi\u015fti.<\/p>\n<p>Polis ekipleri her ihtimali de\u011ferlendiriyor<br \/>\n\u0130ki g\u00fcn s\u00fcren aramalar\u0131n sonunda Engin \u015eeker&#8217;e ait otomobil Antalya Emniyeti Deniz Liman \u015eube M\u00fcd\u00fcrl\u00fc\u011f\u00fc&#8217;ne ba\u011fl\u0131 ekipler taraf\u0131ndan bulunarak vin\u00e7 yard\u0131m\u0131yla bulundu\u011fu yerden \u00e7\u0131kart\u0131l\u0131rken ara\u00e7 i\u00e7erisinde gence ait her hangi bir ize rastlanmam\u0131\u015ft\u0131. Yat Liman\u0131&#8217;na g\u00f6t\u00fcr\u00fclen otomobilde Olay Yeri \u0130nceleme ekipleri taraf\u0131ndan \u00e7al\u0131\u015fma yap\u0131l\u0131rken, \u015eeker&#8217;in ara\u00e7 i\u00e7erisinde bulunmamas\u0131 nedeniyle her ihtimali de\u011ferlendiren Antalya Emniyet M\u00fcd\u00fcrl\u00fc\u011f\u00fc Asayi\u015f \u015eube M\u00fcd\u00fcrl\u00fc\u011f\u00fc Cinayet B\u00fcro Amirli\u011fi ekipleri de \u00e7evredeki i\u015fyerlerinin g\u00fcvenlik kameralar\u0131n\u0131 incelemeye ald\u0131.<\/p>\n<p>Su alt\u0131 ma\u011faralar\u0131nda arama yap\u0131ld\u0131<br \/>\nAradan ge\u00e7en 13 g\u00fcnde aile o\u011fullar\u0131n\u0131n bulunmas\u0131 i\u00e7in olay yerinde beklerken Deniz Polisi, AFAD ve Sahil G\u00fcvenlik ekipleri de arama \u00e7al\u0131\u015fmalar\u0131n\u0131 s\u00fcrd\u00fcr\u00fcyor. Bug\u00fcn sabah saatlerinde olay\u0131n ya\u015fand\u0131\u011f\u0131 b\u00f6lgede Engin \u015eeker&#8217;e ait bir iz aramaya ba\u015flayan Deniz Polisi sualt\u0131 ma\u011faralar\u0131nda dal\u0131\u015f ger\u00e7ekle\u015ftirdi. AFAD ekipleri de termal g\u00f6r\u00fcnt\u00fcleme ve geli\u015fmi\u015f zoom \u00f6zelli\u011fi bulunan dron ile geni\u015f \u00e7apl\u0131 arama yapt\u0131. Engin \u015eeker&#8217;in babas\u0131 Hac\u0131 Veli \u015eeker&#8217;de ekiplerin arama \u00e7al\u0131\u015fmalar\u0131n\u0131 o\u011flundan gelecek bir haberle umutla takip etti.<\/p>\n<p>Kaynak: www.kanalv.com.tr Haber Sitesinden Al\u0131nm\u0131\u015ft\u0131r.<\/p>","protected":false},"excerpt":{"rendered":"<p>25 Aral\u0131k 2024 tarihinde Antalya&#8217;n\u0131n Muratpa\u015fa il\u00e7esi \u015eirinyal\u0131 Mahallesi&#8217;nde meydana gelen olayda 34 CHK 531 plakal\u0131 arac\u0131 ile Eski Lara Caddesi&#8217;nde bulunan Mobil Halk Plaj\u0131&#8217;na gelen Engin \u015eeker, bir s\u00fcre burada bekledikten arac\u0131 ile birlikte yakla\u015f\u0131k 30 metrelik falezlerden denize d\u00fc\u015fm\u00fc\u015ft\u00fc. \u0130hbarla olay yerine \u00e7ok say\u0131da itfaiye, polis, AFAD ve Sahil G\u00fcvenlik ekibi sevk edilirken, \u015fiddetli ya\u011f\u0131\u015f ve f\u0131rt\u0131na ekiplerin arama \u00e7al\u0131\u015fmalar\u0131n\u0131 g\u00fc\u00e7le\u015ftirmi\u015fti. Polis ekipleri her ihtimali de\u011ferlendiriyor \u0130ki g\u00fcn s\u00fcren aramalar\u0131n sonunda Engin \u015eeker&#8217;e ait otomobil Antalya Emniyeti Deniz Liman \u015eube M\u00fcd\u00fcrl\u00fc\u011f\u00fc&#8217;ne ba\u011fl\u0131 ekipler taraf\u0131ndan bulunarak vin\u00e7 yard\u0131m\u0131yla bulundu\u011fu yerden \u00e7\u0131kart\u0131l\u0131rken ara\u00e7 i\u00e7erisinde gence ait her hangi bir ize rastlanmam\u0131\u015ft\u0131. Yat Liman\u0131&#8217;na g\u00f6t\u00fcr\u00fclen otomobilde Olay Yeri \u0130nceleme ekipleri taraf\u0131ndan \u00e7al\u0131\u015fma yap\u0131l\u0131rken, \u015eeker&#8217;in ara\u00e7 i\u00e7erisinde bulunmamas\u0131 nedeniyle her ihtimali de\u011ferlendiren Antalya Emniyet M\u00fcd\u00fcrl\u00fc\u011f\u00fc Asayi\u015f \u015eube M\u00fcd\u00fcrl\u00fc\u011f\u00fc Cinayet B\u00fcro Amirli\u011fi ekipleri de \u00e7evredeki i\u015fyerlerinin g\u00fcvenlik kameralar\u0131n\u0131 incelemeye ald\u0131. Su alt\u0131 ma\u011faralar\u0131nda arama yap\u0131ld\u0131 Aradan ge\u00e7en 13 g\u00fcnde aile o\u011fullar\u0131n\u0131n bulunmas\u0131 i\u00e7in olay yerinde beklerken Deniz Polisi, AFAD ve Sahil G\u00fcvenlik ekipleri de arama \u00e7al\u0131\u015fmalar\u0131n\u0131 s\u00fcrd\u00fcr\u00fcyor. Bug\u00fcn sabah saatlerinde olay\u0131n ya\u015fand\u0131\u011f\u0131 b\u00f6lgede Engin \u015eeker&#8217;e ait bir iz aramaya ba\u015flayan Deniz Polisi sualt\u0131 ma\u011faralar\u0131nda dal\u0131\u015f ger\u00e7ekle\u015ftirdi. AFAD ekipleri de termal g\u00f6r\u00fcnt\u00fcleme ve geli\u015fmi\u015f zoom \u00f6zelli\u011fi bulunan dron ile geni\u015f \u00e7apl\u0131 arama yapt\u0131. Engin &hellip;<\/p>","protected":false},"author":0,"featured_media":24127,"comment_status":"open","ping_status":"open","sticky":false,"template":"","format":"standard","meta":{"_acf_changed":false,"footnotes":""},"categories":[26,535],"tags":[],"class_list":["post-24126","post","type-post","status-publish","format-standard","has-post-thumbnail","hentry","category-antalya","category-uncategorized-tr"],"acf":[],"yoast_head":"<!-- This site is optimized with the Yoast SEO Premium plugin v26.6 (Yoast SEO v27.1.1) - https:\/\/yoast.com\/product\/yoast-seo-premium-wordpress\/ -->\n<title>Otomobiliyle falezlerden d\u00fc\u015fen gencin arama \u00e7al\u0131\u015fmalar\u0131 devam ediyor - Av. Deniz Can K\u0131z\u0131l<\/title>\n<meta name=\"robots\" content=\"index, follow, max-snippet:-1, max-image-preview:large, max-video-preview:-1\" \/>\n<link rel=\"canonical\" href=\"http:\/\/denizcankizil.tr\/ru\/haberler\/antalya\/otomobiliyle-falezlerden-dusen-gencin-arama-calismalari-devam-ediyor\/\" \/>\n<meta property=\"og:locale\" content=\"ru_RU\" \/>\n<meta property=\"og:type\" content=\"article\" \/>\n<meta property=\"og:title\" content=\"Otomobiliyle falezlerden d\u00fc\u015fen gencin arama \u00e7al\u0131\u015fmalar\u0131 devam ediyor\" \/>\n<meta property=\"og:description\" content=\"25 Aral\u0131k 2024 tarihinde Antalya&#8217;n\u0131n Muratpa\u015fa il\u00e7esi \u015eirinyal\u0131 Mahallesi&#8217;nde meydana gelen olayda 34 CHK 531 plakal\u0131 arac\u0131 ile Eski Lara Caddesi&#8217;nde bulunan Mobil Halk Plaj\u0131&#8217;na gelen Engin \u015eeker, bir s\u00fcre burada bekledikten arac\u0131 ile birlikte yakla\u015f\u0131k 30 metrelik falezlerden denize d\u00fc\u015fm\u00fc\u015ft\u00fc. \u0130hbarla olay yerine \u00e7ok say\u0131da itfaiye, polis, AFAD ve Sahil G\u00fcvenlik ekibi sevk edilirken, \u015fiddetli ya\u011f\u0131\u015f ve f\u0131rt\u0131na ekiplerin arama \u00e7al\u0131\u015fmalar\u0131n\u0131 g\u00fc\u00e7le\u015ftirmi\u015fti. Polis ekipleri her ihtimali de\u011ferlendiriyor \u0130ki g\u00fcn s\u00fcren aramalar\u0131n sonunda Engin \u015eeker&#8217;e ait otomobil Antalya Emniyeti Deniz Liman \u015eube M\u00fcd\u00fcrl\u00fc\u011f\u00fc&#8217;ne ba\u011fl\u0131 ekipler taraf\u0131ndan bulunarak vin\u00e7 yard\u0131m\u0131yla bulundu\u011fu yerden \u00e7\u0131kart\u0131l\u0131rken ara\u00e7 i\u00e7erisinde gence ait her hangi bir ize rastlanmam\u0131\u015ft\u0131. Yat Liman\u0131&#8217;na g\u00f6t\u00fcr\u00fclen otomobilde Olay Yeri \u0130nceleme ekipleri taraf\u0131ndan \u00e7al\u0131\u015fma yap\u0131l\u0131rken, \u015eeker&#8217;in ara\u00e7 i\u00e7erisinde bulunmamas\u0131 nedeniyle her ihtimali de\u011ferlendiren Antalya Emniyet M\u00fcd\u00fcrl\u00fc\u011f\u00fc Asayi\u015f \u015eube M\u00fcd\u00fcrl\u00fc\u011f\u00fc Cinayet B\u00fcro Amirli\u011fi ekipleri de \u00e7evredeki i\u015fyerlerinin g\u00fcvenlik kameralar\u0131n\u0131 incelemeye ald\u0131. Su alt\u0131 ma\u011faralar\u0131nda arama yap\u0131ld\u0131 Aradan ge\u00e7en 13 g\u00fcnde aile o\u011fullar\u0131n\u0131n bulunmas\u0131 i\u00e7in olay yerinde beklerken Deniz Polisi, AFAD ve Sahil G\u00fcvenlik ekipleri de arama \u00e7al\u0131\u015fmalar\u0131n\u0131 s\u00fcrd\u00fcr\u00fcyor. Bug\u00fcn sabah saatlerinde olay\u0131n ya\u015fand\u0131\u011f\u0131 b\u00f6lgede Engin \u015eeker&#8217;e ait bir iz aramaya ba\u015flayan Deniz Polisi sualt\u0131 ma\u011faralar\u0131nda dal\u0131\u015f ger\u00e7ekle\u015ftirdi. AFAD ekipleri de termal g\u00f6r\u00fcnt\u00fcleme ve geli\u015fmi\u015f zoom \u00f6zelli\u011fi bulunan dron ile geni\u015f \u00e7apl\u0131 arama yapt\u0131. Engin &hellip;\" \/>\n<meta property=\"og:url\" content=\"http:\/\/denizcankizil.tr\/ru\/haberler\/antalya\/otomobiliyle-falezlerden-dusen-gencin-arama-calismalari-devam-ediyor\/\" \/>\n<meta property=\"og:site_name\" content=\"Av. Deniz Can K\u0131z\u0131l\" \/>\n<meta property=\"article:published_time\" content=\"2025-01-06T12:41:26+00:00\" \/>\n<meta property=\"og:image\" content=\"http:\/\/denizcankizil.tr\/wp-content\/uploads\/2025\/01\/4028-01-PB1GTS.jpeg\" \/>\n\t<meta property=\"og:image:width\" content=\"1280\" \/>\n\t<meta property=\"og:image:height\" content=\"720\" \/>\n\t<meta property=\"og:image:type\" content=\"image\/jpeg\" \/>\n<meta name=\"twitter:card\" content=\"summary_large_image\" \/>\n<meta name=\"twitter:label1\" content=\"\u041f\u0440\u0438\u043c\u0435\u0440\u043d\u043e\u0435 \u0432\u0440\u0435\u043c\u044f \u0434\u043b\u044f \u0447\u0442\u0435\u043d\u0438\u044f\" \/>\n\t<meta name=\"twitter:data1\" content=\"2 \u043c\u0438\u043d\u0443\u0442\u044b\" \/>\n<script type=\"application\/ld+json\" class=\"yoast-schema-graph\">{\"@context\":\"https:\/\/schema.org\",\"@graph\":[{\"@type\":\"Article\",\"@id\":\"http:\/\/denizcankizil.tr\/ru\/haberler\/antalya\/otomobiliyle-falezlerden-dusen-gencin-arama-calismalari-devam-ediyor\/#article\",\"isPartOf\":{\"@id\":\"http:\/\/denizcankizil.tr\/ru\/haberler\/antalya\/otomobiliyle-falezlerden-dusen-gencin-arama-calismalari-devam-ediyor\/\"},\"author\":{\"name\":\"\",\"@id\":\"\"},\"headline\":\"Otomobiliyle falezlerden d\u00fc\u015fen gencin arama \u00e7al\u0131\u015fmalar\u0131 devam ediyor\",\"datePublished\":\"2025-01-06T12:41:26+00:00\",\"mainEntityOfPage\":{\"@id\":\"http:\/\/denizcankizil.tr\/ru\/haberler\/antalya\/otomobiliyle-falezlerden-dusen-gencin-arama-calismalari-devam-ediyor\/\"},\"wordCount\":323,\"commentCount\":0,\"publisher\":{\"@id\":\"https:\/\/denizcankizil.tr\/de\/#organization\"},\"image\":{\"@id\":\"http:\/\/denizcankizil.tr\/ru\/haberler\/antalya\/otomobiliyle-falezlerden-dusen-gencin-arama-calismalari-devam-ediyor\/#primaryimage\"},\"thumbnailUrl\":\"http:\/\/denizcankizil.tr\/wp-content\/uploads\/2025\/01\/4028-01-PB1GTS.jpeg\",\"articleSection\":[\"Antalya\",\"Uncategorized\"],\"inLanguage\":\"ru-RU\",\"potentialAction\":[{\"@type\":\"CommentAction\",\"name\":\"Comment\",\"target\":[\"http:\/\/denizcankizil.tr\/ru\/haberler\/antalya\/otomobiliyle-falezlerden-dusen-gencin-arama-calismalari-devam-ediyor\/#respond\"]}]},{\"@type\":\"WebPage\",\"@id\":\"http:\/\/denizcankizil.tr\/ru\/haberler\/antalya\/otomobiliyle-falezlerden-dusen-gencin-arama-calismalari-devam-ediyor\/\",\"url\":\"http:\/\/denizcankizil.tr\/ru\/haberler\/antalya\/otomobiliyle-falezlerden-dusen-gencin-arama-calismalari-devam-ediyor\/\",\"name\":\"Otomobiliyle falezlerden d\u00fc\u015fen gencin arama \u00e7al\u0131\u015fmalar\u0131 devam ediyor - Av. Deniz Can K\u0131z\u0131l\",\"isPartOf\":{\"@id\":\"https:\/\/denizcankizil.tr\/de\/#website\"},\"primaryImageOfPage\":{\"@id\":\"http:\/\/denizcankizil.tr\/ru\/haberler\/antalya\/otomobiliyle-falezlerden-dusen-gencin-arama-calismalari-devam-ediyor\/#primaryimage\"},\"image\":{\"@id\":\"http:\/\/denizcankizil.tr\/ru\/haberler\/antalya\/otomobiliyle-falezlerden-dusen-gencin-arama-calismalari-devam-ediyor\/#primaryimage\"},\"thumbnailUrl\":\"http:\/\/denizcankizil.tr\/wp-content\/uploads\/2025\/01\/4028-01-PB1GTS.jpeg\",\"datePublished\":\"2025-01-06T12:41:26+00:00\",\"breadcrumb\":{\"@id\":\"http:\/\/denizcankizil.tr\/ru\/haberler\/antalya\/otomobiliyle-falezlerden-dusen-gencin-arama-calismalari-devam-ediyor\/#breadcrumb\"},\"inLanguage\":\"ru-RU\",\"potentialAction\":[{\"@type\":\"ReadAction\",\"target\":[\"http:\/\/denizcankizil.tr\/ru\/haberler\/antalya\/otomobiliyle-falezlerden-dusen-gencin-arama-calismalari-devam-ediyor\/\"]}]},{\"@type\":\"ImageObject\",\"inLanguage\":\"ru-RU\",\"@id\":\"http:\/\/denizcankizil.tr\/ru\/haberler\/antalya\/otomobiliyle-falezlerden-dusen-gencin-arama-calismalari-devam-ediyor\/#primaryimage\",\"url\":\"http:\/\/denizcankizil.tr\/wp-content\/uploads\/2025\/01\/4028-01-PB1GTS.jpeg\",\"contentUrl\":\"http:\/\/denizcankizil.tr\/wp-content\/uploads\/2025\/01\/4028-01-PB1GTS.jpeg\",\"width\":1280,\"height\":720},{\"@type\":\"BreadcrumbList\",\"@id\":\"http:\/\/denizcankizil.tr\/ru\/haberler\/antalya\/otomobiliyle-falezlerden-dusen-gencin-arama-calismalari-devam-ediyor\/#breadcrumb\",\"itemListElement\":[{\"@type\":\"ListItem\",\"position\":1,\"name\":\"Home\",\"item\":\"https:\/\/denizcankizil.tr\/de\/\"},{\"@type\":\"ListItem\",\"position\":2,\"name\":\"Otomobiliyle falezlerden d\u00fc\u015fen gencin arama \u00e7al\u0131\u015fmalar\u0131 devam ediyor\"}]},{\"@type\":\"WebSite\",\"@id\":\"https:\/\/denizcankizil.tr\/de\/#website\",\"url\":\"https:\/\/denizcankizil.tr\/de\/\",\"name\":\"Av. Deniz Can K\u0131z\u0131l\",\"description\":\"Avukat Deniz Can K\u0131z\u0131l Antalya Barosu\",\"publisher\":{\"@id\":\"https:\/\/denizcankizil.tr\/de\/#organization\"},\"potentialAction\":[{\"@type\":\"SearchAction\",\"target\":{\"@type\":\"EntryPoint\",\"urlTemplate\":\"https:\/\/denizcankizil.tr\/de\/?s={search_term_string}\"},\"query-input\":{\"@type\":\"PropertyValueSpecification\",\"valueRequired\":true,\"valueName\":\"search_term_string\"}}],\"inLanguage\":\"ru-RU\"},{\"@type\":\"Organization\",\"@id\":\"https:\/\/denizcankizil.tr\/de\/#organization\",\"name\":\"Av. Deniz Can K\u0131z\u0131l\",\"url\":\"https:\/\/denizcankizil.tr\/de\/\",\"logo\":{\"@type\":\"ImageObject\",\"inLanguage\":\"ru-RU\",\"@id\":\"https:\/\/denizcankizil.tr\/de\/#\/schema\/logo\/image\/\",\"url\":\"http:\/\/denizcankizil.tr\/wp-content\/uploads\/2024\/10\/siyah-logo-svg.svg\",\"contentUrl\":\"http:\/\/denizcankizil.tr\/wp-content\/uploads\/2024\/10\/siyah-logo-svg.svg\",\"width\":1080,\"height\":1080,\"caption\":\"Av. Deniz Can K\u0131z\u0131l\"},\"image\":{\"@id\":\"https:\/\/denizcankizil.tr\/de\/#\/schema\/logo\/image\/\"}}]}<\/script>\n<!-- \/ Yoast SEO Premium plugin. -->","yoast_head_json":{"title":"Otomobiliyle falezlerden d\u00fc\u015fen gencin arama \u00e7al\u0131\u015fmalar\u0131 devam ediyor - Av. Deniz Can K\u0131z\u0131l","robots":{"index":"index","follow":"follow","max-snippet":"max-snippet:-1","max-image-preview":"max-image-preview:large","max-video-preview":"max-video-preview:-1"},"canonical":"http:\/\/denizcankizil.tr\/ru\/haberler\/antalya\/otomobiliyle-falezlerden-dusen-gencin-arama-calismalari-devam-ediyor\/","og_locale":"ru_RU","og_type":"article","og_title":"Otomobiliyle falezlerden d\u00fc\u015fen gencin arama \u00e7al\u0131\u015fmalar\u0131 devam ediyor","og_description":"25 Aral\u0131k 2024 tarihinde Antalya&#8217;n\u0131n Muratpa\u015fa il\u00e7esi \u015eirinyal\u0131 Mahallesi&#8217;nde meydana gelen olayda 34 CHK 531 plakal\u0131 arac\u0131 ile Eski Lara Caddesi&#8217;nde bulunan Mobil Halk Plaj\u0131&#8217;na gelen Engin \u015eeker, bir s\u00fcre burada bekledikten arac\u0131 ile birlikte yakla\u015f\u0131k 30 metrelik falezlerden denize d\u00fc\u015fm\u00fc\u015ft\u00fc. \u0130hbarla olay yerine \u00e7ok say\u0131da itfaiye, polis, AFAD ve Sahil G\u00fcvenlik ekibi sevk edilirken, \u015fiddetli ya\u011f\u0131\u015f ve f\u0131rt\u0131na ekiplerin arama \u00e7al\u0131\u015fmalar\u0131n\u0131 g\u00fc\u00e7le\u015ftirmi\u015fti. Polis ekipleri her ihtimali de\u011ferlendiriyor \u0130ki g\u00fcn s\u00fcren aramalar\u0131n sonunda Engin \u015eeker&#8217;e ait otomobil Antalya Emniyeti Deniz Liman \u015eube M\u00fcd\u00fcrl\u00fc\u011f\u00fc&#8217;ne ba\u011fl\u0131 ekipler taraf\u0131ndan bulunarak vin\u00e7 yard\u0131m\u0131yla bulundu\u011fu yerden \u00e7\u0131kart\u0131l\u0131rken ara\u00e7 i\u00e7erisinde gence ait her hangi bir ize rastlanmam\u0131\u015ft\u0131. Yat Liman\u0131&#8217;na g\u00f6t\u00fcr\u00fclen otomobilde Olay Yeri \u0130nceleme ekipleri taraf\u0131ndan \u00e7al\u0131\u015fma yap\u0131l\u0131rken, \u015eeker&#8217;in ara\u00e7 i\u00e7erisinde bulunmamas\u0131 nedeniyle her ihtimali de\u011ferlendiren Antalya Emniyet M\u00fcd\u00fcrl\u00fc\u011f\u00fc Asayi\u015f \u015eube M\u00fcd\u00fcrl\u00fc\u011f\u00fc Cinayet B\u00fcro Amirli\u011fi ekipleri de \u00e7evredeki i\u015fyerlerinin g\u00fcvenlik kameralar\u0131n\u0131 incelemeye ald\u0131. Su alt\u0131 ma\u011faralar\u0131nda arama yap\u0131ld\u0131 Aradan ge\u00e7en 13 g\u00fcnde aile o\u011fullar\u0131n\u0131n bulunmas\u0131 i\u00e7in olay yerinde beklerken Deniz Polisi, AFAD ve Sahil G\u00fcvenlik ekipleri de arama \u00e7al\u0131\u015fmalar\u0131n\u0131 s\u00fcrd\u00fcr\u00fcyor. Bug\u00fcn sabah saatlerinde olay\u0131n ya\u015fand\u0131\u011f\u0131 b\u00f6lgede Engin \u015eeker&#8217;e ait bir iz aramaya ba\u015flayan Deniz Polisi sualt\u0131 ma\u011faralar\u0131nda dal\u0131\u015f ger\u00e7ekle\u015ftirdi. AFAD ekipleri de termal g\u00f6r\u00fcnt\u00fcleme ve geli\u015fmi\u015f zoom \u00f6zelli\u011fi bulunan dron ile geni\u015f \u00e7apl\u0131 arama yapt\u0131. Engin &hellip;","og_url":"http:\/\/denizcankizil.tr\/ru\/haberler\/antalya\/otomobiliyle-falezlerden-dusen-gencin-arama-calismalari-devam-ediyor\/","og_site_name":"Av. Deniz Can K\u0131z\u0131l","article_published_time":"2025-01-06T12:41:26+00:00","og_image":[{"width":1280,"height":720,"url":"http:\/\/denizcankizil.tr\/wp-content\/uploads\/2025\/01\/4028-01-PB1GTS.jpeg","type":"image\/jpeg"}],"twitter_card":"summary_large_image","twitter_misc":{"\u041f\u0440\u0438\u043c\u0435\u0440\u043d\u043e\u0435 \u0432\u0440\u0435\u043c\u044f \u0434\u043b\u044f \u0447\u0442\u0435\u043d\u0438\u044f":"2 \u043c\u0438\u043d\u0443\u0442\u044b"},"schema":{"@context":"https:\/\/schema.org","@graph":[{"@type":"Article","@id":"http:\/\/denizcankizil.tr\/ru\/haberler\/antalya\/otomobiliyle-falezlerden-dusen-gencin-arama-calismalari-devam-ediyor\/#article","isPartOf":{"@id":"http:\/\/denizcankizil.tr\/ru\/haberler\/antalya\/otomobiliyle-falezlerden-dusen-gencin-arama-calismalari-devam-ediyor\/"},"author":{"name":"","@id":""},"headline":"Otomobiliyle falezlerden d\u00fc\u015fen gencin arama \u00e7al\u0131\u015fmalar\u0131 devam ediyor","datePublished":"2025-01-06T12:41:26+00:00","mainEntityOfPage":{"@id":"http:\/\/denizcankizil.tr\/ru\/haberler\/antalya\/otomobiliyle-falezlerden-dusen-gencin-arama-calismalari-devam-ediyor\/"},"wordCount":323,"commentCount":0,"publisher":{"@id":"https:\/\/denizcankizil.tr\/de\/#organization"},"image":{"@id":"http:\/\/denizcankizil.tr\/ru\/haberler\/antalya\/otomobiliyle-falezlerden-dusen-gencin-arama-calismalari-devam-ediyor\/#primaryimage"},"thumbnailUrl":"http:\/\/denizcankizil.tr\/wp-content\/uploads\/2025\/01\/4028-01-PB1GTS.jpeg","articleSection":["Antalya","Uncategorized"],"inLanguage":"ru-RU","potentialAction":[{"@type":"CommentAction","name":"Comment","target":["http:\/\/denizcankizil.tr\/ru\/haberler\/antalya\/otomobiliyle-falezlerden-dusen-gencin-arama-calismalari-devam-ediyor\/#respond"]}]},{"@type":"WebPage","@id":"http:\/\/denizcankizil.tr\/ru\/haberler\/antalya\/otomobiliyle-falezlerden-dusen-gencin-arama-calismalari-devam-ediyor\/","url":"http:\/\/denizcankizil.tr\/ru\/haberler\/antalya\/otomobiliyle-falezlerden-dusen-gencin-arama-calismalari-devam-ediyor\/","name":"Otomobiliyle falezlerden d\u00fc\u015fen gencin arama \u00e7al\u0131\u015fmalar\u0131 devam ediyor - Av. Deniz Can K\u0131z\u0131l","isPartOf":{"@id":"https:\/\/denizcankizil.tr\/de\/#website"},"primaryImageOfPage":{"@id":"http:\/\/denizcankizil.tr\/ru\/haberler\/antalya\/otomobiliyle-falezlerden-dusen-gencin-arama-calismalari-devam-ediyor\/#primaryimage"},"image":{"@id":"http:\/\/denizcankizil.tr\/ru\/haberler\/antalya\/otomobiliyle-falezlerden-dusen-gencin-arama-calismalari-devam-ediyor\/#primaryimage"},"thumbnailUrl":"http:\/\/denizcankizil.tr\/wp-content\/uploads\/2025\/01\/4028-01-PB1GTS.jpeg","datePublished":"2025-01-06T12:41:26+00:00","breadcrumb":{"@id":"http:\/\/denizcankizil.tr\/ru\/haberler\/antalya\/otomobiliyle-falezlerden-dusen-gencin-arama-calismalari-devam-ediyor\/#breadcrumb"},"inLanguage":"ru-RU","potentialAction":[{"@type":"ReadAction","target":["http:\/\/denizcankizil.tr\/ru\/haberler\/antalya\/otomobiliyle-falezlerden-dusen-gencin-arama-calismalari-devam-ediyor\/"]}]},{"@type":"ImageObject","inLanguage":"ru-RU","@id":"http:\/\/denizcankizil.tr\/ru\/haberler\/antalya\/otomobiliyle-falezlerden-dusen-gencin-arama-calismalari-devam-ediyor\/#primaryimage","url":"http:\/\/denizcankizil.tr\/wp-content\/uploads\/2025\/01\/4028-01-PB1GTS.jpeg","contentUrl":"http:\/\/denizcankizil.tr\/wp-content\/uploads\/2025\/01\/4028-01-PB1GTS.jpeg","width":1280,"height":720},{"@type":"BreadcrumbList","@id":"http:\/\/denizcankizil.tr\/ru\/haberler\/antalya\/otomobiliyle-falezlerden-dusen-gencin-arama-calismalari-devam-ediyor\/#breadcrumb","itemListElement":[{"@type":"ListItem","position":1,"name":"Home","item":"https:\/\/denizcankizil.tr\/de\/"},{"@type":"ListItem","position":2,"name":"Otomobiliyle falezlerden d\u00fc\u015fen gencin arama \u00e7al\u0131\u015fmalar\u0131 devam ediyor"}]},{"@type":"WebSite","@id":"https:\/\/denizcankizil.tr\/de\/#website","url":"https:\/\/denizcankizil.tr\/de\/","name":"Av. Deniz Can K\u0131z\u0131l","description":"Avukat Deniz Can K\u0131z\u0131l Antalya Barosu","publisher":{"@id":"https:\/\/denizcankizil.tr\/de\/#organization"},"potentialAction":[{"@type":"SearchAction","target":{"@type":"EntryPoint","urlTemplate":"https:\/\/denizcankizil.tr\/de\/?s={search_term_string}"},"query-input":{"@type":"PropertyValueSpecification","valueRequired":true,"valueName":"search_term_string"}}],"inLanguage":"ru-RU"},{"@type":"Organization","@id":"https:\/\/denizcankizil.tr\/de\/#organization","name":"Av. Deniz Can K\u0131z\u0131l","url":"https:\/\/denizcankizil.tr\/de\/","logo":{"@type":"ImageObject","inLanguage":"ru-RU","@id":"https:\/\/denizcankizil.tr\/de\/#\/schema\/logo\/image\/","url":"http:\/\/denizcankizil.tr\/wp-content\/uploads\/2024\/10\/siyah-logo-svg.svg","contentUrl":"http:\/\/denizcankizil.tr\/wp-content\/uploads\/2024\/10\/siyah-logo-svg.svg","width":1080,"height":1080,"caption":"Av. Deniz Can K\u0131z\u0131l"},"image":{"@id":"https:\/\/denizcankizil.tr\/de\/#\/schema\/logo\/image\/"}}]}},"_links":{"self":[{"href":"http:\/\/denizcankizil.tr\/ru\/wp-json\/wp\/v2\/posts\/24126","targetHints":{"allow":["GET"]}}],"collection":[{"href":"http:\/\/denizcankizil.tr\/ru\/wp-json\/wp\/v2\/posts"}],"about":[{"href":"http:\/\/denizcankizil.tr\/ru\/wp-json\/wp\/v2\/types\/post"}],"replies":[{"embeddable":true,"href":"http:\/\/denizcankizil.tr\/ru\/wp-json\/wp\/v2\/comments?post=24126"}],"version-history":[{"count":0,"href":"http:\/\/denizcankizil.tr\/ru\/wp-json\/wp\/v2\/posts\/24126\/revisions"}],"wp:featuredmedia":[{"embeddable":true,"href":"http:\/\/denizcankizil.tr\/ru\/wp-json\/wp\/v2\/media\/24127"}],"wp:attachment":[{"href":"http:\/\/denizcankizil.tr\/ru\/wp-json\/wp\/v2\/media?parent=24126"}],"wp:term":[{"taxonomy":"category","embeddable":true,"href":"http:\/\/denizcankizil.tr\/ru\/wp-json\/wp\/v2\/categories?post=24126"},{"taxonomy":"post_tag","embeddable":true,"href":"http:\/\/denizcankizil.tr\/ru\/wp-json\/wp\/v2\/tags?post=24126"}],"curies":[{"name":"wp","href":"https:\/\/api.w.org\/{rel}","templated":true}]}}