{"id":23914,"date":"2025-01-05T11:41:15","date_gmt":"2025-01-05T08:41:15","guid":{"rendered":"https:\/\/denizcankizil.tr\/uncategorized-tr\/turk-fotografcinin-f-4-phantom-ucak-fotografi-2024un-en-iyisi-secildi\/"},"modified":"2025-01-05T11:41:15","modified_gmt":"2025-01-05T08:41:15","slug":"turk-fotografcinin-f-4-phantom-ucak-fotografi-2024un-en-iyisi-secildi","status":"publish","type":"post","link":"http:\/\/denizcankizil.tr\/ru\/haberler\/gundem\/turk-fotografcinin-f-4-phantom-ucak-fotografi-2024un-en-iyisi-secildi\/","title":{"rendered":"T\u00fcrk foto\u011fraf\u00e7\u0131n\u0131n F-4 Phantom u\u00e7ak foto\u011fraf\u0131 2024\u2019\u00fcn en iyisi se\u00e7ildi"},"content":{"rendered":"<p>NATO Hava Komutanl\u0131\u011f\u0131&#8217;n\u0131n 2024 y\u0131l\u0131na ait sava\u015f u\u00e7a\u011f\u0131 foto\u011fraflar\u0131n\u0131 i\u00e7eren yar\u0131\u015fmas\u0131nda T\u00fcrkiye&#8217;den havac\u0131l\u0131k foto\u011fraf\u00e7\u0131s\u0131 ve ara\u015ft\u0131rmac\u0131s\u0131 Cem Do\u011fut&#8217;un T\u00fcrk Hava Kuvvetleri&#8217;ne ait F-4 Phantom foto\u011fraf\u0131, 2024&#8217;\u00fcn en iyisi se\u00e7ildi.<\/p>\n<p>NATO FOTO\u011eRAF YARI\u015eMASI\u00a0<\/p>\n<p>NATO Hava Komutanl\u0131\u011f\u0131&#8217;n\u0131n resmi X hesab\u0131 \u00fczerinden her y\u0131l aral\u0131k ay\u0131 boyunca, o y\u0131l\u0131n sava\u015f u\u00e7aklar\u0131na ait en g\u00fczel hava foto\u011fraflar\u0131n\u0131n yer ald\u0131\u011f\u0131 yar\u0131\u015fmay\u0131, T\u00fcrkiye&#8217;den havac\u0131l\u0131k foto\u011fraf\u00e7\u0131s\u0131 ve ara\u015ft\u0131rmac\u0131s\u0131 Cem Do\u011fut, ikinci kez kazand\u0131. Ge\u00e7en y\u0131l Polonya Hava Kuvvetleri&#8217;ne ait F-16&#8217;lar\u0131n foto\u011fraf\u0131yla 2023&#8217;\u00fcn en iyi hava foto\u011fraf\u0131 \u00f6d\u00fcl\u00fcn\u00fc kazanan Cem Do\u011fut, bu y\u0131l yine birinci oldu.<\/p>\n<p>CEM DO\u011eUT B\u0130R\u0130NC\u0130 OLDU\u00a0<\/p>\n<p>4 foto\u011fraf\u00e7\u0131ya ait sava\u015f u\u00e7a\u011f\u0131 foto\u011fraflar\u0131n\u0131n finale kald\u0131\u011f\u0131 yar\u0131\u015fmada toplam 17 bin 63 oy kullan\u0131ld\u0131. Oylar\u0131n y\u00fczde 76,7&#8217;sini alan Cem Do\u011fut&#8217;un T\u00fcrk Hava Kuvvetleri&#8217;nin F-4 Phantom u\u00e7aklar\u0131n\u0131n 50&#8217;nci y\u0131l\u0131 dolay\u0131s\u0131yla g\u00f6l \u00fczerinde u\u00e7u\u015funu g\u00f6steren foto\u011fraf\u0131, 2024&#8217;\u00fcn en iyisi se\u00e7ildi. Finalde Slawek Hesja Krajniewski&#8217;nin, \u0130spanyol F-18&#8217;lerini g\u00fcne\u015f \u0131\u015f\u0131\u011f\u0131yla ve parlak bir \u015fekilde yanan i\u015faret fi\u015fekleriyle ayd\u0131nlatt\u0131\u011f\u0131 foto\u011fraf\u0131, y\u00fczde 12,7 oranla 2\u2019nci oldu. Bartosz Bera&#8217;n\u0131n bulutlar\u0131n \u00fczerinde, i\u015faret fi\u015feklerinin \u0131\u015f\u0131\u011f\u0131yla turuncuya boyanm\u0131\u015f F-16 foto\u011fraf\u0131, y\u00fczde 5,9 oranla 3\u2019\u00fcnc\u00fc oldu. Belinda Alker&#8217;in NATO Joint Warrior 24-1 tatbikat\u0131nda u\u00e7ak gemisi HMS Prince Of Wales&#8217;te kuzey \u0131\u015f\u0131klar\u0131 alt\u0131nda g\u00f6r\u00fcnt\u00fcledi\u011fi F-35&#8217;lere ait foto\u011fraf\u0131 da y\u00fczde 4,7 oranla 4\u2019\u00fcnc\u00fc oldu.<\/p>\n<p>\u201cBEN\u0130 \u00c7OK GURURLANDIRDI\u201d<\/p>\n<p>Cem Do\u011fut, kas\u0131m ay\u0131nda T\u00fcrk Hava Kuvvetleri&#8217;nin F-4 Phantom u\u00e7aklar\u0131n\u0131n 50&#8217;nci y\u0131l kutlamalar\u0131 s\u0131ras\u0131nda \u00e7ekti\u011fi foto\u011frafla ilgili, \u201cG\u00f6n\u00fcl ba\u011f\u0131m olan Phantom&#8217;u A400M&#8217;in rampas\u0131ndan foto\u011fraflamak \u00f6m\u00fcr boyu unutamayaca\u011f\u0131m bir and\u0131. Air Forces Monthly dergisinin kapa\u011f\u0131nda ilk kez bir T\u00fcrk u\u00e7a\u011f\u0131n\u0131n foto\u011fraf\u0131 1993 y\u0131l\u0131nda yay\u0131mlanm\u0131\u015ft\u0131. O zaman Bosna \u00fczerinde g\u00f6rev yapan bir F-16&#8217;m\u0131z\u0131 yabanc\u0131 bir foto\u011fraf\u00e7\u0131 foto\u011fraflam\u0131\u015ft\u0131. Aradan ge\u00e7en 31 y\u0131lda bir daha kapa\u011f\u0131nda T\u00fcrk u\u00e7a\u011f\u0131 g\u00f6remedik. Aradan ge\u00e7en onca y\u0131l\u0131n ard\u0131ndan foto\u011fraf\u0131m\u0131n kapakta yay\u0131mlanmas\u0131 beni \u00e7ok gururland\u0131rd\u0131. Havac\u0131l\u0131k foto\u011fraf\u00e7\u0131l\u0131\u011f\u0131 kariyerimdeki en \u00f6zel anlardan biri oldu\u201d dedi.\u00a0<\/p>\n<p>\u00a0<\/p>\n<p>\u200bNATO Hava Komutanl\u0131\u011f\u0131 taraf\u0131ndan d\u00fczenlenen foto\u011fraf yar\u0131\u015fmas\u0131nda Cem Do\u011fut&#8217;un T\u00fcrk Hava Kuvvetleri&#8217;ne ait F-4 Phantom u\u00e7ak foto\u011fraf\u0131, 2024\u00fcn en iyisi se\u00e7ildi. Do\u011fut, \u201cAradan ge\u00e7en 31 y\u0131lda bir daha kapa\u011f\u0131nda T\u00fcrk u\u00e7a\u011f\u0131 g\u00f6remedik. Aradan ge\u00e7en onca y\u0131l\u0131n ard\u0131ndan foto\u011fraf\u0131m\u0131n kapakta yay\u0131mlanmas\u0131 beni \u00e7ok gururland\u0131rd\u0131\u201d dedi.\u00a0<\/p>\n<p>\u200bHaberin Al\u0131nt\u0131land\u0131\u011f\u0131 Kaynak: www.antalyakorfez.com<\/p>","protected":false},"excerpt":{"rendered":"<p>NATO Hava Komutanl\u0131\u011f\u0131&#8217;n\u0131n 2024 y\u0131l\u0131na ait sava\u015f u\u00e7a\u011f\u0131 foto\u011fraflar\u0131n\u0131 i\u00e7eren yar\u0131\u015fmas\u0131nda T\u00fcrkiye&#8217;den havac\u0131l\u0131k foto\u011fraf\u00e7\u0131s\u0131 ve ara\u015ft\u0131rmac\u0131s\u0131 Cem Do\u011fut&#8217;un T\u00fcrk Hava Kuvvetleri&#8217;ne ait F-4 Phantom foto\u011fraf\u0131, 2024&#8217;\u00fcn en iyisi se\u00e7ildi. NATO FOTO\u011eRAF YARI\u015eMASI\u00a0 NATO Hava Komutanl\u0131\u011f\u0131&#8217;n\u0131n resmi X hesab\u0131 \u00fczerinden her y\u0131l aral\u0131k ay\u0131 boyunca, o y\u0131l\u0131n sava\u015f u\u00e7aklar\u0131na ait en g\u00fczel hava foto\u011fraflar\u0131n\u0131n yer ald\u0131\u011f\u0131 yar\u0131\u015fmay\u0131, T\u00fcrkiye&#8217;den havac\u0131l\u0131k foto\u011fraf\u00e7\u0131s\u0131 ve ara\u015ft\u0131rmac\u0131s\u0131 Cem Do\u011fut, ikinci kez kazand\u0131. Ge\u00e7en y\u0131l Polonya Hava Kuvvetleri&#8217;ne ait F-16&#8217;lar\u0131n foto\u011fraf\u0131yla 2023&#8217;\u00fcn en iyi hava foto\u011fraf\u0131 \u00f6d\u00fcl\u00fcn\u00fc kazanan Cem Do\u011fut, bu y\u0131l yine birinci oldu. CEM DO\u011eUT B\u0130R\u0130NC\u0130 OLDU\u00a0 4 foto\u011fraf\u00e7\u0131ya ait sava\u015f u\u00e7a\u011f\u0131 foto\u011fraflar\u0131n\u0131n finale kald\u0131\u011f\u0131 yar\u0131\u015fmada toplam 17 bin 63 oy kullan\u0131ld\u0131. Oylar\u0131n y\u00fczde 76,7&#8217;sini alan Cem Do\u011fut&#8217;un T\u00fcrk Hava Kuvvetleri&#8217;nin F-4 Phantom u\u00e7aklar\u0131n\u0131n 50&#8217;nci y\u0131l\u0131 dolay\u0131s\u0131yla g\u00f6l \u00fczerinde u\u00e7u\u015funu g\u00f6steren foto\u011fraf\u0131, 2024&#8217;\u00fcn en iyisi se\u00e7ildi. Finalde Slawek Hesja Krajniewski&#8217;nin, \u0130spanyol F-18&#8217;lerini g\u00fcne\u015f \u0131\u015f\u0131\u011f\u0131yla ve parlak bir \u015fekilde yanan i\u015faret fi\u015fekleriyle ayd\u0131nlatt\u0131\u011f\u0131 foto\u011fraf\u0131, y\u00fczde 12,7 oranla 2\u2019nci oldu. Bartosz Bera&#8217;n\u0131n bulutlar\u0131n \u00fczerinde, i\u015faret fi\u015feklerinin \u0131\u015f\u0131\u011f\u0131yla turuncuya boyanm\u0131\u015f F-16 foto\u011fraf\u0131, y\u00fczde 5,9 oranla 3\u2019\u00fcnc\u00fc oldu. Belinda Alker&#8217;in NATO Joint Warrior 24-1 tatbikat\u0131nda u\u00e7ak gemisi HMS Prince Of Wales&#8217;te kuzey \u0131\u015f\u0131klar\u0131 alt\u0131nda g\u00f6r\u00fcnt\u00fcledi\u011fi F-35&#8217;lere ait foto\u011fraf\u0131 da y\u00fczde 4,7 oranla 4\u2019\u00fcnc\u00fc oldu. \u201cBEN\u0130 \u00c7OK GURURLANDIRDI\u201d Cem Do\u011fut, &hellip;<\/p>","protected":false},"author":0,"featured_media":0,"comment_status":"open","ping_status":"open","sticky":false,"template":"","format":"standard","meta":{"_acf_changed":false,"footnotes":""},"categories":[24,535],"tags":[],"class_list":["post-23914","post","type-post","status-publish","format-standard","has-post-thumbnail","hentry","category-gundem","category-uncategorized-tr"],"acf":[],"yoast_head":"<!-- This site is optimized with the Yoast SEO Premium plugin v26.6 (Yoast SEO v27.1.1) - https:\/\/yoast.com\/product\/yoast-seo-premium-wordpress\/ -->\n<title>T\u00fcrk foto\u011fraf\u00e7\u0131n\u0131n F-4 Phantom u\u00e7ak foto\u011fraf\u0131 2024\u2019\u00fcn en iyisi se\u00e7ildi - Av. Deniz Can K\u0131z\u0131l<\/title>\n<meta name=\"robots\" content=\"index, follow, max-snippet:-1, max-image-preview:large, max-video-preview:-1\" \/>\n<link rel=\"canonical\" href=\"http:\/\/denizcankizil.tr\/ru\/haberler\/gundem\/turk-fotografcinin-f-4-phantom-ucak-fotografi-2024un-en-iyisi-secildi\/\" \/>\n<meta property=\"og:locale\" content=\"ru_RU\" \/>\n<meta property=\"og:type\" content=\"article\" \/>\n<meta property=\"og:title\" content=\"T\u00fcrk foto\u011fraf\u00e7\u0131n\u0131n F-4 Phantom u\u00e7ak foto\u011fraf\u0131 2024\u2019\u00fcn en iyisi se\u00e7ildi\" \/>\n<meta property=\"og:description\" content=\"NATO Hava Komutanl\u0131\u011f\u0131&#8217;n\u0131n 2024 y\u0131l\u0131na ait sava\u015f u\u00e7a\u011f\u0131 foto\u011fraflar\u0131n\u0131 i\u00e7eren yar\u0131\u015fmas\u0131nda T\u00fcrkiye&#8217;den havac\u0131l\u0131k foto\u011fraf\u00e7\u0131s\u0131 ve ara\u015ft\u0131rmac\u0131s\u0131 Cem Do\u011fut&#8217;un T\u00fcrk Hava Kuvvetleri&#8217;ne ait F-4 Phantom foto\u011fraf\u0131, 2024&#8217;\u00fcn en iyisi se\u00e7ildi. NATO FOTO\u011eRAF YARI\u015eMASI\u00a0 NATO Hava Komutanl\u0131\u011f\u0131&#8217;n\u0131n resmi X hesab\u0131 \u00fczerinden her y\u0131l aral\u0131k ay\u0131 boyunca, o y\u0131l\u0131n sava\u015f u\u00e7aklar\u0131na ait en g\u00fczel hava foto\u011fraflar\u0131n\u0131n yer ald\u0131\u011f\u0131 yar\u0131\u015fmay\u0131, T\u00fcrkiye&#8217;den havac\u0131l\u0131k foto\u011fraf\u00e7\u0131s\u0131 ve ara\u015ft\u0131rmac\u0131s\u0131 Cem Do\u011fut, ikinci kez kazand\u0131. Ge\u00e7en y\u0131l Polonya Hava Kuvvetleri&#8217;ne ait F-16&#8217;lar\u0131n foto\u011fraf\u0131yla 2023&#8217;\u00fcn en iyi hava foto\u011fraf\u0131 \u00f6d\u00fcl\u00fcn\u00fc kazanan Cem Do\u011fut, bu y\u0131l yine birinci oldu. CEM DO\u011eUT B\u0130R\u0130NC\u0130 OLDU\u00a0 4 foto\u011fraf\u00e7\u0131ya ait sava\u015f u\u00e7a\u011f\u0131 foto\u011fraflar\u0131n\u0131n finale kald\u0131\u011f\u0131 yar\u0131\u015fmada toplam 17 bin 63 oy kullan\u0131ld\u0131. Oylar\u0131n y\u00fczde 76,7&#8217;sini alan Cem Do\u011fut&#8217;un T\u00fcrk Hava Kuvvetleri&#8217;nin F-4 Phantom u\u00e7aklar\u0131n\u0131n 50&#8217;nci y\u0131l\u0131 dolay\u0131s\u0131yla g\u00f6l \u00fczerinde u\u00e7u\u015funu g\u00f6steren foto\u011fraf\u0131, 2024&#8217;\u00fcn en iyisi se\u00e7ildi. Finalde Slawek Hesja Krajniewski&#8217;nin, \u0130spanyol F-18&#8217;lerini g\u00fcne\u015f \u0131\u015f\u0131\u011f\u0131yla ve parlak bir \u015fekilde yanan i\u015faret fi\u015fekleriyle ayd\u0131nlatt\u0131\u011f\u0131 foto\u011fraf\u0131, y\u00fczde 12,7 oranla 2\u2019nci oldu. Bartosz Bera&#8217;n\u0131n bulutlar\u0131n \u00fczerinde, i\u015faret fi\u015feklerinin \u0131\u015f\u0131\u011f\u0131yla turuncuya boyanm\u0131\u015f F-16 foto\u011fraf\u0131, y\u00fczde 5,9 oranla 3\u2019\u00fcnc\u00fc oldu. Belinda Alker&#8217;in NATO Joint Warrior 24-1 tatbikat\u0131nda u\u00e7ak gemisi HMS Prince Of Wales&#8217;te kuzey \u0131\u015f\u0131klar\u0131 alt\u0131nda g\u00f6r\u00fcnt\u00fcledi\u011fi F-35&#8217;lere ait foto\u011fraf\u0131 da y\u00fczde 4,7 oranla 4\u2019\u00fcnc\u00fc oldu. \u201cBEN\u0130 \u00c7OK GURURLANDIRDI\u201d Cem Do\u011fut, &hellip;\" \/>\n<meta property=\"og:url\" content=\"http:\/\/denizcankizil.tr\/ru\/haberler\/gundem\/turk-fotografcinin-f-4-phantom-ucak-fotografi-2024un-en-iyisi-secildi\/\" \/>\n<meta property=\"og:site_name\" content=\"Av. Deniz Can K\u0131z\u0131l\" \/>\n<meta property=\"article:published_time\" content=\"2025-01-05T08:41:15+00:00\" \/>\n<meta name=\"twitter:card\" content=\"summary_large_image\" \/>\n<meta name=\"twitter:label1\" content=\"\u041f\u0440\u0438\u043c\u0435\u0440\u043d\u043e\u0435 \u0432\u0440\u0435\u043c\u044f \u0434\u043b\u044f \u0447\u0442\u0435\u043d\u0438\u044f\" \/>\n\t<meta name=\"twitter:data1\" content=\"3 \u043c\u0438\u043d\u0443\u0442\u044b\" \/>\n<script type=\"application\/ld+json\" class=\"yoast-schema-graph\">{\"@context\":\"https:\/\/schema.org\",\"@graph\":[{\"@type\":\"Article\",\"@id\":\"http:\/\/denizcankizil.tr\/ru\/haberler\/gundem\/turk-fotografcinin-f-4-phantom-ucak-fotografi-2024un-en-iyisi-secildi\/#article\",\"isPartOf\":{\"@id\":\"http:\/\/denizcankizil.tr\/ru\/haberler\/gundem\/turk-fotografcinin-f-4-phantom-ucak-fotografi-2024un-en-iyisi-secildi\/\"},\"author\":{\"name\":\"\",\"@id\":\"\"},\"headline\":\"T\u00fcrk foto\u011fraf\u00e7\u0131n\u0131n F-4 Phantom u\u00e7ak foto\u011fraf\u0131 2024\u2019\u00fcn en iyisi se\u00e7ildi\",\"datePublished\":\"2025-01-05T08:41:15+00:00\",\"mainEntityOfPage\":{\"@id\":\"http:\/\/denizcankizil.tr\/ru\/haberler\/gundem\/turk-fotografcinin-f-4-phantom-ucak-fotografi-2024un-en-iyisi-secildi\/\"},\"wordCount\":546,\"commentCount\":0,\"publisher\":{\"@id\":\"https:\/\/denizcankizil.tr\/#organization\"},\"articleSection\":[\"G\u00fcndem\",\"Uncategorized\"],\"inLanguage\":\"ru-RU\",\"potentialAction\":[{\"@type\":\"CommentAction\",\"name\":\"Comment\",\"target\":[\"http:\/\/denizcankizil.tr\/ru\/haberler\/gundem\/turk-fotografcinin-f-4-phantom-ucak-fotografi-2024un-en-iyisi-secildi\/#respond\"]}]},{\"@type\":\"WebPage\",\"@id\":\"http:\/\/denizcankizil.tr\/ru\/haberler\/gundem\/turk-fotografcinin-f-4-phantom-ucak-fotografi-2024un-en-iyisi-secildi\/\",\"url\":\"http:\/\/denizcankizil.tr\/ru\/haberler\/gundem\/turk-fotografcinin-f-4-phantom-ucak-fotografi-2024un-en-iyisi-secildi\/\",\"name\":\"T\u00fcrk foto\u011fraf\u00e7\u0131n\u0131n F-4 Phantom u\u00e7ak foto\u011fraf\u0131 2024\u2019\u00fcn en iyisi se\u00e7ildi - Av. Deniz Can K\u0131z\u0131l\",\"isPartOf\":{\"@id\":\"https:\/\/denizcankizil.tr\/#website\"},\"datePublished\":\"2025-01-05T08:41:15+00:00\",\"breadcrumb\":{\"@id\":\"http:\/\/denizcankizil.tr\/ru\/haberler\/gundem\/turk-fotografcinin-f-4-phantom-ucak-fotografi-2024un-en-iyisi-secildi\/#breadcrumb\"},\"inLanguage\":\"ru-RU\",\"potentialAction\":[{\"@type\":\"ReadAction\",\"target\":[\"http:\/\/denizcankizil.tr\/ru\/haberler\/gundem\/turk-fotografcinin-f-4-phantom-ucak-fotografi-2024un-en-iyisi-secildi\/\"]}]},{\"@type\":\"BreadcrumbList\",\"@id\":\"http:\/\/denizcankizil.tr\/ru\/haberler\/gundem\/turk-fotografcinin-f-4-phantom-ucak-fotografi-2024un-en-iyisi-secildi\/#breadcrumb\",\"itemListElement\":[{\"@type\":\"ListItem\",\"position\":1,\"name\":\"Home\",\"item\":\"https:\/\/denizcankizil.tr\/de\/\"},{\"@type\":\"ListItem\",\"position\":2,\"name\":\"T\u00fcrk foto\u011fraf\u00e7\u0131n\u0131n F-4 Phantom u\u00e7ak foto\u011fraf\u0131 2024\u2019\u00fcn en iyisi se\u00e7ildi\"}]},{\"@type\":\"WebSite\",\"@id\":\"https:\/\/denizcankizil.tr\/#website\",\"url\":\"https:\/\/denizcankizil.tr\/\",\"name\":\"Av. Deniz Can K\u0131z\u0131l\",\"description\":\"Avukat Deniz Can K\u0131z\u0131l Antalya Barosu\",\"publisher\":{\"@id\":\"https:\/\/denizcankizil.tr\/#organization\"},\"potentialAction\":[{\"@type\":\"SearchAction\",\"target\":{\"@type\":\"EntryPoint\",\"urlTemplate\":\"https:\/\/denizcankizil.tr\/?s={search_term_string}\"},\"query-input\":{\"@type\":\"PropertyValueSpecification\",\"valueRequired\":true,\"valueName\":\"search_term_string\"}}],\"inLanguage\":\"ru-RU\"},{\"@type\":\"Organization\",\"@id\":\"https:\/\/denizcankizil.tr\/#organization\",\"name\":\"Av. Deniz Can K\u0131z\u0131l\",\"url\":\"https:\/\/denizcankizil.tr\/\",\"logo\":{\"@type\":\"ImageObject\",\"inLanguage\":\"ru-RU\",\"@id\":\"https:\/\/denizcankizil.tr\/#\/schema\/logo\/image\/\",\"url\":\"http:\/\/denizcankizil.tr\/wp-content\/uploads\/2024\/10\/siyah-logo-svg.svg\",\"contentUrl\":\"http:\/\/denizcankizil.tr\/wp-content\/uploads\/2024\/10\/siyah-logo-svg.svg\",\"width\":1080,\"height\":1080,\"caption\":\"Av. Deniz Can K\u0131z\u0131l\"},\"image\":{\"@id\":\"https:\/\/denizcankizil.tr\/#\/schema\/logo\/image\/\"}}]}<\/script>\n<!-- \/ Yoast SEO Premium plugin. -->","yoast_head_json":{"title":"T\u00fcrk foto\u011fraf\u00e7\u0131n\u0131n F-4 Phantom u\u00e7ak foto\u011fraf\u0131 2024\u2019\u00fcn en iyisi se\u00e7ildi - Av. Deniz Can K\u0131z\u0131l","robots":{"index":"index","follow":"follow","max-snippet":"max-snippet:-1","max-image-preview":"max-image-preview:large","max-video-preview":"max-video-preview:-1"},"canonical":"http:\/\/denizcankizil.tr\/ru\/haberler\/gundem\/turk-fotografcinin-f-4-phantom-ucak-fotografi-2024un-en-iyisi-secildi\/","og_locale":"ru_RU","og_type":"article","og_title":"T\u00fcrk foto\u011fraf\u00e7\u0131n\u0131n F-4 Phantom u\u00e7ak foto\u011fraf\u0131 2024\u2019\u00fcn en iyisi se\u00e7ildi","og_description":"NATO Hava Komutanl\u0131\u011f\u0131&#8217;n\u0131n 2024 y\u0131l\u0131na ait sava\u015f u\u00e7a\u011f\u0131 foto\u011fraflar\u0131n\u0131 i\u00e7eren yar\u0131\u015fmas\u0131nda T\u00fcrkiye&#8217;den havac\u0131l\u0131k foto\u011fraf\u00e7\u0131s\u0131 ve ara\u015ft\u0131rmac\u0131s\u0131 Cem Do\u011fut&#8217;un T\u00fcrk Hava Kuvvetleri&#8217;ne ait F-4 Phantom foto\u011fraf\u0131, 2024&#8217;\u00fcn en iyisi se\u00e7ildi. NATO FOTO\u011eRAF YARI\u015eMASI\u00a0 NATO Hava Komutanl\u0131\u011f\u0131&#8217;n\u0131n resmi X hesab\u0131 \u00fczerinden her y\u0131l aral\u0131k ay\u0131 boyunca, o y\u0131l\u0131n sava\u015f u\u00e7aklar\u0131na ait en g\u00fczel hava foto\u011fraflar\u0131n\u0131n yer ald\u0131\u011f\u0131 yar\u0131\u015fmay\u0131, T\u00fcrkiye&#8217;den havac\u0131l\u0131k foto\u011fraf\u00e7\u0131s\u0131 ve ara\u015ft\u0131rmac\u0131s\u0131 Cem Do\u011fut, ikinci kez kazand\u0131. Ge\u00e7en y\u0131l Polonya Hava Kuvvetleri&#8217;ne ait F-16&#8217;lar\u0131n foto\u011fraf\u0131yla 2023&#8217;\u00fcn en iyi hava foto\u011fraf\u0131 \u00f6d\u00fcl\u00fcn\u00fc kazanan Cem Do\u011fut, bu y\u0131l yine birinci oldu. CEM DO\u011eUT B\u0130R\u0130NC\u0130 OLDU\u00a0 4 foto\u011fraf\u00e7\u0131ya ait sava\u015f u\u00e7a\u011f\u0131 foto\u011fraflar\u0131n\u0131n finale kald\u0131\u011f\u0131 yar\u0131\u015fmada toplam 17 bin 63 oy kullan\u0131ld\u0131. Oylar\u0131n y\u00fczde 76,7&#8217;sini alan Cem Do\u011fut&#8217;un T\u00fcrk Hava Kuvvetleri&#8217;nin F-4 Phantom u\u00e7aklar\u0131n\u0131n 50&#8217;nci y\u0131l\u0131 dolay\u0131s\u0131yla g\u00f6l \u00fczerinde u\u00e7u\u015funu g\u00f6steren foto\u011fraf\u0131, 2024&#8217;\u00fcn en iyisi se\u00e7ildi. Finalde Slawek Hesja Krajniewski&#8217;nin, \u0130spanyol F-18&#8217;lerini g\u00fcne\u015f \u0131\u015f\u0131\u011f\u0131yla ve parlak bir \u015fekilde yanan i\u015faret fi\u015fekleriyle ayd\u0131nlatt\u0131\u011f\u0131 foto\u011fraf\u0131, y\u00fczde 12,7 oranla 2\u2019nci oldu. Bartosz Bera&#8217;n\u0131n bulutlar\u0131n \u00fczerinde, i\u015faret fi\u015feklerinin \u0131\u015f\u0131\u011f\u0131yla turuncuya boyanm\u0131\u015f F-16 foto\u011fraf\u0131, y\u00fczde 5,9 oranla 3\u2019\u00fcnc\u00fc oldu. Belinda Alker&#8217;in NATO Joint Warrior 24-1 tatbikat\u0131nda u\u00e7ak gemisi HMS Prince Of Wales&#8217;te kuzey \u0131\u015f\u0131klar\u0131 alt\u0131nda g\u00f6r\u00fcnt\u00fcledi\u011fi F-35&#8217;lere ait foto\u011fraf\u0131 da y\u00fczde 4,7 oranla 4\u2019\u00fcnc\u00fc oldu. \u201cBEN\u0130 \u00c7OK GURURLANDIRDI\u201d Cem Do\u011fut, &hellip;","og_url":"http:\/\/denizcankizil.tr\/ru\/haberler\/gundem\/turk-fotografcinin-f-4-phantom-ucak-fotografi-2024un-en-iyisi-secildi\/","og_site_name":"Av. Deniz Can K\u0131z\u0131l","article_published_time":"2025-01-05T08:41:15+00:00","twitter_card":"summary_large_image","twitter_misc":{"\u041f\u0440\u0438\u043c\u0435\u0440\u043d\u043e\u0435 \u0432\u0440\u0435\u043c\u044f \u0434\u043b\u044f \u0447\u0442\u0435\u043d\u0438\u044f":"3 \u043c\u0438\u043d\u0443\u0442\u044b"},"schema":{"@context":"https:\/\/schema.org","@graph":[{"@type":"Article","@id":"http:\/\/denizcankizil.tr\/ru\/haberler\/gundem\/turk-fotografcinin-f-4-phantom-ucak-fotografi-2024un-en-iyisi-secildi\/#article","isPartOf":{"@id":"http:\/\/denizcankizil.tr\/ru\/haberler\/gundem\/turk-fotografcinin-f-4-phantom-ucak-fotografi-2024un-en-iyisi-secildi\/"},"author":{"name":"","@id":""},"headline":"T\u00fcrk foto\u011fraf\u00e7\u0131n\u0131n F-4 Phantom u\u00e7ak foto\u011fraf\u0131 2024\u2019\u00fcn en iyisi se\u00e7ildi","datePublished":"2025-01-05T08:41:15+00:00","mainEntityOfPage":{"@id":"http:\/\/denizcankizil.tr\/ru\/haberler\/gundem\/turk-fotografcinin-f-4-phantom-ucak-fotografi-2024un-en-iyisi-secildi\/"},"wordCount":546,"commentCount":0,"publisher":{"@id":"https:\/\/denizcankizil.tr\/#organization"},"articleSection":["G\u00fcndem","Uncategorized"],"inLanguage":"ru-RU","potentialAction":[{"@type":"CommentAction","name":"Comment","target":["http:\/\/denizcankizil.tr\/ru\/haberler\/gundem\/turk-fotografcinin-f-4-phantom-ucak-fotografi-2024un-en-iyisi-secildi\/#respond"]}]},{"@type":"WebPage","@id":"http:\/\/denizcankizil.tr\/ru\/haberler\/gundem\/turk-fotografcinin-f-4-phantom-ucak-fotografi-2024un-en-iyisi-secildi\/","url":"http:\/\/denizcankizil.tr\/ru\/haberler\/gundem\/turk-fotografcinin-f-4-phantom-ucak-fotografi-2024un-en-iyisi-secildi\/","name":"T\u00fcrk foto\u011fraf\u00e7\u0131n\u0131n F-4 Phantom u\u00e7ak foto\u011fraf\u0131 2024\u2019\u00fcn en iyisi se\u00e7ildi - Av. Deniz Can K\u0131z\u0131l","isPartOf":{"@id":"https:\/\/denizcankizil.tr\/#website"},"datePublished":"2025-01-05T08:41:15+00:00","breadcrumb":{"@id":"http:\/\/denizcankizil.tr\/ru\/haberler\/gundem\/turk-fotografcinin-f-4-phantom-ucak-fotografi-2024un-en-iyisi-secildi\/#breadcrumb"},"inLanguage":"ru-RU","potentialAction":[{"@type":"ReadAction","target":["http:\/\/denizcankizil.tr\/ru\/haberler\/gundem\/turk-fotografcinin-f-4-phantom-ucak-fotografi-2024un-en-iyisi-secildi\/"]}]},{"@type":"BreadcrumbList","@id":"http:\/\/denizcankizil.tr\/ru\/haberler\/gundem\/turk-fotografcinin-f-4-phantom-ucak-fotografi-2024un-en-iyisi-secildi\/#breadcrumb","itemListElement":[{"@type":"ListItem","position":1,"name":"Home","item":"https:\/\/denizcankizil.tr\/de\/"},{"@type":"ListItem","position":2,"name":"T\u00fcrk foto\u011fraf\u00e7\u0131n\u0131n F-4 Phantom u\u00e7ak foto\u011fraf\u0131 2024\u2019\u00fcn en iyisi se\u00e7ildi"}]},{"@type":"WebSite","@id":"https:\/\/denizcankizil.tr\/#website","url":"https:\/\/denizcankizil.tr\/","name":"Av. Deniz Can K\u0131z\u0131l","description":"Avukat Deniz Can K\u0131z\u0131l Antalya Barosu","publisher":{"@id":"https:\/\/denizcankizil.tr\/#organization"},"potentialAction":[{"@type":"SearchAction","target":{"@type":"EntryPoint","urlTemplate":"https:\/\/denizcankizil.tr\/?s={search_term_string}"},"query-input":{"@type":"PropertyValueSpecification","valueRequired":true,"valueName":"search_term_string"}}],"inLanguage":"ru-RU"},{"@type":"Organization","@id":"https:\/\/denizcankizil.tr\/#organization","name":"Av. Deniz Can K\u0131z\u0131l","url":"https:\/\/denizcankizil.tr\/","logo":{"@type":"ImageObject","inLanguage":"ru-RU","@id":"https:\/\/denizcankizil.tr\/#\/schema\/logo\/image\/","url":"http:\/\/denizcankizil.tr\/wp-content\/uploads\/2024\/10\/siyah-logo-svg.svg","contentUrl":"http:\/\/denizcankizil.tr\/wp-content\/uploads\/2024\/10\/siyah-logo-svg.svg","width":1080,"height":1080,"caption":"Av. Deniz Can K\u0131z\u0131l"},"image":{"@id":"https:\/\/denizcankizil.tr\/#\/schema\/logo\/image\/"}}]}},"_links":{"self":[{"href":"http:\/\/denizcankizil.tr\/ru\/wp-json\/wp\/v2\/posts\/23914","targetHints":{"allow":["GET"]}}],"collection":[{"href":"http:\/\/denizcankizil.tr\/ru\/wp-json\/wp\/v2\/posts"}],"about":[{"href":"http:\/\/denizcankizil.tr\/ru\/wp-json\/wp\/v2\/types\/post"}],"replies":[{"embeddable":true,"href":"http:\/\/denizcankizil.tr\/ru\/wp-json\/wp\/v2\/comments?post=23914"}],"version-history":[{"count":0,"href":"http:\/\/denizcankizil.tr\/ru\/wp-json\/wp\/v2\/posts\/23914\/revisions"}],"wp:attachment":[{"href":"http:\/\/denizcankizil.tr\/ru\/wp-json\/wp\/v2\/media?parent=23914"}],"wp:term":[{"taxonomy":"category","embeddable":true,"href":"http:\/\/denizcankizil.tr\/ru\/wp-json\/wp\/v2\/categories?post=23914"},{"taxonomy":"post_tag","embeddable":true,"href":"http:\/\/denizcankizil.tr\/ru\/wp-json\/wp\/v2\/tags?post=23914"}],"curies":[{"name":"wp","href":"https:\/\/api.w.org\/{rel}","templated":true}]}}