{"id":23759,"date":"2025-01-04T07:41:26","date_gmt":"2025-01-04T04:41:26","guid":{"rendered":"https:\/\/denizcankizil.tr\/uncategorized-tr\/malkara-belediyesi-ocak-ayi-meclis-toplantisi-gerceklestirildi\/"},"modified":"2025-01-04T07:41:26","modified_gmt":"2025-01-04T04:41:26","slug":"malkara-belediyesi-ocak-ayi-meclis-toplantisi-gerceklestirildi","status":"publish","type":"post","link":"http:\/\/denizcankizil.tr\/ru\/haberler\/gundem\/malkara-belediyesi-ocak-ayi-meclis-toplantisi-gerceklestirildi\/","title":{"rendered":"Malkara belediyesi ocak ay\u0131 meclis toplant\u0131s\u0131 ger\u00e7ekle\u015ftirildi"},"content":{"rendered":"<p>Malkara Belediyesi Ocak 2025 D\u00f6nemi Meclis Toplant\u0131s\u0131, Malkara Belediye Ba\u015fkan\u0131 Nergiz Karaa\u011fa\u00e7l\u0131 \u00d6zt\u00fcrk\u2019\u00fcn ba\u015fkanl\u0131\u011f\u0131nda 5393 Say\u0131l\u0131 Yasan\u0131n 20. Maddesine g\u00f6re 3 Ocak 2025 Cuma g\u00fcn\u00fc saat 15.00\u2019te Belediye Binas\u0131ndaki Meclis Odas\u0131nda ger\u00e7ekle\u015ftirildi.<\/p>\n<p>\u200bMalkara Belediyesi Ocak 2025 D\u00f6nemi Meclis Toplant\u0131s\u0131, Malkara Belediye Ba\u015fkan\u0131 Nergiz Karaa\u011fa\u00e7l\u0131 \u00d6zt\u00fcrk\u2019\u00fcn ba\u015fkanl\u0131\u011f\u0131nda 5393 Say\u0131l\u0131 Yasan\u0131n 20. Maddesine g\u00f6re 3 Ocak 2025 Cuma g\u00fcn\u00fc saat 15.00\u2019te Belediye Binas\u0131ndaki Meclis Odas\u0131nda ger\u00e7ekle\u015ftirildi.\u00a0<\/p>\n<p>\u200bHaberin Al\u0131nt\u0131land\u0131\u011f\u0131 Kaynak: www.iskenderun.org<\/p>","protected":false},"excerpt":{"rendered":"<p>Malkara Belediyesi Ocak 2025 D\u00f6nemi Meclis Toplant\u0131s\u0131, Malkara Belediye Ba\u015fkan\u0131 Nergiz Karaa\u011fa\u00e7l\u0131 \u00d6zt\u00fcrk\u2019\u00fcn ba\u015fkanl\u0131\u011f\u0131nda 5393 Say\u0131l\u0131 Yasan\u0131n 20. Maddesine g\u00f6re 3 Ocak 2025 Cuma g\u00fcn\u00fc saat 15.00\u2019te Belediye Binas\u0131ndaki Meclis Odas\u0131nda ger\u00e7ekle\u015ftirildi. \u200bMalkara Belediyesi Ocak 2025 D\u00f6nemi Meclis Toplant\u0131s\u0131, Malkara Belediye Ba\u015fkan\u0131 Nergiz Karaa\u011fa\u00e7l\u0131 \u00d6zt\u00fcrk\u2019\u00fcn ba\u015fkanl\u0131\u011f\u0131nda 5393 Say\u0131l\u0131 Yasan\u0131n 20. Maddesine g\u00f6re 3 Ocak 2025 Cuma g\u00fcn\u00fc saat 15.00\u2019te Belediye Binas\u0131ndaki Meclis Odas\u0131nda ger\u00e7ekle\u015ftirildi.\u00a0 \u200bHaberin Al\u0131nt\u0131land\u0131\u011f\u0131 Kaynak: www.iskenderun.org<\/p>","protected":false},"author":0,"featured_media":0,"comment_status":"open","ping_status":"open","sticky":false,"template":"","format":"standard","meta":{"_acf_changed":false,"footnotes":""},"categories":[24,535],"tags":[],"class_list":["post-23759","post","type-post","status-publish","format-standard","has-post-thumbnail","hentry","category-gundem","category-uncategorized-tr"],"acf":[],"yoast_head":"<!-- This site is optimized with the Yoast SEO Premium plugin v26.6 (Yoast SEO v27.1.1) - https:\/\/yoast.com\/product\/yoast-seo-premium-wordpress\/ -->\n<title>Malkara belediyesi ocak ay\u0131 meclis toplant\u0131s\u0131 ger\u00e7ekle\u015ftirildi - Av. Deniz Can K\u0131z\u0131l<\/title>\n<meta name=\"robots\" content=\"index, follow, max-snippet:-1, max-image-preview:large, max-video-preview:-1\" \/>\n<link rel=\"canonical\" href=\"http:\/\/denizcankizil.tr\/ru\/haberler\/gundem\/malkara-belediyesi-ocak-ayi-meclis-toplantisi-gerceklestirildi\/\" \/>\n<meta property=\"og:locale\" content=\"ru_RU\" \/>\n<meta property=\"og:type\" content=\"article\" \/>\n<meta property=\"og:title\" content=\"Malkara belediyesi ocak ay\u0131 meclis toplant\u0131s\u0131 ger\u00e7ekle\u015ftirildi\" \/>\n<meta property=\"og:description\" content=\"Malkara Belediyesi Ocak 2025 D\u00f6nemi Meclis Toplant\u0131s\u0131, Malkara Belediye Ba\u015fkan\u0131 Nergiz Karaa\u011fa\u00e7l\u0131 \u00d6zt\u00fcrk\u2019\u00fcn ba\u015fkanl\u0131\u011f\u0131nda 5393 Say\u0131l\u0131 Yasan\u0131n 20. Maddesine g\u00f6re 3 Ocak 2025 Cuma g\u00fcn\u00fc saat 15.00\u2019te Belediye Binas\u0131ndaki Meclis Odas\u0131nda ger\u00e7ekle\u015ftirildi. \u200bMalkara Belediyesi Ocak 2025 D\u00f6nemi Meclis Toplant\u0131s\u0131, Malkara Belediye Ba\u015fkan\u0131 Nergiz Karaa\u011fa\u00e7l\u0131 \u00d6zt\u00fcrk\u2019\u00fcn ba\u015fkanl\u0131\u011f\u0131nda 5393 Say\u0131l\u0131 Yasan\u0131n 20. Maddesine g\u00f6re 3 Ocak 2025 Cuma g\u00fcn\u00fc saat 15.00\u2019te Belediye Binas\u0131ndaki Meclis Odas\u0131nda ger\u00e7ekle\u015ftirildi.\u00a0 \u200bHaberin Al\u0131nt\u0131land\u0131\u011f\u0131 Kaynak: www.iskenderun.org\" \/>\n<meta property=\"og:url\" content=\"http:\/\/denizcankizil.tr\/ru\/haberler\/gundem\/malkara-belediyesi-ocak-ayi-meclis-toplantisi-gerceklestirildi\/\" \/>\n<meta property=\"og:site_name\" content=\"Av. Deniz Can K\u0131z\u0131l\" \/>\n<meta property=\"article:published_time\" content=\"2025-01-04T04:41:26+00:00\" \/>\n<meta name=\"twitter:card\" content=\"summary_large_image\" \/>\n<script type=\"application\/ld+json\" class=\"yoast-schema-graph\">{\"@context\":\"https:\/\/schema.org\",\"@graph\":[{\"@type\":\"Article\",\"@id\":\"http:\/\/denizcankizil.tr\/ru\/haberler\/gundem\/malkara-belediyesi-ocak-ayi-meclis-toplantisi-gerceklestirildi\/#article\",\"isPartOf\":{\"@id\":\"http:\/\/denizcankizil.tr\/ru\/haberler\/gundem\/malkara-belediyesi-ocak-ayi-meclis-toplantisi-gerceklestirildi\/\"},\"author\":{\"name\":\"\",\"@id\":\"\"},\"headline\":\"Malkara belediyesi ocak ay\u0131 meclis toplant\u0131s\u0131 ger\u00e7ekle\u015ftirildi\",\"datePublished\":\"2025-01-04T04:41:26+00:00\",\"mainEntityOfPage\":{\"@id\":\"http:\/\/denizcankizil.tr\/ru\/haberler\/gundem\/malkara-belediyesi-ocak-ayi-meclis-toplantisi-gerceklestirildi\/\"},\"wordCount\":106,\"commentCount\":0,\"publisher\":{\"@id\":\"https:\/\/denizcankizil.tr\/de\/#organization\"},\"articleSection\":[\"G\u00fcndem\",\"Uncategorized\"],\"inLanguage\":\"ru-RU\",\"potentialAction\":[{\"@type\":\"CommentAction\",\"name\":\"Comment\",\"target\":[\"http:\/\/denizcankizil.tr\/ru\/haberler\/gundem\/malkara-belediyesi-ocak-ayi-meclis-toplantisi-gerceklestirildi\/#respond\"]}]},{\"@type\":\"WebPage\",\"@id\":\"http:\/\/denizcankizil.tr\/ru\/haberler\/gundem\/malkara-belediyesi-ocak-ayi-meclis-toplantisi-gerceklestirildi\/\",\"url\":\"http:\/\/denizcankizil.tr\/ru\/haberler\/gundem\/malkara-belediyesi-ocak-ayi-meclis-toplantisi-gerceklestirildi\/\",\"name\":\"Malkara belediyesi ocak ay\u0131 meclis toplant\u0131s\u0131 ger\u00e7ekle\u015ftirildi - Av. Deniz Can K\u0131z\u0131l\",\"isPartOf\":{\"@id\":\"https:\/\/denizcankizil.tr\/de\/#website\"},\"datePublished\":\"2025-01-04T04:41:26+00:00\",\"breadcrumb\":{\"@id\":\"http:\/\/denizcankizil.tr\/ru\/haberler\/gundem\/malkara-belediyesi-ocak-ayi-meclis-toplantisi-gerceklestirildi\/#breadcrumb\"},\"inLanguage\":\"ru-RU\",\"potentialAction\":[{\"@type\":\"ReadAction\",\"target\":[\"http:\/\/denizcankizil.tr\/ru\/haberler\/gundem\/malkara-belediyesi-ocak-ayi-meclis-toplantisi-gerceklestirildi\/\"]}]},{\"@type\":\"BreadcrumbList\",\"@id\":\"http:\/\/denizcankizil.tr\/ru\/haberler\/gundem\/malkara-belediyesi-ocak-ayi-meclis-toplantisi-gerceklestirildi\/#breadcrumb\",\"itemListElement\":[{\"@type\":\"ListItem\",\"position\":1,\"name\":\"Home\",\"item\":\"https:\/\/denizcankizil.tr\/de\/\"},{\"@type\":\"ListItem\",\"position\":2,\"name\":\"Malkara belediyesi ocak ay\u0131 meclis toplant\u0131s\u0131 ger\u00e7ekle\u015ftirildi\"}]},{\"@type\":\"WebSite\",\"@id\":\"https:\/\/denizcankizil.tr\/de\/#website\",\"url\":\"https:\/\/denizcankizil.tr\/de\/\",\"name\":\"Av. Deniz Can K\u0131z\u0131l\",\"description\":\"Avukat Deniz Can K\u0131z\u0131l Antalya Barosu\",\"publisher\":{\"@id\":\"https:\/\/denizcankizil.tr\/de\/#organization\"},\"potentialAction\":[{\"@type\":\"SearchAction\",\"target\":{\"@type\":\"EntryPoint\",\"urlTemplate\":\"https:\/\/denizcankizil.tr\/de\/?s={search_term_string}\"},\"query-input\":{\"@type\":\"PropertyValueSpecification\",\"valueRequired\":true,\"valueName\":\"search_term_string\"}}],\"inLanguage\":\"ru-RU\"},{\"@type\":\"Organization\",\"@id\":\"https:\/\/denizcankizil.tr\/de\/#organization\",\"name\":\"Av. Deniz Can K\u0131z\u0131l\",\"url\":\"https:\/\/denizcankizil.tr\/de\/\",\"logo\":{\"@type\":\"ImageObject\",\"inLanguage\":\"ru-RU\",\"@id\":\"https:\/\/denizcankizil.tr\/de\/#\/schema\/logo\/image\/\",\"url\":\"http:\/\/denizcankizil.tr\/wp-content\/uploads\/2024\/10\/siyah-logo-svg.svg\",\"contentUrl\":\"http:\/\/denizcankizil.tr\/wp-content\/uploads\/2024\/10\/siyah-logo-svg.svg\",\"width\":1080,\"height\":1080,\"caption\":\"Av. Deniz Can K\u0131z\u0131l\"},\"image\":{\"@id\":\"https:\/\/denizcankizil.tr\/de\/#\/schema\/logo\/image\/\"}}]}<\/script>\n<!-- \/ Yoast SEO Premium plugin. -->","yoast_head_json":{"title":"Malkara belediyesi ocak ay\u0131 meclis toplant\u0131s\u0131 ger\u00e7ekle\u015ftirildi - Av. Deniz Can K\u0131z\u0131l","robots":{"index":"index","follow":"follow","max-snippet":"max-snippet:-1","max-image-preview":"max-image-preview:large","max-video-preview":"max-video-preview:-1"},"canonical":"http:\/\/denizcankizil.tr\/ru\/haberler\/gundem\/malkara-belediyesi-ocak-ayi-meclis-toplantisi-gerceklestirildi\/","og_locale":"ru_RU","og_type":"article","og_title":"Malkara belediyesi ocak ay\u0131 meclis toplant\u0131s\u0131 ger\u00e7ekle\u015ftirildi","og_description":"Malkara Belediyesi Ocak 2025 D\u00f6nemi Meclis Toplant\u0131s\u0131, Malkara Belediye Ba\u015fkan\u0131 Nergiz Karaa\u011fa\u00e7l\u0131 \u00d6zt\u00fcrk\u2019\u00fcn ba\u015fkanl\u0131\u011f\u0131nda 5393 Say\u0131l\u0131 Yasan\u0131n 20. Maddesine g\u00f6re 3 Ocak 2025 Cuma g\u00fcn\u00fc saat 15.00\u2019te Belediye Binas\u0131ndaki Meclis Odas\u0131nda ger\u00e7ekle\u015ftirildi. \u200bMalkara Belediyesi Ocak 2025 D\u00f6nemi Meclis Toplant\u0131s\u0131, Malkara Belediye Ba\u015fkan\u0131 Nergiz Karaa\u011fa\u00e7l\u0131 \u00d6zt\u00fcrk\u2019\u00fcn ba\u015fkanl\u0131\u011f\u0131nda 5393 Say\u0131l\u0131 Yasan\u0131n 20. Maddesine g\u00f6re 3 Ocak 2025 Cuma g\u00fcn\u00fc saat 15.00\u2019te Belediye Binas\u0131ndaki Meclis Odas\u0131nda ger\u00e7ekle\u015ftirildi.\u00a0 \u200bHaberin Al\u0131nt\u0131land\u0131\u011f\u0131 Kaynak: www.iskenderun.org","og_url":"http:\/\/denizcankizil.tr\/ru\/haberler\/gundem\/malkara-belediyesi-ocak-ayi-meclis-toplantisi-gerceklestirildi\/","og_site_name":"Av. Deniz Can K\u0131z\u0131l","article_published_time":"2025-01-04T04:41:26+00:00","twitter_card":"summary_large_image","schema":{"@context":"https:\/\/schema.org","@graph":[{"@type":"Article","@id":"http:\/\/denizcankizil.tr\/ru\/haberler\/gundem\/malkara-belediyesi-ocak-ayi-meclis-toplantisi-gerceklestirildi\/#article","isPartOf":{"@id":"http:\/\/denizcankizil.tr\/ru\/haberler\/gundem\/malkara-belediyesi-ocak-ayi-meclis-toplantisi-gerceklestirildi\/"},"author":{"name":"","@id":""},"headline":"Malkara belediyesi ocak ay\u0131 meclis toplant\u0131s\u0131 ger\u00e7ekle\u015ftirildi","datePublished":"2025-01-04T04:41:26+00:00","mainEntityOfPage":{"@id":"http:\/\/denizcankizil.tr\/ru\/haberler\/gundem\/malkara-belediyesi-ocak-ayi-meclis-toplantisi-gerceklestirildi\/"},"wordCount":106,"commentCount":0,"publisher":{"@id":"https:\/\/denizcankizil.tr\/de\/#organization"},"articleSection":["G\u00fcndem","Uncategorized"],"inLanguage":"ru-RU","potentialAction":[{"@type":"CommentAction","name":"Comment","target":["http:\/\/denizcankizil.tr\/ru\/haberler\/gundem\/malkara-belediyesi-ocak-ayi-meclis-toplantisi-gerceklestirildi\/#respond"]}]},{"@type":"WebPage","@id":"http:\/\/denizcankizil.tr\/ru\/haberler\/gundem\/malkara-belediyesi-ocak-ayi-meclis-toplantisi-gerceklestirildi\/","url":"http:\/\/denizcankizil.tr\/ru\/haberler\/gundem\/malkara-belediyesi-ocak-ayi-meclis-toplantisi-gerceklestirildi\/","name":"Malkara belediyesi ocak ay\u0131 meclis toplant\u0131s\u0131 ger\u00e7ekle\u015ftirildi - Av. Deniz Can K\u0131z\u0131l","isPartOf":{"@id":"https:\/\/denizcankizil.tr\/de\/#website"},"datePublished":"2025-01-04T04:41:26+00:00","breadcrumb":{"@id":"http:\/\/denizcankizil.tr\/ru\/haberler\/gundem\/malkara-belediyesi-ocak-ayi-meclis-toplantisi-gerceklestirildi\/#breadcrumb"},"inLanguage":"ru-RU","potentialAction":[{"@type":"ReadAction","target":["http:\/\/denizcankizil.tr\/ru\/haberler\/gundem\/malkara-belediyesi-ocak-ayi-meclis-toplantisi-gerceklestirildi\/"]}]},{"@type":"BreadcrumbList","@id":"http:\/\/denizcankizil.tr\/ru\/haberler\/gundem\/malkara-belediyesi-ocak-ayi-meclis-toplantisi-gerceklestirildi\/#breadcrumb","itemListElement":[{"@type":"ListItem","position":1,"name":"Home","item":"https:\/\/denizcankizil.tr\/de\/"},{"@type":"ListItem","position":2,"name":"Malkara belediyesi ocak ay\u0131 meclis toplant\u0131s\u0131 ger\u00e7ekle\u015ftirildi"}]},{"@type":"WebSite","@id":"https:\/\/denizcankizil.tr\/de\/#website","url":"https:\/\/denizcankizil.tr\/de\/","name":"Av. Deniz Can K\u0131z\u0131l","description":"Avukat Deniz Can K\u0131z\u0131l Antalya Barosu","publisher":{"@id":"https:\/\/denizcankizil.tr\/de\/#organization"},"potentialAction":[{"@type":"SearchAction","target":{"@type":"EntryPoint","urlTemplate":"https:\/\/denizcankizil.tr\/de\/?s={search_term_string}"},"query-input":{"@type":"PropertyValueSpecification","valueRequired":true,"valueName":"search_term_string"}}],"inLanguage":"ru-RU"},{"@type":"Organization","@id":"https:\/\/denizcankizil.tr\/de\/#organization","name":"Av. Deniz Can K\u0131z\u0131l","url":"https:\/\/denizcankizil.tr\/de\/","logo":{"@type":"ImageObject","inLanguage":"ru-RU","@id":"https:\/\/denizcankizil.tr\/de\/#\/schema\/logo\/image\/","url":"http:\/\/denizcankizil.tr\/wp-content\/uploads\/2024\/10\/siyah-logo-svg.svg","contentUrl":"http:\/\/denizcankizil.tr\/wp-content\/uploads\/2024\/10\/siyah-logo-svg.svg","width":1080,"height":1080,"caption":"Av. Deniz Can K\u0131z\u0131l"},"image":{"@id":"https:\/\/denizcankizil.tr\/de\/#\/schema\/logo\/image\/"}}]}},"_links":{"self":[{"href":"http:\/\/denizcankizil.tr\/ru\/wp-json\/wp\/v2\/posts\/23759","targetHints":{"allow":["GET"]}}],"collection":[{"href":"http:\/\/denizcankizil.tr\/ru\/wp-json\/wp\/v2\/posts"}],"about":[{"href":"http:\/\/denizcankizil.tr\/ru\/wp-json\/wp\/v2\/types\/post"}],"replies":[{"embeddable":true,"href":"http:\/\/denizcankizil.tr\/ru\/wp-json\/wp\/v2\/comments?post=23759"}],"version-history":[{"count":0,"href":"http:\/\/denizcankizil.tr\/ru\/wp-json\/wp\/v2\/posts\/23759\/revisions"}],"wp:attachment":[{"href":"http:\/\/denizcankizil.tr\/ru\/wp-json\/wp\/v2\/media?parent=23759"}],"wp:term":[{"taxonomy":"category","embeddable":true,"href":"http:\/\/denizcankizil.tr\/ru\/wp-json\/wp\/v2\/categories?post=23759"},{"taxonomy":"post_tag","embeddable":true,"href":"http:\/\/denizcankizil.tr\/ru\/wp-json\/wp\/v2\/tags?post=23759"}],"curies":[{"name":"wp","href":"https:\/\/api.w.org\/{rel}","templated":true}]}}