{"id":23645,"date":"2025-01-03T14:56:33","date_gmt":"2025-01-03T11:56:33","guid":{"rendered":"https:\/\/denizcankizil.tr\/uncategorized-tr\/2024-aralik-aym-iptal-ve-ihlal-kararlari-idare-hukuku\/"},"modified":"2025-01-03T14:56:33","modified_gmt":"2025-01-03T11:56:33","slug":"2024-aralik-aym-iptal-ve-ihlal-kararlari-idare-hukuku","status":"publish","type":"post","link":"http:\/\/denizcankizil.tr\/ru\/koseyazilari\/degerlendirme\/2024-aralik-aym-iptal-ve-ihlal-kararlari-idare-hukuku\/","title":{"rendered":"2024 Aral\u0131k AYM \u0130ptal ve \u0130hlal Kararlar\u0131: \u0130dare Hukuku"},"content":{"rendered":"<p> <strong>2024 Aral\u0131k AYM \u0130ptal ve \u0130hlal Kararlar\u0131:\u200c \u0130dare \u2064Hukuku \u00dczerine Bir De\u011ferlendirme<\/strong><\/p>\n<p>Anayasa Mahkemesi, T\u00fcrkiye\u200c Cumhuriyeti&#8217;nin temel hukuk d\u00fczeninin korunmas\u0131nda\u2062 ve bireylerin haklar\u0131n\u0131n g\u00fcvence alt\u0131na al\u0131nmas\u0131nda kritik bir rol oynamaktad\u0131r. 2024 y\u0131l\u0131 Aral\u0131k ay\u0131nda al\u0131nan iptal ve\u200c ihlal \u200bkararlar\u0131, idare hukuku a\u00e7\u0131s\u0131ndan \u00f6nemli bir \u2063d\u00f6n\u00fcm noktas\u0131\u200c te\u015fkil etmektedir. Bu kararlar, idari i\u015flemlerin hukuka uygunlu\u011funu denetleme i\u015flevinin yan\u0131 s\u0131ra, bireylerin kamu g\u00fcc\u00fc kar\u015f\u0131s\u0131ndaki haklar\u0131n\u0131 koruma amac\u0131n\u0131 da ta\u015f\u0131maktad\u0131r. Bu makalede, Anayasa \u200dMahkemesi&#8217;nin 2024 Aral\u0131k ay\u0131nda verdi\u011fi \u2063iptal ve\u200d ihlal kararlar\u0131n\u0131n i\u00e7eri\u011fi, hukuki dayanaklar\u0131 ve idare hukuku \u00fczerindeki \u2064etkileri detayl\u0131 bir \u015fekilde \u200dincelenecek; ayr\u0131ca bu kararlar\u0131n, T\u00fcrkiye&#8217;deki idari yarg\u0131 sistemine ve bireylerin hak arama \u00f6zg\u00fcrl\u00fc\u011f\u00fcne katk\u0131lar\u0131 de\u011ferlendirilecektir.\u200b Anayasa Mahkemesi&#8217;nin bu kararlar\u0131, hukukun \u00fcst\u00fcnl\u00fc\u011f\u00fc ilkesinin g\u00fc\u00e7lendirilmesi \u200dve\u200b idare ile birey aras\u0131ndaki dengeyi sa\u011flama\u2062 a\u00e7\u0131s\u0131ndan b\u00fcy\u00fck \u200cbir \u00f6nem arz etmektedir.<br \/><img decoding=\"async\" class=\"kimage_class lazyload\" data-src=\"https:\/\/denizcankizil.tr\/wp-content\/uploads\/2024\/10\/ii_200.jpg\" alt=\"2024 Aral\u0131k AYM \u0130ptal ve \u0130hlal \u200cKararlar\u0131n\u0131n\u2064 Genel \u200bDe\u011ferlendirmesi\" src=\"data:image\/svg+xml;base64,PHN2ZyB3aWR0aD0iMSIgaGVpZ2h0PSIxIiB4bWxucz0iaHR0cDovL3d3dy53My5vcmcvMjAwMC9zdmciPjwvc3ZnPg==\"><\/p>\n<h2 id=\"2024-aralik-aym-iptal-ve-ihlal-kararlarinin-genel-degerlendirmesi\">2024 Aral\u0131k AYM \u0130ptal ve \u200c\u0130hlal Kararlar\u0131n\u0131n Genel De\u011ferlendirmesi<\/h2>\n<section>\n<p>2024 y\u0131l\u0131 Aral\u0131k ay\u0131nda Anayasa \u200dMahkemesi (AYM) \u2062taraf\u0131ndan verilen iptal ve ihlal kararlar\u0131, idare hukuku a\u00e7\u0131s\u0131ndan \u00f6nemli bir d\u00f6n\u00fcm \u200dnoktas\u0131 te\u015fkil etmektedir. Bu \u200bkararlar, kamu y\u00f6netimi ve \u200cbireyler aras\u0131ndaki\u2064 ili\u015fkilerin \u2063d\u00fczenlenmesinde kritik bir rol oynamaktad\u0131r. AYM&#8217;nin bu d\u00f6nemdeki\u2064 kararlar\u0131, hukukun \u00fcst\u00fcnl\u00fc\u011f\u00fc\u2063 ilkesinin g\u00fc\u00e7lendirilmesi ve bireysel \u2064haklar\u0131n korunmas\u0131 a\u00e7\u0131s\u0131ndan dikkate \u2063de\u011ferdir.<\/p>\n<p>Bu ba\u011flamda,\u200b AYM&#8217;nin verdi\u011fi kararlar\u0131n baz\u0131 temel \u00f6zellikleri \u015fu \u015fekilde \u2064\u00f6zetlenebilir:<\/p>\n<ul>\n<li><strong>Hukukun\u200d \u00dcst\u00fcnl\u00fc\u011f\u00fc:<\/strong> AYM, hukukun \u00fcst\u00fcnl\u00fc\u011f\u00fc ilkesini vurgulayarak, idari i\u015flemlerin \u200dyasall\u0131\u011f\u0131n\u0131 denetleme g\u00f6revini yerine \u2064getirmi\u015ftir.<\/li>\n<li><strong>Bireysel Haklar\u0131n Korunmas\u0131:<\/strong> Verilen kararlar,\u2063 bireylerin \u2062temel hak ve \u00f6zg\u00fcrl\u00fcklerinin ihlal \u2062edilmemesi ad\u0131na \u00f6nemli bir koruma mekanizmas\u0131 \u2063sunmaktad\u0131r.<\/li>\n<li><strong>\u0130dari Disiplin:<\/strong> \u0130dare \u2062hukuku \u00e7er\u00e7evesinde, kamu\u200c kurumlar\u0131n\u0131n faaliyetlerinin denetlenmesi ve disiplin alt\u0131na \u2062al\u0131nmas\u0131\u2064 gerekti\u011fi \u200cvurgulanm\u0131\u015ft\u0131r.<\/li>\n<\/ul>\n<p>Sonu\u00e7 olarak, 2024\u200c Aral\u0131k ay\u0131ndaki AYM kararlar\u0131, idare hukuku alan\u0131nda \u00f6nemli bir geli\u015fme olarak\u2062 de\u011ferlendirilmektedir. Bu kararlar, hem \u2062kamu y\u00f6netimi hem de bireyler i\u00e7in \u2063hukuki g\u00fcvenli\u011fi art\u0131rmakta ve Anayasa&#8217;n\u0131n temel \u200bilkelerine\u200b olan ba\u011fl\u0131l\u0131\u011f\u0131 peki\u015ftirmektedir. Gelecek d\u00f6nemde, \u2063bu kararlar\u0131n uygulama sonu\u00e7lar\u0131\u200b ve etkileri, hukuk camias\u0131 taraf\u0131ndan yak\u0131ndan takip edilecektir.<\/p>\n<\/section>\n<p><img decoding=\"async\" class=\"kimage_class lazyload\" data-src=\"https:\/\/denizcankizil.tr\/wp-content\/uploads\/2024\/10\/puo6A-253D.jpg\" alt=\"\u0130dare Hukukunda Anayasa Mahkemesi Kararlar\u0131n\u0131n Etkisi\" src=\"data:image\/svg+xml;base64,PHN2ZyB3aWR0aD0iMSIgaGVpZ2h0PSIxIiB4bWxucz0iaHR0cDovL3d3dy53My5vcmcvMjAwMC9zdmciPjwvc3ZnPg==\"><\/p>\n<h2 id=\"idare-hukukunda-anayasa-mahkemesi-kararlarinin-etkisi\">\u0130dare Hukukunda Anayasa Mahkemesi\u200c Kararlar\u0131n\u0131n Etkisi<\/h2>\n<p>\u0130dare hukuku, kamu y\u00f6netiminin faaliyetlerini d\u00fczenleyen ve bireylerin idare \u2062ile \u2064olan ili\u015fkilerini belirleyen bir hukuk dal\u0131d\u0131r. Anayasa Mahkemesi,\u200b bu alanda verdi\u011fi kararlarla idare hukukunun geli\u015fimine \u200d\u00f6nemli katk\u0131larda bulunmaktad\u0131r. 2024 Aral\u0131k ay\u0131nda al\u0131nan iptal\u2064 ve ihlal\u200c kararlar\u0131, idare hukukunun temel ilkeleri \u00fczerinde derin etkiler yaratm\u0131\u015ft\u0131r.<\/p>\n<p>Bu kararlar\u0131n etkileri, a\u015fa\u011f\u0131daki ba\u015fl\u0131klar \u2063alt\u0131nda incelenebilir:<\/p>\n<ul>\n<li><strong>Hukukun \u00dcst\u00fcnl\u00fc\u011f\u00fc:<\/strong> \u2063 Anayasa Mahkemesi, hukukun \u00fcst\u00fcnl\u00fc\u011f\u00fcn\u00fc sa\u011flamak\u200d amac\u0131yla, idari i\u015flemlerin anayasaya uygunlu\u011funu denetlemektedir. Bu denetim, bireylerin haklar\u0131n\u0131n korunmas\u0131nda\u200b kritik bir rol oynamaktad\u0131r.<\/li>\n<li><strong>\u0130dari \u0130\u015flemlerin \u2063Denetimi:<\/strong> Mahkeme, idari i\u015flemlerin hukuka uygunlu\u011funu de\u011ferlendirerek, keyfi uygulamalar\u0131n \u00f6n\u00fcne \u2063ge\u00e7mektedir. \u2063Bu durum, idare ile\u200c bireyler aras\u0131ndaki g\u00fcven ili\u015fkisini g\u00fc\u00e7lendirmektedir.<\/li>\n<li><strong>Temel Haklar\u0131n Korunmas\u0131:<\/strong> Anayasa\u2064 Mahkemesi, bireylerin temel haklar\u0131n\u0131 koruma g\u00f6revini \u00fcstlenerek, idare hukuku \u00e7er\u00e7evesinde hak ihlallerinin \u00f6n\u00fcne ge\u00e7mektedir. Bu ba\u011flamda, al\u0131nan kararlar, \u2062bireylerin haklar\u0131n\u0131n\u200d g\u00fcvence alt\u0131na\u2062 al\u0131nmas\u0131na katk\u0131 sa\u011flamaktad\u0131r.<\/li>\n<\/ul>\n<p>Sonu\u00e7 olarak, Anayasa Mahkemesi&#8217;nin idare hukuku \u00fczerindeki etkisi,\u200b hukukun \u200b\u00fcst\u00fcnl\u00fc\u011f\u00fc, idari i\u015flemlerin denetimi\u200c ve temel haklar\u0131n \u200bkorunmas\u0131\u200d gibi alanlarda kendini g\u00f6stermektedir. 2024 Aral\u0131k ay\u0131ndaki kararlar, bu\u2062 ba\u011flamda\u2064 \u00f6nemli bir d\u00f6n\u00fcm \u2063noktas\u0131 te\u015fkil etmekte\u200b ve idare hukukunun \u200cgeli\u015fimine y\u00f6n \u200dvermektedir.<\/p>\n<p><img decoding=\"async\" class=\"kimage_class lazyload\" data-src=\"https:\/\/denizcankizil.tr\/wp-content\/uploads\/2024\/10\/H7KLQ-253D.jpg\" alt=\"\u0130ptal Kararlar\u0131n\u0131n \u0130dari \u0130\u015flemler \u00dczerindeki Yans\u0131malar\u0131\" src=\"data:image\/svg+xml;base64,PHN2ZyB3aWR0aD0iMSIgaGVpZ2h0PSIxIiB4bWxucz0iaHR0cDovL3d3dy53My5vcmcvMjAwMC9zdmciPjwvc3ZnPg==\"><\/p>\n<h2 id=\"iptal-kararlarinin-idari-islemler-uzerindeki-yansimalari\">\u0130ptal\u200c Kararlar\u0131n\u0131n \u2063\u0130dari \u0130\u015flemler \u00dczerindeki Yans\u0131malar\u0131<\/h2>\n<section>\n<p>\u0130dare hukuku ba\u011flam\u0131nda, Anayasa\u2064 Mahkemesi taraf\u0131ndan verilen iptal kararlar\u0131, idari i\u015flemlerin ge\u00e7erlili\u011fi ve hukuka uygunlu\u011fu \u00fczerinde \u00f6nemli \u200betkilere sahiptir.\u2063 Bu kararlar, yaln\u0131zca\u2062 belirli bir i\u015flemi de\u011fil, \u2064ayn\u0131 zamanda\u2064 benzer \u2062nitelikteki di\u011fer i\u015flemleri de etkileyebilir. \u200c\u0130ptal kararlar\u0131n\u0131n idari i\u015flemler\u200d \u00fczerindeki yans\u0131malar\u0131 \u200b\u015fu \u015fekilde \u00f6zetlenebilir:<\/p>\n<ul>\n<li><strong>Hukuki G\u00fcvenlik:<\/strong> \u200b \u0130ptal kararlar\u0131, idari i\u015flemlerin hukuka uygunlu\u011funu\u200b sa\u011flamak amac\u0131yla, <a href=\"https:\/\/denizcankizil.tr\/ru\/koseyazilari\/degerlendirme\/derhal-beraat-ve-dusme-kararlari-hukuki-degerlendirme\/\" title=\"Derhal Beraat ve D\u00fc\u015fme Kararlar\u0131: Hukuki De\u011ferlendirme\">hukuki g\u00fcvenli\u011fi art\u0131r\u0131r<\/a>. Bu durum, bireylerin haklar\u0131n\u0131n korunmas\u0131na katk\u0131 \u200dsa\u011flar.<\/li>\n<li><strong>\u0130dari Uygulamalar:<\/strong> Anayasa Mahkemesi&#8217;nin iptal \u200bkararlar\u0131,\u2062 idarelerin uygulamalar\u0131nda de\u011fi\u015fiklik yapmalar\u0131n\u0131 zorunlu k\u0131lar. Bu, idarenin daha dikkatli ve hukuka uygun hareket etmesine yol a\u00e7ar.<\/li>\n<li><strong>\u00d6ng\u00f6r\u00fclebilirlik:<\/strong> \u0130ptal kararlar\u0131, idari i\u015flemlerin \u00f6ng\u00f6r\u00fclebilirli\u011fini art\u0131rarak,\u200b bireylerin idare ile olan ili\u015fkilerinde daha sa\u011flam bir zemin olu\u015fturur.<\/li>\n<li><strong>Yarg\u0131 Denetimi:<\/strong> \u0130ptal kararlar\u0131, yarg\u0131 denetiminin etkinli\u011fini peki\u015ftirir. Bu durum, idarenin keyfi \u200duygulamalar\u0131n\u0131 engelleyerek, hukukun \u00fcst\u00fcnl\u00fc\u011f\u00fcn\u00fc tesis \u200ceder.<\/li>\n<\/ul>\n<p>Sonu\u00e7 olarak,\u2064 Anayasa Mahkemesi&#8217;nin\u2063 iptal kararlar\u0131, idari i\u015flemlerin \u2062hukuka uygunlu\u011funu \u2064sa\u011flamakla kalmay\u0131p, ayn\u0131 zamanda \u200bidare ile bireyler aras\u0131ndaki ili\u015fkilerin \u2062daha\u200b sa\u011fl\u0131kl\u0131 bir \u015fekilde \u200cy\u00fcr\u00fct\u00fclmesine \u2062de\u200b katk\u0131da bulunmaktad\u0131r. Bu ba\u011flamda, \u2064idare hukuku alan\u0131nda \u2062yap\u0131lan denetimlerin \u00f6nemi \u2062bir kez daha ortaya \u00e7\u0131kmaktad\u0131r.<\/p>\n<\/section>\n<p><img decoding=\"async\" class=\"kimage_class lazyload\" data-src=\"https:\/\/denizcankizil.tr\/wp-content\/uploads\/2024\/10\/ounsel-scaled.jpg\" alt=\"\u0130hlal Kararlar\u0131n\u0131n Uygulama Alanlar\u0131 ve Sonu\u00e7lar\u0131\" src=\"data:image\/svg+xml;base64,PHN2ZyB3aWR0aD0iMSIgaGVpZ2h0PSIxIiB4bWxucz0iaHR0cDovL3d3dy53My5vcmcvMjAwMC9zdmciPjwvc3ZnPg==\"><\/p>\n<h2 id=\"ihlal-kararlarinin-uygulama-alanlari-ve-sonuclari\">\u0130hlal Kararlar\u0131n\u0131n Uygulama Alanlar\u0131 ve Sonu\u00e7lar\u0131<\/h2>\n<section>\n<p>\u0130hlal kararlar\u0131, Anayasa Mahkemesi taraf\u0131ndan verilen ve bireylerin temel hak ve \u00f6zg\u00fcrl\u00fcklerinin\u200c ihlal edildi\u011fini tespit eden kararlard\u0131r.\u2064 Bu kararlar, yaln\u0131zca\u200c bireysel ba\u015fvurularla s\u0131n\u0131rl\u0131 kalmay\u0131p, ayn\u0131 \u200dzamanda kamu otoritelerinin uygulamalar\u0131n\u0131 da etkilemektedir. \u0130hlal kararlar\u0131n\u0131n uygulama alanlar\u0131, genellikle a\u015fa\u011f\u0131daki ba\u015fl\u0131klar alt\u0131nda toplanabilir:<\/p>\n<ul>\n<li><strong>Temel Haklar\u0131n Korunmas\u0131:<\/strong> \u2063\u0130hlal \u2064kararlar\u0131, bireylerin haklar\u0131n\u0131n \u2062korunmas\u0131na y\u00f6nelik \u00f6nemli\u2062 bir mekanizma i\u015flevi g\u00f6rmektedir.<\/li>\n<li><strong>\u0130dari Uygulamalar:<\/strong> Kamu idarelerinin uygulamalar\u0131nda, Anayasa Mahkemesi&#8217;nin ihlal kararlar\u0131, idari i\u015flemlerin g\u00f6zden\u2063 ge\u00e7irilmesine ve d\u00fczeltilmesine yol a\u00e7abilir.<\/li>\n<li><strong>Yarg\u0131 \u200dS\u00fcre\u00e7leri:<\/strong> \u0130hlal kararlar\u0131, yarg\u0131 s\u00fcre\u00e7lerinde\u200c emsal\u200d te\u015fkil ederek, benzer davalar\u0131n seyrini etkileyebilir.<\/li>\n<\/ul>\n<p>Bu kararlar\u0131n\u200d sonu\u00e7lar\u0131, hem bireyler hem de \u200bkamu otoriteleri a\u00e7\u0131s\u0131ndan olduk\u00e7a \u00f6nemlidir.\u200c \u0130hlal kararlar\u0131, devletin y\u00fck\u00fcml\u00fcl\u00fcklerini yerine getirmesi ve bireylerin haklar\u0131n\u0131n g\u00fcvence \u200balt\u0131na al\u0131nmas\u0131 a\u00e7\u0131s\u0131ndan kritik bir rol oynamaktad\u0131r. \u2062Ayr\u0131ca, bu kararlar, hukukun \u00fcst\u00fcnl\u00fc\u011f\u00fc\u2064 ilkesinin g\u00fc\u00e7lenmesine ve demokratik de\u011ferlerin korunmas\u0131na katk\u0131da bulunmaktad\u0131r. Sonu\u00e7 olarak, Anayasa Mahkemesi&#8217;nin ihlal \u200dkararlar\u0131, hukuk sisteminin i\u015fleyi\u015finde ve bireylerin haklar\u0131n\u0131n korunmas\u0131nda\u200c belirleyici bir etkiye sahiptir.<\/p>\n<\/section>\n<p><img decoding=\"async\" class=\"kimage_class lazyload\" data-src=\"https:\/\/denizcankizil.tr\/wp-content\/uploads\/2024\/10\/mpmXk-253D.jpg\" alt=\"Anayasa Mahkemesi Kararlar\u0131n\u0131n \u2062\u0130dare Hukuku Prati\u011fine Katk\u0131lar\u0131\" src=\"data:image\/svg+xml;base64,PHN2ZyB3aWR0aD0iMSIgaGVpZ2h0PSIxIiB4bWxucz0iaHR0cDovL3d3dy53My5vcmcvMjAwMC9zdmciPjwvc3ZnPg==\"><\/p>\n<h2 id=\"anayasa-mahkemesi-kararlarinin-idare-hukuku-pratigine-katkilari\">Anayasa Mahkemesi Kararlar\u0131n\u0131n \u2064\u0130dare Hukuku Prati\u011fine Katk\u0131lar\u0131<\/h2>\n<section>\n<p>        Anayasa Mahkemesi, T\u00fcrkiye&#8217;deki idare \u2062hukuku uygulamalar\u0131nda \u00f6nemli bir rol oynamaktad\u0131r. Mahkeme, verdi\u011fi iptal ve ihlal kararlar\u0131 ile idari\u2063 i\u015flemlerin hukuka uygunlu\u011funu denetleyerek, bireylerin haklar\u0131n\u0131 koruma g\u00f6revini \u00fcstlenmektedir. Bu \u2062ba\u011flamda, Anayasa\u200b Mahkemesi&#8217;nin\u2063 kararlar\u0131, idare hukuku prati\u011finde a\u015fa\u011f\u0131daki \u015fekillerde katk\u0131 sa\u011flamaktad\u0131r:\n    <\/p>\n<ul>\n<li><strong>Hukukun \u00dcst\u00fcnl\u00fc\u011f\u00fc \u0130lkesi:<\/strong> Anayasa Mahkemesi, hukukun \u200c\u00fcst\u00fcnl\u00fc\u011f\u00fcn\u00fc tesis ederek, idari i\u015flemlerin keyfi uygulamalar\u0131n\u0131 engellemektedir.<\/li>\n<li><strong>Bireysel Ba\u015fvuru Hakk\u0131:<\/strong> Mahkeme, bireylerin idareye \u200dkar\u015f\u0131\u200b hak arama \u200d\u00f6zg\u00fcrl\u00fc\u011f\u00fcn\u00fc g\u00fcvence alt\u0131na alarak, idari yarg\u0131n\u0131n etkinli\u011fini\u200c art\u0131rmaktad\u0131r.<\/li>\n<li><strong>\u0130\u00e7tihat Geli\u015fimi:<\/strong> Verilen \u2062kararlar, idare hukuku alan\u0131nda i\u00e7tihatlar\u0131n\u200c olu\u015fmas\u0131na ve geli\u015fmesine katk\u0131da bulunarak, uygulay\u0131c\u0131lar i\u00e7in bir rehber niteli\u011fi ta\u015f\u0131maktad\u0131r.<\/li>\n<li><strong>Toplumsal Adaletin Sa\u011flanmas\u0131:<\/strong> Anayasa Mahkemesi, kararlar\u0131 ile <a href=\"https:\/\/denizcankizil.tr\/ru\/alanlar\/medeni-hukuk\/\" title=\"\u0413\u0440\u0430\u0436\u0434\u0430\u043d\u0441\u043a\u043e\u0435 \u043f\u0440\u0430\u0432\u043e\">toplumsal adaletin sa\u011flanmas\u0131<\/a>na y\u00f6nelik \u00f6nemli ad\u0131mlar \u200datmakta, bireylerin haklar\u0131n\u0131 korumaktad\u0131r.<\/li>\n<\/ul>\n<p>        \u2064     \u200b Sonu\u00e7 olarak, Anayasa Mahkemesi&#8217;nin iptal ve ihlal kararlar\u0131, idare hukuku prati\u011finde sadece hukuki bir denetim mekanizmas\u0131 de\u011fil, ayn\u0131 zamanda bireylerin haklar\u0131n\u0131n \u200ckorunmas\u0131 ve hukukun \u00fcst\u00fcnl\u00fc\u011f\u00fcn\u00fcn sa\u011flanmas\u0131 a\u00e7\u0131s\u0131ndan kritik bir \u00f6neme\u2063 sahiptir. Bu\u200c kararlar, idare\u2064 hukuku alan\u0131nda daha adil ve \u015feffaf bir uygulama ortam\u0131n\u0131n olu\u015fmas\u0131na\u2063 katk\u0131da bulunmaktad\u0131r.\n    <\/p>\n<\/section>\n<p><img decoding=\"async\" class=\"kimage_class lazyload\" data-src=\"https:\/\/denizcankizil.tr\/wp-content\/uploads\/2024\/10\/o04aha.jpg\" alt=\"Gelecekteki \u0130dare Hukuku Uygulamalar\u0131 \u00dczerine \u00d6ng\u00f6r\u00fcler\" src=\"data:image\/svg+xml;base64,PHN2ZyB3aWR0aD0iMSIgaGVpZ2h0PSIxIiB4bWxucz0iaHR0cDovL3d3dy53My5vcmcvMjAwMC9zdmciPjwvc3ZnPg==\"><\/p>\n<h2 id=\"gelecekteki-idare-hukuku-uygulamalari-uzerine-ongoruler\">Gelecekteki \u0130dare Hukuku Uygulamalar\u0131 \u00dczerine \u2063\u00d6ng\u00f6r\u00fcler<\/h2>\n<section>\n<p>\u0130dare hukuku, kamu y\u00f6netiminin\u2062 i\u015fleyi\u015fini d\u00fczenleyen \u200c\u00f6nemli bir alan\u2064 olarak, gelecekteki uygulamalar\u0131yla ilgili\u200b \u00e7e\u015fitli \u00f6ng\u00f6r\u00fcler sunmaktad\u0131r.\u2063 2024 Aral\u0131k ay\u0131nda Anayasa Mahkemesi taraf\u0131ndan al\u0131nacak iptal ve ihlal kararlar\u0131, bu alandaki geli\u015fmeleri \u015fekillendirecek unsurlar aras\u0131nda yer almaktad\u0131r. Bu kararlar\u0131n, idare hukuku uygulamalar\u0131nda nas\u0131l bir etki \u2062yarataca\u011f\u0131na dair\u200b baz\u0131 \u00f6nemli noktalar \u2064\u015funlard\u0131r:<\/p>\n<ul>\n<li><strong>Hukukun \u00dcst\u00fcnl\u00fc\u011f\u00fc:<\/strong> Anayasa Mahkemesi&#8217;nin kararlar\u0131, \u2062hukukun \u00fcst\u00fcnl\u00fc\u011f\u00fc ilkesinin g\u00fc\u00e7lenmesine\u200b katk\u0131 sa\u011flayacakt\u0131r.<\/li>\n<li><strong>\u0130dari Disiplin:<\/strong> \u2064\u0130dare \u200dhukuku uygulamalar\u0131nda disiplinin art\u0131r\u0131lmas\u0131,\u200c kamu hizmetlerinin etkinli\u011fini art\u0131racakt\u0131r.<\/li>\n<li><strong>\u015eeffafl\u0131k ve Hesap Verebilirlik:<\/strong> Gelecekteki\u200b uygulamalar, kamu y\u00f6netiminde \u015feffafl\u0131k ve hesap verebilirlik\u2064 ilkelerinin daha fazla \u00f6n plana \u00e7\u0131kmas\u0131n\u0131 sa\u011flayacakt\u0131r.<\/li>\n<\/ul>\n<p>Bu \u00f6ng\u00f6r\u00fcler, idare hukuku alan\u0131nda yap\u0131lacak reformlar\u0131n ve uygulamalar\u0131n, kamu y\u00f6netiminin daha etkin ve adil bir \u015fekilde i\u015flemesine\u200c olanak tan\u0131yaca\u011f\u0131n\u0131 g\u00f6stermektedir. Anayasa\u200d Mahkemesi&#8217;nin\u2063 kararlar\u0131, bu s\u00fcre\u00e7te belirleyici bir rol oynayarak,\u200b idare hukuku uygulamalar\u0131n\u0131n geli\u015fimine y\u00f6n\u200c verecektir.<\/p>\n<\/section>\n<p>Sonu\u00e7 olarak, 2024 Aral\u0131k ay\u0131nda Anayasa Mahkemesi taraf\u0131ndan verilen iptal ve ihlal kararlar\u0131, idare\u200c hukuku \u200dalan\u0131nda \u2062\u00f6nemli \u2063bir d\u00f6n\u00fcm noktas\u0131 te\u015fkil etmektedir. Bu \u200ckararlar, idarenin yetki a\u015f\u0131m\u0131, bireylerin haklar\u0131n\u0131n korunmas\u0131 ve hukukun \u00fcst\u00fcnl\u00fc\u011f\u00fc ilkelerinin g\u00fc\u00e7lendirilmesi a\u00e7\u0131s\u0131ndan kritik bir rol oynamaktad\u0131r. Anayasa Mahkemesi\u2019nin, yasalar\u0131n ve anayasan\u0131n \u00f6ng\u00f6rd\u00fc\u011f\u00fc \u00e7er\u00e7evede \u200dger\u00e7ekle\u015ftirdi\u011fi denetim, bireylerin devlet kar\u015f\u0131s\u0131ndaki konumunu sa\u011flamla\u015ft\u0131rmakta ve idari \u2063i\u015flemlerin hukuka \u2064uygunlu\u011funu temin etmektedir. \u0130dare hukuku uygulay\u0131c\u0131lar\u0131 ve akademisyenler i\u00e7in\u200d bu kararlar, gelecekteki yarg\u0131 s\u00fcre\u00e7leri ve idari uygulamalar \u00fczerinde belirleyici bir etki yaratacak niteliktedir. Dolay\u0131s\u0131yla, Anayasa Mahkemesi\u2019nin bu\u200b kararlar\u0131n\u0131\u2063 dikkatle incelemek ve \u2063de\u011ferlendirmek, hukuk sistemimizin geli\u015fimi a\u00e7\u0131s\u0131ndan b\u00fcy\u00fck \u00f6nem ta\u015f\u0131maktad\u0131r. <\/p>","protected":false},"excerpt":{"rendered":"<p>2024 Aral\u0131k ay\u0131nda Anayasa Mahkemesi taraf\u0131ndan verilen iptal ve ihlal kararlar\u0131, idare hukuku a\u00e7\u0131s\u0131ndan \u00f6nemli bir d\u00f6n\u00fcm noktas\u0131 te\u015fkil etmektedir. Bu kararlar, idari i\u015flemlerin hukuka uygunlu\u011funu ve bireylerin haklar\u0131n\u0131 koruma amac\u0131n\u0131 ta\u015f\u0131maktad\u0131r.<\/p>","protected":false},"author":4,"featured_media":23646,"comment_status":"open","ping_status":"open","sticky":false,"template":"","format":"standard","meta":{"_acf_changed":false,"footnotes":""},"categories":[22],"tags":[],"class_list":["post-23645","post","type-post","status-publish","format-standard","has-post-thumbnail","hentry","category-degerlendirme"],"acf":[],"yoast_head":"<!-- This site is optimized with the Yoast SEO Premium plugin v26.6 (Yoast SEO v27.1.1) - https:\/\/yoast.com\/product\/yoast-seo-premium-wordpress\/ -->\n<title>2024 Aral\u0131k AYM \u0130ptal ve \u0130hlal Kararlar\u0131: \u0130dare Hukuku - Av. Deniz Can K\u0131z\u0131l<\/title>\n<meta name=\"robots\" content=\"index, follow, max-snippet:-1, max-image-preview:large, max-video-preview:-1\" \/>\n<link rel=\"canonical\" href=\"http:\/\/denizcankizil.tr\/ru\/koseyazilari\/degerlendirme\/2024-aralik-aym-iptal-ve-ihlal-kararlari-idare-hukuku\/\" \/>\n<meta property=\"og:locale\" content=\"ru_RU\" \/>\n<meta property=\"og:type\" content=\"article\" \/>\n<meta property=\"og:title\" content=\"2024 Aral\u0131k AYM \u0130ptal ve \u0130hlal Kararlar\u0131: \u0130dare Hukuku\" \/>\n<meta property=\"og:description\" content=\"2024 Aral\u0131k ay\u0131nda Anayasa Mahkemesi taraf\u0131ndan verilen iptal ve ihlal kararlar\u0131, idare hukuku a\u00e7\u0131s\u0131ndan \u00f6nemli bir d\u00f6n\u00fcm noktas\u0131 te\u015fkil etmektedir. Bu kararlar, idari i\u015flemlerin hukuka uygunlu\u011funu ve bireylerin haklar\u0131n\u0131 koruma amac\u0131n\u0131 ta\u015f\u0131maktad\u0131r.\" \/>\n<meta property=\"og:url\" content=\"http:\/\/denizcankizil.tr\/ru\/koseyazilari\/degerlendirme\/2024-aralik-aym-iptal-ve-ihlal-kararlari-idare-hukuku\/\" \/>\n<meta property=\"og:site_name\" content=\"Av. Deniz Can K\u0131z\u0131l\" \/>\n<meta property=\"article:published_time\" content=\"2025-01-03T11:56:33+00:00\" \/>\n<meta property=\"og:image\" content=\"http:\/\/denizcankizil.tr\/wp-content\/uploads\/2025\/01\/23645-2024-aralik-aym-iptal-ve-ihlal-kararlari-idare-hukuku.jpg\" \/>\n\t<meta property=\"og:image:width\" content=\"800\" \/>\n\t<meta property=\"og:image:height\" content=\"800\" \/>\n\t<meta property=\"og:image:type\" content=\"image\/jpeg\" \/>\n<meta name=\"author\" content=\"Av. Deniz Can K\u0131z\u0131l\" \/>\n<meta name=\"twitter:card\" content=\"summary_large_image\" \/>\n<meta name=\"twitter:label1\" content=\"\u041d\u0430\u043f\u0438\u0441\u0430\u043d\u043e \u0430\u0432\u0442\u043e\u0440\u043e\u043c\" \/>\n\t<meta name=\"twitter:data1\" content=\"Av. Deniz Can K\u0131z\u0131l\" \/>\n\t<meta name=\"twitter:label2\" content=\"\u041f\u0440\u0438\u043c\u0435\u0440\u043d\u043e\u0435 \u0432\u0440\u0435\u043c\u044f \u0434\u043b\u044f \u0447\u0442\u0435\u043d\u0438\u044f\" \/>\n\t<meta name=\"twitter:data2\" content=\"8 \u043c\u0438\u043d\u0443\u0442\" \/>\n<script type=\"application\/ld+json\" class=\"yoast-schema-graph\">{\"@context\":\"https:\/\/schema.org\",\"@graph\":[{\"@type\":\"Article\",\"@id\":\"http:\/\/denizcankizil.tr\/ru\/koseyazilari\/degerlendirme\/2024-aralik-aym-iptal-ve-ihlal-kararlari-idare-hukuku\/#article\",\"isPartOf\":{\"@id\":\"http:\/\/denizcankizil.tr\/ru\/koseyazilari\/degerlendirme\/2024-aralik-aym-iptal-ve-ihlal-kararlari-idare-hukuku\/\"},\"author\":{\"name\":\"Av. Deniz Can K\u0131z\u0131l\",\"@id\":\"https:\/\/denizcankizil.tr\/de\/#\/schema\/person\/5dc1b22991bd7ac833867c10afc9b0ff\"},\"headline\":\"2024 Aral\u0131k AYM \u0130ptal ve \u0130hlal Kararlar\u0131: \u0130dare Hukuku\",\"datePublished\":\"2025-01-03T11:56:33+00:00\",\"mainEntityOfPage\":{\"@id\":\"http:\/\/denizcankizil.tr\/ru\/koseyazilari\/degerlendirme\/2024-aralik-aym-iptal-ve-ihlal-kararlari-idare-hukuku\/\"},\"wordCount\":1685,\"commentCount\":0,\"publisher\":{\"@id\":\"https:\/\/denizcankizil.tr\/de\/#organization\"},\"image\":{\"@id\":\"http:\/\/denizcankizil.tr\/ru\/koseyazilari\/degerlendirme\/2024-aralik-aym-iptal-ve-ihlal-kararlari-idare-hukuku\/#primaryimage\"},\"thumbnailUrl\":\"http:\/\/denizcankizil.tr\/wp-content\/uploads\/2025\/01\/23645-2024-aralik-aym-iptal-ve-ihlal-kararlari-idare-hukuku.jpg\",\"articleSection\":[\"De\u011ferlendirme\"],\"inLanguage\":\"ru-RU\",\"potentialAction\":[{\"@type\":\"CommentAction\",\"name\":\"Comment\",\"target\":[\"http:\/\/denizcankizil.tr\/ru\/koseyazilari\/degerlendirme\/2024-aralik-aym-iptal-ve-ihlal-kararlari-idare-hukuku\/#respond\"]}]},{\"@type\":\"WebPage\",\"@id\":\"http:\/\/denizcankizil.tr\/ru\/koseyazilari\/degerlendirme\/2024-aralik-aym-iptal-ve-ihlal-kararlari-idare-hukuku\/\",\"url\":\"http:\/\/denizcankizil.tr\/ru\/koseyazilari\/degerlendirme\/2024-aralik-aym-iptal-ve-ihlal-kararlari-idare-hukuku\/\",\"name\":\"2024 Aral\u0131k AYM \u0130ptal ve \u0130hlal Kararlar\u0131: \u0130dare Hukuku - Av. Deniz Can K\u0131z\u0131l\",\"isPartOf\":{\"@id\":\"https:\/\/denizcankizil.tr\/de\/#website\"},\"primaryImageOfPage\":{\"@id\":\"http:\/\/denizcankizil.tr\/ru\/koseyazilari\/degerlendirme\/2024-aralik-aym-iptal-ve-ihlal-kararlari-idare-hukuku\/#primaryimage\"},\"image\":{\"@id\":\"http:\/\/denizcankizil.tr\/ru\/koseyazilari\/degerlendirme\/2024-aralik-aym-iptal-ve-ihlal-kararlari-idare-hukuku\/#primaryimage\"},\"thumbnailUrl\":\"http:\/\/denizcankizil.tr\/wp-content\/uploads\/2025\/01\/23645-2024-aralik-aym-iptal-ve-ihlal-kararlari-idare-hukuku.jpg\",\"datePublished\":\"2025-01-03T11:56:33+00:00\",\"breadcrumb\":{\"@id\":\"http:\/\/denizcankizil.tr\/ru\/koseyazilari\/degerlendirme\/2024-aralik-aym-iptal-ve-ihlal-kararlari-idare-hukuku\/#breadcrumb\"},\"inLanguage\":\"ru-RU\",\"potentialAction\":[{\"@type\":\"ReadAction\",\"target\":[\"http:\/\/denizcankizil.tr\/ru\/koseyazilari\/degerlendirme\/2024-aralik-aym-iptal-ve-ihlal-kararlari-idare-hukuku\/\"]}]},{\"@type\":\"ImageObject\",\"inLanguage\":\"ru-RU\",\"@id\":\"http:\/\/denizcankizil.tr\/ru\/koseyazilari\/degerlendirme\/2024-aralik-aym-iptal-ve-ihlal-kararlari-idare-hukuku\/#primaryimage\",\"url\":\"http:\/\/denizcankizil.tr\/wp-content\/uploads\/2025\/01\/23645-2024-aralik-aym-iptal-ve-ihlal-kararlari-idare-hukuku.jpg\",\"contentUrl\":\"http:\/\/denizcankizil.tr\/wp-content\/uploads\/2025\/01\/23645-2024-aralik-aym-iptal-ve-ihlal-kararlari-idare-hukuku.jpg\",\"width\":800,\"height\":800,\"caption\":\"2024 Aral\u0131k AYM \u0130ptal ve \u0130hlal Kararlar\u0131: \u0130dare Hukuku\"},{\"@type\":\"BreadcrumbList\",\"@id\":\"http:\/\/denizcankizil.tr\/ru\/koseyazilari\/degerlendirme\/2024-aralik-aym-iptal-ve-ihlal-kararlari-idare-hukuku\/#breadcrumb\",\"itemListElement\":[{\"@type\":\"ListItem\",\"position\":1,\"name\":\"Home\",\"item\":\"https:\/\/denizcankizil.tr\/de\/\"},{\"@type\":\"ListItem\",\"position\":2,\"name\":\"2024 Aral\u0131k AYM \u0130ptal ve \u0130hlal Kararlar\u0131: \u0130dare Hukuku\"}]},{\"@type\":\"WebSite\",\"@id\":\"https:\/\/denizcankizil.tr\/de\/#website\",\"url\":\"https:\/\/denizcankizil.tr\/de\/\",\"name\":\"Av. Deniz Can K\u0131z\u0131l\",\"description\":\"Avukat Deniz Can K\u0131z\u0131l Antalya Barosu\",\"publisher\":{\"@id\":\"https:\/\/denizcankizil.tr\/de\/#organization\"},\"potentialAction\":[{\"@type\":\"SearchAction\",\"target\":{\"@type\":\"EntryPoint\",\"urlTemplate\":\"https:\/\/denizcankizil.tr\/de\/?s={search_term_string}\"},\"query-input\":{\"@type\":\"PropertyValueSpecification\",\"valueRequired\":true,\"valueName\":\"search_term_string\"}}],\"inLanguage\":\"ru-RU\"},{\"@type\":\"Organization\",\"@id\":\"https:\/\/denizcankizil.tr\/de\/#organization\",\"name\":\"Av. Deniz Can K\u0131z\u0131l\",\"url\":\"https:\/\/denizcankizil.tr\/de\/\",\"logo\":{\"@type\":\"ImageObject\",\"inLanguage\":\"ru-RU\",\"@id\":\"https:\/\/denizcankizil.tr\/de\/#\/schema\/logo\/image\/\",\"url\":\"http:\/\/denizcankizil.tr\/wp-content\/uploads\/2024\/10\/siyah-logo-svg.svg\",\"contentUrl\":\"http:\/\/denizcankizil.tr\/wp-content\/uploads\/2024\/10\/siyah-logo-svg.svg\",\"width\":1080,\"height\":1080,\"caption\":\"Av. Deniz Can K\u0131z\u0131l\"},\"image\":{\"@id\":\"https:\/\/denizcankizil.tr\/de\/#\/schema\/logo\/image\/\"}},{\"@type\":\"Person\",\"@id\":\"https:\/\/denizcankizil.tr\/de\/#\/schema\/person\/5dc1b22991bd7ac833867c10afc9b0ff\",\"name\":\"Av. Deniz Can K\u0131z\u0131l\",\"image\":{\"@type\":\"ImageObject\",\"inLanguage\":\"ru-RU\",\"@id\":\"https:\/\/denizcankizil.tr\/de\/#\/schema\/person\/image\/\",\"url\":\"https:\/\/secure.gravatar.com\/avatar\/a0b128fb9855c79efc976d5640eedb31dc35ec297594d6016d2cf7c60e975bb6?s=96&d=mm&r=g\",\"contentUrl\":\"https:\/\/secure.gravatar.com\/avatar\/a0b128fb9855c79efc976d5640eedb31dc35ec297594d6016d2cf7c60e975bb6?s=96&d=mm&r=g\",\"caption\":\"Av. Deniz Can K\u0131z\u0131l\"},\"sameAs\":[\"http:\/\/www.denizcankizil.tr\"],\"url\":\"http:\/\/denizcankizil.tr\/ru\/author\/denizcankizil\/\"}]}<\/script>\n<!-- \/ Yoast SEO Premium plugin. -->","yoast_head_json":{"title":"2024 Aral\u0131k AYM \u0130ptal ve \u0130hlal Kararlar\u0131: \u0130dare Hukuku - Av. Deniz Can K\u0131z\u0131l","robots":{"index":"index","follow":"follow","max-snippet":"max-snippet:-1","max-image-preview":"max-image-preview:large","max-video-preview":"max-video-preview:-1"},"canonical":"http:\/\/denizcankizil.tr\/ru\/koseyazilari\/degerlendirme\/2024-aralik-aym-iptal-ve-ihlal-kararlari-idare-hukuku\/","og_locale":"ru_RU","og_type":"article","og_title":"2024 Aral\u0131k AYM \u0130ptal ve \u0130hlal Kararlar\u0131: \u0130dare Hukuku","og_description":"2024 Aral\u0131k ay\u0131nda Anayasa Mahkemesi taraf\u0131ndan verilen iptal ve ihlal kararlar\u0131, idare hukuku a\u00e7\u0131s\u0131ndan \u00f6nemli bir d\u00f6n\u00fcm noktas\u0131 te\u015fkil etmektedir. Bu kararlar, idari i\u015flemlerin hukuka uygunlu\u011funu ve bireylerin haklar\u0131n\u0131 koruma amac\u0131n\u0131 ta\u015f\u0131maktad\u0131r.","og_url":"http:\/\/denizcankizil.tr\/ru\/koseyazilari\/degerlendirme\/2024-aralik-aym-iptal-ve-ihlal-kararlari-idare-hukuku\/","og_site_name":"Av. Deniz Can K\u0131z\u0131l","article_published_time":"2025-01-03T11:56:33+00:00","og_image":[{"width":800,"height":800,"url":"http:\/\/denizcankizil.tr\/wp-content\/uploads\/2025\/01\/23645-2024-aralik-aym-iptal-ve-ihlal-kararlari-idare-hukuku.jpg","type":"image\/jpeg"}],"author":"Av. Deniz Can K\u0131z\u0131l","twitter_card":"summary_large_image","twitter_misc":{"\u041d\u0430\u043f\u0438\u0441\u0430\u043d\u043e \u0430\u0432\u0442\u043e\u0440\u043e\u043c":"Av. Deniz Can K\u0131z\u0131l","\u041f\u0440\u0438\u043c\u0435\u0440\u043d\u043e\u0435 \u0432\u0440\u0435\u043c\u044f \u0434\u043b\u044f \u0447\u0442\u0435\u043d\u0438\u044f":"8 \u043c\u0438\u043d\u0443\u0442"},"schema":{"@context":"https:\/\/schema.org","@graph":[{"@type":"Article","@id":"http:\/\/denizcankizil.tr\/ru\/koseyazilari\/degerlendirme\/2024-aralik-aym-iptal-ve-ihlal-kararlari-idare-hukuku\/#article","isPartOf":{"@id":"http:\/\/denizcankizil.tr\/ru\/koseyazilari\/degerlendirme\/2024-aralik-aym-iptal-ve-ihlal-kararlari-idare-hukuku\/"},"author":{"name":"Av. Deniz Can K\u0131z\u0131l","@id":"https:\/\/denizcankizil.tr\/de\/#\/schema\/person\/5dc1b22991bd7ac833867c10afc9b0ff"},"headline":"2024 Aral\u0131k AYM \u0130ptal ve \u0130hlal Kararlar\u0131: \u0130dare Hukuku","datePublished":"2025-01-03T11:56:33+00:00","mainEntityOfPage":{"@id":"http:\/\/denizcankizil.tr\/ru\/koseyazilari\/degerlendirme\/2024-aralik-aym-iptal-ve-ihlal-kararlari-idare-hukuku\/"},"wordCount":1685,"commentCount":0,"publisher":{"@id":"https:\/\/denizcankizil.tr\/de\/#organization"},"image":{"@id":"http:\/\/denizcankizil.tr\/ru\/koseyazilari\/degerlendirme\/2024-aralik-aym-iptal-ve-ihlal-kararlari-idare-hukuku\/#primaryimage"},"thumbnailUrl":"http:\/\/denizcankizil.tr\/wp-content\/uploads\/2025\/01\/23645-2024-aralik-aym-iptal-ve-ihlal-kararlari-idare-hukuku.jpg","articleSection":["De\u011ferlendirme"],"inLanguage":"ru-RU","potentialAction":[{"@type":"CommentAction","name":"Comment","target":["http:\/\/denizcankizil.tr\/ru\/koseyazilari\/degerlendirme\/2024-aralik-aym-iptal-ve-ihlal-kararlari-idare-hukuku\/#respond"]}]},{"@type":"WebPage","@id":"http:\/\/denizcankizil.tr\/ru\/koseyazilari\/degerlendirme\/2024-aralik-aym-iptal-ve-ihlal-kararlari-idare-hukuku\/","url":"http:\/\/denizcankizil.tr\/ru\/koseyazilari\/degerlendirme\/2024-aralik-aym-iptal-ve-ihlal-kararlari-idare-hukuku\/","name":"2024 Aral\u0131k AYM \u0130ptal ve \u0130hlal Kararlar\u0131: \u0130dare Hukuku - Av. Deniz Can K\u0131z\u0131l","isPartOf":{"@id":"https:\/\/denizcankizil.tr\/de\/#website"},"primaryImageOfPage":{"@id":"http:\/\/denizcankizil.tr\/ru\/koseyazilari\/degerlendirme\/2024-aralik-aym-iptal-ve-ihlal-kararlari-idare-hukuku\/#primaryimage"},"image":{"@id":"http:\/\/denizcankizil.tr\/ru\/koseyazilari\/degerlendirme\/2024-aralik-aym-iptal-ve-ihlal-kararlari-idare-hukuku\/#primaryimage"},"thumbnailUrl":"http:\/\/denizcankizil.tr\/wp-content\/uploads\/2025\/01\/23645-2024-aralik-aym-iptal-ve-ihlal-kararlari-idare-hukuku.jpg","datePublished":"2025-01-03T11:56:33+00:00","breadcrumb":{"@id":"http:\/\/denizcankizil.tr\/ru\/koseyazilari\/degerlendirme\/2024-aralik-aym-iptal-ve-ihlal-kararlari-idare-hukuku\/#breadcrumb"},"inLanguage":"ru-RU","potentialAction":[{"@type":"ReadAction","target":["http:\/\/denizcankizil.tr\/ru\/koseyazilari\/degerlendirme\/2024-aralik-aym-iptal-ve-ihlal-kararlari-idare-hukuku\/"]}]},{"@type":"ImageObject","inLanguage":"ru-RU","@id":"http:\/\/denizcankizil.tr\/ru\/koseyazilari\/degerlendirme\/2024-aralik-aym-iptal-ve-ihlal-kararlari-idare-hukuku\/#primaryimage","url":"http:\/\/denizcankizil.tr\/wp-content\/uploads\/2025\/01\/23645-2024-aralik-aym-iptal-ve-ihlal-kararlari-idare-hukuku.jpg","contentUrl":"http:\/\/denizcankizil.tr\/wp-content\/uploads\/2025\/01\/23645-2024-aralik-aym-iptal-ve-ihlal-kararlari-idare-hukuku.jpg","width":800,"height":800,"caption":"2024 Aral\u0131k AYM \u0130ptal ve \u0130hlal Kararlar\u0131: \u0130dare Hukuku"},{"@type":"BreadcrumbList","@id":"http:\/\/denizcankizil.tr\/ru\/koseyazilari\/degerlendirme\/2024-aralik-aym-iptal-ve-ihlal-kararlari-idare-hukuku\/#breadcrumb","itemListElement":[{"@type":"ListItem","position":1,"name":"Home","item":"https:\/\/denizcankizil.tr\/de\/"},{"@type":"ListItem","position":2,"name":"2024 Aral\u0131k AYM \u0130ptal ve \u0130hlal Kararlar\u0131: \u0130dare Hukuku"}]},{"@type":"WebSite","@id":"https:\/\/denizcankizil.tr\/de\/#website","url":"https:\/\/denizcankizil.tr\/de\/","name":"Av. Deniz Can K\u0131z\u0131l","description":"Avukat Deniz Can K\u0131z\u0131l Antalya Barosu","publisher":{"@id":"https:\/\/denizcankizil.tr\/de\/#organization"},"potentialAction":[{"@type":"SearchAction","target":{"@type":"EntryPoint","urlTemplate":"https:\/\/denizcankizil.tr\/de\/?s={search_term_string}"},"query-input":{"@type":"PropertyValueSpecification","valueRequired":true,"valueName":"search_term_string"}}],"inLanguage":"ru-RU"},{"@type":"Organization","@id":"https:\/\/denizcankizil.tr\/de\/#organization","name":"Av. Deniz Can K\u0131z\u0131l","url":"https:\/\/denizcankizil.tr\/de\/","logo":{"@type":"ImageObject","inLanguage":"ru-RU","@id":"https:\/\/denizcankizil.tr\/de\/#\/schema\/logo\/image\/","url":"http:\/\/denizcankizil.tr\/wp-content\/uploads\/2024\/10\/siyah-logo-svg.svg","contentUrl":"http:\/\/denizcankizil.tr\/wp-content\/uploads\/2024\/10\/siyah-logo-svg.svg","width":1080,"height":1080,"caption":"Av. Deniz Can K\u0131z\u0131l"},"image":{"@id":"https:\/\/denizcankizil.tr\/de\/#\/schema\/logo\/image\/"}},{"@type":"Person","@id":"https:\/\/denizcankizil.tr\/de\/#\/schema\/person\/5dc1b22991bd7ac833867c10afc9b0ff","name":"Av. Deniz Can K\u0131z\u0131l","image":{"@type":"ImageObject","inLanguage":"ru-RU","@id":"https:\/\/denizcankizil.tr\/de\/#\/schema\/person\/image\/","url":"https:\/\/secure.gravatar.com\/avatar\/a0b128fb9855c79efc976d5640eedb31dc35ec297594d6016d2cf7c60e975bb6?s=96&d=mm&r=g","contentUrl":"https:\/\/secure.gravatar.com\/avatar\/a0b128fb9855c79efc976d5640eedb31dc35ec297594d6016d2cf7c60e975bb6?s=96&d=mm&r=g","caption":"Av. Deniz Can K\u0131z\u0131l"},"sameAs":["http:\/\/www.denizcankizil.tr"],"url":"http:\/\/denizcankizil.tr\/ru\/author\/denizcankizil\/"}]}},"_links":{"self":[{"href":"http:\/\/denizcankizil.tr\/ru\/wp-json\/wp\/v2\/posts\/23645","targetHints":{"allow":["GET"]}}],"collection":[{"href":"http:\/\/denizcankizil.tr\/ru\/wp-json\/wp\/v2\/posts"}],"about":[{"href":"http:\/\/denizcankizil.tr\/ru\/wp-json\/wp\/v2\/types\/post"}],"author":[{"embeddable":true,"href":"http:\/\/denizcankizil.tr\/ru\/wp-json\/wp\/v2\/users\/4"}],"replies":[{"embeddable":true,"href":"http:\/\/denizcankizil.tr\/ru\/wp-json\/wp\/v2\/comments?post=23645"}],"version-history":[{"count":0,"href":"http:\/\/denizcankizil.tr\/ru\/wp-json\/wp\/v2\/posts\/23645\/revisions"}],"wp:featuredmedia":[{"embeddable":true,"href":"http:\/\/denizcankizil.tr\/ru\/wp-json\/wp\/v2\/media\/23646"}],"wp:attachment":[{"href":"http:\/\/denizcankizil.tr\/ru\/wp-json\/wp\/v2\/media?parent=23645"}],"wp:term":[{"taxonomy":"category","embeddable":true,"href":"http:\/\/denizcankizil.tr\/ru\/wp-json\/wp\/v2\/categories?post=23645"},{"taxonomy":"post_tag","embeddable":true,"href":"http:\/\/denizcankizil.tr\/ru\/wp-json\/wp\/v2\/tags?post=23645"}],"curies":[{"name":"wp","href":"https:\/\/api.w.org\/{rel}","templated":true}]}}