{"id":23059,"date":"2024-12-30T21:41:17","date_gmt":"2024-12-30T18:41:17","guid":{"rendered":"https:\/\/denizcankizil.tr\/uncategorized-tr\/cavit-ari-2025-chpye-iktidar-yolunu-acacak\/"},"modified":"2024-12-30T21:41:17","modified_gmt":"2024-12-30T18:41:17","slug":"cavit-ari-2025-chpye-iktidar-yolunu-acacak","status":"publish","type":"post","link":"http:\/\/denizcankizil.tr\/ru\/haberler\/gundem\/cavit-ari-2025-chpye-iktidar-yolunu-acacak\/","title":{"rendered":"Cavit Ar\u0131: 2025, CHP\u2019ye iktidar yolunu a\u00e7acak"},"content":{"rendered":"<p>T\u00fcrkiye B\u00fcy\u00fck Millet Meclisi (TBMM) Plan ve B\u00fct\u00e7e Komisyonu \u00fcyesi, Cumhuriyet Halk Partisi (CHP) Antalya Milletvekili Cavit Ar\u0131, yeni y\u0131l nedeniyle bir kutlama mesaj yay\u0131nlad\u0131.<\/p>\n<p>CHP \u00dcLKEN\u0130N UMUDU OLDU<\/p>\n<p>2024 y\u0131l\u0131n\u0131n herkes i\u00e7in ekonomik s\u0131k\u0131nt\u0131lar\u0131 ile zor bir y\u0131l oldu\u011funu belirten Milletvekili Cavit Ar\u0131, \u201cUmudumuz, zor g\u00fcnlerin geride kald\u0131\u011f\u0131 g\u00fczel g\u00fcnlerin ba\u015flad\u0131\u011f\u0131 yeni bir y\u0131la girecek olmam\u0131zd\u0131r. \u0130nan\u0131yorum ki 2025 y\u0131l\u0131, umutlar\u0131m\u0131z\u0131n yeniden ye\u015ferece\u011fi, ho\u015fg\u00f6r\u00fcn\u00fcn, birlikteli\u011fin y\u0131l\u0131 olacakt\u0131r. 2024\u2019\u00fc geride b\u0131rak\u0131rken, 31 Mart 2024 Yerel Se\u00e7imlerinde CHP\u2019nin ba\u015far\u0131s\u0131 \u00fclkemize yeniden bir umut olmu\u015ftur. Yerel se\u00e7imlerle ba\u015flayan bu s\u00fcre\u00e7 \u00f6n\u00fcm\u00fczdeki genel se\u00e7imlerde de CHP iktidar\u0131 ile devam edecektir\u201d ifadelerini kulland\u0131.<\/p>\n<p>AZ\u0130Z \u015eEH\u0130TLER UNUTULMADI<\/p>\n<p>2025 y\u0131l\u0131na ili\u015fkin temennilerine de yer veren Ar\u0131, mesaj\u0131nda \u015funlar\u0131 kaydetti: \u201cBu duygu ve d\u00fc\u015f\u00fcncelerle, 2025 y\u0131l\u0131n\u0131n herkes i\u00e7in daha fazla adaletin ve \u00f6zg\u00fcrl\u00fcklerin oldu\u011fu, \u00f6l\u00fcmlerin ve g\u00f6zya\u015flar\u0131n\u0131n son buldu\u011fu, \u00fclkemize, halk\u0131m\u0131za ve t\u00fcm insanl\u0131\u011fa bar\u0131\u015f ve huzur getirdi\u011fi ve sa\u011fl\u0131kl\u0131 g\u00fcnlerde yeniden kucakla\u015faca\u011f\u0131m\u0131z bir y\u0131l olmas\u0131n\u0131 diliyorum. B\u00fcy\u00fck \u00d6nder Gazi Mustafa Kemal Atat\u00fcrk ve silah arkada\u015flar\u0131 ile \u00dclkemizin birlik ve beraberli\u011fi i\u00e7in bu vatan u\u011fruna ter\u00f6rle m\u00fccadelede hayat\u0131n\u0131 kaybeden aziz \u015fehitlerimizi rahmetle an\u0131yor, gazilerimiz ba\u015fta olmak \u00fczere t\u00fcm halk\u0131m\u0131z\u0131n yeni y\u0131l\u0131n\u0131 kutluyorum.\u201d<\/p>\n<p>\u200bYeni y\u0131l dolay\u0131s\u0131yla bir mesaj yay\u0131nlayan CHP Antalya Milletvekili Cavit Ar\u0131, yerel se\u00e7imlerle ba\u015flayan s\u00fcrecin \u00f6n\u00fcm\u00fczdeki genel se\u00e7imlerde CHP\u2019yi iktidara ta\u015f\u0131yaca\u011f\u0131n\u0131 vurgulad\u0131\u00a0<\/p>\n<p>\u200bHaberin Al\u0131nt\u0131land\u0131\u011f\u0131 Kaynak: www.antalyakorfez.com<\/p>","protected":false},"excerpt":{"rendered":"<p>T\u00fcrkiye B\u00fcy\u00fck Millet Meclisi (TBMM) Plan ve B\u00fct\u00e7e Komisyonu \u00fcyesi, Cumhuriyet Halk Partisi (CHP) Antalya Milletvekili Cavit Ar\u0131, yeni y\u0131l nedeniyle bir kutlama mesaj yay\u0131nlad\u0131. CHP \u00dcLKEN\u0130N UMUDU OLDU 2024 y\u0131l\u0131n\u0131n herkes i\u00e7in ekonomik s\u0131k\u0131nt\u0131lar\u0131 ile zor bir y\u0131l oldu\u011funu belirten Milletvekili Cavit Ar\u0131, \u201cUmudumuz, zor g\u00fcnlerin geride kald\u0131\u011f\u0131 g\u00fczel g\u00fcnlerin ba\u015flad\u0131\u011f\u0131 yeni bir y\u0131la girecek olmam\u0131zd\u0131r. \u0130nan\u0131yorum ki 2025 y\u0131l\u0131, umutlar\u0131m\u0131z\u0131n yeniden ye\u015ferece\u011fi, ho\u015fg\u00f6r\u00fcn\u00fcn, birlikteli\u011fin y\u0131l\u0131 olacakt\u0131r. 2024\u2019\u00fc geride b\u0131rak\u0131rken, 31 Mart 2024 Yerel Se\u00e7imlerinde CHP\u2019nin ba\u015far\u0131s\u0131 \u00fclkemize yeniden bir umut olmu\u015ftur. Yerel se\u00e7imlerle ba\u015flayan bu s\u00fcre\u00e7 \u00f6n\u00fcm\u00fczdeki genel se\u00e7imlerde de CHP iktidar\u0131 ile devam edecektir\u201d ifadelerini kulland\u0131. AZ\u0130Z \u015eEH\u0130TLER UNUTULMADI 2025 y\u0131l\u0131na ili\u015fkin temennilerine de yer veren Ar\u0131, mesaj\u0131nda \u015funlar\u0131 kaydetti: \u201cBu duygu ve d\u00fc\u015f\u00fcncelerle, 2025 y\u0131l\u0131n\u0131n herkes i\u00e7in daha fazla adaletin ve \u00f6zg\u00fcrl\u00fcklerin oldu\u011fu, \u00f6l\u00fcmlerin ve g\u00f6zya\u015flar\u0131n\u0131n son buldu\u011fu, \u00fclkemize, halk\u0131m\u0131za ve t\u00fcm insanl\u0131\u011fa bar\u0131\u015f ve huzur getirdi\u011fi ve sa\u011fl\u0131kl\u0131 g\u00fcnlerde yeniden kucakla\u015faca\u011f\u0131m\u0131z bir y\u0131l olmas\u0131n\u0131 diliyorum. B\u00fcy\u00fck \u00d6nder Gazi Mustafa Kemal Atat\u00fcrk ve silah arkada\u015flar\u0131 ile \u00dclkemizin birlik ve beraberli\u011fi i\u00e7in bu vatan u\u011fruna ter\u00f6rle m\u00fccadelede hayat\u0131n\u0131 kaybeden aziz \u015fehitlerimizi rahmetle an\u0131yor, gazilerimiz ba\u015fta olmak \u00fczere t\u00fcm halk\u0131m\u0131z\u0131n yeni y\u0131l\u0131n\u0131 kutluyorum.\u201d \u200bYeni y\u0131l dolay\u0131s\u0131yla bir mesaj yay\u0131nlayan CHP Antalya Milletvekili Cavit Ar\u0131, yerel se\u00e7imlerle ba\u015flayan s\u00fcrecin &hellip;<\/p>","protected":false},"author":0,"featured_media":0,"comment_status":"open","ping_status":"open","sticky":false,"template":"","format":"standard","meta":{"_acf_changed":false,"footnotes":""},"categories":[24,535],"tags":[],"class_list":["post-23059","post","type-post","status-publish","format-standard","has-post-thumbnail","hentry","category-gundem","category-uncategorized-tr"],"acf":[],"yoast_head":"<!-- This site is optimized with the Yoast SEO Premium plugin v26.6 (Yoast SEO v27.1.1) - https:\/\/yoast.com\/product\/yoast-seo-premium-wordpress\/ -->\n<title>Cavit Ar\u0131: 2025, CHP\u2019ye iktidar yolunu a\u00e7acak - Av. Deniz Can K\u0131z\u0131l<\/title>\n<meta name=\"robots\" content=\"index, follow, max-snippet:-1, max-image-preview:large, max-video-preview:-1\" \/>\n<link rel=\"canonical\" href=\"http:\/\/denizcankizil.tr\/ru\/haberler\/gundem\/cavit-ari-2025-chpye-iktidar-yolunu-acacak\/\" \/>\n<meta property=\"og:locale\" content=\"ru_RU\" \/>\n<meta property=\"og:type\" content=\"article\" \/>\n<meta property=\"og:title\" content=\"Cavit Ar\u0131: 2025, CHP\u2019ye iktidar yolunu a\u00e7acak\" \/>\n<meta property=\"og:description\" content=\"T\u00fcrkiye B\u00fcy\u00fck Millet Meclisi (TBMM) Plan ve B\u00fct\u00e7e Komisyonu \u00fcyesi, Cumhuriyet Halk Partisi (CHP) Antalya Milletvekili Cavit Ar\u0131, yeni y\u0131l nedeniyle bir kutlama mesaj yay\u0131nlad\u0131. CHP \u00dcLKEN\u0130N UMUDU OLDU 2024 y\u0131l\u0131n\u0131n herkes i\u00e7in ekonomik s\u0131k\u0131nt\u0131lar\u0131 ile zor bir y\u0131l oldu\u011funu belirten Milletvekili Cavit Ar\u0131, \u201cUmudumuz, zor g\u00fcnlerin geride kald\u0131\u011f\u0131 g\u00fczel g\u00fcnlerin ba\u015flad\u0131\u011f\u0131 yeni bir y\u0131la girecek olmam\u0131zd\u0131r. \u0130nan\u0131yorum ki 2025 y\u0131l\u0131, umutlar\u0131m\u0131z\u0131n yeniden ye\u015ferece\u011fi, ho\u015fg\u00f6r\u00fcn\u00fcn, birlikteli\u011fin y\u0131l\u0131 olacakt\u0131r. 2024\u2019\u00fc geride b\u0131rak\u0131rken, 31 Mart 2024 Yerel Se\u00e7imlerinde CHP\u2019nin ba\u015far\u0131s\u0131 \u00fclkemize yeniden bir umut olmu\u015ftur. Yerel se\u00e7imlerle ba\u015flayan bu s\u00fcre\u00e7 \u00f6n\u00fcm\u00fczdeki genel se\u00e7imlerde de CHP iktidar\u0131 ile devam edecektir\u201d ifadelerini kulland\u0131. AZ\u0130Z \u015eEH\u0130TLER UNUTULMADI 2025 y\u0131l\u0131na ili\u015fkin temennilerine de yer veren Ar\u0131, mesaj\u0131nda \u015funlar\u0131 kaydetti: \u201cBu duygu ve d\u00fc\u015f\u00fcncelerle, 2025 y\u0131l\u0131n\u0131n herkes i\u00e7in daha fazla adaletin ve \u00f6zg\u00fcrl\u00fcklerin oldu\u011fu, \u00f6l\u00fcmlerin ve g\u00f6zya\u015flar\u0131n\u0131n son buldu\u011fu, \u00fclkemize, halk\u0131m\u0131za ve t\u00fcm insanl\u0131\u011fa bar\u0131\u015f ve huzur getirdi\u011fi ve sa\u011fl\u0131kl\u0131 g\u00fcnlerde yeniden kucakla\u015faca\u011f\u0131m\u0131z bir y\u0131l olmas\u0131n\u0131 diliyorum. B\u00fcy\u00fck \u00d6nder Gazi Mustafa Kemal Atat\u00fcrk ve silah arkada\u015flar\u0131 ile \u00dclkemizin birlik ve beraberli\u011fi i\u00e7in bu vatan u\u011fruna ter\u00f6rle m\u00fccadelede hayat\u0131n\u0131 kaybeden aziz \u015fehitlerimizi rahmetle an\u0131yor, gazilerimiz ba\u015fta olmak \u00fczere t\u00fcm halk\u0131m\u0131z\u0131n yeni y\u0131l\u0131n\u0131 kutluyorum.\u201d \u200bYeni y\u0131l dolay\u0131s\u0131yla bir mesaj yay\u0131nlayan CHP Antalya Milletvekili Cavit Ar\u0131, yerel se\u00e7imlerle ba\u015flayan s\u00fcrecin &hellip;\" \/>\n<meta property=\"og:url\" content=\"http:\/\/denizcankizil.tr\/ru\/haberler\/gundem\/cavit-ari-2025-chpye-iktidar-yolunu-acacak\/\" \/>\n<meta property=\"og:site_name\" content=\"Av. Deniz Can K\u0131z\u0131l\" \/>\n<meta property=\"article:published_time\" content=\"2024-12-30T18:41:17+00:00\" \/>\n<meta name=\"twitter:card\" content=\"summary_large_image\" \/>\n<meta name=\"twitter:label1\" content=\"\u041f\u0440\u0438\u043c\u0435\u0440\u043d\u043e\u0435 \u0432\u0440\u0435\u043c\u044f \u0434\u043b\u044f \u0447\u0442\u0435\u043d\u0438\u044f\" \/>\n\t<meta name=\"twitter:data1\" content=\"2 \u043c\u0438\u043d\u0443\u0442\u044b\" \/>\n<script type=\"application\/ld+json\" class=\"yoast-schema-graph\">{\"@context\":\"https:\/\/schema.org\",\"@graph\":[{\"@type\":\"Article\",\"@id\":\"http:\/\/denizcankizil.tr\/ru\/haberler\/gundem\/cavit-ari-2025-chpye-iktidar-yolunu-acacak\/#article\",\"isPartOf\":{\"@id\":\"http:\/\/denizcankizil.tr\/ru\/haberler\/gundem\/cavit-ari-2025-chpye-iktidar-yolunu-acacak\/\"},\"author\":{\"name\":\"\",\"@id\":\"\"},\"headline\":\"Cavit Ar\u0131: 2025, CHP\u2019ye iktidar yolunu a\u00e7acak\",\"datePublished\":\"2024-12-30T18:41:17+00:00\",\"mainEntityOfPage\":{\"@id\":\"http:\/\/denizcankizil.tr\/ru\/haberler\/gundem\/cavit-ari-2025-chpye-iktidar-yolunu-acacak\/\"},\"wordCount\":331,\"commentCount\":0,\"publisher\":{\"@id\":\"https:\/\/denizcankizil.tr\/#organization\"},\"articleSection\":[\"G\u00fcndem\",\"Uncategorized\"],\"inLanguage\":\"ru-RU\",\"potentialAction\":[{\"@type\":\"CommentAction\",\"name\":\"Comment\",\"target\":[\"http:\/\/denizcankizil.tr\/ru\/haberler\/gundem\/cavit-ari-2025-chpye-iktidar-yolunu-acacak\/#respond\"]}]},{\"@type\":\"WebPage\",\"@id\":\"http:\/\/denizcankizil.tr\/ru\/haberler\/gundem\/cavit-ari-2025-chpye-iktidar-yolunu-acacak\/\",\"url\":\"http:\/\/denizcankizil.tr\/ru\/haberler\/gundem\/cavit-ari-2025-chpye-iktidar-yolunu-acacak\/\",\"name\":\"Cavit Ar\u0131: 2025, CHP\u2019ye iktidar yolunu a\u00e7acak - Av. Deniz Can K\u0131z\u0131l\",\"isPartOf\":{\"@id\":\"https:\/\/denizcankizil.tr\/#website\"},\"datePublished\":\"2024-12-30T18:41:17+00:00\",\"breadcrumb\":{\"@id\":\"http:\/\/denizcankizil.tr\/ru\/haberler\/gundem\/cavit-ari-2025-chpye-iktidar-yolunu-acacak\/#breadcrumb\"},\"inLanguage\":\"ru-RU\",\"potentialAction\":[{\"@type\":\"ReadAction\",\"target\":[\"http:\/\/denizcankizil.tr\/ru\/haberler\/gundem\/cavit-ari-2025-chpye-iktidar-yolunu-acacak\/\"]}]},{\"@type\":\"BreadcrumbList\",\"@id\":\"http:\/\/denizcankizil.tr\/ru\/haberler\/gundem\/cavit-ari-2025-chpye-iktidar-yolunu-acacak\/#breadcrumb\",\"itemListElement\":[{\"@type\":\"ListItem\",\"position\":1,\"name\":\"Home\",\"item\":\"https:\/\/denizcankizil.tr\/de\/\"},{\"@type\":\"ListItem\",\"position\":2,\"name\":\"Cavit Ar\u0131: 2025, CHP\u2019ye iktidar yolunu a\u00e7acak\"}]},{\"@type\":\"WebSite\",\"@id\":\"https:\/\/denizcankizil.tr\/#website\",\"url\":\"https:\/\/denizcankizil.tr\/\",\"name\":\"Av. Deniz Can K\u0131z\u0131l\",\"description\":\"Avukat Deniz Can K\u0131z\u0131l Antalya Barosu\",\"publisher\":{\"@id\":\"https:\/\/denizcankizil.tr\/#organization\"},\"potentialAction\":[{\"@type\":\"SearchAction\",\"target\":{\"@type\":\"EntryPoint\",\"urlTemplate\":\"https:\/\/denizcankizil.tr\/?s={search_term_string}\"},\"query-input\":{\"@type\":\"PropertyValueSpecification\",\"valueRequired\":true,\"valueName\":\"search_term_string\"}}],\"inLanguage\":\"ru-RU\"},{\"@type\":\"Organization\",\"@id\":\"https:\/\/denizcankizil.tr\/#organization\",\"name\":\"Av. Deniz Can K\u0131z\u0131l\",\"url\":\"https:\/\/denizcankizil.tr\/\",\"logo\":{\"@type\":\"ImageObject\",\"inLanguage\":\"ru-RU\",\"@id\":\"https:\/\/denizcankizil.tr\/#\/schema\/logo\/image\/\",\"url\":\"http:\/\/denizcankizil.tr\/wp-content\/uploads\/2024\/10\/siyah-logo-svg.svg\",\"contentUrl\":\"http:\/\/denizcankizil.tr\/wp-content\/uploads\/2024\/10\/siyah-logo-svg.svg\",\"width\":1080,\"height\":1080,\"caption\":\"Av. Deniz Can K\u0131z\u0131l\"},\"image\":{\"@id\":\"https:\/\/denizcankizil.tr\/#\/schema\/logo\/image\/\"}}]}<\/script>\n<!-- \/ Yoast SEO Premium plugin. -->","yoast_head_json":{"title":"Cavit Ar\u0131: 2025, CHP\u2019ye iktidar yolunu a\u00e7acak - Av. Deniz Can K\u0131z\u0131l","robots":{"index":"index","follow":"follow","max-snippet":"max-snippet:-1","max-image-preview":"max-image-preview:large","max-video-preview":"max-video-preview:-1"},"canonical":"http:\/\/denizcankizil.tr\/ru\/haberler\/gundem\/cavit-ari-2025-chpye-iktidar-yolunu-acacak\/","og_locale":"ru_RU","og_type":"article","og_title":"Cavit Ar\u0131: 2025, CHP\u2019ye iktidar yolunu a\u00e7acak","og_description":"T\u00fcrkiye B\u00fcy\u00fck Millet Meclisi (TBMM) Plan ve B\u00fct\u00e7e Komisyonu \u00fcyesi, Cumhuriyet Halk Partisi (CHP) Antalya Milletvekili Cavit Ar\u0131, yeni y\u0131l nedeniyle bir kutlama mesaj yay\u0131nlad\u0131. CHP \u00dcLKEN\u0130N UMUDU OLDU 2024 y\u0131l\u0131n\u0131n herkes i\u00e7in ekonomik s\u0131k\u0131nt\u0131lar\u0131 ile zor bir y\u0131l oldu\u011funu belirten Milletvekili Cavit Ar\u0131, \u201cUmudumuz, zor g\u00fcnlerin geride kald\u0131\u011f\u0131 g\u00fczel g\u00fcnlerin ba\u015flad\u0131\u011f\u0131 yeni bir y\u0131la girecek olmam\u0131zd\u0131r. \u0130nan\u0131yorum ki 2025 y\u0131l\u0131, umutlar\u0131m\u0131z\u0131n yeniden ye\u015ferece\u011fi, ho\u015fg\u00f6r\u00fcn\u00fcn, birlikteli\u011fin y\u0131l\u0131 olacakt\u0131r. 2024\u2019\u00fc geride b\u0131rak\u0131rken, 31 Mart 2024 Yerel Se\u00e7imlerinde CHP\u2019nin ba\u015far\u0131s\u0131 \u00fclkemize yeniden bir umut olmu\u015ftur. Yerel se\u00e7imlerle ba\u015flayan bu s\u00fcre\u00e7 \u00f6n\u00fcm\u00fczdeki genel se\u00e7imlerde de CHP iktidar\u0131 ile devam edecektir\u201d ifadelerini kulland\u0131. AZ\u0130Z \u015eEH\u0130TLER UNUTULMADI 2025 y\u0131l\u0131na ili\u015fkin temennilerine de yer veren Ar\u0131, mesaj\u0131nda \u015funlar\u0131 kaydetti: \u201cBu duygu ve d\u00fc\u015f\u00fcncelerle, 2025 y\u0131l\u0131n\u0131n herkes i\u00e7in daha fazla adaletin ve \u00f6zg\u00fcrl\u00fcklerin oldu\u011fu, \u00f6l\u00fcmlerin ve g\u00f6zya\u015flar\u0131n\u0131n son buldu\u011fu, \u00fclkemize, halk\u0131m\u0131za ve t\u00fcm insanl\u0131\u011fa bar\u0131\u015f ve huzur getirdi\u011fi ve sa\u011fl\u0131kl\u0131 g\u00fcnlerde yeniden kucakla\u015faca\u011f\u0131m\u0131z bir y\u0131l olmas\u0131n\u0131 diliyorum. B\u00fcy\u00fck \u00d6nder Gazi Mustafa Kemal Atat\u00fcrk ve silah arkada\u015flar\u0131 ile \u00dclkemizin birlik ve beraberli\u011fi i\u00e7in bu vatan u\u011fruna ter\u00f6rle m\u00fccadelede hayat\u0131n\u0131 kaybeden aziz \u015fehitlerimizi rahmetle an\u0131yor, gazilerimiz ba\u015fta olmak \u00fczere t\u00fcm halk\u0131m\u0131z\u0131n yeni y\u0131l\u0131n\u0131 kutluyorum.\u201d \u200bYeni y\u0131l dolay\u0131s\u0131yla bir mesaj yay\u0131nlayan CHP Antalya Milletvekili Cavit Ar\u0131, yerel se\u00e7imlerle ba\u015flayan s\u00fcrecin &hellip;","og_url":"http:\/\/denizcankizil.tr\/ru\/haberler\/gundem\/cavit-ari-2025-chpye-iktidar-yolunu-acacak\/","og_site_name":"Av. Deniz Can K\u0131z\u0131l","article_published_time":"2024-12-30T18:41:17+00:00","twitter_card":"summary_large_image","twitter_misc":{"\u041f\u0440\u0438\u043c\u0435\u0440\u043d\u043e\u0435 \u0432\u0440\u0435\u043c\u044f \u0434\u043b\u044f \u0447\u0442\u0435\u043d\u0438\u044f":"2 \u043c\u0438\u043d\u0443\u0442\u044b"},"schema":{"@context":"https:\/\/schema.org","@graph":[{"@type":"Article","@id":"http:\/\/denizcankizil.tr\/ru\/haberler\/gundem\/cavit-ari-2025-chpye-iktidar-yolunu-acacak\/#article","isPartOf":{"@id":"http:\/\/denizcankizil.tr\/ru\/haberler\/gundem\/cavit-ari-2025-chpye-iktidar-yolunu-acacak\/"},"author":{"name":"","@id":""},"headline":"Cavit Ar\u0131: 2025, CHP\u2019ye iktidar yolunu a\u00e7acak","datePublished":"2024-12-30T18:41:17+00:00","mainEntityOfPage":{"@id":"http:\/\/denizcankizil.tr\/ru\/haberler\/gundem\/cavit-ari-2025-chpye-iktidar-yolunu-acacak\/"},"wordCount":331,"commentCount":0,"publisher":{"@id":"https:\/\/denizcankizil.tr\/#organization"},"articleSection":["G\u00fcndem","Uncategorized"],"inLanguage":"ru-RU","potentialAction":[{"@type":"CommentAction","name":"Comment","target":["http:\/\/denizcankizil.tr\/ru\/haberler\/gundem\/cavit-ari-2025-chpye-iktidar-yolunu-acacak\/#respond"]}]},{"@type":"WebPage","@id":"http:\/\/denizcankizil.tr\/ru\/haberler\/gundem\/cavit-ari-2025-chpye-iktidar-yolunu-acacak\/","url":"http:\/\/denizcankizil.tr\/ru\/haberler\/gundem\/cavit-ari-2025-chpye-iktidar-yolunu-acacak\/","name":"Cavit Ar\u0131: 2025, CHP\u2019ye iktidar yolunu a\u00e7acak - Av. Deniz Can K\u0131z\u0131l","isPartOf":{"@id":"https:\/\/denizcankizil.tr\/#website"},"datePublished":"2024-12-30T18:41:17+00:00","breadcrumb":{"@id":"http:\/\/denizcankizil.tr\/ru\/haberler\/gundem\/cavit-ari-2025-chpye-iktidar-yolunu-acacak\/#breadcrumb"},"inLanguage":"ru-RU","potentialAction":[{"@type":"ReadAction","target":["http:\/\/denizcankizil.tr\/ru\/haberler\/gundem\/cavit-ari-2025-chpye-iktidar-yolunu-acacak\/"]}]},{"@type":"BreadcrumbList","@id":"http:\/\/denizcankizil.tr\/ru\/haberler\/gundem\/cavit-ari-2025-chpye-iktidar-yolunu-acacak\/#breadcrumb","itemListElement":[{"@type":"ListItem","position":1,"name":"Home","item":"https:\/\/denizcankizil.tr\/de\/"},{"@type":"ListItem","position":2,"name":"Cavit Ar\u0131: 2025, CHP\u2019ye iktidar yolunu a\u00e7acak"}]},{"@type":"WebSite","@id":"https:\/\/denizcankizil.tr\/#website","url":"https:\/\/denizcankizil.tr\/","name":"Av. Deniz Can K\u0131z\u0131l","description":"Avukat Deniz Can K\u0131z\u0131l Antalya Barosu","publisher":{"@id":"https:\/\/denizcankizil.tr\/#organization"},"potentialAction":[{"@type":"SearchAction","target":{"@type":"EntryPoint","urlTemplate":"https:\/\/denizcankizil.tr\/?s={search_term_string}"},"query-input":{"@type":"PropertyValueSpecification","valueRequired":true,"valueName":"search_term_string"}}],"inLanguage":"ru-RU"},{"@type":"Organization","@id":"https:\/\/denizcankizil.tr\/#organization","name":"Av. Deniz Can K\u0131z\u0131l","url":"https:\/\/denizcankizil.tr\/","logo":{"@type":"ImageObject","inLanguage":"ru-RU","@id":"https:\/\/denizcankizil.tr\/#\/schema\/logo\/image\/","url":"http:\/\/denizcankizil.tr\/wp-content\/uploads\/2024\/10\/siyah-logo-svg.svg","contentUrl":"http:\/\/denizcankizil.tr\/wp-content\/uploads\/2024\/10\/siyah-logo-svg.svg","width":1080,"height":1080,"caption":"Av. Deniz Can K\u0131z\u0131l"},"image":{"@id":"https:\/\/denizcankizil.tr\/#\/schema\/logo\/image\/"}}]}},"_links":{"self":[{"href":"http:\/\/denizcankizil.tr\/ru\/wp-json\/wp\/v2\/posts\/23059","targetHints":{"allow":["GET"]}}],"collection":[{"href":"http:\/\/denizcankizil.tr\/ru\/wp-json\/wp\/v2\/posts"}],"about":[{"href":"http:\/\/denizcankizil.tr\/ru\/wp-json\/wp\/v2\/types\/post"}],"replies":[{"embeddable":true,"href":"http:\/\/denizcankizil.tr\/ru\/wp-json\/wp\/v2\/comments?post=23059"}],"version-history":[{"count":0,"href":"http:\/\/denizcankizil.tr\/ru\/wp-json\/wp\/v2\/posts\/23059\/revisions"}],"wp:attachment":[{"href":"http:\/\/denizcankizil.tr\/ru\/wp-json\/wp\/v2\/media?parent=23059"}],"wp:term":[{"taxonomy":"category","embeddable":true,"href":"http:\/\/denizcankizil.tr\/ru\/wp-json\/wp\/v2\/categories?post=23059"},{"taxonomy":"post_tag","embeddable":true,"href":"http:\/\/denizcankizil.tr\/ru\/wp-json\/wp\/v2\/tags?post=23059"}],"curies":[{"name":"wp","href":"https:\/\/api.w.org\/{rel}","templated":true}]}}