{"id":22955,"date":"2024-12-30T11:41:42","date_gmt":"2024-12-30T08:41:42","guid":{"rendered":"https:\/\/denizcankizil.tr\/uncategorized-tr\/miniklere-ozel-eglence\/"},"modified":"2024-12-30T11:41:42","modified_gmt":"2024-12-30T08:41:42","slug":"miniklere-ozel-eglence","status":"publish","type":"post","link":"http:\/\/denizcankizil.tr\/ru\/haberler\/antalya\/miniklere-ozel-eglence\/","title":{"rendered":"Miniklere \u00f6zel e\u011flence"},"content":{"rendered":"<p>Konyaalt\u0131 Belediyesi\u2019nin G\u00fcrsu, Hurma, Toros ve Uncal\u0131 kre\u015flerinde e\u011fitim g\u00f6ren \u00e7ocuklar, Naz\u0131m Hikmet Fuar ve Kongre Merkezi\u2019nde ger\u00e7ekle\u015ftirilen y\u0131lba\u015f\u0131 etkinli\u011finde keyifli anlar ya\u015fad\u0131. \u00c7ocuklar i\u00e7in haz\u0131rlanan etkinlikte \u015fi\u015fme oyun parkuru, y\u00fcz boyama, kar partisi, \u00e7ocuk orkestras\u0131 \u015fark\u0131lar\u0131, at\u00f6lye \u00e7al\u0131\u015fmalar\u0131 ve \u00e7e\u015fitli oyun alanlar\u0131 gibi e\u011flenceli aktiviteler yer ald\u0131. \u00c7ocuklar\u0131n mutlulu\u011funa ortak olan Konyaalt\u0131 Belediye Ba\u015fkan\u0131 Cem Kotan, etkinlikte miniklerle dans etti ve pamuk \u015feker ikram etti.<br \/>\n\u201c\u00c7ocuklar\u0131m\u0131z\u0131n Mutlulu\u011fu Her \u015eeyden \u00d6nemli\u201d<br \/>\nEtkinlikte konu\u015fma yapan Ba\u015fkan Kotan, \u201c2025 y\u0131l\u0131nda da \u00e7ocuklar\u0131m\u0131z i\u00e7in ayn\u0131 \u00f6zenle \u00e7al\u0131\u015fmaya devam edece\u011fiz. \u00c7ocuklar\u0131m\u0131zla birlikte bizler de b\u00fcy\u00fcmeye, \u00f6\u011frenmeye ve geli\u015fmeye devam ediyoruz. Onlar\u0131n mutlulu\u011fu bizim i\u00e7in her \u015feyden \u00f6nemli\u201d dedi.<br \/>\nKre\u015flerde verilen e\u011fitimin yan\u0131 s\u0131ra \u00e7ocuklar\u0131n sosyal ve k\u00fclt\u00fcrel geli\u015fimlerini desteklemeyi de \u00f6nemsediklerini belirten Kotan, \u201cBug\u00fcn burada \u00e7ocuklar\u0131m\u0131z\u0131n y\u00fcz\u00fcndeki g\u00fcl\u00fcmsemeyi g\u00f6rmek, yapt\u0131\u011f\u0131m\u0131z \u00e7al\u0131\u015fmalar\u0131n en g\u00fczel \u00f6d\u00fcl\u00fc. Onlar\u0131n hayatlar\u0131na dokunmak ve mutluluklar\u0131na ortak olmak en b\u00fcy\u00fck \u00f6nceliklerimizden biri. Yeni y\u0131l\u0131n\u0131z kutlu olsun\u201d ifadelerini kulland\u0131.<\/p>\n<p>Kaynak: www.kanalv.com.tr Haber Sitesinden Al\u0131nm\u0131\u015ft\u0131r.<\/p>","protected":false},"excerpt":{"rendered":"<p>Konyaalt\u0131 Belediyesi\u2019nin G\u00fcrsu, Hurma, Toros ve Uncal\u0131 kre\u015flerinde e\u011fitim g\u00f6ren \u00e7ocuklar, Naz\u0131m Hikmet Fuar ve Kongre Merkezi\u2019nde ger\u00e7ekle\u015ftirilen y\u0131lba\u015f\u0131 etkinli\u011finde keyifli anlar ya\u015fad\u0131. \u00c7ocuklar i\u00e7in haz\u0131rlanan etkinlikte \u015fi\u015fme oyun parkuru, y\u00fcz boyama, kar partisi, \u00e7ocuk orkestras\u0131 \u015fark\u0131lar\u0131, at\u00f6lye \u00e7al\u0131\u015fmalar\u0131 ve \u00e7e\u015fitli oyun alanlar\u0131 gibi e\u011flenceli aktiviteler yer ald\u0131. \u00c7ocuklar\u0131n mutlulu\u011funa ortak olan Konyaalt\u0131 Belediye Ba\u015fkan\u0131 Cem Kotan, etkinlikte miniklerle dans etti ve pamuk \u015feker ikram etti. \u201c\u00c7ocuklar\u0131m\u0131z\u0131n Mutlulu\u011fu Her \u015eeyden \u00d6nemli\u201d Etkinlikte konu\u015fma yapan Ba\u015fkan Kotan, \u201c2025 y\u0131l\u0131nda da \u00e7ocuklar\u0131m\u0131z i\u00e7in ayn\u0131 \u00f6zenle \u00e7al\u0131\u015fmaya devam edece\u011fiz. \u00c7ocuklar\u0131m\u0131zla birlikte bizler de b\u00fcy\u00fcmeye, \u00f6\u011frenmeye ve geli\u015fmeye devam ediyoruz. Onlar\u0131n mutlulu\u011fu bizim i\u00e7in her \u015feyden \u00f6nemli\u201d dedi. Kre\u015flerde verilen e\u011fitimin yan\u0131 s\u0131ra \u00e7ocuklar\u0131n sosyal ve k\u00fclt\u00fcrel geli\u015fimlerini desteklemeyi de \u00f6nemsediklerini belirten Kotan, \u201cBug\u00fcn burada \u00e7ocuklar\u0131m\u0131z\u0131n y\u00fcz\u00fcndeki g\u00fcl\u00fcmsemeyi g\u00f6rmek, yapt\u0131\u011f\u0131m\u0131z \u00e7al\u0131\u015fmalar\u0131n en g\u00fczel \u00f6d\u00fcl\u00fc. Onlar\u0131n hayatlar\u0131na dokunmak ve mutluluklar\u0131na ortak olmak en b\u00fcy\u00fck \u00f6nceliklerimizden biri. Yeni y\u0131l\u0131n\u0131z kutlu olsun\u201d ifadelerini kulland\u0131. Kaynak: www.kanalv.com.tr Haber Sitesinden Al\u0131nm\u0131\u015ft\u0131r.<\/p>","protected":false},"author":0,"featured_media":22956,"comment_status":"open","ping_status":"open","sticky":false,"template":"","format":"standard","meta":{"_acf_changed":false,"footnotes":""},"categories":[26,535],"tags":[],"class_list":["post-22955","post","type-post","status-publish","format-standard","has-post-thumbnail","hentry","category-antalya","category-uncategorized-tr"],"acf":[],"yoast_head":"<!-- This site is optimized with the Yoast SEO Premium plugin v26.6 (Yoast SEO v27.1.1) - https:\/\/yoast.com\/product\/yoast-seo-premium-wordpress\/ -->\n<title>Miniklere \u00f6zel e\u011flence - Av. Deniz Can K\u0131z\u0131l<\/title>\n<meta name=\"robots\" content=\"index, follow, max-snippet:-1, max-image-preview:large, max-video-preview:-1\" \/>\n<link rel=\"canonical\" href=\"https:\/\/denizcankizil.tr\/ru\/haberler\/antalya\/miniklere-ozel-eglence\/\" \/>\n<meta property=\"og:locale\" content=\"ru_RU\" \/>\n<meta property=\"og:type\" content=\"article\" \/>\n<meta property=\"og:title\" content=\"Miniklere \u00f6zel e\u011flence\" \/>\n<meta property=\"og:description\" content=\"Konyaalt\u0131 Belediyesi\u2019nin G\u00fcrsu, Hurma, Toros ve Uncal\u0131 kre\u015flerinde e\u011fitim g\u00f6ren \u00e7ocuklar, Naz\u0131m Hikmet Fuar ve Kongre Merkezi\u2019nde ger\u00e7ekle\u015ftirilen y\u0131lba\u015f\u0131 etkinli\u011finde keyifli anlar ya\u015fad\u0131. \u00c7ocuklar i\u00e7in haz\u0131rlanan etkinlikte \u015fi\u015fme oyun parkuru, y\u00fcz boyama, kar partisi, \u00e7ocuk orkestras\u0131 \u015fark\u0131lar\u0131, at\u00f6lye \u00e7al\u0131\u015fmalar\u0131 ve \u00e7e\u015fitli oyun alanlar\u0131 gibi e\u011flenceli aktiviteler yer ald\u0131. \u00c7ocuklar\u0131n mutlulu\u011funa ortak olan Konyaalt\u0131 Belediye Ba\u015fkan\u0131 Cem Kotan, etkinlikte miniklerle dans etti ve pamuk \u015feker ikram etti. \u201c\u00c7ocuklar\u0131m\u0131z\u0131n Mutlulu\u011fu Her \u015eeyden \u00d6nemli\u201d Etkinlikte konu\u015fma yapan Ba\u015fkan Kotan, \u201c2025 y\u0131l\u0131nda da \u00e7ocuklar\u0131m\u0131z i\u00e7in ayn\u0131 \u00f6zenle \u00e7al\u0131\u015fmaya devam edece\u011fiz. \u00c7ocuklar\u0131m\u0131zla birlikte bizler de b\u00fcy\u00fcmeye, \u00f6\u011frenmeye ve geli\u015fmeye devam ediyoruz. Onlar\u0131n mutlulu\u011fu bizim i\u00e7in her \u015feyden \u00f6nemli\u201d dedi. Kre\u015flerde verilen e\u011fitimin yan\u0131 s\u0131ra \u00e7ocuklar\u0131n sosyal ve k\u00fclt\u00fcrel geli\u015fimlerini desteklemeyi de \u00f6nemsediklerini belirten Kotan, \u201cBug\u00fcn burada \u00e7ocuklar\u0131m\u0131z\u0131n y\u00fcz\u00fcndeki g\u00fcl\u00fcmsemeyi g\u00f6rmek, yapt\u0131\u011f\u0131m\u0131z \u00e7al\u0131\u015fmalar\u0131n en g\u00fczel \u00f6d\u00fcl\u00fc. Onlar\u0131n hayatlar\u0131na dokunmak ve mutluluklar\u0131na ortak olmak en b\u00fcy\u00fck \u00f6nceliklerimizden biri. Yeni y\u0131l\u0131n\u0131z kutlu olsun\u201d ifadelerini kulland\u0131. Kaynak: www.kanalv.com.tr Haber Sitesinden Al\u0131nm\u0131\u015ft\u0131r.\" \/>\n<meta property=\"og:url\" content=\"https:\/\/denizcankizil.tr\/ru\/haberler\/antalya\/miniklere-ozel-eglence\/\" \/>\n<meta property=\"og:site_name\" content=\"Av. Deniz Can K\u0131z\u0131l\" \/>\n<meta property=\"article:published_time\" content=\"2024-12-30T08:41:42+00:00\" \/>\n<meta property=\"og:image\" content=\"https:\/\/denizcankizil.tr\/wp-content\/uploads\/2024\/12\/3814-01-Q8eTSx.jpeg\" \/>\n\t<meta property=\"og:image:width\" content=\"1280\" \/>\n\t<meta property=\"og:image:height\" content=\"720\" \/>\n\t<meta property=\"og:image:type\" content=\"image\/jpeg\" \/>\n<meta name=\"twitter:card\" content=\"summary_large_image\" \/>\n<meta name=\"twitter:label1\" content=\"\u041f\u0440\u0438\u043c\u0435\u0440\u043d\u043e\u0435 \u0432\u0440\u0435\u043c\u044f \u0434\u043b\u044f \u0447\u0442\u0435\u043d\u0438\u044f\" \/>\n\t<meta name=\"twitter:data1\" content=\"1 \u043c\u0438\u043d\u0443\u0442\u0430\" \/>\n<script type=\"application\/ld+json\" class=\"yoast-schema-graph\">{\"@context\":\"https:\/\/schema.org\",\"@graph\":[{\"@type\":\"Article\",\"@id\":\"https:\/\/denizcankizil.tr\/uk\/haberler\/antalya\/miniklere-ozel-eglence\/#article\",\"isPartOf\":{\"@id\":\"https:\/\/denizcankizil.tr\/uk\/haberler\/antalya\/miniklere-ozel-eglence\/\"},\"author\":{\"name\":\"\",\"@id\":\"\"},\"headline\":\"Miniklere \u00f6zel e\u011flence\",\"datePublished\":\"2024-12-30T08:41:42+00:00\",\"mainEntityOfPage\":{\"@id\":\"https:\/\/denizcankizil.tr\/uk\/haberler\/antalya\/miniklere-ozel-eglence\/\"},\"wordCount\":236,\"commentCount\":0,\"publisher\":{\"@id\":\"https:\/\/denizcankizil.tr\/#organization\"},\"image\":{\"@id\":\"https:\/\/denizcankizil.tr\/uk\/haberler\/antalya\/miniklere-ozel-eglence\/#primaryimage\"},\"thumbnailUrl\":\"http:\/\/denizcankizil.tr\/wp-content\/uploads\/2024\/12\/3814-01-Q8eTSx.jpeg\",\"articleSection\":[\"Antalya\",\"Uncategorized\"],\"inLanguage\":\"ru-RU\",\"potentialAction\":[{\"@type\":\"CommentAction\",\"name\":\"Comment\",\"target\":[\"https:\/\/denizcankizil.tr\/uk\/haberler\/antalya\/miniklere-ozel-eglence\/#respond\"]}]},{\"@type\":\"WebPage\",\"@id\":\"https:\/\/denizcankizil.tr\/uk\/haberler\/antalya\/miniklere-ozel-eglence\/\",\"url\":\"https:\/\/denizcankizil.tr\/uk\/haberler\/antalya\/miniklere-ozel-eglence\/\",\"name\":\"Miniklere \u00f6zel e\u011flence - Av. Deniz Can K\u0131z\u0131l\",\"isPartOf\":{\"@id\":\"https:\/\/denizcankizil.tr\/#website\"},\"primaryImageOfPage\":{\"@id\":\"https:\/\/denizcankizil.tr\/uk\/haberler\/antalya\/miniklere-ozel-eglence\/#primaryimage\"},\"image\":{\"@id\":\"https:\/\/denizcankizil.tr\/uk\/haberler\/antalya\/miniklere-ozel-eglence\/#primaryimage\"},\"thumbnailUrl\":\"http:\/\/denizcankizil.tr\/wp-content\/uploads\/2024\/12\/3814-01-Q8eTSx.jpeg\",\"datePublished\":\"2024-12-30T08:41:42+00:00\",\"breadcrumb\":{\"@id\":\"https:\/\/denizcankizil.tr\/uk\/haberler\/antalya\/miniklere-ozel-eglence\/#breadcrumb\"},\"inLanguage\":\"ru-RU\",\"potentialAction\":[{\"@type\":\"ReadAction\",\"target\":[\"https:\/\/denizcankizil.tr\/uk\/haberler\/antalya\/miniklere-ozel-eglence\/\"]}]},{\"@type\":\"ImageObject\",\"inLanguage\":\"ru-RU\",\"@id\":\"https:\/\/denizcankizil.tr\/uk\/haberler\/antalya\/miniklere-ozel-eglence\/#primaryimage\",\"url\":\"http:\/\/denizcankizil.tr\/wp-content\/uploads\/2024\/12\/3814-01-Q8eTSx.jpeg\",\"contentUrl\":\"http:\/\/denizcankizil.tr\/wp-content\/uploads\/2024\/12\/3814-01-Q8eTSx.jpeg\",\"width\":1280,\"height\":720},{\"@type\":\"BreadcrumbList\",\"@id\":\"https:\/\/denizcankizil.tr\/uk\/haberler\/antalya\/miniklere-ozel-eglence\/#breadcrumb\",\"itemListElement\":[{\"@type\":\"ListItem\",\"position\":1,\"name\":\"Home\",\"item\":\"https:\/\/denizcankizil.tr\/de\/\"},{\"@type\":\"ListItem\",\"position\":2,\"name\":\"Miniklere \u00f6zel e\u011flence\"}]},{\"@type\":\"WebSite\",\"@id\":\"https:\/\/denizcankizil.tr\/#website\",\"url\":\"https:\/\/denizcankizil.tr\/\",\"name\":\"Av. Deniz Can K\u0131z\u0131l\",\"description\":\"Avukat Deniz Can K\u0131z\u0131l Antalya Barosu\",\"publisher\":{\"@id\":\"https:\/\/denizcankizil.tr\/#organization\"},\"potentialAction\":[{\"@type\":\"SearchAction\",\"target\":{\"@type\":\"EntryPoint\",\"urlTemplate\":\"https:\/\/denizcankizil.tr\/?s={search_term_string}\"},\"query-input\":{\"@type\":\"PropertyValueSpecification\",\"valueRequired\":true,\"valueName\":\"search_term_string\"}}],\"inLanguage\":\"ru-RU\"},{\"@type\":\"Organization\",\"@id\":\"https:\/\/denizcankizil.tr\/#organization\",\"name\":\"Av. Deniz Can K\u0131z\u0131l\",\"url\":\"https:\/\/denizcankizil.tr\/\",\"logo\":{\"@type\":\"ImageObject\",\"inLanguage\":\"ru-RU\",\"@id\":\"https:\/\/denizcankizil.tr\/#\/schema\/logo\/image\/\",\"url\":\"http:\/\/denizcankizil.tr\/wp-content\/uploads\/2024\/10\/siyah-logo-svg.svg\",\"contentUrl\":\"http:\/\/denizcankizil.tr\/wp-content\/uploads\/2024\/10\/siyah-logo-svg.svg\",\"width\":1080,\"height\":1080,\"caption\":\"Av. Deniz Can K\u0131z\u0131l\"},\"image\":{\"@id\":\"https:\/\/denizcankizil.tr\/#\/schema\/logo\/image\/\"}}]}<\/script>\n<!-- \/ Yoast SEO Premium plugin. -->","yoast_head_json":{"title":"Miniklere \u00f6zel e\u011flence - Av. Deniz Can K\u0131z\u0131l","robots":{"index":"index","follow":"follow","max-snippet":"max-snippet:-1","max-image-preview":"max-image-preview:large","max-video-preview":"max-video-preview:-1"},"canonical":"https:\/\/denizcankizil.tr\/ru\/haberler\/antalya\/miniklere-ozel-eglence\/","og_locale":"ru_RU","og_type":"article","og_title":"Miniklere \u00f6zel e\u011flence","og_description":"Konyaalt\u0131 Belediyesi\u2019nin G\u00fcrsu, Hurma, Toros ve Uncal\u0131 kre\u015flerinde e\u011fitim g\u00f6ren \u00e7ocuklar, Naz\u0131m Hikmet Fuar ve Kongre Merkezi\u2019nde ger\u00e7ekle\u015ftirilen y\u0131lba\u015f\u0131 etkinli\u011finde keyifli anlar ya\u015fad\u0131. \u00c7ocuklar i\u00e7in haz\u0131rlanan etkinlikte \u015fi\u015fme oyun parkuru, y\u00fcz boyama, kar partisi, \u00e7ocuk orkestras\u0131 \u015fark\u0131lar\u0131, at\u00f6lye \u00e7al\u0131\u015fmalar\u0131 ve \u00e7e\u015fitli oyun alanlar\u0131 gibi e\u011flenceli aktiviteler yer ald\u0131. \u00c7ocuklar\u0131n mutlulu\u011funa ortak olan Konyaalt\u0131 Belediye Ba\u015fkan\u0131 Cem Kotan, etkinlikte miniklerle dans etti ve pamuk \u015feker ikram etti. \u201c\u00c7ocuklar\u0131m\u0131z\u0131n Mutlulu\u011fu Her \u015eeyden \u00d6nemli\u201d Etkinlikte konu\u015fma yapan Ba\u015fkan Kotan, \u201c2025 y\u0131l\u0131nda da \u00e7ocuklar\u0131m\u0131z i\u00e7in ayn\u0131 \u00f6zenle \u00e7al\u0131\u015fmaya devam edece\u011fiz. \u00c7ocuklar\u0131m\u0131zla birlikte bizler de b\u00fcy\u00fcmeye, \u00f6\u011frenmeye ve geli\u015fmeye devam ediyoruz. Onlar\u0131n mutlulu\u011fu bizim i\u00e7in her \u015feyden \u00f6nemli\u201d dedi. Kre\u015flerde verilen e\u011fitimin yan\u0131 s\u0131ra \u00e7ocuklar\u0131n sosyal ve k\u00fclt\u00fcrel geli\u015fimlerini desteklemeyi de \u00f6nemsediklerini belirten Kotan, \u201cBug\u00fcn burada \u00e7ocuklar\u0131m\u0131z\u0131n y\u00fcz\u00fcndeki g\u00fcl\u00fcmsemeyi g\u00f6rmek, yapt\u0131\u011f\u0131m\u0131z \u00e7al\u0131\u015fmalar\u0131n en g\u00fczel \u00f6d\u00fcl\u00fc. Onlar\u0131n hayatlar\u0131na dokunmak ve mutluluklar\u0131na ortak olmak en b\u00fcy\u00fck \u00f6nceliklerimizden biri. Yeni y\u0131l\u0131n\u0131z kutlu olsun\u201d ifadelerini kulland\u0131. Kaynak: www.kanalv.com.tr Haber Sitesinden Al\u0131nm\u0131\u015ft\u0131r.","og_url":"https:\/\/denizcankizil.tr\/ru\/haberler\/antalya\/miniklere-ozel-eglence\/","og_site_name":"Av. Deniz Can K\u0131z\u0131l","article_published_time":"2024-12-30T08:41:42+00:00","og_image":[{"width":1280,"height":720,"url":"https:\/\/denizcankizil.tr\/wp-content\/uploads\/2024\/12\/3814-01-Q8eTSx.jpeg","type":"image\/jpeg"}],"twitter_card":"summary_large_image","twitter_misc":{"\u041f\u0440\u0438\u043c\u0435\u0440\u043d\u043e\u0435 \u0432\u0440\u0435\u043c\u044f \u0434\u043b\u044f \u0447\u0442\u0435\u043d\u0438\u044f":"1 \u043c\u0438\u043d\u0443\u0442\u0430"},"schema":{"@context":"https:\/\/schema.org","@graph":[{"@type":"Article","@id":"https:\/\/denizcankizil.tr\/uk\/haberler\/antalya\/miniklere-ozel-eglence\/#article","isPartOf":{"@id":"https:\/\/denizcankizil.tr\/uk\/haberler\/antalya\/miniklere-ozel-eglence\/"},"author":{"name":"","@id":""},"headline":"Miniklere \u00f6zel e\u011flence","datePublished":"2024-12-30T08:41:42+00:00","mainEntityOfPage":{"@id":"https:\/\/denizcankizil.tr\/uk\/haberler\/antalya\/miniklere-ozel-eglence\/"},"wordCount":236,"commentCount":0,"publisher":{"@id":"https:\/\/denizcankizil.tr\/#organization"},"image":{"@id":"https:\/\/denizcankizil.tr\/uk\/haberler\/antalya\/miniklere-ozel-eglence\/#primaryimage"},"thumbnailUrl":"http:\/\/denizcankizil.tr\/wp-content\/uploads\/2024\/12\/3814-01-Q8eTSx.jpeg","articleSection":["Antalya","Uncategorized"],"inLanguage":"ru-RU","potentialAction":[{"@type":"CommentAction","name":"Comment","target":["https:\/\/denizcankizil.tr\/uk\/haberler\/antalya\/miniklere-ozel-eglence\/#respond"]}]},{"@type":"WebPage","@id":"https:\/\/denizcankizil.tr\/uk\/haberler\/antalya\/miniklere-ozel-eglence\/","url":"https:\/\/denizcankizil.tr\/uk\/haberler\/antalya\/miniklere-ozel-eglence\/","name":"Miniklere \u00f6zel e\u011flence - Av. Deniz Can K\u0131z\u0131l","isPartOf":{"@id":"https:\/\/denizcankizil.tr\/#website"},"primaryImageOfPage":{"@id":"https:\/\/denizcankizil.tr\/uk\/haberler\/antalya\/miniklere-ozel-eglence\/#primaryimage"},"image":{"@id":"https:\/\/denizcankizil.tr\/uk\/haberler\/antalya\/miniklere-ozel-eglence\/#primaryimage"},"thumbnailUrl":"http:\/\/denizcankizil.tr\/wp-content\/uploads\/2024\/12\/3814-01-Q8eTSx.jpeg","datePublished":"2024-12-30T08:41:42+00:00","breadcrumb":{"@id":"https:\/\/denizcankizil.tr\/uk\/haberler\/antalya\/miniklere-ozel-eglence\/#breadcrumb"},"inLanguage":"ru-RU","potentialAction":[{"@type":"ReadAction","target":["https:\/\/denizcankizil.tr\/uk\/haberler\/antalya\/miniklere-ozel-eglence\/"]}]},{"@type":"ImageObject","inLanguage":"ru-RU","@id":"https:\/\/denizcankizil.tr\/uk\/haberler\/antalya\/miniklere-ozel-eglence\/#primaryimage","url":"http:\/\/denizcankizil.tr\/wp-content\/uploads\/2024\/12\/3814-01-Q8eTSx.jpeg","contentUrl":"http:\/\/denizcankizil.tr\/wp-content\/uploads\/2024\/12\/3814-01-Q8eTSx.jpeg","width":1280,"height":720},{"@type":"BreadcrumbList","@id":"https:\/\/denizcankizil.tr\/uk\/haberler\/antalya\/miniklere-ozel-eglence\/#breadcrumb","itemListElement":[{"@type":"ListItem","position":1,"name":"Home","item":"https:\/\/denizcankizil.tr\/de\/"},{"@type":"ListItem","position":2,"name":"Miniklere \u00f6zel e\u011flence"}]},{"@type":"WebSite","@id":"https:\/\/denizcankizil.tr\/#website","url":"https:\/\/denizcankizil.tr\/","name":"Av. Deniz Can K\u0131z\u0131l","description":"Avukat Deniz Can K\u0131z\u0131l Antalya Barosu","publisher":{"@id":"https:\/\/denizcankizil.tr\/#organization"},"potentialAction":[{"@type":"SearchAction","target":{"@type":"EntryPoint","urlTemplate":"https:\/\/denizcankizil.tr\/?s={search_term_string}"},"query-input":{"@type":"PropertyValueSpecification","valueRequired":true,"valueName":"search_term_string"}}],"inLanguage":"ru-RU"},{"@type":"Organization","@id":"https:\/\/denizcankizil.tr\/#organization","name":"Av. Deniz Can K\u0131z\u0131l","url":"https:\/\/denizcankizil.tr\/","logo":{"@type":"ImageObject","inLanguage":"ru-RU","@id":"https:\/\/denizcankizil.tr\/#\/schema\/logo\/image\/","url":"http:\/\/denizcankizil.tr\/wp-content\/uploads\/2024\/10\/siyah-logo-svg.svg","contentUrl":"http:\/\/denizcankizil.tr\/wp-content\/uploads\/2024\/10\/siyah-logo-svg.svg","width":1080,"height":1080,"caption":"Av. Deniz Can K\u0131z\u0131l"},"image":{"@id":"https:\/\/denizcankizil.tr\/#\/schema\/logo\/image\/"}}]}},"_links":{"self":[{"href":"http:\/\/denizcankizil.tr\/ru\/wp-json\/wp\/v2\/posts\/22955","targetHints":{"allow":["GET"]}}],"collection":[{"href":"http:\/\/denizcankizil.tr\/ru\/wp-json\/wp\/v2\/posts"}],"about":[{"href":"http:\/\/denizcankizil.tr\/ru\/wp-json\/wp\/v2\/types\/post"}],"replies":[{"embeddable":true,"href":"http:\/\/denizcankizil.tr\/ru\/wp-json\/wp\/v2\/comments?post=22955"}],"version-history":[{"count":0,"href":"http:\/\/denizcankizil.tr\/ru\/wp-json\/wp\/v2\/posts\/22955\/revisions"}],"wp:featuredmedia":[{"embeddable":true,"href":"http:\/\/denizcankizil.tr\/ru\/wp-json\/wp\/v2\/media\/22956"}],"wp:attachment":[{"href":"http:\/\/denizcankizil.tr\/ru\/wp-json\/wp\/v2\/media?parent=22955"}],"wp:term":[{"taxonomy":"category","embeddable":true,"href":"http:\/\/denizcankizil.tr\/ru\/wp-json\/wp\/v2\/categories?post=22955"},{"taxonomy":"post_tag","embeddable":true,"href":"http:\/\/denizcankizil.tr\/ru\/wp-json\/wp\/v2\/tags?post=22955"}],"curies":[{"name":"wp","href":"https:\/\/api.w.org\/{rel}","templated":true}]}}