{"id":22698,"date":"2024-12-28T14:56:15","date_gmt":"2024-12-28T11:56:15","guid":{"rendered":"https:\/\/denizcankizil.tr\/uncategorized-tr\/orgutten-mahkumiyetin-tekerrure-etkisi-ikinci-kez-degerlendirme\/"},"modified":"2024-12-28T14:56:15","modified_gmt":"2024-12-28T11:56:15","slug":"orgutten-mahkumiyetin-tekerrure-etkisi-ikinci-kez-degerlendirme","status":"publish","type":"post","link":"http:\/\/denizcankizil.tr\/ru\/koseyazilari\/degerlendirme\/orgutten-mahkumiyetin-tekerrure-etkisi-ikinci-kez-degerlendirme\/","title":{"rendered":"\u00d6rg\u00fctten Mahkumiyetin Tekerr\u00fcre Etkisi: \u0130kinci Kez De\u011ferlendirme"},"content":{"rendered":"<p> <strong>\u00d6rg\u00fctten Mahkumiyetin Tekerr\u00fcre Etkisi: \u0130kinci Kez De\u011ferlendirme<\/strong><\/p>\n<p>Ceza hukuku, bireylerin \u2062i\u015fledikleri su\u00e7lar kar\u015f\u0131s\u0131nda devletin uygulad\u0131\u011f\u0131 \u2062yapt\u0131r\u0131mlar\u0131n belirlenmesi ve \u2063bu yapt\u0131r\u0131mlar\u0131n infaz\u0131 s\u00fcrecinde \u00f6nemli bir rol oynamaktad\u0131r. \u00d6zellikle, mahkumiyet\u2064 kararlar\u0131n\u0131n tekrar\u0131, yani tekerr\u00fcr, ceza infaz sisteminin en kritik unsurlar\u0131ndan \u2062birini te\u015fkil etmektedir. Bu ba\u011flamda, \u00f6rg\u00fctl\u00fc su\u00e7lar \u200bkapsam\u0131nda verilen mahkumiyetlerin tekerr\u00fcre etkisi, hem hukuki hem de sosyal \u200ca\u00e7\u0131dan derinlemesine incelenmesi gereken bir konudur. <\/p>\n<p>Bu makalede, \u00f6rg\u00fctl\u00fc su\u00e7lardan mahkumiyetin, failin ceza ge\u00e7mi\u015fi \u00fczerindeki etkileri ve bu durumun tekerr\u00fcr h\u00fck\u00fcmleriyle \u200bili\u015fkisi ele\u2063 al\u0131nacakt\u0131r. \u0130lk olarak, T\u00fcrk Ceza \u2064Kanunu\u2019ndaki tekerr\u00fcr d\u00fczenlemeleri ve \u00f6rg\u00fctl\u00fc su\u00e7lar\u0131n tan\u0131m\u0131 \u00fczerinde durulacak; ard\u0131ndan, mahkumiyetin birey \u00fczerindeki sonu\u00e7lar\u0131 ve bu\u2062 sonu\u00e7lar\u0131n ceza infaz\u0131 s\u00fcrecine yans\u0131malar\u0131 de\u011ferlendirilecektir. \u0130kinci kez de\u011ferlendirme ba\u015fl\u0131\u011f\u0131 alt\u0131nda, mevcut yarg\u0131 uygulamalar\u0131 ve Yarg\u0131tay \u2063i\u00e7tihatlar\u0131 \u0131\u015f\u0131\u011f\u0131nda, \u00f6rg\u00fctten mahkumiyetin\u2062 tekerr\u00fcre etkisi detayl\u0131 bir \u015fekilde analiz edilecektir. Bu \u200c\u00e7al\u0131\u015fma, hem akademik literat\u00fcre katk\u0131 sa\u011flamay\u0131 hem de uygulay\u0131c\u0131lar i\u00e7in yol\u2064 g\u00f6sterici olmay\u0131\u2063 ama\u00e7lamaktad\u0131r.<br \/><img decoding=\"async\" class=\"kimage_class lazyload\" data-src=\"https:\/\/denizcankizil.tr\/wp-content\/uploads\/2024\/10\/t-bild.jpg\" alt=\"\u00d6rg\u00fct Su\u00e7lar\u0131 ve Mahkumiyetin Hukuki \u00c7er\u00e7evesi\" src=\"data:image\/svg+xml;base64,PHN2ZyB3aWR0aD0iMSIgaGVpZ2h0PSIxIiB4bWxucz0iaHR0cDovL3d3dy53My5vcmcvMjAwMC9zdmciPjwvc3ZnPg==\"><\/p>\n<h2 id=\"orgut-suclari-ve-mahkumiyetin-hukuki-cercevesi\">\u00d6rg\u00fct Su\u00e7lar\u0131 ve Mahkumiyetin Hukuki \u00c7er\u00e7evesi<\/h2>\n<p>\u00d6rg\u00fct \u200dsu\u00e7lar\u0131, bireylerin \u200bbelirli\u2062 bir ama\u00e7 do\u011frultusunda\u2064 bir araya gelerek ger\u00e7ekle\u015ftirdi\u011fi su\u00e7 \u2064faaliyetlerini ifade eder. Bu t\u00fcr su\u00e7lar, genellikle \u2064daha karma\u015f\u0131k bir yap\u0131ya\u2062 sahip olup, bireysel su\u00e7lardan farkl\u0131 olarak, \u00f6rg\u00fctl\u00fc bir\u2064 yap\u0131 i\u00e7inde i\u015flenmektedir. \u200bMahkumiyet durumunda, bu su\u00e7lar\u0131n de\u011ferlendirilmesi, hukukun \u00e7e\u015fitli\u2063 y\u00f6nleri a\u00e7\u0131s\u0131ndan \u00f6nemli bir yer tutar. \u00d6zellikle, mahkumiyetin tekerr\u00fcre etkisi, ceza hukukunun temel \u200cprensiplerinden\u200c biri \u200bolarak \u00f6ne \u00e7\u0131kmaktad\u0131r.<\/p>\n<p>Mahkumiyetin tekerr\u00fcre etkisi, bir \u200dki\u015finin daha \u00f6nceki\u2063 mahkumiyetinin,\u200d gelecekteki su\u00e7lamalar \u00fczerindeki etkisini belirler.\u2062 Bu ba\u011flamda, <strong>\u00f6rg\u00fct su\u00e7lar\u0131<\/strong> a\u00e7\u0131s\u0131ndan, mahkumiyetin tekrar de\u011ferlendirilmesi, a\u015fa\u011f\u0131daki unsurlar\u0131 i\u00e7ermektedir:<\/p>\n<ul>\n<li><strong>\u00d6rg\u00fct\u00fcn niteli\u011fi:<\/strong> \u200cSu\u00e7 \u00f6rg\u00fct\u00fcn\u00fcn yap\u0131s\u0131 ve i\u015fleyi\u015fi, mahkumiyetin de\u011ferlendirilmesinde \u00f6nemli bir rol oynar.<\/li>\n<li><strong>Su\u00e7un t\u00fcr\u00fc:<\/strong> \u0130\u015flenen su\u00e7un\u200d cinsi ve a\u011f\u0131rl\u0131\u011f\u0131, tekerr\u00fcr durumunu etkileyen fakt\u00f6rlerdendir.<\/li>\n<li><strong>Ceza s\u00fcresi:<\/strong> \u2063 \u00d6nceki mahkumiyetin ceza s\u00fcresi, gelecekteki mahkumiyetlerde dikkate al\u0131nacak bir unsurdur.<\/li>\n<li><strong>Ceza infaz\u0131:<\/strong> Mahkumiyetin infaz\u0131 s\u0131ras\u0131nda g\u00f6sterilen davran\u0131\u015flar, tekerr\u00fcr de\u011ferlendirmesinde \u00f6nemli bir\u200d kriterdir.<\/li>\n<\/ul>\n<p>Sonu\u00e7 olarak, \u00f6rg\u00fct su\u00e7lar\u0131 ba\u011flam\u0131nda mahkumiyetin\u200b tekerr\u00fcre\u200c etkisi, hukukun dinamik yap\u0131s\u0131 \u2062i\u00e7inde s\u00fcrekli olarak g\u00f6zden ge\u00e7irilmesi gereken bir konudur. Bu durum, hem\u200b bireylerin haklar\u0131n\u0131n korunmas\u0131 hem de toplumun g\u00fcvenli\u011finin sa\u011flanmas\u0131 a\u00e7\u0131s\u0131ndan kritik bir \u00f6neme sahiptir.<\/p>\n<p><img decoding=\"async\" class=\"kimage_class lazyload\" data-src=\"https:\/\/denizcankizil.tr\/wp-content\/uploads\/2024\/10\/ounsel-scaled.jpg\" alt=\"Tekerr\u00fcr Kavram\u0131n\u0131n Tan\u0131m\u0131 ve \u00d6nemi\" src=\"data:image\/svg+xml;base64,PHN2ZyB3aWR0aD0iMSIgaGVpZ2h0PSIxIiB4bWxucz0iaHR0cDovL3d3dy53My5vcmcvMjAwMC9zdmciPjwvc3ZnPg==\"><\/p>\n<h2 id=\"tekerrur-kavraminin-tanimi-ve-onemi\">Tekerr\u00fcr Kavram\u0131n\u0131n Tan\u0131m\u0131 ve \u00d6nemi<\/h2>\n<section>\n<p>Tekerr\u00fcr, ceza hukukunda\u2063 bir su\u00e7un \u2064birden fazla kez i\u015flenmesi durumunu ifade eden bir terimdir. Bu kavram, \u00f6zellikle ceza infaz sisteminde \u200d\u00f6nemli bir yere sahiptir. Tekerr\u00fcr, su\u00e7un\u200d niteli\u011fine \u2064ve failin ge\u00e7mi\u015fteki su\u00e7 ge\u00e7mi\u015fine ba\u011fl\u0131 olarak, cezan\u0131n art\u0131r\u0131lmas\u0131na veya farkl\u0131 yapt\u0131r\u0131mlar\u0131n uygulanmas\u0131na \u200cneden olabilir. Bu ba\u011flamda, tekerr\u00fcr \u200bkavram\u0131, su\u00e7un \u00f6nlenmesi ve toplum g\u00fcvenli\u011finin sa\u011flanmas\u0131 a\u00e7\u0131s\u0131ndan kritik bir rol oynamaktad\u0131r.<\/p>\n<p>Tekerr\u00fcr\u00fcn hukuki anlamda de\u011ferlendirilmesi, su\u00e7un tekrar\u0131n\u0131 \u00f6nlemek \u2062amac\u0131yla\u200b cayd\u0131r\u0131c\u0131 bir\u200b etki yaratmay\u0131 hedefler. Bu nedenle, tekerr\u00fcr durumunda uygulanacak yapt\u0131r\u0131mlar, su\u00e7lunun ge\u00e7mi\u015fteki davran\u0131\u015flar\u0131yla orant\u0131l\u0131 olarak belirlenir. Bu \u200ddurum, hem bireysel hem de toplumsal d\u00fczeyde su\u00e7un tekrar\u0131n\u0131 engellemeye y\u00f6nelik bir strateji olarak\u2063 \u00f6ne \u00e7\u0131kmaktad\u0131r.<\/p>\n<p>\u00d6zellikle \u00f6rg\u00fctl\u00fc su\u00e7lar ba\u011flam\u0131nda, tekerr\u00fcr kavram\u0131 daha\u2064 da \u00f6nem kazanmaktad\u0131r. \u00d6rg\u00fctl\u00fc su\u00e7lar, genellikle sistematik bir \u015fekilde i\u015flenen ve birden\u2064 fazla ki\u015finin \u2062kat\u0131l\u0131m\u0131n\u0131 gerektiren su\u00e7lard\u0131r. Bu t\u00fcr su\u00e7lar\u0131n tekrar\u0131nda, failin ge\u00e7mi\u015fteki su\u00e7lar\u0131 ve bu \u200csu\u00e7lar\u0131n niteli\u011fi, ceza yarg\u0131lamas\u0131nda dikkate al\u0131narak, daha a\u011f\u0131r yapt\u0131r\u0131mlar uygulanabilir. Bu durum, su\u00e7un \u00f6nlenmesi ve toplumsal d\u00fczenin korunmas\u0131 a\u00e7\u0131s\u0131ndan b\u00fcy\u00fck\u200c bir \u00f6nem ta\u015f\u0131maktad\u0131r.<\/p>\n<\/section>\n<p><img decoding=\"async\" class=\"kimage_class lazyload\" data-src=\"https:\/\/denizcankizil.tr\/wp-content\/uploads\/2024\/10\/3982-antalyadaki-fikri-ve-sinai-haklar-avukatlarinin-yetki-alanlari.jpg\" alt=\"\u00d6rg\u00fct Su\u00e7lar\u0131nda Tekerr\u00fcr Uygulamalar\u0131n\u0131n Analizi\" src=\"data:image\/svg+xml;base64,PHN2ZyB3aWR0aD0iMSIgaGVpZ2h0PSIxIiB4bWxucz0iaHR0cDovL3d3dy53My5vcmcvMjAwMC9zdmciPjwvc3ZnPg==\"><\/p>\n<h2 id=\"orgut-suclarinda-tekerrur-uygulamalarinin-analizi\">\u00d6rg\u00fct Su\u00e7lar\u0131nda Tekerr\u00fcr Uygulamalar\u0131n\u0131n Analizi<\/h2>\n<p>\u00d6rg\u00fct su\u00e7lar\u0131, ceza hukuku a\u00e7\u0131s\u0131ndan \u00f6nemli\u200c bir yere sahiptir ve bu \u2063su\u00e7lar\u0131n i\u015flenmesi durumunda uygulanan yapt\u0131r\u0131mlar, <a href=\"https:\/\/denizcankizil.tr\/ru\/koseyazilari\/degerlendirme\/turk-ceza-kanununa-gore-davanin-ve-cezanin-dusurulmesi-sanigin-veya-hukumlunun-olumu-ozel-af-genel-af-dava-zamanasimi-dava-zamanasimi-suresinin-durmasi-veya-kesilmesi-ceza-zamanasimi-sorusturma\/\" title=\"\u0421\u043e\u0433\u043b\u0430\u0441\u043d\u043e \u0423\u0433\u043e\u043b\u043e\u0432\u043d\u043e\u043c\u0443 \u043a\u043e\u0434\u0435\u043a\u0441\u0443 \u0422\u0443\u0440\u0446\u0438\u0438; \u041f\u0440\u0435\u043a\u0440\u0430\u0449\u0435\u043d\u0438\u0435 \u0434\u0435\u043b\u0430 \u0438 \u043d\u0430\u043a\u0430\u0437\u0430\u043d\u0438\u0435, \u0421\u043c\u0435\u0440\u0442\u044c \u043f\u043e\u0434\u0441\u0443\u0434\u0438\u043c\u043e\u0433\u043e \u0438\u043b\u0438 \u043e\u0441\u0443\u0436\u0434\u0435\u043d\u043d\u043e\u0433\u043e, \u0421\u043f\u0435\u0446\u0438\u0430\u043b\u044c\u043d\u0430\u044f \u0430\u043c\u043d\u0438\u0441\u0442\u0438\u044f, \u041e\u0431\u0449\u0430\u044f \u0430\u043c\u043d\u0438\u0441\u0442\u0438\u044f, \u0421\u0440\u043e\u043a \u0434\u0430\u0432\u043d\u043e\u0441\u0442\u0438 \u043f\u043e \u0434\u0435\u043b\u0430\u043c, \u041f\u0440\u0438\u043e\u0441\u0442\u0430\u043d\u043e\u0432\u043b\u0435\u043d\u0438\u0435 \u0438\u043b\u0438 \u043f\u0435\u0440\u0435\u0440\u044b\u0432 \u0441\u0440\u043e\u043a\u0430 \u0434\u0430\u0432\u043d\u043e\u0441\u0442\u0438 \u043f\u043e \u0434\u0435\u043b\u0430\u043c, \u0421\u0440\u043e\u043a \u0434\u0430\u0432\u043d\u043e\u0441\u0442\u0438 \u043f\u043e \u0443\u0433\u043e\u043b\u043e\u0432\u043d\u044b\u043c \u0434\u0435\u043b\u0430\u043c, \u0420\u0430\u0441\u0441\u043b\u0435\u0434\u043e\u0432\u0430\u043d\u0438\u0435 \u0438\u043b\u0438 \u043f\u0440\u0435\u0441\u043b\u0435\u0434\u043e\u0432\u0430\u043d\u0438\u0435, \u041f\u0440\u0435\u0441\u0442\u0443\u043f\u043b\u0435\u043d\u0438\u044f \u043f\u043e \u0436\u0430\u043b\u043e\u0431\u0430\u043c\">su\u00e7un niteli\u011fine \u200dg\u00f6re de\u011fi\u015fiklik g\u00f6stermektedir<\/a>. Tekerr\u00fcr, bir ki\u015finin daha \u00f6nce i\u015fledi\u011fi bir su\u00e7tan\u2062 dolay\u0131 mahkumiyet almas\u0131n\u0131n ard\u0131ndan, ayn\u0131 veya benzer bir su\u00e7un tekrar i\u015flenmesi durumunda uygulanan hukuki bir kavramd\u0131r. Bu ba\u011flamda, \u00f6rg\u00fct su\u00e7lar\u0131 a\u00e7\u0131s\u0131ndan tekerr\u00fcr uygulamalar\u0131, ceza adalet sisteminin\u200b etkinli\u011fini art\u0131rmak amac\u0131yla titizlikle ele al\u0131nmal\u0131d\u0131r.<\/p>\n<p>\u00d6rg\u00fct\u2062 su\u00e7lar\u0131nda tekerr\u00fcr\u00fcn de\u011ferlendirilmesi, a\u015fa\u011f\u0131daki unsurlar g\u00f6z \u00f6n\u00fcnde bulundurularak yap\u0131lmal\u0131d\u0131r:<\/p>\n<ul>\n<li><strong>Su\u00e7un Niteli\u011fi:<\/strong> Tekerr\u00fcr uygulamalar\u0131nda, i\u015flenen su\u00e7un t\u00fcr\u00fc\u200d ve ciddiyeti b\u00fcy\u00fck \u00f6nem ta\u015f\u0131r. \u2062\u00d6rg\u00fct su\u00e7lar\u0131, genellikle daha a\u011f\u0131r yapt\u0131r\u0131mlara\u200c tabi tutulmaktad\u0131r.<\/li>\n<li><strong>\u00d6nceki Mahkumiyetin S\u00fcresi:<\/strong> \u00d6nceki mahkumiyetin \u00fczerinden ne kadar zaman ge\u00e7ti\u011fi, \u2062tekerr\u00fcr uygulamalar\u0131nda dikkate \u200bal\u0131nan bir \u200bdi\u011fer \u00f6nemli fakt\u00f6rd\u00fcr.<\/li>\n<li><strong>Su\u00e7un \u0130\u015fleni\u015f Bi\u00e7imi:<\/strong> Su\u00e7un nas\u0131l i\u015flendi\u011fi, failin niyeti ve su\u00e7un sonu\u00e7lar\u0131, tekerr\u00fcr \u2063de\u011ferlendirmesinde belirleyici unsurlar aras\u0131nda yer al\u0131r.<\/li>\n<\/ul>\n<p>Sonu\u00e7 olarak, \u00f6rg\u00fct su\u00e7lar\u0131nda tekerr\u00fcr\u2063 uygulamalar\u0131, ceza hukukunun \u2062temel prensipleri\u200c do\u011frultusunda, adaletin sa\u011flanmas\u0131 \u2064ve su\u00e7un\u200d \u00f6nlenmesi amac\u0131yla dikkatlice analiz edilmelidir. Bu t\u00fcr \u200bsu\u00e7lar\u0131n tekrar\u0131n\u0131n \u00f6nlenmesi, hem \u200dbireysel hem de toplumsal g\u00fcvenli\u011fin sa\u011flanmas\u0131 a\u00e7\u0131s\u0131ndan\u200b kritik bir \u00f6neme\u200d sahiptir.<\/p>\n<p><img decoding=\"async\" class=\"kimage_class lazyload\" data-src=\"https:\/\/denizcankizil.tr\/wp-content\/uploads\/2024\/10\/o04aha.jpg\" alt=\"Yarg\u0131tay \u0130\u00e7tihatlar\u0131 I\u015f\u0131\u011f\u0131nda Tekerr\u00fcr De\u011ferlendirmeleri\" src=\"data:image\/svg+xml;base64,PHN2ZyB3aWR0aD0iMSIgaGVpZ2h0PSIxIiB4bWxucz0iaHR0cDovL3d3dy53My5vcmcvMjAwMC9zdmciPjwvc3ZnPg==\"><\/p>\n<h2 id=\"yargitay-ictihatlari-isiginda-tekerrur-degerlendirmeleri\">Yarg\u0131tay \u0130\u00e7tihatlar\u0131 I\u015f\u0131\u011f\u0131nda Tekerr\u00fcr De\u011ferlendirmeleri<\/h2>\n<section>\n<p>Yarg\u0131tay i\u00e7tihatlar\u0131, ceza hukuku alan\u0131nda tekerr\u00fcr kavram\u0131n\u0131n nas\u0131l de\u011ferlendirilece\u011fi konusunda \u00f6nemli bir rehberlik sunmaktad\u0131r. Tekerr\u00fcr, bir su\u00e7un birden fazla kez i\u015flenmesi durumunu\u200c ifade eder \u2063ve bu durum, ceza hukukunda \u00e7e\u015fitli sonu\u00e7lar do\u011furur. \u00d6zellikle \u00f6rg\u00fctl\u00fc su\u00e7lar ba\u011flam\u0131nda, mahkumiyetin tekerr\u00fcre \u2064etkisi, ceza infaz\u0131 ve ceza miktarlar\u0131 a\u00e7\u0131s\u0131ndan dikkate al\u0131nmas\u0131 \u2062gereken bir husustur.<\/p>\n<p>Yarg\u0131tay, \u00f6rg\u00fctl\u00fc\u2062 su\u00e7lardan mahkumiyetin tekerr\u00fcr de\u011ferlendirmesinde \u015fu unsurlar\u0131 g\u00f6z \u00f6n\u00fcnde bulundurmaktad\u0131r:<\/p>\n<ul>\n<li><strong>Su\u00e7un niteli\u011fi:<\/strong> \u2063\u0130\u015flenen su\u00e7un t\u00fcr\u00fc ve ciddiyeti, tekerr\u00fcr\u00fcn de\u011ferlendirilmesinde \u200cbelirleyici bir fakt\u00f6rd\u00fcr.<\/li>\n<li><strong>\u00d6nceki mahkumiyetler:<\/strong> Daha \u00f6nceki mahkumiyetlerin varl\u0131\u011f\u0131, tekerr\u00fcr\u00fcn olu\u015fup olu\u015fmad\u0131\u011f\u0131n\u0131 etkileyen \u00f6nemli bir unsurdur.<\/li>\n<li><strong>Su\u00e7un i\u015flenme \u015fekli:<\/strong> Su\u00e7un nas\u0131l i\u015flendi\u011fi ve su\u00e7un i\u015fleni\u015findeki y\u00f6ntemler, tekerr\u00fcr de\u011ferlendirmesinde dikkate al\u0131n\u0131r.<\/li>\n<\/ul>\n<p>Bu unsurlar\u0131n yan\u0131 s\u0131ra, Yarg\u0131tay i\u00e7tihatlar\u0131, tekerr\u00fcr\u00fcn uygulanabilirli\u011fini etkileyen di\u011fer fakt\u00f6rleri\u2063 de \u200dg\u00f6z \u00f6n\u00fcnde bulundurarak, her bir davay\u0131 \u200bkendi \u00f6zel ko\u015fullar\u0131 \u00e7er\u00e7evesinde de\u011ferlendirmektedir. Bu ba\u011flamda, mahkemelerin kararlar\u0131, ceza hukukunun genel ilkeleri ile uyumlu bir \u015fekilde \u015fekillenmektedir. Dolay\u0131s\u0131yla, \u00f6rg\u00fctl\u00fc su\u00e7lardan mahkumiyetin tekerr\u00fcre etkisi, <a href=\"https:\/\/denizcankizil.tr\/ru\/seo\/antalyada-en-iyi-bosanma-avukatini-secerken-dikkat-edilmesi-gerekenler\/\" title=\"Antalya&#039;da En \u0130yi Bo\u015fanma Avukat\u0131n\u0131 Se\u00e7erken Dikkat Edilmesi Gerekenler\">yaln\u0131zca hukuki bir mesele de\u011fil<\/a>,\u200c ayn\u0131 zamanda toplumsal\u2063 bir sorumluluk olarak da ele al\u0131nmal\u0131d\u0131r.<\/p>\n<\/section>\n<p><img decoding=\"async\" class=\"kimage_class lazyload\" data-src=\"https:\/\/denizcankizil.tr\/wp-content\/uploads\/2024\/10\/4382-antalyada-ticaret-hukuku-avukatlarinin-yetki-alanlari.jpg\" alt=\"\u00d6rg\u00fctten Mahkumiyetin \u2064Ceza \u0130nfaz\u0131na Etkileri\" src=\"data:image\/svg+xml;base64,PHN2ZyB3aWR0aD0iMSIgaGVpZ2h0PSIxIiB4bWxucz0iaHR0cDovL3d3dy53My5vcmcvMjAwMC9zdmciPjwvc3ZnPg==\"><\/p>\n<h2 id=\"orgutten-mahkumiyetin-ceza-infazina-etkileri\">\u00d6rg\u00fctten Mahkumiyetin Ceza \u0130nfaz\u0131na Etkileri<\/h2>\n<p>\u00d6rg\u00fctl\u00fc\u200c su\u00e7lardan mahkumiyet, ceza \u2063infaz sisteminde \u00f6nemli bir etkiye sahiptir. Bu t\u00fcr mahkumiyetler, bireylerin ceza infaz\u0131 s\u00fcrecinde\u200d kar\u015f\u0131la\u015ft\u0131klar\u0131\u2064 ko\u015fullar\u0131 ve uygulamalar\u0131 do\u011frudan \u200betkileyebilir. \u00d6zellikle, \u00f6rg\u00fctl\u00fc su\u00e7lardan h\u00fck\u00fcm giymi\u015f ki\u015filerin, ceza infaz\u0131 s\u0131ras\u0131nda maruz kald\u0131klar\u0131 \u2062tedbirler ve uygulamalar, di\u011fer mahkumlardan farkl\u0131l\u0131k g\u00f6sterebilir.<\/p>\n<p>\u00d6rg\u00fctten mahkumiyetin ceza infaz\u0131na olan etkileri aras\u0131nda \u015funlar yer almaktad\u0131r:<\/p>\n<ul>\n<li><strong>\u0130nfaz rejimi:<\/strong> \u00d6rg\u00fctl\u00fc su\u00e7lardan mahkum olan bireyler, genellikle daha \u2062s\u0131k\u0131 g\u00fcvenlik \u00f6nlemleri alt\u0131nda\u2064 tutulurlar.<\/li>\n<li><strong>Rehabilitasyon\u2062 programlar\u0131:<\/strong> Bu mahkumlar i\u00e7in \u00f6zel \u200brehabilitasyon programlar\u0131 uygulanabilir, zira \u00f6rg\u00fctl\u00fc\u200d su\u00e7lar genellikle sosyal ve psikolojik fakt\u00f6rlerle ili\u015fkilidir.<\/li>\n<li><strong>\u0130leti\u015fim k\u0131s\u0131tlamalar\u0131:<\/strong> \u00d6rg\u00fctl\u00fc su\u00e7lardan mahkum olan bireylerin, d\u0131\u015f d\u00fcnya ile ileti\u015fimleri\u200d daha fazla \u200bk\u0131s\u0131tlanabilir, bu da infaz s\u00fcrecini zorla\u015ft\u0131rabilir.<\/li>\n<\/ul>\n<p>Sonu\u00e7 olarak, \u200c\u00f6rg\u00fctl\u00fc su\u00e7lardan mahkumiyet, ceza infaz\u0131 s\u00fcrecinde \u00f6nemli \u200dde\u011fi\u015fikliklere yol a\u00e7makta ve bu durum, mahkumlar\u0131n rehabilitasyon s\u00fcre\u00e7lerini de etkilemektedir. Bu nedenle, \u2062ceza infaz\u0131 sisteminin, \u00f6rg\u00fctl\u00fc su\u00e7lardan mahkum olan bireyler i\u00e7in \u00f6zel d\u00fczenlemeler yapmas\u0131 gerekmektedir.<\/p>\n<p><img decoding=\"async\" class=\"kimage_class lazyload\" data-src=\"https:\/\/denizcankizil.tr\/wp-content\/uploads\/2024\/10\/4376-antalyada-tuketici-hukuku-avukatlarinin-sorumluluklari.jpg\" alt=\"Sonu\u00e7 ve \u00d6neriler: \u00d6rg\u00fct Su\u00e7lar\u0131nda Tekerr\u00fcr\u00fcn Gelece\u011fi\" src=\"data:image\/svg+xml;base64,PHN2ZyB3aWR0aD0iMSIgaGVpZ2h0PSIxIiB4bWxucz0iaHR0cDovL3d3dy53My5vcmcvMjAwMC9zdmciPjwvc3ZnPg==\"><\/p>\n<h2 id=\"sonuc-ve-oneriler-orgut-suclarinda-tekerrurun-gelecegi\">Sonu\u00e7 ve\u2063 \u00d6neriler: \u00d6rg\u00fct Su\u00e7lar\u0131nda Tekerr\u00fcr\u00fcn\u2062 Gelece\u011fi<\/h2>\n<p>\u00d6rg\u00fct su\u00e7lar\u0131, toplumsal d\u00fczeni tehdit eden \u200dve \u2064bireylerin g\u00fcvenli\u011fini \u200bzedeleyen \u00f6nemli bir sorun olarak kar\u015f\u0131m\u0131za \u00e7\u0131kmaktad\u0131r. Bu ba\u011flamda, \u00f6rg\u00fctlerden mahkumiyetin tekerr\u00fcre etkisi, ceza hukuku \u2063a\u00e7\u0131s\u0131ndan dikkate de\u011fer bir konu haline gelmi\u015ftir. Tekerr\u00fcr, su\u00e7 i\u015fleyen bireylerin daha \u00f6nceki mahkumiyetlerinin, yeni bir\u200c su\u00e7 i\u015flediklerinde ceza miktar\u0131n\u0131 art\u0131r\u0131c\u0131 bir unsur olarak de\u011ferlendirilmesi anlam\u0131na \u2064gelmektedir. Bu durum, hem bireylerin rehabilitasyon s\u00fcre\u00e7lerini hem de toplumun \u2062g\u00fcvenli\u011fini do\u011frudan etkilemektedir.<\/p>\n<p>Gelecekte, \u200b\u00f6rg\u00fct su\u00e7lar\u0131nda tekerr\u00fcr\u00fcn etkisini azaltmak i\u00e7in a\u015fa\u011f\u0131daki \u2063\u00f6nerilerin dikkate al\u0131nmas\u0131 \u00f6nemlidir:<\/p>\n<ul>\n<li><strong>Rehabilitasyon Programlar\u0131:<\/strong> \u200cSu\u00e7lular\u0131n topluma kazand\u0131r\u0131lmas\u0131 \u200damac\u0131yla etkili rehabilitasyon programlar\u0131n\u0131n geli\u015ftirilmesi gerekmektedir.<\/li>\n<li><strong>\u00d6nleyici \u200dTedbirler:<\/strong> \u00d6rg\u00fct su\u00e7lar\u0131n\u0131n \u00f6nlenmesi i\u00e7in toplumsal \u2063fark\u0131ndal\u0131\u011f\u0131n art\u0131r\u0131lmas\u0131 ve e\u011fitim faaliyetlerinin yayg\u0131nla\u015ft\u0131r\u0131lmas\u0131 \u00f6nem ta\u015f\u0131maktad\u0131r.<\/li>\n<li><strong>Yasal D\u00fczenlemeler:<\/strong> Tekerr\u00fcr\u00fcn ceza hukukundaki yeri ve etkileri \u00fczerine kapsaml\u0131 yasal d\u00fczenlemelerin yap\u0131lmas\u0131, adalet\u2063 sisteminin etkinli\u011fini art\u0131racakt\u0131r.<\/li>\n<li><strong>\u0130\u015fbirli\u011fi ve Koordinasyon:<\/strong> G\u00fcvenlik g\u00fc\u00e7leri, yarg\u0131 organlar\u0131 ve sosyal hizmetler aras\u0131nda i\u015fbirli\u011finin g\u00fc\u00e7lendirilmesi, \u00f6rg\u00fct su\u00e7lar\u0131yla m\u00fccadelede \u00f6nemli bir ad\u0131m\u2064 olacakt\u0131r.<\/li>\n<\/ul>\n<p>Sonu\u00e7 \u2062olarak, \u00f6rg\u00fct su\u00e7lar\u0131nda tekerr\u00fcr\u00fcn \u2063gelece\u011fi, <a href=\"https:\/\/denizcankizil.tr\/ru\/koseyazilari\/degerlendirme\/turk-ceza-kanununa-gore-suca-tesebbus-gonullu-vazgecme-kavramlarinin-degerlendirilmesi-ve-tesebbusun-hangi-hallerde-cezalandirilacagi\/\" title=\"\u0412 \u0441\u043e\u043e\u0442\u0432\u0435\u0442\u0441\u0442\u0432\u0438\u0438 \u0441 \u0423\u0433\u043e\u043b\u043e\u0432\u043d\u044b\u043c \u043a\u043e\u0434\u0435\u043a\u0441\u043e\u043c \u0422\u0443\u0440\u0446\u0438\u0438; \u041e\u0446\u0435\u043d\u043a\u0430 \u043f\u043e\u043d\u044f\u0442\u0438\u0439 \u043f\u043e\u043a\u0443\u0448\u0435\u043d\u0438\u044f \u043d\u0430 \u043f\u0440\u0435\u0441\u0442\u0443\u043f\u043b\u0435\u043d\u0438\u0435, \u0434\u043e\u0431\u0440\u043e\u0432\u043e\u043b\u044c\u043d\u043e\u0433\u043e \u043e\u0442\u043a\u0430\u0437\u0430 \u0438 \u0432 \u043a\u0430\u043a\u0438\u0445 \u0441\u043b\u0443\u0447\u0430\u044f\u0445 \u043f\u043e\u043a\u0443\u0448\u0435\u043d\u0438\u0435 \u0431\u0443\u0434\u0435\u0442 \u043d\u0430\u043a\u0430\u0437\u0430\u043d\u043e\">sadece ceza hukuku \u2064a\u00e7\u0131s\u0131ndan de\u011fil<\/a>, ayn\u0131 zamanda toplumsal bar\u0131\u015f \u200bve g\u00fcvenlik a\u00e7\u0131s\u0131ndan da kritik bir \u00f6neme sahiptir. Bu nedenle, yukar\u0131da belirtilen \u00f6nerilerin\u200d hayata ge\u00e7irilmesi, <a href=\"https:\/\/denizcankizil.tr\/ru\/koseyazilari\/degerlendirme\/trafic-kazasi-sonucu-tazminat-davalari-hukuki-surecler\/\" title=\"Trafic Kazas\u0131 Sonucu Tazminat Davalar\u0131: Hukuki S\u00fcre\u00e7ler\">hem bireylerin hem de toplumun yarar\u0131na olacakt\u0131r<\/a>.<\/p>\n<p>Sonu\u00e7 olarak, \u00f6rg\u00fctten mahkumiyetin tekerr\u00fcre etkisi, T\u00fcrk ceza\u2062 hukuku a\u00e7\u0131s\u0131ndan \u00f6nemli bir konu olarak kar\u015f\u0131m\u0131za \u00e7\u0131kmaktad\u0131r. Bu ba\u011flamda, mahkumiyetin tekrar\u0131n\u0131 \u00f6nleyici tedbirlerin\u2064 ve hukuki d\u00fczenlemelerin etkinli\u011fi, hem bireysel hem de toplumsal boyutta b\u00fcy\u00fck bir \u00f6neme sahiptir. \u0130kinci \u200bkez de\u011ferlendirme\u2062 s\u00fcre\u00e7leri, yaln\u0131zca ceza infaz sisteminin i\u015fleyi\u015fini de\u011fil, ayn\u0131 zamanda su\u00e7un \u00f6nlenmesi ve topluma yeniden kazand\u0131rma hedeflerini \u200dde do\u011frudan etkilemektedir. Bu nedenle, yarg\u0131 organlar\u0131n\u0131n ve hukuk\u00e7ular\u0131n,\u2064 \u00f6rg\u00fctl\u00fc su\u00e7larla m\u00fccadelede daha etkili stratejiler\u2062 geli\u015ftirmesi ve mevcut yasalar\u0131n uygulanabilirli\u011fini art\u0131rmas\u0131 gerekmektedir. Gelecek \u00e7al\u0131\u015fmalar\u0131n, bu alandaki \u2062hukuki d\u00fczenlemeleri \u200cve uygulamalar\u0131 daha derinlemesine incelemesi, \u2063T\u00fcrk \u2063ceza hukukunun geli\u015fimine katk\u0131 sa\u011flayacakt\u0131r. <\/p>","protected":false},"excerpt":{"rendered":"<p>\u00d6rg\u00fctten mahkumiyet, ceza hukukunda tekerr\u00fcr kavram\u0131n\u0131 \u00f6nemli \u00f6l\u00e7\u00fcde etkilemektedir. \u0130kinci kez de\u011ferlendirme s\u00fcrecinde, \u00f6nceki mahkumiyetin niteli\u011fi ve su\u00e7un a\u011f\u0131rl\u0131\u011f\u0131, ceza belirlemesinde belirleyici unsurlar aras\u0131nda yer almaktad\u0131r.<\/p>","protected":false},"author":4,"featured_media":22699,"comment_status":"open","ping_status":"open","sticky":false,"template":"","format":"standard","meta":{"_acf_changed":false,"footnotes":""},"categories":[22],"tags":[],"class_list":["post-22698","post","type-post","status-publish","format-standard","has-post-thumbnail","hentry","category-degerlendirme"],"acf":[],"yoast_head":"<!-- This site is optimized with the Yoast SEO Premium plugin v26.6 (Yoast SEO v27.1.1) - https:\/\/yoast.com\/product\/yoast-seo-premium-wordpress\/ -->\n<title>\u00d6rg\u00fctten Mahkumiyetin Tekerr\u00fcre Etkisi: \u0130kinci Kez De\u011ferlendirme - Av. Deniz Can K\u0131z\u0131l<\/title>\n<meta name=\"robots\" content=\"index, follow, max-snippet:-1, max-image-preview:large, max-video-preview:-1\" \/>\n<link rel=\"canonical\" href=\"http:\/\/denizcankizil.tr\/ru\/koseyazilari\/degerlendirme\/orgutten-mahkumiyetin-tekerrure-etkisi-ikinci-kez-degerlendirme\/\" \/>\n<meta property=\"og:locale\" content=\"ru_RU\" \/>\n<meta property=\"og:type\" content=\"article\" \/>\n<meta property=\"og:title\" content=\"\u00d6rg\u00fctten Mahkumiyetin Tekerr\u00fcre Etkisi: \u0130kinci Kez De\u011ferlendirme\" \/>\n<meta property=\"og:description\" content=\"\u00d6rg\u00fctten mahkumiyet, ceza hukukunda tekerr\u00fcr kavram\u0131n\u0131 \u00f6nemli \u00f6l\u00e7\u00fcde etkilemektedir. \u0130kinci kez de\u011ferlendirme s\u00fcrecinde, \u00f6nceki mahkumiyetin niteli\u011fi ve su\u00e7un a\u011f\u0131rl\u0131\u011f\u0131, ceza belirlemesinde belirleyici unsurlar aras\u0131nda yer almaktad\u0131r.\" \/>\n<meta property=\"og:url\" content=\"http:\/\/denizcankizil.tr\/ru\/koseyazilari\/degerlendirme\/orgutten-mahkumiyetin-tekerrure-etkisi-ikinci-kez-degerlendirme\/\" \/>\n<meta property=\"og:site_name\" content=\"Av. Deniz Can K\u0131z\u0131l\" \/>\n<meta property=\"article:published_time\" content=\"2024-12-28T11:56:15+00:00\" \/>\n<meta property=\"og:image\" content=\"http:\/\/denizcankizil.tr\/wp-content\/uploads\/2024\/12\/22698-orgutten-mahkumiyetin-tekerrure-etkisi-ikinci-kez-degerlendirme.jpg\" \/>\n\t<meta property=\"og:image:width\" content=\"200\" \/>\n\t<meta property=\"og:image:height\" content=\"200\" \/>\n\t<meta property=\"og:image:type\" content=\"image\/jpeg\" \/>\n<meta name=\"author\" content=\"Av. Deniz Can K\u0131z\u0131l\" \/>\n<meta name=\"twitter:card\" content=\"summary_large_image\" \/>\n<meta name=\"twitter:label1\" content=\"\u041d\u0430\u043f\u0438\u0441\u0430\u043d\u043e \u0430\u0432\u0442\u043e\u0440\u043e\u043c\" \/>\n\t<meta name=\"twitter:data1\" content=\"Av. Deniz Can K\u0131z\u0131l\" \/>\n\t<meta name=\"twitter:label2\" content=\"\u041f\u0440\u0438\u043c\u0435\u0440\u043d\u043e\u0435 \u0432\u0440\u0435\u043c\u044f \u0434\u043b\u044f \u0447\u0442\u0435\u043d\u0438\u044f\" \/>\n\t<meta name=\"twitter:data2\" content=\"9 \u043c\u0438\u043d\u0443\u0442\" \/>\n<script type=\"application\/ld+json\" class=\"yoast-schema-graph\">{\"@context\":\"https:\/\/schema.org\",\"@graph\":[{\"@type\":\"Article\",\"@id\":\"http:\/\/denizcankizil.tr\/ru\/koseyazilari\/degerlendirme\/orgutten-mahkumiyetin-tekerrure-etkisi-ikinci-kez-degerlendirme\/#article\",\"isPartOf\":{\"@id\":\"http:\/\/denizcankizil.tr\/ru\/koseyazilari\/degerlendirme\/orgutten-mahkumiyetin-tekerrure-etkisi-ikinci-kez-degerlendirme\/\"},\"author\":{\"name\":\"Av. Deniz Can K\u0131z\u0131l\",\"@id\":\"https:\/\/denizcankizil.tr\/#\/schema\/person\/5dc1b22991bd7ac833867c10afc9b0ff\"},\"headline\":\"\u00d6rg\u00fctten Mahkumiyetin Tekerr\u00fcre Etkisi: \u0130kinci Kez De\u011ferlendirme\",\"datePublished\":\"2024-12-28T11:56:15+00:00\",\"mainEntityOfPage\":{\"@id\":\"http:\/\/denizcankizil.tr\/ru\/koseyazilari\/degerlendirme\/orgutten-mahkumiyetin-tekerrure-etkisi-ikinci-kez-degerlendirme\/\"},\"wordCount\":1880,\"commentCount\":0,\"publisher\":{\"@id\":\"https:\/\/denizcankizil.tr\/#organization\"},\"image\":{\"@id\":\"http:\/\/denizcankizil.tr\/ru\/koseyazilari\/degerlendirme\/orgutten-mahkumiyetin-tekerrure-etkisi-ikinci-kez-degerlendirme\/#primaryimage\"},\"thumbnailUrl\":\"http:\/\/denizcankizil.tr\/wp-content\/uploads\/2024\/12\/22698-orgutten-mahkumiyetin-tekerrure-etkisi-ikinci-kez-degerlendirme.jpg\",\"articleSection\":[\"De\u011ferlendirme\"],\"inLanguage\":\"ru-RU\",\"potentialAction\":[{\"@type\":\"CommentAction\",\"name\":\"Comment\",\"target\":[\"http:\/\/denizcankizil.tr\/ru\/koseyazilari\/degerlendirme\/orgutten-mahkumiyetin-tekerrure-etkisi-ikinci-kez-degerlendirme\/#respond\"]}]},{\"@type\":\"WebPage\",\"@id\":\"http:\/\/denizcankizil.tr\/ru\/koseyazilari\/degerlendirme\/orgutten-mahkumiyetin-tekerrure-etkisi-ikinci-kez-degerlendirme\/\",\"url\":\"http:\/\/denizcankizil.tr\/ru\/koseyazilari\/degerlendirme\/orgutten-mahkumiyetin-tekerrure-etkisi-ikinci-kez-degerlendirme\/\",\"name\":\"\u00d6rg\u00fctten Mahkumiyetin Tekerr\u00fcre Etkisi: \u0130kinci Kez De\u011ferlendirme - Av. Deniz Can K\u0131z\u0131l\",\"isPartOf\":{\"@id\":\"https:\/\/denizcankizil.tr\/#website\"},\"primaryImageOfPage\":{\"@id\":\"http:\/\/denizcankizil.tr\/ru\/koseyazilari\/degerlendirme\/orgutten-mahkumiyetin-tekerrure-etkisi-ikinci-kez-degerlendirme\/#primaryimage\"},\"image\":{\"@id\":\"http:\/\/denizcankizil.tr\/ru\/koseyazilari\/degerlendirme\/orgutten-mahkumiyetin-tekerrure-etkisi-ikinci-kez-degerlendirme\/#primaryimage\"},\"thumbnailUrl\":\"http:\/\/denizcankizil.tr\/wp-content\/uploads\/2024\/12\/22698-orgutten-mahkumiyetin-tekerrure-etkisi-ikinci-kez-degerlendirme.jpg\",\"datePublished\":\"2024-12-28T11:56:15+00:00\",\"breadcrumb\":{\"@id\":\"http:\/\/denizcankizil.tr\/ru\/koseyazilari\/degerlendirme\/orgutten-mahkumiyetin-tekerrure-etkisi-ikinci-kez-degerlendirme\/#breadcrumb\"},\"inLanguage\":\"ru-RU\",\"potentialAction\":[{\"@type\":\"ReadAction\",\"target\":[\"http:\/\/denizcankizil.tr\/ru\/koseyazilari\/degerlendirme\/orgutten-mahkumiyetin-tekerrure-etkisi-ikinci-kez-degerlendirme\/\"]}]},{\"@type\":\"ImageObject\",\"inLanguage\":\"ru-RU\",\"@id\":\"http:\/\/denizcankizil.tr\/ru\/koseyazilari\/degerlendirme\/orgutten-mahkumiyetin-tekerrure-etkisi-ikinci-kez-degerlendirme\/#primaryimage\",\"url\":\"http:\/\/denizcankizil.tr\/wp-content\/uploads\/2024\/12\/22698-orgutten-mahkumiyetin-tekerrure-etkisi-ikinci-kez-degerlendirme.jpg\",\"contentUrl\":\"http:\/\/denizcankizil.tr\/wp-content\/uploads\/2024\/12\/22698-orgutten-mahkumiyetin-tekerrure-etkisi-ikinci-kez-degerlendirme.jpg\",\"width\":200,\"height\":200,\"caption\":\"\u00d6rg\u00fctten Mahkumiyetin Tekerr\u00fcre Etkisi: \u0130kinci Kez De\u011ferlendirme\"},{\"@type\":\"BreadcrumbList\",\"@id\":\"http:\/\/denizcankizil.tr\/ru\/koseyazilari\/degerlendirme\/orgutten-mahkumiyetin-tekerrure-etkisi-ikinci-kez-degerlendirme\/#breadcrumb\",\"itemListElement\":[{\"@type\":\"ListItem\",\"position\":1,\"name\":\"Home\",\"item\":\"https:\/\/denizcankizil.tr\/de\/\"},{\"@type\":\"ListItem\",\"position\":2,\"name\":\"\u00d6rg\u00fctten Mahkumiyetin Tekerr\u00fcre Etkisi: \u0130kinci Kez De\u011ferlendirme\"}]},{\"@type\":\"WebSite\",\"@id\":\"https:\/\/denizcankizil.tr\/#website\",\"url\":\"https:\/\/denizcankizil.tr\/\",\"name\":\"Av. Deniz Can K\u0131z\u0131l\",\"description\":\"Avukat Deniz Can K\u0131z\u0131l Antalya Barosu\",\"publisher\":{\"@id\":\"https:\/\/denizcankizil.tr\/#organization\"},\"potentialAction\":[{\"@type\":\"SearchAction\",\"target\":{\"@type\":\"EntryPoint\",\"urlTemplate\":\"https:\/\/denizcankizil.tr\/?s={search_term_string}\"},\"query-input\":{\"@type\":\"PropertyValueSpecification\",\"valueRequired\":true,\"valueName\":\"search_term_string\"}}],\"inLanguage\":\"ru-RU\"},{\"@type\":\"Organization\",\"@id\":\"https:\/\/denizcankizil.tr\/#organization\",\"name\":\"Av. Deniz Can K\u0131z\u0131l\",\"url\":\"https:\/\/denizcankizil.tr\/\",\"logo\":{\"@type\":\"ImageObject\",\"inLanguage\":\"ru-RU\",\"@id\":\"https:\/\/denizcankizil.tr\/#\/schema\/logo\/image\/\",\"url\":\"http:\/\/denizcankizil.tr\/wp-content\/uploads\/2024\/10\/siyah-logo-svg.svg\",\"contentUrl\":\"http:\/\/denizcankizil.tr\/wp-content\/uploads\/2024\/10\/siyah-logo-svg.svg\",\"width\":1080,\"height\":1080,\"caption\":\"Av. Deniz Can K\u0131z\u0131l\"},\"image\":{\"@id\":\"https:\/\/denizcankizil.tr\/#\/schema\/logo\/image\/\"}},{\"@type\":\"Person\",\"@id\":\"https:\/\/denizcankizil.tr\/#\/schema\/person\/5dc1b22991bd7ac833867c10afc9b0ff\",\"name\":\"Av. Deniz Can K\u0131z\u0131l\",\"image\":{\"@type\":\"ImageObject\",\"inLanguage\":\"ru-RU\",\"@id\":\"https:\/\/denizcankizil.tr\/#\/schema\/person\/image\/\",\"url\":\"https:\/\/secure.gravatar.com\/avatar\/a0b128fb9855c79efc976d5640eedb31dc35ec297594d6016d2cf7c60e975bb6?s=96&d=mm&r=g\",\"contentUrl\":\"https:\/\/secure.gravatar.com\/avatar\/a0b128fb9855c79efc976d5640eedb31dc35ec297594d6016d2cf7c60e975bb6?s=96&d=mm&r=g\",\"caption\":\"Av. Deniz Can K\u0131z\u0131l\"},\"sameAs\":[\"http:\/\/www.denizcankizil.tr\"],\"url\":\"http:\/\/denizcankizil.tr\/ru\/author\/denizcankizil\/\"}]}<\/script>\n<!-- \/ Yoast SEO Premium plugin. -->","yoast_head_json":{"title":"\u00d6rg\u00fctten Mahkumiyetin Tekerr\u00fcre Etkisi: \u0130kinci Kez De\u011ferlendirme - Av. Deniz Can K\u0131z\u0131l","robots":{"index":"index","follow":"follow","max-snippet":"max-snippet:-1","max-image-preview":"max-image-preview:large","max-video-preview":"max-video-preview:-1"},"canonical":"http:\/\/denizcankizil.tr\/ru\/koseyazilari\/degerlendirme\/orgutten-mahkumiyetin-tekerrure-etkisi-ikinci-kez-degerlendirme\/","og_locale":"ru_RU","og_type":"article","og_title":"\u00d6rg\u00fctten Mahkumiyetin Tekerr\u00fcre Etkisi: \u0130kinci Kez De\u011ferlendirme","og_description":"\u00d6rg\u00fctten mahkumiyet, ceza hukukunda tekerr\u00fcr kavram\u0131n\u0131 \u00f6nemli \u00f6l\u00e7\u00fcde etkilemektedir. \u0130kinci kez de\u011ferlendirme s\u00fcrecinde, \u00f6nceki mahkumiyetin niteli\u011fi ve su\u00e7un a\u011f\u0131rl\u0131\u011f\u0131, ceza belirlemesinde belirleyici unsurlar aras\u0131nda yer almaktad\u0131r.","og_url":"http:\/\/denizcankizil.tr\/ru\/koseyazilari\/degerlendirme\/orgutten-mahkumiyetin-tekerrure-etkisi-ikinci-kez-degerlendirme\/","og_site_name":"Av. Deniz Can K\u0131z\u0131l","article_published_time":"2024-12-28T11:56:15+00:00","og_image":[{"width":200,"height":200,"url":"http:\/\/denizcankizil.tr\/wp-content\/uploads\/2024\/12\/22698-orgutten-mahkumiyetin-tekerrure-etkisi-ikinci-kez-degerlendirme.jpg","type":"image\/jpeg"}],"author":"Av. Deniz Can K\u0131z\u0131l","twitter_card":"summary_large_image","twitter_misc":{"\u041d\u0430\u043f\u0438\u0441\u0430\u043d\u043e \u0430\u0432\u0442\u043e\u0440\u043e\u043c":"Av. Deniz Can K\u0131z\u0131l","\u041f\u0440\u0438\u043c\u0435\u0440\u043d\u043e\u0435 \u0432\u0440\u0435\u043c\u044f \u0434\u043b\u044f \u0447\u0442\u0435\u043d\u0438\u044f":"9 \u043c\u0438\u043d\u0443\u0442"},"schema":{"@context":"https:\/\/schema.org","@graph":[{"@type":"Article","@id":"http:\/\/denizcankizil.tr\/ru\/koseyazilari\/degerlendirme\/orgutten-mahkumiyetin-tekerrure-etkisi-ikinci-kez-degerlendirme\/#article","isPartOf":{"@id":"http:\/\/denizcankizil.tr\/ru\/koseyazilari\/degerlendirme\/orgutten-mahkumiyetin-tekerrure-etkisi-ikinci-kez-degerlendirme\/"},"author":{"name":"Av. Deniz Can K\u0131z\u0131l","@id":"https:\/\/denizcankizil.tr\/#\/schema\/person\/5dc1b22991bd7ac833867c10afc9b0ff"},"headline":"\u00d6rg\u00fctten Mahkumiyetin Tekerr\u00fcre Etkisi: \u0130kinci Kez De\u011ferlendirme","datePublished":"2024-12-28T11:56:15+00:00","mainEntityOfPage":{"@id":"http:\/\/denizcankizil.tr\/ru\/koseyazilari\/degerlendirme\/orgutten-mahkumiyetin-tekerrure-etkisi-ikinci-kez-degerlendirme\/"},"wordCount":1880,"commentCount":0,"publisher":{"@id":"https:\/\/denizcankizil.tr\/#organization"},"image":{"@id":"http:\/\/denizcankizil.tr\/ru\/koseyazilari\/degerlendirme\/orgutten-mahkumiyetin-tekerrure-etkisi-ikinci-kez-degerlendirme\/#primaryimage"},"thumbnailUrl":"http:\/\/denizcankizil.tr\/wp-content\/uploads\/2024\/12\/22698-orgutten-mahkumiyetin-tekerrure-etkisi-ikinci-kez-degerlendirme.jpg","articleSection":["De\u011ferlendirme"],"inLanguage":"ru-RU","potentialAction":[{"@type":"CommentAction","name":"Comment","target":["http:\/\/denizcankizil.tr\/ru\/koseyazilari\/degerlendirme\/orgutten-mahkumiyetin-tekerrure-etkisi-ikinci-kez-degerlendirme\/#respond"]}]},{"@type":"WebPage","@id":"http:\/\/denizcankizil.tr\/ru\/koseyazilari\/degerlendirme\/orgutten-mahkumiyetin-tekerrure-etkisi-ikinci-kez-degerlendirme\/","url":"http:\/\/denizcankizil.tr\/ru\/koseyazilari\/degerlendirme\/orgutten-mahkumiyetin-tekerrure-etkisi-ikinci-kez-degerlendirme\/","name":"\u00d6rg\u00fctten Mahkumiyetin Tekerr\u00fcre Etkisi: \u0130kinci Kez De\u011ferlendirme - Av. Deniz Can K\u0131z\u0131l","isPartOf":{"@id":"https:\/\/denizcankizil.tr\/#website"},"primaryImageOfPage":{"@id":"http:\/\/denizcankizil.tr\/ru\/koseyazilari\/degerlendirme\/orgutten-mahkumiyetin-tekerrure-etkisi-ikinci-kez-degerlendirme\/#primaryimage"},"image":{"@id":"http:\/\/denizcankizil.tr\/ru\/koseyazilari\/degerlendirme\/orgutten-mahkumiyetin-tekerrure-etkisi-ikinci-kez-degerlendirme\/#primaryimage"},"thumbnailUrl":"http:\/\/denizcankizil.tr\/wp-content\/uploads\/2024\/12\/22698-orgutten-mahkumiyetin-tekerrure-etkisi-ikinci-kez-degerlendirme.jpg","datePublished":"2024-12-28T11:56:15+00:00","breadcrumb":{"@id":"http:\/\/denizcankizil.tr\/ru\/koseyazilari\/degerlendirme\/orgutten-mahkumiyetin-tekerrure-etkisi-ikinci-kez-degerlendirme\/#breadcrumb"},"inLanguage":"ru-RU","potentialAction":[{"@type":"ReadAction","target":["http:\/\/denizcankizil.tr\/ru\/koseyazilari\/degerlendirme\/orgutten-mahkumiyetin-tekerrure-etkisi-ikinci-kez-degerlendirme\/"]}]},{"@type":"ImageObject","inLanguage":"ru-RU","@id":"http:\/\/denizcankizil.tr\/ru\/koseyazilari\/degerlendirme\/orgutten-mahkumiyetin-tekerrure-etkisi-ikinci-kez-degerlendirme\/#primaryimage","url":"http:\/\/denizcankizil.tr\/wp-content\/uploads\/2024\/12\/22698-orgutten-mahkumiyetin-tekerrure-etkisi-ikinci-kez-degerlendirme.jpg","contentUrl":"http:\/\/denizcankizil.tr\/wp-content\/uploads\/2024\/12\/22698-orgutten-mahkumiyetin-tekerrure-etkisi-ikinci-kez-degerlendirme.jpg","width":200,"height":200,"caption":"\u00d6rg\u00fctten Mahkumiyetin Tekerr\u00fcre Etkisi: \u0130kinci Kez De\u011ferlendirme"},{"@type":"BreadcrumbList","@id":"http:\/\/denizcankizil.tr\/ru\/koseyazilari\/degerlendirme\/orgutten-mahkumiyetin-tekerrure-etkisi-ikinci-kez-degerlendirme\/#breadcrumb","itemListElement":[{"@type":"ListItem","position":1,"name":"Home","item":"https:\/\/denizcankizil.tr\/de\/"},{"@type":"ListItem","position":2,"name":"\u00d6rg\u00fctten Mahkumiyetin Tekerr\u00fcre Etkisi: \u0130kinci Kez De\u011ferlendirme"}]},{"@type":"WebSite","@id":"https:\/\/denizcankizil.tr\/#website","url":"https:\/\/denizcankizil.tr\/","name":"Av. Deniz Can K\u0131z\u0131l","description":"Avukat Deniz Can K\u0131z\u0131l Antalya Barosu","publisher":{"@id":"https:\/\/denizcankizil.tr\/#organization"},"potentialAction":[{"@type":"SearchAction","target":{"@type":"EntryPoint","urlTemplate":"https:\/\/denizcankizil.tr\/?s={search_term_string}"},"query-input":{"@type":"PropertyValueSpecification","valueRequired":true,"valueName":"search_term_string"}}],"inLanguage":"ru-RU"},{"@type":"Organization","@id":"https:\/\/denizcankizil.tr\/#organization","name":"Av. Deniz Can K\u0131z\u0131l","url":"https:\/\/denizcankizil.tr\/","logo":{"@type":"ImageObject","inLanguage":"ru-RU","@id":"https:\/\/denizcankizil.tr\/#\/schema\/logo\/image\/","url":"http:\/\/denizcankizil.tr\/wp-content\/uploads\/2024\/10\/siyah-logo-svg.svg","contentUrl":"http:\/\/denizcankizil.tr\/wp-content\/uploads\/2024\/10\/siyah-logo-svg.svg","width":1080,"height":1080,"caption":"Av. Deniz Can K\u0131z\u0131l"},"image":{"@id":"https:\/\/denizcankizil.tr\/#\/schema\/logo\/image\/"}},{"@type":"Person","@id":"https:\/\/denizcankizil.tr\/#\/schema\/person\/5dc1b22991bd7ac833867c10afc9b0ff","name":"Av. Deniz Can K\u0131z\u0131l","image":{"@type":"ImageObject","inLanguage":"ru-RU","@id":"https:\/\/denizcankizil.tr\/#\/schema\/person\/image\/","url":"https:\/\/secure.gravatar.com\/avatar\/a0b128fb9855c79efc976d5640eedb31dc35ec297594d6016d2cf7c60e975bb6?s=96&d=mm&r=g","contentUrl":"https:\/\/secure.gravatar.com\/avatar\/a0b128fb9855c79efc976d5640eedb31dc35ec297594d6016d2cf7c60e975bb6?s=96&d=mm&r=g","caption":"Av. Deniz Can K\u0131z\u0131l"},"sameAs":["http:\/\/www.denizcankizil.tr"],"url":"http:\/\/denizcankizil.tr\/ru\/author\/denizcankizil\/"}]}},"_links":{"self":[{"href":"http:\/\/denizcankizil.tr\/ru\/wp-json\/wp\/v2\/posts\/22698","targetHints":{"allow":["GET"]}}],"collection":[{"href":"http:\/\/denizcankizil.tr\/ru\/wp-json\/wp\/v2\/posts"}],"about":[{"href":"http:\/\/denizcankizil.tr\/ru\/wp-json\/wp\/v2\/types\/post"}],"author":[{"embeddable":true,"href":"http:\/\/denizcankizil.tr\/ru\/wp-json\/wp\/v2\/users\/4"}],"replies":[{"embeddable":true,"href":"http:\/\/denizcankizil.tr\/ru\/wp-json\/wp\/v2\/comments?post=22698"}],"version-history":[{"count":0,"href":"http:\/\/denizcankizil.tr\/ru\/wp-json\/wp\/v2\/posts\/22698\/revisions"}],"wp:featuredmedia":[{"embeddable":true,"href":"http:\/\/denizcankizil.tr\/ru\/wp-json\/wp\/v2\/media\/22699"}],"wp:attachment":[{"href":"http:\/\/denizcankizil.tr\/ru\/wp-json\/wp\/v2\/media?parent=22698"}],"wp:term":[{"taxonomy":"category","embeddable":true,"href":"http:\/\/denizcankizil.tr\/ru\/wp-json\/wp\/v2\/categories?post=22698"},{"taxonomy":"post_tag","embeddable":true,"href":"http:\/\/denizcankizil.tr\/ru\/wp-json\/wp\/v2\/tags?post=22698"}],"curies":[{"name":"wp","href":"https:\/\/api.w.org\/{rel}","templated":true}]}}