{"id":22202,"date":"2024-12-25T14:41:13","date_gmt":"2024-12-25T11:41:13","guid":{"rendered":"https:\/\/denizcankizil.tr\/uncategorized-tr\/antalya-maratonu-basliyor\/"},"modified":"2024-12-25T14:41:13","modified_gmt":"2024-12-25T11:41:13","slug":"antalya-maratonu-basliyor","status":"publish","type":"post","link":"http:\/\/denizcankizil.tr\/ru\/haberler\/antalya\/antalya-maratonu-basliyor\/","title":{"rendered":"Antalya Maratonu ba\u015fl\u0131yor"},"content":{"rendered":"<p>Bu y\u0131l Avrupa&#8217;n\u0131n 10 \u00fclkesinde ger\u00e7ekle\u015fen Avrupa Trail Cup yar\u0131\u015fmalar\u0131n\u0131n final etab\u0131 Konyaalt\u0131&#8217;nda yap\u0131lacak. Etkinlik \u00f6ncesi bas\u0131n toplant\u0131s\u0131 d\u00fczenleyen Konyaalt\u0131 Belediyesi Ba\u015fkan\u0131 Cem Kotan ve organizasyon payda\u015flar\u0131, Uluslararas\u0131 Antalya Mizuno Maratonu program\u0131n\u0131n i\u00e7eri\u011fi hakk\u0131nda gazetecileri bilgilendirdi.<\/p>\n<p>Bin 500&#8217;den fazla sporcu yar\u0131\u015facak<br \/>\nKonyaalt\u0131 Belediye Ba\u015fkan\u0131 Cem Kotan, maratonun kent i\u00e7in \u00f6nemini \u015fu s\u00f6zlerle ifade etti: \u201cFinal yar\u0131\u015f\u0131nda, toplam 44 \u00fclkeden yerli ve yabanc\u0131 bin 500&#8217;den fazla sporcumuz yar\u0131\u015facak. Antalya&#8217;m\u0131z\u0131n benzersiz co\u011frafyas\u0131 sayesinde, denizin mavisinden da\u011flar\u0131n beyaz\u0131na uzanan g\u00fczellikler e\u015fli\u011finde sporcular\u0131m\u0131za ev sahipli\u011fi yapaca\u011f\u0131z. Parkurumuza bu sebeple \u2018Maviden Beyaza&#8217; ad\u0131n\u0131 verdik. Hem \u015fehrimizi d\u00fcnyaya tan\u0131taca\u011f\u0131z hem de sporun birle\u015ftirici g\u00fcc\u00fcyle birlik ve beraberlik ruhunu ya\u015fayaca\u011f\u0131z.\u201d<\/p>\n<p>\u00dc\u00e7 g\u00fcn s\u00fcrecek spor co\u015fkusu<br \/>\nMaraton 27 Aral\u0131k Cuma g\u00fcn\u00fc start alacak ve cumartesi-pazar g\u00fcnleri 6 farkl\u0131 etapta yar\u0131\u015fmalar devam edecek. Etkinli\u011fin organizat\u00f6r\u00fc Ali Cem Akta\u015f, Antalya Mizuno Maratonu&#8217;nun h\u0131zla b\u00fcy\u00fcyen bir organizasyon oldu\u011funu vurgulayarak \u015funlar\u0131 s\u00f6yledi: \u201cAvrupa Trail Cup&#8217;daki 19 yar\u0131\u015ftan biriyiz ve bu y\u0131l final yar\u0131\u015f\u0131n\u0131 burada ger\u00e7ekle\u015ftiriyoruz. 1500&#8217;\u00fc a\u015fk\u0131n sporcumuz var ve y\u00fczde 32-33 gibi y\u00fcksek bir yabanc\u0131 kat\u0131l\u0131m oran\u0131na ula\u015ft\u0131k. Antalya gibi e\u015fsiz bir \u015fehri sporla tan\u0131tmak bizim i\u00e7in b\u00fcy\u00fck bir gurur.\u201d<\/p>\n<p>Kaynak: www.kanalv.com.tr Haber Sitesinden Al\u0131nm\u0131\u015ft\u0131r.<\/p>","protected":false},"excerpt":{"rendered":"<p>Bu y\u0131l Avrupa&#8217;n\u0131n 10 \u00fclkesinde ger\u00e7ekle\u015fen Avrupa Trail Cup yar\u0131\u015fmalar\u0131n\u0131n final etab\u0131 Konyaalt\u0131&#8217;nda yap\u0131lacak. Etkinlik \u00f6ncesi bas\u0131n toplant\u0131s\u0131 d\u00fczenleyen Konyaalt\u0131 Belediyesi Ba\u015fkan\u0131 Cem Kotan ve organizasyon payda\u015flar\u0131, Uluslararas\u0131 Antalya Mizuno Maratonu program\u0131n\u0131n i\u00e7eri\u011fi hakk\u0131nda gazetecileri bilgilendirdi. Bin 500&#8217;den fazla sporcu yar\u0131\u015facak Konyaalt\u0131 Belediye Ba\u015fkan\u0131 Cem Kotan, maratonun kent i\u00e7in \u00f6nemini \u015fu s\u00f6zlerle ifade etti: \u201cFinal yar\u0131\u015f\u0131nda, toplam 44 \u00fclkeden yerli ve yabanc\u0131 bin 500&#8217;den fazla sporcumuz yar\u0131\u015facak. Antalya&#8217;m\u0131z\u0131n benzersiz co\u011frafyas\u0131 sayesinde, denizin mavisinden da\u011flar\u0131n beyaz\u0131na uzanan g\u00fczellikler e\u015fli\u011finde sporcular\u0131m\u0131za ev sahipli\u011fi yapaca\u011f\u0131z. Parkurumuza bu sebeple \u2018Maviden Beyaza&#8217; ad\u0131n\u0131 verdik. Hem \u015fehrimizi d\u00fcnyaya tan\u0131taca\u011f\u0131z hem de sporun birle\u015ftirici g\u00fcc\u00fcyle birlik ve beraberlik ruhunu ya\u015fayaca\u011f\u0131z.\u201d \u00dc\u00e7 g\u00fcn s\u00fcrecek spor co\u015fkusu Maraton 27 Aral\u0131k Cuma g\u00fcn\u00fc start alacak ve cumartesi-pazar g\u00fcnleri 6 farkl\u0131 etapta yar\u0131\u015fmalar devam edecek. Etkinli\u011fin organizat\u00f6r\u00fc Ali Cem Akta\u015f, Antalya Mizuno Maratonu&#8217;nun h\u0131zla b\u00fcy\u00fcyen bir organizasyon oldu\u011funu vurgulayarak \u015funlar\u0131 s\u00f6yledi: \u201cAvrupa Trail Cup&#8217;daki 19 yar\u0131\u015ftan biriyiz ve bu y\u0131l final yar\u0131\u015f\u0131n\u0131 burada ger\u00e7ekle\u015ftiriyoruz. 1500&#8217;\u00fc a\u015fk\u0131n sporcumuz var ve y\u00fczde 32-33 gibi y\u00fcksek bir yabanc\u0131 kat\u0131l\u0131m oran\u0131na ula\u015ft\u0131k. Antalya gibi e\u015fsiz bir \u015fehri sporla tan\u0131tmak bizim i\u00e7in b\u00fcy\u00fck bir gurur.\u201d Kaynak: www.kanalv.com.tr Haber Sitesinden Al\u0131nm\u0131\u015ft\u0131r.<\/p>","protected":false},"author":0,"featured_media":22203,"comment_status":"open","ping_status":"open","sticky":false,"template":"","format":"standard","meta":{"_acf_changed":false,"footnotes":""},"categories":[26,535],"tags":[],"class_list":["post-22202","post","type-post","status-publish","format-standard","has-post-thumbnail","hentry","category-antalya","category-uncategorized-tr"],"acf":[],"yoast_head":"<!-- This site is optimized with the Yoast SEO Premium plugin v26.6 (Yoast SEO v27.1.1) - https:\/\/yoast.com\/product\/yoast-seo-premium-wordpress\/ -->\n<title>Antalya Maratonu ba\u015fl\u0131yor - Av. Deniz Can K\u0131z\u0131l<\/title>\n<meta name=\"robots\" content=\"index, follow, max-snippet:-1, max-image-preview:large, max-video-preview:-1\" \/>\n<link rel=\"canonical\" href=\"https:\/\/denizcankizil.tr\/ru\/haberler\/antalya\/antalya-maratonu-basliyor\/\" \/>\n<meta property=\"og:locale\" content=\"ru_RU\" \/>\n<meta property=\"og:type\" content=\"article\" \/>\n<meta property=\"og:title\" content=\"Antalya Maratonu ba\u015fl\u0131yor\" \/>\n<meta property=\"og:description\" content=\"Bu y\u0131l Avrupa&#8217;n\u0131n 10 \u00fclkesinde ger\u00e7ekle\u015fen Avrupa Trail Cup yar\u0131\u015fmalar\u0131n\u0131n final etab\u0131 Konyaalt\u0131&#8217;nda yap\u0131lacak. Etkinlik \u00f6ncesi bas\u0131n toplant\u0131s\u0131 d\u00fczenleyen Konyaalt\u0131 Belediyesi Ba\u015fkan\u0131 Cem Kotan ve organizasyon payda\u015flar\u0131, Uluslararas\u0131 Antalya Mizuno Maratonu program\u0131n\u0131n i\u00e7eri\u011fi hakk\u0131nda gazetecileri bilgilendirdi. Bin 500&#8217;den fazla sporcu yar\u0131\u015facak Konyaalt\u0131 Belediye Ba\u015fkan\u0131 Cem Kotan, maratonun kent i\u00e7in \u00f6nemini \u015fu s\u00f6zlerle ifade etti: \u201cFinal yar\u0131\u015f\u0131nda, toplam 44 \u00fclkeden yerli ve yabanc\u0131 bin 500&#8217;den fazla sporcumuz yar\u0131\u015facak. Antalya&#8217;m\u0131z\u0131n benzersiz co\u011frafyas\u0131 sayesinde, denizin mavisinden da\u011flar\u0131n beyaz\u0131na uzanan g\u00fczellikler e\u015fli\u011finde sporcular\u0131m\u0131za ev sahipli\u011fi yapaca\u011f\u0131z. Parkurumuza bu sebeple \u2018Maviden Beyaza&#8217; ad\u0131n\u0131 verdik. Hem \u015fehrimizi d\u00fcnyaya tan\u0131taca\u011f\u0131z hem de sporun birle\u015ftirici g\u00fcc\u00fcyle birlik ve beraberlik ruhunu ya\u015fayaca\u011f\u0131z.\u201d \u00dc\u00e7 g\u00fcn s\u00fcrecek spor co\u015fkusu Maraton 27 Aral\u0131k Cuma g\u00fcn\u00fc start alacak ve cumartesi-pazar g\u00fcnleri 6 farkl\u0131 etapta yar\u0131\u015fmalar devam edecek. Etkinli\u011fin organizat\u00f6r\u00fc Ali Cem Akta\u015f, Antalya Mizuno Maratonu&#8217;nun h\u0131zla b\u00fcy\u00fcyen bir organizasyon oldu\u011funu vurgulayarak \u015funlar\u0131 s\u00f6yledi: \u201cAvrupa Trail Cup&#8217;daki 19 yar\u0131\u015ftan biriyiz ve bu y\u0131l final yar\u0131\u015f\u0131n\u0131 burada ger\u00e7ekle\u015ftiriyoruz. 1500&#8217;\u00fc a\u015fk\u0131n sporcumuz var ve y\u00fczde 32-33 gibi y\u00fcksek bir yabanc\u0131 kat\u0131l\u0131m oran\u0131na ula\u015ft\u0131k. Antalya gibi e\u015fsiz bir \u015fehri sporla tan\u0131tmak bizim i\u00e7in b\u00fcy\u00fck bir gurur.\u201d Kaynak: www.kanalv.com.tr Haber Sitesinden Al\u0131nm\u0131\u015ft\u0131r.\" \/>\n<meta property=\"og:url\" content=\"https:\/\/denizcankizil.tr\/ru\/haberler\/antalya\/antalya-maratonu-basliyor\/\" \/>\n<meta property=\"og:site_name\" content=\"Av. Deniz Can K\u0131z\u0131l\" \/>\n<meta property=\"article:published_time\" content=\"2024-12-25T11:41:13+00:00\" \/>\n<meta property=\"og:image\" content=\"https:\/\/denizcankizil.tr\/wp-content\/uploads\/2024\/12\/3761-01-BMCbWb.jpeg\" \/>\n\t<meta property=\"og:image:width\" content=\"1280\" \/>\n\t<meta property=\"og:image:height\" content=\"720\" \/>\n\t<meta property=\"og:image:type\" content=\"image\/jpeg\" \/>\n<meta name=\"twitter:card\" content=\"summary_large_image\" \/>\n<meta name=\"twitter:label1\" content=\"\u041f\u0440\u0438\u043c\u0435\u0440\u043d\u043e\u0435 \u0432\u0440\u0435\u043c\u044f \u0434\u043b\u044f \u0447\u0442\u0435\u043d\u0438\u044f\" \/>\n\t<meta name=\"twitter:data1\" content=\"1 \u043c\u0438\u043d\u0443\u0442\u0430\" \/>\n<script type=\"application\/ld+json\" class=\"yoast-schema-graph\">{\"@context\":\"https:\/\/schema.org\",\"@graph\":[{\"@type\":\"Article\",\"@id\":\"https:\/\/denizcankizil.tr\/en\/haberler\/antalya\/antalya-maratonu-basliyor\/#article\",\"isPartOf\":{\"@id\":\"https:\/\/denizcankizil.tr\/en\/haberler\/antalya\/antalya-maratonu-basliyor\/\"},\"author\":{\"name\":\"\",\"@id\":\"\"},\"headline\":\"Antalya Maratonu ba\u015fl\u0131yor\",\"datePublished\":\"2024-12-25T11:41:13+00:00\",\"mainEntityOfPage\":{\"@id\":\"https:\/\/denizcankizil.tr\/en\/haberler\/antalya\/antalya-maratonu-basliyor\/\"},\"wordCount\":272,\"commentCount\":0,\"publisher\":{\"@id\":\"https:\/\/denizcankizil.tr\/de\/#organization\"},\"image\":{\"@id\":\"https:\/\/denizcankizil.tr\/en\/haberler\/antalya\/antalya-maratonu-basliyor\/#primaryimage\"},\"thumbnailUrl\":\"http:\/\/denizcankizil.tr\/wp-content\/uploads\/2024\/12\/3761-01-BMCbWb.jpeg\",\"articleSection\":[\"Antalya\",\"Uncategorized\"],\"inLanguage\":\"ru-RU\",\"potentialAction\":[{\"@type\":\"CommentAction\",\"name\":\"Comment\",\"target\":[\"https:\/\/denizcankizil.tr\/en\/haberler\/antalya\/antalya-maratonu-basliyor\/#respond\"]}]},{\"@type\":\"WebPage\",\"@id\":\"https:\/\/denizcankizil.tr\/en\/haberler\/antalya\/antalya-maratonu-basliyor\/\",\"url\":\"https:\/\/denizcankizil.tr\/en\/haberler\/antalya\/antalya-maratonu-basliyor\/\",\"name\":\"Antalya Maratonu ba\u015fl\u0131yor - Av. Deniz Can K\u0131z\u0131l\",\"isPartOf\":{\"@id\":\"https:\/\/denizcankizil.tr\/de\/#website\"},\"primaryImageOfPage\":{\"@id\":\"https:\/\/denizcankizil.tr\/en\/haberler\/antalya\/antalya-maratonu-basliyor\/#primaryimage\"},\"image\":{\"@id\":\"https:\/\/denizcankizil.tr\/en\/haberler\/antalya\/antalya-maratonu-basliyor\/#primaryimage\"},\"thumbnailUrl\":\"http:\/\/denizcankizil.tr\/wp-content\/uploads\/2024\/12\/3761-01-BMCbWb.jpeg\",\"datePublished\":\"2024-12-25T11:41:13+00:00\",\"breadcrumb\":{\"@id\":\"https:\/\/denizcankizil.tr\/en\/haberler\/antalya\/antalya-maratonu-basliyor\/#breadcrumb\"},\"inLanguage\":\"ru-RU\",\"potentialAction\":[{\"@type\":\"ReadAction\",\"target\":[\"https:\/\/denizcankizil.tr\/en\/haberler\/antalya\/antalya-maratonu-basliyor\/\"]}]},{\"@type\":\"ImageObject\",\"inLanguage\":\"ru-RU\",\"@id\":\"https:\/\/denizcankizil.tr\/en\/haberler\/antalya\/antalya-maratonu-basliyor\/#primaryimage\",\"url\":\"http:\/\/denizcankizil.tr\/wp-content\/uploads\/2024\/12\/3761-01-BMCbWb.jpeg\",\"contentUrl\":\"http:\/\/denizcankizil.tr\/wp-content\/uploads\/2024\/12\/3761-01-BMCbWb.jpeg\",\"width\":1280,\"height\":720},{\"@type\":\"BreadcrumbList\",\"@id\":\"https:\/\/denizcankizil.tr\/en\/haberler\/antalya\/antalya-maratonu-basliyor\/#breadcrumb\",\"itemListElement\":[{\"@type\":\"ListItem\",\"position\":1,\"name\":\"Home\",\"item\":\"https:\/\/denizcankizil.tr\/de\/\"},{\"@type\":\"ListItem\",\"position\":2,\"name\":\"Antalya Maratonu ba\u015fl\u0131yor\"}]},{\"@type\":\"WebSite\",\"@id\":\"https:\/\/denizcankizil.tr\/de\/#website\",\"url\":\"https:\/\/denizcankizil.tr\/de\/\",\"name\":\"Av. Deniz Can K\u0131z\u0131l\",\"description\":\"Avukat Deniz Can K\u0131z\u0131l Antalya Barosu\",\"publisher\":{\"@id\":\"https:\/\/denizcankizil.tr\/de\/#organization\"},\"potentialAction\":[{\"@type\":\"SearchAction\",\"target\":{\"@type\":\"EntryPoint\",\"urlTemplate\":\"https:\/\/denizcankizil.tr\/de\/?s={search_term_string}\"},\"query-input\":{\"@type\":\"PropertyValueSpecification\",\"valueRequired\":true,\"valueName\":\"search_term_string\"}}],\"inLanguage\":\"ru-RU\"},{\"@type\":\"Organization\",\"@id\":\"https:\/\/denizcankizil.tr\/de\/#organization\",\"name\":\"Av. Deniz Can K\u0131z\u0131l\",\"url\":\"https:\/\/denizcankizil.tr\/de\/\",\"logo\":{\"@type\":\"ImageObject\",\"inLanguage\":\"ru-RU\",\"@id\":\"https:\/\/denizcankizil.tr\/de\/#\/schema\/logo\/image\/\",\"url\":\"http:\/\/denizcankizil.tr\/wp-content\/uploads\/2024\/10\/siyah-logo-svg.svg\",\"contentUrl\":\"http:\/\/denizcankizil.tr\/wp-content\/uploads\/2024\/10\/siyah-logo-svg.svg\",\"width\":1080,\"height\":1080,\"caption\":\"Av. Deniz Can K\u0131z\u0131l\"},\"image\":{\"@id\":\"https:\/\/denizcankizil.tr\/de\/#\/schema\/logo\/image\/\"}}]}<\/script>\n<!-- \/ Yoast SEO Premium plugin. -->","yoast_head_json":{"title":"Antalya Maratonu ba\u015fl\u0131yor - Av. Deniz Can K\u0131z\u0131l","robots":{"index":"index","follow":"follow","max-snippet":"max-snippet:-1","max-image-preview":"max-image-preview:large","max-video-preview":"max-video-preview:-1"},"canonical":"https:\/\/denizcankizil.tr\/ru\/haberler\/antalya\/antalya-maratonu-basliyor\/","og_locale":"ru_RU","og_type":"article","og_title":"Antalya Maratonu ba\u015fl\u0131yor","og_description":"Bu y\u0131l Avrupa&#8217;n\u0131n 10 \u00fclkesinde ger\u00e7ekle\u015fen Avrupa Trail Cup yar\u0131\u015fmalar\u0131n\u0131n final etab\u0131 Konyaalt\u0131&#8217;nda yap\u0131lacak. Etkinlik \u00f6ncesi bas\u0131n toplant\u0131s\u0131 d\u00fczenleyen Konyaalt\u0131 Belediyesi Ba\u015fkan\u0131 Cem Kotan ve organizasyon payda\u015flar\u0131, Uluslararas\u0131 Antalya Mizuno Maratonu program\u0131n\u0131n i\u00e7eri\u011fi hakk\u0131nda gazetecileri bilgilendirdi. Bin 500&#8217;den fazla sporcu yar\u0131\u015facak Konyaalt\u0131 Belediye Ba\u015fkan\u0131 Cem Kotan, maratonun kent i\u00e7in \u00f6nemini \u015fu s\u00f6zlerle ifade etti: \u201cFinal yar\u0131\u015f\u0131nda, toplam 44 \u00fclkeden yerli ve yabanc\u0131 bin 500&#8217;den fazla sporcumuz yar\u0131\u015facak. Antalya&#8217;m\u0131z\u0131n benzersiz co\u011frafyas\u0131 sayesinde, denizin mavisinden da\u011flar\u0131n beyaz\u0131na uzanan g\u00fczellikler e\u015fli\u011finde sporcular\u0131m\u0131za ev sahipli\u011fi yapaca\u011f\u0131z. Parkurumuza bu sebeple \u2018Maviden Beyaza&#8217; ad\u0131n\u0131 verdik. Hem \u015fehrimizi d\u00fcnyaya tan\u0131taca\u011f\u0131z hem de sporun birle\u015ftirici g\u00fcc\u00fcyle birlik ve beraberlik ruhunu ya\u015fayaca\u011f\u0131z.\u201d \u00dc\u00e7 g\u00fcn s\u00fcrecek spor co\u015fkusu Maraton 27 Aral\u0131k Cuma g\u00fcn\u00fc start alacak ve cumartesi-pazar g\u00fcnleri 6 farkl\u0131 etapta yar\u0131\u015fmalar devam edecek. Etkinli\u011fin organizat\u00f6r\u00fc Ali Cem Akta\u015f, Antalya Mizuno Maratonu&#8217;nun h\u0131zla b\u00fcy\u00fcyen bir organizasyon oldu\u011funu vurgulayarak \u015funlar\u0131 s\u00f6yledi: \u201cAvrupa Trail Cup&#8217;daki 19 yar\u0131\u015ftan biriyiz ve bu y\u0131l final yar\u0131\u015f\u0131n\u0131 burada ger\u00e7ekle\u015ftiriyoruz. 1500&#8217;\u00fc a\u015fk\u0131n sporcumuz var ve y\u00fczde 32-33 gibi y\u00fcksek bir yabanc\u0131 kat\u0131l\u0131m oran\u0131na ula\u015ft\u0131k. Antalya gibi e\u015fsiz bir \u015fehri sporla tan\u0131tmak bizim i\u00e7in b\u00fcy\u00fck bir gurur.\u201d Kaynak: www.kanalv.com.tr Haber Sitesinden Al\u0131nm\u0131\u015ft\u0131r.","og_url":"https:\/\/denizcankizil.tr\/ru\/haberler\/antalya\/antalya-maratonu-basliyor\/","og_site_name":"Av. Deniz Can K\u0131z\u0131l","article_published_time":"2024-12-25T11:41:13+00:00","og_image":[{"width":1280,"height":720,"url":"https:\/\/denizcankizil.tr\/wp-content\/uploads\/2024\/12\/3761-01-BMCbWb.jpeg","type":"image\/jpeg"}],"twitter_card":"summary_large_image","twitter_misc":{"\u041f\u0440\u0438\u043c\u0435\u0440\u043d\u043e\u0435 \u0432\u0440\u0435\u043c\u044f \u0434\u043b\u044f \u0447\u0442\u0435\u043d\u0438\u044f":"1 \u043c\u0438\u043d\u0443\u0442\u0430"},"schema":{"@context":"https:\/\/schema.org","@graph":[{"@type":"Article","@id":"https:\/\/denizcankizil.tr\/en\/haberler\/antalya\/antalya-maratonu-basliyor\/#article","isPartOf":{"@id":"https:\/\/denizcankizil.tr\/en\/haberler\/antalya\/antalya-maratonu-basliyor\/"},"author":{"name":"","@id":""},"headline":"Antalya Maratonu ba\u015fl\u0131yor","datePublished":"2024-12-25T11:41:13+00:00","mainEntityOfPage":{"@id":"https:\/\/denizcankizil.tr\/en\/haberler\/antalya\/antalya-maratonu-basliyor\/"},"wordCount":272,"commentCount":0,"publisher":{"@id":"https:\/\/denizcankizil.tr\/de\/#organization"},"image":{"@id":"https:\/\/denizcankizil.tr\/en\/haberler\/antalya\/antalya-maratonu-basliyor\/#primaryimage"},"thumbnailUrl":"http:\/\/denizcankizil.tr\/wp-content\/uploads\/2024\/12\/3761-01-BMCbWb.jpeg","articleSection":["Antalya","Uncategorized"],"inLanguage":"ru-RU","potentialAction":[{"@type":"CommentAction","name":"Comment","target":["https:\/\/denizcankizil.tr\/en\/haberler\/antalya\/antalya-maratonu-basliyor\/#respond"]}]},{"@type":"WebPage","@id":"https:\/\/denizcankizil.tr\/en\/haberler\/antalya\/antalya-maratonu-basliyor\/","url":"https:\/\/denizcankizil.tr\/en\/haberler\/antalya\/antalya-maratonu-basliyor\/","name":"Antalya Maratonu ba\u015fl\u0131yor - Av. Deniz Can K\u0131z\u0131l","isPartOf":{"@id":"https:\/\/denizcankizil.tr\/de\/#website"},"primaryImageOfPage":{"@id":"https:\/\/denizcankizil.tr\/en\/haberler\/antalya\/antalya-maratonu-basliyor\/#primaryimage"},"image":{"@id":"https:\/\/denizcankizil.tr\/en\/haberler\/antalya\/antalya-maratonu-basliyor\/#primaryimage"},"thumbnailUrl":"http:\/\/denizcankizil.tr\/wp-content\/uploads\/2024\/12\/3761-01-BMCbWb.jpeg","datePublished":"2024-12-25T11:41:13+00:00","breadcrumb":{"@id":"https:\/\/denizcankizil.tr\/en\/haberler\/antalya\/antalya-maratonu-basliyor\/#breadcrumb"},"inLanguage":"ru-RU","potentialAction":[{"@type":"ReadAction","target":["https:\/\/denizcankizil.tr\/en\/haberler\/antalya\/antalya-maratonu-basliyor\/"]}]},{"@type":"ImageObject","inLanguage":"ru-RU","@id":"https:\/\/denizcankizil.tr\/en\/haberler\/antalya\/antalya-maratonu-basliyor\/#primaryimage","url":"http:\/\/denizcankizil.tr\/wp-content\/uploads\/2024\/12\/3761-01-BMCbWb.jpeg","contentUrl":"http:\/\/denizcankizil.tr\/wp-content\/uploads\/2024\/12\/3761-01-BMCbWb.jpeg","width":1280,"height":720},{"@type":"BreadcrumbList","@id":"https:\/\/denizcankizil.tr\/en\/haberler\/antalya\/antalya-maratonu-basliyor\/#breadcrumb","itemListElement":[{"@type":"ListItem","position":1,"name":"Home","item":"https:\/\/denizcankizil.tr\/de\/"},{"@type":"ListItem","position":2,"name":"Antalya Maratonu ba\u015fl\u0131yor"}]},{"@type":"WebSite","@id":"https:\/\/denizcankizil.tr\/de\/#website","url":"https:\/\/denizcankizil.tr\/de\/","name":"Av. Deniz Can K\u0131z\u0131l","description":"Avukat Deniz Can K\u0131z\u0131l Antalya Barosu","publisher":{"@id":"https:\/\/denizcankizil.tr\/de\/#organization"},"potentialAction":[{"@type":"SearchAction","target":{"@type":"EntryPoint","urlTemplate":"https:\/\/denizcankizil.tr\/de\/?s={search_term_string}"},"query-input":{"@type":"PropertyValueSpecification","valueRequired":true,"valueName":"search_term_string"}}],"inLanguage":"ru-RU"},{"@type":"Organization","@id":"https:\/\/denizcankizil.tr\/de\/#organization","name":"Av. Deniz Can K\u0131z\u0131l","url":"https:\/\/denizcankizil.tr\/de\/","logo":{"@type":"ImageObject","inLanguage":"ru-RU","@id":"https:\/\/denizcankizil.tr\/de\/#\/schema\/logo\/image\/","url":"http:\/\/denizcankizil.tr\/wp-content\/uploads\/2024\/10\/siyah-logo-svg.svg","contentUrl":"http:\/\/denizcankizil.tr\/wp-content\/uploads\/2024\/10\/siyah-logo-svg.svg","width":1080,"height":1080,"caption":"Av. Deniz Can K\u0131z\u0131l"},"image":{"@id":"https:\/\/denizcankizil.tr\/de\/#\/schema\/logo\/image\/"}}]}},"_links":{"self":[{"href":"http:\/\/denizcankizil.tr\/ru\/wp-json\/wp\/v2\/posts\/22202","targetHints":{"allow":["GET"]}}],"collection":[{"href":"http:\/\/denizcankizil.tr\/ru\/wp-json\/wp\/v2\/posts"}],"about":[{"href":"http:\/\/denizcankizil.tr\/ru\/wp-json\/wp\/v2\/types\/post"}],"replies":[{"embeddable":true,"href":"http:\/\/denizcankizil.tr\/ru\/wp-json\/wp\/v2\/comments?post=22202"}],"version-history":[{"count":0,"href":"http:\/\/denizcankizil.tr\/ru\/wp-json\/wp\/v2\/posts\/22202\/revisions"}],"wp:featuredmedia":[{"embeddable":true,"href":"http:\/\/denizcankizil.tr\/ru\/wp-json\/wp\/v2\/media\/22203"}],"wp:attachment":[{"href":"http:\/\/denizcankizil.tr\/ru\/wp-json\/wp\/v2\/media?parent=22202"}],"wp:term":[{"taxonomy":"category","embeddable":true,"href":"http:\/\/denizcankizil.tr\/ru\/wp-json\/wp\/v2\/categories?post=22202"},{"taxonomy":"post_tag","embeddable":true,"href":"http:\/\/denizcankizil.tr\/ru\/wp-json\/wp\/v2\/tags?post=22202"}],"curies":[{"name":"wp","href":"https:\/\/api.w.org\/{rel}","templated":true}]}}