{"id":2191,"date":"2024-10-13T08:46:50","date_gmt":"2024-10-13T05:46:50","guid":{"rendered":"https:\/\/denizcankizil.tr\/uncategorized\/uzman-prof-dr-beyenden-onemli-aciklama\/"},"modified":"2024-10-13T08:46:50","modified_gmt":"2024-10-13T05:46:50","slug":"uzman-prof-dr-beyenden-onemli-aciklama","status":"publish","type":"post","link":"http:\/\/denizcankizil.tr\/ru\/haberler\/gundem\/uzman-prof-dr-beyenden-onemli-aciklama\/","title":{"rendered":"Uzman Prof. Dr. Beyen\u2019den \u00f6nemli a\u00e7\u0131klama\u2026"},"content":{"rendered":"<p>Hatay\u2019\u0131n \u0130skenderun il\u00e7esinde Ticaret ve Sanayi Odas\u0131nda \u0130n\u015faat M\u00fchendisleri Odas\u0131 Temsilcili\u011finin d\u00fczenledi\u011fi seminere kat\u0131lan Kocaeli \u00dcniversitesi Deprem M\u00fchendisi Uzman Prof. Dr. Kemal Beyen, depremin \u015fiddetiyle ilgili birbirinden ilgin\u00e7 verileri kamuoyu ile payla\u015ft\u0131.<\/p>\n<p>Depremin \u015fiddetiyle ilgili verileri kaydeden istasyonun kay\u0131tlar\u0131na i\u015faret eden Deprem Uzman\u0131 Prof. Dr. Kemal Beyen \u201cBizim istasyon kay\u0131tlar\u0131m\u0131z var. G\u00fcneydo\u011fu fay hatt\u0131n\u0131n \u00fcst\u00fcnde, y\u00fcz k\u00fcs\u00fcr deprem istasyonu var. Bunlar\u0131n bir k\u0131sm\u0131 da yak\u0131n alan, deprem olduktan sonra yak\u0131n alan kay\u0131tlar\u0131 oldu\u011funu anlad\u0131k. \u00d6nceden depremin nerede olaca\u011f\u0131n\u0131 tahmin edemiyorduk, \u00e7\u00fcnk\u00fc fay hatt\u0131 uzuyor gidiyor. Neticede toplam 410 km yol k\u0131r\u0131ld\u0131, \u00fc\u00e7l\u00fc par\u00e7al\u0131 k\u0131r\u0131lma oldu.<\/p>\n<p>Elbistan depremi eklendi. Ortaya b\u00fcy\u00fck enerji \u00e7\u0131kt\u0131. Bunlar\u0131n bir k\u0131sm\u0131 k\u0131r\u0131l\u0131m hatt\u0131 \u00fcst\u00fcndeki istasyonlard\u0131, bunlar yak\u0131n olan kay\u0131tlar\u0131n\u0131 ald\u0131lar ve olduk\u00e7a da katk\u0131 verecek veriler elimize gelmi\u015f oldu\u201d dedi. \u00a0<\/p>\n<p>Yak\u0131n alan verilerinin i\u00e7erisine bak\u0131ld\u0131\u011f\u0131 zaman baz\u0131 istasyonlar\u0131n y\u00f6netmeli\u011fi, kat be kat ge\u00e7en de\u011ferlerde depremleri kaydetti\u011fi g\u00f6rebildiklerini ifade eden Prof. Dr. Beyen \u201cBiraz 40-50 kilometre ilerisinde kalan istasyonlar\u0131, y\u00f6netmeli\u011fin \u00f6nerdi\u011fi, m\u00fchendise; \u2018\u015funu kullan, yap\u0131n\u0131 bununla tasarla\u2019 dedi\u011fi bilgilerin i\u00e7inde kalan de\u011ferler yakalad\u0131lar. Ama Bizim burada b\u00fcy\u00fck hasarlara yol a\u00e7an, baz\u0131 b\u00f6lgelerdeki depremlerin facia derecesinde, felaket derecesi de \u00e7ok b\u00fcy\u00fck olmas\u0131, bunlar\u0131 \u00f6ng\u00f6remedi. Bizim y\u00f6netmedi\u011fimiz can g\u00fcvenli\u011fi garanti alt\u0131na alan, deprem d\u00fczeyi ikiyi m\u00fchendise \u00f6neriyor. \u00d6nermiyor yani, onu Amir h\u00fckm\u00fcnde uygulamas\u0131 i\u00e7in istiyor. 475 y\u0131lda bir olan, %10 rastlamaya imk\u00e2n\u0131 var. %90&#8217;da bu depreme o bina 50 y\u0131ll\u0131k ekonomik \u00f6mr\u00fc i\u00e7inde yakalanamayabilir. \u00d6yle bakt\u0131\u011f\u0131m\u0131z zaman bu depremleri dahi yakalanan bir s\u00fcr\u00fc istasyon var. Onlar da hakikaten o de\u011ferleri yakalayamad\u0131, yani o de\u011ferler s\u0131n\u0131rlarda kal\u0131yor\u201d diye konu\u015ftu.<\/p>\n<p>Depremin \u015fiddetiyle ilgili al\u0131nan verilerin bir k\u0131sm\u0131nda altta kald\u0131\u011f\u0131n\u0131 aktaran Prof. Dr. Beyen \u201c\u2026Ve biz bir de bu depremleri s\u00fcnek davran\u0131\u015f i\u00e7in modelledi\u011fimizde elastiki azaltma katsay\u0131lar\u0131na b\u00f6lerek kullan\u0131yoruz. Hesaplarda s\u00fcrek hesap yapt\u0131r\u0131yoruz. Bu s\u00fcnek hesab\u0131 i\u00e7inde binalar, \u2018s\u00fcnek davranacak \u015fekilde tasarlanm\u0131\u015ft\u0131r\u2019 diyoruz. Ama o s\u00fcneklili\u011fi a\u015fan \u00e7ok b\u00fcy\u00fck, yak\u0131n alanlar \u00f6t\u00fcr\u00fc at\u0131mlar oldu ve at\u0131mlar s\u00fcrekli\u011fin yerine, vazifesini yerine getirmesi f\u0131rsat vermedi. Statik ofsetler olu\u015ftu yak\u0131n alanlarda, o y\u00fczden bu binalar\u0131n ki, bunlar\u0131n \u00e7o\u011fu yeni binalar. O binalar o s\u00fcnekli\u011fin beklendi\u011fi istikametteki depremlerden, y\u00f6netmeli\u011fin \u00f6nerdi\u011fi de\u011ferlerin \u00e7ok \u00fcst\u00fcnde depremlerle kar\u015f\u0131la\u015ft\u0131k. Peki\u015ftirebilirdi ama olabilirli\u011fi olas\u0131l\u0131\u011f\u0131 %2, %98 deprem d\u00fczeyi bir olmayacak! Y\u00fczde 2 i\u00e7in o yat\u0131r\u0131m\u0131 yapar m\u0131s\u0131n? Oradaki halk\u0131n\u0131n ekonomisidir. Yani orada devlet buraya el atsa Evet, Ama bu halk kendi cebinden yap\u0131s\u0131na harcayarak %2 olma ihtimali %98 olmayacak, bir hikaye i\u00e7in o paray\u0131 harcar m\u0131? Oradaki soru bu ekonomik sorudur ve oradaki deprem de sismik tehlike haritalar\u0131na g\u00f6re bir (Y)\u2019ye kadar deprem olacak, bu yat\u0131r\u0131m\u0131 yaparsan 1-Y\u2019ye kadar olacak. Bu yat\u0131r\u0131m yaparsan 1-Y\u2019ye kadar olacak. yani yap\u0131lan\u0131 g\u00fc\u00e7lendirirsin 1-Y, \u00a0ama baz\u0131 istasyonlarda 2-2,5 de\u011ferlere \u00e7\u0131k\u0131ld\u0131. O zaman bunun orada, tutmayaca\u011f\u0131 anla\u015f\u0131l\u0131yor. Beklentideki tutarl\u0131l\u0131k olmad\u0131. Yani m\u00fchendise \u00f6nerilen rakamlar\u0131n \u00e7ok \u00e7ok \u00fcst\u00fcnde \u00e7\u0131kt\u0131\u201d \u015feklinde konu\u015ftu.<\/p>\n<p>Genelleme yap\u0131lmas\u0131 i\u00e7in haz\u0131rl\u0131k olmas\u0131 gerekti\u011fini vurgulayan Prof. Dr. Beyen \u015funlar\u0131 s\u00f6yledi: \u201cYani en \u00e7arp\u0131c\u0131 \u00f6zelli\u011fi \u0130stanbul&#8217;dur, \u0130stanbul&#8217;da milyonlara vara Yap\u0131 stoku var. Hepsi de b\u00fcy\u00fck bir k\u0131sm\u0131 da eski yap\u0131. Eski yap\u0131lar\u0131n bir kere \u00f6nerdi\u011fi tasar\u0131m spektrum de\u011ferleri tasar\u0131m i\u00e7in m\u00fchendise verilen tasar\u0131m Spektrum de\u011ferleri 4-5 kat\u0131 a\u015f\u0131ld\u0131, e\u011fer bu depremle mukayese edersek. Tabii bu deprem, bu co\u011frafyan\u0131n depremiydi. O deprem orada olur mu, onu bilemiyorum. Ama deprem onu bilemiyoruz. Mesela y\u00f6netmek diyor ki DD-1 al kullan diyor. Hani riskli, orada da 1-Y\u2019ye kadar kullanabilecek, orada da a\u015f\u0131lacaksa, o zaman ayn\u0131 felaketler orada da olacak! Ama a\u015f\u0131nmayacaksa 1-Y\u2019yi yap\u0131n\u0131n yerebilmesi \u00e7ok zor. Orada yeni elimize akan bilgilere g\u00f6re y\u00f6netmelikler bir daha elden, g\u00f6zden ge\u00e7irilecek\u201d<\/p>\n<p>Etraf\u0131ndan fay ge\u00e7en sistemlerin oldu\u011fu \u015fehirler, Kahramanmara\u015f, \u015fehrin i\u00e7inde dahi faylar\u0131n ge\u00e7ti\u011fini s\u00f6zlerine ekleyen Prof. Dr. Beyen \u201cM\u00fccavir alanlar\u0131n de\u011fil, \u015fehir merkezlerinin yerle\u015fimlerin oldu\u011fu yerlerden bile ge\u00e7iyor. Di\u011fer Ad\u0131yaman, Malatya&#8217;n\u0131n etraf\u0131 b\u00f6yle, Hatay \u0130skenderun, Antakya buralar\u0131 hepsinin \u015fehirlerin i\u00e7inde duruyor faylar. Buralar\u0131n tekrar, bu riski kar\u015f\u0131layacak \u015fekilde tasar\u0131m\u0131 i\u00e7in, bir \u00f6zel parametreyle, bunlar\u0131 g\u00fc\u00e7lendirilmesi gerekiyor. Eski taslakta, taslak ve y\u00f6netmeli\u011fimiz vard\u0131, 2018&#8217;de, orada faya uzakl\u0131k mesafesi olarak bir de\u011fer verilmi\u015fti. 15-20 kilometre i\u00e7inde kal\u0131yorsa 25 Km\u2019ye kadar tamam\u0131 1.2 kat\u0131 art\u0131r\u0131l\u0131yordu. 25 km&#8217;de de bire iniyor ama yakla\u015ft\u0131k\u00e7a da 1.2 kat art\u0131yordu. Diyelim ki o da iptal edilmeseydi o taslak da kalsayd\u0131, o bile yani kar\u015f\u0131layamayacak o b\u00fcy\u00fckl\u00fckleri\u201d diye konu\u015ftu.<\/p>\n<p>\u200bFelaketin derinden net hissedildi\u011fi G\u00fcneydo\u011fu hatt\u0131 \u00fczerindeki istasyon kay\u0131tlar\u0131na i\u015faret eden deprem uzman\u0131 Prof. Dr. Kemal Beyen, \u00f6n g\u00f6r\u00fclemeyen \u015fiddeti net bir \u015fekilde ortaya koydu\u011funu s\u00f6yledi.\u00a0<\/p>\n<p>\u200biskenderun<\/p>","protected":false},"excerpt":{"rendered":"<p>Hatay\u2019\u0131n \u0130skenderun il\u00e7esinde Ticaret ve Sanayi Odas\u0131nda \u0130n\u015faat M\u00fchendisleri Odas\u0131 Temsilcili\u011finin d\u00fczenledi\u011fi seminere kat\u0131lan Kocaeli \u00dcniversitesi Deprem M\u00fchendisi Uzman Prof. Dr. Kemal Beyen, depremin \u015fiddetiyle ilgili birbirinden ilgin\u00e7 verileri kamuoyu ile payla\u015ft\u0131. Depremin \u015fiddetiyle ilgili verileri kaydeden istasyonun kay\u0131tlar\u0131na i\u015faret eden Deprem Uzman\u0131 Prof. Dr. Kemal Beyen \u201cBizim istasyon kay\u0131tlar\u0131m\u0131z var. G\u00fcneydo\u011fu fay hatt\u0131n\u0131n \u00fcst\u00fcnde, y\u00fcz k\u00fcs\u00fcr deprem istasyonu var. Bunlar\u0131n bir k\u0131sm\u0131 da yak\u0131n alan, deprem olduktan sonra yak\u0131n alan kay\u0131tlar\u0131 oldu\u011funu anlad\u0131k. \u00d6nceden depremin nerede olaca\u011f\u0131n\u0131 tahmin edemiyorduk, \u00e7\u00fcnk\u00fc fay hatt\u0131 uzuyor gidiyor. Neticede toplam 410 km yol k\u0131r\u0131ld\u0131, \u00fc\u00e7l\u00fc par\u00e7al\u0131 k\u0131r\u0131lma oldu. Elbistan depremi eklendi. Ortaya b\u00fcy\u00fck enerji \u00e7\u0131kt\u0131. Bunlar\u0131n bir k\u0131sm\u0131 k\u0131r\u0131l\u0131m hatt\u0131 \u00fcst\u00fcndeki istasyonlard\u0131, bunlar yak\u0131n olan kay\u0131tlar\u0131n\u0131 ald\u0131lar ve olduk\u00e7a da katk\u0131 verecek veriler elimize gelmi\u015f oldu\u201d dedi. \u00a0 Yak\u0131n alan verilerinin i\u00e7erisine bak\u0131ld\u0131\u011f\u0131 zaman baz\u0131 istasyonlar\u0131n y\u00f6netmeli\u011fi, kat be kat ge\u00e7en de\u011ferlerde depremleri kaydetti\u011fi g\u00f6rebildiklerini ifade eden Prof. Dr. Beyen \u201cBiraz 40-50 kilometre ilerisinde kalan istasyonlar\u0131, y\u00f6netmeli\u011fin \u00f6nerdi\u011fi, m\u00fchendise; \u2018\u015funu kullan, yap\u0131n\u0131 bununla tasarla\u2019 dedi\u011fi bilgilerin i\u00e7inde kalan de\u011ferler yakalad\u0131lar. Ama Bizim burada b\u00fcy\u00fck hasarlara yol a\u00e7an, baz\u0131 b\u00f6lgelerdeki depremlerin facia derecesinde, felaket derecesi de \u00e7ok b\u00fcy\u00fck olmas\u0131, bunlar\u0131 \u00f6ng\u00f6remedi. Bizim y\u00f6netmedi\u011fimiz can g\u00fcvenli\u011fi garanti alt\u0131na alan, deprem d\u00fczeyi ikiyi m\u00fchendise \u00f6neriyor. \u00d6nermiyor &hellip;<\/p>","protected":false},"author":0,"featured_media":0,"comment_status":"open","ping_status":"open","sticky":false,"template":"","format":"standard","meta":{"_acf_changed":false,"footnotes":""},"categories":[24],"tags":[],"class_list":["post-2191","post","type-post","status-publish","format-standard","has-post-thumbnail","hentry","category-gundem"],"acf":[],"yoast_head":"<!-- This site is optimized with the Yoast SEO Premium plugin v26.6 (Yoast SEO v27.1.1) - https:\/\/yoast.com\/product\/yoast-seo-premium-wordpress\/ -->\n<title>Uzman Prof. Dr. Beyen\u2019den \u00f6nemli a\u00e7\u0131klama\u2026 - Av. Deniz Can K\u0131z\u0131l<\/title>\n<meta name=\"robots\" content=\"index, follow, max-snippet:-1, max-image-preview:large, max-video-preview:-1\" \/>\n<link rel=\"canonical\" href=\"https:\/\/denizcankizil.tr\/ru\/haberler\/gundem\/uzman-prof-dr-beyenden-onemli-aciklama\/\" \/>\n<meta property=\"og:locale\" content=\"ru_RU\" \/>\n<meta property=\"og:type\" content=\"article\" \/>\n<meta property=\"og:title\" content=\"Uzman Prof. Dr. Beyen\u2019den \u00f6nemli a\u00e7\u0131klama\u2026\" \/>\n<meta property=\"og:description\" content=\"Hatay\u2019\u0131n \u0130skenderun il\u00e7esinde Ticaret ve Sanayi Odas\u0131nda \u0130n\u015faat M\u00fchendisleri Odas\u0131 Temsilcili\u011finin d\u00fczenledi\u011fi seminere kat\u0131lan Kocaeli \u00dcniversitesi Deprem M\u00fchendisi Uzman Prof. Dr. Kemal Beyen, depremin \u015fiddetiyle ilgili birbirinden ilgin\u00e7 verileri kamuoyu ile payla\u015ft\u0131. Depremin \u015fiddetiyle ilgili verileri kaydeden istasyonun kay\u0131tlar\u0131na i\u015faret eden Deprem Uzman\u0131 Prof. Dr. Kemal Beyen \u201cBizim istasyon kay\u0131tlar\u0131m\u0131z var. G\u00fcneydo\u011fu fay hatt\u0131n\u0131n \u00fcst\u00fcnde, y\u00fcz k\u00fcs\u00fcr deprem istasyonu var. Bunlar\u0131n bir k\u0131sm\u0131 da yak\u0131n alan, deprem olduktan sonra yak\u0131n alan kay\u0131tlar\u0131 oldu\u011funu anlad\u0131k. \u00d6nceden depremin nerede olaca\u011f\u0131n\u0131 tahmin edemiyorduk, \u00e7\u00fcnk\u00fc fay hatt\u0131 uzuyor gidiyor. Neticede toplam 410 km yol k\u0131r\u0131ld\u0131, \u00fc\u00e7l\u00fc par\u00e7al\u0131 k\u0131r\u0131lma oldu. Elbistan depremi eklendi. Ortaya b\u00fcy\u00fck enerji \u00e7\u0131kt\u0131. Bunlar\u0131n bir k\u0131sm\u0131 k\u0131r\u0131l\u0131m hatt\u0131 \u00fcst\u00fcndeki istasyonlard\u0131, bunlar yak\u0131n olan kay\u0131tlar\u0131n\u0131 ald\u0131lar ve olduk\u00e7a da katk\u0131 verecek veriler elimize gelmi\u015f oldu\u201d dedi. \u00a0 Yak\u0131n alan verilerinin i\u00e7erisine bak\u0131ld\u0131\u011f\u0131 zaman baz\u0131 istasyonlar\u0131n y\u00f6netmeli\u011fi, kat be kat ge\u00e7en de\u011ferlerde depremleri kaydetti\u011fi g\u00f6rebildiklerini ifade eden Prof. Dr. Beyen \u201cBiraz 40-50 kilometre ilerisinde kalan istasyonlar\u0131, y\u00f6netmeli\u011fin \u00f6nerdi\u011fi, m\u00fchendise; \u2018\u015funu kullan, yap\u0131n\u0131 bununla tasarla\u2019 dedi\u011fi bilgilerin i\u00e7inde kalan de\u011ferler yakalad\u0131lar. Ama Bizim burada b\u00fcy\u00fck hasarlara yol a\u00e7an, baz\u0131 b\u00f6lgelerdeki depremlerin facia derecesinde, felaket derecesi de \u00e7ok b\u00fcy\u00fck olmas\u0131, bunlar\u0131 \u00f6ng\u00f6remedi. Bizim y\u00f6netmedi\u011fimiz can g\u00fcvenli\u011fi garanti alt\u0131na alan, deprem d\u00fczeyi ikiyi m\u00fchendise \u00f6neriyor. \u00d6nermiyor &hellip;\" \/>\n<meta property=\"og:url\" content=\"https:\/\/denizcankizil.tr\/ru\/haberler\/gundem\/uzman-prof-dr-beyenden-onemli-aciklama\/\" \/>\n<meta property=\"og:site_name\" content=\"Av. Deniz Can K\u0131z\u0131l\" \/>\n<meta property=\"article:published_time\" content=\"2024-10-13T05:46:50+00:00\" \/>\n<meta name=\"twitter:card\" content=\"summary_large_image\" \/>\n<meta name=\"twitter:label1\" content=\"\u041f\u0440\u0438\u043c\u0435\u0440\u043d\u043e\u0435 \u0432\u0440\u0435\u043c\u044f \u0434\u043b\u044f \u0447\u0442\u0435\u043d\u0438\u044f\" \/>\n\t<meta name=\"twitter:data1\" content=\"5 \u043c\u0438\u043d\u0443\u0442\" \/>\n<script type=\"application\/ld+json\" class=\"yoast-schema-graph\">{\"@context\":\"https:\/\/schema.org\",\"@graph\":[{\"@type\":\"Article\",\"@id\":\"https:\/\/denizcankizil.tr\/haberler\/gundem\/uzman-prof-dr-beyenden-onemli-aciklama\/#article\",\"isPartOf\":{\"@id\":\"https:\/\/denizcankizil.tr\/haberler\/gundem\/uzman-prof-dr-beyenden-onemli-aciklama\/\"},\"author\":{\"name\":\"\",\"@id\":\"\"},\"headline\":\"Uzman Prof. Dr. Beyen\u2019den \u00f6nemli a\u00e7\u0131klama\u2026\",\"datePublished\":\"2024-10-13T05:46:50+00:00\",\"mainEntityOfPage\":{\"@id\":\"https:\/\/denizcankizil.tr\/haberler\/gundem\/uzman-prof-dr-beyenden-onemli-aciklama\/\"},\"wordCount\":970,\"commentCount\":0,\"publisher\":{\"@id\":\"https:\/\/denizcankizil.tr\/#organization\"},\"articleSection\":[\"G\u00fcndem\"],\"inLanguage\":\"ru-RU\",\"potentialAction\":[{\"@type\":\"CommentAction\",\"name\":\"Comment\",\"target\":[\"https:\/\/denizcankizil.tr\/haberler\/gundem\/uzman-prof-dr-beyenden-onemli-aciklama\/#respond\"]}]},{\"@type\":\"WebPage\",\"@id\":\"https:\/\/denizcankizil.tr\/haberler\/gundem\/uzman-prof-dr-beyenden-onemli-aciklama\/\",\"url\":\"https:\/\/denizcankizil.tr\/haberler\/gundem\/uzman-prof-dr-beyenden-onemli-aciklama\/\",\"name\":\"Uzman Prof. Dr. Beyen\u2019den \u00f6nemli a\u00e7\u0131klama\u2026 - Av. Deniz Can K\u0131z\u0131l\",\"isPartOf\":{\"@id\":\"https:\/\/denizcankizil.tr\/#website\"},\"datePublished\":\"2024-10-13T05:46:50+00:00\",\"breadcrumb\":{\"@id\":\"https:\/\/denizcankizil.tr\/haberler\/gundem\/uzman-prof-dr-beyenden-onemli-aciklama\/#breadcrumb\"},\"inLanguage\":\"ru-RU\",\"potentialAction\":[{\"@type\":\"ReadAction\",\"target\":[\"https:\/\/denizcankizil.tr\/haberler\/gundem\/uzman-prof-dr-beyenden-onemli-aciklama\/\"]}]},{\"@type\":\"BreadcrumbList\",\"@id\":\"https:\/\/denizcankizil.tr\/haberler\/gundem\/uzman-prof-dr-beyenden-onemli-aciklama\/#breadcrumb\",\"itemListElement\":[{\"@type\":\"ListItem\",\"position\":1,\"name\":\"Home\",\"item\":\"https:\/\/denizcankizil.tr\/de\/\"},{\"@type\":\"ListItem\",\"position\":2,\"name\":\"Uzman Prof. Dr. Beyen\u2019den \u00f6nemli a\u00e7\u0131klama\u2026\"}]},{\"@type\":\"WebSite\",\"@id\":\"https:\/\/denizcankizil.tr\/#website\",\"url\":\"https:\/\/denizcankizil.tr\/\",\"name\":\"Av. Deniz Can K\u0131z\u0131l\",\"description\":\"Avukat Deniz Can K\u0131z\u0131l Antalya Barosu\",\"publisher\":{\"@id\":\"https:\/\/denizcankizil.tr\/#organization\"},\"potentialAction\":[{\"@type\":\"SearchAction\",\"target\":{\"@type\":\"EntryPoint\",\"urlTemplate\":\"https:\/\/denizcankizil.tr\/?s={search_term_string}\"},\"query-input\":{\"@type\":\"PropertyValueSpecification\",\"valueRequired\":true,\"valueName\":\"search_term_string\"}}],\"inLanguage\":\"ru-RU\"},{\"@type\":\"Organization\",\"@id\":\"https:\/\/denizcankizil.tr\/#organization\",\"name\":\"Av. Deniz Can K\u0131z\u0131l\",\"url\":\"https:\/\/denizcankizil.tr\/\",\"logo\":{\"@type\":\"ImageObject\",\"inLanguage\":\"ru-RU\",\"@id\":\"https:\/\/denizcankizil.tr\/#\/schema\/logo\/image\/\",\"url\":\"http:\/\/denizcankizil.tr\/wp-content\/uploads\/2024\/10\/siyah-logo-svg.svg\",\"contentUrl\":\"http:\/\/denizcankizil.tr\/wp-content\/uploads\/2024\/10\/siyah-logo-svg.svg\",\"width\":1080,\"height\":1080,\"caption\":\"Av. Deniz Can K\u0131z\u0131l\"},\"image\":{\"@id\":\"https:\/\/denizcankizil.tr\/#\/schema\/logo\/image\/\"}}]}<\/script>\n<!-- \/ Yoast SEO Premium plugin. -->","yoast_head_json":{"title":"Uzman Prof. Dr. Beyen\u2019den \u00f6nemli a\u00e7\u0131klama\u2026 - Av. Deniz Can K\u0131z\u0131l","robots":{"index":"index","follow":"follow","max-snippet":"max-snippet:-1","max-image-preview":"max-image-preview:large","max-video-preview":"max-video-preview:-1"},"canonical":"https:\/\/denizcankizil.tr\/ru\/haberler\/gundem\/uzman-prof-dr-beyenden-onemli-aciklama\/","og_locale":"ru_RU","og_type":"article","og_title":"Uzman Prof. Dr. Beyen\u2019den \u00f6nemli a\u00e7\u0131klama\u2026","og_description":"Hatay\u2019\u0131n \u0130skenderun il\u00e7esinde Ticaret ve Sanayi Odas\u0131nda \u0130n\u015faat M\u00fchendisleri Odas\u0131 Temsilcili\u011finin d\u00fczenledi\u011fi seminere kat\u0131lan Kocaeli \u00dcniversitesi Deprem M\u00fchendisi Uzman Prof. Dr. Kemal Beyen, depremin \u015fiddetiyle ilgili birbirinden ilgin\u00e7 verileri kamuoyu ile payla\u015ft\u0131. Depremin \u015fiddetiyle ilgili verileri kaydeden istasyonun kay\u0131tlar\u0131na i\u015faret eden Deprem Uzman\u0131 Prof. Dr. Kemal Beyen \u201cBizim istasyon kay\u0131tlar\u0131m\u0131z var. G\u00fcneydo\u011fu fay hatt\u0131n\u0131n \u00fcst\u00fcnde, y\u00fcz k\u00fcs\u00fcr deprem istasyonu var. Bunlar\u0131n bir k\u0131sm\u0131 da yak\u0131n alan, deprem olduktan sonra yak\u0131n alan kay\u0131tlar\u0131 oldu\u011funu anlad\u0131k. \u00d6nceden depremin nerede olaca\u011f\u0131n\u0131 tahmin edemiyorduk, \u00e7\u00fcnk\u00fc fay hatt\u0131 uzuyor gidiyor. Neticede toplam 410 km yol k\u0131r\u0131ld\u0131, \u00fc\u00e7l\u00fc par\u00e7al\u0131 k\u0131r\u0131lma oldu. Elbistan depremi eklendi. Ortaya b\u00fcy\u00fck enerji \u00e7\u0131kt\u0131. Bunlar\u0131n bir k\u0131sm\u0131 k\u0131r\u0131l\u0131m hatt\u0131 \u00fcst\u00fcndeki istasyonlard\u0131, bunlar yak\u0131n olan kay\u0131tlar\u0131n\u0131 ald\u0131lar ve olduk\u00e7a da katk\u0131 verecek veriler elimize gelmi\u015f oldu\u201d dedi. \u00a0 Yak\u0131n alan verilerinin i\u00e7erisine bak\u0131ld\u0131\u011f\u0131 zaman baz\u0131 istasyonlar\u0131n y\u00f6netmeli\u011fi, kat be kat ge\u00e7en de\u011ferlerde depremleri kaydetti\u011fi g\u00f6rebildiklerini ifade eden Prof. Dr. Beyen \u201cBiraz 40-50 kilometre ilerisinde kalan istasyonlar\u0131, y\u00f6netmeli\u011fin \u00f6nerdi\u011fi, m\u00fchendise; \u2018\u015funu kullan, yap\u0131n\u0131 bununla tasarla\u2019 dedi\u011fi bilgilerin i\u00e7inde kalan de\u011ferler yakalad\u0131lar. Ama Bizim burada b\u00fcy\u00fck hasarlara yol a\u00e7an, baz\u0131 b\u00f6lgelerdeki depremlerin facia derecesinde, felaket derecesi de \u00e7ok b\u00fcy\u00fck olmas\u0131, bunlar\u0131 \u00f6ng\u00f6remedi. Bizim y\u00f6netmedi\u011fimiz can g\u00fcvenli\u011fi garanti alt\u0131na alan, deprem d\u00fczeyi ikiyi m\u00fchendise \u00f6neriyor. \u00d6nermiyor &hellip;","og_url":"https:\/\/denizcankizil.tr\/ru\/haberler\/gundem\/uzman-prof-dr-beyenden-onemli-aciklama\/","og_site_name":"Av. Deniz Can K\u0131z\u0131l","article_published_time":"2024-10-13T05:46:50+00:00","twitter_card":"summary_large_image","twitter_misc":{"\u041f\u0440\u0438\u043c\u0435\u0440\u043d\u043e\u0435 \u0432\u0440\u0435\u043c\u044f \u0434\u043b\u044f \u0447\u0442\u0435\u043d\u0438\u044f":"5 \u043c\u0438\u043d\u0443\u0442"},"schema":{"@context":"https:\/\/schema.org","@graph":[{"@type":"Article","@id":"https:\/\/denizcankizil.tr\/haberler\/gundem\/uzman-prof-dr-beyenden-onemli-aciklama\/#article","isPartOf":{"@id":"https:\/\/denizcankizil.tr\/haberler\/gundem\/uzman-prof-dr-beyenden-onemli-aciklama\/"},"author":{"name":"","@id":""},"headline":"Uzman Prof. Dr. Beyen\u2019den \u00f6nemli a\u00e7\u0131klama\u2026","datePublished":"2024-10-13T05:46:50+00:00","mainEntityOfPage":{"@id":"https:\/\/denizcankizil.tr\/haberler\/gundem\/uzman-prof-dr-beyenden-onemli-aciklama\/"},"wordCount":970,"commentCount":0,"publisher":{"@id":"https:\/\/denizcankizil.tr\/#organization"},"articleSection":["G\u00fcndem"],"inLanguage":"ru-RU","potentialAction":[{"@type":"CommentAction","name":"Comment","target":["https:\/\/denizcankizil.tr\/haberler\/gundem\/uzman-prof-dr-beyenden-onemli-aciklama\/#respond"]}]},{"@type":"WebPage","@id":"https:\/\/denizcankizil.tr\/haberler\/gundem\/uzman-prof-dr-beyenden-onemli-aciklama\/","url":"https:\/\/denizcankizil.tr\/haberler\/gundem\/uzman-prof-dr-beyenden-onemli-aciklama\/","name":"Uzman Prof. Dr. Beyen\u2019den \u00f6nemli a\u00e7\u0131klama\u2026 - Av. Deniz Can K\u0131z\u0131l","isPartOf":{"@id":"https:\/\/denizcankizil.tr\/#website"},"datePublished":"2024-10-13T05:46:50+00:00","breadcrumb":{"@id":"https:\/\/denizcankizil.tr\/haberler\/gundem\/uzman-prof-dr-beyenden-onemli-aciklama\/#breadcrumb"},"inLanguage":"ru-RU","potentialAction":[{"@type":"ReadAction","target":["https:\/\/denizcankizil.tr\/haberler\/gundem\/uzman-prof-dr-beyenden-onemli-aciklama\/"]}]},{"@type":"BreadcrumbList","@id":"https:\/\/denizcankizil.tr\/haberler\/gundem\/uzman-prof-dr-beyenden-onemli-aciklama\/#breadcrumb","itemListElement":[{"@type":"ListItem","position":1,"name":"Home","item":"https:\/\/denizcankizil.tr\/de\/"},{"@type":"ListItem","position":2,"name":"Uzman Prof. Dr. Beyen\u2019den \u00f6nemli a\u00e7\u0131klama\u2026"}]},{"@type":"WebSite","@id":"https:\/\/denizcankizil.tr\/#website","url":"https:\/\/denizcankizil.tr\/","name":"Av. Deniz Can K\u0131z\u0131l","description":"Avukat Deniz Can K\u0131z\u0131l Antalya Barosu","publisher":{"@id":"https:\/\/denizcankizil.tr\/#organization"},"potentialAction":[{"@type":"SearchAction","target":{"@type":"EntryPoint","urlTemplate":"https:\/\/denizcankizil.tr\/?s={search_term_string}"},"query-input":{"@type":"PropertyValueSpecification","valueRequired":true,"valueName":"search_term_string"}}],"inLanguage":"ru-RU"},{"@type":"Organization","@id":"https:\/\/denizcankizil.tr\/#organization","name":"Av. Deniz Can K\u0131z\u0131l","url":"https:\/\/denizcankizil.tr\/","logo":{"@type":"ImageObject","inLanguage":"ru-RU","@id":"https:\/\/denizcankizil.tr\/#\/schema\/logo\/image\/","url":"http:\/\/denizcankizil.tr\/wp-content\/uploads\/2024\/10\/siyah-logo-svg.svg","contentUrl":"http:\/\/denizcankizil.tr\/wp-content\/uploads\/2024\/10\/siyah-logo-svg.svg","width":1080,"height":1080,"caption":"Av. Deniz Can K\u0131z\u0131l"},"image":{"@id":"https:\/\/denizcankizil.tr\/#\/schema\/logo\/image\/"}}]}},"_links":{"self":[{"href":"http:\/\/denizcankizil.tr\/ru\/wp-json\/wp\/v2\/posts\/2191","targetHints":{"allow":["GET"]}}],"collection":[{"href":"http:\/\/denizcankizil.tr\/ru\/wp-json\/wp\/v2\/posts"}],"about":[{"href":"http:\/\/denizcankizil.tr\/ru\/wp-json\/wp\/v2\/types\/post"}],"replies":[{"embeddable":true,"href":"http:\/\/denizcankizil.tr\/ru\/wp-json\/wp\/v2\/comments?post=2191"}],"version-history":[{"count":0,"href":"http:\/\/denizcankizil.tr\/ru\/wp-json\/wp\/v2\/posts\/2191\/revisions"}],"wp:attachment":[{"href":"http:\/\/denizcankizil.tr\/ru\/wp-json\/wp\/v2\/media?parent=2191"}],"wp:term":[{"taxonomy":"category","embeddable":true,"href":"http:\/\/denizcankizil.tr\/ru\/wp-json\/wp\/v2\/categories?post=2191"},{"taxonomy":"post_tag","embeddable":true,"href":"http:\/\/denizcankizil.tr\/ru\/wp-json\/wp\/v2\/tags?post=2191"}],"curies":[{"name":"wp","href":"https:\/\/api.w.org\/{rel}","templated":true}]}}