{"id":21758,"date":"2024-12-22T16:41:22","date_gmt":"2024-12-22T13:41:22","guid":{"rendered":"https:\/\/denizcankizil.tr\/uncategorized-tr\/sakarya-sogutlunun-kirsalindaki-iki-mahallede-asfalt-hamlesi\/"},"modified":"2024-12-22T16:41:22","modified_gmt":"2024-12-22T13:41:22","slug":"sakarya-sogutlunun-kirsalindaki-iki-mahallede-asfalt-hamlesi","status":"publish","type":"post","link":"http:\/\/denizcankizil.tr\/ru\/haberler\/gundem\/sakarya-sogutlunun-kirsalindaki-iki-mahallede-asfalt-hamlesi\/","title":{"rendered":"Sakarya S\u00f6\u011f\u00fctl\u00fc\u2019n\u00fcn k\u0131rsal\u0131ndaki iki mahallede asfalt hamlesi"},"content":{"rendered":"<p>Sakarya B\u00fcy\u00fck\u015fehir Belediyesi, S\u00f6\u011f\u00fctl\u00fc Belediyesi i\u015f birli\u011fiyle il\u00e7ede asfalt \u00e7al\u0131\u015fmalar\u0131n\u0131 s\u00fcrd\u00fcr\u00fcyor.Hasanfak\u0131 ve Yenik\u00f6y mahallelerindeki yollar, modern ve konforlu bir yap\u0131ya kavu\u015fuyor.SAKARYA (\u0130GFA) &#8211;\u00a0Sakarya B\u00fcy\u00fck\u015fehir Belediyesi, S\u00f6\u011f\u00fctl\u00fc Belediyesi i\u015f birli\u011fiyle il\u00e7ede asfalt \u00e7al\u0131\u015fmalar\u0131n\u0131 s\u00fcrd\u00fcr\u00fcyor.<br \/>\nUla\u015f\u0131ma modern \u00e7\u00f6z\u00fcmler<br \/>\n\u00a0Bu kapsamda Hasanfak\u0131 ve Yenik\u00f6y mahallelerinde s\u0131cak asfalt serim i\u015flemleri ger\u00e7ekle\u015ftiriliyor. Protokol kapsam\u0131nda ger\u00e7ekle\u015ftirilen \u00e7al\u0131\u015fmalarda, b\u00f6lge sakinlerinin ula\u015f\u0131m ihtiya\u00e7lar\u0131na modern ve konforlu \u00e7\u00f6z\u00fcmler sunuluyor.<br \/>\nSa\u011flam altyap\u0131<br \/>\nS\u0131cak asfalt \u00f6ncesi kaz\u0131, dolgu ve mekanik malzeme serimi ile uzun y\u0131llar sorunsuz ve konforlu ula\u015f\u0131m i\u00e7in \u00f6ncelikle sa\u011flam altyap\u0131 in\u015fa edildi.<br \/>\nBa\u015fkan Yusuf Alemdar\u2019a te\u015fekk\u00fcr<br \/>\nS\u00f6\u011f\u00fctl\u00fc Belediye Ba\u015fkan\u0131 Sel\u00e7uk Kurt, \u00e7al\u0131\u015fmalardan duydu\u011fu memnuniyeti dile getirerek, \u201cHasanfak\u0131 ve Yenik\u00f6y mahallelerimizde y\u0131llard\u0131r beklenen yol sorununa B\u00fcy\u00fck\u015fehir Belediyemizle birlikte \u00e7\u00f6z\u00fcm \u00fcretiyoruz. K\u0131rsal mahallelerimizin altyap\u0131s\u0131n\u0131 iyile\u015ftirmek ve yollar\u0131n\u0131 modernize etmek bizim i\u00e7in b\u00fcy\u00fck bir \u00f6ncelik. Bu projeye katk\u0131lar\u0131ndan dolay\u0131 Sakarya B\u00fcy\u00fck\u015fehir Belediye Ba\u015fkan\u0131m\u0131z Say\u0131n Yusuf Alemdar\u2019a ve eme\u011fi ge\u00e7en t\u00fcm \u00e7al\u0131\u015fanlara te\u015fekk\u00fcr ediyorum\u201d dedi.<br \/>\nH\u0131zla devam<br \/>\nB\u00fcy\u00fck\u015fehir Belediyesi ekipleri, k\u0131rsal mahallelerdeki asfalt serim \u00e7al\u0131\u015fmalar\u0131n\u0131 h\u0131z kesmedens\u00fcrd\u00fcr\u00fcrken, vatanda\u015flar\u0131n takdirini toplamaya devam ediyor. \u00c7al\u0131\u015fmalar\u0131n tamamlanmas\u0131yla mahalle yollar\u0131 daha g\u00fcvenli ve konforlu hale gelecek.<\/p>\n<p>\u200bSakarya B\u00fcy\u00fck\u015fehir Belediyesi, S\u00f6\u011f\u00fctl\u00fc Belediyesi i\u015f birli\u011fiyle il\u00e7ede asfalt \u00e7al\u0131\u015fmalar\u0131n\u0131 s\u00fcrd\u00fcr\u00fcyor.Hasanfak\u0131 ve Yenik\u00f6y mahallelerindeki yollar, modern ve konforlu bir yap\u0131ya kavu\u015fuyor.SAKARYA (\u0130GFA) &#8211;\u00a0Sakarya B\u00fcy\u00fck\u015fehir Belediyesi, S\u00f6\u011f\u00fctl\u00fc Belediyesi i\u015f birli\u011fiyle il\u00e7ede asfalt \u00e7al\u0131\u015fmalar\u0131n\u0131 s\u00fcrd\u00fcr\u00fcyor.<br \/>\nUla\u015f\u0131ma modern \u00e7\u00f6z\u00fcmler<br \/>\n\u00a0Bu kapsamda Hasanfak\u0131 ve Yenik\u00f6y mahallelerinde s\u0131cak asfalt serim i\u015flemleri ger\u00e7ekle\u015ftiriliyor. Protokol kapsam\u0131nda ger\u00e7ekle\u015ftirilen \u00e7al\u0131\u015fmalarda, b\u00f6lge sakinlerinin ula\u015f\u0131m ihtiya\u00e7lar\u0131na modern ve konforlu \u00e7\u00f6z\u00fcmler sunuluyor.<br \/>\nSa\u011flam altyap\u0131<br \/>\nS\u0131cak asfalt \u00f6ncesi kaz\u0131, dolgu ve mekanik malzeme serimi ile uzun y\u0131llar sorunsuz ve konforlu ula\u015f\u0131m i\u00e7in \u00f6ncelikle sa\u011flam altyap\u0131 in\u015fa edildi.<br \/>\nBa\u015fkan Yusuf Alemdar\u2019a te\u015fekk\u00fcr<br \/>\nS\u00f6\u011f\u00fctl\u00fc Belediye Ba\u015fkan\u0131 Sel\u00e7uk Kurt, \u00e7al\u0131\u015fmalardan duydu\u011fu memnuniyeti dile getirerek, \u201cHasanfak\u0131 ve Yenik\u00f6y mahallelerimizde y\u0131llard\u0131r beklenen yol sorununa B\u00fcy\u00fck\u015fehir Belediyemizle birlikte \u00e7\u00f6z\u00fcm \u00fcretiyoruz. K\u0131rsal mahallelerimizin altyap\u0131s\u0131n\u0131 iyile\u015ftirmek ve yollar\u0131n\u0131 modernize etmek bizim i\u00e7in b\u00fcy\u00fck bir \u00f6ncelik. Bu projeye katk\u0131lar\u0131ndan dolay\u0131 Sakarya B\u00fcy\u00fck\u015fehir Belediye Ba\u015fkan\u0131m\u0131z Say\u0131n Yusuf Alemdar\u2019a ve eme\u011fi ge\u00e7en t\u00fcm \u00e7al\u0131\u015fanlara te\u015fekk\u00fcr ediyorum\u201d dedi.<br \/>\nH\u0131zla devam<br \/>\nB\u00fcy\u00fck\u015fehir Belediyesi ekipleri, k\u0131rsal mahallelerdeki asfalt serim \u00e7al\u0131\u015fmalar\u0131n\u0131 h\u0131z kesmedens\u00fcrd\u00fcr\u00fcrken, vatanda\u015flar\u0131n takdirini toplamaya devam ediyor. \u00c7al\u0131\u015fmalar\u0131n tamamlanmas\u0131yla mahalle yollar\u0131 daha g\u00fcvenli ve konforlu hale gelecek.\u00a0<\/p>\n<p>\u200bHaberin Al\u0131nt\u0131land\u0131\u011f\u0131 Kaynak: www.iskenderun.org<\/p>","protected":false},"excerpt":{"rendered":"<p>Sakarya B\u00fcy\u00fck\u015fehir Belediyesi, S\u00f6\u011f\u00fctl\u00fc Belediyesi i\u015f birli\u011fiyle il\u00e7ede asfalt \u00e7al\u0131\u015fmalar\u0131n\u0131 s\u00fcrd\u00fcr\u00fcyor.Hasanfak\u0131 ve Yenik\u00f6y mahallelerindeki yollar, modern ve konforlu bir yap\u0131ya kavu\u015fuyor.SAKARYA (\u0130GFA) &#8211;\u00a0Sakarya B\u00fcy\u00fck\u015fehir Belediyesi, S\u00f6\u011f\u00fctl\u00fc Belediyesi i\u015f birli\u011fiyle il\u00e7ede asfalt \u00e7al\u0131\u015fmalar\u0131n\u0131 s\u00fcrd\u00fcr\u00fcyor. Ula\u015f\u0131ma modern \u00e7\u00f6z\u00fcmler \u00a0Bu kapsamda Hasanfak\u0131 ve Yenik\u00f6y mahallelerinde s\u0131cak asfalt serim i\u015flemleri ger\u00e7ekle\u015ftiriliyor. Protokol kapsam\u0131nda ger\u00e7ekle\u015ftirilen \u00e7al\u0131\u015fmalarda, b\u00f6lge sakinlerinin ula\u015f\u0131m ihtiya\u00e7lar\u0131na modern ve konforlu \u00e7\u00f6z\u00fcmler sunuluyor. Sa\u011flam altyap\u0131 S\u0131cak asfalt \u00f6ncesi kaz\u0131, dolgu ve mekanik malzeme serimi ile uzun y\u0131llar sorunsuz ve konforlu ula\u015f\u0131m i\u00e7in \u00f6ncelikle sa\u011flam altyap\u0131 in\u015fa edildi. Ba\u015fkan Yusuf Alemdar\u2019a te\u015fekk\u00fcr S\u00f6\u011f\u00fctl\u00fc Belediye Ba\u015fkan\u0131 Sel\u00e7uk Kurt, \u00e7al\u0131\u015fmalardan duydu\u011fu memnuniyeti dile getirerek, \u201cHasanfak\u0131 ve Yenik\u00f6y mahallelerimizde y\u0131llard\u0131r beklenen yol sorununa B\u00fcy\u00fck\u015fehir Belediyemizle birlikte \u00e7\u00f6z\u00fcm \u00fcretiyoruz. K\u0131rsal mahallelerimizin altyap\u0131s\u0131n\u0131 iyile\u015ftirmek ve yollar\u0131n\u0131 modernize etmek bizim i\u00e7in b\u00fcy\u00fck bir \u00f6ncelik. Bu projeye katk\u0131lar\u0131ndan dolay\u0131 Sakarya B\u00fcy\u00fck\u015fehir Belediye Ba\u015fkan\u0131m\u0131z Say\u0131n Yusuf Alemdar\u2019a ve eme\u011fi ge\u00e7en t\u00fcm \u00e7al\u0131\u015fanlara te\u015fekk\u00fcr ediyorum\u201d dedi. H\u0131zla devam B\u00fcy\u00fck\u015fehir Belediyesi ekipleri, k\u0131rsal mahallelerdeki asfalt serim \u00e7al\u0131\u015fmalar\u0131n\u0131 h\u0131z kesmedens\u00fcrd\u00fcr\u00fcrken, vatanda\u015flar\u0131n takdirini toplamaya devam ediyor. \u00c7al\u0131\u015fmalar\u0131n tamamlanmas\u0131yla mahalle yollar\u0131 daha g\u00fcvenli ve konforlu hale gelecek. \u200bSakarya B\u00fcy\u00fck\u015fehir Belediyesi, S\u00f6\u011f\u00fctl\u00fc Belediyesi i\u015f birli\u011fiyle il\u00e7ede asfalt \u00e7al\u0131\u015fmalar\u0131n\u0131 s\u00fcrd\u00fcr\u00fcyor.Hasanfak\u0131 ve Yenik\u00f6y mahallelerindeki yollar, modern ve konforlu bir yap\u0131ya kavu\u015fuyor.SAKARYA (\u0130GFA) &#8211;\u00a0Sakarya B\u00fcy\u00fck\u015fehir Belediyesi, S\u00f6\u011f\u00fctl\u00fc Belediyesi i\u015f birli\u011fiyle il\u00e7ede &hellip;<\/p>","protected":false},"author":0,"featured_media":0,"comment_status":"open","ping_status":"open","sticky":false,"template":"","format":"standard","meta":{"_acf_changed":false,"footnotes":""},"categories":[24,535],"tags":[],"class_list":["post-21758","post","type-post","status-publish","format-standard","has-post-thumbnail","hentry","category-gundem","category-uncategorized-tr"],"acf":[],"yoast_head":"<!-- This site is optimized with the Yoast SEO Premium plugin v26.6 (Yoast SEO v27.1.1) - https:\/\/yoast.com\/product\/yoast-seo-premium-wordpress\/ -->\n<title>Sakarya S\u00f6\u011f\u00fctl\u00fc\u2019n\u00fcn k\u0131rsal\u0131ndaki iki mahallede asfalt hamlesi - Av. Deniz Can K\u0131z\u0131l<\/title>\n<meta name=\"robots\" content=\"index, follow, max-snippet:-1, max-image-preview:large, max-video-preview:-1\" \/>\n<link rel=\"canonical\" href=\"http:\/\/denizcankizil.tr\/ru\/haberler\/gundem\/sakarya-sogutlunun-kirsalindaki-iki-mahallede-asfalt-hamlesi\/\" \/>\n<meta property=\"og:locale\" content=\"ru_RU\" \/>\n<meta property=\"og:type\" content=\"article\" \/>\n<meta property=\"og:title\" content=\"Sakarya S\u00f6\u011f\u00fctl\u00fc\u2019n\u00fcn k\u0131rsal\u0131ndaki iki mahallede asfalt hamlesi\" \/>\n<meta property=\"og:description\" content=\"Sakarya B\u00fcy\u00fck\u015fehir Belediyesi, S\u00f6\u011f\u00fctl\u00fc Belediyesi i\u015f birli\u011fiyle il\u00e7ede asfalt \u00e7al\u0131\u015fmalar\u0131n\u0131 s\u00fcrd\u00fcr\u00fcyor.Hasanfak\u0131 ve Yenik\u00f6y mahallelerindeki yollar, modern ve konforlu bir yap\u0131ya kavu\u015fuyor.SAKARYA (\u0130GFA) &#8211;\u00a0Sakarya B\u00fcy\u00fck\u015fehir Belediyesi, S\u00f6\u011f\u00fctl\u00fc Belediyesi i\u015f birli\u011fiyle il\u00e7ede asfalt \u00e7al\u0131\u015fmalar\u0131n\u0131 s\u00fcrd\u00fcr\u00fcyor. Ula\u015f\u0131ma modern \u00e7\u00f6z\u00fcmler \u00a0Bu kapsamda Hasanfak\u0131 ve Yenik\u00f6y mahallelerinde s\u0131cak asfalt serim i\u015flemleri ger\u00e7ekle\u015ftiriliyor. Protokol kapsam\u0131nda ger\u00e7ekle\u015ftirilen \u00e7al\u0131\u015fmalarda, b\u00f6lge sakinlerinin ula\u015f\u0131m ihtiya\u00e7lar\u0131na modern ve konforlu \u00e7\u00f6z\u00fcmler sunuluyor. Sa\u011flam altyap\u0131 S\u0131cak asfalt \u00f6ncesi kaz\u0131, dolgu ve mekanik malzeme serimi ile uzun y\u0131llar sorunsuz ve konforlu ula\u015f\u0131m i\u00e7in \u00f6ncelikle sa\u011flam altyap\u0131 in\u015fa edildi. Ba\u015fkan Yusuf Alemdar\u2019a te\u015fekk\u00fcr S\u00f6\u011f\u00fctl\u00fc Belediye Ba\u015fkan\u0131 Sel\u00e7uk Kurt, \u00e7al\u0131\u015fmalardan duydu\u011fu memnuniyeti dile getirerek, \u201cHasanfak\u0131 ve Yenik\u00f6y mahallelerimizde y\u0131llard\u0131r beklenen yol sorununa B\u00fcy\u00fck\u015fehir Belediyemizle birlikte \u00e7\u00f6z\u00fcm \u00fcretiyoruz. K\u0131rsal mahallelerimizin altyap\u0131s\u0131n\u0131 iyile\u015ftirmek ve yollar\u0131n\u0131 modernize etmek bizim i\u00e7in b\u00fcy\u00fck bir \u00f6ncelik. Bu projeye katk\u0131lar\u0131ndan dolay\u0131 Sakarya B\u00fcy\u00fck\u015fehir Belediye Ba\u015fkan\u0131m\u0131z Say\u0131n Yusuf Alemdar\u2019a ve eme\u011fi ge\u00e7en t\u00fcm \u00e7al\u0131\u015fanlara te\u015fekk\u00fcr ediyorum\u201d dedi. H\u0131zla devam B\u00fcy\u00fck\u015fehir Belediyesi ekipleri, k\u0131rsal mahallelerdeki asfalt serim \u00e7al\u0131\u015fmalar\u0131n\u0131 h\u0131z kesmedens\u00fcrd\u00fcr\u00fcrken, vatanda\u015flar\u0131n takdirini toplamaya devam ediyor. \u00c7al\u0131\u015fmalar\u0131n tamamlanmas\u0131yla mahalle yollar\u0131 daha g\u00fcvenli ve konforlu hale gelecek. \u200bSakarya B\u00fcy\u00fck\u015fehir Belediyesi, S\u00f6\u011f\u00fctl\u00fc Belediyesi i\u015f birli\u011fiyle il\u00e7ede asfalt \u00e7al\u0131\u015fmalar\u0131n\u0131 s\u00fcrd\u00fcr\u00fcyor.Hasanfak\u0131 ve Yenik\u00f6y mahallelerindeki yollar, modern ve konforlu bir yap\u0131ya kavu\u015fuyor.SAKARYA (\u0130GFA) &#8211;\u00a0Sakarya B\u00fcy\u00fck\u015fehir Belediyesi, S\u00f6\u011f\u00fctl\u00fc Belediyesi i\u015f birli\u011fiyle il\u00e7ede &hellip;\" \/>\n<meta property=\"og:url\" content=\"http:\/\/denizcankizil.tr\/ru\/haberler\/gundem\/sakarya-sogutlunun-kirsalindaki-iki-mahallede-asfalt-hamlesi\/\" \/>\n<meta property=\"og:site_name\" content=\"Av. Deniz Can K\u0131z\u0131l\" \/>\n<meta property=\"article:published_time\" content=\"2024-12-22T13:41:22+00:00\" \/>\n<meta name=\"twitter:card\" content=\"summary_large_image\" \/>\n<meta name=\"twitter:label1\" content=\"\u041f\u0440\u0438\u043c\u0435\u0440\u043d\u043e\u0435 \u0432\u0440\u0435\u043c\u044f \u0434\u043b\u044f \u0447\u0442\u0435\u043d\u0438\u044f\" \/>\n\t<meta name=\"twitter:data1\" content=\"3 \u043c\u0438\u043d\u0443\u0442\u044b\" \/>\n<script type=\"application\/ld+json\" class=\"yoast-schema-graph\">{\"@context\":\"https:\/\/schema.org\",\"@graph\":[{\"@type\":\"Article\",\"@id\":\"http:\/\/denizcankizil.tr\/ru\/haberler\/gundem\/sakarya-sogutlunun-kirsalindaki-iki-mahallede-asfalt-hamlesi\/#article\",\"isPartOf\":{\"@id\":\"http:\/\/denizcankizil.tr\/ru\/haberler\/gundem\/sakarya-sogutlunun-kirsalindaki-iki-mahallede-asfalt-hamlesi\/\"},\"author\":{\"name\":\"\",\"@id\":\"\"},\"headline\":\"Sakarya S\u00f6\u011f\u00fctl\u00fc\u2019n\u00fcn k\u0131rsal\u0131ndaki iki mahallede asfalt hamlesi\",\"datePublished\":\"2024-12-22T13:41:22+00:00\",\"mainEntityOfPage\":{\"@id\":\"http:\/\/denizcankizil.tr\/ru\/haberler\/gundem\/sakarya-sogutlunun-kirsalindaki-iki-mahallede-asfalt-hamlesi\/\"},\"wordCount\":576,\"commentCount\":0,\"publisher\":{\"@id\":\"https:\/\/denizcankizil.tr\/#organization\"},\"articleSection\":[\"G\u00fcndem\",\"Uncategorized\"],\"inLanguage\":\"ru-RU\",\"potentialAction\":[{\"@type\":\"CommentAction\",\"name\":\"Comment\",\"target\":[\"http:\/\/denizcankizil.tr\/ru\/haberler\/gundem\/sakarya-sogutlunun-kirsalindaki-iki-mahallede-asfalt-hamlesi\/#respond\"]}]},{\"@type\":\"WebPage\",\"@id\":\"http:\/\/denizcankizil.tr\/ru\/haberler\/gundem\/sakarya-sogutlunun-kirsalindaki-iki-mahallede-asfalt-hamlesi\/\",\"url\":\"http:\/\/denizcankizil.tr\/ru\/haberler\/gundem\/sakarya-sogutlunun-kirsalindaki-iki-mahallede-asfalt-hamlesi\/\",\"name\":\"Sakarya S\u00f6\u011f\u00fctl\u00fc\u2019n\u00fcn k\u0131rsal\u0131ndaki iki mahallede asfalt hamlesi - Av. Deniz Can K\u0131z\u0131l\",\"isPartOf\":{\"@id\":\"https:\/\/denizcankizil.tr\/#website\"},\"datePublished\":\"2024-12-22T13:41:22+00:00\",\"breadcrumb\":{\"@id\":\"http:\/\/denizcankizil.tr\/ru\/haberler\/gundem\/sakarya-sogutlunun-kirsalindaki-iki-mahallede-asfalt-hamlesi\/#breadcrumb\"},\"inLanguage\":\"ru-RU\",\"potentialAction\":[{\"@type\":\"ReadAction\",\"target\":[\"http:\/\/denizcankizil.tr\/ru\/haberler\/gundem\/sakarya-sogutlunun-kirsalindaki-iki-mahallede-asfalt-hamlesi\/\"]}]},{\"@type\":\"BreadcrumbList\",\"@id\":\"http:\/\/denizcankizil.tr\/ru\/haberler\/gundem\/sakarya-sogutlunun-kirsalindaki-iki-mahallede-asfalt-hamlesi\/#breadcrumb\",\"itemListElement\":[{\"@type\":\"ListItem\",\"position\":1,\"name\":\"Home\",\"item\":\"https:\/\/denizcankizil.tr\/uk\/\"},{\"@type\":\"ListItem\",\"position\":2,\"name\":\"Sakarya S\u00f6\u011f\u00fctl\u00fc\u2019n\u00fcn k\u0131rsal\u0131ndaki iki mahallede asfalt hamlesi\"}]},{\"@type\":\"WebSite\",\"@id\":\"https:\/\/denizcankizil.tr\/#website\",\"url\":\"https:\/\/denizcankizil.tr\/\",\"name\":\"Av. Deniz Can K\u0131z\u0131l\",\"description\":\"Avukat Deniz Can K\u0131z\u0131l Antalya Barosu\",\"publisher\":{\"@id\":\"https:\/\/denizcankizil.tr\/#organization\"},\"potentialAction\":[{\"@type\":\"SearchAction\",\"target\":{\"@type\":\"EntryPoint\",\"urlTemplate\":\"https:\/\/denizcankizil.tr\/?s={search_term_string}\"},\"query-input\":{\"@type\":\"PropertyValueSpecification\",\"valueRequired\":true,\"valueName\":\"search_term_string\"}}],\"inLanguage\":\"ru-RU\"},{\"@type\":\"Organization\",\"@id\":\"https:\/\/denizcankizil.tr\/#organization\",\"name\":\"Av. Deniz Can K\u0131z\u0131l\",\"url\":\"https:\/\/denizcankizil.tr\/\",\"logo\":{\"@type\":\"ImageObject\",\"inLanguage\":\"ru-RU\",\"@id\":\"https:\/\/denizcankizil.tr\/#\/schema\/logo\/image\/\",\"url\":\"http:\/\/denizcankizil.tr\/wp-content\/uploads\/2024\/10\/siyah-logo-svg.svg\",\"contentUrl\":\"http:\/\/denizcankizil.tr\/wp-content\/uploads\/2024\/10\/siyah-logo-svg.svg\",\"width\":1080,\"height\":1080,\"caption\":\"Av. Deniz Can K\u0131z\u0131l\"},\"image\":{\"@id\":\"https:\/\/denizcankizil.tr\/#\/schema\/logo\/image\/\"}}]}<\/script>\n<!-- \/ Yoast SEO Premium plugin. -->","yoast_head_json":{"title":"Sakarya S\u00f6\u011f\u00fctl\u00fc\u2019n\u00fcn k\u0131rsal\u0131ndaki iki mahallede asfalt hamlesi - Av. Deniz Can K\u0131z\u0131l","robots":{"index":"index","follow":"follow","max-snippet":"max-snippet:-1","max-image-preview":"max-image-preview:large","max-video-preview":"max-video-preview:-1"},"canonical":"http:\/\/denizcankizil.tr\/ru\/haberler\/gundem\/sakarya-sogutlunun-kirsalindaki-iki-mahallede-asfalt-hamlesi\/","og_locale":"ru_RU","og_type":"article","og_title":"Sakarya S\u00f6\u011f\u00fctl\u00fc\u2019n\u00fcn k\u0131rsal\u0131ndaki iki mahallede asfalt hamlesi","og_description":"Sakarya B\u00fcy\u00fck\u015fehir Belediyesi, S\u00f6\u011f\u00fctl\u00fc Belediyesi i\u015f birli\u011fiyle il\u00e7ede asfalt \u00e7al\u0131\u015fmalar\u0131n\u0131 s\u00fcrd\u00fcr\u00fcyor.Hasanfak\u0131 ve Yenik\u00f6y mahallelerindeki yollar, modern ve konforlu bir yap\u0131ya kavu\u015fuyor.SAKARYA (\u0130GFA) &#8211;\u00a0Sakarya B\u00fcy\u00fck\u015fehir Belediyesi, S\u00f6\u011f\u00fctl\u00fc Belediyesi i\u015f birli\u011fiyle il\u00e7ede asfalt \u00e7al\u0131\u015fmalar\u0131n\u0131 s\u00fcrd\u00fcr\u00fcyor. Ula\u015f\u0131ma modern \u00e7\u00f6z\u00fcmler \u00a0Bu kapsamda Hasanfak\u0131 ve Yenik\u00f6y mahallelerinde s\u0131cak asfalt serim i\u015flemleri ger\u00e7ekle\u015ftiriliyor. Protokol kapsam\u0131nda ger\u00e7ekle\u015ftirilen \u00e7al\u0131\u015fmalarda, b\u00f6lge sakinlerinin ula\u015f\u0131m ihtiya\u00e7lar\u0131na modern ve konforlu \u00e7\u00f6z\u00fcmler sunuluyor. Sa\u011flam altyap\u0131 S\u0131cak asfalt \u00f6ncesi kaz\u0131, dolgu ve mekanik malzeme serimi ile uzun y\u0131llar sorunsuz ve konforlu ula\u015f\u0131m i\u00e7in \u00f6ncelikle sa\u011flam altyap\u0131 in\u015fa edildi. Ba\u015fkan Yusuf Alemdar\u2019a te\u015fekk\u00fcr S\u00f6\u011f\u00fctl\u00fc Belediye Ba\u015fkan\u0131 Sel\u00e7uk Kurt, \u00e7al\u0131\u015fmalardan duydu\u011fu memnuniyeti dile getirerek, \u201cHasanfak\u0131 ve Yenik\u00f6y mahallelerimizde y\u0131llard\u0131r beklenen yol sorununa B\u00fcy\u00fck\u015fehir Belediyemizle birlikte \u00e7\u00f6z\u00fcm \u00fcretiyoruz. K\u0131rsal mahallelerimizin altyap\u0131s\u0131n\u0131 iyile\u015ftirmek ve yollar\u0131n\u0131 modernize etmek bizim i\u00e7in b\u00fcy\u00fck bir \u00f6ncelik. Bu projeye katk\u0131lar\u0131ndan dolay\u0131 Sakarya B\u00fcy\u00fck\u015fehir Belediye Ba\u015fkan\u0131m\u0131z Say\u0131n Yusuf Alemdar\u2019a ve eme\u011fi ge\u00e7en t\u00fcm \u00e7al\u0131\u015fanlara te\u015fekk\u00fcr ediyorum\u201d dedi. H\u0131zla devam B\u00fcy\u00fck\u015fehir Belediyesi ekipleri, k\u0131rsal mahallelerdeki asfalt serim \u00e7al\u0131\u015fmalar\u0131n\u0131 h\u0131z kesmedens\u00fcrd\u00fcr\u00fcrken, vatanda\u015flar\u0131n takdirini toplamaya devam ediyor. \u00c7al\u0131\u015fmalar\u0131n tamamlanmas\u0131yla mahalle yollar\u0131 daha g\u00fcvenli ve konforlu hale gelecek. \u200bSakarya B\u00fcy\u00fck\u015fehir Belediyesi, S\u00f6\u011f\u00fctl\u00fc Belediyesi i\u015f birli\u011fiyle il\u00e7ede asfalt \u00e7al\u0131\u015fmalar\u0131n\u0131 s\u00fcrd\u00fcr\u00fcyor.Hasanfak\u0131 ve Yenik\u00f6y mahallelerindeki yollar, modern ve konforlu bir yap\u0131ya kavu\u015fuyor.SAKARYA (\u0130GFA) &#8211;\u00a0Sakarya B\u00fcy\u00fck\u015fehir Belediyesi, S\u00f6\u011f\u00fctl\u00fc Belediyesi i\u015f birli\u011fiyle il\u00e7ede &hellip;","og_url":"http:\/\/denizcankizil.tr\/ru\/haberler\/gundem\/sakarya-sogutlunun-kirsalindaki-iki-mahallede-asfalt-hamlesi\/","og_site_name":"Av. Deniz Can K\u0131z\u0131l","article_published_time":"2024-12-22T13:41:22+00:00","twitter_card":"summary_large_image","twitter_misc":{"\u041f\u0440\u0438\u043c\u0435\u0440\u043d\u043e\u0435 \u0432\u0440\u0435\u043c\u044f \u0434\u043b\u044f \u0447\u0442\u0435\u043d\u0438\u044f":"3 \u043c\u0438\u043d\u0443\u0442\u044b"},"schema":{"@context":"https:\/\/schema.org","@graph":[{"@type":"Article","@id":"http:\/\/denizcankizil.tr\/ru\/haberler\/gundem\/sakarya-sogutlunun-kirsalindaki-iki-mahallede-asfalt-hamlesi\/#article","isPartOf":{"@id":"http:\/\/denizcankizil.tr\/ru\/haberler\/gundem\/sakarya-sogutlunun-kirsalindaki-iki-mahallede-asfalt-hamlesi\/"},"author":{"name":"","@id":""},"headline":"Sakarya S\u00f6\u011f\u00fctl\u00fc\u2019n\u00fcn k\u0131rsal\u0131ndaki iki mahallede asfalt hamlesi","datePublished":"2024-12-22T13:41:22+00:00","mainEntityOfPage":{"@id":"http:\/\/denizcankizil.tr\/ru\/haberler\/gundem\/sakarya-sogutlunun-kirsalindaki-iki-mahallede-asfalt-hamlesi\/"},"wordCount":576,"commentCount":0,"publisher":{"@id":"https:\/\/denizcankizil.tr\/#organization"},"articleSection":["G\u00fcndem","Uncategorized"],"inLanguage":"ru-RU","potentialAction":[{"@type":"CommentAction","name":"Comment","target":["http:\/\/denizcankizil.tr\/ru\/haberler\/gundem\/sakarya-sogutlunun-kirsalindaki-iki-mahallede-asfalt-hamlesi\/#respond"]}]},{"@type":"WebPage","@id":"http:\/\/denizcankizil.tr\/ru\/haberler\/gundem\/sakarya-sogutlunun-kirsalindaki-iki-mahallede-asfalt-hamlesi\/","url":"http:\/\/denizcankizil.tr\/ru\/haberler\/gundem\/sakarya-sogutlunun-kirsalindaki-iki-mahallede-asfalt-hamlesi\/","name":"Sakarya S\u00f6\u011f\u00fctl\u00fc\u2019n\u00fcn k\u0131rsal\u0131ndaki iki mahallede asfalt hamlesi - Av. Deniz Can K\u0131z\u0131l","isPartOf":{"@id":"https:\/\/denizcankizil.tr\/#website"},"datePublished":"2024-12-22T13:41:22+00:00","breadcrumb":{"@id":"http:\/\/denizcankizil.tr\/ru\/haberler\/gundem\/sakarya-sogutlunun-kirsalindaki-iki-mahallede-asfalt-hamlesi\/#breadcrumb"},"inLanguage":"ru-RU","potentialAction":[{"@type":"ReadAction","target":["http:\/\/denizcankizil.tr\/ru\/haberler\/gundem\/sakarya-sogutlunun-kirsalindaki-iki-mahallede-asfalt-hamlesi\/"]}]},{"@type":"BreadcrumbList","@id":"http:\/\/denizcankizil.tr\/ru\/haberler\/gundem\/sakarya-sogutlunun-kirsalindaki-iki-mahallede-asfalt-hamlesi\/#breadcrumb","itemListElement":[{"@type":"ListItem","position":1,"name":"Home","item":"https:\/\/denizcankizil.tr\/uk\/"},{"@type":"ListItem","position":2,"name":"Sakarya S\u00f6\u011f\u00fctl\u00fc\u2019n\u00fcn k\u0131rsal\u0131ndaki iki mahallede asfalt hamlesi"}]},{"@type":"WebSite","@id":"https:\/\/denizcankizil.tr\/#website","url":"https:\/\/denizcankizil.tr\/","name":"Av. Deniz Can K\u0131z\u0131l","description":"Avukat Deniz Can K\u0131z\u0131l Antalya Barosu","publisher":{"@id":"https:\/\/denizcankizil.tr\/#organization"},"potentialAction":[{"@type":"SearchAction","target":{"@type":"EntryPoint","urlTemplate":"https:\/\/denizcankizil.tr\/?s={search_term_string}"},"query-input":{"@type":"PropertyValueSpecification","valueRequired":true,"valueName":"search_term_string"}}],"inLanguage":"ru-RU"},{"@type":"Organization","@id":"https:\/\/denizcankizil.tr\/#organization","name":"Av. Deniz Can K\u0131z\u0131l","url":"https:\/\/denizcankizil.tr\/","logo":{"@type":"ImageObject","inLanguage":"ru-RU","@id":"https:\/\/denizcankizil.tr\/#\/schema\/logo\/image\/","url":"http:\/\/denizcankizil.tr\/wp-content\/uploads\/2024\/10\/siyah-logo-svg.svg","contentUrl":"http:\/\/denizcankizil.tr\/wp-content\/uploads\/2024\/10\/siyah-logo-svg.svg","width":1080,"height":1080,"caption":"Av. Deniz Can K\u0131z\u0131l"},"image":{"@id":"https:\/\/denizcankizil.tr\/#\/schema\/logo\/image\/"}}]}},"_links":{"self":[{"href":"http:\/\/denizcankizil.tr\/ru\/wp-json\/wp\/v2\/posts\/21758","targetHints":{"allow":["GET"]}}],"collection":[{"href":"http:\/\/denizcankizil.tr\/ru\/wp-json\/wp\/v2\/posts"}],"about":[{"href":"http:\/\/denizcankizil.tr\/ru\/wp-json\/wp\/v2\/types\/post"}],"replies":[{"embeddable":true,"href":"http:\/\/denizcankizil.tr\/ru\/wp-json\/wp\/v2\/comments?post=21758"}],"version-history":[{"count":0,"href":"http:\/\/denizcankizil.tr\/ru\/wp-json\/wp\/v2\/posts\/21758\/revisions"}],"wp:attachment":[{"href":"http:\/\/denizcankizil.tr\/ru\/wp-json\/wp\/v2\/media?parent=21758"}],"wp:term":[{"taxonomy":"category","embeddable":true,"href":"http:\/\/denizcankizil.tr\/ru\/wp-json\/wp\/v2\/categories?post=21758"},{"taxonomy":"post_tag","embeddable":true,"href":"http:\/\/denizcankizil.tr\/ru\/wp-json\/wp\/v2\/tags?post=21758"}],"curies":[{"name":"wp","href":"https:\/\/api.w.org\/{rel}","templated":true}]}}