{"id":21545,"date":"2024-12-20T17:42:10","date_gmt":"2024-12-20T14:42:10","guid":{"rendered":"https:\/\/denizcankizil.tr\/uncategorized-tr\/saldiri-hazirliginda-olan-5-terorist-daha-etkisizlestirildi\/"},"modified":"2024-12-20T17:42:10","modified_gmt":"2024-12-20T14:42:10","slug":"saldiri-hazirliginda-olan-5-terorist-daha-etkisizlestirildi","status":"publish","type":"post","link":"http:\/\/denizcankizil.tr\/ru\/haberler\/gundem\/saldiri-hazirliginda-olan-5-terorist-daha-etkisizlestirildi\/","title":{"rendered":"Sald\u0131r\u0131 haz\u0131rl\u0131\u011f\u0131nda olan 5 ter\u00f6rist daha etkisizle\u015ftirildi!"},"content":{"rendered":"<p>Suriye&#8217;nin kuzeyinde sald\u0131r\u0131 haz\u0131rl\u0131\u011f\u0131ndaki 5 PKK\/YPG&#8217;li ter\u00f6rist etkisiz hale getirildi. Bug\u00fcn etkisiz hale getirilen ter\u00f6rist say\u0131s\u0131 16&#8217;ya ula\u015ft\u0131.ANKARA (\u0130GFA) &#8211;\u00a0 Mehmet\u00e7ik, Irak&#8217;\u0131n kuzeyinde de operasyonlar\u0131na aral\u0131ks\u0131z devam ediyor.<br \/>\nMilli Savunma Bakanl\u0131\u011f\u0131&#8217;ndan yap\u0131lan a\u00e7\u0131klamada, &#8220;T\u00fcrk Silahl\u0131 Kuvvetlerimiz, ter\u00f6r \u00f6rg\u00fctlerine kar\u015f\u0131 \u00f6nleyici ve yok edici tedbirler almaya devam ediyor. Mehmet\u00e7iklerimiz Suriye&#8217;nin kuzeyinde sald\u0131r\u0131 haz\u0131rl\u0131\u011f\u0131 yapt\u0131\u011f\u0131 belirlenen 5 PKK\/YPG&#8217;li ter\u00f6risti etkisiz h\u00e2le getirdi. Ter\u00f6r\u00fc kayna\u011f\u0131nda yok etmeye azimliyiz, kararl\u0131y\u0131z.&#8221; ifadelerine yer verildi.<br \/>\nHat\u0131rlanaca\u011f\u0131 gibi sabah saatlerinde de Irak&#8217;\u0131n kuzeyinde tespit edilen 11 ter\u00f6ristin daha hava harekat\u0131yla etkisiz hale getirildi\u011fi bildirilmi\u015fti.<br \/>\nB\u00f6ylelikle bug\u00fcn etksiz hale getirilen ter\u00f6rist say\u0131s\u0131 16&#8217;ya y\u00fckseldi.<\/p>\n<p>\u200bSuriye&#8217;nin kuzeyinde sald\u0131r\u0131 haz\u0131rl\u0131\u011f\u0131ndaki 5 PKK\/YPG&#8217;li ter\u00f6rist etkisiz hale getirildi. Bug\u00fcn etkisiz hale getirilen ter\u00f6rist say\u0131s\u0131 16&#8217;ya ula\u015ft\u0131.ANKARA (\u0130GFA) &#8211;\u00a0 Mehmet\u00e7ik, Irak&#8217;\u0131n kuzeyinde de operasyonlar\u0131na aral\u0131ks\u0131z devam ediyor.<br \/>\nMilli Savunma Bakanl\u0131\u011f\u0131&#8217;ndan yap\u0131lan a\u00e7\u0131klamada, &#8220;T\u00fcrk Silahl\u0131 Kuvvetlerimiz, ter\u00f6r \u00f6rg\u00fctlerine kar\u015f\u0131 \u00f6nleyici ve yok edici tedbirler almaya devam ediyor. Mehmet\u00e7iklerimiz Suriye&#8217;nin kuzeyinde sald\u0131r\u0131 haz\u0131rl\u0131\u011f\u0131 yapt\u0131\u011f\u0131 belirlenen 5 PKK\/YPG&#8217;li ter\u00f6risti etkisiz h\u00e2le getirdi. Ter\u00f6r\u00fc kayna\u011f\u0131nda yok etmeye azimliyiz, kararl\u0131y\u0131z.&#8221; ifadelerine yer verildi.<br \/>\nHat\u0131rlanaca\u011f\u0131 gibi sabah saatlerinde de Irak&#8217;\u0131n kuzeyinde tespit edilen 11 ter\u00f6ristin daha hava harekat\u0131yla etkisiz hale getirildi\u011fi bildirilmi\u015fti.<br \/>\nB\u00f6ylelikle bug\u00fcn etksiz hale getirilen ter\u00f6rist say\u0131s\u0131 16&#8217;ya y\u00fckseldi.\u00a0<\/p>\n<p>\u200bHaberin Al\u0131nt\u0131land\u0131\u011f\u0131 Kaynak: www.iskenderun.org<\/p>","protected":false},"excerpt":{"rendered":"<p>Suriye&#8217;nin kuzeyinde sald\u0131r\u0131 haz\u0131rl\u0131\u011f\u0131ndaki 5 PKK\/YPG&#8217;li ter\u00f6rist etkisiz hale getirildi. Bug\u00fcn etkisiz hale getirilen ter\u00f6rist say\u0131s\u0131 16&#8217;ya ula\u015ft\u0131.ANKARA (\u0130GFA) &#8211;\u00a0 Mehmet\u00e7ik, Irak&#8217;\u0131n kuzeyinde de operasyonlar\u0131na aral\u0131ks\u0131z devam ediyor. Milli Savunma Bakanl\u0131\u011f\u0131&#8217;ndan yap\u0131lan a\u00e7\u0131klamada, &#8220;T\u00fcrk Silahl\u0131 Kuvvetlerimiz, ter\u00f6r \u00f6rg\u00fctlerine kar\u015f\u0131 \u00f6nleyici ve yok edici tedbirler almaya devam ediyor. Mehmet\u00e7iklerimiz Suriye&#8217;nin kuzeyinde sald\u0131r\u0131 haz\u0131rl\u0131\u011f\u0131 yapt\u0131\u011f\u0131 belirlenen 5 PKK\/YPG&#8217;li ter\u00f6risti etkisiz h\u00e2le getirdi. Ter\u00f6r\u00fc kayna\u011f\u0131nda yok etmeye azimliyiz, kararl\u0131y\u0131z.&#8221; ifadelerine yer verildi. Hat\u0131rlanaca\u011f\u0131 gibi sabah saatlerinde de Irak&#8217;\u0131n kuzeyinde tespit edilen 11 ter\u00f6ristin daha hava harekat\u0131yla etkisiz hale getirildi\u011fi bildirilmi\u015fti. B\u00f6ylelikle bug\u00fcn etksiz hale getirilen ter\u00f6rist say\u0131s\u0131 16&#8217;ya y\u00fckseldi. \u200bSuriye&#8217;nin kuzeyinde sald\u0131r\u0131 haz\u0131rl\u0131\u011f\u0131ndaki 5 PKK\/YPG&#8217;li ter\u00f6rist etkisiz hale getirildi. Bug\u00fcn etkisiz hale getirilen ter\u00f6rist say\u0131s\u0131 16&#8217;ya ula\u015ft\u0131.ANKARA (\u0130GFA) &#8211;\u00a0 Mehmet\u00e7ik, Irak&#8217;\u0131n kuzeyinde de operasyonlar\u0131na aral\u0131ks\u0131z devam ediyor. Milli Savunma Bakanl\u0131\u011f\u0131&#8217;ndan yap\u0131lan a\u00e7\u0131klamada, &#8220;T\u00fcrk Silahl\u0131 Kuvvetlerimiz, ter\u00f6r \u00f6rg\u00fctlerine kar\u015f\u0131 \u00f6nleyici ve yok edici tedbirler almaya devam ediyor. Mehmet\u00e7iklerimiz Suriye&#8217;nin kuzeyinde sald\u0131r\u0131 haz\u0131rl\u0131\u011f\u0131 yapt\u0131\u011f\u0131 belirlenen 5 PKK\/YPG&#8217;li ter\u00f6risti etkisiz h\u00e2le getirdi. Ter\u00f6r\u00fc kayna\u011f\u0131nda yok etmeye azimliyiz, kararl\u0131y\u0131z.&#8221; ifadelerine yer verildi. Hat\u0131rlanaca\u011f\u0131 gibi sabah saatlerinde de Irak&#8217;\u0131n kuzeyinde tespit edilen 11 ter\u00f6ristin daha hava harekat\u0131yla etkisiz hale getirildi\u011fi bildirilmi\u015fti. B\u00f6ylelikle bug\u00fcn etksiz hale getirilen ter\u00f6rist say\u0131s\u0131 16&#8217;ya y\u00fckseldi.\u00a0 \u200bHaberin Al\u0131nt\u0131land\u0131\u011f\u0131 Kaynak: www.iskenderun.org<\/p>","protected":false},"author":0,"featured_media":0,"comment_status":"open","ping_status":"open","sticky":false,"template":"","format":"standard","meta":{"_acf_changed":false,"footnotes":""},"categories":[24,535],"tags":[],"class_list":["post-21545","post","type-post","status-publish","format-standard","has-post-thumbnail","hentry","category-gundem","category-uncategorized-tr"],"acf":[],"yoast_head":"<!-- This site is optimized with the Yoast SEO Premium plugin v26.6 (Yoast SEO v27.1.1) - https:\/\/yoast.com\/product\/yoast-seo-premium-wordpress\/ -->\n<title>Sald\u0131r\u0131 haz\u0131rl\u0131\u011f\u0131nda olan 5 ter\u00f6rist daha etkisizle\u015ftirildi! - Av. Deniz Can K\u0131z\u0131l<\/title>\n<meta name=\"robots\" content=\"index, follow, max-snippet:-1, max-image-preview:large, max-video-preview:-1\" \/>\n<link rel=\"canonical\" href=\"https:\/\/denizcankizil.tr\/ru\/haberler\/gundem\/saldiri-hazirliginda-olan-5-terorist-daha-etkisizlestirildi\/\" \/>\n<meta property=\"og:locale\" content=\"ru_RU\" \/>\n<meta property=\"og:type\" content=\"article\" \/>\n<meta property=\"og:title\" content=\"Sald\u0131r\u0131 haz\u0131rl\u0131\u011f\u0131nda olan 5 ter\u00f6rist daha etkisizle\u015ftirildi!\" \/>\n<meta property=\"og:description\" content=\"Suriye&#8217;nin kuzeyinde sald\u0131r\u0131 haz\u0131rl\u0131\u011f\u0131ndaki 5 PKK\/YPG&#8217;li ter\u00f6rist etkisiz hale getirildi. Bug\u00fcn etkisiz hale getirilen ter\u00f6rist say\u0131s\u0131 16&#8217;ya ula\u015ft\u0131.ANKARA (\u0130GFA) &#8211;\u00a0 Mehmet\u00e7ik, Irak&#8217;\u0131n kuzeyinde de operasyonlar\u0131na aral\u0131ks\u0131z devam ediyor. Milli Savunma Bakanl\u0131\u011f\u0131&#8217;ndan yap\u0131lan a\u00e7\u0131klamada, &#8220;T\u00fcrk Silahl\u0131 Kuvvetlerimiz, ter\u00f6r \u00f6rg\u00fctlerine kar\u015f\u0131 \u00f6nleyici ve yok edici tedbirler almaya devam ediyor. Mehmet\u00e7iklerimiz Suriye&#8217;nin kuzeyinde sald\u0131r\u0131 haz\u0131rl\u0131\u011f\u0131 yapt\u0131\u011f\u0131 belirlenen 5 PKK\/YPG&#8217;li ter\u00f6risti etkisiz h\u00e2le getirdi. Ter\u00f6r\u00fc kayna\u011f\u0131nda yok etmeye azimliyiz, kararl\u0131y\u0131z.&#8221; ifadelerine yer verildi. Hat\u0131rlanaca\u011f\u0131 gibi sabah saatlerinde de Irak&#8217;\u0131n kuzeyinde tespit edilen 11 ter\u00f6ristin daha hava harekat\u0131yla etkisiz hale getirildi\u011fi bildirilmi\u015fti. B\u00f6ylelikle bug\u00fcn etksiz hale getirilen ter\u00f6rist say\u0131s\u0131 16&#8217;ya y\u00fckseldi. \u200bSuriye&#8217;nin kuzeyinde sald\u0131r\u0131 haz\u0131rl\u0131\u011f\u0131ndaki 5 PKK\/YPG&#8217;li ter\u00f6rist etkisiz hale getirildi. Bug\u00fcn etkisiz hale getirilen ter\u00f6rist say\u0131s\u0131 16&#8217;ya ula\u015ft\u0131.ANKARA (\u0130GFA) &#8211;\u00a0 Mehmet\u00e7ik, Irak&#8217;\u0131n kuzeyinde de operasyonlar\u0131na aral\u0131ks\u0131z devam ediyor. Milli Savunma Bakanl\u0131\u011f\u0131&#8217;ndan yap\u0131lan a\u00e7\u0131klamada, &#8220;T\u00fcrk Silahl\u0131 Kuvvetlerimiz, ter\u00f6r \u00f6rg\u00fctlerine kar\u015f\u0131 \u00f6nleyici ve yok edici tedbirler almaya devam ediyor. Mehmet\u00e7iklerimiz Suriye&#8217;nin kuzeyinde sald\u0131r\u0131 haz\u0131rl\u0131\u011f\u0131 yapt\u0131\u011f\u0131 belirlenen 5 PKK\/YPG&#8217;li ter\u00f6risti etkisiz h\u00e2le getirdi. Ter\u00f6r\u00fc kayna\u011f\u0131nda yok etmeye azimliyiz, kararl\u0131y\u0131z.&#8221; ifadelerine yer verildi. Hat\u0131rlanaca\u011f\u0131 gibi sabah saatlerinde de Irak&#8217;\u0131n kuzeyinde tespit edilen 11 ter\u00f6ristin daha hava harekat\u0131yla etkisiz hale getirildi\u011fi bildirilmi\u015fti. B\u00f6ylelikle bug\u00fcn etksiz hale getirilen ter\u00f6rist say\u0131s\u0131 16&#8217;ya y\u00fckseldi.\u00a0 \u200bHaberin Al\u0131nt\u0131land\u0131\u011f\u0131 Kaynak: www.iskenderun.org\" \/>\n<meta property=\"og:url\" content=\"https:\/\/denizcankizil.tr\/ru\/haberler\/gundem\/saldiri-hazirliginda-olan-5-terorist-daha-etkisizlestirildi\/\" \/>\n<meta property=\"og:site_name\" content=\"Av. Deniz Can K\u0131z\u0131l\" \/>\n<meta property=\"article:published_time\" content=\"2024-12-20T14:42:10+00:00\" \/>\n<meta name=\"twitter:card\" content=\"summary_large_image\" \/>\n<meta name=\"twitter:label1\" content=\"\u041f\u0440\u0438\u043c\u0435\u0440\u043d\u043e\u0435 \u0432\u0440\u0435\u043c\u044f \u0434\u043b\u044f \u0447\u0442\u0435\u043d\u0438\u044f\" \/>\n\t<meta name=\"twitter:data1\" content=\"1 \u043c\u0438\u043d\u0443\u0442\u0430\" \/>\n<script type=\"application\/ld+json\" class=\"yoast-schema-graph\">{\"@context\":\"https:\/\/schema.org\",\"@graph\":[{\"@type\":\"Article\",\"@id\":\"https:\/\/denizcankizil.tr\/uk\/haberler\/gundem\/saldiri-hazirliginda-olan-5-terorist-daha-etkisizlestirildi\/#article\",\"isPartOf\":{\"@id\":\"https:\/\/denizcankizil.tr\/uk\/haberler\/gundem\/saldiri-hazirliginda-olan-5-terorist-daha-etkisizlestirildi\/\"},\"author\":{\"name\":\"\",\"@id\":\"\"},\"headline\":\"Sald\u0131r\u0131 haz\u0131rl\u0131\u011f\u0131nda olan 5 ter\u00f6rist daha etkisizle\u015ftirildi!\",\"datePublished\":\"2024-12-20T14:42:10+00:00\",\"mainEntityOfPage\":{\"@id\":\"https:\/\/denizcankizil.tr\/uk\/haberler\/gundem\/saldiri-hazirliginda-olan-5-terorist-daha-etkisizlestirildi\/\"},\"wordCount\":297,\"commentCount\":0,\"publisher\":{\"@id\":\"https:\/\/denizcankizil.tr\/de\/#organization\"},\"articleSection\":[\"G\u00fcndem\",\"Uncategorized\"],\"inLanguage\":\"ru-RU\",\"potentialAction\":[{\"@type\":\"CommentAction\",\"name\":\"Comment\",\"target\":[\"https:\/\/denizcankizil.tr\/uk\/haberler\/gundem\/saldiri-hazirliginda-olan-5-terorist-daha-etkisizlestirildi\/#respond\"]}]},{\"@type\":\"WebPage\",\"@id\":\"https:\/\/denizcankizil.tr\/uk\/haberler\/gundem\/saldiri-hazirliginda-olan-5-terorist-daha-etkisizlestirildi\/\",\"url\":\"https:\/\/denizcankizil.tr\/uk\/haberler\/gundem\/saldiri-hazirliginda-olan-5-terorist-daha-etkisizlestirildi\/\",\"name\":\"Sald\u0131r\u0131 haz\u0131rl\u0131\u011f\u0131nda olan 5 ter\u00f6rist daha etkisizle\u015ftirildi! - Av. Deniz Can K\u0131z\u0131l\",\"isPartOf\":{\"@id\":\"https:\/\/denizcankizil.tr\/de\/#website\"},\"datePublished\":\"2024-12-20T14:42:10+00:00\",\"breadcrumb\":{\"@id\":\"https:\/\/denizcankizil.tr\/uk\/haberler\/gundem\/saldiri-hazirliginda-olan-5-terorist-daha-etkisizlestirildi\/#breadcrumb\"},\"inLanguage\":\"ru-RU\",\"potentialAction\":[{\"@type\":\"ReadAction\",\"target\":[\"https:\/\/denizcankizil.tr\/uk\/haberler\/gundem\/saldiri-hazirliginda-olan-5-terorist-daha-etkisizlestirildi\/\"]}]},{\"@type\":\"BreadcrumbList\",\"@id\":\"https:\/\/denizcankizil.tr\/uk\/haberler\/gundem\/saldiri-hazirliginda-olan-5-terorist-daha-etkisizlestirildi\/#breadcrumb\",\"itemListElement\":[{\"@type\":\"ListItem\",\"position\":1,\"name\":\"Home\",\"item\":\"https:\/\/denizcankizil.tr\/de\/\"},{\"@type\":\"ListItem\",\"position\":2,\"name\":\"Sald\u0131r\u0131 haz\u0131rl\u0131\u011f\u0131nda olan 5 ter\u00f6rist daha etkisizle\u015ftirildi!\"}]},{\"@type\":\"WebSite\",\"@id\":\"https:\/\/denizcankizil.tr\/de\/#website\",\"url\":\"https:\/\/denizcankizil.tr\/de\/\",\"name\":\"Av. Deniz Can K\u0131z\u0131l\",\"description\":\"Avukat Deniz Can K\u0131z\u0131l Antalya Barosu\",\"publisher\":{\"@id\":\"https:\/\/denizcankizil.tr\/de\/#organization\"},\"potentialAction\":[{\"@type\":\"SearchAction\",\"target\":{\"@type\":\"EntryPoint\",\"urlTemplate\":\"https:\/\/denizcankizil.tr\/de\/?s={search_term_string}\"},\"query-input\":{\"@type\":\"PropertyValueSpecification\",\"valueRequired\":true,\"valueName\":\"search_term_string\"}}],\"inLanguage\":\"ru-RU\"},{\"@type\":\"Organization\",\"@id\":\"https:\/\/denizcankizil.tr\/de\/#organization\",\"name\":\"Av. Deniz Can K\u0131z\u0131l\",\"url\":\"https:\/\/denizcankizil.tr\/de\/\",\"logo\":{\"@type\":\"ImageObject\",\"inLanguage\":\"ru-RU\",\"@id\":\"https:\/\/denizcankizil.tr\/de\/#\/schema\/logo\/image\/\",\"url\":\"http:\/\/denizcankizil.tr\/wp-content\/uploads\/2024\/10\/siyah-logo-svg.svg\",\"contentUrl\":\"http:\/\/denizcankizil.tr\/wp-content\/uploads\/2024\/10\/siyah-logo-svg.svg\",\"width\":1080,\"height\":1080,\"caption\":\"Av. Deniz Can K\u0131z\u0131l\"},\"image\":{\"@id\":\"https:\/\/denizcankizil.tr\/de\/#\/schema\/logo\/image\/\"}}]}<\/script>\n<!-- \/ Yoast SEO Premium plugin. -->","yoast_head_json":{"title":"Sald\u0131r\u0131 haz\u0131rl\u0131\u011f\u0131nda olan 5 ter\u00f6rist daha etkisizle\u015ftirildi! - Av. Deniz Can K\u0131z\u0131l","robots":{"index":"index","follow":"follow","max-snippet":"max-snippet:-1","max-image-preview":"max-image-preview:large","max-video-preview":"max-video-preview:-1"},"canonical":"https:\/\/denizcankizil.tr\/ru\/haberler\/gundem\/saldiri-hazirliginda-olan-5-terorist-daha-etkisizlestirildi\/","og_locale":"ru_RU","og_type":"article","og_title":"Sald\u0131r\u0131 haz\u0131rl\u0131\u011f\u0131nda olan 5 ter\u00f6rist daha etkisizle\u015ftirildi!","og_description":"Suriye&#8217;nin kuzeyinde sald\u0131r\u0131 haz\u0131rl\u0131\u011f\u0131ndaki 5 PKK\/YPG&#8217;li ter\u00f6rist etkisiz hale getirildi. Bug\u00fcn etkisiz hale getirilen ter\u00f6rist say\u0131s\u0131 16&#8217;ya ula\u015ft\u0131.ANKARA (\u0130GFA) &#8211;\u00a0 Mehmet\u00e7ik, Irak&#8217;\u0131n kuzeyinde de operasyonlar\u0131na aral\u0131ks\u0131z devam ediyor. Milli Savunma Bakanl\u0131\u011f\u0131&#8217;ndan yap\u0131lan a\u00e7\u0131klamada, &#8220;T\u00fcrk Silahl\u0131 Kuvvetlerimiz, ter\u00f6r \u00f6rg\u00fctlerine kar\u015f\u0131 \u00f6nleyici ve yok edici tedbirler almaya devam ediyor. Mehmet\u00e7iklerimiz Suriye&#8217;nin kuzeyinde sald\u0131r\u0131 haz\u0131rl\u0131\u011f\u0131 yapt\u0131\u011f\u0131 belirlenen 5 PKK\/YPG&#8217;li ter\u00f6risti etkisiz h\u00e2le getirdi. Ter\u00f6r\u00fc kayna\u011f\u0131nda yok etmeye azimliyiz, kararl\u0131y\u0131z.&#8221; ifadelerine yer verildi. Hat\u0131rlanaca\u011f\u0131 gibi sabah saatlerinde de Irak&#8217;\u0131n kuzeyinde tespit edilen 11 ter\u00f6ristin daha hava harekat\u0131yla etkisiz hale getirildi\u011fi bildirilmi\u015fti. B\u00f6ylelikle bug\u00fcn etksiz hale getirilen ter\u00f6rist say\u0131s\u0131 16&#8217;ya y\u00fckseldi. \u200bSuriye&#8217;nin kuzeyinde sald\u0131r\u0131 haz\u0131rl\u0131\u011f\u0131ndaki 5 PKK\/YPG&#8217;li ter\u00f6rist etkisiz hale getirildi. Bug\u00fcn etkisiz hale getirilen ter\u00f6rist say\u0131s\u0131 16&#8217;ya ula\u015ft\u0131.ANKARA (\u0130GFA) &#8211;\u00a0 Mehmet\u00e7ik, Irak&#8217;\u0131n kuzeyinde de operasyonlar\u0131na aral\u0131ks\u0131z devam ediyor. Milli Savunma Bakanl\u0131\u011f\u0131&#8217;ndan yap\u0131lan a\u00e7\u0131klamada, &#8220;T\u00fcrk Silahl\u0131 Kuvvetlerimiz, ter\u00f6r \u00f6rg\u00fctlerine kar\u015f\u0131 \u00f6nleyici ve yok edici tedbirler almaya devam ediyor. Mehmet\u00e7iklerimiz Suriye&#8217;nin kuzeyinde sald\u0131r\u0131 haz\u0131rl\u0131\u011f\u0131 yapt\u0131\u011f\u0131 belirlenen 5 PKK\/YPG&#8217;li ter\u00f6risti etkisiz h\u00e2le getirdi. Ter\u00f6r\u00fc kayna\u011f\u0131nda yok etmeye azimliyiz, kararl\u0131y\u0131z.&#8221; ifadelerine yer verildi. Hat\u0131rlanaca\u011f\u0131 gibi sabah saatlerinde de Irak&#8217;\u0131n kuzeyinde tespit edilen 11 ter\u00f6ristin daha hava harekat\u0131yla etkisiz hale getirildi\u011fi bildirilmi\u015fti. B\u00f6ylelikle bug\u00fcn etksiz hale getirilen ter\u00f6rist say\u0131s\u0131 16&#8217;ya y\u00fckseldi.\u00a0 \u200bHaberin Al\u0131nt\u0131land\u0131\u011f\u0131 Kaynak: www.iskenderun.org","og_url":"https:\/\/denizcankizil.tr\/ru\/haberler\/gundem\/saldiri-hazirliginda-olan-5-terorist-daha-etkisizlestirildi\/","og_site_name":"Av. Deniz Can K\u0131z\u0131l","article_published_time":"2024-12-20T14:42:10+00:00","twitter_card":"summary_large_image","twitter_misc":{"\u041f\u0440\u0438\u043c\u0435\u0440\u043d\u043e\u0435 \u0432\u0440\u0435\u043c\u044f \u0434\u043b\u044f \u0447\u0442\u0435\u043d\u0438\u044f":"1 \u043c\u0438\u043d\u0443\u0442\u0430"},"schema":{"@context":"https:\/\/schema.org","@graph":[{"@type":"Article","@id":"https:\/\/denizcankizil.tr\/uk\/haberler\/gundem\/saldiri-hazirliginda-olan-5-terorist-daha-etkisizlestirildi\/#article","isPartOf":{"@id":"https:\/\/denizcankizil.tr\/uk\/haberler\/gundem\/saldiri-hazirliginda-olan-5-terorist-daha-etkisizlestirildi\/"},"author":{"name":"","@id":""},"headline":"Sald\u0131r\u0131 haz\u0131rl\u0131\u011f\u0131nda olan 5 ter\u00f6rist daha etkisizle\u015ftirildi!","datePublished":"2024-12-20T14:42:10+00:00","mainEntityOfPage":{"@id":"https:\/\/denizcankizil.tr\/uk\/haberler\/gundem\/saldiri-hazirliginda-olan-5-terorist-daha-etkisizlestirildi\/"},"wordCount":297,"commentCount":0,"publisher":{"@id":"https:\/\/denizcankizil.tr\/de\/#organization"},"articleSection":["G\u00fcndem","Uncategorized"],"inLanguage":"ru-RU","potentialAction":[{"@type":"CommentAction","name":"Comment","target":["https:\/\/denizcankizil.tr\/uk\/haberler\/gundem\/saldiri-hazirliginda-olan-5-terorist-daha-etkisizlestirildi\/#respond"]}]},{"@type":"WebPage","@id":"https:\/\/denizcankizil.tr\/uk\/haberler\/gundem\/saldiri-hazirliginda-olan-5-terorist-daha-etkisizlestirildi\/","url":"https:\/\/denizcankizil.tr\/uk\/haberler\/gundem\/saldiri-hazirliginda-olan-5-terorist-daha-etkisizlestirildi\/","name":"Sald\u0131r\u0131 haz\u0131rl\u0131\u011f\u0131nda olan 5 ter\u00f6rist daha etkisizle\u015ftirildi! - Av. Deniz Can K\u0131z\u0131l","isPartOf":{"@id":"https:\/\/denizcankizil.tr\/de\/#website"},"datePublished":"2024-12-20T14:42:10+00:00","breadcrumb":{"@id":"https:\/\/denizcankizil.tr\/uk\/haberler\/gundem\/saldiri-hazirliginda-olan-5-terorist-daha-etkisizlestirildi\/#breadcrumb"},"inLanguage":"ru-RU","potentialAction":[{"@type":"ReadAction","target":["https:\/\/denizcankizil.tr\/uk\/haberler\/gundem\/saldiri-hazirliginda-olan-5-terorist-daha-etkisizlestirildi\/"]}]},{"@type":"BreadcrumbList","@id":"https:\/\/denizcankizil.tr\/uk\/haberler\/gundem\/saldiri-hazirliginda-olan-5-terorist-daha-etkisizlestirildi\/#breadcrumb","itemListElement":[{"@type":"ListItem","position":1,"name":"Home","item":"https:\/\/denizcankizil.tr\/de\/"},{"@type":"ListItem","position":2,"name":"Sald\u0131r\u0131 haz\u0131rl\u0131\u011f\u0131nda olan 5 ter\u00f6rist daha etkisizle\u015ftirildi!"}]},{"@type":"WebSite","@id":"https:\/\/denizcankizil.tr\/de\/#website","url":"https:\/\/denizcankizil.tr\/de\/","name":"Av. Deniz Can K\u0131z\u0131l","description":"Avukat Deniz Can K\u0131z\u0131l Antalya Barosu","publisher":{"@id":"https:\/\/denizcankizil.tr\/de\/#organization"},"potentialAction":[{"@type":"SearchAction","target":{"@type":"EntryPoint","urlTemplate":"https:\/\/denizcankizil.tr\/de\/?s={search_term_string}"},"query-input":{"@type":"PropertyValueSpecification","valueRequired":true,"valueName":"search_term_string"}}],"inLanguage":"ru-RU"},{"@type":"Organization","@id":"https:\/\/denizcankizil.tr\/de\/#organization","name":"Av. Deniz Can K\u0131z\u0131l","url":"https:\/\/denizcankizil.tr\/de\/","logo":{"@type":"ImageObject","inLanguage":"ru-RU","@id":"https:\/\/denizcankizil.tr\/de\/#\/schema\/logo\/image\/","url":"http:\/\/denizcankizil.tr\/wp-content\/uploads\/2024\/10\/siyah-logo-svg.svg","contentUrl":"http:\/\/denizcankizil.tr\/wp-content\/uploads\/2024\/10\/siyah-logo-svg.svg","width":1080,"height":1080,"caption":"Av. Deniz Can K\u0131z\u0131l"},"image":{"@id":"https:\/\/denizcankizil.tr\/de\/#\/schema\/logo\/image\/"}}]}},"_links":{"self":[{"href":"http:\/\/denizcankizil.tr\/ru\/wp-json\/wp\/v2\/posts\/21545","targetHints":{"allow":["GET"]}}],"collection":[{"href":"http:\/\/denizcankizil.tr\/ru\/wp-json\/wp\/v2\/posts"}],"about":[{"href":"http:\/\/denizcankizil.tr\/ru\/wp-json\/wp\/v2\/types\/post"}],"replies":[{"embeddable":true,"href":"http:\/\/denizcankizil.tr\/ru\/wp-json\/wp\/v2\/comments?post=21545"}],"version-history":[{"count":0,"href":"http:\/\/denizcankizil.tr\/ru\/wp-json\/wp\/v2\/posts\/21545\/revisions"}],"wp:attachment":[{"href":"http:\/\/denizcankizil.tr\/ru\/wp-json\/wp\/v2\/media?parent=21545"}],"wp:term":[{"taxonomy":"category","embeddable":true,"href":"http:\/\/denizcankizil.tr\/ru\/wp-json\/wp\/v2\/categories?post=21545"},{"taxonomy":"post_tag","embeddable":true,"href":"http:\/\/denizcankizil.tr\/ru\/wp-json\/wp\/v2\/tags?post=21545"}],"curies":[{"name":"wp","href":"https:\/\/api.w.org\/{rel}","templated":true}]}}