{"id":21089,"date":"2024-12-17T11:42:13","date_gmt":"2024-12-17T08:42:13","guid":{"rendered":"https:\/\/denizcankizil.tr\/uncategorized-tr\/hatayda-deas-el-kaide-operasyonu\/"},"modified":"2024-12-17T11:42:13","modified_gmt":"2024-12-17T08:42:13","slug":"hatayda-deas-el-kaide-operasyonu","status":"publish","type":"post","link":"http:\/\/denizcankizil.tr\/ru\/haberler\/gundem\/hatayda-deas-el-kaide-operasyonu\/","title":{"rendered":"Hatay&#8217;da DEA\u015e\/El Kaide Operasyonu&#8230;"},"content":{"rendered":"<p>Haklar\u0131nda ter\u00f6r \u00f6rg\u00fct\u00fc i\u00e7erisinde faaliyet g\u00f6sterdiklerine dair te\u015fhis, ifade ve dijital materyaller bulunan H.E., T.A., S.E. ve M.M. isimli 4 \u015f\u00fcpheli, 2 Aral\u0131k 2024 tarihinde d\u00fczenlenen e\u015f zamanl\u0131 operasyonla ikametlerinde yakalanarak g\u00f6zalt\u0131na al\u0131nd\u0131.<\/p>\n<p>Emniyetteki i\u015flemlerinin ard\u0131ndan adliyeye sevk edilen \u015f\u00fcpheliler, 5 Aral\u0131k 2024 tarihinde \u00e7\u0131kar\u0131ld\u0131klar\u0131 mahkeme taraf\u0131ndan tutuklanarak cezaevine g\u00f6nderildi.<\/p>\n<p>Yetkililer, ter\u00f6rle m\u00fccadele kapsam\u0131nda operasyonlar\u0131n kararl\u0131l\u0131kla devam edece\u011fini bildirdi.<\/p>\n<p>\u200bHatay Emniyet M\u00fcd\u00fcrl\u00fc\u011f\u00fc Ter\u00f6rle M\u00fccadele \u015eube M\u00fcd\u00fcrl\u00fc\u011f\u00fc ekiplerince, ter\u00f6r \u00f6rg\u00fctlerine y\u00f6nelik y\u00fcr\u00fct\u00fclen operasyonlar kapsam\u0131nda \u0130skenderun il\u00e7esinde DEA\u015e\/El Kaide ter\u00f6r \u00f6rg\u00fct\u00fcne y\u00f6nelik bir soru\u015fturma ger\u00e7ekle\u015ftirildi.\u00a0<\/p>\n<p>\u200bHaberin Al\u0131nt\u0131land\u0131\u011f\u0131 Kaynak: www.iskenderun.org<\/p>","protected":false},"excerpt":{"rendered":"<p>Haklar\u0131nda ter\u00f6r \u00f6rg\u00fct\u00fc i\u00e7erisinde faaliyet g\u00f6sterdiklerine dair te\u015fhis, ifade ve dijital materyaller bulunan H.E., T.A., S.E. ve M.M. isimli 4 \u015f\u00fcpheli, 2 Aral\u0131k 2024 tarihinde d\u00fczenlenen e\u015f zamanl\u0131 operasyonla ikametlerinde yakalanarak g\u00f6zalt\u0131na al\u0131nd\u0131. Emniyetteki i\u015flemlerinin ard\u0131ndan adliyeye sevk edilen \u015f\u00fcpheliler, 5 Aral\u0131k 2024 tarihinde \u00e7\u0131kar\u0131ld\u0131klar\u0131 mahkeme taraf\u0131ndan tutuklanarak cezaevine g\u00f6nderildi. Yetkililer, ter\u00f6rle m\u00fccadele kapsam\u0131nda operasyonlar\u0131n kararl\u0131l\u0131kla devam edece\u011fini bildirdi. \u200bHatay Emniyet M\u00fcd\u00fcrl\u00fc\u011f\u00fc Ter\u00f6rle M\u00fccadele \u015eube M\u00fcd\u00fcrl\u00fc\u011f\u00fc ekiplerince, ter\u00f6r \u00f6rg\u00fctlerine y\u00f6nelik y\u00fcr\u00fct\u00fclen operasyonlar kapsam\u0131nda \u0130skenderun il\u00e7esinde DEA\u015e\/El Kaide ter\u00f6r \u00f6rg\u00fct\u00fcne y\u00f6nelik bir soru\u015fturma ger\u00e7ekle\u015ftirildi.\u00a0 \u200bHaberin Al\u0131nt\u0131land\u0131\u011f\u0131 Kaynak: www.iskenderun.org<\/p>","protected":false},"author":0,"featured_media":0,"comment_status":"open","ping_status":"open","sticky":false,"template":"","format":"standard","meta":{"_acf_changed":false,"footnotes":""},"categories":[24,535],"tags":[],"class_list":["post-21089","post","type-post","status-publish","format-standard","has-post-thumbnail","hentry","category-gundem","category-uncategorized-tr"],"acf":[],"yoast_head":"<!-- This site is optimized with the Yoast SEO Premium plugin v26.6 (Yoast SEO v27.1.1) - https:\/\/yoast.com\/product\/yoast-seo-premium-wordpress\/ -->\n<title>Hatay&#039;da DEA\u015e\/El Kaide Operasyonu... - Av. Deniz Can K\u0131z\u0131l<\/title>\n<meta name=\"robots\" content=\"index, follow, max-snippet:-1, max-image-preview:large, max-video-preview:-1\" \/>\n<link rel=\"canonical\" href=\"http:\/\/denizcankizil.tr\/ru\/haberler\/gundem\/hatayda-deas-el-kaide-operasyonu\/\" \/>\n<meta property=\"og:locale\" content=\"ru_RU\" \/>\n<meta property=\"og:type\" content=\"article\" \/>\n<meta property=\"og:title\" content=\"Hatay&#039;da DEA\u015e\/El Kaide Operasyonu...\" \/>\n<meta property=\"og:description\" content=\"Haklar\u0131nda ter\u00f6r \u00f6rg\u00fct\u00fc i\u00e7erisinde faaliyet g\u00f6sterdiklerine dair te\u015fhis, ifade ve dijital materyaller bulunan H.E., T.A., S.E. ve M.M. isimli 4 \u015f\u00fcpheli, 2 Aral\u0131k 2024 tarihinde d\u00fczenlenen e\u015f zamanl\u0131 operasyonla ikametlerinde yakalanarak g\u00f6zalt\u0131na al\u0131nd\u0131. Emniyetteki i\u015flemlerinin ard\u0131ndan adliyeye sevk edilen \u015f\u00fcpheliler, 5 Aral\u0131k 2024 tarihinde \u00e7\u0131kar\u0131ld\u0131klar\u0131 mahkeme taraf\u0131ndan tutuklanarak cezaevine g\u00f6nderildi. Yetkililer, ter\u00f6rle m\u00fccadele kapsam\u0131nda operasyonlar\u0131n kararl\u0131l\u0131kla devam edece\u011fini bildirdi. \u200bHatay Emniyet M\u00fcd\u00fcrl\u00fc\u011f\u00fc Ter\u00f6rle M\u00fccadele \u015eube M\u00fcd\u00fcrl\u00fc\u011f\u00fc ekiplerince, ter\u00f6r \u00f6rg\u00fctlerine y\u00f6nelik y\u00fcr\u00fct\u00fclen operasyonlar kapsam\u0131nda \u0130skenderun il\u00e7esinde DEA\u015e\/El Kaide ter\u00f6r \u00f6rg\u00fct\u00fcne y\u00f6nelik bir soru\u015fturma ger\u00e7ekle\u015ftirildi.\u00a0 \u200bHaberin Al\u0131nt\u0131land\u0131\u011f\u0131 Kaynak: www.iskenderun.org\" \/>\n<meta property=\"og:url\" content=\"http:\/\/denizcankizil.tr\/ru\/haberler\/gundem\/hatayda-deas-el-kaide-operasyonu\/\" \/>\n<meta property=\"og:site_name\" content=\"Av. Deniz Can K\u0131z\u0131l\" \/>\n<meta property=\"article:published_time\" content=\"2024-12-17T08:42:13+00:00\" \/>\n<meta name=\"twitter:card\" content=\"summary_large_image\" \/>\n<meta name=\"twitter:label1\" content=\"\u041f\u0440\u0438\u043c\u0435\u0440\u043d\u043e\u0435 \u0432\u0440\u0435\u043c\u044f \u0434\u043b\u044f \u0447\u0442\u0435\u043d\u0438\u044f\" \/>\n\t<meta name=\"twitter:data1\" content=\"1 \u043c\u0438\u043d\u0443\u0442\u0430\" \/>\n<script type=\"application\/ld+json\" class=\"yoast-schema-graph\">{\"@context\":\"https:\/\/schema.org\",\"@graph\":[{\"@type\":\"Article\",\"@id\":\"http:\/\/denizcankizil.tr\/ru\/haberler\/gundem\/hatayda-deas-el-kaide-operasyonu\/#article\",\"isPartOf\":{\"@id\":\"http:\/\/denizcankizil.tr\/ru\/haberler\/gundem\/hatayda-deas-el-kaide-operasyonu\/\"},\"author\":{\"name\":\"\",\"@id\":\"\"},\"headline\":\"Hatay&#8217;da DEA\u015e\/El Kaide Operasyonu&#8230;\",\"datePublished\":\"2024-12-17T08:42:13+00:00\",\"mainEntityOfPage\":{\"@id\":\"http:\/\/denizcankizil.tr\/ru\/haberler\/gundem\/hatayda-deas-el-kaide-operasyonu\/\"},\"wordCount\":143,\"commentCount\":0,\"publisher\":{\"@id\":\"https:\/\/denizcankizil.tr\/#organization\"},\"articleSection\":[\"G\u00fcndem\",\"Uncategorized\"],\"inLanguage\":\"ru-RU\",\"potentialAction\":[{\"@type\":\"CommentAction\",\"name\":\"Comment\",\"target\":[\"http:\/\/denizcankizil.tr\/ru\/haberler\/gundem\/hatayda-deas-el-kaide-operasyonu\/#respond\"]}]},{\"@type\":\"WebPage\",\"@id\":\"http:\/\/denizcankizil.tr\/ru\/haberler\/gundem\/hatayda-deas-el-kaide-operasyonu\/\",\"url\":\"http:\/\/denizcankizil.tr\/ru\/haberler\/gundem\/hatayda-deas-el-kaide-operasyonu\/\",\"name\":\"Hatay'da DEA\u015e\/El Kaide Operasyonu... - Av. Deniz Can K\u0131z\u0131l\",\"isPartOf\":{\"@id\":\"https:\/\/denizcankizil.tr\/#website\"},\"datePublished\":\"2024-12-17T08:42:13+00:00\",\"breadcrumb\":{\"@id\":\"http:\/\/denizcankizil.tr\/ru\/haberler\/gundem\/hatayda-deas-el-kaide-operasyonu\/#breadcrumb\"},\"inLanguage\":\"ru-RU\",\"potentialAction\":[{\"@type\":\"ReadAction\",\"target\":[\"http:\/\/denizcankizil.tr\/ru\/haberler\/gundem\/hatayda-deas-el-kaide-operasyonu\/\"]}]},{\"@type\":\"BreadcrumbList\",\"@id\":\"http:\/\/denizcankizil.tr\/ru\/haberler\/gundem\/hatayda-deas-el-kaide-operasyonu\/#breadcrumb\",\"itemListElement\":[{\"@type\":\"ListItem\",\"position\":1,\"name\":\"Home\",\"item\":\"https:\/\/denizcankizil.tr\/de\/\"},{\"@type\":\"ListItem\",\"position\":2,\"name\":\"Hatay&#8217;da DEA\u015e\/El Kaide Operasyonu&#8230;\"}]},{\"@type\":\"WebSite\",\"@id\":\"https:\/\/denizcankizil.tr\/#website\",\"url\":\"https:\/\/denizcankizil.tr\/\",\"name\":\"Av. Deniz Can K\u0131z\u0131l\",\"description\":\"Avukat Deniz Can K\u0131z\u0131l Antalya Barosu\",\"publisher\":{\"@id\":\"https:\/\/denizcankizil.tr\/#organization\"},\"potentialAction\":[{\"@type\":\"SearchAction\",\"target\":{\"@type\":\"EntryPoint\",\"urlTemplate\":\"https:\/\/denizcankizil.tr\/?s={search_term_string}\"},\"query-input\":{\"@type\":\"PropertyValueSpecification\",\"valueRequired\":true,\"valueName\":\"search_term_string\"}}],\"inLanguage\":\"ru-RU\"},{\"@type\":\"Organization\",\"@id\":\"https:\/\/denizcankizil.tr\/#organization\",\"name\":\"Av. Deniz Can K\u0131z\u0131l\",\"url\":\"https:\/\/denizcankizil.tr\/\",\"logo\":{\"@type\":\"ImageObject\",\"inLanguage\":\"ru-RU\",\"@id\":\"https:\/\/denizcankizil.tr\/#\/schema\/logo\/image\/\",\"url\":\"http:\/\/denizcankizil.tr\/wp-content\/uploads\/2024\/10\/siyah-logo-svg.svg\",\"contentUrl\":\"http:\/\/denizcankizil.tr\/wp-content\/uploads\/2024\/10\/siyah-logo-svg.svg\",\"width\":1080,\"height\":1080,\"caption\":\"Av. Deniz Can K\u0131z\u0131l\"},\"image\":{\"@id\":\"https:\/\/denizcankizil.tr\/#\/schema\/logo\/image\/\"}}]}<\/script>\n<!-- \/ Yoast SEO Premium plugin. -->","yoast_head_json":{"title":"Hatay'da DEA\u015e\/El Kaide Operasyonu... - Av. Deniz Can K\u0131z\u0131l","robots":{"index":"index","follow":"follow","max-snippet":"max-snippet:-1","max-image-preview":"max-image-preview:large","max-video-preview":"max-video-preview:-1"},"canonical":"http:\/\/denizcankizil.tr\/ru\/haberler\/gundem\/hatayda-deas-el-kaide-operasyonu\/","og_locale":"ru_RU","og_type":"article","og_title":"Hatay'da DEA\u015e\/El Kaide Operasyonu...","og_description":"Haklar\u0131nda ter\u00f6r \u00f6rg\u00fct\u00fc i\u00e7erisinde faaliyet g\u00f6sterdiklerine dair te\u015fhis, ifade ve dijital materyaller bulunan H.E., T.A., S.E. ve M.M. isimli 4 \u015f\u00fcpheli, 2 Aral\u0131k 2024 tarihinde d\u00fczenlenen e\u015f zamanl\u0131 operasyonla ikametlerinde yakalanarak g\u00f6zalt\u0131na al\u0131nd\u0131. Emniyetteki i\u015flemlerinin ard\u0131ndan adliyeye sevk edilen \u015f\u00fcpheliler, 5 Aral\u0131k 2024 tarihinde \u00e7\u0131kar\u0131ld\u0131klar\u0131 mahkeme taraf\u0131ndan tutuklanarak cezaevine g\u00f6nderildi. Yetkililer, ter\u00f6rle m\u00fccadele kapsam\u0131nda operasyonlar\u0131n kararl\u0131l\u0131kla devam edece\u011fini bildirdi. \u200bHatay Emniyet M\u00fcd\u00fcrl\u00fc\u011f\u00fc Ter\u00f6rle M\u00fccadele \u015eube M\u00fcd\u00fcrl\u00fc\u011f\u00fc ekiplerince, ter\u00f6r \u00f6rg\u00fctlerine y\u00f6nelik y\u00fcr\u00fct\u00fclen operasyonlar kapsam\u0131nda \u0130skenderun il\u00e7esinde DEA\u015e\/El Kaide ter\u00f6r \u00f6rg\u00fct\u00fcne y\u00f6nelik bir soru\u015fturma ger\u00e7ekle\u015ftirildi.\u00a0 \u200bHaberin Al\u0131nt\u0131land\u0131\u011f\u0131 Kaynak: www.iskenderun.org","og_url":"http:\/\/denizcankizil.tr\/ru\/haberler\/gundem\/hatayda-deas-el-kaide-operasyonu\/","og_site_name":"Av. Deniz Can K\u0131z\u0131l","article_published_time":"2024-12-17T08:42:13+00:00","twitter_card":"summary_large_image","twitter_misc":{"\u041f\u0440\u0438\u043c\u0435\u0440\u043d\u043e\u0435 \u0432\u0440\u0435\u043c\u044f \u0434\u043b\u044f \u0447\u0442\u0435\u043d\u0438\u044f":"1 \u043c\u0438\u043d\u0443\u0442\u0430"},"schema":{"@context":"https:\/\/schema.org","@graph":[{"@type":"Article","@id":"http:\/\/denizcankizil.tr\/ru\/haberler\/gundem\/hatayda-deas-el-kaide-operasyonu\/#article","isPartOf":{"@id":"http:\/\/denizcankizil.tr\/ru\/haberler\/gundem\/hatayda-deas-el-kaide-operasyonu\/"},"author":{"name":"","@id":""},"headline":"Hatay&#8217;da DEA\u015e\/El Kaide Operasyonu&#8230;","datePublished":"2024-12-17T08:42:13+00:00","mainEntityOfPage":{"@id":"http:\/\/denizcankizil.tr\/ru\/haberler\/gundem\/hatayda-deas-el-kaide-operasyonu\/"},"wordCount":143,"commentCount":0,"publisher":{"@id":"https:\/\/denizcankizil.tr\/#organization"},"articleSection":["G\u00fcndem","Uncategorized"],"inLanguage":"ru-RU","potentialAction":[{"@type":"CommentAction","name":"Comment","target":["http:\/\/denizcankizil.tr\/ru\/haberler\/gundem\/hatayda-deas-el-kaide-operasyonu\/#respond"]}]},{"@type":"WebPage","@id":"http:\/\/denizcankizil.tr\/ru\/haberler\/gundem\/hatayda-deas-el-kaide-operasyonu\/","url":"http:\/\/denizcankizil.tr\/ru\/haberler\/gundem\/hatayda-deas-el-kaide-operasyonu\/","name":"Hatay'da DEA\u015e\/El Kaide Operasyonu... - Av. Deniz Can K\u0131z\u0131l","isPartOf":{"@id":"https:\/\/denizcankizil.tr\/#website"},"datePublished":"2024-12-17T08:42:13+00:00","breadcrumb":{"@id":"http:\/\/denizcankizil.tr\/ru\/haberler\/gundem\/hatayda-deas-el-kaide-operasyonu\/#breadcrumb"},"inLanguage":"ru-RU","potentialAction":[{"@type":"ReadAction","target":["http:\/\/denizcankizil.tr\/ru\/haberler\/gundem\/hatayda-deas-el-kaide-operasyonu\/"]}]},{"@type":"BreadcrumbList","@id":"http:\/\/denizcankizil.tr\/ru\/haberler\/gundem\/hatayda-deas-el-kaide-operasyonu\/#breadcrumb","itemListElement":[{"@type":"ListItem","position":1,"name":"Home","item":"https:\/\/denizcankizil.tr\/de\/"},{"@type":"ListItem","position":2,"name":"Hatay&#8217;da DEA\u015e\/El Kaide Operasyonu&#8230;"}]},{"@type":"WebSite","@id":"https:\/\/denizcankizil.tr\/#website","url":"https:\/\/denizcankizil.tr\/","name":"Av. Deniz Can K\u0131z\u0131l","description":"Avukat Deniz Can K\u0131z\u0131l Antalya Barosu","publisher":{"@id":"https:\/\/denizcankizil.tr\/#organization"},"potentialAction":[{"@type":"SearchAction","target":{"@type":"EntryPoint","urlTemplate":"https:\/\/denizcankizil.tr\/?s={search_term_string}"},"query-input":{"@type":"PropertyValueSpecification","valueRequired":true,"valueName":"search_term_string"}}],"inLanguage":"ru-RU"},{"@type":"Organization","@id":"https:\/\/denizcankizil.tr\/#organization","name":"Av. Deniz Can K\u0131z\u0131l","url":"https:\/\/denizcankizil.tr\/","logo":{"@type":"ImageObject","inLanguage":"ru-RU","@id":"https:\/\/denizcankizil.tr\/#\/schema\/logo\/image\/","url":"http:\/\/denizcankizil.tr\/wp-content\/uploads\/2024\/10\/siyah-logo-svg.svg","contentUrl":"http:\/\/denizcankizil.tr\/wp-content\/uploads\/2024\/10\/siyah-logo-svg.svg","width":1080,"height":1080,"caption":"Av. Deniz Can K\u0131z\u0131l"},"image":{"@id":"https:\/\/denizcankizil.tr\/#\/schema\/logo\/image\/"}}]}},"_links":{"self":[{"href":"http:\/\/denizcankizil.tr\/ru\/wp-json\/wp\/v2\/posts\/21089","targetHints":{"allow":["GET"]}}],"collection":[{"href":"http:\/\/denizcankizil.tr\/ru\/wp-json\/wp\/v2\/posts"}],"about":[{"href":"http:\/\/denizcankizil.tr\/ru\/wp-json\/wp\/v2\/types\/post"}],"replies":[{"embeddable":true,"href":"http:\/\/denizcankizil.tr\/ru\/wp-json\/wp\/v2\/comments?post=21089"}],"version-history":[{"count":0,"href":"http:\/\/denizcankizil.tr\/ru\/wp-json\/wp\/v2\/posts\/21089\/revisions"}],"wp:attachment":[{"href":"http:\/\/denizcankizil.tr\/ru\/wp-json\/wp\/v2\/media?parent=21089"}],"wp:term":[{"taxonomy":"category","embeddable":true,"href":"http:\/\/denizcankizil.tr\/ru\/wp-json\/wp\/v2\/categories?post=21089"},{"taxonomy":"post_tag","embeddable":true,"href":"http:\/\/denizcankizil.tr\/ru\/wp-json\/wp\/v2\/tags?post=21089"}],"curies":[{"name":"wp","href":"https:\/\/api.w.org\/{rel}","templated":true}]}}