{"id":20961,"date":"2024-12-16T14:41:58","date_gmt":"2024-12-16T11:41:58","guid":{"rendered":"https:\/\/denizcankizil.tr\/uncategorized-tr\/hyundaiden-gelecek-nesillere-miras-ioniq-ormani\/"},"modified":"2024-12-16T14:41:58","modified_gmt":"2024-12-16T11:41:58","slug":"hyundaiden-gelecek-nesillere-miras-ioniq-ormani","status":"publish","type":"post","link":"http:\/\/denizcankizil.tr\/ru\/haberler\/gundem\/hyundaiden-gelecek-nesillere-miras-ioniq-ormani\/","title":{"rendered":"Hyundai\u2019den Gelecek Nesillere Miras: IONIQ Orman\u0131."},"content":{"rendered":"<p>IONIQ Orman\u0131, gelecek nesillere daha temiz bir d\u00fcnya b\u0131rak\u0131rken ayn\u0131 zamanda biyo\u00e7e\u015fitlili\u011fe de katk\u0131 sa\u011flayarak ormanlar\u0131n say\u0131s\u0131n\u0131n artmas\u0131na destek olacak.<\/p>\n<p>\u200bIONIQ Orman\u0131, gelecek nesillere daha temiz bir d\u00fcnya b\u0131rak\u0131rken ayn\u0131 zamanda biyo\u00e7e\u015fitlili\u011fe de katk\u0131 sa\u011flayarak ormanlar\u0131n say\u0131s\u0131n\u0131n artmas\u0131na destek olacak.\u00a0<\/p>\n<p>\u200bHaberin Al\u0131nt\u0131land\u0131\u011f\u0131 Kaynak: www.iskenderun.org<\/p>","protected":false},"excerpt":{"rendered":"<p>IONIQ Orman\u0131, gelecek nesillere daha temiz bir d\u00fcnya b\u0131rak\u0131rken ayn\u0131 zamanda biyo\u00e7e\u015fitlili\u011fe de katk\u0131 sa\u011flayarak ormanlar\u0131n say\u0131s\u0131n\u0131n artmas\u0131na destek olacak. \u200bIONIQ Orman\u0131, gelecek nesillere daha temiz bir d\u00fcnya b\u0131rak\u0131rken ayn\u0131 zamanda biyo\u00e7e\u015fitlili\u011fe de katk\u0131 sa\u011flayarak ormanlar\u0131n say\u0131s\u0131n\u0131n artmas\u0131na destek olacak.\u00a0 \u200bHaberin Al\u0131nt\u0131land\u0131\u011f\u0131 Kaynak: www.iskenderun.org<\/p>","protected":false},"author":0,"featured_media":0,"comment_status":"open","ping_status":"open","sticky":false,"template":"","format":"standard","meta":{"_acf_changed":false,"footnotes":""},"categories":[24,535],"tags":[],"class_list":["post-20961","post","type-post","status-publish","format-standard","has-post-thumbnail","hentry","category-gundem","category-uncategorized-tr"],"acf":[],"yoast_head":"<!-- This site is optimized with the Yoast SEO Premium plugin v26.6 (Yoast SEO v27.1.1) - https:\/\/yoast.com\/product\/yoast-seo-premium-wordpress\/ -->\n<title>Hyundai\u2019den Gelecek Nesillere Miras: IONIQ Orman\u0131. - Av. Deniz Can K\u0131z\u0131l<\/title>\n<meta name=\"robots\" content=\"index, follow, max-snippet:-1, max-image-preview:large, max-video-preview:-1\" \/>\n<link rel=\"canonical\" href=\"http:\/\/denizcankizil.tr\/ru\/haberler\/gundem\/hyundaiden-gelecek-nesillere-miras-ioniq-ormani\/\" \/>\n<meta property=\"og:locale\" content=\"ru_RU\" \/>\n<meta property=\"og:type\" content=\"article\" \/>\n<meta property=\"og:title\" content=\"Hyundai\u2019den Gelecek Nesillere Miras: IONIQ Orman\u0131.\" \/>\n<meta property=\"og:description\" content=\"IONIQ Orman\u0131, gelecek nesillere daha temiz bir d\u00fcnya b\u0131rak\u0131rken ayn\u0131 zamanda biyo\u00e7e\u015fitlili\u011fe de katk\u0131 sa\u011flayarak ormanlar\u0131n say\u0131s\u0131n\u0131n artmas\u0131na destek olacak. \u200bIONIQ Orman\u0131, gelecek nesillere daha temiz bir d\u00fcnya b\u0131rak\u0131rken ayn\u0131 zamanda biyo\u00e7e\u015fitlili\u011fe de katk\u0131 sa\u011flayarak ormanlar\u0131n say\u0131s\u0131n\u0131n artmas\u0131na destek olacak.\u00a0 \u200bHaberin Al\u0131nt\u0131land\u0131\u011f\u0131 Kaynak: www.iskenderun.org\" \/>\n<meta property=\"og:url\" content=\"http:\/\/denizcankizil.tr\/ru\/haberler\/gundem\/hyundaiden-gelecek-nesillere-miras-ioniq-ormani\/\" \/>\n<meta property=\"og:site_name\" content=\"Av. Deniz Can K\u0131z\u0131l\" \/>\n<meta property=\"article:published_time\" content=\"2024-12-16T11:41:58+00:00\" \/>\n<meta name=\"twitter:card\" content=\"summary_large_image\" \/>\n<script type=\"application\/ld+json\" class=\"yoast-schema-graph\">{\"@context\":\"https:\/\/schema.org\",\"@graph\":[{\"@type\":\"Article\",\"@id\":\"http:\/\/denizcankizil.tr\/ru\/haberler\/gundem\/hyundaiden-gelecek-nesillere-miras-ioniq-ormani\/#article\",\"isPartOf\":{\"@id\":\"http:\/\/denizcankizil.tr\/ru\/haberler\/gundem\/hyundaiden-gelecek-nesillere-miras-ioniq-ormani\/\"},\"author\":{\"name\":\"\",\"@id\":\"\"},\"headline\":\"Hyundai\u2019den Gelecek Nesillere Miras: IONIQ Orman\u0131.\",\"datePublished\":\"2024-12-16T11:41:58+00:00\",\"mainEntityOfPage\":{\"@id\":\"http:\/\/denizcankizil.tr\/ru\/haberler\/gundem\/hyundaiden-gelecek-nesillere-miras-ioniq-ormani\/\"},\"wordCount\":79,\"commentCount\":0,\"publisher\":{\"@id\":\"https:\/\/denizcankizil.tr\/de\/#organization\"},\"articleSection\":[\"G\u00fcndem\",\"Uncategorized\"],\"inLanguage\":\"ru-RU\",\"potentialAction\":[{\"@type\":\"CommentAction\",\"name\":\"Comment\",\"target\":[\"http:\/\/denizcankizil.tr\/ru\/haberler\/gundem\/hyundaiden-gelecek-nesillere-miras-ioniq-ormani\/#respond\"]}]},{\"@type\":\"WebPage\",\"@id\":\"http:\/\/denizcankizil.tr\/ru\/haberler\/gundem\/hyundaiden-gelecek-nesillere-miras-ioniq-ormani\/\",\"url\":\"http:\/\/denizcankizil.tr\/ru\/haberler\/gundem\/hyundaiden-gelecek-nesillere-miras-ioniq-ormani\/\",\"name\":\"Hyundai\u2019den Gelecek Nesillere Miras: IONIQ Orman\u0131. - Av. Deniz Can K\u0131z\u0131l\",\"isPartOf\":{\"@id\":\"https:\/\/denizcankizil.tr\/de\/#website\"},\"datePublished\":\"2024-12-16T11:41:58+00:00\",\"breadcrumb\":{\"@id\":\"http:\/\/denizcankizil.tr\/ru\/haberler\/gundem\/hyundaiden-gelecek-nesillere-miras-ioniq-ormani\/#breadcrumb\"},\"inLanguage\":\"ru-RU\",\"potentialAction\":[{\"@type\":\"ReadAction\",\"target\":[\"http:\/\/denizcankizil.tr\/ru\/haberler\/gundem\/hyundaiden-gelecek-nesillere-miras-ioniq-ormani\/\"]}]},{\"@type\":\"BreadcrumbList\",\"@id\":\"http:\/\/denizcankizil.tr\/ru\/haberler\/gundem\/hyundaiden-gelecek-nesillere-miras-ioniq-ormani\/#breadcrumb\",\"itemListElement\":[{\"@type\":\"ListItem\",\"position\":1,\"name\":\"Home\",\"item\":\"https:\/\/denizcankizil.tr\/de\/\"},{\"@type\":\"ListItem\",\"position\":2,\"name\":\"Hyundai\u2019den Gelecek Nesillere Miras: IONIQ Orman\u0131.\"}]},{\"@type\":\"WebSite\",\"@id\":\"https:\/\/denizcankizil.tr\/de\/#website\",\"url\":\"https:\/\/denizcankizil.tr\/de\/\",\"name\":\"Av. Deniz Can K\u0131z\u0131l\",\"description\":\"Avukat Deniz Can K\u0131z\u0131l Antalya Barosu\",\"publisher\":{\"@id\":\"https:\/\/denizcankizil.tr\/de\/#organization\"},\"potentialAction\":[{\"@type\":\"SearchAction\",\"target\":{\"@type\":\"EntryPoint\",\"urlTemplate\":\"https:\/\/denizcankizil.tr\/de\/?s={search_term_string}\"},\"query-input\":{\"@type\":\"PropertyValueSpecification\",\"valueRequired\":true,\"valueName\":\"search_term_string\"}}],\"inLanguage\":\"ru-RU\"},{\"@type\":\"Organization\",\"@id\":\"https:\/\/denizcankizil.tr\/de\/#organization\",\"name\":\"Av. Deniz Can K\u0131z\u0131l\",\"url\":\"https:\/\/denizcankizil.tr\/de\/\",\"logo\":{\"@type\":\"ImageObject\",\"inLanguage\":\"ru-RU\",\"@id\":\"https:\/\/denizcankizil.tr\/de\/#\/schema\/logo\/image\/\",\"url\":\"http:\/\/denizcankizil.tr\/wp-content\/uploads\/2024\/10\/siyah-logo-svg.svg\",\"contentUrl\":\"http:\/\/denizcankizil.tr\/wp-content\/uploads\/2024\/10\/siyah-logo-svg.svg\",\"width\":1080,\"height\":1080,\"caption\":\"Av. Deniz Can K\u0131z\u0131l\"},\"image\":{\"@id\":\"https:\/\/denizcankizil.tr\/de\/#\/schema\/logo\/image\/\"}}]}<\/script>\n<!-- \/ Yoast SEO Premium plugin. -->","yoast_head_json":{"title":"Hyundai\u2019den Gelecek Nesillere Miras: IONIQ Orman\u0131. - Av. Deniz Can K\u0131z\u0131l","robots":{"index":"index","follow":"follow","max-snippet":"max-snippet:-1","max-image-preview":"max-image-preview:large","max-video-preview":"max-video-preview:-1"},"canonical":"http:\/\/denizcankizil.tr\/ru\/haberler\/gundem\/hyundaiden-gelecek-nesillere-miras-ioniq-ormani\/","og_locale":"ru_RU","og_type":"article","og_title":"Hyundai\u2019den Gelecek Nesillere Miras: IONIQ Orman\u0131.","og_description":"IONIQ Orman\u0131, gelecek nesillere daha temiz bir d\u00fcnya b\u0131rak\u0131rken ayn\u0131 zamanda biyo\u00e7e\u015fitlili\u011fe de katk\u0131 sa\u011flayarak ormanlar\u0131n say\u0131s\u0131n\u0131n artmas\u0131na destek olacak. \u200bIONIQ Orman\u0131, gelecek nesillere daha temiz bir d\u00fcnya b\u0131rak\u0131rken ayn\u0131 zamanda biyo\u00e7e\u015fitlili\u011fe de katk\u0131 sa\u011flayarak ormanlar\u0131n say\u0131s\u0131n\u0131n artmas\u0131na destek olacak.\u00a0 \u200bHaberin Al\u0131nt\u0131land\u0131\u011f\u0131 Kaynak: www.iskenderun.org","og_url":"http:\/\/denizcankizil.tr\/ru\/haberler\/gundem\/hyundaiden-gelecek-nesillere-miras-ioniq-ormani\/","og_site_name":"Av. Deniz Can K\u0131z\u0131l","article_published_time":"2024-12-16T11:41:58+00:00","twitter_card":"summary_large_image","schema":{"@context":"https:\/\/schema.org","@graph":[{"@type":"Article","@id":"http:\/\/denizcankizil.tr\/ru\/haberler\/gundem\/hyundaiden-gelecek-nesillere-miras-ioniq-ormani\/#article","isPartOf":{"@id":"http:\/\/denizcankizil.tr\/ru\/haberler\/gundem\/hyundaiden-gelecek-nesillere-miras-ioniq-ormani\/"},"author":{"name":"","@id":""},"headline":"Hyundai\u2019den Gelecek Nesillere Miras: IONIQ Orman\u0131.","datePublished":"2024-12-16T11:41:58+00:00","mainEntityOfPage":{"@id":"http:\/\/denizcankizil.tr\/ru\/haberler\/gundem\/hyundaiden-gelecek-nesillere-miras-ioniq-ormani\/"},"wordCount":79,"commentCount":0,"publisher":{"@id":"https:\/\/denizcankizil.tr\/de\/#organization"},"articleSection":["G\u00fcndem","Uncategorized"],"inLanguage":"ru-RU","potentialAction":[{"@type":"CommentAction","name":"Comment","target":["http:\/\/denizcankizil.tr\/ru\/haberler\/gundem\/hyundaiden-gelecek-nesillere-miras-ioniq-ormani\/#respond"]}]},{"@type":"WebPage","@id":"http:\/\/denizcankizil.tr\/ru\/haberler\/gundem\/hyundaiden-gelecek-nesillere-miras-ioniq-ormani\/","url":"http:\/\/denizcankizil.tr\/ru\/haberler\/gundem\/hyundaiden-gelecek-nesillere-miras-ioniq-ormani\/","name":"Hyundai\u2019den Gelecek Nesillere Miras: IONIQ Orman\u0131. - Av. Deniz Can K\u0131z\u0131l","isPartOf":{"@id":"https:\/\/denizcankizil.tr\/de\/#website"},"datePublished":"2024-12-16T11:41:58+00:00","breadcrumb":{"@id":"http:\/\/denizcankizil.tr\/ru\/haberler\/gundem\/hyundaiden-gelecek-nesillere-miras-ioniq-ormani\/#breadcrumb"},"inLanguage":"ru-RU","potentialAction":[{"@type":"ReadAction","target":["http:\/\/denizcankizil.tr\/ru\/haberler\/gundem\/hyundaiden-gelecek-nesillere-miras-ioniq-ormani\/"]}]},{"@type":"BreadcrumbList","@id":"http:\/\/denizcankizil.tr\/ru\/haberler\/gundem\/hyundaiden-gelecek-nesillere-miras-ioniq-ormani\/#breadcrumb","itemListElement":[{"@type":"ListItem","position":1,"name":"Home","item":"https:\/\/denizcankizil.tr\/de\/"},{"@type":"ListItem","position":2,"name":"Hyundai\u2019den Gelecek Nesillere Miras: IONIQ Orman\u0131."}]},{"@type":"WebSite","@id":"https:\/\/denizcankizil.tr\/de\/#website","url":"https:\/\/denizcankizil.tr\/de\/","name":"Av. Deniz Can K\u0131z\u0131l","description":"Avukat Deniz Can K\u0131z\u0131l Antalya Barosu","publisher":{"@id":"https:\/\/denizcankizil.tr\/de\/#organization"},"potentialAction":[{"@type":"SearchAction","target":{"@type":"EntryPoint","urlTemplate":"https:\/\/denizcankizil.tr\/de\/?s={search_term_string}"},"query-input":{"@type":"PropertyValueSpecification","valueRequired":true,"valueName":"search_term_string"}}],"inLanguage":"ru-RU"},{"@type":"Organization","@id":"https:\/\/denizcankizil.tr\/de\/#organization","name":"Av. Deniz Can K\u0131z\u0131l","url":"https:\/\/denizcankizil.tr\/de\/","logo":{"@type":"ImageObject","inLanguage":"ru-RU","@id":"https:\/\/denizcankizil.tr\/de\/#\/schema\/logo\/image\/","url":"http:\/\/denizcankizil.tr\/wp-content\/uploads\/2024\/10\/siyah-logo-svg.svg","contentUrl":"http:\/\/denizcankizil.tr\/wp-content\/uploads\/2024\/10\/siyah-logo-svg.svg","width":1080,"height":1080,"caption":"Av. Deniz Can K\u0131z\u0131l"},"image":{"@id":"https:\/\/denizcankizil.tr\/de\/#\/schema\/logo\/image\/"}}]}},"_links":{"self":[{"href":"http:\/\/denizcankizil.tr\/ru\/wp-json\/wp\/v2\/posts\/20961","targetHints":{"allow":["GET"]}}],"collection":[{"href":"http:\/\/denizcankizil.tr\/ru\/wp-json\/wp\/v2\/posts"}],"about":[{"href":"http:\/\/denizcankizil.tr\/ru\/wp-json\/wp\/v2\/types\/post"}],"replies":[{"embeddable":true,"href":"http:\/\/denizcankizil.tr\/ru\/wp-json\/wp\/v2\/comments?post=20961"}],"version-history":[{"count":0,"href":"http:\/\/denizcankizil.tr\/ru\/wp-json\/wp\/v2\/posts\/20961\/revisions"}],"wp:attachment":[{"href":"http:\/\/denizcankizil.tr\/ru\/wp-json\/wp\/v2\/media?parent=20961"}],"wp:term":[{"taxonomy":"category","embeddable":true,"href":"http:\/\/denizcankizil.tr\/ru\/wp-json\/wp\/v2\/categories?post=20961"},{"taxonomy":"post_tag","embeddable":true,"href":"http:\/\/denizcankizil.tr\/ru\/wp-json\/wp\/v2\/tags?post=20961"}],"curies":[{"name":"wp","href":"https:\/\/api.w.org\/{rel}","templated":true}]}}