{"id":20910,"date":"2024-12-16T09:41:55","date_gmt":"2024-12-16T06:41:55","guid":{"rendered":"https:\/\/denizcankizil.tr\/uncategorized-tr\/kurtulmus-yeni-anayasa-icin-tarih-verdi\/"},"modified":"2024-12-16T09:41:55","modified_gmt":"2024-12-16T06:41:55","slug":"kurtulmus-yeni-anayasa-icin-tarih-verdi","status":"publish","type":"post","link":"http:\/\/denizcankizil.tr\/ru\/haberler\/gundem\/kurtulmus-yeni-anayasa-icin-tarih-verdi\/","title":{"rendered":"Kurtulmu\u015f yeni anayasa i\u00e7in tarih verdi"},"content":{"rendered":"<p>T\u00fcrkiye B\u00fcy\u00fck Millet Meclisi Ba\u015fkan\u0131 Numan Kurtulmu\u015f, \u00f6zel televizyon kanal\u0131nda kat\u0131ld\u0131\u011f\u0131 canl\u0131 yay\u0131nda yeni anayasa \u00e7al\u0131\u015fmas\u0131na ili\u015fkin de\u011ferlendirmelerde bulundu. Kurtulmu\u015f, Ekim&#8217;de ba\u015flamay\u0131 d\u00fc\u015f\u00fcnd\u00fckleri g\u00f6r\u00fc\u015fmelerin b\u00fct\u00e7e g\u00f6r\u00fc\u015fmeleri ard\u0131ndan y\u0131lba\u015f\u0131 sonras\u0131nda yeniden ba\u015flayaca\u011f\u0131n\u0131 s\u00f6yledi.ANKARA (\u0130GFA) &#8211; TBMM Ba\u015fkan\u0131 Numan Kurtulmu\u015f, Kanal 7 canl\u0131 yay\u0131n\u0131nda &#8220;Ba\u015fkent Kulisi&#8221; program\u0131nda g\u00fcndeme ili\u015fkin sorular\u0131 yan\u0131tlad\u0131.<br \/>\nYeni anayasa tart\u0131\u015fmalar\u0131yla ilgili \u00f6zel a\u00e7\u0131klamalarda bulunan Ba\u015fkan Kurtulmu\u015f, siyasi partilerin bu konuda kap\u0131y\u0131 sonuna kadar kapatmad\u0131klar\u0131n\u0131 s\u00f6yledi.<br \/>\nG\u00fc\u00e7l\u00fc bir T\u00fcrkiye olu\u015fturma hedefine sahip olunan bu as\u0131rda parlamentonun \u00fczerine d\u00fc\u015fen sorumluluklardan birisinin de yeni bir anayasay\u0131 yapmak mecburiyeti oldu\u011funu dile getiren Kurtulmu\u015f, \u015funlar\u0131 kaydetti:<br \/>\n\u201cT\u00fcrkiye&#8217;nin \u00f6zg\u00fcrl\u00fck\u00e7\u00fc, kapsay\u0131c\u0131, demokrat, g\u00fc\u00e7ler ayr\u0131m\u0131 prensibini \u015f\u00fcphesiz ortaya koyan, hukukun \u00fcst\u00fcnl\u00fc\u011f\u00fc prensibini peki\u015ftirerek ilerledi\u011fi bir anayasaya ihtiyac\u0131 var. Bu anayasan\u0131n diliyle ilgili, \u00e7ok maddeli olmas\u0131yla ilgili \u00e7ok tart\u0131\u015fma yap\u0131labilir. Ben \u00f6zellikle tart\u0131\u015fmalar\u0131n \u00f6n\u00fcn\u00fc kapamamak i\u00e7in bug\u00fcne kadar anayasan\u0131n muhtevas\u0131yla ilgili bir kelime s\u00f6ylemedim. Sadece nas\u0131l yap\u0131lacak? Bunun do\u011fru zeminde yap\u0131lmas\u0131 laz\u0131m. Bu do\u011fru zemin T\u00fcrkiye B\u00fcy\u00fck Millet Meclisi&#8217;dir. Bu do\u011fru zeminde bu tart\u0131\u015fmalar yap\u0131l\u0131rken, tabii ki toplumun b\u00fct\u00fcn kesimlerinin g\u00f6r\u00fc\u015flerini alaca\u011f\u0131z.&#8221;<\/p>\n<p>&#8220;YILBA\u015eINDAN SONRA BU G\u00d6R\u00dc\u015eMELER\u0130 BA\u015eLATACA\u011eIZ&#8221;<br \/>\nYeni anayasa konusunda iyi niyetli bir \u00e7al\u0131\u015fma ortam\u0131n\u0131n olmas\u0131 temennisini dile getiren Numan Kurtulmu\u015f, \u201cZihnimizden ge\u00e7en Ekim ay\u0131nda ba\u015flatmakt\u0131. Ama \u015fimdi y\u0131l sonu itibar\u0131yla, e\u011fer partilerden olumlu bir yakla\u015f\u0131m olursa, \u00f6n\u00fcm\u00fczdeki 2025&#8217;in yeni yasama y\u0131l\u0131yla birlikte parlamentoda yasala\u015fma s\u00fcrecini ba\u015flatarak bu \u00e7al\u0131\u015fmalar\u0131 s\u00fcrd\u00fcrebiliriz. Bunu \u00e7ok yayg\u0131nla\u015ft\u0131rmadan, \u00e7ok uzun y\u0131llara zaten sirayet etmeyecek bir \u015fekilde iyi planlanm\u0131\u015f, aceleye getirilmeyen ama k\u0131sa bir s\u00fcre i\u00e7erisinde bitirmemiz en do\u011fru yoldur diye d\u00fc\u015f\u00fcn\u00fcyorum&#8221; diye konu\u015ftu.<\/p>\n<p>\u200bT\u00fcrkiye B\u00fcy\u00fck Millet Meclisi Ba\u015fkan\u0131 Numan Kurtulmu\u015f, \u00f6zel televizyon kanal\u0131nda kat\u0131ld\u0131\u011f\u0131 canl\u0131 yay\u0131nda yeni anayasa \u00e7al\u0131\u015fmas\u0131na ili\u015fkin de\u011ferlendirmelerde bulundu. Kurtulmu\u015f, Ekim&#8217;de ba\u015flamay\u0131 d\u00fc\u015f\u00fcnd\u00fckleri g\u00f6r\u00fc\u015fmelerin b\u00fct\u00e7e g\u00f6r\u00fc\u015fmeleri ard\u0131ndan y\u0131lba\u015f\u0131 sonras\u0131nda yeniden ba\u015flayaca\u011f\u0131n\u0131 s\u00f6yledi.ANKARA (\u0130GFA) &#8211; TBMM Ba\u015fkan\u0131 Numan Kurtulmu\u015f, Kanal 7 canl\u0131 yay\u0131n\u0131nda &#8220;Ba\u015fkent Kulisi&#8221; program\u0131nda g\u00fcndeme ili\u015fkin sorular\u0131 yan\u0131tlad\u0131.<br \/>\nYeni anayasa tart\u0131\u015fmalar\u0131yla ilgili \u00f6zel a\u00e7\u0131klamalarda bulunan Ba\u015fkan Kurtulmu\u015f, siyasi partilerin bu konuda kap\u0131y\u0131 sonuna kadar kapatmad\u0131klar\u0131n\u0131 s\u00f6yledi.<br \/>\nG\u00fc\u00e7l\u00fc bir T\u00fcrkiye olu\u015fturma hedefine sahip olunan bu as\u0131rda parlamentonun \u00fczerine d\u00fc\u015fen sorumluluklardan birisinin de yeni bir anayasay\u0131 yapmak mecburiyeti oldu\u011funu dile getiren Kurtulmu\u015f, \u015funlar\u0131 kaydetti:<br \/>\n\u201cT\u00fcrkiye&#8217;nin \u00f6zg\u00fcrl\u00fck\u00e7\u00fc, kapsay\u0131c\u0131, demokrat, g\u00fc\u00e7ler ayr\u0131m\u0131 prensibini \u015f\u00fcphesiz ortaya koyan, hukukun \u00fcst\u00fcnl\u00fc\u011f\u00fc prensibini peki\u015ftirerek ilerledi\u011fi bir anayasaya ihtiyac\u0131 var. Bu anayasan\u0131n diliyle ilgili, \u00e7ok maddeli olmas\u0131yla ilgili \u00e7ok tart\u0131\u015fma yap\u0131labilir. Ben \u00f6zellikle tart\u0131\u015fmalar\u0131n \u00f6n\u00fcn\u00fc kapamamak i\u00e7in bug\u00fcne kadar anayasan\u0131n muhtevas\u0131yla ilgili bir kelime s\u00f6ylemedim. Sadece nas\u0131l yap\u0131lacak? Bunun do\u011fru zeminde yap\u0131lmas\u0131 laz\u0131m. Bu do\u011fru zemin T\u00fcrkiye B\u00fcy\u00fck Millet Meclisi&#8217;dir. Bu do\u011fru zeminde bu tart\u0131\u015fmalar yap\u0131l\u0131rken, tabii ki toplumun b\u00fct\u00fcn kesimlerinin g\u00f6r\u00fc\u015flerini alaca\u011f\u0131z.&#8221;<\/p>\n<p>&#8220;YILBA\u015eINDAN SONRA BU G\u00d6R\u00dc\u015eMELER\u0130 BA\u015eLATACA\u011eIZ&#8221;<br \/>\nYeni anayasa konusunda iyi niyetli bir \u00e7al\u0131\u015fma ortam\u0131n\u0131n olmas\u0131 temennisini dile getiren Numan Kurtulmu\u015f, \u201cZihnimizden ge\u00e7en Ekim ay\u0131nda ba\u015flatmakt\u0131. Ama \u015fimdi y\u0131l sonu itibar\u0131yla, e\u011fer partilerden olumlu bir yakla\u015f\u0131m olursa, \u00f6n\u00fcm\u00fczdeki 2025&#8217;in yeni yasama y\u0131l\u0131yla birlikte parlamentoda yasala\u015fma s\u00fcrecini ba\u015flatarak bu \u00e7al\u0131\u015fmalar\u0131 s\u00fcrd\u00fcrebiliriz. Bunu \u00e7ok yayg\u0131nla\u015ft\u0131rmadan, \u00e7ok uzun y\u0131llara zaten sirayet etmeyecek bir \u015fekilde iyi planlanm\u0131\u015f, aceleye getirilmeyen ama k\u0131sa bir s\u00fcre i\u00e7erisinde bitirmemiz en do\u011fru yoldur diye d\u00fc\u015f\u00fcn\u00fcyorum&#8221; diye konu\u015ftu.\u00a0<\/p>\n<p>\u200bHaberin Al\u0131nt\u0131land\u0131\u011f\u0131 Kaynak: www.iskenderun.org<\/p>","protected":false},"excerpt":{"rendered":"<p>T\u00fcrkiye B\u00fcy\u00fck Millet Meclisi Ba\u015fkan\u0131 Numan Kurtulmu\u015f, \u00f6zel televizyon kanal\u0131nda kat\u0131ld\u0131\u011f\u0131 canl\u0131 yay\u0131nda yeni anayasa \u00e7al\u0131\u015fmas\u0131na ili\u015fkin de\u011ferlendirmelerde bulundu. Kurtulmu\u015f, Ekim&#8217;de ba\u015flamay\u0131 d\u00fc\u015f\u00fcnd\u00fckleri g\u00f6r\u00fc\u015fmelerin b\u00fct\u00e7e g\u00f6r\u00fc\u015fmeleri ard\u0131ndan y\u0131lba\u015f\u0131 sonras\u0131nda yeniden ba\u015flayaca\u011f\u0131n\u0131 s\u00f6yledi.ANKARA (\u0130GFA) &#8211; TBMM Ba\u015fkan\u0131 Numan Kurtulmu\u015f, Kanal 7 canl\u0131 yay\u0131n\u0131nda &#8220;Ba\u015fkent Kulisi&#8221; program\u0131nda g\u00fcndeme ili\u015fkin sorular\u0131 yan\u0131tlad\u0131. Yeni anayasa tart\u0131\u015fmalar\u0131yla ilgili \u00f6zel a\u00e7\u0131klamalarda bulunan Ba\u015fkan Kurtulmu\u015f, siyasi partilerin bu konuda kap\u0131y\u0131 sonuna kadar kapatmad\u0131klar\u0131n\u0131 s\u00f6yledi. G\u00fc\u00e7l\u00fc bir T\u00fcrkiye olu\u015fturma hedefine sahip olunan bu as\u0131rda parlamentonun \u00fczerine d\u00fc\u015fen sorumluluklardan birisinin de yeni bir anayasay\u0131 yapmak mecburiyeti oldu\u011funu dile getiren Kurtulmu\u015f, \u015funlar\u0131 kaydetti: \u201cT\u00fcrkiye&#8217;nin \u00f6zg\u00fcrl\u00fck\u00e7\u00fc, kapsay\u0131c\u0131, demokrat, g\u00fc\u00e7ler ayr\u0131m\u0131 prensibini \u015f\u00fcphesiz ortaya koyan, hukukun \u00fcst\u00fcnl\u00fc\u011f\u00fc prensibini peki\u015ftirerek ilerledi\u011fi bir anayasaya ihtiyac\u0131 var. Bu anayasan\u0131n diliyle ilgili, \u00e7ok maddeli olmas\u0131yla ilgili \u00e7ok tart\u0131\u015fma yap\u0131labilir. Ben \u00f6zellikle tart\u0131\u015fmalar\u0131n \u00f6n\u00fcn\u00fc kapamamak i\u00e7in bug\u00fcne kadar anayasan\u0131n muhtevas\u0131yla ilgili bir kelime s\u00f6ylemedim. Sadece nas\u0131l yap\u0131lacak? Bunun do\u011fru zeminde yap\u0131lmas\u0131 laz\u0131m. Bu do\u011fru zemin T\u00fcrkiye B\u00fcy\u00fck Millet Meclisi&#8217;dir. Bu do\u011fru zeminde bu tart\u0131\u015fmalar yap\u0131l\u0131rken, tabii ki toplumun b\u00fct\u00fcn kesimlerinin g\u00f6r\u00fc\u015flerini alaca\u011f\u0131z.&#8221; &#8220;YILBA\u015eINDAN SONRA BU G\u00d6R\u00dc\u015eMELER\u0130 BA\u015eLATACA\u011eIZ&#8221; Yeni anayasa konusunda iyi niyetli bir \u00e7al\u0131\u015fma ortam\u0131n\u0131n olmas\u0131 temennisini dile getiren Numan Kurtulmu\u015f, \u201cZihnimizden ge\u00e7en Ekim ay\u0131nda ba\u015flatmakt\u0131. Ama \u015fimdi y\u0131l sonu itibar\u0131yla, e\u011fer partilerden olumlu bir yakla\u015f\u0131m olursa, &hellip;<\/p>","protected":false},"author":0,"featured_media":0,"comment_status":"open","ping_status":"open","sticky":false,"template":"","format":"standard","meta":{"_acf_changed":false,"footnotes":""},"categories":[24,535],"tags":[],"class_list":["post-20910","post","type-post","status-publish","format-standard","has-post-thumbnail","hentry","category-gundem","category-uncategorized-tr"],"acf":[],"yoast_head":"<!-- This site is optimized with the Yoast SEO Premium plugin v26.6 (Yoast SEO v27.1.1) - https:\/\/yoast.com\/product\/yoast-seo-premium-wordpress\/ -->\n<title>Kurtulmu\u015f yeni anayasa i\u00e7in tarih verdi - Av. Deniz Can K\u0131z\u0131l<\/title>\n<meta name=\"robots\" content=\"index, follow, max-snippet:-1, max-image-preview:large, max-video-preview:-1\" \/>\n<link rel=\"canonical\" href=\"http:\/\/denizcankizil.tr\/ru\/haberler\/gundem\/kurtulmus-yeni-anayasa-icin-tarih-verdi\/\" \/>\n<meta property=\"og:locale\" content=\"ru_RU\" \/>\n<meta property=\"og:type\" content=\"article\" \/>\n<meta property=\"og:title\" content=\"Kurtulmu\u015f yeni anayasa i\u00e7in tarih verdi\" \/>\n<meta property=\"og:description\" content=\"T\u00fcrkiye B\u00fcy\u00fck Millet Meclisi Ba\u015fkan\u0131 Numan Kurtulmu\u015f, \u00f6zel televizyon kanal\u0131nda kat\u0131ld\u0131\u011f\u0131 canl\u0131 yay\u0131nda yeni anayasa \u00e7al\u0131\u015fmas\u0131na ili\u015fkin de\u011ferlendirmelerde bulundu. Kurtulmu\u015f, Ekim&#8217;de ba\u015flamay\u0131 d\u00fc\u015f\u00fcnd\u00fckleri g\u00f6r\u00fc\u015fmelerin b\u00fct\u00e7e g\u00f6r\u00fc\u015fmeleri ard\u0131ndan y\u0131lba\u015f\u0131 sonras\u0131nda yeniden ba\u015flayaca\u011f\u0131n\u0131 s\u00f6yledi.ANKARA (\u0130GFA) &#8211; TBMM Ba\u015fkan\u0131 Numan Kurtulmu\u015f, Kanal 7 canl\u0131 yay\u0131n\u0131nda &#8220;Ba\u015fkent Kulisi&#8221; program\u0131nda g\u00fcndeme ili\u015fkin sorular\u0131 yan\u0131tlad\u0131. Yeni anayasa tart\u0131\u015fmalar\u0131yla ilgili \u00f6zel a\u00e7\u0131klamalarda bulunan Ba\u015fkan Kurtulmu\u015f, siyasi partilerin bu konuda kap\u0131y\u0131 sonuna kadar kapatmad\u0131klar\u0131n\u0131 s\u00f6yledi. G\u00fc\u00e7l\u00fc bir T\u00fcrkiye olu\u015fturma hedefine sahip olunan bu as\u0131rda parlamentonun \u00fczerine d\u00fc\u015fen sorumluluklardan birisinin de yeni bir anayasay\u0131 yapmak mecburiyeti oldu\u011funu dile getiren Kurtulmu\u015f, \u015funlar\u0131 kaydetti: \u201cT\u00fcrkiye&#8217;nin \u00f6zg\u00fcrl\u00fck\u00e7\u00fc, kapsay\u0131c\u0131, demokrat, g\u00fc\u00e7ler ayr\u0131m\u0131 prensibini \u015f\u00fcphesiz ortaya koyan, hukukun \u00fcst\u00fcnl\u00fc\u011f\u00fc prensibini peki\u015ftirerek ilerledi\u011fi bir anayasaya ihtiyac\u0131 var. Bu anayasan\u0131n diliyle ilgili, \u00e7ok maddeli olmas\u0131yla ilgili \u00e7ok tart\u0131\u015fma yap\u0131labilir. Ben \u00f6zellikle tart\u0131\u015fmalar\u0131n \u00f6n\u00fcn\u00fc kapamamak i\u00e7in bug\u00fcne kadar anayasan\u0131n muhtevas\u0131yla ilgili bir kelime s\u00f6ylemedim. Sadece nas\u0131l yap\u0131lacak? Bunun do\u011fru zeminde yap\u0131lmas\u0131 laz\u0131m. Bu do\u011fru zemin T\u00fcrkiye B\u00fcy\u00fck Millet Meclisi&#8217;dir. Bu do\u011fru zeminde bu tart\u0131\u015fmalar yap\u0131l\u0131rken, tabii ki toplumun b\u00fct\u00fcn kesimlerinin g\u00f6r\u00fc\u015flerini alaca\u011f\u0131z.&#8221; &#8220;YILBA\u015eINDAN SONRA BU G\u00d6R\u00dc\u015eMELER\u0130 BA\u015eLATACA\u011eIZ&#8221; Yeni anayasa konusunda iyi niyetli bir \u00e7al\u0131\u015fma ortam\u0131n\u0131n olmas\u0131 temennisini dile getiren Numan Kurtulmu\u015f, \u201cZihnimizden ge\u00e7en Ekim ay\u0131nda ba\u015flatmakt\u0131. Ama \u015fimdi y\u0131l sonu itibar\u0131yla, e\u011fer partilerden olumlu bir yakla\u015f\u0131m olursa, &hellip;\" \/>\n<meta property=\"og:url\" content=\"http:\/\/denizcankizil.tr\/ru\/haberler\/gundem\/kurtulmus-yeni-anayasa-icin-tarih-verdi\/\" \/>\n<meta property=\"og:site_name\" content=\"Av. Deniz Can K\u0131z\u0131l\" \/>\n<meta property=\"article:published_time\" content=\"2024-12-16T06:41:55+00:00\" \/>\n<meta name=\"twitter:card\" content=\"summary_large_image\" \/>\n<meta name=\"twitter:label1\" content=\"\u041f\u0440\u0438\u043c\u0435\u0440\u043d\u043e\u0435 \u0432\u0440\u0435\u043c\u044f \u0434\u043b\u044f \u0447\u0442\u0435\u043d\u0438\u044f\" \/>\n\t<meta name=\"twitter:data1\" content=\"4 \u043c\u0438\u043d\u0443\u0442\u044b\" \/>\n<script type=\"application\/ld+json\" class=\"yoast-schema-graph\">{\"@context\":\"https:\/\/schema.org\",\"@graph\":[{\"@type\":\"Article\",\"@id\":\"http:\/\/denizcankizil.tr\/ru\/haberler\/gundem\/kurtulmus-yeni-anayasa-icin-tarih-verdi\/#article\",\"isPartOf\":{\"@id\":\"http:\/\/denizcankizil.tr\/ru\/haberler\/gundem\/kurtulmus-yeni-anayasa-icin-tarih-verdi\/\"},\"author\":{\"name\":\"\",\"@id\":\"\"},\"headline\":\"Kurtulmu\u015f yeni anayasa i\u00e7in tarih verdi\",\"datePublished\":\"2024-12-16T06:41:55+00:00\",\"mainEntityOfPage\":{\"@id\":\"http:\/\/denizcankizil.tr\/ru\/haberler\/gundem\/kurtulmus-yeni-anayasa-icin-tarih-verdi\/\"},\"wordCount\":749,\"commentCount\":0,\"publisher\":{\"@id\":\"https:\/\/denizcankizil.tr\/#organization\"},\"articleSection\":[\"G\u00fcndem\",\"Uncategorized\"],\"inLanguage\":\"ru-RU\",\"potentialAction\":[{\"@type\":\"CommentAction\",\"name\":\"Comment\",\"target\":[\"http:\/\/denizcankizil.tr\/ru\/haberler\/gundem\/kurtulmus-yeni-anayasa-icin-tarih-verdi\/#respond\"]}]},{\"@type\":\"WebPage\",\"@id\":\"http:\/\/denizcankizil.tr\/ru\/haberler\/gundem\/kurtulmus-yeni-anayasa-icin-tarih-verdi\/\",\"url\":\"http:\/\/denizcankizil.tr\/ru\/haberler\/gundem\/kurtulmus-yeni-anayasa-icin-tarih-verdi\/\",\"name\":\"Kurtulmu\u015f yeni anayasa i\u00e7in tarih verdi - Av. Deniz Can K\u0131z\u0131l\",\"isPartOf\":{\"@id\":\"https:\/\/denizcankizil.tr\/#website\"},\"datePublished\":\"2024-12-16T06:41:55+00:00\",\"breadcrumb\":{\"@id\":\"http:\/\/denizcankizil.tr\/ru\/haberler\/gundem\/kurtulmus-yeni-anayasa-icin-tarih-verdi\/#breadcrumb\"},\"inLanguage\":\"ru-RU\",\"potentialAction\":[{\"@type\":\"ReadAction\",\"target\":[\"http:\/\/denizcankizil.tr\/ru\/haberler\/gundem\/kurtulmus-yeni-anayasa-icin-tarih-verdi\/\"]}]},{\"@type\":\"BreadcrumbList\",\"@id\":\"http:\/\/denizcankizil.tr\/ru\/haberler\/gundem\/kurtulmus-yeni-anayasa-icin-tarih-verdi\/#breadcrumb\",\"itemListElement\":[{\"@type\":\"ListItem\",\"position\":1,\"name\":\"Home\",\"item\":\"https:\/\/denizcankizil.tr\/de\/\"},{\"@type\":\"ListItem\",\"position\":2,\"name\":\"Kurtulmu\u015f yeni anayasa i\u00e7in tarih verdi\"}]},{\"@type\":\"WebSite\",\"@id\":\"https:\/\/denizcankizil.tr\/#website\",\"url\":\"https:\/\/denizcankizil.tr\/\",\"name\":\"Av. Deniz Can K\u0131z\u0131l\",\"description\":\"Avukat Deniz Can K\u0131z\u0131l Antalya Barosu\",\"publisher\":{\"@id\":\"https:\/\/denizcankizil.tr\/#organization\"},\"potentialAction\":[{\"@type\":\"SearchAction\",\"target\":{\"@type\":\"EntryPoint\",\"urlTemplate\":\"https:\/\/denizcankizil.tr\/?s={search_term_string}\"},\"query-input\":{\"@type\":\"PropertyValueSpecification\",\"valueRequired\":true,\"valueName\":\"search_term_string\"}}],\"inLanguage\":\"ru-RU\"},{\"@type\":\"Organization\",\"@id\":\"https:\/\/denizcankizil.tr\/#organization\",\"name\":\"Av. Deniz Can K\u0131z\u0131l\",\"url\":\"https:\/\/denizcankizil.tr\/\",\"logo\":{\"@type\":\"ImageObject\",\"inLanguage\":\"ru-RU\",\"@id\":\"https:\/\/denizcankizil.tr\/#\/schema\/logo\/image\/\",\"url\":\"http:\/\/denizcankizil.tr\/wp-content\/uploads\/2024\/10\/siyah-logo-svg.svg\",\"contentUrl\":\"http:\/\/denizcankizil.tr\/wp-content\/uploads\/2024\/10\/siyah-logo-svg.svg\",\"width\":1080,\"height\":1080,\"caption\":\"Av. Deniz Can K\u0131z\u0131l\"},\"image\":{\"@id\":\"https:\/\/denizcankizil.tr\/#\/schema\/logo\/image\/\"}}]}<\/script>\n<!-- \/ Yoast SEO Premium plugin. -->","yoast_head_json":{"title":"Kurtulmu\u015f yeni anayasa i\u00e7in tarih verdi - Av. Deniz Can K\u0131z\u0131l","robots":{"index":"index","follow":"follow","max-snippet":"max-snippet:-1","max-image-preview":"max-image-preview:large","max-video-preview":"max-video-preview:-1"},"canonical":"http:\/\/denizcankizil.tr\/ru\/haberler\/gundem\/kurtulmus-yeni-anayasa-icin-tarih-verdi\/","og_locale":"ru_RU","og_type":"article","og_title":"Kurtulmu\u015f yeni anayasa i\u00e7in tarih verdi","og_description":"T\u00fcrkiye B\u00fcy\u00fck Millet Meclisi Ba\u015fkan\u0131 Numan Kurtulmu\u015f, \u00f6zel televizyon kanal\u0131nda kat\u0131ld\u0131\u011f\u0131 canl\u0131 yay\u0131nda yeni anayasa \u00e7al\u0131\u015fmas\u0131na ili\u015fkin de\u011ferlendirmelerde bulundu. Kurtulmu\u015f, Ekim&#8217;de ba\u015flamay\u0131 d\u00fc\u015f\u00fcnd\u00fckleri g\u00f6r\u00fc\u015fmelerin b\u00fct\u00e7e g\u00f6r\u00fc\u015fmeleri ard\u0131ndan y\u0131lba\u015f\u0131 sonras\u0131nda yeniden ba\u015flayaca\u011f\u0131n\u0131 s\u00f6yledi.ANKARA (\u0130GFA) &#8211; TBMM Ba\u015fkan\u0131 Numan Kurtulmu\u015f, Kanal 7 canl\u0131 yay\u0131n\u0131nda &#8220;Ba\u015fkent Kulisi&#8221; program\u0131nda g\u00fcndeme ili\u015fkin sorular\u0131 yan\u0131tlad\u0131. Yeni anayasa tart\u0131\u015fmalar\u0131yla ilgili \u00f6zel a\u00e7\u0131klamalarda bulunan Ba\u015fkan Kurtulmu\u015f, siyasi partilerin bu konuda kap\u0131y\u0131 sonuna kadar kapatmad\u0131klar\u0131n\u0131 s\u00f6yledi. G\u00fc\u00e7l\u00fc bir T\u00fcrkiye olu\u015fturma hedefine sahip olunan bu as\u0131rda parlamentonun \u00fczerine d\u00fc\u015fen sorumluluklardan birisinin de yeni bir anayasay\u0131 yapmak mecburiyeti oldu\u011funu dile getiren Kurtulmu\u015f, \u015funlar\u0131 kaydetti: \u201cT\u00fcrkiye&#8217;nin \u00f6zg\u00fcrl\u00fck\u00e7\u00fc, kapsay\u0131c\u0131, demokrat, g\u00fc\u00e7ler ayr\u0131m\u0131 prensibini \u015f\u00fcphesiz ortaya koyan, hukukun \u00fcst\u00fcnl\u00fc\u011f\u00fc prensibini peki\u015ftirerek ilerledi\u011fi bir anayasaya ihtiyac\u0131 var. Bu anayasan\u0131n diliyle ilgili, \u00e7ok maddeli olmas\u0131yla ilgili \u00e7ok tart\u0131\u015fma yap\u0131labilir. Ben \u00f6zellikle tart\u0131\u015fmalar\u0131n \u00f6n\u00fcn\u00fc kapamamak i\u00e7in bug\u00fcne kadar anayasan\u0131n muhtevas\u0131yla ilgili bir kelime s\u00f6ylemedim. Sadece nas\u0131l yap\u0131lacak? Bunun do\u011fru zeminde yap\u0131lmas\u0131 laz\u0131m. Bu do\u011fru zemin T\u00fcrkiye B\u00fcy\u00fck Millet Meclisi&#8217;dir. Bu do\u011fru zeminde bu tart\u0131\u015fmalar yap\u0131l\u0131rken, tabii ki toplumun b\u00fct\u00fcn kesimlerinin g\u00f6r\u00fc\u015flerini alaca\u011f\u0131z.&#8221; &#8220;YILBA\u015eINDAN SONRA BU G\u00d6R\u00dc\u015eMELER\u0130 BA\u015eLATACA\u011eIZ&#8221; Yeni anayasa konusunda iyi niyetli bir \u00e7al\u0131\u015fma ortam\u0131n\u0131n olmas\u0131 temennisini dile getiren Numan Kurtulmu\u015f, \u201cZihnimizden ge\u00e7en Ekim ay\u0131nda ba\u015flatmakt\u0131. Ama \u015fimdi y\u0131l sonu itibar\u0131yla, e\u011fer partilerden olumlu bir yakla\u015f\u0131m olursa, &hellip;","og_url":"http:\/\/denizcankizil.tr\/ru\/haberler\/gundem\/kurtulmus-yeni-anayasa-icin-tarih-verdi\/","og_site_name":"Av. Deniz Can K\u0131z\u0131l","article_published_time":"2024-12-16T06:41:55+00:00","twitter_card":"summary_large_image","twitter_misc":{"\u041f\u0440\u0438\u043c\u0435\u0440\u043d\u043e\u0435 \u0432\u0440\u0435\u043c\u044f \u0434\u043b\u044f \u0447\u0442\u0435\u043d\u0438\u044f":"4 \u043c\u0438\u043d\u0443\u0442\u044b"},"schema":{"@context":"https:\/\/schema.org","@graph":[{"@type":"Article","@id":"http:\/\/denizcankizil.tr\/ru\/haberler\/gundem\/kurtulmus-yeni-anayasa-icin-tarih-verdi\/#article","isPartOf":{"@id":"http:\/\/denizcankizil.tr\/ru\/haberler\/gundem\/kurtulmus-yeni-anayasa-icin-tarih-verdi\/"},"author":{"name":"","@id":""},"headline":"Kurtulmu\u015f yeni anayasa i\u00e7in tarih verdi","datePublished":"2024-12-16T06:41:55+00:00","mainEntityOfPage":{"@id":"http:\/\/denizcankizil.tr\/ru\/haberler\/gundem\/kurtulmus-yeni-anayasa-icin-tarih-verdi\/"},"wordCount":749,"commentCount":0,"publisher":{"@id":"https:\/\/denizcankizil.tr\/#organization"},"articleSection":["G\u00fcndem","Uncategorized"],"inLanguage":"ru-RU","potentialAction":[{"@type":"CommentAction","name":"Comment","target":["http:\/\/denizcankizil.tr\/ru\/haberler\/gundem\/kurtulmus-yeni-anayasa-icin-tarih-verdi\/#respond"]}]},{"@type":"WebPage","@id":"http:\/\/denizcankizil.tr\/ru\/haberler\/gundem\/kurtulmus-yeni-anayasa-icin-tarih-verdi\/","url":"http:\/\/denizcankizil.tr\/ru\/haberler\/gundem\/kurtulmus-yeni-anayasa-icin-tarih-verdi\/","name":"Kurtulmu\u015f yeni anayasa i\u00e7in tarih verdi - Av. Deniz Can K\u0131z\u0131l","isPartOf":{"@id":"https:\/\/denizcankizil.tr\/#website"},"datePublished":"2024-12-16T06:41:55+00:00","breadcrumb":{"@id":"http:\/\/denizcankizil.tr\/ru\/haberler\/gundem\/kurtulmus-yeni-anayasa-icin-tarih-verdi\/#breadcrumb"},"inLanguage":"ru-RU","potentialAction":[{"@type":"ReadAction","target":["http:\/\/denizcankizil.tr\/ru\/haberler\/gundem\/kurtulmus-yeni-anayasa-icin-tarih-verdi\/"]}]},{"@type":"BreadcrumbList","@id":"http:\/\/denizcankizil.tr\/ru\/haberler\/gundem\/kurtulmus-yeni-anayasa-icin-tarih-verdi\/#breadcrumb","itemListElement":[{"@type":"ListItem","position":1,"name":"Home","item":"https:\/\/denizcankizil.tr\/de\/"},{"@type":"ListItem","position":2,"name":"Kurtulmu\u015f yeni anayasa i\u00e7in tarih verdi"}]},{"@type":"WebSite","@id":"https:\/\/denizcankizil.tr\/#website","url":"https:\/\/denizcankizil.tr\/","name":"Av. Deniz Can K\u0131z\u0131l","description":"Avukat Deniz Can K\u0131z\u0131l Antalya Barosu","publisher":{"@id":"https:\/\/denizcankizil.tr\/#organization"},"potentialAction":[{"@type":"SearchAction","target":{"@type":"EntryPoint","urlTemplate":"https:\/\/denizcankizil.tr\/?s={search_term_string}"},"query-input":{"@type":"PropertyValueSpecification","valueRequired":true,"valueName":"search_term_string"}}],"inLanguage":"ru-RU"},{"@type":"Organization","@id":"https:\/\/denizcankizil.tr\/#organization","name":"Av. Deniz Can K\u0131z\u0131l","url":"https:\/\/denizcankizil.tr\/","logo":{"@type":"ImageObject","inLanguage":"ru-RU","@id":"https:\/\/denizcankizil.tr\/#\/schema\/logo\/image\/","url":"http:\/\/denizcankizil.tr\/wp-content\/uploads\/2024\/10\/siyah-logo-svg.svg","contentUrl":"http:\/\/denizcankizil.tr\/wp-content\/uploads\/2024\/10\/siyah-logo-svg.svg","width":1080,"height":1080,"caption":"Av. Deniz Can K\u0131z\u0131l"},"image":{"@id":"https:\/\/denizcankizil.tr\/#\/schema\/logo\/image\/"}}]}},"_links":{"self":[{"href":"http:\/\/denizcankizil.tr\/ru\/wp-json\/wp\/v2\/posts\/20910","targetHints":{"allow":["GET"]}}],"collection":[{"href":"http:\/\/denizcankizil.tr\/ru\/wp-json\/wp\/v2\/posts"}],"about":[{"href":"http:\/\/denizcankizil.tr\/ru\/wp-json\/wp\/v2\/types\/post"}],"replies":[{"embeddable":true,"href":"http:\/\/denizcankizil.tr\/ru\/wp-json\/wp\/v2\/comments?post=20910"}],"version-history":[{"count":0,"href":"http:\/\/denizcankizil.tr\/ru\/wp-json\/wp\/v2\/posts\/20910\/revisions"}],"wp:attachment":[{"href":"http:\/\/denizcankizil.tr\/ru\/wp-json\/wp\/v2\/media?parent=20910"}],"wp:term":[{"taxonomy":"category","embeddable":true,"href":"http:\/\/denizcankizil.tr\/ru\/wp-json\/wp\/v2\/categories?post=20910"},{"taxonomy":"post_tag","embeddable":true,"href":"http:\/\/denizcankizil.tr\/ru\/wp-json\/wp\/v2\/tags?post=20910"}],"curies":[{"name":"wp","href":"https:\/\/api.w.org\/{rel}","templated":true}]}}