{"id":20397,"date":"2024-12-12T20:41:24","date_gmt":"2024-12-12T17:41:24","guid":{"rendered":"https:\/\/denizcankizil.tr\/uncategorized-tr\/zehirlenme-ayni-aileden-uc-can-aldi\/"},"modified":"2024-12-12T20:41:24","modified_gmt":"2024-12-12T17:41:24","slug":"zehirlenme-ayni-aileden-uc-can-aldi","status":"publish","type":"post","link":"http:\/\/denizcankizil.tr\/ru\/haberler\/gundem\/zehirlenme-ayni-aileden-uc-can-aldi\/","title":{"rendered":"Zehirlenme Ayn\u0131 Aileden \u00dc\u00e7 Can Ald\u0131!"},"content":{"rendered":"<p>Edinilen bilgilere g\u00f6re olay saat 15.00 s\u0131ralar\u0131nda, Cebike Mahallesi TOK\u0130 Yeni Konutlar\u0131 GB11 blok, ikinci katta ya\u015fand\u0131. Aileye yak\u0131nlar\u0131 ula\u015famay\u0131nca dairenin kap\u0131s\u0131 \u00e7ilingir marifetiyle a\u00e7\u0131ld\u0131. \u0130\u00e7eride korkun\u00e7 manzarayla kar\u015f\u0131la\u015f\u0131ld\u0131.<\/p>\n<p>112 Acil \u00e7a\u011fr\u0131 merkezine haber verilmesi \u00fczerine olay yerine gelen sa\u011fl\u0131k ekipleri, be\u015f ki\u015finin ya\u015fad\u0131\u011f\u0131 konutta do\u011falgazdan zehirlenme \u015f\u00fcphesiyle iki ki\u015finin hayat\u0131n\u0131 kaybetti\u011fini belirledi, ilk m\u00fcdahale sonras\u0131nda \u00fc\u00e7 ki\u015fi de \u0130skenderun Acil M\u00fcdahale Hastanesi\u2019ne kald\u0131r\u0131ld\u0131.<\/p>\n<p>Hastanede tedavi alt\u0131na al\u0131nanlardan Yi\u011fit Efe K\u00f6k\u00e7\u00fc (14) ve baba Emrah K\u00f6k\u00e7\u00fc\u2019n\u00fcn (43) durumunun kritik oldu\u011fu belirtildi. Anne Kader K\u00f6k\u00e7\u00fc (35) ve iki \u00e7ocu\u011fu \u0130smail Ege K\u00f6k\u00e7\u00fc (5) ile Elif Bilge K\u00f6k\u00e7\u00fc (12) hayat\u0131n\u0131 kaybetti. Evdeki ve hastanedeki cenazeler Devlet Hastanesi morguna kald\u0131r\u0131ld\u0131.\u00a0\u00a0<\/p>\n<p>Jandarma ekipleri olay yerinde gerekli incelemeler ve tahkikat\u0131n\u0131 s\u00fcrd\u00fcr\u00fcrken, do\u011falgaz ekipleri de konutlardaki gaz ka\u00e7a\u011f\u0131 olup olmad\u0131\u011f\u0131n\u0131 ara\u015ft\u0131rarak \u00f6l\u00e7\u00fcmler yapt\u0131\u011f\u0131 \u00f6\u011frenildi. Olayla ilgili soru\u015fturma s\u00fcr\u00fcyor. \u00a0<\/p>\n<p>\u200bHatay\u2019\u0131n \u0130skenderun il\u00e7esi Cebike Mahallesi TOK\u0130 Konutlar\u0131\u2019nda depremzede ailelerin yerle\u015ftirildi\u011fi konutta do\u011falgaz zehirlenmesi \u015f\u00fcphesiyle ayn\u0131 aileden ikisi \u00e7ocuk \u00fc\u00e7 ki\u015fi hayat\u0131n\u0131 kaybetti, \u0130ki ki\u015finin de hayati tehlikesinin s\u00fcrd\u00fc\u011f\u00fc bildirildi.\u00a0<\/p>\n<p>\u200bHaberin Al\u0131nt\u0131land\u0131\u011f\u0131 Kaynak: www.iskenderun.org<\/p>","protected":false},"excerpt":{"rendered":"<p>Edinilen bilgilere g\u00f6re olay saat 15.00 s\u0131ralar\u0131nda, Cebike Mahallesi TOK\u0130 Yeni Konutlar\u0131 GB11 blok, ikinci katta ya\u015fand\u0131. Aileye yak\u0131nlar\u0131 ula\u015famay\u0131nca dairenin kap\u0131s\u0131 \u00e7ilingir marifetiyle a\u00e7\u0131ld\u0131. \u0130\u00e7eride korkun\u00e7 manzarayla kar\u015f\u0131la\u015f\u0131ld\u0131. 112 Acil \u00e7a\u011fr\u0131 merkezine haber verilmesi \u00fczerine olay yerine gelen sa\u011fl\u0131k ekipleri, be\u015f ki\u015finin ya\u015fad\u0131\u011f\u0131 konutta do\u011falgazdan zehirlenme \u015f\u00fcphesiyle iki ki\u015finin hayat\u0131n\u0131 kaybetti\u011fini belirledi, ilk m\u00fcdahale sonras\u0131nda \u00fc\u00e7 ki\u015fi de \u0130skenderun Acil M\u00fcdahale Hastanesi\u2019ne kald\u0131r\u0131ld\u0131. Hastanede tedavi alt\u0131na al\u0131nanlardan Yi\u011fit Efe K\u00f6k\u00e7\u00fc (14) ve baba Emrah K\u00f6k\u00e7\u00fc\u2019n\u00fcn (43) durumunun kritik oldu\u011fu belirtildi. Anne Kader K\u00f6k\u00e7\u00fc (35) ve iki \u00e7ocu\u011fu \u0130smail Ege K\u00f6k\u00e7\u00fc (5) ile Elif Bilge K\u00f6k\u00e7\u00fc (12) hayat\u0131n\u0131 kaybetti. Evdeki ve hastanedeki cenazeler Devlet Hastanesi morguna kald\u0131r\u0131ld\u0131.\u00a0\u00a0 Jandarma ekipleri olay yerinde gerekli incelemeler ve tahkikat\u0131n\u0131 s\u00fcrd\u00fcr\u00fcrken, do\u011falgaz ekipleri de konutlardaki gaz ka\u00e7a\u011f\u0131 olup olmad\u0131\u011f\u0131n\u0131 ara\u015ft\u0131rarak \u00f6l\u00e7\u00fcmler yapt\u0131\u011f\u0131 \u00f6\u011frenildi. Olayla ilgili soru\u015fturma s\u00fcr\u00fcyor. \u00a0 \u200bHatay\u2019\u0131n \u0130skenderun il\u00e7esi Cebike Mahallesi TOK\u0130 Konutlar\u0131\u2019nda depremzede ailelerin yerle\u015ftirildi\u011fi konutta do\u011falgaz zehirlenmesi \u015f\u00fcphesiyle ayn\u0131 aileden ikisi \u00e7ocuk \u00fc\u00e7 ki\u015fi hayat\u0131n\u0131 kaybetti, \u0130ki ki\u015finin de hayati tehlikesinin s\u00fcrd\u00fc\u011f\u00fc bildirildi.\u00a0 \u200bHaberin Al\u0131nt\u0131land\u0131\u011f\u0131 Kaynak: www.iskenderun.org<\/p>","protected":false},"author":0,"featured_media":0,"comment_status":"open","ping_status":"open","sticky":false,"template":"","format":"standard","meta":{"_acf_changed":false,"footnotes":""},"categories":[24,535],"tags":[],"class_list":["post-20397","post","type-post","status-publish","format-standard","has-post-thumbnail","hentry","category-gundem","category-uncategorized-tr"],"acf":[],"yoast_head":"<!-- This site is optimized with the Yoast SEO Premium plugin v26.6 (Yoast SEO v27.1.1) - https:\/\/yoast.com\/product\/yoast-seo-premium-wordpress\/ -->\n<title>Zehirlenme Ayn\u0131 Aileden \u00dc\u00e7 Can Ald\u0131! - Av. Deniz Can K\u0131z\u0131l<\/title>\n<meta name=\"robots\" content=\"index, follow, max-snippet:-1, max-image-preview:large, max-video-preview:-1\" \/>\n<link rel=\"canonical\" href=\"https:\/\/denizcankizil.tr\/ru\/haberler\/gundem\/zehirlenme-ayni-aileden-uc-can-aldi\/\" \/>\n<meta property=\"og:locale\" content=\"ru_RU\" \/>\n<meta property=\"og:type\" content=\"article\" \/>\n<meta property=\"og:title\" content=\"Zehirlenme Ayn\u0131 Aileden \u00dc\u00e7 Can Ald\u0131!\" \/>\n<meta property=\"og:description\" content=\"Edinilen bilgilere g\u00f6re olay saat 15.00 s\u0131ralar\u0131nda, Cebike Mahallesi TOK\u0130 Yeni Konutlar\u0131 GB11 blok, ikinci katta ya\u015fand\u0131. Aileye yak\u0131nlar\u0131 ula\u015famay\u0131nca dairenin kap\u0131s\u0131 \u00e7ilingir marifetiyle a\u00e7\u0131ld\u0131. \u0130\u00e7eride korkun\u00e7 manzarayla kar\u015f\u0131la\u015f\u0131ld\u0131. 112 Acil \u00e7a\u011fr\u0131 merkezine haber verilmesi \u00fczerine olay yerine gelen sa\u011fl\u0131k ekipleri, be\u015f ki\u015finin ya\u015fad\u0131\u011f\u0131 konutta do\u011falgazdan zehirlenme \u015f\u00fcphesiyle iki ki\u015finin hayat\u0131n\u0131 kaybetti\u011fini belirledi, ilk m\u00fcdahale sonras\u0131nda \u00fc\u00e7 ki\u015fi de \u0130skenderun Acil M\u00fcdahale Hastanesi\u2019ne kald\u0131r\u0131ld\u0131. Hastanede tedavi alt\u0131na al\u0131nanlardan Yi\u011fit Efe K\u00f6k\u00e7\u00fc (14) ve baba Emrah K\u00f6k\u00e7\u00fc\u2019n\u00fcn (43) durumunun kritik oldu\u011fu belirtildi. Anne Kader K\u00f6k\u00e7\u00fc (35) ve iki \u00e7ocu\u011fu \u0130smail Ege K\u00f6k\u00e7\u00fc (5) ile Elif Bilge K\u00f6k\u00e7\u00fc (12) hayat\u0131n\u0131 kaybetti. Evdeki ve hastanedeki cenazeler Devlet Hastanesi morguna kald\u0131r\u0131ld\u0131.\u00a0\u00a0 Jandarma ekipleri olay yerinde gerekli incelemeler ve tahkikat\u0131n\u0131 s\u00fcrd\u00fcr\u00fcrken, do\u011falgaz ekipleri de konutlardaki gaz ka\u00e7a\u011f\u0131 olup olmad\u0131\u011f\u0131n\u0131 ara\u015ft\u0131rarak \u00f6l\u00e7\u00fcmler yapt\u0131\u011f\u0131 \u00f6\u011frenildi. Olayla ilgili soru\u015fturma s\u00fcr\u00fcyor. \u00a0 \u200bHatay\u2019\u0131n \u0130skenderun il\u00e7esi Cebike Mahallesi TOK\u0130 Konutlar\u0131\u2019nda depremzede ailelerin yerle\u015ftirildi\u011fi konutta do\u011falgaz zehirlenmesi \u015f\u00fcphesiyle ayn\u0131 aileden ikisi \u00e7ocuk \u00fc\u00e7 ki\u015fi hayat\u0131n\u0131 kaybetti, \u0130ki ki\u015finin de hayati tehlikesinin s\u00fcrd\u00fc\u011f\u00fc bildirildi.\u00a0 \u200bHaberin Al\u0131nt\u0131land\u0131\u011f\u0131 Kaynak: www.iskenderun.org\" \/>\n<meta property=\"og:url\" content=\"https:\/\/denizcankizil.tr\/ru\/haberler\/gundem\/zehirlenme-ayni-aileden-uc-can-aldi\/\" \/>\n<meta property=\"og:site_name\" content=\"Av. Deniz Can K\u0131z\u0131l\" \/>\n<meta property=\"article:published_time\" content=\"2024-12-12T17:41:24+00:00\" \/>\n<meta name=\"twitter:card\" content=\"summary_large_image\" \/>\n<meta name=\"twitter:label1\" content=\"\u041f\u0440\u0438\u043c\u0435\u0440\u043d\u043e\u0435 \u0432\u0440\u0435\u043c\u044f \u0434\u043b\u044f \u0447\u0442\u0435\u043d\u0438\u044f\" \/>\n\t<meta name=\"twitter:data1\" content=\"1 \u043c\u0438\u043d\u0443\u0442\u0430\" \/>\n<script type=\"application\/ld+json\" class=\"yoast-schema-graph\">{\"@context\":\"https:\/\/schema.org\",\"@graph\":[{\"@type\":\"Article\",\"@id\":\"https:\/\/denizcankizil.tr\/uk\/haberler\/gundem\/zehirlenme-ayni-aileden-uc-can-aldi\/#article\",\"isPartOf\":{\"@id\":\"https:\/\/denizcankizil.tr\/uk\/haberler\/gundem\/zehirlenme-ayni-aileden-uc-can-aldi\/\"},\"author\":{\"name\":\"\",\"@id\":\"\"},\"headline\":\"Zehirlenme Ayn\u0131 Aileden \u00dc\u00e7 Can Ald\u0131!\",\"datePublished\":\"2024-12-12T17:41:24+00:00\",\"mainEntityOfPage\":{\"@id\":\"https:\/\/denizcankizil.tr\/uk\/haberler\/gundem\/zehirlenme-ayni-aileden-uc-can-aldi\/\"},\"wordCount\":230,\"commentCount\":0,\"publisher\":{\"@id\":\"https:\/\/denizcankizil.tr\/de\/#organization\"},\"articleSection\":[\"G\u00fcndem\",\"Uncategorized\"],\"inLanguage\":\"ru-RU\",\"potentialAction\":[{\"@type\":\"CommentAction\",\"name\":\"Comment\",\"target\":[\"https:\/\/denizcankizil.tr\/uk\/haberler\/gundem\/zehirlenme-ayni-aileden-uc-can-aldi\/#respond\"]}]},{\"@type\":\"WebPage\",\"@id\":\"https:\/\/denizcankizil.tr\/uk\/haberler\/gundem\/zehirlenme-ayni-aileden-uc-can-aldi\/\",\"url\":\"https:\/\/denizcankizil.tr\/uk\/haberler\/gundem\/zehirlenme-ayni-aileden-uc-can-aldi\/\",\"name\":\"Zehirlenme Ayn\u0131 Aileden \u00dc\u00e7 Can Ald\u0131! - Av. Deniz Can K\u0131z\u0131l\",\"isPartOf\":{\"@id\":\"https:\/\/denizcankizil.tr\/de\/#website\"},\"datePublished\":\"2024-12-12T17:41:24+00:00\",\"breadcrumb\":{\"@id\":\"https:\/\/denizcankizil.tr\/uk\/haberler\/gundem\/zehirlenme-ayni-aileden-uc-can-aldi\/#breadcrumb\"},\"inLanguage\":\"ru-RU\",\"potentialAction\":[{\"@type\":\"ReadAction\",\"target\":[\"https:\/\/denizcankizil.tr\/uk\/haberler\/gundem\/zehirlenme-ayni-aileden-uc-can-aldi\/\"]}]},{\"@type\":\"BreadcrumbList\",\"@id\":\"https:\/\/denizcankizil.tr\/uk\/haberler\/gundem\/zehirlenme-ayni-aileden-uc-can-aldi\/#breadcrumb\",\"itemListElement\":[{\"@type\":\"ListItem\",\"position\":1,\"name\":\"Home\",\"item\":\"https:\/\/denizcankizil.tr\/de\/\"},{\"@type\":\"ListItem\",\"position\":2,\"name\":\"Zehirlenme Ayn\u0131 Aileden \u00dc\u00e7 Can Ald\u0131!\"}]},{\"@type\":\"WebSite\",\"@id\":\"https:\/\/denizcankizil.tr\/de\/#website\",\"url\":\"https:\/\/denizcankizil.tr\/de\/\",\"name\":\"Av. Deniz Can K\u0131z\u0131l\",\"description\":\"Avukat Deniz Can K\u0131z\u0131l Antalya Barosu\",\"publisher\":{\"@id\":\"https:\/\/denizcankizil.tr\/de\/#organization\"},\"potentialAction\":[{\"@type\":\"SearchAction\",\"target\":{\"@type\":\"EntryPoint\",\"urlTemplate\":\"https:\/\/denizcankizil.tr\/de\/?s={search_term_string}\"},\"query-input\":{\"@type\":\"PropertyValueSpecification\",\"valueRequired\":true,\"valueName\":\"search_term_string\"}}],\"inLanguage\":\"ru-RU\"},{\"@type\":\"Organization\",\"@id\":\"https:\/\/denizcankizil.tr\/de\/#organization\",\"name\":\"Av. Deniz Can K\u0131z\u0131l\",\"url\":\"https:\/\/denizcankizil.tr\/de\/\",\"logo\":{\"@type\":\"ImageObject\",\"inLanguage\":\"ru-RU\",\"@id\":\"https:\/\/denizcankizil.tr\/de\/#\/schema\/logo\/image\/\",\"url\":\"http:\/\/denizcankizil.tr\/wp-content\/uploads\/2024\/10\/siyah-logo-svg.svg\",\"contentUrl\":\"http:\/\/denizcankizil.tr\/wp-content\/uploads\/2024\/10\/siyah-logo-svg.svg\",\"width\":1080,\"height\":1080,\"caption\":\"Av. Deniz Can K\u0131z\u0131l\"},\"image\":{\"@id\":\"https:\/\/denizcankizil.tr\/de\/#\/schema\/logo\/image\/\"}}]}<\/script>\n<!-- \/ Yoast SEO Premium plugin. -->","yoast_head_json":{"title":"Zehirlenme Ayn\u0131 Aileden \u00dc\u00e7 Can Ald\u0131! - Av. Deniz Can K\u0131z\u0131l","robots":{"index":"index","follow":"follow","max-snippet":"max-snippet:-1","max-image-preview":"max-image-preview:large","max-video-preview":"max-video-preview:-1"},"canonical":"https:\/\/denizcankizil.tr\/ru\/haberler\/gundem\/zehirlenme-ayni-aileden-uc-can-aldi\/","og_locale":"ru_RU","og_type":"article","og_title":"Zehirlenme Ayn\u0131 Aileden \u00dc\u00e7 Can Ald\u0131!","og_description":"Edinilen bilgilere g\u00f6re olay saat 15.00 s\u0131ralar\u0131nda, Cebike Mahallesi TOK\u0130 Yeni Konutlar\u0131 GB11 blok, ikinci katta ya\u015fand\u0131. Aileye yak\u0131nlar\u0131 ula\u015famay\u0131nca dairenin kap\u0131s\u0131 \u00e7ilingir marifetiyle a\u00e7\u0131ld\u0131. \u0130\u00e7eride korkun\u00e7 manzarayla kar\u015f\u0131la\u015f\u0131ld\u0131. 112 Acil \u00e7a\u011fr\u0131 merkezine haber verilmesi \u00fczerine olay yerine gelen sa\u011fl\u0131k ekipleri, be\u015f ki\u015finin ya\u015fad\u0131\u011f\u0131 konutta do\u011falgazdan zehirlenme \u015f\u00fcphesiyle iki ki\u015finin hayat\u0131n\u0131 kaybetti\u011fini belirledi, ilk m\u00fcdahale sonras\u0131nda \u00fc\u00e7 ki\u015fi de \u0130skenderun Acil M\u00fcdahale Hastanesi\u2019ne kald\u0131r\u0131ld\u0131. Hastanede tedavi alt\u0131na al\u0131nanlardan Yi\u011fit Efe K\u00f6k\u00e7\u00fc (14) ve baba Emrah K\u00f6k\u00e7\u00fc\u2019n\u00fcn (43) durumunun kritik oldu\u011fu belirtildi. Anne Kader K\u00f6k\u00e7\u00fc (35) ve iki \u00e7ocu\u011fu \u0130smail Ege K\u00f6k\u00e7\u00fc (5) ile Elif Bilge K\u00f6k\u00e7\u00fc (12) hayat\u0131n\u0131 kaybetti. Evdeki ve hastanedeki cenazeler Devlet Hastanesi morguna kald\u0131r\u0131ld\u0131.\u00a0\u00a0 Jandarma ekipleri olay yerinde gerekli incelemeler ve tahkikat\u0131n\u0131 s\u00fcrd\u00fcr\u00fcrken, do\u011falgaz ekipleri de konutlardaki gaz ka\u00e7a\u011f\u0131 olup olmad\u0131\u011f\u0131n\u0131 ara\u015ft\u0131rarak \u00f6l\u00e7\u00fcmler yapt\u0131\u011f\u0131 \u00f6\u011frenildi. Olayla ilgili soru\u015fturma s\u00fcr\u00fcyor. \u00a0 \u200bHatay\u2019\u0131n \u0130skenderun il\u00e7esi Cebike Mahallesi TOK\u0130 Konutlar\u0131\u2019nda depremzede ailelerin yerle\u015ftirildi\u011fi konutta do\u011falgaz zehirlenmesi \u015f\u00fcphesiyle ayn\u0131 aileden ikisi \u00e7ocuk \u00fc\u00e7 ki\u015fi hayat\u0131n\u0131 kaybetti, \u0130ki ki\u015finin de hayati tehlikesinin s\u00fcrd\u00fc\u011f\u00fc bildirildi.\u00a0 \u200bHaberin Al\u0131nt\u0131land\u0131\u011f\u0131 Kaynak: www.iskenderun.org","og_url":"https:\/\/denizcankizil.tr\/ru\/haberler\/gundem\/zehirlenme-ayni-aileden-uc-can-aldi\/","og_site_name":"Av. Deniz Can K\u0131z\u0131l","article_published_time":"2024-12-12T17:41:24+00:00","twitter_card":"summary_large_image","twitter_misc":{"\u041f\u0440\u0438\u043c\u0435\u0440\u043d\u043e\u0435 \u0432\u0440\u0435\u043c\u044f \u0434\u043b\u044f \u0447\u0442\u0435\u043d\u0438\u044f":"1 \u043c\u0438\u043d\u0443\u0442\u0430"},"schema":{"@context":"https:\/\/schema.org","@graph":[{"@type":"Article","@id":"https:\/\/denizcankizil.tr\/uk\/haberler\/gundem\/zehirlenme-ayni-aileden-uc-can-aldi\/#article","isPartOf":{"@id":"https:\/\/denizcankizil.tr\/uk\/haberler\/gundem\/zehirlenme-ayni-aileden-uc-can-aldi\/"},"author":{"name":"","@id":""},"headline":"Zehirlenme Ayn\u0131 Aileden \u00dc\u00e7 Can Ald\u0131!","datePublished":"2024-12-12T17:41:24+00:00","mainEntityOfPage":{"@id":"https:\/\/denizcankizil.tr\/uk\/haberler\/gundem\/zehirlenme-ayni-aileden-uc-can-aldi\/"},"wordCount":230,"commentCount":0,"publisher":{"@id":"https:\/\/denizcankizil.tr\/de\/#organization"},"articleSection":["G\u00fcndem","Uncategorized"],"inLanguage":"ru-RU","potentialAction":[{"@type":"CommentAction","name":"Comment","target":["https:\/\/denizcankizil.tr\/uk\/haberler\/gundem\/zehirlenme-ayni-aileden-uc-can-aldi\/#respond"]}]},{"@type":"WebPage","@id":"https:\/\/denizcankizil.tr\/uk\/haberler\/gundem\/zehirlenme-ayni-aileden-uc-can-aldi\/","url":"https:\/\/denizcankizil.tr\/uk\/haberler\/gundem\/zehirlenme-ayni-aileden-uc-can-aldi\/","name":"Zehirlenme Ayn\u0131 Aileden \u00dc\u00e7 Can Ald\u0131! - Av. Deniz Can K\u0131z\u0131l","isPartOf":{"@id":"https:\/\/denizcankizil.tr\/de\/#website"},"datePublished":"2024-12-12T17:41:24+00:00","breadcrumb":{"@id":"https:\/\/denizcankizil.tr\/uk\/haberler\/gundem\/zehirlenme-ayni-aileden-uc-can-aldi\/#breadcrumb"},"inLanguage":"ru-RU","potentialAction":[{"@type":"ReadAction","target":["https:\/\/denizcankizil.tr\/uk\/haberler\/gundem\/zehirlenme-ayni-aileden-uc-can-aldi\/"]}]},{"@type":"BreadcrumbList","@id":"https:\/\/denizcankizil.tr\/uk\/haberler\/gundem\/zehirlenme-ayni-aileden-uc-can-aldi\/#breadcrumb","itemListElement":[{"@type":"ListItem","position":1,"name":"Home","item":"https:\/\/denizcankizil.tr\/de\/"},{"@type":"ListItem","position":2,"name":"Zehirlenme Ayn\u0131 Aileden \u00dc\u00e7 Can Ald\u0131!"}]},{"@type":"WebSite","@id":"https:\/\/denizcankizil.tr\/de\/#website","url":"https:\/\/denizcankizil.tr\/de\/","name":"Av. Deniz Can K\u0131z\u0131l","description":"Avukat Deniz Can K\u0131z\u0131l Antalya Barosu","publisher":{"@id":"https:\/\/denizcankizil.tr\/de\/#organization"},"potentialAction":[{"@type":"SearchAction","target":{"@type":"EntryPoint","urlTemplate":"https:\/\/denizcankizil.tr\/de\/?s={search_term_string}"},"query-input":{"@type":"PropertyValueSpecification","valueRequired":true,"valueName":"search_term_string"}}],"inLanguage":"ru-RU"},{"@type":"Organization","@id":"https:\/\/denizcankizil.tr\/de\/#organization","name":"Av. Deniz Can K\u0131z\u0131l","url":"https:\/\/denizcankizil.tr\/de\/","logo":{"@type":"ImageObject","inLanguage":"ru-RU","@id":"https:\/\/denizcankizil.tr\/de\/#\/schema\/logo\/image\/","url":"http:\/\/denizcankizil.tr\/wp-content\/uploads\/2024\/10\/siyah-logo-svg.svg","contentUrl":"http:\/\/denizcankizil.tr\/wp-content\/uploads\/2024\/10\/siyah-logo-svg.svg","width":1080,"height":1080,"caption":"Av. Deniz Can K\u0131z\u0131l"},"image":{"@id":"https:\/\/denizcankizil.tr\/de\/#\/schema\/logo\/image\/"}}]}},"_links":{"self":[{"href":"http:\/\/denizcankizil.tr\/ru\/wp-json\/wp\/v2\/posts\/20397","targetHints":{"allow":["GET"]}}],"collection":[{"href":"http:\/\/denizcankizil.tr\/ru\/wp-json\/wp\/v2\/posts"}],"about":[{"href":"http:\/\/denizcankizil.tr\/ru\/wp-json\/wp\/v2\/types\/post"}],"replies":[{"embeddable":true,"href":"http:\/\/denizcankizil.tr\/ru\/wp-json\/wp\/v2\/comments?post=20397"}],"version-history":[{"count":0,"href":"http:\/\/denizcankizil.tr\/ru\/wp-json\/wp\/v2\/posts\/20397\/revisions"}],"wp:attachment":[{"href":"http:\/\/denizcankizil.tr\/ru\/wp-json\/wp\/v2\/media?parent=20397"}],"wp:term":[{"taxonomy":"category","embeddable":true,"href":"http:\/\/denizcankizil.tr\/ru\/wp-json\/wp\/v2\/categories?post=20397"},{"taxonomy":"post_tag","embeddable":true,"href":"http:\/\/denizcankizil.tr\/ru\/wp-json\/wp\/v2\/tags?post=20397"}],"curies":[{"name":"wp","href":"https:\/\/api.w.org\/{rel}","templated":true}]}}