{"id":20307,"date":"2024-12-12T10:41:29","date_gmt":"2024-12-12T07:41:29","guid":{"rendered":"https:\/\/denizcankizil.tr\/uncategorized-tr\/butun-mahallenin-elektrigini-kesti\/"},"modified":"2024-12-12T10:41:29","modified_gmt":"2024-12-12T07:41:29","slug":"butun-mahallenin-elektrigini-kesti","status":"publish","type":"post","link":"http:\/\/denizcankizil.tr\/ru\/haberler\/antalya\/butun-mahallenin-elektrigini-kesti\/","title":{"rendered":"B\u00fct\u00fcn mahallenin elektri\u011fini kesti"},"content":{"rendered":"<p>Olay, saat 15.00 s\u0131ralar\u0131nda Antalya&#8217;n\u0131n Muratpa\u015fa il\u00e7esi Cumhuriyet Mahallesi 642 Sokak \u00fczerinde meydana geldi. Edinilen bilgiye g\u00f6re, sokak \u00fczerinde bulunan bir apartman sakini bah\u00e7ede bulunan ve elektrik tellerine temas eden a\u011fac\u0131n dallar\u0131n\u0131 kesmeye ba\u015flad\u0131. \u0130smi \u00f6\u011frenilemeyen apartman sakini a\u011faca budama yapt\u0131\u011f\u0131 s\u0131rada dallar tellere temas ederek k\u0131sa devreye ve tellerin kopmas\u0131na neden oldu. Tellerin kopmas\u0131 ile birlikte b\u00fct\u00fcn mahallenin elektrikleri kesildi ve elektronik cihazlar\u0131n yanmas\u0131na neden oldu. Olay nedeniyle sokak \u00fczerinde bulunan bir apartman dairesinde mutfak k\u0131sm\u0131nda k\u00fc\u00e7\u00fck \u00e7apl\u0131 yang\u0131n \u00e7\u0131kt\u0131. \u0130hbarla olay yerine itfaiye ekipleri sevk edilirken vatanda\u015flar\u0131nda m\u00fcdahale etti\u011fi yang\u0131n b\u00fcy\u00fcmeden s\u00f6nd\u00fcr\u00fcld\u00fc.<\/p>\n<p>\u201cA\u011fac\u0131 habersiz kesmi\u015f\u201d<br \/>\nOlay nedeniyle yang\u0131n \u00e7\u0131kan ikamet sahibi Arif \u015eahan, gelen telefonla d\u00fckkan\u0131nda bulunan yang\u0131n s\u00f6nd\u00fcrme t\u00fcp\u00fcn\u00fc de alarak evine geldi\u011fini belirterek, \u201cD\u00fckkandan ko\u015farak geldim yang\u0131n s\u00f6nd\u00fcrme t\u00fcp\u00fc ile, hemen do\u011fal gaz\u0131 kapatarak m\u00fcdahale ettim. Ard\u0131ndan itfaiye geldi. M\u00fcdahale etmemi\u015f olsak ev komple yanacakt\u0131. A\u015fa\u011f\u0131daki arkada\u015f a\u011fac\u0131 kesmi\u015f. O da a\u011fac\u0131 habersiz kesmi\u015f. G\u00fcya ona kes demi\u015fler de \u00f6yle kesmi\u015f. Hi\u00e7bir devlet kurumu b\u00f6yle bir \u015fey demez. Gelir yap\u0131lmas\u0131 gereken neyse kendisi yapar. Arkada\u015f i\u015fg\u00fczarl\u0131k yapm\u0131\u015f. Kendi kafas\u0131na g\u00f6re kesmi\u015f, a\u015fa\u011f\u0131da d\u00fckkan\u0131n \u00f6n\u00fcnde otururken b\u00fct\u00fcn mahalle bomba patlam\u0131\u015f gibi alt \u00fcst oldu. B\u00fct\u00fcn mahalledeki elektrikler gitti. Beyaz e\u015fyalar\u0131n \u00e7al\u0131\u015f\u0131p \u00e7al\u0131\u015fmad\u0131\u011f\u0131n\u0131 da bilmiyorum. Belki hi\u00e7bir \u015fey \u00e7al\u0131\u015fm\u0131yor\u201d dedi.<\/p>\n<p>\u015eikayet\u00e7i olacaklar<br \/>\n\u00c7ok say\u0131da mahalle sakininin elektronik e\u015fyalar\u0131n\u0131n olay nedeniyle yand\u0131\u011f\u0131n\u0131 belirten mahalle sakinlerinden Ferhat K\u00f6seo\u011flu ise, \u201cTelefon geldi, elektronik e\u015fyalar ve kombi patlad\u0131 diye. Apar topar geldik, fark ettik ki beyefendi a\u011fa\u00e7lar\u0131 keserken kablolar\u0131 birbirine temas ettiriyor. Bir\u00e7ok ki\u015finin elektronik e\u015fyas\u0131 yan\u0131yor. Yan binada yang\u0131n \u00e7\u0131kt\u0131. \u0130tfaiye ekipleri gelerek m\u00fcdahale etti. \u015eikayet\u00e7i olaca\u011f\u0131z beyefendiden, bir\u00e7ok mahalle sakini de bekliyor. Polis ekipleri beyefendiyi g\u00f6t\u00fcrd\u00fc. Kimilerinin televizyonlar\u0131, buzdolaplar\u0131 patlam\u0131\u015f. Elektrikler gitti\u011fi i\u00e7in hasar tespiti de yapam\u0131yoruz. Yan soka\u011f\u0131n komple elektri\u011fi gitmi\u015f. Orada ne zarar var bilemiyoruz\u201d \u015feklinde konu\u015ftu.<br \/>\nOlay\u0131n ard\u0131ndan AEDA\u015e g\u00f6revlileri b\u00f6lgeye gelerek kopan telin onar\u0131m\u0131 i\u00e7in \u00e7al\u0131\u015fma ba\u015flatt\u0131.<\/p>\n<p>Kaynak: www.kanalv.com.tr Haber Sitesinden Al\u0131nm\u0131\u015ft\u0131r.<\/p>","protected":false},"excerpt":{"rendered":"<p>Olay, saat 15.00 s\u0131ralar\u0131nda Antalya&#8217;n\u0131n Muratpa\u015fa il\u00e7esi Cumhuriyet Mahallesi 642 Sokak \u00fczerinde meydana geldi. Edinilen bilgiye g\u00f6re, sokak \u00fczerinde bulunan bir apartman sakini bah\u00e7ede bulunan ve elektrik tellerine temas eden a\u011fac\u0131n dallar\u0131n\u0131 kesmeye ba\u015flad\u0131. \u0130smi \u00f6\u011frenilemeyen apartman sakini a\u011faca budama yapt\u0131\u011f\u0131 s\u0131rada dallar tellere temas ederek k\u0131sa devreye ve tellerin kopmas\u0131na neden oldu. Tellerin kopmas\u0131 ile birlikte b\u00fct\u00fcn mahallenin elektrikleri kesildi ve elektronik cihazlar\u0131n yanmas\u0131na neden oldu. Olay nedeniyle sokak \u00fczerinde bulunan bir apartman dairesinde mutfak k\u0131sm\u0131nda k\u00fc\u00e7\u00fck \u00e7apl\u0131 yang\u0131n \u00e7\u0131kt\u0131. \u0130hbarla olay yerine itfaiye ekipleri sevk edilirken vatanda\u015flar\u0131nda m\u00fcdahale etti\u011fi yang\u0131n b\u00fcy\u00fcmeden s\u00f6nd\u00fcr\u00fcld\u00fc. \u201cA\u011fac\u0131 habersiz kesmi\u015f\u201d Olay nedeniyle yang\u0131n \u00e7\u0131kan ikamet sahibi Arif \u015eahan, gelen telefonla d\u00fckkan\u0131nda bulunan yang\u0131n s\u00f6nd\u00fcrme t\u00fcp\u00fcn\u00fc de alarak evine geldi\u011fini belirterek, \u201cD\u00fckkandan ko\u015farak geldim yang\u0131n s\u00f6nd\u00fcrme t\u00fcp\u00fc ile, hemen do\u011fal gaz\u0131 kapatarak m\u00fcdahale ettim. Ard\u0131ndan itfaiye geldi. M\u00fcdahale etmemi\u015f olsak ev komple yanacakt\u0131. A\u015fa\u011f\u0131daki arkada\u015f a\u011fac\u0131 kesmi\u015f. O da a\u011fac\u0131 habersiz kesmi\u015f. G\u00fcya ona kes demi\u015fler de \u00f6yle kesmi\u015f. Hi\u00e7bir devlet kurumu b\u00f6yle bir \u015fey demez. Gelir yap\u0131lmas\u0131 gereken neyse kendisi yapar. Arkada\u015f i\u015fg\u00fczarl\u0131k yapm\u0131\u015f. Kendi kafas\u0131na g\u00f6re kesmi\u015f, a\u015fa\u011f\u0131da d\u00fckkan\u0131n \u00f6n\u00fcnde otururken b\u00fct\u00fcn mahalle bomba patlam\u0131\u015f gibi alt \u00fcst oldu. B\u00fct\u00fcn mahalledeki elektrikler gitti. Beyaz e\u015fyalar\u0131n \u00e7al\u0131\u015f\u0131p \u00e7al\u0131\u015fmad\u0131\u011f\u0131n\u0131 da bilmiyorum. Belki hi\u00e7bir \u015fey &hellip;<\/p>","protected":false},"author":0,"featured_media":20308,"comment_status":"open","ping_status":"open","sticky":false,"template":"","format":"standard","meta":{"_acf_changed":false,"footnotes":""},"categories":[26,535],"tags":[],"class_list":["post-20307","post","type-post","status-publish","format-standard","has-post-thumbnail","hentry","category-antalya","category-uncategorized-tr"],"acf":[],"yoast_head":"<!-- This site is optimized with the Yoast SEO Premium plugin v26.6 (Yoast SEO v27.1.1) - https:\/\/yoast.com\/product\/yoast-seo-premium-wordpress\/ -->\n<title>B\u00fct\u00fcn mahallenin elektri\u011fini kesti - Av. Deniz Can K\u0131z\u0131l<\/title>\n<meta name=\"robots\" content=\"index, follow, max-snippet:-1, max-image-preview:large, max-video-preview:-1\" \/>\n<link rel=\"canonical\" href=\"https:\/\/denizcankizil.tr\/ru\/haberler\/antalya\/butun-mahallenin-elektrigini-kesti\/\" \/>\n<meta property=\"og:locale\" content=\"ru_RU\" \/>\n<meta property=\"og:type\" content=\"article\" \/>\n<meta property=\"og:title\" content=\"B\u00fct\u00fcn mahallenin elektri\u011fini kesti\" \/>\n<meta property=\"og:description\" content=\"Olay, saat 15.00 s\u0131ralar\u0131nda Antalya&#8217;n\u0131n Muratpa\u015fa il\u00e7esi Cumhuriyet Mahallesi 642 Sokak \u00fczerinde meydana geldi. Edinilen bilgiye g\u00f6re, sokak \u00fczerinde bulunan bir apartman sakini bah\u00e7ede bulunan ve elektrik tellerine temas eden a\u011fac\u0131n dallar\u0131n\u0131 kesmeye ba\u015flad\u0131. \u0130smi \u00f6\u011frenilemeyen apartman sakini a\u011faca budama yapt\u0131\u011f\u0131 s\u0131rada dallar tellere temas ederek k\u0131sa devreye ve tellerin kopmas\u0131na neden oldu. Tellerin kopmas\u0131 ile birlikte b\u00fct\u00fcn mahallenin elektrikleri kesildi ve elektronik cihazlar\u0131n yanmas\u0131na neden oldu. Olay nedeniyle sokak \u00fczerinde bulunan bir apartman dairesinde mutfak k\u0131sm\u0131nda k\u00fc\u00e7\u00fck \u00e7apl\u0131 yang\u0131n \u00e7\u0131kt\u0131. \u0130hbarla olay yerine itfaiye ekipleri sevk edilirken vatanda\u015flar\u0131nda m\u00fcdahale etti\u011fi yang\u0131n b\u00fcy\u00fcmeden s\u00f6nd\u00fcr\u00fcld\u00fc. \u201cA\u011fac\u0131 habersiz kesmi\u015f\u201d Olay nedeniyle yang\u0131n \u00e7\u0131kan ikamet sahibi Arif \u015eahan, gelen telefonla d\u00fckkan\u0131nda bulunan yang\u0131n s\u00f6nd\u00fcrme t\u00fcp\u00fcn\u00fc de alarak evine geldi\u011fini belirterek, \u201cD\u00fckkandan ko\u015farak geldim yang\u0131n s\u00f6nd\u00fcrme t\u00fcp\u00fc ile, hemen do\u011fal gaz\u0131 kapatarak m\u00fcdahale ettim. Ard\u0131ndan itfaiye geldi. M\u00fcdahale etmemi\u015f olsak ev komple yanacakt\u0131. A\u015fa\u011f\u0131daki arkada\u015f a\u011fac\u0131 kesmi\u015f. O da a\u011fac\u0131 habersiz kesmi\u015f. G\u00fcya ona kes demi\u015fler de \u00f6yle kesmi\u015f. Hi\u00e7bir devlet kurumu b\u00f6yle bir \u015fey demez. Gelir yap\u0131lmas\u0131 gereken neyse kendisi yapar. Arkada\u015f i\u015fg\u00fczarl\u0131k yapm\u0131\u015f. Kendi kafas\u0131na g\u00f6re kesmi\u015f, a\u015fa\u011f\u0131da d\u00fckkan\u0131n \u00f6n\u00fcnde otururken b\u00fct\u00fcn mahalle bomba patlam\u0131\u015f gibi alt \u00fcst oldu. B\u00fct\u00fcn mahalledeki elektrikler gitti. Beyaz e\u015fyalar\u0131n \u00e7al\u0131\u015f\u0131p \u00e7al\u0131\u015fmad\u0131\u011f\u0131n\u0131 da bilmiyorum. Belki hi\u00e7bir \u015fey &hellip;\" \/>\n<meta property=\"og:url\" content=\"https:\/\/denizcankizil.tr\/ru\/haberler\/antalya\/butun-mahallenin-elektrigini-kesti\/\" \/>\n<meta property=\"og:site_name\" content=\"Av. Deniz Can K\u0131z\u0131l\" \/>\n<meta property=\"article:published_time\" content=\"2024-12-12T07:41:29+00:00\" \/>\n<meta property=\"og:image\" content=\"https:\/\/denizcankizil.tr\/wp-content\/uploads\/2024\/12\/3546-01-wdhJtH.jpeg\" \/>\n\t<meta property=\"og:image:width\" content=\"1280\" \/>\n\t<meta property=\"og:image:height\" content=\"720\" \/>\n\t<meta property=\"og:image:type\" content=\"image\/jpeg\" \/>\n<meta name=\"twitter:card\" content=\"summary_large_image\" \/>\n<meta name=\"twitter:label1\" content=\"\u041f\u0440\u0438\u043c\u0435\u0440\u043d\u043e\u0435 \u0432\u0440\u0435\u043c\u044f \u0434\u043b\u044f \u0447\u0442\u0435\u043d\u0438\u044f\" \/>\n\t<meta name=\"twitter:data1\" content=\"2 \u043c\u0438\u043d\u0443\u0442\u044b\" \/>\n<script type=\"application\/ld+json\" class=\"yoast-schema-graph\">{\"@context\":\"https:\/\/schema.org\",\"@graph\":[{\"@type\":\"Article\",\"@id\":\"https:\/\/denizcankizil.tr\/en\/haberler\/antalya\/butun-mahallenin-elektrigini-kesti\/#article\",\"isPartOf\":{\"@id\":\"https:\/\/denizcankizil.tr\/en\/haberler\/antalya\/butun-mahallenin-elektrigini-kesti\/\"},\"author\":{\"name\":\"\",\"@id\":\"\"},\"headline\":\"B\u00fct\u00fcn mahallenin elektri\u011fini kesti\",\"datePublished\":\"2024-12-12T07:41:29+00:00\",\"mainEntityOfPage\":{\"@id\":\"https:\/\/denizcankizil.tr\/en\/haberler\/antalya\/butun-mahallenin-elektrigini-kesti\/\"},\"wordCount\":438,\"commentCount\":0,\"publisher\":{\"@id\":\"https:\/\/denizcankizil.tr\/#organization\"},\"image\":{\"@id\":\"https:\/\/denizcankizil.tr\/en\/haberler\/antalya\/butun-mahallenin-elektrigini-kesti\/#primaryimage\"},\"thumbnailUrl\":\"http:\/\/denizcankizil.tr\/wp-content\/uploads\/2024\/12\/3546-01-wdhJtH.jpeg\",\"articleSection\":[\"Antalya\",\"Uncategorized\"],\"inLanguage\":\"ru-RU\",\"potentialAction\":[{\"@type\":\"CommentAction\",\"name\":\"Comment\",\"target\":[\"https:\/\/denizcankizil.tr\/en\/haberler\/antalya\/butun-mahallenin-elektrigini-kesti\/#respond\"]}]},{\"@type\":\"WebPage\",\"@id\":\"https:\/\/denizcankizil.tr\/en\/haberler\/antalya\/butun-mahallenin-elektrigini-kesti\/\",\"url\":\"https:\/\/denizcankizil.tr\/en\/haberler\/antalya\/butun-mahallenin-elektrigini-kesti\/\",\"name\":\"B\u00fct\u00fcn mahallenin elektri\u011fini kesti - Av. Deniz Can K\u0131z\u0131l\",\"isPartOf\":{\"@id\":\"https:\/\/denizcankizil.tr\/#website\"},\"primaryImageOfPage\":{\"@id\":\"https:\/\/denizcankizil.tr\/en\/haberler\/antalya\/butun-mahallenin-elektrigini-kesti\/#primaryimage\"},\"image\":{\"@id\":\"https:\/\/denizcankizil.tr\/en\/haberler\/antalya\/butun-mahallenin-elektrigini-kesti\/#primaryimage\"},\"thumbnailUrl\":\"http:\/\/denizcankizil.tr\/wp-content\/uploads\/2024\/12\/3546-01-wdhJtH.jpeg\",\"datePublished\":\"2024-12-12T07:41:29+00:00\",\"breadcrumb\":{\"@id\":\"https:\/\/denizcankizil.tr\/en\/haberler\/antalya\/butun-mahallenin-elektrigini-kesti\/#breadcrumb\"},\"inLanguage\":\"ru-RU\",\"potentialAction\":[{\"@type\":\"ReadAction\",\"target\":[\"https:\/\/denizcankizil.tr\/en\/haberler\/antalya\/butun-mahallenin-elektrigini-kesti\/\"]}]},{\"@type\":\"ImageObject\",\"inLanguage\":\"ru-RU\",\"@id\":\"https:\/\/denizcankizil.tr\/en\/haberler\/antalya\/butun-mahallenin-elektrigini-kesti\/#primaryimage\",\"url\":\"http:\/\/denizcankizil.tr\/wp-content\/uploads\/2024\/12\/3546-01-wdhJtH.jpeg\",\"contentUrl\":\"http:\/\/denizcankizil.tr\/wp-content\/uploads\/2024\/12\/3546-01-wdhJtH.jpeg\",\"width\":1280,\"height\":720},{\"@type\":\"BreadcrumbList\",\"@id\":\"https:\/\/denizcankizil.tr\/en\/haberler\/antalya\/butun-mahallenin-elektrigini-kesti\/#breadcrumb\",\"itemListElement\":[{\"@type\":\"ListItem\",\"position\":1,\"name\":\"Home\",\"item\":\"https:\/\/denizcankizil.tr\/de\/\"},{\"@type\":\"ListItem\",\"position\":2,\"name\":\"B\u00fct\u00fcn mahallenin elektri\u011fini kesti\"}]},{\"@type\":\"WebSite\",\"@id\":\"https:\/\/denizcankizil.tr\/#website\",\"url\":\"https:\/\/denizcankizil.tr\/\",\"name\":\"Av. Deniz Can K\u0131z\u0131l\",\"description\":\"Avukat Deniz Can K\u0131z\u0131l Antalya Barosu\",\"publisher\":{\"@id\":\"https:\/\/denizcankizil.tr\/#organization\"},\"potentialAction\":[{\"@type\":\"SearchAction\",\"target\":{\"@type\":\"EntryPoint\",\"urlTemplate\":\"https:\/\/denizcankizil.tr\/?s={search_term_string}\"},\"query-input\":{\"@type\":\"PropertyValueSpecification\",\"valueRequired\":true,\"valueName\":\"search_term_string\"}}],\"inLanguage\":\"ru-RU\"},{\"@type\":\"Organization\",\"@id\":\"https:\/\/denizcankizil.tr\/#organization\",\"name\":\"Av. Deniz Can K\u0131z\u0131l\",\"url\":\"https:\/\/denizcankizil.tr\/\",\"logo\":{\"@type\":\"ImageObject\",\"inLanguage\":\"ru-RU\",\"@id\":\"https:\/\/denizcankizil.tr\/#\/schema\/logo\/image\/\",\"url\":\"http:\/\/denizcankizil.tr\/wp-content\/uploads\/2024\/10\/siyah-logo-svg.svg\",\"contentUrl\":\"http:\/\/denizcankizil.tr\/wp-content\/uploads\/2024\/10\/siyah-logo-svg.svg\",\"width\":1080,\"height\":1080,\"caption\":\"Av. Deniz Can K\u0131z\u0131l\"},\"image\":{\"@id\":\"https:\/\/denizcankizil.tr\/#\/schema\/logo\/image\/\"}}]}<\/script>\n<!-- \/ Yoast SEO Premium plugin. -->","yoast_head_json":{"title":"B\u00fct\u00fcn mahallenin elektri\u011fini kesti - Av. Deniz Can K\u0131z\u0131l","robots":{"index":"index","follow":"follow","max-snippet":"max-snippet:-1","max-image-preview":"max-image-preview:large","max-video-preview":"max-video-preview:-1"},"canonical":"https:\/\/denizcankizil.tr\/ru\/haberler\/antalya\/butun-mahallenin-elektrigini-kesti\/","og_locale":"ru_RU","og_type":"article","og_title":"B\u00fct\u00fcn mahallenin elektri\u011fini kesti","og_description":"Olay, saat 15.00 s\u0131ralar\u0131nda Antalya&#8217;n\u0131n Muratpa\u015fa il\u00e7esi Cumhuriyet Mahallesi 642 Sokak \u00fczerinde meydana geldi. Edinilen bilgiye g\u00f6re, sokak \u00fczerinde bulunan bir apartman sakini bah\u00e7ede bulunan ve elektrik tellerine temas eden a\u011fac\u0131n dallar\u0131n\u0131 kesmeye ba\u015flad\u0131. \u0130smi \u00f6\u011frenilemeyen apartman sakini a\u011faca budama yapt\u0131\u011f\u0131 s\u0131rada dallar tellere temas ederek k\u0131sa devreye ve tellerin kopmas\u0131na neden oldu. Tellerin kopmas\u0131 ile birlikte b\u00fct\u00fcn mahallenin elektrikleri kesildi ve elektronik cihazlar\u0131n yanmas\u0131na neden oldu. Olay nedeniyle sokak \u00fczerinde bulunan bir apartman dairesinde mutfak k\u0131sm\u0131nda k\u00fc\u00e7\u00fck \u00e7apl\u0131 yang\u0131n \u00e7\u0131kt\u0131. \u0130hbarla olay yerine itfaiye ekipleri sevk edilirken vatanda\u015flar\u0131nda m\u00fcdahale etti\u011fi yang\u0131n b\u00fcy\u00fcmeden s\u00f6nd\u00fcr\u00fcld\u00fc. \u201cA\u011fac\u0131 habersiz kesmi\u015f\u201d Olay nedeniyle yang\u0131n \u00e7\u0131kan ikamet sahibi Arif \u015eahan, gelen telefonla d\u00fckkan\u0131nda bulunan yang\u0131n s\u00f6nd\u00fcrme t\u00fcp\u00fcn\u00fc de alarak evine geldi\u011fini belirterek, \u201cD\u00fckkandan ko\u015farak geldim yang\u0131n s\u00f6nd\u00fcrme t\u00fcp\u00fc ile, hemen do\u011fal gaz\u0131 kapatarak m\u00fcdahale ettim. Ard\u0131ndan itfaiye geldi. M\u00fcdahale etmemi\u015f olsak ev komple yanacakt\u0131. A\u015fa\u011f\u0131daki arkada\u015f a\u011fac\u0131 kesmi\u015f. O da a\u011fac\u0131 habersiz kesmi\u015f. G\u00fcya ona kes demi\u015fler de \u00f6yle kesmi\u015f. Hi\u00e7bir devlet kurumu b\u00f6yle bir \u015fey demez. Gelir yap\u0131lmas\u0131 gereken neyse kendisi yapar. Arkada\u015f i\u015fg\u00fczarl\u0131k yapm\u0131\u015f. Kendi kafas\u0131na g\u00f6re kesmi\u015f, a\u015fa\u011f\u0131da d\u00fckkan\u0131n \u00f6n\u00fcnde otururken b\u00fct\u00fcn mahalle bomba patlam\u0131\u015f gibi alt \u00fcst oldu. B\u00fct\u00fcn mahalledeki elektrikler gitti. Beyaz e\u015fyalar\u0131n \u00e7al\u0131\u015f\u0131p \u00e7al\u0131\u015fmad\u0131\u011f\u0131n\u0131 da bilmiyorum. Belki hi\u00e7bir \u015fey &hellip;","og_url":"https:\/\/denizcankizil.tr\/ru\/haberler\/antalya\/butun-mahallenin-elektrigini-kesti\/","og_site_name":"Av. Deniz Can K\u0131z\u0131l","article_published_time":"2024-12-12T07:41:29+00:00","og_image":[{"width":1280,"height":720,"url":"https:\/\/denizcankizil.tr\/wp-content\/uploads\/2024\/12\/3546-01-wdhJtH.jpeg","type":"image\/jpeg"}],"twitter_card":"summary_large_image","twitter_misc":{"\u041f\u0440\u0438\u043c\u0435\u0440\u043d\u043e\u0435 \u0432\u0440\u0435\u043c\u044f \u0434\u043b\u044f \u0447\u0442\u0435\u043d\u0438\u044f":"2 \u043c\u0438\u043d\u0443\u0442\u044b"},"schema":{"@context":"https:\/\/schema.org","@graph":[{"@type":"Article","@id":"https:\/\/denizcankizil.tr\/en\/haberler\/antalya\/butun-mahallenin-elektrigini-kesti\/#article","isPartOf":{"@id":"https:\/\/denizcankizil.tr\/en\/haberler\/antalya\/butun-mahallenin-elektrigini-kesti\/"},"author":{"name":"","@id":""},"headline":"B\u00fct\u00fcn mahallenin elektri\u011fini kesti","datePublished":"2024-12-12T07:41:29+00:00","mainEntityOfPage":{"@id":"https:\/\/denizcankizil.tr\/en\/haberler\/antalya\/butun-mahallenin-elektrigini-kesti\/"},"wordCount":438,"commentCount":0,"publisher":{"@id":"https:\/\/denizcankizil.tr\/#organization"},"image":{"@id":"https:\/\/denizcankizil.tr\/en\/haberler\/antalya\/butun-mahallenin-elektrigini-kesti\/#primaryimage"},"thumbnailUrl":"http:\/\/denizcankizil.tr\/wp-content\/uploads\/2024\/12\/3546-01-wdhJtH.jpeg","articleSection":["Antalya","Uncategorized"],"inLanguage":"ru-RU","potentialAction":[{"@type":"CommentAction","name":"Comment","target":["https:\/\/denizcankizil.tr\/en\/haberler\/antalya\/butun-mahallenin-elektrigini-kesti\/#respond"]}]},{"@type":"WebPage","@id":"https:\/\/denizcankizil.tr\/en\/haberler\/antalya\/butun-mahallenin-elektrigini-kesti\/","url":"https:\/\/denizcankizil.tr\/en\/haberler\/antalya\/butun-mahallenin-elektrigini-kesti\/","name":"B\u00fct\u00fcn mahallenin elektri\u011fini kesti - Av. Deniz Can K\u0131z\u0131l","isPartOf":{"@id":"https:\/\/denizcankizil.tr\/#website"},"primaryImageOfPage":{"@id":"https:\/\/denizcankizil.tr\/en\/haberler\/antalya\/butun-mahallenin-elektrigini-kesti\/#primaryimage"},"image":{"@id":"https:\/\/denizcankizil.tr\/en\/haberler\/antalya\/butun-mahallenin-elektrigini-kesti\/#primaryimage"},"thumbnailUrl":"http:\/\/denizcankizil.tr\/wp-content\/uploads\/2024\/12\/3546-01-wdhJtH.jpeg","datePublished":"2024-12-12T07:41:29+00:00","breadcrumb":{"@id":"https:\/\/denizcankizil.tr\/en\/haberler\/antalya\/butun-mahallenin-elektrigini-kesti\/#breadcrumb"},"inLanguage":"ru-RU","potentialAction":[{"@type":"ReadAction","target":["https:\/\/denizcankizil.tr\/en\/haberler\/antalya\/butun-mahallenin-elektrigini-kesti\/"]}]},{"@type":"ImageObject","inLanguage":"ru-RU","@id":"https:\/\/denizcankizil.tr\/en\/haberler\/antalya\/butun-mahallenin-elektrigini-kesti\/#primaryimage","url":"http:\/\/denizcankizil.tr\/wp-content\/uploads\/2024\/12\/3546-01-wdhJtH.jpeg","contentUrl":"http:\/\/denizcankizil.tr\/wp-content\/uploads\/2024\/12\/3546-01-wdhJtH.jpeg","width":1280,"height":720},{"@type":"BreadcrumbList","@id":"https:\/\/denizcankizil.tr\/en\/haberler\/antalya\/butun-mahallenin-elektrigini-kesti\/#breadcrumb","itemListElement":[{"@type":"ListItem","position":1,"name":"Home","item":"https:\/\/denizcankizil.tr\/de\/"},{"@type":"ListItem","position":2,"name":"B\u00fct\u00fcn mahallenin elektri\u011fini kesti"}]},{"@type":"WebSite","@id":"https:\/\/denizcankizil.tr\/#website","url":"https:\/\/denizcankizil.tr\/","name":"Av. Deniz Can K\u0131z\u0131l","description":"Avukat Deniz Can K\u0131z\u0131l Antalya Barosu","publisher":{"@id":"https:\/\/denizcankizil.tr\/#organization"},"potentialAction":[{"@type":"SearchAction","target":{"@type":"EntryPoint","urlTemplate":"https:\/\/denizcankizil.tr\/?s={search_term_string}"},"query-input":{"@type":"PropertyValueSpecification","valueRequired":true,"valueName":"search_term_string"}}],"inLanguage":"ru-RU"},{"@type":"Organization","@id":"https:\/\/denizcankizil.tr\/#organization","name":"Av. Deniz Can K\u0131z\u0131l","url":"https:\/\/denizcankizil.tr\/","logo":{"@type":"ImageObject","inLanguage":"ru-RU","@id":"https:\/\/denizcankizil.tr\/#\/schema\/logo\/image\/","url":"http:\/\/denizcankizil.tr\/wp-content\/uploads\/2024\/10\/siyah-logo-svg.svg","contentUrl":"http:\/\/denizcankizil.tr\/wp-content\/uploads\/2024\/10\/siyah-logo-svg.svg","width":1080,"height":1080,"caption":"Av. Deniz Can K\u0131z\u0131l"},"image":{"@id":"https:\/\/denizcankizil.tr\/#\/schema\/logo\/image\/"}}]}},"_links":{"self":[{"href":"http:\/\/denizcankizil.tr\/ru\/wp-json\/wp\/v2\/posts\/20307","targetHints":{"allow":["GET"]}}],"collection":[{"href":"http:\/\/denizcankizil.tr\/ru\/wp-json\/wp\/v2\/posts"}],"about":[{"href":"http:\/\/denizcankizil.tr\/ru\/wp-json\/wp\/v2\/types\/post"}],"replies":[{"embeddable":true,"href":"http:\/\/denizcankizil.tr\/ru\/wp-json\/wp\/v2\/comments?post=20307"}],"version-history":[{"count":0,"href":"http:\/\/denizcankizil.tr\/ru\/wp-json\/wp\/v2\/posts\/20307\/revisions"}],"wp:featuredmedia":[{"embeddable":true,"href":"http:\/\/denizcankizil.tr\/ru\/wp-json\/wp\/v2\/media\/20308"}],"wp:attachment":[{"href":"http:\/\/denizcankizil.tr\/ru\/wp-json\/wp\/v2\/media?parent=20307"}],"wp:term":[{"taxonomy":"category","embeddable":true,"href":"http:\/\/denizcankizil.tr\/ru\/wp-json\/wp\/v2\/categories?post=20307"},{"taxonomy":"post_tag","embeddable":true,"href":"http:\/\/denizcankizil.tr\/ru\/wp-json\/wp\/v2\/tags?post=20307"}],"curies":[{"name":"wp","href":"https:\/\/api.w.org\/{rel}","templated":true}]}}