{"id":19977,"date":"2024-12-09T16:42:06","date_gmt":"2024-12-09T13:42:06","guid":{"rendered":"https:\/\/denizcankizil.tr\/uncategorized-tr\/muglada-cocuklar-hem-ogreniyor-hem-egleniyor\/"},"modified":"2024-12-09T16:42:06","modified_gmt":"2024-12-09T13:42:06","slug":"muglada-cocuklar-hem-ogreniyor-hem-egleniyor","status":"publish","type":"post","link":"http:\/\/denizcankizil.tr\/ru\/haberler\/gundem\/muglada-cocuklar-hem-ogreniyor-hem-egleniyor\/","title":{"rendered":"Mu\u011fla&#8217;da \u00e7ocuklar hem \u00f6\u011freniyor hem e\u011fleniyor"},"content":{"rendered":"<p>Mu\u011fla B\u00fcy\u00fck\u015fehir Belediyesi Konservatuvar\u0131, sanat\u0131 gen\u00e7ler ve \u00e7ocuklarla bulu\u015fturmaya devam ediyor.MU\u011eLA (\u0130GFA) &#8211;\u00a0Mu\u011fla B\u00fcy\u00fck\u015fehir Belediyesi Konservatuvar\u0131\u2019n\u0131n\u00e7ocuk korosu b\u00f6l\u00fcm\u00fcnde e\u011fitim alan \u00f6\u011frenciler, \u00e7e\u015fitli m\u00fczik disiplinleriyle tan\u0131\u015farak yeteneklerini geli\u015ftiriyor. \u00c7ok sesli orkestra e\u011fitimi, \u00e7ocuklar\u0131n m\u00fczik teorisini ve pratikte nas\u0131l birlikte \u00e7al\u0131\u015facaklar\u0131n\u0131\u00f6\u011frenmelerini sa\u011fl\u0131yor. Konserlere haz\u0131rlanan bu \u00f6\u011frenciler, hem sahne heyecan\u0131n\u0131 hem de sanat\u0131 daha derinlemesine ke\u015ffetme f\u0131rsat\u0131n\u0131 buluyor. \u00c7ocuk korosunda 59 \u00f6\u011frenci e\u011fitim g\u00f6r\u00fcyor.<br \/>\nKonservatuvar 266 Mezun Verdi<br \/>\n\u00a0Mu\u011fla B\u00fcy\u00fck\u015fehir Belediyesi Konservatuvar\u0131, 2023-2024 e\u011fitim-\u00f6\u011fretim y\u0131l\u0131nda 90 \u00f6\u011frencisini mezun etti. Kurulu\u015fundan bu yana e\u011fitimdeki ba\u015far\u0131s\u0131n\u0131 her ge\u00e7en y\u0131l daha da art\u0131ran konservatuvar, toplamda 266 mezun verdi. Konservatuvar\u0131n \u00e7e\u015fitli b\u00f6l\u00fcmlerinde 4426\u00f6\u011frenci e\u011fitim al\u0131yor. \u00d6\u011frenciler, yeteneklerine g\u00f6re farkl\u0131 alanlarda e\u011fitim alarak kendilerini geli\u015ftirme imkan\u0131 buluyor.<\/p>\n<p>\u00c7ocuk Korosu \u015eefi Erman Varol; \u201cKoromuzla konserler veriyor, festivallere kat\u0131l\u0131yoruz\u201d<br \/>\nMu\u011fla B\u00fcy\u00fck\u015fehir Belediyesi Konservatuvar\u0131 \u00c7ocuk Korosu \u015eefi Erman Varol \u201cKonservatuvarda ikinci y\u0131l\u0131m. 59 ki\u015filik \u00f6\u011frenci grubumuz var. Konserlerimiz devam ediyor. Festivallere kat\u0131l\u0131yoruz. Daha \u00f6nce kat\u0131ld\u0131\u011f\u0131m\u0131z festivallerde ald\u0131\u011f\u0131m\u0131z \u00f6d\u00fcller var. \u00c7al\u0131\u015fmalar\u0131m\u0131z\u0131 \u00e7ok sesli olarak devam ediyoruz. Bizlere bu imkan\u0131 sunun B\u00fcy\u00fck\u015fehir Belediye Ba\u015fkan\u0131m\u0131 Ahmet Aras\u2019a te\u015fekk\u00fcr ediyorum\u201d dedi.<br \/>\n\u00c7ocuk Korosu \u00f6\u011fretmeni M\u00fcge Sude; \u201c\u00c7ocuklara koroyu ve \u015fark\u0131 sanat\u0131 \u00f6\u011fretmeye \u00e7al\u0131\u015f\u0131yoruz\u201d<br \/>\nMu\u011fla B\u00fcy\u00fck\u015fehir Belediyesi Konservatuvar\u0131 \u00c7ocuk Korosu \u00f6\u011fretmeni M\u00fcge Sude Turgut \u201cDerslerimizde \u00e7ocuk repertuvar\u0131 \u00fczerinden ilerliyoruz. \u00d6nemli sanat\u00e7\u0131lar\u0131m\u0131z\u0131n bestelerini seslendiriyoruz. \u00c7ocuklara koroyu ve \u015fark\u0131 s\u00f6yleme sanat\u0131n\u0131\u00f6\u011fretmeye \u00e7al\u0131\u015f\u0131yoruz.\u201d dedi.<br \/>\n\u00c7ocuk Korosu solfej \u00f6\u011fretmeni Hakan Oral; \u201cM\u00fczikal, nota, melodik nota okuma, ritim e\u011fitimlerini veriyoruz.\u201d<br \/>\nMu\u011fla B\u00fcy\u00fck\u015fehir Belediyesi Konservatuvar\u0131 \u00c7ocuk Korosu solfej \u00f6\u011fretmeni Hakan Oral; \u201c\u00d6\u011frencilerimizin solfej \u00f6\u011fretmeniyim. M\u00fczikal, nota, melodik nota okuma, ritim e\u011fitimlerini veriyoruz. B\u00f6yle olanaklar\u0131 sa\u011flayan Ahmet Aras Ba\u015fkan\u0131m\u0131za te\u015fekk\u00fcr ediyorum\u201d dedi.<br \/>\nBa\u015fkan Aras; \u201cHem\u015fehrilerimize her alanda hizmet ediyor, k\u00fclt\u00fcr ve sanatla b\u00fcy\u00fcyen nesiller yeti\u015ftiriyoruz\u201d<br \/>\nMu\u011fla B\u00fcy\u00fck\u015fehir Belediye Ba\u015fkan\u0131 Ahmet Aras vatanda\u015flar\u0131n k\u00fclt\u00fcrel birikimine, e\u011fitimine katk\u0131 sa\u011flamak i\u00e7in B\u00fcy\u00fck\u015fehir konservatuvar\u0131n\u0131n bir\u00e7ok alanda faaliyette oldu\u011funu s\u00f6yledi ve bu e\u011fitimlerin de konserler, tiyatro oyunlar\u0131 ile meyvelerini vermeye ba\u015flad\u0131\u011f\u0131n\u0131 belirtti.<br \/>\nBa\u015fkan Aras; \u201cMu\u011flam\u0131z i\u00e7in k\u00fclt\u00fcr ve sanat\u0131n \u015fehri diyoruz. Ge\u00e7mi\u015ften g\u00fcn\u00fcm\u00fcze getirdi\u011fi zenginlikleri, d\u00fcnyaya ve \u00fclkemize kazand\u0131rd\u0131\u011f\u0131 de\u011ferleri ile Mu\u011fla turizmde, tar\u0131mda oldu\u011fu kadar k\u00fclt\u00fcr ve sanatta da marka bir kent. B\u00fcy\u00fck\u015fehir Belediyesi olarak sanatla i\u00e7 i\u00e7e nesiller yeti\u015ftirmek, hem\u015fehrilerimizin yeteneklerini ke\u015ffetmesini sa\u011flamak, entelekt\u00fcel birikimlerini artt\u0131rmak i\u00e7in konservatuvar\u0131m\u0131z bir\u00e7ok bran\u015fta e\u011fitimlerine devam ediyor. Alanlar\u0131nda uzman e\u011fitmenlerimizle belki de gelece\u011fin balerinleri, ses sanat\u00e7\u0131lar\u0131, tiyatrocular\u0131 B\u00fcy\u00fck\u015fehir konservatuvar\u0131 \u00e7at\u0131s\u0131 alt\u0131nda yeti\u015fiyor. \u0130l genelinde konservatuvar\u0131m\u0131z e\u011fitimler sonras\u0131 konserler vermeye, tiyatro oyunlar\u0131 sergilemeye ba\u015flad\u0131. Hem\u015fehrilerimize her alanda hizmet etmeye, k\u00fclt\u00fcr ve sanatla b\u00fcy\u00fcyen nesiller yeti\u015ftirmeye devam edece\u011fiz.\u201d dedi.<\/p>\n<p>\u200bMu\u011fla B\u00fcy\u00fck\u015fehir Belediyesi Konservatuvar\u0131, sanat\u0131 gen\u00e7ler ve \u00e7ocuklarla bulu\u015fturmaya devam ediyor.MU\u011eLA (\u0130GFA) &#8211;\u00a0Mu\u011fla B\u00fcy\u00fck\u015fehir Belediyesi Konservatuvar\u0131\u2019n\u0131n\u00e7ocuk korosu b\u00f6l\u00fcm\u00fcnde e\u011fitim alan \u00f6\u011frenciler, \u00e7e\u015fitli m\u00fczik disiplinleriyle tan\u0131\u015farak yeteneklerini geli\u015ftiriyor. \u00c7ok sesli orkestra e\u011fitimi, \u00e7ocuklar\u0131n m\u00fczik teorisini ve pratikte nas\u0131l birlikte \u00e7al\u0131\u015facaklar\u0131n\u0131\u00f6\u011frenmelerini sa\u011fl\u0131yor. Konserlere haz\u0131rlanan bu \u00f6\u011frenciler, hem sahne heyecan\u0131n\u0131 hem de sanat\u0131 daha derinlemesine ke\u015ffetme f\u0131rsat\u0131n\u0131 buluyor. \u00c7ocuk korosunda 59 \u00f6\u011frenci e\u011fitim g\u00f6r\u00fcyor.<br \/>\nKonservatuvar 266 Mezun Verdi<br \/>\n\u00a0Mu\u011fla B\u00fcy\u00fck\u015fehir Belediyesi Konservatuvar\u0131, 2023-2024 e\u011fitim-\u00f6\u011fretim y\u0131l\u0131nda 90 \u00f6\u011frencisini mezun etti. Kurulu\u015fundan bu yana e\u011fitimdeki ba\u015far\u0131s\u0131n\u0131 her ge\u00e7en y\u0131l daha da art\u0131ran konservatuvar, toplamda 266 mezun verdi. Konservatuvar\u0131n \u00e7e\u015fitli b\u00f6l\u00fcmlerinde 4426\u00f6\u011frenci e\u011fitim al\u0131yor. \u00d6\u011frenciler, yeteneklerine g\u00f6re farkl\u0131 alanlarda e\u011fitim alarak kendilerini geli\u015ftirme imkan\u0131 buluyor.<\/p>\n<p>\u00c7ocuk Korosu \u015eefi Erman Varol; \u201cKoromuzla konserler veriyor, festivallere kat\u0131l\u0131yoruz\u201d<br \/>\nMu\u011fla B\u00fcy\u00fck\u015fehir Belediyesi Konservatuvar\u0131 \u00c7ocuk Korosu \u015eefi Erman Varol \u201cKonservatuvarda ikinci y\u0131l\u0131m. 59 ki\u015filik \u00f6\u011frenci grubumuz var. Konserlerimiz devam ediyor. Festivallere kat\u0131l\u0131yoruz. Daha \u00f6nce kat\u0131ld\u0131\u011f\u0131m\u0131z festivallerde ald\u0131\u011f\u0131m\u0131z \u00f6d\u00fcller var. \u00c7al\u0131\u015fmalar\u0131m\u0131z\u0131 \u00e7ok sesli olarak devam ediyoruz. Bizlere bu imkan\u0131 sunun B\u00fcy\u00fck\u015fehir Belediye Ba\u015fkan\u0131m\u0131 Ahmet Aras\u2019a te\u015fekk\u00fcr ediyorum\u201d dedi.<br \/>\n\u00c7ocuk Korosu \u00f6\u011fretmeni M\u00fcge Sude; \u201c\u00c7ocuklara koroyu ve \u015fark\u0131 sanat\u0131 \u00f6\u011fretmeye \u00e7al\u0131\u015f\u0131yoruz\u201d<br \/>\nMu\u011fla B\u00fcy\u00fck\u015fehir Belediyesi Konservatuvar\u0131 \u00c7ocuk Korosu \u00f6\u011fretmeni M\u00fcge Sude Turgut \u201cDerslerimizde \u00e7ocuk repertuvar\u0131 \u00fczerinden ilerliyoruz. \u00d6nemli sanat\u00e7\u0131lar\u0131m\u0131z\u0131n bestelerini seslendiriyoruz. \u00c7ocuklara koroyu ve \u015fark\u0131 s\u00f6yleme sanat\u0131n\u0131\u00f6\u011fretmeye \u00e7al\u0131\u015f\u0131yoruz.\u201d dedi.<br \/>\n\u00c7ocuk Korosu solfej \u00f6\u011fretmeni Hakan Oral; \u201cM\u00fczikal, nota, melodik nota okuma, ritim e\u011fitimlerini veriyoruz.\u201d<br \/>\nMu\u011fla B\u00fcy\u00fck\u015fehir Belediyesi Konservatuvar\u0131 \u00c7ocuk Korosu solfej \u00f6\u011fretmeni Hakan Oral; \u201c\u00d6\u011frencilerimizin solfej \u00f6\u011fretmeniyim. M\u00fczikal, nota, melodik nota okuma, ritim e\u011fitimlerini veriyoruz. B\u00f6yle olanaklar\u0131 sa\u011flayan Ahmet Aras Ba\u015fkan\u0131m\u0131za te\u015fekk\u00fcr ediyorum\u201d dedi.<br \/>\nBa\u015fkan Aras; \u201cHem\u015fehrilerimize her alanda hizmet ediyor, k\u00fclt\u00fcr ve sanatla b\u00fcy\u00fcyen nesiller yeti\u015ftiriyoruz\u201d<br \/>\nMu\u011fla B\u00fcy\u00fck\u015fehir Belediye Ba\u015fkan\u0131 Ahmet Aras vatanda\u015flar\u0131n k\u00fclt\u00fcrel birikimine, e\u011fitimine katk\u0131 sa\u011flamak i\u00e7in B\u00fcy\u00fck\u015fehir konservatuvar\u0131n\u0131n bir\u00e7ok alanda faaliyette oldu\u011funu s\u00f6yledi ve bu e\u011fitimlerin de konserler, tiyatro oyunlar\u0131 ile meyvelerini vermeye ba\u015flad\u0131\u011f\u0131n\u0131 belirtti.<br \/>\nBa\u015fkan Aras; \u201cMu\u011flam\u0131z i\u00e7in k\u00fclt\u00fcr ve sanat\u0131n \u015fehri diyoruz. Ge\u00e7mi\u015ften g\u00fcn\u00fcm\u00fcze getirdi\u011fi zenginlikleri, d\u00fcnyaya ve \u00fclkemize kazand\u0131rd\u0131\u011f\u0131 de\u011ferleri ile Mu\u011fla turizmde, tar\u0131mda oldu\u011fu kadar k\u00fclt\u00fcr ve sanatta da marka bir kent. B\u00fcy\u00fck\u015fehir Belediyesi olarak sanatla i\u00e7 i\u00e7e nesiller yeti\u015ftirmek, hem\u015fehrilerimizin yeteneklerini ke\u015ffetmesini sa\u011flamak, entelekt\u00fcel birikimlerini artt\u0131rmak i\u00e7in konservatuvar\u0131m\u0131z bir\u00e7ok bran\u015fta e\u011fitimlerine devam ediyor. Alanlar\u0131nda uzman e\u011fitmenlerimizle belki de gelece\u011fin balerinleri, ses sanat\u00e7\u0131lar\u0131, tiyatrocular\u0131 B\u00fcy\u00fck\u015fehir konservatuvar\u0131 \u00e7at\u0131s\u0131 alt\u0131nda yeti\u015fiyor. \u0130l genelinde konservatuvar\u0131m\u0131z e\u011fitimler sonras\u0131 konserler vermeye, tiyatro oyunlar\u0131 sergilemeye ba\u015flad\u0131. Hem\u015fehrilerimize her alanda hizmet etmeye, k\u00fclt\u00fcr ve sanatla b\u00fcy\u00fcyen nesiller yeti\u015ftirmeye devam edece\u011fiz.\u201d dedi.\u00a0<\/p>\n<p>\u200bHaberin Al\u0131nt\u0131land\u0131\u011f\u0131 Kaynak: www.iskenderun.org<\/p>","protected":false},"excerpt":{"rendered":"<p>Mu\u011fla B\u00fcy\u00fck\u015fehir Belediyesi Konservatuvar\u0131, sanat\u0131 gen\u00e7ler ve \u00e7ocuklarla bulu\u015fturmaya devam ediyor.MU\u011eLA (\u0130GFA) &#8211;\u00a0Mu\u011fla B\u00fcy\u00fck\u015fehir Belediyesi Konservatuvar\u0131\u2019n\u0131n\u00e7ocuk korosu b\u00f6l\u00fcm\u00fcnde e\u011fitim alan \u00f6\u011frenciler, \u00e7e\u015fitli m\u00fczik disiplinleriyle tan\u0131\u015farak yeteneklerini geli\u015ftiriyor. \u00c7ok sesli orkestra e\u011fitimi, \u00e7ocuklar\u0131n m\u00fczik teorisini ve pratikte nas\u0131l birlikte \u00e7al\u0131\u015facaklar\u0131n\u0131\u00f6\u011frenmelerini sa\u011fl\u0131yor. Konserlere haz\u0131rlanan bu \u00f6\u011frenciler, hem sahne heyecan\u0131n\u0131 hem de sanat\u0131 daha derinlemesine ke\u015ffetme f\u0131rsat\u0131n\u0131 buluyor. \u00c7ocuk korosunda 59 \u00f6\u011frenci e\u011fitim g\u00f6r\u00fcyor. Konservatuvar 266 Mezun Verdi \u00a0Mu\u011fla B\u00fcy\u00fck\u015fehir Belediyesi Konservatuvar\u0131, 2023-2024 e\u011fitim-\u00f6\u011fretim y\u0131l\u0131nda 90 \u00f6\u011frencisini mezun etti. Kurulu\u015fundan bu yana e\u011fitimdeki ba\u015far\u0131s\u0131n\u0131 her ge\u00e7en y\u0131l daha da art\u0131ran konservatuvar, toplamda 266 mezun verdi. Konservatuvar\u0131n \u00e7e\u015fitli b\u00f6l\u00fcmlerinde 4426\u00f6\u011frenci e\u011fitim al\u0131yor. \u00d6\u011frenciler, yeteneklerine g\u00f6re farkl\u0131 alanlarda e\u011fitim alarak kendilerini geli\u015ftirme imkan\u0131 buluyor. \u00c7ocuk Korosu \u015eefi Erman Varol; \u201cKoromuzla konserler veriyor, festivallere kat\u0131l\u0131yoruz\u201d Mu\u011fla B\u00fcy\u00fck\u015fehir Belediyesi Konservatuvar\u0131 \u00c7ocuk Korosu \u015eefi Erman Varol \u201cKonservatuvarda ikinci y\u0131l\u0131m. 59 ki\u015filik \u00f6\u011frenci grubumuz var. Konserlerimiz devam ediyor. Festivallere kat\u0131l\u0131yoruz. Daha \u00f6nce kat\u0131ld\u0131\u011f\u0131m\u0131z festivallerde ald\u0131\u011f\u0131m\u0131z \u00f6d\u00fcller var. \u00c7al\u0131\u015fmalar\u0131m\u0131z\u0131 \u00e7ok sesli olarak devam ediyoruz. Bizlere bu imkan\u0131 sunun B\u00fcy\u00fck\u015fehir Belediye Ba\u015fkan\u0131m\u0131 Ahmet Aras\u2019a te\u015fekk\u00fcr ediyorum\u201d dedi. \u00c7ocuk Korosu \u00f6\u011fretmeni M\u00fcge Sude; \u201c\u00c7ocuklara koroyu ve \u015fark\u0131 sanat\u0131 \u00f6\u011fretmeye \u00e7al\u0131\u015f\u0131yoruz\u201d Mu\u011fla B\u00fcy\u00fck\u015fehir Belediyesi Konservatuvar\u0131 \u00c7ocuk Korosu \u00f6\u011fretmeni M\u00fcge Sude Turgut \u201cDerslerimizde \u00e7ocuk repertuvar\u0131 \u00fczerinden ilerliyoruz. \u00d6nemli sanat\u00e7\u0131lar\u0131m\u0131z\u0131n bestelerini seslendiriyoruz. \u00c7ocuklara koroyu ve &hellip;<\/p>","protected":false},"author":0,"featured_media":0,"comment_status":"open","ping_status":"open","sticky":false,"template":"","format":"standard","meta":{"_acf_changed":false,"footnotes":""},"categories":[24,535],"tags":[],"class_list":["post-19977","post","type-post","status-publish","format-standard","has-post-thumbnail","hentry","category-gundem","category-uncategorized-tr"],"acf":[],"yoast_head":"<!-- This site is optimized with the Yoast SEO Premium plugin v26.6 (Yoast SEO v27.1.1) - https:\/\/yoast.com\/product\/yoast-seo-premium-wordpress\/ -->\n<title>Mu\u011fla&#039;da \u00e7ocuklar hem \u00f6\u011freniyor hem e\u011fleniyor - Av. Deniz Can K\u0131z\u0131l<\/title>\n<meta name=\"robots\" content=\"index, follow, max-snippet:-1, max-image-preview:large, max-video-preview:-1\" \/>\n<link rel=\"canonical\" href=\"https:\/\/denizcankizil.tr\/ru\/haberler\/gundem\/muglada-cocuklar-hem-ogreniyor-hem-egleniyor\/\" \/>\n<meta property=\"og:locale\" content=\"ru_RU\" \/>\n<meta property=\"og:type\" content=\"article\" \/>\n<meta property=\"og:title\" content=\"Mu\u011fla&#039;da \u00e7ocuklar hem \u00f6\u011freniyor hem e\u011fleniyor\" \/>\n<meta property=\"og:description\" content=\"Mu\u011fla B\u00fcy\u00fck\u015fehir Belediyesi Konservatuvar\u0131, sanat\u0131 gen\u00e7ler ve \u00e7ocuklarla bulu\u015fturmaya devam ediyor.MU\u011eLA (\u0130GFA) &#8211;\u00a0Mu\u011fla B\u00fcy\u00fck\u015fehir Belediyesi Konservatuvar\u0131\u2019n\u0131n\u00e7ocuk korosu b\u00f6l\u00fcm\u00fcnde e\u011fitim alan \u00f6\u011frenciler, \u00e7e\u015fitli m\u00fczik disiplinleriyle tan\u0131\u015farak yeteneklerini geli\u015ftiriyor. \u00c7ok sesli orkestra e\u011fitimi, \u00e7ocuklar\u0131n m\u00fczik teorisini ve pratikte nas\u0131l birlikte \u00e7al\u0131\u015facaklar\u0131n\u0131\u00f6\u011frenmelerini sa\u011fl\u0131yor. Konserlere haz\u0131rlanan bu \u00f6\u011frenciler, hem sahne heyecan\u0131n\u0131 hem de sanat\u0131 daha derinlemesine ke\u015ffetme f\u0131rsat\u0131n\u0131 buluyor. \u00c7ocuk korosunda 59 \u00f6\u011frenci e\u011fitim g\u00f6r\u00fcyor. Konservatuvar 266 Mezun Verdi \u00a0Mu\u011fla B\u00fcy\u00fck\u015fehir Belediyesi Konservatuvar\u0131, 2023-2024 e\u011fitim-\u00f6\u011fretim y\u0131l\u0131nda 90 \u00f6\u011frencisini mezun etti. Kurulu\u015fundan bu yana e\u011fitimdeki ba\u015far\u0131s\u0131n\u0131 her ge\u00e7en y\u0131l daha da art\u0131ran konservatuvar, toplamda 266 mezun verdi. Konservatuvar\u0131n \u00e7e\u015fitli b\u00f6l\u00fcmlerinde 4426\u00f6\u011frenci e\u011fitim al\u0131yor. \u00d6\u011frenciler, yeteneklerine g\u00f6re farkl\u0131 alanlarda e\u011fitim alarak kendilerini geli\u015ftirme imkan\u0131 buluyor. \u00c7ocuk Korosu \u015eefi Erman Varol; \u201cKoromuzla konserler veriyor, festivallere kat\u0131l\u0131yoruz\u201d Mu\u011fla B\u00fcy\u00fck\u015fehir Belediyesi Konservatuvar\u0131 \u00c7ocuk Korosu \u015eefi Erman Varol \u201cKonservatuvarda ikinci y\u0131l\u0131m. 59 ki\u015filik \u00f6\u011frenci grubumuz var. Konserlerimiz devam ediyor. Festivallere kat\u0131l\u0131yoruz. Daha \u00f6nce kat\u0131ld\u0131\u011f\u0131m\u0131z festivallerde ald\u0131\u011f\u0131m\u0131z \u00f6d\u00fcller var. \u00c7al\u0131\u015fmalar\u0131m\u0131z\u0131 \u00e7ok sesli olarak devam ediyoruz. Bizlere bu imkan\u0131 sunun B\u00fcy\u00fck\u015fehir Belediye Ba\u015fkan\u0131m\u0131 Ahmet Aras\u2019a te\u015fekk\u00fcr ediyorum\u201d dedi. \u00c7ocuk Korosu \u00f6\u011fretmeni M\u00fcge Sude; \u201c\u00c7ocuklara koroyu ve \u015fark\u0131 sanat\u0131 \u00f6\u011fretmeye \u00e7al\u0131\u015f\u0131yoruz\u201d Mu\u011fla B\u00fcy\u00fck\u015fehir Belediyesi Konservatuvar\u0131 \u00c7ocuk Korosu \u00f6\u011fretmeni M\u00fcge Sude Turgut \u201cDerslerimizde \u00e7ocuk repertuvar\u0131 \u00fczerinden ilerliyoruz. \u00d6nemli sanat\u00e7\u0131lar\u0131m\u0131z\u0131n bestelerini seslendiriyoruz. \u00c7ocuklara koroyu ve &hellip;\" \/>\n<meta property=\"og:url\" content=\"https:\/\/denizcankizil.tr\/ru\/haberler\/gundem\/muglada-cocuklar-hem-ogreniyor-hem-egleniyor\/\" \/>\n<meta property=\"og:site_name\" content=\"Av. Deniz Can K\u0131z\u0131l\" \/>\n<meta property=\"article:published_time\" content=\"2024-12-09T13:42:06+00:00\" \/>\n<meta name=\"twitter:card\" content=\"summary_large_image\" \/>\n<meta name=\"twitter:label1\" content=\"\u041f\u0440\u0438\u043c\u0435\u0440\u043d\u043e\u0435 \u0432\u0440\u0435\u043c\u044f \u0434\u043b\u044f \u0447\u0442\u0435\u043d\u0438\u044f\" \/>\n\t<meta name=\"twitter:data1\" content=\"6 \u043c\u0438\u043d\u0443\u0442\" \/>\n<script type=\"application\/ld+json\" class=\"yoast-schema-graph\">{\"@context\":\"https:\/\/schema.org\",\"@graph\":[{\"@type\":\"Article\",\"@id\":\"https:\/\/denizcankizil.tr\/en\/haberler\/gundem\/muglada-cocuklar-hem-ogreniyor-hem-egleniyor\/#article\",\"isPartOf\":{\"@id\":\"https:\/\/denizcankizil.tr\/en\/haberler\/gundem\/muglada-cocuklar-hem-ogreniyor-hem-egleniyor\/\"},\"author\":{\"name\":\"\",\"@id\":\"\"},\"headline\":\"Mu\u011fla&#8217;da \u00e7ocuklar hem \u00f6\u011freniyor hem e\u011fleniyor\",\"datePublished\":\"2024-12-09T13:42:06+00:00\",\"mainEntityOfPage\":{\"@id\":\"https:\/\/denizcankizil.tr\/en\/haberler\/gundem\/muglada-cocuklar-hem-ogreniyor-hem-egleniyor\/\"},\"wordCount\":1205,\"commentCount\":0,\"publisher\":{\"@id\":\"https:\/\/denizcankizil.tr\/#organization\"},\"articleSection\":[\"G\u00fcndem\",\"Uncategorized\"],\"inLanguage\":\"ru-RU\",\"potentialAction\":[{\"@type\":\"CommentAction\",\"name\":\"Comment\",\"target\":[\"https:\/\/denizcankizil.tr\/en\/haberler\/gundem\/muglada-cocuklar-hem-ogreniyor-hem-egleniyor\/#respond\"]}]},{\"@type\":\"WebPage\",\"@id\":\"https:\/\/denizcankizil.tr\/en\/haberler\/gundem\/muglada-cocuklar-hem-ogreniyor-hem-egleniyor\/\",\"url\":\"https:\/\/denizcankizil.tr\/en\/haberler\/gundem\/muglada-cocuklar-hem-ogreniyor-hem-egleniyor\/\",\"name\":\"Mu\u011fla'da \u00e7ocuklar hem \u00f6\u011freniyor hem e\u011fleniyor - Av. Deniz Can K\u0131z\u0131l\",\"isPartOf\":{\"@id\":\"https:\/\/denizcankizil.tr\/#website\"},\"datePublished\":\"2024-12-09T13:42:06+00:00\",\"breadcrumb\":{\"@id\":\"https:\/\/denizcankizil.tr\/en\/haberler\/gundem\/muglada-cocuklar-hem-ogreniyor-hem-egleniyor\/#breadcrumb\"},\"inLanguage\":\"ru-RU\",\"potentialAction\":[{\"@type\":\"ReadAction\",\"target\":[\"https:\/\/denizcankizil.tr\/en\/haberler\/gundem\/muglada-cocuklar-hem-ogreniyor-hem-egleniyor\/\"]}]},{\"@type\":\"BreadcrumbList\",\"@id\":\"https:\/\/denizcankizil.tr\/en\/haberler\/gundem\/muglada-cocuklar-hem-ogreniyor-hem-egleniyor\/#breadcrumb\",\"itemListElement\":[{\"@type\":\"ListItem\",\"position\":1,\"name\":\"Home\",\"item\":\"https:\/\/denizcankizil.tr\/de\/\"},{\"@type\":\"ListItem\",\"position\":2,\"name\":\"Mu\u011fla&#8217;da \u00e7ocuklar hem \u00f6\u011freniyor hem e\u011fleniyor\"}]},{\"@type\":\"WebSite\",\"@id\":\"https:\/\/denizcankizil.tr\/#website\",\"url\":\"https:\/\/denizcankizil.tr\/\",\"name\":\"Av. Deniz Can K\u0131z\u0131l\",\"description\":\"Avukat Deniz Can K\u0131z\u0131l Antalya Barosu\",\"publisher\":{\"@id\":\"https:\/\/denizcankizil.tr\/#organization\"},\"potentialAction\":[{\"@type\":\"SearchAction\",\"target\":{\"@type\":\"EntryPoint\",\"urlTemplate\":\"https:\/\/denizcankizil.tr\/?s={search_term_string}\"},\"query-input\":{\"@type\":\"PropertyValueSpecification\",\"valueRequired\":true,\"valueName\":\"search_term_string\"}}],\"inLanguage\":\"ru-RU\"},{\"@type\":\"Organization\",\"@id\":\"https:\/\/denizcankizil.tr\/#organization\",\"name\":\"Av. Deniz Can K\u0131z\u0131l\",\"url\":\"https:\/\/denizcankizil.tr\/\",\"logo\":{\"@type\":\"ImageObject\",\"inLanguage\":\"ru-RU\",\"@id\":\"https:\/\/denizcankizil.tr\/#\/schema\/logo\/image\/\",\"url\":\"http:\/\/denizcankizil.tr\/wp-content\/uploads\/2024\/10\/siyah-logo-svg.svg\",\"contentUrl\":\"http:\/\/denizcankizil.tr\/wp-content\/uploads\/2024\/10\/siyah-logo-svg.svg\",\"width\":1080,\"height\":1080,\"caption\":\"Av. Deniz Can K\u0131z\u0131l\"},\"image\":{\"@id\":\"https:\/\/denizcankizil.tr\/#\/schema\/logo\/image\/\"}}]}<\/script>\n<!-- \/ Yoast SEO Premium plugin. -->","yoast_head_json":{"title":"Mu\u011fla'da \u00e7ocuklar hem \u00f6\u011freniyor hem e\u011fleniyor - Av. Deniz Can K\u0131z\u0131l","robots":{"index":"index","follow":"follow","max-snippet":"max-snippet:-1","max-image-preview":"max-image-preview:large","max-video-preview":"max-video-preview:-1"},"canonical":"https:\/\/denizcankizil.tr\/ru\/haberler\/gundem\/muglada-cocuklar-hem-ogreniyor-hem-egleniyor\/","og_locale":"ru_RU","og_type":"article","og_title":"Mu\u011fla'da \u00e7ocuklar hem \u00f6\u011freniyor hem e\u011fleniyor","og_description":"Mu\u011fla B\u00fcy\u00fck\u015fehir Belediyesi Konservatuvar\u0131, sanat\u0131 gen\u00e7ler ve \u00e7ocuklarla bulu\u015fturmaya devam ediyor.MU\u011eLA (\u0130GFA) &#8211;\u00a0Mu\u011fla B\u00fcy\u00fck\u015fehir Belediyesi Konservatuvar\u0131\u2019n\u0131n\u00e7ocuk korosu b\u00f6l\u00fcm\u00fcnde e\u011fitim alan \u00f6\u011frenciler, \u00e7e\u015fitli m\u00fczik disiplinleriyle tan\u0131\u015farak yeteneklerini geli\u015ftiriyor. \u00c7ok sesli orkestra e\u011fitimi, \u00e7ocuklar\u0131n m\u00fczik teorisini ve pratikte nas\u0131l birlikte \u00e7al\u0131\u015facaklar\u0131n\u0131\u00f6\u011frenmelerini sa\u011fl\u0131yor. Konserlere haz\u0131rlanan bu \u00f6\u011frenciler, hem sahne heyecan\u0131n\u0131 hem de sanat\u0131 daha derinlemesine ke\u015ffetme f\u0131rsat\u0131n\u0131 buluyor. \u00c7ocuk korosunda 59 \u00f6\u011frenci e\u011fitim g\u00f6r\u00fcyor. Konservatuvar 266 Mezun Verdi \u00a0Mu\u011fla B\u00fcy\u00fck\u015fehir Belediyesi Konservatuvar\u0131, 2023-2024 e\u011fitim-\u00f6\u011fretim y\u0131l\u0131nda 90 \u00f6\u011frencisini mezun etti. Kurulu\u015fundan bu yana e\u011fitimdeki ba\u015far\u0131s\u0131n\u0131 her ge\u00e7en y\u0131l daha da art\u0131ran konservatuvar, toplamda 266 mezun verdi. Konservatuvar\u0131n \u00e7e\u015fitli b\u00f6l\u00fcmlerinde 4426\u00f6\u011frenci e\u011fitim al\u0131yor. \u00d6\u011frenciler, yeteneklerine g\u00f6re farkl\u0131 alanlarda e\u011fitim alarak kendilerini geli\u015ftirme imkan\u0131 buluyor. \u00c7ocuk Korosu \u015eefi Erman Varol; \u201cKoromuzla konserler veriyor, festivallere kat\u0131l\u0131yoruz\u201d Mu\u011fla B\u00fcy\u00fck\u015fehir Belediyesi Konservatuvar\u0131 \u00c7ocuk Korosu \u015eefi Erman Varol \u201cKonservatuvarda ikinci y\u0131l\u0131m. 59 ki\u015filik \u00f6\u011frenci grubumuz var. Konserlerimiz devam ediyor. Festivallere kat\u0131l\u0131yoruz. Daha \u00f6nce kat\u0131ld\u0131\u011f\u0131m\u0131z festivallerde ald\u0131\u011f\u0131m\u0131z \u00f6d\u00fcller var. \u00c7al\u0131\u015fmalar\u0131m\u0131z\u0131 \u00e7ok sesli olarak devam ediyoruz. Bizlere bu imkan\u0131 sunun B\u00fcy\u00fck\u015fehir Belediye Ba\u015fkan\u0131m\u0131 Ahmet Aras\u2019a te\u015fekk\u00fcr ediyorum\u201d dedi. \u00c7ocuk Korosu \u00f6\u011fretmeni M\u00fcge Sude; \u201c\u00c7ocuklara koroyu ve \u015fark\u0131 sanat\u0131 \u00f6\u011fretmeye \u00e7al\u0131\u015f\u0131yoruz\u201d Mu\u011fla B\u00fcy\u00fck\u015fehir Belediyesi Konservatuvar\u0131 \u00c7ocuk Korosu \u00f6\u011fretmeni M\u00fcge Sude Turgut \u201cDerslerimizde \u00e7ocuk repertuvar\u0131 \u00fczerinden ilerliyoruz. \u00d6nemli sanat\u00e7\u0131lar\u0131m\u0131z\u0131n bestelerini seslendiriyoruz. \u00c7ocuklara koroyu ve &hellip;","og_url":"https:\/\/denizcankizil.tr\/ru\/haberler\/gundem\/muglada-cocuklar-hem-ogreniyor-hem-egleniyor\/","og_site_name":"Av. Deniz Can K\u0131z\u0131l","article_published_time":"2024-12-09T13:42:06+00:00","twitter_card":"summary_large_image","twitter_misc":{"\u041f\u0440\u0438\u043c\u0435\u0440\u043d\u043e\u0435 \u0432\u0440\u0435\u043c\u044f \u0434\u043b\u044f \u0447\u0442\u0435\u043d\u0438\u044f":"6 \u043c\u0438\u043d\u0443\u0442"},"schema":{"@context":"https:\/\/schema.org","@graph":[{"@type":"Article","@id":"https:\/\/denizcankizil.tr\/en\/haberler\/gundem\/muglada-cocuklar-hem-ogreniyor-hem-egleniyor\/#article","isPartOf":{"@id":"https:\/\/denizcankizil.tr\/en\/haberler\/gundem\/muglada-cocuklar-hem-ogreniyor-hem-egleniyor\/"},"author":{"name":"","@id":""},"headline":"Mu\u011fla&#8217;da \u00e7ocuklar hem \u00f6\u011freniyor hem e\u011fleniyor","datePublished":"2024-12-09T13:42:06+00:00","mainEntityOfPage":{"@id":"https:\/\/denizcankizil.tr\/en\/haberler\/gundem\/muglada-cocuklar-hem-ogreniyor-hem-egleniyor\/"},"wordCount":1205,"commentCount":0,"publisher":{"@id":"https:\/\/denizcankizil.tr\/#organization"},"articleSection":["G\u00fcndem","Uncategorized"],"inLanguage":"ru-RU","potentialAction":[{"@type":"CommentAction","name":"Comment","target":["https:\/\/denizcankizil.tr\/en\/haberler\/gundem\/muglada-cocuklar-hem-ogreniyor-hem-egleniyor\/#respond"]}]},{"@type":"WebPage","@id":"https:\/\/denizcankizil.tr\/en\/haberler\/gundem\/muglada-cocuklar-hem-ogreniyor-hem-egleniyor\/","url":"https:\/\/denizcankizil.tr\/en\/haberler\/gundem\/muglada-cocuklar-hem-ogreniyor-hem-egleniyor\/","name":"Mu\u011fla'da \u00e7ocuklar hem \u00f6\u011freniyor hem e\u011fleniyor - Av. Deniz Can K\u0131z\u0131l","isPartOf":{"@id":"https:\/\/denizcankizil.tr\/#website"},"datePublished":"2024-12-09T13:42:06+00:00","breadcrumb":{"@id":"https:\/\/denizcankizil.tr\/en\/haberler\/gundem\/muglada-cocuklar-hem-ogreniyor-hem-egleniyor\/#breadcrumb"},"inLanguage":"ru-RU","potentialAction":[{"@type":"ReadAction","target":["https:\/\/denizcankizil.tr\/en\/haberler\/gundem\/muglada-cocuklar-hem-ogreniyor-hem-egleniyor\/"]}]},{"@type":"BreadcrumbList","@id":"https:\/\/denizcankizil.tr\/en\/haberler\/gundem\/muglada-cocuklar-hem-ogreniyor-hem-egleniyor\/#breadcrumb","itemListElement":[{"@type":"ListItem","position":1,"name":"Home","item":"https:\/\/denizcankizil.tr\/de\/"},{"@type":"ListItem","position":2,"name":"Mu\u011fla&#8217;da \u00e7ocuklar hem \u00f6\u011freniyor hem e\u011fleniyor"}]},{"@type":"WebSite","@id":"https:\/\/denizcankizil.tr\/#website","url":"https:\/\/denizcankizil.tr\/","name":"Av. Deniz Can K\u0131z\u0131l","description":"Avukat Deniz Can K\u0131z\u0131l Antalya Barosu","publisher":{"@id":"https:\/\/denizcankizil.tr\/#organization"},"potentialAction":[{"@type":"SearchAction","target":{"@type":"EntryPoint","urlTemplate":"https:\/\/denizcankizil.tr\/?s={search_term_string}"},"query-input":{"@type":"PropertyValueSpecification","valueRequired":true,"valueName":"search_term_string"}}],"inLanguage":"ru-RU"},{"@type":"Organization","@id":"https:\/\/denizcankizil.tr\/#organization","name":"Av. Deniz Can K\u0131z\u0131l","url":"https:\/\/denizcankizil.tr\/","logo":{"@type":"ImageObject","inLanguage":"ru-RU","@id":"https:\/\/denizcankizil.tr\/#\/schema\/logo\/image\/","url":"http:\/\/denizcankizil.tr\/wp-content\/uploads\/2024\/10\/siyah-logo-svg.svg","contentUrl":"http:\/\/denizcankizil.tr\/wp-content\/uploads\/2024\/10\/siyah-logo-svg.svg","width":1080,"height":1080,"caption":"Av. Deniz Can K\u0131z\u0131l"},"image":{"@id":"https:\/\/denizcankizil.tr\/#\/schema\/logo\/image\/"}}]}},"_links":{"self":[{"href":"http:\/\/denizcankizil.tr\/ru\/wp-json\/wp\/v2\/posts\/19977","targetHints":{"allow":["GET"]}}],"collection":[{"href":"http:\/\/denizcankizil.tr\/ru\/wp-json\/wp\/v2\/posts"}],"about":[{"href":"http:\/\/denizcankizil.tr\/ru\/wp-json\/wp\/v2\/types\/post"}],"replies":[{"embeddable":true,"href":"http:\/\/denizcankizil.tr\/ru\/wp-json\/wp\/v2\/comments?post=19977"}],"version-history":[{"count":0,"href":"http:\/\/denizcankizil.tr\/ru\/wp-json\/wp\/v2\/posts\/19977\/revisions"}],"wp:attachment":[{"href":"http:\/\/denizcankizil.tr\/ru\/wp-json\/wp\/v2\/media?parent=19977"}],"wp:term":[{"taxonomy":"category","embeddable":true,"href":"http:\/\/denizcankizil.tr\/ru\/wp-json\/wp\/v2\/categories?post=19977"},{"taxonomy":"post_tag","embeddable":true,"href":"http:\/\/denizcankizil.tr\/ru\/wp-json\/wp\/v2\/tags?post=19977"}],"curies":[{"name":"wp","href":"https:\/\/api.w.org\/{rel}","templated":true}]}}