{"id":19806,"date":"2024-12-08T13:41:31","date_gmt":"2024-12-08T10:41:31","guid":{"rendered":"https:\/\/denizcankizil.tr\/uncategorized-tr\/reyhanlida-suriyelilerin-sevinc-gosterisi\/"},"modified":"2024-12-08T13:41:31","modified_gmt":"2024-12-08T10:41:31","slug":"reyhanlida-suriyelilerin-sevinc-gosterisi","status":"publish","type":"post","link":"http:\/\/denizcankizil.tr\/ru\/haberler\/gundem\/reyhanlida-suriyelilerin-sevinc-gosterisi\/","title":{"rendered":"Reyhanl\u0131\u2019da Suriyelilerin Sevin\u00e7 G\u00f6sterisi"},"content":{"rendered":"<p>Cilveg\u00f6z\u00fc\u2019nde \u00e7\u0131k\u0131\u015flar devam ederken, kad\u0131nl\u0131 erkekli gruplar ellerinde T\u00fcrk Bayra\u011f\u0131 ve \u00d6zg\u00fcr Suriye bayra\u011f\u0131 ile sevin\u00e7 g\u00f6sterileri yapmaya devam etti.<\/p>\n<p>Yap\u0131lan r\u00f6portajlarda, Suriye\u2019ye gidenler mutluluklar\u0131n\u0131 dile getirerek, T\u00fcrkiye\u2019ye misafirperverli\u011finden dolay\u0131 te\u015fekk\u00fcr etti. Suriyeliler, art\u0131k herkesin evine ve vatan\u0131na d\u00f6nmesinin zaman\u0131n\u0131n geldi\u011fini ifade etti<\/p>\n<p>.<\/p>\n<p>\u200b\u015eam\u2019\u0131n muhaliflerce kontrol alt\u0131na al\u0131nmas\u0131 ve Esed\u2019in \u00fclkeyi terk etti\u011fi haberlerinin yay\u0131nlanmas\u0131n\u0131n ard\u0131ndan, Reyhanl\u0131\u2019da ya\u015fayan Suriyeliler sabah\u0131n erken saatlerinde ellerinde T\u00fcrk Bayra\u011f\u0131 ve \u00d6zg\u00fcr Suriye bayra\u011f\u0131 ile \u015fehirde konvoy turlar\u0131 att\u0131 ve sevin\u00e7lerini dile getirdi.\u00a0<\/p>\n<p>\u200bHaberin Al\u0131nt\u0131land\u0131\u011f\u0131 Kaynak: www.iskenderun.org<\/p>","protected":false},"excerpt":{"rendered":"<p>Cilveg\u00f6z\u00fc\u2019nde \u00e7\u0131k\u0131\u015flar devam ederken, kad\u0131nl\u0131 erkekli gruplar ellerinde T\u00fcrk Bayra\u011f\u0131 ve \u00d6zg\u00fcr Suriye bayra\u011f\u0131 ile sevin\u00e7 g\u00f6sterileri yapmaya devam etti. Yap\u0131lan r\u00f6portajlarda, Suriye\u2019ye gidenler mutluluklar\u0131n\u0131 dile getirerek, T\u00fcrkiye\u2019ye misafirperverli\u011finden dolay\u0131 te\u015fekk\u00fcr etti. Suriyeliler, art\u0131k herkesin evine ve vatan\u0131na d\u00f6nmesinin zaman\u0131n\u0131n geldi\u011fini ifade etti . \u200b\u015eam\u2019\u0131n muhaliflerce kontrol alt\u0131na al\u0131nmas\u0131 ve Esed\u2019in \u00fclkeyi terk etti\u011fi haberlerinin yay\u0131nlanmas\u0131n\u0131n ard\u0131ndan, Reyhanl\u0131\u2019da ya\u015fayan Suriyeliler sabah\u0131n erken saatlerinde ellerinde T\u00fcrk Bayra\u011f\u0131 ve \u00d6zg\u00fcr Suriye bayra\u011f\u0131 ile \u015fehirde konvoy turlar\u0131 att\u0131 ve sevin\u00e7lerini dile getirdi.\u00a0 \u200bHaberin Al\u0131nt\u0131land\u0131\u011f\u0131 Kaynak: www.iskenderun.org<\/p>","protected":false},"author":0,"featured_media":0,"comment_status":"open","ping_status":"open","sticky":false,"template":"","format":"standard","meta":{"_acf_changed":false,"footnotes":""},"categories":[24,535],"tags":[],"class_list":["post-19806","post","type-post","status-publish","format-standard","has-post-thumbnail","hentry","category-gundem","category-uncategorized-tr"],"acf":[],"yoast_head":"<!-- This site is optimized with the Yoast SEO Premium plugin v26.6 (Yoast SEO v27.1.1) - https:\/\/yoast.com\/product\/yoast-seo-premium-wordpress\/ -->\n<title>Reyhanl\u0131\u2019da Suriyelilerin Sevin\u00e7 G\u00f6sterisi - Av. Deniz Can K\u0131z\u0131l<\/title>\n<meta name=\"robots\" content=\"index, follow, max-snippet:-1, max-image-preview:large, max-video-preview:-1\" \/>\n<link rel=\"canonical\" href=\"http:\/\/denizcankizil.tr\/ru\/haberler\/gundem\/reyhanlida-suriyelilerin-sevinc-gosterisi\/\" \/>\n<meta property=\"og:locale\" content=\"ru_RU\" \/>\n<meta property=\"og:type\" content=\"article\" \/>\n<meta property=\"og:title\" content=\"Reyhanl\u0131\u2019da Suriyelilerin Sevin\u00e7 G\u00f6sterisi\" \/>\n<meta property=\"og:description\" content=\"Cilveg\u00f6z\u00fc\u2019nde \u00e7\u0131k\u0131\u015flar devam ederken, kad\u0131nl\u0131 erkekli gruplar ellerinde T\u00fcrk Bayra\u011f\u0131 ve \u00d6zg\u00fcr Suriye bayra\u011f\u0131 ile sevin\u00e7 g\u00f6sterileri yapmaya devam etti. Yap\u0131lan r\u00f6portajlarda, Suriye\u2019ye gidenler mutluluklar\u0131n\u0131 dile getirerek, T\u00fcrkiye\u2019ye misafirperverli\u011finden dolay\u0131 te\u015fekk\u00fcr etti. Suriyeliler, art\u0131k herkesin evine ve vatan\u0131na d\u00f6nmesinin zaman\u0131n\u0131n geldi\u011fini ifade etti . \u200b\u015eam\u2019\u0131n muhaliflerce kontrol alt\u0131na al\u0131nmas\u0131 ve Esed\u2019in \u00fclkeyi terk etti\u011fi haberlerinin yay\u0131nlanmas\u0131n\u0131n ard\u0131ndan, Reyhanl\u0131\u2019da ya\u015fayan Suriyeliler sabah\u0131n erken saatlerinde ellerinde T\u00fcrk Bayra\u011f\u0131 ve \u00d6zg\u00fcr Suriye bayra\u011f\u0131 ile \u015fehirde konvoy turlar\u0131 att\u0131 ve sevin\u00e7lerini dile getirdi.\u00a0 \u200bHaberin Al\u0131nt\u0131land\u0131\u011f\u0131 Kaynak: www.iskenderun.org\" \/>\n<meta property=\"og:url\" content=\"http:\/\/denizcankizil.tr\/ru\/haberler\/gundem\/reyhanlida-suriyelilerin-sevinc-gosterisi\/\" \/>\n<meta property=\"og:site_name\" content=\"Av. Deniz Can K\u0131z\u0131l\" \/>\n<meta property=\"article:published_time\" content=\"2024-12-08T10:41:31+00:00\" \/>\n<meta name=\"twitter:card\" content=\"summary_large_image\" \/>\n<meta name=\"twitter:label1\" content=\"\u041f\u0440\u0438\u043c\u0435\u0440\u043d\u043e\u0435 \u0432\u0440\u0435\u043c\u044f \u0434\u043b\u044f \u0447\u0442\u0435\u043d\u0438\u044f\" \/>\n\t<meta name=\"twitter:data1\" content=\"1 \u043c\u0438\u043d\u0443\u0442\u0430\" \/>\n<script type=\"application\/ld+json\" class=\"yoast-schema-graph\">{\"@context\":\"https:\/\/schema.org\",\"@graph\":[{\"@type\":\"Article\",\"@id\":\"http:\/\/denizcankizil.tr\/ru\/haberler\/gundem\/reyhanlida-suriyelilerin-sevinc-gosterisi\/#article\",\"isPartOf\":{\"@id\":\"http:\/\/denizcankizil.tr\/ru\/haberler\/gundem\/reyhanlida-suriyelilerin-sevinc-gosterisi\/\"},\"author\":{\"name\":\"\",\"@id\":\"\"},\"headline\":\"Reyhanl\u0131\u2019da Suriyelilerin Sevin\u00e7 G\u00f6sterisi\",\"datePublished\":\"2024-12-08T10:41:31+00:00\",\"mainEntityOfPage\":{\"@id\":\"http:\/\/denizcankizil.tr\/ru\/haberler\/gundem\/reyhanlida-suriyelilerin-sevinc-gosterisi\/\"},\"wordCount\":129,\"commentCount\":0,\"publisher\":{\"@id\":\"https:\/\/denizcankizil.tr\/#organization\"},\"articleSection\":[\"G\u00fcndem\",\"Uncategorized\"],\"inLanguage\":\"ru-RU\",\"potentialAction\":[{\"@type\":\"CommentAction\",\"name\":\"Comment\",\"target\":[\"http:\/\/denizcankizil.tr\/ru\/haberler\/gundem\/reyhanlida-suriyelilerin-sevinc-gosterisi\/#respond\"]}]},{\"@type\":\"WebPage\",\"@id\":\"http:\/\/denizcankizil.tr\/ru\/haberler\/gundem\/reyhanlida-suriyelilerin-sevinc-gosterisi\/\",\"url\":\"http:\/\/denizcankizil.tr\/ru\/haberler\/gundem\/reyhanlida-suriyelilerin-sevinc-gosterisi\/\",\"name\":\"Reyhanl\u0131\u2019da Suriyelilerin Sevin\u00e7 G\u00f6sterisi - Av. Deniz Can K\u0131z\u0131l\",\"isPartOf\":{\"@id\":\"https:\/\/denizcankizil.tr\/#website\"},\"datePublished\":\"2024-12-08T10:41:31+00:00\",\"breadcrumb\":{\"@id\":\"http:\/\/denizcankizil.tr\/ru\/haberler\/gundem\/reyhanlida-suriyelilerin-sevinc-gosterisi\/#breadcrumb\"},\"inLanguage\":\"ru-RU\",\"potentialAction\":[{\"@type\":\"ReadAction\",\"target\":[\"http:\/\/denizcankizil.tr\/ru\/haberler\/gundem\/reyhanlida-suriyelilerin-sevinc-gosterisi\/\"]}]},{\"@type\":\"BreadcrumbList\",\"@id\":\"http:\/\/denizcankizil.tr\/ru\/haberler\/gundem\/reyhanlida-suriyelilerin-sevinc-gosterisi\/#breadcrumb\",\"itemListElement\":[{\"@type\":\"ListItem\",\"position\":1,\"name\":\"Home\",\"item\":\"https:\/\/denizcankizil.tr\/uk\/\"},{\"@type\":\"ListItem\",\"position\":2,\"name\":\"Reyhanl\u0131\u2019da Suriyelilerin Sevin\u00e7 G\u00f6sterisi\"}]},{\"@type\":\"WebSite\",\"@id\":\"https:\/\/denizcankizil.tr\/#website\",\"url\":\"https:\/\/denizcankizil.tr\/\",\"name\":\"Av. Deniz Can K\u0131z\u0131l\",\"description\":\"Avukat Deniz Can K\u0131z\u0131l Antalya Barosu\",\"publisher\":{\"@id\":\"https:\/\/denizcankizil.tr\/#organization\"},\"potentialAction\":[{\"@type\":\"SearchAction\",\"target\":{\"@type\":\"EntryPoint\",\"urlTemplate\":\"https:\/\/denizcankizil.tr\/?s={search_term_string}\"},\"query-input\":{\"@type\":\"PropertyValueSpecification\",\"valueRequired\":true,\"valueName\":\"search_term_string\"}}],\"inLanguage\":\"ru-RU\"},{\"@type\":\"Organization\",\"@id\":\"https:\/\/denizcankizil.tr\/#organization\",\"name\":\"Av. Deniz Can K\u0131z\u0131l\",\"url\":\"https:\/\/denizcankizil.tr\/\",\"logo\":{\"@type\":\"ImageObject\",\"inLanguage\":\"ru-RU\",\"@id\":\"https:\/\/denizcankizil.tr\/#\/schema\/logo\/image\/\",\"url\":\"http:\/\/denizcankizil.tr\/wp-content\/uploads\/2024\/10\/siyah-logo-svg.svg\",\"contentUrl\":\"http:\/\/denizcankizil.tr\/wp-content\/uploads\/2024\/10\/siyah-logo-svg.svg\",\"width\":1080,\"height\":1080,\"caption\":\"Av. Deniz Can K\u0131z\u0131l\"},\"image\":{\"@id\":\"https:\/\/denizcankizil.tr\/#\/schema\/logo\/image\/\"}}]}<\/script>\n<!-- \/ Yoast SEO Premium plugin. -->","yoast_head_json":{"title":"Reyhanl\u0131\u2019da Suriyelilerin Sevin\u00e7 G\u00f6sterisi - Av. Deniz Can K\u0131z\u0131l","robots":{"index":"index","follow":"follow","max-snippet":"max-snippet:-1","max-image-preview":"max-image-preview:large","max-video-preview":"max-video-preview:-1"},"canonical":"http:\/\/denizcankizil.tr\/ru\/haberler\/gundem\/reyhanlida-suriyelilerin-sevinc-gosterisi\/","og_locale":"ru_RU","og_type":"article","og_title":"Reyhanl\u0131\u2019da Suriyelilerin Sevin\u00e7 G\u00f6sterisi","og_description":"Cilveg\u00f6z\u00fc\u2019nde \u00e7\u0131k\u0131\u015flar devam ederken, kad\u0131nl\u0131 erkekli gruplar ellerinde T\u00fcrk Bayra\u011f\u0131 ve \u00d6zg\u00fcr Suriye bayra\u011f\u0131 ile sevin\u00e7 g\u00f6sterileri yapmaya devam etti. Yap\u0131lan r\u00f6portajlarda, Suriye\u2019ye gidenler mutluluklar\u0131n\u0131 dile getirerek, T\u00fcrkiye\u2019ye misafirperverli\u011finden dolay\u0131 te\u015fekk\u00fcr etti. Suriyeliler, art\u0131k herkesin evine ve vatan\u0131na d\u00f6nmesinin zaman\u0131n\u0131n geldi\u011fini ifade etti . \u200b\u015eam\u2019\u0131n muhaliflerce kontrol alt\u0131na al\u0131nmas\u0131 ve Esed\u2019in \u00fclkeyi terk etti\u011fi haberlerinin yay\u0131nlanmas\u0131n\u0131n ard\u0131ndan, Reyhanl\u0131\u2019da ya\u015fayan Suriyeliler sabah\u0131n erken saatlerinde ellerinde T\u00fcrk Bayra\u011f\u0131 ve \u00d6zg\u00fcr Suriye bayra\u011f\u0131 ile \u015fehirde konvoy turlar\u0131 att\u0131 ve sevin\u00e7lerini dile getirdi.\u00a0 \u200bHaberin Al\u0131nt\u0131land\u0131\u011f\u0131 Kaynak: www.iskenderun.org","og_url":"http:\/\/denizcankizil.tr\/ru\/haberler\/gundem\/reyhanlida-suriyelilerin-sevinc-gosterisi\/","og_site_name":"Av. Deniz Can K\u0131z\u0131l","article_published_time":"2024-12-08T10:41:31+00:00","twitter_card":"summary_large_image","twitter_misc":{"\u041f\u0440\u0438\u043c\u0435\u0440\u043d\u043e\u0435 \u0432\u0440\u0435\u043c\u044f \u0434\u043b\u044f \u0447\u0442\u0435\u043d\u0438\u044f":"1 \u043c\u0438\u043d\u0443\u0442\u0430"},"schema":{"@context":"https:\/\/schema.org","@graph":[{"@type":"Article","@id":"http:\/\/denizcankizil.tr\/ru\/haberler\/gundem\/reyhanlida-suriyelilerin-sevinc-gosterisi\/#article","isPartOf":{"@id":"http:\/\/denizcankizil.tr\/ru\/haberler\/gundem\/reyhanlida-suriyelilerin-sevinc-gosterisi\/"},"author":{"name":"","@id":""},"headline":"Reyhanl\u0131\u2019da Suriyelilerin Sevin\u00e7 G\u00f6sterisi","datePublished":"2024-12-08T10:41:31+00:00","mainEntityOfPage":{"@id":"http:\/\/denizcankizil.tr\/ru\/haberler\/gundem\/reyhanlida-suriyelilerin-sevinc-gosterisi\/"},"wordCount":129,"commentCount":0,"publisher":{"@id":"https:\/\/denizcankizil.tr\/#organization"},"articleSection":["G\u00fcndem","Uncategorized"],"inLanguage":"ru-RU","potentialAction":[{"@type":"CommentAction","name":"Comment","target":["http:\/\/denizcankizil.tr\/ru\/haberler\/gundem\/reyhanlida-suriyelilerin-sevinc-gosterisi\/#respond"]}]},{"@type":"WebPage","@id":"http:\/\/denizcankizil.tr\/ru\/haberler\/gundem\/reyhanlida-suriyelilerin-sevinc-gosterisi\/","url":"http:\/\/denizcankizil.tr\/ru\/haberler\/gundem\/reyhanlida-suriyelilerin-sevinc-gosterisi\/","name":"Reyhanl\u0131\u2019da Suriyelilerin Sevin\u00e7 G\u00f6sterisi - Av. Deniz Can K\u0131z\u0131l","isPartOf":{"@id":"https:\/\/denizcankizil.tr\/#website"},"datePublished":"2024-12-08T10:41:31+00:00","breadcrumb":{"@id":"http:\/\/denizcankizil.tr\/ru\/haberler\/gundem\/reyhanlida-suriyelilerin-sevinc-gosterisi\/#breadcrumb"},"inLanguage":"ru-RU","potentialAction":[{"@type":"ReadAction","target":["http:\/\/denizcankizil.tr\/ru\/haberler\/gundem\/reyhanlida-suriyelilerin-sevinc-gosterisi\/"]}]},{"@type":"BreadcrumbList","@id":"http:\/\/denizcankizil.tr\/ru\/haberler\/gundem\/reyhanlida-suriyelilerin-sevinc-gosterisi\/#breadcrumb","itemListElement":[{"@type":"ListItem","position":1,"name":"Home","item":"https:\/\/denizcankizil.tr\/uk\/"},{"@type":"ListItem","position":2,"name":"Reyhanl\u0131\u2019da Suriyelilerin Sevin\u00e7 G\u00f6sterisi"}]},{"@type":"WebSite","@id":"https:\/\/denizcankizil.tr\/#website","url":"https:\/\/denizcankizil.tr\/","name":"Av. Deniz Can K\u0131z\u0131l","description":"Avukat Deniz Can K\u0131z\u0131l Antalya Barosu","publisher":{"@id":"https:\/\/denizcankizil.tr\/#organization"},"potentialAction":[{"@type":"SearchAction","target":{"@type":"EntryPoint","urlTemplate":"https:\/\/denizcankizil.tr\/?s={search_term_string}"},"query-input":{"@type":"PropertyValueSpecification","valueRequired":true,"valueName":"search_term_string"}}],"inLanguage":"ru-RU"},{"@type":"Organization","@id":"https:\/\/denizcankizil.tr\/#organization","name":"Av. Deniz Can K\u0131z\u0131l","url":"https:\/\/denizcankizil.tr\/","logo":{"@type":"ImageObject","inLanguage":"ru-RU","@id":"https:\/\/denizcankizil.tr\/#\/schema\/logo\/image\/","url":"http:\/\/denizcankizil.tr\/wp-content\/uploads\/2024\/10\/siyah-logo-svg.svg","contentUrl":"http:\/\/denizcankizil.tr\/wp-content\/uploads\/2024\/10\/siyah-logo-svg.svg","width":1080,"height":1080,"caption":"Av. Deniz Can K\u0131z\u0131l"},"image":{"@id":"https:\/\/denizcankizil.tr\/#\/schema\/logo\/image\/"}}]}},"_links":{"self":[{"href":"http:\/\/denizcankizil.tr\/ru\/wp-json\/wp\/v2\/posts\/19806","targetHints":{"allow":["GET"]}}],"collection":[{"href":"http:\/\/denizcankizil.tr\/ru\/wp-json\/wp\/v2\/posts"}],"about":[{"href":"http:\/\/denizcankizil.tr\/ru\/wp-json\/wp\/v2\/types\/post"}],"replies":[{"embeddable":true,"href":"http:\/\/denizcankizil.tr\/ru\/wp-json\/wp\/v2\/comments?post=19806"}],"version-history":[{"count":0,"href":"http:\/\/denizcankizil.tr\/ru\/wp-json\/wp\/v2\/posts\/19806\/revisions"}],"wp:attachment":[{"href":"http:\/\/denizcankizil.tr\/ru\/wp-json\/wp\/v2\/media?parent=19806"}],"wp:term":[{"taxonomy":"category","embeddable":true,"href":"http:\/\/denizcankizil.tr\/ru\/wp-json\/wp\/v2\/categories?post=19806"},{"taxonomy":"post_tag","embeddable":true,"href":"http:\/\/denizcankizil.tr\/ru\/wp-json\/wp\/v2\/tags?post=19806"}],"curies":[{"name":"wp","href":"https:\/\/api.w.org\/{rel}","templated":true}]}}